{"id":3264,"date":"2010-07-10T17:43:16","date_gmt":"2010-07-10T16:43:16","guid":{"rendered":"http:\/\/fjala.shkoder.net\/?p=3264"},"modified":"2010-07-10T17:43:16","modified_gmt":"2010-07-10T16:43:16","slug":"qeverisje-e-dhunshme","status":"publish","type":"post","link":"https:\/\/fjala.info\/2009-2015\/qeverisje-e-dhunshme\/","title":{"rendered":"Qeverisje e dhunshme"},"content":{"rendered":"<p><img decoding=\"async\" style=\"margin-left: 10px; margin-right: 10px; border: 0px;\" src=\"http:\/\/www.shkoder.net\/images\/fjala\/arben_malaj.jpg\" border=\"0\" alt=\"Arben Malaj\" width=\"150\" align=\"right\" \/><\/p>\n<p><strong>Arben Malaj<\/strong>, <em>10.07.2010<\/em><\/p>\n<p>Kohet e fundit, veprimet e dhunshme t\u00eb Qeveris\u00eb, aksionet me sa m\u00eb shum\u00eb polic\u00eb, po r\u00ebndojn\u00eb negativisht ambientin shoq\u00ebror dhe politik n\u00eb vend. Prishjet n\u00eb Ksamil, Vlor\u00eb, Durr\u00ebs, Hamallaj, spontaniteti dhe klientelizmi me t\u00eb cil\u00ebn veprohet, fodull\u00ebku me t\u00eb cilin pozohet n\u00eb media, dhuna me t\u00eb cil\u00ebn reagohet ndaj qytetar\u00ebve, jo von\u00eb do t\u00eb tregojn\u00eb se boja e p\u00ebrdorur p\u00ebr t\u00eb ngjyrosur fasad\u00ebn e shtetin ligjor do t\u00eb mbetet vet\u00ebm nj\u00eb pamje e sh\u00ebmtuar dhe e trishtueshme. <\/p>\n<p>Askush nuk mund ta kuptoj\u00eb cilat jan\u00eb interesat konkrete q\u00eb Qeveria, nd\u00ebrsa fle gjum\u00eb 5 vjet rresht, nj\u00eb dit\u00eb t\u00eb bukur pik\u00ebrisht n\u00eb prag t\u00eb fillimit t\u00eb sezonit turistik, kur v\u00ebmendja e medias edhe nd\u00ebrkomb\u00ebtare drejtohet drejt promovimit t\u00eb potencialeve turistike t\u00eb vendit, Qeveria me dhun\u00eb fillon aksionin spontan t\u00eb prishjeve informale. Pas tranzicionit t\u00eb viteve &#8217;90, pas braktisjes nga shteti t\u00eb zonave m\u00eb t\u00eb v\u00ebshtira t\u00eb vendit, pasi ato zona mbeten pa m\u00ebsues, pa infermier\u00eb, pa mjek\u00eb, pas p\u00ebrkeq\u00ebsimit t\u00eb infrastruktur\u00ebs, pas munges\u00ebs s\u00eb rendit publik, munges\u00ebs s\u00eb dritave dhe ujit, mij\u00ebra familje m\u00eb shum\u00eb sakrifica u vendos\u00ebn rreth qyteteve t\u00eb m\u00ebdha t\u00eb vendit. <\/p>\n<p>Kjo zhvendosje ka qen\u00eb e dhimbshme, e shoq\u00ebruar me kushte t\u00eb v\u00ebshtira strehimi, me kushte t\u00eb v\u00ebshtira jetese, por pa dyshim me mund\u00ebsi m\u00eb t\u00eb mira p\u00ebr mir\u00ebarsimimin e f\u00ebmij\u00ebve t\u00eb tyre dhe me mund\u00ebsi n\u00eb rritje p\u00ebr nj\u00eb jet\u00eb m\u00eb t\u00eb mir\u00eb. P\u00ebr ato sht\u00ebpi q\u00eb prishen me aq buj\u00eb dhe dhun\u00eb, mij\u00ebra shqiptar\u00eb kan\u00eb punuar n\u00eb kushte t\u00eb v\u00ebshtira n\u00eb vende t\u00eb ndryshme larg familjeve t\u00eb tyre. N\u00eb ato nd\u00ebrtesa \u00ebsht\u00eb djersa, n\u00eb jo pak rast edhe gjaku i f\u00ebmij\u00ebve dhe prind\u00ebrve t\u00eb tyre n\u00eb m\u00ebrgim.<\/p>\n<p>Braktisja e fshatrave dhe orientimi drejt qendrave t\u00eb urbanizuara nuk \u00ebsht\u00eb nj\u00eb fenomen tipik shqiptar. Tipik shqiptar \u00ebsht\u00eb d\u00ebshtimi p\u00ebr ta orientuar k\u00ebt\u00eb proces. Tipik shqiptar \u00ebsht\u00eb d\u00ebshtimi p\u00ebr t\u00eb p\u00ebrmir\u00ebsuar infrastruktur\u00ebn rurale, p\u00ebr t\u00eb p\u00ebrmir\u00ebsuar cil\u00ebsin\u00eb e arsimit dhe sh\u00ebndet\u00ebsis\u00eb n\u00eb zonat rurale, p\u00ebr t\u00eb krijuar nj\u00eb ambient biznesi sa m\u00eb t\u00eb mir\u00eb, ndaj na ndodh q\u00eb braktisin fshatrat e tyre jo thjesht banor\u00ebt e zonave realisht t\u00eb v\u00ebshtira, por edhe banor\u00eb fshatrash q\u00eb jan\u00eb 6-7 km larg qyteteve.<\/p>\n<p>Ka rreth 20 vjet q\u00eb jo p\u00ebr faj t\u00eb tyre se d\u00ebshirojn\u00eb nj\u00eb jet\u00eb m\u00eb t\u00eb mir\u00eb, por p\u00ebr faj t\u00eb keqp\u00ebrdorimit politik t\u00eb tyre, ky fenomen jo vet\u00ebm nuk \u00ebsht\u00eb ndalur, duke e orientuar n\u00eb zon\u00eb potenciale p\u00ebr urbanizim, por n\u00eb prag fushatash edhe gjat\u00eb zgjedhjeve t\u00eb 2009-s u toleruar dhe u nxit. P\u00ebr shkak t\u00eb d\u00ebshtimit t\u00eb politikave t\u00eb urbanizimit, nga prishjet e dhunshme, mij\u00ebra familje jan\u00eb n\u00eb ankth, miliarda lek\u00eb pjes\u00eb e pasuris\u00eb individuale dhe pasuris\u00eb komb\u00ebtare po shkat\u00ebrrohen. <\/p>\n<p>Dy mund t\u00eb jen\u00eb rastet konkrete t\u00eb p\u00ebrcaktuara edhe n\u00eb Kushtetut\u00eb, ku nd\u00ebrhyrja e shtetit mund t\u00eb jet\u00eb e fort\u00eb, por n\u00eb asnj\u00eb rast e dhunshme. E para, kur ka nd\u00ebrtime q\u00eb bllokojn\u00eb investimet publike pasi nuk duhen penguar investimet p\u00ebr rrug\u00ebt, portet, aeroportet, hekurudhat, shkollat, spitalet. Dhe rasti i dyt\u00eb \u00ebsht\u00eb kur cenohen dhe rrezikohen pasurit\u00eb kulturore, t\u00eb cilat n\u00eb nj\u00eb proces integrimi dhe globalizimi do t\u00eb jen\u00eb t\u00eb vetmet prova reale t\u00eb identitetit ton\u00eb komb\u00ebtar.<\/p>\n<p>Ngjarjet n\u00eb Ksamil, Vlor\u00eb dhe Hamallaj jan\u00eb konkrete p\u00ebr d\u00ebshtimin e Qeveris\u00eb. Strategjit\u00eb e zhdukjes s\u00eb informalitetit me forc\u00ebn e dhun\u00ebs shtet\u00ebrore ka d\u00ebshtuar edhe n\u00eb vende me institucione shum\u00eb m\u00eb t\u00eb forta se ne. Ekspert\u00ebt m\u00eb t\u00eb mir\u00eb n\u00eb bot\u00eb rekomandojn\u00eb si strategjin\u00eb m\u00eb t\u00eb mir\u00eb planet urbanistike afatgjata, orientimin e nd\u00ebrtimeve n\u00eb zona ku urbanizimi \u00ebsht\u00eb i mundsh\u00ebm dhe ku nd\u00ebrtimet e reja jan\u00eb m\u00eb t\u00eb lehta dhe m\u00eb t\u00eb lira p\u00ebr t&#8217;u b\u00ebr\u00eb. Ata rekomandojn\u00eb p\u00ebrmir\u00ebsimin rr\u00ebnj\u00ebsisht t\u00eb t\u00eb gjith\u00eb faktor\u00ebve q\u00eb i mbajn\u00eb banor\u00ebt n\u00eb zonat e tyre, dhe q\u00eb pengojn\u00eb braktisjen e k\u00ebtyre zonave.<\/p>\n<p>Ne, me politikat dhe strategjit\u00eb tona t\u00eb zhvillimit duhet t\u00eb rrisim hap\u00ebsirat territoriale p\u00ebr zhvillim, t\u00eb pak\u00ebsojm\u00eb burokracit\u00eb dhe kostot e tij. Vet\u00ebm kjo mund ta ul\u00eb realisht informalitetin dhe korrupsionin. Qeveria, n\u00eb vend q\u00eb t\u00eb angazhoj\u00eb miliona dollar\u00eb t\u00eb taksapaguesve shqiptar\u00eb p\u00ebr koncerte partiake, duhet t\u00eb krijoj\u00eb fonde financiare dhe strukturat p\u00ebrkat\u00ebse p\u00ebr strategjit\u00eb e urbanizimit dhe zhvillimit t\u00eb territorit. <\/p>\n<p>Duhet t\u00eb b\u00ebj studime 50 deri 100-vje\u00e7are p\u00ebr zhvillimin e infrastruktur\u00ebs s\u00eb vendit, rrug\u00ebve, porteve, aeroporteve, hekurudhave, uj\u00ebsjell\u00ebsve, rrjeteve t\u00eb transmetimit t\u00eb energjis\u00eb, etj. Duhet t\u00eb miratohen k\u00ebto projekte strategjike, t\u00eb b\u00ebhen t\u00eb njohura p\u00ebr t\u00eb gjith\u00eb, t\u00eb inventarizohen deri edhe t\u00eb kontabilizohen si pasuri publike k\u00ebto territore\/prona si pjes\u00eb e strategjive afatgjata t\u00eb zhvillimit ekonomik t\u00eb vendit.Duhet b\u00ebr\u00eb sa m\u00eb par\u00eb reforma administrative e vendit, qytetet e m\u00ebdha po mbyten nga dend\u00ebsia e nd\u00ebrtimeve, zgjerimi i infrastruktur\u00ebs s\u00eb tyre do t\u00eb beh\u00ebt gjithnj\u00eb e m\u00eb i v\u00ebshtir\u00eb dhe gjithnj\u00eb e m\u00eb i kushtuesh\u00ebm.<\/p>\n<p>Mund\u00ebsit\u00eb p\u00ebr nd\u00ebrtime brenda qyteteve po zvog\u00eblohen, sip\u00ebrfaqet e gjelb\u00ebrta dhe shlodh\u00ebse do t\u00eb tkurren ndjesh\u00ebm. Pak\u00ebsimi i mund\u00ebsive p\u00ebr nd\u00ebrtime n\u00eb qytetet e m\u00ebdha, do t\u00eb sjell\u00eb konkurrenc\u00eb abuzive deri edhe kriminale, n\u00ebse qytetet nuk zgjerohen me hap\u00ebsira t\u00eb reja edhe nga bashkimi me komunat p\u00ebr rreth tyre. \u00c7do prishje e dhunshme, \u00e7do shkat\u00ebrrim n\u00eb m\u00ebnyr\u00eb spontane n\u00eb disa zona t\u00eb vendit, pa i qart\u00ebsuar ku do t\u00eb rivendosen, pa i ndihmuar t\u00eb rivendosen, \u00e7do mentalitet se dhuna do t\u00eb ndal\u00eb informalitetin, se dhuna e mban shtetin, do t\u00eb jen\u00eb pjes\u00eb e nj\u00eb d\u00ebshtimi t\u00eb sigurt, si\u00e7 ndodh me \u00e7do Qeveri t\u00eb dhunshme.<\/p>\n","protected":false},"excerpt":{"rendered":"<p>Arben Malaj, 10.07.2010 Kohet e fundit, veprimet e dhunshme t\u00eb Qeveris\u00eb, aksionet me sa m\u00eb shum\u00eb polic\u00eb, po r\u00ebndojn\u00eb negativisht ambientin shoq\u00ebror dhe politik n\u00eb vend. Prishjet n\u00eb Ksamil, Vlor\u00eb, Durr\u00ebs, Hamallaj, spontaniteti dhe klientelizmi me t\u00eb cil\u00ebn veprohet, fodull\u00ebku me t\u00eb cilin pozohet n\u00eb media, dhuna me t\u00eb cil\u00ebn reagohet ndaj qytetar\u00ebve, jo von\u00eb [&hellip;]<\/p>\n","protected":false},"author":1,"featured_media":0,"comment_status":"open","ping_status":"closed","sticky":false,"template":"","format":"standard","meta":{"footnotes":""},"categories":[2],"tags":[],"class_list":{"0":"post-3264","1":"post","2":"type-post","3":"status-publish","4":"format-standard","6":"category-artikuj"},"yoast_head":"<!-- This site is optimized with the Yoast SEO plugin v27.4 - https:\/\/yoast.com\/product\/yoast-seo-wordpress\/ -->\n<title>Qeverisje e dhunshme - FjALA e LIR\u00cb - Arkivi<\/title>\n<meta name=\"robots\" content=\"index, follow, max-snippet:-1, max-image-preview:large, max-video-preview:-1\" \/>\n<link rel=\"canonical\" href=\"https:\/\/fjala.info\/2009-2015\/qeverisje-e-dhunshme\/\" \/>\n<meta property=\"og:locale\" content=\"sq_AL\" \/>\n<meta property=\"og:type\" content=\"article\" \/>\n<meta property=\"og:title\" content=\"Qeverisje e dhunshme - FjALA e LIR\u00cb - Arkivi\" \/>\n<meta property=\"og:description\" content=\"Arben Malaj, 10.07.2010 Kohet e fundit, veprimet e dhunshme t\u00eb Qeveris\u00eb, aksionet me sa m\u00eb shum\u00eb polic\u00eb, po r\u00ebndojn\u00eb negativisht ambientin shoq\u00ebror dhe politik n\u00eb vend. Prishjet n\u00eb Ksamil, Vlor\u00eb, Durr\u00ebs, Hamallaj, spontaniteti dhe klientelizmi me t\u00eb cil\u00ebn veprohet, fodull\u00ebku me t\u00eb cilin pozohet n\u00eb media, dhuna me t\u00eb cil\u00ebn reagohet ndaj qytetar\u00ebve, jo von\u00eb [&hellip;]\" \/>\n<meta property=\"og:url\" content=\"https:\/\/fjala.info\/2009-2015\/qeverisje-e-dhunshme\/\" \/>\n<meta property=\"og:site_name\" content=\"FjALA e LIR\u00cb - Arkivi\" \/>\n<meta property=\"article:published_time\" content=\"2010-07-10T16:43:16+00:00\" \/>\n<meta property=\"og:image\" content=\"http:\/\/www.shkoder.net\/images\/fjala\/arben_malaj.jpg\" \/>\n<meta name=\"author\" content=\"admin\" \/>\n<meta name=\"twitter:card\" content=\"summary_large_image\" \/>\n<meta name=\"twitter:label1\" content=\"Written by\" \/>\n\t<meta name=\"twitter:data1\" content=\"admin\" \/>\n\t<meta name=\"twitter:label2\" content=\"Est. reading time\" \/>\n\t<meta name=\"twitter:data2\" content=\"5 minutes\" \/>\n<script type=\"application\/ld+json\" class=\"yoast-schema-graph\">{\"@context\":\"https:\\\/\\\/schema.org\",\"@graph\":[{\"@type\":\"Article\",\"@id\":\"https:\\\/\\\/fjala.info\\\/2009-2015\\\/qeverisje-e-dhunshme\\\/#article\",\"isPartOf\":{\"@id\":\"https:\\\/\\\/fjala.info\\\/2009-2015\\\/qeverisje-e-dhunshme\\\/\"},\"author\":{\"name\":\"admin\",\"@id\":\"https:\\\/\\\/fjala.info\\\/2009-2015\\\/#\\\/schema\\\/person\\\/3aa1163ef05469c496fc94e77611ada2\"},\"headline\":\"Qeverisje e dhunshme\",\"datePublished\":\"2010-07-10T16:43:16+00:00\",\"mainEntityOfPage\":{\"@id\":\"https:\\\/\\\/fjala.info\\\/2009-2015\\\/qeverisje-e-dhunshme\\\/\"},\"wordCount\":1017,\"commentCount\":0,\"publisher\":{\"@id\":\"https:\\\/\\\/fjala.info\\\/2009-2015\\\/#organization\"},\"image\":{\"@id\":\"https:\\\/\\\/fjala.info\\\/2009-2015\\\/qeverisje-e-dhunshme\\\/#primaryimage\"},\"thumbnailUrl\":\"http:\\\/\\\/www.shkoder.net\\\/images\\\/fjala\\\/arben_malaj.jpg\",\"articleSection\":[\"Artikuj\"],\"inLanguage\":\"sq-AL\",\"potentialAction\":[{\"@type\":\"CommentAction\",\"name\":\"Comment\",\"target\":[\"https:\\\/\\\/fjala.info\\\/2009-2015\\\/qeverisje-e-dhunshme\\\/#respond\"]}]},{\"@type\":\"WebPage\",\"@id\":\"https:\\\/\\\/fjala.info\\\/2009-2015\\\/qeverisje-e-dhunshme\\\/\",\"url\":\"https:\\\/\\\/fjala.info\\\/2009-2015\\\/qeverisje-e-dhunshme\\\/\",\"name\":\"Qeverisje e dhunshme - FjALA e LIR\u00cb - Arkivi\",\"isPartOf\":{\"@id\":\"https:\\\/\\\/fjala.info\\\/2009-2015\\\/#website\"},\"primaryImageOfPage\":{\"@id\":\"https:\\\/\\\/fjala.info\\\/2009-2015\\\/qeverisje-e-dhunshme\\\/#primaryimage\"},\"image\":{\"@id\":\"https:\\\/\\\/fjala.info\\\/2009-2015\\\/qeverisje-e-dhunshme\\\/#primaryimage\"},\"thumbnailUrl\":\"http:\\\/\\\/www.shkoder.net\\\/images\\\/fjala\\\/arben_malaj.jpg\",\"datePublished\":\"2010-07-10T16:43:16+00:00\",\"breadcrumb\":{\"@id\":\"https:\\\/\\\/fjala.info\\\/2009-2015\\\/qeverisje-e-dhunshme\\\/#breadcrumb\"},\"inLanguage\":\"sq-AL\",\"potentialAction\":[{\"@type\":\"ReadAction\",\"target\":[\"https:\\\/\\\/fjala.info\\\/2009-2015\\\/qeverisje-e-dhunshme\\\/\"]}]},{\"@type\":\"ImageObject\",\"inLanguage\":\"sq-AL\",\"@id\":\"https:\\\/\\\/fjala.info\\\/2009-2015\\\/qeverisje-e-dhunshme\\\/#primaryimage\",\"url\":\"http:\\\/\\\/www.shkoder.net\\\/images\\\/fjala\\\/arben_malaj.jpg\",\"contentUrl\":\"http:\\\/\\\/www.shkoder.net\\\/images\\\/fjala\\\/arben_malaj.jpg\"},{\"@type\":\"BreadcrumbList\",\"@id\":\"https:\\\/\\\/fjala.info\\\/2009-2015\\\/qeverisje-e-dhunshme\\\/#breadcrumb\",\"itemListElement\":[{\"@type\":\"ListItem\",\"position\":1,\"name\":\"Home\",\"item\":\"https:\\\/\\\/fjala.info\\\/2009-2015\\\/\"},{\"@type\":\"ListItem\",\"position\":2,\"name\":\"Qeverisje e dhunshme\"}]},{\"@type\":\"WebSite\",\"@id\":\"https:\\\/\\\/fjala.info\\\/2009-2015\\\/#website\",\"url\":\"https:\\\/\\\/fjala.info\\\/2009-2015\\\/\",\"name\":\"FjALA e LIR\u00cb - Arkivi\",\"description\":\"Arkivi 2009-2015\",\"publisher\":{\"@id\":\"https:\\\/\\\/fjala.info\\\/2009-2015\\\/#organization\"},\"potentialAction\":[{\"@type\":\"SearchAction\",\"target\":{\"@type\":\"EntryPoint\",\"urlTemplate\":\"https:\\\/\\\/fjala.info\\\/2009-2015\\\/?s={search_term_string}\"},\"query-input\":{\"@type\":\"PropertyValueSpecification\",\"valueRequired\":true,\"valueName\":\"search_term_string\"}}],\"inLanguage\":\"sq-AL\"},{\"@type\":\"Organization\",\"@id\":\"https:\\\/\\\/fjala.info\\\/2009-2015\\\/#organization\",\"name\":\"FjALA e LIR\u00cb - Arkivi\",\"url\":\"https:\\\/\\\/fjala.info\\\/2009-2015\\\/\",\"logo\":{\"@type\":\"ImageObject\",\"inLanguage\":\"sq-AL\",\"@id\":\"https:\\\/\\\/fjala.info\\\/2009-2015\\\/#\\\/schema\\\/logo\\\/image\\\/\",\"url\":\"\",\"contentUrl\":\"\",\"caption\":\"FjALA e LIR\u00cb - Arkivi\"},\"image\":{\"@id\":\"https:\\\/\\\/fjala.info\\\/2009-2015\\\/#\\\/schema\\\/logo\\\/image\\\/\"}},{\"@type\":\"Person\",\"@id\":\"https:\\\/\\\/fjala.info\\\/2009-2015\\\/#\\\/schema\\\/person\\\/3aa1163ef05469c496fc94e77611ada2\",\"name\":\"admin\",\"image\":{\"@type\":\"ImageObject\",\"inLanguage\":\"sq-AL\",\"@id\":\"https:\\\/\\\/fjala.info\\\/2009-2015\\\/wp-content\\\/uploads\\\/2012\\\/02\\\/arben_cokaj-120x150.jpg\",\"url\":\"https:\\\/\\\/fjala.info\\\/2009-2015\\\/wp-content\\\/uploads\\\/2012\\\/02\\\/arben_cokaj-120x150.jpg\",\"contentUrl\":\"https:\\\/\\\/fjala.info\\\/2009-2015\\\/wp-content\\\/uploads\\\/2012\\\/02\\\/arben_cokaj-120x150.jpg\",\"caption\":\"admin\"},\"description\":\"Admin, Fjala e Lir\u00eb\",\"sameAs\":[\"https:\\\/\\\/fjala.info\\\/\"],\"url\":\"https:\\\/\\\/fjala.info\\\/2009-2015\\\/author\\\/admin\\\/\"}]}<\/script>\n<!-- \/ Yoast SEO plugin. -->","yoast_head_json":{"title":"Qeverisje e dhunshme - FjALA e LIR\u00cb - Arkivi","robots":{"index":"index","follow":"follow","max-snippet":"max-snippet:-1","max-image-preview":"max-image-preview:large","max-video-preview":"max-video-preview:-1"},"canonical":"https:\/\/fjala.info\/2009-2015\/qeverisje-e-dhunshme\/","og_locale":"sq_AL","og_type":"article","og_title":"Qeverisje e dhunshme - FjALA e LIR\u00cb - Arkivi","og_description":"Arben Malaj, 10.07.2010 Kohet e fundit, veprimet e dhunshme t\u00eb Qeveris\u00eb, aksionet me sa m\u00eb shum\u00eb polic\u00eb, po r\u00ebndojn\u00eb negativisht ambientin shoq\u00ebror dhe politik n\u00eb vend. Prishjet n\u00eb Ksamil, Vlor\u00eb, Durr\u00ebs, Hamallaj, spontaniteti dhe klientelizmi me t\u00eb cil\u00ebn veprohet, fodull\u00ebku me t\u00eb cilin pozohet n\u00eb media, dhuna me t\u00eb cil\u00ebn reagohet ndaj qytetar\u00ebve, jo von\u00eb [&hellip;]","og_url":"https:\/\/fjala.info\/2009-2015\/qeverisje-e-dhunshme\/","og_site_name":"FjALA e LIR\u00cb - Arkivi","article_published_time":"2010-07-10T16:43:16+00:00","og_image":[{"url":"http:\/\/www.shkoder.net\/images\/fjala\/arben_malaj.jpg","type":"","width":"","height":""}],"author":"admin","twitter_card":"summary_large_image","twitter_misc":{"Written by":"admin","Est. reading time":"5 minutes"},"schema":{"@context":"https:\/\/schema.org","@graph":[{"@type":"Article","@id":"https:\/\/fjala.info\/2009-2015\/qeverisje-e-dhunshme\/#article","isPartOf":{"@id":"https:\/\/fjala.info\/2009-2015\/qeverisje-e-dhunshme\/"},"author":{"name":"admin","@id":"https:\/\/fjala.info\/2009-2015\/#\/schema\/person\/3aa1163ef05469c496fc94e77611ada2"},"headline":"Qeverisje e dhunshme","datePublished":"2010-07-10T16:43:16+00:00","mainEntityOfPage":{"@id":"https:\/\/fjala.info\/2009-2015\/qeverisje-e-dhunshme\/"},"wordCount":1017,"commentCount":0,"publisher":{"@id":"https:\/\/fjala.info\/2009-2015\/#organization"},"image":{"@id":"https:\/\/fjala.info\/2009-2015\/qeverisje-e-dhunshme\/#primaryimage"},"thumbnailUrl":"http:\/\/www.shkoder.net\/images\/fjala\/arben_malaj.jpg","articleSection":["Artikuj"],"inLanguage":"sq-AL","potentialAction":[{"@type":"CommentAction","name":"Comment","target":["https:\/\/fjala.info\/2009-2015\/qeverisje-e-dhunshme\/#respond"]}]},{"@type":"WebPage","@id":"https:\/\/fjala.info\/2009-2015\/qeverisje-e-dhunshme\/","url":"https:\/\/fjala.info\/2009-2015\/qeverisje-e-dhunshme\/","name":"Qeverisje e dhunshme - FjALA e LIR\u00cb - Arkivi","isPartOf":{"@id":"https:\/\/fjala.info\/2009-2015\/#website"},"primaryImageOfPage":{"@id":"https:\/\/fjala.info\/2009-2015\/qeverisje-e-dhunshme\/#primaryimage"},"image":{"@id":"https:\/\/fjala.info\/2009-2015\/qeverisje-e-dhunshme\/#primaryimage"},"thumbnailUrl":"http:\/\/www.shkoder.net\/images\/fjala\/arben_malaj.jpg","datePublished":"2010-07-10T16:43:16+00:00","breadcrumb":{"@id":"https:\/\/fjala.info\/2009-2015\/qeverisje-e-dhunshme\/#breadcrumb"},"inLanguage":"sq-AL","potentialAction":[{"@type":"ReadAction","target":["https:\/\/fjala.info\/2009-2015\/qeverisje-e-dhunshme\/"]}]},{"@type":"ImageObject","inLanguage":"sq-AL","@id":"https:\/\/fjala.info\/2009-2015\/qeverisje-e-dhunshme\/#primaryimage","url":"http:\/\/www.shkoder.net\/images\/fjala\/arben_malaj.jpg","contentUrl":"http:\/\/www.shkoder.net\/images\/fjala\/arben_malaj.jpg"},{"@type":"BreadcrumbList","@id":"https:\/\/fjala.info\/2009-2015\/qeverisje-e-dhunshme\/#breadcrumb","itemListElement":[{"@type":"ListItem","position":1,"name":"Home","item":"https:\/\/fjala.info\/2009-2015\/"},{"@type":"ListItem","position":2,"name":"Qeverisje e dhunshme"}]},{"@type":"WebSite","@id":"https:\/\/fjala.info\/2009-2015\/#website","url":"https:\/\/fjala.info\/2009-2015\/","name":"FjALA e LIR\u00cb - Arkivi","description":"Arkivi 2009-2015","publisher":{"@id":"https:\/\/fjala.info\/2009-2015\/#organization"},"potentialAction":[{"@type":"SearchAction","target":{"@type":"EntryPoint","urlTemplate":"https:\/\/fjala.info\/2009-2015\/?s={search_term_string}"},"query-input":{"@type":"PropertyValueSpecification","valueRequired":true,"valueName":"search_term_string"}}],"inLanguage":"sq-AL"},{"@type":"Organization","@id":"https:\/\/fjala.info\/2009-2015\/#organization","name":"FjALA e LIR\u00cb - Arkivi","url":"https:\/\/fjala.info\/2009-2015\/","logo":{"@type":"ImageObject","inLanguage":"sq-AL","@id":"https:\/\/fjala.info\/2009-2015\/#\/schema\/logo\/image\/","url":"","contentUrl":"","caption":"FjALA e LIR\u00cb - Arkivi"},"image":{"@id":"https:\/\/fjala.info\/2009-2015\/#\/schema\/logo\/image\/"}},{"@type":"Person","@id":"https:\/\/fjala.info\/2009-2015\/#\/schema\/person\/3aa1163ef05469c496fc94e77611ada2","name":"admin","image":{"@type":"ImageObject","inLanguage":"sq-AL","@id":"https:\/\/fjala.info\/2009-2015\/wp-content\/uploads\/2012\/02\/arben_cokaj-120x150.jpg","url":"https:\/\/fjala.info\/2009-2015\/wp-content\/uploads\/2012\/02\/arben_cokaj-120x150.jpg","contentUrl":"https:\/\/fjala.info\/2009-2015\/wp-content\/uploads\/2012\/02\/arben_cokaj-120x150.jpg","caption":"admin"},"description":"Admin, Fjala e Lir\u00eb","sameAs":["https:\/\/fjala.info\/"],"url":"https:\/\/fjala.info\/2009-2015\/author\/admin\/"}]}},"_links":{"self":[{"href":"https:\/\/fjala.info\/2009-2015\/wp-json\/wp\/v2\/posts\/3264","targetHints":{"allow":["GET"]}}],"collection":[{"href":"https:\/\/fjala.info\/2009-2015\/wp-json\/wp\/v2\/posts"}],"about":[{"href":"https:\/\/fjala.info\/2009-2015\/wp-json\/wp\/v2\/types\/post"}],"author":[{"embeddable":true,"href":"https:\/\/fjala.info\/2009-2015\/wp-json\/wp\/v2\/users\/1"}],"replies":[{"embeddable":true,"href":"https:\/\/fjala.info\/2009-2015\/wp-json\/wp\/v2\/comments?post=3264"}],"version-history":[{"count":0,"href":"https:\/\/fjala.info\/2009-2015\/wp-json\/wp\/v2\/posts\/3264\/revisions"}],"wp:attachment":[{"href":"https:\/\/fjala.info\/2009-2015\/wp-json\/wp\/v2\/media?parent=3264"}],"wp:term":[{"taxonomy":"category","embeddable":true,"href":"https:\/\/fjala.info\/2009-2015\/wp-json\/wp\/v2\/categories?post=3264"},{"taxonomy":"post_tag","embeddable":true,"href":"https:\/\/fjala.info\/2009-2015\/wp-json\/wp\/v2\/tags?post=3264"}],"curies":[{"name":"wp","href":"https:\/\/api.w.org\/{rel}","templated":true}]}}