{"id":3262,"date":"2012-06-12T23:48:56","date_gmt":"2012-06-12T22:48:56","guid":{"rendered":"http:\/\/www.fjala.info\/?p=3262"},"modified":"2012-06-12T23:48:56","modified_gmt":"2012-06-12T22:48:56","slug":"ndahet-nga-jeta-medin-zhega","status":"publish","type":"post","link":"https:\/\/fjala.info\/2009-2015\/ndahet-nga-jeta-medin-zhega\/","title":{"rendered":"Ndahet nga jeta Medin Zhega"},"content":{"rendered":"<p><img decoding=\"async\" class=\"alignleft size-thumbnail wp-image-7236\" title=\"Medin Zhega\" src=\"http:\/\/www.fjala.info\/2012\/medin_zhega.jpg\" alt=\"\" width=\"200\" \/> <strong>ResPublica.al<\/strong>, <em>12 qershor 2012<\/em><\/p>\n<p>Sot ka nd\u00ebrruar jet\u00eb, pas nj\u00eb viti n\u00eb koma, Medin Zhega, nj\u00eb personalitet i padiskutuesh\u00ebm i sportit shqiptar, q\u00eb binte n\u00eb sy dhe p\u00ebr prerjen e statur\u00ebn e tij morale. N\u00eb vijim po japim nj\u00eb bio t\u00eb tij\u00ebn, e cila p\u00ebr shum\u00ebk\u00ebnd \u00ebsht\u00eb e njohur, ngaq\u00eb ai ka qen\u00eb p\u00ebr shum\u00eb koh\u00eb n\u00eb syt\u00eb e t\u00eb gjith\u00ebve:<\/p>\n<p>\u201cMedin Zhega ka lindur n\u00eb Shkod\u00ebr m\u00eb 31 janar 1946. Shkoll\u00ebn e mesme e ka kryer n\u00eb qytetin e lindjes, studimet e larta n\u00eb Universitetin e Tiran\u00ebs, Fakulteti i Shkencave t\u00eb Natyr\u00ebs, Dega Kimi-Mercologji. Ka kryer studimet e larta edhe n\u00eb Institutin e Kultur\u00ebs Fizike dhe Sporteve \u201cVojo Kushi\u201d (sot Akademia e Sporteve).<\/p>\n<p>N\u00eb periudh\u00ebn 1963\u20131979, ka luajtur futboll me ekipet e Vllaznis\u00eb dhe Dinamos, duke qen\u00eb nj\u00eb nga lojtar\u00ebt m\u00eb t\u00eb mir\u00eb t\u00eb vendit, i shquar si golash\u00ebnues n\u00eb ndeshje komb\u00ebtare dhe nd\u00ebrkomb\u00ebtare. Nga viti 1965 e n\u00eb vazhdim ka qen\u00eb an\u00ebtar i ekipit komb\u00ebtar t\u00eb futbollit. N\u00eb vitin 1981 mbaron shkoll\u00ebn e trajner\u00ebve n\u00eb Austri. Ka kryer gjithashtu nj\u00eb seri kualifikimesh p\u00ebr trajner, jasht\u00eb vendit.<\/p>\n<p>N\u00eb vitet 1984-1986 ka punuar si ndihm\u00ebstrajner i ekipit komb\u00ebtar dhe atij olimpik. N\u00eb vitet 1992-1996 ka qen\u00eb deputet i Partis\u00eb Socialiste n\u00eb Kuvendin e Shqip\u00ebris\u00eb. N\u00eb vitet 1999-2001 ka qen\u00eb trajner i ekipit Komb\u00ebtar t\u00eb Shqip\u00ebris\u00eb. N\u00ebn drejtimin e Mjeshtrit Zhega, skuadra yn\u00eb Komb\u00ebtare, n\u00eb vitin 2001, fiton turneun \u201cRothmans\u201d n\u00eb Malt\u00eb.<\/p>\n<p>Ka fituar titullin e lart\u00eb \u201cMjesht\u00ebr i Merituar i Sportit\u201d.<\/p>\n<p>Pasi shkarkohet nga detyra e trajnerit t\u00eb ekipit Komb\u00ebtar t\u00eb Shqip\u00ebris\u00eb, post q\u00eb e mbajti deri n\u00eb vitin 2001, ai em\u00ebrohet an\u00ebtar i Komitetit Ekzekutiv t\u00eb FSHF-s\u00eb. P\u00ebrs\u00ebri, k\u00ebt\u00eb post e mban deri n\u00eb vitin 2010. N\u00eb vitin 2009, gjat\u00eb transmetimit t\u00eb spektaklit p\u00ebr nder t\u00eb 90-t\u00eb vjetorit t\u00eb themelimit t\u00eb klubit shum\u00ebsportesh \u201cVllaznia\u201d, ai nderohet me titullin \u201cQytetar Nderi\u201d i qytetit t\u00eb Shkodr\u00ebs.<\/p>\n<p>M\u00eb 5 maj 2011, gjat\u00eb nj\u00eb udh\u00ebtimi familjar dhe q\u00ebndrimi n\u00eb Toronto t\u00eb Kanadas\u00eb, ai p\u00ebson nj\u00eb aksident i cili fatkeqsisht e d\u00ebnoi fillimisht me paraliz\u00eb dhe sot me ndarjen p\u00ebrfundimtare nga jeta.\u201d<\/p>\n<p>Re.Pu.<\/p>\n","protected":false},"excerpt":{"rendered":"<p>ResPublica.al, 12 qershor 2012 Sot ka nd\u00ebrruar jet\u00eb, pas nj\u00eb viti n\u00eb koma, Medin Zhega, nj\u00eb personalitet i padiskutuesh\u00ebm i sportit shqiptar, q\u00eb binte n\u00eb sy dhe p\u00ebr prerjen e statur\u00ebn e tij morale. N\u00eb vijim po japim nj\u00eb bio t\u00eb tij\u00ebn, e cila p\u00ebr shum\u00ebk\u00ebnd \u00ebsht\u00eb e njohur, ngaq\u00eb ai ka qen\u00eb p\u00ebr shum\u00eb [&hellip;]<\/p>\n","protected":false},"author":1,"featured_media":0,"comment_status":"open","ping_status":"closed","sticky":false,"template":"","format":"standard","meta":{"footnotes":""},"categories":[2],"tags":[],"class_list":{"0":"post-3262","1":"post","2":"type-post","3":"status-publish","4":"format-standard","6":"category-artikuj"},"yoast_head":"<!-- This site is optimized with the Yoast SEO plugin v27.4 - https:\/\/yoast.com\/product\/yoast-seo-wordpress\/ -->\n<title>Ndahet nga jeta Medin Zhega - FjALA e LIR\u00cb - Arkivi<\/title>\n<meta name=\"robots\" content=\"index, follow, max-snippet:-1, max-image-preview:large, max-video-preview:-1\" \/>\n<link rel=\"canonical\" href=\"https:\/\/fjala.info\/2009-2015\/ndahet-nga-jeta-medin-zhega\/\" \/>\n<meta property=\"og:locale\" content=\"sq_AL\" \/>\n<meta property=\"og:type\" content=\"article\" \/>\n<meta property=\"og:title\" content=\"Ndahet nga jeta Medin Zhega - FjALA e LIR\u00cb - Arkivi\" \/>\n<meta property=\"og:description\" content=\"ResPublica.al, 12 qershor 2012 Sot ka nd\u00ebrruar jet\u00eb, pas nj\u00eb viti n\u00eb koma, Medin Zhega, nj\u00eb personalitet i padiskutuesh\u00ebm i sportit shqiptar, q\u00eb binte n\u00eb sy dhe p\u00ebr prerjen e statur\u00ebn e tij morale. N\u00eb vijim po japim nj\u00eb bio t\u00eb tij\u00ebn, e cila p\u00ebr shum\u00ebk\u00ebnd \u00ebsht\u00eb e njohur, ngaq\u00eb ai ka qen\u00eb p\u00ebr shum\u00eb [&hellip;]\" \/>\n<meta property=\"og:url\" content=\"https:\/\/fjala.info\/2009-2015\/ndahet-nga-jeta-medin-zhega\/\" \/>\n<meta property=\"og:site_name\" content=\"FjALA e LIR\u00cb - Arkivi\" \/>\n<meta property=\"article:published_time\" content=\"2012-06-12T22:48:56+00:00\" \/>\n<meta property=\"og:image\" content=\"http:\/\/www.fjala.info\/2012\/medin_zhega.jpg\" \/>\n<meta name=\"author\" content=\"admin\" \/>\n<meta name=\"twitter:card\" content=\"summary_large_image\" \/>\n<meta name=\"twitter:label1\" content=\"Written by\" \/>\n\t<meta name=\"twitter:data1\" content=\"admin\" \/>\n\t<meta name=\"twitter:label2\" content=\"Est. reading time\" \/>\n\t<meta name=\"twitter:data2\" content=\"2 minutes\" \/>\n<script type=\"application\/ld+json\" class=\"yoast-schema-graph\">{\"@context\":\"https:\\\/\\\/schema.org\",\"@graph\":[{\"@type\":\"Article\",\"@id\":\"https:\\\/\\\/fjala.info\\\/2009-2015\\\/ndahet-nga-jeta-medin-zhega\\\/#article\",\"isPartOf\":{\"@id\":\"https:\\\/\\\/fjala.info\\\/2009-2015\\\/ndahet-nga-jeta-medin-zhega\\\/\"},\"author\":{\"name\":\"admin\",\"@id\":\"https:\\\/\\\/fjala.info\\\/2009-2015\\\/#\\\/schema\\\/person\\\/3aa1163ef05469c496fc94e77611ada2\"},\"headline\":\"Ndahet nga jeta Medin Zhega\",\"datePublished\":\"2012-06-12T22:48:56+00:00\",\"mainEntityOfPage\":{\"@id\":\"https:\\\/\\\/fjala.info\\\/2009-2015\\\/ndahet-nga-jeta-medin-zhega\\\/\"},\"wordCount\":382,\"commentCount\":0,\"publisher\":{\"@id\":\"https:\\\/\\\/fjala.info\\\/2009-2015\\\/#organization\"},\"image\":{\"@id\":\"https:\\\/\\\/fjala.info\\\/2009-2015\\\/ndahet-nga-jeta-medin-zhega\\\/#primaryimage\"},\"thumbnailUrl\":\"http:\\\/\\\/www.fjala.info\\\/2012\\\/medin_zhega.jpg\",\"articleSection\":[\"Artikuj\"],\"inLanguage\":\"sq-AL\",\"potentialAction\":[{\"@type\":\"CommentAction\",\"name\":\"Comment\",\"target\":[\"https:\\\/\\\/fjala.info\\\/2009-2015\\\/ndahet-nga-jeta-medin-zhega\\\/#respond\"]}]},{\"@type\":\"WebPage\",\"@id\":\"https:\\\/\\\/fjala.info\\\/2009-2015\\\/ndahet-nga-jeta-medin-zhega\\\/\",\"url\":\"https:\\\/\\\/fjala.info\\\/2009-2015\\\/ndahet-nga-jeta-medin-zhega\\\/\",\"name\":\"Ndahet nga jeta Medin Zhega - FjALA e LIR\u00cb - Arkivi\",\"isPartOf\":{\"@id\":\"https:\\\/\\\/fjala.info\\\/2009-2015\\\/#website\"},\"primaryImageOfPage\":{\"@id\":\"https:\\\/\\\/fjala.info\\\/2009-2015\\\/ndahet-nga-jeta-medin-zhega\\\/#primaryimage\"},\"image\":{\"@id\":\"https:\\\/\\\/fjala.info\\\/2009-2015\\\/ndahet-nga-jeta-medin-zhega\\\/#primaryimage\"},\"thumbnailUrl\":\"http:\\\/\\\/www.fjala.info\\\/2012\\\/medin_zhega.jpg\",\"datePublished\":\"2012-06-12T22:48:56+00:00\",\"breadcrumb\":{\"@id\":\"https:\\\/\\\/fjala.info\\\/2009-2015\\\/ndahet-nga-jeta-medin-zhega\\\/#breadcrumb\"},\"inLanguage\":\"sq-AL\",\"potentialAction\":[{\"@type\":\"ReadAction\",\"target\":[\"https:\\\/\\\/fjala.info\\\/2009-2015\\\/ndahet-nga-jeta-medin-zhega\\\/\"]}]},{\"@type\":\"ImageObject\",\"inLanguage\":\"sq-AL\",\"@id\":\"https:\\\/\\\/fjala.info\\\/2009-2015\\\/ndahet-nga-jeta-medin-zhega\\\/#primaryimage\",\"url\":\"http:\\\/\\\/www.fjala.info\\\/2012\\\/medin_zhega.jpg\",\"contentUrl\":\"http:\\\/\\\/www.fjala.info\\\/2012\\\/medin_zhega.jpg\"},{\"@type\":\"BreadcrumbList\",\"@id\":\"https:\\\/\\\/fjala.info\\\/2009-2015\\\/ndahet-nga-jeta-medin-zhega\\\/#breadcrumb\",\"itemListElement\":[{\"@type\":\"ListItem\",\"position\":1,\"name\":\"Home\",\"item\":\"https:\\\/\\\/fjala.info\\\/2009-2015\\\/\"},{\"@type\":\"ListItem\",\"position\":2,\"name\":\"Ndahet nga jeta Medin Zhega\"}]},{\"@type\":\"WebSite\",\"@id\":\"https:\\\/\\\/fjala.info\\\/2009-2015\\\/#website\",\"url\":\"https:\\\/\\\/fjala.info\\\/2009-2015\\\/\",\"name\":\"FjALA e LIR\u00cb - Arkivi\",\"description\":\"Arkivi 2009-2015\",\"publisher\":{\"@id\":\"https:\\\/\\\/fjala.info\\\/2009-2015\\\/#organization\"},\"potentialAction\":[{\"@type\":\"SearchAction\",\"target\":{\"@type\":\"EntryPoint\",\"urlTemplate\":\"https:\\\/\\\/fjala.info\\\/2009-2015\\\/?s={search_term_string}\"},\"query-input\":{\"@type\":\"PropertyValueSpecification\",\"valueRequired\":true,\"valueName\":\"search_term_string\"}}],\"inLanguage\":\"sq-AL\"},{\"@type\":\"Organization\",\"@id\":\"https:\\\/\\\/fjala.info\\\/2009-2015\\\/#organization\",\"name\":\"FjALA e LIR\u00cb - Arkivi\",\"url\":\"https:\\\/\\\/fjala.info\\\/2009-2015\\\/\",\"logo\":{\"@type\":\"ImageObject\",\"inLanguage\":\"sq-AL\",\"@id\":\"https:\\\/\\\/fjala.info\\\/2009-2015\\\/#\\\/schema\\\/logo\\\/image\\\/\",\"url\":\"\",\"contentUrl\":\"\",\"caption\":\"FjALA e LIR\u00cb - Arkivi\"},\"image\":{\"@id\":\"https:\\\/\\\/fjala.info\\\/2009-2015\\\/#\\\/schema\\\/logo\\\/image\\\/\"}},{\"@type\":\"Person\",\"@id\":\"https:\\\/\\\/fjala.info\\\/2009-2015\\\/#\\\/schema\\\/person\\\/3aa1163ef05469c496fc94e77611ada2\",\"name\":\"admin\",\"image\":{\"@type\":\"ImageObject\",\"inLanguage\":\"sq-AL\",\"@id\":\"https:\\\/\\\/fjala.info\\\/2009-2015\\\/wp-content\\\/uploads\\\/2012\\\/02\\\/arben_cokaj-120x150.jpg\",\"url\":\"https:\\\/\\\/fjala.info\\\/2009-2015\\\/wp-content\\\/uploads\\\/2012\\\/02\\\/arben_cokaj-120x150.jpg\",\"contentUrl\":\"https:\\\/\\\/fjala.info\\\/2009-2015\\\/wp-content\\\/uploads\\\/2012\\\/02\\\/arben_cokaj-120x150.jpg\",\"caption\":\"admin\"},\"description\":\"Admin, Fjala e Lir\u00eb\",\"sameAs\":[\"https:\\\/\\\/fjala.info\\\/\"],\"url\":\"https:\\\/\\\/fjala.info\\\/2009-2015\\\/author\\\/admin\\\/\"}]}<\/script>\n<!-- \/ Yoast SEO plugin. -->","yoast_head_json":{"title":"Ndahet nga jeta Medin Zhega - FjALA e LIR\u00cb - Arkivi","robots":{"index":"index","follow":"follow","max-snippet":"max-snippet:-1","max-image-preview":"max-image-preview:large","max-video-preview":"max-video-preview:-1"},"canonical":"https:\/\/fjala.info\/2009-2015\/ndahet-nga-jeta-medin-zhega\/","og_locale":"sq_AL","og_type":"article","og_title":"Ndahet nga jeta Medin Zhega - FjALA e LIR\u00cb - Arkivi","og_description":"ResPublica.al, 12 qershor 2012 Sot ka nd\u00ebrruar jet\u00eb, pas nj\u00eb viti n\u00eb koma, Medin Zhega, nj\u00eb personalitet i padiskutuesh\u00ebm i sportit shqiptar, q\u00eb binte n\u00eb sy dhe p\u00ebr prerjen e statur\u00ebn e tij morale. N\u00eb vijim po japim nj\u00eb bio t\u00eb tij\u00ebn, e cila p\u00ebr shum\u00ebk\u00ebnd \u00ebsht\u00eb e njohur, ngaq\u00eb ai ka qen\u00eb p\u00ebr shum\u00eb [&hellip;]","og_url":"https:\/\/fjala.info\/2009-2015\/ndahet-nga-jeta-medin-zhega\/","og_site_name":"FjALA e LIR\u00cb - Arkivi","article_published_time":"2012-06-12T22:48:56+00:00","og_image":[{"url":"http:\/\/www.fjala.info\/2012\/medin_zhega.jpg","type":"","width":"","height":""}],"author":"admin","twitter_card":"summary_large_image","twitter_misc":{"Written by":"admin","Est. reading time":"2 minutes"},"schema":{"@context":"https:\/\/schema.org","@graph":[{"@type":"Article","@id":"https:\/\/fjala.info\/2009-2015\/ndahet-nga-jeta-medin-zhega\/#article","isPartOf":{"@id":"https:\/\/fjala.info\/2009-2015\/ndahet-nga-jeta-medin-zhega\/"},"author":{"name":"admin","@id":"https:\/\/fjala.info\/2009-2015\/#\/schema\/person\/3aa1163ef05469c496fc94e77611ada2"},"headline":"Ndahet nga jeta Medin Zhega","datePublished":"2012-06-12T22:48:56+00:00","mainEntityOfPage":{"@id":"https:\/\/fjala.info\/2009-2015\/ndahet-nga-jeta-medin-zhega\/"},"wordCount":382,"commentCount":0,"publisher":{"@id":"https:\/\/fjala.info\/2009-2015\/#organization"},"image":{"@id":"https:\/\/fjala.info\/2009-2015\/ndahet-nga-jeta-medin-zhega\/#primaryimage"},"thumbnailUrl":"http:\/\/www.fjala.info\/2012\/medin_zhega.jpg","articleSection":["Artikuj"],"inLanguage":"sq-AL","potentialAction":[{"@type":"CommentAction","name":"Comment","target":["https:\/\/fjala.info\/2009-2015\/ndahet-nga-jeta-medin-zhega\/#respond"]}]},{"@type":"WebPage","@id":"https:\/\/fjala.info\/2009-2015\/ndahet-nga-jeta-medin-zhega\/","url":"https:\/\/fjala.info\/2009-2015\/ndahet-nga-jeta-medin-zhega\/","name":"Ndahet nga jeta Medin Zhega - FjALA e LIR\u00cb - Arkivi","isPartOf":{"@id":"https:\/\/fjala.info\/2009-2015\/#website"},"primaryImageOfPage":{"@id":"https:\/\/fjala.info\/2009-2015\/ndahet-nga-jeta-medin-zhega\/#primaryimage"},"image":{"@id":"https:\/\/fjala.info\/2009-2015\/ndahet-nga-jeta-medin-zhega\/#primaryimage"},"thumbnailUrl":"http:\/\/www.fjala.info\/2012\/medin_zhega.jpg","datePublished":"2012-06-12T22:48:56+00:00","breadcrumb":{"@id":"https:\/\/fjala.info\/2009-2015\/ndahet-nga-jeta-medin-zhega\/#breadcrumb"},"inLanguage":"sq-AL","potentialAction":[{"@type":"ReadAction","target":["https:\/\/fjala.info\/2009-2015\/ndahet-nga-jeta-medin-zhega\/"]}]},{"@type":"ImageObject","inLanguage":"sq-AL","@id":"https:\/\/fjala.info\/2009-2015\/ndahet-nga-jeta-medin-zhega\/#primaryimage","url":"http:\/\/www.fjala.info\/2012\/medin_zhega.jpg","contentUrl":"http:\/\/www.fjala.info\/2012\/medin_zhega.jpg"},{"@type":"BreadcrumbList","@id":"https:\/\/fjala.info\/2009-2015\/ndahet-nga-jeta-medin-zhega\/#breadcrumb","itemListElement":[{"@type":"ListItem","position":1,"name":"Home","item":"https:\/\/fjala.info\/2009-2015\/"},{"@type":"ListItem","position":2,"name":"Ndahet nga jeta Medin Zhega"}]},{"@type":"WebSite","@id":"https:\/\/fjala.info\/2009-2015\/#website","url":"https:\/\/fjala.info\/2009-2015\/","name":"FjALA e LIR\u00cb - Arkivi","description":"Arkivi 2009-2015","publisher":{"@id":"https:\/\/fjala.info\/2009-2015\/#organization"},"potentialAction":[{"@type":"SearchAction","target":{"@type":"EntryPoint","urlTemplate":"https:\/\/fjala.info\/2009-2015\/?s={search_term_string}"},"query-input":{"@type":"PropertyValueSpecification","valueRequired":true,"valueName":"search_term_string"}}],"inLanguage":"sq-AL"},{"@type":"Organization","@id":"https:\/\/fjala.info\/2009-2015\/#organization","name":"FjALA e LIR\u00cb - Arkivi","url":"https:\/\/fjala.info\/2009-2015\/","logo":{"@type":"ImageObject","inLanguage":"sq-AL","@id":"https:\/\/fjala.info\/2009-2015\/#\/schema\/logo\/image\/","url":"","contentUrl":"","caption":"FjALA e LIR\u00cb - Arkivi"},"image":{"@id":"https:\/\/fjala.info\/2009-2015\/#\/schema\/logo\/image\/"}},{"@type":"Person","@id":"https:\/\/fjala.info\/2009-2015\/#\/schema\/person\/3aa1163ef05469c496fc94e77611ada2","name":"admin","image":{"@type":"ImageObject","inLanguage":"sq-AL","@id":"https:\/\/fjala.info\/2009-2015\/wp-content\/uploads\/2012\/02\/arben_cokaj-120x150.jpg","url":"https:\/\/fjala.info\/2009-2015\/wp-content\/uploads\/2012\/02\/arben_cokaj-120x150.jpg","contentUrl":"https:\/\/fjala.info\/2009-2015\/wp-content\/uploads\/2012\/02\/arben_cokaj-120x150.jpg","caption":"admin"},"description":"Admin, Fjala e Lir\u00eb","sameAs":["https:\/\/fjala.info\/"],"url":"https:\/\/fjala.info\/2009-2015\/author\/admin\/"}]}},"_links":{"self":[{"href":"https:\/\/fjala.info\/2009-2015\/wp-json\/wp\/v2\/posts\/3262","targetHints":{"allow":["GET"]}}],"collection":[{"href":"https:\/\/fjala.info\/2009-2015\/wp-json\/wp\/v2\/posts"}],"about":[{"href":"https:\/\/fjala.info\/2009-2015\/wp-json\/wp\/v2\/types\/post"}],"author":[{"embeddable":true,"href":"https:\/\/fjala.info\/2009-2015\/wp-json\/wp\/v2\/users\/1"}],"replies":[{"embeddable":true,"href":"https:\/\/fjala.info\/2009-2015\/wp-json\/wp\/v2\/comments?post=3262"}],"version-history":[{"count":0,"href":"https:\/\/fjala.info\/2009-2015\/wp-json\/wp\/v2\/posts\/3262\/revisions"}],"wp:attachment":[{"href":"https:\/\/fjala.info\/2009-2015\/wp-json\/wp\/v2\/media?parent=3262"}],"wp:term":[{"taxonomy":"category","embeddable":true,"href":"https:\/\/fjala.info\/2009-2015\/wp-json\/wp\/v2\/categories?post=3262"},{"taxonomy":"post_tag","embeddable":true,"href":"https:\/\/fjala.info\/2009-2015\/wp-json\/wp\/v2\/tags?post=3262"}],"curies":[{"name":"wp","href":"https:\/\/api.w.org\/{rel}","templated":true}]}}