{"id":3258,"date":"2012-06-12T23:32:51","date_gmt":"2012-06-12T22:32:51","guid":{"rendered":"http:\/\/www.fjala.info\/?p=3258"},"modified":"2012-06-12T23:32:51","modified_gmt":"2012-06-12T22:32:51","slug":"pashai-ne-vatan","status":"publish","type":"post","link":"https:\/\/fjala.info\/2009-2015\/pashai-ne-vatan\/","title":{"rendered":"Pashai n\u00eb vatan"},"content":{"rendered":"<p><img decoding=\"async\" class=\"alignright size-thumbnail wp-image-7236\" title=\"Naser Aliu\" src=\"http:\/\/www.fjala.info\/2012\/naser_aliu.jpg\" alt=\"\" width=\"150\" \/> <strong>Naser Aliu<\/strong><\/p>\n<p>Sapo u kthye n\u00eb atdhe, pashai thirri kabinetin e tij p\u00ebr t\u00eb shp\u00ebrndar\u00eb xhevap mbi muhabetin me sulltanin n\u00eb Turqi. T\u00eb pranish\u00ebm: Efendi Haxhinasto, z\u00ebvend\u00ebspasha dhe minist\u00ebr i Marifeteve me Jabanxhill\u00ebk. Efendi Nishani, minist\u00ebr i Nishan-Xhandar\u00ebve dhe T\u00ebrbijes. Efendi Imami, minist\u00ebr i Askeris\u00eb. Zoti Bode, minist\u00ebr i Xhepave Miletor. Efendi Halimi, minist\u00ebr i Zhdrejt\u00ebsis\u00eb s\u00eb Drejt. Zonja Bregu, piskatore; Interpretuese e Filxhan\u00ebve t\u00eb Qeveris\u00eb. Zoti Olldashi, minist\u00ebr i Dallavereve Miletore dhe Sikter-Teneqeve. Efendi Myqeremi, Minist\u00ebr i Haram-Dijes. Zoti Bum\u00e7i, minist\u00ebr i Jaz\u00ebk-Mejdanit, Mysafir\u00ebve, P\u00ebrrallave, Axhamive dhe Fizkultur\u00ebs. Zoti Vasili, minist\u00ebr i Sagll\u00ebkit.<\/p>\n<p>Zoti Mediu, minist\u00ebr i Fushave, Maleve, Uj\u00ebrave, Peshqve dhe Hajvan\u00ebve. Zoti Ruli, minist\u00ebr i \u00c7if\u00e7inj\u00ebve, Ruletit, \u00c7ifligar\u00ebve, Jemekut dhe Mbrojtja e Myshterinj\u00ebve. Zoti Ksera, minist\u00ebr i Sadakas\u00eb Insanore dhe Nafakave t\u00eb Barabarta. Zoti Pollo, minist\u00ebr p\u00ebr Dynjan Digjitale, Pulat, \u00c7atin, Forumet n\u00eb internet dhe Webin. Zoti Na\u00e7o, minist\u00ebr p\u00ebr Bakshish, Tuxharll\u00ebk dhe Pazar. E pranishme, n\u00eb k\u00ebt\u00eb tubim madh\u00ebshtor, edhe han\u00ebmja, Jozefina Topalli, kryetare e Bash-\u00e7arshis\u00eb. Pasi u ul\u00ebn ata, nj\u00eb hyzmeqare mbylli der\u00ebn e konakut vezor. Pashai u hodhi nj\u00eb v\u00ebshtrim sh\u00ebtit\u00ebs t\u00eb pranishm\u00ebve dhe urdh\u00ebroi:<\/p>\n<p>-\u201cHapni penxhere-sehir\u00ebt\u201d T\u00eb gjith\u00eb u shikuan n\u00eb mes vete dhe nuk l\u00ebviz\u00ebn duart para vete.<br \/>\n-\u201cAh, nuk e dini\u201d, nxitoi pashai duke par\u00eb se askush nuk e kuptoi.<br \/>\n-\u201cJemi marr\u00eb vesh me sulltanin t\u00eb mos e quajm\u00eb m\u00eb \u201cWindows-Vista\u201d, por shqip: \u201cPenxhere-sehir.\u201d<\/p>\n<p>Disa ministra p\u00ebrkul\u00ebn kokat, disa i tund\u00ebn, por t\u00eb gjith\u00eb, sipas urdhrit, ndez\u00ebn lapsalot. (Qeveria p\u00ebr shkak t\u00eb parad\u00ebftimeve jo aq t\u00eb mira n\u00eb filxhanin e kafes\u00eb, ka shpallur haram em\u00ebrtimin: \u201cLap-Top.\u201d)<\/p>\n<p>&#8211; \u201cShkoni ju lutem n\u00eb facebook tek faqja \u201cSali Berisha Nderi i Kombit.\u201d Sot aty do ta b\u00ebjm\u00eb \u00e7atin e 770. E shihni t\u00eb dashur ministra, tha ai duke par\u00eb ata; Mark Zuckerberg n\u00eb faqen e tij, ku jan\u00eb mbledhur tru\u00e7 gati nj\u00eb miliard njer\u00ebz, ka hapur nj\u00eb faqe nderi p\u00ebr mua\u2026\u201d<\/p>\n<p>T\u00eb pranishmit u ngrit\u00ebn dhe duartrokit\u00ebn tre minuta duke u buz\u00ebqeshur dhe shikuar me mburrje nj\u00ebri tjetrin. N\u00eb fund f\u00ebrkuan duart. Shum\u00eb \u00e7ate t\u00eb Qeveris\u00eb, kryesisht kur Hamza Salioti nuk d\u00ebshironte t\u00eb flas\u00eb, zgjasnin deri sa k\u00ebndonte hoxha i par\u00eb n\u00eb agim.<\/p>\n<p>Ai uli kok\u00ebn, nisi shkrimin me dy gishta dhe t\u00eb gjith\u00eb prisnin fjalin\u00eb e par\u00eb:<\/p>\n<p>&#8211; \u201cT\u00eb dashur ministra, pranoni goxha shum\u00eb selame t\u00eb prushta nga sulltani. Takimi atje ishte mega-v\u00ebllaz\u00ebror, i faktuar, m\u00eb i madh\u00ebrish\u00ebm dhe m\u00eb i fuqishmi deri m\u00eb tani\u201d, dhe cak shtypi \u201denter. \u201c Bode i vuri gjyzll\u00ebk\u00ebt, Nishani i hoqi. Vasili kroi kok\u00ebn, Bregu e tundi n\u00eb shenj\u00eb pajtimi.<\/p>\n<p>-\u201cNuk ishte vet\u00ebm pritja madh\u00ebshtore, por m\u00eb prek\u00ebse ishte ndarja\u201d, shkroi kryeministri dhe shtypi \u201center\u201d p\u00ebrs\u00ebri.\u201cRrug\u00ebt qen\u00eb bllokuar n\u00eb qytet\u2026\u201d, vazhdoi pashai.<\/p>\n<p>\u201cSa veta kishin dal\u00eb shk\u00eblqesi?\u201d, shkroi z\u00ebvend\u00ebsi efendi Haxhinasto dhe shtypi \u201center.\u201d<\/p>\n<p>\u201cGjasht\u00eb milion!\u201d, shkroi ai me nj\u00eb buz\u00ebqeshje t\u00eb leht\u00eb dhe shtypi \u201center.\u201d<\/p>\n<p>\u201cOboo, ububu, wow, bajagi shum\u00eb dynjall\u00ebk\u2026\u201d, shkruan t\u00eb gjith\u00eb ministrat nj\u00ebri pas tjetrit dhe d\u00ebrguan shum\u00eb kok\u00ebza t\u00eb buz\u00ebqeshura si shenj\u00eb se po ndanin k\u00ebnaq\u00ebsin\u00eb me t\u00eb.<\/p>\n<p>-\u201cNuk ishte vet\u00ebm kjo, por ata kishin dal\u00eb t\u00eb m\u00eb prisnin me tirq dhe me plisa\u2026\u201c<\/p>\n<p>-\u201cSa \u00e7ast i k\u00ebndsh\u00ebm\u2026\u201d, shkroi efendi Nishani.<\/p>\n<p>\u201c\u00c7ok gjyzel\u2026\u201d, shkroi efendi Imami.<\/p>\n<p>-\u201cAferim!\u201d, shkroi efendi Myqeremi. N\u00eb k\u00ebt\u00eb \u00e7ast u ngrit han\u00ebmja Bregu dhe nisi me duartrokitje. Pas saj, edhe t\u00eb tjer\u00ebt. Duartrokitja skizofrenetike zgjati rrafsh pes\u00eb minuta.<\/p>\n<p>-\u201cUluni, uluni!\u201d, shkroi pashai. Kur ata pan\u00eb se po vazhdonte me raportin, zun\u00eb vendet e tyre p\u00ebrs\u00ebri.<\/p>\n<p>-\u201cI thash sulltanit\u201d, shkroi tutje Pashai, \u201c p\u00ebrzierja e gjakut ton\u00eb mavi, me gjakun e tyre t\u00eb kuq, do ta ndihmoj\u00eb shum\u00eb Turqin\u00eb, por k\u00ebt\u00eb e kishte konstatuar dhe kuptuar edhe\u2026\u201d<\/p>\n<p>-\u201cA do t\u00eb hapen shkolla shqipe atje?\u201d, nd\u00ebrhyri zoti Olldashi dhe shtypi \u201center\u201d<\/p>\n<p>-\u201cPo, po!\u201d, shkroi pashai. \u201cDo t\u00eb hapen mij\u00ebra mejtepe t\u00eb ul\u00ebta, t\u00eb mesme dhe t\u00eb larta. N\u00eb fillim vet\u00ebm fetare. Me r\u00ebnd\u00ebsi t\u00eb fitohet xheneti nj\u00eb her\u00eb, m\u00eb von\u00eb, ndoshta edhe p\u00ebr ata q\u00eb nuk besojn\u00eb se bajagi-lezeti vjen pas vdekjes\u2026\u201d dhe me gishtin tregues shtypi \u201center.\u201d<\/p>\n<p>T\u00eb pranishmit u ngrit\u00ebn n\u00eb k\u00ebmb\u00eb dhe duartrokit\u00ebn shtat\u00eb minuta duke piskatur: -\u201cMe ym\u00ebr e sagll\u00ebk pashai jon\u00eb! Me ym\u00ebr e sagll\u00ebk pashai jon\u00eb!\u201d<\/p>\n<p>-\u201cJu faleminderit, ju faleminderit; uluni ju lutem, uluni!\u201d, shkroi pashai. Ata u ul\u00ebn.<\/p>\n<p>-\u201cA do t\u00eb na ndihmojn\u00eb p\u00ebr zgjedhjet?\u201d, shkroi ministri i Sagll\u00ebkit.<\/p>\n<p>-\u201cPo, pa shybe!\u201d, shkroi pashai. \u201c Por, edhe n\u00ebse nuk i fitojm\u00eb, do t\u2019 i b\u00ebjm\u00eb hesap vet votat. Si edhe her\u00ebn e fundit. Un\u00eb nuk mund t\u00eb dor\u00ebzoj pushtetin, populli ka kontrat\u00eb me mua, madje edhe n\u00ebse b\u00ebhet luft\u00eb sheherli. K\u00ebt\u00eb ia thash sulltanit. Demokracin\u00eb e kam fituar un\u00eb, nuk e gjeta n\u00eb mesin e miletit dhe nuk ia fal m\u00eb askujt! Demokracia \u00ebsht\u00eb e imja, e jona. Me gjak e kemi fituar, pa gjak, nuk e japim!!!\u201d, shkroi pashai me shkronja t\u00eb m\u00ebdha dhe shtypi \u201center.\u201d Sapo lexuan k\u00ebt\u00eb ministrat, brof\u00ebn n\u00eb k\u00ebmb\u00eb dhe shp\u00ebrtheu brohoria:<\/p>\n<p>\u201cSali Beter,<\/p>\n<p>Jemi gati kurdoher\u00eb!<\/p>\n<p>Sali Beter,<\/p>\n<p>Jemi gati kurdoher\u00eb!\u201d<\/p>\n<p>Disa \u00e7aste m\u00eb von\u00eb, pashai shkroi me shkronja t\u00eb m\u00ebdha: \u201cULUNI, ULUNI!\u201d Ata nj\u00ebri pas tjetrit u l\u00ebshuan n\u00eb ul\u00ebset e tyre duke u shikuar me krenari n\u00eb mes vete.<\/p>\n<p>&#8211; \u201cK\u00eb do b\u00ebjm\u00eb kryetar t\u00eb vendit?\u201d, shkroi ministri i Jabanxhill\u00ebkut.<\/p>\n<p>-\u201cPo\u2026\u201d, shkroi Pashai. \u201cNa duhet nj\u00eb Kryetar i shtetit, q\u00eb nuk guxon t\u2019 i kund\u00ebrshtoj\u00eb ligjet tona. Nj\u00eb Kryetar, q\u00eb arsyeton, p\u00ebrligj dhe argumenton veprimet e Qeveris\u00eb. N\u00ebse p\u00ebr shembull pas zgjedhjeve t\u00eb ardhshme shp\u00ebrthen lufta qytetare dhe efendi Nishani jep urdh\u00ebr p\u00ebr t\u00eb mbrojtur shtetin nga armiqt\u00eb e brendsh\u00ebm, k\u00ebt\u00eb nuk duhet t\u00eb guxoj\u00eb ta vej\u00eb n\u00eb dyshim njeri, p\u00ebrndryshe b\u00ebhemi jaz\u00ebk-demokraci. Ju mund t\u00eb lakoni emrat q\u00eb ju p\u00eblqejn\u00eb n\u00eb ras\u00ebn kall\u00ebzore, un\u00eb ju tregoj se a mund t\u00eb p\u00ebrdoren ata emra edhe n\u00eb ras\u00ebn em\u00ebrore. Un\u00eb pres lakimet e para! Ju kall\u00ebzoren, un\u00eb em\u00ebroren. Apo m\u00eb mir\u00eb: Ju kall\u00ebzuesin, un\u00eb kryefjal\u00ebn!\u201d<\/p>\n<p>-\u201cA nuk b\u00ebn nj\u00eb grua nga radh\u00ebt tona, nj\u00eb t\u00eb p\u00ebrshtatshme?\u201d, shkroi zonja Bregu.<\/p>\n<p>-\u201cN\u00eb Gjermani kemi nj\u00eb grua, q\u00eb drejton shtetin. N\u00eb SHBA kemi sekretaren, n\u00eb Kosov\u00eb kryetaren\u2026\u201c, shkroi zoti Pollo.<\/p>\n<p>-\u201cNe kemi nj\u00eb zonj\u00eb t\u00eb bukur, q\u00eb din t\u00eb shaj\u00eb dhe t\u00eb p\u00ebshtyj\u00eb si burr\u00eb i v\u00ebrtet\u00ebt.\u201d, shkroi zoti Ksera.<\/p>\n<p>&#8211; \u201cKemi nj\u00eb zonj\u00eb delikate, por t\u00eb ashp\u00ebr dhe trime, vret e pret si burr\u00eb; si n\u00eb koh\u00ebn e fshes\u00ebs. Si n\u00eb koh\u00ebn e shkopit. Pse t\u00eb mos e zgjedhim at\u00eb, kur kemi nj\u00eb burrnesh\u00eb t\u00eb till\u00eb. Pastaj, edhe ajo, si ne, ka gjakun mavi. Bitevi mavi! \u201c, shkroi zoti Ruli.<\/p>\n<p>-\u201cMendoni p\u00ebr Jozefina Topallin?, pyeti ministri i Dallavereve dhe Sikter-Teneqeve.<\/p>\n<p>-\u201cPo!\u201d, shkruan disa ministra.<\/p>\n<p>-\u201cJo, Jozefina Topalli, por \u00c7alamani\u201d, shkroi zoti Pollo. \u201cMbiemri do t\u2019 i ndryshohet. Mbiemrat t\u00eb till\u00eb kan\u00eb ndikuar tek ministri jasht\u00ebm turk, q\u00eb neve t\u00eb na konsideroj mbeturina osmane, prandaj me ligj, do t\u2019 i ndryshohet mbiemri nga \u201cTopalli\u201d n\u00eb \u201c\u00c7alamani!\u201d N\u00ebse n\u00eb nj\u00eb vend t\u00eb bot\u00ebs takoni nj\u00eb njeri, q\u00eb mban mbiemrin \u201cBardhi\u201d, ju do t\u00eb mendoni se \u00ebsht\u00eb me origjin\u00eb shqiptare, kjo \u00ebsht\u00eb arsyeja pse turqit na quajn\u00eb v\u00ebllez\u00ebr dhe mendojn\u00eb se jemi turq t\u00eb asimiluar. \u201c, dhe shtypi \u201center\u201d. Pashai pa se mbledhja po acarohej dhe shkroi: \u201cPushooooni!\u201dAta pushuan dhe u mb\u00ebshtet\u00ebn n\u00eb karrige<\/p>\n<p>-\u201cT\u00eb shohim, do ta kem parasysh Jozefin\u00ebn dhe drejtoi bised\u00ebn n\u00eb nj\u00eb kahe tjet\u00ebr.<\/p>\n<p>Shkroi se do ta kishte d\u00ebshiruar p\u00ebr kryetar Adil \u00c7ar\u00e7anin, mir\u00ebpo, p\u00ebr fat t\u00eb keq, ka vdekur. Edhe Ramiz Alia, nuk do t\u2019 ishte keq, por edhe ky iku. \u201cNa mbetet Nano\u201d, shkroi pashai i ngrysur\u2026\u201dMe Nanon ishim n\u00eb t\u00eb nj\u00ebjt\u00ebn parti, madje edhe intelektual\u00ebt kan\u00eb nostalgji p\u00ebr t\u00eb par\u00eb edhe nj\u00eb her\u00eb frytet e Partis\u00eb s\u00eb Pun\u00ebs n\u00eb maje t\u00eb ngrehin\u00ebs demokratike\u2026\u201d<\/p>\n<p>Diskutimi vazhdoi deri n\u00eb m\u00ebngjes. Zonja Bregu dhe \u00c7alamani ik\u00ebn t\u00eb paqejf. Sapo dol\u00ebn ato jasht\u00eb, ministrat braktis\u00ebn faqen \u201cSaliu nderi i kombit\u201d dhe k\u00ebrkoni filma p\u00ebr t\u00eb rritur n\u00ebp\u00ebr haremet e internetit\u2026<\/p>\n<p>PS:<\/p>\n<p>1. N\u00ebse bazohemi n\u00eb turqizmat n\u00eb gjuh\u00ebn shqipe, q\u00eb i kuptojm\u00eb edhe nj\u00ebqind vjet pas \u00e7lirimit, mund t\u00eb thuhet, se po t\u00eb kishte mbijetuar pushtimi osman edhe nj\u00eb shekull, n\u00eb Ballkan nuk do t\u00eb kishte mbetur asnj\u00eb shqiptar\u00eb\u2026<\/p>\n<p>2. N\u00ebse Nano b\u00ebhet kryetar i Shqip\u00ebris\u00eb, at\u00ebher\u00eb, gjendja patologjike n\u00eb Shqip\u00ebri do t\u00eb vazhdoj\u00eb. Me k\u00ebt\u00eb d\u00ebshmohet se Shqip\u00ebria nuk ka mund\u00ebsi tjera intelektuale, por do t\u00eb sh\u00ebrbehet vazhdimisht nga qypi Partis\u00eb s\u00eb Pun\u00ebs\u2026Mrekulli! Kryeministri dhe kryetari i shtetit demokratik, an\u00ebtar i NATO-s, pinjoll t\u00eb stalinizmit dhe nx\u00ebn\u00ebs t\u00eb Enver Hoxh\u00ebs. Edhe at\u00eb n\u00eb dekad\u00ebn e dyt\u00eb t\u00eb shekullit XXI. A \u00ebsht\u00eb kjo herezi? Jo, kjo nuk \u00ebsht\u00eb herezi. Ky \u00ebsht\u00eb imoralitet!<\/p>\n","protected":false},"excerpt":{"rendered":"<p>Naser Aliu Sapo u kthye n\u00eb atdhe, pashai thirri kabinetin e tij p\u00ebr t\u00eb shp\u00ebrndar\u00eb xhevap mbi muhabetin me sulltanin n\u00eb Turqi. T\u00eb pranish\u00ebm: Efendi Haxhinasto, z\u00ebvend\u00ebspasha dhe minist\u00ebr i Marifeteve me Jabanxhill\u00ebk. Efendi Nishani, minist\u00ebr i Nishan-Xhandar\u00ebve dhe T\u00ebrbijes. Efendi Imami, minist\u00ebr i Askeris\u00eb. Zoti Bode, minist\u00ebr i Xhepave Miletor. Efendi Halimi, minist\u00ebr i [&hellip;]<\/p>\n","protected":false},"author":1,"featured_media":0,"comment_status":"open","ping_status":"closed","sticky":false,"template":"","format":"standard","meta":{"footnotes":""},"categories":[2],"tags":[],"class_list":{"0":"post-3258","1":"post","2":"type-post","3":"status-publish","4":"format-standard","6":"category-artikuj"},"yoast_head":"<!-- This site is optimized with the Yoast SEO plugin v27.4 - https:\/\/yoast.com\/product\/yoast-seo-wordpress\/ -->\n<title>Pashai n\u00eb vatan - FjALA e LIR\u00cb - Arkivi<\/title>\n<meta name=\"robots\" content=\"index, follow, max-snippet:-1, max-image-preview:large, max-video-preview:-1\" \/>\n<link rel=\"canonical\" href=\"https:\/\/fjala.info\/2009-2015\/pashai-ne-vatan\/\" \/>\n<meta property=\"og:locale\" content=\"sq_AL\" \/>\n<meta property=\"og:type\" content=\"article\" \/>\n<meta property=\"og:title\" content=\"Pashai n\u00eb vatan - FjALA e LIR\u00cb - Arkivi\" \/>\n<meta property=\"og:description\" content=\"Naser Aliu Sapo u kthye n\u00eb atdhe, pashai thirri kabinetin e tij p\u00ebr t\u00eb shp\u00ebrndar\u00eb xhevap mbi muhabetin me sulltanin n\u00eb Turqi. T\u00eb pranish\u00ebm: Efendi Haxhinasto, z\u00ebvend\u00ebspasha dhe minist\u00ebr i Marifeteve me Jabanxhill\u00ebk. Efendi Nishani, minist\u00ebr i Nishan-Xhandar\u00ebve dhe T\u00ebrbijes. Efendi Imami, minist\u00ebr i Askeris\u00eb. Zoti Bode, minist\u00ebr i Xhepave Miletor. Efendi Halimi, minist\u00ebr i [&hellip;]\" \/>\n<meta property=\"og:url\" content=\"https:\/\/fjala.info\/2009-2015\/pashai-ne-vatan\/\" \/>\n<meta property=\"og:site_name\" content=\"FjALA e LIR\u00cb - Arkivi\" \/>\n<meta property=\"article:published_time\" content=\"2012-06-12T22:32:51+00:00\" \/>\n<meta property=\"og:image\" content=\"http:\/\/www.fjala.info\/2012\/naser_aliu.jpg\" \/>\n<meta name=\"author\" content=\"admin\" \/>\n<meta name=\"twitter:card\" content=\"summary_large_image\" \/>\n<meta name=\"twitter:label1\" content=\"Written by\" \/>\n\t<meta name=\"twitter:data1\" content=\"admin\" \/>\n\t<meta name=\"twitter:label2\" content=\"Est. reading time\" \/>\n\t<meta name=\"twitter:data2\" content=\"8 minutes\" \/>\n<script type=\"application\/ld+json\" class=\"yoast-schema-graph\">{\"@context\":\"https:\\\/\\\/schema.org\",\"@graph\":[{\"@type\":\"Article\",\"@id\":\"https:\\\/\\\/fjala.info\\\/2009-2015\\\/pashai-ne-vatan\\\/#article\",\"isPartOf\":{\"@id\":\"https:\\\/\\\/fjala.info\\\/2009-2015\\\/pashai-ne-vatan\\\/\"},\"author\":{\"name\":\"admin\",\"@id\":\"https:\\\/\\\/fjala.info\\\/2009-2015\\\/#\\\/schema\\\/person\\\/3aa1163ef05469c496fc94e77611ada2\"},\"headline\":\"Pashai n\u00eb vatan\",\"datePublished\":\"2012-06-12T22:32:51+00:00\",\"mainEntityOfPage\":{\"@id\":\"https:\\\/\\\/fjala.info\\\/2009-2015\\\/pashai-ne-vatan\\\/\"},\"wordCount\":1629,\"commentCount\":0,\"publisher\":{\"@id\":\"https:\\\/\\\/fjala.info\\\/2009-2015\\\/#organization\"},\"image\":{\"@id\":\"https:\\\/\\\/fjala.info\\\/2009-2015\\\/pashai-ne-vatan\\\/#primaryimage\"},\"thumbnailUrl\":\"http:\\\/\\\/www.fjala.info\\\/2012\\\/naser_aliu.jpg\",\"articleSection\":[\"Artikuj\"],\"inLanguage\":\"sq-AL\",\"potentialAction\":[{\"@type\":\"CommentAction\",\"name\":\"Comment\",\"target\":[\"https:\\\/\\\/fjala.info\\\/2009-2015\\\/pashai-ne-vatan\\\/#respond\"]}]},{\"@type\":\"WebPage\",\"@id\":\"https:\\\/\\\/fjala.info\\\/2009-2015\\\/pashai-ne-vatan\\\/\",\"url\":\"https:\\\/\\\/fjala.info\\\/2009-2015\\\/pashai-ne-vatan\\\/\",\"name\":\"Pashai n\u00eb vatan - FjALA e LIR\u00cb - Arkivi\",\"isPartOf\":{\"@id\":\"https:\\\/\\\/fjala.info\\\/2009-2015\\\/#website\"},\"primaryImageOfPage\":{\"@id\":\"https:\\\/\\\/fjala.info\\\/2009-2015\\\/pashai-ne-vatan\\\/#primaryimage\"},\"image\":{\"@id\":\"https:\\\/\\\/fjala.info\\\/2009-2015\\\/pashai-ne-vatan\\\/#primaryimage\"},\"thumbnailUrl\":\"http:\\\/\\\/www.fjala.info\\\/2012\\\/naser_aliu.jpg\",\"datePublished\":\"2012-06-12T22:32:51+00:00\",\"breadcrumb\":{\"@id\":\"https:\\\/\\\/fjala.info\\\/2009-2015\\\/pashai-ne-vatan\\\/#breadcrumb\"},\"inLanguage\":\"sq-AL\",\"potentialAction\":[{\"@type\":\"ReadAction\",\"target\":[\"https:\\\/\\\/fjala.info\\\/2009-2015\\\/pashai-ne-vatan\\\/\"]}]},{\"@type\":\"ImageObject\",\"inLanguage\":\"sq-AL\",\"@id\":\"https:\\\/\\\/fjala.info\\\/2009-2015\\\/pashai-ne-vatan\\\/#primaryimage\",\"url\":\"http:\\\/\\\/www.fjala.info\\\/2012\\\/naser_aliu.jpg\",\"contentUrl\":\"http:\\\/\\\/www.fjala.info\\\/2012\\\/naser_aliu.jpg\"},{\"@type\":\"BreadcrumbList\",\"@id\":\"https:\\\/\\\/fjala.info\\\/2009-2015\\\/pashai-ne-vatan\\\/#breadcrumb\",\"itemListElement\":[{\"@type\":\"ListItem\",\"position\":1,\"name\":\"Home\",\"item\":\"https:\\\/\\\/fjala.info\\\/2009-2015\\\/\"},{\"@type\":\"ListItem\",\"position\":2,\"name\":\"Pashai n\u00eb vatan\"}]},{\"@type\":\"WebSite\",\"@id\":\"https:\\\/\\\/fjala.info\\\/2009-2015\\\/#website\",\"url\":\"https:\\\/\\\/fjala.info\\\/2009-2015\\\/\",\"name\":\"FjALA e LIR\u00cb - Arkivi\",\"description\":\"Arkivi 2009-2015\",\"publisher\":{\"@id\":\"https:\\\/\\\/fjala.info\\\/2009-2015\\\/#organization\"},\"potentialAction\":[{\"@type\":\"SearchAction\",\"target\":{\"@type\":\"EntryPoint\",\"urlTemplate\":\"https:\\\/\\\/fjala.info\\\/2009-2015\\\/?s={search_term_string}\"},\"query-input\":{\"@type\":\"PropertyValueSpecification\",\"valueRequired\":true,\"valueName\":\"search_term_string\"}}],\"inLanguage\":\"sq-AL\"},{\"@type\":\"Organization\",\"@id\":\"https:\\\/\\\/fjala.info\\\/2009-2015\\\/#organization\",\"name\":\"FjALA e LIR\u00cb - Arkivi\",\"url\":\"https:\\\/\\\/fjala.info\\\/2009-2015\\\/\",\"logo\":{\"@type\":\"ImageObject\",\"inLanguage\":\"sq-AL\",\"@id\":\"https:\\\/\\\/fjala.info\\\/2009-2015\\\/#\\\/schema\\\/logo\\\/image\\\/\",\"url\":\"\",\"contentUrl\":\"\",\"caption\":\"FjALA e LIR\u00cb - Arkivi\"},\"image\":{\"@id\":\"https:\\\/\\\/fjala.info\\\/2009-2015\\\/#\\\/schema\\\/logo\\\/image\\\/\"}},{\"@type\":\"Person\",\"@id\":\"https:\\\/\\\/fjala.info\\\/2009-2015\\\/#\\\/schema\\\/person\\\/3aa1163ef05469c496fc94e77611ada2\",\"name\":\"admin\",\"image\":{\"@type\":\"ImageObject\",\"inLanguage\":\"sq-AL\",\"@id\":\"https:\\\/\\\/fjala.info\\\/2009-2015\\\/wp-content\\\/uploads\\\/2012\\\/02\\\/arben_cokaj-120x150.jpg\",\"url\":\"https:\\\/\\\/fjala.info\\\/2009-2015\\\/wp-content\\\/uploads\\\/2012\\\/02\\\/arben_cokaj-120x150.jpg\",\"contentUrl\":\"https:\\\/\\\/fjala.info\\\/2009-2015\\\/wp-content\\\/uploads\\\/2012\\\/02\\\/arben_cokaj-120x150.jpg\",\"caption\":\"admin\"},\"description\":\"Admin, Fjala e Lir\u00eb\",\"sameAs\":[\"https:\\\/\\\/fjala.info\\\/\"],\"url\":\"https:\\\/\\\/fjala.info\\\/2009-2015\\\/author\\\/admin\\\/\"}]}<\/script>\n<!-- \/ Yoast SEO plugin. -->","yoast_head_json":{"title":"Pashai n\u00eb vatan - FjALA e LIR\u00cb - Arkivi","robots":{"index":"index","follow":"follow","max-snippet":"max-snippet:-1","max-image-preview":"max-image-preview:large","max-video-preview":"max-video-preview:-1"},"canonical":"https:\/\/fjala.info\/2009-2015\/pashai-ne-vatan\/","og_locale":"sq_AL","og_type":"article","og_title":"Pashai n\u00eb vatan - FjALA e LIR\u00cb - Arkivi","og_description":"Naser Aliu Sapo u kthye n\u00eb atdhe, pashai thirri kabinetin e tij p\u00ebr t\u00eb shp\u00ebrndar\u00eb xhevap mbi muhabetin me sulltanin n\u00eb Turqi. T\u00eb pranish\u00ebm: Efendi Haxhinasto, z\u00ebvend\u00ebspasha dhe minist\u00ebr i Marifeteve me Jabanxhill\u00ebk. Efendi Nishani, minist\u00ebr i Nishan-Xhandar\u00ebve dhe T\u00ebrbijes. Efendi Imami, minist\u00ebr i Askeris\u00eb. Zoti Bode, minist\u00ebr i Xhepave Miletor. Efendi Halimi, minist\u00ebr i [&hellip;]","og_url":"https:\/\/fjala.info\/2009-2015\/pashai-ne-vatan\/","og_site_name":"FjALA e LIR\u00cb - Arkivi","article_published_time":"2012-06-12T22:32:51+00:00","og_image":[{"url":"http:\/\/www.fjala.info\/2012\/naser_aliu.jpg","type":"","width":"","height":""}],"author":"admin","twitter_card":"summary_large_image","twitter_misc":{"Written by":"admin","Est. reading time":"8 minutes"},"schema":{"@context":"https:\/\/schema.org","@graph":[{"@type":"Article","@id":"https:\/\/fjala.info\/2009-2015\/pashai-ne-vatan\/#article","isPartOf":{"@id":"https:\/\/fjala.info\/2009-2015\/pashai-ne-vatan\/"},"author":{"name":"admin","@id":"https:\/\/fjala.info\/2009-2015\/#\/schema\/person\/3aa1163ef05469c496fc94e77611ada2"},"headline":"Pashai n\u00eb vatan","datePublished":"2012-06-12T22:32:51+00:00","mainEntityOfPage":{"@id":"https:\/\/fjala.info\/2009-2015\/pashai-ne-vatan\/"},"wordCount":1629,"commentCount":0,"publisher":{"@id":"https:\/\/fjala.info\/2009-2015\/#organization"},"image":{"@id":"https:\/\/fjala.info\/2009-2015\/pashai-ne-vatan\/#primaryimage"},"thumbnailUrl":"http:\/\/www.fjala.info\/2012\/naser_aliu.jpg","articleSection":["Artikuj"],"inLanguage":"sq-AL","potentialAction":[{"@type":"CommentAction","name":"Comment","target":["https:\/\/fjala.info\/2009-2015\/pashai-ne-vatan\/#respond"]}]},{"@type":"WebPage","@id":"https:\/\/fjala.info\/2009-2015\/pashai-ne-vatan\/","url":"https:\/\/fjala.info\/2009-2015\/pashai-ne-vatan\/","name":"Pashai n\u00eb vatan - FjALA e LIR\u00cb - Arkivi","isPartOf":{"@id":"https:\/\/fjala.info\/2009-2015\/#website"},"primaryImageOfPage":{"@id":"https:\/\/fjala.info\/2009-2015\/pashai-ne-vatan\/#primaryimage"},"image":{"@id":"https:\/\/fjala.info\/2009-2015\/pashai-ne-vatan\/#primaryimage"},"thumbnailUrl":"http:\/\/www.fjala.info\/2012\/naser_aliu.jpg","datePublished":"2012-06-12T22:32:51+00:00","breadcrumb":{"@id":"https:\/\/fjala.info\/2009-2015\/pashai-ne-vatan\/#breadcrumb"},"inLanguage":"sq-AL","potentialAction":[{"@type":"ReadAction","target":["https:\/\/fjala.info\/2009-2015\/pashai-ne-vatan\/"]}]},{"@type":"ImageObject","inLanguage":"sq-AL","@id":"https:\/\/fjala.info\/2009-2015\/pashai-ne-vatan\/#primaryimage","url":"http:\/\/www.fjala.info\/2012\/naser_aliu.jpg","contentUrl":"http:\/\/www.fjala.info\/2012\/naser_aliu.jpg"},{"@type":"BreadcrumbList","@id":"https:\/\/fjala.info\/2009-2015\/pashai-ne-vatan\/#breadcrumb","itemListElement":[{"@type":"ListItem","position":1,"name":"Home","item":"https:\/\/fjala.info\/2009-2015\/"},{"@type":"ListItem","position":2,"name":"Pashai n\u00eb vatan"}]},{"@type":"WebSite","@id":"https:\/\/fjala.info\/2009-2015\/#website","url":"https:\/\/fjala.info\/2009-2015\/","name":"FjALA e LIR\u00cb - Arkivi","description":"Arkivi 2009-2015","publisher":{"@id":"https:\/\/fjala.info\/2009-2015\/#organization"},"potentialAction":[{"@type":"SearchAction","target":{"@type":"EntryPoint","urlTemplate":"https:\/\/fjala.info\/2009-2015\/?s={search_term_string}"},"query-input":{"@type":"PropertyValueSpecification","valueRequired":true,"valueName":"search_term_string"}}],"inLanguage":"sq-AL"},{"@type":"Organization","@id":"https:\/\/fjala.info\/2009-2015\/#organization","name":"FjALA e LIR\u00cb - Arkivi","url":"https:\/\/fjala.info\/2009-2015\/","logo":{"@type":"ImageObject","inLanguage":"sq-AL","@id":"https:\/\/fjala.info\/2009-2015\/#\/schema\/logo\/image\/","url":"","contentUrl":"","caption":"FjALA e LIR\u00cb - Arkivi"},"image":{"@id":"https:\/\/fjala.info\/2009-2015\/#\/schema\/logo\/image\/"}},{"@type":"Person","@id":"https:\/\/fjala.info\/2009-2015\/#\/schema\/person\/3aa1163ef05469c496fc94e77611ada2","name":"admin","image":{"@type":"ImageObject","inLanguage":"sq-AL","@id":"https:\/\/fjala.info\/2009-2015\/wp-content\/uploads\/2012\/02\/arben_cokaj-120x150.jpg","url":"https:\/\/fjala.info\/2009-2015\/wp-content\/uploads\/2012\/02\/arben_cokaj-120x150.jpg","contentUrl":"https:\/\/fjala.info\/2009-2015\/wp-content\/uploads\/2012\/02\/arben_cokaj-120x150.jpg","caption":"admin"},"description":"Admin, Fjala e Lir\u00eb","sameAs":["https:\/\/fjala.info\/"],"url":"https:\/\/fjala.info\/2009-2015\/author\/admin\/"}]}},"_links":{"self":[{"href":"https:\/\/fjala.info\/2009-2015\/wp-json\/wp\/v2\/posts\/3258","targetHints":{"allow":["GET"]}}],"collection":[{"href":"https:\/\/fjala.info\/2009-2015\/wp-json\/wp\/v2\/posts"}],"about":[{"href":"https:\/\/fjala.info\/2009-2015\/wp-json\/wp\/v2\/types\/post"}],"author":[{"embeddable":true,"href":"https:\/\/fjala.info\/2009-2015\/wp-json\/wp\/v2\/users\/1"}],"replies":[{"embeddable":true,"href":"https:\/\/fjala.info\/2009-2015\/wp-json\/wp\/v2\/comments?post=3258"}],"version-history":[{"count":0,"href":"https:\/\/fjala.info\/2009-2015\/wp-json\/wp\/v2\/posts\/3258\/revisions"}],"wp:attachment":[{"href":"https:\/\/fjala.info\/2009-2015\/wp-json\/wp\/v2\/media?parent=3258"}],"wp:term":[{"taxonomy":"category","embeddable":true,"href":"https:\/\/fjala.info\/2009-2015\/wp-json\/wp\/v2\/categories?post=3258"},{"taxonomy":"post_tag","embeddable":true,"href":"https:\/\/fjala.info\/2009-2015\/wp-json\/wp\/v2\/tags?post=3258"}],"curies":[{"name":"wp","href":"https:\/\/api.w.org\/{rel}","templated":true}]}}