{"id":3256,"date":"2012-06-12T23:26:59","date_gmt":"2012-06-12T22:26:59","guid":{"rendered":"http:\/\/www.fjala.info\/?p=3256"},"modified":"2012-06-12T23:26:59","modified_gmt":"2012-06-12T22:26:59","slug":"cmimi-qe-do-te-paguaje-berisha","status":"publish","type":"post","link":"https:\/\/fjala.info\/2009-2015\/cmimi-qe-do-te-paguaje-berisha\/","title":{"rendered":"\u00c7mimi q\u00eb do t\u00eb paguaj\u00eb Berisha"},"content":{"rendered":"<p><img decoding=\"async\" class=\"alignleft size-thumbnail wp-image-7236\" title=\"Alba Malltezi\" src=\"http:\/\/www.fjala.info\/2012\/alba_malltezi.jpg\" alt=\"\" width=\"150\" \/> <strong>Alba Malltezi<\/strong><\/p>\n<p>Em\u00ebrimi i Bujar Nishanit si Presidenti i ri i Republik\u00ebs me 73 vota, pra, pa nj\u00eb formul\u00eb konsensuale mes shumic\u00ebs dhe pakic\u00ebs, rrezikon t\u00eb shkaktoj\u00eb disa probleme p\u00ebr kryetarin e Partis\u00eb Demokratike. I paaft\u00eb p\u00ebr t\u00eb disat\u00ebn her\u00eb, p\u00ebr t\u00eb hequr dor\u00eb nga prepotenca e numrave, Berisha, \u00e7oi akrepat e or\u00ebs politike, dy muaj pas. Duke sfiduar opozit\u00ebn dhe duke skandalizuar diplomat\u00ebt, lajm\u00ebroi fillimisht se donte t\u00eb zgjidhte Presidentin e Republik\u00ebs nga radh\u00ebt e partis\u00eb s\u00eb tij, duke e votuar vet\u00ebm me numrat e mazhoranc\u00ebs. Reagimi ishte kritik dhe Berisha, p\u00ebr pak koh\u00eb, b\u00ebri sikur ndryshoi pozicion duke u deklaruar i gatsh\u00ebm p\u00ebr t\u00eb zgjedhur nj\u00eb President konsensual. E b\u00ebri, si\u00e7 di ta b\u00ebj\u00eb ai, dmth, duke i k\u00ebrkuar opozit\u00ebs q\u00eb t\u00eb jepte konsensus vet\u00ebm p\u00ebr kandidat\u00ebt e propozuar nga PD. Natyrisht q\u00eb opozita do t\u00eb thonte &#8220;Jo&#8221;.<\/p>\n<p>K\u00ebshtu ran\u00eb kandidaturat e mazhoranc\u00ebs, duke nisur q\u00eb nga Xhezair Zaganjori e Artan Hoxha. Ky i fundit dha dor\u00ebheqjen pa u votuar, p\u00ebr arsye t\u00eb mistershme. Duke mb\u00ebrritur n\u00eb raundin e kat\u00ebrt, ai, q\u00eb sipas Kushtetut\u00ebs lejon zgjedhjen e Presidentit me shumic\u00ebn e thjesht\u00eb, Berisha, duke sfiduar opozit\u00ebn p\u00ebr t\u00eb dyt\u00ebn her\u00eb dhe duke skandalizuar p\u00ebr t\u00eb dyt\u00ebn her\u00eb diplomat\u00ebt, vendosi t\u00eb imponoj\u00eb nj\u00eb njeri t\u00eb partis\u00eb s\u00eb tij. Dhe k\u00ebtu nisin problemet.<\/p>\n<p>Problemi i par\u00eb. Kur Berisha b\u00ebri sikur d\u00ebshironte t\u00eb zgjidhte nj\u00eb President konsensual, la t\u00eb bjer\u00eb n\u00eb m\u00ebnyr\u00eb automatike kandidatur\u00ebn e Jozefina Topallit; simbol shum\u00eb i fort\u00eb brenda PD p\u00ebr t&#8217;u arritur t\u00eb zgjidhet si Presidente konsensuale. Po p\u00ebr \u00e7&#8217;arsye sot, kur mori vendimin p\u00ebr t\u00eb tradh\u00ebtuar q\u00ebllimet e tij dhe u kthye p\u00ebr t\u00eb zgjedhur nj\u00eb President nga partia, p\u00ebrse nuk rimorri iden\u00eb logjike t\u00eb prezantimit t\u00eb Joz\u00ebfina Topallit?<\/p>\n<p>Edhe pse e kritikueshme, vendosja e nj\u00eb simboli t\u00eb Partis\u00eb si President n\u00eb krye t\u00eb vendit, do t\u00eb mbetej nj\u00eb form\u00eb arrogance, por pjes\u00ebrisht e balancuar nga fakti se zgjidhej nj\u00eb grua. P\u00ebr her\u00eb t\u00eb par\u00eb n\u00eb histori, Shqip\u00ebria do t\u00eb kishte nj\u00eb grua Presidente. Por, dor\u00ebzimi i tij p\u00ebrball\u00eb luftrave t\u00eb brendshme t\u00eb partis\u00eb duke favorizuar p\u00ebrs\u00ebri rrym\u00ebn e Lulzim Bash\u00ebs, rrezikon t\u00eb nxis\u00eb kund\u00ebr tij nj\u00eb luft\u00eb t\u00eb brendshme q\u00eb k\u00ebt\u00eb her\u00eb mund t\u00eb jet\u00eb vendimtare. N\u00ebse Jozefina Topalli ka njer\u00ebz dhe kurajo p\u00ebr ta k\u00ebt\u00eb luft\u00eb, ky \u00ebsht\u00eb momenti i duhur.<\/p>\n<p>Problemi i dyt\u00eb. T\u00eb zhg\u00ebnjyer nga imponimi i nj\u00eb Presidenti partie duket se jan\u00eb edhe ambasador\u00ebt, q\u00eb prej disa jav\u00ebsh zhvilluan ping pong takimesh mes Ram\u00ebs e Berish\u00ebs, duke pasur nj\u00eb objektiv plot\u00ebsisht t\u00eb ndrysh\u00ebm nga ai q\u00eb u arrit n\u00eb Kuvend. Disa ambasador\u00eb nuk ishin as t\u00eb pranish\u00ebm n\u00eb sall\u00eb. Berisha, pra, jo vet\u00ebm rrezikon t\u00eb p\u00ebrballet me nj\u00eb luft\u00eb Brenda partis\u00eb s\u00eb tij, por edhe t\u00eb ndeshet me &#8220;larjen e hesapeve&#8221; me komunitetin nd\u00ebrkomb\u00ebtar q\u00eb do t\u00eb konkretizohet n\u00eb afatin m\u00eb t\u00eb af\u00ebrt dhe vendimtar, at\u00eb t\u00eb Reform\u00ebs Zgjedhore.<\/p>\n<p>N\u00ebse Berisha u tregua i pal\u00ebkundur n\u00eb zgjedhjen e nj\u00eb Presidenti prej Partis\u00eb s\u00eb tij, mund t\u00eb detyrohet t\u00eb b\u00ebj\u00eb nj\u00eb hap pas n\u00eb zgjedhjen e rregullave elektorale. N\u00ebse opozita n\u00eb zgjedhjen e Presidentit, &#8220;humbi&#8221;, \u00ebsht\u00eb e parashikueshme, q\u00eb t\u00eb pretendoj\u00eb t\u00eb kompensohet n\u00eb tavolin\u00ebn e Reform\u00ebs s\u00eb ardhshme. N\u00ebse Berisha nuk d\u00ebshiron t\u00eb mbahet mend si kryeministri q\u00eb pasi i hapi dyert, i mbylli port\u00ebn Shqip\u00ebris\u00eb n\u00eb Bashkimin Europian, n\u00eb reform\u00ebn zgjedhore duhet t\u00eb tregohet i hapur dhe bashk\u00ebpunues. Esht\u00eb e nj\u00ebjta reform\u00eb me t\u00eb cil\u00ebn do t\u00eb luhet zgjedhja elektorale e vitit t\u00eb ardhsh\u00ebm.<\/p>\n<p>P.S. Ky skenar ka nj\u00eb logjik\u00eb vet\u00ebm me nj\u00eb kusht, q\u00eb ambasador\u00ebt, t\u00eb mbeten koherent\u00eb me principet q\u00eb zyrtarisht p\u00ebrfaq\u00ebsojn\u00eb dhe t\u00eb mos vendosin edhe nj\u00ebher\u00eb t\u00eb mbyllin syt\u00eb p\u00ebrball\u00eb prepotenc\u00ebs, abuzimeve dhe manipulimeve, si\u00e7 kan\u00eb b\u00ebr\u00eb shpesh n\u00eb historin\u00eb e Shqip\u00ebris\u00eb Demokratike. Berisha, edhe nj\u00ebher\u00eb, tregoi se b\u00ebn at\u00eb q\u00eb d\u00ebshiron.<\/p>\n<p>(<em>Shkrimi u botua ne Shqiptarja.com<\/em>)<br \/>\n(<em>sg\/shqiptarja.com<\/em>)<\/p>\n","protected":false},"excerpt":{"rendered":"<p>Alba Malltezi Em\u00ebrimi i Bujar Nishanit si Presidenti i ri i Republik\u00ebs me 73 vota, pra, pa nj\u00eb formul\u00eb konsensuale mes shumic\u00ebs dhe pakic\u00ebs, rrezikon t\u00eb shkaktoj\u00eb disa probleme p\u00ebr kryetarin e Partis\u00eb Demokratike. I paaft\u00eb p\u00ebr t\u00eb disat\u00ebn her\u00eb, p\u00ebr t\u00eb hequr dor\u00eb nga prepotenca e numrave, Berisha, \u00e7oi akrepat e or\u00ebs politike, dy [&hellip;]<\/p>\n","protected":false},"author":1,"featured_media":0,"comment_status":"open","ping_status":"closed","sticky":false,"template":"","format":"standard","meta":{"footnotes":""},"categories":[2],"tags":[],"class_list":{"0":"post-3256","1":"post","2":"type-post","3":"status-publish","4":"format-standard","6":"category-artikuj"},"yoast_head":"<!-- This site is optimized with the Yoast SEO plugin v27.4 - https:\/\/yoast.com\/product\/yoast-seo-wordpress\/ -->\n<title>\u00c7mimi q\u00eb do t\u00eb paguaj\u00eb Berisha - FjALA e LIR\u00cb - Arkivi<\/title>\n<meta name=\"robots\" content=\"index, follow, max-snippet:-1, max-image-preview:large, max-video-preview:-1\" \/>\n<link rel=\"canonical\" href=\"https:\/\/fjala.info\/2009-2015\/cmimi-qe-do-te-paguaje-berisha\/\" \/>\n<meta property=\"og:locale\" content=\"sq_AL\" \/>\n<meta property=\"og:type\" content=\"article\" \/>\n<meta property=\"og:title\" content=\"\u00c7mimi q\u00eb do t\u00eb paguaj\u00eb Berisha - FjALA e LIR\u00cb - Arkivi\" \/>\n<meta property=\"og:description\" content=\"Alba Malltezi Em\u00ebrimi i Bujar Nishanit si Presidenti i ri i Republik\u00ebs me 73 vota, pra, pa nj\u00eb formul\u00eb konsensuale mes shumic\u00ebs dhe pakic\u00ebs, rrezikon t\u00eb shkaktoj\u00eb disa probleme p\u00ebr kryetarin e Partis\u00eb Demokratike. I paaft\u00eb p\u00ebr t\u00eb disat\u00ebn her\u00eb, p\u00ebr t\u00eb hequr dor\u00eb nga prepotenca e numrave, Berisha, \u00e7oi akrepat e or\u00ebs politike, dy [&hellip;]\" \/>\n<meta property=\"og:url\" content=\"https:\/\/fjala.info\/2009-2015\/cmimi-qe-do-te-paguaje-berisha\/\" \/>\n<meta property=\"og:site_name\" content=\"FjALA e LIR\u00cb - Arkivi\" \/>\n<meta property=\"article:published_time\" content=\"2012-06-12T22:26:59+00:00\" \/>\n<meta property=\"og:image\" content=\"http:\/\/www.fjala.info\/2012\/alba_malltezi.jpg\" \/>\n<meta name=\"author\" content=\"admin\" \/>\n<meta name=\"twitter:card\" content=\"summary_large_image\" \/>\n<meta name=\"twitter:label1\" content=\"Written by\" \/>\n\t<meta name=\"twitter:data1\" content=\"admin\" \/>\n\t<meta name=\"twitter:label2\" content=\"Est. reading time\" \/>\n\t<meta name=\"twitter:data2\" content=\"4 minutes\" \/>\n<script type=\"application\/ld+json\" class=\"yoast-schema-graph\">{\"@context\":\"https:\\\/\\\/schema.org\",\"@graph\":[{\"@type\":\"Article\",\"@id\":\"https:\\\/\\\/fjala.info\\\/2009-2015\\\/cmimi-qe-do-te-paguaje-berisha\\\/#article\",\"isPartOf\":{\"@id\":\"https:\\\/\\\/fjala.info\\\/2009-2015\\\/cmimi-qe-do-te-paguaje-berisha\\\/\"},\"author\":{\"name\":\"admin\",\"@id\":\"https:\\\/\\\/fjala.info\\\/2009-2015\\\/#\\\/schema\\\/person\\\/3aa1163ef05469c496fc94e77611ada2\"},\"headline\":\"\u00c7mimi q\u00eb do t\u00eb paguaj\u00eb Berisha\",\"datePublished\":\"2012-06-12T22:26:59+00:00\",\"mainEntityOfPage\":{\"@id\":\"https:\\\/\\\/fjala.info\\\/2009-2015\\\/cmimi-qe-do-te-paguaje-berisha\\\/\"},\"wordCount\":742,\"commentCount\":0,\"publisher\":{\"@id\":\"https:\\\/\\\/fjala.info\\\/2009-2015\\\/#organization\"},\"image\":{\"@id\":\"https:\\\/\\\/fjala.info\\\/2009-2015\\\/cmimi-qe-do-te-paguaje-berisha\\\/#primaryimage\"},\"thumbnailUrl\":\"http:\\\/\\\/www.fjala.info\\\/2012\\\/alba_malltezi.jpg\",\"articleSection\":[\"Artikuj\"],\"inLanguage\":\"sq-AL\",\"potentialAction\":[{\"@type\":\"CommentAction\",\"name\":\"Comment\",\"target\":[\"https:\\\/\\\/fjala.info\\\/2009-2015\\\/cmimi-qe-do-te-paguaje-berisha\\\/#respond\"]}]},{\"@type\":\"WebPage\",\"@id\":\"https:\\\/\\\/fjala.info\\\/2009-2015\\\/cmimi-qe-do-te-paguaje-berisha\\\/\",\"url\":\"https:\\\/\\\/fjala.info\\\/2009-2015\\\/cmimi-qe-do-te-paguaje-berisha\\\/\",\"name\":\"\u00c7mimi q\u00eb do t\u00eb paguaj\u00eb Berisha - FjALA e LIR\u00cb - Arkivi\",\"isPartOf\":{\"@id\":\"https:\\\/\\\/fjala.info\\\/2009-2015\\\/#website\"},\"primaryImageOfPage\":{\"@id\":\"https:\\\/\\\/fjala.info\\\/2009-2015\\\/cmimi-qe-do-te-paguaje-berisha\\\/#primaryimage\"},\"image\":{\"@id\":\"https:\\\/\\\/fjala.info\\\/2009-2015\\\/cmimi-qe-do-te-paguaje-berisha\\\/#primaryimage\"},\"thumbnailUrl\":\"http:\\\/\\\/www.fjala.info\\\/2012\\\/alba_malltezi.jpg\",\"datePublished\":\"2012-06-12T22:26:59+00:00\",\"breadcrumb\":{\"@id\":\"https:\\\/\\\/fjala.info\\\/2009-2015\\\/cmimi-qe-do-te-paguaje-berisha\\\/#breadcrumb\"},\"inLanguage\":\"sq-AL\",\"potentialAction\":[{\"@type\":\"ReadAction\",\"target\":[\"https:\\\/\\\/fjala.info\\\/2009-2015\\\/cmimi-qe-do-te-paguaje-berisha\\\/\"]}]},{\"@type\":\"ImageObject\",\"inLanguage\":\"sq-AL\",\"@id\":\"https:\\\/\\\/fjala.info\\\/2009-2015\\\/cmimi-qe-do-te-paguaje-berisha\\\/#primaryimage\",\"url\":\"http:\\\/\\\/www.fjala.info\\\/2012\\\/alba_malltezi.jpg\",\"contentUrl\":\"http:\\\/\\\/www.fjala.info\\\/2012\\\/alba_malltezi.jpg\"},{\"@type\":\"BreadcrumbList\",\"@id\":\"https:\\\/\\\/fjala.info\\\/2009-2015\\\/cmimi-qe-do-te-paguaje-berisha\\\/#breadcrumb\",\"itemListElement\":[{\"@type\":\"ListItem\",\"position\":1,\"name\":\"Home\",\"item\":\"https:\\\/\\\/fjala.info\\\/2009-2015\\\/\"},{\"@type\":\"ListItem\",\"position\":2,\"name\":\"\u00c7mimi q\u00eb do t\u00eb paguaj\u00eb Berisha\"}]},{\"@type\":\"WebSite\",\"@id\":\"https:\\\/\\\/fjala.info\\\/2009-2015\\\/#website\",\"url\":\"https:\\\/\\\/fjala.info\\\/2009-2015\\\/\",\"name\":\"FjALA e LIR\u00cb - Arkivi\",\"description\":\"Arkivi 2009-2015\",\"publisher\":{\"@id\":\"https:\\\/\\\/fjala.info\\\/2009-2015\\\/#organization\"},\"potentialAction\":[{\"@type\":\"SearchAction\",\"target\":{\"@type\":\"EntryPoint\",\"urlTemplate\":\"https:\\\/\\\/fjala.info\\\/2009-2015\\\/?s={search_term_string}\"},\"query-input\":{\"@type\":\"PropertyValueSpecification\",\"valueRequired\":true,\"valueName\":\"search_term_string\"}}],\"inLanguage\":\"sq-AL\"},{\"@type\":\"Organization\",\"@id\":\"https:\\\/\\\/fjala.info\\\/2009-2015\\\/#organization\",\"name\":\"FjALA e LIR\u00cb - Arkivi\",\"url\":\"https:\\\/\\\/fjala.info\\\/2009-2015\\\/\",\"logo\":{\"@type\":\"ImageObject\",\"inLanguage\":\"sq-AL\",\"@id\":\"https:\\\/\\\/fjala.info\\\/2009-2015\\\/#\\\/schema\\\/logo\\\/image\\\/\",\"url\":\"\",\"contentUrl\":\"\",\"caption\":\"FjALA e LIR\u00cb - Arkivi\"},\"image\":{\"@id\":\"https:\\\/\\\/fjala.info\\\/2009-2015\\\/#\\\/schema\\\/logo\\\/image\\\/\"}},{\"@type\":\"Person\",\"@id\":\"https:\\\/\\\/fjala.info\\\/2009-2015\\\/#\\\/schema\\\/person\\\/3aa1163ef05469c496fc94e77611ada2\",\"name\":\"admin\",\"image\":{\"@type\":\"ImageObject\",\"inLanguage\":\"sq-AL\",\"@id\":\"https:\\\/\\\/fjala.info\\\/2009-2015\\\/wp-content\\\/uploads\\\/2012\\\/02\\\/arben_cokaj-120x150.jpg\",\"url\":\"https:\\\/\\\/fjala.info\\\/2009-2015\\\/wp-content\\\/uploads\\\/2012\\\/02\\\/arben_cokaj-120x150.jpg\",\"contentUrl\":\"https:\\\/\\\/fjala.info\\\/2009-2015\\\/wp-content\\\/uploads\\\/2012\\\/02\\\/arben_cokaj-120x150.jpg\",\"caption\":\"admin\"},\"description\":\"Admin, Fjala e Lir\u00eb\",\"sameAs\":[\"https:\\\/\\\/fjala.info\\\/\"],\"url\":\"https:\\\/\\\/fjala.info\\\/2009-2015\\\/author\\\/admin\\\/\"}]}<\/script>\n<!-- \/ Yoast SEO plugin. -->","yoast_head_json":{"title":"\u00c7mimi q\u00eb do t\u00eb paguaj\u00eb Berisha - FjALA e LIR\u00cb - Arkivi","robots":{"index":"index","follow":"follow","max-snippet":"max-snippet:-1","max-image-preview":"max-image-preview:large","max-video-preview":"max-video-preview:-1"},"canonical":"https:\/\/fjala.info\/2009-2015\/cmimi-qe-do-te-paguaje-berisha\/","og_locale":"sq_AL","og_type":"article","og_title":"\u00c7mimi q\u00eb do t\u00eb paguaj\u00eb Berisha - FjALA e LIR\u00cb - Arkivi","og_description":"Alba Malltezi Em\u00ebrimi i Bujar Nishanit si Presidenti i ri i Republik\u00ebs me 73 vota, pra, pa nj\u00eb formul\u00eb konsensuale mes shumic\u00ebs dhe pakic\u00ebs, rrezikon t\u00eb shkaktoj\u00eb disa probleme p\u00ebr kryetarin e Partis\u00eb Demokratike. I paaft\u00eb p\u00ebr t\u00eb disat\u00ebn her\u00eb, p\u00ebr t\u00eb hequr dor\u00eb nga prepotenca e numrave, Berisha, \u00e7oi akrepat e or\u00ebs politike, dy [&hellip;]","og_url":"https:\/\/fjala.info\/2009-2015\/cmimi-qe-do-te-paguaje-berisha\/","og_site_name":"FjALA e LIR\u00cb - Arkivi","article_published_time":"2012-06-12T22:26:59+00:00","og_image":[{"url":"http:\/\/www.fjala.info\/2012\/alba_malltezi.jpg","type":"","width":"","height":""}],"author":"admin","twitter_card":"summary_large_image","twitter_misc":{"Written by":"admin","Est. reading time":"4 minutes"},"schema":{"@context":"https:\/\/schema.org","@graph":[{"@type":"Article","@id":"https:\/\/fjala.info\/2009-2015\/cmimi-qe-do-te-paguaje-berisha\/#article","isPartOf":{"@id":"https:\/\/fjala.info\/2009-2015\/cmimi-qe-do-te-paguaje-berisha\/"},"author":{"name":"admin","@id":"https:\/\/fjala.info\/2009-2015\/#\/schema\/person\/3aa1163ef05469c496fc94e77611ada2"},"headline":"\u00c7mimi q\u00eb do t\u00eb paguaj\u00eb Berisha","datePublished":"2012-06-12T22:26:59+00:00","mainEntityOfPage":{"@id":"https:\/\/fjala.info\/2009-2015\/cmimi-qe-do-te-paguaje-berisha\/"},"wordCount":742,"commentCount":0,"publisher":{"@id":"https:\/\/fjala.info\/2009-2015\/#organization"},"image":{"@id":"https:\/\/fjala.info\/2009-2015\/cmimi-qe-do-te-paguaje-berisha\/#primaryimage"},"thumbnailUrl":"http:\/\/www.fjala.info\/2012\/alba_malltezi.jpg","articleSection":["Artikuj"],"inLanguage":"sq-AL","potentialAction":[{"@type":"CommentAction","name":"Comment","target":["https:\/\/fjala.info\/2009-2015\/cmimi-qe-do-te-paguaje-berisha\/#respond"]}]},{"@type":"WebPage","@id":"https:\/\/fjala.info\/2009-2015\/cmimi-qe-do-te-paguaje-berisha\/","url":"https:\/\/fjala.info\/2009-2015\/cmimi-qe-do-te-paguaje-berisha\/","name":"\u00c7mimi q\u00eb do t\u00eb paguaj\u00eb Berisha - FjALA e LIR\u00cb - Arkivi","isPartOf":{"@id":"https:\/\/fjala.info\/2009-2015\/#website"},"primaryImageOfPage":{"@id":"https:\/\/fjala.info\/2009-2015\/cmimi-qe-do-te-paguaje-berisha\/#primaryimage"},"image":{"@id":"https:\/\/fjala.info\/2009-2015\/cmimi-qe-do-te-paguaje-berisha\/#primaryimage"},"thumbnailUrl":"http:\/\/www.fjala.info\/2012\/alba_malltezi.jpg","datePublished":"2012-06-12T22:26:59+00:00","breadcrumb":{"@id":"https:\/\/fjala.info\/2009-2015\/cmimi-qe-do-te-paguaje-berisha\/#breadcrumb"},"inLanguage":"sq-AL","potentialAction":[{"@type":"ReadAction","target":["https:\/\/fjala.info\/2009-2015\/cmimi-qe-do-te-paguaje-berisha\/"]}]},{"@type":"ImageObject","inLanguage":"sq-AL","@id":"https:\/\/fjala.info\/2009-2015\/cmimi-qe-do-te-paguaje-berisha\/#primaryimage","url":"http:\/\/www.fjala.info\/2012\/alba_malltezi.jpg","contentUrl":"http:\/\/www.fjala.info\/2012\/alba_malltezi.jpg"},{"@type":"BreadcrumbList","@id":"https:\/\/fjala.info\/2009-2015\/cmimi-qe-do-te-paguaje-berisha\/#breadcrumb","itemListElement":[{"@type":"ListItem","position":1,"name":"Home","item":"https:\/\/fjala.info\/2009-2015\/"},{"@type":"ListItem","position":2,"name":"\u00c7mimi q\u00eb do t\u00eb paguaj\u00eb Berisha"}]},{"@type":"WebSite","@id":"https:\/\/fjala.info\/2009-2015\/#website","url":"https:\/\/fjala.info\/2009-2015\/","name":"FjALA e LIR\u00cb - Arkivi","description":"Arkivi 2009-2015","publisher":{"@id":"https:\/\/fjala.info\/2009-2015\/#organization"},"potentialAction":[{"@type":"SearchAction","target":{"@type":"EntryPoint","urlTemplate":"https:\/\/fjala.info\/2009-2015\/?s={search_term_string}"},"query-input":{"@type":"PropertyValueSpecification","valueRequired":true,"valueName":"search_term_string"}}],"inLanguage":"sq-AL"},{"@type":"Organization","@id":"https:\/\/fjala.info\/2009-2015\/#organization","name":"FjALA e LIR\u00cb - Arkivi","url":"https:\/\/fjala.info\/2009-2015\/","logo":{"@type":"ImageObject","inLanguage":"sq-AL","@id":"https:\/\/fjala.info\/2009-2015\/#\/schema\/logo\/image\/","url":"","contentUrl":"","caption":"FjALA e LIR\u00cb - Arkivi"},"image":{"@id":"https:\/\/fjala.info\/2009-2015\/#\/schema\/logo\/image\/"}},{"@type":"Person","@id":"https:\/\/fjala.info\/2009-2015\/#\/schema\/person\/3aa1163ef05469c496fc94e77611ada2","name":"admin","image":{"@type":"ImageObject","inLanguage":"sq-AL","@id":"https:\/\/fjala.info\/2009-2015\/wp-content\/uploads\/2012\/02\/arben_cokaj-120x150.jpg","url":"https:\/\/fjala.info\/2009-2015\/wp-content\/uploads\/2012\/02\/arben_cokaj-120x150.jpg","contentUrl":"https:\/\/fjala.info\/2009-2015\/wp-content\/uploads\/2012\/02\/arben_cokaj-120x150.jpg","caption":"admin"},"description":"Admin, Fjala e Lir\u00eb","sameAs":["https:\/\/fjala.info\/"],"url":"https:\/\/fjala.info\/2009-2015\/author\/admin\/"}]}},"_links":{"self":[{"href":"https:\/\/fjala.info\/2009-2015\/wp-json\/wp\/v2\/posts\/3256","targetHints":{"allow":["GET"]}}],"collection":[{"href":"https:\/\/fjala.info\/2009-2015\/wp-json\/wp\/v2\/posts"}],"about":[{"href":"https:\/\/fjala.info\/2009-2015\/wp-json\/wp\/v2\/types\/post"}],"author":[{"embeddable":true,"href":"https:\/\/fjala.info\/2009-2015\/wp-json\/wp\/v2\/users\/1"}],"replies":[{"embeddable":true,"href":"https:\/\/fjala.info\/2009-2015\/wp-json\/wp\/v2\/comments?post=3256"}],"version-history":[{"count":0,"href":"https:\/\/fjala.info\/2009-2015\/wp-json\/wp\/v2\/posts\/3256\/revisions"}],"wp:attachment":[{"href":"https:\/\/fjala.info\/2009-2015\/wp-json\/wp\/v2\/media?parent=3256"}],"wp:term":[{"taxonomy":"category","embeddable":true,"href":"https:\/\/fjala.info\/2009-2015\/wp-json\/wp\/v2\/categories?post=3256"},{"taxonomy":"post_tag","embeddable":true,"href":"https:\/\/fjala.info\/2009-2015\/wp-json\/wp\/v2\/tags?post=3256"}],"curies":[{"name":"wp","href":"https:\/\/api.w.org\/{rel}","templated":true}]}}