{"id":3254,"date":"2012-06-12T23:24:25","date_gmt":"2012-06-12T22:24:25","guid":{"rendered":"http:\/\/www.fjala.info\/?p=3254"},"modified":"2012-06-12T23:24:25","modified_gmt":"2012-06-12T22:24:25","slug":"presidenca-nishani-i-fundit","status":"publish","type":"post","link":"https:\/\/fjala.info\/2009-2015\/presidenca-nishani-i-fundit\/","title":{"rendered":"Presidenca, Nishani i fundit"},"content":{"rendered":"<p><img decoding=\"async\" class=\"alignright size-thumbnail wp-image-7236\" title=\"Arben Rrozhani\" src=\"http:\/\/www.fjala.info\/2012\/arben_rrozhani.jpg\" alt=\"\" width=\"150\" \/> <strong>Arben Rrozhani <\/strong><\/p>\n<p>Aleanca qeveris\u00ebse nxitoi dje t\u00eb p\u00ebrmbyllte procesin e kandidimit dhe t\u00eb votimit t\u00eb presidentit t\u00eb ri t\u00eb Shqip\u00ebris\u00eb, t\u00eb gjashtin n\u00eb historin\u00eb postkomuniste n\u00eb vendit. N\u00eb nj\u00eb votim en-block mbushur me kulisa, mesazhe,pakte dhe v\u00ebzhgime n\u00eb \u00e7do flet\u00eb q\u00eb hidhej n\u00eb kutin\u00eb e votimit n\u00eb Kuvendit t\u00eb Shqip\u00ebris\u00eb, mbr\u00ebm\u00eb u votua dhe sot kemi de facto presidentin e ri, aktualisht ministrin e brend\u00ebsh\u00ebm Bujar Nishani.<\/p>\n<p>Ofrimi i k\u00ebtij emri nuk ishte supriz\u00eb, sepse ai ishte p\u00ebrmendur edhe m\u00eb par\u00eb nga shumica n\u00eb pushtet, por vendosja e tij me urgjenc\u00eb, n\u00eb minutat e fundit, p\u00ebr ta b\u00ebr\u00eb president, pasuar disa or\u00eb m\u00eb von\u00eb nga ovacionet, qeshjet me zhurma fishekzjarresh t\u00eb deputet\u00ebve qeveris\u00ebs, ishte p\u00ebrfundimisht nj\u00eb zgjidhje alla-PD. Pra ajo q\u00eb nuk donte askush p\u00ebrve\u00e7 atyre duan t\u00eb mbajn\u00eb pushtetin, me \u00e7do kusht dhe me \u00e7do \u00e7mim. Dhe \u00e7mimi q\u00eb duhet t\u00eb paguaj\u00eb vendi dhe shqiptar\u00ebt \u00ebsht\u00eb nj\u00eb gjys\u00ebm-president. Bujar Nishani \u00ebsht\u00eb 100 p\u00ebr qind kandidati politik q\u00eb nuk duhej t\u00eb ishte presidenti i ri. Prej t\u00eb pakt\u00ebn vitit 1992 q\u00eb kur ai u b\u00eb pjes\u00eb e stafit t\u00eb ish-ministrit t\u00eb Mbrojtjes Safet Zhulali, ai ishte nj\u00eb njeri i PS-s\u00eb dhe Berish\u00ebs.<\/p>\n<p>Pas largimit t\u00eb tij nga pushteti duke qen\u00eb se nuk mund t\u00eb b\u00ebnte asgj\u00eb tjet\u00ebr, ai provoi at\u00eb t\u00eb mbijetes\u00ebs, duke b\u00ebr\u00eb pun\u00eb t\u00eb r\u00ebndomta, n\u00eb t\u00eb cilat paraja fitohet me mund dhe djers\u00eb dhe u kthyer s\u00ebrish n\u00eb administrat\u00eb, pasi u riafrua me PD-n\u00eb prej vitit 2000 dhe p\u00ebr t\u00eb shijuar postet n\u00eb rangjet m\u00eb t\u00eb larta pas ardhjes s\u00eb kryeministrit Berisha n\u00eb pushtet. Pra ai nuk ka qen\u00eb asnj\u00eb dit\u00eb n\u00eb PS, megjith\u00ebse ishte militant i paraardh\u00ebse s\u00eb saj PPSH, s\u00eb cil\u00ebs ai i sh\u00ebrbeu deri n\u00eb fund, si\u00e7 b\u00ebri n\u00eb ato dit\u00eb t\u00eb vitit 1991, kur ishte nj\u00ebri prej pedagog\u00ebve q\u00eb mbrojt\u00ebn bustin e Enver Hoxh\u00ebs te Shkolla e Bashkuar.<\/p>\n<p>Ai pra \u00ebsht\u00eb presidenti i PD-s\u00eb, minist\u00ebr i saj prej disa vitesh, dhe n\u00ebse ka qen\u00eb minist\u00ebr ai ka qen\u00eb aty si njeri politik, sepse ai nuk \u00ebsht\u00eb as jurist q\u00eb t\u00eb marr\u00eb vesh nga Drejt\u00ebsia, as polic apo gardist q\u00eb t\u00eb ishte minist\u00ebr i Brend\u00ebsh\u00ebm. Nishani dogji shansin e kandidatur\u00ebs konsensuale, q\u00eb ishte k\u00ebrkuar me ngulm nga opozita, por edhe nga nd\u00ebrkomb\u00ebtar\u00ebt. Ai sot mund t\u00eb jet\u00eb i pranuar prej tyre, si sosje e durimit q\u00eb ata pat\u00ebn me nj\u00eb process t\u00eb degjeneruar dhe t\u00eb sajuar pik\u00ebrisht q\u00eb t\u00eb shkonte te kandidati politik. Bujar Nishani \u00ebsht\u00eb nj\u00eb kandidat p\u00ebrgjys\u00ebm dhe v\u00ebrtet i djatht\u00eb, n\u00ebse do t\u00eb flisnim me sarkaz\u00ebm p\u00ebr kreun e ri t\u00eb shtetit.<\/p>\n<p>Pa c\u00ebnuar aspektin moral dhe etik, shefi i ri i presidenc\u00ebs, \u00ebsht\u00eb nj\u00eb burr\u00eb q\u00eb ka probleme t\u00eb r\u00ebnda sh\u00ebndet\u00ebsore. T\u00eb vinte keq q\u00eb dje, kur shihje, se, pasi votoi p\u00ebr veten e vet, kandidati p\u00ebr president, nuk arrinte te l\u00ebvizte krahun e majt\u00eb, sepse k\u00ebto jan\u00eb pasojat e s\u00ebmundjes q\u00eb ai ka prej vitesh. Dhe t\u00eb vjen keq p\u00ebr vendin, q\u00eb nj\u00eb njeri n\u00eb nj\u00eb gjendje t\u00eb till\u00eb duhet t\u00eb jet\u00eb n\u00eb krye t\u00eb shtetit, ku duhen marr\u00eb vendime t\u00eb m\u00ebdha, vet\u00ebm e vet\u00ebm, pse k\u00ebshtu ka vendosur kryeministri, kryetari i PD-s\u00eb dhe , mbi t\u00eb gjitha presidenti-hije i Shqip\u00ebris\u00eb, Sali Berisha.<\/p>\n<p>Nishani \u00ebsht\u00eb nj\u00eb gjys\u00ebm presidenti, q\u00eb u hodh dje befas si komerdare shp\u00ebtimi nga frika e mbytjes s\u00eb qeveris\u00eb, por \u00ebsht\u00eb kreu i shtetit, q\u00eb mbyti \u00e7do fije shprese p\u00ebr shkarjen e vendit n\u00eb autokraci. Prej mandatimit t\u00eb Nishanit si kryetar i shtetit, Sali Berisha ka marr\u00eb edhe kalan\u00eb e fundit, at\u00eb ku do t\u00eb nis\u00eb me \u00e7do kusht zhb\u00ebrjen e fundit t\u00eb \u00e7do institucuoni t\u00eb pavarur kushtetues q\u00eb ka mbetur n\u00eb k\u00ebmb\u00eb, Prokurori e p\u00ebrgjithshme, SHISH dhe ca skuta t\u00eb Gjyq\u00ebsorit. Tashm\u00eb, berisha ka q\u00eblluar n\u00eb Nishan: S\u00ebrish president dhe gjith\u00e7ka.<\/p>\n<p>(<em>sg\/shqiptarja.com<\/em>)<\/p>\n","protected":false},"excerpt":{"rendered":"<p>Arben Rrozhani Aleanca qeveris\u00ebse nxitoi dje t\u00eb p\u00ebrmbyllte procesin e kandidimit dhe t\u00eb votimit t\u00eb presidentit t\u00eb ri t\u00eb Shqip\u00ebris\u00eb, t\u00eb gjashtin n\u00eb historin\u00eb postkomuniste n\u00eb vendit. N\u00eb nj\u00eb votim en-block mbushur me kulisa, mesazhe,pakte dhe v\u00ebzhgime n\u00eb \u00e7do flet\u00eb q\u00eb hidhej n\u00eb kutin\u00eb e votimit n\u00eb Kuvendit t\u00eb Shqip\u00ebris\u00eb, mbr\u00ebm\u00eb u votua dhe sot [&hellip;]<\/p>\n","protected":false},"author":1,"featured_media":0,"comment_status":"open","ping_status":"closed","sticky":false,"template":"","format":"standard","meta":{"footnotes":""},"categories":[2],"tags":[],"class_list":{"0":"post-3254","1":"post","2":"type-post","3":"status-publish","4":"format-standard","6":"category-artikuj"},"yoast_head":"<!-- This site is optimized with the Yoast SEO plugin v27.4 - https:\/\/yoast.com\/product\/yoast-seo-wordpress\/ -->\n<title>Presidenca, Nishani i fundit - FjALA e LIR\u00cb - Arkivi<\/title>\n<meta name=\"robots\" content=\"index, follow, max-snippet:-1, max-image-preview:large, max-video-preview:-1\" \/>\n<link rel=\"canonical\" href=\"https:\/\/fjala.info\/2009-2015\/presidenca-nishani-i-fundit\/\" \/>\n<meta property=\"og:locale\" content=\"sq_AL\" \/>\n<meta property=\"og:type\" content=\"article\" \/>\n<meta property=\"og:title\" content=\"Presidenca, Nishani i fundit - FjALA e LIR\u00cb - Arkivi\" \/>\n<meta property=\"og:description\" content=\"Arben Rrozhani Aleanca qeveris\u00ebse nxitoi dje t\u00eb p\u00ebrmbyllte procesin e kandidimit dhe t\u00eb votimit t\u00eb presidentit t\u00eb ri t\u00eb Shqip\u00ebris\u00eb, t\u00eb gjashtin n\u00eb historin\u00eb postkomuniste n\u00eb vendit. N\u00eb nj\u00eb votim en-block mbushur me kulisa, mesazhe,pakte dhe v\u00ebzhgime n\u00eb \u00e7do flet\u00eb q\u00eb hidhej n\u00eb kutin\u00eb e votimit n\u00eb Kuvendit t\u00eb Shqip\u00ebris\u00eb, mbr\u00ebm\u00eb u votua dhe sot [&hellip;]\" \/>\n<meta property=\"og:url\" content=\"https:\/\/fjala.info\/2009-2015\/presidenca-nishani-i-fundit\/\" \/>\n<meta property=\"og:site_name\" content=\"FjALA e LIR\u00cb - Arkivi\" \/>\n<meta property=\"article:published_time\" content=\"2012-06-12T22:24:25+00:00\" \/>\n<meta property=\"og:image\" content=\"http:\/\/www.fjala.info\/2012\/arben_rrozhani.jpg\" \/>\n<meta name=\"author\" content=\"admin\" \/>\n<meta name=\"twitter:card\" content=\"summary_large_image\" \/>\n<meta name=\"twitter:label1\" content=\"Written by\" \/>\n\t<meta name=\"twitter:data1\" content=\"admin\" \/>\n\t<meta name=\"twitter:label2\" content=\"Est. reading time\" \/>\n\t<meta name=\"twitter:data2\" content=\"3 minutes\" \/>\n<script type=\"application\/ld+json\" class=\"yoast-schema-graph\">{\"@context\":\"https:\\\/\\\/schema.org\",\"@graph\":[{\"@type\":\"Article\",\"@id\":\"https:\\\/\\\/fjala.info\\\/2009-2015\\\/presidenca-nishani-i-fundit\\\/#article\",\"isPartOf\":{\"@id\":\"https:\\\/\\\/fjala.info\\\/2009-2015\\\/presidenca-nishani-i-fundit\\\/\"},\"author\":{\"name\":\"admin\",\"@id\":\"https:\\\/\\\/fjala.info\\\/2009-2015\\\/#\\\/schema\\\/person\\\/3aa1163ef05469c496fc94e77611ada2\"},\"headline\":\"Presidenca, Nishani i fundit\",\"datePublished\":\"2012-06-12T22:24:25+00:00\",\"mainEntityOfPage\":{\"@id\":\"https:\\\/\\\/fjala.info\\\/2009-2015\\\/presidenca-nishani-i-fundit\\\/\"},\"wordCount\":702,\"commentCount\":0,\"publisher\":{\"@id\":\"https:\\\/\\\/fjala.info\\\/2009-2015\\\/#organization\"},\"image\":{\"@id\":\"https:\\\/\\\/fjala.info\\\/2009-2015\\\/presidenca-nishani-i-fundit\\\/#primaryimage\"},\"thumbnailUrl\":\"http:\\\/\\\/www.fjala.info\\\/2012\\\/arben_rrozhani.jpg\",\"articleSection\":[\"Artikuj\"],\"inLanguage\":\"sq-AL\",\"potentialAction\":[{\"@type\":\"CommentAction\",\"name\":\"Comment\",\"target\":[\"https:\\\/\\\/fjala.info\\\/2009-2015\\\/presidenca-nishani-i-fundit\\\/#respond\"]}]},{\"@type\":\"WebPage\",\"@id\":\"https:\\\/\\\/fjala.info\\\/2009-2015\\\/presidenca-nishani-i-fundit\\\/\",\"url\":\"https:\\\/\\\/fjala.info\\\/2009-2015\\\/presidenca-nishani-i-fundit\\\/\",\"name\":\"Presidenca, Nishani i fundit - FjALA e LIR\u00cb - Arkivi\",\"isPartOf\":{\"@id\":\"https:\\\/\\\/fjala.info\\\/2009-2015\\\/#website\"},\"primaryImageOfPage\":{\"@id\":\"https:\\\/\\\/fjala.info\\\/2009-2015\\\/presidenca-nishani-i-fundit\\\/#primaryimage\"},\"image\":{\"@id\":\"https:\\\/\\\/fjala.info\\\/2009-2015\\\/presidenca-nishani-i-fundit\\\/#primaryimage\"},\"thumbnailUrl\":\"http:\\\/\\\/www.fjala.info\\\/2012\\\/arben_rrozhani.jpg\",\"datePublished\":\"2012-06-12T22:24:25+00:00\",\"breadcrumb\":{\"@id\":\"https:\\\/\\\/fjala.info\\\/2009-2015\\\/presidenca-nishani-i-fundit\\\/#breadcrumb\"},\"inLanguage\":\"sq-AL\",\"potentialAction\":[{\"@type\":\"ReadAction\",\"target\":[\"https:\\\/\\\/fjala.info\\\/2009-2015\\\/presidenca-nishani-i-fundit\\\/\"]}]},{\"@type\":\"ImageObject\",\"inLanguage\":\"sq-AL\",\"@id\":\"https:\\\/\\\/fjala.info\\\/2009-2015\\\/presidenca-nishani-i-fundit\\\/#primaryimage\",\"url\":\"http:\\\/\\\/www.fjala.info\\\/2012\\\/arben_rrozhani.jpg\",\"contentUrl\":\"http:\\\/\\\/www.fjala.info\\\/2012\\\/arben_rrozhani.jpg\"},{\"@type\":\"BreadcrumbList\",\"@id\":\"https:\\\/\\\/fjala.info\\\/2009-2015\\\/presidenca-nishani-i-fundit\\\/#breadcrumb\",\"itemListElement\":[{\"@type\":\"ListItem\",\"position\":1,\"name\":\"Home\",\"item\":\"https:\\\/\\\/fjala.info\\\/2009-2015\\\/\"},{\"@type\":\"ListItem\",\"position\":2,\"name\":\"Presidenca, Nishani i fundit\"}]},{\"@type\":\"WebSite\",\"@id\":\"https:\\\/\\\/fjala.info\\\/2009-2015\\\/#website\",\"url\":\"https:\\\/\\\/fjala.info\\\/2009-2015\\\/\",\"name\":\"FjALA e LIR\u00cb - Arkivi\",\"description\":\"Arkivi 2009-2015\",\"publisher\":{\"@id\":\"https:\\\/\\\/fjala.info\\\/2009-2015\\\/#organization\"},\"potentialAction\":[{\"@type\":\"SearchAction\",\"target\":{\"@type\":\"EntryPoint\",\"urlTemplate\":\"https:\\\/\\\/fjala.info\\\/2009-2015\\\/?s={search_term_string}\"},\"query-input\":{\"@type\":\"PropertyValueSpecification\",\"valueRequired\":true,\"valueName\":\"search_term_string\"}}],\"inLanguage\":\"sq-AL\"},{\"@type\":\"Organization\",\"@id\":\"https:\\\/\\\/fjala.info\\\/2009-2015\\\/#organization\",\"name\":\"FjALA e LIR\u00cb - Arkivi\",\"url\":\"https:\\\/\\\/fjala.info\\\/2009-2015\\\/\",\"logo\":{\"@type\":\"ImageObject\",\"inLanguage\":\"sq-AL\",\"@id\":\"https:\\\/\\\/fjala.info\\\/2009-2015\\\/#\\\/schema\\\/logo\\\/image\\\/\",\"url\":\"\",\"contentUrl\":\"\",\"caption\":\"FjALA e LIR\u00cb - Arkivi\"},\"image\":{\"@id\":\"https:\\\/\\\/fjala.info\\\/2009-2015\\\/#\\\/schema\\\/logo\\\/image\\\/\"}},{\"@type\":\"Person\",\"@id\":\"https:\\\/\\\/fjala.info\\\/2009-2015\\\/#\\\/schema\\\/person\\\/3aa1163ef05469c496fc94e77611ada2\",\"name\":\"admin\",\"image\":{\"@type\":\"ImageObject\",\"inLanguage\":\"sq-AL\",\"@id\":\"https:\\\/\\\/fjala.info\\\/2009-2015\\\/wp-content\\\/uploads\\\/2012\\\/02\\\/arben_cokaj-120x150.jpg\",\"url\":\"https:\\\/\\\/fjala.info\\\/2009-2015\\\/wp-content\\\/uploads\\\/2012\\\/02\\\/arben_cokaj-120x150.jpg\",\"contentUrl\":\"https:\\\/\\\/fjala.info\\\/2009-2015\\\/wp-content\\\/uploads\\\/2012\\\/02\\\/arben_cokaj-120x150.jpg\",\"caption\":\"admin\"},\"description\":\"Admin, Fjala e Lir\u00eb\",\"sameAs\":[\"https:\\\/\\\/fjala.info\\\/\"],\"url\":\"https:\\\/\\\/fjala.info\\\/2009-2015\\\/author\\\/admin\\\/\"}]}<\/script>\n<!-- \/ Yoast SEO plugin. -->","yoast_head_json":{"title":"Presidenca, Nishani i fundit - FjALA e LIR\u00cb - Arkivi","robots":{"index":"index","follow":"follow","max-snippet":"max-snippet:-1","max-image-preview":"max-image-preview:large","max-video-preview":"max-video-preview:-1"},"canonical":"https:\/\/fjala.info\/2009-2015\/presidenca-nishani-i-fundit\/","og_locale":"sq_AL","og_type":"article","og_title":"Presidenca, Nishani i fundit - FjALA e LIR\u00cb - Arkivi","og_description":"Arben Rrozhani Aleanca qeveris\u00ebse nxitoi dje t\u00eb p\u00ebrmbyllte procesin e kandidimit dhe t\u00eb votimit t\u00eb presidentit t\u00eb ri t\u00eb Shqip\u00ebris\u00eb, t\u00eb gjashtin n\u00eb historin\u00eb postkomuniste n\u00eb vendit. N\u00eb nj\u00eb votim en-block mbushur me kulisa, mesazhe,pakte dhe v\u00ebzhgime n\u00eb \u00e7do flet\u00eb q\u00eb hidhej n\u00eb kutin\u00eb e votimit n\u00eb Kuvendit t\u00eb Shqip\u00ebris\u00eb, mbr\u00ebm\u00eb u votua dhe sot [&hellip;]","og_url":"https:\/\/fjala.info\/2009-2015\/presidenca-nishani-i-fundit\/","og_site_name":"FjALA e LIR\u00cb - Arkivi","article_published_time":"2012-06-12T22:24:25+00:00","og_image":[{"url":"http:\/\/www.fjala.info\/2012\/arben_rrozhani.jpg","type":"","width":"","height":""}],"author":"admin","twitter_card":"summary_large_image","twitter_misc":{"Written by":"admin","Est. reading time":"3 minutes"},"schema":{"@context":"https:\/\/schema.org","@graph":[{"@type":"Article","@id":"https:\/\/fjala.info\/2009-2015\/presidenca-nishani-i-fundit\/#article","isPartOf":{"@id":"https:\/\/fjala.info\/2009-2015\/presidenca-nishani-i-fundit\/"},"author":{"name":"admin","@id":"https:\/\/fjala.info\/2009-2015\/#\/schema\/person\/3aa1163ef05469c496fc94e77611ada2"},"headline":"Presidenca, Nishani i fundit","datePublished":"2012-06-12T22:24:25+00:00","mainEntityOfPage":{"@id":"https:\/\/fjala.info\/2009-2015\/presidenca-nishani-i-fundit\/"},"wordCount":702,"commentCount":0,"publisher":{"@id":"https:\/\/fjala.info\/2009-2015\/#organization"},"image":{"@id":"https:\/\/fjala.info\/2009-2015\/presidenca-nishani-i-fundit\/#primaryimage"},"thumbnailUrl":"http:\/\/www.fjala.info\/2012\/arben_rrozhani.jpg","articleSection":["Artikuj"],"inLanguage":"sq-AL","potentialAction":[{"@type":"CommentAction","name":"Comment","target":["https:\/\/fjala.info\/2009-2015\/presidenca-nishani-i-fundit\/#respond"]}]},{"@type":"WebPage","@id":"https:\/\/fjala.info\/2009-2015\/presidenca-nishani-i-fundit\/","url":"https:\/\/fjala.info\/2009-2015\/presidenca-nishani-i-fundit\/","name":"Presidenca, Nishani i fundit - FjALA e LIR\u00cb - Arkivi","isPartOf":{"@id":"https:\/\/fjala.info\/2009-2015\/#website"},"primaryImageOfPage":{"@id":"https:\/\/fjala.info\/2009-2015\/presidenca-nishani-i-fundit\/#primaryimage"},"image":{"@id":"https:\/\/fjala.info\/2009-2015\/presidenca-nishani-i-fundit\/#primaryimage"},"thumbnailUrl":"http:\/\/www.fjala.info\/2012\/arben_rrozhani.jpg","datePublished":"2012-06-12T22:24:25+00:00","breadcrumb":{"@id":"https:\/\/fjala.info\/2009-2015\/presidenca-nishani-i-fundit\/#breadcrumb"},"inLanguage":"sq-AL","potentialAction":[{"@type":"ReadAction","target":["https:\/\/fjala.info\/2009-2015\/presidenca-nishani-i-fundit\/"]}]},{"@type":"ImageObject","inLanguage":"sq-AL","@id":"https:\/\/fjala.info\/2009-2015\/presidenca-nishani-i-fundit\/#primaryimage","url":"http:\/\/www.fjala.info\/2012\/arben_rrozhani.jpg","contentUrl":"http:\/\/www.fjala.info\/2012\/arben_rrozhani.jpg"},{"@type":"BreadcrumbList","@id":"https:\/\/fjala.info\/2009-2015\/presidenca-nishani-i-fundit\/#breadcrumb","itemListElement":[{"@type":"ListItem","position":1,"name":"Home","item":"https:\/\/fjala.info\/2009-2015\/"},{"@type":"ListItem","position":2,"name":"Presidenca, Nishani i fundit"}]},{"@type":"WebSite","@id":"https:\/\/fjala.info\/2009-2015\/#website","url":"https:\/\/fjala.info\/2009-2015\/","name":"FjALA e LIR\u00cb - Arkivi","description":"Arkivi 2009-2015","publisher":{"@id":"https:\/\/fjala.info\/2009-2015\/#organization"},"potentialAction":[{"@type":"SearchAction","target":{"@type":"EntryPoint","urlTemplate":"https:\/\/fjala.info\/2009-2015\/?s={search_term_string}"},"query-input":{"@type":"PropertyValueSpecification","valueRequired":true,"valueName":"search_term_string"}}],"inLanguage":"sq-AL"},{"@type":"Organization","@id":"https:\/\/fjala.info\/2009-2015\/#organization","name":"FjALA e LIR\u00cb - Arkivi","url":"https:\/\/fjala.info\/2009-2015\/","logo":{"@type":"ImageObject","inLanguage":"sq-AL","@id":"https:\/\/fjala.info\/2009-2015\/#\/schema\/logo\/image\/","url":"","contentUrl":"","caption":"FjALA e LIR\u00cb - Arkivi"},"image":{"@id":"https:\/\/fjala.info\/2009-2015\/#\/schema\/logo\/image\/"}},{"@type":"Person","@id":"https:\/\/fjala.info\/2009-2015\/#\/schema\/person\/3aa1163ef05469c496fc94e77611ada2","name":"admin","image":{"@type":"ImageObject","inLanguage":"sq-AL","@id":"https:\/\/fjala.info\/2009-2015\/wp-content\/uploads\/2012\/02\/arben_cokaj-120x150.jpg","url":"https:\/\/fjala.info\/2009-2015\/wp-content\/uploads\/2012\/02\/arben_cokaj-120x150.jpg","contentUrl":"https:\/\/fjala.info\/2009-2015\/wp-content\/uploads\/2012\/02\/arben_cokaj-120x150.jpg","caption":"admin"},"description":"Admin, Fjala e Lir\u00eb","sameAs":["https:\/\/fjala.info\/"],"url":"https:\/\/fjala.info\/2009-2015\/author\/admin\/"}]}},"_links":{"self":[{"href":"https:\/\/fjala.info\/2009-2015\/wp-json\/wp\/v2\/posts\/3254","targetHints":{"allow":["GET"]}}],"collection":[{"href":"https:\/\/fjala.info\/2009-2015\/wp-json\/wp\/v2\/posts"}],"about":[{"href":"https:\/\/fjala.info\/2009-2015\/wp-json\/wp\/v2\/types\/post"}],"author":[{"embeddable":true,"href":"https:\/\/fjala.info\/2009-2015\/wp-json\/wp\/v2\/users\/1"}],"replies":[{"embeddable":true,"href":"https:\/\/fjala.info\/2009-2015\/wp-json\/wp\/v2\/comments?post=3254"}],"version-history":[{"count":0,"href":"https:\/\/fjala.info\/2009-2015\/wp-json\/wp\/v2\/posts\/3254\/revisions"}],"wp:attachment":[{"href":"https:\/\/fjala.info\/2009-2015\/wp-json\/wp\/v2\/media?parent=3254"}],"wp:term":[{"taxonomy":"category","embeddable":true,"href":"https:\/\/fjala.info\/2009-2015\/wp-json\/wp\/v2\/categories?post=3254"},{"taxonomy":"post_tag","embeddable":true,"href":"https:\/\/fjala.info\/2009-2015\/wp-json\/wp\/v2\/tags?post=3254"}],"curies":[{"name":"wp","href":"https:\/\/api.w.org\/{rel}","templated":true}]}}