{"id":3252,"date":"2012-06-12T23:20:58","date_gmt":"2012-06-12T22:20:58","guid":{"rendered":"http:\/\/www.fjala.info\/?p=3252"},"modified":"2012-06-12T23:20:58","modified_gmt":"2012-06-12T22:20:58","slug":"perse-z-nishani-nuk-duhet-te-jete-president","status":"publish","type":"post","link":"https:\/\/fjala.info\/2009-2015\/perse-z-nishani-nuk-duhet-te-jete-president\/","title":{"rendered":"P\u00ebrse z. Nishani nuk duhet t\u00eb jet\u00eb President"},"content":{"rendered":"<p><img decoding=\"async\" class=\"alignright size-thumbnail wp-image-7236\" title=\"Mentor Kikia\" src=\"http:\/\/www.fjala.info\/2012\/mentor_kikia.jpg\" alt=\"\" width=\"150\" \/> <strong>Mentor Kikia<\/strong><\/p>\n<p>Presidenti i ri u zgjodh, ashtu si\u00e7 edhe pritej dhe si\u00e7 nuk mund t\u00eb ndodhte ndryshe, p\u00ebrmes nj\u00eb pazari. N\u00eb fakt, n\u00eb gjuh\u00ebn politike u thon\u00eb negociata, por n\u00eb Shqip\u00ebri k\u00ebto jan\u00eb thjesht\u00eb pazare, pasi kan\u00eb brenda matrapazll\u00ebqe ku vota shk\u00ebmbehet me para t\u00eb thata ose me koncensione ekonomike. Dhe pazari k\u00ebsaj radhe, m\u00eb shum\u00eb se mes dy pal\u00ebve ishte brenda pal\u00ebs, pra brenda mazhoranc\u00ebs. Meta, pasi kapi pozicionin e t\u00eb moderuarit dhe k\u00ebrc\u00ebnoi Berish\u00ebn se nuk do t\u00eb votonte asnj\u00eb kandidat t\u00eb nj\u00ebansh\u00ebm dhe politik, pasi mbylli nj\u00eb marr\u00ebveshje t\u00eb mir\u00eb, dit\u00ebn e fundit tha se do t\u00eb votojm\u00eb sipas kushtetut\u00ebs, duke respektuar marr\u00ebveshjen me 2009-\u00ebs me Berish\u00ebn.<\/p>\n<p>Nd\u00ebrsa opozita nuk qe n\u00eb gjendje t\u00eb prodhoj\u00eb asnj\u00eb lloj impakti. Ajo q\u00ebndroi n\u00eb pozicionin e qaramanit dhe suksesi m\u00eb i madh q\u00eb arriti ishte takimi Berisha-Rama. \u201cUn\u00eb nuk e di \u00e7far\u00eb dua, por di q\u00eb jam kund\u00ebr \u00e7do gj\u00ebje q\u00eb do t\u00eb b\u00ebsh ti\u201d \u2013 me k\u00ebt\u00eb deviz\u00eb e nisi dhe me k\u00ebt\u00eb e mbylli opozita procesin e zgjedhjes s\u00eb presidentit. E gjith\u00eb sa ndodhi nuk \u00ebsht\u00eb faji as i PD-s\u00eb, as i Met\u00ebs, e as i Ram\u00ebs. Ky \u00ebsht\u00eb sistemi. Dhe ky sistem nuk mund t\u00eb prodhoj\u00eb tjet\u00ebr kryetar shteti ve\u00e7 k\u00ebt\u00eb. Edhe presidenti Topi erdhi n\u00eb fron po p\u00ebrmes pazareve. Nj\u00eb num\u00ebr votash t\u00eb nevojshme p\u00ebr ta votuar, nuk u blen\u00eb me koncensione por past\u00ebr fare, me para n\u00eb dor\u00eb.<\/p>\n<p>Ky mekaniz\u00ebm do t\u00eb vazhdoj\u00eb t\u00eb prodhoj\u00eb t\u00eb till\u00eb shetar\u00eb t\u00eb lart\u00eb. Edhe socialist\u00ebt kur t\u00eb vijn\u00eb n\u00eb pushtet n\u00eb t\u00eb nj\u00ebjt\u00ebn m\u00ebnyr\u00eb do ta zgjedhin presidentin e tyre. Do t\u00eb ishte naivitet i madh t\u00eb pretendonim q\u00eb Sali Berisha, ne em\u00ebr t\u00eb \u201cpaqtimit\u201d politik do t\u00eb pranonte q\u00eb president t\u00eb b\u00ebhej nj\u00eb nga opozita. Dhe po ashtu, do t\u00eb jet\u00eb naivitet q\u00eb t\u00eb besojm\u00eb se kur PS t\u00eb vij\u00eb n\u00eb pushtet do ti thot\u00eb Berish\u00ebs n\u00eb opozit\u00eb q\u00eb presidentin zgjedh\u00eb ai. Ky mekaniz\u00ebm k\u00ebt\u00eb produkt do t\u00eb ket\u00eb n\u00eb m\u00ebnyr\u00eb t\u00eb vazhdueshme dhe k\u00ebt\u00eb e zgjidh vet\u00ebm ndryshimi i mekanizmit, pra q\u00eb presidentin t\u00eb mos e zgjedh\u00eb parlamenti, por populli p\u00ebrmes vot\u00ebs.<\/p>\n<p>Por le t\u00eb kthehemi tek zgjedhja e Nishanit. P\u00ebrse duhet dhe p\u00ebr \u00e7far\u00eb duhet kontestuar zgjedhja e zotit Nishani n\u00eb krye t\u00eb shtetit? Opozita ka mbledhur ca defter\u00eb dhe b\u00ebn llogarit\u00eb se n\u00eb \u00e7or\u00eb filloi seanca e kur erdhi Jozefina Topalli n\u00eb sall\u00eb, apo kur e paraqiti k\u00ebrkes\u00ebn n\u00eb komisionin e ligjeve Nishani, p\u00ebr t\u00eb gjetur element\u00eb antikushteutes t\u00eb procesit. Por para se t\u00eb b\u00ebhen llogarit\u00eb se kur e hapi Jozefina der\u00ebn e parlamentit, kontestimet ndaj Nishanit duhen k\u00ebrkuar n\u00eb t\u00eb tjera drejtime. Dhe p\u00ebr t\u00eb k\u00ebrkuar ket\u00eb, duhet t\u00eb b\u00ebjm\u00eb nj\u00eb parantez\u00eb t\u00eb shkurt\u00ebr.<\/p>\n<p>\u00c7far\u00eb \u00ebsht\u00eb presidenti p\u00ebr politik\u00ebn shqiptare? Gjat\u00eb \u201cfushat\u00ebs\u201d, t\u00eb gjitha partit\u00eb theksonin se na duhet nj\u00eb president mbi pal\u00ebt, as i majt\u00eb e as i djatht\u00eb, as i tyre e as i yni. Duke e konceptuar politik\u00ebn si ndeshje, si luft\u00eb, partit\u00eb tona k\u00ebrkojn\u00eb nj\u00eb arbit\u00ebr, n\u00eb m\u00ebnyr\u00eb q\u00eb kur ato t\u00eb grinden e shahen mes tyre, Ai, t\u00eb jet\u00eb i paansh\u00ebm. Kur politikan\u00ebt tan\u00eb t\u00eb shahen mbar\u00eb e prap\u00eb, Ai s\u00ebrish t\u00eb jet\u00eb i drejt\u00eb p\u00ebr t\u00eb th\u00ebn\u00eb se kush ishte shkaktari i sherrit. Por presidenti yn\u00eb, para se t\u00eb jet\u00eb nj\u00eb i pansh\u00ebm mes polikan\u00ebve misterc\u00eb e sherrxhinj, apo nj\u00eb qokaxhi q\u00eb t\u00eb pres\u00eb e p\u00ebrcjell\u00eb mysafir\u00ebt, \u00ebsht\u00eb Kryetari i Shtetit, \u00ebsht\u00eb njeriu q\u00eb komandon drejt\u00ebsin\u00eb, \u00ebsht\u00eb kreu i KLD-s\u00eb.<\/p>\n<p>Ai \u00ebsht\u00eb njeriu q\u00eb firmos p\u00ebr em\u00ebrimet dhe shkarkimet e gjykat\u00ebsve e prokuror\u00ebve, njer\u00ebzit q\u00eb mbajn\u00eb n\u00eb k\u00ebmb\u00eb shtetin dhe b\u00ebjn\u00eb drejt\u00ebsin\u00eb. Ai do t\u00eb jet\u00eb timonieri i drejt\u00ebsis\u00eb, sektorit m\u00eb t\u00eb r\u00ebnd\u00ebsish\u00ebm t\u00eb shtetit i cili aktualisht \u00ebsht\u00eb m\u00eb i korruptuari n\u00eb Shqip\u00ebri. Drejt\u00ebsia \u00ebsht\u00eb sot n\u00eb gjendjen m\u00eb skandaloze t\u00eb mund\u00ebshme dhe shkaktare e shum\u00eb problemeve me pasoja jo vet\u00ebm mbi qytetarin e thjesht\u00eb por deri edhe mbi vet\u00eb institucionet shtet\u00ebrore. Iu referova pik\u00ebrisht drejt\u00ebsis\u00eb sepse n\u00eb nj\u00eb vend ku qytetari i thjesht\u00eb nuk e gjen drejt\u00ebsin\u00eb, n\u00eb nj\u00eb vend ku asnj\u00eb zyrtar i lart\u00eb nuk nd\u00ebshkohet edhe kur kapet me thes k\u00eb krah, nuk mund t\u00eb flas\u00ebsh as p\u00ebr demokraci e as p\u00ebr standarte t\u00eb tjera.<\/p>\n<p>Informacionet konfidenciale flasin p\u00ebr nj\u00eb merkato n\u00eb em\u00ebrimet e gjykat\u00ebsve dhe prokuror\u00ebve. Informacionet konfidenciale flasin p\u00ebr nj\u00eb ushtri sekser\u00ebsh q\u00eb kontrollojn\u00eb \u201cpolitik\u00ebn e kuadrit\u201d n\u00eb sistemin e drejt\u00ebsis\u00eb. Presidenti aktual lejoi degradimin e KLD-s\u00eb, institucionit q\u00eb kontrollon drejt\u00ebsin\u00eb, n\u00eb nj\u00eb organizat\u00eb mitigjesh e m\u00eb pas n\u00eb nj\u00eb parti politike dhe ai asnj\u00ebher\u00eb nuk u gjend i akuzuar p\u00ebr k\u00ebt\u00eb. Berisha e sulmonte se nuk i vinte pas avazit t\u00eb tij politik dhe jo sepse drejt\u00ebsia nuk ishte drejt\u00ebsi. Nd\u00ebrsa opozita e mbronte meq\u00eb e sulmonte Berisha. Nj\u00eb trup\u00eb gjyq\u00ebsore n\u00eb Gjykat\u00ebn e Lart\u00eb na tha n\u00eb mes t\u00eb dit\u00ebs, se njeriu q\u00eb ju shikoni doke folur p\u00ebr miliona Euro me vart\u00ebsin e tij, nuk \u00ebsht\u00eb q\u00eb q\u00eb duket, por ai q\u00eb mendojm\u00eb ne.<\/p>\n<p>Dhe ky presidenti q\u00eb sulmohet se na q\u00ebnk\u00ebrk\u00ebsh i \u201cdrejt\u00eb dhe jo pal\u00eb me qeverin\u00eb\u201d, nuk mori vesh \u00e7far\u00eb ndodhi. Sistemi gjyq\u00ebsor sot \u00ebsht\u00eb degjeneruar n\u00eb nj\u00eb nd\u00ebrmarje t\u00eb madhe fitimprur\u00ebse. Ka tre vjet q\u00eb nj\u00eb burr\u00eb, i cili ka vrar\u00eb kat\u00ebr agjent\u00eb policie, po tallet publikisht me drejt\u00ebsin\u00eb dhe nj\u00eb shtet i t\u00ebr\u00eb nuk ia b\u00ebn dot gjyqin. N\u00ebse shkohet, s\u00eb paku, n\u00eb Gjykat\u00ebn e Tiran\u00ebs do t\u00eb gjesh mij\u00ebra dosje me padi t\u00eb qytetar\u00ebve t\u00eb thjesht\u00eb ndaj kompanive t\u00eb sigurimeve(atyre q\u00eb mb\u00ebshtesin n\u00eb t\u00eb zez\u00eb fushatat e partive), p\u00ebr mospagim d\u00ebmi, apo sh\u00ebrbimeve t\u00eb tjera, t\u00eb cilat kan\u00eb nga 5-6 vjet q\u00eb nuk shqyrtohen sepse gjykat\u00ebsit mbajn\u00eb an\u00ebn e kompanive, t\u00eb cilat padyshim q\u00eb i paguajn\u00eb.<\/p>\n<p>N\u00eb Fier, nj\u00eb gjykat\u00ebs rr\u00ebzon vendimin e form\u00ebs s\u00eb prer\u00eb t\u00eb Gjykat\u00ebs Italiane duke refuzuar ekstradimin e nj\u00eb t\u00eb d\u00ebnuari p\u00ebr trafik drogash dhe nuk i hyn asnj\u00eb gjemb n\u00eb k\u00ebmb\u00eb. Do t\u00eb dushehin faqe t\u00eb t\u00ebra t\u00eb rendit\u00ebsh paudh\u00ebsit\u00eb e drejt\u00ebsis\u00eb n\u00eb Shqip\u00ebri, nd\u00ebrsa kryetari i KLD-s\u00eb mban fjalime politike posht\u00eb e lart, dhe pasi mbaroi se dekoruari tironsit denbabaden, ka marr\u00eb thesin e medaljeve dhe ia var n\u00eb qaf\u00eb \u00e7do t\u00eb moshuari q\u00eb Idelp\u00ebrpara.<\/p>\n<p>Ky vend nuk na nevoj\u00eb p\u00ebr nj\u00eb arbit\u00ebr q\u00eb t\u00eb ndaj\u00eb se kush e ka fajin nd\u00ebr matrapaz\u00ebt e politik\u00ebs son\u00eb, por p\u00ebr nj\u00eb kryetar t\u00eb denj\u00eb s\u00eb pari p\u00ebr drejt\u00ebsin\u00eb. Dhe pyetja q\u00eb mund t\u00eb b\u00ebjm\u00eb \u00ebsht\u00eb: A \u00ebsht\u00eb zoti Nishani njeriu i denj\u00eb p\u00ebr t\u00eb vendosur drejt\u00ebsi n\u00eb drejt\u00ebsi? Un\u00eb mendoj q\u00eb jo. Sepse Bujar Nishani ka qen\u00eb Minist\u00ebr i Drejt\u00ebsis\u00eb dhe n\u00ebse ne do t\u00eb g\u00ebrmonim sot t\u00eb gjenim nj\u00eb kontribut t\u00eb tij n\u00eb drejt\u00ebsi, nuk do ta gjenim. Sepse, fare e thjeshte, ajo situat\u00eb p\u00ebr t\u00eb cil\u00ebn fol\u00ebm n\u00eb Gjykat\u00ebn e Tiran\u00ebs, ka qen\u00eb edhe kur Minist\u00ebr Drejt\u00ebsise ishte Z.Nishani, dhe kjo ministri ka pik\u00ebrisht p\u00ebr detyre t\u00eb kontrolloj\u00eb gjykat\u00ebn p\u00ebr t\u00eb verifikuar afatet e gjykimit. Kontrollet jan\u00eb b\u00ebr\u00eb, por dosjet jan\u00eb ende aty, qytetar\u00ebt nuk e kan\u00eb marr\u00eb ende drejt\u00ebsin\u00eb.<\/p>\n<p>Neve nuk na duhet nj\u00eb president i urt\u00eb, as nj\u00eb president qokaxhi, as nj\u00eb president q\u00eb ta ket\u00eb mir\u00eb me t\u00eb t\u00ebr\u00eb. Neve na duhet nj\u00eb kryetar shteti q\u00eb tu dal\u00eb p\u00ebr zot halleve t\u00eb shtetit dhe ky vend nuk ka hall m\u00eb t\u00eb madh se mosfunksionimi i drejt\u00ebsis\u00eb. Ndaj dhe mesazhi i urimit i Ambasad\u00ebs Amerikane p\u00ebr zotin Nishani ishte \u201cNe do ju mb\u00ebshtesim n\u00eb pun\u00ebn tuj p\u00ebr vendosjen e sundimit t\u00eb ligjit\u201d dhe nuk ishte \u201cNe do ju mbeshtesim n\u00eb pun\u00ebn tuaj p\u00ebr t\u00eb q\u00ebndruar si hu n\u00eb mes, kur t\u00eb grindet Berisha me Ram\u00ebn\u201d.<br \/>\nMarre nga Gazeta Idea.com<\/p>\n<p>(<em>sg\/shqiptarja.com<\/em>)<\/p>\n","protected":false},"excerpt":{"rendered":"<p>Mentor Kikia Presidenti i ri u zgjodh, ashtu si\u00e7 edhe pritej dhe si\u00e7 nuk mund t\u00eb ndodhte ndryshe, p\u00ebrmes nj\u00eb pazari. N\u00eb fakt, n\u00eb gjuh\u00ebn politike u thon\u00eb negociata, por n\u00eb Shqip\u00ebri k\u00ebto jan\u00eb thjesht\u00eb pazare, pasi kan\u00eb brenda matrapazll\u00ebqe ku vota shk\u00ebmbehet me para t\u00eb thata ose me koncensione ekonomike. Dhe pazari k\u00ebsaj radhe, [&hellip;]<\/p>\n","protected":false},"author":1,"featured_media":0,"comment_status":"open","ping_status":"closed","sticky":false,"template":"","format":"standard","meta":{"footnotes":""},"categories":[2],"tags":[],"class_list":{"0":"post-3252","1":"post","2":"type-post","3":"status-publish","4":"format-standard","6":"category-artikuj"},"yoast_head":"<!-- This site is optimized with the Yoast SEO plugin v27.4 - https:\/\/yoast.com\/product\/yoast-seo-wordpress\/ -->\n<title>P\u00ebrse z. Nishani nuk duhet t\u00eb jet\u00eb President - FjALA e LIR\u00cb - Arkivi<\/title>\n<meta name=\"robots\" content=\"index, follow, max-snippet:-1, max-image-preview:large, max-video-preview:-1\" \/>\n<link rel=\"canonical\" href=\"https:\/\/fjala.info\/2009-2015\/perse-z-nishani-nuk-duhet-te-jete-president\/\" \/>\n<meta property=\"og:locale\" content=\"sq_AL\" \/>\n<meta property=\"og:type\" content=\"article\" \/>\n<meta property=\"og:title\" content=\"P\u00ebrse z. Nishani nuk duhet t\u00eb jet\u00eb President - FjALA e LIR\u00cb - Arkivi\" \/>\n<meta property=\"og:description\" content=\"Mentor Kikia Presidenti i ri u zgjodh, ashtu si\u00e7 edhe pritej dhe si\u00e7 nuk mund t\u00eb ndodhte ndryshe, p\u00ebrmes nj\u00eb pazari. N\u00eb fakt, n\u00eb gjuh\u00ebn politike u thon\u00eb negociata, por n\u00eb Shqip\u00ebri k\u00ebto jan\u00eb thjesht\u00eb pazare, pasi kan\u00eb brenda matrapazll\u00ebqe ku vota shk\u00ebmbehet me para t\u00eb thata ose me koncensione ekonomike. Dhe pazari k\u00ebsaj radhe, [&hellip;]\" \/>\n<meta property=\"og:url\" content=\"https:\/\/fjala.info\/2009-2015\/perse-z-nishani-nuk-duhet-te-jete-president\/\" \/>\n<meta property=\"og:site_name\" content=\"FjALA e LIR\u00cb - Arkivi\" \/>\n<meta property=\"article:published_time\" content=\"2012-06-12T22:20:58+00:00\" \/>\n<meta property=\"og:image\" content=\"http:\/\/www.fjala.info\/2012\/mentor_kikia.jpg\" \/>\n<meta name=\"author\" content=\"admin\" \/>\n<meta name=\"twitter:card\" content=\"summary_large_image\" \/>\n<meta name=\"twitter:label1\" content=\"Written by\" \/>\n\t<meta name=\"twitter:data1\" content=\"admin\" \/>\n\t<meta name=\"twitter:label2\" content=\"Est. reading time\" \/>\n\t<meta name=\"twitter:data2\" content=\"7 minutes\" \/>\n<script type=\"application\/ld+json\" class=\"yoast-schema-graph\">{\"@context\":\"https:\\\/\\\/schema.org\",\"@graph\":[{\"@type\":\"Article\",\"@id\":\"https:\\\/\\\/fjala.info\\\/2009-2015\\\/perse-z-nishani-nuk-duhet-te-jete-president\\\/#article\",\"isPartOf\":{\"@id\":\"https:\\\/\\\/fjala.info\\\/2009-2015\\\/perse-z-nishani-nuk-duhet-te-jete-president\\\/\"},\"author\":{\"name\":\"admin\",\"@id\":\"https:\\\/\\\/fjala.info\\\/2009-2015\\\/#\\\/schema\\\/person\\\/3aa1163ef05469c496fc94e77611ada2\"},\"headline\":\"P\u00ebrse z. Nishani nuk duhet t\u00eb jet\u00eb President\",\"datePublished\":\"2012-06-12T22:20:58+00:00\",\"mainEntityOfPage\":{\"@id\":\"https:\\\/\\\/fjala.info\\\/2009-2015\\\/perse-z-nishani-nuk-duhet-te-jete-president\\\/\"},\"wordCount\":1454,\"commentCount\":0,\"publisher\":{\"@id\":\"https:\\\/\\\/fjala.info\\\/2009-2015\\\/#organization\"},\"image\":{\"@id\":\"https:\\\/\\\/fjala.info\\\/2009-2015\\\/perse-z-nishani-nuk-duhet-te-jete-president\\\/#primaryimage\"},\"thumbnailUrl\":\"http:\\\/\\\/www.fjala.info\\\/2012\\\/mentor_kikia.jpg\",\"articleSection\":[\"Artikuj\"],\"inLanguage\":\"sq-AL\",\"potentialAction\":[{\"@type\":\"CommentAction\",\"name\":\"Comment\",\"target\":[\"https:\\\/\\\/fjala.info\\\/2009-2015\\\/perse-z-nishani-nuk-duhet-te-jete-president\\\/#respond\"]}]},{\"@type\":\"WebPage\",\"@id\":\"https:\\\/\\\/fjala.info\\\/2009-2015\\\/perse-z-nishani-nuk-duhet-te-jete-president\\\/\",\"url\":\"https:\\\/\\\/fjala.info\\\/2009-2015\\\/perse-z-nishani-nuk-duhet-te-jete-president\\\/\",\"name\":\"P\u00ebrse z. Nishani nuk duhet t\u00eb jet\u00eb President - FjALA e LIR\u00cb - Arkivi\",\"isPartOf\":{\"@id\":\"https:\\\/\\\/fjala.info\\\/2009-2015\\\/#website\"},\"primaryImageOfPage\":{\"@id\":\"https:\\\/\\\/fjala.info\\\/2009-2015\\\/perse-z-nishani-nuk-duhet-te-jete-president\\\/#primaryimage\"},\"image\":{\"@id\":\"https:\\\/\\\/fjala.info\\\/2009-2015\\\/perse-z-nishani-nuk-duhet-te-jete-president\\\/#primaryimage\"},\"thumbnailUrl\":\"http:\\\/\\\/www.fjala.info\\\/2012\\\/mentor_kikia.jpg\",\"datePublished\":\"2012-06-12T22:20:58+00:00\",\"breadcrumb\":{\"@id\":\"https:\\\/\\\/fjala.info\\\/2009-2015\\\/perse-z-nishani-nuk-duhet-te-jete-president\\\/#breadcrumb\"},\"inLanguage\":\"sq-AL\",\"potentialAction\":[{\"@type\":\"ReadAction\",\"target\":[\"https:\\\/\\\/fjala.info\\\/2009-2015\\\/perse-z-nishani-nuk-duhet-te-jete-president\\\/\"]}]},{\"@type\":\"ImageObject\",\"inLanguage\":\"sq-AL\",\"@id\":\"https:\\\/\\\/fjala.info\\\/2009-2015\\\/perse-z-nishani-nuk-duhet-te-jete-president\\\/#primaryimage\",\"url\":\"http:\\\/\\\/www.fjala.info\\\/2012\\\/mentor_kikia.jpg\",\"contentUrl\":\"http:\\\/\\\/www.fjala.info\\\/2012\\\/mentor_kikia.jpg\"},{\"@type\":\"BreadcrumbList\",\"@id\":\"https:\\\/\\\/fjala.info\\\/2009-2015\\\/perse-z-nishani-nuk-duhet-te-jete-president\\\/#breadcrumb\",\"itemListElement\":[{\"@type\":\"ListItem\",\"position\":1,\"name\":\"Home\",\"item\":\"https:\\\/\\\/fjala.info\\\/2009-2015\\\/\"},{\"@type\":\"ListItem\",\"position\":2,\"name\":\"P\u00ebrse z. Nishani nuk duhet t\u00eb jet\u00eb President\"}]},{\"@type\":\"WebSite\",\"@id\":\"https:\\\/\\\/fjala.info\\\/2009-2015\\\/#website\",\"url\":\"https:\\\/\\\/fjala.info\\\/2009-2015\\\/\",\"name\":\"FjALA e LIR\u00cb - Arkivi\",\"description\":\"Arkivi 2009-2015\",\"publisher\":{\"@id\":\"https:\\\/\\\/fjala.info\\\/2009-2015\\\/#organization\"},\"potentialAction\":[{\"@type\":\"SearchAction\",\"target\":{\"@type\":\"EntryPoint\",\"urlTemplate\":\"https:\\\/\\\/fjala.info\\\/2009-2015\\\/?s={search_term_string}\"},\"query-input\":{\"@type\":\"PropertyValueSpecification\",\"valueRequired\":true,\"valueName\":\"search_term_string\"}}],\"inLanguage\":\"sq-AL\"},{\"@type\":\"Organization\",\"@id\":\"https:\\\/\\\/fjala.info\\\/2009-2015\\\/#organization\",\"name\":\"FjALA e LIR\u00cb - Arkivi\",\"url\":\"https:\\\/\\\/fjala.info\\\/2009-2015\\\/\",\"logo\":{\"@type\":\"ImageObject\",\"inLanguage\":\"sq-AL\",\"@id\":\"https:\\\/\\\/fjala.info\\\/2009-2015\\\/#\\\/schema\\\/logo\\\/image\\\/\",\"url\":\"\",\"contentUrl\":\"\",\"caption\":\"FjALA e LIR\u00cb - Arkivi\"},\"image\":{\"@id\":\"https:\\\/\\\/fjala.info\\\/2009-2015\\\/#\\\/schema\\\/logo\\\/image\\\/\"}},{\"@type\":\"Person\",\"@id\":\"https:\\\/\\\/fjala.info\\\/2009-2015\\\/#\\\/schema\\\/person\\\/3aa1163ef05469c496fc94e77611ada2\",\"name\":\"admin\",\"image\":{\"@type\":\"ImageObject\",\"inLanguage\":\"sq-AL\",\"@id\":\"https:\\\/\\\/fjala.info\\\/2009-2015\\\/wp-content\\\/uploads\\\/2012\\\/02\\\/arben_cokaj-120x150.jpg\",\"url\":\"https:\\\/\\\/fjala.info\\\/2009-2015\\\/wp-content\\\/uploads\\\/2012\\\/02\\\/arben_cokaj-120x150.jpg\",\"contentUrl\":\"https:\\\/\\\/fjala.info\\\/2009-2015\\\/wp-content\\\/uploads\\\/2012\\\/02\\\/arben_cokaj-120x150.jpg\",\"caption\":\"admin\"},\"description\":\"Admin, Fjala e Lir\u00eb\",\"sameAs\":[\"https:\\\/\\\/fjala.info\\\/\"],\"url\":\"https:\\\/\\\/fjala.info\\\/2009-2015\\\/author\\\/admin\\\/\"}]}<\/script>\n<!-- \/ Yoast SEO plugin. -->","yoast_head_json":{"title":"P\u00ebrse z. Nishani nuk duhet t\u00eb jet\u00eb President - FjALA e LIR\u00cb - Arkivi","robots":{"index":"index","follow":"follow","max-snippet":"max-snippet:-1","max-image-preview":"max-image-preview:large","max-video-preview":"max-video-preview:-1"},"canonical":"https:\/\/fjala.info\/2009-2015\/perse-z-nishani-nuk-duhet-te-jete-president\/","og_locale":"sq_AL","og_type":"article","og_title":"P\u00ebrse z. Nishani nuk duhet t\u00eb jet\u00eb President - FjALA e LIR\u00cb - Arkivi","og_description":"Mentor Kikia Presidenti i ri u zgjodh, ashtu si\u00e7 edhe pritej dhe si\u00e7 nuk mund t\u00eb ndodhte ndryshe, p\u00ebrmes nj\u00eb pazari. N\u00eb fakt, n\u00eb gjuh\u00ebn politike u thon\u00eb negociata, por n\u00eb Shqip\u00ebri k\u00ebto jan\u00eb thjesht\u00eb pazare, pasi kan\u00eb brenda matrapazll\u00ebqe ku vota shk\u00ebmbehet me para t\u00eb thata ose me koncensione ekonomike. Dhe pazari k\u00ebsaj radhe, [&hellip;]","og_url":"https:\/\/fjala.info\/2009-2015\/perse-z-nishani-nuk-duhet-te-jete-president\/","og_site_name":"FjALA e LIR\u00cb - Arkivi","article_published_time":"2012-06-12T22:20:58+00:00","og_image":[{"url":"http:\/\/www.fjala.info\/2012\/mentor_kikia.jpg","type":"","width":"","height":""}],"author":"admin","twitter_card":"summary_large_image","twitter_misc":{"Written by":"admin","Est. reading time":"7 minutes"},"schema":{"@context":"https:\/\/schema.org","@graph":[{"@type":"Article","@id":"https:\/\/fjala.info\/2009-2015\/perse-z-nishani-nuk-duhet-te-jete-president\/#article","isPartOf":{"@id":"https:\/\/fjala.info\/2009-2015\/perse-z-nishani-nuk-duhet-te-jete-president\/"},"author":{"name":"admin","@id":"https:\/\/fjala.info\/2009-2015\/#\/schema\/person\/3aa1163ef05469c496fc94e77611ada2"},"headline":"P\u00ebrse z. Nishani nuk duhet t\u00eb jet\u00eb President","datePublished":"2012-06-12T22:20:58+00:00","mainEntityOfPage":{"@id":"https:\/\/fjala.info\/2009-2015\/perse-z-nishani-nuk-duhet-te-jete-president\/"},"wordCount":1454,"commentCount":0,"publisher":{"@id":"https:\/\/fjala.info\/2009-2015\/#organization"},"image":{"@id":"https:\/\/fjala.info\/2009-2015\/perse-z-nishani-nuk-duhet-te-jete-president\/#primaryimage"},"thumbnailUrl":"http:\/\/www.fjala.info\/2012\/mentor_kikia.jpg","articleSection":["Artikuj"],"inLanguage":"sq-AL","potentialAction":[{"@type":"CommentAction","name":"Comment","target":["https:\/\/fjala.info\/2009-2015\/perse-z-nishani-nuk-duhet-te-jete-president\/#respond"]}]},{"@type":"WebPage","@id":"https:\/\/fjala.info\/2009-2015\/perse-z-nishani-nuk-duhet-te-jete-president\/","url":"https:\/\/fjala.info\/2009-2015\/perse-z-nishani-nuk-duhet-te-jete-president\/","name":"P\u00ebrse z. Nishani nuk duhet t\u00eb jet\u00eb President - FjALA e LIR\u00cb - Arkivi","isPartOf":{"@id":"https:\/\/fjala.info\/2009-2015\/#website"},"primaryImageOfPage":{"@id":"https:\/\/fjala.info\/2009-2015\/perse-z-nishani-nuk-duhet-te-jete-president\/#primaryimage"},"image":{"@id":"https:\/\/fjala.info\/2009-2015\/perse-z-nishani-nuk-duhet-te-jete-president\/#primaryimage"},"thumbnailUrl":"http:\/\/www.fjala.info\/2012\/mentor_kikia.jpg","datePublished":"2012-06-12T22:20:58+00:00","breadcrumb":{"@id":"https:\/\/fjala.info\/2009-2015\/perse-z-nishani-nuk-duhet-te-jete-president\/#breadcrumb"},"inLanguage":"sq-AL","potentialAction":[{"@type":"ReadAction","target":["https:\/\/fjala.info\/2009-2015\/perse-z-nishani-nuk-duhet-te-jete-president\/"]}]},{"@type":"ImageObject","inLanguage":"sq-AL","@id":"https:\/\/fjala.info\/2009-2015\/perse-z-nishani-nuk-duhet-te-jete-president\/#primaryimage","url":"http:\/\/www.fjala.info\/2012\/mentor_kikia.jpg","contentUrl":"http:\/\/www.fjala.info\/2012\/mentor_kikia.jpg"},{"@type":"BreadcrumbList","@id":"https:\/\/fjala.info\/2009-2015\/perse-z-nishani-nuk-duhet-te-jete-president\/#breadcrumb","itemListElement":[{"@type":"ListItem","position":1,"name":"Home","item":"https:\/\/fjala.info\/2009-2015\/"},{"@type":"ListItem","position":2,"name":"P\u00ebrse z. Nishani nuk duhet t\u00eb jet\u00eb President"}]},{"@type":"WebSite","@id":"https:\/\/fjala.info\/2009-2015\/#website","url":"https:\/\/fjala.info\/2009-2015\/","name":"FjALA e LIR\u00cb - Arkivi","description":"Arkivi 2009-2015","publisher":{"@id":"https:\/\/fjala.info\/2009-2015\/#organization"},"potentialAction":[{"@type":"SearchAction","target":{"@type":"EntryPoint","urlTemplate":"https:\/\/fjala.info\/2009-2015\/?s={search_term_string}"},"query-input":{"@type":"PropertyValueSpecification","valueRequired":true,"valueName":"search_term_string"}}],"inLanguage":"sq-AL"},{"@type":"Organization","@id":"https:\/\/fjala.info\/2009-2015\/#organization","name":"FjALA e LIR\u00cb - Arkivi","url":"https:\/\/fjala.info\/2009-2015\/","logo":{"@type":"ImageObject","inLanguage":"sq-AL","@id":"https:\/\/fjala.info\/2009-2015\/#\/schema\/logo\/image\/","url":"","contentUrl":"","caption":"FjALA e LIR\u00cb - Arkivi"},"image":{"@id":"https:\/\/fjala.info\/2009-2015\/#\/schema\/logo\/image\/"}},{"@type":"Person","@id":"https:\/\/fjala.info\/2009-2015\/#\/schema\/person\/3aa1163ef05469c496fc94e77611ada2","name":"admin","image":{"@type":"ImageObject","inLanguage":"sq-AL","@id":"https:\/\/fjala.info\/2009-2015\/wp-content\/uploads\/2012\/02\/arben_cokaj-120x150.jpg","url":"https:\/\/fjala.info\/2009-2015\/wp-content\/uploads\/2012\/02\/arben_cokaj-120x150.jpg","contentUrl":"https:\/\/fjala.info\/2009-2015\/wp-content\/uploads\/2012\/02\/arben_cokaj-120x150.jpg","caption":"admin"},"description":"Admin, Fjala e Lir\u00eb","sameAs":["https:\/\/fjala.info\/"],"url":"https:\/\/fjala.info\/2009-2015\/author\/admin\/"}]}},"_links":{"self":[{"href":"https:\/\/fjala.info\/2009-2015\/wp-json\/wp\/v2\/posts\/3252","targetHints":{"allow":["GET"]}}],"collection":[{"href":"https:\/\/fjala.info\/2009-2015\/wp-json\/wp\/v2\/posts"}],"about":[{"href":"https:\/\/fjala.info\/2009-2015\/wp-json\/wp\/v2\/types\/post"}],"author":[{"embeddable":true,"href":"https:\/\/fjala.info\/2009-2015\/wp-json\/wp\/v2\/users\/1"}],"replies":[{"embeddable":true,"href":"https:\/\/fjala.info\/2009-2015\/wp-json\/wp\/v2\/comments?post=3252"}],"version-history":[{"count":0,"href":"https:\/\/fjala.info\/2009-2015\/wp-json\/wp\/v2\/posts\/3252\/revisions"}],"wp:attachment":[{"href":"https:\/\/fjala.info\/2009-2015\/wp-json\/wp\/v2\/media?parent=3252"}],"wp:term":[{"taxonomy":"category","embeddable":true,"href":"https:\/\/fjala.info\/2009-2015\/wp-json\/wp\/v2\/categories?post=3252"},{"taxonomy":"post_tag","embeddable":true,"href":"https:\/\/fjala.info\/2009-2015\/wp-json\/wp\/v2\/tags?post=3252"}],"curies":[{"name":"wp","href":"https:\/\/api.w.org\/{rel}","templated":true}]}}