{"id":3251,"date":"2010-07-10T06:50:16","date_gmt":"2010-07-10T05:50:16","guid":{"rendered":"http:\/\/fjala.shkoder.net\/?p=3251"},"modified":"2010-07-10T06:50:16","modified_gmt":"2010-07-10T05:50:16","slug":"doni-te-promovoheni-demonstroni-besnikeri-ndaj-pushtetit","status":"publish","type":"post","link":"https:\/\/fjala.info\/2009-2015\/doni-te-promovoheni-demonstroni-besnikeri-ndaj-pushtetit\/","title":{"rendered":"DONI T\u00cb PROMOVOHENI? DEMONSTRONI BESNIK\u00cbRI NDAJ PUSHTETIT!"},"content":{"rendered":"<p><img decoding=\"async\" style=\"margin-left: 10px; margin-right: 10px; border: 0px;\" src=\"http:\/\/www.shkoder.net\/images\/fjala\/mustafa_nano.jpg\" border=\"0\" alt=\"Mustafa Nano\" width=\"100\" align=\"left\" \/><\/p>\n<p><strong>Mustafa Nano<\/strong><\/p>\n<p>N\u00ebse Shqip\u00ebria ka nj\u00eb dyzin\u00eb jurist\u00ebsh t\u00eb mir\u00eb, nj\u00eb nga k\u00ebta \u00ebsht\u00eb Sokol \u00c7omo. Nuk e them un\u00eb, pasi personalisht as e njoh, as e kam takuar, as kam tag\u00ebr e kompetenc\u00eb p\u00ebr t\u00eb b\u00ebr\u00eb nj\u00eb rating jurist\u00ebsh. E thon\u00eb njer\u00ebz t\u00eb fush\u00ebs. Sipas t\u00eb gjitha gjasave, k\u00ebt\u00eb gj\u00eb e din\u00eb dhe e pranojn\u00eb (n\u00ebn z\u00eb) edhe berishian\u00ebt. E megjithat\u00eb, Komisioni i Ligjeve i Parlamentit, me votat e demokrat\u00ebve m\u00eb t\u00eb shumt\u00eb n\u00eb num\u00ebr, e rr\u00ebzoi si kandidat p\u00ebr an\u00ebtar t\u00eb Gjykat\u00ebs s\u00eb Lart\u00eb; rrjedhimisht emri i tij nuk do t\u00eb mb\u00ebrrij\u00eb n\u00eb Parlament dit\u00ebn e votimit t\u00eb k\u00ebtyre kandidaturave.<\/p>\n<p>Para ca koh\u00ebsh, Parlamenti rr\u00ebzoi kandidatur\u00ebn e Kristaq Traj\u00ebs p\u00ebr an\u00ebtar t\u00eb s\u00eb nj\u00ebjt\u00ebs gjykat\u00eb t\u00eb r\u00ebnd\u00ebsishme t\u00eb republik\u00ebs; e rr\u00ebzoi, s\u2019ka gj\u00eb se t\u00eb gjith\u00eb e dinin, q\u00eb Traja b\u00ebn pjes\u00eb n\u00eb kremin e komunitetit t\u00eb jurist\u00ebve t\u00eb k\u00ebtij vendi. N\u00eb mos arrinin ta kuptonin k\u00ebt\u00eb gj\u00eb, duhet t\u00eb ken\u00eb qen\u00eb t\u00eb bindur prej faktit, q\u00eb ai punoi p\u00ebr m\u00eb shum\u00eb se dhjet\u00eb vjet n\u00eb Strasburg, n\u00eb Gjykat\u00ebn Europiane t\u00eb t\u00eb Drejtave t\u00eb Njeriut, ku rekrutimi e p\u00ebrzgjedhja, af\u00ebrmendsh, nuk b\u00ebhen mbi baza klienteliste e njohjeje. Por e rr\u00ebzuan si pa t\u00eb keq. Motivi? Ka qen\u00eb gjyqtar n\u00eb koh\u00ebn e diktatur\u00ebs komuniste.<\/p>\n<p>Nd\u00ebrsa Sokol \u00c7omon e b\u00ebn\u00eb me faj, q\u00eb \u201cka pranuar ofert\u00ebn p\u00ebr t\u00eb dh\u00ebn\u00eb nj\u00eb kontribut t\u00eb natyr\u00ebs ngusht\u00ebsisht profesionale n\u00eb dikasterin e drejt\u00ebsis\u00eb n\u00eb koh\u00ebt, kur qeverisnin kund\u00ebrshtar\u00ebt e k\u00ebtyre t\u00eb sotm\u00ebve\u201d. Por kuptohet, edhe n\u00ebse curriculum-it t\u00eb Traj\u00ebs apo \u00c7omos do t\u2019u mungonin k\u00ebto momente \u201ckomprometuese\u201d, ata do gjenin vjega t\u00eb tjera p\u00ebr t\u00eb varur arsyet e refuzimit t\u00eb tyre. Puna nuk \u00ebsht\u00eb se Traja, \u00c7omo etj., kan\u00eb njolla n\u00eb jet\u00ebn e karrier\u00ebn e tyre, e p\u00ebr pasoj\u00eb duhen refuzuar. \u00cbsht\u00eb bash e kund\u00ebrta: puna \u00ebsht\u00eb q\u00eb k\u00ebta duhen refuzuar se s\u2019b\u00ebn, e p\u00ebr pasoj\u00eb u duhen gjetur njolla e y\u00e7kla.<\/p>\n<p>Sokol \u00c7omo, ngaq\u00eb e di mir\u00eb se si tirren pun\u00ebt e gj\u00ebrat rrotull tij, me siguri ka pasur nj\u00eb z\u00eb t\u00eb brendsh\u00ebm, q\u00eb i \u00ebsht\u00eb drejtuar me fjal\u00ebt: \u201cKoli, mos e b\u00ebj k\u00ebt\u00eb l\u00ebvizje bosh, pasi dihet se si do shkoj\u00eb kjo histori! Ata nuk \u00ebsht\u00eb se besojn\u00eb v\u00ebrtet, q\u00eb ti u p\u00ebrket socialist\u00ebve; ata din\u00eb mir\u00eb, q\u00eb ti nuk u p\u00ebrket atyre. Kjo \u00ebsht\u00eb e gjitha\u201d. Ka b\u00ebr\u00eb mir\u00eb, q\u00eb s\u2019ia ka v\u00ebn\u00eb veshin k\u00ebtij z\u00ebri t\u00eb brendsh\u00ebm?<\/p>\n<p>Nuk e di. Por di nj\u00eb gj\u00eb tjet\u00ebr; di se \u00e7\u2019do t\u00eb thot\u00eb t\u00eb jesh n\u00eb vend t\u00eb Sokol \u00c7omos n\u00eb k\u00ebto rrethana. Merret me mend vuajtja e dikujt, i cili nj\u00eb dit\u00eb prej dit\u00ebsh m\u00ebson prej p\u00ebrvoj\u00ebs s\u00eb vet at\u00eb \u00e7far\u00eb jan\u00eb rrekur t\u2019i m\u00ebsojn\u00eb p\u00ebr vite t\u00eb t\u00ebra edhe p\u00ebrvoja t\u00eb t\u00eb tjer\u00ebve, d.m.th se n\u00eb k\u00ebt\u00eb vend nuk vlejn\u00eb dijet, karriera e paqortueshme, origjina e fisme, integriteti moral. P\u00ebr t\u00eb b\u00ebr\u00eb hair n\u00eb k\u00ebt\u00eb vend, lipset t\u00eb plot\u00ebsosh vet\u00ebm nj\u00eb kriter: t\u2019u sh\u00ebrbesh atyre q\u00eb kan\u00eb pushtetin.<\/p>\n","protected":false},"excerpt":{"rendered":"<p>Mustafa Nano N\u00ebse Shqip\u00ebria ka nj\u00eb dyzin\u00eb jurist\u00ebsh t\u00eb mir\u00eb, nj\u00eb nga k\u00ebta \u00ebsht\u00eb Sokol \u00c7omo. Nuk e them un\u00eb, pasi personalisht as e njoh, as e kam takuar, as kam tag\u00ebr e kompetenc\u00eb p\u00ebr t\u00eb b\u00ebr\u00eb nj\u00eb rating jurist\u00ebsh. E thon\u00eb njer\u00ebz t\u00eb fush\u00ebs. Sipas t\u00eb gjitha gjasave, k\u00ebt\u00eb gj\u00eb e din\u00eb dhe e [&hellip;]<\/p>\n","protected":false},"author":1,"featured_media":0,"comment_status":"open","ping_status":"closed","sticky":false,"template":"","format":"standard","meta":{"footnotes":""},"categories":[2],"tags":[],"class_list":{"0":"post-3251","1":"post","2":"type-post","3":"status-publish","4":"format-standard","6":"category-artikuj"},"yoast_head":"<!-- This site is optimized with the Yoast SEO plugin v27.4 - https:\/\/yoast.com\/product\/yoast-seo-wordpress\/ -->\n<title>DONI T\u00cb PROMOVOHENI? DEMONSTRONI BESNIK\u00cbRI NDAJ PUSHTETIT! - FjALA e LIR\u00cb - Arkivi<\/title>\n<meta name=\"robots\" content=\"index, follow, max-snippet:-1, max-image-preview:large, max-video-preview:-1\" \/>\n<link rel=\"canonical\" href=\"https:\/\/fjala.info\/2009-2015\/doni-te-promovoheni-demonstroni-besnikeri-ndaj-pushtetit\/\" \/>\n<meta property=\"og:locale\" content=\"sq_AL\" \/>\n<meta property=\"og:type\" content=\"article\" \/>\n<meta property=\"og:title\" content=\"DONI T\u00cb PROMOVOHENI? DEMONSTRONI BESNIK\u00cbRI NDAJ PUSHTETIT! - FjALA e LIR\u00cb - Arkivi\" \/>\n<meta property=\"og:description\" content=\"Mustafa Nano N\u00ebse Shqip\u00ebria ka nj\u00eb dyzin\u00eb jurist\u00ebsh t\u00eb mir\u00eb, nj\u00eb nga k\u00ebta \u00ebsht\u00eb Sokol \u00c7omo. Nuk e them un\u00eb, pasi personalisht as e njoh, as e kam takuar, as kam tag\u00ebr e kompetenc\u00eb p\u00ebr t\u00eb b\u00ebr\u00eb nj\u00eb rating jurist\u00ebsh. E thon\u00eb njer\u00ebz t\u00eb fush\u00ebs. Sipas t\u00eb gjitha gjasave, k\u00ebt\u00eb gj\u00eb e din\u00eb dhe e [&hellip;]\" \/>\n<meta property=\"og:url\" content=\"https:\/\/fjala.info\/2009-2015\/doni-te-promovoheni-demonstroni-besnikeri-ndaj-pushtetit\/\" \/>\n<meta property=\"og:site_name\" content=\"FjALA e LIR\u00cb - Arkivi\" \/>\n<meta property=\"article:published_time\" content=\"2010-07-10T05:50:16+00:00\" \/>\n<meta property=\"og:image\" content=\"http:\/\/www.shkoder.net\/images\/fjala\/mustafa_nano.jpg\" \/>\n<meta name=\"author\" content=\"admin\" \/>\n<meta name=\"twitter:card\" content=\"summary_large_image\" \/>\n<meta name=\"twitter:label1\" content=\"Written by\" \/>\n\t<meta name=\"twitter:data1\" content=\"admin\" \/>\n\t<meta name=\"twitter:label2\" content=\"Est. reading time\" \/>\n\t<meta name=\"twitter:data2\" content=\"3 minutes\" \/>\n<script type=\"application\/ld+json\" class=\"yoast-schema-graph\">{\"@context\":\"https:\\\/\\\/schema.org\",\"@graph\":[{\"@type\":\"Article\",\"@id\":\"https:\\\/\\\/fjala.info\\\/2009-2015\\\/doni-te-promovoheni-demonstroni-besnikeri-ndaj-pushtetit\\\/#article\",\"isPartOf\":{\"@id\":\"https:\\\/\\\/fjala.info\\\/2009-2015\\\/doni-te-promovoheni-demonstroni-besnikeri-ndaj-pushtetit\\\/\"},\"author\":{\"name\":\"admin\",\"@id\":\"https:\\\/\\\/fjala.info\\\/2009-2015\\\/#\\\/schema\\\/person\\\/3aa1163ef05469c496fc94e77611ada2\"},\"headline\":\"DONI T\u00cb PROMOVOHENI? DEMONSTRONI BESNIK\u00cbRI NDAJ PUSHTETIT!\",\"datePublished\":\"2010-07-10T05:50:16+00:00\",\"mainEntityOfPage\":{\"@id\":\"https:\\\/\\\/fjala.info\\\/2009-2015\\\/doni-te-promovoheni-demonstroni-besnikeri-ndaj-pushtetit\\\/\"},\"wordCount\":598,\"commentCount\":0,\"publisher\":{\"@id\":\"https:\\\/\\\/fjala.info\\\/2009-2015\\\/#organization\"},\"image\":{\"@id\":\"https:\\\/\\\/fjala.info\\\/2009-2015\\\/doni-te-promovoheni-demonstroni-besnikeri-ndaj-pushtetit\\\/#primaryimage\"},\"thumbnailUrl\":\"http:\\\/\\\/www.shkoder.net\\\/images\\\/fjala\\\/mustafa_nano.jpg\",\"articleSection\":[\"Artikuj\"],\"inLanguage\":\"sq-AL\",\"potentialAction\":[{\"@type\":\"CommentAction\",\"name\":\"Comment\",\"target\":[\"https:\\\/\\\/fjala.info\\\/2009-2015\\\/doni-te-promovoheni-demonstroni-besnikeri-ndaj-pushtetit\\\/#respond\"]}]},{\"@type\":\"WebPage\",\"@id\":\"https:\\\/\\\/fjala.info\\\/2009-2015\\\/doni-te-promovoheni-demonstroni-besnikeri-ndaj-pushtetit\\\/\",\"url\":\"https:\\\/\\\/fjala.info\\\/2009-2015\\\/doni-te-promovoheni-demonstroni-besnikeri-ndaj-pushtetit\\\/\",\"name\":\"DONI T\u00cb PROMOVOHENI? DEMONSTRONI BESNIK\u00cbRI NDAJ PUSHTETIT! - FjALA e LIR\u00cb - Arkivi\",\"isPartOf\":{\"@id\":\"https:\\\/\\\/fjala.info\\\/2009-2015\\\/#website\"},\"primaryImageOfPage\":{\"@id\":\"https:\\\/\\\/fjala.info\\\/2009-2015\\\/doni-te-promovoheni-demonstroni-besnikeri-ndaj-pushtetit\\\/#primaryimage\"},\"image\":{\"@id\":\"https:\\\/\\\/fjala.info\\\/2009-2015\\\/doni-te-promovoheni-demonstroni-besnikeri-ndaj-pushtetit\\\/#primaryimage\"},\"thumbnailUrl\":\"http:\\\/\\\/www.shkoder.net\\\/images\\\/fjala\\\/mustafa_nano.jpg\",\"datePublished\":\"2010-07-10T05:50:16+00:00\",\"breadcrumb\":{\"@id\":\"https:\\\/\\\/fjala.info\\\/2009-2015\\\/doni-te-promovoheni-demonstroni-besnikeri-ndaj-pushtetit\\\/#breadcrumb\"},\"inLanguage\":\"sq-AL\",\"potentialAction\":[{\"@type\":\"ReadAction\",\"target\":[\"https:\\\/\\\/fjala.info\\\/2009-2015\\\/doni-te-promovoheni-demonstroni-besnikeri-ndaj-pushtetit\\\/\"]}]},{\"@type\":\"ImageObject\",\"inLanguage\":\"sq-AL\",\"@id\":\"https:\\\/\\\/fjala.info\\\/2009-2015\\\/doni-te-promovoheni-demonstroni-besnikeri-ndaj-pushtetit\\\/#primaryimage\",\"url\":\"http:\\\/\\\/www.shkoder.net\\\/images\\\/fjala\\\/mustafa_nano.jpg\",\"contentUrl\":\"http:\\\/\\\/www.shkoder.net\\\/images\\\/fjala\\\/mustafa_nano.jpg\"},{\"@type\":\"BreadcrumbList\",\"@id\":\"https:\\\/\\\/fjala.info\\\/2009-2015\\\/doni-te-promovoheni-demonstroni-besnikeri-ndaj-pushtetit\\\/#breadcrumb\",\"itemListElement\":[{\"@type\":\"ListItem\",\"position\":1,\"name\":\"Home\",\"item\":\"https:\\\/\\\/fjala.info\\\/2009-2015\\\/\"},{\"@type\":\"ListItem\",\"position\":2,\"name\":\"DONI T\u00cb PROMOVOHENI? DEMONSTRONI BESNIK\u00cbRI NDAJ PUSHTETIT!\"}]},{\"@type\":\"WebSite\",\"@id\":\"https:\\\/\\\/fjala.info\\\/2009-2015\\\/#website\",\"url\":\"https:\\\/\\\/fjala.info\\\/2009-2015\\\/\",\"name\":\"FjALA e LIR\u00cb - Arkivi\",\"description\":\"Arkivi 2009-2015\",\"publisher\":{\"@id\":\"https:\\\/\\\/fjala.info\\\/2009-2015\\\/#organization\"},\"potentialAction\":[{\"@type\":\"SearchAction\",\"target\":{\"@type\":\"EntryPoint\",\"urlTemplate\":\"https:\\\/\\\/fjala.info\\\/2009-2015\\\/?s={search_term_string}\"},\"query-input\":{\"@type\":\"PropertyValueSpecification\",\"valueRequired\":true,\"valueName\":\"search_term_string\"}}],\"inLanguage\":\"sq-AL\"},{\"@type\":\"Organization\",\"@id\":\"https:\\\/\\\/fjala.info\\\/2009-2015\\\/#organization\",\"name\":\"FjALA e LIR\u00cb - Arkivi\",\"url\":\"https:\\\/\\\/fjala.info\\\/2009-2015\\\/\",\"logo\":{\"@type\":\"ImageObject\",\"inLanguage\":\"sq-AL\",\"@id\":\"https:\\\/\\\/fjala.info\\\/2009-2015\\\/#\\\/schema\\\/logo\\\/image\\\/\",\"url\":\"\",\"contentUrl\":\"\",\"caption\":\"FjALA e LIR\u00cb - Arkivi\"},\"image\":{\"@id\":\"https:\\\/\\\/fjala.info\\\/2009-2015\\\/#\\\/schema\\\/logo\\\/image\\\/\"}},{\"@type\":\"Person\",\"@id\":\"https:\\\/\\\/fjala.info\\\/2009-2015\\\/#\\\/schema\\\/person\\\/3aa1163ef05469c496fc94e77611ada2\",\"name\":\"admin\",\"image\":{\"@type\":\"ImageObject\",\"inLanguage\":\"sq-AL\",\"@id\":\"https:\\\/\\\/fjala.info\\\/2009-2015\\\/wp-content\\\/uploads\\\/2012\\\/02\\\/arben_cokaj-120x150.jpg\",\"url\":\"https:\\\/\\\/fjala.info\\\/2009-2015\\\/wp-content\\\/uploads\\\/2012\\\/02\\\/arben_cokaj-120x150.jpg\",\"contentUrl\":\"https:\\\/\\\/fjala.info\\\/2009-2015\\\/wp-content\\\/uploads\\\/2012\\\/02\\\/arben_cokaj-120x150.jpg\",\"caption\":\"admin\"},\"description\":\"Admin, Fjala e Lir\u00eb\",\"sameAs\":[\"https:\\\/\\\/fjala.info\\\/\"],\"url\":\"https:\\\/\\\/fjala.info\\\/2009-2015\\\/author\\\/admin\\\/\"}]}<\/script>\n<!-- \/ Yoast SEO plugin. -->","yoast_head_json":{"title":"DONI T\u00cb PROMOVOHENI? DEMONSTRONI BESNIK\u00cbRI NDAJ PUSHTETIT! - FjALA e LIR\u00cb - Arkivi","robots":{"index":"index","follow":"follow","max-snippet":"max-snippet:-1","max-image-preview":"max-image-preview:large","max-video-preview":"max-video-preview:-1"},"canonical":"https:\/\/fjala.info\/2009-2015\/doni-te-promovoheni-demonstroni-besnikeri-ndaj-pushtetit\/","og_locale":"sq_AL","og_type":"article","og_title":"DONI T\u00cb PROMOVOHENI? DEMONSTRONI BESNIK\u00cbRI NDAJ PUSHTETIT! - FjALA e LIR\u00cb - Arkivi","og_description":"Mustafa Nano N\u00ebse Shqip\u00ebria ka nj\u00eb dyzin\u00eb jurist\u00ebsh t\u00eb mir\u00eb, nj\u00eb nga k\u00ebta \u00ebsht\u00eb Sokol \u00c7omo. Nuk e them un\u00eb, pasi personalisht as e njoh, as e kam takuar, as kam tag\u00ebr e kompetenc\u00eb p\u00ebr t\u00eb b\u00ebr\u00eb nj\u00eb rating jurist\u00ebsh. E thon\u00eb njer\u00ebz t\u00eb fush\u00ebs. Sipas t\u00eb gjitha gjasave, k\u00ebt\u00eb gj\u00eb e din\u00eb dhe e [&hellip;]","og_url":"https:\/\/fjala.info\/2009-2015\/doni-te-promovoheni-demonstroni-besnikeri-ndaj-pushtetit\/","og_site_name":"FjALA e LIR\u00cb - Arkivi","article_published_time":"2010-07-10T05:50:16+00:00","og_image":[{"url":"http:\/\/www.shkoder.net\/images\/fjala\/mustafa_nano.jpg","type":"","width":"","height":""}],"author":"admin","twitter_card":"summary_large_image","twitter_misc":{"Written by":"admin","Est. reading time":"3 minutes"},"schema":{"@context":"https:\/\/schema.org","@graph":[{"@type":"Article","@id":"https:\/\/fjala.info\/2009-2015\/doni-te-promovoheni-demonstroni-besnikeri-ndaj-pushtetit\/#article","isPartOf":{"@id":"https:\/\/fjala.info\/2009-2015\/doni-te-promovoheni-demonstroni-besnikeri-ndaj-pushtetit\/"},"author":{"name":"admin","@id":"https:\/\/fjala.info\/2009-2015\/#\/schema\/person\/3aa1163ef05469c496fc94e77611ada2"},"headline":"DONI T\u00cb PROMOVOHENI? DEMONSTRONI BESNIK\u00cbRI NDAJ PUSHTETIT!","datePublished":"2010-07-10T05:50:16+00:00","mainEntityOfPage":{"@id":"https:\/\/fjala.info\/2009-2015\/doni-te-promovoheni-demonstroni-besnikeri-ndaj-pushtetit\/"},"wordCount":598,"commentCount":0,"publisher":{"@id":"https:\/\/fjala.info\/2009-2015\/#organization"},"image":{"@id":"https:\/\/fjala.info\/2009-2015\/doni-te-promovoheni-demonstroni-besnikeri-ndaj-pushtetit\/#primaryimage"},"thumbnailUrl":"http:\/\/www.shkoder.net\/images\/fjala\/mustafa_nano.jpg","articleSection":["Artikuj"],"inLanguage":"sq-AL","potentialAction":[{"@type":"CommentAction","name":"Comment","target":["https:\/\/fjala.info\/2009-2015\/doni-te-promovoheni-demonstroni-besnikeri-ndaj-pushtetit\/#respond"]}]},{"@type":"WebPage","@id":"https:\/\/fjala.info\/2009-2015\/doni-te-promovoheni-demonstroni-besnikeri-ndaj-pushtetit\/","url":"https:\/\/fjala.info\/2009-2015\/doni-te-promovoheni-demonstroni-besnikeri-ndaj-pushtetit\/","name":"DONI T\u00cb PROMOVOHENI? DEMONSTRONI BESNIK\u00cbRI NDAJ PUSHTETIT! - FjALA e LIR\u00cb - Arkivi","isPartOf":{"@id":"https:\/\/fjala.info\/2009-2015\/#website"},"primaryImageOfPage":{"@id":"https:\/\/fjala.info\/2009-2015\/doni-te-promovoheni-demonstroni-besnikeri-ndaj-pushtetit\/#primaryimage"},"image":{"@id":"https:\/\/fjala.info\/2009-2015\/doni-te-promovoheni-demonstroni-besnikeri-ndaj-pushtetit\/#primaryimage"},"thumbnailUrl":"http:\/\/www.shkoder.net\/images\/fjala\/mustafa_nano.jpg","datePublished":"2010-07-10T05:50:16+00:00","breadcrumb":{"@id":"https:\/\/fjala.info\/2009-2015\/doni-te-promovoheni-demonstroni-besnikeri-ndaj-pushtetit\/#breadcrumb"},"inLanguage":"sq-AL","potentialAction":[{"@type":"ReadAction","target":["https:\/\/fjala.info\/2009-2015\/doni-te-promovoheni-demonstroni-besnikeri-ndaj-pushtetit\/"]}]},{"@type":"ImageObject","inLanguage":"sq-AL","@id":"https:\/\/fjala.info\/2009-2015\/doni-te-promovoheni-demonstroni-besnikeri-ndaj-pushtetit\/#primaryimage","url":"http:\/\/www.shkoder.net\/images\/fjala\/mustafa_nano.jpg","contentUrl":"http:\/\/www.shkoder.net\/images\/fjala\/mustafa_nano.jpg"},{"@type":"BreadcrumbList","@id":"https:\/\/fjala.info\/2009-2015\/doni-te-promovoheni-demonstroni-besnikeri-ndaj-pushtetit\/#breadcrumb","itemListElement":[{"@type":"ListItem","position":1,"name":"Home","item":"https:\/\/fjala.info\/2009-2015\/"},{"@type":"ListItem","position":2,"name":"DONI T\u00cb PROMOVOHENI? DEMONSTRONI BESNIK\u00cbRI NDAJ PUSHTETIT!"}]},{"@type":"WebSite","@id":"https:\/\/fjala.info\/2009-2015\/#website","url":"https:\/\/fjala.info\/2009-2015\/","name":"FjALA e LIR\u00cb - Arkivi","description":"Arkivi 2009-2015","publisher":{"@id":"https:\/\/fjala.info\/2009-2015\/#organization"},"potentialAction":[{"@type":"SearchAction","target":{"@type":"EntryPoint","urlTemplate":"https:\/\/fjala.info\/2009-2015\/?s={search_term_string}"},"query-input":{"@type":"PropertyValueSpecification","valueRequired":true,"valueName":"search_term_string"}}],"inLanguage":"sq-AL"},{"@type":"Organization","@id":"https:\/\/fjala.info\/2009-2015\/#organization","name":"FjALA e LIR\u00cb - Arkivi","url":"https:\/\/fjala.info\/2009-2015\/","logo":{"@type":"ImageObject","inLanguage":"sq-AL","@id":"https:\/\/fjala.info\/2009-2015\/#\/schema\/logo\/image\/","url":"","contentUrl":"","caption":"FjALA e LIR\u00cb - Arkivi"},"image":{"@id":"https:\/\/fjala.info\/2009-2015\/#\/schema\/logo\/image\/"}},{"@type":"Person","@id":"https:\/\/fjala.info\/2009-2015\/#\/schema\/person\/3aa1163ef05469c496fc94e77611ada2","name":"admin","image":{"@type":"ImageObject","inLanguage":"sq-AL","@id":"https:\/\/fjala.info\/2009-2015\/wp-content\/uploads\/2012\/02\/arben_cokaj-120x150.jpg","url":"https:\/\/fjala.info\/2009-2015\/wp-content\/uploads\/2012\/02\/arben_cokaj-120x150.jpg","contentUrl":"https:\/\/fjala.info\/2009-2015\/wp-content\/uploads\/2012\/02\/arben_cokaj-120x150.jpg","caption":"admin"},"description":"Admin, Fjala e Lir\u00eb","sameAs":["https:\/\/fjala.info\/"],"url":"https:\/\/fjala.info\/2009-2015\/author\/admin\/"}]}},"_links":{"self":[{"href":"https:\/\/fjala.info\/2009-2015\/wp-json\/wp\/v2\/posts\/3251","targetHints":{"allow":["GET"]}}],"collection":[{"href":"https:\/\/fjala.info\/2009-2015\/wp-json\/wp\/v2\/posts"}],"about":[{"href":"https:\/\/fjala.info\/2009-2015\/wp-json\/wp\/v2\/types\/post"}],"author":[{"embeddable":true,"href":"https:\/\/fjala.info\/2009-2015\/wp-json\/wp\/v2\/users\/1"}],"replies":[{"embeddable":true,"href":"https:\/\/fjala.info\/2009-2015\/wp-json\/wp\/v2\/comments?post=3251"}],"version-history":[{"count":0,"href":"https:\/\/fjala.info\/2009-2015\/wp-json\/wp\/v2\/posts\/3251\/revisions"}],"wp:attachment":[{"href":"https:\/\/fjala.info\/2009-2015\/wp-json\/wp\/v2\/media?parent=3251"}],"wp:term":[{"taxonomy":"category","embeddable":true,"href":"https:\/\/fjala.info\/2009-2015\/wp-json\/wp\/v2\/categories?post=3251"},{"taxonomy":"post_tag","embeddable":true,"href":"https:\/\/fjala.info\/2009-2015\/wp-json\/wp\/v2\/tags?post=3251"}],"curies":[{"name":"wp","href":"https:\/\/api.w.org\/{rel}","templated":true}]}}