{"id":3249,"date":"2010-07-10T06:47:49","date_gmt":"2010-07-10T05:47:49","guid":{"rendered":"http:\/\/fjala.shkoder.net\/?p=3249"},"modified":"2010-07-10T06:47:49","modified_gmt":"2010-07-10T05:47:49","slug":"nga-josef-stalin-te-josef-daul","status":"publish","type":"post","link":"https:\/\/fjala.info\/2009-2015\/nga-josef-stalin-te-josef-daul\/","title":{"rendered":"NGA JOSEF STALIN TE JOSEF DAUL"},"content":{"rendered":"<p><img decoding=\"async\" style=\"margin-left: 10px; margin-right: 10px; border: 0px;\" src=\"http:\/\/www.shkoder.net\/images\/fjala\/andrea_stefani.jpg\" border=\"0\" alt=\"Andrea Stefani\" width=\"100\" align=\"left\" \/><\/p>\n<p><strong>Andrea Stefani<\/strong><\/p>\n<p>Pasi u burgos p\u00ebr rreth gjysm\u00eb shekulli, p\u00ebr shkak t\u00eb ideologjis\u00eb dhe politik\u00ebs se Josef Stalinit, opsionit t\u00eb demokracis\u00eb n\u00eb Shqip\u00ebri duket se i duhet t\u00eb p\u00ebrballet edhe me \u201cJoseph\u201d-\u00ebt e konservatorizmit europian q\u00eb jan\u00eb v\u00ebn\u00eb n\u00eb mb\u00ebshtetje t\u00eb verb\u00ebr t\u00eb autoritaristit Berisha. N\u00eb ball\u00eb t\u00eb k\u00ebtyre t\u00eb fundit ka dal\u00eb tani Josef Daul, kreu i grupit parlamentar t\u00eb Partive Popullore, nj\u00eb cil\u00ebsim ky q\u00eb u faneps jo pak shqiptar\u00ebve, fantazm\u00ebn e Republik\u00ebs \u201cPopullore\u201d.<\/p>\n<p>Bashkiniciator me Martin Shulc, kreun e partive t\u00eb majta n\u00eb PE, t\u00eb nj\u00eb takimi mes lider\u00ebve shqiptar\u00eb p\u00ebr zgjidhjen e kriz\u00ebs, Daul u shfaq befas n\u00eb Tiran\u00eb me t\u00eb gjitha baterit\u00eb berishiste kund\u00ebr opozit\u00ebs. N\u00eb nj\u00eb intervist\u00eb, dh\u00ebn\u00eb para pak dit\u00ebsh nj\u00eb t\u00eb p\u00ebrditshmeje shqiptare, Daul sqaroi se kish ardhur n\u00eb Tiran\u00eb \u201cp\u00ebr t\u00eb d\u00ebgjuar t\u00eb gjitha pal\u00ebt\u201d. Por \u00e7ka shtjelloi m\u00eb pas, tregon se kish d\u00ebgjuar me nj\u00ebrin vesh, duket me at\u00eb t\u00eb djathtin konservator, vet\u00ebm fjal\u00ebt e Berish\u00ebs.<\/p>\n<p>Sepse gjith\u00e7ka e th\u00ebn\u00eb prej tij, \u00ebsht\u00eb nj\u00eb p\u00ebrs\u00ebritje e propagand\u00ebs s\u00eb r\u00ebndomt\u00eb dhe t\u00eb p\u00ebrditshme berishiste p\u00ebr kriz\u00ebn. Shqet\u00ebsimet, alarmet dhe ndjeshm\u00ebrit\u00eb e opozit\u00ebs, mungojn\u00eb krejt\u00ebsisht n\u00eb goj\u00ebn e Daul. Pse? Mos vall\u00eb ngaq\u00eb Daul ka mik Berish\u00ebn dhe jo Ram\u00ebn? At\u00ebher\u00eb pyetja p\u00ebr t\u00eb do qe: Pse pun\u00eb miq\u00ebsish jan\u00eb k\u00ebto? Apo mos vall\u00eb opozita nuk ka fare, fare-fare t\u00eb drejt\u00eb? Natyrisht nj\u00eb pozicionim i till\u00eb i Daul e ngaz\u00ebllen autoritaristin Berisha. Por, nga ana tjet\u00ebr, a nuk \u00ebsht\u00eb ky antiopozitariz\u00ebm absolut i Daul, di\u00e7ka q\u00eb na kujton at\u00eb Jozefin e tmerrsh\u00ebm t\u00eb stepave?<\/p>\n<p>* * *<\/p>\n<p>Por \u00e7\u2019tha Jozef Daul. Mjerisht shum\u00eb t\u00eb pav\u00ebrteta. Dhe nuk kish si t\u00eb ndodhte ndryshe kur ai u shfaq jo n\u00eb pozicionin e nj\u00eb parlamentari europian, q\u00eb d\u00ebshiron t\u00eb kontribuoj\u00eb p\u00ebr zgjidhjen e kriz\u00ebs shqiptare, por n\u00eb pozicionin e nj\u00eb aleati t\u00eb autoritaristit Berisha q\u00eb k\u00ebrkon ta mbyll\u00eb kriz\u00ebn n\u00eb favor t\u00eb Berish\u00ebs.<\/p>\n<p>\u201cKushtetuta duhet t\u00eb zbatohet\u201d\u2026 \u201cata q\u00eb kontestojn\u00eb rezultatin e zgjedhjeve t\u00eb vitit t\u00eb kaluar duhet t\u00eb p\u00ebrdorin procedurat ligjore n\u00eb dispozicion t\u00eb tyre\u201d\u2026 \u201cdemokracia n\u00eb Shqip\u00ebri, p\u00ebr shkak t\u00eb sjelljes s\u00eb pap\u00ebrgjegjshme t\u00eb opozit\u00ebs, nuk \u00ebsht\u00eb duke funksionuar si duhet\u201d\u2026 \u201czgjedhjet ishin t\u00eb vlefshme\u201d\u2026 \u201ct\u00eb kalojm\u00eb reformat e nevojshme duke p\u00ebrfshir\u00eb edhe ato mbi ligjin zgjedhor\u201d, \u201ci k\u00ebrkoj opozit\u00ebs t\u00eb sillet si opozit\u00eb normale\u201d. Kush po flet Berisha? Jo \u00ebsht\u00eb Jozef Daul. Por ka edhe m\u00eb: \u201cPorosia ime e vetme ishte q\u00eb shteti ligjor duhet t\u00eb mbizot\u00ebroj\u00eb\u201d\u2026 \u201cPorosia ime \u00ebsht\u00eb e qart\u00eb\u201d.<\/p>\n<p>T\u00eb tilla konstruksione t\u00eb foluri u kujtojn\u00eb jo pak shqiptar\u00ebve, t\u00eb pakt\u00ebn atyre q\u00eb kan\u00eb jetuar n\u00ebn komuniz\u00ebm, porosit\u00eb e \u201cStalinit t\u00eb madh\u201d. Jozef Stalin na ka porositur ta mbajm\u00eb t\u00eb fort\u00eb shtetin e diktatur\u00ebs s\u00eb proletariatit &#8211; thoshte ish-diktatori Hoxha. Tani \u00ebsht\u00eb radha e Sali Berish\u00ebs t\u00eb shprehet: Jozef Daul na porosit ta mbajm\u00eb t\u00eb fort\u00eb shtetin ligjor. U arratis\u00ebm nga Jozefi dhe po mb\u00ebrrijm\u00eb te Jozefi. \u00c7far\u00eb tranzicioni! Madje edhe autori i k\u00ebtyre radh\u00ebve trembet se, pas k\u00ebsaj q\u00eb shkroi, mos gjendet n\u00ebn pozit\u00ebn e dikurshme t\u00eb atij q\u00eb ka guxuar t\u00eb kritikoj\u00eb Joseph-in e pagabuesh\u00ebm!<\/p>\n<p>* * *<\/p>\n<p>Duke u v\u00ebn\u00eb n\u00eb sh\u00ebrbim t\u00eb verb\u00ebr t\u00eb nj\u00eb partie dhe lideri \u201cmik\u201d, Jozef Daul \u00ebsht\u00eb v\u00ebn\u00eb n\u00eb sh\u00ebrbim t\u00eb opsionit autoritarist kund\u00ebr atij t\u00eb demokracis\u00eb n\u00eb Shqip\u00ebri. Ai p\u00ebrs\u00ebrit tez\u00ebn berishiste t\u00eb \u201czbatimit t\u00eb Kushtetut\u00ebs\u201d pa e vrar\u00eb fare mendjen se ku vall\u00eb shkelet ajo n\u00ebse realizohet transparenca e k\u00ebrkuar nga opozita. Dhe nj\u00eb europarlamentar si nj\u00eb nga \u201cunreflecting creatures\u201d q\u00eb p\u00ebrmend Erich Fromm, \u00ebsht\u00eb nj\u00eb problem i madh p\u00ebr vende t\u00eb vogla si Shqip\u00ebria, integrimi i t\u00eb cilave me bot\u00ebn e liris\u00eb, p\u00ebrcaktohet jo pak nga k\u00ebta europarlamentar\u00eb.<\/p>\n<p>Prandaj m\u00ebrzitemi kur shohim q\u00eb Jozef Daul nuk d\u00ebshiron t\u2019i marr\u00eb gj\u00ebrat t\u00eb lidhura, pra nuk d\u00ebshiron, p\u00ebr shembull, t\u00eb b\u00ebj\u00eb ndonj\u00eb lidhje logjike mes tez\u00ebs berishiste q\u00eb opozita t\u2019i drejtohet p\u00ebr ankes\u00eb gjykat\u00ebs dhe faktit t\u00eb njohur tashm\u00eb se n\u00eb Shqip\u00ebri, gjykatat nuk jan\u00eb t\u00eb pavarura dhe se politika ushtron presionin dhe kapjen mbi to? Shqet\u00ebsohemi q\u00eb Daul nuk i b\u00ebn pyetjen vetes se kush \u00ebsht\u00eb ai segment i politik\u00ebs m\u00eb me shum\u00eb potenciale dhe lakmi p\u00ebr t\u00eb kapur gjykatat, p\u00ebrve\u00e7se qeveris\u00eb dhe \u201cmikut t\u00eb dashur Berisha\u201d? Alarmohemi kur d\u00ebgjojm\u00eb Daul t\u00eb thot\u00eb se opozita duhet t\u00eb shkoj\u00eb n\u00eb Parlament dhe atje t\u00eb hetoj\u00eb zgjedhjet me an\u00eb t\u00eb nj\u00eb komisioni parlamentar t\u00eb krijuar tiranikisht nga shumica dhe t\u00eb cilit, po tiranikisht dhe antikushtetutshm\u00ebrisht, i \u00ebsht\u00eb hequr e drejta e hapjes p\u00ebr hetim t\u00eb kutive. Zem\u00ebrohemi kur shohim se Daul k\u00ebmb\u00ebngul t\u00eb mos d\u00ebgjoj\u00eb z\u00ebrin e opozit\u00ebs se ai \u00ebsht\u00eb nj\u00eb komision q\u00eb mund t\u2019i \u201chetoj\u00eb\u201d zgjedhjet vet\u00eb nga jasht\u00eb kutis\u00eb, t\u00eb hetoj\u00eb boj\u00ebn dhe byth\u00ebn e kutive.<\/p>\n<p>Por duket se kjo nuk p\u00ebrb\u00ebn shqet\u00ebsim p\u00ebr Daul, sepse edhe vet\u00eb ai \u00ebsht\u00eb m\u00ebsuar ta shikoj\u00eb demokracin\u00eb shqiptare vet\u00ebm nga jasht\u00eb, nga boja. Ky lloj i ri Jozefi nuk b\u00ebn t\u00eb tilla refleksione, sepse misioni i tij \u00ebsht\u00eb mb\u00ebshtetja e nj\u00eb partie \u201ct\u00eb djatht\u00eb\u201d dhe e nj\u00eb miku \u201ct\u00eb djatht\u00eb\u201d si Kryeministri Berisha. Dhe t\u00eb mendosh se jan\u00eb pik\u00ebrisht k\u00ebta europarlamentar\u00eb q\u00eb i k\u00ebshillojn\u00eb koh\u00eb pas kohe opozit\u00ebs shqiptare, q\u00eb t\u00eb dal\u00eb mbi interesat e saj t\u00eb vogla, apo edhe Edi Ram\u00ebs, q\u00eb t\u00eb ngrihet mbi ambiciet dhe luft\u00ebn personale! Pik\u00ebrisht k\u00ebta q\u00eb nuk jan\u00eb n\u00eb gjendje q\u00eb t\u00eb ngrihen mbi nj\u00eb aleanc\u00eb konvencionale p\u00ebr t\u00eb mbrojtur at\u00eb q\u00eb \u00ebsht\u00eb themelore n\u00eb nj\u00eb demokraci, lirin\u00eb dhe ndershm\u00ebrin\u00eb e vot\u00ebs.<\/p>\n<p>Themi aleanc\u00eb konvencionale, sepse konservator\u00ebt si Daul, b\u00ebjn\u00eb gabim t\u00eb r\u00ebnd\u00eb kur e vler\u00ebsojn\u00eb PD me kutin e partive konservatore europiane. N\u00eb realitet, PD nuk ka asnj\u00eb vler\u00eb (por q\u00eb ta kuptojn\u00eb k\u00ebt\u00eb duhet t\u00eb futen n\u00eb \u201ckutin\u00eb\u201d e PD) q\u00eb ta bashkoj\u00eb me konservatorizmin europian dhe vlerat e tij. Aq m\u00eb pak lideri i saj, autokrati Berisha. N\u00eb themel t\u00eb konservatorizmit \u00ebsht\u00eb liria dhe ligji, nd\u00ebrkoh\u00eb q\u00eb 20 vjet tranzicion dhe d\u00ebshtim t\u00eb shtetit t\u00eb sundimit t\u00eb ligjit, japin prova pafund t\u00eb dhunimit nga \u201cdemokrati\u201d Berisha t\u00eb ligjit dhe t\u00eb liris\u00eb. Pse ka ndodhur k\u00ebshtu. Sepse Berisha nuk do q\u00eb n\u00eb Shqip\u00ebri t\u00eb sundoj\u00eb ligji, por Berisha. T\u00eb gjitha krizat shqiptare, nga m\u00eb t\u00eb r\u00ebndat e deri ato m\u00eb t\u00eb moderuarat, kan\u00eb n\u00eb rr\u00ebnj\u00eb t\u00eb tyre pengimin e ligjit dhe drejt\u00ebsis\u00eb nga berishizmi.<\/p>\n<p>Edhe kriza q\u00eb po p\u00ebrjetojm\u00eb lidhur me zgjedhjet, ka n\u00eb themel dhunimin e ligjit zgjedhor nga institucione t\u00eb kapura prej pushtetit berishist. \u00cbsht\u00eb fjala p\u00ebr Komisionin Qendror t\u00eb Zgjedhjeve (KQZ) dhe Kolegjin Zgjedhor. E nd\u00ebrsa Jozef Daul b\u00ebn avokatin\u00eb e Berish\u00ebs dhe lufton opozit\u00ebn n\u00eb Tiran\u00eb, duke e cil\u00ebsuar t\u00eb pap\u00ebrgjegjshme, miku i tij Berisha ka nd\u00ebrmarr\u00eb nj\u00eb tjet\u00ebr aksion p\u00ebr t\u00eb p\u00ebrkryer kapjen e pushteteve dhe gjykatave. Kandidaturat p\u00ebr Gjykat\u00ebn Kushtetuese dhe Gjykat\u00ebn e Lart\u00eb po i n\u00ebnshtrohen nj\u00eb inkuizicioni politik nga shumica berishiste n\u00eb komisionet e Kuvendit, duke hedhur posht\u00eb t\u00eb gjith\u00eb ato kandidatura q\u00eb nuk i p\u00eblqejn\u00eb Berish\u00ebs.<\/p>\n<p>Q\u00eb do t\u00eb thot\u00eb, si p\u00ebr her\u00eb, t\u00eb gjith\u00eb ata kandidat\u00eb q\u00eb nuk japin shpresa se do vihen n\u00eb sh\u00ebrbim t\u00eb Berish\u00ebs. Pra, nd\u00ebrsa Jozef Daul mbron Berish\u00ebn n\u00eb em\u00ebr t\u00eb vlerave t\u00eb konservatorizmit, ky i fundit po shkallmon p\u00ebrfundimisht at\u00eb q\u00eb \u00ebsht\u00eb themeli i liris\u00eb n\u00eb \u00e7do shtet, pavar\u00ebsin\u00eb e pushtetit gjyq\u00ebsor. Po arrijm\u00eb me shpejt\u00ebsi n\u00eb momentin kur t\u00eb shkosh t\u00eb ankohesh n\u00eb gjykat\u00eb kund\u00ebr Berish\u00ebs apo padrejt\u00ebsive t\u00eb administrat\u00ebs s\u00eb tij, do t\u00eb jet\u00eb nj\u00ebsoj si t\u00eb k\u00ebrkosh drejt\u00ebsi te vet\u00eb Berisha, q\u00eb \u00ebsht\u00eb burimi i padrejt\u00ebsive. Ka ndonj\u00eb gj\u00eb p\u00ebr t\u2019u habitur me k\u00ebto akuza kaq t\u00eb r\u00ebnda p\u00ebr nj\u00eb \u201cdemokrat\u201d dhe nj\u00eb mik \u201ckonservator\u201d si Berisha?<\/p>\n<p>Jozef Daul mund t\u00eb habitet sa t\u00eb doj\u00eb, por mjafton t\u00eb pyes\u00eb Malkolm Rifkind, ish-ministrin e Jasht\u00ebm britanik, sa p\u00ebr rifreskim kujtese. N\u00eb muajt e tmerrsh\u00ebm t\u00eb vitit \u201997, Rifkind, u detyrua t\u00eb distancohet nga b\u00ebmat autoritariste t\u00eb mikut Berisha, deri at\u00ebher\u00eb shum\u00eb t\u00eb dashur p\u00ebr qeverin\u00eb konservatore t\u00eb Xhon Mejxh\u00ebrit. Por qe shum\u00eb von\u00eb. Konservator\u00ebt n\u00eb Britani, dhe n\u00eb jo pak vende europiane, kishin neglizhuar kritikat e shoq\u00ebris\u00eb civile, opozit\u00ebs shqiptare, medias, p\u00ebr regjimin autoritar dhe t\u00eb kriminalizuar q\u00eb po ngrinte Berisha n\u00eb Tiran\u00eb. Kishin neglizhuar (sikund\u00ebr pohojn\u00eb gazetar\u00eb si Gumbel, Wickers apo Petiffer) deri edhe informacione t\u00eb sh\u00ebrbimeve t\u00eb tyre sekrete p\u00ebr kriminalizimin e qeveris\u00eb Berisha.<\/p>\n<p>Sot po shohim se jo pak europian\u00eb i kan\u00eb \u201cdelete\u201d-ur b\u00ebmat e dikurshme t\u00eb autoritaristit Berisha gj\u00eb q\u00eb e kishin v\u00ebshtir\u00eb ta besonin 6 vjet m\u00eb par\u00eb, edhe m\u00eb skeptik\u00ebt e \u201cndryshimit\u201d t\u00eb Berish\u00ebs. T\u00eb pakt\u00ebn at\u00ebher\u00eb besohej se Europa nuk do ta lejonte Berish\u00ebn t\u00eb p\u00ebrs\u00ebriste t\u00eb nj\u00ebjtat mynxyra. Koh\u00ebt po provojn\u00eb se gaboheshin. Europa nuk ka nxjerr\u00eb m\u00ebsim nga Berisha dhe prandaj edhe Berisha nuk ka nxjerr\u00eb m\u00ebsime nga Europa. Sot shohim t\u00eb nj\u00ebjt\u00ebn indiferenc\u00eb europiane ndaj kritikave drejtuar qeveris\u00eb nga ana e opozit\u00ebs, medias dhe shoq\u00ebris\u00eb civile shqiptare.<\/p>\n<p>Nuk dihet ende se \u00e7far\u00eb i informojn\u00eb agjencit\u00eb e inteligjenc\u00ebs qeverive europiane p\u00ebr skandale t\u00eb tilla si G\u00ebrdeci, ku nxjerrin kok\u00ebn p\u00ebrs\u00ebri trafiqet e vjetra t\u00eb arm\u00ebve t\u00eb nj\u00eb (si\u00e7 shprehej Andrew Gumbel n\u00eb \u201997) \u201cqeverie t\u00eb gangster\u00ebsh\u201d tashm\u00eb t\u00eb harruar. Dhe ndoshta do t\u00eb vij\u00eb nj\u00eb dit\u00eb q\u00eb edhe Joseph Daul apo Doris Pack (kjo e fundit ka nisur t\u00eb akuzohet edhe nga vet\u00eb deputet\u00eb t\u00eb PE si avokate vulgare e Berish\u00ebs), t\u00eb pendohen p\u00ebr k\u00ebt\u00eb mbrojtje t\u00eb pamatur pra, t\u00eb pap\u00ebrgjegjshme, q\u00eb po u b\u00ebjn\u00eb taktikave \u201cme shtet ligjor\u201d t\u00eb nj\u00eb politikani t\u00eb afishuar si nj\u00eb autoritarist i fiksuar q\u00eb po pengon prej dy dekadash nd\u00ebrtimin e shtetit ligjor n\u00eb Shqip\u00ebri. Dhe urojm\u00eb t\u00eb mos jet\u00eb shum\u00eb von\u00eb, si n\u00eb vitin e mbrapsht\u00eb \u201997. Sepse at\u00ebher\u00eb asgj\u00eb nuk mund t\u2019i shp\u00ebtoj\u00eb politikan\u00eb europian\u00eb si Daul nga t\u00eb qen\u00ebt, tok me politikan\u00eb autokrat\u00eb si Berisha, bashk\u00ebvarrmih\u00ebs t\u00eb demokracis\u00eb n\u00eb Shqip\u00ebri.<\/p>\n","protected":false},"excerpt":{"rendered":"<p>Andrea Stefani Pasi u burgos p\u00ebr rreth gjysm\u00eb shekulli, p\u00ebr shkak t\u00eb ideologjis\u00eb dhe politik\u00ebs se Josef Stalinit, opsionit t\u00eb demokracis\u00eb n\u00eb Shqip\u00ebri duket se i duhet t\u00eb p\u00ebrballet edhe me \u201cJoseph\u201d-\u00ebt e konservatorizmit europian q\u00eb jan\u00eb v\u00ebn\u00eb n\u00eb mb\u00ebshtetje t\u00eb verb\u00ebr t\u00eb autoritaristit Berisha. N\u00eb ball\u00eb t\u00eb k\u00ebtyre t\u00eb fundit ka dal\u00eb tani Josef [&hellip;]<\/p>\n","protected":false},"author":1,"featured_media":0,"comment_status":"open","ping_status":"closed","sticky":false,"template":"","format":"standard","meta":{"footnotes":""},"categories":[2],"tags":[],"class_list":{"0":"post-3249","1":"post","2":"type-post","3":"status-publish","4":"format-standard","6":"category-artikuj"},"yoast_head":"<!-- This site is optimized with the Yoast SEO plugin v27.4 - https:\/\/yoast.com\/product\/yoast-seo-wordpress\/ -->\n<title>NGA JOSEF STALIN TE JOSEF DAUL - FjALA e LIR\u00cb - Arkivi<\/title>\n<meta name=\"robots\" content=\"index, follow, max-snippet:-1, max-image-preview:large, max-video-preview:-1\" \/>\n<link rel=\"canonical\" href=\"https:\/\/fjala.info\/2009-2015\/nga-josef-stalin-te-josef-daul\/\" \/>\n<meta property=\"og:locale\" content=\"sq_AL\" \/>\n<meta property=\"og:type\" content=\"article\" \/>\n<meta property=\"og:title\" content=\"NGA JOSEF STALIN TE JOSEF DAUL - FjALA e LIR\u00cb - Arkivi\" \/>\n<meta property=\"og:description\" content=\"Andrea Stefani Pasi u burgos p\u00ebr rreth gjysm\u00eb shekulli, p\u00ebr shkak t\u00eb ideologjis\u00eb dhe politik\u00ebs se Josef Stalinit, opsionit t\u00eb demokracis\u00eb n\u00eb Shqip\u00ebri duket se i duhet t\u00eb p\u00ebrballet edhe me \u201cJoseph\u201d-\u00ebt e konservatorizmit europian q\u00eb jan\u00eb v\u00ebn\u00eb n\u00eb mb\u00ebshtetje t\u00eb verb\u00ebr t\u00eb autoritaristit Berisha. N\u00eb ball\u00eb t\u00eb k\u00ebtyre t\u00eb fundit ka dal\u00eb tani Josef [&hellip;]\" \/>\n<meta property=\"og:url\" content=\"https:\/\/fjala.info\/2009-2015\/nga-josef-stalin-te-josef-daul\/\" \/>\n<meta property=\"og:site_name\" content=\"FjALA e LIR\u00cb - Arkivi\" \/>\n<meta property=\"article:published_time\" content=\"2010-07-10T05:47:49+00:00\" \/>\n<meta property=\"og:image\" content=\"http:\/\/www.shkoder.net\/images\/fjala\/andrea_stefani.jpg\" \/>\n<meta name=\"author\" content=\"admin\" \/>\n<meta name=\"twitter:card\" content=\"summary_large_image\" \/>\n<meta name=\"twitter:label1\" content=\"Written by\" \/>\n\t<meta name=\"twitter:data1\" content=\"admin\" \/>\n\t<meta name=\"twitter:label2\" content=\"Est. reading time\" \/>\n\t<meta name=\"twitter:data2\" content=\"9 minutes\" \/>\n<script type=\"application\/ld+json\" class=\"yoast-schema-graph\">{\"@context\":\"https:\\\/\\\/schema.org\",\"@graph\":[{\"@type\":\"Article\",\"@id\":\"https:\\\/\\\/fjala.info\\\/2009-2015\\\/nga-josef-stalin-te-josef-daul\\\/#article\",\"isPartOf\":{\"@id\":\"https:\\\/\\\/fjala.info\\\/2009-2015\\\/nga-josef-stalin-te-josef-daul\\\/\"},\"author\":{\"name\":\"admin\",\"@id\":\"https:\\\/\\\/fjala.info\\\/2009-2015\\\/#\\\/schema\\\/person\\\/3aa1163ef05469c496fc94e77611ada2\"},\"headline\":\"NGA JOSEF STALIN TE JOSEF DAUL\",\"datePublished\":\"2010-07-10T05:47:49+00:00\",\"mainEntityOfPage\":{\"@id\":\"https:\\\/\\\/fjala.info\\\/2009-2015\\\/nga-josef-stalin-te-josef-daul\\\/\"},\"wordCount\":1831,\"commentCount\":0,\"publisher\":{\"@id\":\"https:\\\/\\\/fjala.info\\\/2009-2015\\\/#organization\"},\"image\":{\"@id\":\"https:\\\/\\\/fjala.info\\\/2009-2015\\\/nga-josef-stalin-te-josef-daul\\\/#primaryimage\"},\"thumbnailUrl\":\"http:\\\/\\\/www.shkoder.net\\\/images\\\/fjala\\\/andrea_stefani.jpg\",\"articleSection\":[\"Artikuj\"],\"inLanguage\":\"sq-AL\",\"potentialAction\":[{\"@type\":\"CommentAction\",\"name\":\"Comment\",\"target\":[\"https:\\\/\\\/fjala.info\\\/2009-2015\\\/nga-josef-stalin-te-josef-daul\\\/#respond\"]}]},{\"@type\":\"WebPage\",\"@id\":\"https:\\\/\\\/fjala.info\\\/2009-2015\\\/nga-josef-stalin-te-josef-daul\\\/\",\"url\":\"https:\\\/\\\/fjala.info\\\/2009-2015\\\/nga-josef-stalin-te-josef-daul\\\/\",\"name\":\"NGA JOSEF STALIN TE JOSEF DAUL - FjALA e LIR\u00cb - Arkivi\",\"isPartOf\":{\"@id\":\"https:\\\/\\\/fjala.info\\\/2009-2015\\\/#website\"},\"primaryImageOfPage\":{\"@id\":\"https:\\\/\\\/fjala.info\\\/2009-2015\\\/nga-josef-stalin-te-josef-daul\\\/#primaryimage\"},\"image\":{\"@id\":\"https:\\\/\\\/fjala.info\\\/2009-2015\\\/nga-josef-stalin-te-josef-daul\\\/#primaryimage\"},\"thumbnailUrl\":\"http:\\\/\\\/www.shkoder.net\\\/images\\\/fjala\\\/andrea_stefani.jpg\",\"datePublished\":\"2010-07-10T05:47:49+00:00\",\"breadcrumb\":{\"@id\":\"https:\\\/\\\/fjala.info\\\/2009-2015\\\/nga-josef-stalin-te-josef-daul\\\/#breadcrumb\"},\"inLanguage\":\"sq-AL\",\"potentialAction\":[{\"@type\":\"ReadAction\",\"target\":[\"https:\\\/\\\/fjala.info\\\/2009-2015\\\/nga-josef-stalin-te-josef-daul\\\/\"]}]},{\"@type\":\"ImageObject\",\"inLanguage\":\"sq-AL\",\"@id\":\"https:\\\/\\\/fjala.info\\\/2009-2015\\\/nga-josef-stalin-te-josef-daul\\\/#primaryimage\",\"url\":\"http:\\\/\\\/www.shkoder.net\\\/images\\\/fjala\\\/andrea_stefani.jpg\",\"contentUrl\":\"http:\\\/\\\/www.shkoder.net\\\/images\\\/fjala\\\/andrea_stefani.jpg\"},{\"@type\":\"BreadcrumbList\",\"@id\":\"https:\\\/\\\/fjala.info\\\/2009-2015\\\/nga-josef-stalin-te-josef-daul\\\/#breadcrumb\",\"itemListElement\":[{\"@type\":\"ListItem\",\"position\":1,\"name\":\"Home\",\"item\":\"https:\\\/\\\/fjala.info\\\/2009-2015\\\/\"},{\"@type\":\"ListItem\",\"position\":2,\"name\":\"NGA JOSEF STALIN TE JOSEF DAUL\"}]},{\"@type\":\"WebSite\",\"@id\":\"https:\\\/\\\/fjala.info\\\/2009-2015\\\/#website\",\"url\":\"https:\\\/\\\/fjala.info\\\/2009-2015\\\/\",\"name\":\"FjALA e LIR\u00cb - Arkivi\",\"description\":\"Arkivi 2009-2015\",\"publisher\":{\"@id\":\"https:\\\/\\\/fjala.info\\\/2009-2015\\\/#organization\"},\"potentialAction\":[{\"@type\":\"SearchAction\",\"target\":{\"@type\":\"EntryPoint\",\"urlTemplate\":\"https:\\\/\\\/fjala.info\\\/2009-2015\\\/?s={search_term_string}\"},\"query-input\":{\"@type\":\"PropertyValueSpecification\",\"valueRequired\":true,\"valueName\":\"search_term_string\"}}],\"inLanguage\":\"sq-AL\"},{\"@type\":\"Organization\",\"@id\":\"https:\\\/\\\/fjala.info\\\/2009-2015\\\/#organization\",\"name\":\"FjALA e LIR\u00cb - Arkivi\",\"url\":\"https:\\\/\\\/fjala.info\\\/2009-2015\\\/\",\"logo\":{\"@type\":\"ImageObject\",\"inLanguage\":\"sq-AL\",\"@id\":\"https:\\\/\\\/fjala.info\\\/2009-2015\\\/#\\\/schema\\\/logo\\\/image\\\/\",\"url\":\"\",\"contentUrl\":\"\",\"caption\":\"FjALA e LIR\u00cb - Arkivi\"},\"image\":{\"@id\":\"https:\\\/\\\/fjala.info\\\/2009-2015\\\/#\\\/schema\\\/logo\\\/image\\\/\"}},{\"@type\":\"Person\",\"@id\":\"https:\\\/\\\/fjala.info\\\/2009-2015\\\/#\\\/schema\\\/person\\\/3aa1163ef05469c496fc94e77611ada2\",\"name\":\"admin\",\"image\":{\"@type\":\"ImageObject\",\"inLanguage\":\"sq-AL\",\"@id\":\"https:\\\/\\\/fjala.info\\\/2009-2015\\\/wp-content\\\/uploads\\\/2012\\\/02\\\/arben_cokaj-120x150.jpg\",\"url\":\"https:\\\/\\\/fjala.info\\\/2009-2015\\\/wp-content\\\/uploads\\\/2012\\\/02\\\/arben_cokaj-120x150.jpg\",\"contentUrl\":\"https:\\\/\\\/fjala.info\\\/2009-2015\\\/wp-content\\\/uploads\\\/2012\\\/02\\\/arben_cokaj-120x150.jpg\",\"caption\":\"admin\"},\"description\":\"Admin, Fjala e Lir\u00eb\",\"sameAs\":[\"https:\\\/\\\/fjala.info\\\/\"],\"url\":\"https:\\\/\\\/fjala.info\\\/2009-2015\\\/author\\\/admin\\\/\"}]}<\/script>\n<!-- \/ Yoast SEO plugin. -->","yoast_head_json":{"title":"NGA JOSEF STALIN TE JOSEF DAUL - FjALA e LIR\u00cb - Arkivi","robots":{"index":"index","follow":"follow","max-snippet":"max-snippet:-1","max-image-preview":"max-image-preview:large","max-video-preview":"max-video-preview:-1"},"canonical":"https:\/\/fjala.info\/2009-2015\/nga-josef-stalin-te-josef-daul\/","og_locale":"sq_AL","og_type":"article","og_title":"NGA JOSEF STALIN TE JOSEF DAUL - FjALA e LIR\u00cb - Arkivi","og_description":"Andrea Stefani Pasi u burgos p\u00ebr rreth gjysm\u00eb shekulli, p\u00ebr shkak t\u00eb ideologjis\u00eb dhe politik\u00ebs se Josef Stalinit, opsionit t\u00eb demokracis\u00eb n\u00eb Shqip\u00ebri duket se i duhet t\u00eb p\u00ebrballet edhe me \u201cJoseph\u201d-\u00ebt e konservatorizmit europian q\u00eb jan\u00eb v\u00ebn\u00eb n\u00eb mb\u00ebshtetje t\u00eb verb\u00ebr t\u00eb autoritaristit Berisha. N\u00eb ball\u00eb t\u00eb k\u00ebtyre t\u00eb fundit ka dal\u00eb tani Josef [&hellip;]","og_url":"https:\/\/fjala.info\/2009-2015\/nga-josef-stalin-te-josef-daul\/","og_site_name":"FjALA e LIR\u00cb - Arkivi","article_published_time":"2010-07-10T05:47:49+00:00","og_image":[{"url":"http:\/\/www.shkoder.net\/images\/fjala\/andrea_stefani.jpg","type":"","width":"","height":""}],"author":"admin","twitter_card":"summary_large_image","twitter_misc":{"Written by":"admin","Est. reading time":"9 minutes"},"schema":{"@context":"https:\/\/schema.org","@graph":[{"@type":"Article","@id":"https:\/\/fjala.info\/2009-2015\/nga-josef-stalin-te-josef-daul\/#article","isPartOf":{"@id":"https:\/\/fjala.info\/2009-2015\/nga-josef-stalin-te-josef-daul\/"},"author":{"name":"admin","@id":"https:\/\/fjala.info\/2009-2015\/#\/schema\/person\/3aa1163ef05469c496fc94e77611ada2"},"headline":"NGA JOSEF STALIN TE JOSEF DAUL","datePublished":"2010-07-10T05:47:49+00:00","mainEntityOfPage":{"@id":"https:\/\/fjala.info\/2009-2015\/nga-josef-stalin-te-josef-daul\/"},"wordCount":1831,"commentCount":0,"publisher":{"@id":"https:\/\/fjala.info\/2009-2015\/#organization"},"image":{"@id":"https:\/\/fjala.info\/2009-2015\/nga-josef-stalin-te-josef-daul\/#primaryimage"},"thumbnailUrl":"http:\/\/www.shkoder.net\/images\/fjala\/andrea_stefani.jpg","articleSection":["Artikuj"],"inLanguage":"sq-AL","potentialAction":[{"@type":"CommentAction","name":"Comment","target":["https:\/\/fjala.info\/2009-2015\/nga-josef-stalin-te-josef-daul\/#respond"]}]},{"@type":"WebPage","@id":"https:\/\/fjala.info\/2009-2015\/nga-josef-stalin-te-josef-daul\/","url":"https:\/\/fjala.info\/2009-2015\/nga-josef-stalin-te-josef-daul\/","name":"NGA JOSEF STALIN TE JOSEF DAUL - FjALA e LIR\u00cb - Arkivi","isPartOf":{"@id":"https:\/\/fjala.info\/2009-2015\/#website"},"primaryImageOfPage":{"@id":"https:\/\/fjala.info\/2009-2015\/nga-josef-stalin-te-josef-daul\/#primaryimage"},"image":{"@id":"https:\/\/fjala.info\/2009-2015\/nga-josef-stalin-te-josef-daul\/#primaryimage"},"thumbnailUrl":"http:\/\/www.shkoder.net\/images\/fjala\/andrea_stefani.jpg","datePublished":"2010-07-10T05:47:49+00:00","breadcrumb":{"@id":"https:\/\/fjala.info\/2009-2015\/nga-josef-stalin-te-josef-daul\/#breadcrumb"},"inLanguage":"sq-AL","potentialAction":[{"@type":"ReadAction","target":["https:\/\/fjala.info\/2009-2015\/nga-josef-stalin-te-josef-daul\/"]}]},{"@type":"ImageObject","inLanguage":"sq-AL","@id":"https:\/\/fjala.info\/2009-2015\/nga-josef-stalin-te-josef-daul\/#primaryimage","url":"http:\/\/www.shkoder.net\/images\/fjala\/andrea_stefani.jpg","contentUrl":"http:\/\/www.shkoder.net\/images\/fjala\/andrea_stefani.jpg"},{"@type":"BreadcrumbList","@id":"https:\/\/fjala.info\/2009-2015\/nga-josef-stalin-te-josef-daul\/#breadcrumb","itemListElement":[{"@type":"ListItem","position":1,"name":"Home","item":"https:\/\/fjala.info\/2009-2015\/"},{"@type":"ListItem","position":2,"name":"NGA JOSEF STALIN TE JOSEF DAUL"}]},{"@type":"WebSite","@id":"https:\/\/fjala.info\/2009-2015\/#website","url":"https:\/\/fjala.info\/2009-2015\/","name":"FjALA e LIR\u00cb - Arkivi","description":"Arkivi 2009-2015","publisher":{"@id":"https:\/\/fjala.info\/2009-2015\/#organization"},"potentialAction":[{"@type":"SearchAction","target":{"@type":"EntryPoint","urlTemplate":"https:\/\/fjala.info\/2009-2015\/?s={search_term_string}"},"query-input":{"@type":"PropertyValueSpecification","valueRequired":true,"valueName":"search_term_string"}}],"inLanguage":"sq-AL"},{"@type":"Organization","@id":"https:\/\/fjala.info\/2009-2015\/#organization","name":"FjALA e LIR\u00cb - Arkivi","url":"https:\/\/fjala.info\/2009-2015\/","logo":{"@type":"ImageObject","inLanguage":"sq-AL","@id":"https:\/\/fjala.info\/2009-2015\/#\/schema\/logo\/image\/","url":"","contentUrl":"","caption":"FjALA e LIR\u00cb - Arkivi"},"image":{"@id":"https:\/\/fjala.info\/2009-2015\/#\/schema\/logo\/image\/"}},{"@type":"Person","@id":"https:\/\/fjala.info\/2009-2015\/#\/schema\/person\/3aa1163ef05469c496fc94e77611ada2","name":"admin","image":{"@type":"ImageObject","inLanguage":"sq-AL","@id":"https:\/\/fjala.info\/2009-2015\/wp-content\/uploads\/2012\/02\/arben_cokaj-120x150.jpg","url":"https:\/\/fjala.info\/2009-2015\/wp-content\/uploads\/2012\/02\/arben_cokaj-120x150.jpg","contentUrl":"https:\/\/fjala.info\/2009-2015\/wp-content\/uploads\/2012\/02\/arben_cokaj-120x150.jpg","caption":"admin"},"description":"Admin, Fjala e Lir\u00eb","sameAs":["https:\/\/fjala.info\/"],"url":"https:\/\/fjala.info\/2009-2015\/author\/admin\/"}]}},"_links":{"self":[{"href":"https:\/\/fjala.info\/2009-2015\/wp-json\/wp\/v2\/posts\/3249","targetHints":{"allow":["GET"]}}],"collection":[{"href":"https:\/\/fjala.info\/2009-2015\/wp-json\/wp\/v2\/posts"}],"about":[{"href":"https:\/\/fjala.info\/2009-2015\/wp-json\/wp\/v2\/types\/post"}],"author":[{"embeddable":true,"href":"https:\/\/fjala.info\/2009-2015\/wp-json\/wp\/v2\/users\/1"}],"replies":[{"embeddable":true,"href":"https:\/\/fjala.info\/2009-2015\/wp-json\/wp\/v2\/comments?post=3249"}],"version-history":[{"count":0,"href":"https:\/\/fjala.info\/2009-2015\/wp-json\/wp\/v2\/posts\/3249\/revisions"}],"wp:attachment":[{"href":"https:\/\/fjala.info\/2009-2015\/wp-json\/wp\/v2\/media?parent=3249"}],"wp:term":[{"taxonomy":"category","embeddable":true,"href":"https:\/\/fjala.info\/2009-2015\/wp-json\/wp\/v2\/categories?post=3249"},{"taxonomy":"post_tag","embeddable":true,"href":"https:\/\/fjala.info\/2009-2015\/wp-json\/wp\/v2\/tags?post=3249"}],"curies":[{"name":"wp","href":"https:\/\/api.w.org\/{rel}","templated":true}]}}