{"id":3246,"date":"2010-07-09T23:10:55","date_gmt":"2010-07-09T22:10:55","guid":{"rendered":"http:\/\/fjala.shkoder.net\/?p=3246"},"modified":"2010-07-09T23:10:55","modified_gmt":"2010-07-09T22:10:55","slug":"suksei-i-partise-varet-nga-borizani-i-saj","status":"publish","type":"post","link":"https:\/\/fjala.info\/2009-2015\/suksei-i-partise-varet-nga-borizani-i-saj\/","title":{"rendered":"SUKSESI I PARTIS\u00cb VAR\u00cbT NGA BORIZANI I SAJ"},"content":{"rendered":"<p><strong>REFORMAT N\u00cb LDK<\/strong> (<strong>9<\/strong>)<\/p>\n<p>(<em>Ose: A duhet t\u00eb reformohet edhe departamenti i komunikimit me publikun<\/em>)<\/p>\n<p><img decoding=\"async\" style=\"margin-left: 10px; margin-right: 10px; border: 0px;\" src=\"http:\/\/www.shkoder.net\/images\/fjala\/dibrani.jpg\" border=\"0\" alt=\"Shefqet DIBRANI\" width=\"150\" align=\"left\" \/><\/p>\n<p>Shkruan: <strong>Shefqet DIBRANI<\/strong><\/p>\n<p>Karshi reformave e pun\u00ebve t\u00eb shumta q\u00eb duhet t\u2019i b\u00ebn\u00eb LDK-ja, n\u00eb k\u00ebt\u00eb proces riformatizimi ajo duhet t\u00eb merret seriozisht me departamentin e informimit dhe t\u00eb propagand\u00ebs, sektor ky ndoshta m\u00eb i brishti q\u00eb ka pasur dhe ka LDK-ja. Kurse borizani i nj\u00eb partie \u00ebsht\u00eb personi nd\u00ebrlidh\u00ebs n\u00eb mes q\u00ebndrimeve partiake dhe opinionit publik, p\u00ebrkat\u00ebsisht p\u00ebrmes tij transmetohet deri te qytetari i gjith\u00eb angazhimi i brendsh\u00ebm i partis\u00eb. Partit\u00eb dhe subjektet politike n\u00eb Kosov\u00eb, ve\u00e7mas LDK-ja duhet t\u00eb merr shembullin e partive per\u00ebndimore t\u00eb cilat i kushtojn\u00eb r\u00ebnd\u00ebsi specifike k\u00ebtij posti i cili nuk i jepet askujt vet\u00ebm sa p\u00ebr dekor.<\/p>\n<p>Z\u00ebdh\u00ebn\u00ebsi i LDK-s\u00eb Vehbi Miftari n\u00eb k\u00ebt\u00eb post sikur ka ardhur vet\u00ebm sa p\u00ebr ta siguruar titullin \u201cdr\u201d dhe p\u00ebr t\u00eb marr\u00eb nj\u00eb pag\u00eb mujore, por jo p\u00ebr t\u2019i dh\u00ebn\u00eb vizion e em\u00ebr LDK-s\u00eb. P\u00ebrkundrazi q\u00ebndrimi i tij dualist e ka sh\u00ebmtuar dhe i ka degraduar edhe ato pak vlera q\u00eb i ka pasur LDK-ja. P\u00ebr ironi t\u00eb t\u00eb gjithave m\u00eb duket se i vetmi vizion i qart\u00eb i Vehbi Miftarit \u00ebsht\u00eb lojaliteti i tij ndaj eprorit q\u00eb \u00ebsht\u00eb shembulli m\u00eb tragjik i b\u00ebrrylave brenda k\u00ebsaj partie.<\/p>\n<p>Po \u00e7far\u00eb mund t\u00eb flitet p\u00ebr rolin e tij n\u00eb fush\u00ebn e komunikimit kur n\u00eb fund t\u00eb komenteve t\u00eb tija q\u00eb s\u2019kan\u00eb gj\u00eb t\u00eb p\u00ebrbashk\u00ebt me LDK-n\u00eb sqaron se: \u201cAutori \u00ebsht\u00eb shef i Departamentit t\u00eb Komunikimit n\u00eb LDK. Pik\u00ebpamjet e shprehura n\u00eb k\u00ebt\u00eb artikull jan\u00eb krejt\u00ebsisht personale\u201d. T\u00eb jesh shef i departamentit t\u00eb partis\u00eb dhe t\u00eb prezantosh pik\u00ebpamje krejt personale \u00ebsht\u00eb m\u00eb shum\u00eb se idiot\u00ebsi, sepse n\u00eb secil\u00ebn koh\u00eb dhe n\u00eb \u00e7do moment ai \u00ebsht\u00eb dashur dhe duhet t\u2019i prezanton pik\u00ebpamjet e partis\u00eb, n\u00ebse m\u00eb t\u00eb v\u00ebrtet\u00eb \u00ebsht\u00eb an\u00ebtar\u00eb i LDK-s\u00eb, p\u00ebrndryshe \u00ebsht\u00eb nj\u00eb dublxitet moral dhe politik q\u00eb reflekton te qytetari pik\u00ebrisht dyfytyr\u00ebsin\u00eb e mendimit dhe t\u00eb q\u00ebndrimit politik n\u00eb LDK.<\/p>\n<p>Vehbi Miftari vjen n\u00eb k\u00ebt\u00eb post m\u00eb shum\u00eb si kuad\u00ebr i d\u00ebgjuesh\u00ebm t\u00eb cilit si duket \u201cPartia\u201d e ka shp\u00ebrblyer edhe me grad\u00ebn \u201cdr\u201d, se mbase edhe kjo \u201cParti\u201d nuk ka mbetur prapa t\u00eb tjerave me grada shkencore q\u00eb merren vet\u00ebm n\u00ebse siguron nj\u00eb post t\u00eb lart\u00eb partiak a shtet\u00ebror. Por viteve t\u00eb fundit \u00ebsht\u00eb krijuar nj\u00eb kontradikt\u00eb e thell\u00eb n\u00eb k\u00ebt\u00eb plan pasi n\u00eb t\u00eb kaluar\u00ebn gati t\u00eb gjith\u00eb ata q\u00eb kan\u00eb zgjedhur pun\u00ebn kan\u00eb mbetur pa vazhduar studimet pos diplomime, nd\u00ebrsa sot ndodh\u00eb e kund\u00ebrta pasi kryesisht studimet dhe titujt akademik po merren n\u00ebse ke poste t\u00eb privilegjuara.<\/p>\n<p>Po ky sukses vazhdon edhe n\u00eb fush\u00ebn e publikimeve, ku zyrtar\u00ebt e lart\u00eb p\u00ebr \u00e7do jav\u00eb promovojn\u00eb librat e tyre, promovojn\u00eb librat ku ata jan\u00eb redaktor, b\u00ebhen kritik\u00eb t\u00eb librave t\u00eb caktuar dhe me t\u00eb v\u00ebrtet\u00eb \u00ebsht\u00eb p\u00ebr t\u2019u lakmuar se si i arrijn\u00eb t\u00eb gjitha k\u00ebto rezultate, ndon\u00ebse rezultatet e zhvillimit t\u00eb Kosov\u00ebs jan\u00eb duke i shqet\u00ebsuar t\u00eb gjitha strukturat vendimmarrjes n\u00eb Evrop\u00eb dhe Amerik\u00eb.<\/p>\n<p>Madje shum\u00eb sish karrier\u00ebn e autor\u00ebve e kan\u00eb nisur vet\u00ebm kur jan\u00eb em\u00ebruar n\u00eb postet m\u00eb t\u00eb larat politike e shtet\u00ebrore. Se si arrihet kjo, nuk do shum\u00eb mend, por tragjikja e gjith\u00eb k\u00ebsaj \u00ebsht\u00eb gjendja e prapambetur n\u00eb Kosov\u00eb n\u00eb t\u00eb gjitha sferat e jet\u00ebs s\u00eb saj. N\u00eb k\u00ebt\u00eb plan nuk \u00ebsht\u00eb prapa as borizani i LDK-s\u00eb i cili asnj\u00eb sh\u00ebrbim organizimi dhe asnj\u00eb veprim p\u00ebr t\u2019u lakmuar n\u00eb fush\u00ebn e komunikimit dhe t\u00eb propagand\u00ebs prej si \u00ebsht\u00eb n\u00eb postin e \u201cshefit t\u00eb komunikimit n\u00eb LDK\u201d nuk e ka b\u00ebr\u00eb.<\/p>\n<p>Vehbi Miftari nuk ka shtrir\u00eb askund rrjetin e tij n\u00ebp\u00ebr deg\u00eb, e n\u00ebndeg\u00eb, ai vazhdimisht sillet me nj\u00eb prepotenc\u00eb e megalomani t\u00eb pa shembullit. Do t\u00eb ishte mir\u00eb gazetaria analitike t\u00eb b\u00ebnte anketime p\u00ebr t\u00eb par\u00eb se si u drejtohen z\u00ebdh\u00ebn\u00ebsit e partive dhe t\u00eb institucioneve shtet\u00ebrore, gazetar\u00ebve n\u00ebp\u00ebr konferencat p\u00ebr shtyp dhe n\u00eb paraqitjet e tyre publike.<\/p>\n<p>T\u00eb shihet n\u00ebse ndonj\u00ebri prej tyre iu drejtohet gazetar\u00ebve me shprehjen: \u201cT\u00eb nderuara zonja dhe t\u00eb nderuar zot\u00ebrinj mir\u00eb se keni ardhur n\u00eb k\u00ebt\u00eb&#8230;\u201d, k\u00ebt\u00eb p\u00ebrbuzje dhe k\u00ebt\u00eb shp\u00ebrfillje posht\u00ebruese q\u00eb e b\u00ebjn\u00eb para gazetar\u00ebve n\u00eb dhjet\u00ebra sekuenca televizive i kam ve\u00e7uar pik\u00ebrisht njer\u00ebzit e LDK-s\u00eb q\u00eb kan\u00eb komunikuar me gazetar\u00ebt, ku nuk p\u00ebrjashtohet as z. Miftari. Gjendje m\u00eb e mir\u00eb nuk \u00ebsht\u00eb as n\u00eb partit\u00eb tjera por mua m\u00eb dhemb m\u00eb shum\u00eb situata n\u00eb sht\u00ebpin\u00eb time se sa n\u00eb sht\u00ebpin\u00eb e \u201ckojshis\u00eb\u201d.<\/p>\n<p>Nuk e di si nuk e shohin njer\u00ebzit rolin e tyre negativ ndaj partis\u00eb. Karshi LDK-s\u00eb Vehbi Miftari nuk ka pse t\u00eb krenohet, p\u00ebrkundrazi ai i ka b\u00ebr\u00eb nj\u00eb sh\u00ebrbim t\u00eb keq LDK-s\u00eb e cila e ka privilegjuar dhe akomoduar si \u00ebsht\u00eb m\u00eb s\u00eb miri. Se LDK-s\u00eb i ka b\u00ebr\u00eb nj\u00eb sh\u00ebrbim t\u00eb keq \u00ebsht\u00eb fakti se ai u sh\u00ebrben klaneve t\u00eb interesit p\u00ebrndryshe nuk do t\u00eb deklarohej p\u00ebr Isa Mustaf\u00ebn se \u00ebsht\u00eb &#8220;njeri me kapacitete t\u00eb jasht\u00ebzakonshme intelektuale dhe menaxhuese, i cili ka dh\u00ebn\u00eb shum\u00eb shenja se Prishtin\u00ebn po e transformon n\u00eb nj\u00eb kryeqytet modern&#8221;.<\/p>\n<p>Deklaratat e tilla nga shefi i Departamentit me Komunikimin Publik t\u00eb cilat jan\u00eb n\u00eb disproporcion t\u00eb kund\u00ebrt me realitetin n\u00eb Prishtin\u00eb, jo q\u00eb jan\u00eb t\u00eb d\u00ebmshme, por n\u00eb nj\u00eb parti moderne demokratike ku ka rregulla e p\u00ebrgjegj\u00ebsi, Vehbi Miftarit ia kishin b\u00ebr\u00eb me \u201ctybe\u201d hyrjen n\u00eb objektin e LDK-s\u00eb dhe s\u00eb paku 300 m vij\u00eb ajrore te sillej rreth saj.<\/p>\n<p>Shtrohet pyetja se \u00e7far\u00eb mund t\u2019i raportoj K\u00ebshillit t\u00eb P\u00ebrgjithsh\u00ebm t\u00eb LDK-s\u00eb dhe Kuvendit t\u00eb Partis\u00eb p\u00ebr pun\u00ebn e tij disa vje\u00e7are n\u00eb cil\u00ebsin\u00eb e \u201cshefit t\u00eb Departamentit t\u00eb Komunikimit n\u00eb LDK\u201d, p\u00ebrve\u00e7 t\u00eb dh\u00ebn\u00ebs se gjat\u00eb k\u00ebsaj kohe \u201cPik\u00ebpamjet e shprehura n\u00ebp\u00ebr artikuj kan\u00eb qen\u00eb krejt\u00ebsisht personale\u201d?!<\/p>\n<p>E.Mail: <em>shefqet.dibrani@bluewin.ch <\/em><\/p>\n<p><em>Zvic\u00ebr, 21 qershor 2010<\/em>.<\/p>\n<p>*<em>Autori, \u00ebsht\u00eb an\u00ebtar\u00eb i LDK-s\u00eb q\u00eb nga viti 1989, p\u00ebr vite t\u00eb t\u00ebra ishte an\u00ebtar i kryesis\u00eb s\u00eb Deg\u00ebs s\u00eb LDK-s\u00eb n\u00eb Zvic\u00ebr dhe i N\u00ebndeg\u00ebs n\u00eb Kantonin St. Gallen, ku ai jeton. Po ashtu autori i shkrimit ishte delegat n\u00eb dy Kuvendet e LDK \u2013s\u00eb n\u00eb Prishtin\u00eb t\u00eb mbajtura n\u00eb vitet 1994 dhe 1998, autor i dhjet\u00eb librave t\u00eb publikuar dhe analist politik n\u00eb koh\u00ebt m\u00eb t\u00eb v\u00ebshtira q\u00eb kalonte LDK-ja, duke u b\u00ebr\u00eb z\u00ebri m\u00eb autentik i saj.<\/em><\/p>\n<p>*<em>Botuar n\u00eb gazet\u00ebn \u201eEpoka e Re\u201c, 24 qershor 2010, Prishtin\u00eb<\/em>.<\/p>\n","protected":false},"excerpt":{"rendered":"<p>REFORMAT N\u00cb LDK (9) (Ose: A duhet t\u00eb reformohet edhe departamenti i komunikimit me publikun) Shkruan: Shefqet DIBRANI Karshi reformave e pun\u00ebve t\u00eb shumta q\u00eb duhet t\u2019i b\u00ebn\u00eb LDK-ja, n\u00eb k\u00ebt\u00eb proces riformatizimi ajo duhet t\u00eb merret seriozisht me departamentin e informimit dhe t\u00eb propagand\u00ebs, sektor ky ndoshta m\u00eb i brishti q\u00eb ka pasur dhe [&hellip;]<\/p>\n","protected":false},"author":1,"featured_media":0,"comment_status":"open","ping_status":"closed","sticky":false,"template":"","format":"standard","meta":{"footnotes":""},"categories":[2],"tags":[],"class_list":{"0":"post-3246","1":"post","2":"type-post","3":"status-publish","4":"format-standard","6":"category-artikuj"},"yoast_head":"<!-- This site is optimized with the Yoast SEO plugin v27.4 - https:\/\/yoast.com\/product\/yoast-seo-wordpress\/ -->\n<title>SUKSESI I PARTIS\u00cb VAR\u00cbT NGA BORIZANI I SAJ - FjALA e LIR\u00cb - Arkivi<\/title>\n<meta name=\"robots\" content=\"index, follow, max-snippet:-1, max-image-preview:large, max-video-preview:-1\" \/>\n<link rel=\"canonical\" href=\"https:\/\/fjala.info\/2009-2015\/suksei-i-partise-varet-nga-borizani-i-saj\/\" \/>\n<meta property=\"og:locale\" content=\"sq_AL\" \/>\n<meta property=\"og:type\" content=\"article\" \/>\n<meta property=\"og:title\" content=\"SUKSESI I PARTIS\u00cb VAR\u00cbT NGA BORIZANI I SAJ - FjALA e LIR\u00cb - Arkivi\" \/>\n<meta property=\"og:description\" content=\"REFORMAT N\u00cb LDK (9) (Ose: A duhet t\u00eb reformohet edhe departamenti i komunikimit me publikun) Shkruan: Shefqet DIBRANI Karshi reformave e pun\u00ebve t\u00eb shumta q\u00eb duhet t\u2019i b\u00ebn\u00eb LDK-ja, n\u00eb k\u00ebt\u00eb proces riformatizimi ajo duhet t\u00eb merret seriozisht me departamentin e informimit dhe t\u00eb propagand\u00ebs, sektor ky ndoshta m\u00eb i brishti q\u00eb ka pasur dhe [&hellip;]\" \/>\n<meta property=\"og:url\" content=\"https:\/\/fjala.info\/2009-2015\/suksei-i-partise-varet-nga-borizani-i-saj\/\" \/>\n<meta property=\"og:site_name\" content=\"FjALA e LIR\u00cb - Arkivi\" \/>\n<meta property=\"article:published_time\" content=\"2010-07-09T22:10:55+00:00\" \/>\n<meta property=\"og:image\" content=\"http:\/\/www.shkoder.net\/images\/fjala\/dibrani.jpg\" \/>\n<meta name=\"author\" content=\"admin\" \/>\n<meta name=\"twitter:card\" content=\"summary_large_image\" \/>\n<meta name=\"twitter:label1\" content=\"Written by\" \/>\n\t<meta name=\"twitter:data1\" content=\"admin\" \/>\n\t<meta name=\"twitter:label2\" content=\"Est. reading time\" \/>\n\t<meta name=\"twitter:data2\" content=\"6 minutes\" \/>\n<script type=\"application\/ld+json\" class=\"yoast-schema-graph\">{\"@context\":\"https:\\\/\\\/schema.org\",\"@graph\":[{\"@type\":\"Article\",\"@id\":\"https:\\\/\\\/fjala.info\\\/2009-2015\\\/suksei-i-partise-varet-nga-borizani-i-saj\\\/#article\",\"isPartOf\":{\"@id\":\"https:\\\/\\\/fjala.info\\\/2009-2015\\\/suksei-i-partise-varet-nga-borizani-i-saj\\\/\"},\"author\":{\"name\":\"admin\",\"@id\":\"https:\\\/\\\/fjala.info\\\/2009-2015\\\/#\\\/schema\\\/person\\\/3aa1163ef05469c496fc94e77611ada2\"},\"headline\":\"SUKSESI I PARTIS\u00cb VAR\u00cbT NGA BORIZANI I SAJ\",\"datePublished\":\"2010-07-09T22:10:55+00:00\",\"mainEntityOfPage\":{\"@id\":\"https:\\\/\\\/fjala.info\\\/2009-2015\\\/suksei-i-partise-varet-nga-borizani-i-saj\\\/\"},\"wordCount\":1197,\"commentCount\":0,\"publisher\":{\"@id\":\"https:\\\/\\\/fjala.info\\\/2009-2015\\\/#organization\"},\"image\":{\"@id\":\"https:\\\/\\\/fjala.info\\\/2009-2015\\\/suksei-i-partise-varet-nga-borizani-i-saj\\\/#primaryimage\"},\"thumbnailUrl\":\"http:\\\/\\\/www.shkoder.net\\\/images\\\/fjala\\\/dibrani.jpg\",\"articleSection\":[\"Artikuj\"],\"inLanguage\":\"sq-AL\",\"potentialAction\":[{\"@type\":\"CommentAction\",\"name\":\"Comment\",\"target\":[\"https:\\\/\\\/fjala.info\\\/2009-2015\\\/suksei-i-partise-varet-nga-borizani-i-saj\\\/#respond\"]}]},{\"@type\":\"WebPage\",\"@id\":\"https:\\\/\\\/fjala.info\\\/2009-2015\\\/suksei-i-partise-varet-nga-borizani-i-saj\\\/\",\"url\":\"https:\\\/\\\/fjala.info\\\/2009-2015\\\/suksei-i-partise-varet-nga-borizani-i-saj\\\/\",\"name\":\"SUKSESI I PARTIS\u00cb VAR\u00cbT NGA BORIZANI I SAJ - FjALA e LIR\u00cb - Arkivi\",\"isPartOf\":{\"@id\":\"https:\\\/\\\/fjala.info\\\/2009-2015\\\/#website\"},\"primaryImageOfPage\":{\"@id\":\"https:\\\/\\\/fjala.info\\\/2009-2015\\\/suksei-i-partise-varet-nga-borizani-i-saj\\\/#primaryimage\"},\"image\":{\"@id\":\"https:\\\/\\\/fjala.info\\\/2009-2015\\\/suksei-i-partise-varet-nga-borizani-i-saj\\\/#primaryimage\"},\"thumbnailUrl\":\"http:\\\/\\\/www.shkoder.net\\\/images\\\/fjala\\\/dibrani.jpg\",\"datePublished\":\"2010-07-09T22:10:55+00:00\",\"breadcrumb\":{\"@id\":\"https:\\\/\\\/fjala.info\\\/2009-2015\\\/suksei-i-partise-varet-nga-borizani-i-saj\\\/#breadcrumb\"},\"inLanguage\":\"sq-AL\",\"potentialAction\":[{\"@type\":\"ReadAction\",\"target\":[\"https:\\\/\\\/fjala.info\\\/2009-2015\\\/suksei-i-partise-varet-nga-borizani-i-saj\\\/\"]}]},{\"@type\":\"ImageObject\",\"inLanguage\":\"sq-AL\",\"@id\":\"https:\\\/\\\/fjala.info\\\/2009-2015\\\/suksei-i-partise-varet-nga-borizani-i-saj\\\/#primaryimage\",\"url\":\"http:\\\/\\\/www.shkoder.net\\\/images\\\/fjala\\\/dibrani.jpg\",\"contentUrl\":\"http:\\\/\\\/www.shkoder.net\\\/images\\\/fjala\\\/dibrani.jpg\"},{\"@type\":\"BreadcrumbList\",\"@id\":\"https:\\\/\\\/fjala.info\\\/2009-2015\\\/suksei-i-partise-varet-nga-borizani-i-saj\\\/#breadcrumb\",\"itemListElement\":[{\"@type\":\"ListItem\",\"position\":1,\"name\":\"Home\",\"item\":\"https:\\\/\\\/fjala.info\\\/2009-2015\\\/\"},{\"@type\":\"ListItem\",\"position\":2,\"name\":\"SUKSESI I PARTIS\u00cb VAR\u00cbT NGA BORIZANI I SAJ\"}]},{\"@type\":\"WebSite\",\"@id\":\"https:\\\/\\\/fjala.info\\\/2009-2015\\\/#website\",\"url\":\"https:\\\/\\\/fjala.info\\\/2009-2015\\\/\",\"name\":\"FjALA e LIR\u00cb - Arkivi\",\"description\":\"Arkivi 2009-2015\",\"publisher\":{\"@id\":\"https:\\\/\\\/fjala.info\\\/2009-2015\\\/#organization\"},\"potentialAction\":[{\"@type\":\"SearchAction\",\"target\":{\"@type\":\"EntryPoint\",\"urlTemplate\":\"https:\\\/\\\/fjala.info\\\/2009-2015\\\/?s={search_term_string}\"},\"query-input\":{\"@type\":\"PropertyValueSpecification\",\"valueRequired\":true,\"valueName\":\"search_term_string\"}}],\"inLanguage\":\"sq-AL\"},{\"@type\":\"Organization\",\"@id\":\"https:\\\/\\\/fjala.info\\\/2009-2015\\\/#organization\",\"name\":\"FjALA e LIR\u00cb - Arkivi\",\"url\":\"https:\\\/\\\/fjala.info\\\/2009-2015\\\/\",\"logo\":{\"@type\":\"ImageObject\",\"inLanguage\":\"sq-AL\",\"@id\":\"https:\\\/\\\/fjala.info\\\/2009-2015\\\/#\\\/schema\\\/logo\\\/image\\\/\",\"url\":\"\",\"contentUrl\":\"\",\"caption\":\"FjALA e LIR\u00cb - Arkivi\"},\"image\":{\"@id\":\"https:\\\/\\\/fjala.info\\\/2009-2015\\\/#\\\/schema\\\/logo\\\/image\\\/\"}},{\"@type\":\"Person\",\"@id\":\"https:\\\/\\\/fjala.info\\\/2009-2015\\\/#\\\/schema\\\/person\\\/3aa1163ef05469c496fc94e77611ada2\",\"name\":\"admin\",\"image\":{\"@type\":\"ImageObject\",\"inLanguage\":\"sq-AL\",\"@id\":\"https:\\\/\\\/fjala.info\\\/2009-2015\\\/wp-content\\\/uploads\\\/2012\\\/02\\\/arben_cokaj-120x150.jpg\",\"url\":\"https:\\\/\\\/fjala.info\\\/2009-2015\\\/wp-content\\\/uploads\\\/2012\\\/02\\\/arben_cokaj-120x150.jpg\",\"contentUrl\":\"https:\\\/\\\/fjala.info\\\/2009-2015\\\/wp-content\\\/uploads\\\/2012\\\/02\\\/arben_cokaj-120x150.jpg\",\"caption\":\"admin\"},\"description\":\"Admin, Fjala e Lir\u00eb\",\"sameAs\":[\"https:\\\/\\\/fjala.info\\\/\"],\"url\":\"https:\\\/\\\/fjala.info\\\/2009-2015\\\/author\\\/admin\\\/\"}]}<\/script>\n<!-- \/ Yoast SEO plugin. -->","yoast_head_json":{"title":"SUKSESI I PARTIS\u00cb VAR\u00cbT NGA BORIZANI I SAJ - FjALA e LIR\u00cb - Arkivi","robots":{"index":"index","follow":"follow","max-snippet":"max-snippet:-1","max-image-preview":"max-image-preview:large","max-video-preview":"max-video-preview:-1"},"canonical":"https:\/\/fjala.info\/2009-2015\/suksei-i-partise-varet-nga-borizani-i-saj\/","og_locale":"sq_AL","og_type":"article","og_title":"SUKSESI I PARTIS\u00cb VAR\u00cbT NGA BORIZANI I SAJ - FjALA e LIR\u00cb - Arkivi","og_description":"REFORMAT N\u00cb LDK (9) (Ose: A duhet t\u00eb reformohet edhe departamenti i komunikimit me publikun) Shkruan: Shefqet DIBRANI Karshi reformave e pun\u00ebve t\u00eb shumta q\u00eb duhet t\u2019i b\u00ebn\u00eb LDK-ja, n\u00eb k\u00ebt\u00eb proces riformatizimi ajo duhet t\u00eb merret seriozisht me departamentin e informimit dhe t\u00eb propagand\u00ebs, sektor ky ndoshta m\u00eb i brishti q\u00eb ka pasur dhe [&hellip;]","og_url":"https:\/\/fjala.info\/2009-2015\/suksei-i-partise-varet-nga-borizani-i-saj\/","og_site_name":"FjALA e LIR\u00cb - Arkivi","article_published_time":"2010-07-09T22:10:55+00:00","og_image":[{"url":"http:\/\/www.shkoder.net\/images\/fjala\/dibrani.jpg","type":"","width":"","height":""}],"author":"admin","twitter_card":"summary_large_image","twitter_misc":{"Written by":"admin","Est. reading time":"6 minutes"},"schema":{"@context":"https:\/\/schema.org","@graph":[{"@type":"Article","@id":"https:\/\/fjala.info\/2009-2015\/suksei-i-partise-varet-nga-borizani-i-saj\/#article","isPartOf":{"@id":"https:\/\/fjala.info\/2009-2015\/suksei-i-partise-varet-nga-borizani-i-saj\/"},"author":{"name":"admin","@id":"https:\/\/fjala.info\/2009-2015\/#\/schema\/person\/3aa1163ef05469c496fc94e77611ada2"},"headline":"SUKSESI I PARTIS\u00cb VAR\u00cbT NGA BORIZANI I SAJ","datePublished":"2010-07-09T22:10:55+00:00","mainEntityOfPage":{"@id":"https:\/\/fjala.info\/2009-2015\/suksei-i-partise-varet-nga-borizani-i-saj\/"},"wordCount":1197,"commentCount":0,"publisher":{"@id":"https:\/\/fjala.info\/2009-2015\/#organization"},"image":{"@id":"https:\/\/fjala.info\/2009-2015\/suksei-i-partise-varet-nga-borizani-i-saj\/#primaryimage"},"thumbnailUrl":"http:\/\/www.shkoder.net\/images\/fjala\/dibrani.jpg","articleSection":["Artikuj"],"inLanguage":"sq-AL","potentialAction":[{"@type":"CommentAction","name":"Comment","target":["https:\/\/fjala.info\/2009-2015\/suksei-i-partise-varet-nga-borizani-i-saj\/#respond"]}]},{"@type":"WebPage","@id":"https:\/\/fjala.info\/2009-2015\/suksei-i-partise-varet-nga-borizani-i-saj\/","url":"https:\/\/fjala.info\/2009-2015\/suksei-i-partise-varet-nga-borizani-i-saj\/","name":"SUKSESI I PARTIS\u00cb VAR\u00cbT NGA BORIZANI I SAJ - FjALA e LIR\u00cb - Arkivi","isPartOf":{"@id":"https:\/\/fjala.info\/2009-2015\/#website"},"primaryImageOfPage":{"@id":"https:\/\/fjala.info\/2009-2015\/suksei-i-partise-varet-nga-borizani-i-saj\/#primaryimage"},"image":{"@id":"https:\/\/fjala.info\/2009-2015\/suksei-i-partise-varet-nga-borizani-i-saj\/#primaryimage"},"thumbnailUrl":"http:\/\/www.shkoder.net\/images\/fjala\/dibrani.jpg","datePublished":"2010-07-09T22:10:55+00:00","breadcrumb":{"@id":"https:\/\/fjala.info\/2009-2015\/suksei-i-partise-varet-nga-borizani-i-saj\/#breadcrumb"},"inLanguage":"sq-AL","potentialAction":[{"@type":"ReadAction","target":["https:\/\/fjala.info\/2009-2015\/suksei-i-partise-varet-nga-borizani-i-saj\/"]}]},{"@type":"ImageObject","inLanguage":"sq-AL","@id":"https:\/\/fjala.info\/2009-2015\/suksei-i-partise-varet-nga-borizani-i-saj\/#primaryimage","url":"http:\/\/www.shkoder.net\/images\/fjala\/dibrani.jpg","contentUrl":"http:\/\/www.shkoder.net\/images\/fjala\/dibrani.jpg"},{"@type":"BreadcrumbList","@id":"https:\/\/fjala.info\/2009-2015\/suksei-i-partise-varet-nga-borizani-i-saj\/#breadcrumb","itemListElement":[{"@type":"ListItem","position":1,"name":"Home","item":"https:\/\/fjala.info\/2009-2015\/"},{"@type":"ListItem","position":2,"name":"SUKSESI I PARTIS\u00cb VAR\u00cbT NGA BORIZANI I SAJ"}]},{"@type":"WebSite","@id":"https:\/\/fjala.info\/2009-2015\/#website","url":"https:\/\/fjala.info\/2009-2015\/","name":"FjALA e LIR\u00cb - Arkivi","description":"Arkivi 2009-2015","publisher":{"@id":"https:\/\/fjala.info\/2009-2015\/#organization"},"potentialAction":[{"@type":"SearchAction","target":{"@type":"EntryPoint","urlTemplate":"https:\/\/fjala.info\/2009-2015\/?s={search_term_string}"},"query-input":{"@type":"PropertyValueSpecification","valueRequired":true,"valueName":"search_term_string"}}],"inLanguage":"sq-AL"},{"@type":"Organization","@id":"https:\/\/fjala.info\/2009-2015\/#organization","name":"FjALA e LIR\u00cb - Arkivi","url":"https:\/\/fjala.info\/2009-2015\/","logo":{"@type":"ImageObject","inLanguage":"sq-AL","@id":"https:\/\/fjala.info\/2009-2015\/#\/schema\/logo\/image\/","url":"","contentUrl":"","caption":"FjALA e LIR\u00cb - Arkivi"},"image":{"@id":"https:\/\/fjala.info\/2009-2015\/#\/schema\/logo\/image\/"}},{"@type":"Person","@id":"https:\/\/fjala.info\/2009-2015\/#\/schema\/person\/3aa1163ef05469c496fc94e77611ada2","name":"admin","image":{"@type":"ImageObject","inLanguage":"sq-AL","@id":"https:\/\/fjala.info\/2009-2015\/wp-content\/uploads\/2012\/02\/arben_cokaj-120x150.jpg","url":"https:\/\/fjala.info\/2009-2015\/wp-content\/uploads\/2012\/02\/arben_cokaj-120x150.jpg","contentUrl":"https:\/\/fjala.info\/2009-2015\/wp-content\/uploads\/2012\/02\/arben_cokaj-120x150.jpg","caption":"admin"},"description":"Admin, Fjala e Lir\u00eb","sameAs":["https:\/\/fjala.info\/"],"url":"https:\/\/fjala.info\/2009-2015\/author\/admin\/"}]}},"_links":{"self":[{"href":"https:\/\/fjala.info\/2009-2015\/wp-json\/wp\/v2\/posts\/3246","targetHints":{"allow":["GET"]}}],"collection":[{"href":"https:\/\/fjala.info\/2009-2015\/wp-json\/wp\/v2\/posts"}],"about":[{"href":"https:\/\/fjala.info\/2009-2015\/wp-json\/wp\/v2\/types\/post"}],"author":[{"embeddable":true,"href":"https:\/\/fjala.info\/2009-2015\/wp-json\/wp\/v2\/users\/1"}],"replies":[{"embeddable":true,"href":"https:\/\/fjala.info\/2009-2015\/wp-json\/wp\/v2\/comments?post=3246"}],"version-history":[{"count":0,"href":"https:\/\/fjala.info\/2009-2015\/wp-json\/wp\/v2\/posts\/3246\/revisions"}],"wp:attachment":[{"href":"https:\/\/fjala.info\/2009-2015\/wp-json\/wp\/v2\/media?parent=3246"}],"wp:term":[{"taxonomy":"category","embeddable":true,"href":"https:\/\/fjala.info\/2009-2015\/wp-json\/wp\/v2\/categories?post=3246"},{"taxonomy":"post_tag","embeddable":true,"href":"https:\/\/fjala.info\/2009-2015\/wp-json\/wp\/v2\/tags?post=3246"}],"curies":[{"name":"wp","href":"https:\/\/api.w.org\/{rel}","templated":true}]}}