{"id":3244,"date":"2010-07-09T07:28:20","date_gmt":"2010-07-09T06:28:20","guid":{"rendered":"http:\/\/fjala.shkoder.net\/?p=3244"},"modified":"2010-07-09T07:28:20","modified_gmt":"2010-07-09T06:28:20","slug":"deklaratat-e-te-patregueshmes","status":"publish","type":"post","link":"https:\/\/fjala.info\/2009-2015\/deklaratat-e-te-patregueshmes\/","title":{"rendered":"Deklaratat e t\u00eb patregueshmes"},"content":{"rendered":"<p><img decoding=\"async\" style=\"margin-left: 10px; margin-right: 10px; border: 0px;\" src=\"http:\/\/www.shkoder.net\/images\/fjala\/aleksander_cipa.jpg\" border=\"0\" alt=\"Aleksand\u00ebr \u00c7ipa\" width=\"150\" align=\"left\" \/><\/p>\n<p><strong>Aleksand\u00ebr \u00c7ipa<\/strong><\/p>\n<p>Inspektorati i Lart\u00eb i Deklarimit dhe Verifikimit t\u00eb Pasurive vuri gjat\u00eb k\u00ebsaj jave n\u00eb dispozicion t\u00eb mediave dhe publikut deklaratat individuale t\u00eb titullar\u00ebve politik\u00eb dhe institucional\u00eb t\u00eb vendit. Ishte akti formal q\u00eb k\u00ebsaj here u respektua prej korifenjve institucional\u00eb dhe pasoi prej krer\u00ebve t\u00eb zgjedhur n\u00eb nivele lokale pushteti. Interesi i publikut dhe sidomos lexuesve mbetet i lart\u00eb, nd\u00ebrsa vijojn\u00eb t\u00eb botohen edhe ato t\u00eb t\u00eb zgjedhurve n\u00eb krye t\u00eb bashkive apo institucioneve t\u00eb pavarura t\u00eb vendit. Ky lloj botimi tashm\u00eb po b\u00ebhet tradicional dhe realisht nuk sh\u00ebnon nj\u00eb proces i cili shkakton debate, nisma investigimesh apo seanca interpelancash n\u00eb Parlamentin e vendit.<\/p>\n<p>Botimi i thjesht\u00eb i deklaratave personale vet\u00ebm sa ka hapur nj\u00eb cik\u00ebl replikimesh propagandistike mes p\u00ebrfaq\u00ebsuesve politik\u00eb t\u00eb pozit\u00ebs me ata t\u00eb shumic\u00ebs n\u00eb qeverisje.<\/p>\n<p>Me kaq, duhet th\u00ebn\u00eb se procesi formal nuk vijon t\u00eb shnd\u00ebrrohet n\u00eb nj\u00eb proces real, ku zyrtari apo shtetari i deklaruar t\u00eb p\u00ebrballet me koh\u00ebn e ankthshme t\u00eb ballafaqimit t\u00eb sinqeritetit t\u00eb tij n\u00eb deklarim me realitetin p\u00ebrkat\u00ebs t\u00eb konkret\u00ebsis\u00eb s\u00eb pasjes. Ky akt mbetet i till\u00eb n\u00eb vijueshm\u00ebri dhe i ashtuquajturi realitet i transparenc\u00ebs s\u00eb premtuar apo t\u00eb k\u00ebrkuar \u00ebsht\u00eb kryek\u00ebput i pabesuesh\u00ebm prej publikut t\u00eb gjer\u00eb apo prej shumic\u00ebs s\u00eb qytetar\u00ebve q\u00eb votojn\u00eb dhe jetojn\u00eb emocionalisht me politik\u00ebn.<\/p>\n<p>N\u00eb shumic\u00ebn e tyre k\u00ebto deklarata kan\u00eb shkaktuar nj\u00eb qeshje ironike, mosbesimi dhe kan\u00eb shum\u00ebfishuar skepticizmin p\u00ebr v\u00ebrtet\u00ebsin\u00eb q\u00eb mbartin. Por megjithat\u00eb, ato jan\u00eb arkivuar tashm\u00eb, sikund\u00ebr edhe n\u00eb vite t\u00eb tjera dhe institucioni q\u00eb ka detyrimin dhe tagrin ligjor p\u00ebr t\u00eb investiguar v\u00ebrtet\u00ebsin\u00eb, ndon\u00ebse \u00ebsht\u00eb m\u00eb i investuar se n\u00eb vite t\u00eb m\u00ebparshme, v\u00ebshtir\u00eb se do t\u2019ia dal\u00eb q\u00eb t\u00eb sjell\u00eb n\u00eb sy t\u00eb publikut dhe t\u00eb qytetar\u00ebve shqiptar\u00eb provat e forta t\u00eb verifikimit, t\u00eb krahasimit apo t\u00eb d\u00ebshmimit t\u00eb transparenc\u00ebs reale.<\/p>\n<p>N\u00eb k\u00ebt\u00eb m\u00ebnyr\u00eb, deklaratat e publikuara fal\u00eb k\u00ebtij skepticizmi t\u00eb pandeshur me prov\u00ebn q\u00eb shton besueshm\u00ebrin\u00eb reale, mund t\u00eb em\u00ebrtohen si \u201cdeklarata t\u00eb s\u00eb patregueshmes\u201d. E patregueshmja e financave t\u00eb politikan\u00ebve apo titullar\u00ebve t\u00eb veshur me pushtet institucional dhe influence n\u00eb k\u00ebt\u00eb vend \u00ebsht\u00eb e shum\u00ebshfaqshme. N\u00eb p\u00ebrditshm\u00ebri luksi shpesh \u00ebsht\u00eb verbues. Kostoja reale e shpenzimeve v\u00ebshtir\u00eb se mund t\u00eb jet\u00eb pasqyruar n\u00eb ato deklarata t\u00eb plot\u00ebsuara p\u00ebr llogari t\u00eb inspektor\u00ebve t\u00eb inspektoratit.<\/p>\n<p>N\u00eb k\u00ebt\u00eb m\u00ebnyr\u00eb, shoq\u00ebria e sotme vijon t\u00eb p\u00ebrcjell\u00eb vite dhe dit\u00eb ku t\u00eb zgjedhurit e saj vazhdojn\u00eb t\u00eb jen\u00eb t\u00eb pakontrolluesh\u00ebm dhe sidomos t\u00eb paverifikuesh\u00ebm. Duke qen\u00eb t\u00eb till\u00eb, ata nuk mund t\u00eb jen\u00eb vet\u00ebdeklarues t\u00eb t\u00eb ardhurave reale apo t\u00eb financave q\u00eb skepticizmi populist shpesh edhe mund t\u2019i shtoj\u00eb.<\/p>\n<p>P\u00ebr ta evituar k\u00ebt\u00eb tradit\u00eb t\u00eb re mbulimi apo fshehjeje, n\u00eb kushtet e premtimit p\u00ebr transparenc\u00eb dhe mekaniz\u00ebm antikorrupsion dhe antievazion, aktualisht mund t\u00eb \u201clindet\u201d inspektori kurajoz. Ai inspektor q\u00eb tri dit\u00eb m\u00eb par\u00eb n\u00eb Paris konfirmoi p\u00ebrmes fatur\u00ebs se nga zyra e \u201cL\u2019Oreal\u201d-it ishte depozituar kontributi prej 150 mij\u00eb eurosh p\u00ebr fushat\u00ebn e Presidentit Sarkozi. Ashtu sikund\u00ebr edhe n\u00eb Greqi, n\u00ebpun\u00ebs t\u00eb thjesht\u00eb zbardh\u00ebn p\u00ebrmes k\u00ebmb\u00ebnguljes s\u00eb tyre pran\u00eb organeve hetimore se ish-ministrat e qeveris\u00eb s\u00eb dikurshme t\u00eb Kostas Simitis jo vet\u00ebm rezultuan t\u00eb implikuar n\u00eb mit\u00ebmarrje me \u201cSiemens\u201d-in, por q\u00eb mund t\u00eb gjenden si\u00e7 edhe po ndodh, n\u00eb proces hetimor p\u00ebr k\u00ebt\u00eb shkak.<\/p>\n<p>Forca proverbiale e shprehjes popullore se \u201cparat\u00eb dhe seksi nuk tregohen\u201d, n\u00eb rastin e publikimit t\u00eb formular\u00ebve tip, si nj\u00eb akt tashm\u00eb tradicional, b\u00ebhet edhe m\u00eb e provuar. Politikan\u00ebt dhe shtetar\u00ebt e \u00e7do lloj sistemi, kan\u00eb prirjen p\u00ebr t\u00eb mbetur n\u00eb p\u00ebrcaktimin e \u201cfsheh\u00ebsve\u201d. Ata jan\u00eb t\u00eb prirur, p\u00ebr shkak t\u00eb pushtetit dhe p\u00ebrfitimeve q\u00eb rrjedhin prej tij, t\u00eb paragjykohen dhe p\u00ebrfshihen te \u201ct\u00eb patregueshmit\u201d. \u00c7\u00ebshtja \u00ebsht\u00eb si mund t\u00eb p\u00ebrfshihet Shqip\u00ebria te vendet q\u00eb e forcon realisht institucionin q\u00eb jo vet\u00ebm e ndjek, por edhe e perfeksionon procesin e verifikimit t\u00eb pasurive reale t\u00eb klas\u00ebs s\u00eb saj politike dhe n\u00ebpun\u00ebsis\u00eb s\u00eb lart\u00eb?!<\/p>\n<p>\u201cBalli q\u00eb e ka, syt\u00eb q\u00eb e shprehin, buz\u00ebt q\u00eb m\u00eb kot mundohen ta fshehin\u201d, do t\u00eb na ndihmonte Migjeni n\u00eb rastin e k\u00ebsaj ambicieje iluzive. Pasja nuk fshihet dot prej certifikatave apo formular\u00ebve. \u201cParat\u00eb mund t\u2019i fsheh\u00eb momenti, por i zbulon koha\u201d. Ligji dhe tagri q\u00eb duhet t\u00eb fitoj\u00eb realisht Inspektorati yn\u00eb i Lart\u00eb, pik\u00ebrisht k\u00ebtu nis. Deri m\u00eb sot, misioni i tij \u00ebsht\u00eb ende shum\u00eb larg k\u00ebsaj nisjeje. Ai ka mbetur vet\u00ebm n\u00eb mund\u00ebsin\u00eb e posedimit t\u00eb deklaratave q\u00eb vet\u00ebjepen dhe po p\u00ebson pamund\u00ebsin\u00eb p\u00ebr t\u00eb ndjekur kurajsh\u00ebm procesin e verifikimit real.<\/p>\n","protected":false},"excerpt":{"rendered":"<p>Aleksand\u00ebr \u00c7ipa Inspektorati i Lart\u00eb i Deklarimit dhe Verifikimit t\u00eb Pasurive vuri gjat\u00eb k\u00ebsaj jave n\u00eb dispozicion t\u00eb mediave dhe publikut deklaratat individuale t\u00eb titullar\u00ebve politik\u00eb dhe institucional\u00eb t\u00eb vendit. Ishte akti formal q\u00eb k\u00ebsaj here u respektua prej korifenjve institucional\u00eb dhe pasoi prej krer\u00ebve t\u00eb zgjedhur n\u00eb nivele lokale pushteti. Interesi i publikut dhe [&hellip;]<\/p>\n","protected":false},"author":1,"featured_media":0,"comment_status":"open","ping_status":"closed","sticky":false,"template":"","format":"standard","meta":{"footnotes":""},"categories":[2],"tags":[],"class_list":{"0":"post-3244","1":"post","2":"type-post","3":"status-publish","4":"format-standard","6":"category-artikuj"},"yoast_head":"<!-- This site is optimized with the Yoast SEO plugin v27.4 - https:\/\/yoast.com\/product\/yoast-seo-wordpress\/ -->\n<title>Deklaratat e t\u00eb patregueshmes - FjALA e LIR\u00cb - Arkivi<\/title>\n<meta name=\"robots\" content=\"index, follow, max-snippet:-1, max-image-preview:large, max-video-preview:-1\" \/>\n<link rel=\"canonical\" href=\"https:\/\/fjala.info\/2009-2015\/deklaratat-e-te-patregueshmes\/\" \/>\n<meta property=\"og:locale\" content=\"sq_AL\" \/>\n<meta property=\"og:type\" content=\"article\" \/>\n<meta property=\"og:title\" content=\"Deklaratat e t\u00eb patregueshmes - FjALA e LIR\u00cb - Arkivi\" \/>\n<meta property=\"og:description\" content=\"Aleksand\u00ebr \u00c7ipa Inspektorati i Lart\u00eb i Deklarimit dhe Verifikimit t\u00eb Pasurive vuri gjat\u00eb k\u00ebsaj jave n\u00eb dispozicion t\u00eb mediave dhe publikut deklaratat individuale t\u00eb titullar\u00ebve politik\u00eb dhe institucional\u00eb t\u00eb vendit. Ishte akti formal q\u00eb k\u00ebsaj here u respektua prej korifenjve institucional\u00eb dhe pasoi prej krer\u00ebve t\u00eb zgjedhur n\u00eb nivele lokale pushteti. Interesi i publikut dhe [&hellip;]\" \/>\n<meta property=\"og:url\" content=\"https:\/\/fjala.info\/2009-2015\/deklaratat-e-te-patregueshmes\/\" \/>\n<meta property=\"og:site_name\" content=\"FjALA e LIR\u00cb - Arkivi\" \/>\n<meta property=\"article:published_time\" content=\"2010-07-09T06:28:20+00:00\" \/>\n<meta property=\"og:image\" content=\"http:\/\/www.shkoder.net\/images\/fjala\/aleksander_cipa.jpg\" \/>\n<meta name=\"author\" content=\"admin\" \/>\n<meta name=\"twitter:card\" content=\"summary_large_image\" \/>\n<meta name=\"twitter:label1\" content=\"Written by\" \/>\n\t<meta name=\"twitter:data1\" content=\"admin\" \/>\n\t<meta name=\"twitter:label2\" content=\"Est. reading time\" \/>\n\t<meta name=\"twitter:data2\" content=\"4 minutes\" \/>\n<script type=\"application\/ld+json\" class=\"yoast-schema-graph\">{\"@context\":\"https:\\\/\\\/schema.org\",\"@graph\":[{\"@type\":\"Article\",\"@id\":\"https:\\\/\\\/fjala.info\\\/2009-2015\\\/deklaratat-e-te-patregueshmes\\\/#article\",\"isPartOf\":{\"@id\":\"https:\\\/\\\/fjala.info\\\/2009-2015\\\/deklaratat-e-te-patregueshmes\\\/\"},\"author\":{\"name\":\"admin\",\"@id\":\"https:\\\/\\\/fjala.info\\\/2009-2015\\\/#\\\/schema\\\/person\\\/3aa1163ef05469c496fc94e77611ada2\"},\"headline\":\"Deklaratat e t\u00eb patregueshmes\",\"datePublished\":\"2010-07-09T06:28:20+00:00\",\"mainEntityOfPage\":{\"@id\":\"https:\\\/\\\/fjala.info\\\/2009-2015\\\/deklaratat-e-te-patregueshmes\\\/\"},\"wordCount\":844,\"commentCount\":0,\"publisher\":{\"@id\":\"https:\\\/\\\/fjala.info\\\/2009-2015\\\/#organization\"},\"image\":{\"@id\":\"https:\\\/\\\/fjala.info\\\/2009-2015\\\/deklaratat-e-te-patregueshmes\\\/#primaryimage\"},\"thumbnailUrl\":\"http:\\\/\\\/www.shkoder.net\\\/images\\\/fjala\\\/aleksander_cipa.jpg\",\"articleSection\":[\"Artikuj\"],\"inLanguage\":\"sq-AL\",\"potentialAction\":[{\"@type\":\"CommentAction\",\"name\":\"Comment\",\"target\":[\"https:\\\/\\\/fjala.info\\\/2009-2015\\\/deklaratat-e-te-patregueshmes\\\/#respond\"]}]},{\"@type\":\"WebPage\",\"@id\":\"https:\\\/\\\/fjala.info\\\/2009-2015\\\/deklaratat-e-te-patregueshmes\\\/\",\"url\":\"https:\\\/\\\/fjala.info\\\/2009-2015\\\/deklaratat-e-te-patregueshmes\\\/\",\"name\":\"Deklaratat e t\u00eb patregueshmes - FjALA e LIR\u00cb - Arkivi\",\"isPartOf\":{\"@id\":\"https:\\\/\\\/fjala.info\\\/2009-2015\\\/#website\"},\"primaryImageOfPage\":{\"@id\":\"https:\\\/\\\/fjala.info\\\/2009-2015\\\/deklaratat-e-te-patregueshmes\\\/#primaryimage\"},\"image\":{\"@id\":\"https:\\\/\\\/fjala.info\\\/2009-2015\\\/deklaratat-e-te-patregueshmes\\\/#primaryimage\"},\"thumbnailUrl\":\"http:\\\/\\\/www.shkoder.net\\\/images\\\/fjala\\\/aleksander_cipa.jpg\",\"datePublished\":\"2010-07-09T06:28:20+00:00\",\"breadcrumb\":{\"@id\":\"https:\\\/\\\/fjala.info\\\/2009-2015\\\/deklaratat-e-te-patregueshmes\\\/#breadcrumb\"},\"inLanguage\":\"sq-AL\",\"potentialAction\":[{\"@type\":\"ReadAction\",\"target\":[\"https:\\\/\\\/fjala.info\\\/2009-2015\\\/deklaratat-e-te-patregueshmes\\\/\"]}]},{\"@type\":\"ImageObject\",\"inLanguage\":\"sq-AL\",\"@id\":\"https:\\\/\\\/fjala.info\\\/2009-2015\\\/deklaratat-e-te-patregueshmes\\\/#primaryimage\",\"url\":\"http:\\\/\\\/www.shkoder.net\\\/images\\\/fjala\\\/aleksander_cipa.jpg\",\"contentUrl\":\"http:\\\/\\\/www.shkoder.net\\\/images\\\/fjala\\\/aleksander_cipa.jpg\"},{\"@type\":\"BreadcrumbList\",\"@id\":\"https:\\\/\\\/fjala.info\\\/2009-2015\\\/deklaratat-e-te-patregueshmes\\\/#breadcrumb\",\"itemListElement\":[{\"@type\":\"ListItem\",\"position\":1,\"name\":\"Home\",\"item\":\"https:\\\/\\\/fjala.info\\\/2009-2015\\\/\"},{\"@type\":\"ListItem\",\"position\":2,\"name\":\"Deklaratat e t\u00eb patregueshmes\"}]},{\"@type\":\"WebSite\",\"@id\":\"https:\\\/\\\/fjala.info\\\/2009-2015\\\/#website\",\"url\":\"https:\\\/\\\/fjala.info\\\/2009-2015\\\/\",\"name\":\"FjALA e LIR\u00cb - Arkivi\",\"description\":\"Arkivi 2009-2015\",\"publisher\":{\"@id\":\"https:\\\/\\\/fjala.info\\\/2009-2015\\\/#organization\"},\"potentialAction\":[{\"@type\":\"SearchAction\",\"target\":{\"@type\":\"EntryPoint\",\"urlTemplate\":\"https:\\\/\\\/fjala.info\\\/2009-2015\\\/?s={search_term_string}\"},\"query-input\":{\"@type\":\"PropertyValueSpecification\",\"valueRequired\":true,\"valueName\":\"search_term_string\"}}],\"inLanguage\":\"sq-AL\"},{\"@type\":\"Organization\",\"@id\":\"https:\\\/\\\/fjala.info\\\/2009-2015\\\/#organization\",\"name\":\"FjALA e LIR\u00cb - Arkivi\",\"url\":\"https:\\\/\\\/fjala.info\\\/2009-2015\\\/\",\"logo\":{\"@type\":\"ImageObject\",\"inLanguage\":\"sq-AL\",\"@id\":\"https:\\\/\\\/fjala.info\\\/2009-2015\\\/#\\\/schema\\\/logo\\\/image\\\/\",\"url\":\"\",\"contentUrl\":\"\",\"caption\":\"FjALA e LIR\u00cb - Arkivi\"},\"image\":{\"@id\":\"https:\\\/\\\/fjala.info\\\/2009-2015\\\/#\\\/schema\\\/logo\\\/image\\\/\"}},{\"@type\":\"Person\",\"@id\":\"https:\\\/\\\/fjala.info\\\/2009-2015\\\/#\\\/schema\\\/person\\\/3aa1163ef05469c496fc94e77611ada2\",\"name\":\"admin\",\"image\":{\"@type\":\"ImageObject\",\"inLanguage\":\"sq-AL\",\"@id\":\"https:\\\/\\\/fjala.info\\\/2009-2015\\\/wp-content\\\/uploads\\\/2012\\\/02\\\/arben_cokaj-120x150.jpg\",\"url\":\"https:\\\/\\\/fjala.info\\\/2009-2015\\\/wp-content\\\/uploads\\\/2012\\\/02\\\/arben_cokaj-120x150.jpg\",\"contentUrl\":\"https:\\\/\\\/fjala.info\\\/2009-2015\\\/wp-content\\\/uploads\\\/2012\\\/02\\\/arben_cokaj-120x150.jpg\",\"caption\":\"admin\"},\"description\":\"Admin, Fjala e Lir\u00eb\",\"sameAs\":[\"https:\\\/\\\/fjala.info\\\/\"],\"url\":\"https:\\\/\\\/fjala.info\\\/2009-2015\\\/author\\\/admin\\\/\"}]}<\/script>\n<!-- \/ Yoast SEO plugin. -->","yoast_head_json":{"title":"Deklaratat e t\u00eb patregueshmes - FjALA e LIR\u00cb - Arkivi","robots":{"index":"index","follow":"follow","max-snippet":"max-snippet:-1","max-image-preview":"max-image-preview:large","max-video-preview":"max-video-preview:-1"},"canonical":"https:\/\/fjala.info\/2009-2015\/deklaratat-e-te-patregueshmes\/","og_locale":"sq_AL","og_type":"article","og_title":"Deklaratat e t\u00eb patregueshmes - FjALA e LIR\u00cb - Arkivi","og_description":"Aleksand\u00ebr \u00c7ipa Inspektorati i Lart\u00eb i Deklarimit dhe Verifikimit t\u00eb Pasurive vuri gjat\u00eb k\u00ebsaj jave n\u00eb dispozicion t\u00eb mediave dhe publikut deklaratat individuale t\u00eb titullar\u00ebve politik\u00eb dhe institucional\u00eb t\u00eb vendit. Ishte akti formal q\u00eb k\u00ebsaj here u respektua prej korifenjve institucional\u00eb dhe pasoi prej krer\u00ebve t\u00eb zgjedhur n\u00eb nivele lokale pushteti. Interesi i publikut dhe [&hellip;]","og_url":"https:\/\/fjala.info\/2009-2015\/deklaratat-e-te-patregueshmes\/","og_site_name":"FjALA e LIR\u00cb - Arkivi","article_published_time":"2010-07-09T06:28:20+00:00","og_image":[{"url":"http:\/\/www.shkoder.net\/images\/fjala\/aleksander_cipa.jpg","type":"","width":"","height":""}],"author":"admin","twitter_card":"summary_large_image","twitter_misc":{"Written by":"admin","Est. reading time":"4 minutes"},"schema":{"@context":"https:\/\/schema.org","@graph":[{"@type":"Article","@id":"https:\/\/fjala.info\/2009-2015\/deklaratat-e-te-patregueshmes\/#article","isPartOf":{"@id":"https:\/\/fjala.info\/2009-2015\/deklaratat-e-te-patregueshmes\/"},"author":{"name":"admin","@id":"https:\/\/fjala.info\/2009-2015\/#\/schema\/person\/3aa1163ef05469c496fc94e77611ada2"},"headline":"Deklaratat e t\u00eb patregueshmes","datePublished":"2010-07-09T06:28:20+00:00","mainEntityOfPage":{"@id":"https:\/\/fjala.info\/2009-2015\/deklaratat-e-te-patregueshmes\/"},"wordCount":844,"commentCount":0,"publisher":{"@id":"https:\/\/fjala.info\/2009-2015\/#organization"},"image":{"@id":"https:\/\/fjala.info\/2009-2015\/deklaratat-e-te-patregueshmes\/#primaryimage"},"thumbnailUrl":"http:\/\/www.shkoder.net\/images\/fjala\/aleksander_cipa.jpg","articleSection":["Artikuj"],"inLanguage":"sq-AL","potentialAction":[{"@type":"CommentAction","name":"Comment","target":["https:\/\/fjala.info\/2009-2015\/deklaratat-e-te-patregueshmes\/#respond"]}]},{"@type":"WebPage","@id":"https:\/\/fjala.info\/2009-2015\/deklaratat-e-te-patregueshmes\/","url":"https:\/\/fjala.info\/2009-2015\/deklaratat-e-te-patregueshmes\/","name":"Deklaratat e t\u00eb patregueshmes - FjALA e LIR\u00cb - Arkivi","isPartOf":{"@id":"https:\/\/fjala.info\/2009-2015\/#website"},"primaryImageOfPage":{"@id":"https:\/\/fjala.info\/2009-2015\/deklaratat-e-te-patregueshmes\/#primaryimage"},"image":{"@id":"https:\/\/fjala.info\/2009-2015\/deklaratat-e-te-patregueshmes\/#primaryimage"},"thumbnailUrl":"http:\/\/www.shkoder.net\/images\/fjala\/aleksander_cipa.jpg","datePublished":"2010-07-09T06:28:20+00:00","breadcrumb":{"@id":"https:\/\/fjala.info\/2009-2015\/deklaratat-e-te-patregueshmes\/#breadcrumb"},"inLanguage":"sq-AL","potentialAction":[{"@type":"ReadAction","target":["https:\/\/fjala.info\/2009-2015\/deklaratat-e-te-patregueshmes\/"]}]},{"@type":"ImageObject","inLanguage":"sq-AL","@id":"https:\/\/fjala.info\/2009-2015\/deklaratat-e-te-patregueshmes\/#primaryimage","url":"http:\/\/www.shkoder.net\/images\/fjala\/aleksander_cipa.jpg","contentUrl":"http:\/\/www.shkoder.net\/images\/fjala\/aleksander_cipa.jpg"},{"@type":"BreadcrumbList","@id":"https:\/\/fjala.info\/2009-2015\/deklaratat-e-te-patregueshmes\/#breadcrumb","itemListElement":[{"@type":"ListItem","position":1,"name":"Home","item":"https:\/\/fjala.info\/2009-2015\/"},{"@type":"ListItem","position":2,"name":"Deklaratat e t\u00eb patregueshmes"}]},{"@type":"WebSite","@id":"https:\/\/fjala.info\/2009-2015\/#website","url":"https:\/\/fjala.info\/2009-2015\/","name":"FjALA e LIR\u00cb - Arkivi","description":"Arkivi 2009-2015","publisher":{"@id":"https:\/\/fjala.info\/2009-2015\/#organization"},"potentialAction":[{"@type":"SearchAction","target":{"@type":"EntryPoint","urlTemplate":"https:\/\/fjala.info\/2009-2015\/?s={search_term_string}"},"query-input":{"@type":"PropertyValueSpecification","valueRequired":true,"valueName":"search_term_string"}}],"inLanguage":"sq-AL"},{"@type":"Organization","@id":"https:\/\/fjala.info\/2009-2015\/#organization","name":"FjALA e LIR\u00cb - Arkivi","url":"https:\/\/fjala.info\/2009-2015\/","logo":{"@type":"ImageObject","inLanguage":"sq-AL","@id":"https:\/\/fjala.info\/2009-2015\/#\/schema\/logo\/image\/","url":"","contentUrl":"","caption":"FjALA e LIR\u00cb - Arkivi"},"image":{"@id":"https:\/\/fjala.info\/2009-2015\/#\/schema\/logo\/image\/"}},{"@type":"Person","@id":"https:\/\/fjala.info\/2009-2015\/#\/schema\/person\/3aa1163ef05469c496fc94e77611ada2","name":"admin","image":{"@type":"ImageObject","inLanguage":"sq-AL","@id":"https:\/\/fjala.info\/2009-2015\/wp-content\/uploads\/2012\/02\/arben_cokaj-120x150.jpg","url":"https:\/\/fjala.info\/2009-2015\/wp-content\/uploads\/2012\/02\/arben_cokaj-120x150.jpg","contentUrl":"https:\/\/fjala.info\/2009-2015\/wp-content\/uploads\/2012\/02\/arben_cokaj-120x150.jpg","caption":"admin"},"description":"Admin, Fjala e Lir\u00eb","sameAs":["https:\/\/fjala.info\/"],"url":"https:\/\/fjala.info\/2009-2015\/author\/admin\/"}]}},"_links":{"self":[{"href":"https:\/\/fjala.info\/2009-2015\/wp-json\/wp\/v2\/posts\/3244","targetHints":{"allow":["GET"]}}],"collection":[{"href":"https:\/\/fjala.info\/2009-2015\/wp-json\/wp\/v2\/posts"}],"about":[{"href":"https:\/\/fjala.info\/2009-2015\/wp-json\/wp\/v2\/types\/post"}],"author":[{"embeddable":true,"href":"https:\/\/fjala.info\/2009-2015\/wp-json\/wp\/v2\/users\/1"}],"replies":[{"embeddable":true,"href":"https:\/\/fjala.info\/2009-2015\/wp-json\/wp\/v2\/comments?post=3244"}],"version-history":[{"count":0,"href":"https:\/\/fjala.info\/2009-2015\/wp-json\/wp\/v2\/posts\/3244\/revisions"}],"wp:attachment":[{"href":"https:\/\/fjala.info\/2009-2015\/wp-json\/wp\/v2\/media?parent=3244"}],"wp:term":[{"taxonomy":"category","embeddable":true,"href":"https:\/\/fjala.info\/2009-2015\/wp-json\/wp\/v2\/categories?post=3244"},{"taxonomy":"post_tag","embeddable":true,"href":"https:\/\/fjala.info\/2009-2015\/wp-json\/wp\/v2\/tags?post=3244"}],"curies":[{"name":"wp","href":"https:\/\/api.w.org\/{rel}","templated":true}]}}