{"id":3242,"date":"2012-06-12T21:42:03","date_gmt":"2012-06-12T20:42:03","guid":{"rendered":"http:\/\/www.fjala.info\/?p=3242"},"modified":"2012-06-12T21:42:03","modified_gmt":"2012-06-12T20:42:03","slug":"poezi-nga-miradije-gashi-stuttgart","status":"publish","type":"post","link":"https:\/\/fjala.info\/2009-2015\/poezi-nga-miradije-gashi-stuttgart\/","title":{"rendered":"Poezi nga Miradije Gashi, Stuttgart"},"content":{"rendered":"<p><strong>Miradije Gashi<\/strong>, <em>Stuttgart<\/em><\/p>\n<blockquote><p><img decoding=\"async\" class=\"alignright size-thumbnail wp-image-7236\" title=\"Miradije Gashi\" src=\"http:\/\/www.fjala.info\/2012\/miradije_gashi.jpg\" alt=\"\" width=\"150\" \/><\/p>\n<p><strong>MEDITIM !<\/strong><\/p>\n<p>Kur heshtja bie n\u00eb fash\u00eb<br \/>\nZgjohen pendat,<br \/>\nP\u00ebr t\u2019u djegur deri n\u00eb asht!<\/p>\n<p>Thur poeti vargun<br \/>\nP\u00ebr brengat e k\u00ebsaj bote<br \/>\nT\u00eb m\u00ebdhenj e t\u00eb vegj\u00ebl<br \/>\nDo t\u00eb prehen<br \/>\nN\u00eb thell\u00ebsit\u00eb e k\u00ebsaj toke!<\/p>\n<p><strong>LOTI<\/strong><br \/>\nNj\u00ebmij\u00eb mendime filluan<br \/>\nN\u00eb nj\u00eb lot!<br \/>\nNj\u00ebmij\u00eb emocione u lidh\u00ebn<br \/>\nMe nj\u00eb lot!<br \/>\nNj\u00ebmij\u00eb brenga q\u00ebndruan<br \/>\nN\u00eb nj\u00eb lot!<br \/>\nNj\u00ebmij\u00eb kujtime u mbyll\u00ebn<br \/>\nN\u00eb nj\u00eb lot!<br \/>\nN\u00eb udh\u00ebn e pafund\u00ebsis\u00eb sot e mot<br \/>\nLot!<\/p>\n<p><strong>KJO \u00cbSHT\u00cb<\/strong><\/p>\n<p>Gjith\u00eb\u00e7ka shohim<br \/>\nGjith\u00eb\u00e7ka njohim<br \/>\nGjith\u00eb\u00e7ka shijojm\u00eb<br \/>\nGjith\u00eb\u00e7ka ndjejm\u00eb<br \/>\nGjith\u00eb\u00e7ka urrejm\u00eb<br \/>\nGjith\u00eb\u00e7ka d\u00ebgjojm\u00eb<br \/>\nKjo \u00ebsht\u00eb jeta jon\u00eb<\/p>\n<p><strong>EDHE PAK\u00cbZ<\/strong><\/p>\n<p>Edhe pak\u00ebz e sirenat bien.<br \/>\nVet\u00ebm, edhe nj\u00eb k\u00ebrcim maceje<br \/>\nP\u00ebr fat, ura ime nd\u00ebrtohet<br \/>\nP\u00ebr t\u2019u rr\u00ebnuar prap, por<br \/>\nNuk e di sa q\u00ebndron?<\/p>\n<p><strong>NE<\/strong><br \/>\n\u00c7\u2019\u00ebsht\u00eb jeta?<br \/>\n\u00c7\u2019\u00ebsht\u00eb dashuria?<br \/>\n\u00c7\u2019\u00ebsht\u00eb urrejtja?<br \/>\nPse jan\u00eb k\u00ebto tria?<\/p>\n<p>Pse jemi k\u00ebtu?<br \/>\nA jemi ne?<br \/>\nA ka Zot?<br \/>\nPasi t\u00eb vdesim,<br \/>\nA ka jet\u00eb?<\/p>\n<p>Me miliarda njer\u00ebz<br \/>\nMe biliarda probleme.<br \/>\nPse gjith\u00eb k\u00ebto pyetje<br \/>\nA ka pergjegje?<br \/>\nNe.<\/p>\n<p><strong>ZJARRI YN\u00cb<\/strong><\/p>\n<p>Poeti nuk njeh mosh\u00eb.<br \/>\nPoeti njeh vargun e ndezur.<br \/>\nMosh\u00ebn e njeh ai q\u00eb tenton<br \/>\nT\u00eb jet\u00eb ai q\u00eb s&#8217;\u00ebsht\u00eb&#8230;<\/p>\n<p><strong>Q\u00cbNDRES\u00cb E BEKUAR<\/strong><\/p>\n<p>Vet\u00ebm nj\u00eb fjal\u00eb ku vlon shpirti me d\u00ebshira<br \/>\nVet\u00ebm nj\u00eb dit\u00eb plot me dashuri e \u00e7ilt\u00ebrsira<br \/>\nVet\u00ebm nj\u00eb pend\u00eb q\u00eb lidh\u00eb plag\u00eb e s\u2019vuan<br \/>\nVet\u00ebm nj\u00eb mik q\u00eb shpres\u00ebn nuk ta shuan<\/p>\n<p>Vet\u00ebm nje her\u00eb me zogj n\u2019drith\u00ebrim\u00eb<br \/>\nFluturim mbi relievin e Atdheut tim<br \/>\nEja e zbrit posht\u00eb, nj\u00eb z\u00eb m\u00eb thirri<br \/>\nAh, vendi Arb\u00ebrit \u00ebsht\u00eb vat\u00ebr floriri<\/p>\n<p>Dhe ja, p\u00ebr nj\u00eb \u00e7ast, befas n\u00eb Vlor\u00eb<br \/>\nN\u00ebn hijen e flamurit t\u00eb lasht\u00ebsis\u00eb<br \/>\nP\u00ebr t\u2019i gjall\u00ebruar shpresat tona<br \/>\nN\u00eb kryeq\u00ebndres\u00ebn e shqiptaris\u00eb<\/p>\n<p>***<\/p>\n<p>Mbr\u00ebm\u00eb nga gjumi i gjat\u00eb<br \/>\nN\u00eb \u00ebnd\u00ebrr Plakun e Vlor\u00ebs e pash\u00eb<br \/>\nNgadal\u00eb duke u p\u00ebrp\u00eblitur \u2013 o v\u00eblla i thash\u00eb<br \/>\nShushuritja e fjal\u00ebve u zhyt n\u00eb imagjinat\u00eb<br \/>\n\u00c7do dit\u00eb kur prehet Plaku n\u00eb librat e art\u00eb<\/p>\n<p><strong>ANIJA E PLAKUT T\u00cb VLOR\u00cbS<\/strong><br \/>\nNj\u00eb anije \u00e7an val\u00ebt,<br \/>\nT\u00eb mos e molis\u00eb \u00ebndrra e kalt\u00ebr<br \/>\nAs thell\u00ebsi e err\u00ebt e koh\u00ebs<br \/>\nN\u00ebn t\u2019shastisurat pul\u00ebbardha.<\/p>\n<p>Dridhet deti apo anija<br \/>\nA po shk\u00ebmbi q\u00eb larg pret?<br \/>\nAt\u00eb yll thell\u00eb e ndjen<br \/>\nEdhe pse e sheh pjes\u00ebrisht&#8230;<\/p>\n<p>Takimi i pare n\u00eb Kruj\u00eb<br \/>\nTakimi i dyt\u00eb n\u00eb Vjen\u00eb<br \/>\nDhe nga Triesta n\u00eb Dyrrah<br \/>\nTakimi i tret\u00eb n\u00eb Vlor\u00eb<\/p>\n<p>P\u00ebr t\u00eb krijuar nj\u00eb jet\u00eb t\u00eb bekuar<br \/>\nPa u larguar kurr\u00eb nga caku yn\u00eb<br \/>\nFlamuri me shqiponj\u00eb i praruar<br \/>\nPlaku i Vlor\u00ebs e rikrijoi Shqip\u00ebrin\u00eb<\/p><\/blockquote>\n","protected":false},"excerpt":{"rendered":"<p>Miradije Gashi, Stuttgart MEDITIM ! Kur heshtja bie n\u00eb fash\u00eb Zgjohen pendat, P\u00ebr t\u2019u djegur deri n\u00eb asht! Thur poeti vargun P\u00ebr brengat e k\u00ebsaj bote T\u00eb m\u00ebdhenj e t\u00eb vegj\u00ebl Do t\u00eb prehen N\u00eb thell\u00ebsit\u00eb e k\u00ebsaj toke! LOTI Nj\u00ebmij\u00eb mendime filluan N\u00eb nj\u00eb lot! Nj\u00ebmij\u00eb emocione u lidh\u00ebn Me nj\u00eb lot! Nj\u00ebmij\u00eb brenga [&hellip;]<\/p>\n","protected":false},"author":1,"featured_media":0,"comment_status":"open","ping_status":"closed","sticky":false,"template":"","format":"standard","meta":{"footnotes":""},"categories":[7,9],"tags":[],"class_list":{"0":"post-3242","1":"post","2":"type-post","3":"status-publish","4":"format-standard","6":"category-letersi","7":"category-poezi"},"yoast_head":"<!-- This site is optimized with the Yoast SEO plugin v27.4 - https:\/\/yoast.com\/product\/yoast-seo-wordpress\/ -->\n<title>Poezi nga Miradije Gashi, Stuttgart - FjALA e LIR\u00cb - Arkivi<\/title>\n<meta name=\"robots\" content=\"index, follow, max-snippet:-1, max-image-preview:large, max-video-preview:-1\" \/>\n<link rel=\"canonical\" href=\"https:\/\/fjala.info\/2009-2015\/poezi-nga-miradije-gashi-stuttgart\/\" \/>\n<meta property=\"og:locale\" content=\"sq_AL\" \/>\n<meta property=\"og:type\" content=\"article\" \/>\n<meta property=\"og:title\" content=\"Poezi nga Miradije Gashi, Stuttgart - FjALA e LIR\u00cb - Arkivi\" \/>\n<meta property=\"og:description\" content=\"Miradije Gashi, Stuttgart MEDITIM ! Kur heshtja bie n\u00eb fash\u00eb Zgjohen pendat, P\u00ebr t\u2019u djegur deri n\u00eb asht! Thur poeti vargun P\u00ebr brengat e k\u00ebsaj bote T\u00eb m\u00ebdhenj e t\u00eb vegj\u00ebl Do t\u00eb prehen N\u00eb thell\u00ebsit\u00eb e k\u00ebsaj toke! LOTI Nj\u00ebmij\u00eb mendime filluan N\u00eb nj\u00eb lot! Nj\u00ebmij\u00eb emocione u lidh\u00ebn Me nj\u00eb lot! Nj\u00ebmij\u00eb brenga [&hellip;]\" \/>\n<meta property=\"og:url\" content=\"https:\/\/fjala.info\/2009-2015\/poezi-nga-miradije-gashi-stuttgart\/\" \/>\n<meta property=\"og:site_name\" content=\"FjALA e LIR\u00cb - Arkivi\" \/>\n<meta property=\"article:published_time\" content=\"2012-06-12T20:42:03+00:00\" \/>\n<meta property=\"og:image\" content=\"http:\/\/www.fjala.info\/2012\/miradije_gashi.jpg\" \/>\n<meta name=\"author\" content=\"admin\" \/>\n<meta name=\"twitter:card\" content=\"summary_large_image\" \/>\n<meta name=\"twitter:label1\" content=\"Written by\" \/>\n\t<meta name=\"twitter:data1\" content=\"admin\" \/>\n\t<meta name=\"twitter:label2\" content=\"Est. reading time\" \/>\n\t<meta name=\"twitter:data2\" content=\"2 minutes\" \/>\n<script type=\"application\/ld+json\" class=\"yoast-schema-graph\">{\"@context\":\"https:\\\/\\\/schema.org\",\"@graph\":[{\"@type\":\"Article\",\"@id\":\"https:\\\/\\\/fjala.info\\\/2009-2015\\\/poezi-nga-miradije-gashi-stuttgart\\\/#article\",\"isPartOf\":{\"@id\":\"https:\\\/\\\/fjala.info\\\/2009-2015\\\/poezi-nga-miradije-gashi-stuttgart\\\/\"},\"author\":{\"name\":\"admin\",\"@id\":\"https:\\\/\\\/fjala.info\\\/2009-2015\\\/#\\\/schema\\\/person\\\/3aa1163ef05469c496fc94e77611ada2\"},\"headline\":\"Poezi nga Miradije Gashi, Stuttgart\",\"datePublished\":\"2012-06-12T20:42:03+00:00\",\"mainEntityOfPage\":{\"@id\":\"https:\\\/\\\/fjala.info\\\/2009-2015\\\/poezi-nga-miradije-gashi-stuttgart\\\/\"},\"wordCount\":478,\"commentCount\":0,\"publisher\":{\"@id\":\"https:\\\/\\\/fjala.info\\\/2009-2015\\\/#organization\"},\"image\":{\"@id\":\"https:\\\/\\\/fjala.info\\\/2009-2015\\\/poezi-nga-miradije-gashi-stuttgart\\\/#primaryimage\"},\"thumbnailUrl\":\"http:\\\/\\\/www.fjala.info\\\/2012\\\/miradije_gashi.jpg\",\"articleSection\":[\"Let\u00ebrsi\",\"Poezi\"],\"inLanguage\":\"sq-AL\",\"potentialAction\":[{\"@type\":\"CommentAction\",\"name\":\"Comment\",\"target\":[\"https:\\\/\\\/fjala.info\\\/2009-2015\\\/poezi-nga-miradije-gashi-stuttgart\\\/#respond\"]}]},{\"@type\":\"WebPage\",\"@id\":\"https:\\\/\\\/fjala.info\\\/2009-2015\\\/poezi-nga-miradije-gashi-stuttgart\\\/\",\"url\":\"https:\\\/\\\/fjala.info\\\/2009-2015\\\/poezi-nga-miradije-gashi-stuttgart\\\/\",\"name\":\"Poezi nga Miradije Gashi, Stuttgart - FjALA e LIR\u00cb - Arkivi\",\"isPartOf\":{\"@id\":\"https:\\\/\\\/fjala.info\\\/2009-2015\\\/#website\"},\"primaryImageOfPage\":{\"@id\":\"https:\\\/\\\/fjala.info\\\/2009-2015\\\/poezi-nga-miradije-gashi-stuttgart\\\/#primaryimage\"},\"image\":{\"@id\":\"https:\\\/\\\/fjala.info\\\/2009-2015\\\/poezi-nga-miradije-gashi-stuttgart\\\/#primaryimage\"},\"thumbnailUrl\":\"http:\\\/\\\/www.fjala.info\\\/2012\\\/miradije_gashi.jpg\",\"datePublished\":\"2012-06-12T20:42:03+00:00\",\"breadcrumb\":{\"@id\":\"https:\\\/\\\/fjala.info\\\/2009-2015\\\/poezi-nga-miradije-gashi-stuttgart\\\/#breadcrumb\"},\"inLanguage\":\"sq-AL\",\"potentialAction\":[{\"@type\":\"ReadAction\",\"target\":[\"https:\\\/\\\/fjala.info\\\/2009-2015\\\/poezi-nga-miradije-gashi-stuttgart\\\/\"]}]},{\"@type\":\"ImageObject\",\"inLanguage\":\"sq-AL\",\"@id\":\"https:\\\/\\\/fjala.info\\\/2009-2015\\\/poezi-nga-miradije-gashi-stuttgart\\\/#primaryimage\",\"url\":\"http:\\\/\\\/www.fjala.info\\\/2012\\\/miradije_gashi.jpg\",\"contentUrl\":\"http:\\\/\\\/www.fjala.info\\\/2012\\\/miradije_gashi.jpg\"},{\"@type\":\"BreadcrumbList\",\"@id\":\"https:\\\/\\\/fjala.info\\\/2009-2015\\\/poezi-nga-miradije-gashi-stuttgart\\\/#breadcrumb\",\"itemListElement\":[{\"@type\":\"ListItem\",\"position\":1,\"name\":\"Home\",\"item\":\"https:\\\/\\\/fjala.info\\\/2009-2015\\\/\"},{\"@type\":\"ListItem\",\"position\":2,\"name\":\"Poezi nga Miradije Gashi, Stuttgart\"}]},{\"@type\":\"WebSite\",\"@id\":\"https:\\\/\\\/fjala.info\\\/2009-2015\\\/#website\",\"url\":\"https:\\\/\\\/fjala.info\\\/2009-2015\\\/\",\"name\":\"FjALA e LIR\u00cb - Arkivi\",\"description\":\"Arkivi 2009-2015\",\"publisher\":{\"@id\":\"https:\\\/\\\/fjala.info\\\/2009-2015\\\/#organization\"},\"potentialAction\":[{\"@type\":\"SearchAction\",\"target\":{\"@type\":\"EntryPoint\",\"urlTemplate\":\"https:\\\/\\\/fjala.info\\\/2009-2015\\\/?s={search_term_string}\"},\"query-input\":{\"@type\":\"PropertyValueSpecification\",\"valueRequired\":true,\"valueName\":\"search_term_string\"}}],\"inLanguage\":\"sq-AL\"},{\"@type\":\"Organization\",\"@id\":\"https:\\\/\\\/fjala.info\\\/2009-2015\\\/#organization\",\"name\":\"FjALA e LIR\u00cb - Arkivi\",\"url\":\"https:\\\/\\\/fjala.info\\\/2009-2015\\\/\",\"logo\":{\"@type\":\"ImageObject\",\"inLanguage\":\"sq-AL\",\"@id\":\"https:\\\/\\\/fjala.info\\\/2009-2015\\\/#\\\/schema\\\/logo\\\/image\\\/\",\"url\":\"\",\"contentUrl\":\"\",\"caption\":\"FjALA e LIR\u00cb - Arkivi\"},\"image\":{\"@id\":\"https:\\\/\\\/fjala.info\\\/2009-2015\\\/#\\\/schema\\\/logo\\\/image\\\/\"}},{\"@type\":\"Person\",\"@id\":\"https:\\\/\\\/fjala.info\\\/2009-2015\\\/#\\\/schema\\\/person\\\/3aa1163ef05469c496fc94e77611ada2\",\"name\":\"admin\",\"image\":{\"@type\":\"ImageObject\",\"inLanguage\":\"sq-AL\",\"@id\":\"https:\\\/\\\/fjala.info\\\/2009-2015\\\/wp-content\\\/uploads\\\/2012\\\/02\\\/arben_cokaj-120x150.jpg\",\"url\":\"https:\\\/\\\/fjala.info\\\/2009-2015\\\/wp-content\\\/uploads\\\/2012\\\/02\\\/arben_cokaj-120x150.jpg\",\"contentUrl\":\"https:\\\/\\\/fjala.info\\\/2009-2015\\\/wp-content\\\/uploads\\\/2012\\\/02\\\/arben_cokaj-120x150.jpg\",\"caption\":\"admin\"},\"description\":\"Admin, Fjala e Lir\u00eb\",\"sameAs\":[\"https:\\\/\\\/fjala.info\\\/\"],\"url\":\"https:\\\/\\\/fjala.info\\\/2009-2015\\\/author\\\/admin\\\/\"}]}<\/script>\n<!-- \/ Yoast SEO plugin. -->","yoast_head_json":{"title":"Poezi nga Miradije Gashi, Stuttgart - FjALA e LIR\u00cb - Arkivi","robots":{"index":"index","follow":"follow","max-snippet":"max-snippet:-1","max-image-preview":"max-image-preview:large","max-video-preview":"max-video-preview:-1"},"canonical":"https:\/\/fjala.info\/2009-2015\/poezi-nga-miradije-gashi-stuttgart\/","og_locale":"sq_AL","og_type":"article","og_title":"Poezi nga Miradije Gashi, Stuttgart - FjALA e LIR\u00cb - Arkivi","og_description":"Miradije Gashi, Stuttgart MEDITIM ! Kur heshtja bie n\u00eb fash\u00eb Zgjohen pendat, P\u00ebr t\u2019u djegur deri n\u00eb asht! Thur poeti vargun P\u00ebr brengat e k\u00ebsaj bote T\u00eb m\u00ebdhenj e t\u00eb vegj\u00ebl Do t\u00eb prehen N\u00eb thell\u00ebsit\u00eb e k\u00ebsaj toke! LOTI Nj\u00ebmij\u00eb mendime filluan N\u00eb nj\u00eb lot! Nj\u00ebmij\u00eb emocione u lidh\u00ebn Me nj\u00eb lot! Nj\u00ebmij\u00eb brenga [&hellip;]","og_url":"https:\/\/fjala.info\/2009-2015\/poezi-nga-miradije-gashi-stuttgart\/","og_site_name":"FjALA e LIR\u00cb - Arkivi","article_published_time":"2012-06-12T20:42:03+00:00","og_image":[{"url":"http:\/\/www.fjala.info\/2012\/miradije_gashi.jpg","type":"","width":"","height":""}],"author":"admin","twitter_card":"summary_large_image","twitter_misc":{"Written by":"admin","Est. reading time":"2 minutes"},"schema":{"@context":"https:\/\/schema.org","@graph":[{"@type":"Article","@id":"https:\/\/fjala.info\/2009-2015\/poezi-nga-miradije-gashi-stuttgart\/#article","isPartOf":{"@id":"https:\/\/fjala.info\/2009-2015\/poezi-nga-miradije-gashi-stuttgart\/"},"author":{"name":"admin","@id":"https:\/\/fjala.info\/2009-2015\/#\/schema\/person\/3aa1163ef05469c496fc94e77611ada2"},"headline":"Poezi nga Miradije Gashi, Stuttgart","datePublished":"2012-06-12T20:42:03+00:00","mainEntityOfPage":{"@id":"https:\/\/fjala.info\/2009-2015\/poezi-nga-miradije-gashi-stuttgart\/"},"wordCount":478,"commentCount":0,"publisher":{"@id":"https:\/\/fjala.info\/2009-2015\/#organization"},"image":{"@id":"https:\/\/fjala.info\/2009-2015\/poezi-nga-miradije-gashi-stuttgart\/#primaryimage"},"thumbnailUrl":"http:\/\/www.fjala.info\/2012\/miradije_gashi.jpg","articleSection":["Let\u00ebrsi","Poezi"],"inLanguage":"sq-AL","potentialAction":[{"@type":"CommentAction","name":"Comment","target":["https:\/\/fjala.info\/2009-2015\/poezi-nga-miradije-gashi-stuttgart\/#respond"]}]},{"@type":"WebPage","@id":"https:\/\/fjala.info\/2009-2015\/poezi-nga-miradije-gashi-stuttgart\/","url":"https:\/\/fjala.info\/2009-2015\/poezi-nga-miradije-gashi-stuttgart\/","name":"Poezi nga Miradije Gashi, Stuttgart - FjALA e LIR\u00cb - Arkivi","isPartOf":{"@id":"https:\/\/fjala.info\/2009-2015\/#website"},"primaryImageOfPage":{"@id":"https:\/\/fjala.info\/2009-2015\/poezi-nga-miradije-gashi-stuttgart\/#primaryimage"},"image":{"@id":"https:\/\/fjala.info\/2009-2015\/poezi-nga-miradije-gashi-stuttgart\/#primaryimage"},"thumbnailUrl":"http:\/\/www.fjala.info\/2012\/miradije_gashi.jpg","datePublished":"2012-06-12T20:42:03+00:00","breadcrumb":{"@id":"https:\/\/fjala.info\/2009-2015\/poezi-nga-miradije-gashi-stuttgart\/#breadcrumb"},"inLanguage":"sq-AL","potentialAction":[{"@type":"ReadAction","target":["https:\/\/fjala.info\/2009-2015\/poezi-nga-miradije-gashi-stuttgart\/"]}]},{"@type":"ImageObject","inLanguage":"sq-AL","@id":"https:\/\/fjala.info\/2009-2015\/poezi-nga-miradije-gashi-stuttgart\/#primaryimage","url":"http:\/\/www.fjala.info\/2012\/miradije_gashi.jpg","contentUrl":"http:\/\/www.fjala.info\/2012\/miradije_gashi.jpg"},{"@type":"BreadcrumbList","@id":"https:\/\/fjala.info\/2009-2015\/poezi-nga-miradije-gashi-stuttgart\/#breadcrumb","itemListElement":[{"@type":"ListItem","position":1,"name":"Home","item":"https:\/\/fjala.info\/2009-2015\/"},{"@type":"ListItem","position":2,"name":"Poezi nga Miradije Gashi, Stuttgart"}]},{"@type":"WebSite","@id":"https:\/\/fjala.info\/2009-2015\/#website","url":"https:\/\/fjala.info\/2009-2015\/","name":"FjALA e LIR\u00cb - Arkivi","description":"Arkivi 2009-2015","publisher":{"@id":"https:\/\/fjala.info\/2009-2015\/#organization"},"potentialAction":[{"@type":"SearchAction","target":{"@type":"EntryPoint","urlTemplate":"https:\/\/fjala.info\/2009-2015\/?s={search_term_string}"},"query-input":{"@type":"PropertyValueSpecification","valueRequired":true,"valueName":"search_term_string"}}],"inLanguage":"sq-AL"},{"@type":"Organization","@id":"https:\/\/fjala.info\/2009-2015\/#organization","name":"FjALA e LIR\u00cb - Arkivi","url":"https:\/\/fjala.info\/2009-2015\/","logo":{"@type":"ImageObject","inLanguage":"sq-AL","@id":"https:\/\/fjala.info\/2009-2015\/#\/schema\/logo\/image\/","url":"","contentUrl":"","caption":"FjALA e LIR\u00cb - Arkivi"},"image":{"@id":"https:\/\/fjala.info\/2009-2015\/#\/schema\/logo\/image\/"}},{"@type":"Person","@id":"https:\/\/fjala.info\/2009-2015\/#\/schema\/person\/3aa1163ef05469c496fc94e77611ada2","name":"admin","image":{"@type":"ImageObject","inLanguage":"sq-AL","@id":"https:\/\/fjala.info\/2009-2015\/wp-content\/uploads\/2012\/02\/arben_cokaj-120x150.jpg","url":"https:\/\/fjala.info\/2009-2015\/wp-content\/uploads\/2012\/02\/arben_cokaj-120x150.jpg","contentUrl":"https:\/\/fjala.info\/2009-2015\/wp-content\/uploads\/2012\/02\/arben_cokaj-120x150.jpg","caption":"admin"},"description":"Admin, Fjala e Lir\u00eb","sameAs":["https:\/\/fjala.info\/"],"url":"https:\/\/fjala.info\/2009-2015\/author\/admin\/"}]}},"_links":{"self":[{"href":"https:\/\/fjala.info\/2009-2015\/wp-json\/wp\/v2\/posts\/3242","targetHints":{"allow":["GET"]}}],"collection":[{"href":"https:\/\/fjala.info\/2009-2015\/wp-json\/wp\/v2\/posts"}],"about":[{"href":"https:\/\/fjala.info\/2009-2015\/wp-json\/wp\/v2\/types\/post"}],"author":[{"embeddable":true,"href":"https:\/\/fjala.info\/2009-2015\/wp-json\/wp\/v2\/users\/1"}],"replies":[{"embeddable":true,"href":"https:\/\/fjala.info\/2009-2015\/wp-json\/wp\/v2\/comments?post=3242"}],"version-history":[{"count":0,"href":"https:\/\/fjala.info\/2009-2015\/wp-json\/wp\/v2\/posts\/3242\/revisions"}],"wp:attachment":[{"href":"https:\/\/fjala.info\/2009-2015\/wp-json\/wp\/v2\/media?parent=3242"}],"wp:term":[{"taxonomy":"category","embeddable":true,"href":"https:\/\/fjala.info\/2009-2015\/wp-json\/wp\/v2\/categories?post=3242"},{"taxonomy":"post_tag","embeddable":true,"href":"https:\/\/fjala.info\/2009-2015\/wp-json\/wp\/v2\/tags?post=3242"}],"curies":[{"name":"wp","href":"https:\/\/api.w.org\/{rel}","templated":true}]}}