{"id":3239,"date":"2010-07-09T07:10:47","date_gmt":"2010-07-09T06:10:47","guid":{"rendered":"http:\/\/fjala.shkoder.net\/?p=3239"},"modified":"2010-07-09T07:10:47","modified_gmt":"2010-07-09T06:10:47","slug":"reformat-e-rrejshme-dhe-povratniket-ne-parti","status":"publish","type":"post","link":"https:\/\/fjala.info\/2009-2015\/reformat-e-rrejshme-dhe-povratniket-ne-parti\/","title":{"rendered":"REFORMAT E RREJSHME DHE POVRATNIK\u00cbT N\u00cb PARTI"},"content":{"rendered":"<p><strong>REFORMAT N\u00cb LDK<\/strong> (<strong>8<\/strong>)<\/p>\n<p><img decoding=\"async\" style=\"margin-left: 10px; margin-right: 10px; border: 0px;\" src=\"http:\/\/www.shkoder.net\/images\/fjala\/dibrani.jpg\" border=\"0\" alt=\"Shefqet DIBRANI\" width=\"150\" align=\"left\" \/><\/p>\n<p>Shkruan: <strong>Shefqet DIBRANI<\/strong><\/p>\n<p>Sipas t\u00eb gjitha gjasave reformimi i LDK nuk do t\u00eb ndodh\u00eb, p\u00ebrkundrazi si\u00e7 po shihet vet\u00ebm do t\u00eb sforcohen grupet e interesit t\u00eb cilat gjith\u00e7ka q\u00eb ka emrin LDK e Kosov\u00eb e kan\u00eb v\u00ebn\u00eb n\u00eb sh\u00ebrbim t\u00eb tyre.<\/p>\n<p>Jo vet\u00ebm LDK-ja si nj\u00eb parti politike por edhe simotrat e saj si dhe t\u00eb gjitha organizatat joqeveritare e institucione t\u00eb tjera duhet t\u00eb jen\u00eb n\u00eb sh\u00ebrbim t\u00eb zhvillimit demokratik t\u00eb Kosov\u00ebs jo t\u00eb klaneve t\u00eb interesit brenda atij organizimi. Kjo nuk po ndodh\u00eb dhe proceset e zhvillimit t\u00eb Kosov\u00ebs po zvarriten dhe do t\u00eb zvarriten edhe m\u00eb tej.<\/p>\n<p>Ishte nj\u00eb shpres\u00eb, ishte nj\u00eb ndjenj\u00eb se ndoshta brenda LDK-s\u00eb, pas gjith\u00eb k\u00ebtyre disfatave do t\u00eb ndodh\u00eb mrekullia?!&#8230; Por Kosov\u00ebs mrekullit\u00eb nuk po i pikojn\u00eb nga qielli kurse njer\u00ebzit e saj, ve\u00e7mas k\u00ebta n\u00eb LDK sikur jan\u00eb duke ecur n\u00ebp\u00ebr qiell. Sille kah ta sillesh gjendja n\u00eb k\u00ebt\u00eb parti \u00ebsht\u00eb si \u201cmozomakeq\u201d.<\/p>\n<p>Dit\u00eb m\u00eb par\u00eb e kam theksuar gabimin q\u00eb l\u00ebshoi KP i LDK-s\u00eb i cili autorizoi pik\u00ebrisht bart\u00ebsit e fatkeq\u00ebsis\u00eb, fajtor\u00ebt e pashmangsh\u00ebm, profiter\u00ebt e interesit dhe njer\u00ebzit p\u00ebrgjegj\u00ebs p\u00ebr disfat\u00ebn e pandalshme t\u00eb k\u00ebsaj partie q\u00eb ka p\u00ebsuar sidomos pas vdekjes s\u00eb kryetarit t\u00eb saj dr. Ibrahim Rugova, at\u00ebher\u00eb kur k\u00ebto klane dol\u00ebn n\u00eb sip\u00ebrfaqe dhe p\u00ebr\u00e7an\u00eb partin\u00eb duke e b\u00ebr\u00eb elektoratin e saj pik\u00eb e pes\u00eb.<\/p>\n<p>N\u00eb vend q\u00eb t\u00eb caktoheshin bart\u00ebsit e komisioneve nga KP i LDK-s\u00eb apo t\u00eb gjendeshin ekspert n\u00eb terren, kryesuesit e komisioneve u rizgjodh\u00ebn pik\u00ebrisht ata q\u00eb jan\u00eb p\u00ebrgjegj\u00ebs p\u00ebr situat\u00ebn e krijuar n\u00eb k\u00ebt\u00eb parti.<\/p>\n<p>Grupi i par\u00eb p\u00ebr \u201cPlatform\u00ebn politike t\u00eb zgjedhjeve\u201d do t\u00eb udh\u00ebhiqet nga Eqrem Kryeziu, bart\u00ebsi kryesor i t\u00eb gjitha d\u00ebshtimeve brenda k\u00ebsaj partie. Platforma e tij do t\u00eb zgjerohet n\u00eb p\u00ebr\u00e7arje dhe posht\u00ebrime t\u00eb m\u00ebtutjeshme. Shkat\u00ebrrimi q\u00eb Eqrem Kryeziu ia ka b\u00ebr\u00eb Deg\u00ebs s\u00eb LDK-s\u00eb n\u00eb Prizren dhe LDK-s\u00eb n\u00eb p\u00ebrgjith\u00ebsi i ka plot\u00ebsuar t\u00eb gjitha kushtet p\u00ebr nj\u00eb pension jet\u00ebsor dhe largimin e tij nga t\u00eb gjitha funksionet bart\u00ebse, qofshin k\u00ebto partiake apo shtet\u00ebrore. Por jo, kryesia e LDK-s\u00eb dhe vet Eqremi do t\u2019i shkojn\u00eb deri n\u00eb fund misionit t\u00eb tyre n\u00eb shkat\u00ebrrimin p\u00ebrfundimtar t\u00eb LDK-s\u00eb.<\/p>\n<p>N\u00eb grupin e dyt\u00eb p\u00ebr \u201cPlot\u00ebsim ndryshime t\u00eb statutit t\u00eb LDK-s\u00eb\u201d \u00ebsht\u00eb vendosur t\u2019i b\u00ebj\u00eb Nekibe Kelmendi, e cila ndoshta vet\u00ebm si fem\u00ebr mund t\u00eb plot\u00ebsoj nj\u00eb kriter p\u00ebrfaq\u00ebsimi, p\u00ebrndryshe do t\u00eb ishte n\u00eb nderin e saj q\u00eb k\u00ebsaj radhe t\u00eb mos p\u00ebrzihej. N\u00eb shkrimin tim (p\u00ebr \u00e7\u00ebshtje etike) po p\u00ebrmbahem, jo pse s\u2019ka \u00e7far\u00eb t\u00eb thuhet p\u00ebr te, por thjesht p\u00ebr dhembjen dhe tragjedin\u00eb q\u00eb i ka ndodhur n\u00eb familje.<\/p>\n<p>Megjithat\u00eb Nekibja me vet\u00ebdije po b\u00ebhet pjes\u00eb e proceseve d\u00ebshtuese dhe me vet\u00ebdijen e saj po merr pjes\u00eb n\u00eb shkat\u00ebrrimin p\u00ebrfundimtar t\u00eb LDK-s\u00eb.<br \/>\nGrupin e tret\u00eb p\u00ebr \u201cProgramin politik dhe zhvillim t\u00eb LDK-s\u00eb\u201d do ta udh\u00ebheq Sabri Hamiti, tashm\u00eb edhe k\u00ebtij i ka dal boja nga funksionet e shumta dhe nga pap\u00ebrgjegj\u00ebsia politike q\u00eb ka n\u00eb t\u00eb gjitha zhvillimet politike q\u00eb po shkon Kosova dhe LDK-ja, t\u00eb cil\u00ebs klani i Hamit\u00ebve iu ka b\u00ebr\u00eb gangren\u00eb me shenja kanceroze.<\/p>\n<p>Un\u00eb kam pasur konsiderat\u00eb p\u00ebr k\u00ebt\u00eb Njeri, si poet dhe kritik letrar, si nj\u00eb intelektual i madh, por familjarizmi i tij kudo e kah\u00ebdo le p\u00ebr t\u00eb dyshuar, pasi po duket se pos familjar\u00ebve t\u00eb tij LDK-ja e as Kosova nuk kan\u00eb asnj\u00eb kuad\u00ebr q\u00eb i qon proceset m\u00eb tej. Ndoshta si epror a mentor p\u00ebr titullin \u201cdr\u201d te n\u00ebnkryetari Kryeziu, e ka b\u00ebr\u00eb Sabriun si nj\u00eb karikatur\u00eb p\u00ebr t\u00eb gjitha angazhimet e tija.<\/p>\n<p>Ndon\u00ebse edhe p\u00ebr Sabri Hamitin kam pasur nj\u00eb mendim jasht\u00ebzakonisht t\u00eb mir\u00eb, nuk po mundem t\u2019ia num\u00ebroj t\u00eb gjitha pengesat dhe stagnimet q\u00eb ky njeri p\u00ebr shkak t\u00eb karizm\u00ebs s\u00eb tij t\u00eb gabuar ia ka b\u00ebr\u00eb LDK-s\u00eb dhe Kosov\u00ebs n\u00eb p\u00ebrgjith\u00ebsi, por nj\u00eb gj\u00eb \u00ebsht\u00eb e v\u00ebrtet\u00eb se revani i tij nuk ka t\u00eb ndalur dhe pasojat do t\u00eb jen\u00eb edhe m\u00eb t\u00eb m\u00ebdha pasi Sabriu \u00ebsht\u00eb i njohur p\u00ebr b\u00ebrryla e klane t\u00eb interesit.<\/p>\n<p>Fatkeq\u00ebsia e t\u00eb gjitha fatkeq\u00ebsive p\u00ebr LDK-n\u00eb \u00ebsht\u00eb Isa Mustafa i cili do t\u00eb udh\u00ebheq \u201cProjektin politik t\u00eb LDK-s\u00eb p\u00ebr qeverisje\u201d. P\u00ebr pasojat q\u00eb Isa Mustafa ia ka b\u00ebr\u00eb LDK-s\u00eb dhe Kosov\u00ebs kam fol\u00eb n\u00eb nj\u00eb shkrim t\u00eb m\u00eb hersh\u00ebm, prandaj nuk po i rip\u00ebrs\u00ebriti gj\u00ebrat t\u00eb cilat i di vet Isa Mustafa dhe kushdo q\u00eb i ka dy kokrra mend n\u00eb LDK.<\/p>\n<p>I gjith\u00eb ky proces reformimi \u00ebsht\u00eb nj\u00eb \u201cShow\u201d i cili ngjason me procesin e masturbimit, p\u00ebrkat\u00ebsisht k\u00ebnaq\u00ebsis\u00eb duke i m\u00ebshuar me dor\u00eb, dhe pik\u00ebrisht k\u00ebta njer\u00ebz jo q\u00eb po i m\u00ebshojn\u00eb me dor\u00eb organeve t\u00eb tyre eksterne, por jan\u00eb duke ia qitur pelikorin e zi LDK-s\u00eb.<\/p>\n<p>Nuk ka gj\u00eb m\u00eb t\u00eb dhembshme p\u00ebr proceset e brendshme t\u00eb nj\u00eb partie se sa t\u2019i vendos\u00ebsh udh\u00ebheq\u00ebs p\u00ebr reforma partiake p\u00ebrgjegj\u00ebsit kryesor t\u00eb gjendjes n\u00eb t\u00eb cil\u00ebn ka r\u00ebn\u00eb PARTIA. Ky klan q\u00eb u vet identifikua po shk\u00ebrdhen demokracin\u00eb e brisht\u00eb kosovare, kurse an\u00ebtar\u00ebsin\u00eb e vet po e mashtron me povratnikat q\u00eb po kthehen si fitimtar a \u00e7lirimtar n\u00eb \u201csht\u00ebpin\u00eb e vjet\u00ebr?!\u201d, q\u00eb nuk ka t\u00eb b\u00ebj\u00eb me demokracin\u00eb, p\u00ebrve\u00e7 t\u00eb procesit q\u00eb e theksuam m\u00eb par\u00eb, pasi me ndonj\u00eb p\u00ebrjashtim pothuajse jan\u00eb kuadro q\u00eb nuk do t\u00eb arrijn\u00eb t\u2019ia ngritin imazhin LDK-s\u00eb.<\/p>\n<p>Njer\u00ebzit q\u00eb kan\u00eb shkuar nga LDK-ja po d\u00ebshmohet se kan\u00eb ikur e po kthehen n\u00eb parti p\u00ebr interesa personale dhe jo p\u00ebr programe politike, p\u00ebr koncepte veprimi a p\u00ebr shkolla udh\u00ebheq\u00ebse q\u00eb mund t\u00eb ket\u00eb kjo apo ajo parti. Partit\u00eb n\u00eb Kosov\u00eb nuk kan\u00eb programe t\u00eb dallueshme ashtu sikurse nuk i kan\u00eb as interesat e pasurimit dhe t\u00eb korruptimit. K\u00ebt\u00eb gj\u00eb e shpjegon m\u00eb s\u00eb mir\u00eb qeverisja e keqe q\u00eb i ndodhi vendit nga koalicioni PDK-LDK q\u00eb ka sjell Kosov\u00ebn e 11800 km2 n\u00eb nj\u00eb gjendje t\u00eb mjer\u00eb.<\/p>\n<p>Si do qoft\u00eb fillimet e reformave n\u00eb LDK do t\u00eb duhej t\u00eb niseshin ndryshe, sepse dita e mir\u00eb shihet n\u00eb m\u00ebngjes. K\u00ebto reforma do t\u00eb duhej t\u00eb udh\u00ebhiqeshin nga njer\u00ebz t\u00eb rinj t\u00eb cil\u00ebve nuk iu mungojn\u00eb dijet dhe aft\u00ebsit\u00eb, si dhe n\u00eb an\u00ebn tjet\u00ebr nuk bartin m\u00ebkatet e p\u00ebrgjegj\u00ebsis\u00eb p\u00ebr gjendjen e krijuar n\u00eb LDK.<\/p>\n<p>Por, si duket edhe brenda LDK-s\u00eb po ndikojn\u00eb interesat e klaneve t\u00eb caktuara t\u00eb cilat dita m\u00eb dit\u00eb po sforcohen dhe identifikohen edhe brenda k\u00ebsaj partie, por p\u00ebr t\u00eb b\u00ebr\u00eb reforma nuk pritet edhe p\u00ebr nj\u00eb kohe t\u00eb gjat\u00eb, prandaj duhet duruar e pritur p\u00ebr nj\u00eb koh\u00eb tjet\u00ebr q\u00eb ndoshta do t\u00eb sjell nj\u00eb udh\u00ebheqje reformatore e patriotike.<\/p>\n<p>E.Mail: <em>shefqet.dibrani@bluewin.ch<\/em><\/p>\n<p><em>Zvic\u00ebr, 20 qershor 2010<\/em>.<\/p>\n<p>*<em>Botuar n\u00eb gazet\u00ebn \u201eEpoka e Re\u201c, 23 qershor 2010, Prishtin\u00eb<\/em>.<\/p>\n<p>*<em>Autori, \u00ebsht\u00eb an\u00ebtar\u00eb i LDK-s\u00eb q\u00eb nga viti 1989, p\u00ebr vite t\u00eb t\u00ebra ishte an\u00ebtar i kryesis\u00eb s\u00eb Deg\u00ebs s\u00eb LDK-s\u00eb n\u00eb Zvic\u00ebr dhe i N\u00ebndeg\u00ebs n\u00eb Kantonin St. Gallen, ku ai jeton. Po ashtu autori i shkrimit ishte delegat n\u00eb dy Kuvendet e LDK \u2013s\u00eb n\u00eb Prishtin\u00eb t\u00eb mbajtura n\u00eb vitet 1994 dhe 1998, autor i dhjet\u00eb librave t\u00eb publikuar dhe analist politik n\u00eb koh\u00ebt m\u00eb t\u00eb v\u00ebshtira q\u00eb kalonte LDK-ja, duke u b\u00ebr\u00eb z\u00ebri m\u00eb autentik i saj.<\/em><\/p>\n","protected":false},"excerpt":{"rendered":"<p>REFORMAT N\u00cb LDK (8) Shkruan: Shefqet DIBRANI Sipas t\u00eb gjitha gjasave reformimi i LDK nuk do t\u00eb ndodh\u00eb, p\u00ebrkundrazi si\u00e7 po shihet vet\u00ebm do t\u00eb sforcohen grupet e interesit t\u00eb cilat gjith\u00e7ka q\u00eb ka emrin LDK e Kosov\u00eb e kan\u00eb v\u00ebn\u00eb n\u00eb sh\u00ebrbim t\u00eb tyre. Jo vet\u00ebm LDK-ja si nj\u00eb parti politike por edhe simotrat [&hellip;]<\/p>\n","protected":false},"author":1,"featured_media":0,"comment_status":"open","ping_status":"closed","sticky":false,"template":"","format":"standard","meta":{"footnotes":""},"categories":[2],"tags":[],"class_list":{"0":"post-3239","1":"post","2":"type-post","3":"status-publish","4":"format-standard","6":"category-artikuj"},"yoast_head":"<!-- This site is optimized with the Yoast SEO plugin v27.4 - https:\/\/yoast.com\/product\/yoast-seo-wordpress\/ -->\n<title>REFORMAT E RREJSHME DHE POVRATNIK\u00cbT N\u00cb PARTI - FjALA e LIR\u00cb - Arkivi<\/title>\n<meta name=\"robots\" content=\"index, follow, max-snippet:-1, max-image-preview:large, max-video-preview:-1\" \/>\n<link rel=\"canonical\" href=\"https:\/\/fjala.info\/2009-2015\/reformat-e-rrejshme-dhe-povratniket-ne-parti\/\" \/>\n<meta property=\"og:locale\" content=\"sq_AL\" \/>\n<meta property=\"og:type\" content=\"article\" \/>\n<meta property=\"og:title\" content=\"REFORMAT E RREJSHME DHE POVRATNIK\u00cbT N\u00cb PARTI - FjALA e LIR\u00cb - Arkivi\" \/>\n<meta property=\"og:description\" content=\"REFORMAT N\u00cb LDK (8) Shkruan: Shefqet DIBRANI Sipas t\u00eb gjitha gjasave reformimi i LDK nuk do t\u00eb ndodh\u00eb, p\u00ebrkundrazi si\u00e7 po shihet vet\u00ebm do t\u00eb sforcohen grupet e interesit t\u00eb cilat gjith\u00e7ka q\u00eb ka emrin LDK e Kosov\u00eb e kan\u00eb v\u00ebn\u00eb n\u00eb sh\u00ebrbim t\u00eb tyre. Jo vet\u00ebm LDK-ja si nj\u00eb parti politike por edhe simotrat [&hellip;]\" \/>\n<meta property=\"og:url\" content=\"https:\/\/fjala.info\/2009-2015\/reformat-e-rrejshme-dhe-povratniket-ne-parti\/\" \/>\n<meta property=\"og:site_name\" content=\"FjALA e LIR\u00cb - Arkivi\" \/>\n<meta property=\"article:published_time\" content=\"2010-07-09T06:10:47+00:00\" \/>\n<meta property=\"og:image\" content=\"http:\/\/www.shkoder.net\/images\/fjala\/dibrani.jpg\" \/>\n<meta name=\"author\" content=\"admin\" \/>\n<meta name=\"twitter:card\" content=\"summary_large_image\" \/>\n<meta name=\"twitter:label1\" content=\"Written by\" \/>\n\t<meta name=\"twitter:data1\" content=\"admin\" \/>\n\t<meta name=\"twitter:label2\" content=\"Est. reading time\" \/>\n\t<meta name=\"twitter:data2\" content=\"7 minutes\" \/>\n<script type=\"application\/ld+json\" class=\"yoast-schema-graph\">{\"@context\":\"https:\\\/\\\/schema.org\",\"@graph\":[{\"@type\":\"Article\",\"@id\":\"https:\\\/\\\/fjala.info\\\/2009-2015\\\/reformat-e-rrejshme-dhe-povratniket-ne-parti\\\/#article\",\"isPartOf\":{\"@id\":\"https:\\\/\\\/fjala.info\\\/2009-2015\\\/reformat-e-rrejshme-dhe-povratniket-ne-parti\\\/\"},\"author\":{\"name\":\"admin\",\"@id\":\"https:\\\/\\\/fjala.info\\\/2009-2015\\\/#\\\/schema\\\/person\\\/3aa1163ef05469c496fc94e77611ada2\"},\"headline\":\"REFORMAT E RREJSHME DHE POVRATNIK\u00cbT N\u00cb PARTI\",\"datePublished\":\"2010-07-09T06:10:47+00:00\",\"mainEntityOfPage\":{\"@id\":\"https:\\\/\\\/fjala.info\\\/2009-2015\\\/reformat-e-rrejshme-dhe-povratniket-ne-parti\\\/\"},\"wordCount\":1366,\"commentCount\":0,\"publisher\":{\"@id\":\"https:\\\/\\\/fjala.info\\\/2009-2015\\\/#organization\"},\"image\":{\"@id\":\"https:\\\/\\\/fjala.info\\\/2009-2015\\\/reformat-e-rrejshme-dhe-povratniket-ne-parti\\\/#primaryimage\"},\"thumbnailUrl\":\"http:\\\/\\\/www.shkoder.net\\\/images\\\/fjala\\\/dibrani.jpg\",\"articleSection\":[\"Artikuj\"],\"inLanguage\":\"sq-AL\",\"potentialAction\":[{\"@type\":\"CommentAction\",\"name\":\"Comment\",\"target\":[\"https:\\\/\\\/fjala.info\\\/2009-2015\\\/reformat-e-rrejshme-dhe-povratniket-ne-parti\\\/#respond\"]}]},{\"@type\":\"WebPage\",\"@id\":\"https:\\\/\\\/fjala.info\\\/2009-2015\\\/reformat-e-rrejshme-dhe-povratniket-ne-parti\\\/\",\"url\":\"https:\\\/\\\/fjala.info\\\/2009-2015\\\/reformat-e-rrejshme-dhe-povratniket-ne-parti\\\/\",\"name\":\"REFORMAT E RREJSHME DHE POVRATNIK\u00cbT N\u00cb PARTI - FjALA e LIR\u00cb - Arkivi\",\"isPartOf\":{\"@id\":\"https:\\\/\\\/fjala.info\\\/2009-2015\\\/#website\"},\"primaryImageOfPage\":{\"@id\":\"https:\\\/\\\/fjala.info\\\/2009-2015\\\/reformat-e-rrejshme-dhe-povratniket-ne-parti\\\/#primaryimage\"},\"image\":{\"@id\":\"https:\\\/\\\/fjala.info\\\/2009-2015\\\/reformat-e-rrejshme-dhe-povratniket-ne-parti\\\/#primaryimage\"},\"thumbnailUrl\":\"http:\\\/\\\/www.shkoder.net\\\/images\\\/fjala\\\/dibrani.jpg\",\"datePublished\":\"2010-07-09T06:10:47+00:00\",\"breadcrumb\":{\"@id\":\"https:\\\/\\\/fjala.info\\\/2009-2015\\\/reformat-e-rrejshme-dhe-povratniket-ne-parti\\\/#breadcrumb\"},\"inLanguage\":\"sq-AL\",\"potentialAction\":[{\"@type\":\"ReadAction\",\"target\":[\"https:\\\/\\\/fjala.info\\\/2009-2015\\\/reformat-e-rrejshme-dhe-povratniket-ne-parti\\\/\"]}]},{\"@type\":\"ImageObject\",\"inLanguage\":\"sq-AL\",\"@id\":\"https:\\\/\\\/fjala.info\\\/2009-2015\\\/reformat-e-rrejshme-dhe-povratniket-ne-parti\\\/#primaryimage\",\"url\":\"http:\\\/\\\/www.shkoder.net\\\/images\\\/fjala\\\/dibrani.jpg\",\"contentUrl\":\"http:\\\/\\\/www.shkoder.net\\\/images\\\/fjala\\\/dibrani.jpg\"},{\"@type\":\"BreadcrumbList\",\"@id\":\"https:\\\/\\\/fjala.info\\\/2009-2015\\\/reformat-e-rrejshme-dhe-povratniket-ne-parti\\\/#breadcrumb\",\"itemListElement\":[{\"@type\":\"ListItem\",\"position\":1,\"name\":\"Home\",\"item\":\"https:\\\/\\\/fjala.info\\\/2009-2015\\\/\"},{\"@type\":\"ListItem\",\"position\":2,\"name\":\"REFORMAT E RREJSHME DHE POVRATNIK\u00cbT N\u00cb PARTI\"}]},{\"@type\":\"WebSite\",\"@id\":\"https:\\\/\\\/fjala.info\\\/2009-2015\\\/#website\",\"url\":\"https:\\\/\\\/fjala.info\\\/2009-2015\\\/\",\"name\":\"FjALA e LIR\u00cb - Arkivi\",\"description\":\"Arkivi 2009-2015\",\"publisher\":{\"@id\":\"https:\\\/\\\/fjala.info\\\/2009-2015\\\/#organization\"},\"potentialAction\":[{\"@type\":\"SearchAction\",\"target\":{\"@type\":\"EntryPoint\",\"urlTemplate\":\"https:\\\/\\\/fjala.info\\\/2009-2015\\\/?s={search_term_string}\"},\"query-input\":{\"@type\":\"PropertyValueSpecification\",\"valueRequired\":true,\"valueName\":\"search_term_string\"}}],\"inLanguage\":\"sq-AL\"},{\"@type\":\"Organization\",\"@id\":\"https:\\\/\\\/fjala.info\\\/2009-2015\\\/#organization\",\"name\":\"FjALA e LIR\u00cb - Arkivi\",\"url\":\"https:\\\/\\\/fjala.info\\\/2009-2015\\\/\",\"logo\":{\"@type\":\"ImageObject\",\"inLanguage\":\"sq-AL\",\"@id\":\"https:\\\/\\\/fjala.info\\\/2009-2015\\\/#\\\/schema\\\/logo\\\/image\\\/\",\"url\":\"\",\"contentUrl\":\"\",\"caption\":\"FjALA e LIR\u00cb - Arkivi\"},\"image\":{\"@id\":\"https:\\\/\\\/fjala.info\\\/2009-2015\\\/#\\\/schema\\\/logo\\\/image\\\/\"}},{\"@type\":\"Person\",\"@id\":\"https:\\\/\\\/fjala.info\\\/2009-2015\\\/#\\\/schema\\\/person\\\/3aa1163ef05469c496fc94e77611ada2\",\"name\":\"admin\",\"image\":{\"@type\":\"ImageObject\",\"inLanguage\":\"sq-AL\",\"@id\":\"https:\\\/\\\/fjala.info\\\/2009-2015\\\/wp-content\\\/uploads\\\/2012\\\/02\\\/arben_cokaj-120x150.jpg\",\"url\":\"https:\\\/\\\/fjala.info\\\/2009-2015\\\/wp-content\\\/uploads\\\/2012\\\/02\\\/arben_cokaj-120x150.jpg\",\"contentUrl\":\"https:\\\/\\\/fjala.info\\\/2009-2015\\\/wp-content\\\/uploads\\\/2012\\\/02\\\/arben_cokaj-120x150.jpg\",\"caption\":\"admin\"},\"description\":\"Admin, Fjala e Lir\u00eb\",\"sameAs\":[\"https:\\\/\\\/fjala.info\\\/\"],\"url\":\"https:\\\/\\\/fjala.info\\\/2009-2015\\\/author\\\/admin\\\/\"}]}<\/script>\n<!-- \/ Yoast SEO plugin. -->","yoast_head_json":{"title":"REFORMAT E RREJSHME DHE POVRATNIK\u00cbT N\u00cb PARTI - FjALA e LIR\u00cb - Arkivi","robots":{"index":"index","follow":"follow","max-snippet":"max-snippet:-1","max-image-preview":"max-image-preview:large","max-video-preview":"max-video-preview:-1"},"canonical":"https:\/\/fjala.info\/2009-2015\/reformat-e-rrejshme-dhe-povratniket-ne-parti\/","og_locale":"sq_AL","og_type":"article","og_title":"REFORMAT E RREJSHME DHE POVRATNIK\u00cbT N\u00cb PARTI - FjALA e LIR\u00cb - Arkivi","og_description":"REFORMAT N\u00cb LDK (8) Shkruan: Shefqet DIBRANI Sipas t\u00eb gjitha gjasave reformimi i LDK nuk do t\u00eb ndodh\u00eb, p\u00ebrkundrazi si\u00e7 po shihet vet\u00ebm do t\u00eb sforcohen grupet e interesit t\u00eb cilat gjith\u00e7ka q\u00eb ka emrin LDK e Kosov\u00eb e kan\u00eb v\u00ebn\u00eb n\u00eb sh\u00ebrbim t\u00eb tyre. Jo vet\u00ebm LDK-ja si nj\u00eb parti politike por edhe simotrat [&hellip;]","og_url":"https:\/\/fjala.info\/2009-2015\/reformat-e-rrejshme-dhe-povratniket-ne-parti\/","og_site_name":"FjALA e LIR\u00cb - Arkivi","article_published_time":"2010-07-09T06:10:47+00:00","og_image":[{"url":"http:\/\/www.shkoder.net\/images\/fjala\/dibrani.jpg","type":"","width":"","height":""}],"author":"admin","twitter_card":"summary_large_image","twitter_misc":{"Written by":"admin","Est. reading time":"7 minutes"},"schema":{"@context":"https:\/\/schema.org","@graph":[{"@type":"Article","@id":"https:\/\/fjala.info\/2009-2015\/reformat-e-rrejshme-dhe-povratniket-ne-parti\/#article","isPartOf":{"@id":"https:\/\/fjala.info\/2009-2015\/reformat-e-rrejshme-dhe-povratniket-ne-parti\/"},"author":{"name":"admin","@id":"https:\/\/fjala.info\/2009-2015\/#\/schema\/person\/3aa1163ef05469c496fc94e77611ada2"},"headline":"REFORMAT E RREJSHME DHE POVRATNIK\u00cbT N\u00cb PARTI","datePublished":"2010-07-09T06:10:47+00:00","mainEntityOfPage":{"@id":"https:\/\/fjala.info\/2009-2015\/reformat-e-rrejshme-dhe-povratniket-ne-parti\/"},"wordCount":1366,"commentCount":0,"publisher":{"@id":"https:\/\/fjala.info\/2009-2015\/#organization"},"image":{"@id":"https:\/\/fjala.info\/2009-2015\/reformat-e-rrejshme-dhe-povratniket-ne-parti\/#primaryimage"},"thumbnailUrl":"http:\/\/www.shkoder.net\/images\/fjala\/dibrani.jpg","articleSection":["Artikuj"],"inLanguage":"sq-AL","potentialAction":[{"@type":"CommentAction","name":"Comment","target":["https:\/\/fjala.info\/2009-2015\/reformat-e-rrejshme-dhe-povratniket-ne-parti\/#respond"]}]},{"@type":"WebPage","@id":"https:\/\/fjala.info\/2009-2015\/reformat-e-rrejshme-dhe-povratniket-ne-parti\/","url":"https:\/\/fjala.info\/2009-2015\/reformat-e-rrejshme-dhe-povratniket-ne-parti\/","name":"REFORMAT E RREJSHME DHE POVRATNIK\u00cbT N\u00cb PARTI - FjALA e LIR\u00cb - Arkivi","isPartOf":{"@id":"https:\/\/fjala.info\/2009-2015\/#website"},"primaryImageOfPage":{"@id":"https:\/\/fjala.info\/2009-2015\/reformat-e-rrejshme-dhe-povratniket-ne-parti\/#primaryimage"},"image":{"@id":"https:\/\/fjala.info\/2009-2015\/reformat-e-rrejshme-dhe-povratniket-ne-parti\/#primaryimage"},"thumbnailUrl":"http:\/\/www.shkoder.net\/images\/fjala\/dibrani.jpg","datePublished":"2010-07-09T06:10:47+00:00","breadcrumb":{"@id":"https:\/\/fjala.info\/2009-2015\/reformat-e-rrejshme-dhe-povratniket-ne-parti\/#breadcrumb"},"inLanguage":"sq-AL","potentialAction":[{"@type":"ReadAction","target":["https:\/\/fjala.info\/2009-2015\/reformat-e-rrejshme-dhe-povratniket-ne-parti\/"]}]},{"@type":"ImageObject","inLanguage":"sq-AL","@id":"https:\/\/fjala.info\/2009-2015\/reformat-e-rrejshme-dhe-povratniket-ne-parti\/#primaryimage","url":"http:\/\/www.shkoder.net\/images\/fjala\/dibrani.jpg","contentUrl":"http:\/\/www.shkoder.net\/images\/fjala\/dibrani.jpg"},{"@type":"BreadcrumbList","@id":"https:\/\/fjala.info\/2009-2015\/reformat-e-rrejshme-dhe-povratniket-ne-parti\/#breadcrumb","itemListElement":[{"@type":"ListItem","position":1,"name":"Home","item":"https:\/\/fjala.info\/2009-2015\/"},{"@type":"ListItem","position":2,"name":"REFORMAT E RREJSHME DHE POVRATNIK\u00cbT N\u00cb PARTI"}]},{"@type":"WebSite","@id":"https:\/\/fjala.info\/2009-2015\/#website","url":"https:\/\/fjala.info\/2009-2015\/","name":"FjALA e LIR\u00cb - Arkivi","description":"Arkivi 2009-2015","publisher":{"@id":"https:\/\/fjala.info\/2009-2015\/#organization"},"potentialAction":[{"@type":"SearchAction","target":{"@type":"EntryPoint","urlTemplate":"https:\/\/fjala.info\/2009-2015\/?s={search_term_string}"},"query-input":{"@type":"PropertyValueSpecification","valueRequired":true,"valueName":"search_term_string"}}],"inLanguage":"sq-AL"},{"@type":"Organization","@id":"https:\/\/fjala.info\/2009-2015\/#organization","name":"FjALA e LIR\u00cb - Arkivi","url":"https:\/\/fjala.info\/2009-2015\/","logo":{"@type":"ImageObject","inLanguage":"sq-AL","@id":"https:\/\/fjala.info\/2009-2015\/#\/schema\/logo\/image\/","url":"","contentUrl":"","caption":"FjALA e LIR\u00cb - Arkivi"},"image":{"@id":"https:\/\/fjala.info\/2009-2015\/#\/schema\/logo\/image\/"}},{"@type":"Person","@id":"https:\/\/fjala.info\/2009-2015\/#\/schema\/person\/3aa1163ef05469c496fc94e77611ada2","name":"admin","image":{"@type":"ImageObject","inLanguage":"sq-AL","@id":"https:\/\/fjala.info\/2009-2015\/wp-content\/uploads\/2012\/02\/arben_cokaj-120x150.jpg","url":"https:\/\/fjala.info\/2009-2015\/wp-content\/uploads\/2012\/02\/arben_cokaj-120x150.jpg","contentUrl":"https:\/\/fjala.info\/2009-2015\/wp-content\/uploads\/2012\/02\/arben_cokaj-120x150.jpg","caption":"admin"},"description":"Admin, Fjala e Lir\u00eb","sameAs":["https:\/\/fjala.info\/"],"url":"https:\/\/fjala.info\/2009-2015\/author\/admin\/"}]}},"_links":{"self":[{"href":"https:\/\/fjala.info\/2009-2015\/wp-json\/wp\/v2\/posts\/3239","targetHints":{"allow":["GET"]}}],"collection":[{"href":"https:\/\/fjala.info\/2009-2015\/wp-json\/wp\/v2\/posts"}],"about":[{"href":"https:\/\/fjala.info\/2009-2015\/wp-json\/wp\/v2\/types\/post"}],"author":[{"embeddable":true,"href":"https:\/\/fjala.info\/2009-2015\/wp-json\/wp\/v2\/users\/1"}],"replies":[{"embeddable":true,"href":"https:\/\/fjala.info\/2009-2015\/wp-json\/wp\/v2\/comments?post=3239"}],"version-history":[{"count":0,"href":"https:\/\/fjala.info\/2009-2015\/wp-json\/wp\/v2\/posts\/3239\/revisions"}],"wp:attachment":[{"href":"https:\/\/fjala.info\/2009-2015\/wp-json\/wp\/v2\/media?parent=3239"}],"wp:term":[{"taxonomy":"category","embeddable":true,"href":"https:\/\/fjala.info\/2009-2015\/wp-json\/wp\/v2\/categories?post=3239"},{"taxonomy":"post_tag","embeddable":true,"href":"https:\/\/fjala.info\/2009-2015\/wp-json\/wp\/v2\/tags?post=3239"}],"curies":[{"name":"wp","href":"https:\/\/api.w.org\/{rel}","templated":true}]}}