{"id":3235,"date":"2010-07-08T22:05:54","date_gmt":"2010-07-08T21:05:54","guid":{"rendered":"http:\/\/fjala.shkoder.net\/?p=3235"},"modified":"2010-07-08T22:05:54","modified_gmt":"2010-07-08T21:05:54","slug":"sami-repishti-ne-shqiperi-nuk-ka-nje-klase-politike-serioze-por-dy-grupe-qe-luftojne-njeri-tjetrin","status":"publish","type":"post","link":"https:\/\/fjala.info\/2009-2015\/sami-repishti-ne-shqiperi-nuk-ka-nje-klase-politike-serioze-por-dy-grupe-qe-luftojne-njeri-tjetrin\/","title":{"rendered":"Sami Repishti: \u201cN\u00eb Shqip\u00ebri nuk ka nj\u00eb klas\u00eb politike serioze, por dy grupe q\u00eb luftojn\u00eb nj\u00ebri-tjetrin\u201d"},"content":{"rendered":"<p><img decoding=\"async\" style=\"margin-left: 10px; margin-right: 10px; border: 0px;\" src=\"http:\/\/www.shkoder.net\/images\/fjala\/sami_repishti.jpg\" border=\"0\" alt=\"Sami Repishti\" width=\"100\" align=\"right\" \/><\/p>\n<p><em><strong>Studiuesi i njohur komenton situat\u00ebn politike n\u00eb Shqip\u00ebri<\/strong><\/em><\/p>\n<p>Nj\u00eb studiues i njohur i \u00e7\u00ebshtjeve shqiptare thot\u00eb se n\u00eb Shqip\u00ebri nuk ka nj\u00eb klas\u00eb politike serioze, por dy grupe q\u00eb luftojn\u00eb nj\u00ebri-tjetrin. N\u00eb nj\u00eb intervist\u00eb p\u00ebr Z\u00ebrin e Amerik\u00ebs, profesor Sami Repishti foli edhe mbi marr\u00ebdh\u00ebniet mes Shqip\u00ebris\u00eb dhe Kosov\u00ebs dhe mbi \u00e7\u00ebshtjen e Masakr\u00ebs s\u00eb Tivarit, e cila \u00ebsht\u00eb b\u00ebr\u00eb p\u00ebrs\u00ebri objekt diskutimesh n\u00eb Shqip\u00ebri.<\/p>\n<p>\u00c7far\u00eb mendoni p\u00ebr luft\u00ebn e ashp\u00ebr politike q\u00eb zhvillohet sot n\u00eb Shqip\u00ebri?<br \/>\nP\u00ebrshtypja ime \u00ebsht\u00eb se nuk kemi nj\u00eb klas\u00eb politike serioze n\u00eb Shqip\u00ebri. N\u00eb Shqip\u00ebri kemi dy grupe q\u00eb luftojn\u00eb nj\u00ebri-tjetrin, dy grupe q\u00eb ose nuk pranojn\u00eb diversitet brenda, ose q\u00eb i jan\u00eb n\u00ebnshtruar vullnetit t\u00eb nj\u00eb kryetari. Shqip\u00ebria ka nevoj\u00eb p\u00ebr solidaritet mes t\u00eb gjith\u00eb atyre q\u00eb e duan vendin. Nuk mund t\u2019i mohohet e drejta e dashuris\u00eb p\u00ebr Shqip\u00ebrin\u00eb asnjeriu. Vet\u00ebm ata q\u00eb jan\u00eb d\u00ebnuar nga gjyqi ose q\u00eb kan\u00eb lyer duart me gjak nuk kan\u00eb t\u00eb drejt\u00eb t\u00eb flasin, t\u00eb tjer\u00ebt kan\u00eb t\u00eb gjith\u00eb t\u00eb drejt\u00eb t\u00eb flasin, pavar\u00ebsisht n\u00ebse jan\u00eb ose nuk jan\u00eb n\u00eb pushtet. M\u00ebnyra se si \u00ebsht\u00eb organizuar jeta politike sot n\u00eb Shqip\u00ebri, e ndar\u00eb n\u00eb dy grupe, ose Partia Demokratike, ose Partia Socialiste, p\u00ebr mendimin tim \u00ebsht\u00eb e gabuar. Ka njer\u00ebz q\u00eb nuk jan\u00eb dakord as me Partin\u00eb Demokratike, as me Partin\u00eb Socialiste, megjithat\u00eb atyre nuk u \u00ebsht\u00eb dh\u00ebn\u00eb asnj\u00eb mund\u00ebsi p\u00ebr t\u00eb shfaqur mendimin e tyre, sepse arena politike \u00ebsht\u00eb zaptuar nga k\u00ebto dy parti. Sot \u00ebsht\u00eb v\u00ebshtir\u00eb t\u00eb thuash se cila pal\u00eb e ka mir\u00eb e cila gabim, sepse ato p\u00ebrjashtojn\u00eb \u00e7do mund\u00ebsi diskutimi ose dialogu me pal\u00ebn tjet\u00ebr. Ka ikur koha e monolog\u00ebve. Jetojm\u00eb n\u00eb nj\u00eb bot\u00eb me shum\u00eb varietet dhe kjo duhet t\u00eb pasqyrohet edhe n\u00eb politik\u00ebn shqiptare. N\u00eb politik\u00ebn shqiptare nuk ka mir\u00ebkuptim, ka vet\u00ebm urrejtje dhe p\u00ebrbuzje. Gjuha q\u00eb p\u00ebrdoret n\u00eb diskutimin politik \u00ebsht\u00eb kaq e ul\u00ebt sa t\u00eb vjen turp. Un\u00eb jam shum\u00eb i shqet\u00ebsuar nga imazhi q\u00eb po projekton sot Shqip\u00ebria n\u00eb bot\u00ebn e jashtme.<\/p>\n<p>Por, n\u00eb nj\u00eb far\u00eb mase a nuk mund t\u00eb quhet sukses i politik\u00ebs shqiptare an\u00ebtar\u00ebsimi i Shqip\u00ebris\u00eb n\u00eb NATO?<br \/>\nHyrja e Shqip\u00ebris\u00eb n\u00eb NATO nuk \u00ebsht\u00eb merit\u00eb e politik\u00ebs s\u00eb Shqip\u00ebris\u00eb n\u00eb vetvete, por \u00ebsht\u00eb nj\u00eb proces i pandalsh\u00ebm. Shqip\u00ebria \u00ebsht\u00eb pjes\u00eb e Europ\u00ebs dhe, dashje pa dashje, ne do t\u00eb hyjm\u00eb n\u00eb Europ\u00eb edhe sikur shqiptar\u00ebt t\u00eb thon\u00eb nuk e duam Europ\u00ebn. Shqiptar\u00ebt kan\u00eb hyr\u00eb n\u00eb NATO sepse kan\u00eb nj\u00eb pozit\u00eb gjeografike me r\u00ebnd\u00ebsi dhe natyrisht ata do t\u00eb ndjekin rregullat e NATO-s, do t\u00eb zbatojn\u00eb t\u00eb gjitha detyrimet dhe do t\u00eb ken\u00eb edhe p\u00ebrfitimet e NATO-s. Por, t\u00eb thuash q\u00eb hyrja e Shqip\u00ebris\u00eb n\u00eb NATO \u00ebsht\u00eb merit\u00eb e k\u00ebtij apo atij grupi politik, kjo \u00ebsht\u00eb e ekzagjeruar.<br \/>\nA ka pasur nj\u00eb interesim serioz p\u00ebr Kosov\u00ebn nga ana e Shqip\u00ebris\u00eb?<br \/>\nShpeshher\u00eb, ngjarje me r\u00ebnd\u00ebsi n\u00eb Kosov\u00eb nuk jan\u00eb deklaruar n\u00eb Shqip\u00ebri ose Shqip\u00ebria nuk ka marr\u00eb nj\u00eb pozicion t\u00eb caktuar ndaj tyre derisa jan\u00eb prononcuar fuqit\u00eb e m\u00ebdha. Mendoj se kjo \u00ebsht\u00eb nj\u00eb munges\u00eb e madhe e politik\u00ebs shqiptare. Shqip\u00ebria duhet t\u00eb luaj\u00eb nj\u00eb rol pozitiv, rolin e udh\u00ebheqjes n\u00eb opinionin publik nd\u00ebrkomb\u00ebtar p\u00ebr \u00e7\u00ebshtjen e Kosov\u00ebs. Mungesa e interesit t\u00eb Shqip\u00ebris\u00eb p\u00ebr Kosov\u00ebn shihet se kur gjendja politike n\u00eb Shqip\u00ebri nuk eg\u00ebrsohet dhe partit\u00eb politike nuk kan\u00eb nevoj\u00eb ta shfryt\u00ebzojn\u00eb elementin kosovar, at\u00ebher\u00eb problemi i Kosov\u00ebs pothuajse hesht n\u00eb Shqip\u00ebri. Por, sa krijohet nj\u00eb situat\u00eb politike e eg\u00ebrsuar n\u00eb Shqip\u00ebri, me q\u00ebllim q\u00eb t\u00eb evitojn\u00eb kritik\u00ebn ose t\u00eb largojn\u00eb interesimin e publikut shqiptar p\u00ebr nj\u00ebr\u00ebn ose tjetr\u00ebn parti politike, at\u00ebher\u00eb del n\u00eb shesh Kosova. Un\u00eb besoj se kjo \u00ebsht\u00eb gabim. N\u00eb qoft\u00eb se qeveria e Shqip\u00ebris\u00eb do t\u00eb kishte pasur nj\u00eb q\u00ebllim me t\u00eb v\u00ebrtet\u00eb serioz p\u00ebr problemin e Kosov\u00ebs, ata duhet t\u00eb kishin krijuar q\u00eb n\u00eb fillim nj\u00eb institut p\u00ebr studime mbi Kosov\u00ebn. Ky institut duhet t\u00eb ishte b\u00ebr\u00eb nga studiues, pavar\u00ebsisht nga p\u00ebrkat\u00ebsia politike, nga element\u00eb q\u00eb e njohin gjendjen dhe historin\u00eb e Kosov\u00ebs, nga njer\u00ebz q\u00eb kuptojn\u00eb zhvillimet nd\u00ebrkomb\u00ebtare n\u00eb Europ\u00eb dhe n\u00eb bot\u00eb. Dhe ata do t\u00eb kishin qen\u00eb edhe si orientim p\u00ebr qeverin\u00eb shqiptare.<\/p>\n<p>N\u00eb Shqip\u00ebri p\u00ebrs\u00ebri ka dal\u00eb n\u00eb sken\u00eb \u00e7\u00ebshtja e Masakr\u00ebs s\u00eb Tivarit ku mendohet se shum\u00eb shqiptar\u00eb t\u00eb Kosov\u00ebs jan\u00eb vrar\u00eb nga forcat serbe n\u00eb mbarim t\u00eb Luft\u00ebs s\u00eb Dyt\u00eb Bot\u00ebrore. P\u00ebrse politika n\u00eb Shqip\u00ebri po reagon me kaq vones\u00eb?<br \/>\nKjo \u00ebsht\u00eb p\u00ebrs\u00ebri \u00e7\u00ebshtje e pakujdesis\u00eb s\u00eb qeveris\u00eb shqiptare p\u00ebr Kosov\u00ebn. \u00c7\u00ebshtja e Tivarit duhet t\u00eb ishte ndjekur q\u00eb n\u00eb vitin 1992, kur erdhi n\u00eb fuqi Partia Demokratike. Jo vet\u00ebm Tivari, por edhe masakra t\u00eb tjera q\u00eb jan\u00eb b\u00ebr\u00eb n\u00eb Kosov\u00eb. Kjo do t\u2019i kishte dh\u00ebn\u00eb shum\u00eb dor\u00eb edhe zhvillimit t\u00eb ngjarjeve n\u00eb Kosov\u00eb, por edhe opinionit publik p\u00ebr ta kuptuar problemin e Kosov\u00ebs, sepse shtypja serbe n\u00eb Kosov\u00eb nuk p\u00ebrqendrohet vet\u00ebm n\u00eb vitet \u201888-\u201899. Bota duhet t\u00eb sqarohet. K\u00ebto jan\u00eb gj\u00ebra t\u00eb vjetra, por hidhen n\u00eb sken\u00eb si pik\u00eb diskutimi sa her\u00eb q\u00eb jan\u00eb sheshe p\u00ebr t\u00eb turbulluar situat\u00ebn politike n\u00eb Shqip\u00ebri. Kjo \u00ebsht\u00eb e padrejt\u00eb.<\/p>\n<p>A i ka pasur mund\u00ebsit\u00eb shteti shqiptar q\u00eb t\u00eb hetoj\u00eb mbi k\u00ebt\u00eb masak\u00ebr, p\u00ebr shembull t\u00eb hap\u00eb dosje t\u00eb caktuara?<br \/>\nShteti shqiptar \u00ebsht\u00eb n\u00eb nj\u00eb pozit\u00eb q\u00eb e ka p\u00ebrgatitur me duart e veta. Hetime p\u00ebr krime nuk jan\u00eb b\u00ebr\u00eb as vet\u00eb n\u00eb Shqip\u00ebri. Ka vet\u00ebm rr\u00ebfime individuale ose shkrime aty k\u00ebtu t\u00eb ndonj\u00ebrit q\u00eb ka pasur guximin p\u00ebr t\u00eb shkruar ndonj\u00eb lib\u00ebr. Si mund t\u00eb flas\u00ebsh p\u00ebr krime n\u00eb Kosov\u00eb kur nuk flet p\u00ebr krimet q\u00eb jan\u00eb b\u00ebr\u00eb n\u00eb Shqip\u00ebri? Kjo gj\u00eb duhet t\u00eb ishte b\u00ebr\u00eb me rregull. Krimet n\u00eb Shqip\u00ebri duhet t\u00eb ishin v\u00ebn\u00eb n\u00eb dukje, po ashtu edhe ato n\u00eb Kosov\u00eb, problemi do t\u00eb ishte sqaruar me koh\u00eb dhe bota duhet t\u00eb ishte ven\u00eb n\u00eb dijeni. Nuk gjendet akoma nj\u00eb rast, q\u00ebkur \u00ebsht\u00eb krijuar Shqip\u00ebria m\u00eb 1912-n e deri tani, q\u00eb nj\u00eb qeveri e Shqip\u00ebris\u00eb t\u00eb ket\u00eb p\u00ebrkrahur zyrtarisht Kosov\u00ebn. T\u00eb gjith\u00eb kan\u00eb luajtur nj\u00eb politik\u00eb oportuniste, duke e mbajtur mir\u00eb me Serbin\u00eb, me Greqin\u00eb ose me Italin\u00eb. Problemi kosovar \u00ebsht\u00eb ngritur vet\u00ebm p\u00ebr p\u00ebrfitim politik n\u00eb Shqip\u00ebri.<\/p>\n<p>N\u00eb Shqip\u00ebri \u00ebsht\u00eb hedhur ideja se presidenti i fundit komunist, Ramiz Alia, duhet t\u00eb dij\u00eb p\u00ebr \u00e7\u00ebshtjen e Tivarit. A duhet t\u00eb hetohet ai?<br \/>\nKa mund\u00ebsi q\u00eb Ramiz Alia t\u00eb dij\u00eb m\u00eb shum\u00eb sesa dim\u00eb ne sepse ishte komisar divizioni n\u00eb Jugosllavi dhe ka qen\u00eb pak a shum\u00eb i informuar. Un\u00eb nuk besoj se Alia i ka ditur t\u00eb gjitha masakrat q\u00eb kan\u00eb b\u00ebr\u00eb serb\u00ebt. Tivari \u00ebsht\u00eb vet\u00ebm nj\u00eb prej tyre, por ka edhe masakra q\u00eb jan\u00eb b\u00ebr\u00eb brenda Kosov\u00ebs. Ai e ka mbajtur goj\u00ebn t\u00eb mbyllur dhe duhet ta vras\u00eb nd\u00ebrgjegjja, por nuk besoj q\u00eb ai t\u2019i dij\u00eb t\u00eb gjitha.<\/p>\n<p><em>Marr\u00eb nga \u201cZ\u00ebri i Amerik\u00ebs\u201d<\/em><\/p>\n","protected":false},"excerpt":{"rendered":"<p>Studiuesi i njohur komenton situat\u00ebn politike n\u00eb Shqip\u00ebri Nj\u00eb studiues i njohur i \u00e7\u00ebshtjeve shqiptare thot\u00eb se n\u00eb Shqip\u00ebri nuk ka nj\u00eb klas\u00eb politike serioze, por dy grupe q\u00eb luftojn\u00eb nj\u00ebri-tjetrin. N\u00eb nj\u00eb intervist\u00eb p\u00ebr Z\u00ebrin e Amerik\u00ebs, profesor Sami Repishti foli edhe mbi marr\u00ebdh\u00ebniet mes Shqip\u00ebris\u00eb dhe Kosov\u00ebs dhe mbi \u00e7\u00ebshtjen e Masakr\u00ebs s\u00eb [&hellip;]<\/p>\n","protected":false},"author":1,"featured_media":0,"comment_status":"open","ping_status":"closed","sticky":false,"template":"","format":"standard","meta":{"footnotes":""},"categories":[2],"tags":[],"class_list":{"0":"post-3235","1":"post","2":"type-post","3":"status-publish","4":"format-standard","6":"category-artikuj"},"yoast_head":"<!-- This site is optimized with the Yoast SEO plugin v27.4 - https:\/\/yoast.com\/product\/yoast-seo-wordpress\/ -->\n<title>Sami Repishti: \u201cN\u00eb Shqip\u00ebri nuk ka nj\u00eb klas\u00eb politike serioze, por dy grupe q\u00eb luftojn\u00eb nj\u00ebri-tjetrin\u201d - FjALA e LIR\u00cb - Arkivi<\/title>\n<meta name=\"robots\" content=\"index, follow, max-snippet:-1, max-image-preview:large, max-video-preview:-1\" \/>\n<link rel=\"canonical\" href=\"https:\/\/fjala.info\/2009-2015\/sami-repishti-ne-shqiperi-nuk-ka-nje-klase-politike-serioze-por-dy-grupe-qe-luftojne-njeri-tjetrin\/\" \/>\n<meta property=\"og:locale\" content=\"sq_AL\" \/>\n<meta property=\"og:type\" content=\"article\" \/>\n<meta property=\"og:title\" content=\"Sami Repishti: \u201cN\u00eb Shqip\u00ebri nuk ka nj\u00eb klas\u00eb politike serioze, por dy grupe q\u00eb luftojn\u00eb nj\u00ebri-tjetrin\u201d - FjALA e LIR\u00cb - Arkivi\" \/>\n<meta property=\"og:description\" content=\"Studiuesi i njohur komenton situat\u00ebn politike n\u00eb Shqip\u00ebri Nj\u00eb studiues i njohur i \u00e7\u00ebshtjeve shqiptare thot\u00eb se n\u00eb Shqip\u00ebri nuk ka nj\u00eb klas\u00eb politike serioze, por dy grupe q\u00eb luftojn\u00eb nj\u00ebri-tjetrin. N\u00eb nj\u00eb intervist\u00eb p\u00ebr Z\u00ebrin e Amerik\u00ebs, profesor Sami Repishti foli edhe mbi marr\u00ebdh\u00ebniet mes Shqip\u00ebris\u00eb dhe Kosov\u00ebs dhe mbi \u00e7\u00ebshtjen e Masakr\u00ebs s\u00eb [&hellip;]\" \/>\n<meta property=\"og:url\" content=\"https:\/\/fjala.info\/2009-2015\/sami-repishti-ne-shqiperi-nuk-ka-nje-klase-politike-serioze-por-dy-grupe-qe-luftojne-njeri-tjetrin\/\" \/>\n<meta property=\"og:site_name\" content=\"FjALA e LIR\u00cb - Arkivi\" \/>\n<meta property=\"article:published_time\" content=\"2010-07-08T21:05:54+00:00\" \/>\n<meta property=\"og:image\" content=\"http:\/\/www.shkoder.net\/images\/fjala\/sami_repishti.jpg\" \/>\n<meta name=\"author\" content=\"admin\" \/>\n<meta name=\"twitter:card\" content=\"summary_large_image\" \/>\n<meta name=\"twitter:label1\" content=\"Written by\" \/>\n\t<meta name=\"twitter:data1\" content=\"admin\" \/>\n\t<meta name=\"twitter:label2\" content=\"Est. reading time\" \/>\n\t<meta name=\"twitter:data2\" content=\"6 minutes\" \/>\n<script type=\"application\/ld+json\" class=\"yoast-schema-graph\">{\"@context\":\"https:\\\/\\\/schema.org\",\"@graph\":[{\"@type\":\"Article\",\"@id\":\"https:\\\/\\\/fjala.info\\\/2009-2015\\\/sami-repishti-ne-shqiperi-nuk-ka-nje-klase-politike-serioze-por-dy-grupe-qe-luftojne-njeri-tjetrin\\\/#article\",\"isPartOf\":{\"@id\":\"https:\\\/\\\/fjala.info\\\/2009-2015\\\/sami-repishti-ne-shqiperi-nuk-ka-nje-klase-politike-serioze-por-dy-grupe-qe-luftojne-njeri-tjetrin\\\/\"},\"author\":{\"name\":\"admin\",\"@id\":\"https:\\\/\\\/fjala.info\\\/2009-2015\\\/#\\\/schema\\\/person\\\/3aa1163ef05469c496fc94e77611ada2\"},\"headline\":\"Sami Repishti: \u201cN\u00eb Shqip\u00ebri nuk ka nj\u00eb klas\u00eb politike serioze, por dy grupe q\u00eb luftojn\u00eb nj\u00ebri-tjetrin\u201d\",\"datePublished\":\"2010-07-08T21:05:54+00:00\",\"mainEntityOfPage\":{\"@id\":\"https:\\\/\\\/fjala.info\\\/2009-2015\\\/sami-repishti-ne-shqiperi-nuk-ka-nje-klase-politike-serioze-por-dy-grupe-qe-luftojne-njeri-tjetrin\\\/\"},\"wordCount\":1304,\"commentCount\":0,\"publisher\":{\"@id\":\"https:\\\/\\\/fjala.info\\\/2009-2015\\\/#organization\"},\"image\":{\"@id\":\"https:\\\/\\\/fjala.info\\\/2009-2015\\\/sami-repishti-ne-shqiperi-nuk-ka-nje-klase-politike-serioze-por-dy-grupe-qe-luftojne-njeri-tjetrin\\\/#primaryimage\"},\"thumbnailUrl\":\"http:\\\/\\\/www.shkoder.net\\\/images\\\/fjala\\\/sami_repishti.jpg\",\"articleSection\":[\"Artikuj\"],\"inLanguage\":\"sq-AL\",\"potentialAction\":[{\"@type\":\"CommentAction\",\"name\":\"Comment\",\"target\":[\"https:\\\/\\\/fjala.info\\\/2009-2015\\\/sami-repishti-ne-shqiperi-nuk-ka-nje-klase-politike-serioze-por-dy-grupe-qe-luftojne-njeri-tjetrin\\\/#respond\"]}]},{\"@type\":\"WebPage\",\"@id\":\"https:\\\/\\\/fjala.info\\\/2009-2015\\\/sami-repishti-ne-shqiperi-nuk-ka-nje-klase-politike-serioze-por-dy-grupe-qe-luftojne-njeri-tjetrin\\\/\",\"url\":\"https:\\\/\\\/fjala.info\\\/2009-2015\\\/sami-repishti-ne-shqiperi-nuk-ka-nje-klase-politike-serioze-por-dy-grupe-qe-luftojne-njeri-tjetrin\\\/\",\"name\":\"Sami Repishti: \u201cN\u00eb Shqip\u00ebri nuk ka nj\u00eb klas\u00eb politike serioze, por dy grupe q\u00eb luftojn\u00eb nj\u00ebri-tjetrin\u201d - FjALA e LIR\u00cb - Arkivi\",\"isPartOf\":{\"@id\":\"https:\\\/\\\/fjala.info\\\/2009-2015\\\/#website\"},\"primaryImageOfPage\":{\"@id\":\"https:\\\/\\\/fjala.info\\\/2009-2015\\\/sami-repishti-ne-shqiperi-nuk-ka-nje-klase-politike-serioze-por-dy-grupe-qe-luftojne-njeri-tjetrin\\\/#primaryimage\"},\"image\":{\"@id\":\"https:\\\/\\\/fjala.info\\\/2009-2015\\\/sami-repishti-ne-shqiperi-nuk-ka-nje-klase-politike-serioze-por-dy-grupe-qe-luftojne-njeri-tjetrin\\\/#primaryimage\"},\"thumbnailUrl\":\"http:\\\/\\\/www.shkoder.net\\\/images\\\/fjala\\\/sami_repishti.jpg\",\"datePublished\":\"2010-07-08T21:05:54+00:00\",\"breadcrumb\":{\"@id\":\"https:\\\/\\\/fjala.info\\\/2009-2015\\\/sami-repishti-ne-shqiperi-nuk-ka-nje-klase-politike-serioze-por-dy-grupe-qe-luftojne-njeri-tjetrin\\\/#breadcrumb\"},\"inLanguage\":\"sq-AL\",\"potentialAction\":[{\"@type\":\"ReadAction\",\"target\":[\"https:\\\/\\\/fjala.info\\\/2009-2015\\\/sami-repishti-ne-shqiperi-nuk-ka-nje-klase-politike-serioze-por-dy-grupe-qe-luftojne-njeri-tjetrin\\\/\"]}]},{\"@type\":\"ImageObject\",\"inLanguage\":\"sq-AL\",\"@id\":\"https:\\\/\\\/fjala.info\\\/2009-2015\\\/sami-repishti-ne-shqiperi-nuk-ka-nje-klase-politike-serioze-por-dy-grupe-qe-luftojne-njeri-tjetrin\\\/#primaryimage\",\"url\":\"http:\\\/\\\/www.shkoder.net\\\/images\\\/fjala\\\/sami_repishti.jpg\",\"contentUrl\":\"http:\\\/\\\/www.shkoder.net\\\/images\\\/fjala\\\/sami_repishti.jpg\"},{\"@type\":\"BreadcrumbList\",\"@id\":\"https:\\\/\\\/fjala.info\\\/2009-2015\\\/sami-repishti-ne-shqiperi-nuk-ka-nje-klase-politike-serioze-por-dy-grupe-qe-luftojne-njeri-tjetrin\\\/#breadcrumb\",\"itemListElement\":[{\"@type\":\"ListItem\",\"position\":1,\"name\":\"Home\",\"item\":\"https:\\\/\\\/fjala.info\\\/2009-2015\\\/\"},{\"@type\":\"ListItem\",\"position\":2,\"name\":\"Sami Repishti: \u201cN\u00eb Shqip\u00ebri nuk ka nj\u00eb klas\u00eb politike serioze, por dy grupe q\u00eb luftojn\u00eb nj\u00ebri-tjetrin\u201d\"}]},{\"@type\":\"WebSite\",\"@id\":\"https:\\\/\\\/fjala.info\\\/2009-2015\\\/#website\",\"url\":\"https:\\\/\\\/fjala.info\\\/2009-2015\\\/\",\"name\":\"FjALA e LIR\u00cb - Arkivi\",\"description\":\"Arkivi 2009-2015\",\"publisher\":{\"@id\":\"https:\\\/\\\/fjala.info\\\/2009-2015\\\/#organization\"},\"potentialAction\":[{\"@type\":\"SearchAction\",\"target\":{\"@type\":\"EntryPoint\",\"urlTemplate\":\"https:\\\/\\\/fjala.info\\\/2009-2015\\\/?s={search_term_string}\"},\"query-input\":{\"@type\":\"PropertyValueSpecification\",\"valueRequired\":true,\"valueName\":\"search_term_string\"}}],\"inLanguage\":\"sq-AL\"},{\"@type\":\"Organization\",\"@id\":\"https:\\\/\\\/fjala.info\\\/2009-2015\\\/#organization\",\"name\":\"FjALA e LIR\u00cb - Arkivi\",\"url\":\"https:\\\/\\\/fjala.info\\\/2009-2015\\\/\",\"logo\":{\"@type\":\"ImageObject\",\"inLanguage\":\"sq-AL\",\"@id\":\"https:\\\/\\\/fjala.info\\\/2009-2015\\\/#\\\/schema\\\/logo\\\/image\\\/\",\"url\":\"\",\"contentUrl\":\"\",\"caption\":\"FjALA e LIR\u00cb - Arkivi\"},\"image\":{\"@id\":\"https:\\\/\\\/fjala.info\\\/2009-2015\\\/#\\\/schema\\\/logo\\\/image\\\/\"}},{\"@type\":\"Person\",\"@id\":\"https:\\\/\\\/fjala.info\\\/2009-2015\\\/#\\\/schema\\\/person\\\/3aa1163ef05469c496fc94e77611ada2\",\"name\":\"admin\",\"image\":{\"@type\":\"ImageObject\",\"inLanguage\":\"sq-AL\",\"@id\":\"https:\\\/\\\/fjala.info\\\/2009-2015\\\/wp-content\\\/uploads\\\/2012\\\/02\\\/arben_cokaj-120x150.jpg\",\"url\":\"https:\\\/\\\/fjala.info\\\/2009-2015\\\/wp-content\\\/uploads\\\/2012\\\/02\\\/arben_cokaj-120x150.jpg\",\"contentUrl\":\"https:\\\/\\\/fjala.info\\\/2009-2015\\\/wp-content\\\/uploads\\\/2012\\\/02\\\/arben_cokaj-120x150.jpg\",\"caption\":\"admin\"},\"description\":\"Admin, Fjala e Lir\u00eb\",\"sameAs\":[\"https:\\\/\\\/fjala.info\\\/\"],\"url\":\"https:\\\/\\\/fjala.info\\\/2009-2015\\\/author\\\/admin\\\/\"}]}<\/script>\n<!-- \/ Yoast SEO plugin. -->","yoast_head_json":{"title":"Sami Repishti: \u201cN\u00eb Shqip\u00ebri nuk ka nj\u00eb klas\u00eb politike serioze, por dy grupe q\u00eb luftojn\u00eb nj\u00ebri-tjetrin\u201d - FjALA e LIR\u00cb - Arkivi","robots":{"index":"index","follow":"follow","max-snippet":"max-snippet:-1","max-image-preview":"max-image-preview:large","max-video-preview":"max-video-preview:-1"},"canonical":"https:\/\/fjala.info\/2009-2015\/sami-repishti-ne-shqiperi-nuk-ka-nje-klase-politike-serioze-por-dy-grupe-qe-luftojne-njeri-tjetrin\/","og_locale":"sq_AL","og_type":"article","og_title":"Sami Repishti: \u201cN\u00eb Shqip\u00ebri nuk ka nj\u00eb klas\u00eb politike serioze, por dy grupe q\u00eb luftojn\u00eb nj\u00ebri-tjetrin\u201d - FjALA e LIR\u00cb - Arkivi","og_description":"Studiuesi i njohur komenton situat\u00ebn politike n\u00eb Shqip\u00ebri Nj\u00eb studiues i njohur i \u00e7\u00ebshtjeve shqiptare thot\u00eb se n\u00eb Shqip\u00ebri nuk ka nj\u00eb klas\u00eb politike serioze, por dy grupe q\u00eb luftojn\u00eb nj\u00ebri-tjetrin. N\u00eb nj\u00eb intervist\u00eb p\u00ebr Z\u00ebrin e Amerik\u00ebs, profesor Sami Repishti foli edhe mbi marr\u00ebdh\u00ebniet mes Shqip\u00ebris\u00eb dhe Kosov\u00ebs dhe mbi \u00e7\u00ebshtjen e Masakr\u00ebs s\u00eb [&hellip;]","og_url":"https:\/\/fjala.info\/2009-2015\/sami-repishti-ne-shqiperi-nuk-ka-nje-klase-politike-serioze-por-dy-grupe-qe-luftojne-njeri-tjetrin\/","og_site_name":"FjALA e LIR\u00cb - Arkivi","article_published_time":"2010-07-08T21:05:54+00:00","og_image":[{"url":"http:\/\/www.shkoder.net\/images\/fjala\/sami_repishti.jpg","type":"","width":"","height":""}],"author":"admin","twitter_card":"summary_large_image","twitter_misc":{"Written by":"admin","Est. reading time":"6 minutes"},"schema":{"@context":"https:\/\/schema.org","@graph":[{"@type":"Article","@id":"https:\/\/fjala.info\/2009-2015\/sami-repishti-ne-shqiperi-nuk-ka-nje-klase-politike-serioze-por-dy-grupe-qe-luftojne-njeri-tjetrin\/#article","isPartOf":{"@id":"https:\/\/fjala.info\/2009-2015\/sami-repishti-ne-shqiperi-nuk-ka-nje-klase-politike-serioze-por-dy-grupe-qe-luftojne-njeri-tjetrin\/"},"author":{"name":"admin","@id":"https:\/\/fjala.info\/2009-2015\/#\/schema\/person\/3aa1163ef05469c496fc94e77611ada2"},"headline":"Sami Repishti: \u201cN\u00eb Shqip\u00ebri nuk ka nj\u00eb klas\u00eb politike serioze, por dy grupe q\u00eb luftojn\u00eb nj\u00ebri-tjetrin\u201d","datePublished":"2010-07-08T21:05:54+00:00","mainEntityOfPage":{"@id":"https:\/\/fjala.info\/2009-2015\/sami-repishti-ne-shqiperi-nuk-ka-nje-klase-politike-serioze-por-dy-grupe-qe-luftojne-njeri-tjetrin\/"},"wordCount":1304,"commentCount":0,"publisher":{"@id":"https:\/\/fjala.info\/2009-2015\/#organization"},"image":{"@id":"https:\/\/fjala.info\/2009-2015\/sami-repishti-ne-shqiperi-nuk-ka-nje-klase-politike-serioze-por-dy-grupe-qe-luftojne-njeri-tjetrin\/#primaryimage"},"thumbnailUrl":"http:\/\/www.shkoder.net\/images\/fjala\/sami_repishti.jpg","articleSection":["Artikuj"],"inLanguage":"sq-AL","potentialAction":[{"@type":"CommentAction","name":"Comment","target":["https:\/\/fjala.info\/2009-2015\/sami-repishti-ne-shqiperi-nuk-ka-nje-klase-politike-serioze-por-dy-grupe-qe-luftojne-njeri-tjetrin\/#respond"]}]},{"@type":"WebPage","@id":"https:\/\/fjala.info\/2009-2015\/sami-repishti-ne-shqiperi-nuk-ka-nje-klase-politike-serioze-por-dy-grupe-qe-luftojne-njeri-tjetrin\/","url":"https:\/\/fjala.info\/2009-2015\/sami-repishti-ne-shqiperi-nuk-ka-nje-klase-politike-serioze-por-dy-grupe-qe-luftojne-njeri-tjetrin\/","name":"Sami Repishti: \u201cN\u00eb Shqip\u00ebri nuk ka nj\u00eb klas\u00eb politike serioze, por dy grupe q\u00eb luftojn\u00eb nj\u00ebri-tjetrin\u201d - FjALA e LIR\u00cb - Arkivi","isPartOf":{"@id":"https:\/\/fjala.info\/2009-2015\/#website"},"primaryImageOfPage":{"@id":"https:\/\/fjala.info\/2009-2015\/sami-repishti-ne-shqiperi-nuk-ka-nje-klase-politike-serioze-por-dy-grupe-qe-luftojne-njeri-tjetrin\/#primaryimage"},"image":{"@id":"https:\/\/fjala.info\/2009-2015\/sami-repishti-ne-shqiperi-nuk-ka-nje-klase-politike-serioze-por-dy-grupe-qe-luftojne-njeri-tjetrin\/#primaryimage"},"thumbnailUrl":"http:\/\/www.shkoder.net\/images\/fjala\/sami_repishti.jpg","datePublished":"2010-07-08T21:05:54+00:00","breadcrumb":{"@id":"https:\/\/fjala.info\/2009-2015\/sami-repishti-ne-shqiperi-nuk-ka-nje-klase-politike-serioze-por-dy-grupe-qe-luftojne-njeri-tjetrin\/#breadcrumb"},"inLanguage":"sq-AL","potentialAction":[{"@type":"ReadAction","target":["https:\/\/fjala.info\/2009-2015\/sami-repishti-ne-shqiperi-nuk-ka-nje-klase-politike-serioze-por-dy-grupe-qe-luftojne-njeri-tjetrin\/"]}]},{"@type":"ImageObject","inLanguage":"sq-AL","@id":"https:\/\/fjala.info\/2009-2015\/sami-repishti-ne-shqiperi-nuk-ka-nje-klase-politike-serioze-por-dy-grupe-qe-luftojne-njeri-tjetrin\/#primaryimage","url":"http:\/\/www.shkoder.net\/images\/fjala\/sami_repishti.jpg","contentUrl":"http:\/\/www.shkoder.net\/images\/fjala\/sami_repishti.jpg"},{"@type":"BreadcrumbList","@id":"https:\/\/fjala.info\/2009-2015\/sami-repishti-ne-shqiperi-nuk-ka-nje-klase-politike-serioze-por-dy-grupe-qe-luftojne-njeri-tjetrin\/#breadcrumb","itemListElement":[{"@type":"ListItem","position":1,"name":"Home","item":"https:\/\/fjala.info\/2009-2015\/"},{"@type":"ListItem","position":2,"name":"Sami Repishti: \u201cN\u00eb Shqip\u00ebri nuk ka nj\u00eb klas\u00eb politike serioze, por dy grupe q\u00eb luftojn\u00eb nj\u00ebri-tjetrin\u201d"}]},{"@type":"WebSite","@id":"https:\/\/fjala.info\/2009-2015\/#website","url":"https:\/\/fjala.info\/2009-2015\/","name":"FjALA e LIR\u00cb - Arkivi","description":"Arkivi 2009-2015","publisher":{"@id":"https:\/\/fjala.info\/2009-2015\/#organization"},"potentialAction":[{"@type":"SearchAction","target":{"@type":"EntryPoint","urlTemplate":"https:\/\/fjala.info\/2009-2015\/?s={search_term_string}"},"query-input":{"@type":"PropertyValueSpecification","valueRequired":true,"valueName":"search_term_string"}}],"inLanguage":"sq-AL"},{"@type":"Organization","@id":"https:\/\/fjala.info\/2009-2015\/#organization","name":"FjALA e LIR\u00cb - Arkivi","url":"https:\/\/fjala.info\/2009-2015\/","logo":{"@type":"ImageObject","inLanguage":"sq-AL","@id":"https:\/\/fjala.info\/2009-2015\/#\/schema\/logo\/image\/","url":"","contentUrl":"","caption":"FjALA e LIR\u00cb - Arkivi"},"image":{"@id":"https:\/\/fjala.info\/2009-2015\/#\/schema\/logo\/image\/"}},{"@type":"Person","@id":"https:\/\/fjala.info\/2009-2015\/#\/schema\/person\/3aa1163ef05469c496fc94e77611ada2","name":"admin","image":{"@type":"ImageObject","inLanguage":"sq-AL","@id":"https:\/\/fjala.info\/2009-2015\/wp-content\/uploads\/2012\/02\/arben_cokaj-120x150.jpg","url":"https:\/\/fjala.info\/2009-2015\/wp-content\/uploads\/2012\/02\/arben_cokaj-120x150.jpg","contentUrl":"https:\/\/fjala.info\/2009-2015\/wp-content\/uploads\/2012\/02\/arben_cokaj-120x150.jpg","caption":"admin"},"description":"Admin, Fjala e Lir\u00eb","sameAs":["https:\/\/fjala.info\/"],"url":"https:\/\/fjala.info\/2009-2015\/author\/admin\/"}]}},"_links":{"self":[{"href":"https:\/\/fjala.info\/2009-2015\/wp-json\/wp\/v2\/posts\/3235","targetHints":{"allow":["GET"]}}],"collection":[{"href":"https:\/\/fjala.info\/2009-2015\/wp-json\/wp\/v2\/posts"}],"about":[{"href":"https:\/\/fjala.info\/2009-2015\/wp-json\/wp\/v2\/types\/post"}],"author":[{"embeddable":true,"href":"https:\/\/fjala.info\/2009-2015\/wp-json\/wp\/v2\/users\/1"}],"replies":[{"embeddable":true,"href":"https:\/\/fjala.info\/2009-2015\/wp-json\/wp\/v2\/comments?post=3235"}],"version-history":[{"count":0,"href":"https:\/\/fjala.info\/2009-2015\/wp-json\/wp\/v2\/posts\/3235\/revisions"}],"wp:attachment":[{"href":"https:\/\/fjala.info\/2009-2015\/wp-json\/wp\/v2\/media?parent=3235"}],"wp:term":[{"taxonomy":"category","embeddable":true,"href":"https:\/\/fjala.info\/2009-2015\/wp-json\/wp\/v2\/categories?post=3235"},{"taxonomy":"post_tag","embeddable":true,"href":"https:\/\/fjala.info\/2009-2015\/wp-json\/wp\/v2\/tags?post=3235"}],"curies":[{"name":"wp","href":"https:\/\/api.w.org\/{rel}","templated":true}]}}