{"id":3233,"date":"2012-06-12T18:23:02","date_gmt":"2012-06-12T17:23:02","guid":{"rendered":"http:\/\/www.fjala.info\/?p=3233"},"modified":"2012-06-12T18:23:02","modified_gmt":"2012-06-12T17:23:02","slug":"keqperdorimi-dhe-lincimi-i-kandidateve-per-president","status":"publish","type":"post","link":"https:\/\/fjala.info\/2009-2015\/keqperdorimi-dhe-lincimi-i-kandidateve-per-president\/","title":{"rendered":"Keqp\u00ebrdorimi dhe lin\u00e7imi i kandidat\u00ebve p\u00ebr president"},"content":{"rendered":"<p><img decoding=\"async\" class=\"alignright size-thumbnail wp-image-7236\" title=\"Mero Baze\" src=\"http:\/\/www.fjala.info\/2012\/mero_baze.jpg\" alt=\"\" width=\"150\" \/> Nga <strong>Mero Baze<\/strong>, <em>12 Qershor 2012<\/em><\/p>\n<p>Dy muaj m\u00eb par\u00eb, n\u00eb fund t\u00eb muajit mars, n\u00eb gazet\u00ebn Tema kemi shkruar se Sali Berisha ka nj\u00eb plan p\u00ebr t\u00eb b\u00ebr\u00eb president t\u00eb Republik\u00ebs Bujar Nishanin. N\u00eb at\u00eb koh\u00eb burimet tona ishin nga biseda direkte t\u00eb Berish\u00ebs me drejtues t\u00eb rrethit t\u00eb tij t\u00eb ngusht\u00eb t\u00eb PD-s\u00eb. Edhe pse e kemi shkruar dhe botuar k\u00ebt\u00eb informacion, edhe pse e kemi par\u00eb zotin Nishani si nj\u00eb person t\u00eb p\u00ebrshtatsh\u00ebm p\u00ebr t\u00eb qen\u00eb presidenti i Berish\u00ebs, thell\u00eb- thell\u00eb nuk e kemi besuar. Sh\u00ebndeti i tij i p\u00ebrkeq\u00ebsuar, mungesa e transparenc\u00ebs dhe e nj\u00eb raporti sh\u00ebndet\u00ebsor publik p\u00ebr s\u00ebmundjen e tij, profili i ul\u00ebt kulturor dhe politik dhe hallakatjet e tij nga enverist n\u00eb demokrat, na b\u00ebnin t\u00eb besonim se ai do t\u00eb lihej n\u00eb paqen e vet. Por me sa duket Sali Berish\u00ebs i duhej jo vet\u00ebm nj\u00eb gjysm\u00eb president, por dhe nj\u00eb gjysm\u00eb njeriu.<\/p>\n<p>Por nd\u00ebrsa t\u00eb gjith\u00eb po merren me fest\u00ebn e Nishanit n\u00eb PD dhe zin\u00eb q\u00eb ka r\u00ebn\u00eb n\u00eb Bruksel p\u00ebr t\u00eb, dy ish- kandidat\u00ebt q\u00eb i hap\u00ebn rrug\u00ebn zgjedhjes s\u00eb tij ndjehen tani m\u00eb t\u00eb keqp\u00ebrdorur se kurr\u00eb, bile dhe t\u00eb lin\u00e7uar. Sali Berisha duket se ka pasur t\u00eb qart\u00eb n\u00eb kok\u00eb nj\u00eb plan p\u00ebr t\u00eb shkuar drejt Nishanit me nj\u00eb blof shum\u00eb t\u00eb llogaritur. T\u00eb parin e kandidat\u00ebve, Xhezair Zaganjorin, ai e p\u00ebrzgjodhi si kandidat p\u00ebr president konsensual, por q\u00eb opozita t\u00eb t\u00ebrbohej dhe t\u00eb mos e pranonte fare bised\u00ebn p\u00ebr t\u00eb, e b\u00ebri fakt t\u00eb kryer dhe ia imponoi asaj si kandidat t\u00eb vet\u00ebm. Nga ana tjet\u00ebr duket se dhe n\u00eb marr\u00ebveshjen e tij me Zaganjorin ka qen\u00eb e fiksuar se ai do t\u00eb q\u00ebndronte n\u00eb gar\u00eb deri n\u00eb raundin e tret\u00eb, pavar\u00ebsisht se Berisha b\u00ebnte sikur ai d\u00ebshironte t\u00eb vazhdonte gara. Zaganjori tentoi t\u00eb zgjeronte konsensusin, por nuk ia arriti. Pas tij Berisha u takua me Ram\u00ebn dhe e b\u00ebri t\u00eb sigurt eliminimin e tij.<\/p>\n<p>K\u00ebshtu, pas dor\u00ebheqjes s\u00eb Zaganjorit iu hap rruga Artan Hoxh\u00ebs. Sipas vet\u00eb Hoxh\u00ebs, Berisha e ka thirrur at\u00eb n\u00eb takimin e par\u00eb t\u00eb premten e shkuar, ende pa u eliminuar Zaganjori, \u00e7ka do t\u00eb thot\u00eb se Berisha e kishte llogaritur t\u00eb ikur Zaganjorin. Hoxha nuk ka pranuar, por pas nj\u00eb takimi t\u00eb dyt\u00eb pas eliminimit t\u00eb Zaganjorit, dhe i vendosur n\u00eb nj\u00eb kontur emrash jokredib\u00ebl, ka pranuar pasi e ka par\u00eb veten kandidat me shanse. Hoxha k\u00ebmb\u00ebngul se Berisha dhe Meta i kan\u00eb siguruar mb\u00ebshtetje deri n\u00eb fund dhe ai ka pranuar. P\u00ebr dy vitet e fundit Hoxha ka qen\u00eb nj\u00eb skifter i Berish\u00ebs n\u00eb opinionin publik dhe nj\u00eb orientues i avokatis\u00eb publike t\u00eb Berish\u00ebs edhe p\u00ebr gj\u00ebra t\u00eb pambrojtshme si\u00e7 jan\u00eb vrasjet e 21 Janarit apo zgjedhjet e 8 Majit. Kandidimi i tij prej Berish\u00ebs dukej nj\u00eb p\u00ebrzgjedhje inteligjente p\u00ebr t\u00eb luajtur me mask\u00ebn e shoq\u00ebris\u00eb civile dhe nga ana tjet\u00ebr p\u00ebr t\u00eb v\u00ebn\u00eb \u201cnj\u00eb militar\u201d t\u00eb Berish\u00ebs n\u00eb krye t\u00eb shtetit.<\/p>\n<p>Por \u00e7far\u00eb ndodhi? N\u00eb momentet finale t\u00eb votimit p\u00ebr t\u00eb, ka dal\u00eb n\u00eb sken\u00eb nj\u00eb histori e sh\u00ebmtuar, q\u00eb e p\u00ebrflet Artan Hoxh\u00ebn p\u00ebr t\u00eb kaluar\u00ebn e tij si adoleshent. Un\u00eb nuk e besoj at\u00eb histori. Un\u00eb nuk kisha d\u00ebshir\u00eb t\u00eb kisha Artan Hoxh\u00ebn president, por nuk kam d\u00ebshir\u00eb q\u00eb nj\u00eb njeri t\u00eb lin\u00e7ohet p\u00ebr nj\u00eb histori t\u00eb shpikur nga Sali Berisha kur Artan Hoxha ishte kund\u00ebrshtar i tij. N\u00eb vitin 1993 ai e ka larguar at\u00eb nga minist\u00ebr dhe ka p\u00ebrfolur n\u00eb rrethin e tij k\u00ebt\u00eb histori. At\u00ebher\u00eb nuk kishte ligj p\u00ebr dosjet e Sigurimit t\u00eb Shtetit dhe nuk dihej pse Berisha ishte dashur t\u00eb shfletonte ato dhe t\u00eb gjente pik\u00ebrisht di\u00e7ka t\u00eb keqe p\u00ebr ish ministrin e tij 27 vje\u00e7ar, t\u00eb cilin nj\u00eb vit m\u00eb von\u00eb e lin\u00e7oi dhe p\u00ebr korrupsion.<\/p>\n<p>Por ana diabolike e k\u00ebsaj stisje \u00ebsht\u00eb se ky njeri q\u00eb mbushi gjith\u00eb rrethin e tij t\u00eb af\u00ebrt p\u00ebr t\u00eb kaluar\u00ebn e Hoxh\u00ebs n\u00eb vitin 1993, n\u00eb vitin 2012, pra 19 vjet m\u00eb von\u00eb, i jep atij siguri se do ta mb\u00ebshtes\u00eb deri n\u00eb fund p\u00ebr president. Tani ose Berisha e ka sajuar at\u00ebher\u00eb at\u00eb histori dhe tani \u00ebsht\u00eb i sinqert\u00eb se Artan Hoxha \u00ebsht\u00eb i past\u00ebr, ose ai e ka kandiduar at\u00eb p\u00ebr ta djegur deri n\u00eb minut\u00ebn e fundit dhe p\u00ebr t\u2019i hapur rrug\u00eb kandidatit q\u00eb kishte piketuar muaj m\u00eb par\u00eb p\u00ebr president dhe q\u00eb e lakonte zyrtarisht me bashk\u00ebpun\u00ebtor\u00ebt e tij m\u00eb t\u00eb af\u00ebrt. N\u00eb t\u00eb dyja rastet lin\u00e7imi q\u00eb i b\u00ebhet nj\u00eb njeriu, i cili ishte n\u00eb pun\u00eb e vet dhe sot b\u00ebhet papritur nj\u00eb figur\u00eb e lin\u00e7uar vet\u00ebm p\u00ebr t\u2019i hapur rrug\u00ebn nj\u00eb \u201cgjysm\u00eb njeriu\u201d p\u00ebr president, flet qart\u00eb p\u00ebr nj\u00eb makiavelist t\u00eb ndyr\u00eb n\u00eb krye t\u00eb vendit, t\u00eb cilit nuk i dhimbset askush, as sh\u00ebrb\u00ebtor\u00ebt e heshtur e t\u00eb s\u00ebmur\u00eb dhe as skifter\u00ebt q\u00eb kan\u00eb fituar urrejtje popullore vet\u00ebm pse mbrojn\u00eb krimet dhe vjedhjet e tij. Kam v\u00ebn\u00eb re qindra komente negative n\u00eb blog-un e gazet\u00ebs Tema p\u00ebr Artan Hoxh\u00ebn a thua se ai \u00ebsht\u00eb problemi i Shqip\u00ebris\u00eb.<\/p>\n<p>Un\u00eb vet\u00eb jam p\u00ebrlar\u00eb disa her\u00eb me t\u00eb, n\u00eb debate publike n\u00eb TV kur b\u00ebn sofistin p\u00ebr gj\u00ebra krejt t\u00eb qarta q\u00eb flasin p\u00ebr krime shtet\u00ebrore t\u00eb Familjes Berisha n\u00eb Shqip\u00ebri. Kam pasur gati kacafytje me t\u00eb p\u00ebr 21 Janarin, video-skandalin Meta, 8 Majin apo G\u00ebrdecin, por kjo nuk \u00ebsht\u00eb arsye q\u00eb ai t\u00eb lin\u00e7ohet p\u00ebr nj\u00eb gj\u00eb p\u00ebr t\u00eb cil\u00ebn nuk kemi asnj\u00eb fakt. Nuk \u00ebsht\u00eb koha t\u00eb urrehet Artan Hoxha dhe as t\u00eb lin\u00e7ohet ai. Ai m\u00eb shum\u00eb se nga kushdo tjet\u00ebr \u00ebsht\u00eb lin\u00e7uar dhe keqp\u00ebrdorur n\u00eb k\u00ebt\u00eb histori nga Sali Berisha, duke p\u00ebrzgjedhur nj\u00eb histori t\u00eb sh\u00ebmtuar adoleshence q\u00eb un\u00eb besoj se \u00ebsht\u00eb e sajuar. Un\u00eb kam qen\u00eb p\u00ebr 5 vite n\u00eb nj\u00eb kurs dhe n\u00eb nj\u00eb fakultet me Artan Hoxh\u00ebn n\u00eb fund t\u00eb viteve tet\u00ebdhjet\u00eb dhe ai ishte thjesht nj\u00eb student i shk\u00eblqyer, i par\u00eb me sy t\u00eb keq nga regjimi.<\/p>\n<p>N\u00ebse Artan Hoxha do ishte njeri i regjimit, mua nuk do m\u00eb ndalonin t\u00eb shkruaja qoft\u00eb dhe nj\u00eb portret pozitiv p\u00ebr t\u00eb n\u00eb gazet\u00ebn Studenti, si\u00e7 m\u00eb ka ndodhur n\u00eb vitin 1988. N\u00ebse referenca tek fjalia e Berish\u00ebs se ai ka shk\u00ebmbyer informacion me nj\u00eb oficer sigurimi kur ishte adoleshent \u00ebsht\u00eb e v\u00ebrtet\u00eb, at\u00ebher\u00eb k\u00ebtu kemi t\u00eb b\u00ebjm\u00eb me nj\u00eb loj\u00eb t\u00eb ndyr\u00eb t\u00eb Berish\u00ebs q\u00eb \u00ebsht\u00eb gati t\u00eb p\u00ebrdor\u00eb dhe lin\u00e7imin psikologjik t\u00eb nj\u00eb njeriu, q\u00eb i ka sh\u00ebrbyer m\u00eb shum\u00eb se ai i ka sh\u00ebrbyer vetes, p\u00ebr t\u2019i hapur rrug\u00ebn nj\u00eb eunuku qesharak, fotografia e t\u00eb cilit dhe puthjet e zjarrta me Berish\u00ebn na kujtojn\u00eb sken\u00ebn kur Erdogan b\u00ebri president zotin Gyl.<\/p>\n<p>S\u00eb fundmi, meq\u00eb kjo ndodhi, u b\u00ebj thirrje koleg\u00ebve t\u00eb mi q\u00eb jan\u00eb t\u00eb lir\u00eb t\u00eb shkruajn\u00eb dhe mendojn\u00eb vet\u00eb, t\u2019i k\u00ebrkojn\u00eb Presidentit t\u00eb zgjedhur t\u00eb b\u00ebj\u00eb publike s\u00ebmundjen e tij dhe kartel\u00ebn mjek\u00ebsore. Nuk \u00ebsht\u00eb etike q\u00eb nj\u00eb kryeminist\u00ebr, i cili urren t\u00eb ket\u00eb vendi nj\u00eb president dinjitoz, t\u00eb zgjedh\u00eb n\u00eb at\u00eb post nj\u00eb president t\u00eb s\u00ebmur\u00eb q\u00eb nuk komandon dot veten, por meq\u00eb k\u00ebt\u00eb skandal e b\u00ebri, ne duhet t\u00eb dim\u00eb nga se vuan presidenti i zgjedhur dhe sa e rrezikon ajo s\u00ebmundje aft\u00ebsin\u00eb e tij p\u00ebr t\u00eb drejtuar Shqip\u00ebrin\u00eb. Duhet t\u2019i kujtojm\u00eb Sali Berish\u00ebs se mjeku i presidentit Miteran \u00ebsht\u00eb ndjekur penalisht pse fshehu tumorin e Miteranit me q\u00ebllim q\u00eb t\u00eb rizgjidhej dhe se Xhorxh Bush i Vjet\u00ebr u nd\u00ebshkua nga votuesit vet\u00ebm p\u00ebr nj\u00eb gjendje kllapie n\u00eb takimin n\u00eb Japoni n\u00eb vitin 1991.<\/p>\n<p>Detyrimi q\u00eb publiku t\u00eb jet\u00eb i informuar p\u00ebr gjendjen sh\u00ebndet\u00ebsore t\u00eb Presidentit buron nga detyrimi kushtetues q\u00eb duhet t\u00eb p\u00ebrmbush\u00eb presidenti p\u00ebr t\u00eb qen\u00eb n\u00eb detyr\u00eb. Nj\u00eb prej arsyeve kur ai shkarkohet \u00ebsht\u00eb dhe kur \u00ebsht\u00eb i paaft\u00eb fizikisht t\u00eb kryej\u00eb detyr\u00ebn. Ne na duhet nj\u00eb raport zyrtar p\u00ebr k\u00ebt\u00eb. Jo nga Doktor Berisha. Nga mjeku suedez ku Bujar Nishani shkon p\u00ebr operacione. Ndoshta na kushton m\u00eb lir\u00eb t\u2019i paguajm\u00eb nj\u00eb honorar special dhe t\u00eb mjekohet me paret e shtetit se t\u00eb l\u00ebr\u00eb shtetin n\u00eb dor\u00eb t\u00eb Sali Berish\u00ebs duke bllokuar karrigen e kreut t\u00eb par\u00eb t\u00eb vendit.<\/p>\n","protected":false},"excerpt":{"rendered":"<p>Nga Mero Baze, 12 Qershor 2012 Dy muaj m\u00eb par\u00eb, n\u00eb fund t\u00eb muajit mars, n\u00eb gazet\u00ebn Tema kemi shkruar se Sali Berisha ka nj\u00eb plan p\u00ebr t\u00eb b\u00ebr\u00eb president t\u00eb Republik\u00ebs Bujar Nishanin. N\u00eb at\u00eb koh\u00eb burimet tona ishin nga biseda direkte t\u00eb Berish\u00ebs me drejtues t\u00eb rrethit t\u00eb tij t\u00eb ngusht\u00eb t\u00eb PD-s\u00eb. [&hellip;]<\/p>\n","protected":false},"author":1,"featured_media":0,"comment_status":"open","ping_status":"closed","sticky":false,"template":"","format":"standard","meta":{"footnotes":""},"categories":[2],"tags":[],"class_list":{"0":"post-3233","1":"post","2":"type-post","3":"status-publish","4":"format-standard","6":"category-artikuj"},"yoast_head":"<!-- This site is optimized with the Yoast SEO plugin v27.4 - https:\/\/yoast.com\/product\/yoast-seo-wordpress\/ -->\n<title>Keqp\u00ebrdorimi dhe lin\u00e7imi i kandidat\u00ebve p\u00ebr president - FjALA e LIR\u00cb - Arkivi<\/title>\n<meta name=\"robots\" content=\"index, follow, max-snippet:-1, max-image-preview:large, max-video-preview:-1\" \/>\n<link rel=\"canonical\" href=\"https:\/\/fjala.info\/2009-2015\/keqperdorimi-dhe-lincimi-i-kandidateve-per-president\/\" \/>\n<meta property=\"og:locale\" content=\"sq_AL\" \/>\n<meta property=\"og:type\" content=\"article\" \/>\n<meta property=\"og:title\" content=\"Keqp\u00ebrdorimi dhe lin\u00e7imi i kandidat\u00ebve p\u00ebr president - FjALA e LIR\u00cb - Arkivi\" \/>\n<meta property=\"og:description\" content=\"Nga Mero Baze, 12 Qershor 2012 Dy muaj m\u00eb par\u00eb, n\u00eb fund t\u00eb muajit mars, n\u00eb gazet\u00ebn Tema kemi shkruar se Sali Berisha ka nj\u00eb plan p\u00ebr t\u00eb b\u00ebr\u00eb president t\u00eb Republik\u00ebs Bujar Nishanin. N\u00eb at\u00eb koh\u00eb burimet tona ishin nga biseda direkte t\u00eb Berish\u00ebs me drejtues t\u00eb rrethit t\u00eb tij t\u00eb ngusht\u00eb t\u00eb PD-s\u00eb. [&hellip;]\" \/>\n<meta property=\"og:url\" content=\"https:\/\/fjala.info\/2009-2015\/keqperdorimi-dhe-lincimi-i-kandidateve-per-president\/\" \/>\n<meta property=\"og:site_name\" content=\"FjALA e LIR\u00cb - Arkivi\" \/>\n<meta property=\"article:published_time\" content=\"2012-06-12T17:23:02+00:00\" \/>\n<meta property=\"og:image\" content=\"http:\/\/www.fjala.info\/2012\/mero_baze.jpg\" \/>\n<meta name=\"author\" content=\"admin\" \/>\n<meta name=\"twitter:card\" content=\"summary_large_image\" \/>\n<meta name=\"twitter:label1\" content=\"Written by\" \/>\n\t<meta name=\"twitter:data1\" content=\"admin\" \/>\n\t<meta name=\"twitter:label2\" content=\"Est. reading time\" \/>\n\t<meta name=\"twitter:data2\" content=\"8 minutes\" \/>\n<script type=\"application\/ld+json\" class=\"yoast-schema-graph\">{\"@context\":\"https:\\\/\\\/schema.org\",\"@graph\":[{\"@type\":\"Article\",\"@id\":\"https:\\\/\\\/fjala.info\\\/2009-2015\\\/keqperdorimi-dhe-lincimi-i-kandidateve-per-president\\\/#article\",\"isPartOf\":{\"@id\":\"https:\\\/\\\/fjala.info\\\/2009-2015\\\/keqperdorimi-dhe-lincimi-i-kandidateve-per-president\\\/\"},\"author\":{\"name\":\"admin\",\"@id\":\"https:\\\/\\\/fjala.info\\\/2009-2015\\\/#\\\/schema\\\/person\\\/3aa1163ef05469c496fc94e77611ada2\"},\"headline\":\"Keqp\u00ebrdorimi dhe lin\u00e7imi i kandidat\u00ebve p\u00ebr president\",\"datePublished\":\"2012-06-12T17:23:02+00:00\",\"mainEntityOfPage\":{\"@id\":\"https:\\\/\\\/fjala.info\\\/2009-2015\\\/keqperdorimi-dhe-lincimi-i-kandidateve-per-president\\\/\"},\"wordCount\":1523,\"commentCount\":0,\"publisher\":{\"@id\":\"https:\\\/\\\/fjala.info\\\/2009-2015\\\/#organization\"},\"image\":{\"@id\":\"https:\\\/\\\/fjala.info\\\/2009-2015\\\/keqperdorimi-dhe-lincimi-i-kandidateve-per-president\\\/#primaryimage\"},\"thumbnailUrl\":\"http:\\\/\\\/www.fjala.info\\\/2012\\\/mero_baze.jpg\",\"articleSection\":[\"Artikuj\"],\"inLanguage\":\"sq-AL\",\"potentialAction\":[{\"@type\":\"CommentAction\",\"name\":\"Comment\",\"target\":[\"https:\\\/\\\/fjala.info\\\/2009-2015\\\/keqperdorimi-dhe-lincimi-i-kandidateve-per-president\\\/#respond\"]}]},{\"@type\":\"WebPage\",\"@id\":\"https:\\\/\\\/fjala.info\\\/2009-2015\\\/keqperdorimi-dhe-lincimi-i-kandidateve-per-president\\\/\",\"url\":\"https:\\\/\\\/fjala.info\\\/2009-2015\\\/keqperdorimi-dhe-lincimi-i-kandidateve-per-president\\\/\",\"name\":\"Keqp\u00ebrdorimi dhe lin\u00e7imi i kandidat\u00ebve p\u00ebr president - FjALA e LIR\u00cb - Arkivi\",\"isPartOf\":{\"@id\":\"https:\\\/\\\/fjala.info\\\/2009-2015\\\/#website\"},\"primaryImageOfPage\":{\"@id\":\"https:\\\/\\\/fjala.info\\\/2009-2015\\\/keqperdorimi-dhe-lincimi-i-kandidateve-per-president\\\/#primaryimage\"},\"image\":{\"@id\":\"https:\\\/\\\/fjala.info\\\/2009-2015\\\/keqperdorimi-dhe-lincimi-i-kandidateve-per-president\\\/#primaryimage\"},\"thumbnailUrl\":\"http:\\\/\\\/www.fjala.info\\\/2012\\\/mero_baze.jpg\",\"datePublished\":\"2012-06-12T17:23:02+00:00\",\"breadcrumb\":{\"@id\":\"https:\\\/\\\/fjala.info\\\/2009-2015\\\/keqperdorimi-dhe-lincimi-i-kandidateve-per-president\\\/#breadcrumb\"},\"inLanguage\":\"sq-AL\",\"potentialAction\":[{\"@type\":\"ReadAction\",\"target\":[\"https:\\\/\\\/fjala.info\\\/2009-2015\\\/keqperdorimi-dhe-lincimi-i-kandidateve-per-president\\\/\"]}]},{\"@type\":\"ImageObject\",\"inLanguage\":\"sq-AL\",\"@id\":\"https:\\\/\\\/fjala.info\\\/2009-2015\\\/keqperdorimi-dhe-lincimi-i-kandidateve-per-president\\\/#primaryimage\",\"url\":\"http:\\\/\\\/www.fjala.info\\\/2012\\\/mero_baze.jpg\",\"contentUrl\":\"http:\\\/\\\/www.fjala.info\\\/2012\\\/mero_baze.jpg\"},{\"@type\":\"BreadcrumbList\",\"@id\":\"https:\\\/\\\/fjala.info\\\/2009-2015\\\/keqperdorimi-dhe-lincimi-i-kandidateve-per-president\\\/#breadcrumb\",\"itemListElement\":[{\"@type\":\"ListItem\",\"position\":1,\"name\":\"Home\",\"item\":\"https:\\\/\\\/fjala.info\\\/2009-2015\\\/\"},{\"@type\":\"ListItem\",\"position\":2,\"name\":\"Keqp\u00ebrdorimi dhe lin\u00e7imi i kandidat\u00ebve p\u00ebr president\"}]},{\"@type\":\"WebSite\",\"@id\":\"https:\\\/\\\/fjala.info\\\/2009-2015\\\/#website\",\"url\":\"https:\\\/\\\/fjala.info\\\/2009-2015\\\/\",\"name\":\"FjALA e LIR\u00cb - Arkivi\",\"description\":\"Arkivi 2009-2015\",\"publisher\":{\"@id\":\"https:\\\/\\\/fjala.info\\\/2009-2015\\\/#organization\"},\"potentialAction\":[{\"@type\":\"SearchAction\",\"target\":{\"@type\":\"EntryPoint\",\"urlTemplate\":\"https:\\\/\\\/fjala.info\\\/2009-2015\\\/?s={search_term_string}\"},\"query-input\":{\"@type\":\"PropertyValueSpecification\",\"valueRequired\":true,\"valueName\":\"search_term_string\"}}],\"inLanguage\":\"sq-AL\"},{\"@type\":\"Organization\",\"@id\":\"https:\\\/\\\/fjala.info\\\/2009-2015\\\/#organization\",\"name\":\"FjALA e LIR\u00cb - Arkivi\",\"url\":\"https:\\\/\\\/fjala.info\\\/2009-2015\\\/\",\"logo\":{\"@type\":\"ImageObject\",\"inLanguage\":\"sq-AL\",\"@id\":\"https:\\\/\\\/fjala.info\\\/2009-2015\\\/#\\\/schema\\\/logo\\\/image\\\/\",\"url\":\"\",\"contentUrl\":\"\",\"caption\":\"FjALA e LIR\u00cb - Arkivi\"},\"image\":{\"@id\":\"https:\\\/\\\/fjala.info\\\/2009-2015\\\/#\\\/schema\\\/logo\\\/image\\\/\"}},{\"@type\":\"Person\",\"@id\":\"https:\\\/\\\/fjala.info\\\/2009-2015\\\/#\\\/schema\\\/person\\\/3aa1163ef05469c496fc94e77611ada2\",\"name\":\"admin\",\"image\":{\"@type\":\"ImageObject\",\"inLanguage\":\"sq-AL\",\"@id\":\"https:\\\/\\\/fjala.info\\\/2009-2015\\\/wp-content\\\/uploads\\\/2012\\\/02\\\/arben_cokaj-120x150.jpg\",\"url\":\"https:\\\/\\\/fjala.info\\\/2009-2015\\\/wp-content\\\/uploads\\\/2012\\\/02\\\/arben_cokaj-120x150.jpg\",\"contentUrl\":\"https:\\\/\\\/fjala.info\\\/2009-2015\\\/wp-content\\\/uploads\\\/2012\\\/02\\\/arben_cokaj-120x150.jpg\",\"caption\":\"admin\"},\"description\":\"Admin, Fjala e Lir\u00eb\",\"sameAs\":[\"https:\\\/\\\/fjala.info\\\/\"],\"url\":\"https:\\\/\\\/fjala.info\\\/2009-2015\\\/author\\\/admin\\\/\"}]}<\/script>\n<!-- \/ Yoast SEO plugin. -->","yoast_head_json":{"title":"Keqp\u00ebrdorimi dhe lin\u00e7imi i kandidat\u00ebve p\u00ebr president - FjALA e LIR\u00cb - Arkivi","robots":{"index":"index","follow":"follow","max-snippet":"max-snippet:-1","max-image-preview":"max-image-preview:large","max-video-preview":"max-video-preview:-1"},"canonical":"https:\/\/fjala.info\/2009-2015\/keqperdorimi-dhe-lincimi-i-kandidateve-per-president\/","og_locale":"sq_AL","og_type":"article","og_title":"Keqp\u00ebrdorimi dhe lin\u00e7imi i kandidat\u00ebve p\u00ebr president - FjALA e LIR\u00cb - Arkivi","og_description":"Nga Mero Baze, 12 Qershor 2012 Dy muaj m\u00eb par\u00eb, n\u00eb fund t\u00eb muajit mars, n\u00eb gazet\u00ebn Tema kemi shkruar se Sali Berisha ka nj\u00eb plan p\u00ebr t\u00eb b\u00ebr\u00eb president t\u00eb Republik\u00ebs Bujar Nishanin. N\u00eb at\u00eb koh\u00eb burimet tona ishin nga biseda direkte t\u00eb Berish\u00ebs me drejtues t\u00eb rrethit t\u00eb tij t\u00eb ngusht\u00eb t\u00eb PD-s\u00eb. [&hellip;]","og_url":"https:\/\/fjala.info\/2009-2015\/keqperdorimi-dhe-lincimi-i-kandidateve-per-president\/","og_site_name":"FjALA e LIR\u00cb - Arkivi","article_published_time":"2012-06-12T17:23:02+00:00","og_image":[{"url":"http:\/\/www.fjala.info\/2012\/mero_baze.jpg","type":"","width":"","height":""}],"author":"admin","twitter_card":"summary_large_image","twitter_misc":{"Written by":"admin","Est. reading time":"8 minutes"},"schema":{"@context":"https:\/\/schema.org","@graph":[{"@type":"Article","@id":"https:\/\/fjala.info\/2009-2015\/keqperdorimi-dhe-lincimi-i-kandidateve-per-president\/#article","isPartOf":{"@id":"https:\/\/fjala.info\/2009-2015\/keqperdorimi-dhe-lincimi-i-kandidateve-per-president\/"},"author":{"name":"admin","@id":"https:\/\/fjala.info\/2009-2015\/#\/schema\/person\/3aa1163ef05469c496fc94e77611ada2"},"headline":"Keqp\u00ebrdorimi dhe lin\u00e7imi i kandidat\u00ebve p\u00ebr president","datePublished":"2012-06-12T17:23:02+00:00","mainEntityOfPage":{"@id":"https:\/\/fjala.info\/2009-2015\/keqperdorimi-dhe-lincimi-i-kandidateve-per-president\/"},"wordCount":1523,"commentCount":0,"publisher":{"@id":"https:\/\/fjala.info\/2009-2015\/#organization"},"image":{"@id":"https:\/\/fjala.info\/2009-2015\/keqperdorimi-dhe-lincimi-i-kandidateve-per-president\/#primaryimage"},"thumbnailUrl":"http:\/\/www.fjala.info\/2012\/mero_baze.jpg","articleSection":["Artikuj"],"inLanguage":"sq-AL","potentialAction":[{"@type":"CommentAction","name":"Comment","target":["https:\/\/fjala.info\/2009-2015\/keqperdorimi-dhe-lincimi-i-kandidateve-per-president\/#respond"]}]},{"@type":"WebPage","@id":"https:\/\/fjala.info\/2009-2015\/keqperdorimi-dhe-lincimi-i-kandidateve-per-president\/","url":"https:\/\/fjala.info\/2009-2015\/keqperdorimi-dhe-lincimi-i-kandidateve-per-president\/","name":"Keqp\u00ebrdorimi dhe lin\u00e7imi i kandidat\u00ebve p\u00ebr president - FjALA e LIR\u00cb - Arkivi","isPartOf":{"@id":"https:\/\/fjala.info\/2009-2015\/#website"},"primaryImageOfPage":{"@id":"https:\/\/fjala.info\/2009-2015\/keqperdorimi-dhe-lincimi-i-kandidateve-per-president\/#primaryimage"},"image":{"@id":"https:\/\/fjala.info\/2009-2015\/keqperdorimi-dhe-lincimi-i-kandidateve-per-president\/#primaryimage"},"thumbnailUrl":"http:\/\/www.fjala.info\/2012\/mero_baze.jpg","datePublished":"2012-06-12T17:23:02+00:00","breadcrumb":{"@id":"https:\/\/fjala.info\/2009-2015\/keqperdorimi-dhe-lincimi-i-kandidateve-per-president\/#breadcrumb"},"inLanguage":"sq-AL","potentialAction":[{"@type":"ReadAction","target":["https:\/\/fjala.info\/2009-2015\/keqperdorimi-dhe-lincimi-i-kandidateve-per-president\/"]}]},{"@type":"ImageObject","inLanguage":"sq-AL","@id":"https:\/\/fjala.info\/2009-2015\/keqperdorimi-dhe-lincimi-i-kandidateve-per-president\/#primaryimage","url":"http:\/\/www.fjala.info\/2012\/mero_baze.jpg","contentUrl":"http:\/\/www.fjala.info\/2012\/mero_baze.jpg"},{"@type":"BreadcrumbList","@id":"https:\/\/fjala.info\/2009-2015\/keqperdorimi-dhe-lincimi-i-kandidateve-per-president\/#breadcrumb","itemListElement":[{"@type":"ListItem","position":1,"name":"Home","item":"https:\/\/fjala.info\/2009-2015\/"},{"@type":"ListItem","position":2,"name":"Keqp\u00ebrdorimi dhe lin\u00e7imi i kandidat\u00ebve p\u00ebr president"}]},{"@type":"WebSite","@id":"https:\/\/fjala.info\/2009-2015\/#website","url":"https:\/\/fjala.info\/2009-2015\/","name":"FjALA e LIR\u00cb - Arkivi","description":"Arkivi 2009-2015","publisher":{"@id":"https:\/\/fjala.info\/2009-2015\/#organization"},"potentialAction":[{"@type":"SearchAction","target":{"@type":"EntryPoint","urlTemplate":"https:\/\/fjala.info\/2009-2015\/?s={search_term_string}"},"query-input":{"@type":"PropertyValueSpecification","valueRequired":true,"valueName":"search_term_string"}}],"inLanguage":"sq-AL"},{"@type":"Organization","@id":"https:\/\/fjala.info\/2009-2015\/#organization","name":"FjALA e LIR\u00cb - Arkivi","url":"https:\/\/fjala.info\/2009-2015\/","logo":{"@type":"ImageObject","inLanguage":"sq-AL","@id":"https:\/\/fjala.info\/2009-2015\/#\/schema\/logo\/image\/","url":"","contentUrl":"","caption":"FjALA e LIR\u00cb - Arkivi"},"image":{"@id":"https:\/\/fjala.info\/2009-2015\/#\/schema\/logo\/image\/"}},{"@type":"Person","@id":"https:\/\/fjala.info\/2009-2015\/#\/schema\/person\/3aa1163ef05469c496fc94e77611ada2","name":"admin","image":{"@type":"ImageObject","inLanguage":"sq-AL","@id":"https:\/\/fjala.info\/2009-2015\/wp-content\/uploads\/2012\/02\/arben_cokaj-120x150.jpg","url":"https:\/\/fjala.info\/2009-2015\/wp-content\/uploads\/2012\/02\/arben_cokaj-120x150.jpg","contentUrl":"https:\/\/fjala.info\/2009-2015\/wp-content\/uploads\/2012\/02\/arben_cokaj-120x150.jpg","caption":"admin"},"description":"Admin, Fjala e Lir\u00eb","sameAs":["https:\/\/fjala.info\/"],"url":"https:\/\/fjala.info\/2009-2015\/author\/admin\/"}]}},"_links":{"self":[{"href":"https:\/\/fjala.info\/2009-2015\/wp-json\/wp\/v2\/posts\/3233","targetHints":{"allow":["GET"]}}],"collection":[{"href":"https:\/\/fjala.info\/2009-2015\/wp-json\/wp\/v2\/posts"}],"about":[{"href":"https:\/\/fjala.info\/2009-2015\/wp-json\/wp\/v2\/types\/post"}],"author":[{"embeddable":true,"href":"https:\/\/fjala.info\/2009-2015\/wp-json\/wp\/v2\/users\/1"}],"replies":[{"embeddable":true,"href":"https:\/\/fjala.info\/2009-2015\/wp-json\/wp\/v2\/comments?post=3233"}],"version-history":[{"count":0,"href":"https:\/\/fjala.info\/2009-2015\/wp-json\/wp\/v2\/posts\/3233\/revisions"}],"wp:attachment":[{"href":"https:\/\/fjala.info\/2009-2015\/wp-json\/wp\/v2\/media?parent=3233"}],"wp:term":[{"taxonomy":"category","embeddable":true,"href":"https:\/\/fjala.info\/2009-2015\/wp-json\/wp\/v2\/categories?post=3233"},{"taxonomy":"post_tag","embeddable":true,"href":"https:\/\/fjala.info\/2009-2015\/wp-json\/wp\/v2\/tags?post=3233"}],"curies":[{"name":"wp","href":"https:\/\/api.w.org\/{rel}","templated":true}]}}