{"id":3232,"date":"2010-07-08T21:31:59","date_gmt":"2010-07-08T20:31:59","guid":{"rendered":"http:\/\/fjala.shkoder.net\/?p=3232"},"modified":"2010-07-08T21:31:59","modified_gmt":"2010-07-08T20:31:59","slug":"triumfi-i-vetemburrjes","status":"publish","type":"post","link":"https:\/\/fjala.info\/2009-2015\/triumfi-i-vetemburrjes\/","title":{"rendered":"Triumfi i vet\u00ebmburrjes"},"content":{"rendered":"<p><img decoding=\"async\" style=\"margin-left: 10px; margin-right: 10px; border: 0px;\" src=\"http:\/\/www.shkoder.net\/images\/fjala\/kico_blushi.jpg\" border=\"0\" alt=\"Ki\u00e7o Blushi\" width=\"100\" align=\"right\" \/><\/p>\n<p>Nga: <strong>Ki\u00e7o BLUSHI<\/strong><\/p>\n<p>Nuk ka dit\u00eb t\u00eb mos z\u00ebm\u00eb ndonj\u00eb vend t\u00eb par\u00eb n\u00eb rajon, n\u00eb Evrop\u00eb, madje edhe n\u00eb bot\u00eb; kur na mohohet \u201cvendi i par\u00eb\u201d. Ose e kan\u00eb fajin statistikat, ose opozita e sheh realitetin me syze t\u00eb err\u00ebta, ose na kan\u00eb b\u00ebr\u00eb hile:Tek ne, fatkeq\u00ebsisht, vitet e fundit \u00ebsht\u00eb shuar kufiri mes kritik\u00ebs, vet\u00ebkritik\u00ebs dhe vet\u00ebmburrjes. N\u00eb t\u00eb kaluar\u00ebn, k\u00ebto raporte gjykimi e vler\u00ebsimi t\u00eb vetes, t\u00eb pun\u00ebs, t\u00eb njeritjetrit, t\u00eb tradit\u00ebs, t\u00eb vlerave e antivlerave, t\u00eb dobis\u00eb e d\u00ebmit kan\u00eb pas q\u00ebn\u00eb t\u00eb mang\u00ebta, t\u00eb gjymtuara.<\/p>\n<p>N\u00ebse n\u00eb diktatur\u00eb ka patur nj\u00eb met\u00ebr q\u00eb i imponohej me hir e pahir individit dhe shoq\u00ebris\u00eb, q\u00eb maste dhe ndante vlerat nga antivlerat, t\u00eb mir\u00ebn nga e keqja, shapin nga sheqeri, t\u00eb dobishmen nga e d\u00ebmshmja (sipas p\u00eblqimit t\u00eb Nj\u00ebshit e ideo-estetik\u00ebs marksiste-leniniste), sot met\u00ebr zot\u00ebrues \u00ebsht\u00eb moda, imitimi, vaniteti, klishet\u00eb, konsumizmi, p\u00ebrfitimi i \u00e7astit, shoq\u00ebruar me \u2026me vet\u00ebmburrje n\u00eb publik. Kritik\u00eb quhet vet\u00eblavd\u00ebrimi, vler\u00eb e padiskutueshme paraja, fuqi e mbinatyrshme pushteti, kuptim merr vet\u00ebm hi\u00e7naja, p\u00ebrpar\u00ebsi ka reklama, sundues \u00ebsht\u00eb vulgariteti dhe arroganca e m\u00eb t\u00eb fortit\u2026<\/p>\n<p>Sa m\u00eb fodull t\u00eb shtiresh, aq m\u00eb i men\u00e7ur e autoritar ngjan! Mjafton t\u00eb shoh\u00ebsh e t\u00eb d\u00ebgjosh krer\u00ebt tan\u00eb, p\u00ebr t\u00eb kuptuar se si vet\u00ebkarfosja dhe fodull\u00ebku shkojn\u00eb deri n\u00eb kufijt\u00eb e paturp\u00ebsis\u00eb. K\u00ebta kan\u00eb krijuar k\u00ebt\u00eb mend\u00ebsi gjith\u00ebp\u00ebrfshir\u00ebse: Mos prit t\u00eb t\u00eb lavd\u00ebrojn\u00eb, mburr veten sepse k\u00ebshtu t\u00eb rritet pesha n\u00eb publik, &#8211; kjo \u00ebsht\u00eb m\u00ebnyra \u201czyrtare\u201d dhe zot\u00ebruese e sjelljes. (\u201cUn\u00eb do t\u00eb rri edhe 30 vjet Kryeminist\u00ebr!\u201d\u2026\u201dUn\u00eb p\u00ebrs\u00ebri President? Jo,jo\u201d\u2026<\/p>\n<p>\u201dPrapa m\u00eb vjen historia!\u201d\u2026 \u201cQeveria ime rriti pensionet e pagat n\u00eb nj\u00eb koh\u00eb kur gjith\u00eb bota ka r\u00ebn\u00eb n\u00eb kriz\u00eb\u201d\u2026 \u201cNe jemi i vetmi vend n\u00eb BE q\u00eb mbi 60% t\u00eb zyrtar\u00ebve i ka t\u00eb rin\u201d\u2026\u201dVet\u00ebm qeveria ime rriti pensionet\u201d\u2026\u201dNe realizuam rritjen ekonomike m\u00eb t\u00eb lart\u00eb n\u00eb bot\u00eb\u201d\u2026 etj etj\u2026). N\u00eb k\u00ebt\u00eb klim\u00eb nuk ka asnj\u00eb vler\u00eb kritika q\u00eb b\u00ebn shtypi as p\u00ebr elit\u00ebn artistike, as p\u00ebr at\u00eb politike.<\/p>\n<p>Sot nuk ka kritik\u00eb dhe as vet\u00ebkritik\u00eb, as arbitra, as norma t\u00eb etik\u00ebs, mjete k\u00ebto t\u00eb domosdoshme q\u00eb mund\u00ebsojn\u00eb qytetarin dhe shoq\u00ebrin\u00eb t\u00eb korrigjohen, t\u00eb sh\u00ebrohen, t\u00eb diagnostikohen, t\u00eb ecin p\u00ebrpara, t\u00eb b\u00ebhen m\u00eb t\u00eb suksessh\u00ebm e m\u00eb t\u00eb mir\u00eb\u2026Nuk kemi asnj\u00eb organ kritik p\u00ebr shkenc\u00ebn dhe artin. Ai q\u00eb ka guxim t\u00eb kritikoj\u00eb nj\u00eb dukuri negative t\u00eb nj\u00eb personi zyrtar apo t\u00eb qeveris\u00eb, do t\u00eb shpallet armik i betuar, sado t\u00eb drejt\u00eb t\u00eb ket\u00eb. Aq m\u00eb keq po t\u00eb k\u00ebrkosh t\u00eb drejt\u00ebn n\u00eb ndonj\u00eb zyr\u00eb!<\/p>\n<p>Fodull\u00ebku i injorantit q\u00eb ka zaptuar nj\u00eb zyr\u00eb me allishverish, me nepotiz\u00ebm, me klienteliz\u00ebm, me partitiz\u00ebm, me krahinariz\u00ebm, \u00ebsht\u00eb gj\u00ebja m\u00eb e neveritshme n\u00eb k\u00ebt\u00eb vend! Zor se mund t\u00eb gjesh nj\u00eb zyrtar q\u00eb del n\u00eb m\u00ebngjez nga sht\u00ebpia dhe nuk vret mendjen se sa do t\u00eb fitoj\u00eb nga rryshfeti, nga tenderat, nga allishverishi e aspak q\u00eb t\u00eb sh\u00ebrbej\u00eb me p\u00ebrkushtim e ndershm\u00ebri\u2026Polici i kufirit, ai i dogan\u00ebs, zyrtari i komun\u00ebs, kostumin e ka zhul, dal\u00ebboje, barkun t\u00eb fryr\u00eb, duhm\u00ebn i vjen era raki, por ama syt\u00eb e tij v\u00ebshtrojn\u00eb n\u00eb dor\u00eb e n\u00eb kulet\u00eb t\u00eb klientit me nj\u00eb fodull\u00ebk e arroganc\u00eb q\u00eb t\u00eb kall frik\u00eb dhe neveri\u2026<\/p>\n<p>Konica apo Fishta, po t\u00eb ishin gjall\u00eb, sot me siguri do t\u00eb ishin m\u00eb \u201carmiq\u201d nga \u00e7\u2019u shpall\u00ebn nga diktatura, sepse do t\u00eb shanin me rr\u00ebnj\u00eb e me deg\u00eb jo vet\u00ebm administrat\u00ebn, por edhe shoq\u00ebrin\u00eb e cila, pas gati nj\u00ebqind vjet me shtet, nuk ka mundur t\u00eb krijoj\u00eb nj\u00eb administrat\u00eb normale q\u00eb di t\u00eb sh\u00ebrbej\u00eb. Nuk ka gj\u00eb m\u00eb t\u00eb shvler\u00ebsuar se Fjala e sidomos kritika publike. \u2018Bjerini legenit\u2019, kjo \u00ebsht\u00eb ndoshta fjalia m\u00eb e sakt\u00eb q\u00eb i shkon p\u00ebr shtat administrat\u00ebs s\u00eb sotme. N\u00ebpun\u00ebsia militante \u00ebsht\u00eb b\u00ebr\u00eb e pagjykueshme dhe e plotfuqishme, sepse ajo ka mundur t\u00eb shvler\u00ebsoj\u00eb totalisht Fjal\u00ebn kritike bashk\u00eb me opinionin publik.<\/p>\n<p style=\"text-align: center;\">\n* * *<\/p>\n<p>Demokraci pa vet\u00ebkontroll, pa kritik\u00eb dhe vet\u00ebkritik\u00eb nuk mund t\u00eb ket\u00eb. Ndaj ka opozit\u00eb, ndaj media quhet pushtet, ndaj nuk z\u00ebvend\u00ebsohet me asgj\u00eb liria e fjal\u00ebs, ndaj nuk ka e nuk mund t\u00eb ket\u00eb autoritete t\u00eb pagabuesh\u00ebm e t\u00eb pagjykuesh\u00ebm, ndaj b\u00ebhen gara t\u00eb hapura ku kampion shpallet e pranohet si i till\u00eb vet\u00ebm m\u00eb i miri. Nd\u00ebrsa tek ne opozitarizmi i opozit\u00ebs dhe oponenca e shoq\u00ebris\u00eb civile send\u00ebrtohen m\u00eb shum\u00eb me sharje dhe sherre t\u00eb nd\u00ebrsjella, se sa me kritik\u00eb dhe vet\u00ebkritik\u00eb, me kontroll dhe vet\u00ebkontroll\u2026<\/p>\n<p>Ashtu si pushteti e quan armik opozit\u00ebn, ashtu edhe n\u00eb nivelet m\u00eb t\u00eb ul\u00ebta qytetari i sot\u00ebm, udh\u00ebheq\u00ebs, artist apo sportist, nuk e pranon dot kritik\u00ebn, sepse i quan ato posht\u00ebrim, denigrim, munges\u00eb respekti, fyerje, nj\u00eblloj si n\u00eb koh\u00ebn kur ishim parashoq\u00ebri. Kjo, sepse vet\u00ebmburrja dhe fodull\u00ebku jan\u00eb gjuha jon\u00eb \u201czyrtare\u201d. Sa m\u00eb shum\u00eb vet\u00ebmburresh, aq m\u00eb shum\u00eb bind t\u00eb tjer\u00ebt se ti p\u00ebrnjimend ke vlera! Modestia quhet m\u00ebkat, budallall\u00ebk! Nuk ka r\u00ebnd\u00ebsi sa gjuh\u00eb t\u00eb huaja di, sa fakultete ke mbaruar, r\u00ebnd\u00ebsi ka \u00e7far\u00eb shkruan n\u00eb CV, sa \u201cmastera\u201d ke b\u00ebr\u00eb jasht\u00eb shtetit, sa diploma ke bler\u00eb\u2026!<br \/>\nTani jo vet\u00ebm n\u00eb sport nuk ka m\u00eb gara e thyerje rekordesh komb\u00ebtare (se nd\u00ebrkomb\u00ebtare jo se jo!), po n\u00eb asnj\u00eb lloj veprimtarie shoq\u00ebrore, nj\u00eblloj si n\u00eb politik\u00eb, nuk ka m\u00eb gara, nuk ka konkurrenc\u00eb, nuk ka merita, nuk ka arbit\u00ebr t\u00eb gjith\u00ebpranuar: k\u00ebsisoj i fundit mund t\u00eb dal\u00eb i pari dhe anasjelltas. Titujt, dekoratat, memorialet, bustet, monumentet e t\u00eb shquarve jan\u00eb p\u00ebrdhosur nga t\u00eb gjall\u00ebt e sot\u00ebm t\u00eb dehur nga fodull\u00ebku i injorantit zyrtar! Ai q\u00eb vet\u00ebshpallet kampion dhe e fiton gar\u00ebn, nuk e l\u00ebshon m\u00eb titullin, nuk e l\u00eb bashin e vendit ( kryetarll\u00ebkun) sa t\u00eb jet\u00eb gjall\u00eb!<\/p>\n<p>Prandaj ne kemi \u201carritje dhe suksese\u201d t\u00eb papara e t\u00eb pad\u00ebgjuara jo vet\u00ebm n\u00eb politik\u00eb e n\u00eb ekonomi, n\u00eb arsim e n\u00eb nd\u00ebrtim, po edhe n\u00eb art, kultur\u00eb, shkenc\u00eb, let\u00ebrsi, muzik\u00eb, balet, film e sidomos n\u00eb sport e spektakle. Sot malli q\u00eb kushton m\u00eb shum\u00eb e vlen m\u00eb pak \u00ebsht\u00eb lavdia! Artist\u00eb dhe sportist\u00eb t\u00eb m\u00ebdhenj q\u00eb kan\u00eb \u201c\u00e7uditur\u201d bot\u00ebn vijn\u00eb her\u00eb pas here k\u00ebtu p\u00ebr t\u00eb na d\u00ebshmuar me intervista televizive se sa t\u00eb suksessh\u00ebm kan\u00eb pas q\u00ebn\u00eb dhe jan\u00eb ende n\u00ebp\u00ebr bot\u00eb. Mjaf t\u00eb vish nga jasht\u00eb, mjaft t\u00eb vdes\u00ebsh q\u00eb t\u00eb pohojn\u00eb se sa vlera ke pasur s\u00eb gjalli.<\/p>\n<p>Mjaf t\u00eb t\u00eb ket\u00eb me sy t\u00eb mir\u00eb nj\u00eb udh\u00ebheq\u00ebs q\u00eb t\u00eb b\u00ebhesh i famsh\u00ebm, i shquar! Mjafton t\u00eb kesh nj\u00eb televizor q\u00eb t\u00eb shoh\u00ebsh e d\u00ebgjosh se si e lavd\u00ebrojn\u00eb veten krer\u00ebt, artist\u00ebt, ish sportist\u00ebt q\u00eb edhe pa vepra, edhe pa rekorde, edhe pa konkurrim, por me mediokritet dhe banalitet vet\u00ebshpallen t\u00eb shquar! Ja pse sot kemi m\u00eb shum\u00eb njer\u00ebz t\u00eb shquar se t\u00eb zakont\u00eb, t\u00eb lavdish\u00ebm se anonim\u00eb, njer\u00ebz publik\u00eb se katundar\u00eb, kryeqytetar\u00eb se provincial\u00eb, mjeshtra t\u00eb m\u00ebdhenj se zanat\u00e7inj\u2026<br \/>\nN\u00eb diktatur\u00eb nd\u00ebrtuam ur\u00ebn m\u00eb t\u00eb lart\u00eb t\u00eb Ballkanit, at\u00eb t\u00eb Bushtric\u00ebs; n\u00eb demokraci tunelin m\u00eb t\u00eb gjat\u00eb, at\u00eb t\u00eb Kalimashit! N\u00eb diktatur\u00eb mor\u00ebm n\u00eb Meksik\u00eb \u00e7mimin e par\u00eb p\u00ebr ushqimin, sot jemi n\u00eb vend t\u00eb par\u00eb p\u00ebr rritjen ekonomike! N\u00eb koh\u00ebn kur bota ka r\u00ebn\u00eb n\u00eb kriz\u00eb e depresion, vet\u00ebm tek ne rriten pensionet dhe pagat! Lum si ne, vazhdojm\u00eb t\u00eb vdesim p\u00ebr dukjen, p\u00ebr t\u00eb q\u00ebn\u00eb t\u00eb par\u00ebt, p\u00ebr m\u00eb shum\u00eb fam\u00eb, p\u00ebr nj\u00eb kostum, p\u00ebr pak lavdi, pa\u00e7ka se kemi mbetur t\u00eb fundit p\u00ebr vizat, p\u00ebr integrimin dhe p\u00ebr nivelin e varf\u00ebris\u00eb! Lavdia e pamerituar \u00ebsht\u00eb bij\u00eb e vet\u00ebmburrjes, hasmi i gar\u00ebs, i konkurrenc\u00ebs, i asaj lloj kritike jetike q\u00eb e \u00e7on shoq\u00ebrin\u00eb drejt p\u00ebrsosm\u00ebris\u00eb. Por n\u00ebse ka nj\u00eb gj\u00eb q\u00eb na ka l\u00ebn\u00eb prapa t\u00eb tjer\u00ebve, \u00ebsht\u00eb padyshim kjo vet\u00ebfryrje, ky fodull\u00ebk katundar\u00ebror q\u00eb na l\u00eb p\u00ebrher\u00eb n\u00eb bisht e na b\u00ebn m\u00eb qesharak\u00ebt, edhe kur situatat e shanset na i ofron historia!<br \/>\nK\u00ebshtu, p\u00ebr numur popullsie me siguri z\u00ebm\u00eb vendin e par\u00eb p\u00ebr arstist\u00eb, k\u00ebrcimtar\u00eb, k\u00ebng\u00ebtar\u00eb, shkrimtar\u00eb, kujtimshkrues, piktor\u00eb, aktor\u00eb dhe regjisor\u00eb m\u00ebse t\u00eb shquar, edhe pse n\u00eb Akademin\u00eb e Artit n\u00eb Tiran\u00eb, ku deri dje mezi hyje, tani t\u00eb pranojn\u00eb pa konkurrim!&#8230;P\u00ebrdit\u00eb vet\u00ebshpallen shkrimtar\u00eb t\u00eb talentuar,librat e tyre promovohen si nj\u00eb arritje e mrekullueshme, e papar\u00eb. Nj\u00ebri syresh pasi mori nj\u00eb \u00e7mim komb\u00ebtar justifikoi faktin q\u00eb nuk e lexonte kush me argumentin se \u201cedhe n\u00eb bot\u00eb let\u00ebrsia i p\u00ebrket elit\u00ebs, se \u00ebsht\u00eb veprimtari elitare\u2026\u201d<\/p>\n<p>Ndaj, si e till\u00eb, sipas tij, veprat q\u00eb lexohen e shiten m\u00eb pak paskan m\u00eb shum\u00eb vlera! Nuk ka si t\u00eb ket\u00eb nj\u00ebsi mat\u00ebse p\u00ebr vlerat dhe aq m\u00eb pak p\u00ebr kontributet, sepse edhe k\u00ebt\u00eb peshore t\u00eb vlerave, t\u00eb kritik\u00ebs profesioniste dhe t\u00eb vet\u00ebkritik\u00ebs nuk e ka lexuesi, as tregu, por e mban n\u00eb duar politika si nj\u00eb kapital, apo, m\u00eb sakt\u00eb, si nj\u00eb \u00e7el\u00ebs kopil q\u00eb sh\u00ebrben p\u00ebr t\u00eb dh\u00ebn\u00eb favore e p\u00ebr t\u00eb hap\u00ebrdar\u00eb ndere sipas interesit vetiak, partiak e aspak atij komb\u00ebtar! As mund t\u00eb gjesh n\u00eb bot\u00eb udh\u00ebheq\u00ebs t\u00eb till\u00eb q\u00eb vet\u00ebmburren kaq paturp\u00ebsisht dhe q\u00eb e thon\u00eb edhe publikisht se para tyre historia ka q\u00ebn\u00eb e vdekur!<\/p>\n<p style=\"text-align: center;\">* * *<\/p>\n<p>N\u00eb Shqip\u00ebri b\u00ebhen filma artistik\u00eb, po nuk i sheh njeri, jo vet\u00ebm se nuk ka salla kinemaje. Por ama, p\u00ebr k\u00ebto filma na thuhet me v\u00ebt\u00ebmburrje se p\u00ebr pak sa nuk u nominuan p\u00ebr Oskar, p\u00ebr Palm\u00ebn e Art\u00eb n\u00eb Kan\u00eb apo n\u00eb Venecie\u2026! Publiku ushqehet me vlera virtuale q\u00eb nuk jan\u00eb vlera, q\u00eb nuk i njeh e nuk kalojn\u00eb n\u00eb filtrin e tij, e megjithat\u00eb cil\u00ebsohen kryevepra \u201cmeq\u00eb vijn\u00eb nga jasht\u00eb\u201d, nga Per\u00ebndimi, gjasme nga metropolet e kultur\u00ebs\u2026Ne jemi nj\u00eb shoq\u00ebri pa kritik\u00eb dhe vet\u00ebkritik\u00eb, e bash p\u00ebr k\u00ebt\u00eb arsye nuk ka se si t\u00eb kemi kampion\u00eb, kryevepra, idhuj, shenjtor\u00eb, idealist\u00eb, tituj, vepra, momumente, udh\u00ebrr\u00ebfyes, modele, t\u00eb p\u00ebrkushtuar, t\u00eb pasionuar, t\u00eb sakrifikuar, dmth njer\u00ebz t\u00eb ndersh\u00ebm e t\u00eb virtytsh\u00ebm!<br \/>\nKeqardhje ndjen ve\u00e7an\u00ebrisht k\u00ebto dit\u00eb kur po zhvillohet Kampionati Bot\u00ebror i Futbollit, ku shqiptar\u00ebt b\u00ebjn\u00eb tifo p\u00ebr skuadrat e lojtar\u00ebt e huaj, por asnj\u00ebher\u00eb p\u00ebr t\u00eb vet\u00ebt! Por po t\u00eb ndjek\u00ebsh emisionet dhe komentet para e pas ndeshjeve t\u00eb Kampionatit zbulon sa shum\u00eb specialist\u00eb t\u00eb lavdish\u00ebm p\u00ebr futbollin paskemi ne! T\u00eb gjith\u00eb flasin me kompetenc\u00eb se si do t\u00eb duhet t\u00eb nd\u00ebrtohej loja, madje edhe se si mund t\u00eb fitohet!..Shesim mend q\u00eb nuk na i blen njeri, edhe pse n\u00eb futboll jemi p\u00ebr faqe t\u00eb zez\u00eb!<\/p>\n<p>I japim mend bot\u00ebs, pa\u00e7ka se stadiumet jan\u00eb transformuar n\u00eb arena rrahjesh masive t\u00eb arbitrave e lojtar\u00ebve. Asnj\u00eb popull q\u00eb sheh me mosp\u00ebrfillje kur rrihen arbitrat e lojtar\u00ebt n\u00ebp\u00ebr stadiume, asnj\u00eb shoq\u00ebri q\u00eb lejon t\u00eb shitblihen gjykat\u00ebsit, nuk b\u00ebn dot p\u00ebrpara! Aq e v\u00ebrtet\u00eb \u00ebsht\u00eb kjo klim\u00eb sa nj\u00eb komentator futbolli, kur nuk iu dha goli anglez\u00ebve, nuk duroi dhe shp\u00ebrtheu me z\u00eb t\u00eb lart\u00eb: Pu, pu, \u00e7\u2019do t\u00eb p\u00ebsonte ky arbit\u00ebr po t\u00eb ishte n\u00eb Shqip\u00ebri! Por askush nuk reagoi kur n\u00eb komisionin kuvendor nj\u00eb kandidat p\u00ebr n\u00eb Gjykat\u00ebn e Lart\u00eb u muarr n\u00eb pyetje tamam si nj\u00eb i pandehur nga hetuesit e diktatur\u00ebs! N\u00ebse n\u00ebp\u00ebr stadiume rrihen, blihen apo shiten rregullisht arbitrat dhe ndeshjet, nuk \u00ebsht\u00eb e nevojshme t\u00eb b\u00ebhen sondazhe p\u00ebr t\u00eb kuptuar cil\u00ebsin\u00eb e qeverisjes, nivelin e mir\u00ebq\u00ebnies, funksionimin e Ligjit, t\u00eb gjykatave e t\u00eb komisariateve n\u00eb nj\u00eb shoq\u00ebri!<\/p>\n<p>E megjithat\u00eb t\u00eb gjith\u00eb dalin n\u00eb Pazar e bro\u00e7kullijn\u00eb p\u00ebr suksese, p\u00ebr lavdira t\u00eb paq\u00ebna, p\u00ebr merita pa merita jo vet\u00ebm n\u00eb nj\u00eb fush\u00eb, por n\u00eb \u00e7do aspekt t\u00eb jet\u00ebs!\u2026Aq e zhvilluar \u00ebsht\u00eb shtysa e fodull\u00ebkut t\u00eb katundarit t\u00eb em\u00ebruar n\u00eb kryeqytet e t\u00eb veshur me lavdi dhe pushtet, aq e pap\u00ebrballueshme \u00ebsht\u00eb kjo d\u00ebshir\u00eb p\u00ebr t\u2019u shfaqur si i gjith\u00ebdijsh\u00ebm, sa edhe Presidenti i Republik\u00ebs nuk duroi e doli t\u00eb udh\u00ebzonte Sarkozin\u00eb se si duhej t\u00eb ishte sjell\u00eb ai me komb\u00ebtaren e Franc\u00ebs, n\u00eb m\u00ebnyr\u00eb q\u00eb kjo t\u00eb mos kish p\u00ebsuar at\u00eb fiasko q\u00eb p\u00ebsoi!&#8230;<\/p>\n<p>Pas tij doli edhe Kryeministri q\u00eb t\u00eb na spjegonte me kompetenc\u00eb se si po luante nj\u00eb futboll t\u00eb shk\u00eblqyer Argjentina q\u00eb, sipas tij, i ngjante Holand\u00ebs s\u00eb djeshme!<br \/>\nTriumfi i fodull\u00ebkut oriental q\u00eb nuk b\u00ebn dot as edhe nj\u00eb pun\u00eb t\u00eb mbar\u00eb e t\u00eb dobishme, me siguri na ka v\u00ebn\u00eb n\u00eb vendin t\u00eb par\u00eb n\u00eb bot\u00eb p\u00ebr kazino, p\u00ebr loj\u00ebra fati, p\u00ebr pika llotosh e bastesh p\u00ebr numur popullisie. N\u00eb vend t\u00eb bibliotekave, kinemave, shkollave, spitaleve, shesheve sportive, tani kemi pikat e basteve.<\/p>\n<p>N\u00ebse ka nj\u00eb \u201cinstitucion\u201d, nj\u00eb nd\u00ebrmarrje, nj\u00eb sip\u00ebrmarrje t\u00eb ngritur me huamarrje, humormarrje, pengmarrje, faliment, katastrof\u00eb, \u00ebnd\u00ebrr e zhgj\u00ebnd\u00ebrr p\u00ebr pasurim t\u00eb shpejt\u00eb e t\u00eb kollajt\u00eb, p\u00ebr humbje pa kthim, p\u00ebr ankth, p\u00ebr shpres\u00eb e p\u00ebrs\u00ebri p\u00ebr ankth \u00ebsht\u00eb pik\u00ebrisht kjo makineri fantazm\u00eb e basteve t\u00eb futbollit, sa komb\u00ebtare aq edhe globale, sa vetiake aq edhe familjare. Bastet dhe kumari jan\u00eb e vetmja \u201cfabrik\u00eb\u201d q\u00eb punon me ngarkes\u00eb t\u00eb plot\u00eb, nj\u00ebzet e kat\u00ebr or\u00eb p\u00ebr nj\u00ebzet e kat\u00ebr. Sa m\u00eb i varf\u00ebr, aq m\u00eb i varur e i destinuar je t\u00eb b\u00ebhesh e t\u00eb mbetesh rob i basteve.<\/p>\n<p>Mesa duket, ca nga varf\u00ebria e tejzagjatur, ca nga mungesa e shpres\u00ebs, ashtu si kumarxhiut nuk i funksionon kritika dhe vet\u00ebkritika, edhe ne, si popull, pasi na \u00ebsht\u00eb shp\u00eblar\u00eb truri e shpirti p\u00ebr vite me propagand\u00eb intensive, na \u00ebsht\u00eb shuar aft\u00ebsia e vet\u00ebkontrollit, e gjykimit, e perspektiv\u00ebs. Sepse na komandon vet\u00ebkarfosja e atij provincialit q\u00eb zbret p\u00ebr her\u00eb t\u00eb par\u00eb n\u00eb kryeqytet dhe, meq\u00eb vishet polic, pandeh se ka v\u00ebn\u00eb gjith\u00eb bot\u00ebn n\u00ebn k\u00ebmb\u00eb; kujtojm\u00eb se vet\u00ebkapardisja \u00ebsht\u00eb superjoritet, avantazh, ndaj do t\u00eb na ndih\u00eb t\u00eb fitojm\u00eb nes\u00ebr, edhe pse kemi humbur jo vet\u00ebm dje, por edhe sot. Ne dehemi kollaj me vetveten, me fjal\u00eb n\u00eb er\u00eb, duke shpresuar se k\u00ebsisoj do ta hedhim lumen, fal\u00eb lutjes s\u00eb tradit\u00ebs e t\u00eb pafuqis\u00eb son\u00eb, e cila orientalisht (jo shqip!) shprehet aq fatalisht me nj\u00eb: INSHALLAH!\u2026<\/p>\n<p>Kjo fjal\u00eb e triumfalizon fodull\u00ebkun ton\u00eb tradicional, duke na vrar\u00eb gjykimin kritik dhe vet\u00ebkritik, duke na l\u00ebn\u00eb p\u00ebrher\u00eb, mjerisht, n\u00eb vendin e fundit!<\/p>\n","protected":false},"excerpt":{"rendered":"<p>Nga: Ki\u00e7o BLUSHI Nuk ka dit\u00eb t\u00eb mos z\u00ebm\u00eb ndonj\u00eb vend t\u00eb par\u00eb n\u00eb rajon, n\u00eb Evrop\u00eb, madje edhe n\u00eb bot\u00eb; kur na mohohet \u201cvendi i par\u00eb\u201d. Ose e kan\u00eb fajin statistikat, ose opozita e sheh realitetin me syze t\u00eb err\u00ebta, ose na kan\u00eb b\u00ebr\u00eb hile:Tek ne, fatkeq\u00ebsisht, vitet e fundit \u00ebsht\u00eb shuar kufiri mes [&hellip;]<\/p>\n","protected":false},"author":1,"featured_media":0,"comment_status":"open","ping_status":"closed","sticky":false,"template":"","format":"standard","meta":{"footnotes":""},"categories":[2],"tags":[],"class_list":{"0":"post-3232","1":"post","2":"type-post","3":"status-publish","4":"format-standard","6":"category-artikuj"},"yoast_head":"<!-- This site is optimized with the Yoast SEO plugin v27.4 - https:\/\/yoast.com\/product\/yoast-seo-wordpress\/ -->\n<title>Triumfi i vet\u00ebmburrjes - FjALA e LIR\u00cb - Arkivi<\/title>\n<meta name=\"robots\" content=\"index, follow, max-snippet:-1, max-image-preview:large, max-video-preview:-1\" \/>\n<link rel=\"canonical\" href=\"https:\/\/fjala.info\/2009-2015\/triumfi-i-vetemburrjes\/\" \/>\n<meta property=\"og:locale\" content=\"sq_AL\" \/>\n<meta property=\"og:type\" content=\"article\" \/>\n<meta property=\"og:title\" content=\"Triumfi i vet\u00ebmburrjes - FjALA e LIR\u00cb - Arkivi\" \/>\n<meta property=\"og:description\" content=\"Nga: Ki\u00e7o BLUSHI Nuk ka dit\u00eb t\u00eb mos z\u00ebm\u00eb ndonj\u00eb vend t\u00eb par\u00eb n\u00eb rajon, n\u00eb Evrop\u00eb, madje edhe n\u00eb bot\u00eb; kur na mohohet \u201cvendi i par\u00eb\u201d. Ose e kan\u00eb fajin statistikat, ose opozita e sheh realitetin me syze t\u00eb err\u00ebta, ose na kan\u00eb b\u00ebr\u00eb hile:Tek ne, fatkeq\u00ebsisht, vitet e fundit \u00ebsht\u00eb shuar kufiri mes [&hellip;]\" \/>\n<meta property=\"og:url\" content=\"https:\/\/fjala.info\/2009-2015\/triumfi-i-vetemburrjes\/\" \/>\n<meta property=\"og:site_name\" content=\"FjALA e LIR\u00cb - Arkivi\" \/>\n<meta property=\"article:published_time\" content=\"2010-07-08T20:31:59+00:00\" \/>\n<meta property=\"og:image\" content=\"http:\/\/www.shkoder.net\/images\/fjala\/kico_blushi.jpg\" \/>\n<meta name=\"author\" content=\"admin\" \/>\n<meta name=\"twitter:card\" content=\"summary_large_image\" \/>\n<meta name=\"twitter:label1\" content=\"Written by\" \/>\n\t<meta name=\"twitter:data1\" content=\"admin\" \/>\n\t<meta name=\"twitter:label2\" content=\"Est. reading time\" \/>\n\t<meta name=\"twitter:data2\" content=\"13 minutes\" \/>\n<script type=\"application\/ld+json\" class=\"yoast-schema-graph\">{\"@context\":\"https:\\\/\\\/schema.org\",\"@graph\":[{\"@type\":\"Article\",\"@id\":\"https:\\\/\\\/fjala.info\\\/2009-2015\\\/triumfi-i-vetemburrjes\\\/#article\",\"isPartOf\":{\"@id\":\"https:\\\/\\\/fjala.info\\\/2009-2015\\\/triumfi-i-vetemburrjes\\\/\"},\"author\":{\"name\":\"admin\",\"@id\":\"https:\\\/\\\/fjala.info\\\/2009-2015\\\/#\\\/schema\\\/person\\\/3aa1163ef05469c496fc94e77611ada2\"},\"headline\":\"Triumfi i vet\u00ebmburrjes\",\"datePublished\":\"2010-07-08T20:31:59+00:00\",\"mainEntityOfPage\":{\"@id\":\"https:\\\/\\\/fjala.info\\\/2009-2015\\\/triumfi-i-vetemburrjes\\\/\"},\"wordCount\":2652,\"commentCount\":0,\"publisher\":{\"@id\":\"https:\\\/\\\/fjala.info\\\/2009-2015\\\/#organization\"},\"image\":{\"@id\":\"https:\\\/\\\/fjala.info\\\/2009-2015\\\/triumfi-i-vetemburrjes\\\/#primaryimage\"},\"thumbnailUrl\":\"http:\\\/\\\/www.shkoder.net\\\/images\\\/fjala\\\/kico_blushi.jpg\",\"articleSection\":[\"Artikuj\"],\"inLanguage\":\"sq-AL\",\"potentialAction\":[{\"@type\":\"CommentAction\",\"name\":\"Comment\",\"target\":[\"https:\\\/\\\/fjala.info\\\/2009-2015\\\/triumfi-i-vetemburrjes\\\/#respond\"]}]},{\"@type\":\"WebPage\",\"@id\":\"https:\\\/\\\/fjala.info\\\/2009-2015\\\/triumfi-i-vetemburrjes\\\/\",\"url\":\"https:\\\/\\\/fjala.info\\\/2009-2015\\\/triumfi-i-vetemburrjes\\\/\",\"name\":\"Triumfi i vet\u00ebmburrjes - FjALA e LIR\u00cb - Arkivi\",\"isPartOf\":{\"@id\":\"https:\\\/\\\/fjala.info\\\/2009-2015\\\/#website\"},\"primaryImageOfPage\":{\"@id\":\"https:\\\/\\\/fjala.info\\\/2009-2015\\\/triumfi-i-vetemburrjes\\\/#primaryimage\"},\"image\":{\"@id\":\"https:\\\/\\\/fjala.info\\\/2009-2015\\\/triumfi-i-vetemburrjes\\\/#primaryimage\"},\"thumbnailUrl\":\"http:\\\/\\\/www.shkoder.net\\\/images\\\/fjala\\\/kico_blushi.jpg\",\"datePublished\":\"2010-07-08T20:31:59+00:00\",\"breadcrumb\":{\"@id\":\"https:\\\/\\\/fjala.info\\\/2009-2015\\\/triumfi-i-vetemburrjes\\\/#breadcrumb\"},\"inLanguage\":\"sq-AL\",\"potentialAction\":[{\"@type\":\"ReadAction\",\"target\":[\"https:\\\/\\\/fjala.info\\\/2009-2015\\\/triumfi-i-vetemburrjes\\\/\"]}]},{\"@type\":\"ImageObject\",\"inLanguage\":\"sq-AL\",\"@id\":\"https:\\\/\\\/fjala.info\\\/2009-2015\\\/triumfi-i-vetemburrjes\\\/#primaryimage\",\"url\":\"http:\\\/\\\/www.shkoder.net\\\/images\\\/fjala\\\/kico_blushi.jpg\",\"contentUrl\":\"http:\\\/\\\/www.shkoder.net\\\/images\\\/fjala\\\/kico_blushi.jpg\"},{\"@type\":\"BreadcrumbList\",\"@id\":\"https:\\\/\\\/fjala.info\\\/2009-2015\\\/triumfi-i-vetemburrjes\\\/#breadcrumb\",\"itemListElement\":[{\"@type\":\"ListItem\",\"position\":1,\"name\":\"Home\",\"item\":\"https:\\\/\\\/fjala.info\\\/2009-2015\\\/\"},{\"@type\":\"ListItem\",\"position\":2,\"name\":\"Triumfi i vet\u00ebmburrjes\"}]},{\"@type\":\"WebSite\",\"@id\":\"https:\\\/\\\/fjala.info\\\/2009-2015\\\/#website\",\"url\":\"https:\\\/\\\/fjala.info\\\/2009-2015\\\/\",\"name\":\"FjALA e LIR\u00cb - Arkivi\",\"description\":\"Arkivi 2009-2015\",\"publisher\":{\"@id\":\"https:\\\/\\\/fjala.info\\\/2009-2015\\\/#organization\"},\"potentialAction\":[{\"@type\":\"SearchAction\",\"target\":{\"@type\":\"EntryPoint\",\"urlTemplate\":\"https:\\\/\\\/fjala.info\\\/2009-2015\\\/?s={search_term_string}\"},\"query-input\":{\"@type\":\"PropertyValueSpecification\",\"valueRequired\":true,\"valueName\":\"search_term_string\"}}],\"inLanguage\":\"sq-AL\"},{\"@type\":\"Organization\",\"@id\":\"https:\\\/\\\/fjala.info\\\/2009-2015\\\/#organization\",\"name\":\"FjALA e LIR\u00cb - Arkivi\",\"url\":\"https:\\\/\\\/fjala.info\\\/2009-2015\\\/\",\"logo\":{\"@type\":\"ImageObject\",\"inLanguage\":\"sq-AL\",\"@id\":\"https:\\\/\\\/fjala.info\\\/2009-2015\\\/#\\\/schema\\\/logo\\\/image\\\/\",\"url\":\"\",\"contentUrl\":\"\",\"caption\":\"FjALA e LIR\u00cb - Arkivi\"},\"image\":{\"@id\":\"https:\\\/\\\/fjala.info\\\/2009-2015\\\/#\\\/schema\\\/logo\\\/image\\\/\"}},{\"@type\":\"Person\",\"@id\":\"https:\\\/\\\/fjala.info\\\/2009-2015\\\/#\\\/schema\\\/person\\\/3aa1163ef05469c496fc94e77611ada2\",\"name\":\"admin\",\"image\":{\"@type\":\"ImageObject\",\"inLanguage\":\"sq-AL\",\"@id\":\"https:\\\/\\\/fjala.info\\\/2009-2015\\\/wp-content\\\/uploads\\\/2012\\\/02\\\/arben_cokaj-120x150.jpg\",\"url\":\"https:\\\/\\\/fjala.info\\\/2009-2015\\\/wp-content\\\/uploads\\\/2012\\\/02\\\/arben_cokaj-120x150.jpg\",\"contentUrl\":\"https:\\\/\\\/fjala.info\\\/2009-2015\\\/wp-content\\\/uploads\\\/2012\\\/02\\\/arben_cokaj-120x150.jpg\",\"caption\":\"admin\"},\"description\":\"Admin, Fjala e Lir\u00eb\",\"sameAs\":[\"https:\\\/\\\/fjala.info\\\/\"],\"url\":\"https:\\\/\\\/fjala.info\\\/2009-2015\\\/author\\\/admin\\\/\"}]}<\/script>\n<!-- \/ Yoast SEO plugin. -->","yoast_head_json":{"title":"Triumfi i vet\u00ebmburrjes - FjALA e LIR\u00cb - Arkivi","robots":{"index":"index","follow":"follow","max-snippet":"max-snippet:-1","max-image-preview":"max-image-preview:large","max-video-preview":"max-video-preview:-1"},"canonical":"https:\/\/fjala.info\/2009-2015\/triumfi-i-vetemburrjes\/","og_locale":"sq_AL","og_type":"article","og_title":"Triumfi i vet\u00ebmburrjes - FjALA e LIR\u00cb - Arkivi","og_description":"Nga: Ki\u00e7o BLUSHI Nuk ka dit\u00eb t\u00eb mos z\u00ebm\u00eb ndonj\u00eb vend t\u00eb par\u00eb n\u00eb rajon, n\u00eb Evrop\u00eb, madje edhe n\u00eb bot\u00eb; kur na mohohet \u201cvendi i par\u00eb\u201d. Ose e kan\u00eb fajin statistikat, ose opozita e sheh realitetin me syze t\u00eb err\u00ebta, ose na kan\u00eb b\u00ebr\u00eb hile:Tek ne, fatkeq\u00ebsisht, vitet e fundit \u00ebsht\u00eb shuar kufiri mes [&hellip;]","og_url":"https:\/\/fjala.info\/2009-2015\/triumfi-i-vetemburrjes\/","og_site_name":"FjALA e LIR\u00cb - Arkivi","article_published_time":"2010-07-08T20:31:59+00:00","og_image":[{"url":"http:\/\/www.shkoder.net\/images\/fjala\/kico_blushi.jpg","type":"","width":"","height":""}],"author":"admin","twitter_card":"summary_large_image","twitter_misc":{"Written by":"admin","Est. reading time":"13 minutes"},"schema":{"@context":"https:\/\/schema.org","@graph":[{"@type":"Article","@id":"https:\/\/fjala.info\/2009-2015\/triumfi-i-vetemburrjes\/#article","isPartOf":{"@id":"https:\/\/fjala.info\/2009-2015\/triumfi-i-vetemburrjes\/"},"author":{"name":"admin","@id":"https:\/\/fjala.info\/2009-2015\/#\/schema\/person\/3aa1163ef05469c496fc94e77611ada2"},"headline":"Triumfi i vet\u00ebmburrjes","datePublished":"2010-07-08T20:31:59+00:00","mainEntityOfPage":{"@id":"https:\/\/fjala.info\/2009-2015\/triumfi-i-vetemburrjes\/"},"wordCount":2652,"commentCount":0,"publisher":{"@id":"https:\/\/fjala.info\/2009-2015\/#organization"},"image":{"@id":"https:\/\/fjala.info\/2009-2015\/triumfi-i-vetemburrjes\/#primaryimage"},"thumbnailUrl":"http:\/\/www.shkoder.net\/images\/fjala\/kico_blushi.jpg","articleSection":["Artikuj"],"inLanguage":"sq-AL","potentialAction":[{"@type":"CommentAction","name":"Comment","target":["https:\/\/fjala.info\/2009-2015\/triumfi-i-vetemburrjes\/#respond"]}]},{"@type":"WebPage","@id":"https:\/\/fjala.info\/2009-2015\/triumfi-i-vetemburrjes\/","url":"https:\/\/fjala.info\/2009-2015\/triumfi-i-vetemburrjes\/","name":"Triumfi i vet\u00ebmburrjes - FjALA e LIR\u00cb - Arkivi","isPartOf":{"@id":"https:\/\/fjala.info\/2009-2015\/#website"},"primaryImageOfPage":{"@id":"https:\/\/fjala.info\/2009-2015\/triumfi-i-vetemburrjes\/#primaryimage"},"image":{"@id":"https:\/\/fjala.info\/2009-2015\/triumfi-i-vetemburrjes\/#primaryimage"},"thumbnailUrl":"http:\/\/www.shkoder.net\/images\/fjala\/kico_blushi.jpg","datePublished":"2010-07-08T20:31:59+00:00","breadcrumb":{"@id":"https:\/\/fjala.info\/2009-2015\/triumfi-i-vetemburrjes\/#breadcrumb"},"inLanguage":"sq-AL","potentialAction":[{"@type":"ReadAction","target":["https:\/\/fjala.info\/2009-2015\/triumfi-i-vetemburrjes\/"]}]},{"@type":"ImageObject","inLanguage":"sq-AL","@id":"https:\/\/fjala.info\/2009-2015\/triumfi-i-vetemburrjes\/#primaryimage","url":"http:\/\/www.shkoder.net\/images\/fjala\/kico_blushi.jpg","contentUrl":"http:\/\/www.shkoder.net\/images\/fjala\/kico_blushi.jpg"},{"@type":"BreadcrumbList","@id":"https:\/\/fjala.info\/2009-2015\/triumfi-i-vetemburrjes\/#breadcrumb","itemListElement":[{"@type":"ListItem","position":1,"name":"Home","item":"https:\/\/fjala.info\/2009-2015\/"},{"@type":"ListItem","position":2,"name":"Triumfi i vet\u00ebmburrjes"}]},{"@type":"WebSite","@id":"https:\/\/fjala.info\/2009-2015\/#website","url":"https:\/\/fjala.info\/2009-2015\/","name":"FjALA e LIR\u00cb - Arkivi","description":"Arkivi 2009-2015","publisher":{"@id":"https:\/\/fjala.info\/2009-2015\/#organization"},"potentialAction":[{"@type":"SearchAction","target":{"@type":"EntryPoint","urlTemplate":"https:\/\/fjala.info\/2009-2015\/?s={search_term_string}"},"query-input":{"@type":"PropertyValueSpecification","valueRequired":true,"valueName":"search_term_string"}}],"inLanguage":"sq-AL"},{"@type":"Organization","@id":"https:\/\/fjala.info\/2009-2015\/#organization","name":"FjALA e LIR\u00cb - Arkivi","url":"https:\/\/fjala.info\/2009-2015\/","logo":{"@type":"ImageObject","inLanguage":"sq-AL","@id":"https:\/\/fjala.info\/2009-2015\/#\/schema\/logo\/image\/","url":"","contentUrl":"","caption":"FjALA e LIR\u00cb - Arkivi"},"image":{"@id":"https:\/\/fjala.info\/2009-2015\/#\/schema\/logo\/image\/"}},{"@type":"Person","@id":"https:\/\/fjala.info\/2009-2015\/#\/schema\/person\/3aa1163ef05469c496fc94e77611ada2","name":"admin","image":{"@type":"ImageObject","inLanguage":"sq-AL","@id":"https:\/\/fjala.info\/2009-2015\/wp-content\/uploads\/2012\/02\/arben_cokaj-120x150.jpg","url":"https:\/\/fjala.info\/2009-2015\/wp-content\/uploads\/2012\/02\/arben_cokaj-120x150.jpg","contentUrl":"https:\/\/fjala.info\/2009-2015\/wp-content\/uploads\/2012\/02\/arben_cokaj-120x150.jpg","caption":"admin"},"description":"Admin, Fjala e Lir\u00eb","sameAs":["https:\/\/fjala.info\/"],"url":"https:\/\/fjala.info\/2009-2015\/author\/admin\/"}]}},"_links":{"self":[{"href":"https:\/\/fjala.info\/2009-2015\/wp-json\/wp\/v2\/posts\/3232","targetHints":{"allow":["GET"]}}],"collection":[{"href":"https:\/\/fjala.info\/2009-2015\/wp-json\/wp\/v2\/posts"}],"about":[{"href":"https:\/\/fjala.info\/2009-2015\/wp-json\/wp\/v2\/types\/post"}],"author":[{"embeddable":true,"href":"https:\/\/fjala.info\/2009-2015\/wp-json\/wp\/v2\/users\/1"}],"replies":[{"embeddable":true,"href":"https:\/\/fjala.info\/2009-2015\/wp-json\/wp\/v2\/comments?post=3232"}],"version-history":[{"count":0,"href":"https:\/\/fjala.info\/2009-2015\/wp-json\/wp\/v2\/posts\/3232\/revisions"}],"wp:attachment":[{"href":"https:\/\/fjala.info\/2009-2015\/wp-json\/wp\/v2\/media?parent=3232"}],"wp:term":[{"taxonomy":"category","embeddable":true,"href":"https:\/\/fjala.info\/2009-2015\/wp-json\/wp\/v2\/categories?post=3232"},{"taxonomy":"post_tag","embeddable":true,"href":"https:\/\/fjala.info\/2009-2015\/wp-json\/wp\/v2\/tags?post=3232"}],"curies":[{"name":"wp","href":"https:\/\/api.w.org\/{rel}","templated":true}]}}