{"id":3229,"date":"2010-07-07T09:00:52","date_gmt":"2010-07-07T08:00:52","guid":{"rendered":"http:\/\/fjala.shkoder.net\/?p=3229"},"modified":"2010-07-07T09:00:52","modified_gmt":"2010-07-07T08:00:52","slug":"kambana-e-europes","status":"publish","type":"post","link":"https:\/\/fjala.info\/2009-2015\/kambana-e-europes\/","title":{"rendered":"Kambana e Europ\u00ebs"},"content":{"rendered":"<p><strong>Prof. As. Dr. Artan Duka<\/strong>, <em>07.07.2010<\/em><\/p>\n<p>Greva e uris\u00eb n\u00eb em\u00ebr t\u00eb vot\u00ebs transparente testoi, krahas vullnetit politik absolut t\u00eb opozit\u00ebs n\u00eb kuror\u00ebzimin e vot\u00ebs s\u00eb lir\u00eb p\u00ebrball\u00eb absurdit t\u00eb mohimit me \u00e7do kusht t\u00eb saj, edhe vullnetin dhe forc\u00ebn e politik\u00ebs europiane p\u00ebr t\u00eb pohuar objektivitet, principialitet e d\u00ebshmuar vendosm\u00ebri p\u00ebr t\u00eb &#8220;imponuar&#8221; standarde q\u00eb p\u00ebrb\u00ebjn\u00eb &#8220;indin&#8221; e civilizimit per\u00ebndimor.<\/p>\n<p>P\u00ebr pritshm\u00ebrin\u00eb q\u00eb krijoi me letrat drejtuar politik\u00ebs n\u00eb vend, takimin n\u00eb atmosfer\u00eb ultimative t\u00eb Strasburgut, afatet 2 dhe m\u00eb tej 3-javore etj., Europa &#8220;zhg\u00ebnjeu&#8221;. Mbi t\u00eb gjitha p\u00ebr munges\u00ebn e vet\u00eb transparenc\u00ebs s\u00eb saj t\u00eb menaxhimit t\u00eb kriz\u00ebs s\u00eb politik\u00ebs shqiptare, duke mos dal\u00eb nga qerfulli i fjal\u00ebve, komenteve dhe tashm\u00eb dhe veprimeve &#8220;as mish, as peshk&#8221; e shtuar m\u00eb tej konfuzionin mes nesh.<\/p>\n<p><strong>FAULLI DHE ARBITRI<\/strong><\/p>\n<p>Pavar\u00ebsisht konfidencialitetit t\u00eb &#8220;Krokodil&#8221;, shoq\u00ebria shqiptare e meriton nj\u00eb p\u00ebrgjigje t\u00eb drejtp\u00ebrdrejt\u00eb prej politik\u00ebs europiane. Mesazhet e &#8220;mekura&#8221; nuk promovojn\u00eb dinjitetin dhe vullnetin e nj\u00eb shoq\u00ebrie t\u00eb t\u00ebr\u00eb t\u00eb etur n\u00eb nd\u00ebrtimin e nj\u00eb demokracie efikase t\u00eb bazuar n\u00eb meritokraci dhe vlera njer\u00ebzore.<\/p>\n<p>U &#8220;nis keq&#8221; teksa u &#8220;vulos\u00ebn&#8221; e m\u00eb tej u justifikuan deri n\u00eb absurd &#8211; &#8220;1\/3 qendrave t\u00eb votimit u num\u00ebruan keq apo shum\u00eb keq, por kjo nuk ndikoi n\u00eb rezultat&#8221; (!?) &#8211; zgjedhjet e 2009, pavar\u00ebsisht t\u00eb metave, duke d\u00ebshmuar kakofoni t\u00eb atill\u00eb z\u00ebrash q\u00eb komprometojn\u00eb perceptimin si nj\u00eb entitet solid me qasje t\u00eb p\u00ebrbashk\u00ebt n\u00eb promovimin e vlerave t\u00eb v\u00ebrteta demokratike q\u00eb nuk jan\u00eb thjesht produkte kompromisi, por piketa orientimi, t\u00eb cilat pohohen fort p\u00ebr vende aspirante, p\u00ebr m\u00eb tep\u00ebr an\u00ebtare t\u00eb NATO.<\/p>\n<p>Ajo &#8220;vul\u00eb&#8221; i ka &#8220;ulur z\u00ebrin&#8221; n\u00eb nj\u00eb far\u00eb m\u00ebnyre Europ\u00ebs p\u00ebr t\u00eb luajtur t\u00eb &#8220;paanshmin&#8221; n\u00eb dinamik\u00ebn e politik\u00ebs shqiptare.<\/p>\n<p>Kjo &#8220;ulje steke&#8221;, e dobishme p\u00ebr pushtetin, nuk favorizon zhvillimin e shpejt\u00eb t\u00eb demokracis\u00eb n\u00eb vend, por nanurit m\u00eb tej praktikat abuzive dhe shpesh jo demokratike t\u00eb nj\u00eb pjese t\u00eb klas\u00ebs politike shqiptare, indirekt inkurajon &#8220;statukuon\u00eb&#8221; n\u00eb hullin\u00eb politike n\u00eb Shqip\u00ebri dhe dekurajon vullnetin dhe besimin p\u00ebr ndryshim.<\/p>\n<p><strong>&#8220;FATURA&#8221; E STRASBURGUT<\/strong><\/p>\n<p>Sikur t\u00eb mos mjaftonte &#8220;turpi&#8221; i patronazhit t\u00eb Strasburgut, Europa sot t\u00ebrhiqet me eleganc\u00eb, duke e \u00e7uar p\u00ebrs\u00ebri kriz\u00ebn n\u00eb pik\u00ebn &#8220;zero&#8221; dhe &#8220;lar\u00eb duart&#8221; me predikimin &#8220;zgjidheni vet\u00eb!&#8221;<\/p>\n<p>Kjo t\u00ebrheqje, nd\u00ebrkoh\u00eb q\u00eb shoq\u00ebria shqiptare kishte mb\u00ebrthyer syt\u00eb drejt saj, shqiptarit t\u00eb thjesht\u00eb nuk i l\u00eb ve\u00e7se shijen e hidhur t\u00eb mosp\u00ebrfilljes deri ciniz\u00ebm p\u00ebr &#8220;puthitur&#8221; m\u00eb mir\u00eb kapakun e kusis\u00eb me presion t\u00eb nj\u00eb shoq\u00ebrie q\u00eb vlon dhe l\u00ebr\u00eb n\u00eb vetmin\u00eb e fatit t\u00eb tij.<\/p>\n<p>Predikimi &#8220;zgjidheni vet\u00eb&#8221; ting\u00ebllon sot absurd, sepse ishte pik\u00ebrisht ajo q\u00eb po b\u00ebnin faktor\u00ebt shqiptar\u00eb mes vetes &#8211; opozita me protestat dhe pushteti me kund\u00ebrargumentet teksa Europa u nd\u00ebrhyri n\u00eb em\u00ebr t\u00eb zgjidhjes s\u00eb situat\u00ebs, prej t\u00eb cil\u00ebs t\u00ebrhiqet sot. N\u00ebse q\u00ebllimi &#8220;Krokodil&#8221; ishte t\u00eb mbyllej nj\u00eb grev\u00eb urie q\u00eb po dramatizonte situat\u00ebn, at\u00ebher\u00eb nuk kishte p\u00ebrse t\u00eb pritej 20 dit\u00eb dhe t\u00eb rrezikohej jeta e dhjet\u00ebra njer\u00ebzve, por t\u00eb ftoheshin lider\u00ebt q\u00eb t\u00eb nes\u00ebrmen e fillimit t\u00eb grev\u00ebs.<\/p>\n<p>Aq sa e v\u00ebrtet\u00eb \u00ebsht\u00eb q\u00eb Europa nuk mund t&#8217;i imponohet nj\u00eb vendi sovran, aq e v\u00ebrtet\u00eb \u00ebsht\u00eb q\u00eb n\u00ebse vendi \u00ebsht\u00eb aspirant drejt saj, ajo t\u00eb bashkoj\u00eb n\u00eb nj\u00eb faktet dhe dinamikat me prirje joper\u00ebndimore me aktor\u00ebt q\u00eb i bartin apo provokojn\u00eb ato duke v\u00ebn\u00eb pikat mbi &#8220;i&#8221; dhe mos l\u00ebr\u00eb vend p\u00ebr spekulim.<\/p>\n<p><strong>PADYZIM<\/strong><\/p>\n<p>Sot n\u00eb Shqip\u00ebri kriza \u00ebsht\u00eb n\u00eb embrionin e demokracis\u00eb &#8211; besimi tek vota. Europ\u00ebs duhet t&#8217;i &#8220;dh\u00ebmb\u00eb&#8221; m\u00eb shum\u00eb se kushdo \u00e7\u00ebshtja e vot\u00ebs, p\u00ebr hir t\u00eb interesit t\u00eb saj, qytetar\u00ebve t\u00eb saj, por dhe qytetar\u00ebve shqiptar\u00eb q\u00eb meritojn\u00eb nj\u00eb ardhme m\u00eb t\u00eb mir\u00eb dhe sa m\u00eb shpejt.<\/p>\n<p>Liberalizimi vizave, p\u00ebrtej spekulimeve me t\u00eb, p\u00ebrkund\u00ebr faktit se nuk ofron pun\u00ebsim p\u00ebrkundrazi do &#8220;pompoj\u00eb&#8221; m\u00eb tep\u00ebr para jasht\u00eb vendit si turist\u00eb, do kontribuoj\u00eb m\u00eb tej n\u00eb emancipimin demokratik t\u00eb qytetar\u00ebve e rrjedhimisht do t\u00eb shpjer\u00eb n\u00eb realiz\u00ebm t\u00eb m\u00ebtejsh\u00ebm n\u00eb perceptimin e politik\u00ebs n\u00eb Shqip\u00ebri me p\u00ebrfitime p\u00ebr vlerat demokratike.<\/p>\n<p>Nd\u00ebrsa n\u00eb vend, shum\u00ebkush p\u00ebr konformiz\u00ebm mund t\u00eb jet\u00eb n\u00eb &#8220;turm\u00ebn e Andersenit&#8221; dhe nuk mund thot\u00eb me z\u00eb t\u00eb lart\u00eb se mbreti \u00ebsht\u00eb lakuriq, Europa nuk ka p\u00ebrse dhe nuk duhet t\u00eb demonstroj\u00eb nj\u00eb q\u00ebndrim t\u00eb ngjash\u00ebm.<\/p>\n<p>Dilema n\u00ebse interesi p\u00ebr k\u00ebt\u00eb &#8220;sag\u00eb&#8221; \u00ebsht\u00eb periferik p\u00ebr t\u00eb apo interesi \u00ebsht\u00eb p\u00ebrtej parimit, pavar\u00ebsisht p\u00ebrgjigjes, cenon nj\u00ebsoj mbar\u00ebvajtjen e demokracis\u00eb n\u00eb vend.<\/p>\n<p>Shqip\u00ebria, e p\u00ebrg\u00ebzuar gjithnj\u00eb p\u00ebr &#8220;protagoniz\u00ebm&#8221; stabiliteti n\u00eb rajon, realisht nuk po promovohet sikurse ndodh me vende t\u00eb tjera p\u00ebrreth me t\u00eb shkuar t\u00eb af\u00ebrme t\u00eb turbullt deri t\u00eb p\u00ebrgjakshme.<\/p>\n<p>Ky rol stabiliteti, p\u00ebrball\u00eb &#8220;neutralitetit&#8221; deri n\u00eb injorim prej Europ\u00ebs p\u00ebr ecurin\u00eb e demokracis\u00eb n\u00eb vend, ve\u00e7se pezmaton. Europa na e ka borxh t\u00eb v\u00ebrtet\u00ebn dhe n\u00ebse preferon t\u00eb jet\u00eb jo tutori por partneri yn\u00eb i sinqert\u00eb duhet ta drejtoj\u00eb gishtin drejt plag\u00ebs dhe shkaktarit e padyzuar.<\/p>\n<p><strong>&#8220;VAKSINIMI&#8221; I ZGJEDHJEVE LOKALE<\/strong><\/p>\n<p>Me zgjedhjet lokale n\u00eb prag, besimi rifitohet me realizimin e transparenc\u00ebs integrale zgjedhore. Precedenti i transparenc\u00ebs s\u00eb zgjedhjeve t\u00eb 2009 duhet materializuar p\u00ebrpara zgjedhjeve vendore p\u00ebr t\u00eb garantuar nj\u00eb proces zgjedhor ku &#8220;frika&#8221; nga ligji t\u00eb ruaj\u00eb vot\u00ebn t\u00eb virgj\u00ebr. Kjo do sfumoj\u00eb vullnetin propagandistik t\u00eb krah\u00ebve t\u00eb politik\u00ebs n\u00eb em\u00ebr t\u00eb vot\u00ebs teksa transparenca del jasht\u00eb domenit t\u00eb tyre.<\/p>\n<p>Zgjedhjet vendore krahas transparenc\u00ebs k\u00ebrkojn\u00eb dhe nj\u00eb proces t\u00eb mir\u00ebfillt\u00eb teknik si\u00e7 \u00ebsht\u00eb ai i aplikimit t\u00eb kart\u00ebs s\u00eb identitetit online q\u00eb faktikisht ende ka mbetur n\u00eb rolin e nj\u00eb certifikate klasike, pavar\u00ebsisht nj\u00eb periudhe nj\u00ebvje\u00e7are t\u00eb emetimit t\u00eb tyre.<\/p>\n<p>P\u00ebrball\u00eb diskreditimit t\u00eb shenjt\u00ebris\u00eb s\u00eb vot\u00ebs, kriz\u00ebs s\u00eb thell\u00eb t\u00eb mosbesimit politik, zgjedhjeve t\u00eb reja n\u00eb prag, ekonomis\u00eb s\u00eb turbullt dhe momenteve decizive p\u00ebr integrimin n\u00eb BE, koha nuk justifikon arroganc\u00ebn e pushtetit p\u00ebrball\u00eb legjitimitetit t\u00eb opozit\u00ebs p\u00ebr transparenc\u00eb zgjedhore.<\/p>\n<p>Nd\u00ebrsa dilemat p\u00ebr aktor\u00ebt shqiptar\u00eb mund t\u00eb enden disi m\u00eb gjat\u00eb n\u00eb hullin\u00eb e koh\u00ebs, p\u00ebr Europ\u00ebn t\u00eb tilla nuk duhet t\u00eb ket\u00eb dhe kambana e saj duhet t\u00eb gj\u00ebmoj\u00eb fort dhe sot.<\/p>\n","protected":false},"excerpt":{"rendered":"<p>Prof. As. Dr. Artan Duka, 07.07.2010 Greva e uris\u00eb n\u00eb em\u00ebr t\u00eb vot\u00ebs transparente testoi, krahas vullnetit politik absolut t\u00eb opozit\u00ebs n\u00eb kuror\u00ebzimin e vot\u00ebs s\u00eb lir\u00eb p\u00ebrball\u00eb absurdit t\u00eb mohimit me \u00e7do kusht t\u00eb saj, edhe vullnetin dhe forc\u00ebn e politik\u00ebs europiane p\u00ebr t\u00eb pohuar objektivitet, principialitet e d\u00ebshmuar vendosm\u00ebri p\u00ebr t\u00eb &#8220;imponuar&#8221; standarde [&hellip;]<\/p>\n","protected":false},"author":1,"featured_media":0,"comment_status":"open","ping_status":"closed","sticky":false,"template":"","format":"standard","meta":{"footnotes":""},"categories":[2],"tags":[],"class_list":{"0":"post-3229","1":"post","2":"type-post","3":"status-publish","4":"format-standard","6":"category-artikuj"},"yoast_head":"<!-- This site is optimized with the Yoast SEO plugin v27.4 - https:\/\/yoast.com\/product\/yoast-seo-wordpress\/ -->\n<title>Kambana e Europ\u00ebs - FjALA e LIR\u00cb - Arkivi<\/title>\n<meta name=\"robots\" content=\"index, follow, max-snippet:-1, max-image-preview:large, max-video-preview:-1\" \/>\n<link rel=\"canonical\" href=\"https:\/\/fjala.info\/2009-2015\/kambana-e-europes\/\" \/>\n<meta property=\"og:locale\" content=\"sq_AL\" \/>\n<meta property=\"og:type\" content=\"article\" \/>\n<meta property=\"og:title\" content=\"Kambana e Europ\u00ebs - FjALA e LIR\u00cb - Arkivi\" \/>\n<meta property=\"og:description\" content=\"Prof. As. Dr. Artan Duka, 07.07.2010 Greva e uris\u00eb n\u00eb em\u00ebr t\u00eb vot\u00ebs transparente testoi, krahas vullnetit politik absolut t\u00eb opozit\u00ebs n\u00eb kuror\u00ebzimin e vot\u00ebs s\u00eb lir\u00eb p\u00ebrball\u00eb absurdit t\u00eb mohimit me \u00e7do kusht t\u00eb saj, edhe vullnetin dhe forc\u00ebn e politik\u00ebs europiane p\u00ebr t\u00eb pohuar objektivitet, principialitet e d\u00ebshmuar vendosm\u00ebri p\u00ebr t\u00eb &#8220;imponuar&#8221; standarde [&hellip;]\" \/>\n<meta property=\"og:url\" content=\"https:\/\/fjala.info\/2009-2015\/kambana-e-europes\/\" \/>\n<meta property=\"og:site_name\" content=\"FjALA e LIR\u00cb - Arkivi\" \/>\n<meta property=\"article:published_time\" content=\"2010-07-07T08:00:52+00:00\" \/>\n<meta name=\"author\" content=\"admin\" \/>\n<meta name=\"twitter:card\" content=\"summary_large_image\" \/>\n<meta name=\"twitter:label1\" content=\"Written by\" \/>\n\t<meta name=\"twitter:data1\" content=\"admin\" \/>\n\t<meta name=\"twitter:label2\" content=\"Est. reading time\" \/>\n\t<meta name=\"twitter:data2\" content=\"6 minutes\" \/>\n<script type=\"application\/ld+json\" class=\"yoast-schema-graph\">{\"@context\":\"https:\\\/\\\/schema.org\",\"@graph\":[{\"@type\":\"Article\",\"@id\":\"https:\\\/\\\/fjala.info\\\/2009-2015\\\/kambana-e-europes\\\/#article\",\"isPartOf\":{\"@id\":\"https:\\\/\\\/fjala.info\\\/2009-2015\\\/kambana-e-europes\\\/\"},\"author\":{\"name\":\"admin\",\"@id\":\"https:\\\/\\\/fjala.info\\\/2009-2015\\\/#\\\/schema\\\/person\\\/3aa1163ef05469c496fc94e77611ada2\"},\"headline\":\"Kambana e Europ\u00ebs\",\"datePublished\":\"2010-07-07T08:00:52+00:00\",\"mainEntityOfPage\":{\"@id\":\"https:\\\/\\\/fjala.info\\\/2009-2015\\\/kambana-e-europes\\\/\"},\"wordCount\":1140,\"commentCount\":0,\"publisher\":{\"@id\":\"https:\\\/\\\/fjala.info\\\/2009-2015\\\/#organization\"},\"articleSection\":[\"Artikuj\"],\"inLanguage\":\"sq-AL\",\"potentialAction\":[{\"@type\":\"CommentAction\",\"name\":\"Comment\",\"target\":[\"https:\\\/\\\/fjala.info\\\/2009-2015\\\/kambana-e-europes\\\/#respond\"]}]},{\"@type\":\"WebPage\",\"@id\":\"https:\\\/\\\/fjala.info\\\/2009-2015\\\/kambana-e-europes\\\/\",\"url\":\"https:\\\/\\\/fjala.info\\\/2009-2015\\\/kambana-e-europes\\\/\",\"name\":\"Kambana e Europ\u00ebs - FjALA e LIR\u00cb - Arkivi\",\"isPartOf\":{\"@id\":\"https:\\\/\\\/fjala.info\\\/2009-2015\\\/#website\"},\"datePublished\":\"2010-07-07T08:00:52+00:00\",\"breadcrumb\":{\"@id\":\"https:\\\/\\\/fjala.info\\\/2009-2015\\\/kambana-e-europes\\\/#breadcrumb\"},\"inLanguage\":\"sq-AL\",\"potentialAction\":[{\"@type\":\"ReadAction\",\"target\":[\"https:\\\/\\\/fjala.info\\\/2009-2015\\\/kambana-e-europes\\\/\"]}]},{\"@type\":\"BreadcrumbList\",\"@id\":\"https:\\\/\\\/fjala.info\\\/2009-2015\\\/kambana-e-europes\\\/#breadcrumb\",\"itemListElement\":[{\"@type\":\"ListItem\",\"position\":1,\"name\":\"Home\",\"item\":\"https:\\\/\\\/fjala.info\\\/2009-2015\\\/\"},{\"@type\":\"ListItem\",\"position\":2,\"name\":\"Kambana e Europ\u00ebs\"}]},{\"@type\":\"WebSite\",\"@id\":\"https:\\\/\\\/fjala.info\\\/2009-2015\\\/#website\",\"url\":\"https:\\\/\\\/fjala.info\\\/2009-2015\\\/\",\"name\":\"FjALA e LIR\u00cb - Arkivi\",\"description\":\"Arkivi 2009-2015\",\"publisher\":{\"@id\":\"https:\\\/\\\/fjala.info\\\/2009-2015\\\/#organization\"},\"potentialAction\":[{\"@type\":\"SearchAction\",\"target\":{\"@type\":\"EntryPoint\",\"urlTemplate\":\"https:\\\/\\\/fjala.info\\\/2009-2015\\\/?s={search_term_string}\"},\"query-input\":{\"@type\":\"PropertyValueSpecification\",\"valueRequired\":true,\"valueName\":\"search_term_string\"}}],\"inLanguage\":\"sq-AL\"},{\"@type\":\"Organization\",\"@id\":\"https:\\\/\\\/fjala.info\\\/2009-2015\\\/#organization\",\"name\":\"FjALA e LIR\u00cb - Arkivi\",\"url\":\"https:\\\/\\\/fjala.info\\\/2009-2015\\\/\",\"logo\":{\"@type\":\"ImageObject\",\"inLanguage\":\"sq-AL\",\"@id\":\"https:\\\/\\\/fjala.info\\\/2009-2015\\\/#\\\/schema\\\/logo\\\/image\\\/\",\"url\":\"\",\"contentUrl\":\"\",\"caption\":\"FjALA e LIR\u00cb - Arkivi\"},\"image\":{\"@id\":\"https:\\\/\\\/fjala.info\\\/2009-2015\\\/#\\\/schema\\\/logo\\\/image\\\/\"}},{\"@type\":\"Person\",\"@id\":\"https:\\\/\\\/fjala.info\\\/2009-2015\\\/#\\\/schema\\\/person\\\/3aa1163ef05469c496fc94e77611ada2\",\"name\":\"admin\",\"image\":{\"@type\":\"ImageObject\",\"inLanguage\":\"sq-AL\",\"@id\":\"https:\\\/\\\/fjala.info\\\/2009-2015\\\/wp-content\\\/uploads\\\/2012\\\/02\\\/arben_cokaj-120x150.jpg\",\"url\":\"https:\\\/\\\/fjala.info\\\/2009-2015\\\/wp-content\\\/uploads\\\/2012\\\/02\\\/arben_cokaj-120x150.jpg\",\"contentUrl\":\"https:\\\/\\\/fjala.info\\\/2009-2015\\\/wp-content\\\/uploads\\\/2012\\\/02\\\/arben_cokaj-120x150.jpg\",\"caption\":\"admin\"},\"description\":\"Admin, Fjala e Lir\u00eb\",\"sameAs\":[\"https:\\\/\\\/fjala.info\\\/\"],\"url\":\"https:\\\/\\\/fjala.info\\\/2009-2015\\\/author\\\/admin\\\/\"}]}<\/script>\n<!-- \/ Yoast SEO plugin. -->","yoast_head_json":{"title":"Kambana e Europ\u00ebs - FjALA e LIR\u00cb - Arkivi","robots":{"index":"index","follow":"follow","max-snippet":"max-snippet:-1","max-image-preview":"max-image-preview:large","max-video-preview":"max-video-preview:-1"},"canonical":"https:\/\/fjala.info\/2009-2015\/kambana-e-europes\/","og_locale":"sq_AL","og_type":"article","og_title":"Kambana e Europ\u00ebs - FjALA e LIR\u00cb - Arkivi","og_description":"Prof. As. Dr. Artan Duka, 07.07.2010 Greva e uris\u00eb n\u00eb em\u00ebr t\u00eb vot\u00ebs transparente testoi, krahas vullnetit politik absolut t\u00eb opozit\u00ebs n\u00eb kuror\u00ebzimin e vot\u00ebs s\u00eb lir\u00eb p\u00ebrball\u00eb absurdit t\u00eb mohimit me \u00e7do kusht t\u00eb saj, edhe vullnetin dhe forc\u00ebn e politik\u00ebs europiane p\u00ebr t\u00eb pohuar objektivitet, principialitet e d\u00ebshmuar vendosm\u00ebri p\u00ebr t\u00eb &#8220;imponuar&#8221; standarde [&hellip;]","og_url":"https:\/\/fjala.info\/2009-2015\/kambana-e-europes\/","og_site_name":"FjALA e LIR\u00cb - Arkivi","article_published_time":"2010-07-07T08:00:52+00:00","author":"admin","twitter_card":"summary_large_image","twitter_misc":{"Written by":"admin","Est. reading time":"6 minutes"},"schema":{"@context":"https:\/\/schema.org","@graph":[{"@type":"Article","@id":"https:\/\/fjala.info\/2009-2015\/kambana-e-europes\/#article","isPartOf":{"@id":"https:\/\/fjala.info\/2009-2015\/kambana-e-europes\/"},"author":{"name":"admin","@id":"https:\/\/fjala.info\/2009-2015\/#\/schema\/person\/3aa1163ef05469c496fc94e77611ada2"},"headline":"Kambana e Europ\u00ebs","datePublished":"2010-07-07T08:00:52+00:00","mainEntityOfPage":{"@id":"https:\/\/fjala.info\/2009-2015\/kambana-e-europes\/"},"wordCount":1140,"commentCount":0,"publisher":{"@id":"https:\/\/fjala.info\/2009-2015\/#organization"},"articleSection":["Artikuj"],"inLanguage":"sq-AL","potentialAction":[{"@type":"CommentAction","name":"Comment","target":["https:\/\/fjala.info\/2009-2015\/kambana-e-europes\/#respond"]}]},{"@type":"WebPage","@id":"https:\/\/fjala.info\/2009-2015\/kambana-e-europes\/","url":"https:\/\/fjala.info\/2009-2015\/kambana-e-europes\/","name":"Kambana e Europ\u00ebs - FjALA e LIR\u00cb - Arkivi","isPartOf":{"@id":"https:\/\/fjala.info\/2009-2015\/#website"},"datePublished":"2010-07-07T08:00:52+00:00","breadcrumb":{"@id":"https:\/\/fjala.info\/2009-2015\/kambana-e-europes\/#breadcrumb"},"inLanguage":"sq-AL","potentialAction":[{"@type":"ReadAction","target":["https:\/\/fjala.info\/2009-2015\/kambana-e-europes\/"]}]},{"@type":"BreadcrumbList","@id":"https:\/\/fjala.info\/2009-2015\/kambana-e-europes\/#breadcrumb","itemListElement":[{"@type":"ListItem","position":1,"name":"Home","item":"https:\/\/fjala.info\/2009-2015\/"},{"@type":"ListItem","position":2,"name":"Kambana e Europ\u00ebs"}]},{"@type":"WebSite","@id":"https:\/\/fjala.info\/2009-2015\/#website","url":"https:\/\/fjala.info\/2009-2015\/","name":"FjALA e LIR\u00cb - Arkivi","description":"Arkivi 2009-2015","publisher":{"@id":"https:\/\/fjala.info\/2009-2015\/#organization"},"potentialAction":[{"@type":"SearchAction","target":{"@type":"EntryPoint","urlTemplate":"https:\/\/fjala.info\/2009-2015\/?s={search_term_string}"},"query-input":{"@type":"PropertyValueSpecification","valueRequired":true,"valueName":"search_term_string"}}],"inLanguage":"sq-AL"},{"@type":"Organization","@id":"https:\/\/fjala.info\/2009-2015\/#organization","name":"FjALA e LIR\u00cb - Arkivi","url":"https:\/\/fjala.info\/2009-2015\/","logo":{"@type":"ImageObject","inLanguage":"sq-AL","@id":"https:\/\/fjala.info\/2009-2015\/#\/schema\/logo\/image\/","url":"","contentUrl":"","caption":"FjALA e LIR\u00cb - Arkivi"},"image":{"@id":"https:\/\/fjala.info\/2009-2015\/#\/schema\/logo\/image\/"}},{"@type":"Person","@id":"https:\/\/fjala.info\/2009-2015\/#\/schema\/person\/3aa1163ef05469c496fc94e77611ada2","name":"admin","image":{"@type":"ImageObject","inLanguage":"sq-AL","@id":"https:\/\/fjala.info\/2009-2015\/wp-content\/uploads\/2012\/02\/arben_cokaj-120x150.jpg","url":"https:\/\/fjala.info\/2009-2015\/wp-content\/uploads\/2012\/02\/arben_cokaj-120x150.jpg","contentUrl":"https:\/\/fjala.info\/2009-2015\/wp-content\/uploads\/2012\/02\/arben_cokaj-120x150.jpg","caption":"admin"},"description":"Admin, Fjala e Lir\u00eb","sameAs":["https:\/\/fjala.info\/"],"url":"https:\/\/fjala.info\/2009-2015\/author\/admin\/"}]}},"_links":{"self":[{"href":"https:\/\/fjala.info\/2009-2015\/wp-json\/wp\/v2\/posts\/3229","targetHints":{"allow":["GET"]}}],"collection":[{"href":"https:\/\/fjala.info\/2009-2015\/wp-json\/wp\/v2\/posts"}],"about":[{"href":"https:\/\/fjala.info\/2009-2015\/wp-json\/wp\/v2\/types\/post"}],"author":[{"embeddable":true,"href":"https:\/\/fjala.info\/2009-2015\/wp-json\/wp\/v2\/users\/1"}],"replies":[{"embeddable":true,"href":"https:\/\/fjala.info\/2009-2015\/wp-json\/wp\/v2\/comments?post=3229"}],"version-history":[{"count":0,"href":"https:\/\/fjala.info\/2009-2015\/wp-json\/wp\/v2\/posts\/3229\/revisions"}],"wp:attachment":[{"href":"https:\/\/fjala.info\/2009-2015\/wp-json\/wp\/v2\/media?parent=3229"}],"wp:term":[{"taxonomy":"category","embeddable":true,"href":"https:\/\/fjala.info\/2009-2015\/wp-json\/wp\/v2\/categories?post=3229"},{"taxonomy":"post_tag","embeddable":true,"href":"https:\/\/fjala.info\/2009-2015\/wp-json\/wp\/v2\/tags?post=3229"}],"curies":[{"name":"wp","href":"https:\/\/api.w.org\/{rel}","templated":true}]}}