{"id":3218,"date":"2012-06-11T02:07:42","date_gmt":"2012-06-11T01:07:42","guid":{"rendered":"http:\/\/www.fjala.info\/?p=3218"},"modified":"2012-06-11T02:07:42","modified_gmt":"2012-06-11T01:07:42","slug":"berisha-artan-hoxha-nje-personalitet-i-shquar-i-shoqerise-civile-dhe-publicistikes","status":"publish","type":"post","link":"https:\/\/fjala.info\/2009-2015\/berisha-artan-hoxha-nje-personalitet-i-shquar-i-shoqerise-civile-dhe-publicistikes\/","title":{"rendered":"Berisha: Artan Hoxha, nj\u00eb personalitet i shquar i shoq\u00ebris\u00eb civile dhe publicistik\u00ebs"},"content":{"rendered":"<p><img decoding=\"async\" class=\"alignright size-thumbnail wp-image-7236\" title=\"Artan Hoxha\" src=\"http:\/\/www.fjala.info\/2012\/artan_hoxha.jpg\" alt=\"\" width=\"300\" \/> <strong>TemA Online<\/strong>, <em>10 Qershor 2012<\/em><\/p>\n<p>Kryeministri Berisha u shpreh pas takimit pozit\u00eb-opozit\u00eb se mazhoranca ka b\u00ebr\u00eb t\u00eb gjtiha p\u00ebrpjekjet p\u00ebr t\u00eb b\u00ebr\u00eb t\u00eb mundur zgjedhjen e nj\u00eb kandidati q\u00eb do t\u00eb g\u00ebzonte edhe mb\u00ebshtetjen e opozit\u00ebs.<\/p>\n<p>\u201cMazhoranca b\u00ebri nj\u00eb p\u00ebrpjekje t\u00eb madhe q\u00eb t\u00eb afrohej p\u00ebrs\u00ebri me opozit\u00ebn. P\u00ebr k\u00ebt\u00eb arsye n\u00eb p\u00ebrzgjodh\u00ebm kandidatura t\u00eb njohura p\u00ebr reputacionin e tyre n\u00eb fushat p\u00ebrkat\u00ebse. P\u00ebrzgjodh\u00ebm persoanlitete t\u00eb shquara. Megjith\u00eb shk\u00ebmbimin e hapur t\u00eb mendimeve nukarrit\u00ebm nj\u00eb kandidatur\u00eb konsenduale, ndaj vendos\u00ebm q\u00eb nes\u00ebr t\u00eb paraqesim n\u00eb Parlament nj\u00eb personalitet t\u00eb shquar t\u00eb shoq\u00ebris\u00eb civile dhe publicistik\u00ebs\u201d. &#8211; u shpreh kryeministri Berisha, duke vler\u00ebsuar \u201ckontributin e tij n\u00eb kompleksitetin e reformave gjat\u00eb dekad\u00ebs s\u00eb fundit\u201d.<\/p>\n<p>Nd\u00ebrkoh\u00eb, Ilir Meta u shpreh se \u201ccaktimi i Artan Hoxh\u00ebs nuk p\u00ebrb\u00ebn penges\u00eb p\u00ebr statusin kandidat. Mund t\u00eb jet\u00eb fryma konfliktuale e politik\u00ebs shqiptare ajo q\u00eb mund t\u00eb pengoj\u00eb integrimin e Shqip\u00ebris\u00eb.\u201d<\/p>\n<p>&#8212;&#8212;&#8212;&#8212;&#8211;<\/p>\n<p><strong>Artan Hoxha, KANDIDATI i mazhoranc\u00ebs p\u00ebr president<\/strong><\/p>\n<p><strong>TemA Online<\/strong>, <em>10 Qershor 2012 <\/em><\/p>\n<p>(<em>E PERDITESUAR<\/em>) &#8211; Artan Hoxha \u00ebsht\u00eb kandidati i mazhoranc\u00ebs p\u00ebr president. Pavar\u00ebsisht takimit t\u00eb sot\u00ebm mes opozit\u00ebs dhe pozit\u00ebs, nuk \u00ebsht\u00eb r\u00ebn\u00eb dakord p\u00ebr nj\u00eb kandidat konsensual dhe p\u00ebr k\u00ebt\u00eb arsye, mazhoranca ka zgjedhur e vetme kandidatin p\u00ebr president. Hoxha do t\u00eb votohet nes\u00ebr n\u00eb Kuvend dhe me shum\u00eb gjasa do t\u00eb jet\u00eb presidenti i Shqip\u00ebris\u00eb.<\/p>\n<p><strong>Kush eshte Artan Hoxha<\/strong><br \/>\nArtan Hoxha ka mbaruar studimet n\u00eb Fakultetin Gjeologji Miniera n\u00eb vitin 1989, me rezultate t\u00eb shk\u00eblqyera. Ka punuar p\u00ebr dy vite n\u00eb nd\u00ebrmarrjen shpim k\u00ebrkim gazit n\u00eb ult\u00ebsir\u00ebn e bregdetit dhe n\u00eb vitin 1991 drejtoi Partin\u00eb Demokratike n\u00eb Durr\u00ebs. Pas fitores s\u00eb zgjedhjeve m\u00eb 22 mars 1992, ai u b\u00eb <em>Minist\u00ebr i Tregtis\u00eb me jasht\u00eb<\/em>, duke u b\u00ebr\u00eb dhe ministri m\u00eb i ri n\u00eb historin\u00eb e Shqip\u00ebris\u00eb.<\/p>\n<p>Hoxha u <strong>konfliktua<\/strong> shpejt me Berish\u00ebn dhe n\u00eb fund t\u00eb vitit 1993, u detyrua t\u00eb dorhiqet. N\u00eb Korrik t\u00eb vitit 1994 ai shkoi n\u00eb Milano ku mbaroi studimet pasuniversitare si ekonomist p\u00ebr energjin\u00eb e mjedisit, dhe u kthye prej andej n\u00eb vitin 1995. Berisha nxiti nj\u00eb hetim ndaj tij, q\u00eb nisi n\u00eb Dhjetor t\u00eb vitit 1994, pas humbjes s\u00eb referendumit p\u00ebr Kushtetut\u00ebn. Hoxha shikohej n\u00eb at\u00eb koh\u00eb si njeri i af\u00ebrt me Ministrin e Financave Genc Ruli, ndaj t\u00eb cilit po ashtu u tentua t\u00eb niste nj\u00eb proces penal por u bllokua nga kuvendi, i cili nuk i hoqi imunitetin.<\/p>\n<p>Pas daljes nga qeveria dhe nisjes s\u00eb hetimeve, Hoxha u largua nga Shqip\u00ebria, dhe u rikthye pas vitit 1997. S\u00eb bashku me Genc Rulin themeloi Institutin e Studimeve Bashk\u00ebkohore, nj\u00eb OJQ e r\u00ebnd\u00ebsishme n\u00eb fush\u00ebn e projekteve p\u00ebr mir\u00ebqeverisjen dhe zhvillimin e vendit.<\/p>\n<p>Ai ka punuar ngusht\u00eb me gjith\u00eb qeverit\u00eb shqiptare, p\u00ebrfshi at\u00eb t\u00eb Ilir Met\u00ebs, Pandeli Majkos dhe Fatos Nanos.<br \/>\nPas vitit 2004, Hoxha filloi t\u00eb riafrohet me PD, dhe Berish\u00ebn. Ai u p\u00ebrfshi n\u00eb grupet e pun\u00ebs p\u00ebr hartimin e programit t\u00eb PD-s\u00eb, fal\u00eb dhe p\u00ebrvoj\u00ebs q\u00eb kishte p\u00ebr shkak t\u00eb bashk\u00ebpunimit me qeverit\u00eb socialiste.<br \/>\nPas vitit 2005, ai ka vazhduar t\u00eb drejtoj OJQ e tij, e cila ka nj\u00eb qarkullim t\u00eb madh p\u00ebr shkak t\u00eb projekteve t\u00eb shumta q\u00eb menaxhon n\u00eb bashk\u00ebpunim me qeverin\u00eb dhe institucionet partnere t\u00eb saj.<br \/>\nN\u00eb vitin 2010 ka krijuar dhe nj\u00eb Universitet privat, <strong>Tirana Business Universiety<\/strong>.<\/p>\n<p>\u00cbsht\u00eb i njohur p\u00ebr publikun shqiptar koh\u00ebt e fundit si nj\u00eb pjesmar\u00ebs aktiv n\u00eb debatet politike i afishuar shum\u00eb fort pro PD-s\u00eb.<\/p>\n<p>M\u00ebsohet se ai \u00ebsht\u00eb propozuar qysh dit\u00ebn q\u00eb \u00ebsht\u00eb rr\u00ebzuar Zaganjori, prej Berish\u00ebs dhe ka arritur t\u00eb bashkoj votat e shumic\u00ebs.<\/p>\n<p>&#8212;&#8212;&#8212;&#8212;&#8212;<\/p>\n<p><strong>Presidenti\/ Ja kush \u00ebsht\u00eb kandidati i mazhoranc\u00ebs<\/strong> <\/p>\n<p><strong><em>Kush \u00ebsht\u00eb kandidati i mazhoranc\u00ebs p\u00ebr President t\u00eb ri t\u00eb vendit?<\/em><\/strong> <\/p>\n<p><strong>Artan Hoxha<\/strong> \u00ebsht\u00eb nj\u00eb nga ekspert\u00ebt e mir\u00ebnjohur t\u00eb ekonomis\u00eb. Minist\u00ebr i Tregtis\u00eb dhe Bashk\u00ebpunimit Ekonomik (1992-1993) <\/p>\n<p>Drejtor e m\u00eb pas President i Institutit t\u00eb Studimeve Bashk\u00ebkohore (ISB) nga viti 1997 e n\u00eb vazhdim ; An\u00ebtar i K\u00ebshillit t\u00eb Administrimit t\u00eb Universitetit t\u00eb Tiran\u00ebs (Shkurt 2008-Maj 2010) ; an\u00ebtar i Bordit K\u00ebshillimor t\u00eb Qendr\u00ebs K\u00ebrkimore p\u00ebr Evrop\u00ebn Juglindore (SEERC) n\u00eb Selanik t\u00eb Greqis\u00eb ; an\u00ebtar i Bordit K\u00ebshillimor t\u00eb Televizionit Ora News ; an\u00ebtar i Bordit K\u00ebshillimor t\u00eb Revist\u00ebs Monitor ; themelues, an\u00ebtar dhe Drejtor i Bordit t\u00eb Drejtor\u00ebve t\u00eb Qendr\u00ebs s\u00eb Arbitrimit dhe Nd\u00ebrmjet\u00ebsimit Tregtar, jan\u00eb disa nga rolet e mbajtura apo n\u00eb ushtrim e sip\u00ebr nga z. Hoxha. P\u00ebrgjat\u00eb karrier\u00ebs s\u00eb tij mbi 20 vje\u00e7are, z. Hoxha ka kontribuar n\u00eb p\u00ebrgatitjen e politikave, strategjive dhe ligjeve m\u00eb t\u00eb r\u00ebnd\u00ebsishme t\u00eb lidhura me reformat ekonomike dhe institucionale. <\/p>\n<p>Vitet e fundit, ka luajtur rol thelb\u00ebsor n\u00eb ngritjen e Qendr\u00ebs Komb\u00ebtare t\u00eb Regjistrimit (QKR), Qendr\u00ebs Komb\u00ebtare t\u00eb Licencimit (QKL), reformimin e sistemit fiskal, krijimin e gjykatave administrative dhe aktualisht po punon p\u00ebr reformimin e sistemit institucional e ligjor t\u00eb inspektimeve administrative mbi biznesin. <\/p>\n<p>Z. Hoxha \u00ebsht\u00eb nj\u00eb nga opinionist\u00ebt e njohur lidhur me \u00e7\u00ebshtjet ekonomike, ligjore, institucionale dhe politike me nj\u00eb aktivitet t\u00eb spikatur mediatik n\u00eb median televizive dhe shtypin e p\u00ebrditsh\u00ebm. <\/p>\n<p>Z. Hoxha, trajner i licencuar n\u00eb Administrim Biznesi nga ILO Training Center n\u00eb Torino t\u00eb Italis\u00eb (1997), \u00ebsht\u00eb nj\u00eb njoh\u00ebs i thelluar i \u00e7\u00ebshtjeve t\u00eb lidhura me zhvillimin e sektorit privat. Institucione shtet\u00ebrore shqiptare apo nd\u00ebrkomb\u00ebtare si dhe biznese shqiptare e t\u00eb huaja ne Shqip\u00ebri i drejtohen p\u00ebr k\u00ebshillim. <\/p>\n<p>Z. Hoxha ka kryer studimet pasuniversitare Master n\u00eb Ekonomin\u00eb e Mjedisit dhe Energjis\u00eb n\u00eb Shkoll\u00ebn Pasuniversitare Enrico Mattei t\u00eb Grupit Eni, Itali (1994-1995) dhe ato universitare n\u00eb Fakultetin e Gjeologjis\u00eb e Minierave t\u00eb Universitetit Politeknik t\u00eb Tiran\u00ebs (1984-1989). Ai \u00ebsht\u00eb shpallur dy her\u00eb rresht, n\u00eb vitet 1982 dhe 1983, fitues i vendit t\u00eb par\u00eb n\u00eb Olimpiadat Komb\u00ebtare t\u00eb Matematik\u00ebs. <\/p>\n<p>(<em>jd\/shqiptarja.com<\/em>)<\/p>\n","protected":false},"excerpt":{"rendered":"<p>TemA Online, 10 Qershor 2012 Kryeministri Berisha u shpreh pas takimit pozit\u00eb-opozit\u00eb se mazhoranca ka b\u00ebr\u00eb t\u00eb gjtiha p\u00ebrpjekjet p\u00ebr t\u00eb b\u00ebr\u00eb t\u00eb mundur zgjedhjen e nj\u00eb kandidati q\u00eb do t\u00eb g\u00ebzonte edhe mb\u00ebshtetjen e opozit\u00ebs. \u201cMazhoranca b\u00ebri nj\u00eb p\u00ebrpjekje t\u00eb madhe q\u00eb t\u00eb afrohej p\u00ebrs\u00ebri me opozit\u00ebn. P\u00ebr k\u00ebt\u00eb arsye n\u00eb p\u00ebrzgjodh\u00ebm kandidatura t\u00eb [&hellip;]<\/p>\n","protected":false},"author":1,"featured_media":0,"comment_status":"open","ping_status":"closed","sticky":false,"template":"","format":"standard","meta":{"footnotes":""},"categories":[2,5],"tags":[],"class_list":{"0":"post-3218","1":"post","2":"type-post","3":"status-publish","4":"format-standard","6":"category-artikuj","7":"category-lajme"},"yoast_head":"<!-- This site is optimized with the Yoast SEO plugin v27.4 - https:\/\/yoast.com\/product\/yoast-seo-wordpress\/ -->\n<title>Berisha: Artan Hoxha, nj\u00eb personalitet i shquar i shoq\u00ebris\u00eb civile dhe publicistik\u00ebs - FjALA e LIR\u00cb - Arkivi<\/title>\n<meta name=\"robots\" content=\"index, follow, max-snippet:-1, max-image-preview:large, max-video-preview:-1\" \/>\n<link rel=\"canonical\" href=\"https:\/\/fjala.info\/2009-2015\/berisha-artan-hoxha-nje-personalitet-i-shquar-i-shoqerise-civile-dhe-publicistikes\/\" \/>\n<meta property=\"og:locale\" content=\"sq_AL\" \/>\n<meta property=\"og:type\" content=\"article\" \/>\n<meta property=\"og:title\" content=\"Berisha: Artan Hoxha, nj\u00eb personalitet i shquar i shoq\u00ebris\u00eb civile dhe publicistik\u00ebs - FjALA e LIR\u00cb - Arkivi\" \/>\n<meta property=\"og:description\" content=\"TemA Online, 10 Qershor 2012 Kryeministri Berisha u shpreh pas takimit pozit\u00eb-opozit\u00eb se mazhoranca ka b\u00ebr\u00eb t\u00eb gjtiha p\u00ebrpjekjet p\u00ebr t\u00eb b\u00ebr\u00eb t\u00eb mundur zgjedhjen e nj\u00eb kandidati q\u00eb do t\u00eb g\u00ebzonte edhe mb\u00ebshtetjen e opozit\u00ebs. \u201cMazhoranca b\u00ebri nj\u00eb p\u00ebrpjekje t\u00eb madhe q\u00eb t\u00eb afrohej p\u00ebrs\u00ebri me opozit\u00ebn. P\u00ebr k\u00ebt\u00eb arsye n\u00eb p\u00ebrzgjodh\u00ebm kandidatura t\u00eb [&hellip;]\" \/>\n<meta property=\"og:url\" content=\"https:\/\/fjala.info\/2009-2015\/berisha-artan-hoxha-nje-personalitet-i-shquar-i-shoqerise-civile-dhe-publicistikes\/\" \/>\n<meta property=\"og:site_name\" content=\"FjALA e LIR\u00cb - Arkivi\" \/>\n<meta property=\"article:published_time\" content=\"2012-06-11T01:07:42+00:00\" \/>\n<meta property=\"og:image\" content=\"http:\/\/www.fjala.info\/2012\/artan_hoxha.jpg\" \/>\n<meta name=\"author\" content=\"admin\" \/>\n<meta name=\"twitter:card\" content=\"summary_large_image\" \/>\n<meta name=\"twitter:label1\" content=\"Written by\" \/>\n\t<meta name=\"twitter:data1\" content=\"admin\" \/>\n\t<meta name=\"twitter:label2\" content=\"Est. reading time\" \/>\n\t<meta name=\"twitter:data2\" content=\"5 minutes\" \/>\n<script type=\"application\/ld+json\" class=\"yoast-schema-graph\">{\"@context\":\"https:\\\/\\\/schema.org\",\"@graph\":[{\"@type\":\"Article\",\"@id\":\"https:\\\/\\\/fjala.info\\\/2009-2015\\\/berisha-artan-hoxha-nje-personalitet-i-shquar-i-shoqerise-civile-dhe-publicistikes\\\/#article\",\"isPartOf\":{\"@id\":\"https:\\\/\\\/fjala.info\\\/2009-2015\\\/berisha-artan-hoxha-nje-personalitet-i-shquar-i-shoqerise-civile-dhe-publicistikes\\\/\"},\"author\":{\"name\":\"admin\",\"@id\":\"https:\\\/\\\/fjala.info\\\/2009-2015\\\/#\\\/schema\\\/person\\\/3aa1163ef05469c496fc94e77611ada2\"},\"headline\":\"Berisha: Artan Hoxha, nj\u00eb personalitet i shquar i shoq\u00ebris\u00eb civile dhe publicistik\u00ebs\",\"datePublished\":\"2012-06-11T01:07:42+00:00\",\"mainEntityOfPage\":{\"@id\":\"https:\\\/\\\/fjala.info\\\/2009-2015\\\/berisha-artan-hoxha-nje-personalitet-i-shquar-i-shoqerise-civile-dhe-publicistikes\\\/\"},\"wordCount\":1047,\"commentCount\":0,\"publisher\":{\"@id\":\"https:\\\/\\\/fjala.info\\\/2009-2015\\\/#organization\"},\"image\":{\"@id\":\"https:\\\/\\\/fjala.info\\\/2009-2015\\\/berisha-artan-hoxha-nje-personalitet-i-shquar-i-shoqerise-civile-dhe-publicistikes\\\/#primaryimage\"},\"thumbnailUrl\":\"http:\\\/\\\/www.fjala.info\\\/2012\\\/artan_hoxha.jpg\",\"articleSection\":[\"Artikuj\",\"Lajme\"],\"inLanguage\":\"sq-AL\",\"potentialAction\":[{\"@type\":\"CommentAction\",\"name\":\"Comment\",\"target\":[\"https:\\\/\\\/fjala.info\\\/2009-2015\\\/berisha-artan-hoxha-nje-personalitet-i-shquar-i-shoqerise-civile-dhe-publicistikes\\\/#respond\"]}]},{\"@type\":\"WebPage\",\"@id\":\"https:\\\/\\\/fjala.info\\\/2009-2015\\\/berisha-artan-hoxha-nje-personalitet-i-shquar-i-shoqerise-civile-dhe-publicistikes\\\/\",\"url\":\"https:\\\/\\\/fjala.info\\\/2009-2015\\\/berisha-artan-hoxha-nje-personalitet-i-shquar-i-shoqerise-civile-dhe-publicistikes\\\/\",\"name\":\"Berisha: Artan Hoxha, nj\u00eb personalitet i shquar i shoq\u00ebris\u00eb civile dhe publicistik\u00ebs - FjALA e LIR\u00cb - Arkivi\",\"isPartOf\":{\"@id\":\"https:\\\/\\\/fjala.info\\\/2009-2015\\\/#website\"},\"primaryImageOfPage\":{\"@id\":\"https:\\\/\\\/fjala.info\\\/2009-2015\\\/berisha-artan-hoxha-nje-personalitet-i-shquar-i-shoqerise-civile-dhe-publicistikes\\\/#primaryimage\"},\"image\":{\"@id\":\"https:\\\/\\\/fjala.info\\\/2009-2015\\\/berisha-artan-hoxha-nje-personalitet-i-shquar-i-shoqerise-civile-dhe-publicistikes\\\/#primaryimage\"},\"thumbnailUrl\":\"http:\\\/\\\/www.fjala.info\\\/2012\\\/artan_hoxha.jpg\",\"datePublished\":\"2012-06-11T01:07:42+00:00\",\"breadcrumb\":{\"@id\":\"https:\\\/\\\/fjala.info\\\/2009-2015\\\/berisha-artan-hoxha-nje-personalitet-i-shquar-i-shoqerise-civile-dhe-publicistikes\\\/#breadcrumb\"},\"inLanguage\":\"sq-AL\",\"potentialAction\":[{\"@type\":\"ReadAction\",\"target\":[\"https:\\\/\\\/fjala.info\\\/2009-2015\\\/berisha-artan-hoxha-nje-personalitet-i-shquar-i-shoqerise-civile-dhe-publicistikes\\\/\"]}]},{\"@type\":\"ImageObject\",\"inLanguage\":\"sq-AL\",\"@id\":\"https:\\\/\\\/fjala.info\\\/2009-2015\\\/berisha-artan-hoxha-nje-personalitet-i-shquar-i-shoqerise-civile-dhe-publicistikes\\\/#primaryimage\",\"url\":\"http:\\\/\\\/www.fjala.info\\\/2012\\\/artan_hoxha.jpg\",\"contentUrl\":\"http:\\\/\\\/www.fjala.info\\\/2012\\\/artan_hoxha.jpg\"},{\"@type\":\"BreadcrumbList\",\"@id\":\"https:\\\/\\\/fjala.info\\\/2009-2015\\\/berisha-artan-hoxha-nje-personalitet-i-shquar-i-shoqerise-civile-dhe-publicistikes\\\/#breadcrumb\",\"itemListElement\":[{\"@type\":\"ListItem\",\"position\":1,\"name\":\"Home\",\"item\":\"https:\\\/\\\/fjala.info\\\/2009-2015\\\/\"},{\"@type\":\"ListItem\",\"position\":2,\"name\":\"Berisha: Artan Hoxha, nj\u00eb personalitet i shquar i shoq\u00ebris\u00eb civile dhe publicistik\u00ebs\"}]},{\"@type\":\"WebSite\",\"@id\":\"https:\\\/\\\/fjala.info\\\/2009-2015\\\/#website\",\"url\":\"https:\\\/\\\/fjala.info\\\/2009-2015\\\/\",\"name\":\"FjALA e LIR\u00cb - Arkivi\",\"description\":\"Arkivi 2009-2015\",\"publisher\":{\"@id\":\"https:\\\/\\\/fjala.info\\\/2009-2015\\\/#organization\"},\"potentialAction\":[{\"@type\":\"SearchAction\",\"target\":{\"@type\":\"EntryPoint\",\"urlTemplate\":\"https:\\\/\\\/fjala.info\\\/2009-2015\\\/?s={search_term_string}\"},\"query-input\":{\"@type\":\"PropertyValueSpecification\",\"valueRequired\":true,\"valueName\":\"search_term_string\"}}],\"inLanguage\":\"sq-AL\"},{\"@type\":\"Organization\",\"@id\":\"https:\\\/\\\/fjala.info\\\/2009-2015\\\/#organization\",\"name\":\"FjALA e LIR\u00cb - Arkivi\",\"url\":\"https:\\\/\\\/fjala.info\\\/2009-2015\\\/\",\"logo\":{\"@type\":\"ImageObject\",\"inLanguage\":\"sq-AL\",\"@id\":\"https:\\\/\\\/fjala.info\\\/2009-2015\\\/#\\\/schema\\\/logo\\\/image\\\/\",\"url\":\"\",\"contentUrl\":\"\",\"caption\":\"FjALA e LIR\u00cb - Arkivi\"},\"image\":{\"@id\":\"https:\\\/\\\/fjala.info\\\/2009-2015\\\/#\\\/schema\\\/logo\\\/image\\\/\"}},{\"@type\":\"Person\",\"@id\":\"https:\\\/\\\/fjala.info\\\/2009-2015\\\/#\\\/schema\\\/person\\\/3aa1163ef05469c496fc94e77611ada2\",\"name\":\"admin\",\"image\":{\"@type\":\"ImageObject\",\"inLanguage\":\"sq-AL\",\"@id\":\"https:\\\/\\\/fjala.info\\\/2009-2015\\\/wp-content\\\/uploads\\\/2012\\\/02\\\/arben_cokaj-120x150.jpg\",\"url\":\"https:\\\/\\\/fjala.info\\\/2009-2015\\\/wp-content\\\/uploads\\\/2012\\\/02\\\/arben_cokaj-120x150.jpg\",\"contentUrl\":\"https:\\\/\\\/fjala.info\\\/2009-2015\\\/wp-content\\\/uploads\\\/2012\\\/02\\\/arben_cokaj-120x150.jpg\",\"caption\":\"admin\"},\"description\":\"Admin, Fjala e Lir\u00eb\",\"sameAs\":[\"https:\\\/\\\/fjala.info\\\/\"],\"url\":\"https:\\\/\\\/fjala.info\\\/2009-2015\\\/author\\\/admin\\\/\"}]}<\/script>\n<!-- \/ Yoast SEO plugin. -->","yoast_head_json":{"title":"Berisha: Artan Hoxha, nj\u00eb personalitet i shquar i shoq\u00ebris\u00eb civile dhe publicistik\u00ebs - FjALA e LIR\u00cb - Arkivi","robots":{"index":"index","follow":"follow","max-snippet":"max-snippet:-1","max-image-preview":"max-image-preview:large","max-video-preview":"max-video-preview:-1"},"canonical":"https:\/\/fjala.info\/2009-2015\/berisha-artan-hoxha-nje-personalitet-i-shquar-i-shoqerise-civile-dhe-publicistikes\/","og_locale":"sq_AL","og_type":"article","og_title":"Berisha: Artan Hoxha, nj\u00eb personalitet i shquar i shoq\u00ebris\u00eb civile dhe publicistik\u00ebs - FjALA e LIR\u00cb - Arkivi","og_description":"TemA Online, 10 Qershor 2012 Kryeministri Berisha u shpreh pas takimit pozit\u00eb-opozit\u00eb se mazhoranca ka b\u00ebr\u00eb t\u00eb gjtiha p\u00ebrpjekjet p\u00ebr t\u00eb b\u00ebr\u00eb t\u00eb mundur zgjedhjen e nj\u00eb kandidati q\u00eb do t\u00eb g\u00ebzonte edhe mb\u00ebshtetjen e opozit\u00ebs. \u201cMazhoranca b\u00ebri nj\u00eb p\u00ebrpjekje t\u00eb madhe q\u00eb t\u00eb afrohej p\u00ebrs\u00ebri me opozit\u00ebn. P\u00ebr k\u00ebt\u00eb arsye n\u00eb p\u00ebrzgjodh\u00ebm kandidatura t\u00eb [&hellip;]","og_url":"https:\/\/fjala.info\/2009-2015\/berisha-artan-hoxha-nje-personalitet-i-shquar-i-shoqerise-civile-dhe-publicistikes\/","og_site_name":"FjALA e LIR\u00cb - Arkivi","article_published_time":"2012-06-11T01:07:42+00:00","og_image":[{"url":"http:\/\/www.fjala.info\/2012\/artan_hoxha.jpg","type":"","width":"","height":""}],"author":"admin","twitter_card":"summary_large_image","twitter_misc":{"Written by":"admin","Est. reading time":"5 minutes"},"schema":{"@context":"https:\/\/schema.org","@graph":[{"@type":"Article","@id":"https:\/\/fjala.info\/2009-2015\/berisha-artan-hoxha-nje-personalitet-i-shquar-i-shoqerise-civile-dhe-publicistikes\/#article","isPartOf":{"@id":"https:\/\/fjala.info\/2009-2015\/berisha-artan-hoxha-nje-personalitet-i-shquar-i-shoqerise-civile-dhe-publicistikes\/"},"author":{"name":"admin","@id":"https:\/\/fjala.info\/2009-2015\/#\/schema\/person\/3aa1163ef05469c496fc94e77611ada2"},"headline":"Berisha: Artan Hoxha, nj\u00eb personalitet i shquar i shoq\u00ebris\u00eb civile dhe publicistik\u00ebs","datePublished":"2012-06-11T01:07:42+00:00","mainEntityOfPage":{"@id":"https:\/\/fjala.info\/2009-2015\/berisha-artan-hoxha-nje-personalitet-i-shquar-i-shoqerise-civile-dhe-publicistikes\/"},"wordCount":1047,"commentCount":0,"publisher":{"@id":"https:\/\/fjala.info\/2009-2015\/#organization"},"image":{"@id":"https:\/\/fjala.info\/2009-2015\/berisha-artan-hoxha-nje-personalitet-i-shquar-i-shoqerise-civile-dhe-publicistikes\/#primaryimage"},"thumbnailUrl":"http:\/\/www.fjala.info\/2012\/artan_hoxha.jpg","articleSection":["Artikuj","Lajme"],"inLanguage":"sq-AL","potentialAction":[{"@type":"CommentAction","name":"Comment","target":["https:\/\/fjala.info\/2009-2015\/berisha-artan-hoxha-nje-personalitet-i-shquar-i-shoqerise-civile-dhe-publicistikes\/#respond"]}]},{"@type":"WebPage","@id":"https:\/\/fjala.info\/2009-2015\/berisha-artan-hoxha-nje-personalitet-i-shquar-i-shoqerise-civile-dhe-publicistikes\/","url":"https:\/\/fjala.info\/2009-2015\/berisha-artan-hoxha-nje-personalitet-i-shquar-i-shoqerise-civile-dhe-publicistikes\/","name":"Berisha: Artan Hoxha, nj\u00eb personalitet i shquar i shoq\u00ebris\u00eb civile dhe publicistik\u00ebs - FjALA e LIR\u00cb - Arkivi","isPartOf":{"@id":"https:\/\/fjala.info\/2009-2015\/#website"},"primaryImageOfPage":{"@id":"https:\/\/fjala.info\/2009-2015\/berisha-artan-hoxha-nje-personalitet-i-shquar-i-shoqerise-civile-dhe-publicistikes\/#primaryimage"},"image":{"@id":"https:\/\/fjala.info\/2009-2015\/berisha-artan-hoxha-nje-personalitet-i-shquar-i-shoqerise-civile-dhe-publicistikes\/#primaryimage"},"thumbnailUrl":"http:\/\/www.fjala.info\/2012\/artan_hoxha.jpg","datePublished":"2012-06-11T01:07:42+00:00","breadcrumb":{"@id":"https:\/\/fjala.info\/2009-2015\/berisha-artan-hoxha-nje-personalitet-i-shquar-i-shoqerise-civile-dhe-publicistikes\/#breadcrumb"},"inLanguage":"sq-AL","potentialAction":[{"@type":"ReadAction","target":["https:\/\/fjala.info\/2009-2015\/berisha-artan-hoxha-nje-personalitet-i-shquar-i-shoqerise-civile-dhe-publicistikes\/"]}]},{"@type":"ImageObject","inLanguage":"sq-AL","@id":"https:\/\/fjala.info\/2009-2015\/berisha-artan-hoxha-nje-personalitet-i-shquar-i-shoqerise-civile-dhe-publicistikes\/#primaryimage","url":"http:\/\/www.fjala.info\/2012\/artan_hoxha.jpg","contentUrl":"http:\/\/www.fjala.info\/2012\/artan_hoxha.jpg"},{"@type":"BreadcrumbList","@id":"https:\/\/fjala.info\/2009-2015\/berisha-artan-hoxha-nje-personalitet-i-shquar-i-shoqerise-civile-dhe-publicistikes\/#breadcrumb","itemListElement":[{"@type":"ListItem","position":1,"name":"Home","item":"https:\/\/fjala.info\/2009-2015\/"},{"@type":"ListItem","position":2,"name":"Berisha: Artan Hoxha, nj\u00eb personalitet i shquar i shoq\u00ebris\u00eb civile dhe publicistik\u00ebs"}]},{"@type":"WebSite","@id":"https:\/\/fjala.info\/2009-2015\/#website","url":"https:\/\/fjala.info\/2009-2015\/","name":"FjALA e LIR\u00cb - Arkivi","description":"Arkivi 2009-2015","publisher":{"@id":"https:\/\/fjala.info\/2009-2015\/#organization"},"potentialAction":[{"@type":"SearchAction","target":{"@type":"EntryPoint","urlTemplate":"https:\/\/fjala.info\/2009-2015\/?s={search_term_string}"},"query-input":{"@type":"PropertyValueSpecification","valueRequired":true,"valueName":"search_term_string"}}],"inLanguage":"sq-AL"},{"@type":"Organization","@id":"https:\/\/fjala.info\/2009-2015\/#organization","name":"FjALA e LIR\u00cb - Arkivi","url":"https:\/\/fjala.info\/2009-2015\/","logo":{"@type":"ImageObject","inLanguage":"sq-AL","@id":"https:\/\/fjala.info\/2009-2015\/#\/schema\/logo\/image\/","url":"","contentUrl":"","caption":"FjALA e LIR\u00cb - Arkivi"},"image":{"@id":"https:\/\/fjala.info\/2009-2015\/#\/schema\/logo\/image\/"}},{"@type":"Person","@id":"https:\/\/fjala.info\/2009-2015\/#\/schema\/person\/3aa1163ef05469c496fc94e77611ada2","name":"admin","image":{"@type":"ImageObject","inLanguage":"sq-AL","@id":"https:\/\/fjala.info\/2009-2015\/wp-content\/uploads\/2012\/02\/arben_cokaj-120x150.jpg","url":"https:\/\/fjala.info\/2009-2015\/wp-content\/uploads\/2012\/02\/arben_cokaj-120x150.jpg","contentUrl":"https:\/\/fjala.info\/2009-2015\/wp-content\/uploads\/2012\/02\/arben_cokaj-120x150.jpg","caption":"admin"},"description":"Admin, Fjala e Lir\u00eb","sameAs":["https:\/\/fjala.info\/"],"url":"https:\/\/fjala.info\/2009-2015\/author\/admin\/"}]}},"_links":{"self":[{"href":"https:\/\/fjala.info\/2009-2015\/wp-json\/wp\/v2\/posts\/3218","targetHints":{"allow":["GET"]}}],"collection":[{"href":"https:\/\/fjala.info\/2009-2015\/wp-json\/wp\/v2\/posts"}],"about":[{"href":"https:\/\/fjala.info\/2009-2015\/wp-json\/wp\/v2\/types\/post"}],"author":[{"embeddable":true,"href":"https:\/\/fjala.info\/2009-2015\/wp-json\/wp\/v2\/users\/1"}],"replies":[{"embeddable":true,"href":"https:\/\/fjala.info\/2009-2015\/wp-json\/wp\/v2\/comments?post=3218"}],"version-history":[{"count":0,"href":"https:\/\/fjala.info\/2009-2015\/wp-json\/wp\/v2\/posts\/3218\/revisions"}],"wp:attachment":[{"href":"https:\/\/fjala.info\/2009-2015\/wp-json\/wp\/v2\/media?parent=3218"}],"wp:term":[{"taxonomy":"category","embeddable":true,"href":"https:\/\/fjala.info\/2009-2015\/wp-json\/wp\/v2\/categories?post=3218"},{"taxonomy":"post_tag","embeddable":true,"href":"https:\/\/fjala.info\/2009-2015\/wp-json\/wp\/v2\/tags?post=3218"}],"curies":[{"name":"wp","href":"https:\/\/api.w.org\/{rel}","templated":true}]}}