{"id":3212,"date":"2012-06-11T01:57:05","date_gmt":"2012-06-11T00:57:05","guid":{"rendered":"http:\/\/www.fjala.info\/?p=3212"},"modified":"2012-06-11T01:57:05","modified_gmt":"2012-06-11T00:57:05","slug":"presidneti-i-italise-napolitano-pergezon-dhe-falenderon-dr-zef-mulaj-studiues-e-poet-shqiptar","status":"publish","type":"post","link":"https:\/\/fjala.info\/2009-2015\/presidneti-i-italise-napolitano-pergezon-dhe-falenderon-dr-zef-mulaj-studiues-e-poet-shqiptar\/","title":{"rendered":"PRESIDNETI I ITALIS\u00cb, NAPOLITANO P\u00cbRG\u00cbZON DHE FAL\u00cbNDERON DR. ZEF MULAJ, STUDIUES E POET SHQIPTAR"},"content":{"rendered":"<p><img decoding=\"async\" class=\"alignright size-thumbnail wp-image-7236\" title=\"Giorgio Napolitano\" src=\"http:\/\/www.fjala.info\/2012\/giorgio_napolitano.jpg\" alt=\"\" width=\"150\" \/> Nga: <strong>Prof. Murat Gecaj<\/strong><br \/>\n<em>&#8212; publicist e studiues-Tiran\u00eb<\/em><\/p>\n<p>M\u00eb 25 prill t\u00eb k\u00ebtij viti, n\u00eb Dit\u00ebn e Republik\u00ebs Italiane, Presidenti Napolitano vizitoi sht\u00ebpin\u00eb e poetit t\u00eb madh italian, Xhakomo Leopardi n\u00eb qytetin Rekanati, si dhe Qendr\u00ebn Bot\u00ebrore t\u00eb Poezis\u00eb, po n\u00eb at\u00eb qytet. Ai u prit ngroht\u00ebsisht nga populli i Rajonit Marke, ai dhe nga mjaft emigrant\u00eb, nd\u00ebr t\u00eb cil\u00ebt ishin dhe shqiptar\u00eb. Me k\u00ebt\u00eb rast, shoqata t\u00eb ndryshme artistike e letrare, nd\u00ebr to edhe \u201cLeopardian Comunity Coro a Piu Voci\u201d, i dor\u00ebzuan atij dhurata t\u00eb ndryshme simbolike.<\/p>\n<p>Nj\u00ebri nga an\u00ebtar\u00ebt e k\u00ebsaj shoqate \u00ebsht\u00eb edhe poeti emigrant shqiptar, Dr. Zef Mulaj. N\u00eb shenj\u00eb nderimi e respekti p\u00ebr Presidentin Napolitano, i cili ka b\u00ebr\u00eb dhe b\u00ebn shum\u00eb n\u00eb mb\u00ebshtetje t\u00eb emigrant\u00ebve nga vende t\u00eb ndryshme, n\u00eb k\u00ebt\u00eb shtet t\u00eb madh e demokratik europian, ai i dhuroi atij, me nj\u00eb sh\u00ebnim dashamir\u00ebs, librin e tij me poezi, \u201cPrendi per mano la mia ombre\u201d(Merre p\u00ebrdore hijen time). Ai \u00ebsht\u00eb botuar n\u00eb kat\u00ebr gjuh\u00eb, pra dhe shqip e italisht.<\/p>\n<p><img decoding=\"async\" class=\"alignleft size-thumbnail wp-image-7236\" title=\"Zef Mulaj - kopertia e librit\" src=\"http:\/\/www.fjala.info\/2012\/zm_kopertina_librit.jpg\" alt=\"\" width=\"300\" \/><em><strong>Kopertinat e librit t\u00eb dhuruar<\/strong><\/em><\/p>\n<p>Nuk kaluan vet\u00ebm pak dit\u00eb dhe n\u00eb adres\u00eb t\u00eb Dr.Zef Mulaj erdhi nj\u00eb lajm i befasish\u00ebm, jo i zakonsh\u00ebm dhe mjaft i bukur e mbres\u00ebl\u00ebn\u00ebs. K\u00ebshtu, nga Carlo Guelfi, n\u00eb zyr\u00ebn e sekretaris\u00eb s\u00eb Presidentit t\u00eb Republik\u00ebs s\u00eb Italis\u00eb, Napolitano, ai mori nj\u00eb mesazh p\u00ebrsh\u00ebndet\u00ebs e fal\u00ebnderues p\u00ebr librin-dhurat\u00eb t\u00eb tij. N\u00eb t\u00eb d\u00ebshmohet se librin e dhuruar, nga Dr. Zef Mulaj, e ka marr\u00eb Presidenti Napolitano dhe ai d\u00ebshmon p\u00ebr nderimin e respektin ndaj kryetarit t\u00eb shtetit italian. Gjithashtu, po aty, thuhet se Presidneti Napolitano e ka ngarkuar at\u00eb t\u2019i trasmetoj\u00eb atij p\u00ebrsh\u00ebndetjet m\u00eb t\u00eb p\u00ebrzem\u00ebrta dhe urimet m\u00eb t\u00eb mira p\u00ebr pun\u00eb t\u00eb mbar\u00eb, gj\u00eb p\u00ebr t\u00eb cil\u00ebn bashkohet edhe ai, me shum\u00eb d\u00ebshir\u00eb.<\/p>\n<p><img decoding=\"async\" class=\"alignright size-thumbnail wp-image-7236\" title=\"Murat Gecaj\" src=\"http:\/\/www.fjala.info\/2012\/murat_gecaj1.jpg\" alt=\"\" width=\"150\" \/><\/p>\n<p>Ashtu si m\u00eb par\u00eb, por dhe t\u00eb nxitur nga fakti q\u00eb p\u00ebrmend\u00ebm m\u00eb lart, disa gazeta rajonale italiane kan\u00eb shkruar p\u00ebr librat e publikuar nga Dr. Zef Mulaj, si n\u00eb poezi, por edhe n\u00eb fush\u00ebn e tij t\u00eb farmaceutik\u00ebs, si\u00e7 \u00ebsht\u00eb ai p\u00ebr bim\u00ebt mjek\u00ebsore n\u00eb Alpet e Shqip\u00ebris\u00eb. Gjithashtu, kan\u00eb treguar p\u00ebr pjes\u00ebmarrjen e tij n\u00eb veprimtari t\u00eb ndryshme letrare, n\u00eb rajonin ku ai banon. Gazeta t\u00eb tilla jan\u00eb: \u201cResto del Carlino\u201d(5 qershor 2012), \u201cCoriere Adriatica\u201d (7 qershor 2012) etj.<\/p>\n<p>N\u00eb m\u00ebnyr\u00eb t\u00eb ve\u00e7ant\u00eb, mesazhi i ardhur nga Presidenti i Republik\u00ebs s\u00eb Italis\u00eb, Napolitano, por dhe publikimet e ndryshme n\u00eb shtypin rajonal italian, e kan\u00eb nxitur Dr. Zef Mulaj q\u00eb t\u2019i p\u00ebrkushtohet m\u00eb tep\u00ebr profesionit t\u00eb farmaceutik\u00ebs, si dhe pasionit p\u00ebr studime n\u00eb fush\u00ebn e tij dhe p\u00ebr t\u00eb shkruar poezi sa m\u00eb t\u00eb bukura.<\/p>\n<p><em>Tiran\u00eb, 10 qershor 2012 Prof. Dr. Murat Gecaj<\/em><\/p>\n<p style=\"text-align: center;\"><img decoding=\"async\" class=\"aligncenter size-thumbnail wp-image-7236\" title=\"Serata di poesia\" src=\"http:\/\/www.fjala.info\/2012\/serata_di_poesia.jpg\" alt=\"\" width=\"500\" \/><em>Mbremje Letrare (Koncert recital nga Poeti Zef Mulaj<\/em><br \/>\n(<em>Gazeta Resto del carlino<\/em>)<\/p>\n<p style=\"text-align: center;\"><img decoding=\"async\" class=\"aligncenter size-thumbnail wp-image-7236\" title=\"Poesia di Zef Mulaj\" src=\"http:\/\/www.fjala.info\/2012\/poesia_di_zm.jpg\" alt=\"\" width=\"500\" \/><em>5 Qershor 2012 &#8211; Gazeta Resto del Carlino<\/em><br \/>\n<em>Nje botim i ri i Poetit Zef Mulaj<\/em><\/p>\n<p style=\"text-align: center;\"><img decoding=\"async\" class=\"aligncenter size-thumbnail wp-image-7236\" title=\"Una poeta albanese\" src=\"http:\/\/www.fjala.info\/2012\/una_poeta_albanese.jpg\" alt=\"\" width=\"500\" \/><em>Gazeta Coriere Adriatica &#8211;\u00a07 qershor 2012<\/em><\/p>\n<p><img decoding=\"async\" class=\"aligncenter size-thumbnail wp-image-7236\" title=\"Zef Mulaj - libro botanica\" src=\"http:\/\/www.fjala.info\/2012\/zm_libro_botanica.jpg\" alt=\"\" width=\"500\" \/><\/p>\n<p style=\"text-align: center;\"><em>Dr. Zef Mulaj, ka firmosur nj\u00eb guid\u00eb botanike mjek\u00ebsore<\/em><\/p>\n","protected":false},"excerpt":{"rendered":"<p>Nga: Prof. Murat Gecaj &#8212; publicist e studiues-Tiran\u00eb M\u00eb 25 prill t\u00eb k\u00ebtij viti, n\u00eb Dit\u00ebn e Republik\u00ebs Italiane, Presidenti Napolitano vizitoi sht\u00ebpin\u00eb e poetit t\u00eb madh italian, Xhakomo Leopardi n\u00eb qytetin Rekanati, si dhe Qendr\u00ebn Bot\u00ebrore t\u00eb Poezis\u00eb, po n\u00eb at\u00eb qytet. Ai u prit ngroht\u00ebsisht nga populli i Rajonit Marke, ai dhe nga [&hellip;]<\/p>\n","protected":false},"author":1,"featured_media":0,"comment_status":"open","ping_status":"closed","sticky":false,"template":"","format":"standard","meta":{"footnotes":""},"categories":[2],"tags":[],"class_list":{"0":"post-3212","1":"post","2":"type-post","3":"status-publish","4":"format-standard","6":"category-artikuj"},"yoast_head":"<!-- This site is optimized with the Yoast SEO plugin v27.4 - https:\/\/yoast.com\/product\/yoast-seo-wordpress\/ -->\n<title>PRESIDNETI I ITALIS\u00cb, NAPOLITANO P\u00cbRG\u00cbZON DHE FAL\u00cbNDERON DR. ZEF MULAJ, STUDIUES E POET SHQIPTAR - FjALA e LIR\u00cb - Arkivi<\/title>\n<meta name=\"robots\" content=\"index, follow, max-snippet:-1, max-image-preview:large, max-video-preview:-1\" \/>\n<link rel=\"canonical\" href=\"https:\/\/fjala.info\/2009-2015\/presidneti-i-italise-napolitano-pergezon-dhe-falenderon-dr-zef-mulaj-studiues-e-poet-shqiptar\/\" \/>\n<meta property=\"og:locale\" content=\"sq_AL\" \/>\n<meta property=\"og:type\" content=\"article\" \/>\n<meta property=\"og:title\" content=\"PRESIDNETI I ITALIS\u00cb, NAPOLITANO P\u00cbRG\u00cbZON DHE FAL\u00cbNDERON DR. ZEF MULAJ, STUDIUES E POET SHQIPTAR - FjALA e LIR\u00cb - Arkivi\" \/>\n<meta property=\"og:description\" content=\"Nga: Prof. Murat Gecaj &#8212; publicist e studiues-Tiran\u00eb M\u00eb 25 prill t\u00eb k\u00ebtij viti, n\u00eb Dit\u00ebn e Republik\u00ebs Italiane, Presidenti Napolitano vizitoi sht\u00ebpin\u00eb e poetit t\u00eb madh italian, Xhakomo Leopardi n\u00eb qytetin Rekanati, si dhe Qendr\u00ebn Bot\u00ebrore t\u00eb Poezis\u00eb, po n\u00eb at\u00eb qytet. Ai u prit ngroht\u00ebsisht nga populli i Rajonit Marke, ai dhe nga [&hellip;]\" \/>\n<meta property=\"og:url\" content=\"https:\/\/fjala.info\/2009-2015\/presidneti-i-italise-napolitano-pergezon-dhe-falenderon-dr-zef-mulaj-studiues-e-poet-shqiptar\/\" \/>\n<meta property=\"og:site_name\" content=\"FjALA e LIR\u00cb - Arkivi\" \/>\n<meta property=\"article:published_time\" content=\"2012-06-11T00:57:05+00:00\" \/>\n<meta property=\"og:image\" content=\"http:\/\/www.fjala.info\/2012\/giorgio_napolitano.jpg\" \/>\n<meta name=\"author\" content=\"admin\" \/>\n<meta name=\"twitter:card\" content=\"summary_large_image\" \/>\n<meta name=\"twitter:label1\" content=\"Written by\" \/>\n\t<meta name=\"twitter:data1\" content=\"admin\" \/>\n\t<meta name=\"twitter:label2\" content=\"Est. reading time\" \/>\n\t<meta name=\"twitter:data2\" content=\"3 minutes\" \/>\n<script type=\"application\/ld+json\" class=\"yoast-schema-graph\">{\"@context\":\"https:\\\/\\\/schema.org\",\"@graph\":[{\"@type\":\"Article\",\"@id\":\"https:\\\/\\\/fjala.info\\\/2009-2015\\\/presidneti-i-italise-napolitano-pergezon-dhe-falenderon-dr-zef-mulaj-studiues-e-poet-shqiptar\\\/#article\",\"isPartOf\":{\"@id\":\"https:\\\/\\\/fjala.info\\\/2009-2015\\\/presidneti-i-italise-napolitano-pergezon-dhe-falenderon-dr-zef-mulaj-studiues-e-poet-shqiptar\\\/\"},\"author\":{\"name\":\"admin\",\"@id\":\"https:\\\/\\\/fjala.info\\\/2009-2015\\\/#\\\/schema\\\/person\\\/3aa1163ef05469c496fc94e77611ada2\"},\"headline\":\"PRESIDNETI I ITALIS\u00cb, NAPOLITANO P\u00cbRG\u00cbZON DHE FAL\u00cbNDERON DR. ZEF MULAJ, STUDIUES E POET SHQIPTAR\",\"datePublished\":\"2012-06-11T00:57:05+00:00\",\"mainEntityOfPage\":{\"@id\":\"https:\\\/\\\/fjala.info\\\/2009-2015\\\/presidneti-i-italise-napolitano-pergezon-dhe-falenderon-dr-zef-mulaj-studiues-e-poet-shqiptar\\\/\"},\"wordCount\":558,\"commentCount\":0,\"publisher\":{\"@id\":\"https:\\\/\\\/fjala.info\\\/2009-2015\\\/#organization\"},\"image\":{\"@id\":\"https:\\\/\\\/fjala.info\\\/2009-2015\\\/presidneti-i-italise-napolitano-pergezon-dhe-falenderon-dr-zef-mulaj-studiues-e-poet-shqiptar\\\/#primaryimage\"},\"thumbnailUrl\":\"http:\\\/\\\/www.fjala.info\\\/2012\\\/giorgio_napolitano.jpg\",\"articleSection\":[\"Artikuj\"],\"inLanguage\":\"sq-AL\",\"potentialAction\":[{\"@type\":\"CommentAction\",\"name\":\"Comment\",\"target\":[\"https:\\\/\\\/fjala.info\\\/2009-2015\\\/presidneti-i-italise-napolitano-pergezon-dhe-falenderon-dr-zef-mulaj-studiues-e-poet-shqiptar\\\/#respond\"]}]},{\"@type\":\"WebPage\",\"@id\":\"https:\\\/\\\/fjala.info\\\/2009-2015\\\/presidneti-i-italise-napolitano-pergezon-dhe-falenderon-dr-zef-mulaj-studiues-e-poet-shqiptar\\\/\",\"url\":\"https:\\\/\\\/fjala.info\\\/2009-2015\\\/presidneti-i-italise-napolitano-pergezon-dhe-falenderon-dr-zef-mulaj-studiues-e-poet-shqiptar\\\/\",\"name\":\"PRESIDNETI I ITALIS\u00cb, NAPOLITANO P\u00cbRG\u00cbZON DHE FAL\u00cbNDERON DR. ZEF MULAJ, STUDIUES E POET SHQIPTAR - FjALA e LIR\u00cb - Arkivi\",\"isPartOf\":{\"@id\":\"https:\\\/\\\/fjala.info\\\/2009-2015\\\/#website\"},\"primaryImageOfPage\":{\"@id\":\"https:\\\/\\\/fjala.info\\\/2009-2015\\\/presidneti-i-italise-napolitano-pergezon-dhe-falenderon-dr-zef-mulaj-studiues-e-poet-shqiptar\\\/#primaryimage\"},\"image\":{\"@id\":\"https:\\\/\\\/fjala.info\\\/2009-2015\\\/presidneti-i-italise-napolitano-pergezon-dhe-falenderon-dr-zef-mulaj-studiues-e-poet-shqiptar\\\/#primaryimage\"},\"thumbnailUrl\":\"http:\\\/\\\/www.fjala.info\\\/2012\\\/giorgio_napolitano.jpg\",\"datePublished\":\"2012-06-11T00:57:05+00:00\",\"breadcrumb\":{\"@id\":\"https:\\\/\\\/fjala.info\\\/2009-2015\\\/presidneti-i-italise-napolitano-pergezon-dhe-falenderon-dr-zef-mulaj-studiues-e-poet-shqiptar\\\/#breadcrumb\"},\"inLanguage\":\"sq-AL\",\"potentialAction\":[{\"@type\":\"ReadAction\",\"target\":[\"https:\\\/\\\/fjala.info\\\/2009-2015\\\/presidneti-i-italise-napolitano-pergezon-dhe-falenderon-dr-zef-mulaj-studiues-e-poet-shqiptar\\\/\"]}]},{\"@type\":\"ImageObject\",\"inLanguage\":\"sq-AL\",\"@id\":\"https:\\\/\\\/fjala.info\\\/2009-2015\\\/presidneti-i-italise-napolitano-pergezon-dhe-falenderon-dr-zef-mulaj-studiues-e-poet-shqiptar\\\/#primaryimage\",\"url\":\"http:\\\/\\\/www.fjala.info\\\/2012\\\/giorgio_napolitano.jpg\",\"contentUrl\":\"http:\\\/\\\/www.fjala.info\\\/2012\\\/giorgio_napolitano.jpg\"},{\"@type\":\"BreadcrumbList\",\"@id\":\"https:\\\/\\\/fjala.info\\\/2009-2015\\\/presidneti-i-italise-napolitano-pergezon-dhe-falenderon-dr-zef-mulaj-studiues-e-poet-shqiptar\\\/#breadcrumb\",\"itemListElement\":[{\"@type\":\"ListItem\",\"position\":1,\"name\":\"Home\",\"item\":\"https:\\\/\\\/fjala.info\\\/2009-2015\\\/\"},{\"@type\":\"ListItem\",\"position\":2,\"name\":\"PRESIDNETI I ITALIS\u00cb, NAPOLITANO P\u00cbRG\u00cbZON DHE FAL\u00cbNDERON DR. ZEF MULAJ, STUDIUES E POET SHQIPTAR\"}]},{\"@type\":\"WebSite\",\"@id\":\"https:\\\/\\\/fjala.info\\\/2009-2015\\\/#website\",\"url\":\"https:\\\/\\\/fjala.info\\\/2009-2015\\\/\",\"name\":\"FjALA e LIR\u00cb - Arkivi\",\"description\":\"Arkivi 2009-2015\",\"publisher\":{\"@id\":\"https:\\\/\\\/fjala.info\\\/2009-2015\\\/#organization\"},\"potentialAction\":[{\"@type\":\"SearchAction\",\"target\":{\"@type\":\"EntryPoint\",\"urlTemplate\":\"https:\\\/\\\/fjala.info\\\/2009-2015\\\/?s={search_term_string}\"},\"query-input\":{\"@type\":\"PropertyValueSpecification\",\"valueRequired\":true,\"valueName\":\"search_term_string\"}}],\"inLanguage\":\"sq-AL\"},{\"@type\":\"Organization\",\"@id\":\"https:\\\/\\\/fjala.info\\\/2009-2015\\\/#organization\",\"name\":\"FjALA e LIR\u00cb - Arkivi\",\"url\":\"https:\\\/\\\/fjala.info\\\/2009-2015\\\/\",\"logo\":{\"@type\":\"ImageObject\",\"inLanguage\":\"sq-AL\",\"@id\":\"https:\\\/\\\/fjala.info\\\/2009-2015\\\/#\\\/schema\\\/logo\\\/image\\\/\",\"url\":\"\",\"contentUrl\":\"\",\"caption\":\"FjALA e LIR\u00cb - Arkivi\"},\"image\":{\"@id\":\"https:\\\/\\\/fjala.info\\\/2009-2015\\\/#\\\/schema\\\/logo\\\/image\\\/\"}},{\"@type\":\"Person\",\"@id\":\"https:\\\/\\\/fjala.info\\\/2009-2015\\\/#\\\/schema\\\/person\\\/3aa1163ef05469c496fc94e77611ada2\",\"name\":\"admin\",\"image\":{\"@type\":\"ImageObject\",\"inLanguage\":\"sq-AL\",\"@id\":\"https:\\\/\\\/fjala.info\\\/2009-2015\\\/wp-content\\\/uploads\\\/2012\\\/02\\\/arben_cokaj-120x150.jpg\",\"url\":\"https:\\\/\\\/fjala.info\\\/2009-2015\\\/wp-content\\\/uploads\\\/2012\\\/02\\\/arben_cokaj-120x150.jpg\",\"contentUrl\":\"https:\\\/\\\/fjala.info\\\/2009-2015\\\/wp-content\\\/uploads\\\/2012\\\/02\\\/arben_cokaj-120x150.jpg\",\"caption\":\"admin\"},\"description\":\"Admin, Fjala e Lir\u00eb\",\"sameAs\":[\"https:\\\/\\\/fjala.info\\\/\"],\"url\":\"https:\\\/\\\/fjala.info\\\/2009-2015\\\/author\\\/admin\\\/\"}]}<\/script>\n<!-- \/ Yoast SEO plugin. -->","yoast_head_json":{"title":"PRESIDNETI I ITALIS\u00cb, NAPOLITANO P\u00cbRG\u00cbZON DHE FAL\u00cbNDERON DR. ZEF MULAJ, STUDIUES E POET SHQIPTAR - FjALA e LIR\u00cb - Arkivi","robots":{"index":"index","follow":"follow","max-snippet":"max-snippet:-1","max-image-preview":"max-image-preview:large","max-video-preview":"max-video-preview:-1"},"canonical":"https:\/\/fjala.info\/2009-2015\/presidneti-i-italise-napolitano-pergezon-dhe-falenderon-dr-zef-mulaj-studiues-e-poet-shqiptar\/","og_locale":"sq_AL","og_type":"article","og_title":"PRESIDNETI I ITALIS\u00cb, NAPOLITANO P\u00cbRG\u00cbZON DHE FAL\u00cbNDERON DR. ZEF MULAJ, STUDIUES E POET SHQIPTAR - FjALA e LIR\u00cb - Arkivi","og_description":"Nga: Prof. Murat Gecaj &#8212; publicist e studiues-Tiran\u00eb M\u00eb 25 prill t\u00eb k\u00ebtij viti, n\u00eb Dit\u00ebn e Republik\u00ebs Italiane, Presidenti Napolitano vizitoi sht\u00ebpin\u00eb e poetit t\u00eb madh italian, Xhakomo Leopardi n\u00eb qytetin Rekanati, si dhe Qendr\u00ebn Bot\u00ebrore t\u00eb Poezis\u00eb, po n\u00eb at\u00eb qytet. Ai u prit ngroht\u00ebsisht nga populli i Rajonit Marke, ai dhe nga [&hellip;]","og_url":"https:\/\/fjala.info\/2009-2015\/presidneti-i-italise-napolitano-pergezon-dhe-falenderon-dr-zef-mulaj-studiues-e-poet-shqiptar\/","og_site_name":"FjALA e LIR\u00cb - Arkivi","article_published_time":"2012-06-11T00:57:05+00:00","og_image":[{"url":"http:\/\/www.fjala.info\/2012\/giorgio_napolitano.jpg","type":"","width":"","height":""}],"author":"admin","twitter_card":"summary_large_image","twitter_misc":{"Written by":"admin","Est. reading time":"3 minutes"},"schema":{"@context":"https:\/\/schema.org","@graph":[{"@type":"Article","@id":"https:\/\/fjala.info\/2009-2015\/presidneti-i-italise-napolitano-pergezon-dhe-falenderon-dr-zef-mulaj-studiues-e-poet-shqiptar\/#article","isPartOf":{"@id":"https:\/\/fjala.info\/2009-2015\/presidneti-i-italise-napolitano-pergezon-dhe-falenderon-dr-zef-mulaj-studiues-e-poet-shqiptar\/"},"author":{"name":"admin","@id":"https:\/\/fjala.info\/2009-2015\/#\/schema\/person\/3aa1163ef05469c496fc94e77611ada2"},"headline":"PRESIDNETI I ITALIS\u00cb, NAPOLITANO P\u00cbRG\u00cbZON DHE FAL\u00cbNDERON DR. ZEF MULAJ, STUDIUES E POET SHQIPTAR","datePublished":"2012-06-11T00:57:05+00:00","mainEntityOfPage":{"@id":"https:\/\/fjala.info\/2009-2015\/presidneti-i-italise-napolitano-pergezon-dhe-falenderon-dr-zef-mulaj-studiues-e-poet-shqiptar\/"},"wordCount":558,"commentCount":0,"publisher":{"@id":"https:\/\/fjala.info\/2009-2015\/#organization"},"image":{"@id":"https:\/\/fjala.info\/2009-2015\/presidneti-i-italise-napolitano-pergezon-dhe-falenderon-dr-zef-mulaj-studiues-e-poet-shqiptar\/#primaryimage"},"thumbnailUrl":"http:\/\/www.fjala.info\/2012\/giorgio_napolitano.jpg","articleSection":["Artikuj"],"inLanguage":"sq-AL","potentialAction":[{"@type":"CommentAction","name":"Comment","target":["https:\/\/fjala.info\/2009-2015\/presidneti-i-italise-napolitano-pergezon-dhe-falenderon-dr-zef-mulaj-studiues-e-poet-shqiptar\/#respond"]}]},{"@type":"WebPage","@id":"https:\/\/fjala.info\/2009-2015\/presidneti-i-italise-napolitano-pergezon-dhe-falenderon-dr-zef-mulaj-studiues-e-poet-shqiptar\/","url":"https:\/\/fjala.info\/2009-2015\/presidneti-i-italise-napolitano-pergezon-dhe-falenderon-dr-zef-mulaj-studiues-e-poet-shqiptar\/","name":"PRESIDNETI I ITALIS\u00cb, NAPOLITANO P\u00cbRG\u00cbZON DHE FAL\u00cbNDERON DR. ZEF MULAJ, STUDIUES E POET SHQIPTAR - FjALA e LIR\u00cb - Arkivi","isPartOf":{"@id":"https:\/\/fjala.info\/2009-2015\/#website"},"primaryImageOfPage":{"@id":"https:\/\/fjala.info\/2009-2015\/presidneti-i-italise-napolitano-pergezon-dhe-falenderon-dr-zef-mulaj-studiues-e-poet-shqiptar\/#primaryimage"},"image":{"@id":"https:\/\/fjala.info\/2009-2015\/presidneti-i-italise-napolitano-pergezon-dhe-falenderon-dr-zef-mulaj-studiues-e-poet-shqiptar\/#primaryimage"},"thumbnailUrl":"http:\/\/www.fjala.info\/2012\/giorgio_napolitano.jpg","datePublished":"2012-06-11T00:57:05+00:00","breadcrumb":{"@id":"https:\/\/fjala.info\/2009-2015\/presidneti-i-italise-napolitano-pergezon-dhe-falenderon-dr-zef-mulaj-studiues-e-poet-shqiptar\/#breadcrumb"},"inLanguage":"sq-AL","potentialAction":[{"@type":"ReadAction","target":["https:\/\/fjala.info\/2009-2015\/presidneti-i-italise-napolitano-pergezon-dhe-falenderon-dr-zef-mulaj-studiues-e-poet-shqiptar\/"]}]},{"@type":"ImageObject","inLanguage":"sq-AL","@id":"https:\/\/fjala.info\/2009-2015\/presidneti-i-italise-napolitano-pergezon-dhe-falenderon-dr-zef-mulaj-studiues-e-poet-shqiptar\/#primaryimage","url":"http:\/\/www.fjala.info\/2012\/giorgio_napolitano.jpg","contentUrl":"http:\/\/www.fjala.info\/2012\/giorgio_napolitano.jpg"},{"@type":"BreadcrumbList","@id":"https:\/\/fjala.info\/2009-2015\/presidneti-i-italise-napolitano-pergezon-dhe-falenderon-dr-zef-mulaj-studiues-e-poet-shqiptar\/#breadcrumb","itemListElement":[{"@type":"ListItem","position":1,"name":"Home","item":"https:\/\/fjala.info\/2009-2015\/"},{"@type":"ListItem","position":2,"name":"PRESIDNETI I ITALIS\u00cb, NAPOLITANO P\u00cbRG\u00cbZON DHE FAL\u00cbNDERON DR. ZEF MULAJ, STUDIUES E POET SHQIPTAR"}]},{"@type":"WebSite","@id":"https:\/\/fjala.info\/2009-2015\/#website","url":"https:\/\/fjala.info\/2009-2015\/","name":"FjALA e LIR\u00cb - Arkivi","description":"Arkivi 2009-2015","publisher":{"@id":"https:\/\/fjala.info\/2009-2015\/#organization"},"potentialAction":[{"@type":"SearchAction","target":{"@type":"EntryPoint","urlTemplate":"https:\/\/fjala.info\/2009-2015\/?s={search_term_string}"},"query-input":{"@type":"PropertyValueSpecification","valueRequired":true,"valueName":"search_term_string"}}],"inLanguage":"sq-AL"},{"@type":"Organization","@id":"https:\/\/fjala.info\/2009-2015\/#organization","name":"FjALA e LIR\u00cb - Arkivi","url":"https:\/\/fjala.info\/2009-2015\/","logo":{"@type":"ImageObject","inLanguage":"sq-AL","@id":"https:\/\/fjala.info\/2009-2015\/#\/schema\/logo\/image\/","url":"","contentUrl":"","caption":"FjALA e LIR\u00cb - Arkivi"},"image":{"@id":"https:\/\/fjala.info\/2009-2015\/#\/schema\/logo\/image\/"}},{"@type":"Person","@id":"https:\/\/fjala.info\/2009-2015\/#\/schema\/person\/3aa1163ef05469c496fc94e77611ada2","name":"admin","image":{"@type":"ImageObject","inLanguage":"sq-AL","@id":"https:\/\/fjala.info\/2009-2015\/wp-content\/uploads\/2012\/02\/arben_cokaj-120x150.jpg","url":"https:\/\/fjala.info\/2009-2015\/wp-content\/uploads\/2012\/02\/arben_cokaj-120x150.jpg","contentUrl":"https:\/\/fjala.info\/2009-2015\/wp-content\/uploads\/2012\/02\/arben_cokaj-120x150.jpg","caption":"admin"},"description":"Admin, Fjala e Lir\u00eb","sameAs":["https:\/\/fjala.info\/"],"url":"https:\/\/fjala.info\/2009-2015\/author\/admin\/"}]}},"_links":{"self":[{"href":"https:\/\/fjala.info\/2009-2015\/wp-json\/wp\/v2\/posts\/3212","targetHints":{"allow":["GET"]}}],"collection":[{"href":"https:\/\/fjala.info\/2009-2015\/wp-json\/wp\/v2\/posts"}],"about":[{"href":"https:\/\/fjala.info\/2009-2015\/wp-json\/wp\/v2\/types\/post"}],"author":[{"embeddable":true,"href":"https:\/\/fjala.info\/2009-2015\/wp-json\/wp\/v2\/users\/1"}],"replies":[{"embeddable":true,"href":"https:\/\/fjala.info\/2009-2015\/wp-json\/wp\/v2\/comments?post=3212"}],"version-history":[{"count":0,"href":"https:\/\/fjala.info\/2009-2015\/wp-json\/wp\/v2\/posts\/3212\/revisions"}],"wp:attachment":[{"href":"https:\/\/fjala.info\/2009-2015\/wp-json\/wp\/v2\/media?parent=3212"}],"wp:term":[{"taxonomy":"category","embeddable":true,"href":"https:\/\/fjala.info\/2009-2015\/wp-json\/wp\/v2\/categories?post=3212"},{"taxonomy":"post_tag","embeddable":true,"href":"https:\/\/fjala.info\/2009-2015\/wp-json\/wp\/v2\/tags?post=3212"}],"curies":[{"name":"wp","href":"https:\/\/api.w.org\/{rel}","templated":true}]}}