{"id":3210,"date":"2010-07-05T18:31:34","date_gmt":"2010-07-05T17:31:34","guid":{"rendered":"http:\/\/fjala.shkoder.net\/?p=3210"},"modified":"2010-07-05T18:31:34","modified_gmt":"2010-07-05T17:31:34","slug":"rehabilitimi-riatdhesimi-dhe-rishperblimi-i-bujar-bukoshit","status":"publish","type":"post","link":"https:\/\/fjala.info\/2009-2015\/rehabilitimi-riatdhesimi-dhe-rishperblimi-i-bujar-bukoshit\/","title":{"rendered":"REHABILITIMI, RIATDHESIMI DHE RISHP\u00cbRBLIMI I BUJAR BUKOSHIT"},"content":{"rendered":"<p><strong><em>REFORMAT N\u00cb LDK<\/em><\/strong> <strong><em>7<\/em><\/strong>) <\/p>\n<p>Shkruan: <strong>Shefqet DIBRANI<\/strong><\/p>\n<p><img decoding=\"async\" style=\"margin-left: 10px; margin-right: 10px; border: 0px;\" src=\"http:\/\/www.shkoder.net\/images\/fjala\/dibrani.jpg\" border=\"0\" alt=\"Shefqet DIBRANI\" width=\"150\" align=\"left\" \/><\/p>\n<p>Rehabilitimi i Bujar Bukoshit dhe \u201criatdhesimi?!\u201d e m\u00eb pas edhe rishp\u00ebrblimi i tij nga LDK-ja, n\u00eb kushtet e zhvillimeve normale do t\u00eb ishte jo vet\u00ebm akt human dhe moral, por nj\u00eb patriotiz\u00ebm i rrall\u00eb. Por Bujar Bukoshi \u00ebsht\u00eb njeriu q\u00eb i ka shkaktuar d\u00ebmet m\u00eb t\u00eb m\u00ebdha pik\u00ebrisht LDK-s\u00eb, institucioneve t\u00eb dala nga LDK-ja, dhe t\u00eb atyre institucioneve q\u00eb kishin dal\u00eb nga vota e popullit, shp\u00ebrblimi q\u00eb i b\u00ebhet atij \u00ebsht\u00eb ankronik dhe i d\u00ebmsh\u00ebm p\u00ebr k\u00ebt\u00eb parti. <\/p>\n<p>N\u00eb rrjedhat e koh\u00ebs Bujar Bukoshi do t\u00eb b\u00ebhet politikani m\u00eb kontrovers i cili do t\u00eb shkat\u00ebrroj jo vet\u00ebm sistemin shtet\u00ebror, por do t\u00eb shkat\u00ebrroj m\u00eb s\u00eb shumti organizimin e mir\u00eb t\u00eb LDK-s\u00eb n\u00eb diaspor\u00eb, ve\u00e7mas do t\u2019u krijon telashe deg\u00ebve t\u00eb LDK-s\u00eb n\u00eb Zvic\u00ebr dhe Gjermani. Pastaj p\u00ebrmes komisioneve tag\u00ebrmbledh\u00ebse, (ku pagesa e an\u00ebtar\u00ebve t\u00eb LDK-s\u00eb prej trep\u00ebrqind\u00ebshi u pagua si tag\u00ebr nga LDK-ist\u00ebt n\u00eb diaspor\u00eb). Promotor i nj\u00eb fushat\u00eb hakmarr\u00ebse ndaj LDK-s\u00eb ishte gjat\u00eb shum\u00eb viteve Bujar Bukoshi q\u00eb do t\u00eb nd\u00ebrsen tag\u00ebrmbledh\u00ebsit e tij q\u00eb t\u00eb silleshin si xhandar n\u00ebp\u00ebr tubimet dhe mbledhjet e LDK-s\u00eb, e cila p\u00ebr vite t\u00eb t\u00ebra e paguante hara\u00e7in me \u00e7mimin m\u00eb t\u00eb lart t\u00eb Republik\u00ebs. <\/p>\n<p>T\u00eb gjith\u00eb veprimtar\u00ebt dhe aktivist\u00ebt e LDK-s\u00eb, n\u00eb Kosov\u00eb dhe Evrop\u00eb e din se si \u00ebsht\u00eb sjell Bujar Bukoshi me Qendr\u00ebn p\u00ebr Informim t\u00eb Kosov\u00ebs, me Presidenc\u00ebn q\u00eb iu kishte b\u00ebr\u00eb hal\u00eb n\u00eb sy, dhe me kryesin\u00eb qendrore  t\u00eb LDK-s\u00eb n\u00eb Prishtin\u00eb. N\u00eb koh\u00ebn e qeverisjes s\u00eb tij diaspora shqiptare, ve\u00e7mas ajo n\u00eb Zvic\u00ebr dhe Gjermani, do t\u00eb p\u00ebsojn\u00eb debak\u00ebl n\u00eb aspektin e organizimit t\u00eb tyre, ve\u00e7mas n\u00eb sektorin e organizimit. Bujar Bukoshi do t\u00eb mbahet mend si nj\u00ebri nga politikan\u00ebt me tekanjoz q\u00eb i ka pasur historia kosovare n\u00eb k\u00ebt\u00eb nj\u00ebzet\u00ebvjet\u00ebshin e fundit. <\/p>\n<p>Ai do t\u00eb arrij t\u2019i b\u00ebj\u00eb pik\u00eb e pes\u00eb edhe oficeret e karrier\u00ebs t\u00eb cil\u00ebt do t\u00eb bien pre e tekeve t\u00eb tij, kurse ai nuk do t\u00eb ka m\u00ebshir\u00eb as gjat\u00eb luft\u00ebs s\u00eb tmerrshme q\u00eb b\u00ebnte Serbia n\u00eb Kosov\u00eb, por do ta vazhdoj\u00eb aventur\u00ebn e tij antiinstitucionale q\u00eb do t\u00eb shoq\u00ebrohet me dramacitetin e konflikteve t\u00eb m\u00ebdha n\u00eb relacionin U\u00c7K \u2013 Qeveri, p\u00ebr t\u00eb vazhduar k\u00ebt\u00eb avaz edhe n\u00eb vitet e para t\u00eb \u00e7lirimit t\u00eb Kosov\u00ebs.<br \/>\nMbarimi i luft\u00ebs do ta gjej her\u00eb n\u00eb Prishtin\u00eb dhe her\u00eb n\u00eb Gjermani duke shantazhuar veprimet politike majtas e djathtas, vet\u00ebm e vet\u00ebm p\u00ebr t\u00eb mbijetuar ai dhe p\u00ebr t\u2019iu shmangur p\u00ebrgjegj\u00ebsis\u00eb. <\/p>\n<p>Dihet se n\u00eb nj\u00eb seanc\u00eb Parlamentare Ministri i Ekonomis\u00eb dhe Financave z. Isa Mustafa do ta arsyetoj t\u00ebr\u00eb buxhetin shtet\u00ebror q\u00eb e ka menaxhuar ai dhe eprori i tij Bujar Bukoshi ku me k\u00ebt\u00eb rast me nj\u00eb duartrokitje frenetike nga kuvendar\u00ebt e Kosov\u00ebs do t\u00eb spastrohen dhe rehabilitohen brenda nat\u00ebs dhe me kalimin e koh\u00ebs po shihet se jan\u00eb rikthyer, jan\u00eb rehabilituar dhe jan\u00eb shp\u00ebrblyer pik\u00ebrisht nga LDK-ja.<\/p>\n<p>P\u00ebrve\u00e7 shum\u00eb e shum\u00eb shantazheve t\u00eb tjera q\u00eb mbeten enigmatike edhe sot e k\u00ebsaj dite, po aq mbeten enigmatike edhe letrat q\u00eb vinin nga adresa elektronike \u201cbujarbukoshi@yahoo.com\u201d.<\/p>\n<p>\u00cbsht\u00eb fjala p\u00ebr nd\u00ebrhyrjen n\u00eb shum\u00eb sfera t\u00eb jet\u00ebs. K\u00ebt\u00eb shkrim  po e ilustrojm\u00eb vet\u00ebm me nj\u00eb fakt, kur ishte aksioni humanitar q\u00eb kishte t\u00eb b\u00ebnte me familjen e ish shefit t\u00eb QIK-ut Enver maloku, i cili u vra n\u00eb nj\u00eb koh\u00eb rr\u00ebmuj\u00eb, e ku B. Bukoshi (gjithmon\u00eb sipas adres\u00ebs s\u00eb theksuar m\u00eb lart), do t\u00eb insistoj q\u00eb parat e grumbulluara t\u00eb mos  dor\u00ebzoheshin n\u00eb destinacionin e caktuar, pasi duhej t\u00eb krijohej p\u00ebrshtypja se dr. Ibrahim Rugov\u00ebs nuk i interesonte fare p\u00ebr familjet e bashk\u00ebpun\u00ebtor\u00ebve t\u00eb tij t\u00eb vrar\u00eb, qoft\u00eb n\u00eb luft\u00eb, apo me shantazhe politike menj\u00ebher\u00eb pas lufte. K\u00ebrc\u00ebnime dhe shantazhe t\u00eb shumta jan\u00eb ato fill pas mbarimit t\u00eb luft\u00ebs q\u00eb mbeten t\u00eb fresk\u00ebta dhe sidomos letrat e mesazhet k\u00ebrc\u00ebnuese q\u00eb vinin p\u00ebrmes post\u00ebs elektronike q\u00eb edhe sot e k\u00ebsaj dite ruhen si mister  n\u00eb t\u00eb cilat pretendohej t\u00eb disiplinonte edhe fjal\u00ebn e lir\u00eb dhe angazhimin humanitar. <\/p>\n<p>N\u00eb koh\u00ebn kur k\u00ebto shantazhe pat\u00ebn kaluan caqet e normales \u00ebsht\u00eb k\u00ebrkuar ndihm\u00eb nga Edita Tahiri, at\u00ebher\u00eb zyrtare e lart\u00eb n\u00eb LDK, e cila kur kuptoi q\u00ebllimin e takimit, nuk do t\u00eb gjej koh\u00eb edhe pse at\u00ebher\u00eb rrinte te t\u00eb af\u00ebrmit e saj n\u00eb Zvic\u00ebr. Madje q\u00eb nga ai rast Edita Tahiri nuk do t\u00eb pranon kurr\u00eb t\u00eb ulej n\u00eb nj\u00eb bised\u00eb por do t\u2019u shmangej vazhdimisht takimeve, qoft\u00eb edhe shikimit sy me sy. Nj\u00eb ndihmes\u00eb p\u00ebr nj\u00eb kontakt t\u00eb domosdosh\u00ebm me Presidentin Rugova do t\u00eb k\u00ebrkohet edhe nga n\u00ebnkryetari i LDK-s\u00eb z. Kol\u00eb Berisha me t\u00eb cilin n\u00eb at\u00eb koh\u00eb ishin disa \u201carmiq\u00ebsi brenda partiake\u201d, dhe ai me injoranc\u00ebn e tij tashm\u00eb t\u00eb njohur as nuk do t\u00eb p\u00ebrfill e as nuk do t\u00eb merret me rastin n\u00eb fjal\u00eb. <\/p>\n<p>P\u00ebrpjekja p\u00ebr t\u2019i dor\u00ebzuar ato letra n\u00eb vendin e duhur, (letra q\u00eb ishin shum\u00eb), aq shum\u00eb sa mund t\u00eb b\u00ebhej nj\u00eb kall\u00ebzim penal, \u00ebsht\u00eb k\u00ebrkuar edhe ndihmesa e Melihate T\u00ebrmkollit me t\u00eb cil\u00ebn ishte nj\u00eb lloj miq\u00ebsie edhe para se t\u00eb themelohej LDK-ja.  D\u00ebshtimi i ardhjes s\u00eb saj n\u00eb kohen e duhur te presidenca ka qen\u00eb enigmatik deri me kalimin e saj n\u00eb AAK, ashtu si\u00e7 pat mbetur enigmatike edhe hidh\u00ebrimi dhe mllefi i saj i shprazur n\u00eb platform\u00ebn e Hotelit Grand n\u00eb Prishtin\u00eb pse disa nga komentet ishin botuar gjat\u00eb vitit 2004-2005 n\u00eb gazet\u00ebn \u201cEpoka e re\u201d. <\/p>\n<p>Shp\u00ebrthimi i kordonit t\u00eb sigurimit t\u00eb Presidenc\u00ebs ishte i pamundur ngase edhe n\u00eb ato letra kishte rrahur gjoks B. Bukoshi se njer\u00ebzit e tij ishin kudo dhe kahdo t\u00eb cil\u00ebt ishin n\u00eb gjendje t\u00eb p\u00ebrcillnin \u00e7do l\u00ebvizje a iniciativ\u00eb p\u00ebr t\u2019i b\u00ebr\u00eb publike.<\/p>\n<p>Pas disa muajsh, pik\u00ebrisht n\u00eb pranver\u00ebn e vitit 2001, pas nj\u00eb udh\u00ebtimi me nj\u00eb delegacion nga Italia q\u00eb kishte shkuar n\u00eb Kosov\u00eb p\u00ebr \u201cSheshin e Paqes\u201d, rasti i k\u00ebtyre letrave do t\u00eb b\u00ebhet tem\u00eb diskutimi edhe n\u00eb takimin me akademikun dhe shkrimtarin e njohur Sabri Hamiti i cili q\u00eblloi t\u00eb ishte s\u00eb bashku me nj\u00eb profesor tjet\u00ebr universitar, dhe me nj\u00eb tjet\u00ebr person q\u00eb me sa di ishte i angazhuar n\u00eb sigurin\u00eb  e tij. Sabriu si askush m\u00eb par\u00eb do ta mbyll k\u00ebt\u00eb tem\u00eb duke e cil\u00ebsuar rastin e letrave trillim dhe si t\u00eb pav\u00ebrtet\u00eb. <\/p>\n<p>Tani m\u00eb duket jo etike t\u00eb l\u00ebshohem m\u00eb thel e t\u00eb komentoj t\u00ebr\u00eb rrjedh\u00ebn e ngjarjes, por kur e kam lexuar librin \u201cDULLES\u201d t\u00eb ish Drejtorit t\u00eb CIA-s amerikane t\u00eb viteve pes\u00ebdhjeta, gjesti i  intelektual\u00ebve dhe funksionar\u00ebve t\u00eb LDK-s\u00eb m\u00eb ka shqet\u00ebsuar edhe m\u00eb shum\u00eb, pasi ata nuk e mbrojt\u00ebn interesin e shtetit dhe t\u00eb partis\u00eb p\u00ebr injoronin informacionet q\u00eb vinin nga nj\u00eb qytetar i r\u00ebndomt\u00eb i Kosov\u00ebs.<\/p>\n<p>Tani barra e p\u00ebrgjegj\u00ebsis\u00eb politike p\u00ebr rehabilitimin e Bujar Bukoshit dhe rikthimin e tij n\u00eb LDK, madje duke e shp\u00ebrblyer me postin e Ministrit t\u00eb sh\u00ebndet\u00ebsis\u00eb b\u00ebhet edhe m\u00eb komplekse e cila si rast \u201csui generis\u201d bie s\u00eb pari mbi kryetarin e partis\u00eb i cili tashti n\u00eb cil\u00ebsin\u00eb e Presidentit t\u00eb Kosov\u00ebs e ka ngrir\u00eb postin partiak, duke i l\u00ebshuar frenjat  e partis\u00eb n\u00eb kryesin\u00eb qendrore q\u00eb tashm\u00eb bot\u00ebrisht dihet se drejtohet nga nj\u00eb klan i ngusht\u00eb q\u00eb s\u2019kan\u00eb gj\u00eb t\u00eb p\u00ebrbashk\u00ebt me interesin partiak e aq m\u00eb pak me interesin e Kosov\u00ebs n\u00eb p\u00ebrgjith\u00ebsi.<\/p>\n<p>Paradoksi i rehabilitimit t\u00eb Bujar Bukoshit merr p\u00ebrmasa edhe m\u00eb tragjike kur njeriu q\u00eb dikur terrorizonte opinionin publik me deklarata kund\u00ebr Bujar Bukoshit , sidomos gjat\u00eb koh\u00ebs s\u00eb Luft\u00ebs z. Hashim Tha\u00e7i, tash n\u00eb cil\u00ebsin\u00eb e eprorit t\u00eb qeveris\u00eb s\u00eb Kosov\u00eb e ka pranuar n\u00eb kabinetin e tij qeveris\u00ebs duke ia shtuar rehabilitimet edhe n\u00eb institucionet shtet\u00ebrore, kurse Bujar Bukoshi fill pas Isa Mustaf\u00ebs do t\u00eb shquhet p\u00ebr k\u00ebrkes\u00ebn e shqyrtimit t\u00eb pozicionit t\u00eb LDK-s\u00eb n\u00eb bashk\u00ebqeverisje me PDK-n\u00eb.<\/p>\n<p>Shihe kah ta shihesh gjendja n\u00eb LDK \u00ebsht\u00eb mbase kaotike dhe dalja prej k\u00ebsaj klanikrature me p\u00ebrmasa mafioze dhe t\u00eb interesit personal \u00ebsht\u00eb v\u00ebshtir\u00eb t\u00eb mendohet dhe t\u00eb paramendohet edhe p\u00ebr nj\u00eb koh\u00eb t\u00eb gjat\u00eb.<\/p>\n<p>E.Mail: shefqet.dibrani@bluewin.ch  <\/p>\n<p>Zvic\u00ebr,  15 qershor 2010.<br \/>\n*Botuar n\u00eb gazet\u00ebn \u201eEpoka e Re\u201c, 22 qershor 2010, Prishtin\u00eb.<\/p>\n<p>*<em>Autori, \u00ebsht\u00eb an\u00ebtar\u00eb i LDK-s\u00eb q\u00eb nga viti 1989, p\u00ebr vite t\u00eb t\u00ebra ishte an\u00ebtar i kryesis\u00eb s\u00eb Deg\u00ebs s\u00eb LDK-s\u00eb n\u00eb Zvic\u00ebr dhe i N\u00ebndeg\u00ebs n\u00eb Kantonin St. Gallen, ku ai jeton. Po ashtu autori i shkrimit ishte delegat n\u00eb dy Kuvendet e LDK \u2013s\u00eb n\u00eb Prishtin\u00eb t\u00eb mbajtura n\u00eb vitet 1994 dhe 1998, autor i dhjet\u00eb librave t\u00eb publikuar dhe analist politik n\u00eb koh\u00ebt m\u00eb t\u00eb v\u00ebshtira q\u00eb kalonte LDK-ja, duke u b\u00ebr\u00eb z\u00ebri m\u00eb autentik i saj.<\/em><\/p>\n","protected":false},"excerpt":{"rendered":"<p>REFORMAT N\u00cb LDK 7) Shkruan: Shefqet DIBRANI Rehabilitimi i Bujar Bukoshit dhe \u201criatdhesimi?!\u201d e m\u00eb pas edhe rishp\u00ebrblimi i tij nga LDK-ja, n\u00eb kushtet e zhvillimeve normale do t\u00eb ishte jo vet\u00ebm akt human dhe moral, por nj\u00eb patriotiz\u00ebm i rrall\u00eb. Por Bujar Bukoshi \u00ebsht\u00eb njeriu q\u00eb i ka shkaktuar d\u00ebmet m\u00eb t\u00eb m\u00ebdha pik\u00ebrisht [&hellip;]<\/p>\n","protected":false},"author":1,"featured_media":0,"comment_status":"open","ping_status":"closed","sticky":false,"template":"","format":"standard","meta":{"footnotes":""},"categories":[2],"tags":[],"class_list":{"0":"post-3210","1":"post","2":"type-post","3":"status-publish","4":"format-standard","6":"category-artikuj"},"yoast_head":"<!-- This site is optimized with the Yoast SEO plugin v27.4 - https:\/\/yoast.com\/product\/yoast-seo-wordpress\/ -->\n<title>REHABILITIMI, RIATDHESIMI DHE RISHP\u00cbRBLIMI I BUJAR BUKOSHIT - FjALA e LIR\u00cb - Arkivi<\/title>\n<meta name=\"robots\" content=\"index, follow, max-snippet:-1, max-image-preview:large, max-video-preview:-1\" \/>\n<link rel=\"canonical\" href=\"https:\/\/fjala.info\/2009-2015\/rehabilitimi-riatdhesimi-dhe-rishperblimi-i-bujar-bukoshit\/\" \/>\n<meta property=\"og:locale\" content=\"sq_AL\" \/>\n<meta property=\"og:type\" content=\"article\" \/>\n<meta property=\"og:title\" content=\"REHABILITIMI, RIATDHESIMI DHE RISHP\u00cbRBLIMI I BUJAR BUKOSHIT - FjALA e LIR\u00cb - Arkivi\" \/>\n<meta property=\"og:description\" content=\"REFORMAT N\u00cb LDK 7) Shkruan: Shefqet DIBRANI Rehabilitimi i Bujar Bukoshit dhe \u201criatdhesimi?!\u201d e m\u00eb pas edhe rishp\u00ebrblimi i tij nga LDK-ja, n\u00eb kushtet e zhvillimeve normale do t\u00eb ishte jo vet\u00ebm akt human dhe moral, por nj\u00eb patriotiz\u00ebm i rrall\u00eb. Por Bujar Bukoshi \u00ebsht\u00eb njeriu q\u00eb i ka shkaktuar d\u00ebmet m\u00eb t\u00eb m\u00ebdha pik\u00ebrisht [&hellip;]\" \/>\n<meta property=\"og:url\" content=\"https:\/\/fjala.info\/2009-2015\/rehabilitimi-riatdhesimi-dhe-rishperblimi-i-bujar-bukoshit\/\" \/>\n<meta property=\"og:site_name\" content=\"FjALA e LIR\u00cb - Arkivi\" \/>\n<meta property=\"article:published_time\" content=\"2010-07-05T17:31:34+00:00\" \/>\n<meta property=\"og:image\" content=\"http:\/\/www.shkoder.net\/images\/fjala\/dibrani.jpg\" \/>\n<meta name=\"author\" content=\"admin\" \/>\n<meta name=\"twitter:card\" content=\"summary_large_image\" \/>\n<meta name=\"twitter:label1\" content=\"Written by\" \/>\n\t<meta name=\"twitter:data1\" content=\"admin\" \/>\n\t<meta name=\"twitter:label2\" content=\"Est. reading time\" \/>\n\t<meta name=\"twitter:data2\" content=\"8 minutes\" \/>\n<script type=\"application\/ld+json\" class=\"yoast-schema-graph\">{\"@context\":\"https:\\\/\\\/schema.org\",\"@graph\":[{\"@type\":\"Article\",\"@id\":\"https:\\\/\\\/fjala.info\\\/2009-2015\\\/rehabilitimi-riatdhesimi-dhe-rishperblimi-i-bujar-bukoshit\\\/#article\",\"isPartOf\":{\"@id\":\"https:\\\/\\\/fjala.info\\\/2009-2015\\\/rehabilitimi-riatdhesimi-dhe-rishperblimi-i-bujar-bukoshit\\\/\"},\"author\":{\"name\":\"admin\",\"@id\":\"https:\\\/\\\/fjala.info\\\/2009-2015\\\/#\\\/schema\\\/person\\\/3aa1163ef05469c496fc94e77611ada2\"},\"headline\":\"REHABILITIMI, RIATDHESIMI DHE RISHP\u00cbRBLIMI I BUJAR BUKOSHIT\",\"datePublished\":\"2010-07-05T17:31:34+00:00\",\"mainEntityOfPage\":{\"@id\":\"https:\\\/\\\/fjala.info\\\/2009-2015\\\/rehabilitimi-riatdhesimi-dhe-rishperblimi-i-bujar-bukoshit\\\/\"},\"wordCount\":1617,\"commentCount\":0,\"publisher\":{\"@id\":\"https:\\\/\\\/fjala.info\\\/2009-2015\\\/#organization\"},\"image\":{\"@id\":\"https:\\\/\\\/fjala.info\\\/2009-2015\\\/rehabilitimi-riatdhesimi-dhe-rishperblimi-i-bujar-bukoshit\\\/#primaryimage\"},\"thumbnailUrl\":\"http:\\\/\\\/www.shkoder.net\\\/images\\\/fjala\\\/dibrani.jpg\",\"articleSection\":[\"Artikuj\"],\"inLanguage\":\"sq-AL\",\"potentialAction\":[{\"@type\":\"CommentAction\",\"name\":\"Comment\",\"target\":[\"https:\\\/\\\/fjala.info\\\/2009-2015\\\/rehabilitimi-riatdhesimi-dhe-rishperblimi-i-bujar-bukoshit\\\/#respond\"]}]},{\"@type\":\"WebPage\",\"@id\":\"https:\\\/\\\/fjala.info\\\/2009-2015\\\/rehabilitimi-riatdhesimi-dhe-rishperblimi-i-bujar-bukoshit\\\/\",\"url\":\"https:\\\/\\\/fjala.info\\\/2009-2015\\\/rehabilitimi-riatdhesimi-dhe-rishperblimi-i-bujar-bukoshit\\\/\",\"name\":\"REHABILITIMI, RIATDHESIMI DHE RISHP\u00cbRBLIMI I BUJAR BUKOSHIT - FjALA e LIR\u00cb - Arkivi\",\"isPartOf\":{\"@id\":\"https:\\\/\\\/fjala.info\\\/2009-2015\\\/#website\"},\"primaryImageOfPage\":{\"@id\":\"https:\\\/\\\/fjala.info\\\/2009-2015\\\/rehabilitimi-riatdhesimi-dhe-rishperblimi-i-bujar-bukoshit\\\/#primaryimage\"},\"image\":{\"@id\":\"https:\\\/\\\/fjala.info\\\/2009-2015\\\/rehabilitimi-riatdhesimi-dhe-rishperblimi-i-bujar-bukoshit\\\/#primaryimage\"},\"thumbnailUrl\":\"http:\\\/\\\/www.shkoder.net\\\/images\\\/fjala\\\/dibrani.jpg\",\"datePublished\":\"2010-07-05T17:31:34+00:00\",\"breadcrumb\":{\"@id\":\"https:\\\/\\\/fjala.info\\\/2009-2015\\\/rehabilitimi-riatdhesimi-dhe-rishperblimi-i-bujar-bukoshit\\\/#breadcrumb\"},\"inLanguage\":\"sq-AL\",\"potentialAction\":[{\"@type\":\"ReadAction\",\"target\":[\"https:\\\/\\\/fjala.info\\\/2009-2015\\\/rehabilitimi-riatdhesimi-dhe-rishperblimi-i-bujar-bukoshit\\\/\"]}]},{\"@type\":\"ImageObject\",\"inLanguage\":\"sq-AL\",\"@id\":\"https:\\\/\\\/fjala.info\\\/2009-2015\\\/rehabilitimi-riatdhesimi-dhe-rishperblimi-i-bujar-bukoshit\\\/#primaryimage\",\"url\":\"http:\\\/\\\/www.shkoder.net\\\/images\\\/fjala\\\/dibrani.jpg\",\"contentUrl\":\"http:\\\/\\\/www.shkoder.net\\\/images\\\/fjala\\\/dibrani.jpg\"},{\"@type\":\"BreadcrumbList\",\"@id\":\"https:\\\/\\\/fjala.info\\\/2009-2015\\\/rehabilitimi-riatdhesimi-dhe-rishperblimi-i-bujar-bukoshit\\\/#breadcrumb\",\"itemListElement\":[{\"@type\":\"ListItem\",\"position\":1,\"name\":\"Home\",\"item\":\"https:\\\/\\\/fjala.info\\\/2009-2015\\\/\"},{\"@type\":\"ListItem\",\"position\":2,\"name\":\"REHABILITIMI, RIATDHESIMI DHE RISHP\u00cbRBLIMI I BUJAR BUKOSHIT\"}]},{\"@type\":\"WebSite\",\"@id\":\"https:\\\/\\\/fjala.info\\\/2009-2015\\\/#website\",\"url\":\"https:\\\/\\\/fjala.info\\\/2009-2015\\\/\",\"name\":\"FjALA e LIR\u00cb - Arkivi\",\"description\":\"Arkivi 2009-2015\",\"publisher\":{\"@id\":\"https:\\\/\\\/fjala.info\\\/2009-2015\\\/#organization\"},\"potentialAction\":[{\"@type\":\"SearchAction\",\"target\":{\"@type\":\"EntryPoint\",\"urlTemplate\":\"https:\\\/\\\/fjala.info\\\/2009-2015\\\/?s={search_term_string}\"},\"query-input\":{\"@type\":\"PropertyValueSpecification\",\"valueRequired\":true,\"valueName\":\"search_term_string\"}}],\"inLanguage\":\"sq-AL\"},{\"@type\":\"Organization\",\"@id\":\"https:\\\/\\\/fjala.info\\\/2009-2015\\\/#organization\",\"name\":\"FjALA e LIR\u00cb - Arkivi\",\"url\":\"https:\\\/\\\/fjala.info\\\/2009-2015\\\/\",\"logo\":{\"@type\":\"ImageObject\",\"inLanguage\":\"sq-AL\",\"@id\":\"https:\\\/\\\/fjala.info\\\/2009-2015\\\/#\\\/schema\\\/logo\\\/image\\\/\",\"url\":\"\",\"contentUrl\":\"\",\"caption\":\"FjALA e LIR\u00cb - Arkivi\"},\"image\":{\"@id\":\"https:\\\/\\\/fjala.info\\\/2009-2015\\\/#\\\/schema\\\/logo\\\/image\\\/\"}},{\"@type\":\"Person\",\"@id\":\"https:\\\/\\\/fjala.info\\\/2009-2015\\\/#\\\/schema\\\/person\\\/3aa1163ef05469c496fc94e77611ada2\",\"name\":\"admin\",\"image\":{\"@type\":\"ImageObject\",\"inLanguage\":\"sq-AL\",\"@id\":\"https:\\\/\\\/fjala.info\\\/2009-2015\\\/wp-content\\\/uploads\\\/2012\\\/02\\\/arben_cokaj-120x150.jpg\",\"url\":\"https:\\\/\\\/fjala.info\\\/2009-2015\\\/wp-content\\\/uploads\\\/2012\\\/02\\\/arben_cokaj-120x150.jpg\",\"contentUrl\":\"https:\\\/\\\/fjala.info\\\/2009-2015\\\/wp-content\\\/uploads\\\/2012\\\/02\\\/arben_cokaj-120x150.jpg\",\"caption\":\"admin\"},\"description\":\"Admin, Fjala e Lir\u00eb\",\"sameAs\":[\"https:\\\/\\\/fjala.info\\\/\"],\"url\":\"https:\\\/\\\/fjala.info\\\/2009-2015\\\/author\\\/admin\\\/\"}]}<\/script>\n<!-- \/ Yoast SEO plugin. -->","yoast_head_json":{"title":"REHABILITIMI, RIATDHESIMI DHE RISHP\u00cbRBLIMI I BUJAR BUKOSHIT - FjALA e LIR\u00cb - Arkivi","robots":{"index":"index","follow":"follow","max-snippet":"max-snippet:-1","max-image-preview":"max-image-preview:large","max-video-preview":"max-video-preview:-1"},"canonical":"https:\/\/fjala.info\/2009-2015\/rehabilitimi-riatdhesimi-dhe-rishperblimi-i-bujar-bukoshit\/","og_locale":"sq_AL","og_type":"article","og_title":"REHABILITIMI, RIATDHESIMI DHE RISHP\u00cbRBLIMI I BUJAR BUKOSHIT - FjALA e LIR\u00cb - Arkivi","og_description":"REFORMAT N\u00cb LDK 7) Shkruan: Shefqet DIBRANI Rehabilitimi i Bujar Bukoshit dhe \u201criatdhesimi?!\u201d e m\u00eb pas edhe rishp\u00ebrblimi i tij nga LDK-ja, n\u00eb kushtet e zhvillimeve normale do t\u00eb ishte jo vet\u00ebm akt human dhe moral, por nj\u00eb patriotiz\u00ebm i rrall\u00eb. Por Bujar Bukoshi \u00ebsht\u00eb njeriu q\u00eb i ka shkaktuar d\u00ebmet m\u00eb t\u00eb m\u00ebdha pik\u00ebrisht [&hellip;]","og_url":"https:\/\/fjala.info\/2009-2015\/rehabilitimi-riatdhesimi-dhe-rishperblimi-i-bujar-bukoshit\/","og_site_name":"FjALA e LIR\u00cb - Arkivi","article_published_time":"2010-07-05T17:31:34+00:00","og_image":[{"url":"http:\/\/www.shkoder.net\/images\/fjala\/dibrani.jpg","type":"","width":"","height":""}],"author":"admin","twitter_card":"summary_large_image","twitter_misc":{"Written by":"admin","Est. reading time":"8 minutes"},"schema":{"@context":"https:\/\/schema.org","@graph":[{"@type":"Article","@id":"https:\/\/fjala.info\/2009-2015\/rehabilitimi-riatdhesimi-dhe-rishperblimi-i-bujar-bukoshit\/#article","isPartOf":{"@id":"https:\/\/fjala.info\/2009-2015\/rehabilitimi-riatdhesimi-dhe-rishperblimi-i-bujar-bukoshit\/"},"author":{"name":"admin","@id":"https:\/\/fjala.info\/2009-2015\/#\/schema\/person\/3aa1163ef05469c496fc94e77611ada2"},"headline":"REHABILITIMI, RIATDHESIMI DHE RISHP\u00cbRBLIMI I BUJAR BUKOSHIT","datePublished":"2010-07-05T17:31:34+00:00","mainEntityOfPage":{"@id":"https:\/\/fjala.info\/2009-2015\/rehabilitimi-riatdhesimi-dhe-rishperblimi-i-bujar-bukoshit\/"},"wordCount":1617,"commentCount":0,"publisher":{"@id":"https:\/\/fjala.info\/2009-2015\/#organization"},"image":{"@id":"https:\/\/fjala.info\/2009-2015\/rehabilitimi-riatdhesimi-dhe-rishperblimi-i-bujar-bukoshit\/#primaryimage"},"thumbnailUrl":"http:\/\/www.shkoder.net\/images\/fjala\/dibrani.jpg","articleSection":["Artikuj"],"inLanguage":"sq-AL","potentialAction":[{"@type":"CommentAction","name":"Comment","target":["https:\/\/fjala.info\/2009-2015\/rehabilitimi-riatdhesimi-dhe-rishperblimi-i-bujar-bukoshit\/#respond"]}]},{"@type":"WebPage","@id":"https:\/\/fjala.info\/2009-2015\/rehabilitimi-riatdhesimi-dhe-rishperblimi-i-bujar-bukoshit\/","url":"https:\/\/fjala.info\/2009-2015\/rehabilitimi-riatdhesimi-dhe-rishperblimi-i-bujar-bukoshit\/","name":"REHABILITIMI, RIATDHESIMI DHE RISHP\u00cbRBLIMI I BUJAR BUKOSHIT - FjALA e LIR\u00cb - Arkivi","isPartOf":{"@id":"https:\/\/fjala.info\/2009-2015\/#website"},"primaryImageOfPage":{"@id":"https:\/\/fjala.info\/2009-2015\/rehabilitimi-riatdhesimi-dhe-rishperblimi-i-bujar-bukoshit\/#primaryimage"},"image":{"@id":"https:\/\/fjala.info\/2009-2015\/rehabilitimi-riatdhesimi-dhe-rishperblimi-i-bujar-bukoshit\/#primaryimage"},"thumbnailUrl":"http:\/\/www.shkoder.net\/images\/fjala\/dibrani.jpg","datePublished":"2010-07-05T17:31:34+00:00","breadcrumb":{"@id":"https:\/\/fjala.info\/2009-2015\/rehabilitimi-riatdhesimi-dhe-rishperblimi-i-bujar-bukoshit\/#breadcrumb"},"inLanguage":"sq-AL","potentialAction":[{"@type":"ReadAction","target":["https:\/\/fjala.info\/2009-2015\/rehabilitimi-riatdhesimi-dhe-rishperblimi-i-bujar-bukoshit\/"]}]},{"@type":"ImageObject","inLanguage":"sq-AL","@id":"https:\/\/fjala.info\/2009-2015\/rehabilitimi-riatdhesimi-dhe-rishperblimi-i-bujar-bukoshit\/#primaryimage","url":"http:\/\/www.shkoder.net\/images\/fjala\/dibrani.jpg","contentUrl":"http:\/\/www.shkoder.net\/images\/fjala\/dibrani.jpg"},{"@type":"BreadcrumbList","@id":"https:\/\/fjala.info\/2009-2015\/rehabilitimi-riatdhesimi-dhe-rishperblimi-i-bujar-bukoshit\/#breadcrumb","itemListElement":[{"@type":"ListItem","position":1,"name":"Home","item":"https:\/\/fjala.info\/2009-2015\/"},{"@type":"ListItem","position":2,"name":"REHABILITIMI, RIATDHESIMI DHE RISHP\u00cbRBLIMI I BUJAR BUKOSHIT"}]},{"@type":"WebSite","@id":"https:\/\/fjala.info\/2009-2015\/#website","url":"https:\/\/fjala.info\/2009-2015\/","name":"FjALA e LIR\u00cb - Arkivi","description":"Arkivi 2009-2015","publisher":{"@id":"https:\/\/fjala.info\/2009-2015\/#organization"},"potentialAction":[{"@type":"SearchAction","target":{"@type":"EntryPoint","urlTemplate":"https:\/\/fjala.info\/2009-2015\/?s={search_term_string}"},"query-input":{"@type":"PropertyValueSpecification","valueRequired":true,"valueName":"search_term_string"}}],"inLanguage":"sq-AL"},{"@type":"Organization","@id":"https:\/\/fjala.info\/2009-2015\/#organization","name":"FjALA e LIR\u00cb - Arkivi","url":"https:\/\/fjala.info\/2009-2015\/","logo":{"@type":"ImageObject","inLanguage":"sq-AL","@id":"https:\/\/fjala.info\/2009-2015\/#\/schema\/logo\/image\/","url":"","contentUrl":"","caption":"FjALA e LIR\u00cb - Arkivi"},"image":{"@id":"https:\/\/fjala.info\/2009-2015\/#\/schema\/logo\/image\/"}},{"@type":"Person","@id":"https:\/\/fjala.info\/2009-2015\/#\/schema\/person\/3aa1163ef05469c496fc94e77611ada2","name":"admin","image":{"@type":"ImageObject","inLanguage":"sq-AL","@id":"https:\/\/fjala.info\/2009-2015\/wp-content\/uploads\/2012\/02\/arben_cokaj-120x150.jpg","url":"https:\/\/fjala.info\/2009-2015\/wp-content\/uploads\/2012\/02\/arben_cokaj-120x150.jpg","contentUrl":"https:\/\/fjala.info\/2009-2015\/wp-content\/uploads\/2012\/02\/arben_cokaj-120x150.jpg","caption":"admin"},"description":"Admin, Fjala e Lir\u00eb","sameAs":["https:\/\/fjala.info\/"],"url":"https:\/\/fjala.info\/2009-2015\/author\/admin\/"}]}},"_links":{"self":[{"href":"https:\/\/fjala.info\/2009-2015\/wp-json\/wp\/v2\/posts\/3210","targetHints":{"allow":["GET"]}}],"collection":[{"href":"https:\/\/fjala.info\/2009-2015\/wp-json\/wp\/v2\/posts"}],"about":[{"href":"https:\/\/fjala.info\/2009-2015\/wp-json\/wp\/v2\/types\/post"}],"author":[{"embeddable":true,"href":"https:\/\/fjala.info\/2009-2015\/wp-json\/wp\/v2\/users\/1"}],"replies":[{"embeddable":true,"href":"https:\/\/fjala.info\/2009-2015\/wp-json\/wp\/v2\/comments?post=3210"}],"version-history":[{"count":0,"href":"https:\/\/fjala.info\/2009-2015\/wp-json\/wp\/v2\/posts\/3210\/revisions"}],"wp:attachment":[{"href":"https:\/\/fjala.info\/2009-2015\/wp-json\/wp\/v2\/media?parent=3210"}],"wp:term":[{"taxonomy":"category","embeddable":true,"href":"https:\/\/fjala.info\/2009-2015\/wp-json\/wp\/v2\/categories?post=3210"},{"taxonomy":"post_tag","embeddable":true,"href":"https:\/\/fjala.info\/2009-2015\/wp-json\/wp\/v2\/tags?post=3210"}],"curies":[{"name":"wp","href":"https:\/\/api.w.org\/{rel}","templated":true}]}}