{"id":3206,"date":"2010-07-05T07:23:56","date_gmt":"2010-07-05T06:23:56","guid":{"rendered":"http:\/\/fjala.shkoder.net\/?p=3206"},"modified":"2010-07-05T07:23:56","modified_gmt":"2010-07-05T06:23:56","slug":"bota-pas-11-shtatorit","status":"publish","type":"post","link":"https:\/\/fjala.info\/2009-2015\/bota-pas-11-shtatorit\/","title":{"rendered":"Bota pas 11 shtatorit"},"content":{"rendered":"<p><strong>Edita Ku\u00e7i-Ukaj<\/strong><\/p>\n<p>R\u00ebnia e Bllokut Sovjetik, p\u00ebr nj\u00eb koh\u00eb relative u duk se e la bot\u00ebn n\u00eb qet\u00ebsi. N\u00eb t\u00eb v\u00ebrtet\u00eb, kjo \u201cqet\u00ebsi\u201d p\u00ebr t\u00eb cil\u00ebn aq shum\u00eb investoi Per\u00ebndimi, u trondit sa qel\u00eb e mbyll syt\u00eb. Dalja n\u00eb sken\u00eb e Al- Qaides, sidomos ciklet e papara t\u00eb dhun\u00ebs q\u00eb ka nd\u00ebrmarr kjo organizat\u00eb terroriste si Kullat Binjake, Lond\u00ebr e Madrid, Mumbai, etj., e ka hapur nj\u00eb kapitull t\u00eb ri n\u00eb marr\u00ebdh\u00ebniet nd\u00ebrkomb\u00ebtare, p\u00ebrgjith\u00ebsisht dhe at\u00eb me konsekuenca t\u00eb shumta. Kjo organizat\u00eb ka rishfaqur rrezikun permanent, duke shfryt\u00ebzuar metodat me \u00e7mendurake. Rishfaqja e nj\u00ebmb\u00ebdhjet\u00eb shtatorit 2001, ka sh\u00ebnuar nj\u00eb t\u00eb papritur, mbase as t\u00eb paimagjinuar nga bota demokratike, bot\u00eb kjo e cila kishte filluar nj\u00eb politik\u00eb t\u00eb mir\u00ebqenies s\u00eb gjithmbarshme- integrimeve t\u00eb p\u00ebrgjithshme.<\/p>\n<p>Kjo organizat\u00eb militante, e dal\u00eb nga gjiri i besimit islam, ka ndezur konflikte t\u00eb p\u00ebrmasave bot\u00ebrore n\u00eb gjith\u00eb bot\u00ebn, duke u thirr n\u00eb luft\u00eb, e cila p\u00ebr baz\u00eb ka religjionin- fakt ky q\u00eb k\u00ebrkon rritjen e nivelit t\u00eb koshienc\u00ebs nga rreziku q\u00eb mund t\u00eb rishfaqet prej k\u00ebsaj t\u00eb keqe universale. Me luft\u00ebn n\u00eb Irak dhe Afganistan, po duket se terroristet islamik\u00eb e kan\u00eb gjetur nj\u00eb aren\u00eb t\u00eb re ku t\u00eb fush\u00ebveprojn\u00eb, duke shfryt\u00ebzuar pretekstin se SHBA-t\u00eb intervenuan dhe e shkat\u00ebrruan regjimin Taliban n\u00eb Afganistan, menj\u00ebher\u00eb pas 11 shtatorit dhe m\u00eb tej invaduan dhe rrezuan regjimin e Sadamit n\u00eb Irak.<\/p>\n<p>Aktivist\u00eb t\u00eb shum\u00eb politik\u00eb, sikund\u00ebr edhe analist\u00ebt, kan\u00eb apeluar tek bota q\u00eb t\u00eb jet\u00eb koshiente p\u00ebr rrezikun e vazhduesh\u00ebm q\u00eb i kanoset sot bot\u00ebs nga kjo organizat\u00eb fam\u00ebkeqe dhe ekstremizmi religjioz, i cili p\u00ebr fat t\u00eb keq \u00ebsht\u00eb n\u00eb rritje. K\u00ebshtu p.sh. analisti suedez Per Jonsson i gazet\u00ebs \u201cDagens nyheter\u201d, gazet\u00eb kjo m\u00eb e madhja n\u00eb Suedi, duke elaburuar k\u00ebt\u00eb konflikt, thekson faktin se Per\u00ebndimi tashm\u00eb gjendet para nj\u00eb ideologjie, e cila, si e till\u00eb, u prodhua nga qarqet ekstreme islamike. Ideologji e cila ka ndar\u00eb bot\u00ebn, madje duke i rishfaqur kryq\u00ebzatat. N\u00eb dhjetor 2003, ekspert\u00ebt e terrorizmit nga OKB-ja theksuan se ekzistojn\u00eb 30-40 grupe terroriste, t\u00eb cilat jan\u00eb t\u00eb lidhura me Al-Qaiden dhe q\u00eb paraqesin rrezik potencial p\u00ebr bot\u00ebn e civilizuar.<\/p>\n<p>N\u00eb t\u00eb nj\u00ebjt\u00ebn koh\u00eb, shefi i antiterrorizmit t\u00eb FBI-s\u00eb, Larry Mefford, d\u00ebshmon se FBI-ja \u00ebsht\u00eb duke p\u00ebrndjekur organizatat mb\u00ebshtet\u00ebse t\u00eb Al-Qaides, n\u00eb afro 40 shtete t\u00eb ndryshme. N\u00eb shum\u00eb raste \u00ebsht\u00eb p\u00ebrhapur ideja se tash organizata \u00ebsht\u00eb shnd\u00ebrruar n\u00eb nj\u00eb \u201cideologji\u201d, ose n\u00eb nj\u00eb \u201cl\u00ebvizje\u201d ku vet\u00eb shpallen xhihad\u00ebt, pra lufta e shenjt\u00eb kund\u00ebr Per\u00ebndimit, ose \u201cvirusi\u201d zinxhir i terrorit, q\u00eb nuk njeh metoda, p\u00ebr t\u00eb realizuar synimet. Analisti i terrorizmit, Peter Bergen, thot\u00eb se organizata ka vet\u00ebm disa qindra an\u00ebtar\u00eb shum\u00eb t\u00eb lidhur, madje edhe n\u00eb lidhje gjaku, gj\u00eb q\u00eb pengon \u00e7rr\u00ebnjosjen e k\u00ebsaj ideologjie.<\/p>\n<p>Nd\u00ebrsa niveli tjet\u00ebr i organizimit ka disa mij\u00eb xhihad\u00eb, t\u00eb cil\u00ebt kan\u00eb marr\u00eb shkollimin e praktik\u00ebn n\u00eb Afganistan. Madje, disa prej k\u00ebtyre veprojn\u00eb n\u00ebp\u00ebr hap\u00ebsira t\u00eb ndryshme t\u00eb bot\u00ebs, n\u00eb rolin e misionarit t\u00eb k\u00ebsaj ideologjie. N\u00eb baz\u00eb t\u00eb nj\u00eb sondazhi me opinionin (n\u00eb vende islame) nga instituti \u201cPE\u00cb\u201d thuhet se \u00ebsht\u00eb ngritur shum\u00eb antiamerikanizmi tek mysliman\u00ebt, q\u00eb paraqet nj\u00eb rrezik n\u00eb vete. Rreziku tjet\u00ebr, ndoshta m\u00eb i madhi, ekziston n\u00eb Europ\u00eb, ku presupozohet se mund t\u00eb ket\u00eb shenja q\u00eb organizatat terroriste islamike mund t\u2019i realizojn\u00eb aktet terroriste n\u00eb t\u00eb ardhmen (gj\u00eb kjo q\u00eb \u00ebsht\u00eb argumentuar me rastin e sulmeve n\u00eb Madrid dhe Lond\u00ebr).<\/p>\n<p>Nj\u00eb nd\u00ebr \u00e7\u00ebshtjet kryesore q\u00eb shtrohet sot rreth terrorizmit, mbetet mendimi se \u00e7far\u00eb q\u00ebllimesh fsheh\u00ebn prapa k\u00ebtyre terrorist\u00ebve islamik\u00eb, ose organizatat t\u00eb cilat thirr\u00ebn n\u00eb em\u00ebr t\u00eb k\u00ebtij besimi. Mbetet t\u00eb analizohet fakti shum\u00eb i diskutuesh\u00ebm e i rreziksh\u00ebm. P\u00ebrderisa Al-Qaida i ka kat\u00ebr k\u00ebrkesa, t\u00eb cilat k\u00ebrkon t\u2019i pranohen nga Per\u00ebndimi (SHBA-t\u00eb dhe aleat\u00ebt per\u00ebndimor), organizatat e tjera si duket, jan\u00eb duke u p\u00ebrqendruar tek nj\u00eb luft\u00eb absurde ndaj Per\u00ebndimit, t\u00eb cil\u00ebn e shohin t\u00eb pafe-ide kjo q\u00eb \u00ebsht\u00eb zhvendosur n\u00eb rrafshin e nj\u00eb ideologjie shkat\u00ebrrimtare, madje edhe n\u00eb em\u00ebr t\u00eb Zotit. Instrumentalizimi i religjionit \u00ebsht\u00eb nj\u00eb parashenj\u00eb tejet e rrezikshme.<\/p>\n<p>Mbeten interesante proklamimet e tyre, p\u00ebrmes s\u00eb cilave Al-Qaida, madje grupet tjera terroriste, kan\u00eb synim t\u00eb shkat\u00ebrrohet shteti Izraelit dhe vendet tjera t\u00eb shenjta, ku e ka burimin krishterimi, q\u00eb nd\u00ebrlidhet me Per\u00ebndimin, t\u00eb cilin ata e luftojn\u00eb, e ndaj t\u00eb cilit zhvillojn\u00eb propagand\u00eb. Tashm\u00eb teorit\u00eb e dijetarit amerikan Samuel Huntington, p\u00ebr t\u00eb ardhmen e konflikteve n\u00eb bot\u00eb \u201cndeshje t\u00eb civilizimeve\u201d mes per\u00ebndimit dhe islamit, t\u00eb paralajm\u00ebruar n\u00eb nj\u00eb koh\u00eb qet\u00ebsie, tash \u00e7do dit\u00eb e m\u00eb shum\u00eb kan\u00eb filluar t\u00eb b\u00ebhen modele t\u00eb nd\u00ebrtimit t\u00eb politikave, ngase n\u00eb form\u00eb profetike flitet p\u00ebr shum\u00eb fakte reale.<\/p>\n<p>Osama bin -Laden k\u00ebshtu u shpreh para 11 shtatorit: \u201cT\u00eb vras\u00ebsh amerikan\u00eb dhe aleat\u00eb t\u00eb tyre, civil\u00eb a ushtar\u00eb, \u00ebsht\u00eb nj\u00eb detyr\u00eb e \u00e7do myslimani\u201d. Absurdi \u00ebsht\u00eb kulmi i k\u00ebsaj ideologjie, ashtu siq \u00ebsht\u00eb edhe pengesa e nj\u00eb debati brenda islamit p\u00ebr t\u00eb v\u00ebrtet\u00ebn e k\u00ebsaj ideologjie dhe lidhjet e mundshme t\u00eb saj me predikimet islame. Si rezultat i k\u00ebsaj ideologjie religjioze pik\u00ebrisht sipas q\u00ebndrimeve t\u00eb proklamuara, bota duhet t\u00eb ndahet mes tradhtareve dhe besnik\u00ebve, mes islamit dhe krejt bot\u00ebs per\u00ebndimoree jo per\u00ebndimore.<\/p>\n<p>Kjo luft\u00eb, n\u00eb nj\u00eb form\u00eb, n\u00eb kontekstin e p\u00ebrgjithsh\u00ebm nacional, na ka p\u00ebrfshir\u00eb edhe ne si shoq\u00ebri t\u00eb gjendur n\u00eb pik\u00ebn e vlimit t\u00eb ndeshjes s\u00eb k\u00ebtyre dy kulturave. Andaj, \u00ebsht\u00eb e domosdoshme t\u00eb kemi nj\u00eb strategji nacionale p\u00ebrball\u00eb k\u00ebsaj ideologjie. Pas ideologjis\u00eb izoluese komuniste, tashm\u00eb Islami e ka z\u00ebvend\u00ebsuar komunizmin, si antagonisti kryesor i bot\u00ebs per\u00ebndimore, si\u00e7 del edhe nga nj\u00eb raport i publikuar nga Foreign Office n\u00eb Lond\u00ebr, n\u00eb lidhje me luft\u00ebn kund\u00ebr terrorizmit n\u00eb t\u00eb cil\u00ebn theksohet politika e k\u00ebsaj organizate dhe e shum\u00eb t\u00eb tjerave. Madje kjo ideologji ka shkuar m\u00eb larg.<\/p>\n<p>Preh e k\u00ebtij konflikti, n\u00eb nj\u00eb form\u00eb a n\u00eb nj\u00eb tjet\u00ebr, jemi edhe ne si komb, n\u00eb qoft\u00eb se jo n\u00eb form\u00eb direkte, at\u00ebher\u00eb n\u00eb m\u00ebnyr\u00eb indirekte.<\/p>\n<p>N\u00eb realitetin e p\u00ebrgjithsh\u00ebm nacional shqiptar, mbetet t\u00eb b\u00ebhet nj\u00eb analiz\u00eb e problemit n\u00eb kontekst zhvillimeve n\u00eb raport me trend\u00ebt n\u00eb marr\u00ebdh\u00ebniet nd\u00ebrkomb\u00ebtare, duke analizuar edhe sfidat, edhe alternativat. Madje, mendoj se \u00ebsht\u00eb imediate n\u00eb k\u00ebt\u00eb faz\u00eb t\u00eb kemi nj\u00eb program nacional, me strategji t\u00eb qart\u00eb p\u00ebrball\u00eb k\u00ebsaj ideologjie, q\u00eb sipas disa paralajm\u00ebrimeve ka mund\u00ebsi t\u00eb jet\u00eb e involvuar edhe brenda kombit ton\u00eb.<\/p>\n<p>Shteti shqiptar unanimisht \u00ebsht\u00eb reshtur me t\u00eb drejt\u00eb n\u00eb krah t\u00eb SHBA-s\u00eb dhe t\u00eb forcave t\u00eb koalicionit edhe m\u00eb p\u00ebrkrahje ushtarake, p\u00ebr t\u00eb d\u00ebshmuar k\u00ebshtu jo vet\u00ebm solidaritetin, por edhe humanitetin, lidhjen e natyrshme me civilizimin per\u00ebndimor, i cili \u00ebsht\u00eb kah sulmohet sot n\u00eb m\u00ebnyr\u00ebn m\u00eb barbare nga forcat e err\u00ebta. Shqiptar\u00ebt, ashtu si edhe popujt tjer\u00eb per\u00ebndimorja vet\u00ebm se i d\u00ebnojn\u00eb k\u00ebto sulme, por edhe jan\u00eb bashk\u00ebpjes\u00ebmarr\u00ebs n\u00eb luftimin e k\u00ebsaj t\u00eb keqe. Duke p\u00ebrjetuar vet\u00eb dhun\u00ebn, regjimin, ideologjin\u00eb, shqiptaret n\u00eb k\u00ebt\u00eb luft\u00eb kund\u00ebr terrorizmit nuk guxojn\u00eb t\u00eb q\u00ebndrojn\u00eb n\u00eb asnj\u00eb m\u00ebnyr\u00eb karshi interesave t\u00eb per\u00ebndimit, ngase fati e historia mund t\u00eb p\u00ebrs\u00ebritet, si\u00e7 ndodhi me komunizmin.<\/p>\n<p>Ideja q\u00eb po mbizot\u00ebron sot n\u00eb shum\u00eb vende islame, nuk duhet t\u00eb jet\u00eb pjes\u00eb e mend\u00ebsis\u00eb son\u00eb, q\u00eb t\u00eb shohim per\u00ebndimin si armik, sepse kjo \u00ebsht\u00eb ideologji, dhe ideologjia pa alternativ shkat\u00ebrrohet karshi sistemit t\u00eb vlerave, nga humanizmi, tipar i demokracis\u00eb thelb\u00ebsore, t\u00eb cil\u00ebn e synon per\u00ebndimi, p\u00ebr prosperitet t\u00eb p\u00ebrgjithsh\u00ebm. Religjioni Islam, q\u00eb \u00ebsht\u00eb pjes\u00eb jona, nuk guxon t\u00eb instrumentalizohet, t\u00eb shfaq n\u00eb asnj\u00eb form\u00eb frym\u00eb antiper\u00ebndimore, sepse kjo do t\u00eb ishte nj\u00eb vet\u00ebvrasje kolektive.<\/p>\n<p>P\u00ebr fat t\u00eb mir\u00eb, \u00e7\u00ebshtja jon\u00eb komb\u00ebtare \u00ebsht\u00eb e lidhur fuqish\u00ebm me per\u00ebndimin, jo vet\u00ebm gjeografikisht, por edhe shpirt\u00ebrisht. Dhe, pa Per\u00ebndimin, ne do t\u00eb destinohemi edhe p\u00ebr dekada t\u00eb jemi n\u00eb rob\u00ebri, n\u00eb anarki, pa liri, pa mir\u00ebqenie, pa progres. Ket\u00eb e ka kuptuar edhe spektri i gjer\u00eb politik n\u00eb t\u00eb gjitha hap\u00ebsirat nacionale. Ideja antiper\u00ebndimore, n\u00ebse ekziston n\u00eb dimensionet e ndryshme shqiptare, duhet zhdukur, n\u00eb m\u00ebnyr\u00eb q\u00eb ta ruajm\u00eb aleanc\u00ebn e natyrshme n\u00eb luft\u00eb kund\u00ebr terrorizmit, k\u00ebsaj murtaje t\u00eb bot\u00ebs n\u00eb shek. XXI.<\/p>\n<p>T\u00eb vet\u00ebdijsh\u00ebm se e ardhmja jon\u00eb nacionale \u00ebsht\u00eb n\u00eb per\u00ebndim, duhet t\u00eb zhvillojm\u00eb politik\u00eb racionale pa ngarkesa, duke analizuar thell\u00eb t\u00eb gjitha sfidat, n\u00eb m\u00ebnyr\u00eb q\u00eb t\u00eb hapim alternativat e suksesshme drejt liris\u00eb, demokracis\u00eb, integrimeve. K\u00ebshtu, kujtoj se e perceptojn\u00eb edhe gjith\u00eb dashamir\u00ebt e kombit, t\u00eb ideve nacionale n\u00eb baza t\u00eb sh\u00ebndosha e me nj\u00eb pasion t\u00eb fuqish\u00ebm racional, p\u00ebr t\u00eb par\u00eb t\u00eb ardhmen nacionale t\u00eb prosperuar n\u00eb familjen Per\u00ebndimore, aty ku kemi qen\u00eb q\u00eb dy mij\u00eb vjet dhe ku duhet t\u00eb jemi pashmangshm\u00ebrisht edhe sot e tutje.<\/p>\n","protected":false},"excerpt":{"rendered":"<p>Edita Ku\u00e7i-Ukaj R\u00ebnia e Bllokut Sovjetik, p\u00ebr nj\u00eb koh\u00eb relative u duk se e la bot\u00ebn n\u00eb qet\u00ebsi. N\u00eb t\u00eb v\u00ebrtet\u00eb, kjo \u201cqet\u00ebsi\u201d p\u00ebr t\u00eb cil\u00ebn aq shum\u00eb investoi Per\u00ebndimi, u trondit sa qel\u00eb e mbyll syt\u00eb. Dalja n\u00eb sken\u00eb e Al- Qaides, sidomos ciklet e papara t\u00eb dhun\u00ebs q\u00eb ka nd\u00ebrmarr kjo organizat\u00eb terroriste [&hellip;]<\/p>\n","protected":false},"author":1,"featured_media":0,"comment_status":"open","ping_status":"closed","sticky":false,"template":"","format":"standard","meta":{"footnotes":""},"categories":[2],"tags":[],"class_list":{"0":"post-3206","1":"post","2":"type-post","3":"status-publish","4":"format-standard","6":"category-artikuj"},"yoast_head":"<!-- This site is optimized with the Yoast SEO plugin v27.4 - https:\/\/yoast.com\/product\/yoast-seo-wordpress\/ -->\n<title>Bota pas 11 shtatorit - FjALA e LIR\u00cb - Arkivi<\/title>\n<meta name=\"robots\" content=\"index, follow, max-snippet:-1, max-image-preview:large, max-video-preview:-1\" \/>\n<link rel=\"canonical\" href=\"https:\/\/fjala.info\/2009-2015\/bota-pas-11-shtatorit\/\" \/>\n<meta property=\"og:locale\" content=\"sq_AL\" \/>\n<meta property=\"og:type\" content=\"article\" \/>\n<meta property=\"og:title\" content=\"Bota pas 11 shtatorit - FjALA e LIR\u00cb - Arkivi\" \/>\n<meta property=\"og:description\" content=\"Edita Ku\u00e7i-Ukaj R\u00ebnia e Bllokut Sovjetik, p\u00ebr nj\u00eb koh\u00eb relative u duk se e la bot\u00ebn n\u00eb qet\u00ebsi. N\u00eb t\u00eb v\u00ebrtet\u00eb, kjo \u201cqet\u00ebsi\u201d p\u00ebr t\u00eb cil\u00ebn aq shum\u00eb investoi Per\u00ebndimi, u trondit sa qel\u00eb e mbyll syt\u00eb. Dalja n\u00eb sken\u00eb e Al- Qaides, sidomos ciklet e papara t\u00eb dhun\u00ebs q\u00eb ka nd\u00ebrmarr kjo organizat\u00eb terroriste [&hellip;]\" \/>\n<meta property=\"og:url\" content=\"https:\/\/fjala.info\/2009-2015\/bota-pas-11-shtatorit\/\" \/>\n<meta property=\"og:site_name\" content=\"FjALA e LIR\u00cb - Arkivi\" \/>\n<meta property=\"article:published_time\" content=\"2010-07-05T06:23:56+00:00\" \/>\n<meta name=\"author\" content=\"admin\" \/>\n<meta name=\"twitter:card\" content=\"summary_large_image\" \/>\n<meta name=\"twitter:label1\" content=\"Written by\" \/>\n\t<meta name=\"twitter:data1\" content=\"admin\" \/>\n\t<meta name=\"twitter:label2\" content=\"Est. reading time\" \/>\n\t<meta name=\"twitter:data2\" content=\"8 minutes\" \/>\n<script type=\"application\/ld+json\" class=\"yoast-schema-graph\">{\"@context\":\"https:\\\/\\\/schema.org\",\"@graph\":[{\"@type\":\"Article\",\"@id\":\"https:\\\/\\\/fjala.info\\\/2009-2015\\\/bota-pas-11-shtatorit\\\/#article\",\"isPartOf\":{\"@id\":\"https:\\\/\\\/fjala.info\\\/2009-2015\\\/bota-pas-11-shtatorit\\\/\"},\"author\":{\"name\":\"admin\",\"@id\":\"https:\\\/\\\/fjala.info\\\/2009-2015\\\/#\\\/schema\\\/person\\\/3aa1163ef05469c496fc94e77611ada2\"},\"headline\":\"Bota pas 11 shtatorit\",\"datePublished\":\"2010-07-05T06:23:56+00:00\",\"mainEntityOfPage\":{\"@id\":\"https:\\\/\\\/fjala.info\\\/2009-2015\\\/bota-pas-11-shtatorit\\\/\"},\"wordCount\":1600,\"commentCount\":0,\"publisher\":{\"@id\":\"https:\\\/\\\/fjala.info\\\/2009-2015\\\/#organization\"},\"articleSection\":[\"Artikuj\"],\"inLanguage\":\"sq-AL\",\"potentialAction\":[{\"@type\":\"CommentAction\",\"name\":\"Comment\",\"target\":[\"https:\\\/\\\/fjala.info\\\/2009-2015\\\/bota-pas-11-shtatorit\\\/#respond\"]}]},{\"@type\":\"WebPage\",\"@id\":\"https:\\\/\\\/fjala.info\\\/2009-2015\\\/bota-pas-11-shtatorit\\\/\",\"url\":\"https:\\\/\\\/fjala.info\\\/2009-2015\\\/bota-pas-11-shtatorit\\\/\",\"name\":\"Bota pas 11 shtatorit - FjALA e LIR\u00cb - Arkivi\",\"isPartOf\":{\"@id\":\"https:\\\/\\\/fjala.info\\\/2009-2015\\\/#website\"},\"datePublished\":\"2010-07-05T06:23:56+00:00\",\"breadcrumb\":{\"@id\":\"https:\\\/\\\/fjala.info\\\/2009-2015\\\/bota-pas-11-shtatorit\\\/#breadcrumb\"},\"inLanguage\":\"sq-AL\",\"potentialAction\":[{\"@type\":\"ReadAction\",\"target\":[\"https:\\\/\\\/fjala.info\\\/2009-2015\\\/bota-pas-11-shtatorit\\\/\"]}]},{\"@type\":\"BreadcrumbList\",\"@id\":\"https:\\\/\\\/fjala.info\\\/2009-2015\\\/bota-pas-11-shtatorit\\\/#breadcrumb\",\"itemListElement\":[{\"@type\":\"ListItem\",\"position\":1,\"name\":\"Home\",\"item\":\"https:\\\/\\\/fjala.info\\\/2009-2015\\\/\"},{\"@type\":\"ListItem\",\"position\":2,\"name\":\"Bota pas 11 shtatorit\"}]},{\"@type\":\"WebSite\",\"@id\":\"https:\\\/\\\/fjala.info\\\/2009-2015\\\/#website\",\"url\":\"https:\\\/\\\/fjala.info\\\/2009-2015\\\/\",\"name\":\"FjALA e LIR\u00cb - Arkivi\",\"description\":\"Arkivi 2009-2015\",\"publisher\":{\"@id\":\"https:\\\/\\\/fjala.info\\\/2009-2015\\\/#organization\"},\"potentialAction\":[{\"@type\":\"SearchAction\",\"target\":{\"@type\":\"EntryPoint\",\"urlTemplate\":\"https:\\\/\\\/fjala.info\\\/2009-2015\\\/?s={search_term_string}\"},\"query-input\":{\"@type\":\"PropertyValueSpecification\",\"valueRequired\":true,\"valueName\":\"search_term_string\"}}],\"inLanguage\":\"sq-AL\"},{\"@type\":\"Organization\",\"@id\":\"https:\\\/\\\/fjala.info\\\/2009-2015\\\/#organization\",\"name\":\"FjALA e LIR\u00cb - Arkivi\",\"url\":\"https:\\\/\\\/fjala.info\\\/2009-2015\\\/\",\"logo\":{\"@type\":\"ImageObject\",\"inLanguage\":\"sq-AL\",\"@id\":\"https:\\\/\\\/fjala.info\\\/2009-2015\\\/#\\\/schema\\\/logo\\\/image\\\/\",\"url\":\"\",\"contentUrl\":\"\",\"caption\":\"FjALA e LIR\u00cb - Arkivi\"},\"image\":{\"@id\":\"https:\\\/\\\/fjala.info\\\/2009-2015\\\/#\\\/schema\\\/logo\\\/image\\\/\"}},{\"@type\":\"Person\",\"@id\":\"https:\\\/\\\/fjala.info\\\/2009-2015\\\/#\\\/schema\\\/person\\\/3aa1163ef05469c496fc94e77611ada2\",\"name\":\"admin\",\"image\":{\"@type\":\"ImageObject\",\"inLanguage\":\"sq-AL\",\"@id\":\"https:\\\/\\\/fjala.info\\\/2009-2015\\\/wp-content\\\/uploads\\\/2012\\\/02\\\/arben_cokaj-120x150.jpg\",\"url\":\"https:\\\/\\\/fjala.info\\\/2009-2015\\\/wp-content\\\/uploads\\\/2012\\\/02\\\/arben_cokaj-120x150.jpg\",\"contentUrl\":\"https:\\\/\\\/fjala.info\\\/2009-2015\\\/wp-content\\\/uploads\\\/2012\\\/02\\\/arben_cokaj-120x150.jpg\",\"caption\":\"admin\"},\"description\":\"Admin, Fjala e Lir\u00eb\",\"sameAs\":[\"https:\\\/\\\/fjala.info\\\/\"],\"url\":\"https:\\\/\\\/fjala.info\\\/2009-2015\\\/author\\\/admin\\\/\"}]}<\/script>\n<!-- \/ Yoast SEO plugin. -->","yoast_head_json":{"title":"Bota pas 11 shtatorit - FjALA e LIR\u00cb - Arkivi","robots":{"index":"index","follow":"follow","max-snippet":"max-snippet:-1","max-image-preview":"max-image-preview:large","max-video-preview":"max-video-preview:-1"},"canonical":"https:\/\/fjala.info\/2009-2015\/bota-pas-11-shtatorit\/","og_locale":"sq_AL","og_type":"article","og_title":"Bota pas 11 shtatorit - FjALA e LIR\u00cb - Arkivi","og_description":"Edita Ku\u00e7i-Ukaj R\u00ebnia e Bllokut Sovjetik, p\u00ebr nj\u00eb koh\u00eb relative u duk se e la bot\u00ebn n\u00eb qet\u00ebsi. N\u00eb t\u00eb v\u00ebrtet\u00eb, kjo \u201cqet\u00ebsi\u201d p\u00ebr t\u00eb cil\u00ebn aq shum\u00eb investoi Per\u00ebndimi, u trondit sa qel\u00eb e mbyll syt\u00eb. Dalja n\u00eb sken\u00eb e Al- Qaides, sidomos ciklet e papara t\u00eb dhun\u00ebs q\u00eb ka nd\u00ebrmarr kjo organizat\u00eb terroriste [&hellip;]","og_url":"https:\/\/fjala.info\/2009-2015\/bota-pas-11-shtatorit\/","og_site_name":"FjALA e LIR\u00cb - Arkivi","article_published_time":"2010-07-05T06:23:56+00:00","author":"admin","twitter_card":"summary_large_image","twitter_misc":{"Written by":"admin","Est. reading time":"8 minutes"},"schema":{"@context":"https:\/\/schema.org","@graph":[{"@type":"Article","@id":"https:\/\/fjala.info\/2009-2015\/bota-pas-11-shtatorit\/#article","isPartOf":{"@id":"https:\/\/fjala.info\/2009-2015\/bota-pas-11-shtatorit\/"},"author":{"name":"admin","@id":"https:\/\/fjala.info\/2009-2015\/#\/schema\/person\/3aa1163ef05469c496fc94e77611ada2"},"headline":"Bota pas 11 shtatorit","datePublished":"2010-07-05T06:23:56+00:00","mainEntityOfPage":{"@id":"https:\/\/fjala.info\/2009-2015\/bota-pas-11-shtatorit\/"},"wordCount":1600,"commentCount":0,"publisher":{"@id":"https:\/\/fjala.info\/2009-2015\/#organization"},"articleSection":["Artikuj"],"inLanguage":"sq-AL","potentialAction":[{"@type":"CommentAction","name":"Comment","target":["https:\/\/fjala.info\/2009-2015\/bota-pas-11-shtatorit\/#respond"]}]},{"@type":"WebPage","@id":"https:\/\/fjala.info\/2009-2015\/bota-pas-11-shtatorit\/","url":"https:\/\/fjala.info\/2009-2015\/bota-pas-11-shtatorit\/","name":"Bota pas 11 shtatorit - FjALA e LIR\u00cb - Arkivi","isPartOf":{"@id":"https:\/\/fjala.info\/2009-2015\/#website"},"datePublished":"2010-07-05T06:23:56+00:00","breadcrumb":{"@id":"https:\/\/fjala.info\/2009-2015\/bota-pas-11-shtatorit\/#breadcrumb"},"inLanguage":"sq-AL","potentialAction":[{"@type":"ReadAction","target":["https:\/\/fjala.info\/2009-2015\/bota-pas-11-shtatorit\/"]}]},{"@type":"BreadcrumbList","@id":"https:\/\/fjala.info\/2009-2015\/bota-pas-11-shtatorit\/#breadcrumb","itemListElement":[{"@type":"ListItem","position":1,"name":"Home","item":"https:\/\/fjala.info\/2009-2015\/"},{"@type":"ListItem","position":2,"name":"Bota pas 11 shtatorit"}]},{"@type":"WebSite","@id":"https:\/\/fjala.info\/2009-2015\/#website","url":"https:\/\/fjala.info\/2009-2015\/","name":"FjALA e LIR\u00cb - Arkivi","description":"Arkivi 2009-2015","publisher":{"@id":"https:\/\/fjala.info\/2009-2015\/#organization"},"potentialAction":[{"@type":"SearchAction","target":{"@type":"EntryPoint","urlTemplate":"https:\/\/fjala.info\/2009-2015\/?s={search_term_string}"},"query-input":{"@type":"PropertyValueSpecification","valueRequired":true,"valueName":"search_term_string"}}],"inLanguage":"sq-AL"},{"@type":"Organization","@id":"https:\/\/fjala.info\/2009-2015\/#organization","name":"FjALA e LIR\u00cb - Arkivi","url":"https:\/\/fjala.info\/2009-2015\/","logo":{"@type":"ImageObject","inLanguage":"sq-AL","@id":"https:\/\/fjala.info\/2009-2015\/#\/schema\/logo\/image\/","url":"","contentUrl":"","caption":"FjALA e LIR\u00cb - Arkivi"},"image":{"@id":"https:\/\/fjala.info\/2009-2015\/#\/schema\/logo\/image\/"}},{"@type":"Person","@id":"https:\/\/fjala.info\/2009-2015\/#\/schema\/person\/3aa1163ef05469c496fc94e77611ada2","name":"admin","image":{"@type":"ImageObject","inLanguage":"sq-AL","@id":"https:\/\/fjala.info\/2009-2015\/wp-content\/uploads\/2012\/02\/arben_cokaj-120x150.jpg","url":"https:\/\/fjala.info\/2009-2015\/wp-content\/uploads\/2012\/02\/arben_cokaj-120x150.jpg","contentUrl":"https:\/\/fjala.info\/2009-2015\/wp-content\/uploads\/2012\/02\/arben_cokaj-120x150.jpg","caption":"admin"},"description":"Admin, Fjala e Lir\u00eb","sameAs":["https:\/\/fjala.info\/"],"url":"https:\/\/fjala.info\/2009-2015\/author\/admin\/"}]}},"_links":{"self":[{"href":"https:\/\/fjala.info\/2009-2015\/wp-json\/wp\/v2\/posts\/3206","targetHints":{"allow":["GET"]}}],"collection":[{"href":"https:\/\/fjala.info\/2009-2015\/wp-json\/wp\/v2\/posts"}],"about":[{"href":"https:\/\/fjala.info\/2009-2015\/wp-json\/wp\/v2\/types\/post"}],"author":[{"embeddable":true,"href":"https:\/\/fjala.info\/2009-2015\/wp-json\/wp\/v2\/users\/1"}],"replies":[{"embeddable":true,"href":"https:\/\/fjala.info\/2009-2015\/wp-json\/wp\/v2\/comments?post=3206"}],"version-history":[{"count":0,"href":"https:\/\/fjala.info\/2009-2015\/wp-json\/wp\/v2\/posts\/3206\/revisions"}],"wp:attachment":[{"href":"https:\/\/fjala.info\/2009-2015\/wp-json\/wp\/v2\/media?parent=3206"}],"wp:term":[{"taxonomy":"category","embeddable":true,"href":"https:\/\/fjala.info\/2009-2015\/wp-json\/wp\/v2\/categories?post=3206"},{"taxonomy":"post_tag","embeddable":true,"href":"https:\/\/fjala.info\/2009-2015\/wp-json\/wp\/v2\/tags?post=3206"}],"curies":[{"name":"wp","href":"https:\/\/api.w.org\/{rel}","templated":true}]}}