{"id":3205,"date":"2012-06-09T21:58:27","date_gmt":"2012-06-09T20:58:27","guid":{"rendered":"http:\/\/www.fjala.info\/?p=3205"},"modified":"2012-06-09T21:58:27","modified_gmt":"2012-06-09T20:58:27","slug":"ke-president-preferon-berisha","status":"publish","type":"post","link":"https:\/\/fjala.info\/2009-2015\/ke-president-preferon-berisha\/","title":{"rendered":"K\u00eb president preferon Berisha?"},"content":{"rendered":"<p><img decoding=\"async\" class=\"alignright size-thumbnail wp-image-7236\" title=\"Mero Baze\" src=\"http:\/\/www.fjala.info\/2012\/mero_baze.jpg\" alt=\"\" width=\"150\" \/> Nga <strong>Mero Baze<\/strong>, <em>9 Qershor 2012<\/em><\/p>\n<p>Nj\u00eb nga vlerat q\u00eb pati largimi i papritur i Zaganjorit nga gara ishte se ai e mori vendimin nj\u00eb or\u00eb pasi Kuvendi kishte vendosur dit\u00ebn e h\u00ebn\u00eb si raund i kat\u00ebrt i zgjedhjes s\u00eb presidentit. Vendimi, i cili u mor pa u konsultuar me Zaganjorin, b\u00ebri q\u00eb pal\u00ebt t\u00eb vihen n\u00ebn presionin e koh\u00ebs, pra p\u00ebr 48 or\u00eb t\u00eb gjejn\u00eb nj\u00eb president. Kjo e ka b\u00ebr\u00eb vendimmarrjen t\u00eb v\u00ebshtir\u00eb, pasi pal\u00ebve brenda shumic\u00ebs do t\u2019u duhet toleranc\u00eb maksimale p\u00ebr t\u00eb pranuar \u00e7do em\u00ebr q\u00eb vjen q\u00eb t\u00eb mos i dor\u00ebzohen raundit t\u00eb pest\u00eb, i cili i fut t\u00eb gjith\u00eb n\u00eb makthin e zgjedhjeve t\u00eb parakohshme.<\/p>\n<p>P\u00ebr t\u00eb pajtuar pal\u00ebt dhe p\u00ebr t\u00eb vazhduar tradit\u00ebn e tij me p\u00ebrfytyrimin p\u00ebr presidentin, Berisha e ka m\u00eb t\u00eb leht\u00eb t\u00eb ulet me Ilir Met\u00ebn dhe aleat\u00ebt dhe t\u00eb gjej\u00eb nj\u00eb figur\u00eb mediokre nga llumi i gjykatave shqiptare, t\u00eb cil\u00ebt i kan\u00eb katapultuar vet\u00eb aty ku jan\u00eb dhe ta mbyllin makthin e tyre. Ky \u00ebsht\u00eb p\u00ebr ta presidenti ideal i s\u00eb h\u00ebn\u00ebs, nj\u00eb gjykat\u00ebs, oficer, a diplomat, q\u00eb nuk ia gjen dot as emrin n\u00eb Google, dhe q\u00eb pasohet nga nj\u00eb lavd\u00ebrim historik i Berish\u00ebs si njeriu m\u00eb i madh i gjith\u00eb koh\u00ebve.<\/p>\n<p>Presidenti i dyt\u00eb paksa m\u00eb i v\u00ebshtir\u00eb \u00ebsht\u00eb presidenti politik i PD-s\u00eb. N\u00ebse Berisha tashm\u00eb b\u00ebn prov\u00ebn e forc\u00ebs dhe em\u00ebron Topallin kandidate, do t\u2019i duhet t\u00eb futet n\u00eb makthin e p\u00ebr\u00e7arjes s\u00eb shumic\u00ebs dhe n\u00eb frik\u00ebn se vota e fsheht\u00eb mund ta rr\u00ebzoj\u00eb at\u00eb n\u00eb Kuvend. I kapur ngusht\u00eb, ai nuk ka m\u00eb as kuraj\u00eb dhe as vullnet t\u00eb b\u00ebj\u00eb nj\u00eb betej\u00eb p\u00ebr Topallin, edhe pse do t\u00eb duhej t\u00eb respektonte betimin e tij t\u00eb par\u00eb q\u00eb nuk do t\u00eb t\u00ebrhiqej nga nj\u00eb president i PD-s\u00eb.<\/p>\n<p>Presidenti tjet\u00ebr, ai i shumic\u00ebs n\u00eb pushtet nga politika, do t\u00eb ishte m\u00eb i arsyeshmi. N\u00eb tradit\u00ebn e Greqis\u00eb apo Italis\u00eb, q\u00eb e zgjedhin presidentin af\u00ebrsisht si ne, votohet p\u00ebr president zakonisht nj\u00eb figur\u00eb politike n\u00eb pension, pa aspirata t\u00eb m\u00ebtejshme politike, i respektuar si figur\u00eb e ndonj\u00eb pakice t\u00eb majt\u00eb apo t\u00eb djatht\u00eb. N\u00eb Greqi Papandreu i vjet\u00ebr ka pas\u00eb em\u00ebruar Karamanlisin (Xhaxhain e Karamanlisit junior kryeminist\u00ebr), m\u00eb pas Simitis ka pas em\u00ebruar Stefanopulosin, nj\u00eb politikan i nj\u00eb partie t\u00eb vog\u00ebl t\u00eb djatht\u00eb, nd\u00ebrsa Karamanlisi i Nea Demokracis\u00eb ka votuar p\u00ebr ish- ministrin e Jasht\u00ebm legjendar t\u00eb PASOK-ut, Papulias. Po k\u00ebshtu ka vepruar dhe Italia.<\/p>\n<p>Kjo n\u00eb t\u00eb v\u00ebrtet\u00eb \u00ebsht\u00eb nj\u00eb rrug\u00eb m\u00eb fisnike dhe m\u00eb e denj\u00eb p\u00ebr vet\u00eb formul\u00ebn q\u00eb i kemi imponuar vendit n\u00eb Kushtetut\u00eb. N\u00ebse do t\u00eb ecnim me k\u00ebt\u00eb analogji, kriza mund t\u00eb zgjidhej n\u00ebse Berisha em\u00ebronte fjala vjen Neritan Cek\u00ebn, Dashamir Shehin, Aleksand\u00ebr Meksin, Alfred Sereqin, Paskal Milon, Servet P\u00ebllumbin, Sk\u00ebnder Gjinushin, P\u00ebllumb Xhufin, apo dhe Eduard Selamin, t\u00eb cil\u00ebt ndajn\u00eb vlera personale n\u00eb politik\u00ebn shqiptare. K\u00ebta n\u00eb fakt jan\u00eb president\u00ebt politik\u00eb q\u00eb demonstrojn\u00eb kompromis me Berish\u00ebn n\u00ebse i em\u00ebron, por jan\u00eb m\u00eb t\u00eb sigurt se gjith\u00eb kategorit\u00eb e tjera t\u00eb president\u00ebve q\u00eb propozohen, pra t\u00eb mos u b\u00ebr\u00eb ur\u00eb e askujt.<\/p>\n<p>Arsyeja p\u00ebrse Berisha preferon kategorin\u00eb e par\u00eb t\u00eb president\u00ebve, pra ca tipa pa em\u00ebr, pa fytyr\u00eb dhe pa histori, \u00ebsht\u00eb se ai beson ende se do ta gjej\u00eb dik\u00eb q\u00eb nuk do ta tradhtoj\u00eb pasi ta em\u00ebroj\u00eb n\u00eb nj\u00eb post t\u00eb lart\u00eb. I ka ngelur merak se ka em\u00ebruar Alfred Mosiun dhe e ka b\u00ebr\u00eb armik, e ka em\u00ebruar Bamir Topin dhe e ka b\u00ebr\u00eb armik, e ka em\u00ebruar Dhori Sollakun kryeprokuror dhe e ka b\u00ebr\u00eb armik, e ka em\u00ebruar Ina Ram\u00ebn dhe e ka b\u00ebr\u00eb armike. E vuan shum\u00eb k\u00ebt\u00eb statistik\u00eb t\u00eb r\u00ebnd\u00eb t\u00eb institucioneve kund\u00ebr tij dhe si nj\u00eb bixhozxhi i paepur shpreson se nj\u00eb dit\u00eb do t\u2019i buz\u00ebqesh\u00eb fati. E ka kot.<\/p>\n<p>Nuk \u00ebsht\u00eb faji i askujt q\u00eb hyn n\u00eb konflikt me t\u00eb. Institucioni i Presidentit n\u00eb thelb nuk pajtohet me Sali Berish\u00ebn. Nuk \u00ebsht\u00eb \u00e7\u00ebshtje emri, karakteri apo begraundi. Sali Berisha e di presidenc\u00ebn nj\u00eb pron\u00eb private, hipotek\u00ebn e s\u00eb cil\u00ebs e mban ai dhe t\u00eb tjer\u00ebt e kan\u00eb n\u00eb p\u00ebrdorim. \u00c7dokush q\u00eb t\u00eb shkoj\u00eb atje, do t\u00eb hyj\u00eb n\u00eb konflikt me t\u00eb, pasi ai k\u00ebrkon nga ai institucion at\u00eb q\u00eb askush nuk mund t\u2019ia jap\u00eb. K\u00ebshtu q\u00eb \u00ebsht\u00eb e sigurt se edhe n\u00ebse em\u00ebron shoferin e vet aty, s\u00ebrish do t\u00eb jet\u00eb me t\u00eb n\u00eb konflikt disa muaj m\u00eb von\u00eb. Me t\u00eb vetmit njer\u00ebz q\u00eb mund t\u00eb jet\u00eb m\u00eb pak n\u00eb konflikt, jan\u00eb ata q\u00eb e njohin dhe q\u00eb natyrisht din\u00eb si ta mendojn\u00eb. T\u00eb h\u00ebn\u00ebn Berish\u00ebs i duhet nj\u00eb president eunuk, q\u00eb i zgjidh hallin e koh\u00ebs, hallin e institucionit dhe hallin e koalicionit. Por t\u00eb mart\u00ebn me t\u00eb do t\u2019i fillojn\u00eb problemet.<\/p>\n<p>Do t\u00eb ishte m\u00eb mir\u00eb p\u00ebr t\u00eb b\u00ebnte betej\u00eb dhe t\u00eb hynte n\u00eb konflikt me politikan\u00eb q\u00eb e njohin dhe q\u00eb ia din\u00eb huqet nj\u00ebri- tjetrit, se sa ta shikonim t\u00eb cop\u00ebtohej duke shar\u00eb e mallkuar Vitore Tush\u00ebn, Sand\u00ebr Lleshin apo Petraq Milon, p\u00ebr t\u00eb cil\u00ebt do shpik\u00eb pastaj skema pu\u00e7i dhe lidhje agjenturore. Ai \u00ebsht\u00eb i d\u00ebnuar t\u00eb jet\u00eb n\u00eb konflikt me institucionet e Presidentit apo kryeprokurorit, p\u00ebr vet\u00eb keqkuptimin q\u00eb ka p\u00ebr m\u00ebnyr\u00ebn se si duhet t\u2019i p\u00ebrdor\u00eb ato. Ai e ka aq t\u00eb zhvilluar ndjenj\u00ebn e paternalizmit mbi to, sa mendon q\u00eb presidenti q\u00eb em\u00ebron ai, apo kryeprokurori q\u00eb em\u00ebron ai, ta din\u00eb vet\u00eb se \u00e7\u2019duhet t\u00eb b\u00ebjn\u00eb p\u00ebr t\u00eb k\u00ebnaqur shijet e tij. \u00cbsht\u00eb aq torturuese kjo gj\u00eb sa \u00ebsht\u00eb e pamundur t\u00eb mos prodhoj\u00eb konflikt me Sali Berish\u00ebn.<\/p>\n<p>Presidenti q\u00eb ai \u00ebnd\u00ebrron nuk ekziston, dhe ai p\u00ebrpiqet kot t\u00eb gjej\u00eb tek ata q\u00eb nuk i njeh askush. Po hyn\u00eb tek ajo zyr\u00eb, kan\u00eb hyr\u00eb n\u00eb llogoren p\u00ebrball\u00eb Sali Berish\u00ebs dhe do jen\u00eb n\u00eb konflikt me t\u00eb dhe n\u00eb harmoni me \u00e7do opozit\u00eb, me \u00e7do diplomat per\u00ebndimor dhe \u00e7do gj\u00eb tjet\u00ebr normale n\u00eb k\u00ebt\u00eb vend. Do t\u00eb ishte mir\u00eb q\u00eb Berisha ta kuptonte m\u00eb n\u00eb fund k\u00ebt\u00eb gj\u00eb dhe t\u00eb qet\u00ebsohej duke b\u00ebr\u00eb xhent\u00eblmenin me Presidentin. Jepjani k\u00ebt\u00eb post nj\u00eb politikani me p\u00ebrvoj\u00eb t\u00eb majt\u00eb apo t\u00eb djatht\u00eb, t\u00eb besuesh\u00ebm q\u00eb nuk b\u00ebhet nj\u00eb kukull, dhe pa pritshm\u00ebri t\u00eb madhe p\u00ebr t\u00eb p\u00ebrmbysur historin\u00eb tone aspak krenare me k\u00ebt\u00eb institucion.<\/p>\n<p>Jan\u00eb dy frik\u00ebra krejt t\u00eb kund\u00ebrta q\u00eb duhet t\u00eb pajtohen me nj\u00ebra- tjetr\u00ebn. Frika jon\u00eb dhe e Per\u00ebndimit p\u00ebr t\u00eb h\u00ebn\u00ebn \u00ebsht\u00eb nj\u00eb president kukull i Berish\u00ebs, kurse makthi i Berish\u00ebs \u00ebsht\u00eb t\u00eb gjej\u00eb dik\u00eb, i cili t\u00eb p\u00ebrmbys\u00eb historin\u00eb e konflikteve t\u00eb tij me \u00e7do president t\u00eb k\u00ebtij vendi qysh nga 24 qershori i vitit 1997. Le t\u00eb qet\u00ebsohen t\u00eb dy pal\u00ebt, duke ia dh\u00ebn\u00eb k\u00ebt\u00eb detyr\u00eb dikujt q\u00eb vjen nga luft\u00ebrat dhe paqet me Berish\u00ebn dhe q\u00eb nuk nxjerr t\u00eb fituar dhe t\u00eb humbur ask\u00ebnd nga kjo zgjedhje.<\/p>\n","protected":false},"excerpt":{"rendered":"<p>Nga Mero Baze, 9 Qershor 2012 Nj\u00eb nga vlerat q\u00eb pati largimi i papritur i Zaganjorit nga gara ishte se ai e mori vendimin nj\u00eb or\u00eb pasi Kuvendi kishte vendosur dit\u00ebn e h\u00ebn\u00eb si raund i kat\u00ebrt i zgjedhjes s\u00eb presidentit. Vendimi, i cili u mor pa u konsultuar me Zaganjorin, b\u00ebri q\u00eb pal\u00ebt t\u00eb [&hellip;]<\/p>\n","protected":false},"author":1,"featured_media":0,"comment_status":"open","ping_status":"closed","sticky":false,"template":"","format":"standard","meta":{"footnotes":""},"categories":[2],"tags":[],"class_list":{"0":"post-3205","1":"post","2":"type-post","3":"status-publish","4":"format-standard","6":"category-artikuj"},"yoast_head":"<!-- This site is optimized with the Yoast SEO plugin v27.4 - https:\/\/yoast.com\/product\/yoast-seo-wordpress\/ -->\n<title>K\u00eb president preferon Berisha? - FjALA e LIR\u00cb - Arkivi<\/title>\n<meta name=\"robots\" content=\"index, follow, max-snippet:-1, max-image-preview:large, max-video-preview:-1\" \/>\n<link rel=\"canonical\" href=\"https:\/\/fjala.info\/2009-2015\/ke-president-preferon-berisha\/\" \/>\n<meta property=\"og:locale\" content=\"sq_AL\" \/>\n<meta property=\"og:type\" content=\"article\" \/>\n<meta property=\"og:title\" content=\"K\u00eb president preferon Berisha? - FjALA e LIR\u00cb - Arkivi\" \/>\n<meta property=\"og:description\" content=\"Nga Mero Baze, 9 Qershor 2012 Nj\u00eb nga vlerat q\u00eb pati largimi i papritur i Zaganjorit nga gara ishte se ai e mori vendimin nj\u00eb or\u00eb pasi Kuvendi kishte vendosur dit\u00ebn e h\u00ebn\u00eb si raund i kat\u00ebrt i zgjedhjes s\u00eb presidentit. Vendimi, i cili u mor pa u konsultuar me Zaganjorin, b\u00ebri q\u00eb pal\u00ebt t\u00eb [&hellip;]\" \/>\n<meta property=\"og:url\" content=\"https:\/\/fjala.info\/2009-2015\/ke-president-preferon-berisha\/\" \/>\n<meta property=\"og:site_name\" content=\"FjALA e LIR\u00cb - Arkivi\" \/>\n<meta property=\"article:published_time\" content=\"2012-06-09T20:58:27+00:00\" \/>\n<meta property=\"og:image\" content=\"http:\/\/www.fjala.info\/2012\/mero_baze.jpg\" \/>\n<meta name=\"author\" content=\"admin\" \/>\n<meta name=\"twitter:card\" content=\"summary_large_image\" \/>\n<meta name=\"twitter:label1\" content=\"Written by\" \/>\n\t<meta name=\"twitter:data1\" content=\"admin\" \/>\n\t<meta name=\"twitter:label2\" content=\"Est. reading time\" \/>\n\t<meta name=\"twitter:data2\" content=\"6 minutes\" \/>\n<script type=\"application\/ld+json\" class=\"yoast-schema-graph\">{\"@context\":\"https:\\\/\\\/schema.org\",\"@graph\":[{\"@type\":\"Article\",\"@id\":\"https:\\\/\\\/fjala.info\\\/2009-2015\\\/ke-president-preferon-berisha\\\/#article\",\"isPartOf\":{\"@id\":\"https:\\\/\\\/fjala.info\\\/2009-2015\\\/ke-president-preferon-berisha\\\/\"},\"author\":{\"name\":\"admin\",\"@id\":\"https:\\\/\\\/fjala.info\\\/2009-2015\\\/#\\\/schema\\\/person\\\/3aa1163ef05469c496fc94e77611ada2\"},\"headline\":\"K\u00eb president preferon Berisha?\",\"datePublished\":\"2012-06-09T20:58:27+00:00\",\"mainEntityOfPage\":{\"@id\":\"https:\\\/\\\/fjala.info\\\/2009-2015\\\/ke-president-preferon-berisha\\\/\"},\"wordCount\":1284,\"commentCount\":0,\"publisher\":{\"@id\":\"https:\\\/\\\/fjala.info\\\/2009-2015\\\/#organization\"},\"image\":{\"@id\":\"https:\\\/\\\/fjala.info\\\/2009-2015\\\/ke-president-preferon-berisha\\\/#primaryimage\"},\"thumbnailUrl\":\"http:\\\/\\\/www.fjala.info\\\/2012\\\/mero_baze.jpg\",\"articleSection\":[\"Artikuj\"],\"inLanguage\":\"sq-AL\",\"potentialAction\":[{\"@type\":\"CommentAction\",\"name\":\"Comment\",\"target\":[\"https:\\\/\\\/fjala.info\\\/2009-2015\\\/ke-president-preferon-berisha\\\/#respond\"]}]},{\"@type\":\"WebPage\",\"@id\":\"https:\\\/\\\/fjala.info\\\/2009-2015\\\/ke-president-preferon-berisha\\\/\",\"url\":\"https:\\\/\\\/fjala.info\\\/2009-2015\\\/ke-president-preferon-berisha\\\/\",\"name\":\"K\u00eb president preferon Berisha? - FjALA e LIR\u00cb - Arkivi\",\"isPartOf\":{\"@id\":\"https:\\\/\\\/fjala.info\\\/2009-2015\\\/#website\"},\"primaryImageOfPage\":{\"@id\":\"https:\\\/\\\/fjala.info\\\/2009-2015\\\/ke-president-preferon-berisha\\\/#primaryimage\"},\"image\":{\"@id\":\"https:\\\/\\\/fjala.info\\\/2009-2015\\\/ke-president-preferon-berisha\\\/#primaryimage\"},\"thumbnailUrl\":\"http:\\\/\\\/www.fjala.info\\\/2012\\\/mero_baze.jpg\",\"datePublished\":\"2012-06-09T20:58:27+00:00\",\"breadcrumb\":{\"@id\":\"https:\\\/\\\/fjala.info\\\/2009-2015\\\/ke-president-preferon-berisha\\\/#breadcrumb\"},\"inLanguage\":\"sq-AL\",\"potentialAction\":[{\"@type\":\"ReadAction\",\"target\":[\"https:\\\/\\\/fjala.info\\\/2009-2015\\\/ke-president-preferon-berisha\\\/\"]}]},{\"@type\":\"ImageObject\",\"inLanguage\":\"sq-AL\",\"@id\":\"https:\\\/\\\/fjala.info\\\/2009-2015\\\/ke-president-preferon-berisha\\\/#primaryimage\",\"url\":\"http:\\\/\\\/www.fjala.info\\\/2012\\\/mero_baze.jpg\",\"contentUrl\":\"http:\\\/\\\/www.fjala.info\\\/2012\\\/mero_baze.jpg\"},{\"@type\":\"BreadcrumbList\",\"@id\":\"https:\\\/\\\/fjala.info\\\/2009-2015\\\/ke-president-preferon-berisha\\\/#breadcrumb\",\"itemListElement\":[{\"@type\":\"ListItem\",\"position\":1,\"name\":\"Home\",\"item\":\"https:\\\/\\\/fjala.info\\\/2009-2015\\\/\"},{\"@type\":\"ListItem\",\"position\":2,\"name\":\"K\u00eb president preferon Berisha?\"}]},{\"@type\":\"WebSite\",\"@id\":\"https:\\\/\\\/fjala.info\\\/2009-2015\\\/#website\",\"url\":\"https:\\\/\\\/fjala.info\\\/2009-2015\\\/\",\"name\":\"FjALA e LIR\u00cb - Arkivi\",\"description\":\"Arkivi 2009-2015\",\"publisher\":{\"@id\":\"https:\\\/\\\/fjala.info\\\/2009-2015\\\/#organization\"},\"potentialAction\":[{\"@type\":\"SearchAction\",\"target\":{\"@type\":\"EntryPoint\",\"urlTemplate\":\"https:\\\/\\\/fjala.info\\\/2009-2015\\\/?s={search_term_string}\"},\"query-input\":{\"@type\":\"PropertyValueSpecification\",\"valueRequired\":true,\"valueName\":\"search_term_string\"}}],\"inLanguage\":\"sq-AL\"},{\"@type\":\"Organization\",\"@id\":\"https:\\\/\\\/fjala.info\\\/2009-2015\\\/#organization\",\"name\":\"FjALA e LIR\u00cb - Arkivi\",\"url\":\"https:\\\/\\\/fjala.info\\\/2009-2015\\\/\",\"logo\":{\"@type\":\"ImageObject\",\"inLanguage\":\"sq-AL\",\"@id\":\"https:\\\/\\\/fjala.info\\\/2009-2015\\\/#\\\/schema\\\/logo\\\/image\\\/\",\"url\":\"\",\"contentUrl\":\"\",\"caption\":\"FjALA e LIR\u00cb - Arkivi\"},\"image\":{\"@id\":\"https:\\\/\\\/fjala.info\\\/2009-2015\\\/#\\\/schema\\\/logo\\\/image\\\/\"}},{\"@type\":\"Person\",\"@id\":\"https:\\\/\\\/fjala.info\\\/2009-2015\\\/#\\\/schema\\\/person\\\/3aa1163ef05469c496fc94e77611ada2\",\"name\":\"admin\",\"image\":{\"@type\":\"ImageObject\",\"inLanguage\":\"sq-AL\",\"@id\":\"https:\\\/\\\/fjala.info\\\/2009-2015\\\/wp-content\\\/uploads\\\/2012\\\/02\\\/arben_cokaj-120x150.jpg\",\"url\":\"https:\\\/\\\/fjala.info\\\/2009-2015\\\/wp-content\\\/uploads\\\/2012\\\/02\\\/arben_cokaj-120x150.jpg\",\"contentUrl\":\"https:\\\/\\\/fjala.info\\\/2009-2015\\\/wp-content\\\/uploads\\\/2012\\\/02\\\/arben_cokaj-120x150.jpg\",\"caption\":\"admin\"},\"description\":\"Admin, Fjala e Lir\u00eb\",\"sameAs\":[\"https:\\\/\\\/fjala.info\\\/\"],\"url\":\"https:\\\/\\\/fjala.info\\\/2009-2015\\\/author\\\/admin\\\/\"}]}<\/script>\n<!-- \/ Yoast SEO plugin. -->","yoast_head_json":{"title":"K\u00eb president preferon Berisha? - FjALA e LIR\u00cb - Arkivi","robots":{"index":"index","follow":"follow","max-snippet":"max-snippet:-1","max-image-preview":"max-image-preview:large","max-video-preview":"max-video-preview:-1"},"canonical":"https:\/\/fjala.info\/2009-2015\/ke-president-preferon-berisha\/","og_locale":"sq_AL","og_type":"article","og_title":"K\u00eb president preferon Berisha? - FjALA e LIR\u00cb - Arkivi","og_description":"Nga Mero Baze, 9 Qershor 2012 Nj\u00eb nga vlerat q\u00eb pati largimi i papritur i Zaganjorit nga gara ishte se ai e mori vendimin nj\u00eb or\u00eb pasi Kuvendi kishte vendosur dit\u00ebn e h\u00ebn\u00eb si raund i kat\u00ebrt i zgjedhjes s\u00eb presidentit. Vendimi, i cili u mor pa u konsultuar me Zaganjorin, b\u00ebri q\u00eb pal\u00ebt t\u00eb [&hellip;]","og_url":"https:\/\/fjala.info\/2009-2015\/ke-president-preferon-berisha\/","og_site_name":"FjALA e LIR\u00cb - Arkivi","article_published_time":"2012-06-09T20:58:27+00:00","og_image":[{"url":"http:\/\/www.fjala.info\/2012\/mero_baze.jpg","type":"","width":"","height":""}],"author":"admin","twitter_card":"summary_large_image","twitter_misc":{"Written by":"admin","Est. reading time":"6 minutes"},"schema":{"@context":"https:\/\/schema.org","@graph":[{"@type":"Article","@id":"https:\/\/fjala.info\/2009-2015\/ke-president-preferon-berisha\/#article","isPartOf":{"@id":"https:\/\/fjala.info\/2009-2015\/ke-president-preferon-berisha\/"},"author":{"name":"admin","@id":"https:\/\/fjala.info\/2009-2015\/#\/schema\/person\/3aa1163ef05469c496fc94e77611ada2"},"headline":"K\u00eb president preferon Berisha?","datePublished":"2012-06-09T20:58:27+00:00","mainEntityOfPage":{"@id":"https:\/\/fjala.info\/2009-2015\/ke-president-preferon-berisha\/"},"wordCount":1284,"commentCount":0,"publisher":{"@id":"https:\/\/fjala.info\/2009-2015\/#organization"},"image":{"@id":"https:\/\/fjala.info\/2009-2015\/ke-president-preferon-berisha\/#primaryimage"},"thumbnailUrl":"http:\/\/www.fjala.info\/2012\/mero_baze.jpg","articleSection":["Artikuj"],"inLanguage":"sq-AL","potentialAction":[{"@type":"CommentAction","name":"Comment","target":["https:\/\/fjala.info\/2009-2015\/ke-president-preferon-berisha\/#respond"]}]},{"@type":"WebPage","@id":"https:\/\/fjala.info\/2009-2015\/ke-president-preferon-berisha\/","url":"https:\/\/fjala.info\/2009-2015\/ke-president-preferon-berisha\/","name":"K\u00eb president preferon Berisha? - FjALA e LIR\u00cb - Arkivi","isPartOf":{"@id":"https:\/\/fjala.info\/2009-2015\/#website"},"primaryImageOfPage":{"@id":"https:\/\/fjala.info\/2009-2015\/ke-president-preferon-berisha\/#primaryimage"},"image":{"@id":"https:\/\/fjala.info\/2009-2015\/ke-president-preferon-berisha\/#primaryimage"},"thumbnailUrl":"http:\/\/www.fjala.info\/2012\/mero_baze.jpg","datePublished":"2012-06-09T20:58:27+00:00","breadcrumb":{"@id":"https:\/\/fjala.info\/2009-2015\/ke-president-preferon-berisha\/#breadcrumb"},"inLanguage":"sq-AL","potentialAction":[{"@type":"ReadAction","target":["https:\/\/fjala.info\/2009-2015\/ke-president-preferon-berisha\/"]}]},{"@type":"ImageObject","inLanguage":"sq-AL","@id":"https:\/\/fjala.info\/2009-2015\/ke-president-preferon-berisha\/#primaryimage","url":"http:\/\/www.fjala.info\/2012\/mero_baze.jpg","contentUrl":"http:\/\/www.fjala.info\/2012\/mero_baze.jpg"},{"@type":"BreadcrumbList","@id":"https:\/\/fjala.info\/2009-2015\/ke-president-preferon-berisha\/#breadcrumb","itemListElement":[{"@type":"ListItem","position":1,"name":"Home","item":"https:\/\/fjala.info\/2009-2015\/"},{"@type":"ListItem","position":2,"name":"K\u00eb president preferon Berisha?"}]},{"@type":"WebSite","@id":"https:\/\/fjala.info\/2009-2015\/#website","url":"https:\/\/fjala.info\/2009-2015\/","name":"FjALA e LIR\u00cb - Arkivi","description":"Arkivi 2009-2015","publisher":{"@id":"https:\/\/fjala.info\/2009-2015\/#organization"},"potentialAction":[{"@type":"SearchAction","target":{"@type":"EntryPoint","urlTemplate":"https:\/\/fjala.info\/2009-2015\/?s={search_term_string}"},"query-input":{"@type":"PropertyValueSpecification","valueRequired":true,"valueName":"search_term_string"}}],"inLanguage":"sq-AL"},{"@type":"Organization","@id":"https:\/\/fjala.info\/2009-2015\/#organization","name":"FjALA e LIR\u00cb - Arkivi","url":"https:\/\/fjala.info\/2009-2015\/","logo":{"@type":"ImageObject","inLanguage":"sq-AL","@id":"https:\/\/fjala.info\/2009-2015\/#\/schema\/logo\/image\/","url":"","contentUrl":"","caption":"FjALA e LIR\u00cb - Arkivi"},"image":{"@id":"https:\/\/fjala.info\/2009-2015\/#\/schema\/logo\/image\/"}},{"@type":"Person","@id":"https:\/\/fjala.info\/2009-2015\/#\/schema\/person\/3aa1163ef05469c496fc94e77611ada2","name":"admin","image":{"@type":"ImageObject","inLanguage":"sq-AL","@id":"https:\/\/fjala.info\/2009-2015\/wp-content\/uploads\/2012\/02\/arben_cokaj-120x150.jpg","url":"https:\/\/fjala.info\/2009-2015\/wp-content\/uploads\/2012\/02\/arben_cokaj-120x150.jpg","contentUrl":"https:\/\/fjala.info\/2009-2015\/wp-content\/uploads\/2012\/02\/arben_cokaj-120x150.jpg","caption":"admin"},"description":"Admin, Fjala e Lir\u00eb","sameAs":["https:\/\/fjala.info\/"],"url":"https:\/\/fjala.info\/2009-2015\/author\/admin\/"}]}},"_links":{"self":[{"href":"https:\/\/fjala.info\/2009-2015\/wp-json\/wp\/v2\/posts\/3205","targetHints":{"allow":["GET"]}}],"collection":[{"href":"https:\/\/fjala.info\/2009-2015\/wp-json\/wp\/v2\/posts"}],"about":[{"href":"https:\/\/fjala.info\/2009-2015\/wp-json\/wp\/v2\/types\/post"}],"author":[{"embeddable":true,"href":"https:\/\/fjala.info\/2009-2015\/wp-json\/wp\/v2\/users\/1"}],"replies":[{"embeddable":true,"href":"https:\/\/fjala.info\/2009-2015\/wp-json\/wp\/v2\/comments?post=3205"}],"version-history":[{"count":0,"href":"https:\/\/fjala.info\/2009-2015\/wp-json\/wp\/v2\/posts\/3205\/revisions"}],"wp:attachment":[{"href":"https:\/\/fjala.info\/2009-2015\/wp-json\/wp\/v2\/media?parent=3205"}],"wp:term":[{"taxonomy":"category","embeddable":true,"href":"https:\/\/fjala.info\/2009-2015\/wp-json\/wp\/v2\/categories?post=3205"},{"taxonomy":"post_tag","embeddable":true,"href":"https:\/\/fjala.info\/2009-2015\/wp-json\/wp\/v2\/tags?post=3205"}],"curies":[{"name":"wp","href":"https:\/\/api.w.org\/{rel}","templated":true}]}}