{"id":3203,"date":"2010-07-05T06:21:18","date_gmt":"2010-07-05T05:21:18","guid":{"rendered":"http:\/\/fjala.shkoder.net\/?p=3203"},"modified":"2010-07-05T06:21:18","modified_gmt":"2010-07-05T05:21:18","slug":"shteti-pa-muskuj","status":"publish","type":"post","link":"https:\/\/fjala.info\/2009-2015\/shteti-pa-muskuj\/","title":{"rendered":"SHTETI PA MUSKUJ"},"content":{"rendered":"<p><em>Nj\u00eb konflikt i ri \u00ebsht\u00eb i mundsh\u00ebm, pasi edhe GJND-ja, t\u00eb jap\u00eb mendimin e saj mbi ligjshm\u00ebrin\u00eb e pavar\u00ebsis\u00eb s\u00eb Kosov\u00ebs. Serbia ka t\u00eb nj\u00ebjtin plan n\u00eb dor\u00eb, at\u00eb t\u00eb luft\u00ebs civile n\u00eb Bosnje.<\/em><\/p>\n<p><img decoding=\"async\" style=\"margin-left: 10px; margin-right: 10px; border: 0px;\" src=\"http:\/\/www.shkoder.net\/images\/fjala\/bekim_rexhepi.jpg\" border=\"0\" alt=\"Bekim Rexhepi\" width=\"100\" align=\"right\" \/><\/p>\n<p>Nga <strong>Bekim Rexhepi<\/strong><\/p>\n<p>Pakica serbe n\u00eb Kosov\u00eb jo m\u00eb shum\u00eb se 5% e t\u00ebr\u00eb popullat\u00ebs s\u00eb p\u00ebrgjithshme, po arrin t\u00eb mbajn\u00eb n\u00ebn kontroll 30% t\u00eb gjith\u00eb territorit t\u00eb Kosov\u00ebs. Pra, me k\u00ebt\u00eb realitet qeveria nuk ka fuqi dhe sipas k\u00ebsaj dileme ajo as qe ka provuar ndonj\u00ebher\u00eb t\u00eb tregoj fuqin\u00eb e saj, madje as edhe tani kur kemi eksese me motive fare politike, kur shum\u00eb probleme jan\u00eb n\u00eb sip\u00ebrfaqe, ky shtet me k\u00ebt\u00eb qeveri, m\u00eb k\u00ebt\u00eb parlament, m\u00eb k\u00ebt\u00eb president dhe me gjith\u00eb ato institucione nuk po gjejn\u00eb sfid\u00eb, nuk po inkurajohen dot, e m\u00eb keq nuk po pranojn\u00eb t\u00eb fuqizohet, t\u00eb mbaj n\u00eb favore e tyre pavar\u00ebsin\u00eb dhe sovranitetin e plot\u00eb.<\/p>\n<p>As nj\u00eb qeveri, e vendit n\u00eb bot\u00eb nuk mund t\u2019ia lejoj\u00eb vet\u00ebs nj\u00eb komoditet t\u00eb skajsh\u00ebm, karshi zhvillimeve n\u00eb vend, sjellja e qeveris\u00eb nga dita n\u00eb dit\u00eb nuk ndryshon nga luksi i saj i tep\u00ebrt dhe i pakuptimt\u00eb. Nd\u00ebrsa, komuniteti serb n\u00eb an\u00ebn tjet\u00ebr ka koh\u00eb qe brenda shtetit t\u00eb ri po promovon pad\u00ebgjueshm\u00ebri totale. Madje qeveria aktuale aq shum\u00eb \u00ebsht\u00eb dh\u00ebn\u00eb pas shfaqjeve teatrale dhe n\u00eb t\u00eb v\u00ebrtet\u00eb \u00ebsht\u00eb thjesht\u00ebzuar aq shum\u00eb para komunitetit serb n\u00eb Kosov\u00eb, sa q\u00eb integrimin brenda shtetit i\u2019a le vendimeve politike t\u00eb jashtme dhe me keq koh\u00ebs e, iniciativave serbe nga Beogradi.<\/p>\n<p>E gjith\u00eb kjo do t\u00eb thot\u00eb se me vet\u00ebdije apo pa t\u00eb, qeveria \u00ebsht\u00eb dakorduar n\u00eb heshtje qe duke mos funksionuar t\u00eb humbas m\u00eb shum\u00eb. Nuk justifikohen arsyetimi nonshalente p\u00ebr shtetin si: \u201cJa, sapo jemi krijuar si shtet dhe gj\u00ebrat e mira p\u00ebr vendin vijn\u00eb ngadal\u00eb dhe me koh\u00eb\u201d !. M\u00eb k\u00ebt\u00eb lloj arsyetimi qe po b\u00ebhet, e q\u00eb m\u00eb shum\u00eb duket se ting\u00ebllon si nj\u00eb veprim kulturor, e jo m\u00eb shum\u00eb si nj\u00eb argument politik q\u00eb n\u00eb fakt do ti sh\u00ebrbente shtetit, sepse ndalja n\u00eb k\u00ebt\u00eb arsyetim qe perceptohet ndofta edhe si nj\u00eb argument n\u00eb vetvete, nuk \u00ebsht\u00eb shtyt\u00ebsi p\u00ebr zhvillim t\u00eb m\u00ebtejm\u00eb t\u00eb shtetit p\u00ebr tu kompletuar i gjithi si shtet.<\/p>\n<p>Duke u hamend\u00ebsuar n\u00eb k\u00ebt\u00eb argument t\u00eb ashtuquajtur dhe n\u00eb an\u00ebn tjet\u00ebr duke par\u00eb vrullin e problemeve t\u00eb shumta q\u00eb merr shteti si humbjet n\u00eb em\u00ebr t\u00eb politik\u00ebs ditore. Nuk \u00ebsht\u00eb i v\u00ebshtir\u00eb konstatimi se argumenti i ashtuquajtur i pushtetit \u00ebsht\u00eb vet\u00ebm nj\u00eb arsyetim m\u00eb shum\u00eb sip\u00ebrfaq\u00ebsor dhe konsum i brendsh\u00ebm, por assesi dometh\u00ebn\u00ebs p\u00ebr shtetin.<\/p>\n<p><strong>Biblioteka politike<\/strong><\/p>\n<p>Nuk mund t\u00eb hyjm\u00eb n\u00eb nj\u00eb bibliotek\u00eb t\u00eb re, dhe n\u00eb t\u00eb, t\u00eb sillemi me kultur\u00eb t\u00eb vjet\u00ebr. N\u00eb bibliotek\u00ebn e re, ka rregulla t\u00eb mbi v\u00ebna: aty mbase na sugjerohet se duhet t\u00eb lexohet me kujdes t\u00eb ve\u00e7ant\u00eb dhe heshtje, akoma nga e para, madje p\u00ebr t\u00eb mos harruar nga e para. Nuk mund ti themi bibliotekistit se n\u00eb bibliotek\u00ebn tuaj duhet shp\u00ebrfillur rregullat tuaja, sepse p\u00ebrball\u00eb ke nj\u00eb an\u00ebtar (ose lexues t\u00eb parregullt), por nj\u00ebmend k\u00ebt\u00eb se b\u00ebn\u00eb dot bibliotekisti.<\/p>\n<p>Qeveria e Kosov\u00ebs \u00ebsht\u00eb kaq e parregullt, nj\u00ebkoh\u00ebsisht po tregohet edhe m\u00eb cinike kur vendoset t\u00eb g\u00ebnjej\u00eb qytetaret e saj se vendi do t\u00eb integrohet n\u00eb instancat e larta nd\u00ebrkomb\u00ebtare si n\u00eb BE apo dhe NATO.<\/p>\n<p><strong>Shikimi nga pakica<\/strong><\/p>\n<p>Qeveria e Kosov\u00ebs duke shp\u00ebrfillur realitetin n\u00eb veri t\u00eb Kosov\u00ebs, dhe qasjen ndaj pakic\u00ebs serbe atje, ka humbur taktik\u00ebn e saj p\u00ebr t\u00eb p\u00ebrvet\u00ebsuar nga identiteti i pakic\u00ebs, at\u00eb qe quhet interes shtet\u00ebror, i p\u00ebrfshirjes s\u00eb juridiksionit shtet\u00ebror dhe t\u00eb pasuris\u00eb ekonomike n\u00eb at\u00eb pjes\u00eb ku tashm\u00eb quhet veriu problematik i Kosov\u00ebs.<\/p>\n<p>Duke e shikuar n\u00eb nj\u00eb k\u00ebnd tjet\u00ebr k\u00ebt\u00eb qasje, at\u00ebher\u00eb nuk \u00ebsht\u00eb e drejt\u00eb q\u00eb pakica\/t t\u00eb shikohen n\u00eb m\u00ebnyr\u00eb t\u00eb natyrshme armiq\u00ebsore, e vazhdimisht si armiq ndaj nj\u00ebri tjetrit. Ka prova t\u00eb tjera, t\u00eb shumta, q\u00eb dy kombe t\u00eb armiq\u00ebsuara m\u00eb par\u00eb, m\u00eb pas jan\u00eb ofruar edhe aq, sa duket se e kaluara e tyre ka qen nj\u00eb moment historie. Edhe nga kjo, kuptojm\u00eb se armiq\u00ebsia nuk \u00ebsht\u00eb konstante, m\u00eb shum\u00eb \u00ebsht\u00eb variab\u00ebl.<\/p>\n<p>\u00cbsht\u00eb e v\u00ebrtet q\u00eb nd\u00ebrgjegjja mes shqiptar\u00ebve dhe serb\u00ebve p\u00ebr nj\u00ebrin dhe tjetrin ka r\u00ebn\u00eb. Shqiptaret po p\u00ebrpiqen q\u00eb vendin e tyre, p\u00ebr fatin e keq historik ta qojn\u00eb n\u00eb nj\u00eb nivel, q\u00eb par\u00eb nuk ka mundur t\u00eb ishte. Nd\u00ebrsa, serb\u00ebt me nj\u00eb mospajtim t\u00eb vazhduesh\u00ebm mbi k\u00ebt\u00eb kontekst politik, akoma orvaten t\u00eb ngufatin t\u00eb drejt\u00ebn absolute t\u00eb shqiptar\u00ebve p\u00ebr liri dhe pavar\u00ebsi. E v\u00ebshtir\u00eb p\u00ebr egon nacionaliste serbe, ta pranojn\u00eb si humbje.<\/p>\n<p>Por, gjithashtu edhe p\u00ebr shqiptaret mbete e v\u00ebshtir\u00eb nj\u00eb tendenc\u00eb mbetje n\u00ebn \u00e7far\u00ebdo kontrolli serb. Paq\u00ebsimi i t\u00eb dy vendeve aty ku jan\u00eb dhe si jan\u00eb \u00ebsht\u00eb e vetmja mund\u00ebsi qe e ardhmja e tyre t\u00eb ket\u00eb nd\u00ebrgjegjeje dhe jo t\u00eb shikohet nga t\u00eb tjer\u00ebt si pand\u00ebrgjegjshm\u00ebri totale. P\u00ebr, shembull edhe Greqia si nj\u00eb vend i BE-s\u00eb dhe NATO-s\u00eb, po humb\u00eb imazhin e vet. M\u00eb par\u00eb ky vend \u00ebsht\u00eb mbajtur p\u00ebr nj\u00eb nd\u00ebrgjegjeje t\u00eb lart\u00eb, por sot ka rr\u00ebshqitur aq posht\u00eb edhe tek njer\u00ebzit e thjesht t\u00eb Evrop\u00ebs, t\u00eb cil\u00ebt i p\u00ebrqeshin dhe i fillojn\u00eb ti shikojn\u00eb m\u00eb ndryshe.<\/p>\n<p>Greqia duke kalkuluar me frik\u00eb me t\u00eb drejt\u00ebn e shqiptar\u00ebve brenda shtetit ka shmangur p\u00ebrqendrimin e shtetit n\u00eb ekonomi e zhvillim. Ka nj\u00eb kriz\u00eb t\u00eb thell\u00eb dhe nj\u00eb borxh t\u00eb lart\u00eb sa dhe marramend\u00ebs p\u00ebr nj\u00eb vend t\u00eb Evrop\u00ebs. Kosova t\u00eb qart\u00ebsoi opsionin serb Kosova duhet t\u00eb qart\u00ebsoi opsionin e fsheht\u00eb t\u00eb Serbis\u00eb. Nuk duhet ta mbaj t\u00eb heshtur dhe ta le n\u00eb pav\u00ebmendje nd\u00ebrkomb\u00ebtare, tentativ\u00ebn e Serbis\u00eb p\u00ebr nj\u00eb luft\u00eb t\u00eb re civile n\u00eb Kosov\u00eb. Jan\u00eb krijuar shum\u00eb element \u00e7integrues n\u00eb Kosov\u00eb qe tashm\u00eb e k\u00ebrc\u00ebnojn\u00eb at\u00eb p\u00ebrbrenda.<\/p>\n<p>Nj\u00eb konflikt i ri \u00ebsht\u00eb i mundsh\u00ebm, pasi edhe GJND-ja, t\u00eb jap\u00eb mendimin e saj mbi ligjshm\u00ebrin\u00eb e pavar\u00ebsis\u00eb s\u00eb Kosov\u00ebs. Serbia ka t\u00eb nj\u00ebjtin plan n\u00eb dor\u00eb, at\u00eb t\u00eb luft\u00ebs civile n\u00eb Bosnje. Duke u justifikuar prap\u00eb politikisht, se po mban nj\u00eb q\u00ebndrim t\u00eb arsyesh\u00ebm, karshi Kosov\u00ebs por, nuk mund ti le serb\u00ebt atje t\u00eb vriten nga shqiptaret. Nd\u00ebrsa edhe shqiptaret nuk do t\u00eb mund t\u00eb pajtoheshin aq leht\u00eb me tkurrjen e vazhdueshme, reagimi i k\u00ebtyre t\u00eb fundit do t\u00eb ishte m\u00eb i madh dhe m\u00eb i fuqish\u00ebm sepse pavar\u00ebsia edhe e till\u00eb \u00e7far\u00eb \u00ebsht\u00eb, i ka dh\u00ebn\u00eb m\u00eb shum\u00eb shanse reagimit nacional.<\/p>\n<p><strong>Shteti pa muskuj <\/strong><\/p>\n<p>Se cili nga ne do t\u00eb donim t\u00eb kishim muskuj t\u00eb mir\u00eb, t\u00eb duksh\u00ebm. Nd\u00ebrsa, t\u00eb pakt jan\u00eb ata q\u00eb nuk i duan muskujt. Por, ka nj\u00eb keqkuptim esencial, kur jan\u00eb n\u00eb pyetje muskujt, shpesh na mendojm\u00eb se muskujt jan\u00eb vet\u00ebm p\u00ebr tu treguar dhe harrojm\u00eb ti zhvillojm\u00eb ata me rit\u00ebm e duhur dhe ngacmues. Kemi njer\u00ebz q\u00eb muskujt i duan, por, nuk i duan tek vetja e tyre p\u00ebr shkak se zhvillimi i tyre mban\u00eb angazhime t\u00eb madha dhe i parap\u00eblqejn\u00eb t\u00eb duken me pak muskulor, sepse u vije m\u00eb leht\u00eb t\u00eb t\u00ebrhiqen nga k\u00ebto angazhime se sa t\u00eb ballafaqohen. Nd\u00ebrsa kjo \u00ebsht\u00eb nj\u00eb dembeli dhe s\u00ebmundje gjenetike. T\u00eb pyesim: a duhet t\u00eb ket\u00eb shteti muskuj?<\/p>\n<p>Q\u00eb shteti duhet t\u00eb ket\u00eb muskuj kjo nuk ka m\u00ebdyshje, dhe kur t\u00eb lypset nga ai t\u00eb tregohen. Ndon\u00ebse, kemi shtet mjaft\u00eb t\u00eb vogla edhe me territor po edhe me popullat\u00eb, por, kur lypset nga ai, i tregon muskujt e tij edhe p\u00ebrkund\u00ebr madh\u00ebsis\u00eb. Shembull; n\u00eb vendet arabe kemi shtet t\u00eb m\u00ebdha edhe me territor edhe me popullat\u00eb, por qe kan\u00eb vazhdimisht muskuj t\u00eb brisht\u00eb, sepse nuk din ti zhvillojn\u00eb ose kan\u00eb pak dije.<\/p>\n<p>E kemi Izraelin nj\u00eb shtet t\u00eb vog\u00ebl, por q\u00eb \u00ebsht\u00eb shum\u00eb muskulator, i zhvilluar dhe shum\u00eb aktiv\u00eb n\u00eb aren\u00ebn nd\u00ebrkomb\u00ebtare.<\/p>\n<p>Kosova duhet t\u00eb zhvilloj muskujt e saj, n\u00eb m\u00ebnyr\u00eb q\u00eb edhe qytetaret e saj t\u00eb marrin besim se shteti i tyre \u00ebsht\u00eb i fort\u00eb dhe i sh\u00ebndetsh\u00ebm. Kjo po lypset, e n\u00ebse vazhdojm\u00eb t\u00eb t\u00ebrhiqemi nga tregimi, at\u00ebher\u00eb do t\u00eb ballafaqohemi me t\u00eb tjera zhvillime.<\/p>\n<p><em>4 Korrik 2010<\/em><\/p>\n","protected":false},"excerpt":{"rendered":"<p>Nj\u00eb konflikt i ri \u00ebsht\u00eb i mundsh\u00ebm, pasi edhe GJND-ja, t\u00eb jap\u00eb mendimin e saj mbi ligjshm\u00ebrin\u00eb e pavar\u00ebsis\u00eb s\u00eb Kosov\u00ebs. Serbia ka t\u00eb nj\u00ebjtin plan n\u00eb dor\u00eb, at\u00eb t\u00eb luft\u00ebs civile n\u00eb Bosnje. Nga Bekim Rexhepi Pakica serbe n\u00eb Kosov\u00eb jo m\u00eb shum\u00eb se 5% e t\u00ebr\u00eb popullat\u00ebs s\u00eb p\u00ebrgjithshme, po arrin t\u00eb mbajn\u00eb [&hellip;]<\/p>\n","protected":false},"author":1,"featured_media":0,"comment_status":"open","ping_status":"closed","sticky":false,"template":"","format":"standard","meta":{"footnotes":""},"categories":[2],"tags":[],"class_list":{"0":"post-3203","1":"post","2":"type-post","3":"status-publish","4":"format-standard","6":"category-artikuj"},"yoast_head":"<!-- This site is optimized with the Yoast SEO plugin v27.4 - https:\/\/yoast.com\/product\/yoast-seo-wordpress\/ -->\n<title>SHTETI PA MUSKUJ - FjALA e LIR\u00cb - Arkivi<\/title>\n<meta name=\"robots\" content=\"index, follow, max-snippet:-1, max-image-preview:large, max-video-preview:-1\" \/>\n<link rel=\"canonical\" href=\"https:\/\/fjala.info\/2009-2015\/shteti-pa-muskuj\/\" \/>\n<meta property=\"og:locale\" content=\"sq_AL\" \/>\n<meta property=\"og:type\" content=\"article\" \/>\n<meta property=\"og:title\" content=\"SHTETI PA MUSKUJ - FjALA e LIR\u00cb - Arkivi\" \/>\n<meta property=\"og:description\" content=\"Nj\u00eb konflikt i ri \u00ebsht\u00eb i mundsh\u00ebm, pasi edhe GJND-ja, t\u00eb jap\u00eb mendimin e saj mbi ligjshm\u00ebrin\u00eb e pavar\u00ebsis\u00eb s\u00eb Kosov\u00ebs. Serbia ka t\u00eb nj\u00ebjtin plan n\u00eb dor\u00eb, at\u00eb t\u00eb luft\u00ebs civile n\u00eb Bosnje. Nga Bekim Rexhepi Pakica serbe n\u00eb Kosov\u00eb jo m\u00eb shum\u00eb se 5% e t\u00ebr\u00eb popullat\u00ebs s\u00eb p\u00ebrgjithshme, po arrin t\u00eb mbajn\u00eb [&hellip;]\" \/>\n<meta property=\"og:url\" content=\"https:\/\/fjala.info\/2009-2015\/shteti-pa-muskuj\/\" \/>\n<meta property=\"og:site_name\" content=\"FjALA e LIR\u00cb - Arkivi\" \/>\n<meta property=\"article:published_time\" content=\"2010-07-05T05:21:18+00:00\" \/>\n<meta property=\"og:image\" content=\"http:\/\/www.shkoder.net\/images\/fjala\/bekim_rexhepi.jpg\" \/>\n<meta name=\"author\" content=\"admin\" \/>\n<meta name=\"twitter:card\" content=\"summary_large_image\" \/>\n<meta name=\"twitter:label1\" content=\"Written by\" \/>\n\t<meta name=\"twitter:data1\" content=\"admin\" \/>\n\t<meta name=\"twitter:label2\" content=\"Est. reading time\" \/>\n\t<meta name=\"twitter:data2\" content=\"7 minutes\" \/>\n<script type=\"application\/ld+json\" class=\"yoast-schema-graph\">{\"@context\":\"https:\\\/\\\/schema.org\",\"@graph\":[{\"@type\":\"Article\",\"@id\":\"https:\\\/\\\/fjala.info\\\/2009-2015\\\/shteti-pa-muskuj\\\/#article\",\"isPartOf\":{\"@id\":\"https:\\\/\\\/fjala.info\\\/2009-2015\\\/shteti-pa-muskuj\\\/\"},\"author\":{\"name\":\"admin\",\"@id\":\"https:\\\/\\\/fjala.info\\\/2009-2015\\\/#\\\/schema\\\/person\\\/3aa1163ef05469c496fc94e77611ada2\"},\"headline\":\"SHTETI PA MUSKUJ\",\"datePublished\":\"2010-07-05T05:21:18+00:00\",\"mainEntityOfPage\":{\"@id\":\"https:\\\/\\\/fjala.info\\\/2009-2015\\\/shteti-pa-muskuj\\\/\"},\"wordCount\":1485,\"commentCount\":0,\"publisher\":{\"@id\":\"https:\\\/\\\/fjala.info\\\/2009-2015\\\/#organization\"},\"image\":{\"@id\":\"https:\\\/\\\/fjala.info\\\/2009-2015\\\/shteti-pa-muskuj\\\/#primaryimage\"},\"thumbnailUrl\":\"http:\\\/\\\/www.shkoder.net\\\/images\\\/fjala\\\/bekim_rexhepi.jpg\",\"articleSection\":[\"Artikuj\"],\"inLanguage\":\"sq-AL\",\"potentialAction\":[{\"@type\":\"CommentAction\",\"name\":\"Comment\",\"target\":[\"https:\\\/\\\/fjala.info\\\/2009-2015\\\/shteti-pa-muskuj\\\/#respond\"]}]},{\"@type\":\"WebPage\",\"@id\":\"https:\\\/\\\/fjala.info\\\/2009-2015\\\/shteti-pa-muskuj\\\/\",\"url\":\"https:\\\/\\\/fjala.info\\\/2009-2015\\\/shteti-pa-muskuj\\\/\",\"name\":\"SHTETI PA MUSKUJ - FjALA e LIR\u00cb - Arkivi\",\"isPartOf\":{\"@id\":\"https:\\\/\\\/fjala.info\\\/2009-2015\\\/#website\"},\"primaryImageOfPage\":{\"@id\":\"https:\\\/\\\/fjala.info\\\/2009-2015\\\/shteti-pa-muskuj\\\/#primaryimage\"},\"image\":{\"@id\":\"https:\\\/\\\/fjala.info\\\/2009-2015\\\/shteti-pa-muskuj\\\/#primaryimage\"},\"thumbnailUrl\":\"http:\\\/\\\/www.shkoder.net\\\/images\\\/fjala\\\/bekim_rexhepi.jpg\",\"datePublished\":\"2010-07-05T05:21:18+00:00\",\"breadcrumb\":{\"@id\":\"https:\\\/\\\/fjala.info\\\/2009-2015\\\/shteti-pa-muskuj\\\/#breadcrumb\"},\"inLanguage\":\"sq-AL\",\"potentialAction\":[{\"@type\":\"ReadAction\",\"target\":[\"https:\\\/\\\/fjala.info\\\/2009-2015\\\/shteti-pa-muskuj\\\/\"]}]},{\"@type\":\"ImageObject\",\"inLanguage\":\"sq-AL\",\"@id\":\"https:\\\/\\\/fjala.info\\\/2009-2015\\\/shteti-pa-muskuj\\\/#primaryimage\",\"url\":\"http:\\\/\\\/www.shkoder.net\\\/images\\\/fjala\\\/bekim_rexhepi.jpg\",\"contentUrl\":\"http:\\\/\\\/www.shkoder.net\\\/images\\\/fjala\\\/bekim_rexhepi.jpg\"},{\"@type\":\"BreadcrumbList\",\"@id\":\"https:\\\/\\\/fjala.info\\\/2009-2015\\\/shteti-pa-muskuj\\\/#breadcrumb\",\"itemListElement\":[{\"@type\":\"ListItem\",\"position\":1,\"name\":\"Home\",\"item\":\"https:\\\/\\\/fjala.info\\\/2009-2015\\\/\"},{\"@type\":\"ListItem\",\"position\":2,\"name\":\"SHTETI PA MUSKUJ\"}]},{\"@type\":\"WebSite\",\"@id\":\"https:\\\/\\\/fjala.info\\\/2009-2015\\\/#website\",\"url\":\"https:\\\/\\\/fjala.info\\\/2009-2015\\\/\",\"name\":\"FjALA e LIR\u00cb - Arkivi\",\"description\":\"Arkivi 2009-2015\",\"publisher\":{\"@id\":\"https:\\\/\\\/fjala.info\\\/2009-2015\\\/#organization\"},\"potentialAction\":[{\"@type\":\"SearchAction\",\"target\":{\"@type\":\"EntryPoint\",\"urlTemplate\":\"https:\\\/\\\/fjala.info\\\/2009-2015\\\/?s={search_term_string}\"},\"query-input\":{\"@type\":\"PropertyValueSpecification\",\"valueRequired\":true,\"valueName\":\"search_term_string\"}}],\"inLanguage\":\"sq-AL\"},{\"@type\":\"Organization\",\"@id\":\"https:\\\/\\\/fjala.info\\\/2009-2015\\\/#organization\",\"name\":\"FjALA e LIR\u00cb - Arkivi\",\"url\":\"https:\\\/\\\/fjala.info\\\/2009-2015\\\/\",\"logo\":{\"@type\":\"ImageObject\",\"inLanguage\":\"sq-AL\",\"@id\":\"https:\\\/\\\/fjala.info\\\/2009-2015\\\/#\\\/schema\\\/logo\\\/image\\\/\",\"url\":\"\",\"contentUrl\":\"\",\"caption\":\"FjALA e LIR\u00cb - Arkivi\"},\"image\":{\"@id\":\"https:\\\/\\\/fjala.info\\\/2009-2015\\\/#\\\/schema\\\/logo\\\/image\\\/\"}},{\"@type\":\"Person\",\"@id\":\"https:\\\/\\\/fjala.info\\\/2009-2015\\\/#\\\/schema\\\/person\\\/3aa1163ef05469c496fc94e77611ada2\",\"name\":\"admin\",\"image\":{\"@type\":\"ImageObject\",\"inLanguage\":\"sq-AL\",\"@id\":\"https:\\\/\\\/fjala.info\\\/2009-2015\\\/wp-content\\\/uploads\\\/2012\\\/02\\\/arben_cokaj-120x150.jpg\",\"url\":\"https:\\\/\\\/fjala.info\\\/2009-2015\\\/wp-content\\\/uploads\\\/2012\\\/02\\\/arben_cokaj-120x150.jpg\",\"contentUrl\":\"https:\\\/\\\/fjala.info\\\/2009-2015\\\/wp-content\\\/uploads\\\/2012\\\/02\\\/arben_cokaj-120x150.jpg\",\"caption\":\"admin\"},\"description\":\"Admin, Fjala e Lir\u00eb\",\"sameAs\":[\"https:\\\/\\\/fjala.info\\\/\"],\"url\":\"https:\\\/\\\/fjala.info\\\/2009-2015\\\/author\\\/admin\\\/\"}]}<\/script>\n<!-- \/ Yoast SEO plugin. -->","yoast_head_json":{"title":"SHTETI PA MUSKUJ - FjALA e LIR\u00cb - Arkivi","robots":{"index":"index","follow":"follow","max-snippet":"max-snippet:-1","max-image-preview":"max-image-preview:large","max-video-preview":"max-video-preview:-1"},"canonical":"https:\/\/fjala.info\/2009-2015\/shteti-pa-muskuj\/","og_locale":"sq_AL","og_type":"article","og_title":"SHTETI PA MUSKUJ - FjALA e LIR\u00cb - Arkivi","og_description":"Nj\u00eb konflikt i ri \u00ebsht\u00eb i mundsh\u00ebm, pasi edhe GJND-ja, t\u00eb jap\u00eb mendimin e saj mbi ligjshm\u00ebrin\u00eb e pavar\u00ebsis\u00eb s\u00eb Kosov\u00ebs. Serbia ka t\u00eb nj\u00ebjtin plan n\u00eb dor\u00eb, at\u00eb t\u00eb luft\u00ebs civile n\u00eb Bosnje. Nga Bekim Rexhepi Pakica serbe n\u00eb Kosov\u00eb jo m\u00eb shum\u00eb se 5% e t\u00ebr\u00eb popullat\u00ebs s\u00eb p\u00ebrgjithshme, po arrin t\u00eb mbajn\u00eb [&hellip;]","og_url":"https:\/\/fjala.info\/2009-2015\/shteti-pa-muskuj\/","og_site_name":"FjALA e LIR\u00cb - Arkivi","article_published_time":"2010-07-05T05:21:18+00:00","og_image":[{"url":"http:\/\/www.shkoder.net\/images\/fjala\/bekim_rexhepi.jpg","type":"","width":"","height":""}],"author":"admin","twitter_card":"summary_large_image","twitter_misc":{"Written by":"admin","Est. reading time":"7 minutes"},"schema":{"@context":"https:\/\/schema.org","@graph":[{"@type":"Article","@id":"https:\/\/fjala.info\/2009-2015\/shteti-pa-muskuj\/#article","isPartOf":{"@id":"https:\/\/fjala.info\/2009-2015\/shteti-pa-muskuj\/"},"author":{"name":"admin","@id":"https:\/\/fjala.info\/2009-2015\/#\/schema\/person\/3aa1163ef05469c496fc94e77611ada2"},"headline":"SHTETI PA MUSKUJ","datePublished":"2010-07-05T05:21:18+00:00","mainEntityOfPage":{"@id":"https:\/\/fjala.info\/2009-2015\/shteti-pa-muskuj\/"},"wordCount":1485,"commentCount":0,"publisher":{"@id":"https:\/\/fjala.info\/2009-2015\/#organization"},"image":{"@id":"https:\/\/fjala.info\/2009-2015\/shteti-pa-muskuj\/#primaryimage"},"thumbnailUrl":"http:\/\/www.shkoder.net\/images\/fjala\/bekim_rexhepi.jpg","articleSection":["Artikuj"],"inLanguage":"sq-AL","potentialAction":[{"@type":"CommentAction","name":"Comment","target":["https:\/\/fjala.info\/2009-2015\/shteti-pa-muskuj\/#respond"]}]},{"@type":"WebPage","@id":"https:\/\/fjala.info\/2009-2015\/shteti-pa-muskuj\/","url":"https:\/\/fjala.info\/2009-2015\/shteti-pa-muskuj\/","name":"SHTETI PA MUSKUJ - FjALA e LIR\u00cb - Arkivi","isPartOf":{"@id":"https:\/\/fjala.info\/2009-2015\/#website"},"primaryImageOfPage":{"@id":"https:\/\/fjala.info\/2009-2015\/shteti-pa-muskuj\/#primaryimage"},"image":{"@id":"https:\/\/fjala.info\/2009-2015\/shteti-pa-muskuj\/#primaryimage"},"thumbnailUrl":"http:\/\/www.shkoder.net\/images\/fjala\/bekim_rexhepi.jpg","datePublished":"2010-07-05T05:21:18+00:00","breadcrumb":{"@id":"https:\/\/fjala.info\/2009-2015\/shteti-pa-muskuj\/#breadcrumb"},"inLanguage":"sq-AL","potentialAction":[{"@type":"ReadAction","target":["https:\/\/fjala.info\/2009-2015\/shteti-pa-muskuj\/"]}]},{"@type":"ImageObject","inLanguage":"sq-AL","@id":"https:\/\/fjala.info\/2009-2015\/shteti-pa-muskuj\/#primaryimage","url":"http:\/\/www.shkoder.net\/images\/fjala\/bekim_rexhepi.jpg","contentUrl":"http:\/\/www.shkoder.net\/images\/fjala\/bekim_rexhepi.jpg"},{"@type":"BreadcrumbList","@id":"https:\/\/fjala.info\/2009-2015\/shteti-pa-muskuj\/#breadcrumb","itemListElement":[{"@type":"ListItem","position":1,"name":"Home","item":"https:\/\/fjala.info\/2009-2015\/"},{"@type":"ListItem","position":2,"name":"SHTETI PA MUSKUJ"}]},{"@type":"WebSite","@id":"https:\/\/fjala.info\/2009-2015\/#website","url":"https:\/\/fjala.info\/2009-2015\/","name":"FjALA e LIR\u00cb - Arkivi","description":"Arkivi 2009-2015","publisher":{"@id":"https:\/\/fjala.info\/2009-2015\/#organization"},"potentialAction":[{"@type":"SearchAction","target":{"@type":"EntryPoint","urlTemplate":"https:\/\/fjala.info\/2009-2015\/?s={search_term_string}"},"query-input":{"@type":"PropertyValueSpecification","valueRequired":true,"valueName":"search_term_string"}}],"inLanguage":"sq-AL"},{"@type":"Organization","@id":"https:\/\/fjala.info\/2009-2015\/#organization","name":"FjALA e LIR\u00cb - Arkivi","url":"https:\/\/fjala.info\/2009-2015\/","logo":{"@type":"ImageObject","inLanguage":"sq-AL","@id":"https:\/\/fjala.info\/2009-2015\/#\/schema\/logo\/image\/","url":"","contentUrl":"","caption":"FjALA e LIR\u00cb - Arkivi"},"image":{"@id":"https:\/\/fjala.info\/2009-2015\/#\/schema\/logo\/image\/"}},{"@type":"Person","@id":"https:\/\/fjala.info\/2009-2015\/#\/schema\/person\/3aa1163ef05469c496fc94e77611ada2","name":"admin","image":{"@type":"ImageObject","inLanguage":"sq-AL","@id":"https:\/\/fjala.info\/2009-2015\/wp-content\/uploads\/2012\/02\/arben_cokaj-120x150.jpg","url":"https:\/\/fjala.info\/2009-2015\/wp-content\/uploads\/2012\/02\/arben_cokaj-120x150.jpg","contentUrl":"https:\/\/fjala.info\/2009-2015\/wp-content\/uploads\/2012\/02\/arben_cokaj-120x150.jpg","caption":"admin"},"description":"Admin, Fjala e Lir\u00eb","sameAs":["https:\/\/fjala.info\/"],"url":"https:\/\/fjala.info\/2009-2015\/author\/admin\/"}]}},"_links":{"self":[{"href":"https:\/\/fjala.info\/2009-2015\/wp-json\/wp\/v2\/posts\/3203","targetHints":{"allow":["GET"]}}],"collection":[{"href":"https:\/\/fjala.info\/2009-2015\/wp-json\/wp\/v2\/posts"}],"about":[{"href":"https:\/\/fjala.info\/2009-2015\/wp-json\/wp\/v2\/types\/post"}],"author":[{"embeddable":true,"href":"https:\/\/fjala.info\/2009-2015\/wp-json\/wp\/v2\/users\/1"}],"replies":[{"embeddable":true,"href":"https:\/\/fjala.info\/2009-2015\/wp-json\/wp\/v2\/comments?post=3203"}],"version-history":[{"count":0,"href":"https:\/\/fjala.info\/2009-2015\/wp-json\/wp\/v2\/posts\/3203\/revisions"}],"wp:attachment":[{"href":"https:\/\/fjala.info\/2009-2015\/wp-json\/wp\/v2\/media?parent=3203"}],"wp:term":[{"taxonomy":"category","embeddable":true,"href":"https:\/\/fjala.info\/2009-2015\/wp-json\/wp\/v2\/categories?post=3203"},{"taxonomy":"post_tag","embeddable":true,"href":"https:\/\/fjala.info\/2009-2015\/wp-json\/wp\/v2\/tags?post=3203"}],"curies":[{"name":"wp","href":"https:\/\/api.w.org\/{rel}","templated":true}]}}