{"id":3201,"date":"2010-07-04T17:26:02","date_gmt":"2010-07-04T16:26:02","guid":{"rendered":"http:\/\/fjala.shkoder.net\/?p=3201"},"modified":"2010-07-04T17:26:02","modified_gmt":"2010-07-04T16:26:02","slug":"hamallaj-si-piramide-qeveria-qe-rrenon-shtepi-dhe-njerez","status":"publish","type":"post","link":"https:\/\/fjala.info\/2009-2015\/hamallaj-si-piramide-qeveria-qe-rrenon-shtepi-dhe-njerez\/","title":{"rendered":"HAMALLAJ SI PIRAMID\u00cb, QEVERIA Q\u00cb RR\u00cbNON SHT\u00cbPI DHE NJER\u00cbZ"},"content":{"rendered":"<p><img decoding=\"async\" style=\"margin-left: 10px; margin-right: 10px; border: 0px;\" src=\"http:\/\/www.shkoder.net\/images\/fjala\/andrea_stefani.jpg\" border=\"0\" alt=\"Andrea Stefani\" width=\"100\" align=\"left\" \/><\/p>\n<p><strong>Andrea Stefani<\/strong><\/p>\n<p>P\u00ebrleshja e lemerishme e banor\u00ebve t\u00eb Hamallajt me falangat e policis\u00eb shpreh me elokuenc\u00eb tragjike gur\u00ebsh, flake, gjaku, d\u00ebshp\u00ebrimi, k\u00ebrba\u00e7i e britmash, d\u00ebshtimin e shtetit dhe ligjit. Konflikti i ndezur \u00ebsht\u00eb rrjedhoj\u00eb e mashtrimeve elektorale, e moszbatimit t\u00eb ligjit dhe munges\u00ebs s\u00eb barazis\u00eb p\u00ebrpara tij. Ai \u00ebsht\u00eb edhe d\u00ebshmia m\u00eb e fresk\u00ebt e d\u00ebshtimit t\u00eb shtetit ligjor n\u00eb nj\u00eb \u00e7\u00ebshtje themelore p\u00ebr t\u00eb, sikund\u00ebr \u00ebsht\u00eb ajo e pronave.<\/p>\n<p>Nuk do shum\u00eb v\u00ebmendje p\u00ebr t\u00eb kuptuar se tragjedia e Hamallajt \u00ebsht\u00eb n\u00eb thelb e nj\u00ebjt\u00eb me tragjedin\u00eb e piramidave financiare t\u00eb ndodhura 13 vjet m\u00eb par\u00eb. Gj\u00eb q\u00eb provon p\u00ebrs\u00ebri se qeverisjet e Sali Berish\u00ebs kan\u00eb si thelb dhun\u00ebn dhe se nuk din\u00eb t\u00eb ndjekin me koh\u00eb politika q\u00eb \u00e7ojn\u00eb n\u00eb shmangien e dhun\u00ebs. Ndaj vjen edhe konfrontimi i qytetar\u00ebve me forcat e policis\u00eb dhe dhun\u00ebn e \u201cshtetit\u201d. Nuk kemi t\u00eb b\u00ebjm\u00eb me nj\u00eb rast\u00ebsi. Por aty ku nis dhuna, aty nis e mbaron shteti. Dhuna mbi popullsin\u00eb nuk \u00ebsht\u00eb tregues i forc\u00ebs, por i dob\u00ebsis\u00eb s\u00eb nj\u00eb shteti, i kriz\u00ebs s\u00eb tij. T\u00eb pakt\u00ebn kriza e piramidave duhet t\u2019i kish vlejtur Sali Berish\u00ebs p\u00ebr t\u00eb kuptuar kaq pak gj\u00eb.<\/p>\n<p><strong>Hamallaj si mashtrim elektoral<\/strong><br \/>\nJo pak nga banor\u00ebt e Hamallajt deklarojn\u00eb se deputet\u00ebt e PD-s\u00eb i kan\u00eb mashtruar, se u kan\u00eb premtuar gjat\u00eb fushat\u00ebs elektorale q\u00eb do t\u2019ua legalizonin nd\u00ebrtimet e paligjshme. Jan\u00eb pohime q\u00eb ting\u00ebllojn\u00eb t\u00eb v\u00ebrteta jo vet\u00ebm sepse dihen premtimet e Sali Berish\u00ebs p\u00ebr legalizimet, por edhe sepse prej vitesh politika shqiptare funksionon sipas parimit populist: premto dhe mashtro. N\u00eb vitin 2004, n\u00eb prag t\u00eb rikthimit n\u00eb pushtet, Berisha deklaronte publikisht p\u00ebr sa u takon nd\u00ebrtimeve pa leje: \u201cJam p\u00ebr amnistimin e plot\u00eb t\u00eb tyre dhe jam q\u00eb shteti t\u2019u jap\u00eb kredi atyre q\u00eb t\u00eb paguajn\u00eb me vler\u00ebn e tregut truallin e pronar\u00ebve.<\/p>\n<p>Nuk ka zgjidhje tjet\u00ebr. Nuk ka shtet q\u00eb t\u00eb marr\u00eb p\u00ebrsip\u00ebr q\u00eb t\u2019i rr\u00ebnoj\u00eb\u201d. Sot po del se ka pik\u00ebrisht \u201cnj\u00eb zgjidhje tjet\u00ebr\u201d, ajo e shtetit q\u00eb rr\u00ebnon sht\u00ebpit\u00eb e qytetar\u00ebve t\u00eb vet dhe jet\u00ebt e tyre. Pse? Sepse Berisha \u00ebsht\u00eb n\u00eb pushtet dhe sa her\u00eb ndodh k\u00ebshtu, pushteti b\u00ebhet destruktiv. Por politikan\u00ebt shqiptar\u00eb, p\u00ebrfshi Sali Berish\u00ebn, duhet t\u00eb kuptojn\u00eb se nj\u00eb premtim nga tribunat e shtetit, shoq\u00ebrohet me reagime t\u00eb panum\u00ebrta posht\u00eb, n\u00eb gjirin e popullat\u00ebs.<\/p>\n<p>N\u00ebse ju thua njer\u00ebzve se parat\u00eb e shqiptar\u00ebve jan\u00eb \u201cm\u00eb t\u00eb pastrat n\u00eb bot\u00eb\u201d (dhe koha po provon se nuk ka qen\u00eb dhe nuk \u00ebsht\u00eb aspak k\u00ebshtu), \u00ebsht\u00eb faji dhe p\u00ebrgjegj\u00ebsia jote si qeveritar q\u00eb ata u dynd\u00ebn edhe m\u00eb shum\u00eb drejt piramidave financiare, duke humbur deri edhe sht\u00ebpit\u00eb. N\u00ebse u premton shqiptar\u00ebve se do jua legalizosh nd\u00ebrtimet pa leje, mos u habit fare dhe \u00ebsht\u00eb p\u00ebrgjegj\u00ebsia jote direkte q\u00eb nd\u00ebrtimet pa leje do shtohen pas zgjedhjeve si k\u00ebrpudhat pas shiut. Sikund\u00ebr edhe ndodhi n\u00eb Hamallaj dhe n\u00eb gjith\u00eb Shqip\u00ebrin\u00eb.<\/p>\n<p>Prandaj, nj\u00eb Kryeminist\u00ebr dhe qeveria e tij q\u00eb ka premtuar legalizim nd\u00ebrtimesh gjat\u00eb zgjedhjeve, ka nxitur indirekt nd\u00ebrtimet pa leje, i ka nxitur njer\u00ebzit t\u00eb investojn\u00eb parat\u00eb e nj\u00eb jete t\u00eb t\u00ebr\u00eb n\u00eb nd\u00ebrtime q\u00eb shpresonin t\u2019u legalizoheshin. Prandaj nj\u00eb qeveri e till\u00eb nuk ka asnj\u00eb t\u00eb drejt\u00eb morale t\u2019ua shemb\u00eb sot sht\u00ebpit\u00eb qindra apo mij\u00ebra familjeve si t\u00eb paligjshme, sepse ka premtuar t\u2019ua b\u00ebj\u00eb t\u00eb ligjshme.<\/p>\n<p>Prandaj themi se p\u00ebrleshja e ndodhur n\u00eb Hamallaj mes banor\u00ebve dhe policis\u00eb \u00ebsht\u00eb rrjedhoj\u00eb e nj\u00eb mashtrimi politik elektoral, i nj\u00eb premtimi t\u00eb pambajtur nga Berisha, deputet\u00ebt dhe qeveria e tij. Edhe polic\u00ebt, edhe banor\u00ebt q\u00eb detyrohen t\u00eb p\u00ebrgjaken me nj\u00ebri-tjetrin, jan\u00eb thjesht viktima fatale t\u00eb nj\u00eb mashtrimi politik. Nj\u00ebra pal\u00eb mbron buk\u00ebn e goj\u00ebs, rrog\u00ebn, tjetra sht\u00ebpin\u00eb.<\/p>\n<p><strong>Hamallaj si munges\u00eb e ligjit dhe \u201c\u00c7atia\u201d<\/strong><br \/>\nPor le t\u2019i harrojm\u00eb premtimet elektorale dhe t\u00eb gjitha t\u00eb tjerat q\u00eb thuhen n\u00eb nj\u00eb fushat\u00eb. Le t\u2019i konsiderojm\u00eb, sikund\u00ebr ka qejf Berisha, \u201cfjal\u00eb kazani\u201d. Pyetja \u00ebsht\u00eb se p\u00ebrse qeveria ka lejuar q\u00eb banor\u00ebt e Hamallajt t\u00eb nd\u00ebrtojn\u00eb p\u00ebr rreth 3 vjet t\u00eb pashqet\u00ebsuar nga askush dhe n\u00eb kund\u00ebrshtim me ligjin? Ku ishin deri sot organet e zbatimit t\u00eb ligjit, si ato lokale, ashtu edhe ato t\u00eb qeveris\u00eb qendrore? S\u2019ka asnj\u00eb dyshim se ka penguar jo vet\u00ebm dredhia populiste e qeveris\u00eb (duhej t\u00eb kalonte ca koh\u00eb sa t\u00eb harroheshin premtimet p\u00ebr legalizim), por edhe mekanizmi korruptiv q\u00eb g\u00eblon gjithandej.<\/p>\n<p>Jo pak banor\u00eb mund t\u00eb ken\u00eb paguar ryshfete t\u00eb majme q\u00eb t\u00eb mos ndalohen n\u00eb nd\u00ebrtimet e tyre. Por kur autoritetet vonojn\u00eb n\u00eb zbatimin e ligjit, ata b\u00ebjn\u00eb q\u00eb e drejta t\u2019i braktis\u00eb. Gjithkush q\u00eb nd\u00ebrton pa leje mund t\u00eb thot\u00eb se nuk e njihte ligjin dhe t\u00eb k\u00ebrkoj\u00eb llogari se p\u00ebrse nuk e penguan q\u00eb t\u2019i investonte parat\u00eb gabim. Nj\u00eb histori pak a shum\u00eb e nj\u00ebjt\u00eb si ajo e piramidave. Edhe n\u00eb at\u00eb koh\u00eb qeveria nuk mund ta kalonte lumin, ashtu sikund\u00ebr edhe u p\u00ebrpoq, duke u th\u00ebn\u00eb shqiptar\u00ebve: Vet\u00eb i fut\u00ebt parat\u00eb n\u00eb piramida! Kjo \u00ebsht\u00eb t\u00eb lash duart.<\/p>\n<p>Berisha justifikohet sot duke th\u00ebn\u00eb se n\u00eb koh\u00ebn e piramidave, nuk kish ligj q\u00eb t\u2019i ndalonte ato. Po sot kur ka ligje dhe organe q\u00eb duhet t\u00eb parandalojn\u00eb nd\u00ebrtimet pa leje, pse nuk ndodh nj\u00eb gj\u00eb e till\u00eb? P\u00ebrse lejohen t\u00eb ngrihen n\u00eb mes t\u00eb dit\u00ebs vila e pallate shum\u00ebkat\u00ebshe q\u00eb pastaj t\u00eb shkat\u00ebrrohen me operacione n\u00eb mes t\u00eb nat\u00ebs? Dhe a nuk \u00ebsht\u00eb akti m\u00eb \u00e7njer\u00ebzor t\u2019i prish\u00ebsh nj\u00eb familjeje sht\u00ebpin\u00eb? Jemi n\u00eb mileniumin e ri, apo n\u00eb koh\u00ebrat e err\u00ebta t\u00eb legjend\u00ebs s\u00eb Rozaf\u00ebs, ku sundonin forcat e err\u00ebta t\u00eb shkat\u00ebrrimit?<\/p>\n<p>Dekada m\u00eb par\u00eb shfaqej edhe n\u00eb Shqip\u00ebri nj\u00eb film italian i titulluar \u201c\u00c7atia\u201d. Fokusohej n\u00eb Italin\u00eb e pas Luft\u00ebs II Bot\u00ebrore dhe fabula e tij kish t\u00eb b\u00ebnte edhe ajo me banor\u00eb q\u00eb popullonin n\u00eb at\u00eb koh\u00eb rrethinat e qyteteve t\u00eb m\u00ebdha italiane, duke nd\u00ebrtuar pa leje. Qeveria dhe shteti italian b\u00ebnin \u00e7mos q\u00eb procesi i nd\u00ebrtimeve pa leje t\u00eb stopohej, por megjithat\u00eb ligji nuk injoronte at\u00eb q\u00eb mund t\u00eb quhet shenjt\u00ebria e banes\u00ebs, paprekshm\u00ebria e sht\u00ebpis\u00eb. N\u00ebse karabinieria e gjente sht\u00ebpin\u00eb t\u00eb ngritur, nuk mund ta shembte, por shkel\u00ebsi i ligjit mund vet\u00ebm t\u00eb gjobitej. Nd\u00ebrkaq, autoritetet nuk flinin gjum\u00eb si te ne.<\/p>\n<p>Karabinier\u00ebt i patrullonin rrethinat aq dendurisht, sa jo pak her\u00eb t\u00eb ardhurit detyroheshin t\u2019i nd\u00ebrtonin kasollet nga themeli n\u00eb \u00e7ati brenda nat\u00ebs. Dhe n\u00eb filmin q\u00eb po flasim, karabinieria nuk pati kuraj\u00eb, nuk e gjeti morale t\u2019ia shkat\u00ebrroj\u00eb sht\u00ebpin\u00eb nj\u00eb familjeje, edhe pse nj\u00eb pjes\u00eb e \u00e7atis\u00eb kish mbetur ende e pambyllur. Vijm\u00eb n\u00eb Shqip\u00ebri: Ku e gjen moralin qeveria q\u00eb d\u00ebrgon falangat e polic\u00ebve p\u00ebr t\u00eb mb\u00ebshtetur shkat\u00ebrrimin me dhun\u00eb t\u00eb qindra banesave, nd\u00ebrtimin e t\u00eb cilave ajo vet\u00eb e ka toleruar p\u00ebr vite me radh\u00eb? Ku e gjen moralin t\u00eb k\u00ebrkoj\u00eb zbatim ligji ajo q\u00eb vet\u00eb nuk ka k\u00ebmb\u00ebngulur n\u00eb zbatimin e ligjit?<\/p>\n<p>Sepse po t\u00eb kish punuar qeveria \u00e7do dit\u00eb p\u00ebr zbatimin e ligjit, sot nuk do kishin as nd\u00ebrtime pa leje, as konflikte t\u00eb p\u00ebrgjakshme p\u00ebr nd\u00ebrtimet pa leje. Qeveria nuk ka t\u00eb drejt\u00eb t\u2019i shkat\u00ebrroj\u00eb ato sht\u00ebpi, sepse \u00ebsht\u00eb bashk\u00ebfajtore n\u00eb nd\u00ebrtimin e tyre. Zgjidhja e problemit t\u00eb nd\u00ebrtimeve pa leje mund t\u00eb p\u00ebrfshij\u00eb legalizimin krahas gjobitjes, si dhe shum\u00eb formula t\u00eb tjera, por nuk duhet t\u00eb jet\u00eb shkat\u00ebrrimi. \u00cbsht\u00eb e gabuar dhe tejet \u00e7njer\u00ebzore t\u00eb rr\u00ebnosh investimin e nj\u00eb jete t\u00eb nj\u00eb familjeje, mundin dhe djers\u00ebn e njer\u00ebzve. Nj\u00eb qeveri e mir\u00eb duhej t\u00eb kish parandaluar q\u00eb qytetar\u00ebt t\u00eb investonin n\u00eb drejtimin e gabuar. Por nuk ka qen\u00eb e till\u00eb. Prandaj duhet t\u00eb paguaj\u00eb edhe ajo paaft\u00ebsin\u00eb e vet.<\/p>\n<p>Jo t\u00eb laj\u00eb duart duke e hedhur gjith\u00eb barr\u00ebn e nd\u00ebshkimit ligjor n\u00eb kurriz t\u00eb qytetar\u00ebve q\u00eb, edhe pse shkel\u00ebs t\u00eb ligjit, jan\u00eb t\u00eb nxitur nga vet\u00eb qeveritar\u00ebt ta shkelin ligjin. Dje me premtime p\u00ebr legalizim, sot me mosveprim p\u00ebr t\u00eb parandaluar nd\u00ebrtimet pa leje. Dhe nj\u00eb pushtet q\u00eb \u00ebsht\u00eb i paaft\u00eb (p\u00ebr shkak t\u00eb korrupsionit dhe populizmit) t\u00eb parandaloj\u00eb shkeljen e ligjit, humbet edhe t\u00eb drejt\u00ebn t\u00eb nd\u00ebshkoj\u00eb n\u00eb em\u00ebr t\u00eb ligjit. Sepse edhe nd\u00ebshkimi do b\u00ebhet jo m\u00eb n\u00eb em\u00ebr t\u00eb drejt\u00ebsis\u00eb. Ligji do t\u00eb jet\u00eb vet\u00ebm \u201cgjethja e fikut\u201d e nj\u00eb padrejt\u00ebsie t\u00eb re. N\u00eb argumentimin e k\u00ebsaj t\u00eb fundit do kalojm\u00eb tani.<\/p>\n<p><strong>Hamallaj si pabarazi para ligjit<\/strong><br \/>\nPor le t\u2019i harrojm\u00eb edhe fajet e qeveris\u00eb n\u00eb parandalimin e nd\u00ebrtimeve pa leje, braktisjen prej saj dhe t\u00eb organeve t\u00eb zbatimit t\u00eb ligjit t\u00eb detyr\u00ebs p\u00ebr t\u00eb parandaluar t\u00eb keqen. Po si i b\u00ebhet me faktin q\u00eb n\u00eb disa zona t\u00eb vendit nd\u00ebrtimet pas leje po legalizohen dhe n\u00eb disa t\u00eb tjera jo? Pse n\u00eb Bathore kemi legalizim dhe n\u00eb Hamallaj jo? Opozita akuzon se e gjitha ka t\u00eb b\u00ebj\u00eb me interesa pushtetar\u00ebsh, me investime p\u00ebr fshatra turistik\u00eb, ku jan\u00eb p\u00ebrfshir\u00eb fshehtazi edhe ministra t\u00eb qeveris\u00eb \u201cBerisha\u201d.<\/p>\n<p>N\u00ebse \u00ebsht\u00eb v\u00ebrtet k\u00ebshtu, at\u00ebher\u00eb ajo q\u00eb po ndodh n\u00eb Hamallaj \u00ebsht\u00eb nj\u00eb ilustrim alarmuesi dyfytyr\u00ebsis\u00eb s\u00eb nj\u00eb pushteti korruptiv, \u00ebsht\u00eb nj\u00eb tjet\u00ebr prov\u00eb alarmante e munges\u00ebs s\u00eb shtetit ligjor. Por edhe sikur t\u00eb mos jen\u00eb n\u00eb loj\u00eb t\u00eb tilla interesa, standardi i dyfisht\u00eb n\u00eb zbatimin e ligjit \u00ebsht\u00eb padrejt\u00ebsi. Sepse ligji ose zbatohet nj\u00eblloj p\u00ebr t\u00eb gjith\u00eb, ose nuk zbatohet fare. Pra jo \u00e7do zbatim ligji \u00ebsht\u00eb padrejt\u00ebsi. Zbatimi i ligjit selektivisht, vet\u00ebm p\u00ebr disa, \u00ebsht\u00eb n\u00eb vetvete padrejt\u00ebsi. Prandaj themi se banor\u00ebt e Hamallajt, burra e gra, motra e v\u00ebllez\u00ebr, n\u00ebna me foshnja e pa foshnja, nuk kund\u00ebrshtojn\u00eb sot zbatimin e ligjit, por nj\u00eb padrejt\u00ebsi q\u00eb ju b\u00ebhet \u201cn\u00eb em\u00ebr t\u00eb ligjit\u201d.<\/p>\n<p>Politikan\u00eb, t\u00eb cil\u00ebve ju kan\u00eb dh\u00ebn\u00eb vot\u00ebn, i kan\u00eb futur n\u00eb kurth duke i v\u00ebn\u00eb p\u00ebrball\u00eb ligjit. Kan\u00eb r\u00ebn\u00eb n\u00eb kurthin e premtimeve dhe g\u00ebnjeshtrave duke investuar n\u00eb ato sht\u00ebpi, q\u00eb sot ata q\u00eb ju premtuan se do ua legalizonin, i sulmojn\u00eb me fadroma e sampist\u00eb. Kan\u00eb r\u00ebn\u00eb p\u00ebrs\u00ebri n\u00eb kurth po ashtu sikund\u00ebr ran\u00eb n\u00eb kurthin e piramidave kur Berisha i nxiste t\u00eb investonin n\u00eb to. At\u00ebher\u00eb jo pak humb\u00ebn parat\u00eb e sht\u00ebpive t\u00eb shitura, sot jo pak po humbin sht\u00ebpit\u00eb. Shqip\u00ebria s\u2019po ndryshon!<\/p>\n","protected":false},"excerpt":{"rendered":"<p>Andrea Stefani P\u00ebrleshja e lemerishme e banor\u00ebve t\u00eb Hamallajt me falangat e policis\u00eb shpreh me elokuenc\u00eb tragjike gur\u00ebsh, flake, gjaku, d\u00ebshp\u00ebrimi, k\u00ebrba\u00e7i e britmash, d\u00ebshtimin e shtetit dhe ligjit. Konflikti i ndezur \u00ebsht\u00eb rrjedhoj\u00eb e mashtrimeve elektorale, e moszbatimit t\u00eb ligjit dhe munges\u00ebs s\u00eb barazis\u00eb p\u00ebrpara tij. Ai \u00ebsht\u00eb edhe d\u00ebshmia m\u00eb e fresk\u00ebt e [&hellip;]<\/p>\n","protected":false},"author":1,"featured_media":0,"comment_status":"open","ping_status":"closed","sticky":false,"template":"","format":"standard","meta":{"footnotes":""},"categories":[2],"tags":[],"class_list":{"0":"post-3201","1":"post","2":"type-post","3":"status-publish","4":"format-standard","6":"category-artikuj"},"yoast_head":"<!-- This site is optimized with the Yoast SEO plugin v27.4 - https:\/\/yoast.com\/product\/yoast-seo-wordpress\/ -->\n<title>HAMALLAJ SI PIRAMID\u00cb, QEVERIA Q\u00cb RR\u00cbNON SHT\u00cbPI DHE NJER\u00cbZ - FjALA e LIR\u00cb - Arkivi<\/title>\n<meta name=\"robots\" content=\"index, follow, max-snippet:-1, max-image-preview:large, max-video-preview:-1\" \/>\n<link rel=\"canonical\" href=\"https:\/\/fjala.info\/2009-2015\/hamallaj-si-piramide-qeveria-qe-rrenon-shtepi-dhe-njerez\/\" \/>\n<meta property=\"og:locale\" content=\"sq_AL\" \/>\n<meta property=\"og:type\" content=\"article\" \/>\n<meta property=\"og:title\" content=\"HAMALLAJ SI PIRAMID\u00cb, QEVERIA Q\u00cb RR\u00cbNON SHT\u00cbPI DHE NJER\u00cbZ - FjALA e LIR\u00cb - Arkivi\" \/>\n<meta property=\"og:description\" content=\"Andrea Stefani P\u00ebrleshja e lemerishme e banor\u00ebve t\u00eb Hamallajt me falangat e policis\u00eb shpreh me elokuenc\u00eb tragjike gur\u00ebsh, flake, gjaku, d\u00ebshp\u00ebrimi, k\u00ebrba\u00e7i e britmash, d\u00ebshtimin e shtetit dhe ligjit. Konflikti i ndezur \u00ebsht\u00eb rrjedhoj\u00eb e mashtrimeve elektorale, e moszbatimit t\u00eb ligjit dhe munges\u00ebs s\u00eb barazis\u00eb p\u00ebrpara tij. Ai \u00ebsht\u00eb edhe d\u00ebshmia m\u00eb e fresk\u00ebt e [&hellip;]\" \/>\n<meta property=\"og:url\" content=\"https:\/\/fjala.info\/2009-2015\/hamallaj-si-piramide-qeveria-qe-rrenon-shtepi-dhe-njerez\/\" \/>\n<meta property=\"og:site_name\" content=\"FjALA e LIR\u00cb - Arkivi\" \/>\n<meta property=\"article:published_time\" content=\"2010-07-04T16:26:02+00:00\" \/>\n<meta property=\"og:image\" content=\"http:\/\/www.shkoder.net\/images\/fjala\/andrea_stefani.jpg\" \/>\n<meta name=\"author\" content=\"admin\" \/>\n<meta name=\"twitter:card\" content=\"summary_large_image\" \/>\n<meta name=\"twitter:label1\" content=\"Written by\" \/>\n\t<meta name=\"twitter:data1\" content=\"admin\" \/>\n\t<meta name=\"twitter:label2\" content=\"Est. reading time\" \/>\n\t<meta name=\"twitter:data2\" content=\"9 minutes\" \/>\n<script type=\"application\/ld+json\" class=\"yoast-schema-graph\">{\"@context\":\"https:\\\/\\\/schema.org\",\"@graph\":[{\"@type\":\"Article\",\"@id\":\"https:\\\/\\\/fjala.info\\\/2009-2015\\\/hamallaj-si-piramide-qeveria-qe-rrenon-shtepi-dhe-njerez\\\/#article\",\"isPartOf\":{\"@id\":\"https:\\\/\\\/fjala.info\\\/2009-2015\\\/hamallaj-si-piramide-qeveria-qe-rrenon-shtepi-dhe-njerez\\\/\"},\"author\":{\"name\":\"admin\",\"@id\":\"https:\\\/\\\/fjala.info\\\/2009-2015\\\/#\\\/schema\\\/person\\\/3aa1163ef05469c496fc94e77611ada2\"},\"headline\":\"HAMALLAJ SI PIRAMID\u00cb, QEVERIA Q\u00cb RR\u00cbNON SHT\u00cbPI DHE NJER\u00cbZ\",\"datePublished\":\"2010-07-04T16:26:02+00:00\",\"mainEntityOfPage\":{\"@id\":\"https:\\\/\\\/fjala.info\\\/2009-2015\\\/hamallaj-si-piramide-qeveria-qe-rrenon-shtepi-dhe-njerez\\\/\"},\"wordCount\":1904,\"commentCount\":0,\"publisher\":{\"@id\":\"https:\\\/\\\/fjala.info\\\/2009-2015\\\/#organization\"},\"image\":{\"@id\":\"https:\\\/\\\/fjala.info\\\/2009-2015\\\/hamallaj-si-piramide-qeveria-qe-rrenon-shtepi-dhe-njerez\\\/#primaryimage\"},\"thumbnailUrl\":\"http:\\\/\\\/www.shkoder.net\\\/images\\\/fjala\\\/andrea_stefani.jpg\",\"articleSection\":[\"Artikuj\"],\"inLanguage\":\"sq-AL\",\"potentialAction\":[{\"@type\":\"CommentAction\",\"name\":\"Comment\",\"target\":[\"https:\\\/\\\/fjala.info\\\/2009-2015\\\/hamallaj-si-piramide-qeveria-qe-rrenon-shtepi-dhe-njerez\\\/#respond\"]}]},{\"@type\":\"WebPage\",\"@id\":\"https:\\\/\\\/fjala.info\\\/2009-2015\\\/hamallaj-si-piramide-qeveria-qe-rrenon-shtepi-dhe-njerez\\\/\",\"url\":\"https:\\\/\\\/fjala.info\\\/2009-2015\\\/hamallaj-si-piramide-qeveria-qe-rrenon-shtepi-dhe-njerez\\\/\",\"name\":\"HAMALLAJ SI PIRAMID\u00cb, QEVERIA Q\u00cb RR\u00cbNON SHT\u00cbPI DHE NJER\u00cbZ - FjALA e LIR\u00cb - Arkivi\",\"isPartOf\":{\"@id\":\"https:\\\/\\\/fjala.info\\\/2009-2015\\\/#website\"},\"primaryImageOfPage\":{\"@id\":\"https:\\\/\\\/fjala.info\\\/2009-2015\\\/hamallaj-si-piramide-qeveria-qe-rrenon-shtepi-dhe-njerez\\\/#primaryimage\"},\"image\":{\"@id\":\"https:\\\/\\\/fjala.info\\\/2009-2015\\\/hamallaj-si-piramide-qeveria-qe-rrenon-shtepi-dhe-njerez\\\/#primaryimage\"},\"thumbnailUrl\":\"http:\\\/\\\/www.shkoder.net\\\/images\\\/fjala\\\/andrea_stefani.jpg\",\"datePublished\":\"2010-07-04T16:26:02+00:00\",\"breadcrumb\":{\"@id\":\"https:\\\/\\\/fjala.info\\\/2009-2015\\\/hamallaj-si-piramide-qeveria-qe-rrenon-shtepi-dhe-njerez\\\/#breadcrumb\"},\"inLanguage\":\"sq-AL\",\"potentialAction\":[{\"@type\":\"ReadAction\",\"target\":[\"https:\\\/\\\/fjala.info\\\/2009-2015\\\/hamallaj-si-piramide-qeveria-qe-rrenon-shtepi-dhe-njerez\\\/\"]}]},{\"@type\":\"ImageObject\",\"inLanguage\":\"sq-AL\",\"@id\":\"https:\\\/\\\/fjala.info\\\/2009-2015\\\/hamallaj-si-piramide-qeveria-qe-rrenon-shtepi-dhe-njerez\\\/#primaryimage\",\"url\":\"http:\\\/\\\/www.shkoder.net\\\/images\\\/fjala\\\/andrea_stefani.jpg\",\"contentUrl\":\"http:\\\/\\\/www.shkoder.net\\\/images\\\/fjala\\\/andrea_stefani.jpg\"},{\"@type\":\"BreadcrumbList\",\"@id\":\"https:\\\/\\\/fjala.info\\\/2009-2015\\\/hamallaj-si-piramide-qeveria-qe-rrenon-shtepi-dhe-njerez\\\/#breadcrumb\",\"itemListElement\":[{\"@type\":\"ListItem\",\"position\":1,\"name\":\"Home\",\"item\":\"https:\\\/\\\/fjala.info\\\/2009-2015\\\/\"},{\"@type\":\"ListItem\",\"position\":2,\"name\":\"HAMALLAJ SI PIRAMID\u00cb, QEVERIA Q\u00cb RR\u00cbNON SHT\u00cbPI DHE NJER\u00cbZ\"}]},{\"@type\":\"WebSite\",\"@id\":\"https:\\\/\\\/fjala.info\\\/2009-2015\\\/#website\",\"url\":\"https:\\\/\\\/fjala.info\\\/2009-2015\\\/\",\"name\":\"FjALA e LIR\u00cb - Arkivi\",\"description\":\"Arkivi 2009-2015\",\"publisher\":{\"@id\":\"https:\\\/\\\/fjala.info\\\/2009-2015\\\/#organization\"},\"potentialAction\":[{\"@type\":\"SearchAction\",\"target\":{\"@type\":\"EntryPoint\",\"urlTemplate\":\"https:\\\/\\\/fjala.info\\\/2009-2015\\\/?s={search_term_string}\"},\"query-input\":{\"@type\":\"PropertyValueSpecification\",\"valueRequired\":true,\"valueName\":\"search_term_string\"}}],\"inLanguage\":\"sq-AL\"},{\"@type\":\"Organization\",\"@id\":\"https:\\\/\\\/fjala.info\\\/2009-2015\\\/#organization\",\"name\":\"FjALA e LIR\u00cb - Arkivi\",\"url\":\"https:\\\/\\\/fjala.info\\\/2009-2015\\\/\",\"logo\":{\"@type\":\"ImageObject\",\"inLanguage\":\"sq-AL\",\"@id\":\"https:\\\/\\\/fjala.info\\\/2009-2015\\\/#\\\/schema\\\/logo\\\/image\\\/\",\"url\":\"\",\"contentUrl\":\"\",\"caption\":\"FjALA e LIR\u00cb - Arkivi\"},\"image\":{\"@id\":\"https:\\\/\\\/fjala.info\\\/2009-2015\\\/#\\\/schema\\\/logo\\\/image\\\/\"}},{\"@type\":\"Person\",\"@id\":\"https:\\\/\\\/fjala.info\\\/2009-2015\\\/#\\\/schema\\\/person\\\/3aa1163ef05469c496fc94e77611ada2\",\"name\":\"admin\",\"image\":{\"@type\":\"ImageObject\",\"inLanguage\":\"sq-AL\",\"@id\":\"https:\\\/\\\/fjala.info\\\/2009-2015\\\/wp-content\\\/uploads\\\/2012\\\/02\\\/arben_cokaj-120x150.jpg\",\"url\":\"https:\\\/\\\/fjala.info\\\/2009-2015\\\/wp-content\\\/uploads\\\/2012\\\/02\\\/arben_cokaj-120x150.jpg\",\"contentUrl\":\"https:\\\/\\\/fjala.info\\\/2009-2015\\\/wp-content\\\/uploads\\\/2012\\\/02\\\/arben_cokaj-120x150.jpg\",\"caption\":\"admin\"},\"description\":\"Admin, Fjala e Lir\u00eb\",\"sameAs\":[\"https:\\\/\\\/fjala.info\\\/\"],\"url\":\"https:\\\/\\\/fjala.info\\\/2009-2015\\\/author\\\/admin\\\/\"}]}<\/script>\n<!-- \/ Yoast SEO plugin. -->","yoast_head_json":{"title":"HAMALLAJ SI PIRAMID\u00cb, QEVERIA Q\u00cb RR\u00cbNON SHT\u00cbPI DHE NJER\u00cbZ - FjALA e LIR\u00cb - Arkivi","robots":{"index":"index","follow":"follow","max-snippet":"max-snippet:-1","max-image-preview":"max-image-preview:large","max-video-preview":"max-video-preview:-1"},"canonical":"https:\/\/fjala.info\/2009-2015\/hamallaj-si-piramide-qeveria-qe-rrenon-shtepi-dhe-njerez\/","og_locale":"sq_AL","og_type":"article","og_title":"HAMALLAJ SI PIRAMID\u00cb, QEVERIA Q\u00cb RR\u00cbNON SHT\u00cbPI DHE NJER\u00cbZ - FjALA e LIR\u00cb - Arkivi","og_description":"Andrea Stefani P\u00ebrleshja e lemerishme e banor\u00ebve t\u00eb Hamallajt me falangat e policis\u00eb shpreh me elokuenc\u00eb tragjike gur\u00ebsh, flake, gjaku, d\u00ebshp\u00ebrimi, k\u00ebrba\u00e7i e britmash, d\u00ebshtimin e shtetit dhe ligjit. Konflikti i ndezur \u00ebsht\u00eb rrjedhoj\u00eb e mashtrimeve elektorale, e moszbatimit t\u00eb ligjit dhe munges\u00ebs s\u00eb barazis\u00eb p\u00ebrpara tij. Ai \u00ebsht\u00eb edhe d\u00ebshmia m\u00eb e fresk\u00ebt e [&hellip;]","og_url":"https:\/\/fjala.info\/2009-2015\/hamallaj-si-piramide-qeveria-qe-rrenon-shtepi-dhe-njerez\/","og_site_name":"FjALA e LIR\u00cb - Arkivi","article_published_time":"2010-07-04T16:26:02+00:00","og_image":[{"url":"http:\/\/www.shkoder.net\/images\/fjala\/andrea_stefani.jpg","type":"","width":"","height":""}],"author":"admin","twitter_card":"summary_large_image","twitter_misc":{"Written by":"admin","Est. reading time":"9 minutes"},"schema":{"@context":"https:\/\/schema.org","@graph":[{"@type":"Article","@id":"https:\/\/fjala.info\/2009-2015\/hamallaj-si-piramide-qeveria-qe-rrenon-shtepi-dhe-njerez\/#article","isPartOf":{"@id":"https:\/\/fjala.info\/2009-2015\/hamallaj-si-piramide-qeveria-qe-rrenon-shtepi-dhe-njerez\/"},"author":{"name":"admin","@id":"https:\/\/fjala.info\/2009-2015\/#\/schema\/person\/3aa1163ef05469c496fc94e77611ada2"},"headline":"HAMALLAJ SI PIRAMID\u00cb, QEVERIA Q\u00cb RR\u00cbNON SHT\u00cbPI DHE NJER\u00cbZ","datePublished":"2010-07-04T16:26:02+00:00","mainEntityOfPage":{"@id":"https:\/\/fjala.info\/2009-2015\/hamallaj-si-piramide-qeveria-qe-rrenon-shtepi-dhe-njerez\/"},"wordCount":1904,"commentCount":0,"publisher":{"@id":"https:\/\/fjala.info\/2009-2015\/#organization"},"image":{"@id":"https:\/\/fjala.info\/2009-2015\/hamallaj-si-piramide-qeveria-qe-rrenon-shtepi-dhe-njerez\/#primaryimage"},"thumbnailUrl":"http:\/\/www.shkoder.net\/images\/fjala\/andrea_stefani.jpg","articleSection":["Artikuj"],"inLanguage":"sq-AL","potentialAction":[{"@type":"CommentAction","name":"Comment","target":["https:\/\/fjala.info\/2009-2015\/hamallaj-si-piramide-qeveria-qe-rrenon-shtepi-dhe-njerez\/#respond"]}]},{"@type":"WebPage","@id":"https:\/\/fjala.info\/2009-2015\/hamallaj-si-piramide-qeveria-qe-rrenon-shtepi-dhe-njerez\/","url":"https:\/\/fjala.info\/2009-2015\/hamallaj-si-piramide-qeveria-qe-rrenon-shtepi-dhe-njerez\/","name":"HAMALLAJ SI PIRAMID\u00cb, QEVERIA Q\u00cb RR\u00cbNON SHT\u00cbPI DHE NJER\u00cbZ - FjALA e LIR\u00cb - Arkivi","isPartOf":{"@id":"https:\/\/fjala.info\/2009-2015\/#website"},"primaryImageOfPage":{"@id":"https:\/\/fjala.info\/2009-2015\/hamallaj-si-piramide-qeveria-qe-rrenon-shtepi-dhe-njerez\/#primaryimage"},"image":{"@id":"https:\/\/fjala.info\/2009-2015\/hamallaj-si-piramide-qeveria-qe-rrenon-shtepi-dhe-njerez\/#primaryimage"},"thumbnailUrl":"http:\/\/www.shkoder.net\/images\/fjala\/andrea_stefani.jpg","datePublished":"2010-07-04T16:26:02+00:00","breadcrumb":{"@id":"https:\/\/fjala.info\/2009-2015\/hamallaj-si-piramide-qeveria-qe-rrenon-shtepi-dhe-njerez\/#breadcrumb"},"inLanguage":"sq-AL","potentialAction":[{"@type":"ReadAction","target":["https:\/\/fjala.info\/2009-2015\/hamallaj-si-piramide-qeveria-qe-rrenon-shtepi-dhe-njerez\/"]}]},{"@type":"ImageObject","inLanguage":"sq-AL","@id":"https:\/\/fjala.info\/2009-2015\/hamallaj-si-piramide-qeveria-qe-rrenon-shtepi-dhe-njerez\/#primaryimage","url":"http:\/\/www.shkoder.net\/images\/fjala\/andrea_stefani.jpg","contentUrl":"http:\/\/www.shkoder.net\/images\/fjala\/andrea_stefani.jpg"},{"@type":"BreadcrumbList","@id":"https:\/\/fjala.info\/2009-2015\/hamallaj-si-piramide-qeveria-qe-rrenon-shtepi-dhe-njerez\/#breadcrumb","itemListElement":[{"@type":"ListItem","position":1,"name":"Home","item":"https:\/\/fjala.info\/2009-2015\/"},{"@type":"ListItem","position":2,"name":"HAMALLAJ SI PIRAMID\u00cb, QEVERIA Q\u00cb RR\u00cbNON SHT\u00cbPI DHE NJER\u00cbZ"}]},{"@type":"WebSite","@id":"https:\/\/fjala.info\/2009-2015\/#website","url":"https:\/\/fjala.info\/2009-2015\/","name":"FjALA e LIR\u00cb - Arkivi","description":"Arkivi 2009-2015","publisher":{"@id":"https:\/\/fjala.info\/2009-2015\/#organization"},"potentialAction":[{"@type":"SearchAction","target":{"@type":"EntryPoint","urlTemplate":"https:\/\/fjala.info\/2009-2015\/?s={search_term_string}"},"query-input":{"@type":"PropertyValueSpecification","valueRequired":true,"valueName":"search_term_string"}}],"inLanguage":"sq-AL"},{"@type":"Organization","@id":"https:\/\/fjala.info\/2009-2015\/#organization","name":"FjALA e LIR\u00cb - Arkivi","url":"https:\/\/fjala.info\/2009-2015\/","logo":{"@type":"ImageObject","inLanguage":"sq-AL","@id":"https:\/\/fjala.info\/2009-2015\/#\/schema\/logo\/image\/","url":"","contentUrl":"","caption":"FjALA e LIR\u00cb - Arkivi"},"image":{"@id":"https:\/\/fjala.info\/2009-2015\/#\/schema\/logo\/image\/"}},{"@type":"Person","@id":"https:\/\/fjala.info\/2009-2015\/#\/schema\/person\/3aa1163ef05469c496fc94e77611ada2","name":"admin","image":{"@type":"ImageObject","inLanguage":"sq-AL","@id":"https:\/\/fjala.info\/2009-2015\/wp-content\/uploads\/2012\/02\/arben_cokaj-120x150.jpg","url":"https:\/\/fjala.info\/2009-2015\/wp-content\/uploads\/2012\/02\/arben_cokaj-120x150.jpg","contentUrl":"https:\/\/fjala.info\/2009-2015\/wp-content\/uploads\/2012\/02\/arben_cokaj-120x150.jpg","caption":"admin"},"description":"Admin, Fjala e Lir\u00eb","sameAs":["https:\/\/fjala.info\/"],"url":"https:\/\/fjala.info\/2009-2015\/author\/admin\/"}]}},"_links":{"self":[{"href":"https:\/\/fjala.info\/2009-2015\/wp-json\/wp\/v2\/posts\/3201","targetHints":{"allow":["GET"]}}],"collection":[{"href":"https:\/\/fjala.info\/2009-2015\/wp-json\/wp\/v2\/posts"}],"about":[{"href":"https:\/\/fjala.info\/2009-2015\/wp-json\/wp\/v2\/types\/post"}],"author":[{"embeddable":true,"href":"https:\/\/fjala.info\/2009-2015\/wp-json\/wp\/v2\/users\/1"}],"replies":[{"embeddable":true,"href":"https:\/\/fjala.info\/2009-2015\/wp-json\/wp\/v2\/comments?post=3201"}],"version-history":[{"count":0,"href":"https:\/\/fjala.info\/2009-2015\/wp-json\/wp\/v2\/posts\/3201\/revisions"}],"wp:attachment":[{"href":"https:\/\/fjala.info\/2009-2015\/wp-json\/wp\/v2\/media?parent=3201"}],"wp:term":[{"taxonomy":"category","embeddable":true,"href":"https:\/\/fjala.info\/2009-2015\/wp-json\/wp\/v2\/categories?post=3201"},{"taxonomy":"post_tag","embeddable":true,"href":"https:\/\/fjala.info\/2009-2015\/wp-json\/wp\/v2\/tags?post=3201"}],"curies":[{"name":"wp","href":"https:\/\/api.w.org\/{rel}","templated":true}]}}