{"id":3199,"date":"2010-07-04T17:20:50","date_gmt":"2010-07-04T16:20:50","guid":{"rendered":"http:\/\/fjala.shkoder.net\/?p=3199"},"modified":"2010-07-04T17:20:50","modified_gmt":"2010-07-04T16:20:50","slug":"shkembim-territoresh-praktikisht-e-pamundur","status":"publish","type":"post","link":"https:\/\/fjala.info\/2009-2015\/shkembim-territoresh-praktikisht-e-pamundur\/","title":{"rendered":"SHK\u00cbMBIM TERRITORESH? PRAKTIKISHT E PAMUNDUR"},"content":{"rendered":"<p><img decoding=\"async\" style=\"margin-left: 10px; margin-right: 10px; border: 0px;\" src=\"http:\/\/www.shkoder.net\/images\/fjala\/mustafa_nano.jpg\" border=\"0\" alt=\"Mustafa Nano\" width=\"100\" align=\"left\" \/><\/p>\n<p><strong>Mustafa Nano<\/strong><\/p>\n<p><em>Zululand<\/em><br \/>\nKa ca koh\u00eb q\u00eb po flitet m\u00eb shum\u00eb sesa zakonisht p\u00ebr shk\u00ebmbim territoresh midis Kosov\u00ebs e Serbis\u00eb. T\u00eb par\u00ebt jan\u00eb serb\u00ebt, q\u00eb u bien k\u00ebtyre borive, por nuk mungojn\u00eb dhe z\u00ebra t\u00eb tjer\u00eb, t\u00eb cil\u00ebt her\u00eb e hedhin k\u00ebt\u00eb tez\u00eb p\u00ebr hesap t\u00eb serb\u00ebve, her\u00eb e hedhin p\u00ebr hesap t\u00eb tyre, e her\u00eb e hedhin ndershm\u00ebrisht si t\u00eb vetmen zgjidhje q\u00eb rregullon nj\u00ebher\u00eb e mir\u00eb marr\u00ebdh\u00ebniet shqiptaro-serbe. N\u00eb fakt, gjithmon\u00eb \u00ebsht\u00eb folur p\u00ebr k\u00ebt\u00eb gj\u00eb, para e pas luft\u00ebs n\u00eb Kosov\u00eb.<\/p>\n<p>Por a \u00ebsht\u00eb i mundur n\u00eb praktik\u00eb shk\u00ebmbimi i territoreve midis Serbis\u00eb e Kosov\u00ebs? Dua t\u00eb them, mund t\u00eb bjer\u00eb dakord diplomacia nd\u00ebrkomb\u00ebtare, q\u00eb t\u00eb ndodh\u00eb kjo gj\u00eb? Duket shum\u00eb e rrezikshme. Prandaj shum\u00eb e v\u00ebshtir\u00eb. P\u00ebr t\u00eb mos th\u00ebn\u00eb e pamundur. Do t\u00eb krijohej nj\u00eb alamet precedenti, q\u00eb do t\u00eb rizgjonte shum\u00eb \u00ebndrra, do t\u00eb rihapte shum\u00eb projekte, e do t\u00eb ngjallte shum\u00eb orekse k\u00ebtyre an\u00ebve. Ballkani \u00ebsht\u00eb plot enklava, q\u00eb n\u00eb k\u00ebto rrethana do duheshin shk\u00ebmbyer me enklava t\u00eb tjera. Ua kan\u00eb ngen\u00eb fuqit\u00eb e m\u00ebdha k\u00ebtyre pun\u00ebve? Si zor.<\/p>\n<p>Po le t\u00eb b\u00ebjm\u00eb supozimin, se fuqit\u00eb e m\u00ebdha, jo vet\u00ebm kan\u00eb nge p\u00ebr t\u00eb realizuar nj\u00eb shk\u00ebmbim territoresh midis Kosov\u00ebs e Serbis\u00eb, jo vet\u00ebm e quajn\u00eb t\u00eb parrezikshme nj\u00eb gj\u00eb t\u00eb till\u00eb, jo vet\u00ebm e shohin si t\u00eb mundur, por edhe e shohin si t\u00eb vetmen m\u00ebnyr\u00eb p\u00ebr t\u00eb qet\u00ebsuar uj\u00ebrat shqiptaro-serbe, e prandaj do ta k\u00ebrkojn\u00eb me k\u00ebmb\u00ebngulje. Supozim surreal? E di, por le ta marrim n\u00eb shqyrtim si nj\u00eb prej zgjidhjeve teorike t\u00eb rebusit t\u00eb marr\u00ebdh\u00ebnieve shqiptaro-serbe. \u00c7\u2019q\u00ebndrim do mbanim ne shqiptar\u00ebt? Do t\u2019i jepnim ok-in k\u00ebsaj zgjidhjeje?<\/p>\n<p>As q\u00eb b\u00ebhet fjal\u00eb. P\u00ebrgjigjja \u00ebsht\u00eb e prer\u00eb, e qart\u00eb, elokuente: kurr\u00eb. Nuk e marrim mundimin (po flas p\u00ebr mean-stream-in) t\u2019i b\u00ebjm\u00eb pyetjen vetes: \u00ebsht\u00eb m\u00eb mir\u00eb t\u00eb b\u00ebjm\u00eb nj\u00eb shk\u00ebmbim territoresh tani, me q\u00ebllim q\u00eb t\u00eb biem n\u00eb nj\u00eb qet\u00ebsi e n\u00eb nj\u00eb paqe t\u00eb p\u00ebrjetshme, apo t\u2019i ruajm\u00eb me fanatiz\u00ebm k\u00ebto enklava, dhe pakicat etnike n\u00eb to, si moll\u00eb t\u00eb nj\u00eb sherri gjithashtu t\u00eb p\u00ebrjetsh\u00ebm? Kemi frik\u00eb ta ngrem\u00eb k\u00ebt\u00eb pyetje.<\/p>\n<p>Dhe frik\u00ebn nuk e kemi nga pyetja; e kemi nga p\u00ebrgjigjja, q\u00eb do t\u00eb gjenim n\u00eb ato zg\u00ebqet e trurit ton\u00eb, ku ka m\u00eb pak emocion e m\u00eb shum\u00eb urt\u00ebsi: po, nj\u00eb shk\u00ebmbim i till\u00eb territoresh (kuptohet, jo domosdoshm\u00ebrisht me logjik\u00ebn banale \u201ct\u00eb jap Mitroviv\u00ebn, m\u00eb jep Preshev\u00eb\/Medvegj\/Bujanovcin\u201d) mund t\u00eb ishte nj\u00eb zgjidhje, q\u00eb do t\u00eb garantonte paqe, stabilitet e siguri afatgjat\u00eb midis shqiptar\u00ebve e serb\u00ebve.<\/p>\n<p>Ka dhe nj\u00eb p\u00ebrthyerje tjet\u00ebr kjo zgjidhje; do t\u00eb linte pa pun\u00eb nacionalist\u00ebt profesionist\u00eb t\u00eb Tiran\u00ebs, t\u00eb Prishtin\u00ebs e t\u00eb Beogradit, e k\u00ebshtu edhe vesh\u00ebt do t\u00eb na binin rehat, edhe shoq\u00ebria, kultura, politika, etj., do t\u00eb b\u00ebheshin m\u00eb pun\u00ebm\u00ebdha. S\u2019e keni v\u00ebn\u00eb re, q\u00eb shoq\u00ebrit\u00eb m\u00eb pak fanatike jan\u00eb m\u00eb shum\u00eb efektive?<\/p>\n<p>Por nacionalist\u00ebt nuk ka pse t\u00eb shqet\u00ebsohen. Askujt (me mendje t\u00eb ftoht\u00eb) nuk do t\u2019i shkoj\u00eb mendja p\u00ebr ta sugjeruar nj\u00eb zgjidhje t\u00eb till\u00eb. Jo ngaq\u00eb \u00ebsht\u00eb e pad\u00ebshiruar, por ngaq\u00eb \u00ebsht\u00eb e pamundur.<\/p>\n","protected":false},"excerpt":{"rendered":"<p>Mustafa Nano Zululand Ka ca koh\u00eb q\u00eb po flitet m\u00eb shum\u00eb sesa zakonisht p\u00ebr shk\u00ebmbim territoresh midis Kosov\u00ebs e Serbis\u00eb. T\u00eb par\u00ebt jan\u00eb serb\u00ebt, q\u00eb u bien k\u00ebtyre borive, por nuk mungojn\u00eb dhe z\u00ebra t\u00eb tjer\u00eb, t\u00eb cil\u00ebt her\u00eb e hedhin k\u00ebt\u00eb tez\u00eb p\u00ebr hesap t\u00eb serb\u00ebve, her\u00eb e hedhin p\u00ebr hesap t\u00eb tyre, e [&hellip;]<\/p>\n","protected":false},"author":1,"featured_media":0,"comment_status":"open","ping_status":"closed","sticky":false,"template":"","format":"standard","meta":{"footnotes":""},"categories":[2],"tags":[],"class_list":{"0":"post-3199","1":"post","2":"type-post","3":"status-publish","4":"format-standard","6":"category-artikuj"},"yoast_head":"<!-- This site is optimized with the Yoast SEO plugin v27.4 - https:\/\/yoast.com\/product\/yoast-seo-wordpress\/ -->\n<title>SHK\u00cbMBIM TERRITORESH? PRAKTIKISHT E PAMUNDUR - FjALA e LIR\u00cb - Arkivi<\/title>\n<meta name=\"robots\" content=\"index, follow, max-snippet:-1, max-image-preview:large, max-video-preview:-1\" \/>\n<link rel=\"canonical\" href=\"https:\/\/fjala.info\/2009-2015\/shkembim-territoresh-praktikisht-e-pamundur\/\" \/>\n<meta property=\"og:locale\" content=\"sq_AL\" \/>\n<meta property=\"og:type\" content=\"article\" \/>\n<meta property=\"og:title\" content=\"SHK\u00cbMBIM TERRITORESH? PRAKTIKISHT E PAMUNDUR - FjALA e LIR\u00cb - Arkivi\" \/>\n<meta property=\"og:description\" content=\"Mustafa Nano Zululand Ka ca koh\u00eb q\u00eb po flitet m\u00eb shum\u00eb sesa zakonisht p\u00ebr shk\u00ebmbim territoresh midis Kosov\u00ebs e Serbis\u00eb. T\u00eb par\u00ebt jan\u00eb serb\u00ebt, q\u00eb u bien k\u00ebtyre borive, por nuk mungojn\u00eb dhe z\u00ebra t\u00eb tjer\u00eb, t\u00eb cil\u00ebt her\u00eb e hedhin k\u00ebt\u00eb tez\u00eb p\u00ebr hesap t\u00eb serb\u00ebve, her\u00eb e hedhin p\u00ebr hesap t\u00eb tyre, e [&hellip;]\" \/>\n<meta property=\"og:url\" content=\"https:\/\/fjala.info\/2009-2015\/shkembim-territoresh-praktikisht-e-pamundur\/\" \/>\n<meta property=\"og:site_name\" content=\"FjALA e LIR\u00cb - Arkivi\" \/>\n<meta property=\"article:published_time\" content=\"2010-07-04T16:20:50+00:00\" \/>\n<meta property=\"og:image\" content=\"http:\/\/www.shkoder.net\/images\/fjala\/mustafa_nano.jpg\" \/>\n<meta name=\"author\" content=\"admin\" \/>\n<meta name=\"twitter:card\" content=\"summary_large_image\" \/>\n<meta name=\"twitter:label1\" content=\"Written by\" \/>\n\t<meta name=\"twitter:data1\" content=\"admin\" \/>\n\t<meta name=\"twitter:label2\" content=\"Est. reading time\" \/>\n\t<meta name=\"twitter:data2\" content=\"3 minutes\" \/>\n<script type=\"application\/ld+json\" class=\"yoast-schema-graph\">{\"@context\":\"https:\\\/\\\/schema.org\",\"@graph\":[{\"@type\":\"Article\",\"@id\":\"https:\\\/\\\/fjala.info\\\/2009-2015\\\/shkembim-territoresh-praktikisht-e-pamundur\\\/#article\",\"isPartOf\":{\"@id\":\"https:\\\/\\\/fjala.info\\\/2009-2015\\\/shkembim-territoresh-praktikisht-e-pamundur\\\/\"},\"author\":{\"name\":\"admin\",\"@id\":\"https:\\\/\\\/fjala.info\\\/2009-2015\\\/#\\\/schema\\\/person\\\/3aa1163ef05469c496fc94e77611ada2\"},\"headline\":\"SHK\u00cbMBIM TERRITORESH? PRAKTIKISHT E PAMUNDUR\",\"datePublished\":\"2010-07-04T16:20:50+00:00\",\"mainEntityOfPage\":{\"@id\":\"https:\\\/\\\/fjala.info\\\/2009-2015\\\/shkembim-territoresh-praktikisht-e-pamundur\\\/\"},\"wordCount\":600,\"commentCount\":0,\"publisher\":{\"@id\":\"https:\\\/\\\/fjala.info\\\/2009-2015\\\/#organization\"},\"image\":{\"@id\":\"https:\\\/\\\/fjala.info\\\/2009-2015\\\/shkembim-territoresh-praktikisht-e-pamundur\\\/#primaryimage\"},\"thumbnailUrl\":\"http:\\\/\\\/www.shkoder.net\\\/images\\\/fjala\\\/mustafa_nano.jpg\",\"articleSection\":[\"Artikuj\"],\"inLanguage\":\"sq-AL\",\"potentialAction\":[{\"@type\":\"CommentAction\",\"name\":\"Comment\",\"target\":[\"https:\\\/\\\/fjala.info\\\/2009-2015\\\/shkembim-territoresh-praktikisht-e-pamundur\\\/#respond\"]}]},{\"@type\":\"WebPage\",\"@id\":\"https:\\\/\\\/fjala.info\\\/2009-2015\\\/shkembim-territoresh-praktikisht-e-pamundur\\\/\",\"url\":\"https:\\\/\\\/fjala.info\\\/2009-2015\\\/shkembim-territoresh-praktikisht-e-pamundur\\\/\",\"name\":\"SHK\u00cbMBIM TERRITORESH? PRAKTIKISHT E PAMUNDUR - FjALA e LIR\u00cb - Arkivi\",\"isPartOf\":{\"@id\":\"https:\\\/\\\/fjala.info\\\/2009-2015\\\/#website\"},\"primaryImageOfPage\":{\"@id\":\"https:\\\/\\\/fjala.info\\\/2009-2015\\\/shkembim-territoresh-praktikisht-e-pamundur\\\/#primaryimage\"},\"image\":{\"@id\":\"https:\\\/\\\/fjala.info\\\/2009-2015\\\/shkembim-territoresh-praktikisht-e-pamundur\\\/#primaryimage\"},\"thumbnailUrl\":\"http:\\\/\\\/www.shkoder.net\\\/images\\\/fjala\\\/mustafa_nano.jpg\",\"datePublished\":\"2010-07-04T16:20:50+00:00\",\"breadcrumb\":{\"@id\":\"https:\\\/\\\/fjala.info\\\/2009-2015\\\/shkembim-territoresh-praktikisht-e-pamundur\\\/#breadcrumb\"},\"inLanguage\":\"sq-AL\",\"potentialAction\":[{\"@type\":\"ReadAction\",\"target\":[\"https:\\\/\\\/fjala.info\\\/2009-2015\\\/shkembim-territoresh-praktikisht-e-pamundur\\\/\"]}]},{\"@type\":\"ImageObject\",\"inLanguage\":\"sq-AL\",\"@id\":\"https:\\\/\\\/fjala.info\\\/2009-2015\\\/shkembim-territoresh-praktikisht-e-pamundur\\\/#primaryimage\",\"url\":\"http:\\\/\\\/www.shkoder.net\\\/images\\\/fjala\\\/mustafa_nano.jpg\",\"contentUrl\":\"http:\\\/\\\/www.shkoder.net\\\/images\\\/fjala\\\/mustafa_nano.jpg\"},{\"@type\":\"BreadcrumbList\",\"@id\":\"https:\\\/\\\/fjala.info\\\/2009-2015\\\/shkembim-territoresh-praktikisht-e-pamundur\\\/#breadcrumb\",\"itemListElement\":[{\"@type\":\"ListItem\",\"position\":1,\"name\":\"Home\",\"item\":\"https:\\\/\\\/fjala.info\\\/2009-2015\\\/\"},{\"@type\":\"ListItem\",\"position\":2,\"name\":\"SHK\u00cbMBIM TERRITORESH? PRAKTIKISHT E PAMUNDUR\"}]},{\"@type\":\"WebSite\",\"@id\":\"https:\\\/\\\/fjala.info\\\/2009-2015\\\/#website\",\"url\":\"https:\\\/\\\/fjala.info\\\/2009-2015\\\/\",\"name\":\"FjALA e LIR\u00cb - Arkivi\",\"description\":\"Arkivi 2009-2015\",\"publisher\":{\"@id\":\"https:\\\/\\\/fjala.info\\\/2009-2015\\\/#organization\"},\"potentialAction\":[{\"@type\":\"SearchAction\",\"target\":{\"@type\":\"EntryPoint\",\"urlTemplate\":\"https:\\\/\\\/fjala.info\\\/2009-2015\\\/?s={search_term_string}\"},\"query-input\":{\"@type\":\"PropertyValueSpecification\",\"valueRequired\":true,\"valueName\":\"search_term_string\"}}],\"inLanguage\":\"sq-AL\"},{\"@type\":\"Organization\",\"@id\":\"https:\\\/\\\/fjala.info\\\/2009-2015\\\/#organization\",\"name\":\"FjALA e LIR\u00cb - Arkivi\",\"url\":\"https:\\\/\\\/fjala.info\\\/2009-2015\\\/\",\"logo\":{\"@type\":\"ImageObject\",\"inLanguage\":\"sq-AL\",\"@id\":\"https:\\\/\\\/fjala.info\\\/2009-2015\\\/#\\\/schema\\\/logo\\\/image\\\/\",\"url\":\"\",\"contentUrl\":\"\",\"caption\":\"FjALA e LIR\u00cb - Arkivi\"},\"image\":{\"@id\":\"https:\\\/\\\/fjala.info\\\/2009-2015\\\/#\\\/schema\\\/logo\\\/image\\\/\"}},{\"@type\":\"Person\",\"@id\":\"https:\\\/\\\/fjala.info\\\/2009-2015\\\/#\\\/schema\\\/person\\\/3aa1163ef05469c496fc94e77611ada2\",\"name\":\"admin\",\"image\":{\"@type\":\"ImageObject\",\"inLanguage\":\"sq-AL\",\"@id\":\"https:\\\/\\\/fjala.info\\\/2009-2015\\\/wp-content\\\/uploads\\\/2012\\\/02\\\/arben_cokaj-120x150.jpg\",\"url\":\"https:\\\/\\\/fjala.info\\\/2009-2015\\\/wp-content\\\/uploads\\\/2012\\\/02\\\/arben_cokaj-120x150.jpg\",\"contentUrl\":\"https:\\\/\\\/fjala.info\\\/2009-2015\\\/wp-content\\\/uploads\\\/2012\\\/02\\\/arben_cokaj-120x150.jpg\",\"caption\":\"admin\"},\"description\":\"Admin, Fjala e Lir\u00eb\",\"sameAs\":[\"https:\\\/\\\/fjala.info\\\/\"],\"url\":\"https:\\\/\\\/fjala.info\\\/2009-2015\\\/author\\\/admin\\\/\"}]}<\/script>\n<!-- \/ Yoast SEO plugin. -->","yoast_head_json":{"title":"SHK\u00cbMBIM TERRITORESH? PRAKTIKISHT E PAMUNDUR - FjALA e LIR\u00cb - Arkivi","robots":{"index":"index","follow":"follow","max-snippet":"max-snippet:-1","max-image-preview":"max-image-preview:large","max-video-preview":"max-video-preview:-1"},"canonical":"https:\/\/fjala.info\/2009-2015\/shkembim-territoresh-praktikisht-e-pamundur\/","og_locale":"sq_AL","og_type":"article","og_title":"SHK\u00cbMBIM TERRITORESH? PRAKTIKISHT E PAMUNDUR - FjALA e LIR\u00cb - Arkivi","og_description":"Mustafa Nano Zululand Ka ca koh\u00eb q\u00eb po flitet m\u00eb shum\u00eb sesa zakonisht p\u00ebr shk\u00ebmbim territoresh midis Kosov\u00ebs e Serbis\u00eb. T\u00eb par\u00ebt jan\u00eb serb\u00ebt, q\u00eb u bien k\u00ebtyre borive, por nuk mungojn\u00eb dhe z\u00ebra t\u00eb tjer\u00eb, t\u00eb cil\u00ebt her\u00eb e hedhin k\u00ebt\u00eb tez\u00eb p\u00ebr hesap t\u00eb serb\u00ebve, her\u00eb e hedhin p\u00ebr hesap t\u00eb tyre, e [&hellip;]","og_url":"https:\/\/fjala.info\/2009-2015\/shkembim-territoresh-praktikisht-e-pamundur\/","og_site_name":"FjALA e LIR\u00cb - Arkivi","article_published_time":"2010-07-04T16:20:50+00:00","og_image":[{"url":"http:\/\/www.shkoder.net\/images\/fjala\/mustafa_nano.jpg","type":"","width":"","height":""}],"author":"admin","twitter_card":"summary_large_image","twitter_misc":{"Written by":"admin","Est. reading time":"3 minutes"},"schema":{"@context":"https:\/\/schema.org","@graph":[{"@type":"Article","@id":"https:\/\/fjala.info\/2009-2015\/shkembim-territoresh-praktikisht-e-pamundur\/#article","isPartOf":{"@id":"https:\/\/fjala.info\/2009-2015\/shkembim-territoresh-praktikisht-e-pamundur\/"},"author":{"name":"admin","@id":"https:\/\/fjala.info\/2009-2015\/#\/schema\/person\/3aa1163ef05469c496fc94e77611ada2"},"headline":"SHK\u00cbMBIM TERRITORESH? PRAKTIKISHT E PAMUNDUR","datePublished":"2010-07-04T16:20:50+00:00","mainEntityOfPage":{"@id":"https:\/\/fjala.info\/2009-2015\/shkembim-territoresh-praktikisht-e-pamundur\/"},"wordCount":600,"commentCount":0,"publisher":{"@id":"https:\/\/fjala.info\/2009-2015\/#organization"},"image":{"@id":"https:\/\/fjala.info\/2009-2015\/shkembim-territoresh-praktikisht-e-pamundur\/#primaryimage"},"thumbnailUrl":"http:\/\/www.shkoder.net\/images\/fjala\/mustafa_nano.jpg","articleSection":["Artikuj"],"inLanguage":"sq-AL","potentialAction":[{"@type":"CommentAction","name":"Comment","target":["https:\/\/fjala.info\/2009-2015\/shkembim-territoresh-praktikisht-e-pamundur\/#respond"]}]},{"@type":"WebPage","@id":"https:\/\/fjala.info\/2009-2015\/shkembim-territoresh-praktikisht-e-pamundur\/","url":"https:\/\/fjala.info\/2009-2015\/shkembim-territoresh-praktikisht-e-pamundur\/","name":"SHK\u00cbMBIM TERRITORESH? PRAKTIKISHT E PAMUNDUR - FjALA e LIR\u00cb - Arkivi","isPartOf":{"@id":"https:\/\/fjala.info\/2009-2015\/#website"},"primaryImageOfPage":{"@id":"https:\/\/fjala.info\/2009-2015\/shkembim-territoresh-praktikisht-e-pamundur\/#primaryimage"},"image":{"@id":"https:\/\/fjala.info\/2009-2015\/shkembim-territoresh-praktikisht-e-pamundur\/#primaryimage"},"thumbnailUrl":"http:\/\/www.shkoder.net\/images\/fjala\/mustafa_nano.jpg","datePublished":"2010-07-04T16:20:50+00:00","breadcrumb":{"@id":"https:\/\/fjala.info\/2009-2015\/shkembim-territoresh-praktikisht-e-pamundur\/#breadcrumb"},"inLanguage":"sq-AL","potentialAction":[{"@type":"ReadAction","target":["https:\/\/fjala.info\/2009-2015\/shkembim-territoresh-praktikisht-e-pamundur\/"]}]},{"@type":"ImageObject","inLanguage":"sq-AL","@id":"https:\/\/fjala.info\/2009-2015\/shkembim-territoresh-praktikisht-e-pamundur\/#primaryimage","url":"http:\/\/www.shkoder.net\/images\/fjala\/mustafa_nano.jpg","contentUrl":"http:\/\/www.shkoder.net\/images\/fjala\/mustafa_nano.jpg"},{"@type":"BreadcrumbList","@id":"https:\/\/fjala.info\/2009-2015\/shkembim-territoresh-praktikisht-e-pamundur\/#breadcrumb","itemListElement":[{"@type":"ListItem","position":1,"name":"Home","item":"https:\/\/fjala.info\/2009-2015\/"},{"@type":"ListItem","position":2,"name":"SHK\u00cbMBIM TERRITORESH? PRAKTIKISHT E PAMUNDUR"}]},{"@type":"WebSite","@id":"https:\/\/fjala.info\/2009-2015\/#website","url":"https:\/\/fjala.info\/2009-2015\/","name":"FjALA e LIR\u00cb - Arkivi","description":"Arkivi 2009-2015","publisher":{"@id":"https:\/\/fjala.info\/2009-2015\/#organization"},"potentialAction":[{"@type":"SearchAction","target":{"@type":"EntryPoint","urlTemplate":"https:\/\/fjala.info\/2009-2015\/?s={search_term_string}"},"query-input":{"@type":"PropertyValueSpecification","valueRequired":true,"valueName":"search_term_string"}}],"inLanguage":"sq-AL"},{"@type":"Organization","@id":"https:\/\/fjala.info\/2009-2015\/#organization","name":"FjALA e LIR\u00cb - Arkivi","url":"https:\/\/fjala.info\/2009-2015\/","logo":{"@type":"ImageObject","inLanguage":"sq-AL","@id":"https:\/\/fjala.info\/2009-2015\/#\/schema\/logo\/image\/","url":"","contentUrl":"","caption":"FjALA e LIR\u00cb - Arkivi"},"image":{"@id":"https:\/\/fjala.info\/2009-2015\/#\/schema\/logo\/image\/"}},{"@type":"Person","@id":"https:\/\/fjala.info\/2009-2015\/#\/schema\/person\/3aa1163ef05469c496fc94e77611ada2","name":"admin","image":{"@type":"ImageObject","inLanguage":"sq-AL","@id":"https:\/\/fjala.info\/2009-2015\/wp-content\/uploads\/2012\/02\/arben_cokaj-120x150.jpg","url":"https:\/\/fjala.info\/2009-2015\/wp-content\/uploads\/2012\/02\/arben_cokaj-120x150.jpg","contentUrl":"https:\/\/fjala.info\/2009-2015\/wp-content\/uploads\/2012\/02\/arben_cokaj-120x150.jpg","caption":"admin"},"description":"Admin, Fjala e Lir\u00eb","sameAs":["https:\/\/fjala.info\/"],"url":"https:\/\/fjala.info\/2009-2015\/author\/admin\/"}]}},"_links":{"self":[{"href":"https:\/\/fjala.info\/2009-2015\/wp-json\/wp\/v2\/posts\/3199","targetHints":{"allow":["GET"]}}],"collection":[{"href":"https:\/\/fjala.info\/2009-2015\/wp-json\/wp\/v2\/posts"}],"about":[{"href":"https:\/\/fjala.info\/2009-2015\/wp-json\/wp\/v2\/types\/post"}],"author":[{"embeddable":true,"href":"https:\/\/fjala.info\/2009-2015\/wp-json\/wp\/v2\/users\/1"}],"replies":[{"embeddable":true,"href":"https:\/\/fjala.info\/2009-2015\/wp-json\/wp\/v2\/comments?post=3199"}],"version-history":[{"count":0,"href":"https:\/\/fjala.info\/2009-2015\/wp-json\/wp\/v2\/posts\/3199\/revisions"}],"wp:attachment":[{"href":"https:\/\/fjala.info\/2009-2015\/wp-json\/wp\/v2\/media?parent=3199"}],"wp:term":[{"taxonomy":"category","embeddable":true,"href":"https:\/\/fjala.info\/2009-2015\/wp-json\/wp\/v2\/categories?post=3199"},{"taxonomy":"post_tag","embeddable":true,"href":"https:\/\/fjala.info\/2009-2015\/wp-json\/wp\/v2\/tags?post=3199"}],"curies":[{"name":"wp","href":"https:\/\/api.w.org\/{rel}","templated":true}]}}