{"id":3195,"date":"2010-07-04T17:00:43","date_gmt":"2010-07-04T16:00:43","guid":{"rendered":"http:\/\/fjala.shkoder.net\/?p=3195"},"modified":"2010-07-04T17:00:43","modified_gmt":"2010-07-04T16:00:43","slug":"kur-bashkepunon-me-talebanet","status":"publish","type":"post","link":"https:\/\/fjala.info\/2009-2015\/kur-bashkepunon-me-talebanet\/","title":{"rendered":"Kur bashk\u00ebpunon me taleban\u00ebt?"},"content":{"rendered":"<p><strong>Auron Tare<\/strong>, <em>04.07.2010<\/em><\/p>\n<p>Q\u00eb n\u00eb krye t\u00eb k\u00ebtij shkrimi po e them me plot bindje se artikulli i Prof. Richard Hodges, Mirupafshim But-rint, mir\u00eb se erdh\u00ebt n\u00eb Kandaharin e Taliban\u00ebve, i botuar dje n\u00eb gazet\u00ebn &#8220;Shekulli&#8221; \u00ebsht\u00eb mjaft i drejt\u00eb dhe shum\u00eb i sakt\u00eb mbi realitetin dramatik q\u00eb sot ndodhet zona e Parkut Komb\u00ebtar t\u00eb Butrintit dhe qytezat e Sarand\u00ebs dhe Ksamilit. Ajo q\u00eb po ndodh sot n\u00eb Butrint, dhe jo vet\u00ebm atje, \u00ebsht\u00eb nj\u00eb prej tragjedive m\u00eb t\u00eb r\u00ebnda n\u00eb fush\u00ebn e Trash\u00ebgimis\u00eb Komb\u00ebtare.<\/p>\n<p>Shum\u00eb shpejt edhe nj\u00eb prej vendeve m\u00eb t\u00eb ruajtura dhe t\u00eb mbrojtura n\u00eb Mesdhe ka r\u00ebn\u00eb pre e nj\u00eb injorance makut\u00ebrie, e cila nuk di se \u00e7far\u00eb b\u00ebn dhe po shkat\u00ebrron jo vet\u00ebm vlerat universale t\u00eb civilizimeve mesdhetare, por edhe t\u00eb ardhmen e turizmit kulturor. Sot, \u00ebsht\u00eb nj\u00eb fakt i pa mohuesh\u00ebm q\u00eb turizmi vjen n\u00eb jug t\u00eb Shqip\u00ebris\u00eb, kryesisht p\u00ebr t\u00eb vizituar Butrintin dhe zon\u00ebn e mbrojtur p\u00ebrreth tij. Por tashm\u00eb, Parku Komb\u00ebtar i Butrintit jo vet\u00ebm \u00ebsht\u00eb l\u00ebn\u00eb n\u00eb m\u00ebshir\u00ebn e fatit, por fatkeq\u00ebsisht edhe t\u00eb administrimit t\u00eb injorant\u00ebve me tituj shkencor\u00eb.<\/p>\n<p>Shkrimi i Prof. Hodges, i cili e njeh mjaft mir\u00eb Butrintin, hap nj\u00eb debat mjaft t\u00eb mpreht\u00eb pasi thelb\u00ebsisht problemet q\u00eb ngrihen n\u00eb k\u00ebt\u00eb shkrim jan\u00eb shum\u00eb t\u00eb drejta dhe aktuale. Q\u00eb t\u00eb shkosh sot n\u00eb Butrint n\u00ebp\u00ebrmjet Ksamilit dhe t\u00eb mos mendosh se je n\u00eb nj\u00eb prej qyteteve afgane q\u00eb shikojm\u00eb p\u00ebrdit\u00eb n\u00eb TV, \u00ebsht\u00eb e pamundur. Duke qen\u00eb n\u00eb kontakt t\u00eb p\u00ebrditsh\u00ebm me t\u00eb huajt q\u00eb vizitojn\u00eb Butrintit e kuptoj fare mir\u00eb se krahasimi q\u00eb autori i shkrimit t\u00eb djesh\u00ebm, Prof. Hodges, i b\u00ebn zon\u00ebs s\u00eb Sarand\u00eb-Ksamilit dhe Butrintin me Kandaharin \u00ebsht\u00eb shum\u00eb af\u00ebr t\u00eb v\u00ebrtet\u00ebs.<\/p>\n<p>Para dy jav\u00ebsh, nj\u00eb tjet\u00ebr njoh\u00ebs shum\u00eb i mir\u00eb i zon\u00ebs, shkrimtari anglez James Pettifer shkruante se, guidat turistike &#8220;Blue Guide&#8221; kishin vendosur t\u00eb pezullonin ri- botimin e v\u00ebllimit p\u00ebr Shqip\u00ebrin\u00eb, pasi nuk mund t&#8217;i rekomandonin m\u00eb lexuesve t\u00eb tyre udh\u00ebtime kulturore n\u00eb jugun shqiptar dhe pik\u00ebrisht n\u00eb zon\u00ebn Ksamil-Sarand\u00eb-Butrint.<\/p>\n<p>Ka rreth 8 muaj q\u00eb nj\u00eb s\u00ebr\u00eb dashamir\u00ebsish dhe miq t\u00eb Butrintit kan\u00eb insistuar pran\u00eb autoriteteve shqiptare dhe atyre nd\u00ebrkomb\u00ebtare, p\u00ebr t\u00eb frenuar nd\u00ebrtimin e nj\u00eb autostrade krejt\u00ebsisht t\u00eb panevojshme brenda zon\u00ebs s\u00eb shpallur Pasuri Bot\u00ebrore t\u00eb Unesco-s, por m\u00eb kot.<\/p>\n<p>Megjithat\u00eb, p\u00ebrve\u00e7 \u00e7\u00ebshtjeve shum\u00eb t\u00eb drejta q\u00eb Prof. Hodges ngre n\u00eb k\u00ebt\u00eb shkrim, si dhe p\u00ebrbuzjes qart\u00ebsisht t\u00eb qart\u00eb q\u00eb ai dhe miqt\u00eb e tij amerikan\u00eb t\u00eb udh\u00ebtimit kan\u00eb p\u00ebr Taleban\u00ebt shqiptar\u00eb, shkrimi ka nj\u00eb problem shum\u00eb t\u00eb madh moral.<\/p>\n<p>Taleban\u00ebt dhe qeverisja e tyre ekstreme n\u00eb Afganistan hyn\u00eb n\u00eb fjalorin modern, si forma m\u00eb e ul\u00ebt e injoranc\u00ebs dhe primitivizmit shoq\u00ebror n\u00eb koh\u00ebt moderne. Askush nuk do t\u00eb donte sot t\u00eb kishte asnj\u00eb lidhje me Taleban\u00ebt apo regjimin e tyre. K\u00ebsisoj q\u00eb profesori britanik t\u00eb krahasoj\u00eb Taleban\u00ebt afgan\u00eb me qeverisjen aktuale shqiptare, duhet n\u00eb radh\u00eb t\u00eb par\u00eb t\u00eb jet\u00eb moralisht i past\u00ebr n\u00eb lidhjet q\u00eb ai ka dhe ka pasur me taleban\u00ebt shqiptar\u00eb t\u00eb qeverisjes aktuale, si\u00e7 i p\u00ebrshkruan ai autoritetet e kultur\u00ebs. N\u00eb t\u00eb kund\u00ebr edhe nd\u00ebrhyrja shum\u00eb e drejt\u00eb e Prof. Hodges n\u00eb k\u00ebt\u00eb rast bie er\u00eb &#8220;pazaresh t\u00eb prishura&#8221;, apo m\u00eb sakt\u00eb problem me fondet. Shembull ky i hasur r\u00ebndom tek t\u00eb huajt q\u00eb kan\u00eb pasur bashk\u00ebpunim me regjimin e taleban\u00ebve afgan\u00eb p\u00ebr p\u00ebrfitime personale.<\/p>\n<p>N\u00eb tetor t\u00eb 2005, kur Prof. Hodges dhe disa koleg\u00eb t\u00eb tij ftuan &#8220;Mulla Omarin&#8221; e taleban\u00ebve shqiptar\u00eb n\u00eb Butrint, p\u00ebr t\u00eb hapur nj\u00eb &#8220;epok\u00eb t\u00eb re bashk\u00ebpunimi, pas qeverisjes korruptive t\u00eb socialist\u00ebve shqiptar\u00eb&#8221; -fjal\u00eb k\u00ebto t\u00eb th\u00ebna n\u00eb takimin e tij n\u00eb Kalan\u00eb e Butrintit, Prof Hodges u rekomandoi taleban\u00ebve se personeli i Butrintit duhej ndryshuar krejt\u00ebsisht. (Interesant ishte fakti se jo m\u00eb par\u00eb se disa muaj se ky takim t\u00eb ndodhte n\u00eb Kalan\u00eb e Butrinti, profesori anglez kishte ftuar nj\u00eb Minist\u00ebr socialist n\u00eb Lond\u00ebr p\u00ebr t\u00eb par\u00eb &#8220;Live&#8221; skuadr\u00ebn e \u00c7elsit).<\/p>\n<p>Prof. Hodges dhe &#8220;Ministri i par\u00eb i Kultur\u00ebs i Qeveris\u00eb talebane&#8221; nj\u00eb doganier dhe anonin n\u00eb fush\u00ebn e kultur\u00ebs filluan nj\u00eb bashk\u00ebpunim mjaft frytsjell\u00ebs, ku larguan nga puna n\u00eb Butrint pa asnj\u00eb arsye t\u00eb gjith\u00eb t\u00eb rinjt\u00eb q\u00eb vinin nga Saranda apo zonat p\u00ebrqark, t\u00eb cil\u00ebt ishin trajnuar nga nj\u00eb s\u00ebr\u00eb programesh t\u00eb donator\u00ebve t\u00eb huaj, duke sjell\u00eb p\u00ebr her\u00eb t\u00eb par\u00eb nj\u00eb form\u00eb administrimi t\u00eb trash\u00ebgimis\u00eb n\u00eb frym\u00ebn per\u00ebndimore.<\/p>\n<p>Ministri Anonim taleban dhe profesor Hodges, s\u00eb bashku me nj\u00eb prej k\u00ebshilltar\u00ebve t\u00eb &#8220;Mulla Omarit&#8221;, soll\u00ebn n\u00eb krye t\u00eb Parkut Komb\u00ebtar t\u00eb Butrintit nj\u00eb personazh tipik Taleban, i cili jo vet\u00ebm nuk fliste asnj\u00eb gjuh\u00eb t\u00eb huaj dhe nuk di akoma se si p\u00ebrdoret nj\u00eb kompjuter i thjesht\u00eb, por dikur prof. Hodges tallej me t\u00eb, pasi personazhi n\u00eb fjal\u00eb gjat\u00eb ekspeditave arkeologjike ishte i njohur si person q\u00eb nat\u00ebn hante sallamin e student\u00ebve.<\/p>\n<p>Ky personazh qesharak u caktua p\u00ebr t\u00eb administruar pasurin\u00eb arkeologjike m\u00eb t\u00eb r\u00ebnd\u00ebsishme t\u00eb jugut, me rekomandimin e Prof. Hodges. Sigurisht nj\u00eb lolo i till\u00eb i duhej profesorit, pasi me t\u00eb mund t\u00eb b\u00ebnte \u00e7t\u00eb donte n\u00eb Butrint dhe sigurisht t\u00eb kishte akses n\u00eb fondet dhe projektet e k\u00ebsaj Qendre Arkeologjike. Jo vet\u00ebm kaq, por Prof. Hodg\u00ebs i akordoi talebanit n\u00eb fjal\u00eb nj\u00eb rrog\u00eb mujore dhe kur shtypi shqiptar foli p\u00ebr k\u00ebt\u00eb rast korruptiv t\u00eb past\u00ebr, Prof.Hodg\u00ebs refuzoi t\u00eb komentonte.<\/p>\n<p>Bashk\u00ebpunimi i Prof. Hodges me Qeverin\u00eb Talebane nuk p\u00ebrfundoi k\u00ebtu. Dy prej njer\u00ebzve m\u00eb t\u00eb af\u00ebrt t\u00eb profesorit anglez, me rekomandimin e tij, u caktuan n\u00eb poste t\u00eb larta drejtuese n\u00eb Ministrin\u00eb e Kultur\u00ebs, t\u00eb drejtuar nga Ylli Pango. Pra Profesori ju dha taleban\u00ebve njer\u00ebzit e stafit t\u00eb tij t\u00eb ngusht\u00eb, p\u00ebr ta administruar trash\u00ebgimin\u00eb kulturore shqiptare. Nj\u00ebri u caktua Drejtor i Trash\u00ebgimis\u00eb Kulturore dhe tjetri, po n\u00eb nj\u00eb post t\u00eb r\u00ebnd\u00ebsish\u00ebm t\u00eb kultur\u00ebs.<\/p>\n<p>P\u00ebr disa vite me radh\u00eb njer\u00ebzit e njohur si punonj\u00ebs t\u00eb Zyr\u00ebs s\u00eb Pakardit, (zyr\u00eb kjo e administruar nga prof.Hodg\u00ebs), dhe t\u00eb paguar po prej tij, ishin administrator\u00ebt e lart\u00eb n\u00eb gjirin e Qeveris\u00eb, t\u00eb cil\u00ebt profesori e quan Qeveri taleban\u00eb. Pra, n\u00ebse taleban\u00ebt shqiptar\u00eb k\u00ebto 5 vite kan\u00eb b\u00ebr\u00eb zullume t\u00eb m\u00ebdha n\u00eb fush\u00ebn e trash\u00ebgimis\u00eb kulturore, profesori nuk ka se si t&#8217;i shmanget t\u00eb v\u00ebrtet\u00ebs se njer\u00ebzit q\u00eb ai u rekomandoi taleban\u00ebve n\u00eb krye t\u00eb Trash\u00ebgimis\u00eb, ishin njer\u00ebzit e tij. Megjith\u00ebse nj\u00ebri prej tyre u vet\u00eblargua nga ajo mo\u00e7alishte dhe tjetri Drejtuesi i Trash\u00ebgimis\u00eb dhe Kultur\u00ebs Komb\u00ebtare iku nga zullumet e b\u00ebra me tender\u00ebt e Ministris\u00eb s\u00eb Kultur\u00ebs.<\/p>\n<p>T\u00eb mos harrojm\u00eb s\u00eb edhe nj\u00eb prej rrog\u00ebtareve t\u00eb Fondacionit qe ai drejton \u00ebsht\u00eb zyrtar i lart\u00eb n\u00eb Qeverin\u00eb talebane krijon nj\u00eb tablo t\u00eb qart\u00eb t\u00eb bashk\u00ebpunimit t\u00eb profesorit me taleban\u00ebt n\u00eb pushtet.<\/p>\n<p>Profesori britanik me t\u00eb drejt\u00eb n\u00eb shkrimin e tij ngre pyetjen e madhe se ku shkojn\u00eb parat\u00eb q\u00eb mblidhen n\u00eb Butrint? Tashm\u00eb si rezultat i rritjes s\u00eb fluksit t\u00eb turizmit n\u00eb Shqip\u00ebri t\u00eb ardhurat n\u00eb Butrint jan\u00eb t\u00eb m\u00ebdha, por qart\u00ebsisht mungojn\u00eb investimet n\u00eb infrastruktur\u00eb, restaurime, prezantime, botime, programe t\u00eb reja me universitete t\u00eb huaja etj, etj. N\u00eb k\u00ebt\u00eb pik\u00eb, ai \u00ebsht\u00eb shum\u00eb i sakte. Muzeumi ndoshta m\u00eb i miri n\u00eb Shqip\u00ebri \u00ebsht\u00eb n\u00eb gjendje t\u00eb mjer\u00eb dhe e gjith\u00eb ajo pasuri arkeologjike ruhet nga nj\u00eb roje plak, me nj\u00eb rrog\u00eb 150 mij\u00eb lek\u00ebshe t\u00eb vjet\u00ebr n\u00eb muaj. Nuk ka asnj\u00eb cicerone apo p\u00ebrgjegj\u00ebs p\u00ebr k\u00ebt\u00eb Muze. Rojet dikur t\u00eb trajnuar nga Federata Bot\u00ebrore e Rangersve jan\u00eb z\u00ebvend\u00ebsuar. Mungojn\u00eb programet p\u00ebr vizitat e shkollave. Mungojn\u00eb programet p\u00ebr komunitetin.<\/p>\n<p>Fondi prej 1 milion USD, i akorduar nga Banka Bot\u00ebrore, nuk u dha asnj\u00eb her\u00eb pasi me t\u00eb drejt\u00eb banka nuk kishte siguri n\u00eb njer\u00ebzit q\u00eb punojn\u00eb n\u00eb Butrint dhe si rrjedhim ky Fond mbyllet n\u00eb Shtator. Nuk ka asnj\u00eb program t\u00eb ri bashk\u00ebpunimi dhe Butrinti k\u00ebto 5 vjet mund t\u00eb p\u00ebrmendet si nj\u00eb rast unikal, ku nj\u00eb Park Komb\u00ebtar nuk mbjell asnj\u00eb pem\u00eb n\u00eb territorin e saj. Pra deri k\u00ebtu, Profesori ka t\u00eb drejt\u00eb.<br \/>\nPor fatkeq\u00ebsisht Prof.Hodges edhe n\u00eb k\u00ebt\u00eb artikull nuk e vuri gishtin mbi plag\u00eb, duke mos e th\u00ebn\u00eb t\u00eb v\u00ebrtet\u00ebn ashtu si\u00e7 \u00ebsht\u00eb se Taleban\u00ebt e tij jan\u00eb p\u00ebrgjegj\u00ebsit kryesor\u00eb t\u00eb k\u00ebsaj situate.<\/p>\n<p>\u00cbsht\u00eb nj\u00eb fakt i njohur nga t\u00eb gjith\u00eb, q\u00eb n\u00eb Butrint ka nj\u00eb abuzim t\u00eb madh me biletat q\u00eb priten nga t\u00eb huajt. Edhe pse shifra q\u00eb p\u00ebrmend profesori, 75 mij\u00eb vizitor\u00eb p\u00ebr vitin 2009 \u00ebsht\u00eb shum\u00eb pran\u00eb t\u00eb v\u00ebrtet\u00ebs, vlera e grumbulluar duhet t\u00eb jet\u00eb m\u00eb e lart\u00eb n\u00eb se Talebani q\u00eb ai e rekomandoi p\u00ebr administrator parku nuk do t\u00eb kishte bler\u00eb sht\u00ebpi n\u00eb Tiran\u00eb, ka d\u00ebrguar f\u00ebmij\u00ebt p\u00ebr shkollim n\u00eb Amerik\u00eb t\u00eb gjitha k\u00ebto me rrog\u00ebn e shtetit.<\/p>\n<p>Butrinti ka nj\u00eb rast unikal, kur biletashit\u00ebsi me nj\u00eb rrog\u00eb modeste shkon me pushime n\u00eb Dubai, familjarisht. Por sigurisht q\u00eb t\u00eb gjitha k\u00ebto nuk b\u00ebhen pa pasur mbrojtje politike dhe interesi nga Taleban\u00ebt n\u00eb Qeveri dhe p\u00ebr k\u00ebt\u00eb profesori, i cili deri nj\u00eb vit m\u00eb par\u00eb nuk fliste, tashm\u00eb ngurron ta p\u00ebrmend\u00eb n\u00eb shkrimin e tij.<\/p>\n<p>Nga shifrat q\u00eb jep zyrtarisht, Parku i Butrintit dhe Fondacioni Butrinti p\u00ebr t\u00eb ardhurat n\u00eb Butrint kuptohet se k\u00ebto 5 vitet e fundit duhet t\u00eb jen\u00eb mbledhur n\u00eb Butrint, diku te 1 deri n\u00eb 1.5 milion\u00eb euro, p\u00ebrve\u00e7 t\u00eb ardhurave q\u00eb nuk regjistrohen. Kjo shum\u00eb \u00ebsht\u00eb nj\u00eb fond i madh p\u00ebr nj\u00eb qend\u00ebr si Butrinti, por deri m\u00eb sot nuk shikon asnj\u00eb p\u00ebrmir\u00ebsim n\u00eb infrastruktur\u00ebn e k\u00ebtij parku, p\u00ebrmir\u00ebsim t\u00eb t\u00eb ardhurave t\u00eb punonj\u00ebsve t\u00eb saj apo projekte mbi komunitetin. Ku shkojn\u00eb k\u00ebt\u00eb para? Askush nuk jep nj\u00eb p\u00ebrgjigje publike se ku shkojn\u00eb k\u00ebto fonde, t\u00eb cilat me ligj duhet t\u00eb p\u00ebrdoren n\u00eb Butrint.<\/p>\n<p>Profesori anglez, po k\u00ebshtu, harron se n\u00eb dokumentin q\u00eb \u00ebsht\u00eb firmosur p\u00ebr hapjen e rrug\u00ebs s\u00eb Butrintit nga Ministria e Kultur\u00ebs, pas nj\u00eb lufte t\u00eb gjat\u00eb q\u00eb shum\u00eb dashamir\u00ebs t\u00eb Butrintit b\u00ebn\u00eb p\u00ebr ta penguar hapjen e saj dimrin e kaluar, \u00ebsht\u00eb edhe emri i p\u00ebrfaq\u00ebsuesit t\u00eb Fondacionit Butrinti. N\u00ebse Fondacioni Butrinti nuk ishte dakord m\u00eb k\u00ebt\u00eb rrug\u00eb, p\u00ebrse nuk foli zyrtarisht dhe p\u00ebrse nuk e denoncoi publikisht?<\/p>\n<p>Po k\u00ebshtu, ai e di mir\u00eb se planin e ri t\u00eb menaxhimit q\u00eb i d\u00ebrgohet p\u00ebr dijeni edhe Unesco-s dhe institucioneve t\u00eb tjera \u00ebsht\u00eb hartuar nga Zyra e profesorit, pasi Taleban\u00ebt n\u00eb Butrint nuk jan\u00eb t\u00eb aft\u00eb t\u00eb hartojn\u00eb dokumente t\u00eb tilla. E pra, si ka mund\u00ebsi q\u00eb nj\u00eb rrug\u00eb e till\u00eb hapet nga autoritetet shqiptare pa nj\u00eb konsultim me institucionet e Huaja, q\u00eb funksionojn\u00eb p\u00ebr ruajtjen e Trash\u00ebgimis\u00eb Bot\u00ebrore si Unesco- dhe Icomos?<\/p>\n<p>Profesori me sa duket nuk ka guximin t\u00eb flas\u00eb p\u00ebr paaft\u00ebsin\u00eb totale t\u00eb p\u00ebrfaq\u00ebsuesve t\u00eb k\u00ebtyre institucioneve, p\u00ebr t\u00eb ndaluar shkat\u00ebrrimin n\u00eb zon\u00ebn e Shpallur Pasuri Bot\u00ebrore. Si Unesco, si ICOMOS, nuk kan\u00eb nd\u00ebrhyr\u00eb p\u00ebr t\u00eb parandaluar nj\u00eb shkat\u00ebrrim kaq brutal ndaj zon\u00ebs s\u00eb shpallur Pasuri Bot\u00ebrore dhe t\u00eb pakt\u00ebn profesori duhet t\u00eb shprehet mbi d\u00ebshtimin e k\u00ebtyre institucioneve, p\u00ebr t\u00eb parandaluar Taleban\u00ebt shqiptar\u00eb.<\/p>\n<p>Profesori, n\u00eb shkrimin e tij ngre alarmin se kalat\u00eb e Ali Pash\u00ebs po shkat\u00ebrrohen. Sigurisht q\u00eb po. Ka 5 vite q\u00eb nuk \u00ebsht\u00eb v\u00ebn\u00eb dor\u00eb n\u00eb asnj\u00ebr\u00ebn prej tyre, megjith\u00ebse Butrinti nxjerr n\u00eb vit mbi 300 mij\u00eb euro t\u00eb ardhura. Nj\u00ebra prej tyre, Kalaja Trekendore n\u00eb process restaurimi n\u00eb 2005, p\u00ebr nj\u00eb koh\u00eb t\u00eb gjat\u00eb ishte vendi ku flinin nat\u00ebn refugjat\u00ebt q\u00eb prisnin t\u00eb kalonin kufirin. T\u00eb gjitha restaurimet e b\u00ebra jan\u00eb degraduar ndoshta me q\u00ebllim, pasi Talebani i Butrintit po p\u00ebrpiqet q\u00eb t&#8217;ia jap\u00eb me qira miqve t\u00eb tij politik\u00eb. Mesa duket Profesorit i ka shp\u00ebtuar edhe ky fakt i trishto, mbi fatin e Kalas\u00eb s\u00eb dikurshme t\u00eb Ali Pash\u00ebs.<\/p>\n<p>Profesori njoh\u00ebs i mir\u00eb i historis\u00eb e di mir\u00eb se Taleban\u00ebt e afganistanit nuk erdh\u00ebn n\u00eb pushtet pa ndihm\u00ebn e miqve t\u00eb tyre t\u00eb huaj, t\u00eb cil\u00ebt p\u00ebr q\u00ebllime t\u00eb caktuara i p\u00ebrdor\u00ebn ata p\u00ebr interesat e veta. Kur Taleban\u00ebt afgan\u00eb i treguan bot\u00ebs an\u00ebn e tyre brutale, miqt\u00eb e huaj nxituan t&#8217;i tregonin ata me gisht, duke harruar t\u00eb p\u00ebrmendnin se deri m\u00eb at\u00ebher\u00eb kishin qen\u00eb ata k\u00ebshilluesit dhe financuesit e tyre. Taleban\u00ebt shqiptar\u00eb t\u00eb kultur\u00ebs, mesa duket e kan\u00eb kaluar kufirin e zullumit dhe k\u00ebshilltar\u00ebt dhe financuesit e tyre t\u00eb dikursh\u00ebm tashm\u00eb po i tregojn\u00eb me gisht, duke harruar se ishin ata q\u00eb i soll\u00ebn deri k\u00ebtu dhe p\u00ebr k\u00ebt\u00eb ata duhet t\u00eb quhen bashk\u00ebpun\u00ebtor\u00eb t\u00eb Taleban\u00ebve.<\/p>\n","protected":false},"excerpt":{"rendered":"<p>Auron Tare, 04.07.2010 Q\u00eb n\u00eb krye t\u00eb k\u00ebtij shkrimi po e them me plot bindje se artikulli i Prof. Richard Hodges, Mirupafshim But-rint, mir\u00eb se erdh\u00ebt n\u00eb Kandaharin e Taliban\u00ebve, i botuar dje n\u00eb gazet\u00ebn &#8220;Shekulli&#8221; \u00ebsht\u00eb mjaft i drejt\u00eb dhe shum\u00eb i sakt\u00eb mbi realitetin dramatik q\u00eb sot ndodhet zona e Parkut Komb\u00ebtar t\u00eb [&hellip;]<\/p>\n","protected":false},"author":1,"featured_media":0,"comment_status":"open","ping_status":"closed","sticky":false,"template":"","format":"standard","meta":{"footnotes":""},"categories":[2],"tags":[],"class_list":{"0":"post-3195","1":"post","2":"type-post","3":"status-publish","4":"format-standard","6":"category-artikuj"},"yoast_head":"<!-- This site is optimized with the Yoast SEO plugin v27.4 - https:\/\/yoast.com\/product\/yoast-seo-wordpress\/ -->\n<title>Kur bashk\u00ebpunon me taleban\u00ebt? - FjALA e LIR\u00cb - Arkivi<\/title>\n<meta name=\"robots\" content=\"index, follow, max-snippet:-1, max-image-preview:large, max-video-preview:-1\" \/>\n<link rel=\"canonical\" href=\"https:\/\/fjala.info\/2009-2015\/kur-bashkepunon-me-talebanet\/\" \/>\n<meta property=\"og:locale\" content=\"sq_AL\" \/>\n<meta property=\"og:type\" content=\"article\" \/>\n<meta property=\"og:title\" content=\"Kur bashk\u00ebpunon me taleban\u00ebt? - FjALA e LIR\u00cb - Arkivi\" \/>\n<meta property=\"og:description\" content=\"Auron Tare, 04.07.2010 Q\u00eb n\u00eb krye t\u00eb k\u00ebtij shkrimi po e them me plot bindje se artikulli i Prof. Richard Hodges, Mirupafshim But-rint, mir\u00eb se erdh\u00ebt n\u00eb Kandaharin e Taliban\u00ebve, i botuar dje n\u00eb gazet\u00ebn &#8220;Shekulli&#8221; \u00ebsht\u00eb mjaft i drejt\u00eb dhe shum\u00eb i sakt\u00eb mbi realitetin dramatik q\u00eb sot ndodhet zona e Parkut Komb\u00ebtar t\u00eb [&hellip;]\" \/>\n<meta property=\"og:url\" content=\"https:\/\/fjala.info\/2009-2015\/kur-bashkepunon-me-talebanet\/\" \/>\n<meta property=\"og:site_name\" content=\"FjALA e LIR\u00cb - Arkivi\" \/>\n<meta property=\"article:published_time\" content=\"2010-07-04T16:00:43+00:00\" \/>\n<meta name=\"author\" content=\"admin\" \/>\n<meta name=\"twitter:card\" content=\"summary_large_image\" \/>\n<meta name=\"twitter:label1\" content=\"Written by\" \/>\n\t<meta name=\"twitter:data1\" content=\"admin\" \/>\n\t<meta name=\"twitter:label2\" content=\"Est. reading time\" \/>\n\t<meta name=\"twitter:data2\" content=\"12 minutes\" \/>\n<script type=\"application\/ld+json\" class=\"yoast-schema-graph\">{\"@context\":\"https:\\\/\\\/schema.org\",\"@graph\":[{\"@type\":\"Article\",\"@id\":\"https:\\\/\\\/fjala.info\\\/2009-2015\\\/kur-bashkepunon-me-talebanet\\\/#article\",\"isPartOf\":{\"@id\":\"https:\\\/\\\/fjala.info\\\/2009-2015\\\/kur-bashkepunon-me-talebanet\\\/\"},\"author\":{\"name\":\"admin\",\"@id\":\"https:\\\/\\\/fjala.info\\\/2009-2015\\\/#\\\/schema\\\/person\\\/3aa1163ef05469c496fc94e77611ada2\"},\"headline\":\"Kur bashk\u00ebpunon me taleban\u00ebt?\",\"datePublished\":\"2010-07-04T16:00:43+00:00\",\"mainEntityOfPage\":{\"@id\":\"https:\\\/\\\/fjala.info\\\/2009-2015\\\/kur-bashkepunon-me-talebanet\\\/\"},\"wordCount\":2312,\"commentCount\":1,\"publisher\":{\"@id\":\"https:\\\/\\\/fjala.info\\\/2009-2015\\\/#organization\"},\"articleSection\":[\"Artikuj\"],\"inLanguage\":\"sq-AL\",\"potentialAction\":[{\"@type\":\"CommentAction\",\"name\":\"Comment\",\"target\":[\"https:\\\/\\\/fjala.info\\\/2009-2015\\\/kur-bashkepunon-me-talebanet\\\/#respond\"]}]},{\"@type\":\"WebPage\",\"@id\":\"https:\\\/\\\/fjala.info\\\/2009-2015\\\/kur-bashkepunon-me-talebanet\\\/\",\"url\":\"https:\\\/\\\/fjala.info\\\/2009-2015\\\/kur-bashkepunon-me-talebanet\\\/\",\"name\":\"Kur bashk\u00ebpunon me taleban\u00ebt? - FjALA e LIR\u00cb - Arkivi\",\"isPartOf\":{\"@id\":\"https:\\\/\\\/fjala.info\\\/2009-2015\\\/#website\"},\"datePublished\":\"2010-07-04T16:00:43+00:00\",\"breadcrumb\":{\"@id\":\"https:\\\/\\\/fjala.info\\\/2009-2015\\\/kur-bashkepunon-me-talebanet\\\/#breadcrumb\"},\"inLanguage\":\"sq-AL\",\"potentialAction\":[{\"@type\":\"ReadAction\",\"target\":[\"https:\\\/\\\/fjala.info\\\/2009-2015\\\/kur-bashkepunon-me-talebanet\\\/\"]}]},{\"@type\":\"BreadcrumbList\",\"@id\":\"https:\\\/\\\/fjala.info\\\/2009-2015\\\/kur-bashkepunon-me-talebanet\\\/#breadcrumb\",\"itemListElement\":[{\"@type\":\"ListItem\",\"position\":1,\"name\":\"Home\",\"item\":\"https:\\\/\\\/fjala.info\\\/2009-2015\\\/\"},{\"@type\":\"ListItem\",\"position\":2,\"name\":\"Kur bashk\u00ebpunon me taleban\u00ebt?\"}]},{\"@type\":\"WebSite\",\"@id\":\"https:\\\/\\\/fjala.info\\\/2009-2015\\\/#website\",\"url\":\"https:\\\/\\\/fjala.info\\\/2009-2015\\\/\",\"name\":\"FjALA e LIR\u00cb - Arkivi\",\"description\":\"Arkivi 2009-2015\",\"publisher\":{\"@id\":\"https:\\\/\\\/fjala.info\\\/2009-2015\\\/#organization\"},\"potentialAction\":[{\"@type\":\"SearchAction\",\"target\":{\"@type\":\"EntryPoint\",\"urlTemplate\":\"https:\\\/\\\/fjala.info\\\/2009-2015\\\/?s={search_term_string}\"},\"query-input\":{\"@type\":\"PropertyValueSpecification\",\"valueRequired\":true,\"valueName\":\"search_term_string\"}}],\"inLanguage\":\"sq-AL\"},{\"@type\":\"Organization\",\"@id\":\"https:\\\/\\\/fjala.info\\\/2009-2015\\\/#organization\",\"name\":\"FjALA e LIR\u00cb - Arkivi\",\"url\":\"https:\\\/\\\/fjala.info\\\/2009-2015\\\/\",\"logo\":{\"@type\":\"ImageObject\",\"inLanguage\":\"sq-AL\",\"@id\":\"https:\\\/\\\/fjala.info\\\/2009-2015\\\/#\\\/schema\\\/logo\\\/image\\\/\",\"url\":\"\",\"contentUrl\":\"\",\"caption\":\"FjALA e LIR\u00cb - Arkivi\"},\"image\":{\"@id\":\"https:\\\/\\\/fjala.info\\\/2009-2015\\\/#\\\/schema\\\/logo\\\/image\\\/\"}},{\"@type\":\"Person\",\"@id\":\"https:\\\/\\\/fjala.info\\\/2009-2015\\\/#\\\/schema\\\/person\\\/3aa1163ef05469c496fc94e77611ada2\",\"name\":\"admin\",\"image\":{\"@type\":\"ImageObject\",\"inLanguage\":\"sq-AL\",\"@id\":\"https:\\\/\\\/fjala.info\\\/2009-2015\\\/wp-content\\\/uploads\\\/2012\\\/02\\\/arben_cokaj-120x150.jpg\",\"url\":\"https:\\\/\\\/fjala.info\\\/2009-2015\\\/wp-content\\\/uploads\\\/2012\\\/02\\\/arben_cokaj-120x150.jpg\",\"contentUrl\":\"https:\\\/\\\/fjala.info\\\/2009-2015\\\/wp-content\\\/uploads\\\/2012\\\/02\\\/arben_cokaj-120x150.jpg\",\"caption\":\"admin\"},\"description\":\"Admin, Fjala e Lir\u00eb\",\"sameAs\":[\"https:\\\/\\\/fjala.info\\\/\"],\"url\":\"https:\\\/\\\/fjala.info\\\/2009-2015\\\/author\\\/admin\\\/\"}]}<\/script>\n<!-- \/ Yoast SEO plugin. -->","yoast_head_json":{"title":"Kur bashk\u00ebpunon me taleban\u00ebt? - FjALA e LIR\u00cb - Arkivi","robots":{"index":"index","follow":"follow","max-snippet":"max-snippet:-1","max-image-preview":"max-image-preview:large","max-video-preview":"max-video-preview:-1"},"canonical":"https:\/\/fjala.info\/2009-2015\/kur-bashkepunon-me-talebanet\/","og_locale":"sq_AL","og_type":"article","og_title":"Kur bashk\u00ebpunon me taleban\u00ebt? - FjALA e LIR\u00cb - Arkivi","og_description":"Auron Tare, 04.07.2010 Q\u00eb n\u00eb krye t\u00eb k\u00ebtij shkrimi po e them me plot bindje se artikulli i Prof. Richard Hodges, Mirupafshim But-rint, mir\u00eb se erdh\u00ebt n\u00eb Kandaharin e Taliban\u00ebve, i botuar dje n\u00eb gazet\u00ebn &#8220;Shekulli&#8221; \u00ebsht\u00eb mjaft i drejt\u00eb dhe shum\u00eb i sakt\u00eb mbi realitetin dramatik q\u00eb sot ndodhet zona e Parkut Komb\u00ebtar t\u00eb [&hellip;]","og_url":"https:\/\/fjala.info\/2009-2015\/kur-bashkepunon-me-talebanet\/","og_site_name":"FjALA e LIR\u00cb - Arkivi","article_published_time":"2010-07-04T16:00:43+00:00","author":"admin","twitter_card":"summary_large_image","twitter_misc":{"Written by":"admin","Est. reading time":"12 minutes"},"schema":{"@context":"https:\/\/schema.org","@graph":[{"@type":"Article","@id":"https:\/\/fjala.info\/2009-2015\/kur-bashkepunon-me-talebanet\/#article","isPartOf":{"@id":"https:\/\/fjala.info\/2009-2015\/kur-bashkepunon-me-talebanet\/"},"author":{"name":"admin","@id":"https:\/\/fjala.info\/2009-2015\/#\/schema\/person\/3aa1163ef05469c496fc94e77611ada2"},"headline":"Kur bashk\u00ebpunon me taleban\u00ebt?","datePublished":"2010-07-04T16:00:43+00:00","mainEntityOfPage":{"@id":"https:\/\/fjala.info\/2009-2015\/kur-bashkepunon-me-talebanet\/"},"wordCount":2312,"commentCount":1,"publisher":{"@id":"https:\/\/fjala.info\/2009-2015\/#organization"},"articleSection":["Artikuj"],"inLanguage":"sq-AL","potentialAction":[{"@type":"CommentAction","name":"Comment","target":["https:\/\/fjala.info\/2009-2015\/kur-bashkepunon-me-talebanet\/#respond"]}]},{"@type":"WebPage","@id":"https:\/\/fjala.info\/2009-2015\/kur-bashkepunon-me-talebanet\/","url":"https:\/\/fjala.info\/2009-2015\/kur-bashkepunon-me-talebanet\/","name":"Kur bashk\u00ebpunon me taleban\u00ebt? - FjALA e LIR\u00cb - Arkivi","isPartOf":{"@id":"https:\/\/fjala.info\/2009-2015\/#website"},"datePublished":"2010-07-04T16:00:43+00:00","breadcrumb":{"@id":"https:\/\/fjala.info\/2009-2015\/kur-bashkepunon-me-talebanet\/#breadcrumb"},"inLanguage":"sq-AL","potentialAction":[{"@type":"ReadAction","target":["https:\/\/fjala.info\/2009-2015\/kur-bashkepunon-me-talebanet\/"]}]},{"@type":"BreadcrumbList","@id":"https:\/\/fjala.info\/2009-2015\/kur-bashkepunon-me-talebanet\/#breadcrumb","itemListElement":[{"@type":"ListItem","position":1,"name":"Home","item":"https:\/\/fjala.info\/2009-2015\/"},{"@type":"ListItem","position":2,"name":"Kur bashk\u00ebpunon me taleban\u00ebt?"}]},{"@type":"WebSite","@id":"https:\/\/fjala.info\/2009-2015\/#website","url":"https:\/\/fjala.info\/2009-2015\/","name":"FjALA e LIR\u00cb - Arkivi","description":"Arkivi 2009-2015","publisher":{"@id":"https:\/\/fjala.info\/2009-2015\/#organization"},"potentialAction":[{"@type":"SearchAction","target":{"@type":"EntryPoint","urlTemplate":"https:\/\/fjala.info\/2009-2015\/?s={search_term_string}"},"query-input":{"@type":"PropertyValueSpecification","valueRequired":true,"valueName":"search_term_string"}}],"inLanguage":"sq-AL"},{"@type":"Organization","@id":"https:\/\/fjala.info\/2009-2015\/#organization","name":"FjALA e LIR\u00cb - Arkivi","url":"https:\/\/fjala.info\/2009-2015\/","logo":{"@type":"ImageObject","inLanguage":"sq-AL","@id":"https:\/\/fjala.info\/2009-2015\/#\/schema\/logo\/image\/","url":"","contentUrl":"","caption":"FjALA e LIR\u00cb - Arkivi"},"image":{"@id":"https:\/\/fjala.info\/2009-2015\/#\/schema\/logo\/image\/"}},{"@type":"Person","@id":"https:\/\/fjala.info\/2009-2015\/#\/schema\/person\/3aa1163ef05469c496fc94e77611ada2","name":"admin","image":{"@type":"ImageObject","inLanguage":"sq-AL","@id":"https:\/\/fjala.info\/2009-2015\/wp-content\/uploads\/2012\/02\/arben_cokaj-120x150.jpg","url":"https:\/\/fjala.info\/2009-2015\/wp-content\/uploads\/2012\/02\/arben_cokaj-120x150.jpg","contentUrl":"https:\/\/fjala.info\/2009-2015\/wp-content\/uploads\/2012\/02\/arben_cokaj-120x150.jpg","caption":"admin"},"description":"Admin, Fjala e Lir\u00eb","sameAs":["https:\/\/fjala.info\/"],"url":"https:\/\/fjala.info\/2009-2015\/author\/admin\/"}]}},"_links":{"self":[{"href":"https:\/\/fjala.info\/2009-2015\/wp-json\/wp\/v2\/posts\/3195","targetHints":{"allow":["GET"]}}],"collection":[{"href":"https:\/\/fjala.info\/2009-2015\/wp-json\/wp\/v2\/posts"}],"about":[{"href":"https:\/\/fjala.info\/2009-2015\/wp-json\/wp\/v2\/types\/post"}],"author":[{"embeddable":true,"href":"https:\/\/fjala.info\/2009-2015\/wp-json\/wp\/v2\/users\/1"}],"replies":[{"embeddable":true,"href":"https:\/\/fjala.info\/2009-2015\/wp-json\/wp\/v2\/comments?post=3195"}],"version-history":[{"count":0,"href":"https:\/\/fjala.info\/2009-2015\/wp-json\/wp\/v2\/posts\/3195\/revisions"}],"wp:attachment":[{"href":"https:\/\/fjala.info\/2009-2015\/wp-json\/wp\/v2\/media?parent=3195"}],"wp:term":[{"taxonomy":"category","embeddable":true,"href":"https:\/\/fjala.info\/2009-2015\/wp-json\/wp\/v2\/categories?post=3195"},{"taxonomy":"post_tag","embeddable":true,"href":"https:\/\/fjala.info\/2009-2015\/wp-json\/wp\/v2\/tags?post=3195"}],"curies":[{"name":"wp","href":"https:\/\/api.w.org\/{rel}","templated":true}]}}