{"id":3193,"date":"2010-07-04T09:37:07","date_gmt":"2010-07-04T08:37:07","guid":{"rendered":"http:\/\/fjala.shkoder.net\/?p=3193"},"modified":"2010-07-04T09:37:07","modified_gmt":"2010-07-04T08:37:07","slug":"pango-dhe-revolucioni-seksual","status":"publish","type":"post","link":"https:\/\/fjala.info\/2009-2015\/pango-dhe-revolucioni-seksual\/","title":{"rendered":"Pango dhe revolucioni seksual"},"content":{"rendered":"<p><strong>Koloreto Cukali<\/strong>, <em>04.07.2010<\/em><\/p>\n<p>\u00c7\u00ebshtja Pango \u00ebsht\u00eb nj\u00eb \u00e7\u00ebshtje seksi, jo vet\u00ebm p\u00ebr majan\u00eb q\u00eb shkaktoi ngjarjen, por dhe n\u00eb ndjeshm\u00ebrin\u00eb publike. Na ka prekur te seksi. Le t\u00eb fusim pra dor\u00ebn n\u00eb thesin e madh me mbrojt\u00ebs e kund\u00ebrshtar\u00eb t\u00eb Pangos e t\u00eb shohim \u00e7do na nxjerr\u00eb. A thua do na e z\u00ebr\u00eb dora t\u00eb vetmen gj\u00eb q\u00eb s&#8217;duhet ta kapim n\u00eb thes?<\/p>\n<p><strong>V\u00ebrej 4 grupe njer\u00ebzish q\u00eb e mbrojn\u00eb Pangon. <\/strong><\/p>\n<p>1. Kategoria e atyre q\u00eb e mbrojn\u00eb si person, q\u00eb e njohin, e kan\u00eb mik, bashk\u00ebpun\u00ebtor, simpati ose thjesht identifikohen me t\u00eb.<br \/>\n2. Ata q\u00eb mbrojn\u00eb \u00e7do gj\u00eb t\u00eb PD-s\u00eb. Edhe bomb\u00ebn atomike po ta kish l\u00ebshuar PD-ja, do gjenin argumente se bomb\u00ebn e provokoi Edi Rama.<br \/>\n3. Ata q\u00eb duke mbrojtur &#8220;privat\u00ebsin\u00eb&#8221; e Pangos, n\u00eb fakt mbrojn\u00eb zullumet q\u00eb b\u00ebjn\u00eb vet\u00eb n\u00eb zyrat e tyre ose jo, seksuale ose jo.<br \/>\n4. Ata q\u00eb kan\u00eb inat Top Channel dhe\/ose Edi Ram\u00ebn (ka njer\u00ebz q\u00eb b\u00ebjn\u00eb shum\u00eb gj\u00ebra p\u00ebr inat t\u00eb Edi Ram\u00ebs, qoft\u00eb edhe t\u00eb urrejn\u00eb komb\u00ebtaren franceze meq\u00eb zoti Rama ka jetuar n\u00eb Paris)<\/p>\n<p><strong>Dalloj 5 kategori q\u00eb e sulmojn\u00eb Pangon.<\/strong><\/p>\n<p>1. Ata q\u00eb e kan\u00eb inat se ishte Minist\u00ebr i PD. Ata q\u00eb do sulmonin edhe vet\u00eb Dalai Lam\u00ebn po t\u00eb b\u00ebnte gaf\u00eb t\u00eb vishej me blu.<br \/>\n2. Ata q\u00eb do donin t\u00eb b\u00ebnin at\u00eb q\u00eb b\u00ebri Pango po nuk kan\u00eb as pushtetin e as guximin ta b\u00ebjn\u00eb.<br \/>\n3. Ata q\u00eb po t\u00eb pan\u00eb posht\u00eb, t\u00eb vun\u00eb shqelmin.<br \/>\n4. Ata q\u00eb kur jan\u00eb n\u00eb opozit\u00eb jan\u00eb parimor\u00eb, por n\u00eb pushtet do t\u00eb jen\u00eb Pangot e rinj.<br \/>\n5. Ata q\u00eb kan\u00eb frik\u00eb se mos grave t\u00eb tyre u ndodh e nj\u00ebjta gj\u00eb n\u00eb zyrat e k\u00ebtij shteti q\u00eb t\u00eb kap me zor.<br \/>\nAjo q\u00eb mungon mes k\u00ebtyre 2 grupimeve \u00ebsht\u00eb ajo gj\u00ebja q\u00eb s&#8217;do na e kap\u00eb dora kurr\u00eb n\u00eb thes, sepse n\u00eb thesin ton\u00eb plot urrejtje ajo gj\u00ebja nuk gjendet. Sensus communis!<\/p>\n<p><strong>SENSUS COMMUNIS OSE COMMON SENSE<\/strong><\/p>\n<p>SENSUS COMMUNIS na vjen nga Aristoteli: Principet dhe gjykimet q\u00eb vijn\u00eb prej tyre, e q\u00eb gjenden n\u00eb t\u00eb t\u00ebra mendjet njer\u00ebzore.<br \/>\nKanti e mori m\u00eb tej dhe e p\u00ebrkufizoi si di\u00e7ka q\u00eb, kur ne gjykojm\u00eb, merr p\u00ebr baz\u00eb dhe mendimet e t\u00ebr\u00eb njer\u00ebzve t\u00eb tjer\u00eb. E th\u00ebn\u00eb trash\u00eb, si nj\u00eb em\u00ebrues i p\u00ebrbashk\u00ebt i t\u00ebr\u00eb gjykimeve njer\u00ebzore.<br \/>\nDuhet t\u00eb ket\u00eb n\u00eb jet\u00ebn ton\u00eb disa gj\u00ebra mbi t\u00eb cilat ne shqiptar\u00ebt t\u00eb biem dakord. Di\u00e7ka q\u00eb t\u00eb gjith\u00eb e marrim si t\u00eb mir\u00ebqen\u00eb nj\u00ebkoh\u00ebsisht. Nj\u00eb SENSUS COMMUNIS.<\/p>\n<p>Mes t\u00eb zez\u00ebs e z\u00eb bardh\u00ebs ka nj\u00eb fash\u00eb gri. Sa m\u00eb e gjer\u00eb kjo fasha gri, aq m\u00eb tolerante \u00ebsht\u00eb shoq\u00ebria. Sa m\u00eb e holl\u00eb fasha gri, aq m\u00eb konfliktuale e pa pika t\u00eb p\u00ebrbashk\u00ebta jeta jon\u00eb shoq\u00ebrore.<br \/>\nV\u00ebrej q\u00eb n\u00eb \u00e7\u00ebshtjen Pango, si n\u00eb shum\u00eb aspekte t\u00eb shoq\u00ebris\u00eb son\u00eb SENSUS COMMUNIS mungon. Dhe ky, do t\u00eb jet\u00eb problemi yn\u00eb i p\u00ebrjetsh\u00ebm. Kjo do t\u00eb jet\u00eb arsyeja pse nj\u00eb shtet qytetar q\u00eb grek\u00ebt e vjet\u00ebr t\u00eb Aristotelit e kishin, ne s&#8217;do ta kemi dot.<\/p>\n<p><strong>POSHT\u00cb SENSUS COMMUNIS <\/strong><\/p>\n<p>Munges\u00ebn e SENSUS COMMUNIS mund ta gjejm\u00eb kudo. Te njeriu q\u00eb me moskok\u00eb\u00e7arje futet kundravajtje, duke bllokuar kalimin e gjith\u00eb t\u00eb tjer\u00ebve. Tek ai q\u00eb lag me zorr\u00eb rrug\u00ebn para dyqanit, nd\u00ebrsa kati i 5-t\u00eb thahet p\u00ebr uj\u00eb. Te kompromisi i munguar politik.<\/p>\n<p>E vetmja gj\u00eb ku ne kemi common sense, \u00ebsht\u00eb e keqja. Un\u00eb e shoh q\u00eb komshiu po nd\u00ebrton pa leje. Por nuk e denoncoj, se ai e di q\u00eb un\u00eb vjedh korrent dhe mund t\u00eb m\u00eb padis\u00eb. Pra, ka nj\u00eb SENSUS COMMUNIS k\u00ebtu. E di q\u00eb ti nuk flet p\u00ebr mua, se dhe un\u00eb do b\u00ebj sikur s&#8217;di gj\u00eb p\u00ebr ty.<br \/>\nHeshtja e opozit\u00ebs pas G\u00ebrdecit, \u00ebsht\u00eb nj\u00eb common sense i politik\u00ebs.<br \/>\n&#8211; \u00c7&#8217;do G\u00ebrdeci k\u00ebtu?<br \/>\n&#8211; Kot, sa p\u00ebr t&#8217;ju th\u00ebn\u00eb q\u00eb un\u00eb nuk e harroj G\u00ebrdecin!<\/p>\n<p>Por, a mund t\u00eb ket\u00eb nj\u00eb SENSUS COMMUNIS debati mbi \u00e7\u00ebshtjen Pango? N\u00eb qoft\u00eb se grat\u00eb tona jan\u00eb t\u00eb pasigurta n\u00ebp\u00ebr dikastere, sepse p\u00ebr t\u00eb mbajtur vendin e pun\u00ebs duhet &#8220;t&#8217;ia japin&#8221; nj\u00eb zyrtari, a duhet t\u00eb vendosim nj\u00eb standard, nj\u00eb &#8220;common sense&#8221; t\u00eb asaj q\u00eb t\u00eb gjith\u00eb bashk\u00eb, pa p\u00ebrjashtim, do ta quajm\u00eb t\u00eb moralshme apo jo, pavar\u00ebsisht se zyrtari mund t\u00eb fshihet pas arnave t\u00eb ligjit?<\/p>\n<p><strong>PANGOS COMMUNIS<\/strong><\/p>\n<p>Hap\u00ebsir\u00eb ka, po askush nuk do. N\u00eb jet\u00ebn ton\u00eb SENSUS COMMUNIS \u00ebsht\u00eb si lepra. D\u00ebgjoj t\u00eb flasin t\u00ebr\u00eb zell p\u00ebr privat\u00ebsi, pik\u00ebrisht njer\u00ebzit e marrosur pas Big Brother, i cili \u00ebsht\u00eb emisioni q\u00eb bazohet mu mbi thyerjen e privat\u00ebsis\u00eb s\u00eb nj\u00eb grupi individ\u00ebsh.<\/p>\n<p>N\u00eb \u00e7\u00ebshtjen Pango, jan\u00eb 2-3 gj\u00ebra q\u00eb do duhej t\u00eb merreshin t\u00eb mir\u00ebqena nga t\u00eb gjith\u00eb. Nj\u00eb figur\u00eb publike (jo \u00c7iljeta, por nj\u00eb funksionar i shtetit) nuk mund t\u00eb ket\u00eb privat\u00ebsi. Ai \u00ebsht\u00eb nj\u00eb i zgjedhur q\u00eb na p\u00ebrfaq\u00ebson. Figura e tij do shqyrtuar non stop me t\u00eb t\u00ebra mjetet mediatike p\u00ebr t\u00eb par\u00eb a i p\u00ebrmbush parametrat p\u00ebr t\u00eb drejtuar shtetin.<\/p>\n<p>N\u00ebse nj\u00eb minist\u00ebr rreh gruan, ose luan kumar, ne duhet ta dim\u00eb. Edhe po t\u00eb duhet t\u00eb futemi n\u00ebn tavolin\u00ebn e buk\u00ebs a n\u00ebn krevatin e tij.<br \/>\nPavar\u00ebsisht nga vrimat e arnat q\u00eb ka ligji i shkruar, gjykimi jon\u00eb moral shoq\u00ebror duhet ta pranoj\u00eb q\u00eb njeriu ka t\u00eb drejt\u00eb t\u00eb xhiroj\u00eb veten e vet kur e dhunojn\u00eb. Nj\u00eb njeri q\u00eb \u00ebsht\u00eb n\u00eb v\u00ebmendjen morale t\u00eb shoq\u00ebris\u00eb (p.sh., Zoti Mediu apo zoti Pango) nuk mund t\u00eb kandidoj\u00eb apo t\u00eb zgjidhet n\u00eb poste t\u00eb larta, pa u b\u00ebr\u00eb realisht nj\u00eb gjyq. Kaq.<\/p>\n<p>K\u00ebto do duhej t\u00eb ishin sensus communis n\u00eb nj\u00eb shoq\u00ebri t\u00eb sh\u00ebndetshme. Mbi t\u00eb tjerat mund t\u00eb debatohet. Argumenti q\u00eb Pango e h\u00ebngri kot, se ashtu funksionon krejt shteti s&#8217;m\u00eb duket bind\u00ebs. Pango e h\u00ebngri plot, t\u00eb tjer\u00ebt s&#8217;po e han\u00eb kot. Ky shtet \u00ebsht\u00eb plot me abuzues t\u00eb postit q\u00eb nuk i nget njeri, e as ka p\u00ebr t&#8217;i ngar\u00eb.<\/p>\n<p><strong>RASTI PANGO DHE REVOLUCIONI SEKSUAL<\/strong><\/p>\n<p>Rasti Pango \u00ebsht\u00eb nj\u00eb intervist\u00eb p\u00ebr pun\u00eb e b\u00ebr\u00eb n\u00eb dhom\u00ebn e gjumit. Ky rast flet p\u00ebr at\u00eb q\u00eb ndodh n\u00eb Shqip\u00ebri k\u00ebto 20 vjet. Revolucioni seksual. Revolucioni seksual i atyre burrave q\u00eb e vetmja m\u00ebnyr\u00eb q\u00eb t\u00eb mund t\u00eb b\u00ebnin seks ishte t\u00eb martoheshin. Tani jan\u00eb n\u00eb pushtet, n\u00eb lloj-lloj zyrash e biznesesh. Tani, kan\u00eb mund\u00ebsi &#8220;t\u00eb z\u00ebn\u00eb dashnore&#8221;. Njer\u00ebz q\u00eb nuk u realizuan kurr\u00eb seksualisht sa ishin pa post, tashm\u00eb burra t\u00eb vjet\u00ebr apo me kalamaj, abuzojn\u00eb me vart\u00ebset n\u00eb t\u00eb t\u00ebra format. Nganj\u00ebher\u00eb s&#8217;kan\u00eb as nevoj\u00eb t\u00eb abuzojn\u00eb. Vart\u00ebset e din\u00eb p\u00ebrmendsh rolin e viktim\u00ebs e presin t\u00eb qeta radh\u00ebn p\u00ebr ta luajtur.<\/p>\n<p>Nj\u00eb fshatar i zgjuar n\u00eb fshatin SH., t\u00eb Elbasanit m\u00eb rr\u00ebfeu se t\u00eb t\u00ebra grat\u00eb e fshatit i kish &#8220;sht\u00ebn\u00eb n\u00eb dor\u00eb&#8221; kandidati p\u00ebr deputet. Edhe pse, secili shpresonte q\u00eb &#8220;e tija&#8221; kish shp\u00ebtuar. Kandidati ishte m\u00eb i pushtetshmi, e jo rast\u00ebsisht edhe biznesmeni i fshatit.<\/p>\n<p>N\u00eb dyqanin m\u00eb t\u00eb thjesht\u00eb t\u00eb rrobave, k\u00ebpuc\u00ebve a t\u00eb byrek\u00ebve, pronari e quan t\u00eb drejt\u00ebn e vet &#8220;t&#8217;i kap\u00eb&#8221; t\u00eb t\u00ebra shit\u00ebset. Sepse, ai i mban me buk\u00eb. Deputet\u00eb t\u00eb pasur, t\u00eb sh\u00ebmtuar e totalisht josharmant\u00eb shtien n\u00eb dor\u00eb gjimnaziste, duke u premtuar bursa p\u00ebr jasht\u00eb shtetit. Raste si k\u00ebto ka plot. Jan\u00eb aty. Pyetja juaj, pse &#8220;Fiksi&#8221; nuk i kap k\u00ebta e nuk i nxjerr, \u00ebsht\u00eb shum\u00eb legjitime.<\/p>\n<p><strong>SHTETI I PANGOVE<\/strong><\/p>\n<p>Lexova nj\u00eb opinion k\u00ebtu n\u00eb &#8220;Shekulli&#8221; q\u00eb thoshte ky \u00ebsht\u00eb Shteti i Pangove. Nuk e mendoj ashtu. Edhe pse &#8220;Pangizmi&#8221; \u00ebsht\u00eb nj\u00eb tendenc\u00eb e zyrave t\u00eb shtetit. Ky, vazhdon t\u00eb jet\u00eb nj\u00eb shtet bodigard\u00ebsh. Madje, duke par\u00eb inefi\u00e7enc\u00ebn, injoranc\u00ebn, arroganc\u00ebn e abuzimin e zyrtar\u00ebve t\u00eb t\u00eb gjitha niveleve, me nj\u00eb Pango q\u00eb \u00ebsht\u00eb elokuent, simpatik e beqar duhet t\u00eb jemi dhe t\u00eb lumtur.<\/p>\n","protected":false},"excerpt":{"rendered":"<p>Koloreto Cukali, 04.07.2010 \u00c7\u00ebshtja Pango \u00ebsht\u00eb nj\u00eb \u00e7\u00ebshtje seksi, jo vet\u00ebm p\u00ebr majan\u00eb q\u00eb shkaktoi ngjarjen, por dhe n\u00eb ndjeshm\u00ebrin\u00eb publike. Na ka prekur te seksi. Le t\u00eb fusim pra dor\u00ebn n\u00eb thesin e madh me mbrojt\u00ebs e kund\u00ebrshtar\u00eb t\u00eb Pangos e t\u00eb shohim \u00e7do na nxjerr\u00eb. A thua do na e z\u00ebr\u00eb dora t\u00eb [&hellip;]<\/p>\n","protected":false},"author":1,"featured_media":0,"comment_status":"open","ping_status":"closed","sticky":false,"template":"","format":"standard","meta":{"footnotes":""},"categories":[2],"tags":[],"class_list":{"0":"post-3193","1":"post","2":"type-post","3":"status-publish","4":"format-standard","6":"category-artikuj"},"yoast_head":"<!-- This site is optimized with the Yoast SEO plugin v27.4 - https:\/\/yoast.com\/product\/yoast-seo-wordpress\/ -->\n<title>Pango dhe revolucioni seksual - FjALA e LIR\u00cb - Arkivi<\/title>\n<meta name=\"robots\" content=\"index, follow, max-snippet:-1, max-image-preview:large, max-video-preview:-1\" \/>\n<link rel=\"canonical\" href=\"https:\/\/fjala.info\/2009-2015\/pango-dhe-revolucioni-seksual\/\" \/>\n<meta property=\"og:locale\" content=\"sq_AL\" \/>\n<meta property=\"og:type\" content=\"article\" \/>\n<meta property=\"og:title\" content=\"Pango dhe revolucioni seksual - FjALA e LIR\u00cb - Arkivi\" \/>\n<meta property=\"og:description\" content=\"Koloreto Cukali, 04.07.2010 \u00c7\u00ebshtja Pango \u00ebsht\u00eb nj\u00eb \u00e7\u00ebshtje seksi, jo vet\u00ebm p\u00ebr majan\u00eb q\u00eb shkaktoi ngjarjen, por dhe n\u00eb ndjeshm\u00ebrin\u00eb publike. Na ka prekur te seksi. Le t\u00eb fusim pra dor\u00ebn n\u00eb thesin e madh me mbrojt\u00ebs e kund\u00ebrshtar\u00eb t\u00eb Pangos e t\u00eb shohim \u00e7do na nxjerr\u00eb. A thua do na e z\u00ebr\u00eb dora t\u00eb [&hellip;]\" \/>\n<meta property=\"og:url\" content=\"https:\/\/fjala.info\/2009-2015\/pango-dhe-revolucioni-seksual\/\" \/>\n<meta property=\"og:site_name\" content=\"FjALA e LIR\u00cb - Arkivi\" \/>\n<meta property=\"article:published_time\" content=\"2010-07-04T08:37:07+00:00\" \/>\n<meta name=\"author\" content=\"admin\" \/>\n<meta name=\"twitter:card\" content=\"summary_large_image\" \/>\n<meta name=\"twitter:label1\" content=\"Written by\" \/>\n\t<meta name=\"twitter:data1\" content=\"admin\" \/>\n\t<meta name=\"twitter:label2\" content=\"Est. reading time\" \/>\n\t<meta name=\"twitter:data2\" content=\"7 minutes\" \/>\n<script type=\"application\/ld+json\" class=\"yoast-schema-graph\">{\"@context\":\"https:\\\/\\\/schema.org\",\"@graph\":[{\"@type\":\"Article\",\"@id\":\"https:\\\/\\\/fjala.info\\\/2009-2015\\\/pango-dhe-revolucioni-seksual\\\/#article\",\"isPartOf\":{\"@id\":\"https:\\\/\\\/fjala.info\\\/2009-2015\\\/pango-dhe-revolucioni-seksual\\\/\"},\"author\":{\"name\":\"admin\",\"@id\":\"https:\\\/\\\/fjala.info\\\/2009-2015\\\/#\\\/schema\\\/person\\\/3aa1163ef05469c496fc94e77611ada2\"},\"headline\":\"Pango dhe revolucioni seksual\",\"datePublished\":\"2010-07-04T08:37:07+00:00\",\"mainEntityOfPage\":{\"@id\":\"https:\\\/\\\/fjala.info\\\/2009-2015\\\/pango-dhe-revolucioni-seksual\\\/\"},\"wordCount\":1419,\"commentCount\":0,\"publisher\":{\"@id\":\"https:\\\/\\\/fjala.info\\\/2009-2015\\\/#organization\"},\"articleSection\":[\"Artikuj\"],\"inLanguage\":\"sq-AL\",\"potentialAction\":[{\"@type\":\"CommentAction\",\"name\":\"Comment\",\"target\":[\"https:\\\/\\\/fjala.info\\\/2009-2015\\\/pango-dhe-revolucioni-seksual\\\/#respond\"]}]},{\"@type\":\"WebPage\",\"@id\":\"https:\\\/\\\/fjala.info\\\/2009-2015\\\/pango-dhe-revolucioni-seksual\\\/\",\"url\":\"https:\\\/\\\/fjala.info\\\/2009-2015\\\/pango-dhe-revolucioni-seksual\\\/\",\"name\":\"Pango dhe revolucioni seksual - FjALA e LIR\u00cb - Arkivi\",\"isPartOf\":{\"@id\":\"https:\\\/\\\/fjala.info\\\/2009-2015\\\/#website\"},\"datePublished\":\"2010-07-04T08:37:07+00:00\",\"breadcrumb\":{\"@id\":\"https:\\\/\\\/fjala.info\\\/2009-2015\\\/pango-dhe-revolucioni-seksual\\\/#breadcrumb\"},\"inLanguage\":\"sq-AL\",\"potentialAction\":[{\"@type\":\"ReadAction\",\"target\":[\"https:\\\/\\\/fjala.info\\\/2009-2015\\\/pango-dhe-revolucioni-seksual\\\/\"]}]},{\"@type\":\"BreadcrumbList\",\"@id\":\"https:\\\/\\\/fjala.info\\\/2009-2015\\\/pango-dhe-revolucioni-seksual\\\/#breadcrumb\",\"itemListElement\":[{\"@type\":\"ListItem\",\"position\":1,\"name\":\"Home\",\"item\":\"https:\\\/\\\/fjala.info\\\/2009-2015\\\/\"},{\"@type\":\"ListItem\",\"position\":2,\"name\":\"Pango dhe revolucioni seksual\"}]},{\"@type\":\"WebSite\",\"@id\":\"https:\\\/\\\/fjala.info\\\/2009-2015\\\/#website\",\"url\":\"https:\\\/\\\/fjala.info\\\/2009-2015\\\/\",\"name\":\"FjALA e LIR\u00cb - Arkivi\",\"description\":\"Arkivi 2009-2015\",\"publisher\":{\"@id\":\"https:\\\/\\\/fjala.info\\\/2009-2015\\\/#organization\"},\"potentialAction\":[{\"@type\":\"SearchAction\",\"target\":{\"@type\":\"EntryPoint\",\"urlTemplate\":\"https:\\\/\\\/fjala.info\\\/2009-2015\\\/?s={search_term_string}\"},\"query-input\":{\"@type\":\"PropertyValueSpecification\",\"valueRequired\":true,\"valueName\":\"search_term_string\"}}],\"inLanguage\":\"sq-AL\"},{\"@type\":\"Organization\",\"@id\":\"https:\\\/\\\/fjala.info\\\/2009-2015\\\/#organization\",\"name\":\"FjALA e LIR\u00cb - Arkivi\",\"url\":\"https:\\\/\\\/fjala.info\\\/2009-2015\\\/\",\"logo\":{\"@type\":\"ImageObject\",\"inLanguage\":\"sq-AL\",\"@id\":\"https:\\\/\\\/fjala.info\\\/2009-2015\\\/#\\\/schema\\\/logo\\\/image\\\/\",\"url\":\"\",\"contentUrl\":\"\",\"caption\":\"FjALA e LIR\u00cb - Arkivi\"},\"image\":{\"@id\":\"https:\\\/\\\/fjala.info\\\/2009-2015\\\/#\\\/schema\\\/logo\\\/image\\\/\"}},{\"@type\":\"Person\",\"@id\":\"https:\\\/\\\/fjala.info\\\/2009-2015\\\/#\\\/schema\\\/person\\\/3aa1163ef05469c496fc94e77611ada2\",\"name\":\"admin\",\"image\":{\"@type\":\"ImageObject\",\"inLanguage\":\"sq-AL\",\"@id\":\"https:\\\/\\\/fjala.info\\\/2009-2015\\\/wp-content\\\/uploads\\\/2012\\\/02\\\/arben_cokaj-120x150.jpg\",\"url\":\"https:\\\/\\\/fjala.info\\\/2009-2015\\\/wp-content\\\/uploads\\\/2012\\\/02\\\/arben_cokaj-120x150.jpg\",\"contentUrl\":\"https:\\\/\\\/fjala.info\\\/2009-2015\\\/wp-content\\\/uploads\\\/2012\\\/02\\\/arben_cokaj-120x150.jpg\",\"caption\":\"admin\"},\"description\":\"Admin, Fjala e Lir\u00eb\",\"sameAs\":[\"https:\\\/\\\/fjala.info\\\/\"],\"url\":\"https:\\\/\\\/fjala.info\\\/2009-2015\\\/author\\\/admin\\\/\"}]}<\/script>\n<!-- \/ Yoast SEO plugin. -->","yoast_head_json":{"title":"Pango dhe revolucioni seksual - FjALA e LIR\u00cb - Arkivi","robots":{"index":"index","follow":"follow","max-snippet":"max-snippet:-1","max-image-preview":"max-image-preview:large","max-video-preview":"max-video-preview:-1"},"canonical":"https:\/\/fjala.info\/2009-2015\/pango-dhe-revolucioni-seksual\/","og_locale":"sq_AL","og_type":"article","og_title":"Pango dhe revolucioni seksual - FjALA e LIR\u00cb - Arkivi","og_description":"Koloreto Cukali, 04.07.2010 \u00c7\u00ebshtja Pango \u00ebsht\u00eb nj\u00eb \u00e7\u00ebshtje seksi, jo vet\u00ebm p\u00ebr majan\u00eb q\u00eb shkaktoi ngjarjen, por dhe n\u00eb ndjeshm\u00ebrin\u00eb publike. Na ka prekur te seksi. Le t\u00eb fusim pra dor\u00ebn n\u00eb thesin e madh me mbrojt\u00ebs e kund\u00ebrshtar\u00eb t\u00eb Pangos e t\u00eb shohim \u00e7do na nxjerr\u00eb. A thua do na e z\u00ebr\u00eb dora t\u00eb [&hellip;]","og_url":"https:\/\/fjala.info\/2009-2015\/pango-dhe-revolucioni-seksual\/","og_site_name":"FjALA e LIR\u00cb - Arkivi","article_published_time":"2010-07-04T08:37:07+00:00","author":"admin","twitter_card":"summary_large_image","twitter_misc":{"Written by":"admin","Est. reading time":"7 minutes"},"schema":{"@context":"https:\/\/schema.org","@graph":[{"@type":"Article","@id":"https:\/\/fjala.info\/2009-2015\/pango-dhe-revolucioni-seksual\/#article","isPartOf":{"@id":"https:\/\/fjala.info\/2009-2015\/pango-dhe-revolucioni-seksual\/"},"author":{"name":"admin","@id":"https:\/\/fjala.info\/2009-2015\/#\/schema\/person\/3aa1163ef05469c496fc94e77611ada2"},"headline":"Pango dhe revolucioni seksual","datePublished":"2010-07-04T08:37:07+00:00","mainEntityOfPage":{"@id":"https:\/\/fjala.info\/2009-2015\/pango-dhe-revolucioni-seksual\/"},"wordCount":1419,"commentCount":0,"publisher":{"@id":"https:\/\/fjala.info\/2009-2015\/#organization"},"articleSection":["Artikuj"],"inLanguage":"sq-AL","potentialAction":[{"@type":"CommentAction","name":"Comment","target":["https:\/\/fjala.info\/2009-2015\/pango-dhe-revolucioni-seksual\/#respond"]}]},{"@type":"WebPage","@id":"https:\/\/fjala.info\/2009-2015\/pango-dhe-revolucioni-seksual\/","url":"https:\/\/fjala.info\/2009-2015\/pango-dhe-revolucioni-seksual\/","name":"Pango dhe revolucioni seksual - FjALA e LIR\u00cb - Arkivi","isPartOf":{"@id":"https:\/\/fjala.info\/2009-2015\/#website"},"datePublished":"2010-07-04T08:37:07+00:00","breadcrumb":{"@id":"https:\/\/fjala.info\/2009-2015\/pango-dhe-revolucioni-seksual\/#breadcrumb"},"inLanguage":"sq-AL","potentialAction":[{"@type":"ReadAction","target":["https:\/\/fjala.info\/2009-2015\/pango-dhe-revolucioni-seksual\/"]}]},{"@type":"BreadcrumbList","@id":"https:\/\/fjala.info\/2009-2015\/pango-dhe-revolucioni-seksual\/#breadcrumb","itemListElement":[{"@type":"ListItem","position":1,"name":"Home","item":"https:\/\/fjala.info\/2009-2015\/"},{"@type":"ListItem","position":2,"name":"Pango dhe revolucioni seksual"}]},{"@type":"WebSite","@id":"https:\/\/fjala.info\/2009-2015\/#website","url":"https:\/\/fjala.info\/2009-2015\/","name":"FjALA e LIR\u00cb - Arkivi","description":"Arkivi 2009-2015","publisher":{"@id":"https:\/\/fjala.info\/2009-2015\/#organization"},"potentialAction":[{"@type":"SearchAction","target":{"@type":"EntryPoint","urlTemplate":"https:\/\/fjala.info\/2009-2015\/?s={search_term_string}"},"query-input":{"@type":"PropertyValueSpecification","valueRequired":true,"valueName":"search_term_string"}}],"inLanguage":"sq-AL"},{"@type":"Organization","@id":"https:\/\/fjala.info\/2009-2015\/#organization","name":"FjALA e LIR\u00cb - Arkivi","url":"https:\/\/fjala.info\/2009-2015\/","logo":{"@type":"ImageObject","inLanguage":"sq-AL","@id":"https:\/\/fjala.info\/2009-2015\/#\/schema\/logo\/image\/","url":"","contentUrl":"","caption":"FjALA e LIR\u00cb - Arkivi"},"image":{"@id":"https:\/\/fjala.info\/2009-2015\/#\/schema\/logo\/image\/"}},{"@type":"Person","@id":"https:\/\/fjala.info\/2009-2015\/#\/schema\/person\/3aa1163ef05469c496fc94e77611ada2","name":"admin","image":{"@type":"ImageObject","inLanguage":"sq-AL","@id":"https:\/\/fjala.info\/2009-2015\/wp-content\/uploads\/2012\/02\/arben_cokaj-120x150.jpg","url":"https:\/\/fjala.info\/2009-2015\/wp-content\/uploads\/2012\/02\/arben_cokaj-120x150.jpg","contentUrl":"https:\/\/fjala.info\/2009-2015\/wp-content\/uploads\/2012\/02\/arben_cokaj-120x150.jpg","caption":"admin"},"description":"Admin, Fjala e Lir\u00eb","sameAs":["https:\/\/fjala.info\/"],"url":"https:\/\/fjala.info\/2009-2015\/author\/admin\/"}]}},"_links":{"self":[{"href":"https:\/\/fjala.info\/2009-2015\/wp-json\/wp\/v2\/posts\/3193","targetHints":{"allow":["GET"]}}],"collection":[{"href":"https:\/\/fjala.info\/2009-2015\/wp-json\/wp\/v2\/posts"}],"about":[{"href":"https:\/\/fjala.info\/2009-2015\/wp-json\/wp\/v2\/types\/post"}],"author":[{"embeddable":true,"href":"https:\/\/fjala.info\/2009-2015\/wp-json\/wp\/v2\/users\/1"}],"replies":[{"embeddable":true,"href":"https:\/\/fjala.info\/2009-2015\/wp-json\/wp\/v2\/comments?post=3193"}],"version-history":[{"count":0,"href":"https:\/\/fjala.info\/2009-2015\/wp-json\/wp\/v2\/posts\/3193\/revisions"}],"wp:attachment":[{"href":"https:\/\/fjala.info\/2009-2015\/wp-json\/wp\/v2\/media?parent=3193"}],"wp:term":[{"taxonomy":"category","embeddable":true,"href":"https:\/\/fjala.info\/2009-2015\/wp-json\/wp\/v2\/categories?post=3193"},{"taxonomy":"post_tag","embeddable":true,"href":"https:\/\/fjala.info\/2009-2015\/wp-json\/wp\/v2\/tags?post=3193"}],"curies":[{"name":"wp","href":"https:\/\/api.w.org\/{rel}","templated":true}]}}