{"id":3192,"date":"2012-06-08T22:43:03","date_gmt":"2012-06-08T21:43:03","guid":{"rendered":"http:\/\/www.fjala.info\/?p=3192"},"modified":"2012-06-08T22:43:03","modified_gmt":"2012-06-08T21:43:03","slug":"perzereni-kete-klase-politike","status":"publish","type":"post","link":"https:\/\/fjala.info\/2009-2015\/perzereni-kete-klase-politike\/","title":{"rendered":"P\u00ebrz\u00ebreni k\u00ebt\u00eb klas\u00eb politike!"},"content":{"rendered":"<p><img decoding=\"async\" class=\"alignright size-thumbnail wp-image-7236\" title=\"Shp\u00ebtim Nazarko\" src=\"http:\/\/www.fjala.info\/2012\/shpetim_nazarko.jpg\" alt=\"\" width=\"150\" \/> <strong>SHPETIM NAZARKO<\/strong>, <em>8 qershor 2012<\/em><\/p>\n<p>Zot\u00ebri, p\u00ebrse nuk jepni dor\u00ebheqjen nga Gjykata Kushtetuese kur mandati juaj ka mbaruar? P\u00ebrgjigjja ishte e thjesht\u00eb: \u201cNuk iki dot n\u00ebse nuk vjen z\u00ebvend\u00ebsi. Ma imponon Kushtetuta, neni 125, paragrafi 5. Mos m\u00eb k\u00ebrkoni t\u00eb shkel Kushtetut\u00ebn. Jam gardian i saj dhe n\u00ebse e shkel un\u00eb, hidhet n\u00eb er\u00eb themeli m\u00eb i qart\u00eb i asaj q\u00eb mban shtetin\u201d. Zot\u00ebri, po n\u00ebse pa ardhur z\u00ebvend\u00ebsi, ju propozojn\u00eb ndonj\u00eb detyr\u00eb tjet\u00ebr, a jeni gati ta harroni p\u00ebrgjigjen tuaj t\u00eb par\u00eb? \u201cVaret nga lloji i asaj q\u00eb m\u00eb\u2026propozoni. N\u00ebse \u00ebsht\u00eb gj\u00eb q\u00eb m\u00eb k\u00ebnaq, jam gati ta harroj shtr\u00ebngimin kushtetues dhe t\u00eb jap dor\u00ebheqjen\u201d.<\/p>\n<p>Lum si ne p\u00ebr Gjykat\u00ebn Kushtetuese dhe t\u00ebr\u00eb k\u00ebt\u00eb klas\u00eb politike t\u00eb t\u00eb dyja kampeve! M\u00eb gjeni nj\u00eb t\u00eb met\u00eb, th\u00ebrret Kryeministri, pastaj e diskutojm\u00eb. Ja ku e ke, zot\u00ebri, po ta them un\u00eb, meq\u00eb kryetari i opozit\u00ebs dhe t\u00ebr\u00eb klasa e analist\u00ebve dhe ambasador\u00ebve vijn\u00eb v\u00ebrdall\u00eb dhe na tororisin kok\u00ebn. Do ta them un\u00eb dhe pastaj do t\u00eb t\u00eb pyes ty: p\u00ebrpara se t\u2019ia hidhje publikut k\u00ebt\u00eb lloj kandidature, e ke par\u00eb apo jo Kushtetut\u00ebn?<\/p>\n<p>A ka b\u00ebr\u00eb gabim an\u00ebtari i Gjykat\u00ebs Kushtetuese dhe kandidati p\u00ebr President q\u00eb po sillet k\u00ebshtu? Gjermani po i mbushte mendjen francezit se \u00ebsht\u00eb Ligji dhe Edukata q\u00eb imponojn\u00eb sjelljen e gj\u00ebs\u00eb s\u00eb gjall\u00eb. Francezi thoshte se \u00ebsht\u00eb Origjina. Gjerman e ftoi francezin dhe vuri macen t\u2019i sh\u00ebrbente. Francezi e pranoi sfid\u00ebn, por kur macja erdhi p\u00ebr her\u00eb t\u00eb dyt\u00eb t\u00eb pastronte tavolin\u00ebn, ai nxori portofolin dhe ajo e shkreta hodhi tabakan\u00eb e sh\u00ebrbimit p\u00ebr t\u00eb z\u00ebn\u00eb miun\u2026 Macja e harroi Ligjin dhe Edukat\u00ebn dhe kujtoi Origjin\u00ebn.<\/p>\n<p>Gjerman\u00ebt e sot\u00ebm, vend ku ka studiuar dhe kandidati yn\u00eb p\u00ebr President, kan\u00eb z\u00ebn\u00eb m\u00ebnd nga fabula e m\u00ebsip\u00ebrme. Kjo \u00ebsht\u00eb arsyeja e thjesht\u00eb kur Presidenti i tyre i fundit b\u00ebri nj\u00eb d\u00ebm shum\u00eb m\u00eb t\u00eb vog\u00ebl se kandidati yn\u00eb, i treguan der\u00ebn. Burokracia jon\u00eb do t\u00eb shqyhej gazit n\u00ebse do t\u2019i k\u00ebrkohej shpjegim p\u00ebr nj\u00eb rast analog. Presidentit shqiptar nuk do t\u2019i hynte asnj\u00eb gjemb n\u00eb k\u00ebmb\u00eb, e jo t\u2019i k\u00ebrkonin dor\u00ebheqjen.<\/p>\n<p>A e di ambasadorja gjermane se \u00e7far\u00eb k\u00ebrkojm\u00eb t\u00eb b\u00ebjm\u00eb ne? A e ndien veten t\u00eb fyer kur kujton pse e p\u00ebr \u00e7far\u00eb e p\u00ebrzun\u00eb Presidentin e tyre? Thua v\u00ebrtet do ta pranoj\u00eb talljen e madhe ndaj vendit t\u00eb saj dhe gjith\u00eb Europ\u00ebs nga klasa jon\u00eb politike me propozimin p\u00ebr President?<\/p>\n<p>Ajo dhe Brukseli t\u00eb mendojn\u00eb \u00e7far\u00eb t\u00eb duan, por klasa jon\u00eb politike nuk e kalon dot macen e fabul\u00ebs. Ajo do t\u2019i sh\u00ebrbej\u00eb origjin\u00ebs s\u00eb saj. V\u00ebrtet e ke? \u2013 mund t\u00eb thot\u00eb skeptiku\u2026<\/p>\n<p>Historia e Presidentit do t\u00eb mbaroj\u00eb. Nj\u00eb luzm\u00eb analist\u00ebsh do t\u00eb sillen v\u00ebrdall\u00eb dhe ashtu si ambasador\u00ebt q\u00eb sillen po v\u00ebrdall\u00eb, do t\u00eb z\u00ebn\u00eb t\u00eb merren me reform\u00ebn.<\/p>\n<p>Historia e reform\u00ebs \u00ebsht\u00eb m\u00eb e zez\u00eb se ajo e Presidentit. N\u00ebse do t\u00eb isha n\u00eb BE, do t\u00eb b\u00ebja vet\u00ebm nj\u00eb pyetje p\u00ebr shefin dhe kryetarin e opozit\u00ebs, dhe pastaj do t\u2019i nisja me ceremoni andej nga vijn\u00eb. Pyetja ime do t\u00eb ishte:<\/p>\n<p>A mund t\u00eb m\u00eb thoni, zot\u00ebrinj, se ku ndahet diktatura staliniste nga demokracia? P\u00ebrgjigjja do t\u00eb ishte e thjesht\u00eb. Kush i num\u00ebron dhe si i num\u00ebron votat. N\u00eb diktatur\u00eb i num\u00ebron Stalini, dometh\u00ebn\u00eb partia.<br \/>\nKur kjo klas\u00eb politike k\u00ebrkon ende t\u00eb num\u00ebroj\u00eb mes komisioneve partiake dhe militant\u00ebve po partiak\u00eb, ajo nuk e kalon aspak as Stalinin dhe as diktatur\u00ebn. E pa t\u00ebr\u00eb populli dhe t\u00ebr\u00eb bota, mu n\u00eb mes t\u00eb Tiran\u00ebs p\u00ebr dy muaj rresht, si n\u00eb nj\u00eb film me xhiro t\u00eb ngadalta, se si shemben shakat\u00eb e num\u00ebrimit mes komisioneve partiak\u00eb n\u00ebse nj\u00ebra pal\u00eb ka shumic\u00ebn n\u00eb komision.<\/p>\n<p>T\u00eb t\u00ebra rregullat b\u00ebhen nj\u00eb leck\u00eb e kot\u00eb. Do t\u00eb num\u00ebroj\u00eb p\u00ebrs\u00ebri partia, apo partit\u00eb mes militant\u00ebve partiak\u00eb kudo n\u00eb \u00e7do fshat dhe qytet. K\u00ebt\u00eb e quajn\u00eb reform\u00eb n\u00eb Tiran\u00eb. Shaka e cila do t\u2019i ngjethte lesht\u00eb e kok\u00ebs \u00e7do njeriu, edhe sikur t\u00eb ishte analfabet. Shaka e cila nuk mund t\u00eb ndodh\u00eb n\u00eb asnj\u00eb vend t\u00eb Europ\u00ebs dhe n\u00eb asnj\u00eb vend ku \u00e7do dit\u00ebzi e njeh dallimin midis diktatur\u00ebs dhe demokracis\u00eb.<\/p>\n<p>P\u00ebr cil\u00ebn President flet dhe me \u00e7far\u00eb reforme zgjedhore k\u00ebrkon kjo klas\u00eb politike t\u00eb shkoj\u00eb n\u00eb Bruksel? Thua q\u00eb kjo vjen nga mentaliteti komunist. E keni gabim.<\/p>\n<p>K\u00ebta nuk jan\u00eb komunist\u00eb. Komunist\u00ebt ishin shum\u00eb t\u00eb qart\u00eb n\u00eb maskarall\u00ebkun e tyre. K\u00ebta jan\u00eb devijacione t\u00eb asaj klase, origjina e tyre vjen prej komunizmit. Jan\u00eb rac\u00eb m\u00eb e dob\u00ebsuar dhe prandaj m\u00eb e lig\u00eb, m\u00eb e zez\u00eb dhe m\u00eb shkat\u00ebrrimtare. Nuk kam asnj\u00eb dyshim q\u00eb do t\u00eb quhen produkte t\u00eb asaj kohe kur fatkeq\u00ebsia komb\u00ebtare pllakosi vendin n\u00eb vitin 1990 dhe kush mundi vajti dhe zuri zyrat e shtetit. P\u00ebr \u00e7far\u00eb e doni? P\u00ebrz\u00ebreni!<\/p>\n<p>Mos ndoshta e kan\u00eb fajin vet\u00ebm dy t\u00eb m\u00ebdhenjt\u00eb dhe partit\u00eb e vogla kan\u00eb v\u00ebrtet interes p\u00ebr Presidentin apo reform\u00ebn?<\/p>\n<p>A keni par\u00eb ndonj\u00ebher\u00eb ndonj\u00eb parti t\u00eb vog\u00ebl t\u00eb k\u00ebrkoj\u00eb t\u00eb shkat\u00ebrroj\u00eb komisionet partiake? Natyrisht jo! Ato vet\u00ebm k\u00ebrkojn\u00eb t\u00eb ken\u00eb edhe ata ndonj\u00eb cop\u00eb nga ky komision. Arsyeja \u00ebsht\u00eb e thjesht\u00eb. Ato mund t\u00eb rrojn\u00eb vet\u00ebm nga k\u00ebrmat q\u00eb l\u00ebn\u00eb t\u00eb m\u00ebdhenjt\u00eb, asgj\u00eb m\u00eb shum\u00eb. Ndryshe nuk kan\u00eb vota. Pra nuk kan\u00eb ku t\u00eb ushqehen apo ta sigurojn\u00eb ushqimin vet\u00eb. Por jo vet\u00ebm ata. Ushqehen me mij\u00ebra militant\u00eb t\u00eb t\u00eb gjitha partive q\u00eb kan\u00eb hedhur rrjet\u00ebn shtr\u00ebnguese mbi Shqip\u00ebrin\u00eb dhe popullin e saj. Ushqehem me mij\u00ebra drejtor\u00eb, zyrtar\u00eb, tenderues, e m\u00eb n\u00eb fund \u00e7do lloj vulgu.<\/p>\n<p>Strategjia e komisioneve partiake nuk ka lidhje me skem\u00ebn e num\u00ebrimit. Kjo \u00ebsht\u00eb m\u00eb e pakta. Prej saj buron e gjith\u00eb strategjia e mbajtjes s\u00eb pushtetit politik qendror dhe lokal, mbajta e gjith\u00eb luzm\u00ebs s\u00eb pashoqe t\u00eb militant\u00ebve, analist\u00ebve dhe xhambaz\u00ebve t\u00eb t\u00eb gjitha kategorive. Prej saj e ka burimin i gjith\u00eb kalb\u00ebzimi shoq\u00ebror dhe moral i Shqip\u00ebris\u00eb.<\/p>\n<p>Do t\u2019u shp\u00ebtoj\u00eb kjo klas\u00eb politike? Kush, e majta apo e djathta? Mjer\u00eb ju! P\u00ebrz\u00ebreni dhe do t\u00eb shp\u00ebtoni. Ndryshe do t\u00eb zvarriteni n\u00eb nj\u00eb grop\u00eb t\u00eb p\u00ebrbashk\u00ebt. Sepse ashtu si macja e fabul\u00ebs s\u00eb m\u00ebsip\u00ebrme, edhe n\u00ebse nuk i sh\u00ebrbejn\u00eb origjin\u00ebs, ata jan\u00eb sh\u00ebrbyes t\u00eb mentalitetit t\u00eb saj. P\u00ebrz\u00ebrini sa nuk \u00ebsht\u00eb von\u00eb! Sa pa na p\u00ebrz\u00ebn\u00eb n\u00eb Bruksel, sa pa na e mbyllur der\u00ebn para turinjve si njer\u00ebz q\u00eb nuk duan atdheun e tyre dhe prishin qet\u00ebsin\u00eb e t\u00eb tjer\u00ebve.<\/p>\n<p>Nuk i p\u00ebrzini dot me dru, ashtu si e meritojn\u00eb faktikisht. E di se ju ndalon Europa apo ju vrasin n\u00ebp\u00ebr qoshe. At\u00ebher\u00eb uluni n\u00ebp\u00ebr trotuare dhe mos l\u00ebvizni. Mos shkoni as n\u00ebp\u00ebr zgjedhje dhe mos i lini t\u00eb shkojn\u00eb n\u00eb Bruksel apo gj\u00ebkundi. Ndryshe mbetet t\u2019ju kujtoj Francisko Goj\u00ebn e madh, i cili n\u00eb \u201cKapri\u00e7iot\u201d e famshme pasqyron jo t\u00eb zotin mbi gomar, po k\u00ebt\u00eb t\u00eb fundit q\u00eb ia ka hipur atij duke i th\u00ebn\u00eb: \u201cGjersa p\u00ebr gj\u00eb i zoti nuk je, mbam\u00eb n\u00eb kurriz se mir\u00eb e ke\u201d.<\/p>\n","protected":false},"excerpt":{"rendered":"<p>SHPETIM NAZARKO, 8 qershor 2012 Zot\u00ebri, p\u00ebrse nuk jepni dor\u00ebheqjen nga Gjykata Kushtetuese kur mandati juaj ka mbaruar? P\u00ebrgjigjja ishte e thjesht\u00eb: \u201cNuk iki dot n\u00ebse nuk vjen z\u00ebvend\u00ebsi. Ma imponon Kushtetuta, neni 125, paragrafi 5. Mos m\u00eb k\u00ebrkoni t\u00eb shkel Kushtetut\u00ebn. Jam gardian i saj dhe n\u00ebse e shkel un\u00eb, hidhet n\u00eb er\u00eb themeli [&hellip;]<\/p>\n","protected":false},"author":1,"featured_media":0,"comment_status":"open","ping_status":"closed","sticky":false,"template":"","format":"standard","meta":{"footnotes":""},"categories":[2],"tags":[],"class_list":{"0":"post-3192","1":"post","2":"type-post","3":"status-publish","4":"format-standard","6":"category-artikuj"},"yoast_head":"<!-- This site is optimized with the Yoast SEO plugin v27.4 - https:\/\/yoast.com\/product\/yoast-seo-wordpress\/ -->\n<title>P\u00ebrz\u00ebreni k\u00ebt\u00eb klas\u00eb politike! - FjALA e LIR\u00cb - Arkivi<\/title>\n<meta name=\"robots\" content=\"index, follow, max-snippet:-1, max-image-preview:large, max-video-preview:-1\" \/>\n<link rel=\"canonical\" href=\"https:\/\/fjala.info\/2009-2015\/perzereni-kete-klase-politike\/\" \/>\n<meta property=\"og:locale\" content=\"sq_AL\" \/>\n<meta property=\"og:type\" content=\"article\" \/>\n<meta property=\"og:title\" content=\"P\u00ebrz\u00ebreni k\u00ebt\u00eb klas\u00eb politike! - FjALA e LIR\u00cb - Arkivi\" \/>\n<meta property=\"og:description\" content=\"SHPETIM NAZARKO, 8 qershor 2012 Zot\u00ebri, p\u00ebrse nuk jepni dor\u00ebheqjen nga Gjykata Kushtetuese kur mandati juaj ka mbaruar? P\u00ebrgjigjja ishte e thjesht\u00eb: \u201cNuk iki dot n\u00ebse nuk vjen z\u00ebvend\u00ebsi. Ma imponon Kushtetuta, neni 125, paragrafi 5. Mos m\u00eb k\u00ebrkoni t\u00eb shkel Kushtetut\u00ebn. Jam gardian i saj dhe n\u00ebse e shkel un\u00eb, hidhet n\u00eb er\u00eb themeli [&hellip;]\" \/>\n<meta property=\"og:url\" content=\"https:\/\/fjala.info\/2009-2015\/perzereni-kete-klase-politike\/\" \/>\n<meta property=\"og:site_name\" content=\"FjALA e LIR\u00cb - Arkivi\" \/>\n<meta property=\"article:published_time\" content=\"2012-06-08T21:43:03+00:00\" \/>\n<meta property=\"og:image\" content=\"http:\/\/www.fjala.info\/2012\/shpetim_nazarko.jpg\" \/>\n<meta name=\"author\" content=\"admin\" \/>\n<meta name=\"twitter:card\" content=\"summary_large_image\" \/>\n<meta name=\"twitter:label1\" content=\"Written by\" \/>\n\t<meta name=\"twitter:data1\" content=\"admin\" \/>\n\t<meta name=\"twitter:label2\" content=\"Est. reading time\" \/>\n\t<meta name=\"twitter:data2\" content=\"7 minutes\" \/>\n<script type=\"application\/ld+json\" class=\"yoast-schema-graph\">{\"@context\":\"https:\\\/\\\/schema.org\",\"@graph\":[{\"@type\":\"Article\",\"@id\":\"https:\\\/\\\/fjala.info\\\/2009-2015\\\/perzereni-kete-klase-politike\\\/#article\",\"isPartOf\":{\"@id\":\"https:\\\/\\\/fjala.info\\\/2009-2015\\\/perzereni-kete-klase-politike\\\/\"},\"author\":{\"name\":\"admin\",\"@id\":\"https:\\\/\\\/fjala.info\\\/2009-2015\\\/#\\\/schema\\\/person\\\/3aa1163ef05469c496fc94e77611ada2\"},\"headline\":\"P\u00ebrz\u00ebreni k\u00ebt\u00eb klas\u00eb politike!\",\"datePublished\":\"2012-06-08T21:43:03+00:00\",\"mainEntityOfPage\":{\"@id\":\"https:\\\/\\\/fjala.info\\\/2009-2015\\\/perzereni-kete-klase-politike\\\/\"},\"wordCount\":1330,\"commentCount\":1,\"publisher\":{\"@id\":\"https:\\\/\\\/fjala.info\\\/2009-2015\\\/#organization\"},\"image\":{\"@id\":\"https:\\\/\\\/fjala.info\\\/2009-2015\\\/perzereni-kete-klase-politike\\\/#primaryimage\"},\"thumbnailUrl\":\"http:\\\/\\\/www.fjala.info\\\/2012\\\/shpetim_nazarko.jpg\",\"articleSection\":[\"Artikuj\"],\"inLanguage\":\"sq-AL\",\"potentialAction\":[{\"@type\":\"CommentAction\",\"name\":\"Comment\",\"target\":[\"https:\\\/\\\/fjala.info\\\/2009-2015\\\/perzereni-kete-klase-politike\\\/#respond\"]}]},{\"@type\":\"WebPage\",\"@id\":\"https:\\\/\\\/fjala.info\\\/2009-2015\\\/perzereni-kete-klase-politike\\\/\",\"url\":\"https:\\\/\\\/fjala.info\\\/2009-2015\\\/perzereni-kete-klase-politike\\\/\",\"name\":\"P\u00ebrz\u00ebreni k\u00ebt\u00eb klas\u00eb politike! - FjALA e LIR\u00cb - Arkivi\",\"isPartOf\":{\"@id\":\"https:\\\/\\\/fjala.info\\\/2009-2015\\\/#website\"},\"primaryImageOfPage\":{\"@id\":\"https:\\\/\\\/fjala.info\\\/2009-2015\\\/perzereni-kete-klase-politike\\\/#primaryimage\"},\"image\":{\"@id\":\"https:\\\/\\\/fjala.info\\\/2009-2015\\\/perzereni-kete-klase-politike\\\/#primaryimage\"},\"thumbnailUrl\":\"http:\\\/\\\/www.fjala.info\\\/2012\\\/shpetim_nazarko.jpg\",\"datePublished\":\"2012-06-08T21:43:03+00:00\",\"breadcrumb\":{\"@id\":\"https:\\\/\\\/fjala.info\\\/2009-2015\\\/perzereni-kete-klase-politike\\\/#breadcrumb\"},\"inLanguage\":\"sq-AL\",\"potentialAction\":[{\"@type\":\"ReadAction\",\"target\":[\"https:\\\/\\\/fjala.info\\\/2009-2015\\\/perzereni-kete-klase-politike\\\/\"]}]},{\"@type\":\"ImageObject\",\"inLanguage\":\"sq-AL\",\"@id\":\"https:\\\/\\\/fjala.info\\\/2009-2015\\\/perzereni-kete-klase-politike\\\/#primaryimage\",\"url\":\"http:\\\/\\\/www.fjala.info\\\/2012\\\/shpetim_nazarko.jpg\",\"contentUrl\":\"http:\\\/\\\/www.fjala.info\\\/2012\\\/shpetim_nazarko.jpg\"},{\"@type\":\"BreadcrumbList\",\"@id\":\"https:\\\/\\\/fjala.info\\\/2009-2015\\\/perzereni-kete-klase-politike\\\/#breadcrumb\",\"itemListElement\":[{\"@type\":\"ListItem\",\"position\":1,\"name\":\"Home\",\"item\":\"https:\\\/\\\/fjala.info\\\/2009-2015\\\/\"},{\"@type\":\"ListItem\",\"position\":2,\"name\":\"P\u00ebrz\u00ebreni k\u00ebt\u00eb klas\u00eb politike!\"}]},{\"@type\":\"WebSite\",\"@id\":\"https:\\\/\\\/fjala.info\\\/2009-2015\\\/#website\",\"url\":\"https:\\\/\\\/fjala.info\\\/2009-2015\\\/\",\"name\":\"FjALA e LIR\u00cb - Arkivi\",\"description\":\"Arkivi 2009-2015\",\"publisher\":{\"@id\":\"https:\\\/\\\/fjala.info\\\/2009-2015\\\/#organization\"},\"potentialAction\":[{\"@type\":\"SearchAction\",\"target\":{\"@type\":\"EntryPoint\",\"urlTemplate\":\"https:\\\/\\\/fjala.info\\\/2009-2015\\\/?s={search_term_string}\"},\"query-input\":{\"@type\":\"PropertyValueSpecification\",\"valueRequired\":true,\"valueName\":\"search_term_string\"}}],\"inLanguage\":\"sq-AL\"},{\"@type\":\"Organization\",\"@id\":\"https:\\\/\\\/fjala.info\\\/2009-2015\\\/#organization\",\"name\":\"FjALA e LIR\u00cb - Arkivi\",\"url\":\"https:\\\/\\\/fjala.info\\\/2009-2015\\\/\",\"logo\":{\"@type\":\"ImageObject\",\"inLanguage\":\"sq-AL\",\"@id\":\"https:\\\/\\\/fjala.info\\\/2009-2015\\\/#\\\/schema\\\/logo\\\/image\\\/\",\"url\":\"\",\"contentUrl\":\"\",\"caption\":\"FjALA e LIR\u00cb - Arkivi\"},\"image\":{\"@id\":\"https:\\\/\\\/fjala.info\\\/2009-2015\\\/#\\\/schema\\\/logo\\\/image\\\/\"}},{\"@type\":\"Person\",\"@id\":\"https:\\\/\\\/fjala.info\\\/2009-2015\\\/#\\\/schema\\\/person\\\/3aa1163ef05469c496fc94e77611ada2\",\"name\":\"admin\",\"image\":{\"@type\":\"ImageObject\",\"inLanguage\":\"sq-AL\",\"@id\":\"https:\\\/\\\/fjala.info\\\/2009-2015\\\/wp-content\\\/uploads\\\/2012\\\/02\\\/arben_cokaj-120x150.jpg\",\"url\":\"https:\\\/\\\/fjala.info\\\/2009-2015\\\/wp-content\\\/uploads\\\/2012\\\/02\\\/arben_cokaj-120x150.jpg\",\"contentUrl\":\"https:\\\/\\\/fjala.info\\\/2009-2015\\\/wp-content\\\/uploads\\\/2012\\\/02\\\/arben_cokaj-120x150.jpg\",\"caption\":\"admin\"},\"description\":\"Admin, Fjala e Lir\u00eb\",\"sameAs\":[\"https:\\\/\\\/fjala.info\\\/\"],\"url\":\"https:\\\/\\\/fjala.info\\\/2009-2015\\\/author\\\/admin\\\/\"}]}<\/script>\n<!-- \/ Yoast SEO plugin. -->","yoast_head_json":{"title":"P\u00ebrz\u00ebreni k\u00ebt\u00eb klas\u00eb politike! - FjALA e LIR\u00cb - Arkivi","robots":{"index":"index","follow":"follow","max-snippet":"max-snippet:-1","max-image-preview":"max-image-preview:large","max-video-preview":"max-video-preview:-1"},"canonical":"https:\/\/fjala.info\/2009-2015\/perzereni-kete-klase-politike\/","og_locale":"sq_AL","og_type":"article","og_title":"P\u00ebrz\u00ebreni k\u00ebt\u00eb klas\u00eb politike! - FjALA e LIR\u00cb - Arkivi","og_description":"SHPETIM NAZARKO, 8 qershor 2012 Zot\u00ebri, p\u00ebrse nuk jepni dor\u00ebheqjen nga Gjykata Kushtetuese kur mandati juaj ka mbaruar? P\u00ebrgjigjja ishte e thjesht\u00eb: \u201cNuk iki dot n\u00ebse nuk vjen z\u00ebvend\u00ebsi. Ma imponon Kushtetuta, neni 125, paragrafi 5. Mos m\u00eb k\u00ebrkoni t\u00eb shkel Kushtetut\u00ebn. Jam gardian i saj dhe n\u00ebse e shkel un\u00eb, hidhet n\u00eb er\u00eb themeli [&hellip;]","og_url":"https:\/\/fjala.info\/2009-2015\/perzereni-kete-klase-politike\/","og_site_name":"FjALA e LIR\u00cb - Arkivi","article_published_time":"2012-06-08T21:43:03+00:00","og_image":[{"url":"http:\/\/www.fjala.info\/2012\/shpetim_nazarko.jpg","type":"","width":"","height":""}],"author":"admin","twitter_card":"summary_large_image","twitter_misc":{"Written by":"admin","Est. reading time":"7 minutes"},"schema":{"@context":"https:\/\/schema.org","@graph":[{"@type":"Article","@id":"https:\/\/fjala.info\/2009-2015\/perzereni-kete-klase-politike\/#article","isPartOf":{"@id":"https:\/\/fjala.info\/2009-2015\/perzereni-kete-klase-politike\/"},"author":{"name":"admin","@id":"https:\/\/fjala.info\/2009-2015\/#\/schema\/person\/3aa1163ef05469c496fc94e77611ada2"},"headline":"P\u00ebrz\u00ebreni k\u00ebt\u00eb klas\u00eb politike!","datePublished":"2012-06-08T21:43:03+00:00","mainEntityOfPage":{"@id":"https:\/\/fjala.info\/2009-2015\/perzereni-kete-klase-politike\/"},"wordCount":1330,"commentCount":1,"publisher":{"@id":"https:\/\/fjala.info\/2009-2015\/#organization"},"image":{"@id":"https:\/\/fjala.info\/2009-2015\/perzereni-kete-klase-politike\/#primaryimage"},"thumbnailUrl":"http:\/\/www.fjala.info\/2012\/shpetim_nazarko.jpg","articleSection":["Artikuj"],"inLanguage":"sq-AL","potentialAction":[{"@type":"CommentAction","name":"Comment","target":["https:\/\/fjala.info\/2009-2015\/perzereni-kete-klase-politike\/#respond"]}]},{"@type":"WebPage","@id":"https:\/\/fjala.info\/2009-2015\/perzereni-kete-klase-politike\/","url":"https:\/\/fjala.info\/2009-2015\/perzereni-kete-klase-politike\/","name":"P\u00ebrz\u00ebreni k\u00ebt\u00eb klas\u00eb politike! - FjALA e LIR\u00cb - Arkivi","isPartOf":{"@id":"https:\/\/fjala.info\/2009-2015\/#website"},"primaryImageOfPage":{"@id":"https:\/\/fjala.info\/2009-2015\/perzereni-kete-klase-politike\/#primaryimage"},"image":{"@id":"https:\/\/fjala.info\/2009-2015\/perzereni-kete-klase-politike\/#primaryimage"},"thumbnailUrl":"http:\/\/www.fjala.info\/2012\/shpetim_nazarko.jpg","datePublished":"2012-06-08T21:43:03+00:00","breadcrumb":{"@id":"https:\/\/fjala.info\/2009-2015\/perzereni-kete-klase-politike\/#breadcrumb"},"inLanguage":"sq-AL","potentialAction":[{"@type":"ReadAction","target":["https:\/\/fjala.info\/2009-2015\/perzereni-kete-klase-politike\/"]}]},{"@type":"ImageObject","inLanguage":"sq-AL","@id":"https:\/\/fjala.info\/2009-2015\/perzereni-kete-klase-politike\/#primaryimage","url":"http:\/\/www.fjala.info\/2012\/shpetim_nazarko.jpg","contentUrl":"http:\/\/www.fjala.info\/2012\/shpetim_nazarko.jpg"},{"@type":"BreadcrumbList","@id":"https:\/\/fjala.info\/2009-2015\/perzereni-kete-klase-politike\/#breadcrumb","itemListElement":[{"@type":"ListItem","position":1,"name":"Home","item":"https:\/\/fjala.info\/2009-2015\/"},{"@type":"ListItem","position":2,"name":"P\u00ebrz\u00ebreni k\u00ebt\u00eb klas\u00eb politike!"}]},{"@type":"WebSite","@id":"https:\/\/fjala.info\/2009-2015\/#website","url":"https:\/\/fjala.info\/2009-2015\/","name":"FjALA e LIR\u00cb - Arkivi","description":"Arkivi 2009-2015","publisher":{"@id":"https:\/\/fjala.info\/2009-2015\/#organization"},"potentialAction":[{"@type":"SearchAction","target":{"@type":"EntryPoint","urlTemplate":"https:\/\/fjala.info\/2009-2015\/?s={search_term_string}"},"query-input":{"@type":"PropertyValueSpecification","valueRequired":true,"valueName":"search_term_string"}}],"inLanguage":"sq-AL"},{"@type":"Organization","@id":"https:\/\/fjala.info\/2009-2015\/#organization","name":"FjALA e LIR\u00cb - Arkivi","url":"https:\/\/fjala.info\/2009-2015\/","logo":{"@type":"ImageObject","inLanguage":"sq-AL","@id":"https:\/\/fjala.info\/2009-2015\/#\/schema\/logo\/image\/","url":"","contentUrl":"","caption":"FjALA e LIR\u00cb - Arkivi"},"image":{"@id":"https:\/\/fjala.info\/2009-2015\/#\/schema\/logo\/image\/"}},{"@type":"Person","@id":"https:\/\/fjala.info\/2009-2015\/#\/schema\/person\/3aa1163ef05469c496fc94e77611ada2","name":"admin","image":{"@type":"ImageObject","inLanguage":"sq-AL","@id":"https:\/\/fjala.info\/2009-2015\/wp-content\/uploads\/2012\/02\/arben_cokaj-120x150.jpg","url":"https:\/\/fjala.info\/2009-2015\/wp-content\/uploads\/2012\/02\/arben_cokaj-120x150.jpg","contentUrl":"https:\/\/fjala.info\/2009-2015\/wp-content\/uploads\/2012\/02\/arben_cokaj-120x150.jpg","caption":"admin"},"description":"Admin, Fjala e Lir\u00eb","sameAs":["https:\/\/fjala.info\/"],"url":"https:\/\/fjala.info\/2009-2015\/author\/admin\/"}]}},"_links":{"self":[{"href":"https:\/\/fjala.info\/2009-2015\/wp-json\/wp\/v2\/posts\/3192","targetHints":{"allow":["GET"]}}],"collection":[{"href":"https:\/\/fjala.info\/2009-2015\/wp-json\/wp\/v2\/posts"}],"about":[{"href":"https:\/\/fjala.info\/2009-2015\/wp-json\/wp\/v2\/types\/post"}],"author":[{"embeddable":true,"href":"https:\/\/fjala.info\/2009-2015\/wp-json\/wp\/v2\/users\/1"}],"replies":[{"embeddable":true,"href":"https:\/\/fjala.info\/2009-2015\/wp-json\/wp\/v2\/comments?post=3192"}],"version-history":[{"count":0,"href":"https:\/\/fjala.info\/2009-2015\/wp-json\/wp\/v2\/posts\/3192\/revisions"}],"wp:attachment":[{"href":"https:\/\/fjala.info\/2009-2015\/wp-json\/wp\/v2\/media?parent=3192"}],"wp:term":[{"taxonomy":"category","embeddable":true,"href":"https:\/\/fjala.info\/2009-2015\/wp-json\/wp\/v2\/categories?post=3192"},{"taxonomy":"post_tag","embeddable":true,"href":"https:\/\/fjala.info\/2009-2015\/wp-json\/wp\/v2\/tags?post=3192"}],"curies":[{"name":"wp","href":"https:\/\/api.w.org\/{rel}","templated":true}]}}