{"id":3191,"date":"2010-07-04T09:09:39","date_gmt":"2010-07-04T08:09:39","guid":{"rendered":"http:\/\/fjala.shkoder.net\/?p=3191"},"modified":"2010-07-04T09:09:39","modified_gmt":"2010-07-04T08:09:39","slug":"te-gjithe-bejne-sehir-inspektoratin-e-ndertimit","status":"publish","type":"post","link":"https:\/\/fjala.info\/2009-2015\/te-gjithe-bejne-sehir-inspektoratin-e-ndertimit\/","title":{"rendered":"T\u00cb GJITH\u00cb B\u00cbJN\u00cb SEHIR INSPEKTORATIN E ND\u00cbRTIMIT"},"content":{"rendered":"<p><img decoding=\"async\" style=\"margin-left: 10px; margin-right: 10px; border: 0px;\" src=\"http:\/\/www.shkoder.net\/images\/fjala\/mustafa_nano.jpg\" border=\"0\" alt=\"Mustafa Nano\" width=\"100\" align=\"left\" \/><\/p>\n<p><b>Mustafa Nano<\/b><\/p>\n<p><em>Zululand<\/em><br \/>\nKa jav\u00eb q\u00eb ka nisur nj\u00eb aksion p\u00ebr prishjen e nd\u00ebrtimeve pa leje, dhe t\u00eb krijohet p\u00ebrshtypja se kreu i Inspektoratit Komb\u00ebtar Nd\u00ebrtimor, Gjergj Bojaxhi, po p\u00ebrdoret p\u00ebr t\u00eb b\u00ebr\u00eb ca pun\u00eb me spec, me t\u00eb cilat vet\u00eb pushteti nuk d\u00ebshiron t\u00eb p\u00ebrballet. P\u00ebrkundrazi, ngjan se pushteti po b\u00ebn \u00e7mos q\u00eb viktimat e k\u00ebsaj fushate prishjesh ta shohin si dor\u00ebjasht\u00eb n\u00eb k\u00ebt\u00eb mesel\u00e9. Dhe merret vesh pse. \u00cbsht\u00eb fjala p\u00ebr ndjeshm\u00ebrira, q\u00eb t\u00eb shkrehin e t\u00eb \u00e7armatosin: vihuni pak n\u00eb rolin e nj\u00eb personi, a nj\u00eb familjeje, teksa b\u00ebjn\u00eb sehir fadromat q\u00eb ua shnd\u00ebrrojn\u00eb n\u00eb hi\u00e7, sa hap e mbyll syt\u00eb, t\u00eb gjith\u00eb pasurin\u00eb e v\u00ebn\u00eb n\u00eb vite me mund e sakrifica?<\/p>\n<p>Mua m\u00eb dhemb koka thjesht kur e p\u00ebrfytyroj, e jo m\u00eb t\u00eb m\u00eb ndodhte n\u00eb vet\u00eb t\u00eb par\u00eb. P\u00ebrve\u00e7 k\u00ebsaj \u2013 kjo shpjegon m\u00eb s\u00eb shumti sjelljen e pushtetit \u2013 jan\u00eb n\u00eb loj\u00eb interesat e nj\u00eb numri t\u00eb madh njer\u00ebzish (jan\u00eb me mij\u00ebra nd\u00ebrtimet pa leje n\u00eb k\u00ebt\u00eb vend), t\u00eb cil\u00ebt, p\u00ebr shkak t\u00eb influenc\u00ebs s\u00eb tyre n\u00eb zonat e banimit, mund t\u00eb shnd\u00ebrrohen n\u00eb agjent\u00eb t\u00eb friksh\u00ebm elektoral\u00eb kund\u00ebr k\u00ebsaj mazhorance.<\/p>\n<p>Dhe k\u00ebshtu, Gjergj Bojaxhi ndodhet vet\u00ebm. Asnj\u00eb fjal\u00eb nuk ka th\u00ebn\u00eb Kryeministri; as ministri i Jasht\u00ebm nga pozitat e kryetarit t\u00eb partis\u00eb s\u00eb vet, as ndonj\u00eb z\u00eb tjet\u00ebr i r\u00ebnd\u00ebsish\u00ebm nga radh\u00ebt e mazhoranc\u00ebs. As ministri i Brendsh\u00ebm nuk e ka marr\u00eb mundimin t\u00eb mb\u00ebshtes\u00eb, jo inspektoratin, por polic\u00ebt e vet, q\u00eb jan\u00eb n\u00ebn agresionin e turmave. Ministri me siguri do ta kish th\u00ebn\u00eb nj\u00eb fjal\u00eb n\u00eb mbrojtje t\u00eb polic\u00ebve, n\u00ebse k\u00ebta t\u00eb fundit do t\u00eb ishin duke ndjekur t\u00eb relax-uar ndonj\u00eb protest\u00eb festive t\u00eb opozit\u00ebs. Nd\u00ebrsa pas ngjarjeve n\u00eb Hamallaj nuk u b\u00eb i gjall\u00eb.<\/p>\n<p>Pushteti po sillet si Ponc Pilati. Pun\u00ebn e ndyr\u00eb po ia l\u00eb n\u00eb der\u00eb \u201cautoritetit hebraik\u201d. Nd\u00ebrsa vet\u00eb lan duart. Mir\u00ebpo duart nuk mund t\u00eb lahen. P\u00ebr shum\u00eb arsye. S\u00eb pari, inspektorati po prish nd\u00ebrtime t\u00eb b\u00ebra pas vitit 2007, gj\u00eb q\u00eb do t\u00eb thot\u00eb se t\u00eb gjitha nd\u00ebrtimet q\u00eb po prishen jan\u00eb ngritur me miratimin e heshtur e n\u00ebn v\u00ebzhgimin inkurajues t\u00eb k\u00ebtij pushteti.<\/p>\n<p>S\u00eb dyti, banor\u00ebt kan\u00eb nevoj\u00eb t\u2019u thuhet di\u00e7ka n\u00eb em\u00ebr t\u00eb nj\u00eb transparence minimale, n\u00eb m\u00ebnyr\u00eb q\u00eb askush t\u00eb mos ket\u00eb argument t\u00eb shprehet (si dikush nga Hamallaj), se \u201cpas fadromave fshihen interesa\u201d. S\u00eb treti, duhet t\u00eb dal\u00eb dikush e t\u2019ua b\u00ebj\u00eb t\u00eb qart\u00eb se pse sht\u00ebpit\u00eb e ngritura pa leje n\u00eb Bathore e kan\u00eb b\u00ebr\u00eb k\u00ebt\u00eb t\u00eb fundit qytetin m\u00eb t\u00eb bukur t\u00eb bot\u00ebs (k\u00ebshtu \u00ebsht\u00eb shprehur Kryeministri), nd\u00ebrsa sht\u00ebpit\u00eb e tyre e paskan sh\u00ebmtuar Hamallajn, Ksamilin etj. S\u00eb kat\u00ebrti, \u00ebsht\u00eb nj\u00eb pyetje e r\u00ebnd\u00ebsishme q\u00eb mund t\u00eb b\u00ebhet n\u00eb k\u00ebt\u00eb situat\u00eb: Nd\u00ebrkoh\u00eb q\u00eb inspektorati po prish, a ka bathorexhinj t\u00eb tjer\u00eb q\u00eb po nd\u00ebrtojn\u00eb, si gjithmon\u00eb \u201cme miratimin e heshtur e n\u00ebn v\u00ebzhgimin inkurajues\u201d t\u00eb pushtetit?<\/p>\n<p>K\u00ebto kat\u00ebr pika shpjegojn\u00eb pse \u00ebsht\u00eb kjo gjendje, pse pushteti hesht, e pse Bojaxhiu ka mbetur i vet\u00ebm, me qysqi e vare n\u00eb dor\u00eb, p\u00ebrball\u00eb mij\u00ebra shqiptar\u00ebve transgresiv\u00eb t\u00eb inkurajuar gjat\u00eb viteve nga pushtete gjithashtu transgresive.<\/p>\n","protected":false},"excerpt":{"rendered":"<p>Mustafa Nano Zululand Ka jav\u00eb q\u00eb ka nisur nj\u00eb aksion p\u00ebr prishjen e nd\u00ebrtimeve pa leje, dhe t\u00eb krijohet p\u00ebrshtypja se kreu i Inspektoratit Komb\u00ebtar Nd\u00ebrtimor, Gjergj Bojaxhi, po p\u00ebrdoret p\u00ebr t\u00eb b\u00ebr\u00eb ca pun\u00eb me spec, me t\u00eb cilat vet\u00eb pushteti nuk d\u00ebshiron t\u00eb p\u00ebrballet. P\u00ebrkundrazi, ngjan se pushteti po b\u00ebn \u00e7mos q\u00eb viktimat [&hellip;]<\/p>\n","protected":false},"author":1,"featured_media":0,"comment_status":"open","ping_status":"closed","sticky":false,"template":"","format":"standard","meta":{"footnotes":""},"categories":[2],"tags":[],"class_list":{"0":"post-3191","1":"post","2":"type-post","3":"status-publish","4":"format-standard","6":"category-artikuj"},"yoast_head":"<!-- This site is optimized with the Yoast SEO plugin v27.4 - https:\/\/yoast.com\/product\/yoast-seo-wordpress\/ -->\n<title>T\u00cb GJITH\u00cb B\u00cbJN\u00cb SEHIR INSPEKTORATIN E ND\u00cbRTIMIT - FjALA e LIR\u00cb - Arkivi<\/title>\n<meta name=\"robots\" content=\"index, follow, max-snippet:-1, max-image-preview:large, max-video-preview:-1\" \/>\n<link rel=\"canonical\" href=\"https:\/\/fjala.info\/2009-2015\/te-gjithe-bejne-sehir-inspektoratin-e-ndertimit\/\" \/>\n<meta property=\"og:locale\" content=\"sq_AL\" \/>\n<meta property=\"og:type\" content=\"article\" \/>\n<meta property=\"og:title\" content=\"T\u00cb GJITH\u00cb B\u00cbJN\u00cb SEHIR INSPEKTORATIN E ND\u00cbRTIMIT - FjALA e LIR\u00cb - Arkivi\" \/>\n<meta property=\"og:description\" content=\"Mustafa Nano Zululand Ka jav\u00eb q\u00eb ka nisur nj\u00eb aksion p\u00ebr prishjen e nd\u00ebrtimeve pa leje, dhe t\u00eb krijohet p\u00ebrshtypja se kreu i Inspektoratit Komb\u00ebtar Nd\u00ebrtimor, Gjergj Bojaxhi, po p\u00ebrdoret p\u00ebr t\u00eb b\u00ebr\u00eb ca pun\u00eb me spec, me t\u00eb cilat vet\u00eb pushteti nuk d\u00ebshiron t\u00eb p\u00ebrballet. P\u00ebrkundrazi, ngjan se pushteti po b\u00ebn \u00e7mos q\u00eb viktimat [&hellip;]\" \/>\n<meta property=\"og:url\" content=\"https:\/\/fjala.info\/2009-2015\/te-gjithe-bejne-sehir-inspektoratin-e-ndertimit\/\" \/>\n<meta property=\"og:site_name\" content=\"FjALA e LIR\u00cb - Arkivi\" \/>\n<meta property=\"article:published_time\" content=\"2010-07-04T08:09:39+00:00\" \/>\n<meta property=\"og:image\" content=\"http:\/\/www.shkoder.net\/images\/fjala\/mustafa_nano.jpg\" \/>\n<meta name=\"author\" content=\"admin\" \/>\n<meta name=\"twitter:card\" content=\"summary_large_image\" \/>\n<meta name=\"twitter:label1\" content=\"Written by\" \/>\n\t<meta name=\"twitter:data1\" content=\"admin\" \/>\n\t<meta name=\"twitter:label2\" content=\"Est. reading time\" \/>\n\t<meta name=\"twitter:data2\" content=\"3 minutes\" \/>\n<script type=\"application\/ld+json\" class=\"yoast-schema-graph\">{\"@context\":\"https:\\\/\\\/schema.org\",\"@graph\":[{\"@type\":\"Article\",\"@id\":\"https:\\\/\\\/fjala.info\\\/2009-2015\\\/te-gjithe-bejne-sehir-inspektoratin-e-ndertimit\\\/#article\",\"isPartOf\":{\"@id\":\"https:\\\/\\\/fjala.info\\\/2009-2015\\\/te-gjithe-bejne-sehir-inspektoratin-e-ndertimit\\\/\"},\"author\":{\"name\":\"admin\",\"@id\":\"https:\\\/\\\/fjala.info\\\/2009-2015\\\/#\\\/schema\\\/person\\\/3aa1163ef05469c496fc94e77611ada2\"},\"headline\":\"T\u00cb GJITH\u00cb B\u00cbJN\u00cb SEHIR INSPEKTORATIN E ND\u00cbRTIMIT\",\"datePublished\":\"2010-07-04T08:09:39+00:00\",\"mainEntityOfPage\":{\"@id\":\"https:\\\/\\\/fjala.info\\\/2009-2015\\\/te-gjithe-bejne-sehir-inspektoratin-e-ndertimit\\\/\"},\"wordCount\":602,\"commentCount\":0,\"publisher\":{\"@id\":\"https:\\\/\\\/fjala.info\\\/2009-2015\\\/#organization\"},\"image\":{\"@id\":\"https:\\\/\\\/fjala.info\\\/2009-2015\\\/te-gjithe-bejne-sehir-inspektoratin-e-ndertimit\\\/#primaryimage\"},\"thumbnailUrl\":\"http:\\\/\\\/www.shkoder.net\\\/images\\\/fjala\\\/mustafa_nano.jpg\",\"articleSection\":[\"Artikuj\"],\"inLanguage\":\"sq-AL\",\"potentialAction\":[{\"@type\":\"CommentAction\",\"name\":\"Comment\",\"target\":[\"https:\\\/\\\/fjala.info\\\/2009-2015\\\/te-gjithe-bejne-sehir-inspektoratin-e-ndertimit\\\/#respond\"]}]},{\"@type\":\"WebPage\",\"@id\":\"https:\\\/\\\/fjala.info\\\/2009-2015\\\/te-gjithe-bejne-sehir-inspektoratin-e-ndertimit\\\/\",\"url\":\"https:\\\/\\\/fjala.info\\\/2009-2015\\\/te-gjithe-bejne-sehir-inspektoratin-e-ndertimit\\\/\",\"name\":\"T\u00cb GJITH\u00cb B\u00cbJN\u00cb SEHIR INSPEKTORATIN E ND\u00cbRTIMIT - FjALA e LIR\u00cb - Arkivi\",\"isPartOf\":{\"@id\":\"https:\\\/\\\/fjala.info\\\/2009-2015\\\/#website\"},\"primaryImageOfPage\":{\"@id\":\"https:\\\/\\\/fjala.info\\\/2009-2015\\\/te-gjithe-bejne-sehir-inspektoratin-e-ndertimit\\\/#primaryimage\"},\"image\":{\"@id\":\"https:\\\/\\\/fjala.info\\\/2009-2015\\\/te-gjithe-bejne-sehir-inspektoratin-e-ndertimit\\\/#primaryimage\"},\"thumbnailUrl\":\"http:\\\/\\\/www.shkoder.net\\\/images\\\/fjala\\\/mustafa_nano.jpg\",\"datePublished\":\"2010-07-04T08:09:39+00:00\",\"breadcrumb\":{\"@id\":\"https:\\\/\\\/fjala.info\\\/2009-2015\\\/te-gjithe-bejne-sehir-inspektoratin-e-ndertimit\\\/#breadcrumb\"},\"inLanguage\":\"sq-AL\",\"potentialAction\":[{\"@type\":\"ReadAction\",\"target\":[\"https:\\\/\\\/fjala.info\\\/2009-2015\\\/te-gjithe-bejne-sehir-inspektoratin-e-ndertimit\\\/\"]}]},{\"@type\":\"ImageObject\",\"inLanguage\":\"sq-AL\",\"@id\":\"https:\\\/\\\/fjala.info\\\/2009-2015\\\/te-gjithe-bejne-sehir-inspektoratin-e-ndertimit\\\/#primaryimage\",\"url\":\"http:\\\/\\\/www.shkoder.net\\\/images\\\/fjala\\\/mustafa_nano.jpg\",\"contentUrl\":\"http:\\\/\\\/www.shkoder.net\\\/images\\\/fjala\\\/mustafa_nano.jpg\"},{\"@type\":\"BreadcrumbList\",\"@id\":\"https:\\\/\\\/fjala.info\\\/2009-2015\\\/te-gjithe-bejne-sehir-inspektoratin-e-ndertimit\\\/#breadcrumb\",\"itemListElement\":[{\"@type\":\"ListItem\",\"position\":1,\"name\":\"Home\",\"item\":\"https:\\\/\\\/fjala.info\\\/2009-2015\\\/\"},{\"@type\":\"ListItem\",\"position\":2,\"name\":\"T\u00cb GJITH\u00cb B\u00cbJN\u00cb SEHIR INSPEKTORATIN E ND\u00cbRTIMIT\"}]},{\"@type\":\"WebSite\",\"@id\":\"https:\\\/\\\/fjala.info\\\/2009-2015\\\/#website\",\"url\":\"https:\\\/\\\/fjala.info\\\/2009-2015\\\/\",\"name\":\"FjALA e LIR\u00cb - Arkivi\",\"description\":\"Arkivi 2009-2015\",\"publisher\":{\"@id\":\"https:\\\/\\\/fjala.info\\\/2009-2015\\\/#organization\"},\"potentialAction\":[{\"@type\":\"SearchAction\",\"target\":{\"@type\":\"EntryPoint\",\"urlTemplate\":\"https:\\\/\\\/fjala.info\\\/2009-2015\\\/?s={search_term_string}\"},\"query-input\":{\"@type\":\"PropertyValueSpecification\",\"valueRequired\":true,\"valueName\":\"search_term_string\"}}],\"inLanguage\":\"sq-AL\"},{\"@type\":\"Organization\",\"@id\":\"https:\\\/\\\/fjala.info\\\/2009-2015\\\/#organization\",\"name\":\"FjALA e LIR\u00cb - Arkivi\",\"url\":\"https:\\\/\\\/fjala.info\\\/2009-2015\\\/\",\"logo\":{\"@type\":\"ImageObject\",\"inLanguage\":\"sq-AL\",\"@id\":\"https:\\\/\\\/fjala.info\\\/2009-2015\\\/#\\\/schema\\\/logo\\\/image\\\/\",\"url\":\"\",\"contentUrl\":\"\",\"caption\":\"FjALA e LIR\u00cb - Arkivi\"},\"image\":{\"@id\":\"https:\\\/\\\/fjala.info\\\/2009-2015\\\/#\\\/schema\\\/logo\\\/image\\\/\"}},{\"@type\":\"Person\",\"@id\":\"https:\\\/\\\/fjala.info\\\/2009-2015\\\/#\\\/schema\\\/person\\\/3aa1163ef05469c496fc94e77611ada2\",\"name\":\"admin\",\"image\":{\"@type\":\"ImageObject\",\"inLanguage\":\"sq-AL\",\"@id\":\"https:\\\/\\\/fjala.info\\\/2009-2015\\\/wp-content\\\/uploads\\\/2012\\\/02\\\/arben_cokaj-120x150.jpg\",\"url\":\"https:\\\/\\\/fjala.info\\\/2009-2015\\\/wp-content\\\/uploads\\\/2012\\\/02\\\/arben_cokaj-120x150.jpg\",\"contentUrl\":\"https:\\\/\\\/fjala.info\\\/2009-2015\\\/wp-content\\\/uploads\\\/2012\\\/02\\\/arben_cokaj-120x150.jpg\",\"caption\":\"admin\"},\"description\":\"Admin, Fjala e Lir\u00eb\",\"sameAs\":[\"https:\\\/\\\/fjala.info\\\/\"],\"url\":\"https:\\\/\\\/fjala.info\\\/2009-2015\\\/author\\\/admin\\\/\"}]}<\/script>\n<!-- \/ Yoast SEO plugin. -->","yoast_head_json":{"title":"T\u00cb GJITH\u00cb B\u00cbJN\u00cb SEHIR INSPEKTORATIN E ND\u00cbRTIMIT - FjALA e LIR\u00cb - Arkivi","robots":{"index":"index","follow":"follow","max-snippet":"max-snippet:-1","max-image-preview":"max-image-preview:large","max-video-preview":"max-video-preview:-1"},"canonical":"https:\/\/fjala.info\/2009-2015\/te-gjithe-bejne-sehir-inspektoratin-e-ndertimit\/","og_locale":"sq_AL","og_type":"article","og_title":"T\u00cb GJITH\u00cb B\u00cbJN\u00cb SEHIR INSPEKTORATIN E ND\u00cbRTIMIT - FjALA e LIR\u00cb - Arkivi","og_description":"Mustafa Nano Zululand Ka jav\u00eb q\u00eb ka nisur nj\u00eb aksion p\u00ebr prishjen e nd\u00ebrtimeve pa leje, dhe t\u00eb krijohet p\u00ebrshtypja se kreu i Inspektoratit Komb\u00ebtar Nd\u00ebrtimor, Gjergj Bojaxhi, po p\u00ebrdoret p\u00ebr t\u00eb b\u00ebr\u00eb ca pun\u00eb me spec, me t\u00eb cilat vet\u00eb pushteti nuk d\u00ebshiron t\u00eb p\u00ebrballet. P\u00ebrkundrazi, ngjan se pushteti po b\u00ebn \u00e7mos q\u00eb viktimat [&hellip;]","og_url":"https:\/\/fjala.info\/2009-2015\/te-gjithe-bejne-sehir-inspektoratin-e-ndertimit\/","og_site_name":"FjALA e LIR\u00cb - Arkivi","article_published_time":"2010-07-04T08:09:39+00:00","og_image":[{"url":"http:\/\/www.shkoder.net\/images\/fjala\/mustafa_nano.jpg","type":"","width":"","height":""}],"author":"admin","twitter_card":"summary_large_image","twitter_misc":{"Written by":"admin","Est. reading time":"3 minutes"},"schema":{"@context":"https:\/\/schema.org","@graph":[{"@type":"Article","@id":"https:\/\/fjala.info\/2009-2015\/te-gjithe-bejne-sehir-inspektoratin-e-ndertimit\/#article","isPartOf":{"@id":"https:\/\/fjala.info\/2009-2015\/te-gjithe-bejne-sehir-inspektoratin-e-ndertimit\/"},"author":{"name":"admin","@id":"https:\/\/fjala.info\/2009-2015\/#\/schema\/person\/3aa1163ef05469c496fc94e77611ada2"},"headline":"T\u00cb GJITH\u00cb B\u00cbJN\u00cb SEHIR INSPEKTORATIN E ND\u00cbRTIMIT","datePublished":"2010-07-04T08:09:39+00:00","mainEntityOfPage":{"@id":"https:\/\/fjala.info\/2009-2015\/te-gjithe-bejne-sehir-inspektoratin-e-ndertimit\/"},"wordCount":602,"commentCount":0,"publisher":{"@id":"https:\/\/fjala.info\/2009-2015\/#organization"},"image":{"@id":"https:\/\/fjala.info\/2009-2015\/te-gjithe-bejne-sehir-inspektoratin-e-ndertimit\/#primaryimage"},"thumbnailUrl":"http:\/\/www.shkoder.net\/images\/fjala\/mustafa_nano.jpg","articleSection":["Artikuj"],"inLanguage":"sq-AL","potentialAction":[{"@type":"CommentAction","name":"Comment","target":["https:\/\/fjala.info\/2009-2015\/te-gjithe-bejne-sehir-inspektoratin-e-ndertimit\/#respond"]}]},{"@type":"WebPage","@id":"https:\/\/fjala.info\/2009-2015\/te-gjithe-bejne-sehir-inspektoratin-e-ndertimit\/","url":"https:\/\/fjala.info\/2009-2015\/te-gjithe-bejne-sehir-inspektoratin-e-ndertimit\/","name":"T\u00cb GJITH\u00cb B\u00cbJN\u00cb SEHIR INSPEKTORATIN E ND\u00cbRTIMIT - FjALA e LIR\u00cb - Arkivi","isPartOf":{"@id":"https:\/\/fjala.info\/2009-2015\/#website"},"primaryImageOfPage":{"@id":"https:\/\/fjala.info\/2009-2015\/te-gjithe-bejne-sehir-inspektoratin-e-ndertimit\/#primaryimage"},"image":{"@id":"https:\/\/fjala.info\/2009-2015\/te-gjithe-bejne-sehir-inspektoratin-e-ndertimit\/#primaryimage"},"thumbnailUrl":"http:\/\/www.shkoder.net\/images\/fjala\/mustafa_nano.jpg","datePublished":"2010-07-04T08:09:39+00:00","breadcrumb":{"@id":"https:\/\/fjala.info\/2009-2015\/te-gjithe-bejne-sehir-inspektoratin-e-ndertimit\/#breadcrumb"},"inLanguage":"sq-AL","potentialAction":[{"@type":"ReadAction","target":["https:\/\/fjala.info\/2009-2015\/te-gjithe-bejne-sehir-inspektoratin-e-ndertimit\/"]}]},{"@type":"ImageObject","inLanguage":"sq-AL","@id":"https:\/\/fjala.info\/2009-2015\/te-gjithe-bejne-sehir-inspektoratin-e-ndertimit\/#primaryimage","url":"http:\/\/www.shkoder.net\/images\/fjala\/mustafa_nano.jpg","contentUrl":"http:\/\/www.shkoder.net\/images\/fjala\/mustafa_nano.jpg"},{"@type":"BreadcrumbList","@id":"https:\/\/fjala.info\/2009-2015\/te-gjithe-bejne-sehir-inspektoratin-e-ndertimit\/#breadcrumb","itemListElement":[{"@type":"ListItem","position":1,"name":"Home","item":"https:\/\/fjala.info\/2009-2015\/"},{"@type":"ListItem","position":2,"name":"T\u00cb GJITH\u00cb B\u00cbJN\u00cb SEHIR INSPEKTORATIN E ND\u00cbRTIMIT"}]},{"@type":"WebSite","@id":"https:\/\/fjala.info\/2009-2015\/#website","url":"https:\/\/fjala.info\/2009-2015\/","name":"FjALA e LIR\u00cb - Arkivi","description":"Arkivi 2009-2015","publisher":{"@id":"https:\/\/fjala.info\/2009-2015\/#organization"},"potentialAction":[{"@type":"SearchAction","target":{"@type":"EntryPoint","urlTemplate":"https:\/\/fjala.info\/2009-2015\/?s={search_term_string}"},"query-input":{"@type":"PropertyValueSpecification","valueRequired":true,"valueName":"search_term_string"}}],"inLanguage":"sq-AL"},{"@type":"Organization","@id":"https:\/\/fjala.info\/2009-2015\/#organization","name":"FjALA e LIR\u00cb - Arkivi","url":"https:\/\/fjala.info\/2009-2015\/","logo":{"@type":"ImageObject","inLanguage":"sq-AL","@id":"https:\/\/fjala.info\/2009-2015\/#\/schema\/logo\/image\/","url":"","contentUrl":"","caption":"FjALA e LIR\u00cb - Arkivi"},"image":{"@id":"https:\/\/fjala.info\/2009-2015\/#\/schema\/logo\/image\/"}},{"@type":"Person","@id":"https:\/\/fjala.info\/2009-2015\/#\/schema\/person\/3aa1163ef05469c496fc94e77611ada2","name":"admin","image":{"@type":"ImageObject","inLanguage":"sq-AL","@id":"https:\/\/fjala.info\/2009-2015\/wp-content\/uploads\/2012\/02\/arben_cokaj-120x150.jpg","url":"https:\/\/fjala.info\/2009-2015\/wp-content\/uploads\/2012\/02\/arben_cokaj-120x150.jpg","contentUrl":"https:\/\/fjala.info\/2009-2015\/wp-content\/uploads\/2012\/02\/arben_cokaj-120x150.jpg","caption":"admin"},"description":"Admin, Fjala e Lir\u00eb","sameAs":["https:\/\/fjala.info\/"],"url":"https:\/\/fjala.info\/2009-2015\/author\/admin\/"}]}},"_links":{"self":[{"href":"https:\/\/fjala.info\/2009-2015\/wp-json\/wp\/v2\/posts\/3191","targetHints":{"allow":["GET"]}}],"collection":[{"href":"https:\/\/fjala.info\/2009-2015\/wp-json\/wp\/v2\/posts"}],"about":[{"href":"https:\/\/fjala.info\/2009-2015\/wp-json\/wp\/v2\/types\/post"}],"author":[{"embeddable":true,"href":"https:\/\/fjala.info\/2009-2015\/wp-json\/wp\/v2\/users\/1"}],"replies":[{"embeddable":true,"href":"https:\/\/fjala.info\/2009-2015\/wp-json\/wp\/v2\/comments?post=3191"}],"version-history":[{"count":0,"href":"https:\/\/fjala.info\/2009-2015\/wp-json\/wp\/v2\/posts\/3191\/revisions"}],"wp:attachment":[{"href":"https:\/\/fjala.info\/2009-2015\/wp-json\/wp\/v2\/media?parent=3191"}],"wp:term":[{"taxonomy":"category","embeddable":true,"href":"https:\/\/fjala.info\/2009-2015\/wp-json\/wp\/v2\/categories?post=3191"},{"taxonomy":"post_tag","embeddable":true,"href":"https:\/\/fjala.info\/2009-2015\/wp-json\/wp\/v2\/tags?post=3191"}],"curies":[{"name":"wp","href":"https:\/\/api.w.org\/{rel}","templated":true}]}}