{"id":3189,"date":"2010-07-04T09:06:45","date_gmt":"2010-07-04T08:06:45","guid":{"rendered":"http:\/\/fjala.shkoder.net\/?p=3189"},"modified":"2010-07-04T09:06:45","modified_gmt":"2010-07-04T08:06:45","slug":"kujdes-skeni-si-i-shkembeni-varret","status":"publish","type":"post","link":"https:\/\/fjala.info\/2009-2015\/kujdes-skeni-si-i-shkembeni-varret\/","title":{"rendered":"KUJDES, S\u2019KENI SI I SHK\u00cbMBENI VARRET"},"content":{"rendered":"<p><img decoding=\"async\" style=\"margin-left: 10px; margin-right: 10px; border: 0px;\" src=\"http:\/\/www.shkoder.net\/images\/fjala\/kim_mehmeti.jpg\" border=\"0\" alt=\"Kim Mehmeti\" width=\"100\" align=\"right\" \/><\/p>\n<p><strong>Kim Mehmeti<\/strong><\/p>\n<p>Hap\u00ebsirat e k\u00ebtij Ballkani shpesh jan\u00eb cop\u00ebtuar dhe jan\u00eb arnuar ashtu si\u00e7 nuk ta merr mendja, por edhe nga hartat e reja, nj\u00ebsoj t\u00eb pak\u00ebnaqur kan\u00eb qen\u00eb edhe ata q\u00eb kan\u00eb marr\u00eb m\u00eb shum\u00eb se q\u00eb u takon, si edhe ata nga prona e t\u00eb cil\u00ebve \u00ebsht\u00eb shp\u00ebrblyer i p\u00ebrk\u00ebdheluri i atyre q\u00eb i kan\u00eb rivizatuar hartat e shteteve ballkanike. Pastaj, sa her\u00eb q\u00eb Ballkani \u00ebsht\u00eb m\u00ebrzitur nga vetvetja, sa her\u00eb q\u00eb ai nuk ka mundur t\u00eb komunikoj\u00eb brenda vetvetes, jan\u00eb rihapur temat p\u00ebr gabimet historike q\u00eb u jan\u00eb b\u00ebr\u00eb popujve t\u00eb k\u00ebtush\u00ebm dhe kan\u00eb filluar debatet p\u00ebr mund\u00ebsin\u00eb e korrigjimit t\u00eb mundsh\u00ebm t\u00eb kufijve etnik\u00eb.<\/p>\n<p>Andaj, ke p\u00ebrshtypjen se t\u00eb gjith\u00eb kufijt\u00eb nd\u00ebrshtet\u00ebror\u00eb n\u00eb k\u00ebto hap\u00ebsira jan\u00eb t\u00eb p\u00ebrkohsh\u00ebm, se ata jan\u00eb pranuar vet\u00ebm sa t\u00eb marrin pak frym\u00eb popujt e k\u00ebtush\u00ebm, e t\u00eb cil\u00ebt jan\u00eb aq t\u00eb ndjesh\u00ebm kur ua shan\u00eb maman\u00eb, por b\u00ebhen se nuk t\u00eb d\u00ebgjojn\u00eb kur ua ofendon baban\u00eb, mbase shkaku se et\u00ebrit e k\u00ebtush\u00ebm llogariten si m\u00ebkatar\u00eb e fajtor\u00eb pse nuk ia kan\u00eb dal\u00eb me koh\u00eb ta zgjerojn\u00eb \u201car\u00ebn\u201d etnike m\u00eb tej n\u00eb veri e n\u00eb jug, n\u00eb lindje e n\u00eb per\u00ebndim t\u00eb Ballkanit.<\/p>\n<p>Pra, pse nuk ia kan\u00eb dal\u00eb ta zgjerojn\u00eb shtetin etnik deri aty, nga pasardh\u00ebsit e tyre, do mund t\u00eb shihnin se edhe m\u00eb tej ka tok\u00eb dhe det p\u00ebr grabitje, se nga t\u00eb gjitha an\u00ebt e k\u00ebsaj bote jetojn\u00eb njer\u00ebzit q\u00eb m\u00eb lezetsh\u00ebm e shijojn\u00eb t\u00eb huaj\u00ebn se t\u00eb veten, por t\u00eb cil\u00ebt dallohen nga nj\u00ebri-tjetri vet\u00ebm n\u00ebp\u00ebrmjet asaj sa mund ta kontrollojn\u00eb k\u00ebt\u00eb gryk\u00ebsi t\u00eb veten dhe, sa jan\u00eb m\u00ebsuar t\u00eb jetojn\u00eb t\u00eb k\u00ebnaqur me at\u00eb q\u00eb kan\u00eb dhe me aq sa u takon.<\/p>\n<p>Thuajse gjithmon\u00eb kur \u00ebsht\u00eb rihapur tema \u201cKorrigjimi i kufijve t\u00eb shteteve t\u00eb Ballkanit\u201d, biseda ka filluar me hap\u00ebsirat e popullit t\u00eb \u201cvetmuar\u201d t\u00eb k\u00ebtush\u00ebm \u2013 me kufijt\u00eb etnik\u00eb t\u00eb shqiptar\u00ebve. Gj\u00eb q\u00eb d\u00ebshmohet edhe sot kur dikush p\u00ebrmend korrigjim kufijsh, e kur t\u00eb gjith\u00eb e kthejn\u00eb kok\u00ebn nga Kosova dhe viset shqiptare, mbase shkaku se u \u00ebsht\u00eb b\u00ebr\u00eb shprehi q\u00eb \u00e7do paqe e arritur n\u00eb Ballkan t\u00eb p\u00ebrfundoj\u00eb me tkurrjen e trojeve shqiptare.<\/p>\n<p>Tkurrje e cila ka filluar para se t\u00eb nis\u00eb shp\u00ebrb\u00ebrja e Perandoris\u00eb Osmane, e q\u00eb u p\u00ebrmbyll pas Luft\u00ebs s\u00eb Dyt\u00eb Bot\u00ebrore me humbjen e \u00c7am\u00ebris\u00eb dhe l\u00ebnien e gjysm\u00ebs s\u00eb shqiptaris\u00eb n\u00eb federat\u00ebn e Titos. Gj\u00eb q\u00eb vazhdoi edhe pas \u201cdemokratizimit\u201d t\u00eb Ballkanit, kur shqiptar\u00ebve u ra n\u00eb hise t\u00eb \u201casistonin\u201d gjat\u00eb m\u00ebvet\u00ebsimit t\u00eb disa shteteve \u201cxhuxh\u201d t\u00eb Ballkanit edhe at\u00eb duke shpresuar se nj\u00eb dit\u00eb do takohen n\u00eb Bruksel, ku do realizojn\u00eb bashkimin v\u00ebllaz\u00ebror, por duke jetuar n\u00eb nd\u00ebrtesa t\u00eb ndryshme, t\u00eb kontrolluara nga t\u00eb tjer\u00ebt.<\/p>\n<p>Kur flitet p\u00ebr mund\u00ebsin\u00eb e korrigjimit t\u00eb kufijve t\u00eb shteteve t\u00eb Ballkanit \u2013 th\u00ebn\u00eb m\u00eb sakt\u00eb, kur flitet p\u00ebr shk\u00ebmbim territoresh mes Kosov\u00ebs dhe Serbis\u00eb, b\u00ebhen dy gabime: nj\u00ebrin q\u00eb e b\u00ebn bashk\u00ebsia nd\u00ebrkomb\u00ebtare, e cila beson se me k\u00ebt\u00eb do arrij\u00eb t\u2019i b\u00ebj\u00eb t\u00eb p\u00ebrjetsh\u00ebm kufijt\u00eb e k\u00ebtush\u00ebm, dhe gabimi i dyt\u00eb, at\u00eb q\u00eb e b\u00ebjn\u00eb shqiptar\u00ebt, duke i ikur k\u00ebtij debati si djalli temjanit. Pra, gabimi i par\u00eb ka t\u00eb b\u00ebj\u00eb me qendrat q\u00eb vendosin p\u00ebr fatin e popujve t\u00eb vegj\u00ebl t\u00eb Ballkanit, e t\u00eb cilat qendra kurr\u00eb nuk e kuptuan se d\u00ebgjueshm\u00ebria e disa politikan\u00ebve t\u00eb Ballkanit \u00ebsht\u00eb e ngjashme me at\u00eb t\u00eb qenve: heshtin dhe u n\u00ebnshtrohen urdhrave, por posa d\u00ebgjojn\u00eb lehje, t\u00eb gjith\u00eb fillojn\u00eb t\u00eb ul\u00ebrijn\u00eb.<\/p>\n<p>Gabimi i dyt\u00eb ka t\u00eb b\u00ebj\u00eb me mosgatishm\u00ebrin\u00eb e elitave politike shqiptare t\u00eb merren me k\u00ebt\u00eb tem\u00eb dhe t\u00eb dalin e t\u00eb thon\u00eb hapur: po, mund t\u00eb bisedojm\u00eb edhe p\u00ebr korrigjimin e kufijve t\u00eb k\u00ebtush\u00ebm, por duke rishikuar hart\u00ebn e Ballkanit n\u00eb t\u00ebr\u00ebsi dhe duke pasur parasysh t\u00eb gjitha trojet shqiptare. Pra, t\u00eb k\u00ebrkojn\u00eb q\u00eb \u00e7\u00ebshtja e kufijve t\u00eb trojeve shqiptare t\u00eb shikohet n\u00eb rrafshin mbar\u00ebballkanik dhe, n\u00ebse do rivizatoheshin hartat ashtu si\u00e7 e d\u00ebshiron Beogradi \u2013 deri aty ku ka edhe nj\u00eb fshat serb t\u00eb quhet Serbi, at\u00ebher\u00eb e nj\u00ebjta t\u00eb vlej\u00eb edhe p\u00ebr t\u00eb tjer\u00ebt dhe deri aty ku ka shqiptar\u00eb, t\u00eb quhet Shqip\u00ebri.<\/p>\n<p>Por, duke qen\u00eb elitat politike shqiptare shum\u00eb \u201cproeuropiane\u201d dhe shum\u00eb \u201cproper\u00ebndimore\u201d, le q\u00eb ato asnj\u00ebher\u00eb nuk jan\u00eb mbledhur tro\u00e7 q\u00eb t\u00eb merren vesh se si do vepronin n\u00ebse do fillonte korrigjimi i kufijve shtet\u00ebror\u00eb n\u00eb k\u00ebt\u00eb pjes\u00eb t\u00eb Ballkanit, por atyre u lidhet gjuha n\u00eb nyje posa ndokush p\u00ebrmend mund\u00ebsin\u00eb e rivizatimit t\u00eb hart\u00ebs s\u00eb k\u00ebsaj pjese t\u00eb Ballkanit.<\/p>\n<p>Me \u00e7ka njeriu fiton p\u00ebrshtypjen e gabuar se shqiptar\u00ebt jan\u00eb i vetmi popull i k\u00ebtush\u00ebm q\u00eb \u00ebsht\u00eb i k\u00ebnaqur me ndasit\u00eb e fundit shtet\u00ebrore n\u00eb Ballkan, si dhe p\u00ebrshtypjen e sakt\u00eb, se elitat politike t\u00eb k\u00ebtij populli kan\u00eb mbetur peng te kufijt\u00eb mendor\u00eb q\u00eb ndajn\u00eb \u201cprincipatat\u201d q\u00eb ata i sundojn\u00eb. Dhe duke qen\u00eb t\u00eb till\u00eb, ata nuk e kuptojn\u00eb se edhe mosb\u00ebrja e asaj q\u00eb duhet b\u00ebr\u00eb, t\u00eb b\u00ebn nj\u00ebsoj fajtor sa edhe gjith\u00eb t\u00eb tjer\u00ebt q\u00eb ngulmojn\u00eb t\u00eb shk\u00ebmbehen territore, sa gjith\u00eb ata q\u00eb harrojn\u00eb se t\u00eb gjall\u00ebt edhe mund t\u00eb merren vesh si t\u2019i shk\u00ebmbejn\u00eb pronat e tyre, por s\u2019ke ku i \u00e7on t\u00eb vdekurit, s\u2019ke si i shk\u00ebmben varret e atyre q\u00eb kan\u00eb jetuar e besuar se do t\u00eb treten n\u00eb vendin e vet.<\/p>\n<p>Pra, duke qen\u00eb politikan\u00ebt shqiptar\u00eb t\u00eb till\u00eb si\u00e7 jan\u00eb \u2013 q\u00eb sundojn\u00eb me ne, por sillen si t\u00eb ishin komisar\u00eb p\u00ebr zgjerimin e Unionit Europian dhe NATO-s &#8211; ata ende nuk ia dalin t\u00eb kuptojn\u00eb se n\u00eb k\u00ebt\u00eb Ballkan thuajse kurr\u00eb nuk \u00ebsht\u00eb vendosur sipas parimit t\u00eb mos e d\u00ebmtosh m\u00eb t\u00eb dob\u00ebtin, por ta k\u00ebnaq\u00ebsh m\u00eb t\u00eb fortin. Duke qen\u00eb pra t\u00eb till\u00eb, politikan\u00ebt shqiptar\u00eb nuk din\u00eb t\u2019ua shtrojn\u00eb pyetjen m\u00eb t\u00eb r\u00ebnd\u00ebsishme atyre q\u00eb propozojn\u00eb shk\u00ebmbim territoresh: \u00c7ka do u ofrojn\u00eb shqiptar\u00ebve t\u00eb Maqedonis\u00eb dhe atyre t\u00eb Malit t\u00eb Zi q\u00eb ata t\u00eb mos k\u00ebrkojn\u00eb edhe korrigjimin e kufijve t\u00eb shteteve ku jetojn\u00eb?<br \/>\nHartat n\u00eb Ballkan shpesh jan\u00eb arnuar sipas parimit \u201ci forti e di \u00e7\u2019\u00ebsht\u00eb m\u00eb e mir\u00eb p\u00ebr t\u00eb dob\u00ebtin\u201d.<\/p>\n<p>Dhe ka ndodhur q\u00eb i dob\u00ebti t\u00eb hesht\u00eb e ta \u201cpranoj\u00eb\u201d zgjidhjen. Por, me k\u00ebt\u00eb vet\u00ebm p\u00ebrkoh\u00ebsisht jan\u00eb heshtur z\u00ebnkat dhe gjakderdhjet. Andaj edhe historia e Ballkanit \u00ebsht\u00eb e bezdisshme, at\u00eb e p\u00ebrb\u00ebjn\u00eb kaptina ku koh\u00eb pas kohe p\u00ebrs\u00ebriten mosmarr\u00ebveshjet e nj\u00ebjta dhe t\u00eb ngjan thuajse lexon rr\u00ebfimin p\u00ebr elefantin q\u00eb kurr\u00eb nuk e pyet buburrecin se ku ta v\u00ebr\u00eb k\u00ebmb\u00ebn, apo at\u00eb p\u00ebr lepujt dhe macet q\u00eb b\u00ebjn\u00eb aleanc\u00eb p\u00ebr t\u2019u mbrojtur nga zagar\u00ebt, por duke harruar se jan\u00eb n\u00ebn v\u00ebshtrimin e skifter\u00ebve q\u00eb flatrojn\u00eb lart n\u00eb qiell. Dhe duke qen\u00eb historia e k\u00ebtyre hap\u00ebsirave e till\u00eb, nuk \u00ebsht\u00eb e pamundur q\u00eb fillimshekulli i nj\u00ebzetenj\u00ebt\u00eb ta begatoj\u00eb at\u00eb edhe me nj\u00eb kaptin\u00eb p\u00ebr korrigjim m\u00eb t\u00eb ri t\u00eb kufijve etnik\u00eb t\u00eb k\u00ebtyre hap\u00ebsirave.<\/p>\n<p>Por, n\u00ebse ndodh kjo, at\u00ebher\u00eb q\u00eb tani mund t\u00eb thuhet se vet\u00ebg\u00ebnjehen ata q\u00eb mendojn\u00eb se n\u00eb k\u00ebt\u00eb kaptin\u00eb do p\u00ebrfshihen vet\u00ebm Kosova e Serbia. Apo th\u00ebn\u00eb edhe m\u00eb sakt\u00eb, n\u00ebse veriu i Kosov\u00ebs do shk\u00ebmbehej p\u00ebr nj\u00eb pjes\u00eb t\u00eb jugut t\u00eb Serbis\u00eb, at\u00ebher\u00eb vetvetiu do shlyheshin edhe shum\u00eb kufij t\u00eb tjer\u00eb n\u00eb veri e n\u00eb jug t\u00eb Ballkanit. Me \u00e7ka mbase n\u00eb k\u00ebto hap\u00ebsira do zvog\u00eblohej numri i shteteve dhe nga hartat e k\u00ebsaj hap\u00ebsire do shlyheshin shtetet q\u00eb edhe ashtu t\u00eb duket se kan\u00eb t\u00eb sotme t\u00eb p\u00ebrkohshme, si\u00e7 jan\u00eb p\u00ebr shembull Bosnja dhe Maqedonia.<\/p>\n","protected":false},"excerpt":{"rendered":"<p>Kim Mehmeti Hap\u00ebsirat e k\u00ebtij Ballkani shpesh jan\u00eb cop\u00ebtuar dhe jan\u00eb arnuar ashtu si\u00e7 nuk ta merr mendja, por edhe nga hartat e reja, nj\u00ebsoj t\u00eb pak\u00ebnaqur kan\u00eb qen\u00eb edhe ata q\u00eb kan\u00eb marr\u00eb m\u00eb shum\u00eb se q\u00eb u takon, si edhe ata nga prona e t\u00eb cil\u00ebve \u00ebsht\u00eb shp\u00ebrblyer i p\u00ebrk\u00ebdheluri i atyre q\u00eb [&hellip;]<\/p>\n","protected":false},"author":1,"featured_media":0,"comment_status":"open","ping_status":"closed","sticky":false,"template":"","format":"standard","meta":{"footnotes":""},"categories":[2],"tags":[],"class_list":{"0":"post-3189","1":"post","2":"type-post","3":"status-publish","4":"format-standard","6":"category-artikuj"},"yoast_head":"<!-- This site is optimized with the Yoast SEO plugin v27.4 - https:\/\/yoast.com\/product\/yoast-seo-wordpress\/ -->\n<title>KUJDES, S\u2019KENI SI I SHK\u00cbMBENI VARRET - FjALA e LIR\u00cb - Arkivi<\/title>\n<meta name=\"robots\" content=\"index, follow, max-snippet:-1, max-image-preview:large, max-video-preview:-1\" \/>\n<link rel=\"canonical\" href=\"https:\/\/fjala.info\/2009-2015\/kujdes-skeni-si-i-shkembeni-varret\/\" \/>\n<meta property=\"og:locale\" content=\"sq_AL\" \/>\n<meta property=\"og:type\" content=\"article\" \/>\n<meta property=\"og:title\" content=\"KUJDES, S\u2019KENI SI I SHK\u00cbMBENI VARRET - FjALA e LIR\u00cb - Arkivi\" \/>\n<meta property=\"og:description\" content=\"Kim Mehmeti Hap\u00ebsirat e k\u00ebtij Ballkani shpesh jan\u00eb cop\u00ebtuar dhe jan\u00eb arnuar ashtu si\u00e7 nuk ta merr mendja, por edhe nga hartat e reja, nj\u00ebsoj t\u00eb pak\u00ebnaqur kan\u00eb qen\u00eb edhe ata q\u00eb kan\u00eb marr\u00eb m\u00eb shum\u00eb se q\u00eb u takon, si edhe ata nga prona e t\u00eb cil\u00ebve \u00ebsht\u00eb shp\u00ebrblyer i p\u00ebrk\u00ebdheluri i atyre q\u00eb [&hellip;]\" \/>\n<meta property=\"og:url\" content=\"https:\/\/fjala.info\/2009-2015\/kujdes-skeni-si-i-shkembeni-varret\/\" \/>\n<meta property=\"og:site_name\" content=\"FjALA e LIR\u00cb - Arkivi\" \/>\n<meta property=\"article:published_time\" content=\"2010-07-04T08:06:45+00:00\" \/>\n<meta property=\"og:image\" content=\"http:\/\/www.shkoder.net\/images\/fjala\/kim_mehmeti.jpg\" \/>\n<meta name=\"author\" content=\"admin\" \/>\n<meta name=\"twitter:card\" content=\"summary_large_image\" \/>\n<meta name=\"twitter:label1\" content=\"Written by\" \/>\n\t<meta name=\"twitter:data1\" content=\"admin\" \/>\n\t<meta name=\"twitter:label2\" content=\"Est. reading time\" \/>\n\t<meta name=\"twitter:data2\" content=\"7 minutes\" \/>\n<script type=\"application\/ld+json\" class=\"yoast-schema-graph\">{\"@context\":\"https:\\\/\\\/schema.org\",\"@graph\":[{\"@type\":\"Article\",\"@id\":\"https:\\\/\\\/fjala.info\\\/2009-2015\\\/kujdes-skeni-si-i-shkembeni-varret\\\/#article\",\"isPartOf\":{\"@id\":\"https:\\\/\\\/fjala.info\\\/2009-2015\\\/kujdes-skeni-si-i-shkembeni-varret\\\/\"},\"author\":{\"name\":\"admin\",\"@id\":\"https:\\\/\\\/fjala.info\\\/2009-2015\\\/#\\\/schema\\\/person\\\/3aa1163ef05469c496fc94e77611ada2\"},\"headline\":\"KUJDES, S\u2019KENI SI I SHK\u00cbMBENI VARRET\",\"datePublished\":\"2010-07-04T08:06:45+00:00\",\"mainEntityOfPage\":{\"@id\":\"https:\\\/\\\/fjala.info\\\/2009-2015\\\/kujdes-skeni-si-i-shkembeni-varret\\\/\"},\"wordCount\":1424,\"commentCount\":0,\"publisher\":{\"@id\":\"https:\\\/\\\/fjala.info\\\/2009-2015\\\/#organization\"},\"image\":{\"@id\":\"https:\\\/\\\/fjala.info\\\/2009-2015\\\/kujdes-skeni-si-i-shkembeni-varret\\\/#primaryimage\"},\"thumbnailUrl\":\"http:\\\/\\\/www.shkoder.net\\\/images\\\/fjala\\\/kim_mehmeti.jpg\",\"articleSection\":[\"Artikuj\"],\"inLanguage\":\"sq-AL\",\"potentialAction\":[{\"@type\":\"CommentAction\",\"name\":\"Comment\",\"target\":[\"https:\\\/\\\/fjala.info\\\/2009-2015\\\/kujdes-skeni-si-i-shkembeni-varret\\\/#respond\"]}]},{\"@type\":\"WebPage\",\"@id\":\"https:\\\/\\\/fjala.info\\\/2009-2015\\\/kujdes-skeni-si-i-shkembeni-varret\\\/\",\"url\":\"https:\\\/\\\/fjala.info\\\/2009-2015\\\/kujdes-skeni-si-i-shkembeni-varret\\\/\",\"name\":\"KUJDES, S\u2019KENI SI I SHK\u00cbMBENI VARRET - FjALA e LIR\u00cb - Arkivi\",\"isPartOf\":{\"@id\":\"https:\\\/\\\/fjala.info\\\/2009-2015\\\/#website\"},\"primaryImageOfPage\":{\"@id\":\"https:\\\/\\\/fjala.info\\\/2009-2015\\\/kujdes-skeni-si-i-shkembeni-varret\\\/#primaryimage\"},\"image\":{\"@id\":\"https:\\\/\\\/fjala.info\\\/2009-2015\\\/kujdes-skeni-si-i-shkembeni-varret\\\/#primaryimage\"},\"thumbnailUrl\":\"http:\\\/\\\/www.shkoder.net\\\/images\\\/fjala\\\/kim_mehmeti.jpg\",\"datePublished\":\"2010-07-04T08:06:45+00:00\",\"breadcrumb\":{\"@id\":\"https:\\\/\\\/fjala.info\\\/2009-2015\\\/kujdes-skeni-si-i-shkembeni-varret\\\/#breadcrumb\"},\"inLanguage\":\"sq-AL\",\"potentialAction\":[{\"@type\":\"ReadAction\",\"target\":[\"https:\\\/\\\/fjala.info\\\/2009-2015\\\/kujdes-skeni-si-i-shkembeni-varret\\\/\"]}]},{\"@type\":\"ImageObject\",\"inLanguage\":\"sq-AL\",\"@id\":\"https:\\\/\\\/fjala.info\\\/2009-2015\\\/kujdes-skeni-si-i-shkembeni-varret\\\/#primaryimage\",\"url\":\"http:\\\/\\\/www.shkoder.net\\\/images\\\/fjala\\\/kim_mehmeti.jpg\",\"contentUrl\":\"http:\\\/\\\/www.shkoder.net\\\/images\\\/fjala\\\/kim_mehmeti.jpg\"},{\"@type\":\"BreadcrumbList\",\"@id\":\"https:\\\/\\\/fjala.info\\\/2009-2015\\\/kujdes-skeni-si-i-shkembeni-varret\\\/#breadcrumb\",\"itemListElement\":[{\"@type\":\"ListItem\",\"position\":1,\"name\":\"Home\",\"item\":\"https:\\\/\\\/fjala.info\\\/2009-2015\\\/\"},{\"@type\":\"ListItem\",\"position\":2,\"name\":\"KUJDES, S\u2019KENI SI I SHK\u00cbMBENI VARRET\"}]},{\"@type\":\"WebSite\",\"@id\":\"https:\\\/\\\/fjala.info\\\/2009-2015\\\/#website\",\"url\":\"https:\\\/\\\/fjala.info\\\/2009-2015\\\/\",\"name\":\"FjALA e LIR\u00cb - Arkivi\",\"description\":\"Arkivi 2009-2015\",\"publisher\":{\"@id\":\"https:\\\/\\\/fjala.info\\\/2009-2015\\\/#organization\"},\"potentialAction\":[{\"@type\":\"SearchAction\",\"target\":{\"@type\":\"EntryPoint\",\"urlTemplate\":\"https:\\\/\\\/fjala.info\\\/2009-2015\\\/?s={search_term_string}\"},\"query-input\":{\"@type\":\"PropertyValueSpecification\",\"valueRequired\":true,\"valueName\":\"search_term_string\"}}],\"inLanguage\":\"sq-AL\"},{\"@type\":\"Organization\",\"@id\":\"https:\\\/\\\/fjala.info\\\/2009-2015\\\/#organization\",\"name\":\"FjALA e LIR\u00cb - Arkivi\",\"url\":\"https:\\\/\\\/fjala.info\\\/2009-2015\\\/\",\"logo\":{\"@type\":\"ImageObject\",\"inLanguage\":\"sq-AL\",\"@id\":\"https:\\\/\\\/fjala.info\\\/2009-2015\\\/#\\\/schema\\\/logo\\\/image\\\/\",\"url\":\"\",\"contentUrl\":\"\",\"caption\":\"FjALA e LIR\u00cb - Arkivi\"},\"image\":{\"@id\":\"https:\\\/\\\/fjala.info\\\/2009-2015\\\/#\\\/schema\\\/logo\\\/image\\\/\"}},{\"@type\":\"Person\",\"@id\":\"https:\\\/\\\/fjala.info\\\/2009-2015\\\/#\\\/schema\\\/person\\\/3aa1163ef05469c496fc94e77611ada2\",\"name\":\"admin\",\"image\":{\"@type\":\"ImageObject\",\"inLanguage\":\"sq-AL\",\"@id\":\"https:\\\/\\\/fjala.info\\\/2009-2015\\\/wp-content\\\/uploads\\\/2012\\\/02\\\/arben_cokaj-120x150.jpg\",\"url\":\"https:\\\/\\\/fjala.info\\\/2009-2015\\\/wp-content\\\/uploads\\\/2012\\\/02\\\/arben_cokaj-120x150.jpg\",\"contentUrl\":\"https:\\\/\\\/fjala.info\\\/2009-2015\\\/wp-content\\\/uploads\\\/2012\\\/02\\\/arben_cokaj-120x150.jpg\",\"caption\":\"admin\"},\"description\":\"Admin, Fjala e Lir\u00eb\",\"sameAs\":[\"https:\\\/\\\/fjala.info\\\/\"],\"url\":\"https:\\\/\\\/fjala.info\\\/2009-2015\\\/author\\\/admin\\\/\"}]}<\/script>\n<!-- \/ Yoast SEO plugin. -->","yoast_head_json":{"title":"KUJDES, S\u2019KENI SI I SHK\u00cbMBENI VARRET - FjALA e LIR\u00cb - Arkivi","robots":{"index":"index","follow":"follow","max-snippet":"max-snippet:-1","max-image-preview":"max-image-preview:large","max-video-preview":"max-video-preview:-1"},"canonical":"https:\/\/fjala.info\/2009-2015\/kujdes-skeni-si-i-shkembeni-varret\/","og_locale":"sq_AL","og_type":"article","og_title":"KUJDES, S\u2019KENI SI I SHK\u00cbMBENI VARRET - FjALA e LIR\u00cb - Arkivi","og_description":"Kim Mehmeti Hap\u00ebsirat e k\u00ebtij Ballkani shpesh jan\u00eb cop\u00ebtuar dhe jan\u00eb arnuar ashtu si\u00e7 nuk ta merr mendja, por edhe nga hartat e reja, nj\u00ebsoj t\u00eb pak\u00ebnaqur kan\u00eb qen\u00eb edhe ata q\u00eb kan\u00eb marr\u00eb m\u00eb shum\u00eb se q\u00eb u takon, si edhe ata nga prona e t\u00eb cil\u00ebve \u00ebsht\u00eb shp\u00ebrblyer i p\u00ebrk\u00ebdheluri i atyre q\u00eb [&hellip;]","og_url":"https:\/\/fjala.info\/2009-2015\/kujdes-skeni-si-i-shkembeni-varret\/","og_site_name":"FjALA e LIR\u00cb - Arkivi","article_published_time":"2010-07-04T08:06:45+00:00","og_image":[{"url":"http:\/\/www.shkoder.net\/images\/fjala\/kim_mehmeti.jpg","type":"","width":"","height":""}],"author":"admin","twitter_card":"summary_large_image","twitter_misc":{"Written by":"admin","Est. reading time":"7 minutes"},"schema":{"@context":"https:\/\/schema.org","@graph":[{"@type":"Article","@id":"https:\/\/fjala.info\/2009-2015\/kujdes-skeni-si-i-shkembeni-varret\/#article","isPartOf":{"@id":"https:\/\/fjala.info\/2009-2015\/kujdes-skeni-si-i-shkembeni-varret\/"},"author":{"name":"admin","@id":"https:\/\/fjala.info\/2009-2015\/#\/schema\/person\/3aa1163ef05469c496fc94e77611ada2"},"headline":"KUJDES, S\u2019KENI SI I SHK\u00cbMBENI VARRET","datePublished":"2010-07-04T08:06:45+00:00","mainEntityOfPage":{"@id":"https:\/\/fjala.info\/2009-2015\/kujdes-skeni-si-i-shkembeni-varret\/"},"wordCount":1424,"commentCount":0,"publisher":{"@id":"https:\/\/fjala.info\/2009-2015\/#organization"},"image":{"@id":"https:\/\/fjala.info\/2009-2015\/kujdes-skeni-si-i-shkembeni-varret\/#primaryimage"},"thumbnailUrl":"http:\/\/www.shkoder.net\/images\/fjala\/kim_mehmeti.jpg","articleSection":["Artikuj"],"inLanguage":"sq-AL","potentialAction":[{"@type":"CommentAction","name":"Comment","target":["https:\/\/fjala.info\/2009-2015\/kujdes-skeni-si-i-shkembeni-varret\/#respond"]}]},{"@type":"WebPage","@id":"https:\/\/fjala.info\/2009-2015\/kujdes-skeni-si-i-shkembeni-varret\/","url":"https:\/\/fjala.info\/2009-2015\/kujdes-skeni-si-i-shkembeni-varret\/","name":"KUJDES, S\u2019KENI SI I SHK\u00cbMBENI VARRET - FjALA e LIR\u00cb - Arkivi","isPartOf":{"@id":"https:\/\/fjala.info\/2009-2015\/#website"},"primaryImageOfPage":{"@id":"https:\/\/fjala.info\/2009-2015\/kujdes-skeni-si-i-shkembeni-varret\/#primaryimage"},"image":{"@id":"https:\/\/fjala.info\/2009-2015\/kujdes-skeni-si-i-shkembeni-varret\/#primaryimage"},"thumbnailUrl":"http:\/\/www.shkoder.net\/images\/fjala\/kim_mehmeti.jpg","datePublished":"2010-07-04T08:06:45+00:00","breadcrumb":{"@id":"https:\/\/fjala.info\/2009-2015\/kujdes-skeni-si-i-shkembeni-varret\/#breadcrumb"},"inLanguage":"sq-AL","potentialAction":[{"@type":"ReadAction","target":["https:\/\/fjala.info\/2009-2015\/kujdes-skeni-si-i-shkembeni-varret\/"]}]},{"@type":"ImageObject","inLanguage":"sq-AL","@id":"https:\/\/fjala.info\/2009-2015\/kujdes-skeni-si-i-shkembeni-varret\/#primaryimage","url":"http:\/\/www.shkoder.net\/images\/fjala\/kim_mehmeti.jpg","contentUrl":"http:\/\/www.shkoder.net\/images\/fjala\/kim_mehmeti.jpg"},{"@type":"BreadcrumbList","@id":"https:\/\/fjala.info\/2009-2015\/kujdes-skeni-si-i-shkembeni-varret\/#breadcrumb","itemListElement":[{"@type":"ListItem","position":1,"name":"Home","item":"https:\/\/fjala.info\/2009-2015\/"},{"@type":"ListItem","position":2,"name":"KUJDES, S\u2019KENI SI I SHK\u00cbMBENI VARRET"}]},{"@type":"WebSite","@id":"https:\/\/fjala.info\/2009-2015\/#website","url":"https:\/\/fjala.info\/2009-2015\/","name":"FjALA e LIR\u00cb - Arkivi","description":"Arkivi 2009-2015","publisher":{"@id":"https:\/\/fjala.info\/2009-2015\/#organization"},"potentialAction":[{"@type":"SearchAction","target":{"@type":"EntryPoint","urlTemplate":"https:\/\/fjala.info\/2009-2015\/?s={search_term_string}"},"query-input":{"@type":"PropertyValueSpecification","valueRequired":true,"valueName":"search_term_string"}}],"inLanguage":"sq-AL"},{"@type":"Organization","@id":"https:\/\/fjala.info\/2009-2015\/#organization","name":"FjALA e LIR\u00cb - Arkivi","url":"https:\/\/fjala.info\/2009-2015\/","logo":{"@type":"ImageObject","inLanguage":"sq-AL","@id":"https:\/\/fjala.info\/2009-2015\/#\/schema\/logo\/image\/","url":"","contentUrl":"","caption":"FjALA e LIR\u00cb - Arkivi"},"image":{"@id":"https:\/\/fjala.info\/2009-2015\/#\/schema\/logo\/image\/"}},{"@type":"Person","@id":"https:\/\/fjala.info\/2009-2015\/#\/schema\/person\/3aa1163ef05469c496fc94e77611ada2","name":"admin","image":{"@type":"ImageObject","inLanguage":"sq-AL","@id":"https:\/\/fjala.info\/2009-2015\/wp-content\/uploads\/2012\/02\/arben_cokaj-120x150.jpg","url":"https:\/\/fjala.info\/2009-2015\/wp-content\/uploads\/2012\/02\/arben_cokaj-120x150.jpg","contentUrl":"https:\/\/fjala.info\/2009-2015\/wp-content\/uploads\/2012\/02\/arben_cokaj-120x150.jpg","caption":"admin"},"description":"Admin, Fjala e Lir\u00eb","sameAs":["https:\/\/fjala.info\/"],"url":"https:\/\/fjala.info\/2009-2015\/author\/admin\/"}]}},"_links":{"self":[{"href":"https:\/\/fjala.info\/2009-2015\/wp-json\/wp\/v2\/posts\/3189","targetHints":{"allow":["GET"]}}],"collection":[{"href":"https:\/\/fjala.info\/2009-2015\/wp-json\/wp\/v2\/posts"}],"about":[{"href":"https:\/\/fjala.info\/2009-2015\/wp-json\/wp\/v2\/types\/post"}],"author":[{"embeddable":true,"href":"https:\/\/fjala.info\/2009-2015\/wp-json\/wp\/v2\/users\/1"}],"replies":[{"embeddable":true,"href":"https:\/\/fjala.info\/2009-2015\/wp-json\/wp\/v2\/comments?post=3189"}],"version-history":[{"count":0,"href":"https:\/\/fjala.info\/2009-2015\/wp-json\/wp\/v2\/posts\/3189\/revisions"}],"wp:attachment":[{"href":"https:\/\/fjala.info\/2009-2015\/wp-json\/wp\/v2\/media?parent=3189"}],"wp:term":[{"taxonomy":"category","embeddable":true,"href":"https:\/\/fjala.info\/2009-2015\/wp-json\/wp\/v2\/categories?post=3189"},{"taxonomy":"post_tag","embeddable":true,"href":"https:\/\/fjala.info\/2009-2015\/wp-json\/wp\/v2\/tags?post=3189"}],"curies":[{"name":"wp","href":"https:\/\/api.w.org\/{rel}","templated":true}]}}