{"id":3186,"date":"2010-07-03T22:58:42","date_gmt":"2010-07-03T21:58:42","guid":{"rendered":"http:\/\/fjala.shkoder.net\/?p=3186"},"modified":"2010-07-03T22:58:42","modified_gmt":"2010-07-03T21:58:42","slug":"kohe-e-mire-per-hajdutet","status":"publish","type":"post","link":"https:\/\/fjala.info\/2009-2015\/kohe-e-mire-per-hajdutet\/","title":{"rendered":"KOH\u00cb E MIR\u00cb P\u00cbR HAJDUT\u00cbT"},"content":{"rendered":"<p><img decoding=\"async\" style=\"margin-left: 10px; margin-right: 10px; border: 0px;\" src=\"http:\/\/www.shkoder.net\/images\/fjala\/sokol_pepushaj.jpg\" border=\"0\" alt=\"Sokol Pepushaj\" width=\"100\" align=\"left\" \/><\/p>\n<p><strong>Sokol Pepushaj<\/strong><\/p>\n<p>Shqiptar\u00ebt si ketu ne Shqip\u00ebri, si dy ore rruge m\u00eb larg, n\u00eb Kosove, jan\u00eb t\u00eb varf\u00ebr. Me t\u00eb varf\u00ebrit n\u00eb Europ\u00eb. Pra dikush i ka vjedhur. Po askush hajdutin nuk e ka pare. Dy qeverite b\u00ebrtasin dit\u00eb-nat\u00eb se do luftojn\u00eb korrupsionin, do kapin hajdutin, por edhe kur akuzohet ndokush, dy qeverite bertasin; nuk kemi hajdut\u00ebri.<\/p>\n<p>K\u00ebtu ne Tiran\u00eb akuzohen prej vitesh dy cop\u00eb ministra, Fatmir Mediu p\u00ebr afera korruptive me armatimin dhe p\u00ebr paksa fallsifikim, dhe Lulzim Basha p\u00ebr paksa korrupsion me tenderin e rrug\u00ebs Durr\u00ebs-Kuk\u00ebs-Morin\u00eb, si me then\u00eb, p\u00ebr 300 000 euro. Edhe n\u00eb Prishtin\u00eb, Eulex-i, Misioni i Bashkimit Europian n\u00eb Kosov\u00eb, bastisi zyrat dhe sht\u00ebpin\u00eb si dhe ngriti akuz\u00eb p\u00ebr vjedhje kund\u00ebr Ministrit t\u00eb Transportit dhe Posttelekomunikacionit Fatmir Limaj, ve\u00e7mas p\u00ebr t\u00eb hetuar aferat e mundshme korruptive rreth n\u00ebnshkrimit t\u00eb projektit t\u00eb autostrad\u00ebs Morin\u00eb \u2013 Merdar\u00eb, fituar nga firma amerikano \u2013 turke &#8220;Behctel \u2013 Enka&#8221;, e akuzuar edhe k\u00ebtu n\u00eb Tiran\u00eb p\u00ebr abuzim, ose shqip vjedhje.<\/p>\n<p>Akuzat me t\u00eb ashpra i pat artikuluar n\u00eb foltoren e parlamentit Ilir Meta q\u00eb tash i mbron me mish e shpirt, sic aso kohe sulmoi me egersi nj\u00eb femer n\u00eb foltore, kryeparlamentaren.<\/p>\n<p>Teksa thua k\u00ebshtu, t\u00eb duket se nuk po shkruan seriozisht, por po merresh me folklor.T\u00eb duket se &#8220;dashuron&#8221; at\u00eb q\u00eb askush nuk i afrohet, drejt\u00ebsin\u00eb, e cila, n\u00eb k\u00ebt\u00eb koh\u00eb njer\u00ebzve se pse dreqin u duket sh\u00ebmtir\u00eb. T\u00eb duket se jeton epok\u00ebn e tradh\u00ebtis\u00eb, t\u00eb mashtrimit, te cubave. E, ky fenomen \u00ebsht\u00eb i njohur nga gjithkush, megjithese askush nuk i sheh tradh\u00ebtar\u00ebt, mashtruesit, cubat. Ata q\u00eb i artikulojn\u00eb n\u00eb emisione lajmesh, n\u00eb TV, n\u00eb shkrime a analiza, e p\u00ebsojn\u00eb, si rasti i Mero Bazes.<\/p>\n<p>Ose edhe si i &#8220;Fiks Fare&#8221;, ku del nj\u00eb &#8220;psikopat i matufepsur&#8221; si Agim Bendo, e denon gazetaren me nj\u00eb shum\u00eb marramend\u00ebse, se solli fakte filmike t\u00eb nj\u00eb ministri kulture duke tentuar t\u00eb p\u00ebrdhunoi nj\u00eb vajz\u00eb t\u00eb re, n\u00eb k\u00ebmbim t\u00eb nj\u00eb v\u00ebndi pune. Duket se gjyqtari e shfaj\u00ebsoi ministrin n\u00eb em\u00ebr t\u00eb luft\u00ebs s\u00eb &#8220;ashper&#8221; kund\u00ebr korrupsionit e mafias. E, n\u00ebse ky v\u00ebndim do rr\u00ebzohet, pasi s`ka si ngjet ndryshe, pasi jo n\u00eb Shqip\u00ebri, por edhe n\u00eb Irak gjithkush do e dinte se nga anon e drejta, koleg\u00ebt e tij duhet ta d\u00ebnojn\u00eb k\u00ebt\u00eb Bendo, ose p\u00ebr ndryshe sistemin e drejt\u00ebsis\u00eb ta em\u00ebrojm\u00eb, sistem interesash.<\/p>\n<p>Bendo po, do e kishte nj\u00eb t\u00eb drejt\u00eb me vete, ta gjobiste nja nj\u00ebqind her\u00eb m\u00eb pak gazetaren, n\u00ebse ish ministri do v\u00ebrtetonte se \u00ebsht\u00eb impotent, ose t\u00eb sillte fakte se \u00ebsht\u00eb homoseksual. E drejta p\u00ebr mbrojtje nuk i mohohet askujt. Por, n\u00eb k\u00ebt\u00eb pol, vshkodra\u00ebndimi i gjykat\u00ebs \u00ebsht\u00eb unikal n\u00eb bot\u00ebn demokratike. Dilemat p\u00ebr k\u00ebt\u00eb v\u00ebndim monstruoz, duket se kan\u00eb v\u00ebn\u00eb n\u00eb hezitim edhe zev\u00ebnd\u00ebskryeministrin Meta, se si do prononcohet, pasi ai p\u00ebr \u00e7do gj\u00eb b\u00ebn deklarata shtypi, meq\u00eb gjasat jan\u00eb se shum\u00eb shpejt do i thot\u00eb Berish\u00ebs, d\u00ebshtoi koalicioni, d\u00ebshtoi integrimi dhe ai m\u00eb shum\u00eb se askush do jet\u00eb radikal i majt\u00eb kund\u00ebr kryeministrit.<\/p>\n<p>N\u00ebse e pranon Rama, pasi Meta \u00ebsht\u00eb aq i men\u00e7ur sa ta kuptoj\u00eb se Berisha jo vet\u00ebm kutit\u00eb e votave nuk pranon t`i prek\u00eb, por as &#8220;kutin\u00eb&#8221; e atij Klodit t\u00eb &#8220;Big Brother Show&#8221; q\u00eb i ankohet se po e ngacmojn\u00eb, nuk din si ta mbroj\u00eb, megjith\u00ebse ligji p\u00ebr homot n\u00eb fakt \u00ebsht\u00eb kaluar nga mazhoranca. Edhe ky Meta asnj\u00ebher\u00eb nuk pa hajdut me sy, pa\u00e7ka se ka folur fort kur ishte n\u00eb opozit\u00eb.<\/p>\n<p>P\u00ebr sh\u00ebmbull, n\u00eb Shkod\u00ebr dikur b\u00ebrtiste p\u00ebr bandit\u00ebt e Berish\u00ebs, artikulohej vjedhja e thesarit t\u00eb Shkodr\u00ebs dit\u00ebn p\u00ebr diell, me tank, ku kan\u00eb q\u00ebn\u00eb prezent\u00eb thuhet qindra e qindra qytetar\u00eb. Ajo vjedhje, m\u00eb e madhja n\u00eb Ballkan dhe p\u00ebr t\u00eb cil\u00ebn thjesht po t\u00eb klikosh n\u00eb Google &#8220;1997 thesari Shkoder&#8221;, do njihesh me &#8220;6 persona&#8221; q\u00eb grabit\u00ebn thesarin e Veriut shqiptar, me hetimet q\u00eb edhe ato jan\u00eb paguar nga taksat, t\u00eb mbyllura disa her\u00eb dhe t\u00eb cilat \u00ebsht\u00eb th\u00ebne edhe n\u00eb media me z\u00eb t\u00eb mekur se kan\u00eb zbuluar q\u00eb parat\u00eb e vjedhura t\u00eb popullit jan\u00eb shum\u00ebfishuar n\u00eb ndertim dhe media, n\u00eb z\u00ebm\u00ebr t\u00eb Shkodr\u00ebs.<\/p>\n<p>Ish prokurori Theodhori Sallaku, jo shum\u00eb larg n\u00eb koh\u00eb pat urdh\u00ebruar thjesht\u00eb ti hapet kapaku asaj dosjeje t\u00eb plot\u00eb q\u00eb &#8220;fle&#8221; n\u00eb prokurorin\u00eb e Shkodr\u00ebs, por nuk dihet a e k\u00ebrc\u00ebnuan me jet\u00eb apo edhe ai m\u00ebndonte se \u00ebsht\u00eb koh\u00eb e mir\u00eb p\u00ebr hajdut\u00eb, e le t\u00eb vazhdojn\u00eb, pasi cubat jo vet\u00ebm jan\u00eb t\u00eb lidhur me ndok\u00ebnd lart, por edhe vrasin njer\u00ebzit q\u00eb mund t\u00eb flasin, ose edhe t\u00eb pyesin thjesht\u00eb, pse nuk hapet ajo dosje, p\u00ebr t\u00eb cil\u00ebn edhe nd\u00ebrkomb\u00ebtar\u00ebt kan\u00eb b\u00ebr\u00eb apel, kur thuhet se ligji antimafia nuk po hedh &#8220;rrjetat&#8221; p\u00ebr peshqit e m\u00ebdhenj, por ngre ca kurthe p\u00ebr ca &#8220;minj&#8221; t\u00eb vegj\u00ebl n\u00ebp\u00ebr komuna e fshatra t\u00eb larg\u00ebt q\u00eb u m\u00ebsohet emri vet\u00ebm kur p\u00ebrm\u00ebnden n\u00eb media.<\/p>\n<p>\u00c7do gj\u00eb q\u00eb ka ngjar\u00eb n\u00eb Shkod\u00ebr, gjithmone, \u00ebsht\u00eb futur edhe n\u00eb barcaleta. Kur po shperthehej thesari, kafeneve p\u00ebrm\u00ebndej njeriu sh\u00ebmbull i koh\u00ebs s\u00eb diktatur\u00ebs, Fuat \u00c7ela. Ky \u00c7ela ishte heroi i disa viteve, meq\u00eb edhe pa sy, punonte. B\u00ebhej sh\u00ebmbull per nj\u00eb popull t\u00eb t\u00ebr\u00eb. Sh\u00ebmbuj t\u00eb till\u00eb i duheshin diktatur\u00ebs p\u00ebr t\u00eb v\u00ebndosur diktat mbi normal\u00ebt. Edhe at\u00eb dit\u00eb marsi t\u00eb 1997-\u00ebs, flitej nga normal\u00ebt kafeneve, si pak vite m\u00eb par\u00eb p\u00ebr heronjt\u00eb e tipit \u00c7ela.<br \/>\n6 hajdutet merreshin si sh\u00ebmbull i t\u00eb pasurve, meq\u00eb ngarkuan nj\u00eb makin\u00eb plot dollar\u00eb amerikan\u00eb dhe ec\u00ebn p\u00ebrmes qytetit, si\u00e7 thuhet n\u00eb internet, duke i ndar\u00eb n\u00eb nj\u00eb lokal dhe m\u00ebpastaj ti transportonin me gjasht\u00eb makina, po p\u00ebrmes qytetit, n\u00eb sy t\u00eb gjith\u00eb miletit.<\/p>\n<p>Ata merreshin si sh\u00ebmbull, se edhe k\u00ebtyre u mungonte di\u00e7ka, si heroit \u00c7ela; K\u00ebta shihnin, por sipas barcalet\u00ebkrijuesve ishin t\u00eb pagllendur, t\u00eb pashkolluar, t\u00eb panjohur publikisht. Edhe Fuat \u00c7ela ishte qorr, por punonte. Koha e Fuat \u00c7el\u00ebs pat mbaruar, kur udh\u00ebheq\u00ebsia deklaroi se ky paska pas\u00eb drit\u00eb syri, por ka mashtruar. Prap\u00eb njer\u00ebzit e merrnin sh\u00ebmbull Fuat \u00c7el\u00ebn. K\u00ebshtu, ngjet me gjith\u00eb njer\u00ebzit q\u00eb futen n\u00eb humor n\u00eb Shkod\u00ebr. P\u00ebr mir\u00eb a p\u00ebr keq, dallohen nga t\u00eb tjer\u00ebt.<\/p>\n<p>I lumt\u00eb Fuat \u00c7el\u00ebs, ua paska hellur Enverit e Mehmetit, -thuhej aso kohe.<br \/>\nEdhe k\u00ebta t\u00eb vjedhjes s\u00eb thesarit, q\u00eb edhe sot diskutohen para nj\u00eb filxhani kafeje a nj\u00eb pjate me saraga Bune, pa\u00e7ka se p\u00ebr drejt\u00ebsin\u00eb e tipit Agim Bendo, nuk njihen, jan\u00eb n\u00eb zenit t\u00eb sarkazmes. Heronj humori si Fuat \u00c7ela, edhe kur e kishte mir\u00eb me udh\u00ebheq\u00ebsin\u00eb, edhe kur e zbuluan p\u00ebr mashtrim.<br \/>\nCela paska patur shikim, por edhe k\u00ebta paskan patur diploma. Nga dreqin u erdh\u00ebn, \u00e7r\u00ebnd\u00ebsi ka.<\/p>\n<p>Prap\u00eb, u lumt\u00eb, diplomat i kan\u00eb n\u00ebp\u00ebr xhepa, pasaporta bluhe po ashtu, hotele e pallate kan\u00eb, media q\u00eb b\u00ebjn\u00eb politik\u00eb kan\u00eb. Dhe ti thua, ky Ilir Meta q\u00eb \u00ebsht\u00eb gur sigurie, pse nuk ndihet p\u00ebr k\u00ebto fakte q\u00eb p\u00ebllasin mes p\u00ebr mes pazarit t\u00eb Shkodr\u00ebs dhe drejtesia hesht.<\/p>\n<p>Keq, fort keq, e vizatonte Shkodr\u00ebn ky Meta kur ishte m\u00eb i ri se sot, ndoshta dhe jo kaq i pasur sa sot. K\u00ebshtu, deri tashti, gjith\u00eb pushtetet duhet pranuar se kan\u00eb q\u00ebn\u00eb kreativ\u00eb vet\u00ebm n\u00eb distanc\u00ebn e mosbesimit tek sekushi q\u00eb mund t\u00eb pushtetoj\u00eb, si puna e nj\u00eb pike q\u00eb shiste q\u00ebn,diku n\u00eb nj\u00eb fshat, por meq\u00eb askush tjet\u00ebr nuk shiste q\u00ebn, mes atyre racave do zgjidhnin fshatar\u00ebt.<br \/>\nSapo i pari bleu q\u00ebnin e par\u00eb, pas kat\u00ebr dit\u00ebsh e pan\u00eb ta kthente.<\/p>\n<p>&#8211; Pse?, -e pyet\u00ebn fshatar\u00ebt.<br \/>\n&#8211; Ky q\u00ebn rri dit\u00eb nat\u00eb vet\u00ebm duke lehur. M\u00eb duket i \u00e7m\u00ebndur.<br \/>\nBleu t\u00eb dytin dhe prap\u00eb e ktheu.<br \/>\n&#8211; Po ky \u00e7`pati?<br \/>\n&#8211; Edhe ha shum\u00eb edhe leh pak. Liberal, si me than\u00eb, pasi kan\u00eb dal\u00eb do fjal\u00eb t\u00eb reja.<br \/>\nEdhe t\u00eb tretin q\u00eb nd\u00ebrroi, prap\u00eb e mori p\u00ebr hekurash dhe e \u00e7oi n\u00eb vath\u00eb t\u00eb q\u00ebnve.<br \/>\n&#8211; Po ky, q\u00eb duket kaq i bukur, \u00e7`pati?, -than\u00eb fshatar\u00ebt.<br \/>\n&#8211; Ky, her\u00eb leh shum\u00eb, her\u00eb nuk leh hi\u00e7. Atyre q\u00eb vijn\u00eb nga porta u leh dhe turret ti shqyej\u00eb, atyre q\u00eb kalojn\u00eb sip\u00ebr murit, hajdut\u00ebve, nuk u leh fare, madje luan me bisht e k\u00ebnaqet. Si me ju than\u00eb, \u00ebsht\u00eb identik si ai q\u00ebni i par\u00eb, ve\u00e7se edhe q\u00ebn hajdut.<\/p>\n<p>K\u00ebshtu duket se po zhgerryhen pun\u00ebt k\u00ebto 20 vitet e fundit. Distanca e mosbesimit tek gjith\u00eb qeverisjet \u00ebsht\u00eb koduar n\u00eb ca hieroglife q\u00eb s`ka Dreq t`i deshifroi.<\/p>\n<p>Te gjithe flasin si te ndershem ne opozite, por heshtin ne pushtet. Vetem Edi Rama po hesht edhe ne opozite, per ceshtje madhore si kjo e thesarit te Veriut.<\/p>\n","protected":false},"excerpt":{"rendered":"<p>Sokol Pepushaj Shqiptar\u00ebt si ketu ne Shqip\u00ebri, si dy ore rruge m\u00eb larg, n\u00eb Kosove, jan\u00eb t\u00eb varf\u00ebr. Me t\u00eb varf\u00ebrit n\u00eb Europ\u00eb. Pra dikush i ka vjedhur. Po askush hajdutin nuk e ka pare. Dy qeverite b\u00ebrtasin dit\u00eb-nat\u00eb se do luftojn\u00eb korrupsionin, do kapin hajdutin, por edhe kur akuzohet ndokush, dy qeverite bertasin; nuk [&hellip;]<\/p>\n","protected":false},"author":1,"featured_media":0,"comment_status":"open","ping_status":"closed","sticky":false,"template":"","format":"standard","meta":{"footnotes":""},"categories":[2],"tags":[],"class_list":{"0":"post-3186","1":"post","2":"type-post","3":"status-publish","4":"format-standard","6":"category-artikuj"},"yoast_head":"<!-- This site is optimized with the Yoast SEO plugin v27.4 - https:\/\/yoast.com\/product\/yoast-seo-wordpress\/ -->\n<title>KOH\u00cb E MIR\u00cb P\u00cbR HAJDUT\u00cbT - FjALA e LIR\u00cb - Arkivi<\/title>\n<meta name=\"robots\" content=\"index, follow, max-snippet:-1, max-image-preview:large, max-video-preview:-1\" \/>\n<link rel=\"canonical\" href=\"https:\/\/fjala.info\/2009-2015\/kohe-e-mire-per-hajdutet\/\" \/>\n<meta property=\"og:locale\" content=\"sq_AL\" \/>\n<meta property=\"og:type\" content=\"article\" \/>\n<meta property=\"og:title\" content=\"KOH\u00cb E MIR\u00cb P\u00cbR HAJDUT\u00cbT - FjALA e LIR\u00cb - Arkivi\" \/>\n<meta property=\"og:description\" content=\"Sokol Pepushaj Shqiptar\u00ebt si ketu ne Shqip\u00ebri, si dy ore rruge m\u00eb larg, n\u00eb Kosove, jan\u00eb t\u00eb varf\u00ebr. Me t\u00eb varf\u00ebrit n\u00eb Europ\u00eb. Pra dikush i ka vjedhur. Po askush hajdutin nuk e ka pare. Dy qeverite b\u00ebrtasin dit\u00eb-nat\u00eb se do luftojn\u00eb korrupsionin, do kapin hajdutin, por edhe kur akuzohet ndokush, dy qeverite bertasin; nuk [&hellip;]\" \/>\n<meta property=\"og:url\" content=\"https:\/\/fjala.info\/2009-2015\/kohe-e-mire-per-hajdutet\/\" \/>\n<meta property=\"og:site_name\" content=\"FjALA e LIR\u00cb - Arkivi\" \/>\n<meta property=\"article:published_time\" content=\"2010-07-03T21:58:42+00:00\" \/>\n<meta property=\"og:image\" content=\"http:\/\/www.shkoder.net\/images\/fjala\/sokol_pepushaj.jpg\" \/>\n<meta name=\"author\" content=\"admin\" \/>\n<meta name=\"twitter:card\" content=\"summary_large_image\" \/>\n<meta name=\"twitter:label1\" content=\"Written by\" \/>\n\t<meta name=\"twitter:data1\" content=\"admin\" \/>\n\t<meta name=\"twitter:label2\" content=\"Est. reading time\" \/>\n\t<meta name=\"twitter:data2\" content=\"8 minutes\" \/>\n<script type=\"application\/ld+json\" class=\"yoast-schema-graph\">{\"@context\":\"https:\\\/\\\/schema.org\",\"@graph\":[{\"@type\":\"Article\",\"@id\":\"https:\\\/\\\/fjala.info\\\/2009-2015\\\/kohe-e-mire-per-hajdutet\\\/#article\",\"isPartOf\":{\"@id\":\"https:\\\/\\\/fjala.info\\\/2009-2015\\\/kohe-e-mire-per-hajdutet\\\/\"},\"author\":{\"name\":\"admin\",\"@id\":\"https:\\\/\\\/fjala.info\\\/2009-2015\\\/#\\\/schema\\\/person\\\/3aa1163ef05469c496fc94e77611ada2\"},\"headline\":\"KOH\u00cb E MIR\u00cb P\u00cbR HAJDUT\u00cbT\",\"datePublished\":\"2010-07-03T21:58:42+00:00\",\"mainEntityOfPage\":{\"@id\":\"https:\\\/\\\/fjala.info\\\/2009-2015\\\/kohe-e-mire-per-hajdutet\\\/\"},\"wordCount\":1600,\"commentCount\":0,\"publisher\":{\"@id\":\"https:\\\/\\\/fjala.info\\\/2009-2015\\\/#organization\"},\"image\":{\"@id\":\"https:\\\/\\\/fjala.info\\\/2009-2015\\\/kohe-e-mire-per-hajdutet\\\/#primaryimage\"},\"thumbnailUrl\":\"http:\\\/\\\/www.shkoder.net\\\/images\\\/fjala\\\/sokol_pepushaj.jpg\",\"articleSection\":[\"Artikuj\"],\"inLanguage\":\"sq-AL\",\"potentialAction\":[{\"@type\":\"CommentAction\",\"name\":\"Comment\",\"target\":[\"https:\\\/\\\/fjala.info\\\/2009-2015\\\/kohe-e-mire-per-hajdutet\\\/#respond\"]}]},{\"@type\":\"WebPage\",\"@id\":\"https:\\\/\\\/fjala.info\\\/2009-2015\\\/kohe-e-mire-per-hajdutet\\\/\",\"url\":\"https:\\\/\\\/fjala.info\\\/2009-2015\\\/kohe-e-mire-per-hajdutet\\\/\",\"name\":\"KOH\u00cb E MIR\u00cb P\u00cbR HAJDUT\u00cbT - FjALA e LIR\u00cb - Arkivi\",\"isPartOf\":{\"@id\":\"https:\\\/\\\/fjala.info\\\/2009-2015\\\/#website\"},\"primaryImageOfPage\":{\"@id\":\"https:\\\/\\\/fjala.info\\\/2009-2015\\\/kohe-e-mire-per-hajdutet\\\/#primaryimage\"},\"image\":{\"@id\":\"https:\\\/\\\/fjala.info\\\/2009-2015\\\/kohe-e-mire-per-hajdutet\\\/#primaryimage\"},\"thumbnailUrl\":\"http:\\\/\\\/www.shkoder.net\\\/images\\\/fjala\\\/sokol_pepushaj.jpg\",\"datePublished\":\"2010-07-03T21:58:42+00:00\",\"breadcrumb\":{\"@id\":\"https:\\\/\\\/fjala.info\\\/2009-2015\\\/kohe-e-mire-per-hajdutet\\\/#breadcrumb\"},\"inLanguage\":\"sq-AL\",\"potentialAction\":[{\"@type\":\"ReadAction\",\"target\":[\"https:\\\/\\\/fjala.info\\\/2009-2015\\\/kohe-e-mire-per-hajdutet\\\/\"]}]},{\"@type\":\"ImageObject\",\"inLanguage\":\"sq-AL\",\"@id\":\"https:\\\/\\\/fjala.info\\\/2009-2015\\\/kohe-e-mire-per-hajdutet\\\/#primaryimage\",\"url\":\"http:\\\/\\\/www.shkoder.net\\\/images\\\/fjala\\\/sokol_pepushaj.jpg\",\"contentUrl\":\"http:\\\/\\\/www.shkoder.net\\\/images\\\/fjala\\\/sokol_pepushaj.jpg\"},{\"@type\":\"BreadcrumbList\",\"@id\":\"https:\\\/\\\/fjala.info\\\/2009-2015\\\/kohe-e-mire-per-hajdutet\\\/#breadcrumb\",\"itemListElement\":[{\"@type\":\"ListItem\",\"position\":1,\"name\":\"Home\",\"item\":\"https:\\\/\\\/fjala.info\\\/2009-2015\\\/\"},{\"@type\":\"ListItem\",\"position\":2,\"name\":\"KOH\u00cb E MIR\u00cb P\u00cbR HAJDUT\u00cbT\"}]},{\"@type\":\"WebSite\",\"@id\":\"https:\\\/\\\/fjala.info\\\/2009-2015\\\/#website\",\"url\":\"https:\\\/\\\/fjala.info\\\/2009-2015\\\/\",\"name\":\"FjALA e LIR\u00cb - Arkivi\",\"description\":\"Arkivi 2009-2015\",\"publisher\":{\"@id\":\"https:\\\/\\\/fjala.info\\\/2009-2015\\\/#organization\"},\"potentialAction\":[{\"@type\":\"SearchAction\",\"target\":{\"@type\":\"EntryPoint\",\"urlTemplate\":\"https:\\\/\\\/fjala.info\\\/2009-2015\\\/?s={search_term_string}\"},\"query-input\":{\"@type\":\"PropertyValueSpecification\",\"valueRequired\":true,\"valueName\":\"search_term_string\"}}],\"inLanguage\":\"sq-AL\"},{\"@type\":\"Organization\",\"@id\":\"https:\\\/\\\/fjala.info\\\/2009-2015\\\/#organization\",\"name\":\"FjALA e LIR\u00cb - Arkivi\",\"url\":\"https:\\\/\\\/fjala.info\\\/2009-2015\\\/\",\"logo\":{\"@type\":\"ImageObject\",\"inLanguage\":\"sq-AL\",\"@id\":\"https:\\\/\\\/fjala.info\\\/2009-2015\\\/#\\\/schema\\\/logo\\\/image\\\/\",\"url\":\"\",\"contentUrl\":\"\",\"caption\":\"FjALA e LIR\u00cb - Arkivi\"},\"image\":{\"@id\":\"https:\\\/\\\/fjala.info\\\/2009-2015\\\/#\\\/schema\\\/logo\\\/image\\\/\"}},{\"@type\":\"Person\",\"@id\":\"https:\\\/\\\/fjala.info\\\/2009-2015\\\/#\\\/schema\\\/person\\\/3aa1163ef05469c496fc94e77611ada2\",\"name\":\"admin\",\"image\":{\"@type\":\"ImageObject\",\"inLanguage\":\"sq-AL\",\"@id\":\"https:\\\/\\\/fjala.info\\\/2009-2015\\\/wp-content\\\/uploads\\\/2012\\\/02\\\/arben_cokaj-120x150.jpg\",\"url\":\"https:\\\/\\\/fjala.info\\\/2009-2015\\\/wp-content\\\/uploads\\\/2012\\\/02\\\/arben_cokaj-120x150.jpg\",\"contentUrl\":\"https:\\\/\\\/fjala.info\\\/2009-2015\\\/wp-content\\\/uploads\\\/2012\\\/02\\\/arben_cokaj-120x150.jpg\",\"caption\":\"admin\"},\"description\":\"Admin, Fjala e Lir\u00eb\",\"sameAs\":[\"https:\\\/\\\/fjala.info\\\/\"],\"url\":\"https:\\\/\\\/fjala.info\\\/2009-2015\\\/author\\\/admin\\\/\"}]}<\/script>\n<!-- \/ Yoast SEO plugin. -->","yoast_head_json":{"title":"KOH\u00cb E MIR\u00cb P\u00cbR HAJDUT\u00cbT - FjALA e LIR\u00cb - Arkivi","robots":{"index":"index","follow":"follow","max-snippet":"max-snippet:-1","max-image-preview":"max-image-preview:large","max-video-preview":"max-video-preview:-1"},"canonical":"https:\/\/fjala.info\/2009-2015\/kohe-e-mire-per-hajdutet\/","og_locale":"sq_AL","og_type":"article","og_title":"KOH\u00cb E MIR\u00cb P\u00cbR HAJDUT\u00cbT - FjALA e LIR\u00cb - Arkivi","og_description":"Sokol Pepushaj Shqiptar\u00ebt si ketu ne Shqip\u00ebri, si dy ore rruge m\u00eb larg, n\u00eb Kosove, jan\u00eb t\u00eb varf\u00ebr. Me t\u00eb varf\u00ebrit n\u00eb Europ\u00eb. Pra dikush i ka vjedhur. Po askush hajdutin nuk e ka pare. Dy qeverite b\u00ebrtasin dit\u00eb-nat\u00eb se do luftojn\u00eb korrupsionin, do kapin hajdutin, por edhe kur akuzohet ndokush, dy qeverite bertasin; nuk [&hellip;]","og_url":"https:\/\/fjala.info\/2009-2015\/kohe-e-mire-per-hajdutet\/","og_site_name":"FjALA e LIR\u00cb - Arkivi","article_published_time":"2010-07-03T21:58:42+00:00","og_image":[{"url":"http:\/\/www.shkoder.net\/images\/fjala\/sokol_pepushaj.jpg","type":"","width":"","height":""}],"author":"admin","twitter_card":"summary_large_image","twitter_misc":{"Written by":"admin","Est. reading time":"8 minutes"},"schema":{"@context":"https:\/\/schema.org","@graph":[{"@type":"Article","@id":"https:\/\/fjala.info\/2009-2015\/kohe-e-mire-per-hajdutet\/#article","isPartOf":{"@id":"https:\/\/fjala.info\/2009-2015\/kohe-e-mire-per-hajdutet\/"},"author":{"name":"admin","@id":"https:\/\/fjala.info\/2009-2015\/#\/schema\/person\/3aa1163ef05469c496fc94e77611ada2"},"headline":"KOH\u00cb E MIR\u00cb P\u00cbR HAJDUT\u00cbT","datePublished":"2010-07-03T21:58:42+00:00","mainEntityOfPage":{"@id":"https:\/\/fjala.info\/2009-2015\/kohe-e-mire-per-hajdutet\/"},"wordCount":1600,"commentCount":0,"publisher":{"@id":"https:\/\/fjala.info\/2009-2015\/#organization"},"image":{"@id":"https:\/\/fjala.info\/2009-2015\/kohe-e-mire-per-hajdutet\/#primaryimage"},"thumbnailUrl":"http:\/\/www.shkoder.net\/images\/fjala\/sokol_pepushaj.jpg","articleSection":["Artikuj"],"inLanguage":"sq-AL","potentialAction":[{"@type":"CommentAction","name":"Comment","target":["https:\/\/fjala.info\/2009-2015\/kohe-e-mire-per-hajdutet\/#respond"]}]},{"@type":"WebPage","@id":"https:\/\/fjala.info\/2009-2015\/kohe-e-mire-per-hajdutet\/","url":"https:\/\/fjala.info\/2009-2015\/kohe-e-mire-per-hajdutet\/","name":"KOH\u00cb E MIR\u00cb P\u00cbR HAJDUT\u00cbT - FjALA e LIR\u00cb - Arkivi","isPartOf":{"@id":"https:\/\/fjala.info\/2009-2015\/#website"},"primaryImageOfPage":{"@id":"https:\/\/fjala.info\/2009-2015\/kohe-e-mire-per-hajdutet\/#primaryimage"},"image":{"@id":"https:\/\/fjala.info\/2009-2015\/kohe-e-mire-per-hajdutet\/#primaryimage"},"thumbnailUrl":"http:\/\/www.shkoder.net\/images\/fjala\/sokol_pepushaj.jpg","datePublished":"2010-07-03T21:58:42+00:00","breadcrumb":{"@id":"https:\/\/fjala.info\/2009-2015\/kohe-e-mire-per-hajdutet\/#breadcrumb"},"inLanguage":"sq-AL","potentialAction":[{"@type":"ReadAction","target":["https:\/\/fjala.info\/2009-2015\/kohe-e-mire-per-hajdutet\/"]}]},{"@type":"ImageObject","inLanguage":"sq-AL","@id":"https:\/\/fjala.info\/2009-2015\/kohe-e-mire-per-hajdutet\/#primaryimage","url":"http:\/\/www.shkoder.net\/images\/fjala\/sokol_pepushaj.jpg","contentUrl":"http:\/\/www.shkoder.net\/images\/fjala\/sokol_pepushaj.jpg"},{"@type":"BreadcrumbList","@id":"https:\/\/fjala.info\/2009-2015\/kohe-e-mire-per-hajdutet\/#breadcrumb","itemListElement":[{"@type":"ListItem","position":1,"name":"Home","item":"https:\/\/fjala.info\/2009-2015\/"},{"@type":"ListItem","position":2,"name":"KOH\u00cb E MIR\u00cb P\u00cbR HAJDUT\u00cbT"}]},{"@type":"WebSite","@id":"https:\/\/fjala.info\/2009-2015\/#website","url":"https:\/\/fjala.info\/2009-2015\/","name":"FjALA e LIR\u00cb - Arkivi","description":"Arkivi 2009-2015","publisher":{"@id":"https:\/\/fjala.info\/2009-2015\/#organization"},"potentialAction":[{"@type":"SearchAction","target":{"@type":"EntryPoint","urlTemplate":"https:\/\/fjala.info\/2009-2015\/?s={search_term_string}"},"query-input":{"@type":"PropertyValueSpecification","valueRequired":true,"valueName":"search_term_string"}}],"inLanguage":"sq-AL"},{"@type":"Organization","@id":"https:\/\/fjala.info\/2009-2015\/#organization","name":"FjALA e LIR\u00cb - Arkivi","url":"https:\/\/fjala.info\/2009-2015\/","logo":{"@type":"ImageObject","inLanguage":"sq-AL","@id":"https:\/\/fjala.info\/2009-2015\/#\/schema\/logo\/image\/","url":"","contentUrl":"","caption":"FjALA e LIR\u00cb - Arkivi"},"image":{"@id":"https:\/\/fjala.info\/2009-2015\/#\/schema\/logo\/image\/"}},{"@type":"Person","@id":"https:\/\/fjala.info\/2009-2015\/#\/schema\/person\/3aa1163ef05469c496fc94e77611ada2","name":"admin","image":{"@type":"ImageObject","inLanguage":"sq-AL","@id":"https:\/\/fjala.info\/2009-2015\/wp-content\/uploads\/2012\/02\/arben_cokaj-120x150.jpg","url":"https:\/\/fjala.info\/2009-2015\/wp-content\/uploads\/2012\/02\/arben_cokaj-120x150.jpg","contentUrl":"https:\/\/fjala.info\/2009-2015\/wp-content\/uploads\/2012\/02\/arben_cokaj-120x150.jpg","caption":"admin"},"description":"Admin, Fjala e Lir\u00eb","sameAs":["https:\/\/fjala.info\/"],"url":"https:\/\/fjala.info\/2009-2015\/author\/admin\/"}]}},"_links":{"self":[{"href":"https:\/\/fjala.info\/2009-2015\/wp-json\/wp\/v2\/posts\/3186","targetHints":{"allow":["GET"]}}],"collection":[{"href":"https:\/\/fjala.info\/2009-2015\/wp-json\/wp\/v2\/posts"}],"about":[{"href":"https:\/\/fjala.info\/2009-2015\/wp-json\/wp\/v2\/types\/post"}],"author":[{"embeddable":true,"href":"https:\/\/fjala.info\/2009-2015\/wp-json\/wp\/v2\/users\/1"}],"replies":[{"embeddable":true,"href":"https:\/\/fjala.info\/2009-2015\/wp-json\/wp\/v2\/comments?post=3186"}],"version-history":[{"count":0,"href":"https:\/\/fjala.info\/2009-2015\/wp-json\/wp\/v2\/posts\/3186\/revisions"}],"wp:attachment":[{"href":"https:\/\/fjala.info\/2009-2015\/wp-json\/wp\/v2\/media?parent=3186"}],"wp:term":[{"taxonomy":"category","embeddable":true,"href":"https:\/\/fjala.info\/2009-2015\/wp-json\/wp\/v2\/categories?post=3186"},{"taxonomy":"post_tag","embeddable":true,"href":"https:\/\/fjala.info\/2009-2015\/wp-json\/wp\/v2\/tags?post=3186"}],"curies":[{"name":"wp","href":"https:\/\/api.w.org\/{rel}","templated":true}]}}