{"id":3176,"date":"2010-07-02T21:51:45","date_gmt":"2010-07-02T20:51:45","guid":{"rendered":"http:\/\/fjala.shkoder.net\/?p=3176"},"modified":"2010-07-02T21:51:45","modified_gmt":"2010-07-02T20:51:45","slug":"shqiptaret-xx-vjet-perballe-murit-te-vizave","status":"publish","type":"post","link":"https:\/\/fjala.info\/2009-2015\/shqiptaret-xx-vjet-perballe-murit-te-vizave\/","title":{"rendered":"SHQIPTAR\u00cbT, XX VJET P\u00cbRBALL\u00cb MURIT T\u00cb VIZAVE"},"content":{"rendered":"<p><img decoding=\"async\" style=\"margin-left: 10px; margin-right: 10px; border: 0px;\" src=\"http:\/\/www.shkoder.net\/images\/fjala\/andrea_stefani.jpg\" border=\"0\" alt=\"Andrea Stefani\" width=\"100\" align=\"left\" \/><\/p>\n<p><strong>Andrea Stefani<\/strong><\/p>\n<p>Sot mbushen 20 vjet nga data kur n\u00eb Tiran\u00eb grupe qytetar\u00ebsh shp\u00ebrthyen valvol\u00ebn e izolimit, duke shembur muret e disa ambasadave. Libidoja e skllav\u00ebris\u00eb ishte e ndrydhur aq fort, sa nuk mund t\u00eb mos shp\u00ebrthente. Qe nj\u00eb shembje q\u00eb paralajm\u00ebroi r\u00ebnien e krejt sistemit 45-vje\u00e7ar diktatorial. Por v\u00ebshtir\u00eb se ndokush mendonte n\u00eb ato dit\u00eb se 20 vjet m\u00eb pas shqiptar\u00ebt nuk do ta g\u00ebzonin ende minimumin e liris\u00eb q\u00eb \u00ebsht\u00eb liria e l\u00ebvizjes. Edhe sot q\u00eb po shkruajm\u00eb k\u00ebto radh\u00eb, shumica e shqiptar\u00ebve (p\u00ebrjashto nj\u00eb grusht politikan\u00ebsh, biznesmen\u00ebsh, por edhe trafikant\u00ebsh t\u00eb krimbur n\u00eb para), e kan\u00eb t\u00eb mohuar lirin\u00eb e l\u00ebvizjes.<\/p>\n<p>Si n\u00eb komunitetin e nj\u00eb getoje t\u00eb ndar\u00eb nga pjesa tjet\u00ebr e bot\u00ebs, at\u00eb jan\u00eb t\u00eb detyruar t\u2019u n\u00ebnshtrohen radh\u00ebve posht\u00ebruese dhe rraskapit\u00ebse n\u00eb sportele ambasadash. Mbi kokat e tyre ngrihen p\u00ebrs\u00ebri, si dikur, mure t\u00eb kuror\u00ebzuar me tela gjemba\u00e7\u00eb. Shum\u00eb nuk arrijn\u00eb ta marrin viz\u00ebn p\u00ebr t\u00eb udh\u00ebtuar. I ndalin pa i vrar\u00eb me plumb. Por vet\u00ebm fizikisht jo. Sepse jan\u00eb vulat e burokracis\u00eb ato q\u00eb vrasin shpres\u00ebn e tyre, ato q\u00eb godasin pa m\u00ebshir\u00eb n\u00eb pasaporta: No, no passaran! Dhe jo pak shqiptar\u00eb i p\u00ebrvidhen izolimit me arratisje nga kufiri, nga deti, nga toka, nga mali. Dhe n\u00eb at\u00eb ikje tin\u00ebz si dikur, i k\u00ebrc\u00ebnon p\u00ebrs\u00ebri gryka e automatikut e kufitarit. Tashm\u00eb jo e atij me yll t\u00eb kuq n\u00eb ball\u00eb, por e atij q\u00eb mbron kufijt\u00eb e Bot\u00ebs s\u00eb Lir\u00eb, kufijt\u00eb e Europ\u00ebs q\u00eb shqiptar\u00ebt nuk po e arrijn\u00eb dot.<\/p>\n<p style=\"text-align: center;\">* * *<\/p>\n<p>Sot Partia Demokratike n\u00eb pushtet p\u00ebrgatitet t\u00eb festoj\u00eb me pompozitet XX vjetorin e r\u00ebnies s\u00eb murit t\u00eb \u201cBerlinit\u201d n\u00eb Tiran\u00eb. Po ku \u00ebsht\u00eb fitorja, ku \u00ebsht\u00eb liria e l\u00ebvizjes p\u00ebr t\u00eb mos folur p\u00ebr lirit\u00eb e tjera? Muri i vizave \u00ebsht\u00eb p\u00ebrs\u00ebri n\u00eb k\u00ebmb\u00eb n\u00eb zem\u00ebr t\u00eb kryeqytetit dhe shqiptar\u00ebt jan\u00eb nd\u00ebr skllev\u00ebrit e fundit n\u00eb rajon q\u00eb nuk jan\u00eb ende t\u00eb lir\u00eb t\u00eb udh\u00ebtojn\u00eb pa viza. Shqip\u00ebria \u00ebsht\u00eb si nj\u00eb ergastul. Q\u00eb t\u00eb dal\u00eb n\u00eb \u201cqytet\u201d gladiatori skllav duhet t\u00eb marr\u00eb leje nga lanisti q\u00eb e mban n\u00eb kafaz.<\/p>\n<p>Kjo \u00ebsht\u00eb fitorja pra, q\u00eb XX vjet pas r\u00ebnies s\u00eb murit t\u00eb \u201cBerlinit\u201d n\u00eb Tiran\u00eb, populli m\u00eb i izoluar n\u00ebn komuniz\u00ebm t\u00eb jet\u00eb ende populli m\u00eb i izoluar n\u00eb demokraci? Pushtetar\u00ebt n\u00eb Tiran\u00eb dhe zyrtar\u00eb n\u00eb Bruksel premtojn\u00eb se duhet \u201cedhe pak\u201d q\u00eb vizat t\u00eb hiqen. Por sa pak? Ka rreth nj\u00eb vit q\u00eb vazhdon kjo histori dhe qeveritar\u00eb t\u00eb p\u00ebrgjegjsh\u00ebm duhet t\u00eb ndiheshin t\u00eb turp\u00ebruar. Ve\u00e7 jo vet\u00ebm k\u00ebta, por e gjith\u00eb klasa politike shqiptare q\u00eb n\u00eb XX vjet tranzicion ka b\u00ebr\u00eb kaq pak p\u00ebr lirin\u00eb. Aq pak sa qytetar\u00ebt e Shqip\u00ebris\u00eb nuk g\u00ebzojn\u00eb dot as lirin\u00eb e l\u00ebvizjes q\u00eb jugosllav\u00ebt e g\u00ebzonin qysh n\u00ebn koh\u00ebn e Titos.<\/p>\n<p>E ku \u00ebsht\u00eb lavdia e klas\u00ebs politike mbi t\u00eb cil\u00ebn themelohet festa kur n\u00eb raport me lirin\u00eb e l\u00ebvizjes jemi 20 vjet prapa nj\u00eb diktatori si Josip Brozi? Bilanci prej dy dekadash i klas\u00ebs politike dhe i qeverisjeve t\u00eb saj, t\u00eb djathta e t\u00eb majta, \u00ebsht\u00eb i turpsh\u00ebm, i varf\u00ebr dhe posht\u00ebrues sa s\u2019ka m\u00eb. Socialist\u00eb dje dhe demokrat\u00ebt sot, Nano dje dhe Berisha dje dhe sot, nuk kan\u00eb arritur t\u00eb investohen q\u00eb shqiptar\u00ebt t\u00eb g\u00ebzonin at\u00eb q\u00eb e njeh edhe Zoti si t\u00eb drejt\u00eb t\u00eb qen\u00ebsishme t\u00eb \u00e7do njeriu, lirin\u00eb e l\u00ebvizjes. Por jan\u00eb 20 vjet.<\/p>\n<p>Ndaj nuk \u00ebsht\u00eb ciniz\u00ebm politik t\u2019u thuash njer\u00ebzve edhe pak \u201csa t\u00eb vij\u00eb vjeshta\u201d. Sepse \u00ebsht\u00eb periudha e nj\u00eb jete t\u00eb t\u00ebr\u00eb mbushur me tragjedi pik\u00ebrisht p\u00ebr shkak t\u00eb murit t\u00eb vizave. N\u00ebna \u00ebsht\u00eb ndar\u00eb nga f\u00ebmij\u00ebt, f\u00ebmij\u00ebt nga babai q\u00eb rropatet larg n\u00eb tregjet e pun\u00ebs me mendje vet\u00ebm tek ata. Foshnjat u b\u00ebn\u00eb burra e gra, u rrit\u00ebn me mallin g\u00ebrryes n\u00eb gji, pa at\u00eb ngroht\u00ebsi, pa at\u00eb atmosfer\u00eb q\u00eb krijon vet\u00ebm qenia pran\u00eb e prindit, e njeriut t\u00eb dashur. Dhe jo pak nuk arrit\u00ebn t\u00eb shp\u00ebtojn\u00eb t\u00eb dashurit e tyre edhe pse nuk mund\u00ebn t\u00eb sigurojn\u00eb nj\u00eb viz\u00eb p\u00ebr t\u00eb vajtur n\u00eb ndonj\u00eb spital t\u00eb nj\u00eb bote ende t\u00eb ndaluar p\u00ebr shqiptar\u00ebt.<\/p>\n<p>Prandaj jan\u00eb 20 vjet male malli dhe d\u00ebshp\u00ebrimi q\u00eb jo pak her\u00eb kan\u00eb vrar\u00eb m\u00eb ligsht se plumbi. Jan\u00eb 20 vjet izolim vizash q\u00eb kan\u00eb regjistruar viktimat dhe d\u00ebshmor\u00ebt e vet. Ironikisht edhe m\u00eb t\u00eb shumt\u00eb se n\u00eb koh\u00ebn e diktatur\u00ebs komuniste. Dhe tani kur jemi n\u00eb prag t\u00eb marrjes s\u00eb vizave, s\u00eb paku k\u00ebshtu thon\u00eb, shum\u00eb familje kan\u00eb n\u00eb shpirtra varra t\u00eb pash\u00ebrueshme as nga koha, as nga liria e l\u00ebvizjes. Ata q\u00eb u gremis\u00ebn honeve dhe shtigjeve t\u00eb ikjes, ata q\u00eb ngrin\u00eb suferinave n\u00eb kufijt\u00eb mes dy bot\u00ebve, ata q\u00eb i p\u00ebrpiu dallga, nuk kthehen m\u00eb dhe nuk g\u00ebzojn\u00eb dot me t\u00eb gjall\u00ebt e tyre.<\/p>\n<p>Por as t\u00eb gjall\u00ebt nuk lumturohen dot pa ata. Madje vet\u00eb liria q\u00eb afron, sikur e thekson tragjizmin e k\u00ebtyre fatkeq\u00ebve. Sepse \u00ebsht\u00eb e tmerrshme t\u00eb mendosh se nes\u00ebr do t\u00eb mund t\u00eb udh\u00ebtojm\u00eb komod\u00eb \u201cjasht\u00eb shtetit\u201d, duke paguar vet\u00ebm biletat e avion\u00ebve, nd\u00ebrkoh\u00eb q\u00eb t\u00eb dashurit tan\u00eb, dje, udh\u00ebtuan pa kthim, duke paguar me t\u00eb shtrenjt\u00ebn jet\u00eb. Por po thon\u00eb se jemi n\u00eb prag t\u00eb marrjes s\u00eb vizave. M\u00eb n\u00eb fund dhe ashtu qoft\u00eb! T\u00eb shpresojm\u00eb q\u00eb qeveria t\u2019i plot\u00ebsoj\u00eb edhe ato kushte t\u00eb mbetura t\u00eb udh\u00ebrr\u00ebfyesit. \u00cbsht\u00eb pengesa e vetme, tulla e fundit e murit t\u00eb vizave, guri i fundit i themelit q\u00eb e mban n\u00eb k\u00ebmb\u00eb traun e getos. Dhe mjaft me spekulime politike edhe p\u00ebr k\u00ebt\u00eb tem\u00eb q\u00eb kullon gjak e dhimbje.<\/p>\n<p>Nuk ka asnj\u00eb situat\u00eb apo kriz\u00eb politike q\u00eb mund t\u00eb pengoj\u00eb t\u00eb drejt\u00ebn e shqiptar\u00ebve p\u00ebr t\u00eb udh\u00ebtuar t\u00eb lir\u00eb. Vet\u00ebm mosplot\u00ebsimi i kushteve t\u00eb udh\u00ebrr\u00ebfyesit mund t\u00eb bllokoj\u00eb edhe p\u00ebr m\u00eb gjat\u00eb lirin\u00eb e l\u00ebvizjes. Kjo do t\u00eb qe p\u00ebrgjegj\u00ebsi e qart\u00eb e qeveris\u00eb. Por do qe absurde q\u00eb, pas plot\u00ebsimit t\u00eb kushteve teknike nga qeveria, nj\u00eb shqiptari t\u2019i mohohej kjo liri elementare njer\u00ebzore, vet\u00ebm sepse n\u00eb Shqip\u00ebri paska kriz\u00eb politike! Gj\u00eb q\u00eb do t\u00eb thoshte se politika do t\u00eb b\u00ebhej p\u00ebrs\u00ebri sebep p\u00ebr izolimin e shqiptar\u00ebve. Vet\u00ebm n\u00eb shoq\u00ebrit\u00eb e mbyllura situata politike mund t\u00eb kusht\u00ebzoj\u00eb dhe burgos\u00eb lirin\u00eb e l\u00ebvizjes. Ndaj e kund\u00ebrta duhet t\u00eb ndodh\u00eb sot, kur tentohet shoq\u00ebria e hapur.<\/p>\n<p>Duhet q\u00eb liria n\u00eb zgjerim e qytetar\u00ebve t\u00eb izoloj\u00eb nj\u00eb politik\u00eb q\u00eb e ka provuar n\u00eb k\u00ebto 20 vjet, se nuk \u00ebsht\u00eb e aft\u00eb t\u00eb investohet sa dhe si duhet p\u00ebr lirin\u00eb. P\u00ebr t\u00eb mos th\u00ebn\u00eb se \u00ebsht\u00eb investuar kund\u00ebr liris\u00eb. Dhe k\u00ebt\u00eb duhet ta kuptojn\u00eb mir\u00eb edhe n\u00eb Bruksel. Shqip\u00ebria nuk mund t\u00eb mbetet m\u00eb nj\u00eb geto e Europ\u00ebs n\u00eb Ballkan p\u00ebr faj t\u00eb politikan\u00ebve t\u00eb saj. Prandaj thirrja p\u00ebr politikan\u00ebt europian\u00eb \u00ebsht\u00eb: Shembeni murin e vizave, q\u00eb po reziston n\u00eb Tiran\u00eb 20 vjet pas r\u00ebnies s\u00eb murit t\u00eb Berlinit, dhe b\u00ebjeni edhe lirin\u00eb e l\u00ebvizjes s\u00eb shqiptar\u00ebve t\u00eb punoj\u00eb p\u00ebr lirin\u00eb n\u00eb Shqip\u00ebri!<\/p>\n","protected":false},"excerpt":{"rendered":"<p>Andrea Stefani Sot mbushen 20 vjet nga data kur n\u00eb Tiran\u00eb grupe qytetar\u00ebsh shp\u00ebrthyen valvol\u00ebn e izolimit, duke shembur muret e disa ambasadave. Libidoja e skllav\u00ebris\u00eb ishte e ndrydhur aq fort, sa nuk mund t\u00eb mos shp\u00ebrthente. Qe nj\u00eb shembje q\u00eb paralajm\u00ebroi r\u00ebnien e krejt sistemit 45-vje\u00e7ar diktatorial. Por v\u00ebshtir\u00eb se ndokush mendonte n\u00eb ato [&hellip;]<\/p>\n","protected":false},"author":1,"featured_media":0,"comment_status":"open","ping_status":"closed","sticky":false,"template":"","format":"standard","meta":{"footnotes":""},"categories":[2],"tags":[],"class_list":{"0":"post-3176","1":"post","2":"type-post","3":"status-publish","4":"format-standard","6":"category-artikuj"},"yoast_head":"<!-- This site is optimized with the Yoast SEO plugin v27.4 - https:\/\/yoast.com\/product\/yoast-seo-wordpress\/ -->\n<title>SHQIPTAR\u00cbT, XX VJET P\u00cbRBALL\u00cb MURIT T\u00cb VIZAVE - FjALA e LIR\u00cb - Arkivi<\/title>\n<meta name=\"robots\" content=\"index, follow, max-snippet:-1, max-image-preview:large, max-video-preview:-1\" \/>\n<link rel=\"canonical\" href=\"https:\/\/fjala.info\/2009-2015\/shqiptaret-xx-vjet-perballe-murit-te-vizave\/\" \/>\n<meta property=\"og:locale\" content=\"sq_AL\" \/>\n<meta property=\"og:type\" content=\"article\" \/>\n<meta property=\"og:title\" content=\"SHQIPTAR\u00cbT, XX VJET P\u00cbRBALL\u00cb MURIT T\u00cb VIZAVE - FjALA e LIR\u00cb - Arkivi\" \/>\n<meta property=\"og:description\" content=\"Andrea Stefani Sot mbushen 20 vjet nga data kur n\u00eb Tiran\u00eb grupe qytetar\u00ebsh shp\u00ebrthyen valvol\u00ebn e izolimit, duke shembur muret e disa ambasadave. Libidoja e skllav\u00ebris\u00eb ishte e ndrydhur aq fort, sa nuk mund t\u00eb mos shp\u00ebrthente. Qe nj\u00eb shembje q\u00eb paralajm\u00ebroi r\u00ebnien e krejt sistemit 45-vje\u00e7ar diktatorial. Por v\u00ebshtir\u00eb se ndokush mendonte n\u00eb ato [&hellip;]\" \/>\n<meta property=\"og:url\" content=\"https:\/\/fjala.info\/2009-2015\/shqiptaret-xx-vjet-perballe-murit-te-vizave\/\" \/>\n<meta property=\"og:site_name\" content=\"FjALA e LIR\u00cb - Arkivi\" \/>\n<meta property=\"article:published_time\" content=\"2010-07-02T20:51:45+00:00\" \/>\n<meta property=\"og:image\" content=\"http:\/\/www.shkoder.net\/images\/fjala\/andrea_stefani.jpg\" \/>\n<meta name=\"author\" content=\"admin\" \/>\n<meta name=\"twitter:card\" content=\"summary_large_image\" \/>\n<meta name=\"twitter:label1\" content=\"Written by\" \/>\n\t<meta name=\"twitter:data1\" content=\"admin\" \/>\n\t<meta name=\"twitter:label2\" content=\"Est. reading time\" \/>\n\t<meta name=\"twitter:data2\" content=\"6 minutes\" \/>\n<script type=\"application\/ld+json\" class=\"yoast-schema-graph\">{\"@context\":\"https:\\\/\\\/schema.org\",\"@graph\":[{\"@type\":\"Article\",\"@id\":\"https:\\\/\\\/fjala.info\\\/2009-2015\\\/shqiptaret-xx-vjet-perballe-murit-te-vizave\\\/#article\",\"isPartOf\":{\"@id\":\"https:\\\/\\\/fjala.info\\\/2009-2015\\\/shqiptaret-xx-vjet-perballe-murit-te-vizave\\\/\"},\"author\":{\"name\":\"admin\",\"@id\":\"https:\\\/\\\/fjala.info\\\/2009-2015\\\/#\\\/schema\\\/person\\\/3aa1163ef05469c496fc94e77611ada2\"},\"headline\":\"SHQIPTAR\u00cbT, XX VJET P\u00cbRBALL\u00cb MURIT T\u00cb VIZAVE\",\"datePublished\":\"2010-07-02T20:51:45+00:00\",\"mainEntityOfPage\":{\"@id\":\"https:\\\/\\\/fjala.info\\\/2009-2015\\\/shqiptaret-xx-vjet-perballe-murit-te-vizave\\\/\"},\"wordCount\":1304,\"commentCount\":0,\"publisher\":{\"@id\":\"https:\\\/\\\/fjala.info\\\/2009-2015\\\/#organization\"},\"image\":{\"@id\":\"https:\\\/\\\/fjala.info\\\/2009-2015\\\/shqiptaret-xx-vjet-perballe-murit-te-vizave\\\/#primaryimage\"},\"thumbnailUrl\":\"http:\\\/\\\/www.shkoder.net\\\/images\\\/fjala\\\/andrea_stefani.jpg\",\"articleSection\":[\"Artikuj\"],\"inLanguage\":\"sq-AL\",\"potentialAction\":[{\"@type\":\"CommentAction\",\"name\":\"Comment\",\"target\":[\"https:\\\/\\\/fjala.info\\\/2009-2015\\\/shqiptaret-xx-vjet-perballe-murit-te-vizave\\\/#respond\"]}]},{\"@type\":\"WebPage\",\"@id\":\"https:\\\/\\\/fjala.info\\\/2009-2015\\\/shqiptaret-xx-vjet-perballe-murit-te-vizave\\\/\",\"url\":\"https:\\\/\\\/fjala.info\\\/2009-2015\\\/shqiptaret-xx-vjet-perballe-murit-te-vizave\\\/\",\"name\":\"SHQIPTAR\u00cbT, XX VJET P\u00cbRBALL\u00cb MURIT T\u00cb VIZAVE - FjALA e LIR\u00cb - Arkivi\",\"isPartOf\":{\"@id\":\"https:\\\/\\\/fjala.info\\\/2009-2015\\\/#website\"},\"primaryImageOfPage\":{\"@id\":\"https:\\\/\\\/fjala.info\\\/2009-2015\\\/shqiptaret-xx-vjet-perballe-murit-te-vizave\\\/#primaryimage\"},\"image\":{\"@id\":\"https:\\\/\\\/fjala.info\\\/2009-2015\\\/shqiptaret-xx-vjet-perballe-murit-te-vizave\\\/#primaryimage\"},\"thumbnailUrl\":\"http:\\\/\\\/www.shkoder.net\\\/images\\\/fjala\\\/andrea_stefani.jpg\",\"datePublished\":\"2010-07-02T20:51:45+00:00\",\"breadcrumb\":{\"@id\":\"https:\\\/\\\/fjala.info\\\/2009-2015\\\/shqiptaret-xx-vjet-perballe-murit-te-vizave\\\/#breadcrumb\"},\"inLanguage\":\"sq-AL\",\"potentialAction\":[{\"@type\":\"ReadAction\",\"target\":[\"https:\\\/\\\/fjala.info\\\/2009-2015\\\/shqiptaret-xx-vjet-perballe-murit-te-vizave\\\/\"]}]},{\"@type\":\"ImageObject\",\"inLanguage\":\"sq-AL\",\"@id\":\"https:\\\/\\\/fjala.info\\\/2009-2015\\\/shqiptaret-xx-vjet-perballe-murit-te-vizave\\\/#primaryimage\",\"url\":\"http:\\\/\\\/www.shkoder.net\\\/images\\\/fjala\\\/andrea_stefani.jpg\",\"contentUrl\":\"http:\\\/\\\/www.shkoder.net\\\/images\\\/fjala\\\/andrea_stefani.jpg\"},{\"@type\":\"BreadcrumbList\",\"@id\":\"https:\\\/\\\/fjala.info\\\/2009-2015\\\/shqiptaret-xx-vjet-perballe-murit-te-vizave\\\/#breadcrumb\",\"itemListElement\":[{\"@type\":\"ListItem\",\"position\":1,\"name\":\"Home\",\"item\":\"https:\\\/\\\/fjala.info\\\/2009-2015\\\/\"},{\"@type\":\"ListItem\",\"position\":2,\"name\":\"SHQIPTAR\u00cbT, XX VJET P\u00cbRBALL\u00cb MURIT T\u00cb VIZAVE\"}]},{\"@type\":\"WebSite\",\"@id\":\"https:\\\/\\\/fjala.info\\\/2009-2015\\\/#website\",\"url\":\"https:\\\/\\\/fjala.info\\\/2009-2015\\\/\",\"name\":\"FjALA e LIR\u00cb - Arkivi\",\"description\":\"Arkivi 2009-2015\",\"publisher\":{\"@id\":\"https:\\\/\\\/fjala.info\\\/2009-2015\\\/#organization\"},\"potentialAction\":[{\"@type\":\"SearchAction\",\"target\":{\"@type\":\"EntryPoint\",\"urlTemplate\":\"https:\\\/\\\/fjala.info\\\/2009-2015\\\/?s={search_term_string}\"},\"query-input\":{\"@type\":\"PropertyValueSpecification\",\"valueRequired\":true,\"valueName\":\"search_term_string\"}}],\"inLanguage\":\"sq-AL\"},{\"@type\":\"Organization\",\"@id\":\"https:\\\/\\\/fjala.info\\\/2009-2015\\\/#organization\",\"name\":\"FjALA e LIR\u00cb - Arkivi\",\"url\":\"https:\\\/\\\/fjala.info\\\/2009-2015\\\/\",\"logo\":{\"@type\":\"ImageObject\",\"inLanguage\":\"sq-AL\",\"@id\":\"https:\\\/\\\/fjala.info\\\/2009-2015\\\/#\\\/schema\\\/logo\\\/image\\\/\",\"url\":\"\",\"contentUrl\":\"\",\"caption\":\"FjALA e LIR\u00cb - Arkivi\"},\"image\":{\"@id\":\"https:\\\/\\\/fjala.info\\\/2009-2015\\\/#\\\/schema\\\/logo\\\/image\\\/\"}},{\"@type\":\"Person\",\"@id\":\"https:\\\/\\\/fjala.info\\\/2009-2015\\\/#\\\/schema\\\/person\\\/3aa1163ef05469c496fc94e77611ada2\",\"name\":\"admin\",\"image\":{\"@type\":\"ImageObject\",\"inLanguage\":\"sq-AL\",\"@id\":\"https:\\\/\\\/fjala.info\\\/2009-2015\\\/wp-content\\\/uploads\\\/2012\\\/02\\\/arben_cokaj-120x150.jpg\",\"url\":\"https:\\\/\\\/fjala.info\\\/2009-2015\\\/wp-content\\\/uploads\\\/2012\\\/02\\\/arben_cokaj-120x150.jpg\",\"contentUrl\":\"https:\\\/\\\/fjala.info\\\/2009-2015\\\/wp-content\\\/uploads\\\/2012\\\/02\\\/arben_cokaj-120x150.jpg\",\"caption\":\"admin\"},\"description\":\"Admin, Fjala e Lir\u00eb\",\"sameAs\":[\"https:\\\/\\\/fjala.info\\\/\"],\"url\":\"https:\\\/\\\/fjala.info\\\/2009-2015\\\/author\\\/admin\\\/\"}]}<\/script>\n<!-- \/ Yoast SEO plugin. -->","yoast_head_json":{"title":"SHQIPTAR\u00cbT, XX VJET P\u00cbRBALL\u00cb MURIT T\u00cb VIZAVE - FjALA e LIR\u00cb - Arkivi","robots":{"index":"index","follow":"follow","max-snippet":"max-snippet:-1","max-image-preview":"max-image-preview:large","max-video-preview":"max-video-preview:-1"},"canonical":"https:\/\/fjala.info\/2009-2015\/shqiptaret-xx-vjet-perballe-murit-te-vizave\/","og_locale":"sq_AL","og_type":"article","og_title":"SHQIPTAR\u00cbT, XX VJET P\u00cbRBALL\u00cb MURIT T\u00cb VIZAVE - FjALA e LIR\u00cb - Arkivi","og_description":"Andrea Stefani Sot mbushen 20 vjet nga data kur n\u00eb Tiran\u00eb grupe qytetar\u00ebsh shp\u00ebrthyen valvol\u00ebn e izolimit, duke shembur muret e disa ambasadave. Libidoja e skllav\u00ebris\u00eb ishte e ndrydhur aq fort, sa nuk mund t\u00eb mos shp\u00ebrthente. Qe nj\u00eb shembje q\u00eb paralajm\u00ebroi r\u00ebnien e krejt sistemit 45-vje\u00e7ar diktatorial. Por v\u00ebshtir\u00eb se ndokush mendonte n\u00eb ato [&hellip;]","og_url":"https:\/\/fjala.info\/2009-2015\/shqiptaret-xx-vjet-perballe-murit-te-vizave\/","og_site_name":"FjALA e LIR\u00cb - Arkivi","article_published_time":"2010-07-02T20:51:45+00:00","og_image":[{"url":"http:\/\/www.shkoder.net\/images\/fjala\/andrea_stefani.jpg","type":"","width":"","height":""}],"author":"admin","twitter_card":"summary_large_image","twitter_misc":{"Written by":"admin","Est. reading time":"6 minutes"},"schema":{"@context":"https:\/\/schema.org","@graph":[{"@type":"Article","@id":"https:\/\/fjala.info\/2009-2015\/shqiptaret-xx-vjet-perballe-murit-te-vizave\/#article","isPartOf":{"@id":"https:\/\/fjala.info\/2009-2015\/shqiptaret-xx-vjet-perballe-murit-te-vizave\/"},"author":{"name":"admin","@id":"https:\/\/fjala.info\/2009-2015\/#\/schema\/person\/3aa1163ef05469c496fc94e77611ada2"},"headline":"SHQIPTAR\u00cbT, XX VJET P\u00cbRBALL\u00cb MURIT T\u00cb VIZAVE","datePublished":"2010-07-02T20:51:45+00:00","mainEntityOfPage":{"@id":"https:\/\/fjala.info\/2009-2015\/shqiptaret-xx-vjet-perballe-murit-te-vizave\/"},"wordCount":1304,"commentCount":0,"publisher":{"@id":"https:\/\/fjala.info\/2009-2015\/#organization"},"image":{"@id":"https:\/\/fjala.info\/2009-2015\/shqiptaret-xx-vjet-perballe-murit-te-vizave\/#primaryimage"},"thumbnailUrl":"http:\/\/www.shkoder.net\/images\/fjala\/andrea_stefani.jpg","articleSection":["Artikuj"],"inLanguage":"sq-AL","potentialAction":[{"@type":"CommentAction","name":"Comment","target":["https:\/\/fjala.info\/2009-2015\/shqiptaret-xx-vjet-perballe-murit-te-vizave\/#respond"]}]},{"@type":"WebPage","@id":"https:\/\/fjala.info\/2009-2015\/shqiptaret-xx-vjet-perballe-murit-te-vizave\/","url":"https:\/\/fjala.info\/2009-2015\/shqiptaret-xx-vjet-perballe-murit-te-vizave\/","name":"SHQIPTAR\u00cbT, XX VJET P\u00cbRBALL\u00cb MURIT T\u00cb VIZAVE - FjALA e LIR\u00cb - Arkivi","isPartOf":{"@id":"https:\/\/fjala.info\/2009-2015\/#website"},"primaryImageOfPage":{"@id":"https:\/\/fjala.info\/2009-2015\/shqiptaret-xx-vjet-perballe-murit-te-vizave\/#primaryimage"},"image":{"@id":"https:\/\/fjala.info\/2009-2015\/shqiptaret-xx-vjet-perballe-murit-te-vizave\/#primaryimage"},"thumbnailUrl":"http:\/\/www.shkoder.net\/images\/fjala\/andrea_stefani.jpg","datePublished":"2010-07-02T20:51:45+00:00","breadcrumb":{"@id":"https:\/\/fjala.info\/2009-2015\/shqiptaret-xx-vjet-perballe-murit-te-vizave\/#breadcrumb"},"inLanguage":"sq-AL","potentialAction":[{"@type":"ReadAction","target":["https:\/\/fjala.info\/2009-2015\/shqiptaret-xx-vjet-perballe-murit-te-vizave\/"]}]},{"@type":"ImageObject","inLanguage":"sq-AL","@id":"https:\/\/fjala.info\/2009-2015\/shqiptaret-xx-vjet-perballe-murit-te-vizave\/#primaryimage","url":"http:\/\/www.shkoder.net\/images\/fjala\/andrea_stefani.jpg","contentUrl":"http:\/\/www.shkoder.net\/images\/fjala\/andrea_stefani.jpg"},{"@type":"BreadcrumbList","@id":"https:\/\/fjala.info\/2009-2015\/shqiptaret-xx-vjet-perballe-murit-te-vizave\/#breadcrumb","itemListElement":[{"@type":"ListItem","position":1,"name":"Home","item":"https:\/\/fjala.info\/2009-2015\/"},{"@type":"ListItem","position":2,"name":"SHQIPTAR\u00cbT, XX VJET P\u00cbRBALL\u00cb MURIT T\u00cb VIZAVE"}]},{"@type":"WebSite","@id":"https:\/\/fjala.info\/2009-2015\/#website","url":"https:\/\/fjala.info\/2009-2015\/","name":"FjALA e LIR\u00cb - Arkivi","description":"Arkivi 2009-2015","publisher":{"@id":"https:\/\/fjala.info\/2009-2015\/#organization"},"potentialAction":[{"@type":"SearchAction","target":{"@type":"EntryPoint","urlTemplate":"https:\/\/fjala.info\/2009-2015\/?s={search_term_string}"},"query-input":{"@type":"PropertyValueSpecification","valueRequired":true,"valueName":"search_term_string"}}],"inLanguage":"sq-AL"},{"@type":"Organization","@id":"https:\/\/fjala.info\/2009-2015\/#organization","name":"FjALA e LIR\u00cb - Arkivi","url":"https:\/\/fjala.info\/2009-2015\/","logo":{"@type":"ImageObject","inLanguage":"sq-AL","@id":"https:\/\/fjala.info\/2009-2015\/#\/schema\/logo\/image\/","url":"","contentUrl":"","caption":"FjALA e LIR\u00cb - Arkivi"},"image":{"@id":"https:\/\/fjala.info\/2009-2015\/#\/schema\/logo\/image\/"}},{"@type":"Person","@id":"https:\/\/fjala.info\/2009-2015\/#\/schema\/person\/3aa1163ef05469c496fc94e77611ada2","name":"admin","image":{"@type":"ImageObject","inLanguage":"sq-AL","@id":"https:\/\/fjala.info\/2009-2015\/wp-content\/uploads\/2012\/02\/arben_cokaj-120x150.jpg","url":"https:\/\/fjala.info\/2009-2015\/wp-content\/uploads\/2012\/02\/arben_cokaj-120x150.jpg","contentUrl":"https:\/\/fjala.info\/2009-2015\/wp-content\/uploads\/2012\/02\/arben_cokaj-120x150.jpg","caption":"admin"},"description":"Admin, Fjala e Lir\u00eb","sameAs":["https:\/\/fjala.info\/"],"url":"https:\/\/fjala.info\/2009-2015\/author\/admin\/"}]}},"_links":{"self":[{"href":"https:\/\/fjala.info\/2009-2015\/wp-json\/wp\/v2\/posts\/3176","targetHints":{"allow":["GET"]}}],"collection":[{"href":"https:\/\/fjala.info\/2009-2015\/wp-json\/wp\/v2\/posts"}],"about":[{"href":"https:\/\/fjala.info\/2009-2015\/wp-json\/wp\/v2\/types\/post"}],"author":[{"embeddable":true,"href":"https:\/\/fjala.info\/2009-2015\/wp-json\/wp\/v2\/users\/1"}],"replies":[{"embeddable":true,"href":"https:\/\/fjala.info\/2009-2015\/wp-json\/wp\/v2\/comments?post=3176"}],"version-history":[{"count":0,"href":"https:\/\/fjala.info\/2009-2015\/wp-json\/wp\/v2\/posts\/3176\/revisions"}],"wp:attachment":[{"href":"https:\/\/fjala.info\/2009-2015\/wp-json\/wp\/v2\/media?parent=3176"}],"wp:term":[{"taxonomy":"category","embeddable":true,"href":"https:\/\/fjala.info\/2009-2015\/wp-json\/wp\/v2\/categories?post=3176"},{"taxonomy":"post_tag","embeddable":true,"href":"https:\/\/fjala.info\/2009-2015\/wp-json\/wp\/v2\/tags?post=3176"}],"curies":[{"name":"wp","href":"https:\/\/api.w.org\/{rel}","templated":true}]}}