{"id":3174,"date":"2010-07-02T21:42:42","date_gmt":"2010-07-02T20:42:42","guid":{"rendered":"http:\/\/fjala.shkoder.net\/?p=3174"},"modified":"2010-07-02T21:42:42","modified_gmt":"2010-07-02T20:42:42","slug":"ilir-adili-master-ne-lemin-e-optikes","status":"publish","type":"post","link":"https:\/\/fjala.info\/2009-2015\/ilir-adili-master-ne-lemin-e-optikes\/","title":{"rendered":"ILIR ADILI MASTER N\u00cb L\u00cbMIN E OPTIK\u00cbS"},"content":{"rendered":"<p><strong><em>PORTRET STUDENT\u00cbSH T\u00cb DALLUAR<\/em><\/strong>:<\/p>\n<p><img decoding=\"async\" style=\"margin-left: 10px; margin-right: 10px; border: 0px;\" src=\"http:\/\/www.shkoder.net\/images\/fjala\/dibrani.jpg\" border=\"0\" alt=\"Shefqet Dibrani\" width=\"150\" align=\"left\" \/><\/p>\n<p><strong>Shefqet Dibrani<\/strong><\/p>\n<p><em>Gjithmon\u00eb rezultati var\u00ebt nga p\u00ebrpjekja q\u00eb b\u00ebn\u00eb p\u00ebr t\u00eb arritur nj\u00eb q\u00ebllim!&#8230;<\/em><\/p>\n<p>Portreti i radh\u00ebs \u00ebsht\u00eb nj\u00eb student shqiptar i cili n\u00eb saje t\u00eb pun\u00ebs dhe p\u00ebrkushtimit ka arritur rezultate p\u00ebr t\u2019u lakmuar. Ky bashk\u00ebkomb\u00ebs i vyer \u00ebsht\u00eb Ilir Adili i lindur m\u00eb 18 prill 1971 n\u00eb T\u00ebrnoc t\u00eb Madh komuna e Bujanocit.<\/p>\n<p>Ilir Adili shkoll\u00ebn fillore e mbaroi n\u00eb vendlindje kurse gjimnazin matematiko-shkencor n\u00eb Bujanoc. M\u00eb 1989 regjistrohet n\u00eb vitin e par\u00eb t\u00eb studimeve n\u00eb Fakultetin e Xehtaro \u2013 Metalurgjik n\u00eb Mitrovic\u00eb, Dega e Teknologjis\u00eb, kurse studimet i kreu n\u00eb afatin e rregullt me not\u00ebn mesatare mbi 8, nga ajo m\u00eb e larta 10. Studimet pasuniversitare do t\u2019i nis n\u00eb vitin 1996 n\u00eb Fakultetin e Makineris\u00eb pran\u00eb Universitetit t\u00eb Kosov\u00ebs n\u00eb Prishtin\u00eb, n\u00eb Deg\u00ebn e Termoenergjetik\u00ebs. Edhe n\u00eb k\u00ebto studime Iliri do t\u00eb tregoj rezultat t\u00eb shk\u00eblqyesh\u00ebm, ku nga 12 provime sa ishin gjithsejt\u00eb ai i ka kryer 11 sish me not\u00ebn mesatare 9.36.<\/p>\n<p><img decoding=\"async\" style=\"margin-left: 10px; margin-right: 10px; border: 0px;\" src=\"http:\/\/www.shkoder.net\/images\/fjala\/2010\/ilir_adili.jpg\" border=\"0\" alt=\"Ilir Adili\" width=\"150\" align=\"right\" \/><\/p>\n<p>Ende pa e kryer edhe provimin e vet\u00ebm, e m\u00eb pas p\u00ebr ta mbrojtur tezen e magjistratur\u00ebs Iliri Adili n\u00eb vitin 1998 do t\u00eb emigroj n\u00eb Zvic\u00ebr dhe do t\u00eb vendoset n\u00eb kantonin St. Gallen p\u00ebr t\u00eb nisur jet\u00ebn e tij t\u00eb re prej nj\u00eb emigranti. I vet\u00ebdijsh\u00ebm se p\u00ebr t\u00eb vazhduar karrier\u00ebn e tij n\u00eb fush\u00ebn e studimeve, s\u00eb pari duhej t\u00eb m\u00ebsonte gjuh\u00ebn, prandaj dy vitet e para ai i kalon n\u00eb m\u00ebsimin dhe p\u00ebrvet\u00ebsimin e gjermanishtes, shkollim t\u00eb cilin e b\u00ebnte krahas pun\u00ebs p\u00ebr ta mbajtur familjen e tij.<\/p>\n<p>Paralel me shkollimin gjuh\u00ebsor Iliri ka kryer edhe nj\u00eb varg kursesh t\u00eb natyr\u00ebs profesionale nga l\u00ebmi i makineris\u00eb. Pasi e p\u00ebrvet\u00ebson gjuh\u00ebn dhe stabilizohet edhe me pun\u00ebn n\u00eb profesionin e tij ai n\u00eb vitin 2001 fillon studimet n\u00eb Universitetin e St. Gallenit n\u00eb deg\u00ebn \u201cMekatronik\u201d, studime k\u00ebto q\u00eb i ka b\u00ebr\u00eb krahas pun\u00ebs s\u00eb p\u00ebrditshme n\u00eb profesionin e konstruktorit t\u00eb makineris\u00eb, n\u00eb nj\u00eb Firm\u00eb t\u00eb njohur n\u00eb k\u00ebt\u00eb qytet.<\/p>\n<p>N\u00eb vitin 2005 i ka p\u00ebrfunduar studimet me not\u00eb t\u00eb lart\u00eb 5 nga maksimale 6. N\u00eb vitin 2006 do t\u00eb filloj pun\u00ebn si inxhinier p\u00ebr konstruktimin e sistemeve optike, kurse n\u00eb vitin 2007 i nis studimet posdiplomike (master) n\u00eb fush\u00ebn: \u201cTEKNIKA E SISTEMEVE OPTIKE\u201d, pran\u00eb Universitetit t\u00eb Ravensburgut n\u00eb Gjermani.<br \/>\nN\u00eb prill t\u00eb vitit 2010, Ilir Adili e mbron tezen e magjistratur\u00ebs (master) n\u00eb fush\u00ebn: \u201cZBATIMI I DIODAVE LASERIKE N\u00cb P\u00cbRCAKTIMIN E DISTANCAVE\u201d, me rezultat t\u00eb shk\u00eblqyesh\u00ebm 1.3 nga maksimumi 1.0, sipas sistemit n\u00eb shkollat gjermane.<\/p>\n<p><img decoding=\"async\" style=\"margin-left: 10px; margin-right: 10px; border: 0px;\" src=\"http:\/\/www.shkoder.net\/images\/fjala\/2010\/sistemi_planetar.jpg\" border=\"0\" alt=\"Sistemi Planetar\" width=\"300\" align=\"left\" \/><\/p>\n<p>Ilir Adili tashm\u00eb punon si ekspert i sistemeve optike n\u00eb nj\u00eb kompani t\u00eb njohur n\u00eb k\u00ebt\u00eb fush\u00eb si inxhinier i respektuar, jo vet\u00ebm p\u00ebr grad\u00ebn e tij shkencore \u201cMaster n\u00eb l\u00ebmin e optik\u00ebs\u201d, por si nj\u00eb ekspert i zellsh\u00ebm. Mua thot ai \u201cgjithnj\u00eb m\u00eb ka\u00eb fascinuar pamjet nga gjith\u00ebsia, sidomos teknologjia e cila e b\u00ebn t\u00eb mundur t\u00eb fotografohen k\u00ebto pamje. Ishte pik\u00ebrisht zhvillimi i Optik\u00ebs e cila e b\u00ebri t\u00eb mundshme hapjen e horizonteve t\u00eb pafundme t\u00eb gjith\u00ebsis\u00eb\u201d, ndoshta ishin k\u00ebto arsyet themelore pse vendosa q\u00eb dijet e mija t\u2019i zgjeroj pik\u00ebrisht n\u00eb fush\u00ebn e optik\u00ebs, shprehet i ndrujtur dhe me nj\u00eb modesti t\u00eb rrall\u00eb.<\/p>\n<p>M\u00eb duket se ky shkrim do t\u00eb mbetej i mang\u00ebt po sikur t\u00eb mos merreshim sadopak me jet\u00ebn e tij private, p\u00ebr t\u00eb par\u00eb se edhe Ilir Adili, ka familje, ka obligime t\u00eb cilat nuk e kan\u00eb penguar p\u00ebr t\u2019i avancuar dijet e tij n\u00eb fushat e shkencave optike, l\u00ebmi kjo me nj\u00eb perspektiv si dhe profesion mjaft\u00eb deficitar.<\/p>\n<p>Iliri \u00ebsht\u00eb i martuar dhe jeton bashk\u00eb me bashk\u00ebshorten e tij Eminen e cila \u00ebsht\u00eb me origjin\u00eb po ashtu nga Bujanoci. Ajo q\u00eb n\u00eb mosh\u00ebn 14 vje\u00e7are n\u00eb saje t\u00eb prind\u00ebrve ka ardhur n\u00eb Zvic\u00ebr, kurse Iliri nj\u00eb pjes\u00eb t\u00eb rezultateve t\u00eb tij ia atribuon pik\u00ebrisht bashk\u00ebshortes e cila e ka p\u00ebrkrahur, e ka motivuar p\u00ebr t\u2019i kryer studimet, (ndoshta ajo e kishte p\u00ebrvoj\u00ebn e vet), pasi edhe ajo ka ardhur e rritur n\u00eb Zvic\u00ebr, por do t\u00eb arrij\u00eb t\u00eb shkollohet dhe integrohet n\u00eb shoq\u00ebrin\u00eb zvicerane, madje si asnj\u00eb vajz\u00eb tjet\u00ebr shqiptare p\u00ebr koh\u00ebn e saj n\u00eb t\u00ebr\u00eb k\u00ebt\u00eb regjion. Viteve t\u00eb fundit mbante postin e kontabilistes n\u00eb nj\u00ebsitin e saj ku punonte tash punon me orar t\u00eb shkurtuar pasi m\u00eb shum\u00eb merret me tre f\u00ebmij\u00ebt: Albinin (10), Arditin (5) dhe Arlindin (3), t\u00eb cil\u00ebt jan\u00eb n\u00eb klasat e sistemit parashkollor dhe n\u00eb ciklin e ul\u00ebt t\u00eb fillores.<\/p>\n<p>N\u00eb interesimin ton\u00eb p\u00ebr t\u00eb ditur p\u00ebr synimet e tija n\u00eb fush\u00ebn e studimeve t\u00eb m\u00ebtutjeshme, t\u00eb ambicieve profesionale, si me shaka ai do t\u00eb shtoj\u00eb: Po kam ambicie, natyrisht kam shum\u00eb d\u00ebshir\u00eb t\u00eb vazhdoj, por jo domosdoshm\u00ebrish menj\u00ebher\u00eb pasi kam edhe obligime ndaj familjes t\u00eb cil\u00ebs i kam munguar shum\u00eb, jo aq shum\u00eb n\u00eb aspektin fizik pasi kam qen\u00eb vazhdimisht n\u00eb sht\u00ebpi, por ndryshe, ndryshe, ngase studimet m\u00eb b\u00ebnin t\u00eb jem n\u00eb sht\u00ebpi por t\u00eb mos merrem fare me f\u00ebmij\u00ebt, me familjen.<\/p>\n<p>Dhe kur dihet se ne jemi n\u00eb nj\u00eb vend t\u00eb huaj k\u00ebto nevoja kan\u00eb qen\u00eb t\u00eb m\u00ebdha, por un\u00eb i fal\u00ebnderohem vazhdimisht bashk\u00ebshortes sime e cila ka qen\u00eb n\u00eb gjendje t\u2019i p\u00ebrballoj t\u00eb gjitha dhe t\u2019i kryen pun\u00ebt vet\u00ebm e vet\u00ebm q\u00eb un\u00eb t\u00eb vazhdoja, e kjo \u00ebsht\u00eb shum\u00eb, dhe pik\u00ebrisht ishte p\u00ebr mua nj\u00eb motiv shtes\u00eb p\u00ebr t\u2019i mbaruar studimet me sukses.<\/p>\n<p>Gjithsesi, p\u00ebr ca koh\u00eb do t\u2019i p\u00ebrkushtohem familjes dhe f\u00ebmij\u00ebve t\u00eb cil\u00ebt po rriten. K\u00ebto prioritete domosdo do t\u2019i p\u00ebrmbush, dhe m\u00eb pas t\u00eb shohim, pse jo edhe p\u00ebr ndonj\u00eb shkollim t\u00eb m\u00ebtutjesh\u00ebm. N\u00eb an\u00ebn tjet\u00ebr Zvicra dhe p\u00ebrgjith\u00ebsisht per\u00ebndimi jan\u00eb nj\u00eb sistem vlerash q\u00eb nuk t\u00eb l\u00ebn\u00eb t\u00eb qet\u00eb, kurse shkollimi dhe perfeksionimi k\u00ebtu vazhdon t\u00ebr\u00eb jet\u00ebn. Pastaj vendi i pun\u00ebs t\u00eb detyron p\u00ebr hulumtime e avancime t\u00eb reja.<\/p>\n<p>Por t\u00eb presim edhe pak, tani kemi n\u00eb prag ver\u00ebn, pra nj\u00eb her\u00eb pushimet verore se ndoshta freskia e vjesht\u00ebs mund t\u00eb ndikoj n\u00eb planet e mia, sidoqoft\u00eb synime kam shprehet mjaft\u00eb i qart\u00eb Iliri, dhe shton: Ne duhet t\u00eb m\u00ebsojm\u00eb nga p\u00ebrvoja e per\u00ebndimit, ve\u00e7mas nga p\u00ebrvoja zvicerane ku kuadrot e afta privilegjohen, n\u00eb pun\u00eb dhe n\u00eb shoq\u00ebri, e ve\u00e7mas n\u00eb administrat\u00ebn e shtetit. Gjithsesi neve shqiptar\u00ebve na p\u00ebrshtatet modeli zviceran i cili \u00ebsht\u00eb mjaft\u00eb i p\u00ebrsosur, kurse ky vend ka ardhur deri k\u00ebtu, \u00ebsht\u00eb zhvilluar kaq shum\u00eb vet\u00ebm n\u00eb saje t\u00eb respektimit t\u00eb njer\u00ebzve t\u00eb aft\u00eb, e kjo shtres\u00eb qytetare me dijen e tyre dhe me respektin ndaj vendit t\u00eb pun\u00ebs kan\u00eb nj\u00eb p\u00ebrkushtim t\u00eb \u00e7uditsh\u00ebm ndaj shtetit t\u00eb tyre.<\/p>\n<p>Dua ta p\u00ebrmbyll opinionin tim me nj\u00eb mesazh p\u00ebr jet\u00ebn e individit q\u00eb ka shum\u00eb r\u00ebnd\u00ebsi p\u00ebr t\u00eb ardhmen e tij, sepse \u201csado v\u00ebshtir\u00ebsit\u00eb t\u00eb jen\u00eb t\u00eb m\u00ebdha, me p\u00ebrpjekje t\u00eb vazhdueshme, edhe e pamundshmja do t\u00eb b\u00ebhet realitet\u201d!&#8230;<\/p>\n<p><em>St. Gallen, 15 qershor 2010<\/em>.<\/p>\n","protected":false},"excerpt":{"rendered":"<p>PORTRET STUDENT\u00cbSH T\u00cb DALLUAR: Shefqet Dibrani Gjithmon\u00eb rezultati var\u00ebt nga p\u00ebrpjekja q\u00eb b\u00ebn\u00eb p\u00ebr t\u00eb arritur nj\u00eb q\u00ebllim!&#8230; Portreti i radh\u00ebs \u00ebsht\u00eb nj\u00eb student shqiptar i cili n\u00eb saje t\u00eb pun\u00ebs dhe p\u00ebrkushtimit ka arritur rezultate p\u00ebr t\u2019u lakmuar. Ky bashk\u00ebkomb\u00ebs i vyer \u00ebsht\u00eb Ilir Adili i lindur m\u00eb 18 prill 1971 n\u00eb T\u00ebrnoc t\u00eb [&hellip;]<\/p>\n","protected":false},"author":1,"featured_media":0,"comment_status":"open","ping_status":"closed","sticky":false,"template":"","format":"standard","meta":{"footnotes":""},"categories":[2],"tags":[],"class_list":{"0":"post-3174","1":"post","2":"type-post","3":"status-publish","4":"format-standard","6":"category-artikuj"},"yoast_head":"<!-- This site is optimized with the Yoast SEO plugin v27.4 - https:\/\/yoast.com\/product\/yoast-seo-wordpress\/ -->\n<title>ILIR ADILI MASTER N\u00cb L\u00cbMIN E OPTIK\u00cbS - FjALA e LIR\u00cb - Arkivi<\/title>\n<meta name=\"robots\" content=\"index, follow, max-snippet:-1, max-image-preview:large, max-video-preview:-1\" \/>\n<link rel=\"canonical\" href=\"https:\/\/fjala.info\/2009-2015\/ilir-adili-master-ne-lemin-e-optikes\/\" \/>\n<meta property=\"og:locale\" content=\"sq_AL\" \/>\n<meta property=\"og:type\" content=\"article\" \/>\n<meta property=\"og:title\" content=\"ILIR ADILI MASTER N\u00cb L\u00cbMIN E OPTIK\u00cbS - FjALA e LIR\u00cb - Arkivi\" \/>\n<meta property=\"og:description\" content=\"PORTRET STUDENT\u00cbSH T\u00cb DALLUAR: Shefqet Dibrani Gjithmon\u00eb rezultati var\u00ebt nga p\u00ebrpjekja q\u00eb b\u00ebn\u00eb p\u00ebr t\u00eb arritur nj\u00eb q\u00ebllim!&#8230; Portreti i radh\u00ebs \u00ebsht\u00eb nj\u00eb student shqiptar i cili n\u00eb saje t\u00eb pun\u00ebs dhe p\u00ebrkushtimit ka arritur rezultate p\u00ebr t\u2019u lakmuar. Ky bashk\u00ebkomb\u00ebs i vyer \u00ebsht\u00eb Ilir Adili i lindur m\u00eb 18 prill 1971 n\u00eb T\u00ebrnoc t\u00eb [&hellip;]\" \/>\n<meta property=\"og:url\" content=\"https:\/\/fjala.info\/2009-2015\/ilir-adili-master-ne-lemin-e-optikes\/\" \/>\n<meta property=\"og:site_name\" content=\"FjALA e LIR\u00cb - Arkivi\" \/>\n<meta property=\"article:published_time\" content=\"2010-07-02T20:42:42+00:00\" \/>\n<meta property=\"og:image\" content=\"http:\/\/www.shkoder.net\/images\/fjala\/dibrani.jpg\" \/>\n<meta name=\"author\" content=\"admin\" \/>\n<meta name=\"twitter:card\" content=\"summary_large_image\" \/>\n<meta name=\"twitter:label1\" content=\"Written by\" \/>\n\t<meta name=\"twitter:data1\" content=\"admin\" \/>\n\t<meta name=\"twitter:label2\" content=\"Est. reading time\" \/>\n\t<meta name=\"twitter:data2\" content=\"6 minutes\" \/>\n<script type=\"application\/ld+json\" class=\"yoast-schema-graph\">{\"@context\":\"https:\\\/\\\/schema.org\",\"@graph\":[{\"@type\":\"Article\",\"@id\":\"https:\\\/\\\/fjala.info\\\/2009-2015\\\/ilir-adili-master-ne-lemin-e-optikes\\\/#article\",\"isPartOf\":{\"@id\":\"https:\\\/\\\/fjala.info\\\/2009-2015\\\/ilir-adili-master-ne-lemin-e-optikes\\\/\"},\"author\":{\"name\":\"admin\",\"@id\":\"https:\\\/\\\/fjala.info\\\/2009-2015\\\/#\\\/schema\\\/person\\\/3aa1163ef05469c496fc94e77611ada2\"},\"headline\":\"ILIR ADILI MASTER N\u00cb L\u00cbMIN E OPTIK\u00cbS\",\"datePublished\":\"2010-07-02T20:42:42+00:00\",\"mainEntityOfPage\":{\"@id\":\"https:\\\/\\\/fjala.info\\\/2009-2015\\\/ilir-adili-master-ne-lemin-e-optikes\\\/\"},\"wordCount\":1280,\"commentCount\":0,\"publisher\":{\"@id\":\"https:\\\/\\\/fjala.info\\\/2009-2015\\\/#organization\"},\"image\":{\"@id\":\"https:\\\/\\\/fjala.info\\\/2009-2015\\\/ilir-adili-master-ne-lemin-e-optikes\\\/#primaryimage\"},\"thumbnailUrl\":\"http:\\\/\\\/www.shkoder.net\\\/images\\\/fjala\\\/dibrani.jpg\",\"articleSection\":[\"Artikuj\"],\"inLanguage\":\"sq-AL\",\"potentialAction\":[{\"@type\":\"CommentAction\",\"name\":\"Comment\",\"target\":[\"https:\\\/\\\/fjala.info\\\/2009-2015\\\/ilir-adili-master-ne-lemin-e-optikes\\\/#respond\"]}]},{\"@type\":\"WebPage\",\"@id\":\"https:\\\/\\\/fjala.info\\\/2009-2015\\\/ilir-adili-master-ne-lemin-e-optikes\\\/\",\"url\":\"https:\\\/\\\/fjala.info\\\/2009-2015\\\/ilir-adili-master-ne-lemin-e-optikes\\\/\",\"name\":\"ILIR ADILI MASTER N\u00cb L\u00cbMIN E OPTIK\u00cbS - FjALA e LIR\u00cb - Arkivi\",\"isPartOf\":{\"@id\":\"https:\\\/\\\/fjala.info\\\/2009-2015\\\/#website\"},\"primaryImageOfPage\":{\"@id\":\"https:\\\/\\\/fjala.info\\\/2009-2015\\\/ilir-adili-master-ne-lemin-e-optikes\\\/#primaryimage\"},\"image\":{\"@id\":\"https:\\\/\\\/fjala.info\\\/2009-2015\\\/ilir-adili-master-ne-lemin-e-optikes\\\/#primaryimage\"},\"thumbnailUrl\":\"http:\\\/\\\/www.shkoder.net\\\/images\\\/fjala\\\/dibrani.jpg\",\"datePublished\":\"2010-07-02T20:42:42+00:00\",\"breadcrumb\":{\"@id\":\"https:\\\/\\\/fjala.info\\\/2009-2015\\\/ilir-adili-master-ne-lemin-e-optikes\\\/#breadcrumb\"},\"inLanguage\":\"sq-AL\",\"potentialAction\":[{\"@type\":\"ReadAction\",\"target\":[\"https:\\\/\\\/fjala.info\\\/2009-2015\\\/ilir-adili-master-ne-lemin-e-optikes\\\/\"]}]},{\"@type\":\"ImageObject\",\"inLanguage\":\"sq-AL\",\"@id\":\"https:\\\/\\\/fjala.info\\\/2009-2015\\\/ilir-adili-master-ne-lemin-e-optikes\\\/#primaryimage\",\"url\":\"http:\\\/\\\/www.shkoder.net\\\/images\\\/fjala\\\/dibrani.jpg\",\"contentUrl\":\"http:\\\/\\\/www.shkoder.net\\\/images\\\/fjala\\\/dibrani.jpg\"},{\"@type\":\"BreadcrumbList\",\"@id\":\"https:\\\/\\\/fjala.info\\\/2009-2015\\\/ilir-adili-master-ne-lemin-e-optikes\\\/#breadcrumb\",\"itemListElement\":[{\"@type\":\"ListItem\",\"position\":1,\"name\":\"Home\",\"item\":\"https:\\\/\\\/fjala.info\\\/2009-2015\\\/\"},{\"@type\":\"ListItem\",\"position\":2,\"name\":\"ILIR ADILI MASTER N\u00cb L\u00cbMIN E OPTIK\u00cbS\"}]},{\"@type\":\"WebSite\",\"@id\":\"https:\\\/\\\/fjala.info\\\/2009-2015\\\/#website\",\"url\":\"https:\\\/\\\/fjala.info\\\/2009-2015\\\/\",\"name\":\"FjALA e LIR\u00cb - Arkivi\",\"description\":\"Arkivi 2009-2015\",\"publisher\":{\"@id\":\"https:\\\/\\\/fjala.info\\\/2009-2015\\\/#organization\"},\"potentialAction\":[{\"@type\":\"SearchAction\",\"target\":{\"@type\":\"EntryPoint\",\"urlTemplate\":\"https:\\\/\\\/fjala.info\\\/2009-2015\\\/?s={search_term_string}\"},\"query-input\":{\"@type\":\"PropertyValueSpecification\",\"valueRequired\":true,\"valueName\":\"search_term_string\"}}],\"inLanguage\":\"sq-AL\"},{\"@type\":\"Organization\",\"@id\":\"https:\\\/\\\/fjala.info\\\/2009-2015\\\/#organization\",\"name\":\"FjALA e LIR\u00cb - Arkivi\",\"url\":\"https:\\\/\\\/fjala.info\\\/2009-2015\\\/\",\"logo\":{\"@type\":\"ImageObject\",\"inLanguage\":\"sq-AL\",\"@id\":\"https:\\\/\\\/fjala.info\\\/2009-2015\\\/#\\\/schema\\\/logo\\\/image\\\/\",\"url\":\"\",\"contentUrl\":\"\",\"caption\":\"FjALA e LIR\u00cb - Arkivi\"},\"image\":{\"@id\":\"https:\\\/\\\/fjala.info\\\/2009-2015\\\/#\\\/schema\\\/logo\\\/image\\\/\"}},{\"@type\":\"Person\",\"@id\":\"https:\\\/\\\/fjala.info\\\/2009-2015\\\/#\\\/schema\\\/person\\\/3aa1163ef05469c496fc94e77611ada2\",\"name\":\"admin\",\"image\":{\"@type\":\"ImageObject\",\"inLanguage\":\"sq-AL\",\"@id\":\"https:\\\/\\\/fjala.info\\\/2009-2015\\\/wp-content\\\/uploads\\\/2012\\\/02\\\/arben_cokaj-120x150.jpg\",\"url\":\"https:\\\/\\\/fjala.info\\\/2009-2015\\\/wp-content\\\/uploads\\\/2012\\\/02\\\/arben_cokaj-120x150.jpg\",\"contentUrl\":\"https:\\\/\\\/fjala.info\\\/2009-2015\\\/wp-content\\\/uploads\\\/2012\\\/02\\\/arben_cokaj-120x150.jpg\",\"caption\":\"admin\"},\"description\":\"Admin, Fjala e Lir\u00eb\",\"sameAs\":[\"https:\\\/\\\/fjala.info\\\/\"],\"url\":\"https:\\\/\\\/fjala.info\\\/2009-2015\\\/author\\\/admin\\\/\"}]}<\/script>\n<!-- \/ Yoast SEO plugin. -->","yoast_head_json":{"title":"ILIR ADILI MASTER N\u00cb L\u00cbMIN E OPTIK\u00cbS - FjALA e LIR\u00cb - Arkivi","robots":{"index":"index","follow":"follow","max-snippet":"max-snippet:-1","max-image-preview":"max-image-preview:large","max-video-preview":"max-video-preview:-1"},"canonical":"https:\/\/fjala.info\/2009-2015\/ilir-adili-master-ne-lemin-e-optikes\/","og_locale":"sq_AL","og_type":"article","og_title":"ILIR ADILI MASTER N\u00cb L\u00cbMIN E OPTIK\u00cbS - FjALA e LIR\u00cb - Arkivi","og_description":"PORTRET STUDENT\u00cbSH T\u00cb DALLUAR: Shefqet Dibrani Gjithmon\u00eb rezultati var\u00ebt nga p\u00ebrpjekja q\u00eb b\u00ebn\u00eb p\u00ebr t\u00eb arritur nj\u00eb q\u00ebllim!&#8230; Portreti i radh\u00ebs \u00ebsht\u00eb nj\u00eb student shqiptar i cili n\u00eb saje t\u00eb pun\u00ebs dhe p\u00ebrkushtimit ka arritur rezultate p\u00ebr t\u2019u lakmuar. Ky bashk\u00ebkomb\u00ebs i vyer \u00ebsht\u00eb Ilir Adili i lindur m\u00eb 18 prill 1971 n\u00eb T\u00ebrnoc t\u00eb [&hellip;]","og_url":"https:\/\/fjala.info\/2009-2015\/ilir-adili-master-ne-lemin-e-optikes\/","og_site_name":"FjALA e LIR\u00cb - Arkivi","article_published_time":"2010-07-02T20:42:42+00:00","og_image":[{"url":"http:\/\/www.shkoder.net\/images\/fjala\/dibrani.jpg","type":"","width":"","height":""}],"author":"admin","twitter_card":"summary_large_image","twitter_misc":{"Written by":"admin","Est. reading time":"6 minutes"},"schema":{"@context":"https:\/\/schema.org","@graph":[{"@type":"Article","@id":"https:\/\/fjala.info\/2009-2015\/ilir-adili-master-ne-lemin-e-optikes\/#article","isPartOf":{"@id":"https:\/\/fjala.info\/2009-2015\/ilir-adili-master-ne-lemin-e-optikes\/"},"author":{"name":"admin","@id":"https:\/\/fjala.info\/2009-2015\/#\/schema\/person\/3aa1163ef05469c496fc94e77611ada2"},"headline":"ILIR ADILI MASTER N\u00cb L\u00cbMIN E OPTIK\u00cbS","datePublished":"2010-07-02T20:42:42+00:00","mainEntityOfPage":{"@id":"https:\/\/fjala.info\/2009-2015\/ilir-adili-master-ne-lemin-e-optikes\/"},"wordCount":1280,"commentCount":0,"publisher":{"@id":"https:\/\/fjala.info\/2009-2015\/#organization"},"image":{"@id":"https:\/\/fjala.info\/2009-2015\/ilir-adili-master-ne-lemin-e-optikes\/#primaryimage"},"thumbnailUrl":"http:\/\/www.shkoder.net\/images\/fjala\/dibrani.jpg","articleSection":["Artikuj"],"inLanguage":"sq-AL","potentialAction":[{"@type":"CommentAction","name":"Comment","target":["https:\/\/fjala.info\/2009-2015\/ilir-adili-master-ne-lemin-e-optikes\/#respond"]}]},{"@type":"WebPage","@id":"https:\/\/fjala.info\/2009-2015\/ilir-adili-master-ne-lemin-e-optikes\/","url":"https:\/\/fjala.info\/2009-2015\/ilir-adili-master-ne-lemin-e-optikes\/","name":"ILIR ADILI MASTER N\u00cb L\u00cbMIN E OPTIK\u00cbS - FjALA e LIR\u00cb - Arkivi","isPartOf":{"@id":"https:\/\/fjala.info\/2009-2015\/#website"},"primaryImageOfPage":{"@id":"https:\/\/fjala.info\/2009-2015\/ilir-adili-master-ne-lemin-e-optikes\/#primaryimage"},"image":{"@id":"https:\/\/fjala.info\/2009-2015\/ilir-adili-master-ne-lemin-e-optikes\/#primaryimage"},"thumbnailUrl":"http:\/\/www.shkoder.net\/images\/fjala\/dibrani.jpg","datePublished":"2010-07-02T20:42:42+00:00","breadcrumb":{"@id":"https:\/\/fjala.info\/2009-2015\/ilir-adili-master-ne-lemin-e-optikes\/#breadcrumb"},"inLanguage":"sq-AL","potentialAction":[{"@type":"ReadAction","target":["https:\/\/fjala.info\/2009-2015\/ilir-adili-master-ne-lemin-e-optikes\/"]}]},{"@type":"ImageObject","inLanguage":"sq-AL","@id":"https:\/\/fjala.info\/2009-2015\/ilir-adili-master-ne-lemin-e-optikes\/#primaryimage","url":"http:\/\/www.shkoder.net\/images\/fjala\/dibrani.jpg","contentUrl":"http:\/\/www.shkoder.net\/images\/fjala\/dibrani.jpg"},{"@type":"BreadcrumbList","@id":"https:\/\/fjala.info\/2009-2015\/ilir-adili-master-ne-lemin-e-optikes\/#breadcrumb","itemListElement":[{"@type":"ListItem","position":1,"name":"Home","item":"https:\/\/fjala.info\/2009-2015\/"},{"@type":"ListItem","position":2,"name":"ILIR ADILI MASTER N\u00cb L\u00cbMIN E OPTIK\u00cbS"}]},{"@type":"WebSite","@id":"https:\/\/fjala.info\/2009-2015\/#website","url":"https:\/\/fjala.info\/2009-2015\/","name":"FjALA e LIR\u00cb - Arkivi","description":"Arkivi 2009-2015","publisher":{"@id":"https:\/\/fjala.info\/2009-2015\/#organization"},"potentialAction":[{"@type":"SearchAction","target":{"@type":"EntryPoint","urlTemplate":"https:\/\/fjala.info\/2009-2015\/?s={search_term_string}"},"query-input":{"@type":"PropertyValueSpecification","valueRequired":true,"valueName":"search_term_string"}}],"inLanguage":"sq-AL"},{"@type":"Organization","@id":"https:\/\/fjala.info\/2009-2015\/#organization","name":"FjALA e LIR\u00cb - Arkivi","url":"https:\/\/fjala.info\/2009-2015\/","logo":{"@type":"ImageObject","inLanguage":"sq-AL","@id":"https:\/\/fjala.info\/2009-2015\/#\/schema\/logo\/image\/","url":"","contentUrl":"","caption":"FjALA e LIR\u00cb - Arkivi"},"image":{"@id":"https:\/\/fjala.info\/2009-2015\/#\/schema\/logo\/image\/"}},{"@type":"Person","@id":"https:\/\/fjala.info\/2009-2015\/#\/schema\/person\/3aa1163ef05469c496fc94e77611ada2","name":"admin","image":{"@type":"ImageObject","inLanguage":"sq-AL","@id":"https:\/\/fjala.info\/2009-2015\/wp-content\/uploads\/2012\/02\/arben_cokaj-120x150.jpg","url":"https:\/\/fjala.info\/2009-2015\/wp-content\/uploads\/2012\/02\/arben_cokaj-120x150.jpg","contentUrl":"https:\/\/fjala.info\/2009-2015\/wp-content\/uploads\/2012\/02\/arben_cokaj-120x150.jpg","caption":"admin"},"description":"Admin, Fjala e Lir\u00eb","sameAs":["https:\/\/fjala.info\/"],"url":"https:\/\/fjala.info\/2009-2015\/author\/admin\/"}]}},"_links":{"self":[{"href":"https:\/\/fjala.info\/2009-2015\/wp-json\/wp\/v2\/posts\/3174","targetHints":{"allow":["GET"]}}],"collection":[{"href":"https:\/\/fjala.info\/2009-2015\/wp-json\/wp\/v2\/posts"}],"about":[{"href":"https:\/\/fjala.info\/2009-2015\/wp-json\/wp\/v2\/types\/post"}],"author":[{"embeddable":true,"href":"https:\/\/fjala.info\/2009-2015\/wp-json\/wp\/v2\/users\/1"}],"replies":[{"embeddable":true,"href":"https:\/\/fjala.info\/2009-2015\/wp-json\/wp\/v2\/comments?post=3174"}],"version-history":[{"count":0,"href":"https:\/\/fjala.info\/2009-2015\/wp-json\/wp\/v2\/posts\/3174\/revisions"}],"wp:attachment":[{"href":"https:\/\/fjala.info\/2009-2015\/wp-json\/wp\/v2\/media?parent=3174"}],"wp:term":[{"taxonomy":"category","embeddable":true,"href":"https:\/\/fjala.info\/2009-2015\/wp-json\/wp\/v2\/categories?post=3174"},{"taxonomy":"post_tag","embeddable":true,"href":"https:\/\/fjala.info\/2009-2015\/wp-json\/wp\/v2\/tags?post=3174"}],"curies":[{"name":"wp","href":"https:\/\/api.w.org\/{rel}","templated":true}]}}