{"id":3172,"date":"2010-07-02T08:31:08","date_gmt":"2010-07-02T07:31:08","guid":{"rendered":"http:\/\/fjala.shkoder.net\/?p=3172"},"modified":"2010-07-02T08:31:08","modified_gmt":"2010-07-02T07:31:08","slug":"opozita-koha-per-nje-bilanc","status":"publish","type":"post","link":"https:\/\/fjala.info\/2009-2015\/opozita-koha-per-nje-bilanc\/","title":{"rendered":"Opozita, koha p\u00ebr nj\u00eb bilanc"},"content":{"rendered":"<p><img decoding=\"async\" style=\"margin-left: 10px; margin-right: 10px; border: 0px;\" src=\"http:\/\/www.shkoder.net\/images\/fjala\/prec_zogaj.jpg\" border=\"0\" alt=\"Pre\u00e7 Zogaj\" width=\"150\" align=\"left\" \/><\/p>\n<p><strong>Pre\u00e7 Zogaj<\/strong>, <em>02.07.2010<\/em><\/p>\n<p>D\u00ebshtimi i nj\u00eb p\u00ebrpjekjeje kaq t\u00eb pazakonshme p\u00ebr hetimin parlamentar t\u00eb zgjedhjeve t\u00eb kaluara \u00ebsht\u00eb garancia m\u00eb e madhe q\u00eb mund t&#8217;u jepet manipulator\u00ebve t\u00eb vot\u00ebs n\u00eb nj\u00eb an\u00eb dhe ligjit t\u00eb xhungl\u00ebs n\u00eb an\u00ebn tjet\u00ebr.<\/p>\n<p>Banditizmi elektoral, i ngjitur pothuajse n\u00eb sistem prej shum\u00eb vitesh n\u00eb t\u00eb gjitha hallkat e procesit elektoral n\u00eb Shqip\u00ebri, mund t\u00eb dyfishoj\u00eb n\u00eb zgjedhjet e ardhshme, duke par\u00eb se edhe Europa ngriti duart p\u00ebrball\u00eb refuzimit t\u00eb kryeministrit Berisha p\u00ebr t\u00eb arritur nj\u00eb marr\u00ebveshje me opozit\u00ebn e tij.<\/p>\n<p>Kjo \u00ebsht\u00eb frika e madhe q\u00eb pason kthimin e kriz\u00ebs n\u00eb pik\u00ebn zero. N\u00eb rrafshin popullor, sot p\u00ebr sot, kjo frik\u00eb zhurmohet dhe mpihet jo pak nga transmetimet, diskutimet dhe emisionet e shumta radiofonike p\u00ebr kampionatin bot\u00ebror t\u00eb futbollit n\u00eb Afrik\u00ebn e Jugut. Por, si\u00e7 ndodh me disa lloj fatkeq\u00ebsish, edhe frik\u00ebs p\u00ebr t\u00eb ardhmen e zgjedhjeve n\u00eb Shqip\u00ebri do t&#8217;i dal\u00eb mpirja sapo t\u00eb mbetemi p\u00ebrs\u00ebri me ngjarjet tona.<\/p>\n<p>Njer\u00ebzit, sipas p\u00ebrkat\u00ebsis\u00eb politike, formimit dhe informimit, kan\u00eb gjykimin e tyre t\u00eb p\u00ebr l\u00ebvizjen disamujore t\u00eb opozit\u00ebs p\u00ebr transparenc\u00ebn e zgjedhjeve. Me p\u00ebrjashtim t\u00eb budallenjve dhe ekstremist\u00ebve t\u00eb s\u00ebmur\u00eb, t\u00eb gjith\u00eb t\u00eb tjer\u00ebt besoj se mendojn\u00eb nj\u00eblloj s\u00eb paku tre gj\u00ebra.<\/p>\n<p>E para, ashtu si s\u00ebmundjet q\u00eb nuk sh\u00ebrohen n\u00ebse nuk kurohen, edhe kriza nuk u shua meqen\u00ebse nuk u zgjidh. E dyta, duke qen\u00eb se \u00e7do kriz\u00eb e tregon natyr\u00ebn e saj n\u00eb rezistenc\u00ebn q\u00eb ndesh dhe duhet t\u00eb thyej\u00eb, \u00ebsht\u00eb e qart\u00eb se kriza aktuale \u00ebsht\u00eb m\u00eb e thell\u00eb dhe m\u00eb komplekse se sa \u00ebsht\u00eb menduar n\u00eb<br \/>\nfillim.<\/p>\n<p>Fakti q\u00eb as protestat popullore, as p\u00ebrpjekjet e opozit\u00ebs n\u00eb parlament, as greva e uris\u00eb dhe, s\u00eb fundi, as nd\u00ebrmjet\u00ebsimi i Europ\u00ebs nuk e mund\u00ebsuan gjer me sot hetimin parlamentar t\u00eb zgjedhjeve t\u00eb 28 qershorit n\u00eb baz\u00eb t\u00eb nj\u00eb marr\u00ebveshjeje t\u00eb negociuar mes pal\u00ebve, e d\u00ebshmon m\u00eb s\u00eb miri k\u00ebt\u00eb q\u00eb themi.<\/p>\n<p>E treta, opozita q\u00eb nd\u00ebrmori p\u00ebr her\u00eb t\u00eb par\u00eb n\u00eb historin\u00eb e tranzicionit nj\u00eb l\u00ebvizje t\u00eb re p\u00ebr standardet zgjedhore n\u00eb Shqip\u00ebri, duhet t\u00eb b\u00ebj\u00eb nj\u00eb bilanc dhe nj\u00eb refleksion sa me t\u00eb shpejt\u00eb p\u00ebr ecurin\u00eb e deritanishme dhe perspektiv\u00ebn e k\u00ebsaj l\u00ebvizjeje. Opozita, realisht, as mund t\u00eb ndalet, as mund t\u00eb vazhdoj\u00eb kuturu pa nj\u00eb analiz\u00eb t\u00eb thell\u00eb, prej nga do t\u00eb p\u00ebrcaktonte hapat p\u00ebr m\u00eb tutje.<\/p>\n<p>Nuk ka dyshim se kund\u00ebrshtar\u00ebt e transparenc\u00ebs, sikurse edhe kund\u00ebrshtar\u00ebt par excellance t\u00eb shefit t\u00eb opozit\u00ebs, Edi Rama, d\u00ebshirojn\u00eb dhe presin q\u00eb PS, si partia kryesore e opozit\u00ebs, t\u00eb gjej\u00eb nj\u00eb dalje elegante nga tuneli i kriz\u00ebs, t\u00eb ul\u00eb me kujdes flamurin e transparenc\u00ebs dhe t\u00eb p\u00ebrfshihet pask\u00ebtaj n\u00eb betej\u00ebn e gjat\u00eb q\u00eb kush t\u00eb marr\u00eb drejtimin e saj.<\/p>\n<p>Kurse mb\u00ebshtet\u00ebsit e transparenc\u00ebs, partiak\u00eb dhe jo partiak\u00eb, t\u00eb majt\u00eb dhe t\u00eb djatht\u00eb, p\u00ebrfshir\u00eb ata q\u00eb nuk e konsiderojn\u00eb monopol t\u00eb PS-s\u00eb, por nj\u00eb \u00e7\u00ebshtje madhore t\u00eb demokracis\u00eb l\u00ebvizjen p\u00ebr standardet zgjedhore, d\u00ebshirojn\u00eb dhe presin vendime t\u00eb pjekura q\u00eb sh\u00ebrbejn\u00eb zgjidhjen.<\/p>\n<p>T\u00ebrheqja apo pajtimi me d\u00ebshtimin jan\u00eb vet\u00ebvras\u00ebs p\u00ebr opozit\u00ebn dhe nj\u00eb ogur i keq p\u00ebr demokracin\u00eb. Suksesi i nj\u00eb l\u00ebvizjeje politike nuk \u00ebsht\u00eb nj\u00eb send q\u00eb t&#8217;i e fut ose jo n\u00eb dor\u00eb p\u00ebr t&#8217;ua treguar ndjek\u00ebsve t\u00eb t&#8217;u si trofe.<\/p>\n<p>Ca m\u00eb tep\u00ebr kur b\u00ebhet fjal\u00eb p\u00ebr nj\u00eb l\u00ebvizje politike, si kjo p\u00ebr hetimin e zgjedhjeve, q\u00eb mund t\u00eb realizohet vet\u00ebm n\u00eb Kuvend dhe detyrimisht me pal\u00ebn tjet\u00ebr, dometh\u00ebn\u00eb me shumic\u00ebn. Refuzimi i shumic\u00ebs me lloj-lloj argumentesh e pretekstesh nuk \u00ebsht\u00eb automatikisht nj\u00eb d\u00ebshtim p\u00ebr opozit\u00ebn. K\u00ebtu nuk shtrohet \u00e7\u00ebshtja p\u00ebr t\u00eb marr\u00eb di\u00e7ka me zor. As p\u00ebr ta mbajtur me zor. Kjo betej\u00eb nuk lexohet si nj\u00eb loj\u00eb regbie pa rregulla. Politika ka ve\u00e7orit\u00eb e veta.<\/p>\n<p>Disfata fare mir\u00eb mund t&#8217;i shkoj\u00eb atij q\u00eb nuk l\u00ebshon asgj\u00eb deri n\u00eb fund, sikurse mund t&#8217;i shkoj\u00eb suksesi atij q\u00eb i \u00ebsht\u00eb afruar fitores hap pas hapi, &#8220;nga nj\u00eb humbje n\u00eb tjetr\u00ebn&#8221;.<\/p>\n<p>Nga ky k\u00ebndshikim, q\u00eb m\u00ebtoj t\u00eb jet\u00eb nd\u00ebr m\u00eb t\u00eb pagabueshmit p\u00ebr natyr\u00ebn e kriz\u00ebs q\u00eb jetojm\u00eb, opozita nuk e ka t\u00eb v\u00ebshtir\u00eb t\u00eb rendis\u00eb disa arritje t\u00eb l\u00ebvizjes s\u00eb saj, si\u00e7 jan\u00eb: kapja p\u00ebr brir\u00ebsh e problemit madhor q\u00eb pengon, vonon dhe mundon Shqip\u00ebrin\u00eb e shqiptar\u00ebt n\u00eb rrug\u00ebn e tyre drejt normalitetit demokratik; distancimi i qart\u00eb dhe demaskimi i manipulimeve t\u00eb 28 qershorit edhe kur n\u00eb p\u00ebrmbushjen e tyre jan\u00eb p\u00ebrfshir\u00eb zyrtar\u00eb t\u00eb opozit\u00ebs; leximi i plot\u00eb i raportit t\u00eb OSBE-ODHIRI-it dhe jo vet\u00ebm i dy-tre fjalive t\u00eb shtuara n\u00eb Vjen\u00eb, si\u00e7 b\u00ebn qeveria; nxjerrja n\u00eb pah me forma t\u00eb forta shpreh\u00ebse i parregullsive dhe shkeljeve t\u00eb shumta t\u00eb kart\u00ebs s\u00eb Kopengagenit t\u00eb evidentuara n\u00eb at\u00eb raport; rritja e shkall\u00ebs s\u00eb ndjeshm\u00ebris\u00eb popullore p\u00ebr zgjedhjet; mbajtja gjall\u00eb e konceptit dhe shijes s\u00eb standardeve kund\u00ebr pik\u00ebpamjes dhe praktik\u00ebs s\u00eb shnd\u00ebrrimit t\u00eb zgjedhjeve n\u00eb nj\u00eb biznes t\u00eb p\u00ebshtir\u00eb; rritja e ndjeshm\u00ebris\u00eb nd\u00ebrkomb\u00ebtare, v\u00ebnia e kryeministrit Berisha dhe qeveris\u00eb s\u00eb tij n\u00eb pozit\u00ebn e pak\u00ebndshme t\u00eb refuzimit sistematik dhe autodemaskues t\u00eb nj\u00eb marr\u00ebveshjeje me opozit\u00ebn e madhe t\u00eb vendit p\u00ebr nj\u00eb \u00e7\u00ebshtje elementare dhe thelb\u00ebsore p\u00ebr demokracin\u00eb&#8230; Pika t\u00eb tjera mund t\u00eb shtohen.<\/p>\n<p>E r\u00ebnd\u00ebsishme \u00ebsht\u00eb q\u00eb bilanci t\u00eb jet\u00eb realist dhe q\u00ebndrimi ndaj tij t\u00eb jet\u00eb gjithashtu realist. Nuk ka vend as p\u00ebr disfatiz\u00ebm, meqen\u00ebse marr\u00ebveshja nuk \u00ebsht\u00eb arritur, por as p\u00ebr t&#8217;u ndier t\u00eb shpaguar prej kriz\u00ebs, meqen\u00ebse e mori vesh gjith\u00eb bota se qeveria nuk hap kutit\u00eb. Pjes\u00eb thelb\u00ebsore e bilancit t\u00eb l\u00ebvizjes \u00ebsht\u00eb analiza e q\u00ebndrimeve t\u00eb mbajtura, e mjeteve dhe metodave t\u00eb p\u00ebrdorura, e mund\u00ebsive t\u00eb harxhuara e t\u00eb paharxhuara.<\/p>\n<p>Pika e par\u00eb e k\u00ebtij refleksioni lidhet me pyetjen pse d\u00ebshtoi p\u00ebrpjekja e Parlamentit Europian dhe a \u00ebsht\u00eb d\u00ebshtimi i zot\u00ebrinjve Daul dhe Shulz d\u00ebshtimi i Europ\u00ebs me kriz\u00ebn shqiptare. Nuk \u00ebsht\u00eb fjala p\u00ebr t\u00eb paragjykuar apo prapagjykuar nd\u00ebrmjet\u00ebsit dhe institucionet q\u00eb ata p\u00ebrfaq\u00ebsojn\u00eb. Realisht, ata kishin q\u00ebllime t\u00eb mira. Ata meritojn\u00eb mir\u00ebnjohje p\u00ebr aq sa b\u00ebn\u00eb. Ndoshta ata ec\u00ebn symbyllur dhe ngec\u00ebn n\u00eb kriz\u00ebn shqiptare si n\u00eb nj\u00eb grack\u00eb.<\/p>\n<p>Normalisht, ata duhet ta vuajn\u00eb k\u00ebt\u00eb, sepse \u00ebsht\u00eb nj\u00eb d\u00ebshtim q\u00eb l\u00eb gjurm\u00eb n\u00eb karrier\u00ebn e tyre. D\u00ebshtimi i tyre, nd\u00ebrkaq, th\u00ebrret n\u00eb kauz\u00eb edhe pesh\u00ebn e institucioneve politike t\u00eb Europ\u00ebs, si\u00e7 \u00ebsht\u00eb Parlamenti Europian. Nga ferra e vog\u00ebl del lepuri i madh.<\/p>\n<p>Nga Shqip\u00ebria e vog\u00ebl, Europa mund t\u00eb shoh\u00eb dob\u00ebsit\u00eb e saj dhe t\u00eb politikan\u00ebve t\u00eb saj. Por, kjo nuk \u00ebsht\u00eb puna jon\u00eb. Puna jon\u00eb \u00ebsht\u00eb tjet\u00ebr. Opozita nd\u00ebrpreu grev\u00ebn e uris\u00eb dhe protestat me marrjen e ftes\u00ebs p\u00ebr bisedime n\u00eb Strasburg. Shefi i opozit\u00ebs, zoti Rama, po qortohet tani nga disa z\u00ebra brenda opozit\u00ebs, pse shkoi pa kushte dhe pa nj\u00eb marr\u00ebveshje paraprake n\u00eb ato bisedime.<\/p>\n<p>Me fjal\u00eb t\u00eb tjera, ai q\u00eb kishte prapa forc\u00ebn e protestave popullore, nuk duhej t\u00eb mb\u00ebshtetej vet\u00ebm n\u00eb mir\u00ebbesimin dhe dashamir\u00ebsin\u00eb e ftuesve nga Parlamenti Europian. Ai duhej t\u00eb mbante parasysh postulatin e liberalit Benedeto Kro\u00e7se se n\u00eb politik\u00eb forca dhe mir\u00ebkuptimi jan\u00eb skaje t\u00eb bashk\u00eblidhura.<\/p>\n<p>Ai nuk jeton n\u00eb nj\u00eb planet tjet\u00ebr q\u00eb t\u00eb mos kuptoj\u00eb sa i ha krahu Parlamentit Europian dhe sa mund t\u00eb sugjestionohet kryeministri i Shqip\u00ebris\u00eb nga k\u00ebto gj\u00ebra.<\/p>\n<p>Kjo analiz\u00eb mund t\u00eb thellohet, por nuk besoj se t\u00eb \u00e7on gj\u00ebkundi. Personalisht, mendoj se Rama nuk mund t\u00eb qortohet pse nuk vuri kushte. Po t\u00eb kishte ven\u00eb kushte, Berisha mund t\u00eb mos kishte shkuar fare n\u00eb bisedime. N\u00eb k\u00ebt\u00eb m\u00ebnyr\u00eb, Ram\u00ebs do t&#8217;i shkonte p\u00ebrgjegj\u00ebsia e djegies s\u00eb shansit q\u00eb ofroi Strasburgu.<\/p>\n<p>Djegia e opozit\u00ebs son\u00eb n\u00eb Europ\u00eb do t\u00eb ishte p\u00ebr ne nj\u00eb humbje shum\u00eb m\u00eb e madhe se &#8220;djegia&#8221; simbolike e Europ\u00ebs n\u00eb kriz\u00ebn shqiptare. N\u00eb fund t\u00eb fundit, opozita e ka nisur vet\u00eb l\u00ebvizjen e saj, me bindjen se standardi i kutive t\u00eb hapura \u00ebsht\u00eb standard per\u00ebndimor. Europa deshi, pa u p\u00ebrfshi. Ne t\u00eb gjith\u00eb desh\u00ebm.<\/p>\n<p>Midis nj\u00eb zgjidhje t\u00eb nd\u00ebrmjet\u00ebsuar nga Europa dhe nj\u00eb zgjidhje nga rruga, kemi parap\u00eblqyer t\u00eb par\u00ebn. N\u00eb figur\u00ebn e zot\u00ebrinjve, Daul dhe Shulz, Europa tregoi se kishte d\u00ebshir\u00ebn, por nuk kishte forc\u00eb, mjete dhe madje as qart\u00ebsi p\u00ebr t\u00eb na ndihmuar.<\/p>\n<p>D\u00ebshtimi i Europ\u00ebs, aq sa \u00e7&#8217;\u00ebsht\u00eb nj\u00eb lajm i keq p\u00ebr kriz\u00ebn, \u00ebsht\u00eb edhe nj\u00eb zhvillim i ri p\u00ebr fatin e saj. N\u00eb fund t\u00eb fundit, kjo \u00ebsht\u00eb nj\u00eb kriz\u00eb, q\u00eb ka nevoj\u00eb t&#8217;i provoj\u00eb t\u00eb gjith\u00eb, t&#8217;u jap\u00eb mund\u00ebsi t\u00eb gjith\u00eb miqve dhe partner\u00ebve t\u00eb provojn\u00eb p\u00ebr t\u00eb na ndihmuar. Ajo u ngjan atyre padrejt\u00ebsive q\u00eb duhet t\u00eb shkojn\u00eb n\u00eb kulm, pa t\u00eb marrin fund.<\/p>\n","protected":false},"excerpt":{"rendered":"<p>Pre\u00e7 Zogaj, 02.07.2010 D\u00ebshtimi i nj\u00eb p\u00ebrpjekjeje kaq t\u00eb pazakonshme p\u00ebr hetimin parlamentar t\u00eb zgjedhjeve t\u00eb kaluara \u00ebsht\u00eb garancia m\u00eb e madhe q\u00eb mund t&#8217;u jepet manipulator\u00ebve t\u00eb vot\u00ebs n\u00eb nj\u00eb an\u00eb dhe ligjit t\u00eb xhungl\u00ebs n\u00eb an\u00ebn tjet\u00ebr. Banditizmi elektoral, i ngjitur pothuajse n\u00eb sistem prej shum\u00eb vitesh n\u00eb t\u00eb gjitha hallkat e procesit [&hellip;]<\/p>\n","protected":false},"author":1,"featured_media":0,"comment_status":"open","ping_status":"closed","sticky":false,"template":"","format":"standard","meta":{"footnotes":""},"categories":[2],"tags":[],"class_list":{"0":"post-3172","1":"post","2":"type-post","3":"status-publish","4":"format-standard","6":"category-artikuj"},"yoast_head":"<!-- This site is optimized with the Yoast SEO plugin v27.4 - https:\/\/yoast.com\/product\/yoast-seo-wordpress\/ -->\n<title>Opozita, koha p\u00ebr nj\u00eb bilanc - FjALA e LIR\u00cb - Arkivi<\/title>\n<meta name=\"robots\" content=\"index, follow, max-snippet:-1, max-image-preview:large, max-video-preview:-1\" \/>\n<link rel=\"canonical\" href=\"https:\/\/fjala.info\/2009-2015\/opozita-koha-per-nje-bilanc\/\" \/>\n<meta property=\"og:locale\" content=\"sq_AL\" \/>\n<meta property=\"og:type\" content=\"article\" \/>\n<meta property=\"og:title\" content=\"Opozita, koha p\u00ebr nj\u00eb bilanc - FjALA e LIR\u00cb - Arkivi\" \/>\n<meta property=\"og:description\" content=\"Pre\u00e7 Zogaj, 02.07.2010 D\u00ebshtimi i nj\u00eb p\u00ebrpjekjeje kaq t\u00eb pazakonshme p\u00ebr hetimin parlamentar t\u00eb zgjedhjeve t\u00eb kaluara \u00ebsht\u00eb garancia m\u00eb e madhe q\u00eb mund t&#8217;u jepet manipulator\u00ebve t\u00eb vot\u00ebs n\u00eb nj\u00eb an\u00eb dhe ligjit t\u00eb xhungl\u00ebs n\u00eb an\u00ebn tjet\u00ebr. Banditizmi elektoral, i ngjitur pothuajse n\u00eb sistem prej shum\u00eb vitesh n\u00eb t\u00eb gjitha hallkat e procesit [&hellip;]\" \/>\n<meta property=\"og:url\" content=\"https:\/\/fjala.info\/2009-2015\/opozita-koha-per-nje-bilanc\/\" \/>\n<meta property=\"og:site_name\" content=\"FjALA e LIR\u00cb - Arkivi\" \/>\n<meta property=\"article:published_time\" content=\"2010-07-02T07:31:08+00:00\" \/>\n<meta property=\"og:image\" content=\"http:\/\/www.shkoder.net\/images\/fjala\/prec_zogaj.jpg\" \/>\n<meta name=\"author\" content=\"admin\" \/>\n<meta name=\"twitter:card\" content=\"summary_large_image\" \/>\n<meta name=\"twitter:label1\" content=\"Written by\" \/>\n\t<meta name=\"twitter:data1\" content=\"admin\" \/>\n\t<meta name=\"twitter:label2\" content=\"Est. reading time\" \/>\n\t<meta name=\"twitter:data2\" content=\"8 minutes\" \/>\n<script type=\"application\/ld+json\" class=\"yoast-schema-graph\">{\"@context\":\"https:\\\/\\\/schema.org\",\"@graph\":[{\"@type\":\"Article\",\"@id\":\"https:\\\/\\\/fjala.info\\\/2009-2015\\\/opozita-koha-per-nje-bilanc\\\/#article\",\"isPartOf\":{\"@id\":\"https:\\\/\\\/fjala.info\\\/2009-2015\\\/opozita-koha-per-nje-bilanc\\\/\"},\"author\":{\"name\":\"admin\",\"@id\":\"https:\\\/\\\/fjala.info\\\/2009-2015\\\/#\\\/schema\\\/person\\\/3aa1163ef05469c496fc94e77611ada2\"},\"headline\":\"Opozita, koha p\u00ebr nj\u00eb bilanc\",\"datePublished\":\"2010-07-02T07:31:08+00:00\",\"mainEntityOfPage\":{\"@id\":\"https:\\\/\\\/fjala.info\\\/2009-2015\\\/opozita-koha-per-nje-bilanc\\\/\"},\"wordCount\":1634,\"commentCount\":0,\"publisher\":{\"@id\":\"https:\\\/\\\/fjala.info\\\/2009-2015\\\/#organization\"},\"image\":{\"@id\":\"https:\\\/\\\/fjala.info\\\/2009-2015\\\/opozita-koha-per-nje-bilanc\\\/#primaryimage\"},\"thumbnailUrl\":\"http:\\\/\\\/www.shkoder.net\\\/images\\\/fjala\\\/prec_zogaj.jpg\",\"articleSection\":[\"Artikuj\"],\"inLanguage\":\"sq-AL\",\"potentialAction\":[{\"@type\":\"CommentAction\",\"name\":\"Comment\",\"target\":[\"https:\\\/\\\/fjala.info\\\/2009-2015\\\/opozita-koha-per-nje-bilanc\\\/#respond\"]}]},{\"@type\":\"WebPage\",\"@id\":\"https:\\\/\\\/fjala.info\\\/2009-2015\\\/opozita-koha-per-nje-bilanc\\\/\",\"url\":\"https:\\\/\\\/fjala.info\\\/2009-2015\\\/opozita-koha-per-nje-bilanc\\\/\",\"name\":\"Opozita, koha p\u00ebr nj\u00eb bilanc - FjALA e LIR\u00cb - Arkivi\",\"isPartOf\":{\"@id\":\"https:\\\/\\\/fjala.info\\\/2009-2015\\\/#website\"},\"primaryImageOfPage\":{\"@id\":\"https:\\\/\\\/fjala.info\\\/2009-2015\\\/opozita-koha-per-nje-bilanc\\\/#primaryimage\"},\"image\":{\"@id\":\"https:\\\/\\\/fjala.info\\\/2009-2015\\\/opozita-koha-per-nje-bilanc\\\/#primaryimage\"},\"thumbnailUrl\":\"http:\\\/\\\/www.shkoder.net\\\/images\\\/fjala\\\/prec_zogaj.jpg\",\"datePublished\":\"2010-07-02T07:31:08+00:00\",\"breadcrumb\":{\"@id\":\"https:\\\/\\\/fjala.info\\\/2009-2015\\\/opozita-koha-per-nje-bilanc\\\/#breadcrumb\"},\"inLanguage\":\"sq-AL\",\"potentialAction\":[{\"@type\":\"ReadAction\",\"target\":[\"https:\\\/\\\/fjala.info\\\/2009-2015\\\/opozita-koha-per-nje-bilanc\\\/\"]}]},{\"@type\":\"ImageObject\",\"inLanguage\":\"sq-AL\",\"@id\":\"https:\\\/\\\/fjala.info\\\/2009-2015\\\/opozita-koha-per-nje-bilanc\\\/#primaryimage\",\"url\":\"http:\\\/\\\/www.shkoder.net\\\/images\\\/fjala\\\/prec_zogaj.jpg\",\"contentUrl\":\"http:\\\/\\\/www.shkoder.net\\\/images\\\/fjala\\\/prec_zogaj.jpg\"},{\"@type\":\"BreadcrumbList\",\"@id\":\"https:\\\/\\\/fjala.info\\\/2009-2015\\\/opozita-koha-per-nje-bilanc\\\/#breadcrumb\",\"itemListElement\":[{\"@type\":\"ListItem\",\"position\":1,\"name\":\"Home\",\"item\":\"https:\\\/\\\/fjala.info\\\/2009-2015\\\/\"},{\"@type\":\"ListItem\",\"position\":2,\"name\":\"Opozita, koha p\u00ebr nj\u00eb bilanc\"}]},{\"@type\":\"WebSite\",\"@id\":\"https:\\\/\\\/fjala.info\\\/2009-2015\\\/#website\",\"url\":\"https:\\\/\\\/fjala.info\\\/2009-2015\\\/\",\"name\":\"FjALA e LIR\u00cb - Arkivi\",\"description\":\"Arkivi 2009-2015\",\"publisher\":{\"@id\":\"https:\\\/\\\/fjala.info\\\/2009-2015\\\/#organization\"},\"potentialAction\":[{\"@type\":\"SearchAction\",\"target\":{\"@type\":\"EntryPoint\",\"urlTemplate\":\"https:\\\/\\\/fjala.info\\\/2009-2015\\\/?s={search_term_string}\"},\"query-input\":{\"@type\":\"PropertyValueSpecification\",\"valueRequired\":true,\"valueName\":\"search_term_string\"}}],\"inLanguage\":\"sq-AL\"},{\"@type\":\"Organization\",\"@id\":\"https:\\\/\\\/fjala.info\\\/2009-2015\\\/#organization\",\"name\":\"FjALA e LIR\u00cb - Arkivi\",\"url\":\"https:\\\/\\\/fjala.info\\\/2009-2015\\\/\",\"logo\":{\"@type\":\"ImageObject\",\"inLanguage\":\"sq-AL\",\"@id\":\"https:\\\/\\\/fjala.info\\\/2009-2015\\\/#\\\/schema\\\/logo\\\/image\\\/\",\"url\":\"\",\"contentUrl\":\"\",\"caption\":\"FjALA e LIR\u00cb - Arkivi\"},\"image\":{\"@id\":\"https:\\\/\\\/fjala.info\\\/2009-2015\\\/#\\\/schema\\\/logo\\\/image\\\/\"}},{\"@type\":\"Person\",\"@id\":\"https:\\\/\\\/fjala.info\\\/2009-2015\\\/#\\\/schema\\\/person\\\/3aa1163ef05469c496fc94e77611ada2\",\"name\":\"admin\",\"image\":{\"@type\":\"ImageObject\",\"inLanguage\":\"sq-AL\",\"@id\":\"https:\\\/\\\/fjala.info\\\/2009-2015\\\/wp-content\\\/uploads\\\/2012\\\/02\\\/arben_cokaj-120x150.jpg\",\"url\":\"https:\\\/\\\/fjala.info\\\/2009-2015\\\/wp-content\\\/uploads\\\/2012\\\/02\\\/arben_cokaj-120x150.jpg\",\"contentUrl\":\"https:\\\/\\\/fjala.info\\\/2009-2015\\\/wp-content\\\/uploads\\\/2012\\\/02\\\/arben_cokaj-120x150.jpg\",\"caption\":\"admin\"},\"description\":\"Admin, Fjala e Lir\u00eb\",\"sameAs\":[\"https:\\\/\\\/fjala.info\\\/\"],\"url\":\"https:\\\/\\\/fjala.info\\\/2009-2015\\\/author\\\/admin\\\/\"}]}<\/script>\n<!-- \/ Yoast SEO plugin. -->","yoast_head_json":{"title":"Opozita, koha p\u00ebr nj\u00eb bilanc - FjALA e LIR\u00cb - Arkivi","robots":{"index":"index","follow":"follow","max-snippet":"max-snippet:-1","max-image-preview":"max-image-preview:large","max-video-preview":"max-video-preview:-1"},"canonical":"https:\/\/fjala.info\/2009-2015\/opozita-koha-per-nje-bilanc\/","og_locale":"sq_AL","og_type":"article","og_title":"Opozita, koha p\u00ebr nj\u00eb bilanc - FjALA e LIR\u00cb - Arkivi","og_description":"Pre\u00e7 Zogaj, 02.07.2010 D\u00ebshtimi i nj\u00eb p\u00ebrpjekjeje kaq t\u00eb pazakonshme p\u00ebr hetimin parlamentar t\u00eb zgjedhjeve t\u00eb kaluara \u00ebsht\u00eb garancia m\u00eb e madhe q\u00eb mund t&#8217;u jepet manipulator\u00ebve t\u00eb vot\u00ebs n\u00eb nj\u00eb an\u00eb dhe ligjit t\u00eb xhungl\u00ebs n\u00eb an\u00ebn tjet\u00ebr. Banditizmi elektoral, i ngjitur pothuajse n\u00eb sistem prej shum\u00eb vitesh n\u00eb t\u00eb gjitha hallkat e procesit [&hellip;]","og_url":"https:\/\/fjala.info\/2009-2015\/opozita-koha-per-nje-bilanc\/","og_site_name":"FjALA e LIR\u00cb - Arkivi","article_published_time":"2010-07-02T07:31:08+00:00","og_image":[{"url":"http:\/\/www.shkoder.net\/images\/fjala\/prec_zogaj.jpg","type":"","width":"","height":""}],"author":"admin","twitter_card":"summary_large_image","twitter_misc":{"Written by":"admin","Est. reading time":"8 minutes"},"schema":{"@context":"https:\/\/schema.org","@graph":[{"@type":"Article","@id":"https:\/\/fjala.info\/2009-2015\/opozita-koha-per-nje-bilanc\/#article","isPartOf":{"@id":"https:\/\/fjala.info\/2009-2015\/opozita-koha-per-nje-bilanc\/"},"author":{"name":"admin","@id":"https:\/\/fjala.info\/2009-2015\/#\/schema\/person\/3aa1163ef05469c496fc94e77611ada2"},"headline":"Opozita, koha p\u00ebr nj\u00eb bilanc","datePublished":"2010-07-02T07:31:08+00:00","mainEntityOfPage":{"@id":"https:\/\/fjala.info\/2009-2015\/opozita-koha-per-nje-bilanc\/"},"wordCount":1634,"commentCount":0,"publisher":{"@id":"https:\/\/fjala.info\/2009-2015\/#organization"},"image":{"@id":"https:\/\/fjala.info\/2009-2015\/opozita-koha-per-nje-bilanc\/#primaryimage"},"thumbnailUrl":"http:\/\/www.shkoder.net\/images\/fjala\/prec_zogaj.jpg","articleSection":["Artikuj"],"inLanguage":"sq-AL","potentialAction":[{"@type":"CommentAction","name":"Comment","target":["https:\/\/fjala.info\/2009-2015\/opozita-koha-per-nje-bilanc\/#respond"]}]},{"@type":"WebPage","@id":"https:\/\/fjala.info\/2009-2015\/opozita-koha-per-nje-bilanc\/","url":"https:\/\/fjala.info\/2009-2015\/opozita-koha-per-nje-bilanc\/","name":"Opozita, koha p\u00ebr nj\u00eb bilanc - FjALA e LIR\u00cb - Arkivi","isPartOf":{"@id":"https:\/\/fjala.info\/2009-2015\/#website"},"primaryImageOfPage":{"@id":"https:\/\/fjala.info\/2009-2015\/opozita-koha-per-nje-bilanc\/#primaryimage"},"image":{"@id":"https:\/\/fjala.info\/2009-2015\/opozita-koha-per-nje-bilanc\/#primaryimage"},"thumbnailUrl":"http:\/\/www.shkoder.net\/images\/fjala\/prec_zogaj.jpg","datePublished":"2010-07-02T07:31:08+00:00","breadcrumb":{"@id":"https:\/\/fjala.info\/2009-2015\/opozita-koha-per-nje-bilanc\/#breadcrumb"},"inLanguage":"sq-AL","potentialAction":[{"@type":"ReadAction","target":["https:\/\/fjala.info\/2009-2015\/opozita-koha-per-nje-bilanc\/"]}]},{"@type":"ImageObject","inLanguage":"sq-AL","@id":"https:\/\/fjala.info\/2009-2015\/opozita-koha-per-nje-bilanc\/#primaryimage","url":"http:\/\/www.shkoder.net\/images\/fjala\/prec_zogaj.jpg","contentUrl":"http:\/\/www.shkoder.net\/images\/fjala\/prec_zogaj.jpg"},{"@type":"BreadcrumbList","@id":"https:\/\/fjala.info\/2009-2015\/opozita-koha-per-nje-bilanc\/#breadcrumb","itemListElement":[{"@type":"ListItem","position":1,"name":"Home","item":"https:\/\/fjala.info\/2009-2015\/"},{"@type":"ListItem","position":2,"name":"Opozita, koha p\u00ebr nj\u00eb bilanc"}]},{"@type":"WebSite","@id":"https:\/\/fjala.info\/2009-2015\/#website","url":"https:\/\/fjala.info\/2009-2015\/","name":"FjALA e LIR\u00cb - Arkivi","description":"Arkivi 2009-2015","publisher":{"@id":"https:\/\/fjala.info\/2009-2015\/#organization"},"potentialAction":[{"@type":"SearchAction","target":{"@type":"EntryPoint","urlTemplate":"https:\/\/fjala.info\/2009-2015\/?s={search_term_string}"},"query-input":{"@type":"PropertyValueSpecification","valueRequired":true,"valueName":"search_term_string"}}],"inLanguage":"sq-AL"},{"@type":"Organization","@id":"https:\/\/fjala.info\/2009-2015\/#organization","name":"FjALA e LIR\u00cb - Arkivi","url":"https:\/\/fjala.info\/2009-2015\/","logo":{"@type":"ImageObject","inLanguage":"sq-AL","@id":"https:\/\/fjala.info\/2009-2015\/#\/schema\/logo\/image\/","url":"","contentUrl":"","caption":"FjALA e LIR\u00cb - Arkivi"},"image":{"@id":"https:\/\/fjala.info\/2009-2015\/#\/schema\/logo\/image\/"}},{"@type":"Person","@id":"https:\/\/fjala.info\/2009-2015\/#\/schema\/person\/3aa1163ef05469c496fc94e77611ada2","name":"admin","image":{"@type":"ImageObject","inLanguage":"sq-AL","@id":"https:\/\/fjala.info\/2009-2015\/wp-content\/uploads\/2012\/02\/arben_cokaj-120x150.jpg","url":"https:\/\/fjala.info\/2009-2015\/wp-content\/uploads\/2012\/02\/arben_cokaj-120x150.jpg","contentUrl":"https:\/\/fjala.info\/2009-2015\/wp-content\/uploads\/2012\/02\/arben_cokaj-120x150.jpg","caption":"admin"},"description":"Admin, Fjala e Lir\u00eb","sameAs":["https:\/\/fjala.info\/"],"url":"https:\/\/fjala.info\/2009-2015\/author\/admin\/"}]}},"_links":{"self":[{"href":"https:\/\/fjala.info\/2009-2015\/wp-json\/wp\/v2\/posts\/3172","targetHints":{"allow":["GET"]}}],"collection":[{"href":"https:\/\/fjala.info\/2009-2015\/wp-json\/wp\/v2\/posts"}],"about":[{"href":"https:\/\/fjala.info\/2009-2015\/wp-json\/wp\/v2\/types\/post"}],"author":[{"embeddable":true,"href":"https:\/\/fjala.info\/2009-2015\/wp-json\/wp\/v2\/users\/1"}],"replies":[{"embeddable":true,"href":"https:\/\/fjala.info\/2009-2015\/wp-json\/wp\/v2\/comments?post=3172"}],"version-history":[{"count":0,"href":"https:\/\/fjala.info\/2009-2015\/wp-json\/wp\/v2\/posts\/3172\/revisions"}],"wp:attachment":[{"href":"https:\/\/fjala.info\/2009-2015\/wp-json\/wp\/v2\/media?parent=3172"}],"wp:term":[{"taxonomy":"category","embeddable":true,"href":"https:\/\/fjala.info\/2009-2015\/wp-json\/wp\/v2\/categories?post=3172"},{"taxonomy":"post_tag","embeddable":true,"href":"https:\/\/fjala.info\/2009-2015\/wp-json\/wp\/v2\/tags?post=3172"}],"curies":[{"name":"wp","href":"https:\/\/api.w.org\/{rel}","templated":true}]}}