{"id":3170,"date":"2012-06-07T22:50:41","date_gmt":"2012-06-07T21:50:41","guid":{"rendered":"http:\/\/www.fjala.info\/?p=3170"},"modified":"2012-06-07T22:50:41","modified_gmt":"2012-06-07T21:50:41","slug":"sido-qe-te-shkoje-puna-beteja-presidenciale-e-rames-eshte-e-humbur","status":"publish","type":"post","link":"https:\/\/fjala.info\/2009-2015\/sido-qe-te-shkoje-puna-beteja-presidenciale-e-rames-eshte-e-humbur\/","title":{"rendered":"Sido q\u00eb t\u00eb shkoj\u00eb puna, beteja presidenciale e Ram\u00ebs \u00ebsht\u00eb e humbur"},"content":{"rendered":"<p><img decoding=\"async\" class=\"alignright size-thumbnail wp-image-7236\" title=\"Rama - Berisha - takim\" src=\"http:\/\/www.fjala.info\/2012\/rama_berisha_takim.jpg\" alt=\"\" width=\"300\" \/> Nga <strong>Mustafa Nano<\/strong>, <em>7 qershor 2012<\/em><\/p>\n<p>Rama \u00ebsht\u00eb duke e humbur dhe k\u00ebt\u00eb \u2018betej\u00eb\u2019, dhe \u00ebsht\u00eb e n-ta q\u00eb humb si i pari i socialist\u00ebve. Deri n\u00eb takimin me Berish\u00ebn, ai ka qen\u00eb i pafaj n\u00eb k\u00ebt\u00eb histori; madje, duhet th\u00ebn\u00eb se ka l\u00ebvizur p\u00ebr bukuri: ka refuzuar prer\u00eb emrin e Jozefina Topallit dhe t\u00eb topall\u00ebve t\u00eb tjer\u00eb t\u00eb mazhoranc\u00ebs, ka k\u00ebrkuar q\u00eb presidenti t\u00eb zgjidhet me negociata, ka k\u00ebmb\u00ebngulur te procesi q\u00eb do t\u00eb pillte nj\u00eb em\u00ebr t\u00eb denj\u00eb presidencial, e nuk ka propozuar asnj\u00eb em\u00ebr, me t\u00eb cilin mund t\u00eb startonte nj\u00eb proces i rrem\u00eb e i pilotuar, i \u00ebsht\u00eb mbajtur ides\u00eb s\u00eb nj\u00eb marr\u00ebveshjeje me mazhoranc\u00ebn, e nuk ka d\u00ebgjuar sirenat q\u00eb i kan\u00eb k\u00ebrkuar ta shnd\u00ebrronte loj\u00ebn presidenciale n\u00eb nj\u00eb gar\u00eb po me mazhoranc\u00ebn. Jan\u00eb q\u00ebndrime q\u00eb nuk kan\u00eb t\u00eb shar\u00eb, apo jo? Me k\u00ebto q\u00ebndrime, o arrihej nj\u00eb zgjidhje e p\u00ebrshtatshme, o lihej Berisha t\u00eb ecte n\u00eb t\u00eb vet\u00ebn e ta trashte zullumin.<\/p>\n<p>Por\u2026 pak m\u00eb sip\u00ebr p\u00ebrmenda takimin e tij me Berish\u00ebn, dhe lash\u00eb t\u00eb kuptohej se ish nj\u00eb gabim. E n\u00ebnvizoj: ishte nj\u00eb gabim. Jo takimi n\u00eb vetvete, pasi negociatat e k\u00ebrkuara me ngulm do t\u00eb finalizoheshin sipas shum\u00eb gjasash me nj\u00eb takim t\u00eb till\u00eb, por m\u00ebnyra se si u k\u00ebrkua dhe se si u realizua. Ishte Rama q\u00eb e ka k\u00ebrkuar, gati me lutje, q\u00eb t\u00eb ndodhte, a thua se kaq do t\u00eb mjaftonte p\u00ebr ta zgjidhur nyj\u00ebn presidenciale. Dhe me k\u00ebt\u00eb krijoi kotm\u00ebkot nj\u00eb pritm\u00ebri, m\u00fa si t\u00eb ish fjala p\u00ebr nj\u00eb takim providencial, nd\u00ebrkoh\u00eb q\u00eb e dinim shum\u00eb mir\u00eb distanc\u00ebn q\u00eb i ndante interlokutor\u00ebt para k\u00ebtij takimi (ka t\u00eb drejt\u00eb Ngjela, kur thot\u00eb se \u201cdukej sikur n\u00eb mes kishin nj\u00eb arkivol\u201d).<\/p>\n<p>P\u00ebrve\u00e7 k\u00ebsaj, takimi ishte shum\u00eb i shpifur. Edhe krer\u00ebt e dy shteteve koreane nuk do t\u00eb ishin takuar me nj\u00eb pomp\u00eb t\u00eb till\u00eb. Ato dy minuta, n\u00eb harkun e t\u00eb cilave Berisha e Rama s\u2019dinin ku t\u00eb \u00e7onin syt\u00eb e s\u2019dinin \u00e7\u2019grimas\u00eb t\u00eb b\u00ebnin p\u00ebrpara kamerave, ishin nj\u00eb nausea e plot\u00eb. Mund t\u00eb thuhet se m\u00ebnyra e organizimit t\u00eb takimit nuk ishte n\u00eb dor\u00eb t\u00eb Ram\u00ebs, dhe se ky i fundit nuk mund t\u00eb imponohej p\u00ebr nj\u00eb takim t\u00eb rezervuar, larg reflektor\u00ebve t\u00eb mass-media-s, por puna \u00ebsht\u00eb se s\u00eb pari Rama nuk e shprehu kurr\u00eb d\u00ebshir\u00ebn e tij p\u00ebr nj\u00eb takim q\u00eb t\u00eb fillonte e t\u00eb mbaronte larg syve t\u00eb njer\u00ebzve, e s\u00eb dyti po b\u00ebhen ca si shum\u00eb takimet, n\u00eb t\u00eb cilat Rama shkon si fanti spathi, pa e ditur, ose pa e vrar\u00eb mendjen, ose duke dashur, q\u00eb n\u00eb vendin e takimit t\u00eb ndodhet kush t\u00eb mundet.<\/p>\n<p>Vijm\u00eb tani te gabimi tjet\u00ebr. Editoriali. Dhe gabimi nuk \u00ebsht\u00eb q\u00eb k\u00ebrkon rr\u00ebzimin e Berish\u00ebs, gj\u00eb q\u00eb po ia thon\u00eb t\u00eb tjer\u00ebt, mes t\u00eb cil\u00ebve dhe Meta. Kjo \u00ebsht\u00eb idiot\u00ebsi: duan t\u00eb b\u00ebjn\u00eb me faj shefin e opozit\u00ebs q\u00eb ka b\u00ebr\u00eb nj\u00eb shkrim, ku k\u00ebrkon rr\u00ebzimin e qeveris\u00eb!!!! Fiu! Dhe Rama, n\u00eb vend ta prap\u00ebsoj\u00eb qart\u00eb e prer\u00eb k\u00ebt\u00eb presion, e merr shum\u00eb seriozisht. Gabimi pra \u00ebsht\u00eb q\u00eb ai po i del n\u00eb mbrojtje me gjysm\u00eb z\u00ebri atij shkrimi, gabimi \u00ebsht\u00eb q\u00eb ai po jep p\u00ebrshtypjen se po mendon se do ish mir\u00eb t\u2019mos e kish b\u00ebr\u00eb at\u00eb \u2018mut\u2019 editoriali, gabimi \u00ebsht\u00eb se t\u00eb jep p\u00ebrshtypjen se nuk di si t\u00eb shfaj\u00ebsohet etj.<\/p>\n<p>\u00c7far\u00eb ish gj\u00ebja m\u00eb e tmerrshme q\u00eb thuhej n\u00eb at\u00eb shkrim? Thuhej se \u201ce vetmja m\u00ebnyr\u00eb p\u00ebr ta kremtuar dit\u00ebn e pavar\u00ebsis\u00eb \u00ebsht\u00eb q\u00eb ky njeri [Berisha] t\u00eb mos jet\u00eb m\u00eb kryeminist\u00ebr kur t\u00eb gdhihet 28 N\u00ebntori e t\u00eb k\u00ebndohet himni komb\u00ebtar\u201d, dhe po aty apelonte \u201cp\u00ebr t\u00eb bashkuar \u00e7do forc\u00eb e \u00e7do vot\u00eb t\u00eb mundshme, pa humbur koh\u00eb, duke menduar se sa ia vlen apo nuk ia vlen bashkimi me k\u00ebdo qoft\u00eb p\u00ebr t\u00eb qeverisur vitin e ardhsh\u00ebm\u201d. Dhe n\u00eb fund l\u00ebshonte thirrjen: \u201cOse ta largojm\u00eb p\u00ebrpara se sa Shqip\u00ebria t\u00eb hyj\u00eb n\u00eb zgjedhje, ose t\u00eb presim se si do t\u2019i vjedh\u00eb p\u00ebrs\u00ebri zgjedhjet e do ta b\u00ebj\u00eb shkrumb \u00ebndrr\u00ebn e Shqip\u00ebris\u00eb europiane\u201d.<\/p>\n<p>\u00c7\u2019ka k\u00ebtu q\u00eb s\u2019shkon? Ku \u00ebsht\u00eb skandali k\u00ebtu? A mos vall\u00eb Edi Rama \u00ebsht\u00eb Astrit Patozi? A nuk \u00ebsht\u00eb i lir\u00eb nj\u00eb udh\u00ebheq\u00ebs opozite t\u00eb k\u00ebrkoj\u00eb rr\u00ebzimin e nj\u00eb qeverie? Pse u dashka p\u00ebrzier nervi opozitar me negociatat presidenciale? Pritej q\u00eb, n\u00eb p\u00ebrgjigje t\u00eb k\u00ebtyre pyetjeve, Rama t\u00eb thoshte: \u201cDua president konsensual, por n\u00ebse ky lloj presidenti \u2018m\u00eb jepet\u2019 me kusht q\u00eb un\u00eb t\u00eb heq dor\u00eb nga denoncimi i nj\u00eb regjimi, at\u00ebher\u00eb mbajeni dhe presidentin, dhe kompletojeni regjimin, e k\u00ebshtu ma b\u00ebni dhe m\u00eb me kuptim betej\u00ebn time opozitare\u201d. Rama nuk eci fare k\u00ebsaj ane. N\u00eb t\u00eb kund\u00ebrt, ai ngjan i \u00e7armatosur p\u00ebrball\u00eb atyre, q\u00eb ia b\u00ebjn\u00eb p\u00ebr t\u00eb madh k\u00ebt\u00eb editorial. Keni par\u00eb ju? Nuk duan ta l\u00ebn\u00eb t\u00eb b\u00ebj\u00eb opozitarin. Dhe ai ndihet n\u00eb faj p\u00ebr k\u00ebt\u00eb.<\/p>\n<p>Vijm\u00eb te gabimi i tret\u00eb, m\u00eb i madhi, m\u00eb i fundit, q\u00eb m\u00eb b\u00ebn mua t\u00eb besoj se \u2018beteja\u2019 presidenciale e Ram\u00ebs \u00ebsht\u00eb e humbur, sido q\u00eb t\u00eb p\u00ebrfundoj\u00eb. Ai tha n\u00eb programin \u201cTop Story\u201d at\u00eb dit\u00eb, q\u00eb po zhvillohej raundi i dyt\u00eb i votimit presidencial (60 sekonda ishte procedura parlamentare; m\u00eb e shkurtra n\u00eb bot\u00eb; \u00ebsht\u00eb p\u00ebr Guinness), se \u201cjemi t\u00eb vendosur t\u00eb japim konsensus, n\u00eb rast se vendosemi n\u00eb pozit\u00ebn e duhur; kemi nj\u00eb kandidatur\u00eb t\u00eb vendosur n\u00eb m\u00ebnyr\u00eb t\u00eb nj\u00ebanshme; nuk imponojm\u00eb nj\u00eb zgjedhje q\u00eb ta v\u00ebr\u00eb n\u00eb v\u00ebshtir\u00ebsi pal\u00ebn tjet\u00ebr; ne k\u00ebrkojm\u00eb mund\u00ebsin\u00eb p\u00ebr arritjen e nj\u00eb konsensusi\u201d. Si p\u00ebrkthehen n\u00eb nj\u00eb shqipe t\u00eb qart\u00eb k\u00ebto fraza t\u00eb Ram\u00ebs? P\u00ebrkthehen shum\u00eb thjesht: \u201cNe jemi dakord q\u00eb ti Berisha t\u00eb zgjedh\u00ebsh nj\u00eb kandidat q\u00eb vlen shum\u00eb m\u00eb pak se sa Zaganjori, por mjaft q\u00eb t\u00eb jepet ideja se e kemi zgjedhur bashk\u00eb\u201d.<\/p>\n<p>Si\u00e7 shihet, Rama e ka ulur stek\u00ebn e k\u00ebrkesave t\u00eb veta deri n\u00eb minimum, gj\u00eb q\u00eb e komprometon t\u00eb t\u00ebr\u00eb \u2018rezistenc\u00ebn presidenciale\u2019 t\u00eb zhvilluar p\u00ebr muaj t\u00eb t\u00ebr\u00eb; e ka ulur aq shum\u00eb k\u00ebt\u00eb stek\u00eb, sa n\u00eb k\u00ebto rrethana do t\u00eb ishte m\u00eb mir\u00eb q\u00eb Berish\u00ebs t\u2019ia jepte n\u00eb kok\u00eb e t\u00eb zgjidhte Topallin me 71 vota (k\u00ebshtu do kishim t\u00eb b\u00ebnim me nj\u00eb ndyr\u00ebsi m\u00eb tep\u00ebr t\u00eb regjimit t\u00eb Tiran\u00ebs), se sa nj\u00eb kandidat konsensual q\u00eb t\u2019mos quhet Zaganjori (k\u00ebshtu do t\u00eb kishim po nj\u00ebsoj nj\u00eb president t\u00eb Berish\u00ebs, dhe ky i fundit do t\u00eb dilte i lar\u00eb e me kredenciale t\u00eb nj\u00eb babaxhani t\u00eb v\u00ebrtet\u00eb nga kjo histori). Po pse Rama e k\u00ebrkon k\u00ebt\u00eb gj\u00eb? Sepse n\u00eb k\u00ebt\u00eb pik\u00eb t\u00eb muhabetit atij i intereson t\u00eb shp\u00ebtoj\u00eb fytyr\u00ebn e tij (do t\u00eb thuhet q\u00eb \u201cpresidenti u zgjodh me konsensus\u201d, e q\u00eb \u201cRama ishte pjes\u00eb e negociatave presidenciale\u201d), e nuk i intereson fare se kush do t\u00eb jet\u00eb kreu i shtetit, apo se ky mund t\u00eb jet\u00eb nj\u00eb apendiks i Berish\u00ebs.<\/p>\n<p>Kjo \u00ebsht\u00eb arsyeja q\u00eb mendoj gjith\u00eb dit\u00ebn e dit\u00ebs se \u2018beteja presidenciale\u2019 \u00ebsht\u00eb apriori e humbur. Lind pyetja: A nuk do ta humbte k\u00ebt\u00eb betej\u00eb Rama, sido q\u00eb t\u00eb shkonte puna? Po, gjasat jan\u00eb q\u00eb do ta humbte (ka alibin\u00eb q\u00eb p\u00ebrball\u00eb ka nj\u00eb si Berisha), por s\u00eb pari nj\u00eb humbje nuk \u00ebsht\u00eb e barabart\u00eb me nj\u00eb tjet\u00ebr, dhe s\u00eb dyti nga humbjet dilet me dinjitet. Rama po humb, dhe po del nga kjo humbje k\u00ebshtu si po del. Si gjithnj\u00eb.<\/p>\n","protected":false},"excerpt":{"rendered":"<p>Nga Mustafa Nano, 7 qershor 2012 Rama \u00ebsht\u00eb duke e humbur dhe k\u00ebt\u00eb \u2018betej\u00eb\u2019, dhe \u00ebsht\u00eb e n-ta q\u00eb humb si i pari i socialist\u00ebve. Deri n\u00eb takimin me Berish\u00ebn, ai ka qen\u00eb i pafaj n\u00eb k\u00ebt\u00eb histori; madje, duhet th\u00ebn\u00eb se ka l\u00ebvizur p\u00ebr bukuri: ka refuzuar prer\u00eb emrin e Jozefina Topallit dhe t\u00eb [&hellip;]<\/p>\n","protected":false},"author":1,"featured_media":0,"comment_status":"open","ping_status":"closed","sticky":false,"template":"","format":"standard","meta":{"footnotes":""},"categories":[2],"tags":[],"class_list":{"0":"post-3170","1":"post","2":"type-post","3":"status-publish","4":"format-standard","6":"category-artikuj"},"yoast_head":"<!-- This site is optimized with the Yoast SEO plugin v27.4 - https:\/\/yoast.com\/product\/yoast-seo-wordpress\/ -->\n<title>Sido q\u00eb t\u00eb shkoj\u00eb puna, beteja presidenciale e Ram\u00ebs \u00ebsht\u00eb e humbur - FjALA e LIR\u00cb - Arkivi<\/title>\n<meta name=\"robots\" content=\"index, follow, max-snippet:-1, max-image-preview:large, max-video-preview:-1\" \/>\n<link rel=\"canonical\" href=\"https:\/\/fjala.info\/2009-2015\/sido-qe-te-shkoje-puna-beteja-presidenciale-e-rames-eshte-e-humbur\/\" \/>\n<meta property=\"og:locale\" content=\"sq_AL\" \/>\n<meta property=\"og:type\" content=\"article\" \/>\n<meta property=\"og:title\" content=\"Sido q\u00eb t\u00eb shkoj\u00eb puna, beteja presidenciale e Ram\u00ebs \u00ebsht\u00eb e humbur - FjALA e LIR\u00cb - Arkivi\" \/>\n<meta property=\"og:description\" content=\"Nga Mustafa Nano, 7 qershor 2012 Rama \u00ebsht\u00eb duke e humbur dhe k\u00ebt\u00eb \u2018betej\u00eb\u2019, dhe \u00ebsht\u00eb e n-ta q\u00eb humb si i pari i socialist\u00ebve. Deri n\u00eb takimin me Berish\u00ebn, ai ka qen\u00eb i pafaj n\u00eb k\u00ebt\u00eb histori; madje, duhet th\u00ebn\u00eb se ka l\u00ebvizur p\u00ebr bukuri: ka refuzuar prer\u00eb emrin e Jozefina Topallit dhe t\u00eb [&hellip;]\" \/>\n<meta property=\"og:url\" content=\"https:\/\/fjala.info\/2009-2015\/sido-qe-te-shkoje-puna-beteja-presidenciale-e-rames-eshte-e-humbur\/\" \/>\n<meta property=\"og:site_name\" content=\"FjALA e LIR\u00cb - Arkivi\" \/>\n<meta property=\"article:published_time\" content=\"2012-06-07T21:50:41+00:00\" \/>\n<meta property=\"og:image\" content=\"http:\/\/www.fjala.info\/2012\/rama_berisha_takim.jpg\" \/>\n<meta name=\"author\" content=\"admin\" \/>\n<meta name=\"twitter:card\" content=\"summary_large_image\" \/>\n<meta name=\"twitter:label1\" content=\"Written by\" \/>\n\t<meta name=\"twitter:data1\" content=\"admin\" \/>\n\t<meta name=\"twitter:label2\" content=\"Est. reading time\" \/>\n\t<meta name=\"twitter:data2\" content=\"7 minutes\" \/>\n<script type=\"application\/ld+json\" class=\"yoast-schema-graph\">{\"@context\":\"https:\\\/\\\/schema.org\",\"@graph\":[{\"@type\":\"Article\",\"@id\":\"https:\\\/\\\/fjala.info\\\/2009-2015\\\/sido-qe-te-shkoje-puna-beteja-presidenciale-e-rames-eshte-e-humbur\\\/#article\",\"isPartOf\":{\"@id\":\"https:\\\/\\\/fjala.info\\\/2009-2015\\\/sido-qe-te-shkoje-puna-beteja-presidenciale-e-rames-eshte-e-humbur\\\/\"},\"author\":{\"name\":\"admin\",\"@id\":\"https:\\\/\\\/fjala.info\\\/2009-2015\\\/#\\\/schema\\\/person\\\/3aa1163ef05469c496fc94e77611ada2\"},\"headline\":\"Sido q\u00eb t\u00eb shkoj\u00eb puna, beteja presidenciale e Ram\u00ebs \u00ebsht\u00eb e humbur\",\"datePublished\":\"2012-06-07T21:50:41+00:00\",\"mainEntityOfPage\":{\"@id\":\"https:\\\/\\\/fjala.info\\\/2009-2015\\\/sido-qe-te-shkoje-puna-beteja-presidenciale-e-rames-eshte-e-humbur\\\/\"},\"wordCount\":1370,\"commentCount\":0,\"publisher\":{\"@id\":\"https:\\\/\\\/fjala.info\\\/2009-2015\\\/#organization\"},\"image\":{\"@id\":\"https:\\\/\\\/fjala.info\\\/2009-2015\\\/sido-qe-te-shkoje-puna-beteja-presidenciale-e-rames-eshte-e-humbur\\\/#primaryimage\"},\"thumbnailUrl\":\"http:\\\/\\\/www.fjala.info\\\/2012\\\/rama_berisha_takim.jpg\",\"articleSection\":[\"Artikuj\"],\"inLanguage\":\"sq-AL\",\"potentialAction\":[{\"@type\":\"CommentAction\",\"name\":\"Comment\",\"target\":[\"https:\\\/\\\/fjala.info\\\/2009-2015\\\/sido-qe-te-shkoje-puna-beteja-presidenciale-e-rames-eshte-e-humbur\\\/#respond\"]}]},{\"@type\":\"WebPage\",\"@id\":\"https:\\\/\\\/fjala.info\\\/2009-2015\\\/sido-qe-te-shkoje-puna-beteja-presidenciale-e-rames-eshte-e-humbur\\\/\",\"url\":\"https:\\\/\\\/fjala.info\\\/2009-2015\\\/sido-qe-te-shkoje-puna-beteja-presidenciale-e-rames-eshte-e-humbur\\\/\",\"name\":\"Sido q\u00eb t\u00eb shkoj\u00eb puna, beteja presidenciale e Ram\u00ebs \u00ebsht\u00eb e humbur - FjALA e LIR\u00cb - Arkivi\",\"isPartOf\":{\"@id\":\"https:\\\/\\\/fjala.info\\\/2009-2015\\\/#website\"},\"primaryImageOfPage\":{\"@id\":\"https:\\\/\\\/fjala.info\\\/2009-2015\\\/sido-qe-te-shkoje-puna-beteja-presidenciale-e-rames-eshte-e-humbur\\\/#primaryimage\"},\"image\":{\"@id\":\"https:\\\/\\\/fjala.info\\\/2009-2015\\\/sido-qe-te-shkoje-puna-beteja-presidenciale-e-rames-eshte-e-humbur\\\/#primaryimage\"},\"thumbnailUrl\":\"http:\\\/\\\/www.fjala.info\\\/2012\\\/rama_berisha_takim.jpg\",\"datePublished\":\"2012-06-07T21:50:41+00:00\",\"breadcrumb\":{\"@id\":\"https:\\\/\\\/fjala.info\\\/2009-2015\\\/sido-qe-te-shkoje-puna-beteja-presidenciale-e-rames-eshte-e-humbur\\\/#breadcrumb\"},\"inLanguage\":\"sq-AL\",\"potentialAction\":[{\"@type\":\"ReadAction\",\"target\":[\"https:\\\/\\\/fjala.info\\\/2009-2015\\\/sido-qe-te-shkoje-puna-beteja-presidenciale-e-rames-eshte-e-humbur\\\/\"]}]},{\"@type\":\"ImageObject\",\"inLanguage\":\"sq-AL\",\"@id\":\"https:\\\/\\\/fjala.info\\\/2009-2015\\\/sido-qe-te-shkoje-puna-beteja-presidenciale-e-rames-eshte-e-humbur\\\/#primaryimage\",\"url\":\"http:\\\/\\\/www.fjala.info\\\/2012\\\/rama_berisha_takim.jpg\",\"contentUrl\":\"http:\\\/\\\/www.fjala.info\\\/2012\\\/rama_berisha_takim.jpg\"},{\"@type\":\"BreadcrumbList\",\"@id\":\"https:\\\/\\\/fjala.info\\\/2009-2015\\\/sido-qe-te-shkoje-puna-beteja-presidenciale-e-rames-eshte-e-humbur\\\/#breadcrumb\",\"itemListElement\":[{\"@type\":\"ListItem\",\"position\":1,\"name\":\"Home\",\"item\":\"https:\\\/\\\/fjala.info\\\/2009-2015\\\/\"},{\"@type\":\"ListItem\",\"position\":2,\"name\":\"Sido q\u00eb t\u00eb shkoj\u00eb puna, beteja presidenciale e Ram\u00ebs \u00ebsht\u00eb e humbur\"}]},{\"@type\":\"WebSite\",\"@id\":\"https:\\\/\\\/fjala.info\\\/2009-2015\\\/#website\",\"url\":\"https:\\\/\\\/fjala.info\\\/2009-2015\\\/\",\"name\":\"FjALA e LIR\u00cb - Arkivi\",\"description\":\"Arkivi 2009-2015\",\"publisher\":{\"@id\":\"https:\\\/\\\/fjala.info\\\/2009-2015\\\/#organization\"},\"potentialAction\":[{\"@type\":\"SearchAction\",\"target\":{\"@type\":\"EntryPoint\",\"urlTemplate\":\"https:\\\/\\\/fjala.info\\\/2009-2015\\\/?s={search_term_string}\"},\"query-input\":{\"@type\":\"PropertyValueSpecification\",\"valueRequired\":true,\"valueName\":\"search_term_string\"}}],\"inLanguage\":\"sq-AL\"},{\"@type\":\"Organization\",\"@id\":\"https:\\\/\\\/fjala.info\\\/2009-2015\\\/#organization\",\"name\":\"FjALA e LIR\u00cb - Arkivi\",\"url\":\"https:\\\/\\\/fjala.info\\\/2009-2015\\\/\",\"logo\":{\"@type\":\"ImageObject\",\"inLanguage\":\"sq-AL\",\"@id\":\"https:\\\/\\\/fjala.info\\\/2009-2015\\\/#\\\/schema\\\/logo\\\/image\\\/\",\"url\":\"\",\"contentUrl\":\"\",\"caption\":\"FjALA e LIR\u00cb - Arkivi\"},\"image\":{\"@id\":\"https:\\\/\\\/fjala.info\\\/2009-2015\\\/#\\\/schema\\\/logo\\\/image\\\/\"}},{\"@type\":\"Person\",\"@id\":\"https:\\\/\\\/fjala.info\\\/2009-2015\\\/#\\\/schema\\\/person\\\/3aa1163ef05469c496fc94e77611ada2\",\"name\":\"admin\",\"image\":{\"@type\":\"ImageObject\",\"inLanguage\":\"sq-AL\",\"@id\":\"https:\\\/\\\/fjala.info\\\/2009-2015\\\/wp-content\\\/uploads\\\/2012\\\/02\\\/arben_cokaj-120x150.jpg\",\"url\":\"https:\\\/\\\/fjala.info\\\/2009-2015\\\/wp-content\\\/uploads\\\/2012\\\/02\\\/arben_cokaj-120x150.jpg\",\"contentUrl\":\"https:\\\/\\\/fjala.info\\\/2009-2015\\\/wp-content\\\/uploads\\\/2012\\\/02\\\/arben_cokaj-120x150.jpg\",\"caption\":\"admin\"},\"description\":\"Admin, Fjala e Lir\u00eb\",\"sameAs\":[\"https:\\\/\\\/fjala.info\\\/\"],\"url\":\"https:\\\/\\\/fjala.info\\\/2009-2015\\\/author\\\/admin\\\/\"}]}<\/script>\n<!-- \/ Yoast SEO plugin. -->","yoast_head_json":{"title":"Sido q\u00eb t\u00eb shkoj\u00eb puna, beteja presidenciale e Ram\u00ebs \u00ebsht\u00eb e humbur - FjALA e LIR\u00cb - Arkivi","robots":{"index":"index","follow":"follow","max-snippet":"max-snippet:-1","max-image-preview":"max-image-preview:large","max-video-preview":"max-video-preview:-1"},"canonical":"https:\/\/fjala.info\/2009-2015\/sido-qe-te-shkoje-puna-beteja-presidenciale-e-rames-eshte-e-humbur\/","og_locale":"sq_AL","og_type":"article","og_title":"Sido q\u00eb t\u00eb shkoj\u00eb puna, beteja presidenciale e Ram\u00ebs \u00ebsht\u00eb e humbur - FjALA e LIR\u00cb - Arkivi","og_description":"Nga Mustafa Nano, 7 qershor 2012 Rama \u00ebsht\u00eb duke e humbur dhe k\u00ebt\u00eb \u2018betej\u00eb\u2019, dhe \u00ebsht\u00eb e n-ta q\u00eb humb si i pari i socialist\u00ebve. Deri n\u00eb takimin me Berish\u00ebn, ai ka qen\u00eb i pafaj n\u00eb k\u00ebt\u00eb histori; madje, duhet th\u00ebn\u00eb se ka l\u00ebvizur p\u00ebr bukuri: ka refuzuar prer\u00eb emrin e Jozefina Topallit dhe t\u00eb [&hellip;]","og_url":"https:\/\/fjala.info\/2009-2015\/sido-qe-te-shkoje-puna-beteja-presidenciale-e-rames-eshte-e-humbur\/","og_site_name":"FjALA e LIR\u00cb - Arkivi","article_published_time":"2012-06-07T21:50:41+00:00","og_image":[{"url":"http:\/\/www.fjala.info\/2012\/rama_berisha_takim.jpg","type":"","width":"","height":""}],"author":"admin","twitter_card":"summary_large_image","twitter_misc":{"Written by":"admin","Est. reading time":"7 minutes"},"schema":{"@context":"https:\/\/schema.org","@graph":[{"@type":"Article","@id":"https:\/\/fjala.info\/2009-2015\/sido-qe-te-shkoje-puna-beteja-presidenciale-e-rames-eshte-e-humbur\/#article","isPartOf":{"@id":"https:\/\/fjala.info\/2009-2015\/sido-qe-te-shkoje-puna-beteja-presidenciale-e-rames-eshte-e-humbur\/"},"author":{"name":"admin","@id":"https:\/\/fjala.info\/2009-2015\/#\/schema\/person\/3aa1163ef05469c496fc94e77611ada2"},"headline":"Sido q\u00eb t\u00eb shkoj\u00eb puna, beteja presidenciale e Ram\u00ebs \u00ebsht\u00eb e humbur","datePublished":"2012-06-07T21:50:41+00:00","mainEntityOfPage":{"@id":"https:\/\/fjala.info\/2009-2015\/sido-qe-te-shkoje-puna-beteja-presidenciale-e-rames-eshte-e-humbur\/"},"wordCount":1370,"commentCount":0,"publisher":{"@id":"https:\/\/fjala.info\/2009-2015\/#organization"},"image":{"@id":"https:\/\/fjala.info\/2009-2015\/sido-qe-te-shkoje-puna-beteja-presidenciale-e-rames-eshte-e-humbur\/#primaryimage"},"thumbnailUrl":"http:\/\/www.fjala.info\/2012\/rama_berisha_takim.jpg","articleSection":["Artikuj"],"inLanguage":"sq-AL","potentialAction":[{"@type":"CommentAction","name":"Comment","target":["https:\/\/fjala.info\/2009-2015\/sido-qe-te-shkoje-puna-beteja-presidenciale-e-rames-eshte-e-humbur\/#respond"]}]},{"@type":"WebPage","@id":"https:\/\/fjala.info\/2009-2015\/sido-qe-te-shkoje-puna-beteja-presidenciale-e-rames-eshte-e-humbur\/","url":"https:\/\/fjala.info\/2009-2015\/sido-qe-te-shkoje-puna-beteja-presidenciale-e-rames-eshte-e-humbur\/","name":"Sido q\u00eb t\u00eb shkoj\u00eb puna, beteja presidenciale e Ram\u00ebs \u00ebsht\u00eb e humbur - FjALA e LIR\u00cb - Arkivi","isPartOf":{"@id":"https:\/\/fjala.info\/2009-2015\/#website"},"primaryImageOfPage":{"@id":"https:\/\/fjala.info\/2009-2015\/sido-qe-te-shkoje-puna-beteja-presidenciale-e-rames-eshte-e-humbur\/#primaryimage"},"image":{"@id":"https:\/\/fjala.info\/2009-2015\/sido-qe-te-shkoje-puna-beteja-presidenciale-e-rames-eshte-e-humbur\/#primaryimage"},"thumbnailUrl":"http:\/\/www.fjala.info\/2012\/rama_berisha_takim.jpg","datePublished":"2012-06-07T21:50:41+00:00","breadcrumb":{"@id":"https:\/\/fjala.info\/2009-2015\/sido-qe-te-shkoje-puna-beteja-presidenciale-e-rames-eshte-e-humbur\/#breadcrumb"},"inLanguage":"sq-AL","potentialAction":[{"@type":"ReadAction","target":["https:\/\/fjala.info\/2009-2015\/sido-qe-te-shkoje-puna-beteja-presidenciale-e-rames-eshte-e-humbur\/"]}]},{"@type":"ImageObject","inLanguage":"sq-AL","@id":"https:\/\/fjala.info\/2009-2015\/sido-qe-te-shkoje-puna-beteja-presidenciale-e-rames-eshte-e-humbur\/#primaryimage","url":"http:\/\/www.fjala.info\/2012\/rama_berisha_takim.jpg","contentUrl":"http:\/\/www.fjala.info\/2012\/rama_berisha_takim.jpg"},{"@type":"BreadcrumbList","@id":"https:\/\/fjala.info\/2009-2015\/sido-qe-te-shkoje-puna-beteja-presidenciale-e-rames-eshte-e-humbur\/#breadcrumb","itemListElement":[{"@type":"ListItem","position":1,"name":"Home","item":"https:\/\/fjala.info\/2009-2015\/"},{"@type":"ListItem","position":2,"name":"Sido q\u00eb t\u00eb shkoj\u00eb puna, beteja presidenciale e Ram\u00ebs \u00ebsht\u00eb e humbur"}]},{"@type":"WebSite","@id":"https:\/\/fjala.info\/2009-2015\/#website","url":"https:\/\/fjala.info\/2009-2015\/","name":"FjALA e LIR\u00cb - Arkivi","description":"Arkivi 2009-2015","publisher":{"@id":"https:\/\/fjala.info\/2009-2015\/#organization"},"potentialAction":[{"@type":"SearchAction","target":{"@type":"EntryPoint","urlTemplate":"https:\/\/fjala.info\/2009-2015\/?s={search_term_string}"},"query-input":{"@type":"PropertyValueSpecification","valueRequired":true,"valueName":"search_term_string"}}],"inLanguage":"sq-AL"},{"@type":"Organization","@id":"https:\/\/fjala.info\/2009-2015\/#organization","name":"FjALA e LIR\u00cb - Arkivi","url":"https:\/\/fjala.info\/2009-2015\/","logo":{"@type":"ImageObject","inLanguage":"sq-AL","@id":"https:\/\/fjala.info\/2009-2015\/#\/schema\/logo\/image\/","url":"","contentUrl":"","caption":"FjALA e LIR\u00cb - Arkivi"},"image":{"@id":"https:\/\/fjala.info\/2009-2015\/#\/schema\/logo\/image\/"}},{"@type":"Person","@id":"https:\/\/fjala.info\/2009-2015\/#\/schema\/person\/3aa1163ef05469c496fc94e77611ada2","name":"admin","image":{"@type":"ImageObject","inLanguage":"sq-AL","@id":"https:\/\/fjala.info\/2009-2015\/wp-content\/uploads\/2012\/02\/arben_cokaj-120x150.jpg","url":"https:\/\/fjala.info\/2009-2015\/wp-content\/uploads\/2012\/02\/arben_cokaj-120x150.jpg","contentUrl":"https:\/\/fjala.info\/2009-2015\/wp-content\/uploads\/2012\/02\/arben_cokaj-120x150.jpg","caption":"admin"},"description":"Admin, Fjala e Lir\u00eb","sameAs":["https:\/\/fjala.info\/"],"url":"https:\/\/fjala.info\/2009-2015\/author\/admin\/"}]}},"_links":{"self":[{"href":"https:\/\/fjala.info\/2009-2015\/wp-json\/wp\/v2\/posts\/3170","targetHints":{"allow":["GET"]}}],"collection":[{"href":"https:\/\/fjala.info\/2009-2015\/wp-json\/wp\/v2\/posts"}],"about":[{"href":"https:\/\/fjala.info\/2009-2015\/wp-json\/wp\/v2\/types\/post"}],"author":[{"embeddable":true,"href":"https:\/\/fjala.info\/2009-2015\/wp-json\/wp\/v2\/users\/1"}],"replies":[{"embeddable":true,"href":"https:\/\/fjala.info\/2009-2015\/wp-json\/wp\/v2\/comments?post=3170"}],"version-history":[{"count":0,"href":"https:\/\/fjala.info\/2009-2015\/wp-json\/wp\/v2\/posts\/3170\/revisions"}],"wp:attachment":[{"href":"https:\/\/fjala.info\/2009-2015\/wp-json\/wp\/v2\/media?parent=3170"}],"wp:term":[{"taxonomy":"category","embeddable":true,"href":"https:\/\/fjala.info\/2009-2015\/wp-json\/wp\/v2\/categories?post=3170"},{"taxonomy":"post_tag","embeddable":true,"href":"https:\/\/fjala.info\/2009-2015\/wp-json\/wp\/v2\/tags?post=3170"}],"curies":[{"name":"wp","href":"https:\/\/api.w.org\/{rel}","templated":true}]}}