{"id":3163,"date":"2010-07-01T22:27:19","date_gmt":"2010-07-01T21:27:19","guid":{"rendered":"http:\/\/fjala.shkoder.net\/?p=3163"},"modified":"2010-07-01T22:27:19","modified_gmt":"2010-07-01T21:27:19","slug":"mirupafshim-butrint-mire-se-erdhet-ne-kandaharin-e-talibaneve","status":"publish","type":"post","link":"https:\/\/fjala.info\/2009-2015\/mirupafshim-butrint-mire-se-erdhet-ne-kandaharin-e-talibaneve\/","title":{"rendered":"Mirupafshim Butrint, mir\u00eb se erdh\u00ebt n\u00eb Kandaharin e Taliban\u00ebve"},"content":{"rendered":"<p><img decoding=\"async\" style=\"margin-left: 10px; margin-right: 10px; border: 0px;\" src=\"http:\/\/www.shkoder.net\/images\/fjala\/2010\/rruga_butrint.jpg\" border=\"0\" alt=\"Rruga p\u00ebr n\u00eb Butrint\" width=\"300\" align=\"right\" \/><\/p>\n<p>Nga <strong>Richard Hodges<\/strong>, <em>01.07.2010<\/em><\/p>\n<p>Thon\u00eb se \u00e7&#8217;do vend ka n\u00eb krye qeverin\u00eb q\u00eb meriton. I meritojn\u00eb shqiptar\u00ebt taliban\u00ebt? Duke udh\u00ebtuar me makin\u00eb ndan\u00eb &#8220;pyllit&#8221; t\u00eb hoteleve t\u00eb zbraz\u00ebta dhe gjysm\u00eb t\u00eb nd\u00ebrtuara n\u00eb Sarand\u00eb, p\u00ebrgjat\u00eb rrug\u00ebs s\u00eb re p\u00ebr n\u00eb Butrint, miqt\u00eb e mi amerikan\u00eb m\u00eb pyet\u00ebn se pse m\u00eb p\u00eblqente t\u00eb merresha me arkeologji n\u00eb Shqip\u00ebri.<\/p>\n<p>Nuk kisha koh\u00eb t&#8217;u p\u00ebrgjigjesha; kishim arritur n\u00eb Ksamil. K\u00ebtu, me qindra sht\u00ebpi t\u00eb shkat\u00ebrruara, gjysma t\u00eb d\u00ebmtuara, t\u00eb mbetura si p\u00ebrmendore t\u00eb nj\u00eb \u00e7asti marr\u00ebzie t\u00eb qeveris\u00eb. Mund t\u00eb jen\u00eb nd\u00ebrtime t\u00eb paligjshme, por t&#8217;i shkat\u00ebrrosh ato n\u00eb kulmin e sezonit turistik veror dhe n\u00eb nj\u00eb koh\u00eb krize bot\u00ebrore ekonomike, tregon gjith\u00e7ka duhet t\u00eb dini p\u00ebr &#8220;orientimin bashk\u00ebkohor t\u00eb vendit&#8221;.<\/p>\n<p>Nj\u00eb nga bashkudh\u00ebtar\u00ebt e mi amerikan\u00eb tha thjesht: &#8220;Duket si Kandahar k\u00ebtu&#8221;. Kaq mjaftonte t\u00eb thuhej. Bukuria sublime e k\u00ebtij vendi \u00ebsht\u00eb kthyer tashm\u00eb n\u00eb tem\u00eb talljeje nd\u00ebrkomb\u00ebtare. Shaka tragjike: &#8220;Nj\u00eb vend i administruar nga taliban\u00ebt&#8230;?&#8221; Sjellim nd\u00ebr mend vandalizmin mbi statujat madh\u00ebshtore budiste n\u00eb Afganistan&#8230;<\/p>\n<p>Rruga q\u00eb tani dhunon ullishtat e Parkut Komb\u00ebtar t\u00eb Butrintit t\u00eb ngjall thjesht neveri. \u00cbsht\u00eb e v\u00ebshtir\u00eb t\u00eb p\u00ebrshkruash mentalitetin e Ministris\u00eb vendase t\u00eb Kultur\u00ebs q\u00eb ka lejuar k\u00ebt\u00eb shkat\u00ebrrim. T\u00eb gjith\u00eb q\u00eb kan\u00eb gisht n\u00eb k\u00ebt\u00eb vandaliz\u00ebm, do t\u00eb ken\u00eb nj\u00eb vend t\u00eb caktuar n\u00eb nj\u00eb list\u00eb t\u00eb gjat\u00eb emrash t\u00eb k\u00ebqij p\u00ebr Shqip\u00ebrin\u00eb. Miqt\u00eb e mi e p\u00eblqyen oazin e Butrintit, t\u00eb ruajtur deri m\u00eb sot nga e keqja m\u00eb e madhe, por nuk kishin asnj\u00eb lloj ambicieje p\u00ebr t&#8217;u kthyer. S&#8217;po p\u00ebrmend k\u00ebtu mund\u00ebsin\u00eb zero p\u00ebr t&#8217;ia rekomanduar Shqip\u00ebrin\u00eb miqve t\u00eb tyre.<\/p>\n<p><strong>2010 &#8211; Fillon tat\u00ebpjeta turistike e Butrintit<\/strong><\/p>\n<p>Brenda Butrintit formulova nj\u00eb list\u00eb t\u00eb plot\u00eb t\u00eb gjendjes s\u00eb monumenteve atje: &#8211; Nuk vazhdon m\u00eb konservimi i kushtuesh\u00ebm i Pallatit t\u00eb Trikonk\u00ebs &#8211; \u00cbsht\u00eb hequr skena e drunjt\u00eb n\u00eb teat\u00ebr dhe nuk \u00ebsht\u00eb pastruar uji &#8211; Jan\u00eb zbardhur e vjetruar tabelat moderne dhe t\u00eb kushtueshme t\u00eb informacionit, dhuruar nga Fondacioni Butrinti &#8211; Dritat n\u00eb muze nuk jan\u00eb m\u00eb funksionale (jan\u00eb djegur llambat) dhe gjurm\u00ebt e minjve t\u00eb kujtojn\u00eb nj\u00eb nga problemet e administrimit &#8211; Tryezat n\u00eb kafenen\u00eb e akropolit jan\u00eb mbuluar me xhama t\u00eb thyer.<\/p>\n<p>Kafeneja, sigurisht, \u00ebsht\u00eb e mbyllur.<br \/>\nNd\u00ebrsa Fondacioni Butrinti vazhdon nj\u00eb program konservimi dhe administrimi t\u00eb zon\u00ebs pyjore n\u00eb Butrint, nj\u00eb brigad\u00eb zanat\u00e7injsh vendas vazhdojn\u00eb me zell pun\u00ebn e vet, duke mbrojtur k\u00ebt\u00eb qend\u00ebr t\u00eb brisht\u00eb arkeologjike posht\u00eb \u00e7adr\u00ebs s\u00eb zon\u00ebs pyjore.<\/p>\n<p>&#8220;T\u00eb pakt\u00ebn t\u00eb huajt treguakan kujdes&#8221; &#8211; than\u00eb bashkudh\u00ebtar\u00ebt e mi. Un\u00eb u p\u00ebrtypa, duke e ditur se edhe vendasit kujdesen.<\/p>\n<p>Ca m\u00eb keq, mbi ngushtic\u00ebn e Korfuzit, n\u00eb kalan\u00eb e Ali Pash\u00ebs q\u00eb ruan gryk\u00ebderdhjen e kanalit t\u00eb Vivarit &#8211; nj\u00eb fortes\u00eb e studiuar (dhe e botuar vitin e shkuar n\u00eb revist\u00ebn nd\u00ebrkomb\u00ebtare t\u00eb Antikitetit) nga nj\u00eb ekip i Universitetit t\u00eb Granad\u00ebs, Spanj\u00eb, gati po e humbet nj\u00eb nga t\u00eb kat\u00ebr kullat e saj.<\/p>\n<p>N\u00eb struktur\u00ebn e saj \u00ebsht\u00eb shfaqur nj\u00eb e \u00e7ar\u00eb e thell\u00eb, q\u00eb zmadhohet rreziksh\u00ebm. Ky ledh mbrojt\u00ebs, i ngritur nga pashai i madh p\u00ebr t\u00eb penguar britanik\u00ebt t\u00eb lundronin drejt Butrintit, \u00ebsht\u00eb nj\u00eb nga perlat e trash\u00ebgimis\u00eb kulturore bot\u00ebrore t\u00eb UNESKOS. \u00c7far\u00eb b\u00ebjn\u00eb autoritetet e parkut p\u00ebr t&#8217;u mbrojtur nga ky makth?<\/p>\n<p>\u00c7far\u00eb ka b\u00ebr\u00eb Ministria e Kultur\u00ebs? Mund ta merrni me mend? Si mundet q\u00eb qeveria shqiptare tregon aq pak kujdes p\u00ebr kalan\u00eb, Butrintin apo madje edhe vet\u00eb UNESCO-n? Butrinti pati vitin e shkuar m\u00eb shum\u00eb se 50.000 turist\u00eb, apo 75,000 po t&#8217;i besosh p\u00ebrllogaritjeve t\u00eb Fondacionit Butrinti.<\/p>\n<p>Duke e shum\u00ebzuar k\u00ebt\u00eb shif\u00ebr me pages\u00ebn prej 5 eurosh p\u00ebr hyrje, t\u00eb ardhurat e Parkut kapin nj\u00eb shum\u00eb prej 250,000 apo 350,000 eurosh n\u00eb vit. Duke e ditur s\u00eb pagat e stafit kapin nj\u00eb shum\u00eb prej 25,000 eurosh, ku shkon pjesa q\u00eb mbetet? Sigurisht, jo n\u00eb Butrint.<\/p>\n<p>Ajo shkon n\u00eb mb\u00ebshtetje t\u00eb qeveris\u00eb shqiptare q\u00eb ka lejuar nd\u00ebrtimin e nj\u00eb rruge t\u00eb re n\u00eb park dhe hedhjes n\u00eb er\u00eb t\u00eb nd\u00ebrtimeve pa leje. Padyshim q\u00eb k\u00ebto t\u00eb ardhura paguajn\u00eb rrug\u00ebnd\u00ebrtuesit n\u00eb m\u00ebnyr\u00eb q\u00eb Butrinti m\u00eb pas t\u00eb rrethohet nga vilat e miqve t\u00eb qeveris\u00eb.<br \/>\nBashkudh\u00ebtar\u00ebt e mi amerikan\u00eb psher\u00ebtin\u00eb t\u00eb leht\u00ebsuar kur mb\u00ebrrit\u00ebn n\u00eb Greqi dhe vazhduan ta quajn\u00eb Butrintin, Kandahar, m\u00eb pas udh\u00ebtuan p\u00ebr n\u00eb Turqi dhe q\u00eb aty n\u00eb Gjeorgji dhe Armeni. &#8220;Nj\u00eb her\u00eb n\u00eb Shqip\u00ebrin\u00eb e Taliban\u00ebve, &#8211; than\u00eb ata, &#8211; \u00ebsht\u00eb mjaft.<\/p>\n","protected":false},"excerpt":{"rendered":"<p>Nga Richard Hodges, 01.07.2010 Thon\u00eb se \u00e7&#8217;do vend ka n\u00eb krye qeverin\u00eb q\u00eb meriton. I meritojn\u00eb shqiptar\u00ebt taliban\u00ebt? Duke udh\u00ebtuar me makin\u00eb ndan\u00eb &#8220;pyllit&#8221; t\u00eb hoteleve t\u00eb zbraz\u00ebta dhe gjysm\u00eb t\u00eb nd\u00ebrtuara n\u00eb Sarand\u00eb, p\u00ebrgjat\u00eb rrug\u00ebs s\u00eb re p\u00ebr n\u00eb Butrint, miqt\u00eb e mi amerikan\u00eb m\u00eb pyet\u00ebn se pse m\u00eb p\u00eblqente t\u00eb merresha me arkeologji [&hellip;]<\/p>\n","protected":false},"author":1,"featured_media":0,"comment_status":"open","ping_status":"closed","sticky":false,"template":"","format":"standard","meta":{"footnotes":""},"categories":[2],"tags":[],"class_list":{"0":"post-3163","1":"post","2":"type-post","3":"status-publish","4":"format-standard","6":"category-artikuj"},"yoast_head":"<!-- This site is optimized with the Yoast SEO plugin v27.4 - https:\/\/yoast.com\/product\/yoast-seo-wordpress\/ -->\n<title>Mirupafshim Butrint, mir\u00eb se erdh\u00ebt n\u00eb Kandaharin e Taliban\u00ebve - FjALA e LIR\u00cb - Arkivi<\/title>\n<meta name=\"robots\" content=\"index, follow, max-snippet:-1, max-image-preview:large, max-video-preview:-1\" \/>\n<link rel=\"canonical\" href=\"https:\/\/fjala.info\/2009-2015\/mirupafshim-butrint-mire-se-erdhet-ne-kandaharin-e-talibaneve\/\" \/>\n<meta property=\"og:locale\" content=\"sq_AL\" \/>\n<meta property=\"og:type\" content=\"article\" \/>\n<meta property=\"og:title\" content=\"Mirupafshim Butrint, mir\u00eb se erdh\u00ebt n\u00eb Kandaharin e Taliban\u00ebve - FjALA e LIR\u00cb - Arkivi\" \/>\n<meta property=\"og:description\" content=\"Nga Richard Hodges, 01.07.2010 Thon\u00eb se \u00e7&#8217;do vend ka n\u00eb krye qeverin\u00eb q\u00eb meriton. I meritojn\u00eb shqiptar\u00ebt taliban\u00ebt? Duke udh\u00ebtuar me makin\u00eb ndan\u00eb &#8220;pyllit&#8221; t\u00eb hoteleve t\u00eb zbraz\u00ebta dhe gjysm\u00eb t\u00eb nd\u00ebrtuara n\u00eb Sarand\u00eb, p\u00ebrgjat\u00eb rrug\u00ebs s\u00eb re p\u00ebr n\u00eb Butrint, miqt\u00eb e mi amerikan\u00eb m\u00eb pyet\u00ebn se pse m\u00eb p\u00eblqente t\u00eb merresha me arkeologji [&hellip;]\" \/>\n<meta property=\"og:url\" content=\"https:\/\/fjala.info\/2009-2015\/mirupafshim-butrint-mire-se-erdhet-ne-kandaharin-e-talibaneve\/\" \/>\n<meta property=\"og:site_name\" content=\"FjALA e LIR\u00cb - Arkivi\" \/>\n<meta property=\"article:published_time\" content=\"2010-07-01T21:27:19+00:00\" \/>\n<meta property=\"og:image\" content=\"http:\/\/www.shkoder.net\/images\/fjala\/2010\/rruga_butrint.jpg\" \/>\n<meta name=\"author\" content=\"admin\" \/>\n<meta name=\"twitter:card\" content=\"summary_large_image\" \/>\n<meta name=\"twitter:label1\" content=\"Written by\" \/>\n\t<meta name=\"twitter:data1\" content=\"admin\" \/>\n\t<meta name=\"twitter:label2\" content=\"Est. reading time\" \/>\n\t<meta name=\"twitter:data2\" content=\"4 minutes\" \/>\n<script type=\"application\/ld+json\" class=\"yoast-schema-graph\">{\"@context\":\"https:\\\/\\\/schema.org\",\"@graph\":[{\"@type\":\"Article\",\"@id\":\"https:\\\/\\\/fjala.info\\\/2009-2015\\\/mirupafshim-butrint-mire-se-erdhet-ne-kandaharin-e-talibaneve\\\/#article\",\"isPartOf\":{\"@id\":\"https:\\\/\\\/fjala.info\\\/2009-2015\\\/mirupafshim-butrint-mire-se-erdhet-ne-kandaharin-e-talibaneve\\\/\"},\"author\":{\"name\":\"admin\",\"@id\":\"https:\\\/\\\/fjala.info\\\/2009-2015\\\/#\\\/schema\\\/person\\\/3aa1163ef05469c496fc94e77611ada2\"},\"headline\":\"Mirupafshim Butrint, mir\u00eb se erdh\u00ebt n\u00eb Kandaharin e Taliban\u00ebve\",\"datePublished\":\"2010-07-01T21:27:19+00:00\",\"mainEntityOfPage\":{\"@id\":\"https:\\\/\\\/fjala.info\\\/2009-2015\\\/mirupafshim-butrint-mire-se-erdhet-ne-kandaharin-e-talibaneve\\\/\"},\"wordCount\":825,\"commentCount\":0,\"publisher\":{\"@id\":\"https:\\\/\\\/fjala.info\\\/2009-2015\\\/#organization\"},\"image\":{\"@id\":\"https:\\\/\\\/fjala.info\\\/2009-2015\\\/mirupafshim-butrint-mire-se-erdhet-ne-kandaharin-e-talibaneve\\\/#primaryimage\"},\"thumbnailUrl\":\"http:\\\/\\\/www.shkoder.net\\\/images\\\/fjala\\\/2010\\\/rruga_butrint.jpg\",\"articleSection\":[\"Artikuj\"],\"inLanguage\":\"sq-AL\",\"potentialAction\":[{\"@type\":\"CommentAction\",\"name\":\"Comment\",\"target\":[\"https:\\\/\\\/fjala.info\\\/2009-2015\\\/mirupafshim-butrint-mire-se-erdhet-ne-kandaharin-e-talibaneve\\\/#respond\"]}]},{\"@type\":\"WebPage\",\"@id\":\"https:\\\/\\\/fjala.info\\\/2009-2015\\\/mirupafshim-butrint-mire-se-erdhet-ne-kandaharin-e-talibaneve\\\/\",\"url\":\"https:\\\/\\\/fjala.info\\\/2009-2015\\\/mirupafshim-butrint-mire-se-erdhet-ne-kandaharin-e-talibaneve\\\/\",\"name\":\"Mirupafshim Butrint, mir\u00eb se erdh\u00ebt n\u00eb Kandaharin e Taliban\u00ebve - FjALA e LIR\u00cb - Arkivi\",\"isPartOf\":{\"@id\":\"https:\\\/\\\/fjala.info\\\/2009-2015\\\/#website\"},\"primaryImageOfPage\":{\"@id\":\"https:\\\/\\\/fjala.info\\\/2009-2015\\\/mirupafshim-butrint-mire-se-erdhet-ne-kandaharin-e-talibaneve\\\/#primaryimage\"},\"image\":{\"@id\":\"https:\\\/\\\/fjala.info\\\/2009-2015\\\/mirupafshim-butrint-mire-se-erdhet-ne-kandaharin-e-talibaneve\\\/#primaryimage\"},\"thumbnailUrl\":\"http:\\\/\\\/www.shkoder.net\\\/images\\\/fjala\\\/2010\\\/rruga_butrint.jpg\",\"datePublished\":\"2010-07-01T21:27:19+00:00\",\"breadcrumb\":{\"@id\":\"https:\\\/\\\/fjala.info\\\/2009-2015\\\/mirupafshim-butrint-mire-se-erdhet-ne-kandaharin-e-talibaneve\\\/#breadcrumb\"},\"inLanguage\":\"sq-AL\",\"potentialAction\":[{\"@type\":\"ReadAction\",\"target\":[\"https:\\\/\\\/fjala.info\\\/2009-2015\\\/mirupafshim-butrint-mire-se-erdhet-ne-kandaharin-e-talibaneve\\\/\"]}]},{\"@type\":\"ImageObject\",\"inLanguage\":\"sq-AL\",\"@id\":\"https:\\\/\\\/fjala.info\\\/2009-2015\\\/mirupafshim-butrint-mire-se-erdhet-ne-kandaharin-e-talibaneve\\\/#primaryimage\",\"url\":\"http:\\\/\\\/www.shkoder.net\\\/images\\\/fjala\\\/2010\\\/rruga_butrint.jpg\",\"contentUrl\":\"http:\\\/\\\/www.shkoder.net\\\/images\\\/fjala\\\/2010\\\/rruga_butrint.jpg\"},{\"@type\":\"BreadcrumbList\",\"@id\":\"https:\\\/\\\/fjala.info\\\/2009-2015\\\/mirupafshim-butrint-mire-se-erdhet-ne-kandaharin-e-talibaneve\\\/#breadcrumb\",\"itemListElement\":[{\"@type\":\"ListItem\",\"position\":1,\"name\":\"Home\",\"item\":\"https:\\\/\\\/fjala.info\\\/2009-2015\\\/\"},{\"@type\":\"ListItem\",\"position\":2,\"name\":\"Mirupafshim Butrint, mir\u00eb se erdh\u00ebt n\u00eb Kandaharin e Taliban\u00ebve\"}]},{\"@type\":\"WebSite\",\"@id\":\"https:\\\/\\\/fjala.info\\\/2009-2015\\\/#website\",\"url\":\"https:\\\/\\\/fjala.info\\\/2009-2015\\\/\",\"name\":\"FjALA e LIR\u00cb - Arkivi\",\"description\":\"Arkivi 2009-2015\",\"publisher\":{\"@id\":\"https:\\\/\\\/fjala.info\\\/2009-2015\\\/#organization\"},\"potentialAction\":[{\"@type\":\"SearchAction\",\"target\":{\"@type\":\"EntryPoint\",\"urlTemplate\":\"https:\\\/\\\/fjala.info\\\/2009-2015\\\/?s={search_term_string}\"},\"query-input\":{\"@type\":\"PropertyValueSpecification\",\"valueRequired\":true,\"valueName\":\"search_term_string\"}}],\"inLanguage\":\"sq-AL\"},{\"@type\":\"Organization\",\"@id\":\"https:\\\/\\\/fjala.info\\\/2009-2015\\\/#organization\",\"name\":\"FjALA e LIR\u00cb - Arkivi\",\"url\":\"https:\\\/\\\/fjala.info\\\/2009-2015\\\/\",\"logo\":{\"@type\":\"ImageObject\",\"inLanguage\":\"sq-AL\",\"@id\":\"https:\\\/\\\/fjala.info\\\/2009-2015\\\/#\\\/schema\\\/logo\\\/image\\\/\",\"url\":\"\",\"contentUrl\":\"\",\"caption\":\"FjALA e LIR\u00cb - Arkivi\"},\"image\":{\"@id\":\"https:\\\/\\\/fjala.info\\\/2009-2015\\\/#\\\/schema\\\/logo\\\/image\\\/\"}},{\"@type\":\"Person\",\"@id\":\"https:\\\/\\\/fjala.info\\\/2009-2015\\\/#\\\/schema\\\/person\\\/3aa1163ef05469c496fc94e77611ada2\",\"name\":\"admin\",\"image\":{\"@type\":\"ImageObject\",\"inLanguage\":\"sq-AL\",\"@id\":\"https:\\\/\\\/fjala.info\\\/2009-2015\\\/wp-content\\\/uploads\\\/2012\\\/02\\\/arben_cokaj-120x150.jpg\",\"url\":\"https:\\\/\\\/fjala.info\\\/2009-2015\\\/wp-content\\\/uploads\\\/2012\\\/02\\\/arben_cokaj-120x150.jpg\",\"contentUrl\":\"https:\\\/\\\/fjala.info\\\/2009-2015\\\/wp-content\\\/uploads\\\/2012\\\/02\\\/arben_cokaj-120x150.jpg\",\"caption\":\"admin\"},\"description\":\"Admin, Fjala e Lir\u00eb\",\"sameAs\":[\"https:\\\/\\\/fjala.info\\\/\"],\"url\":\"https:\\\/\\\/fjala.info\\\/2009-2015\\\/author\\\/admin\\\/\"}]}<\/script>\n<!-- \/ Yoast SEO plugin. -->","yoast_head_json":{"title":"Mirupafshim Butrint, mir\u00eb se erdh\u00ebt n\u00eb Kandaharin e Taliban\u00ebve - FjALA e LIR\u00cb - Arkivi","robots":{"index":"index","follow":"follow","max-snippet":"max-snippet:-1","max-image-preview":"max-image-preview:large","max-video-preview":"max-video-preview:-1"},"canonical":"https:\/\/fjala.info\/2009-2015\/mirupafshim-butrint-mire-se-erdhet-ne-kandaharin-e-talibaneve\/","og_locale":"sq_AL","og_type":"article","og_title":"Mirupafshim Butrint, mir\u00eb se erdh\u00ebt n\u00eb Kandaharin e Taliban\u00ebve - FjALA e LIR\u00cb - Arkivi","og_description":"Nga Richard Hodges, 01.07.2010 Thon\u00eb se \u00e7&#8217;do vend ka n\u00eb krye qeverin\u00eb q\u00eb meriton. I meritojn\u00eb shqiptar\u00ebt taliban\u00ebt? Duke udh\u00ebtuar me makin\u00eb ndan\u00eb &#8220;pyllit&#8221; t\u00eb hoteleve t\u00eb zbraz\u00ebta dhe gjysm\u00eb t\u00eb nd\u00ebrtuara n\u00eb Sarand\u00eb, p\u00ebrgjat\u00eb rrug\u00ebs s\u00eb re p\u00ebr n\u00eb Butrint, miqt\u00eb e mi amerikan\u00eb m\u00eb pyet\u00ebn se pse m\u00eb p\u00eblqente t\u00eb merresha me arkeologji [&hellip;]","og_url":"https:\/\/fjala.info\/2009-2015\/mirupafshim-butrint-mire-se-erdhet-ne-kandaharin-e-talibaneve\/","og_site_name":"FjALA e LIR\u00cb - Arkivi","article_published_time":"2010-07-01T21:27:19+00:00","og_image":[{"url":"http:\/\/www.shkoder.net\/images\/fjala\/2010\/rruga_butrint.jpg","type":"","width":"","height":""}],"author":"admin","twitter_card":"summary_large_image","twitter_misc":{"Written by":"admin","Est. reading time":"4 minutes"},"schema":{"@context":"https:\/\/schema.org","@graph":[{"@type":"Article","@id":"https:\/\/fjala.info\/2009-2015\/mirupafshim-butrint-mire-se-erdhet-ne-kandaharin-e-talibaneve\/#article","isPartOf":{"@id":"https:\/\/fjala.info\/2009-2015\/mirupafshim-butrint-mire-se-erdhet-ne-kandaharin-e-talibaneve\/"},"author":{"name":"admin","@id":"https:\/\/fjala.info\/2009-2015\/#\/schema\/person\/3aa1163ef05469c496fc94e77611ada2"},"headline":"Mirupafshim Butrint, mir\u00eb se erdh\u00ebt n\u00eb Kandaharin e Taliban\u00ebve","datePublished":"2010-07-01T21:27:19+00:00","mainEntityOfPage":{"@id":"https:\/\/fjala.info\/2009-2015\/mirupafshim-butrint-mire-se-erdhet-ne-kandaharin-e-talibaneve\/"},"wordCount":825,"commentCount":0,"publisher":{"@id":"https:\/\/fjala.info\/2009-2015\/#organization"},"image":{"@id":"https:\/\/fjala.info\/2009-2015\/mirupafshim-butrint-mire-se-erdhet-ne-kandaharin-e-talibaneve\/#primaryimage"},"thumbnailUrl":"http:\/\/www.shkoder.net\/images\/fjala\/2010\/rruga_butrint.jpg","articleSection":["Artikuj"],"inLanguage":"sq-AL","potentialAction":[{"@type":"CommentAction","name":"Comment","target":["https:\/\/fjala.info\/2009-2015\/mirupafshim-butrint-mire-se-erdhet-ne-kandaharin-e-talibaneve\/#respond"]}]},{"@type":"WebPage","@id":"https:\/\/fjala.info\/2009-2015\/mirupafshim-butrint-mire-se-erdhet-ne-kandaharin-e-talibaneve\/","url":"https:\/\/fjala.info\/2009-2015\/mirupafshim-butrint-mire-se-erdhet-ne-kandaharin-e-talibaneve\/","name":"Mirupafshim Butrint, mir\u00eb se erdh\u00ebt n\u00eb Kandaharin e Taliban\u00ebve - FjALA e LIR\u00cb - Arkivi","isPartOf":{"@id":"https:\/\/fjala.info\/2009-2015\/#website"},"primaryImageOfPage":{"@id":"https:\/\/fjala.info\/2009-2015\/mirupafshim-butrint-mire-se-erdhet-ne-kandaharin-e-talibaneve\/#primaryimage"},"image":{"@id":"https:\/\/fjala.info\/2009-2015\/mirupafshim-butrint-mire-se-erdhet-ne-kandaharin-e-talibaneve\/#primaryimage"},"thumbnailUrl":"http:\/\/www.shkoder.net\/images\/fjala\/2010\/rruga_butrint.jpg","datePublished":"2010-07-01T21:27:19+00:00","breadcrumb":{"@id":"https:\/\/fjala.info\/2009-2015\/mirupafshim-butrint-mire-se-erdhet-ne-kandaharin-e-talibaneve\/#breadcrumb"},"inLanguage":"sq-AL","potentialAction":[{"@type":"ReadAction","target":["https:\/\/fjala.info\/2009-2015\/mirupafshim-butrint-mire-se-erdhet-ne-kandaharin-e-talibaneve\/"]}]},{"@type":"ImageObject","inLanguage":"sq-AL","@id":"https:\/\/fjala.info\/2009-2015\/mirupafshim-butrint-mire-se-erdhet-ne-kandaharin-e-talibaneve\/#primaryimage","url":"http:\/\/www.shkoder.net\/images\/fjala\/2010\/rruga_butrint.jpg","contentUrl":"http:\/\/www.shkoder.net\/images\/fjala\/2010\/rruga_butrint.jpg"},{"@type":"BreadcrumbList","@id":"https:\/\/fjala.info\/2009-2015\/mirupafshim-butrint-mire-se-erdhet-ne-kandaharin-e-talibaneve\/#breadcrumb","itemListElement":[{"@type":"ListItem","position":1,"name":"Home","item":"https:\/\/fjala.info\/2009-2015\/"},{"@type":"ListItem","position":2,"name":"Mirupafshim Butrint, mir\u00eb se erdh\u00ebt n\u00eb Kandaharin e Taliban\u00ebve"}]},{"@type":"WebSite","@id":"https:\/\/fjala.info\/2009-2015\/#website","url":"https:\/\/fjala.info\/2009-2015\/","name":"FjALA e LIR\u00cb - Arkivi","description":"Arkivi 2009-2015","publisher":{"@id":"https:\/\/fjala.info\/2009-2015\/#organization"},"potentialAction":[{"@type":"SearchAction","target":{"@type":"EntryPoint","urlTemplate":"https:\/\/fjala.info\/2009-2015\/?s={search_term_string}"},"query-input":{"@type":"PropertyValueSpecification","valueRequired":true,"valueName":"search_term_string"}}],"inLanguage":"sq-AL"},{"@type":"Organization","@id":"https:\/\/fjala.info\/2009-2015\/#organization","name":"FjALA e LIR\u00cb - Arkivi","url":"https:\/\/fjala.info\/2009-2015\/","logo":{"@type":"ImageObject","inLanguage":"sq-AL","@id":"https:\/\/fjala.info\/2009-2015\/#\/schema\/logo\/image\/","url":"","contentUrl":"","caption":"FjALA e LIR\u00cb - Arkivi"},"image":{"@id":"https:\/\/fjala.info\/2009-2015\/#\/schema\/logo\/image\/"}},{"@type":"Person","@id":"https:\/\/fjala.info\/2009-2015\/#\/schema\/person\/3aa1163ef05469c496fc94e77611ada2","name":"admin","image":{"@type":"ImageObject","inLanguage":"sq-AL","@id":"https:\/\/fjala.info\/2009-2015\/wp-content\/uploads\/2012\/02\/arben_cokaj-120x150.jpg","url":"https:\/\/fjala.info\/2009-2015\/wp-content\/uploads\/2012\/02\/arben_cokaj-120x150.jpg","contentUrl":"https:\/\/fjala.info\/2009-2015\/wp-content\/uploads\/2012\/02\/arben_cokaj-120x150.jpg","caption":"admin"},"description":"Admin, Fjala e Lir\u00eb","sameAs":["https:\/\/fjala.info\/"],"url":"https:\/\/fjala.info\/2009-2015\/author\/admin\/"}]}},"_links":{"self":[{"href":"https:\/\/fjala.info\/2009-2015\/wp-json\/wp\/v2\/posts\/3163","targetHints":{"allow":["GET"]}}],"collection":[{"href":"https:\/\/fjala.info\/2009-2015\/wp-json\/wp\/v2\/posts"}],"about":[{"href":"https:\/\/fjala.info\/2009-2015\/wp-json\/wp\/v2\/types\/post"}],"author":[{"embeddable":true,"href":"https:\/\/fjala.info\/2009-2015\/wp-json\/wp\/v2\/users\/1"}],"replies":[{"embeddable":true,"href":"https:\/\/fjala.info\/2009-2015\/wp-json\/wp\/v2\/comments?post=3163"}],"version-history":[{"count":0,"href":"https:\/\/fjala.info\/2009-2015\/wp-json\/wp\/v2\/posts\/3163\/revisions"}],"wp:attachment":[{"href":"https:\/\/fjala.info\/2009-2015\/wp-json\/wp\/v2\/media?parent=3163"}],"wp:term":[{"taxonomy":"category","embeddable":true,"href":"https:\/\/fjala.info\/2009-2015\/wp-json\/wp\/v2\/categories?post=3163"},{"taxonomy":"post_tag","embeddable":true,"href":"https:\/\/fjala.info\/2009-2015\/wp-json\/wp\/v2\/tags?post=3163"}],"curies":[{"name":"wp","href":"https:\/\/api.w.org\/{rel}","templated":true}]}}