{"id":3161,"date":"2010-07-01T22:21:36","date_gmt":"2010-07-01T21:21:36","guid":{"rendered":"http:\/\/fjala.shkoder.net\/?p=3161"},"modified":"2010-07-01T22:21:36","modified_gmt":"2010-07-01T21:21:36","slug":"per-demokracine-qe-nuk-e-shterr-perfaqesimi","status":"publish","type":"post","link":"https:\/\/fjala.info\/2009-2015\/per-demokracine-qe-nuk-e-shterr-perfaqesimi\/","title":{"rendered":"P\u00ebr demokracin\u00eb q\u00eb nuk e shterr p\u00ebrfaq\u00ebsimi"},"content":{"rendered":"<p><img decoding=\"async\" style=\"margin-left: 10px; margin-right: 10px; border: 0px;\" src=\"http:\/\/www.shkoder.net\/images\/fjala\/2010\/albin_kurti.jpg\" border=\"0\" alt=\"Albin Kurti\" width=\"150\" align=\"right\" \/><\/p>\n<p><strong>Albin Kurti<\/strong>, <em>01.07.2010<\/em><\/p>\n<p>Nuk ka akademik apo studiues serioz q\u00eb nuk thot\u00eb se demokracia e reduktuar n\u00eb demokraci p\u00ebrfaq\u00ebsuese \u00ebsht\u00eb gjithsesi e pamjaftueshme.<\/p>\n<p>Ajo demokraci q\u00eb n\u00ebnkupton vet\u00ebm zgjedhje periodike p\u00ebr qytetar\u00ebt dhe deputet\u00eb n\u00eb Kuvend si p\u00ebrfaq\u00ebsues t\u00eb tyre, nuk jeton gjat\u00eb.<\/p>\n<p>Demokracia si demokraci p\u00ebrfaq\u00ebsuese, pa m\u00ebnyrat tjera, si demokracia pjes\u00ebmarr\u00ebse dhe demokracia e drejtp\u00ebrdrejt\u00eb, shnd\u00ebrrohet n\u00eb mask\u00eb p\u00ebr monarkin\u00eb apo oligarkin\u00eb. Qytetar\u00ebt dhe vullneti i tyre ekzistojn\u00eb para se t\u00eb jen\u00eb t\u00eb p\u00ebrfaq\u00ebsuar dhe jo n\u00ebp\u00ebrmjet p\u00ebrfaq\u00ebsimit.<\/p>\n<p>Deputet\u00ebt nuk jan\u00eb vullneti i popullit; populli mund t&#8217;i delegoj\u00eb deputet\u00ebt q\u00eb ta ushtrojn\u00eb vullnetin e tij, por ai s&#8217;mund ta delegoj\u00eb vullnetin si t\u00eb till\u00eb. Populli mbetet ashtu si\u00e7 duhet t\u00eb jet\u00eb &#8211; i vullnetsh\u00ebm.<\/p>\n<p>N\u00ebse ne mund ta imagjinojm\u00eb vullnetin e popullit si nj\u00eb koncept apo ide, kjo nuk \u00ebsht\u00eb e mjaftueshme q\u00eb ai menj\u00ebher\u00eb dhe thjesht t\u00eb jet\u00eb i p\u00ebrfaq\u00ebsuesh\u00ebm. Institucionet jan\u00eb reduktim. P\u00ebrmasa abstrakte e vullnetit t\u00eb popullit tregon fuqin\u00eb e tij dhe dob\u00ebsin\u00eb ton\u00eb.<\/p>\n<p>Ngulmimi p\u00ebr ta kufizuar demokracin\u00eb n\u00eb p\u00ebrfaq\u00ebsim e ushqen t\u00ebhuajsimin deri n\u00eb mosp\u00ebrfaq\u00ebsim. Demokracia \u00ebsht\u00eb koncept tep\u00ebr i gjer\u00eb p\u00ebr ta mbyllur n\u00eb kutin\u00eb e votimit apo p\u00ebr ta ngujuar n\u00eb ul\u00ebsen e deputetit. At\u00ebher\u00eb kur demokracia mbyllet n\u00eb kutin\u00eb e votimit, e kemi par\u00eb se \u00e7far\u00eb ndodh me t\u00eb &#8211; ajo vidhet.<\/p>\n<p>At\u00ebher\u00eb kur demokracia ngujohet n\u00eb karrigen e deputetit, e kemi d\u00ebgjuar se \u00e7far\u00eb ndodh me t\u00eb &#8211; ajo banalizohet. Politikan\u00ebt tan\u00eb kryesor\u00eb jan\u00eb tep\u00ebr cinik\u00eb p\u00ebr t\u00eb qen\u00eb sadopak demokrat\u00eb. Ata thell\u00ebsisht nuk besojn\u00eb n\u00eb barazin\u00eb e njer\u00ebzve. Ata p\u00ebrgjith\u00ebsisht nuk besojn\u00eb n\u00eb asnj\u00eb lloj t\u00eb barazis\u00eb.<\/p>\n<p>N\u00eb an\u00ebn tjet\u00ebr, kur demokracia \u00ebsht\u00eb vet\u00ebm p\u00ebrfaq\u00ebsuese, at\u00ebher\u00eb shoq\u00ebria b\u00ebhet publik dhe publiku b\u00ebhet spektator. Kur p\u00ebrfaq\u00ebsimi arrin ta bind t\u00eb p\u00ebrfaq\u00ebsuarin se ai \u00ebsht\u00eb plot\u00ebsisht i p\u00ebrfaq\u00ebsuar, n\u00eb fakt, kemi kalimin nga subjekti i vullnetsh\u00ebm te subjekti sodit\u00ebs. P\u00ebrfaq\u00ebsimi i k\u00ebtill\u00eb totalitar e ndryshon t\u00eb p\u00ebrfaq\u00ebsuarin nga &#8216;qytetar aktiv me shum\u00eb t\u00eb drejta&#8217; n\u00eb &#8216;spektator pasiv me ca nevoja&#8217;.<\/p>\n<p>Raporti deputet-qytetar degradon n\u00eb raportin nd\u00ebrmjet shenjuesit me t\u00eb shenjuarin. N\u00eb vend se ta kemi t\u00eb pamundur t&#8217;i konceptojm\u00eb p\u00ebrfaq\u00ebsuesit pa qytetar\u00ebt, b\u00ebhet i mundur konceptimi i qytetar\u00ebve vet\u00ebm n\u00ebp\u00ebrmjet p\u00ebrfaq\u00ebsuesve.<\/p>\n<p>P\u00ebrfaq\u00ebsuesit nuk i n\u00ebnkuptojn\u00eb m\u00eb t\u00eb p\u00ebrfaq\u00ebsuarit n\u00eb funksion t\u00eb t\u00eb cil\u00ebve jan\u00eb, por p\u00ebrfaq\u00ebsuesit i themelojn\u00eb t\u00eb p\u00ebrfaq\u00ebsuarit si subjekt, duke i defaktorizuar p\u00ebr nga veprimi nj\u00eb moment m\u00eb pas. E k\u00ebtill\u00eb \u00ebsht\u00eb demokracia shqiptare.<\/p>\n<p>Demokraci e mbyllur te p\u00ebrfaq\u00ebsimi nominal. Jo demokraci q\u00eb e p\u00ebrmban p\u00ebrfaq\u00ebsimin, por demokraci q\u00eb p\u00ebrmbahet te p\u00ebrfaq\u00ebsimi. Prandaj, nuk \u00ebsht\u00eb e rast\u00ebsishme neveria q\u00eb kan\u00eb pushtetar\u00ebt nga protestat, grevat, peticionet dhe sidomos demonstratat. Ata s&#8217;duan demonstrata, kurrfar\u00eb demonstratash.<\/p>\n<p>Sepse nuk e kan\u00eb mendjen te ndihma q\u00eb demonstratat mund t&#8217;ia sjellin vendit, por te rreziku n\u00eb t\u00eb cilin ato mund t&#8217;i v\u00ebn\u00eb pozitat atyre. Demonstratat, protestat e grevat i bashkojn\u00eb njer\u00ebzit pavar\u00ebsisht nga gjinia, mosha, feja, prejardhja etj.<\/p>\n<p>Dhe, i bashkojn\u00eb njer\u00ebzit e pak\u00ebnaqur. Pushteti nuk do q\u00eb njer\u00ebzit t\u00eb b\u00ebhen bashk\u00eb, e sidomos kur ata jan\u00eb t\u00eb pak\u00ebnaqur. T\u00eb k\u00ebnaqurit nuk i duan t\u00eb pak\u00ebnaqurit t\u00eb bashkuar sepse i duan ata t\u00eb dob\u00ebt. T\u00eb k\u00ebnaqurit jan\u00eb b\u00ebr\u00eb bashk\u00eb n\u00eb majat e sistemit dhe angazhimi kryesor i tyre \u00ebsht\u00eb mu n\u00eb shpikjen e m\u00ebnyrave t\u00eb reja q\u00eb do t&#8217;i mbanin t\u00eb pak\u00ebnaqurit t\u00eb ndar\u00eb e t\u00eb p\u00ebr\u00e7ar\u00eb.<\/p>\n<p>Shumica d\u00ebrrmuese e qytetar\u00ebve jan\u00eb t\u00eb pak\u00ebnaqur por s&#8217;kan\u00eb vet\u00ebbesim, meq\u00eb s&#8217;kan\u00eb vet\u00ebdije p\u00ebr veten e tyre si shumic\u00eb q\u00eb jan\u00eb. Ata nuk e din\u00eb sa shum\u00eb jan\u00eb dhe sa t\u00eb fort\u00eb jan\u00eb. Pik\u00ebrisht n\u00eb demokraci t\u00eb drejtp\u00ebrdrejt\u00eb e pjes\u00ebmarr\u00ebse, pik\u00ebrisht n\u00eb demonstrata e protesta, do ta merrnin vesh nj\u00eb gj\u00eb t\u00eb till\u00eb, do t\u00eb nd\u00ebrgjegj\u00ebsoheshin p\u00ebr madh\u00ebsin\u00eb dhe fuqin\u00eb vetjake. Kjo \u00ebsht\u00eb arsyeja pse b\u00ebhet luft\u00eb sistematike q\u00eb demokracia t\u00eb mbahet e kufizuar p\u00ebrbrenda sistemit t\u00eb p\u00ebrfaq\u00ebsimit.<\/p>\n<p>Pushteti e di shum\u00eb mir\u00eb se t\u00eb gjith\u00eb ata q\u00eb i duan ndryshimet nuk mund ta nd\u00ebrrojn\u00eb regjimin pa e ndryshuar popullin, pa e ndryshuar q\u00ebndrimin e popullit kundrejt regjimit. Regjimi nuk nd\u00ebrron gjersa populli e duron at\u00eb. Qytetar\u00ebt me vot\u00ebn apo heshtjen e tyre ia japin fuqin\u00eb pushtetit. Ndryshimi nis me rezistenc\u00ebn ndaj pushtetit.<\/p>\n<p>P\u00ebr ta mbajtur demokracin\u00eb p\u00ebrbrenda p\u00ebrfaq\u00ebsimit formal, gjithnj\u00eb n\u00eb kuad\u00ebr t\u00eb rritjes s\u00eb kontrollit nga lart, pushteti p\u00ebrpiqet q\u00eb t&#8217;i diskreditoj\u00eb demonstratat, t&#8217;i kriminalizoj\u00eb ato dhe t&#8217;i frik\u00ebsoj\u00eb e t&#8217;i hesht\u00eb qytetar\u00ebt.<\/p>\n<p>N\u00eb fakt, demonstratat jan\u00eb d\u00ebshmi e vitalitetit t\u00eb demokracis\u00eb. Demonstrata sh\u00ebnon qytetarin\u00eb aktive q\u00eb reagon, kontribuon n\u00eb kohezionin shoq\u00ebror dhe i sjell si subjekt n\u00eb sfer\u00ebn publike dhe politike qytetar\u00ebt q\u00eb kund\u00ebrshtojn\u00eb nj\u00eb padrejt\u00ebsi t\u00eb b\u00ebr\u00eb, por edhe q\u00eb parandalojn\u00eb nj\u00eb padrejt\u00ebsi tjet\u00ebr.<\/p>\n<p>Demonstrata e b\u00ebn d\u00ebshir\u00ebn vullnet, ankes\u00ebn angazhim dhe shpres\u00ebn pun\u00eb. Shpeshher\u00eb, ajo q\u00eb n\u00eb nj\u00eb koh\u00eb mund t\u00eb arrihet e b\u00ebhet me protesta e demonstrata, dikur m\u00eb von\u00eb s&#8217;b\u00ebhet dot as me luft\u00eb, e aq m\u00eb pak me diplomaci.<\/p>\n","protected":false},"excerpt":{"rendered":"<p>Albin Kurti, 01.07.2010 Nuk ka akademik apo studiues serioz q\u00eb nuk thot\u00eb se demokracia e reduktuar n\u00eb demokraci p\u00ebrfaq\u00ebsuese \u00ebsht\u00eb gjithsesi e pamjaftueshme. Ajo demokraci q\u00eb n\u00ebnkupton vet\u00ebm zgjedhje periodike p\u00ebr qytetar\u00ebt dhe deputet\u00eb n\u00eb Kuvend si p\u00ebrfaq\u00ebsues t\u00eb tyre, nuk jeton gjat\u00eb. Demokracia si demokraci p\u00ebrfaq\u00ebsuese, pa m\u00ebnyrat tjera, si demokracia pjes\u00ebmarr\u00ebse dhe demokracia [&hellip;]<\/p>\n","protected":false},"author":1,"featured_media":0,"comment_status":"open","ping_status":"closed","sticky":false,"template":"","format":"standard","meta":{"footnotes":""},"categories":[2],"tags":[],"class_list":{"0":"post-3161","1":"post","2":"type-post","3":"status-publish","4":"format-standard","6":"category-artikuj"},"yoast_head":"<!-- This site is optimized with the Yoast SEO plugin v27.4 - https:\/\/yoast.com\/product\/yoast-seo-wordpress\/ -->\n<title>P\u00ebr demokracin\u00eb q\u00eb nuk e shterr p\u00ebrfaq\u00ebsimi - FjALA e LIR\u00cb - Arkivi<\/title>\n<meta name=\"robots\" content=\"index, follow, max-snippet:-1, max-image-preview:large, max-video-preview:-1\" \/>\n<link rel=\"canonical\" href=\"https:\/\/fjala.info\/2009-2015\/per-demokracine-qe-nuk-e-shterr-perfaqesimi\/\" \/>\n<meta property=\"og:locale\" content=\"sq_AL\" \/>\n<meta property=\"og:type\" content=\"article\" \/>\n<meta property=\"og:title\" content=\"P\u00ebr demokracin\u00eb q\u00eb nuk e shterr p\u00ebrfaq\u00ebsimi - FjALA e LIR\u00cb - Arkivi\" \/>\n<meta property=\"og:description\" content=\"Albin Kurti, 01.07.2010 Nuk ka akademik apo studiues serioz q\u00eb nuk thot\u00eb se demokracia e reduktuar n\u00eb demokraci p\u00ebrfaq\u00ebsuese \u00ebsht\u00eb gjithsesi e pamjaftueshme. Ajo demokraci q\u00eb n\u00ebnkupton vet\u00ebm zgjedhje periodike p\u00ebr qytetar\u00ebt dhe deputet\u00eb n\u00eb Kuvend si p\u00ebrfaq\u00ebsues t\u00eb tyre, nuk jeton gjat\u00eb. Demokracia si demokraci p\u00ebrfaq\u00ebsuese, pa m\u00ebnyrat tjera, si demokracia pjes\u00ebmarr\u00ebse dhe demokracia [&hellip;]\" \/>\n<meta property=\"og:url\" content=\"https:\/\/fjala.info\/2009-2015\/per-demokracine-qe-nuk-e-shterr-perfaqesimi\/\" \/>\n<meta property=\"og:site_name\" content=\"FjALA e LIR\u00cb - Arkivi\" \/>\n<meta property=\"article:published_time\" content=\"2010-07-01T21:21:36+00:00\" \/>\n<meta property=\"og:image\" content=\"http:\/\/www.shkoder.net\/images\/fjala\/2010\/albin_kurti.jpg\" \/>\n<meta name=\"author\" content=\"admin\" \/>\n<meta name=\"twitter:card\" content=\"summary_large_image\" \/>\n<meta name=\"twitter:label1\" content=\"Written by\" \/>\n\t<meta name=\"twitter:data1\" content=\"admin\" \/>\n\t<meta name=\"twitter:label2\" content=\"Est. reading time\" \/>\n\t<meta name=\"twitter:data2\" content=\"5 minutes\" \/>\n<script type=\"application\/ld+json\" class=\"yoast-schema-graph\">{\"@context\":\"https:\\\/\\\/schema.org\",\"@graph\":[{\"@type\":\"Article\",\"@id\":\"https:\\\/\\\/fjala.info\\\/2009-2015\\\/per-demokracine-qe-nuk-e-shterr-perfaqesimi\\\/#article\",\"isPartOf\":{\"@id\":\"https:\\\/\\\/fjala.info\\\/2009-2015\\\/per-demokracine-qe-nuk-e-shterr-perfaqesimi\\\/\"},\"author\":{\"name\":\"admin\",\"@id\":\"https:\\\/\\\/fjala.info\\\/2009-2015\\\/#\\\/schema\\\/person\\\/3aa1163ef05469c496fc94e77611ada2\"},\"headline\":\"P\u00ebr demokracin\u00eb q\u00eb nuk e shterr p\u00ebrfaq\u00ebsimi\",\"datePublished\":\"2010-07-01T21:21:36+00:00\",\"mainEntityOfPage\":{\"@id\":\"https:\\\/\\\/fjala.info\\\/2009-2015\\\/per-demokracine-qe-nuk-e-shterr-perfaqesimi\\\/\"},\"wordCount\":980,\"commentCount\":0,\"publisher\":{\"@id\":\"https:\\\/\\\/fjala.info\\\/2009-2015\\\/#organization\"},\"image\":{\"@id\":\"https:\\\/\\\/fjala.info\\\/2009-2015\\\/per-demokracine-qe-nuk-e-shterr-perfaqesimi\\\/#primaryimage\"},\"thumbnailUrl\":\"http:\\\/\\\/www.shkoder.net\\\/images\\\/fjala\\\/2010\\\/albin_kurti.jpg\",\"articleSection\":[\"Artikuj\"],\"inLanguage\":\"sq-AL\",\"potentialAction\":[{\"@type\":\"CommentAction\",\"name\":\"Comment\",\"target\":[\"https:\\\/\\\/fjala.info\\\/2009-2015\\\/per-demokracine-qe-nuk-e-shterr-perfaqesimi\\\/#respond\"]}]},{\"@type\":\"WebPage\",\"@id\":\"https:\\\/\\\/fjala.info\\\/2009-2015\\\/per-demokracine-qe-nuk-e-shterr-perfaqesimi\\\/\",\"url\":\"https:\\\/\\\/fjala.info\\\/2009-2015\\\/per-demokracine-qe-nuk-e-shterr-perfaqesimi\\\/\",\"name\":\"P\u00ebr demokracin\u00eb q\u00eb nuk e shterr p\u00ebrfaq\u00ebsimi - FjALA e LIR\u00cb - Arkivi\",\"isPartOf\":{\"@id\":\"https:\\\/\\\/fjala.info\\\/2009-2015\\\/#website\"},\"primaryImageOfPage\":{\"@id\":\"https:\\\/\\\/fjala.info\\\/2009-2015\\\/per-demokracine-qe-nuk-e-shterr-perfaqesimi\\\/#primaryimage\"},\"image\":{\"@id\":\"https:\\\/\\\/fjala.info\\\/2009-2015\\\/per-demokracine-qe-nuk-e-shterr-perfaqesimi\\\/#primaryimage\"},\"thumbnailUrl\":\"http:\\\/\\\/www.shkoder.net\\\/images\\\/fjala\\\/2010\\\/albin_kurti.jpg\",\"datePublished\":\"2010-07-01T21:21:36+00:00\",\"breadcrumb\":{\"@id\":\"https:\\\/\\\/fjala.info\\\/2009-2015\\\/per-demokracine-qe-nuk-e-shterr-perfaqesimi\\\/#breadcrumb\"},\"inLanguage\":\"sq-AL\",\"potentialAction\":[{\"@type\":\"ReadAction\",\"target\":[\"https:\\\/\\\/fjala.info\\\/2009-2015\\\/per-demokracine-qe-nuk-e-shterr-perfaqesimi\\\/\"]}]},{\"@type\":\"ImageObject\",\"inLanguage\":\"sq-AL\",\"@id\":\"https:\\\/\\\/fjala.info\\\/2009-2015\\\/per-demokracine-qe-nuk-e-shterr-perfaqesimi\\\/#primaryimage\",\"url\":\"http:\\\/\\\/www.shkoder.net\\\/images\\\/fjala\\\/2010\\\/albin_kurti.jpg\",\"contentUrl\":\"http:\\\/\\\/www.shkoder.net\\\/images\\\/fjala\\\/2010\\\/albin_kurti.jpg\"},{\"@type\":\"BreadcrumbList\",\"@id\":\"https:\\\/\\\/fjala.info\\\/2009-2015\\\/per-demokracine-qe-nuk-e-shterr-perfaqesimi\\\/#breadcrumb\",\"itemListElement\":[{\"@type\":\"ListItem\",\"position\":1,\"name\":\"Home\",\"item\":\"https:\\\/\\\/fjala.info\\\/2009-2015\\\/\"},{\"@type\":\"ListItem\",\"position\":2,\"name\":\"P\u00ebr demokracin\u00eb q\u00eb nuk e shterr p\u00ebrfaq\u00ebsimi\"}]},{\"@type\":\"WebSite\",\"@id\":\"https:\\\/\\\/fjala.info\\\/2009-2015\\\/#website\",\"url\":\"https:\\\/\\\/fjala.info\\\/2009-2015\\\/\",\"name\":\"FjALA e LIR\u00cb - Arkivi\",\"description\":\"Arkivi 2009-2015\",\"publisher\":{\"@id\":\"https:\\\/\\\/fjala.info\\\/2009-2015\\\/#organization\"},\"potentialAction\":[{\"@type\":\"SearchAction\",\"target\":{\"@type\":\"EntryPoint\",\"urlTemplate\":\"https:\\\/\\\/fjala.info\\\/2009-2015\\\/?s={search_term_string}\"},\"query-input\":{\"@type\":\"PropertyValueSpecification\",\"valueRequired\":true,\"valueName\":\"search_term_string\"}}],\"inLanguage\":\"sq-AL\"},{\"@type\":\"Organization\",\"@id\":\"https:\\\/\\\/fjala.info\\\/2009-2015\\\/#organization\",\"name\":\"FjALA e LIR\u00cb - Arkivi\",\"url\":\"https:\\\/\\\/fjala.info\\\/2009-2015\\\/\",\"logo\":{\"@type\":\"ImageObject\",\"inLanguage\":\"sq-AL\",\"@id\":\"https:\\\/\\\/fjala.info\\\/2009-2015\\\/#\\\/schema\\\/logo\\\/image\\\/\",\"url\":\"\",\"contentUrl\":\"\",\"caption\":\"FjALA e LIR\u00cb - Arkivi\"},\"image\":{\"@id\":\"https:\\\/\\\/fjala.info\\\/2009-2015\\\/#\\\/schema\\\/logo\\\/image\\\/\"}},{\"@type\":\"Person\",\"@id\":\"https:\\\/\\\/fjala.info\\\/2009-2015\\\/#\\\/schema\\\/person\\\/3aa1163ef05469c496fc94e77611ada2\",\"name\":\"admin\",\"image\":{\"@type\":\"ImageObject\",\"inLanguage\":\"sq-AL\",\"@id\":\"https:\\\/\\\/fjala.info\\\/2009-2015\\\/wp-content\\\/uploads\\\/2012\\\/02\\\/arben_cokaj-120x150.jpg\",\"url\":\"https:\\\/\\\/fjala.info\\\/2009-2015\\\/wp-content\\\/uploads\\\/2012\\\/02\\\/arben_cokaj-120x150.jpg\",\"contentUrl\":\"https:\\\/\\\/fjala.info\\\/2009-2015\\\/wp-content\\\/uploads\\\/2012\\\/02\\\/arben_cokaj-120x150.jpg\",\"caption\":\"admin\"},\"description\":\"Admin, Fjala e Lir\u00eb\",\"sameAs\":[\"https:\\\/\\\/fjala.info\\\/\"],\"url\":\"https:\\\/\\\/fjala.info\\\/2009-2015\\\/author\\\/admin\\\/\"}]}<\/script>\n<!-- \/ Yoast SEO plugin. -->","yoast_head_json":{"title":"P\u00ebr demokracin\u00eb q\u00eb nuk e shterr p\u00ebrfaq\u00ebsimi - FjALA e LIR\u00cb - Arkivi","robots":{"index":"index","follow":"follow","max-snippet":"max-snippet:-1","max-image-preview":"max-image-preview:large","max-video-preview":"max-video-preview:-1"},"canonical":"https:\/\/fjala.info\/2009-2015\/per-demokracine-qe-nuk-e-shterr-perfaqesimi\/","og_locale":"sq_AL","og_type":"article","og_title":"P\u00ebr demokracin\u00eb q\u00eb nuk e shterr p\u00ebrfaq\u00ebsimi - FjALA e LIR\u00cb - Arkivi","og_description":"Albin Kurti, 01.07.2010 Nuk ka akademik apo studiues serioz q\u00eb nuk thot\u00eb se demokracia e reduktuar n\u00eb demokraci p\u00ebrfaq\u00ebsuese \u00ebsht\u00eb gjithsesi e pamjaftueshme. Ajo demokraci q\u00eb n\u00ebnkupton vet\u00ebm zgjedhje periodike p\u00ebr qytetar\u00ebt dhe deputet\u00eb n\u00eb Kuvend si p\u00ebrfaq\u00ebsues t\u00eb tyre, nuk jeton gjat\u00eb. Demokracia si demokraci p\u00ebrfaq\u00ebsuese, pa m\u00ebnyrat tjera, si demokracia pjes\u00ebmarr\u00ebse dhe demokracia [&hellip;]","og_url":"https:\/\/fjala.info\/2009-2015\/per-demokracine-qe-nuk-e-shterr-perfaqesimi\/","og_site_name":"FjALA e LIR\u00cb - Arkivi","article_published_time":"2010-07-01T21:21:36+00:00","og_image":[{"url":"http:\/\/www.shkoder.net\/images\/fjala\/2010\/albin_kurti.jpg","type":"","width":"","height":""}],"author":"admin","twitter_card":"summary_large_image","twitter_misc":{"Written by":"admin","Est. reading time":"5 minutes"},"schema":{"@context":"https:\/\/schema.org","@graph":[{"@type":"Article","@id":"https:\/\/fjala.info\/2009-2015\/per-demokracine-qe-nuk-e-shterr-perfaqesimi\/#article","isPartOf":{"@id":"https:\/\/fjala.info\/2009-2015\/per-demokracine-qe-nuk-e-shterr-perfaqesimi\/"},"author":{"name":"admin","@id":"https:\/\/fjala.info\/2009-2015\/#\/schema\/person\/3aa1163ef05469c496fc94e77611ada2"},"headline":"P\u00ebr demokracin\u00eb q\u00eb nuk e shterr p\u00ebrfaq\u00ebsimi","datePublished":"2010-07-01T21:21:36+00:00","mainEntityOfPage":{"@id":"https:\/\/fjala.info\/2009-2015\/per-demokracine-qe-nuk-e-shterr-perfaqesimi\/"},"wordCount":980,"commentCount":0,"publisher":{"@id":"https:\/\/fjala.info\/2009-2015\/#organization"},"image":{"@id":"https:\/\/fjala.info\/2009-2015\/per-demokracine-qe-nuk-e-shterr-perfaqesimi\/#primaryimage"},"thumbnailUrl":"http:\/\/www.shkoder.net\/images\/fjala\/2010\/albin_kurti.jpg","articleSection":["Artikuj"],"inLanguage":"sq-AL","potentialAction":[{"@type":"CommentAction","name":"Comment","target":["https:\/\/fjala.info\/2009-2015\/per-demokracine-qe-nuk-e-shterr-perfaqesimi\/#respond"]}]},{"@type":"WebPage","@id":"https:\/\/fjala.info\/2009-2015\/per-demokracine-qe-nuk-e-shterr-perfaqesimi\/","url":"https:\/\/fjala.info\/2009-2015\/per-demokracine-qe-nuk-e-shterr-perfaqesimi\/","name":"P\u00ebr demokracin\u00eb q\u00eb nuk e shterr p\u00ebrfaq\u00ebsimi - FjALA e LIR\u00cb - Arkivi","isPartOf":{"@id":"https:\/\/fjala.info\/2009-2015\/#website"},"primaryImageOfPage":{"@id":"https:\/\/fjala.info\/2009-2015\/per-demokracine-qe-nuk-e-shterr-perfaqesimi\/#primaryimage"},"image":{"@id":"https:\/\/fjala.info\/2009-2015\/per-demokracine-qe-nuk-e-shterr-perfaqesimi\/#primaryimage"},"thumbnailUrl":"http:\/\/www.shkoder.net\/images\/fjala\/2010\/albin_kurti.jpg","datePublished":"2010-07-01T21:21:36+00:00","breadcrumb":{"@id":"https:\/\/fjala.info\/2009-2015\/per-demokracine-qe-nuk-e-shterr-perfaqesimi\/#breadcrumb"},"inLanguage":"sq-AL","potentialAction":[{"@type":"ReadAction","target":["https:\/\/fjala.info\/2009-2015\/per-demokracine-qe-nuk-e-shterr-perfaqesimi\/"]}]},{"@type":"ImageObject","inLanguage":"sq-AL","@id":"https:\/\/fjala.info\/2009-2015\/per-demokracine-qe-nuk-e-shterr-perfaqesimi\/#primaryimage","url":"http:\/\/www.shkoder.net\/images\/fjala\/2010\/albin_kurti.jpg","contentUrl":"http:\/\/www.shkoder.net\/images\/fjala\/2010\/albin_kurti.jpg"},{"@type":"BreadcrumbList","@id":"https:\/\/fjala.info\/2009-2015\/per-demokracine-qe-nuk-e-shterr-perfaqesimi\/#breadcrumb","itemListElement":[{"@type":"ListItem","position":1,"name":"Home","item":"https:\/\/fjala.info\/2009-2015\/"},{"@type":"ListItem","position":2,"name":"P\u00ebr demokracin\u00eb q\u00eb nuk e shterr p\u00ebrfaq\u00ebsimi"}]},{"@type":"WebSite","@id":"https:\/\/fjala.info\/2009-2015\/#website","url":"https:\/\/fjala.info\/2009-2015\/","name":"FjALA e LIR\u00cb - Arkivi","description":"Arkivi 2009-2015","publisher":{"@id":"https:\/\/fjala.info\/2009-2015\/#organization"},"potentialAction":[{"@type":"SearchAction","target":{"@type":"EntryPoint","urlTemplate":"https:\/\/fjala.info\/2009-2015\/?s={search_term_string}"},"query-input":{"@type":"PropertyValueSpecification","valueRequired":true,"valueName":"search_term_string"}}],"inLanguage":"sq-AL"},{"@type":"Organization","@id":"https:\/\/fjala.info\/2009-2015\/#organization","name":"FjALA e LIR\u00cb - Arkivi","url":"https:\/\/fjala.info\/2009-2015\/","logo":{"@type":"ImageObject","inLanguage":"sq-AL","@id":"https:\/\/fjala.info\/2009-2015\/#\/schema\/logo\/image\/","url":"","contentUrl":"","caption":"FjALA e LIR\u00cb - Arkivi"},"image":{"@id":"https:\/\/fjala.info\/2009-2015\/#\/schema\/logo\/image\/"}},{"@type":"Person","@id":"https:\/\/fjala.info\/2009-2015\/#\/schema\/person\/3aa1163ef05469c496fc94e77611ada2","name":"admin","image":{"@type":"ImageObject","inLanguage":"sq-AL","@id":"https:\/\/fjala.info\/2009-2015\/wp-content\/uploads\/2012\/02\/arben_cokaj-120x150.jpg","url":"https:\/\/fjala.info\/2009-2015\/wp-content\/uploads\/2012\/02\/arben_cokaj-120x150.jpg","contentUrl":"https:\/\/fjala.info\/2009-2015\/wp-content\/uploads\/2012\/02\/arben_cokaj-120x150.jpg","caption":"admin"},"description":"Admin, Fjala e Lir\u00eb","sameAs":["https:\/\/fjala.info\/"],"url":"https:\/\/fjala.info\/2009-2015\/author\/admin\/"}]}},"_links":{"self":[{"href":"https:\/\/fjala.info\/2009-2015\/wp-json\/wp\/v2\/posts\/3161","targetHints":{"allow":["GET"]}}],"collection":[{"href":"https:\/\/fjala.info\/2009-2015\/wp-json\/wp\/v2\/posts"}],"about":[{"href":"https:\/\/fjala.info\/2009-2015\/wp-json\/wp\/v2\/types\/post"}],"author":[{"embeddable":true,"href":"https:\/\/fjala.info\/2009-2015\/wp-json\/wp\/v2\/users\/1"}],"replies":[{"embeddable":true,"href":"https:\/\/fjala.info\/2009-2015\/wp-json\/wp\/v2\/comments?post=3161"}],"version-history":[{"count":0,"href":"https:\/\/fjala.info\/2009-2015\/wp-json\/wp\/v2\/posts\/3161\/revisions"}],"wp:attachment":[{"href":"https:\/\/fjala.info\/2009-2015\/wp-json\/wp\/v2\/media?parent=3161"}],"wp:term":[{"taxonomy":"category","embeddable":true,"href":"https:\/\/fjala.info\/2009-2015\/wp-json\/wp\/v2\/categories?post=3161"},{"taxonomy":"post_tag","embeddable":true,"href":"https:\/\/fjala.info\/2009-2015\/wp-json\/wp\/v2\/tags?post=3161"}],"curies":[{"name":"wp","href":"https:\/\/api.w.org\/{rel}","templated":true}]}}