{"id":3159,"date":"2012-06-07T22:10:00","date_gmt":"2012-06-07T21:10:00","guid":{"rendered":"http:\/\/www.fjala.info\/?p=3159"},"modified":"2012-06-07T22:10:00","modified_gmt":"2012-06-07T21:10:00","slug":"nano-nga-kercenimi-shkon-ne-lutje-me-jepni-mundesine-te-garoj-per-president","status":"publish","type":"post","link":"https:\/\/fjala.info\/2009-2015\/nano-nga-kercenimi-shkon-ne-lutje-me-jepni-mundesine-te-garoj-per-president\/","title":{"rendered":"Nano nga k\u00ebrc\u00ebnimi shkon n\u00eb lutje: M\u00eb jepni mund\u00ebsin\u00eb t\u00eb garoj p\u00ebr President"},"content":{"rendered":"<p style=\"text-align: right;\"><img decoding=\"async\" class=\"alignright size-thumbnail wp-image-7236\" title=\"Fatos Nano - Edi Rama\" src=\"http:\/\/www.fjala.info\/2012\/fatos_nano_edi_rama.jpg\" alt=\"\" width=\"300\" \/> <em>Fatos Nano &#8211; Edi Rama\u00a0\u00a0 <\/em><\/p>\n<p>Ish-kryeministri dhe ish-kreu i Partis\u00eb Socialiste p\u00ebr 15 vjet, Fatos Nano, u ka k\u00ebrkuar deputet\u00ebve t\u00eb PS-s\u00eb q\u00eb ta mb\u00ebshtesin si kandidat p\u00ebr President.<\/p>\n<p>N\u00eb nj\u00eb komunikat\u00eb t\u00eb shp\u00ebrndar\u00eb nga zyra e tij p\u00ebr marr\u00ebdh\u00ebniet e medien, thuhet se \u201cduke shprehur e ritheksuar edhe nj\u00ebher\u00eb mir\u00ebbesimin e tij, u b\u00ebn thirrje Kryetarit t\u00eb Partis\u00eb Socialiste Edi Rama, Kryetarit t\u00eb Grupit Kuvendor t\u00eb PS, Gramoz Ru\u00e7i, dhe drejtp\u00ebrdrejt\u00eb t\u00eb gjith\u00eb deputet\u00ebve t\u00eb Gurpit Kuvendor t\u00eb PS q\u00eb t\u00eb marrin vendime t\u00eb drejta n\u00eb tejkalimin e k\u00ebtij ng\u00ebr\u00e7i politik t\u00eb st\u00ebrzgjatur, duke i dh\u00ebn\u00eb Shqip\u00ebris\u00eb Presidentin m\u00eb t\u00eb mir\u00eb\u201d.<\/p>\n<p>Para k\u00ebsaj komunikata, disa dit\u00eb m\u00eb par\u00eb u l\u00ebshuar nj\u00eb komunikat\u00eb k\u00ebrc\u00ebnuese p\u00ebr krijimin e nj\u00eb fraksioni apo p\u00ebr rikthimin e Nanos n\u00eb PS. N\u00eb krahasim me at\u00eb, komunikata e dyt\u00eb ngjan m\u00eb shum\u00eb si nj\u00eb lutje.<\/p>\n<p>\u201cFatos Nano t\u00ebrheq v\u00ebmendjen se Kryetari i Partis\u00eb Socialiste, Lideri i Opozit\u00ebs, nuk mundet t\u00eb mos kuptoj\u00eb se ka dit\u00eb, ka momente kur vendi, shoq\u00ebria shqiptare, kombi, jan\u00eb m\u00eb t\u00eb r\u00ebnd\u00ebsish\u00ebm sesa Partia, sesa cilado parti\u201d, thuhet aty.<\/p>\n<p>Sipas Nanos duke e mb\u00ebshtetur at\u00eb p\u00ebr President, PS rritet dhe figura e Presidentit lart\u00ebsohet.<\/p>\n<p>E vetmja kritik\u00eb n\u00eb k\u00ebt\u00eb komunikat\u00eb \u00ebsht\u00eb se Rama ka \u201cadoptuar q\u00ebndrimin p\u00ebr nj\u00eb po\u00e7es amorf\u201d dhe se nuk po merr guximin p\u00ebr t\u00eb paraqitur kandidatin e tij p\u00ebr shkak se nuk ka numrat n\u00eb Kuvend. \/F.S\/<\/p>\n<p>* * *<\/p>\n<p><strong>Nano presion liderit t\u00eb opozit\u00ebs: M\u00eb kandido p\u00ebr president ose formoj fraksion<\/strong><\/p>\n<p>Refuzimi i Partis\u00eb Socialiste p\u00ebr t\u00eb kandiduar Fatos Nanon n\u00eb postin e presidentit ka b\u00ebr\u00eb q\u00eb ky i fundit t\u00eb nis l\u00ebvizjet p\u00ebr ushtrim presioni.<\/p>\n<p>Nj\u00eb dit\u00eb m\u00eb par\u00eb Nano \u00ebsht\u00eb takuar me kryetarin e grupit parlamentare t\u00eb Partis\u00eb Socialiste, Gramoz Ru\u00e7i, ku m\u00ebsohet se ka k\u00ebrkuar 20 firma t\u00eb deputet\u00ebve t\u00eb PS-s\u00eb q\u00eb k\u00ebrkohen p\u00ebr t\u00eb paraqitur kandidatur\u00eb n\u00eb Kuvend.<\/p>\n<p>P\u00ebrgjigjja negative e dh\u00ebna nga Ru\u00e7i me argumentin se PS po k\u00ebrkon q\u00eb t\u00eb zgjidhet nj\u00eb president konsensual duket se po detyron Nanon t\u00eb shoh si rrug\u00eb t\u00eb vetme ushtrimin e presionit p\u00ebr \u201c\u00e7arje\u201d t\u00eb PS-s\u00eb.<\/p>\n<p>N\u00eb nj\u00eb njoftim p\u00ebr shtyp, t\u00eb shp\u00ebrndar\u00eb nga Arian Galdini, thuhet Nano ka zhvilluar nj\u00eb takim me deputet\u00eb socialist\u00eb, ish-funksionar\u00eb t\u00eb s\u00eb majt\u00eb q\u00eb njihen si mb\u00ebshtet\u00ebs t\u00eb tij, duke paralajm\u00ebruar nj\u00eb fraksion t\u00eb ri q\u00eb mund t\u00eb lind\u00eb nga PS-ja si edhe me p\u00ebrfaq\u00ebsues t\u00eb shoq\u00ebris\u00eb civile. P\u00ebr l\u00ebvizje konkrete t\u00eb Nanos do t\u00eb pritet p\u00ebrfundimi i takimit Berisha-Rama.<\/p>\n<p>\u201cN\u00ebse Edi Rama nuk e mb\u00ebshtet Fatos Nanon n\u00eb kandidimin p\u00ebr President, at\u00ebher\u00eb n\u00eb k\u00ebto takime u p\u00ebrcaktua gatishm\u00ebria p\u00ebr fillimin e p\u00ebrgatitjeve p\u00ebr nj\u00eb l\u00ebvizje t\u00eb re politike p\u00ebrfaq\u00ebsuese dhe gjith\u00ebp\u00ebrfshir\u00ebse p\u00ebr t\u00eb gjith\u00eb ata q\u00eb duan t\u2019i dalin p\u00ebr zot fateve t\u00eb Shqip\u00ebris\u00eb dhe q\u00eb e duan Shqip\u00ebrin\u00eb Evropiane\u201d, thuhet n\u00eb komunikat\u00ebn p\u00ebr shtyp. \/F.S\/<\/p>\n","protected":false},"excerpt":{"rendered":"<p>Fatos Nano &#8211; Edi Rama\u00a0\u00a0 Ish-kryeministri dhe ish-kreu i Partis\u00eb Socialiste p\u00ebr 15 vjet, Fatos Nano, u ka k\u00ebrkuar deputet\u00ebve t\u00eb PS-s\u00eb q\u00eb ta mb\u00ebshtesin si kandidat p\u00ebr President. N\u00eb nj\u00eb komunikat\u00eb t\u00eb shp\u00ebrndar\u00eb nga zyra e tij p\u00ebr marr\u00ebdh\u00ebniet e medien, thuhet se \u201cduke shprehur e ritheksuar edhe nj\u00ebher\u00eb mir\u00ebbesimin e tij, u b\u00ebn [&hellip;]<\/p>\n","protected":false},"author":1,"featured_media":0,"comment_status":"open","ping_status":"closed","sticky":false,"template":"","format":"standard","meta":{"footnotes":""},"categories":[2],"tags":[],"class_list":{"0":"post-3159","1":"post","2":"type-post","3":"status-publish","4":"format-standard","6":"category-artikuj"},"yoast_head":"<!-- This site is optimized with the Yoast SEO plugin v27.4 - https:\/\/yoast.com\/product\/yoast-seo-wordpress\/ -->\n<title>Nano nga k\u00ebrc\u00ebnimi shkon n\u00eb lutje: M\u00eb jepni mund\u00ebsin\u00eb t\u00eb garoj p\u00ebr President - FjALA e LIR\u00cb - Arkivi<\/title>\n<meta name=\"robots\" content=\"index, follow, max-snippet:-1, max-image-preview:large, max-video-preview:-1\" \/>\n<link rel=\"canonical\" href=\"https:\/\/fjala.info\/2009-2015\/nano-nga-kercenimi-shkon-ne-lutje-me-jepni-mundesine-te-garoj-per-president\/\" \/>\n<meta property=\"og:locale\" content=\"sq_AL\" \/>\n<meta property=\"og:type\" content=\"article\" \/>\n<meta property=\"og:title\" content=\"Nano nga k\u00ebrc\u00ebnimi shkon n\u00eb lutje: M\u00eb jepni mund\u00ebsin\u00eb t\u00eb garoj p\u00ebr President - FjALA e LIR\u00cb - Arkivi\" \/>\n<meta property=\"og:description\" content=\"Fatos Nano &#8211; Edi Rama\u00a0\u00a0 Ish-kryeministri dhe ish-kreu i Partis\u00eb Socialiste p\u00ebr 15 vjet, Fatos Nano, u ka k\u00ebrkuar deputet\u00ebve t\u00eb PS-s\u00eb q\u00eb ta mb\u00ebshtesin si kandidat p\u00ebr President. N\u00eb nj\u00eb komunikat\u00eb t\u00eb shp\u00ebrndar\u00eb nga zyra e tij p\u00ebr marr\u00ebdh\u00ebniet e medien, thuhet se \u201cduke shprehur e ritheksuar edhe nj\u00ebher\u00eb mir\u00ebbesimin e tij, u b\u00ebn [&hellip;]\" \/>\n<meta property=\"og:url\" content=\"https:\/\/fjala.info\/2009-2015\/nano-nga-kercenimi-shkon-ne-lutje-me-jepni-mundesine-te-garoj-per-president\/\" \/>\n<meta property=\"og:site_name\" content=\"FjALA e LIR\u00cb - Arkivi\" \/>\n<meta property=\"article:published_time\" content=\"2012-06-07T21:10:00+00:00\" \/>\n<meta property=\"og:image\" content=\"http:\/\/www.fjala.info\/2012\/fatos_nano_edi_rama.jpg\" \/>\n<meta name=\"author\" content=\"admin\" \/>\n<meta name=\"twitter:card\" content=\"summary_large_image\" \/>\n<meta name=\"twitter:label1\" content=\"Written by\" \/>\n\t<meta name=\"twitter:data1\" content=\"admin\" \/>\n\t<meta name=\"twitter:label2\" content=\"Est. reading time\" \/>\n\t<meta name=\"twitter:data2\" content=\"3 minutes\" \/>\n<script type=\"application\/ld+json\" class=\"yoast-schema-graph\">{\"@context\":\"https:\\\/\\\/schema.org\",\"@graph\":[{\"@type\":\"Article\",\"@id\":\"https:\\\/\\\/fjala.info\\\/2009-2015\\\/nano-nga-kercenimi-shkon-ne-lutje-me-jepni-mundesine-te-garoj-per-president\\\/#article\",\"isPartOf\":{\"@id\":\"https:\\\/\\\/fjala.info\\\/2009-2015\\\/nano-nga-kercenimi-shkon-ne-lutje-me-jepni-mundesine-te-garoj-per-president\\\/\"},\"author\":{\"name\":\"admin\",\"@id\":\"https:\\\/\\\/fjala.info\\\/2009-2015\\\/#\\\/schema\\\/person\\\/3aa1163ef05469c496fc94e77611ada2\"},\"headline\":\"Nano nga k\u00ebrc\u00ebnimi shkon n\u00eb lutje: M\u00eb jepni mund\u00ebsin\u00eb t\u00eb garoj p\u00ebr President\",\"datePublished\":\"2012-06-07T21:10:00+00:00\",\"mainEntityOfPage\":{\"@id\":\"https:\\\/\\\/fjala.info\\\/2009-2015\\\/nano-nga-kercenimi-shkon-ne-lutje-me-jepni-mundesine-te-garoj-per-president\\\/\"},\"wordCount\":566,\"commentCount\":1,\"publisher\":{\"@id\":\"https:\\\/\\\/fjala.info\\\/2009-2015\\\/#organization\"},\"image\":{\"@id\":\"https:\\\/\\\/fjala.info\\\/2009-2015\\\/nano-nga-kercenimi-shkon-ne-lutje-me-jepni-mundesine-te-garoj-per-president\\\/#primaryimage\"},\"thumbnailUrl\":\"http:\\\/\\\/www.fjala.info\\\/2012\\\/fatos_nano_edi_rama.jpg\",\"articleSection\":[\"Artikuj\"],\"inLanguage\":\"sq-AL\",\"potentialAction\":[{\"@type\":\"CommentAction\",\"name\":\"Comment\",\"target\":[\"https:\\\/\\\/fjala.info\\\/2009-2015\\\/nano-nga-kercenimi-shkon-ne-lutje-me-jepni-mundesine-te-garoj-per-president\\\/#respond\"]}]},{\"@type\":\"WebPage\",\"@id\":\"https:\\\/\\\/fjala.info\\\/2009-2015\\\/nano-nga-kercenimi-shkon-ne-lutje-me-jepni-mundesine-te-garoj-per-president\\\/\",\"url\":\"https:\\\/\\\/fjala.info\\\/2009-2015\\\/nano-nga-kercenimi-shkon-ne-lutje-me-jepni-mundesine-te-garoj-per-president\\\/\",\"name\":\"Nano nga k\u00ebrc\u00ebnimi shkon n\u00eb lutje: M\u00eb jepni mund\u00ebsin\u00eb t\u00eb garoj p\u00ebr President - FjALA e LIR\u00cb - Arkivi\",\"isPartOf\":{\"@id\":\"https:\\\/\\\/fjala.info\\\/2009-2015\\\/#website\"},\"primaryImageOfPage\":{\"@id\":\"https:\\\/\\\/fjala.info\\\/2009-2015\\\/nano-nga-kercenimi-shkon-ne-lutje-me-jepni-mundesine-te-garoj-per-president\\\/#primaryimage\"},\"image\":{\"@id\":\"https:\\\/\\\/fjala.info\\\/2009-2015\\\/nano-nga-kercenimi-shkon-ne-lutje-me-jepni-mundesine-te-garoj-per-president\\\/#primaryimage\"},\"thumbnailUrl\":\"http:\\\/\\\/www.fjala.info\\\/2012\\\/fatos_nano_edi_rama.jpg\",\"datePublished\":\"2012-06-07T21:10:00+00:00\",\"breadcrumb\":{\"@id\":\"https:\\\/\\\/fjala.info\\\/2009-2015\\\/nano-nga-kercenimi-shkon-ne-lutje-me-jepni-mundesine-te-garoj-per-president\\\/#breadcrumb\"},\"inLanguage\":\"sq-AL\",\"potentialAction\":[{\"@type\":\"ReadAction\",\"target\":[\"https:\\\/\\\/fjala.info\\\/2009-2015\\\/nano-nga-kercenimi-shkon-ne-lutje-me-jepni-mundesine-te-garoj-per-president\\\/\"]}]},{\"@type\":\"ImageObject\",\"inLanguage\":\"sq-AL\",\"@id\":\"https:\\\/\\\/fjala.info\\\/2009-2015\\\/nano-nga-kercenimi-shkon-ne-lutje-me-jepni-mundesine-te-garoj-per-president\\\/#primaryimage\",\"url\":\"http:\\\/\\\/www.fjala.info\\\/2012\\\/fatos_nano_edi_rama.jpg\",\"contentUrl\":\"http:\\\/\\\/www.fjala.info\\\/2012\\\/fatos_nano_edi_rama.jpg\"},{\"@type\":\"BreadcrumbList\",\"@id\":\"https:\\\/\\\/fjala.info\\\/2009-2015\\\/nano-nga-kercenimi-shkon-ne-lutje-me-jepni-mundesine-te-garoj-per-president\\\/#breadcrumb\",\"itemListElement\":[{\"@type\":\"ListItem\",\"position\":1,\"name\":\"Home\",\"item\":\"https:\\\/\\\/fjala.info\\\/2009-2015\\\/\"},{\"@type\":\"ListItem\",\"position\":2,\"name\":\"Nano nga k\u00ebrc\u00ebnimi shkon n\u00eb lutje: M\u00eb jepni mund\u00ebsin\u00eb t\u00eb garoj p\u00ebr President\"}]},{\"@type\":\"WebSite\",\"@id\":\"https:\\\/\\\/fjala.info\\\/2009-2015\\\/#website\",\"url\":\"https:\\\/\\\/fjala.info\\\/2009-2015\\\/\",\"name\":\"FjALA e LIR\u00cb - Arkivi\",\"description\":\"Arkivi 2009-2015\",\"publisher\":{\"@id\":\"https:\\\/\\\/fjala.info\\\/2009-2015\\\/#organization\"},\"potentialAction\":[{\"@type\":\"SearchAction\",\"target\":{\"@type\":\"EntryPoint\",\"urlTemplate\":\"https:\\\/\\\/fjala.info\\\/2009-2015\\\/?s={search_term_string}\"},\"query-input\":{\"@type\":\"PropertyValueSpecification\",\"valueRequired\":true,\"valueName\":\"search_term_string\"}}],\"inLanguage\":\"sq-AL\"},{\"@type\":\"Organization\",\"@id\":\"https:\\\/\\\/fjala.info\\\/2009-2015\\\/#organization\",\"name\":\"FjALA e LIR\u00cb - Arkivi\",\"url\":\"https:\\\/\\\/fjala.info\\\/2009-2015\\\/\",\"logo\":{\"@type\":\"ImageObject\",\"inLanguage\":\"sq-AL\",\"@id\":\"https:\\\/\\\/fjala.info\\\/2009-2015\\\/#\\\/schema\\\/logo\\\/image\\\/\",\"url\":\"\",\"contentUrl\":\"\",\"caption\":\"FjALA e LIR\u00cb - Arkivi\"},\"image\":{\"@id\":\"https:\\\/\\\/fjala.info\\\/2009-2015\\\/#\\\/schema\\\/logo\\\/image\\\/\"}},{\"@type\":\"Person\",\"@id\":\"https:\\\/\\\/fjala.info\\\/2009-2015\\\/#\\\/schema\\\/person\\\/3aa1163ef05469c496fc94e77611ada2\",\"name\":\"admin\",\"image\":{\"@type\":\"ImageObject\",\"inLanguage\":\"sq-AL\",\"@id\":\"https:\\\/\\\/fjala.info\\\/2009-2015\\\/wp-content\\\/uploads\\\/2012\\\/02\\\/arben_cokaj-120x150.jpg\",\"url\":\"https:\\\/\\\/fjala.info\\\/2009-2015\\\/wp-content\\\/uploads\\\/2012\\\/02\\\/arben_cokaj-120x150.jpg\",\"contentUrl\":\"https:\\\/\\\/fjala.info\\\/2009-2015\\\/wp-content\\\/uploads\\\/2012\\\/02\\\/arben_cokaj-120x150.jpg\",\"caption\":\"admin\"},\"description\":\"Admin, Fjala e Lir\u00eb\",\"sameAs\":[\"https:\\\/\\\/fjala.info\\\/\"],\"url\":\"https:\\\/\\\/fjala.info\\\/2009-2015\\\/author\\\/admin\\\/\"}]}<\/script>\n<!-- \/ Yoast SEO plugin. -->","yoast_head_json":{"title":"Nano nga k\u00ebrc\u00ebnimi shkon n\u00eb lutje: M\u00eb jepni mund\u00ebsin\u00eb t\u00eb garoj p\u00ebr President - FjALA e LIR\u00cb - Arkivi","robots":{"index":"index","follow":"follow","max-snippet":"max-snippet:-1","max-image-preview":"max-image-preview:large","max-video-preview":"max-video-preview:-1"},"canonical":"https:\/\/fjala.info\/2009-2015\/nano-nga-kercenimi-shkon-ne-lutje-me-jepni-mundesine-te-garoj-per-president\/","og_locale":"sq_AL","og_type":"article","og_title":"Nano nga k\u00ebrc\u00ebnimi shkon n\u00eb lutje: M\u00eb jepni mund\u00ebsin\u00eb t\u00eb garoj p\u00ebr President - FjALA e LIR\u00cb - Arkivi","og_description":"Fatos Nano &#8211; Edi Rama\u00a0\u00a0 Ish-kryeministri dhe ish-kreu i Partis\u00eb Socialiste p\u00ebr 15 vjet, Fatos Nano, u ka k\u00ebrkuar deputet\u00ebve t\u00eb PS-s\u00eb q\u00eb ta mb\u00ebshtesin si kandidat p\u00ebr President. N\u00eb nj\u00eb komunikat\u00eb t\u00eb shp\u00ebrndar\u00eb nga zyra e tij p\u00ebr marr\u00ebdh\u00ebniet e medien, thuhet se \u201cduke shprehur e ritheksuar edhe nj\u00ebher\u00eb mir\u00ebbesimin e tij, u b\u00ebn [&hellip;]","og_url":"https:\/\/fjala.info\/2009-2015\/nano-nga-kercenimi-shkon-ne-lutje-me-jepni-mundesine-te-garoj-per-president\/","og_site_name":"FjALA e LIR\u00cb - Arkivi","article_published_time":"2012-06-07T21:10:00+00:00","og_image":[{"url":"http:\/\/www.fjala.info\/2012\/fatos_nano_edi_rama.jpg","type":"","width":"","height":""}],"author":"admin","twitter_card":"summary_large_image","twitter_misc":{"Written by":"admin","Est. reading time":"3 minutes"},"schema":{"@context":"https:\/\/schema.org","@graph":[{"@type":"Article","@id":"https:\/\/fjala.info\/2009-2015\/nano-nga-kercenimi-shkon-ne-lutje-me-jepni-mundesine-te-garoj-per-president\/#article","isPartOf":{"@id":"https:\/\/fjala.info\/2009-2015\/nano-nga-kercenimi-shkon-ne-lutje-me-jepni-mundesine-te-garoj-per-president\/"},"author":{"name":"admin","@id":"https:\/\/fjala.info\/2009-2015\/#\/schema\/person\/3aa1163ef05469c496fc94e77611ada2"},"headline":"Nano nga k\u00ebrc\u00ebnimi shkon n\u00eb lutje: M\u00eb jepni mund\u00ebsin\u00eb t\u00eb garoj p\u00ebr President","datePublished":"2012-06-07T21:10:00+00:00","mainEntityOfPage":{"@id":"https:\/\/fjala.info\/2009-2015\/nano-nga-kercenimi-shkon-ne-lutje-me-jepni-mundesine-te-garoj-per-president\/"},"wordCount":566,"commentCount":1,"publisher":{"@id":"https:\/\/fjala.info\/2009-2015\/#organization"},"image":{"@id":"https:\/\/fjala.info\/2009-2015\/nano-nga-kercenimi-shkon-ne-lutje-me-jepni-mundesine-te-garoj-per-president\/#primaryimage"},"thumbnailUrl":"http:\/\/www.fjala.info\/2012\/fatos_nano_edi_rama.jpg","articleSection":["Artikuj"],"inLanguage":"sq-AL","potentialAction":[{"@type":"CommentAction","name":"Comment","target":["https:\/\/fjala.info\/2009-2015\/nano-nga-kercenimi-shkon-ne-lutje-me-jepni-mundesine-te-garoj-per-president\/#respond"]}]},{"@type":"WebPage","@id":"https:\/\/fjala.info\/2009-2015\/nano-nga-kercenimi-shkon-ne-lutje-me-jepni-mundesine-te-garoj-per-president\/","url":"https:\/\/fjala.info\/2009-2015\/nano-nga-kercenimi-shkon-ne-lutje-me-jepni-mundesine-te-garoj-per-president\/","name":"Nano nga k\u00ebrc\u00ebnimi shkon n\u00eb lutje: M\u00eb jepni mund\u00ebsin\u00eb t\u00eb garoj p\u00ebr President - FjALA e LIR\u00cb - Arkivi","isPartOf":{"@id":"https:\/\/fjala.info\/2009-2015\/#website"},"primaryImageOfPage":{"@id":"https:\/\/fjala.info\/2009-2015\/nano-nga-kercenimi-shkon-ne-lutje-me-jepni-mundesine-te-garoj-per-president\/#primaryimage"},"image":{"@id":"https:\/\/fjala.info\/2009-2015\/nano-nga-kercenimi-shkon-ne-lutje-me-jepni-mundesine-te-garoj-per-president\/#primaryimage"},"thumbnailUrl":"http:\/\/www.fjala.info\/2012\/fatos_nano_edi_rama.jpg","datePublished":"2012-06-07T21:10:00+00:00","breadcrumb":{"@id":"https:\/\/fjala.info\/2009-2015\/nano-nga-kercenimi-shkon-ne-lutje-me-jepni-mundesine-te-garoj-per-president\/#breadcrumb"},"inLanguage":"sq-AL","potentialAction":[{"@type":"ReadAction","target":["https:\/\/fjala.info\/2009-2015\/nano-nga-kercenimi-shkon-ne-lutje-me-jepni-mundesine-te-garoj-per-president\/"]}]},{"@type":"ImageObject","inLanguage":"sq-AL","@id":"https:\/\/fjala.info\/2009-2015\/nano-nga-kercenimi-shkon-ne-lutje-me-jepni-mundesine-te-garoj-per-president\/#primaryimage","url":"http:\/\/www.fjala.info\/2012\/fatos_nano_edi_rama.jpg","contentUrl":"http:\/\/www.fjala.info\/2012\/fatos_nano_edi_rama.jpg"},{"@type":"BreadcrumbList","@id":"https:\/\/fjala.info\/2009-2015\/nano-nga-kercenimi-shkon-ne-lutje-me-jepni-mundesine-te-garoj-per-president\/#breadcrumb","itemListElement":[{"@type":"ListItem","position":1,"name":"Home","item":"https:\/\/fjala.info\/2009-2015\/"},{"@type":"ListItem","position":2,"name":"Nano nga k\u00ebrc\u00ebnimi shkon n\u00eb lutje: M\u00eb jepni mund\u00ebsin\u00eb t\u00eb garoj p\u00ebr President"}]},{"@type":"WebSite","@id":"https:\/\/fjala.info\/2009-2015\/#website","url":"https:\/\/fjala.info\/2009-2015\/","name":"FjALA e LIR\u00cb - Arkivi","description":"Arkivi 2009-2015","publisher":{"@id":"https:\/\/fjala.info\/2009-2015\/#organization"},"potentialAction":[{"@type":"SearchAction","target":{"@type":"EntryPoint","urlTemplate":"https:\/\/fjala.info\/2009-2015\/?s={search_term_string}"},"query-input":{"@type":"PropertyValueSpecification","valueRequired":true,"valueName":"search_term_string"}}],"inLanguage":"sq-AL"},{"@type":"Organization","@id":"https:\/\/fjala.info\/2009-2015\/#organization","name":"FjALA e LIR\u00cb - Arkivi","url":"https:\/\/fjala.info\/2009-2015\/","logo":{"@type":"ImageObject","inLanguage":"sq-AL","@id":"https:\/\/fjala.info\/2009-2015\/#\/schema\/logo\/image\/","url":"","contentUrl":"","caption":"FjALA e LIR\u00cb - Arkivi"},"image":{"@id":"https:\/\/fjala.info\/2009-2015\/#\/schema\/logo\/image\/"}},{"@type":"Person","@id":"https:\/\/fjala.info\/2009-2015\/#\/schema\/person\/3aa1163ef05469c496fc94e77611ada2","name":"admin","image":{"@type":"ImageObject","inLanguage":"sq-AL","@id":"https:\/\/fjala.info\/2009-2015\/wp-content\/uploads\/2012\/02\/arben_cokaj-120x150.jpg","url":"https:\/\/fjala.info\/2009-2015\/wp-content\/uploads\/2012\/02\/arben_cokaj-120x150.jpg","contentUrl":"https:\/\/fjala.info\/2009-2015\/wp-content\/uploads\/2012\/02\/arben_cokaj-120x150.jpg","caption":"admin"},"description":"Admin, Fjala e Lir\u00eb","sameAs":["https:\/\/fjala.info\/"],"url":"https:\/\/fjala.info\/2009-2015\/author\/admin\/"}]}},"_links":{"self":[{"href":"https:\/\/fjala.info\/2009-2015\/wp-json\/wp\/v2\/posts\/3159","targetHints":{"allow":["GET"]}}],"collection":[{"href":"https:\/\/fjala.info\/2009-2015\/wp-json\/wp\/v2\/posts"}],"about":[{"href":"https:\/\/fjala.info\/2009-2015\/wp-json\/wp\/v2\/types\/post"}],"author":[{"embeddable":true,"href":"https:\/\/fjala.info\/2009-2015\/wp-json\/wp\/v2\/users\/1"}],"replies":[{"embeddable":true,"href":"https:\/\/fjala.info\/2009-2015\/wp-json\/wp\/v2\/comments?post=3159"}],"version-history":[{"count":0,"href":"https:\/\/fjala.info\/2009-2015\/wp-json\/wp\/v2\/posts\/3159\/revisions"}],"wp:attachment":[{"href":"https:\/\/fjala.info\/2009-2015\/wp-json\/wp\/v2\/media?parent=3159"}],"wp:term":[{"taxonomy":"category","embeddable":true,"href":"https:\/\/fjala.info\/2009-2015\/wp-json\/wp\/v2\/categories?post=3159"},{"taxonomy":"post_tag","embeddable":true,"href":"https:\/\/fjala.info\/2009-2015\/wp-json\/wp\/v2\/tags?post=3159"}],"curies":[{"name":"wp","href":"https:\/\/api.w.org\/{rel}","templated":true}]}}