{"id":3158,"date":"2010-07-01T22:18:00","date_gmt":"2010-07-01T21:18:00","guid":{"rendered":"http:\/\/fjala.shkoder.net\/?p=3158"},"modified":"2010-07-01T22:18:00","modified_gmt":"2010-07-01T21:18:00","slug":"si-u-hapen-ambasadat","status":"publish","type":"post","link":"https:\/\/fjala.info\/2009-2015\/si-u-hapen-ambasadat\/","title":{"rendered":"&#8216;Si u hap\u00ebn ambasadat&#8230;&#8217;"},"content":{"rendered":"<p><img decoding=\"async\" style=\"margin-left: 10px; margin-right: 10px; border: 0px;\" src=\"http:\/\/www.shkoder.net\/images\/fjala\/2010\/amb_gjermane_90.jpg\" border=\"0\" alt=\"Hyrja n\u00eb ambasada - 2 korrik 1990\" width=\"300\" align=\"right\" \/><\/p>\n<p><strong>Ramiz Alia<\/strong>, <em>INTERVISTE &#8211; 01.07.2010<\/em><\/p>\n<p><strong>M\u00eb 2 korrik 1990 u hap\u00ebn nj\u00eb s\u00ebr\u00eb ambasadash t\u00eb huaja n\u00eb Tiran\u00eb e mij\u00ebra qytetar\u00eb v\u00ebrshuan n\u00eb to. Kjo ngjarje historike dha edhe sinjalin e r\u00ebnies s\u00eb regjimit komunist dhe t\u00eb ndryshimeve demokratike n\u00eb k\u00ebt\u00eb vend.<br \/>\nPor si e p\u00ebrjetoi ish-Presidenti i fundit komunist i Shqip\u00ebris\u00eb, Ramiz Alia k\u00ebt\u00eb ngjarje dhe si e vler\u00ebson ai tani rrug\u00ebn q\u00eb ndoqi kjo udh\u00ebheqje p\u00ebr gati 50 vjet? Ai flet per radion gjermane Deutche Welle, ne nje interviste dhene gazetares Mimoza Kelmendi<\/strong><\/p>\n<p><em>Zoti Alia, 20 vjet m\u00eb par\u00eb, n\u00eb Tiran\u00eb, mij\u00ebra qytetar\u00eb v\u00ebrshuan n\u00eb ambasada n\u00eb shenj\u00eb t\u00eb kund\u00ebrshtimit t\u00eb hapur ndaj diktatures komuniste. Si e p\u00ebrjetuat ju at\u00eb ngjarje historike?<\/em><\/p>\n<p>2 korriku, futja e 5 mij\u00eb vet\u00ebve n\u00eb ambasadat e huaja \u00ebsht\u00eb nj\u00eb ngjarje q\u00eb padyshim ka l\u00ebn\u00eb vrag\u00eb n\u00eb jet\u00ebn politike t\u00eb vendit. Ngjarja e 2 korrikut ishte nj\u00eb paralajm\u00ebrim, q\u00eb situata n\u00eb vendin ton\u00eb po acarohej. Natyrisht kjo qe nj\u00eb gj\u00eb e papritur p\u00ebr neve, ajo dyndje masive e njer\u00ebzve. Edhe shqet\u00ebsim ngjalli.<\/p>\n<p>Problemi ishte q\u00eb ajo duhej kap\u00ebrcyer me qet\u00ebsi. N\u00eb m\u00ebnyr\u00eb q\u00eb t\u00eb mos ndodhte asnj\u00eb konflikt me mas\u00ebn e njer\u00ebzve, q\u00eb t\u00eb \u00e7onte n\u00eb p\u00ebrdorimin e forc\u00ebs. Ky ishte dhe shqet\u00ebsimi kryesor ato dit\u00eb. Prandaj ne u mor\u00ebm vesh n\u00eb at\u00eb koh\u00eb me Sekretarin e P\u00ebrgjithsh\u00ebm t\u00eb Kombeve t\u00eb Bashkuara, Peres de Kuilar, i cili d\u00ebrgoi nj\u00eb person t\u00eb ngarkuar zyrtar t\u00eb tij, q\u00eb u mor vesh me ambasadat e huaja p\u00ebr t\u00eb hyr\u00eb ato n\u00eb marr\u00ebdh\u00ebnie me qeverin\u00eb.<\/p>\n<p>Pra me nd\u00ebrhyrjen e zotit de Kular u b\u00eb e mundur q\u00eb ambasadat e ndryshme t\u00eb na dor\u00ebzonin emrat e t\u00eb gjith\u00eb shqiptar\u00ebve, q\u00eb kishin hyr\u00eb n\u00ebp\u00ebr ambasadat e huaja dhe qeveria jon\u00eb p\u00ebrgatiti pasaporta p\u00ebr t\u00eb gjith\u00eb, t\u00eb gjith\u00eb u pajis\u00ebn me pasaporta shqiptare n\u00eb m\u00ebnyr\u00eb q\u00eb largimi i tyre, i cili u b\u00eb n\u00eb m\u00ebnyr\u00eb t\u00eb organizuar, t\u00eb ishte jo m\u00eb si refugjat\u00eb ilegal\u00eb, por si njer\u00ebz me pasaporta dhe ata shkuan n\u00eb vendet ku ata d\u00ebshironin. N\u00eb k\u00ebt\u00eb m\u00ebnyr\u00eb mori fund si t\u00eb thuash ajo etap\u00eb. Por kjo nuk do t\u00eb thot\u00eb q\u00eb situata n\u00eb Shqip\u00ebri nga ky moment ndryshoi n\u00eb kuptimin as pozitiv, as negativ.<\/p>\n<p><em>Zoti Alia, nd\u00ebrkoh\u00eb r\u00ebnia e Murit t\u00eb Berlinit, vet\u00ebm nj\u00eb vit para ngjarjes s\u00eb ambasadave ne Tirane, kishte ngjallur shpresa t\u00eb m\u00ebdha edhe n\u00eb Shqip\u00ebri. A e kuptuat ju se r\u00ebnia e atij Muri ishte nj\u00eb sinjal i qart\u00eb q\u00eb edhe socializmit shqiptar po i vinte fundi?<\/em><\/p>\n<p>K\u00ebt\u00eb ide q\u00eb t\u00eb hiqnim dor\u00eb nga socializmi, nuk e kishim. R\u00ebnia e Murit t\u00eb Berlinit, ose m\u00eb mir\u00eb p\u00ebrmbysja e sistemit komunist n\u00eb t\u00eb gjitha vendet e Europ\u00ebs Lindore dhe n\u00eb Bashkimin Sovjetik krijoi edhe tek ne nj\u00eb shqet\u00ebsim, flas p\u00ebr udh\u00ebheqjen ton\u00eb. Un\u00eb n\u00eb at\u00eb koh\u00eb padyshim mendova q\u00eb duheshin b\u00ebr\u00eb ndryshime n\u00eb vend. Dhe ne filluam t\u00eb marrim disa masa p\u00ebr nj\u00eb demokratizim t\u00eb m\u00ebtejsh\u00ebm t\u00eb jet\u00ebs s\u00eb vendit ton\u00eb.<\/p>\n<p>Pra duke hequr dor\u00eb nga disa dogma edhe nga fusha e ekonomike dhe nga ajo politike si dhe nga disa vendime, q\u00eb ishin marr\u00eb m\u00eb p\u00ebrpara. Por e theksoj q\u00eb t\u00eb gjitha ato masa, q\u00eb po mernim p\u00ebr demokratizimin e vendit nuk \u00e7onin n\u00eb likuidimin e shtetit, n\u00eb likuidimin e sistemit socialist. Midis masave t\u00eb ndryshme vendos\u00ebm q\u00eb n\u00eb shtyp t\u00eb linim mendimet e lira q\u00eb t\u00eb publikoheshin, te shfaqeshin mendime te ndryshme, ku pati n\u00eb at\u00eb koh\u00eb artikuj t\u00eb ndrysh\u00ebm q\u00eb dol\u00ebn dhe nuk u mor\u00ebm masa kund\u00ebr k\u00ebtyre njer\u00ebzve, p\u00ebrkundrazi pati diskutime mbi to.<\/p>\n<p>Natyrisht ishte nj\u00eb rrug\u00eb q\u00eb ne k\u00ebrkonim t\u00eb kap\u00ebrcehej kjo faz\u00eb, jo duke forcuar sistemin e diktatur\u00ebs s\u00eb proletariatit, por p\u00ebrkundrazi duke e dob\u00ebsuar at\u00eb, duke hequr dor\u00eb nga ajo, por pa rrezikuar, pa hequr dor\u00eb nga socializmi.<\/p>\n<p><em>Zoti Alia, komunizmi provoi t\u00eb ishte nj\u00eb ideologji dhe sistem q\u00eb d\u00ebshtoi. A mendoni se i hyt\u00eb nj\u00eb rruge t\u00eb gabuar?<\/em><\/p>\n<p>Un\u00eb mendoj q\u00eb nuk mund t\u00eb konsiderohet e gabuar; sepse ne i hym\u00eb nj\u00eb rruge: nd\u00ebrtimit t\u00eb socializmit n\u00eb vendin ton\u00eb.<\/p>\n<p><em>Ajo q\u00eb ju e quani nd\u00ebrtimi i socializmit rezultoi n\u00eb nj\u00eb politik\u00eb ekstreme e izolimit t\u00eb Shqip\u00ebris\u00eb nga gjith\u00eb bota. Pse ju trembnin kontaktet me bot\u00ebn?<\/em><\/p>\n<p>Pro izolimit ishte nj\u00eb zgjedhje e jona. Qysh n\u00eb 48 jugosllav\u00ebt k\u00ebrkuan t\u00eb v\u00ebn\u00eb shtypjen mbi ne. K\u00ebrkuan q\u00eb Shqip\u00ebrin\u00eb ta shnd\u00ebrronin n\u00eb republik\u00eb t\u00eb shtat\u00eb t\u00eb Jugosllavis\u00eb. Pra nuk iu mjaftonte Kosova, po donin edhe Shqip\u00ebrin\u00eb ta fusnin n\u00eb suaz\u00ebn e shtetit t\u00eb tyre, t\u00eb federat\u00ebs s\u00eb tyre jugosllave. N\u00eb vitet &#8217;60 filloi kontradita tjet\u00ebr me rus\u00ebt, e cila nuk ishte vet\u00ebm n\u00eb plan ideologjik, por ishte n\u00eb plan komb\u00ebtar. Ne mbronim lirin\u00eb dhe pavar\u00ebsin\u00eb e Shqip\u00ebris\u00eb, sepse Hrushovi u lidh me Titon dhe bashk\u00ebpunoi me Titon dhe i dha t\u00eb drejt\u00eb Titos n\u00eb synimet e tij ndaj Shqip\u00ebris\u00eb.<\/p>\n<p>Pra ne pam\u00eb nj\u00eb rrezik, q\u00eb po i k\u00ebrc\u00ebnohej vendit ton\u00eb. Tashm\u00eb jo vet\u00ebm nga Tito, por edhe nga rus\u00ebt. Dhe ky ishte edhe shkaku q\u00eb u prish\u00ebm me t\u00eb. M\u00eb von\u00eb ndodhi q\u00eb u prish\u00ebm edhe me Kin\u00ebn, e cila kjo prishje erdhi sipas mendimit tim p\u00ebr fajin ton\u00eb. Nga Kina nuk pat\u00ebm asnj\u00eb k\u00ebrc\u00ebnim, si\u00e7 kishim nga jugosllav\u00ebt apo rus\u00ebt. P\u00ebrkundrazi ne u treguam brutal\u00eb, sepse ne u zem\u00ebruam pse Kina po realizonte marr\u00ebdh\u00ebniet e saj me SHBA-n\u00eb.<\/p>\n<p><em>Por ju nuk e kishit kuptuar q\u00eb nga izolimi me bot\u00ebn po mjerohej populli, vendi?<\/em><\/p>\n<p>K\u00ebt\u00eb pyetje ma kan\u00eb b\u00ebr\u00eb edhe t\u00eb tjer\u00ebt lidhur me izolimin. E v\u00ebrtet\u00eb \u00ebsht\u00eb q\u00eb ne u izoluam, por edhe italian\u00ebt, fqinj\u00ebt tan\u00eb, \u00e7far\u00eb b\u00ebn\u00eb p\u00ebr ne shqiptar\u00ebt, iu drejtova disa politkan\u00ebve italian\u00eb gjat\u00eb nj\u00eb takimi. Ne nuk e ndihmonim dot Shqip\u00ebrin\u00eb, sepse e konsideronim Shqip\u00ebrin\u00eb zon\u00eb t\u00eb influenc\u00ebs sovjetike. Dhe nuk na e mbante. Izolimi nuk ishte faktor vet\u00ebm i joni. Ne kemi faj, por edhe t\u00eb tjer\u00ebt nuk b\u00ebn\u00eb asgj\u00eb p\u00ebr t\u00eb na dh\u00ebn\u00eb dor\u00ebn.<\/p>\n<p><em>As Gjermania? Si \u00ebsht\u00eb par\u00eb Gjermania federale gjat\u00eb koh\u00ebs s\u00eb diktatur\u00ebs? Ju jeni d\u00ebshmitar i p\u00ebrpjekjeve tu saj p\u00ebr t&#8217;u afruar me Shqip\u00ebrin\u00eb, kam parasysh k\u00ebtu ardhjen e Shtrausit dhe t\u00eb Gensherit?<\/em><\/p>\n<p>Ardhja e Shtrausit n\u00eb vitin 1984 sigurisht q\u00eb ishte nj\u00eb eviniment me r\u00ebnd\u00ebsi p\u00ebr ne. Me r\u00ebnd\u00ebsi n\u00eb dy aspekte, edhe n\u00eb aspektin politik, sepse t\u00eb vij\u00eb nga Gjermania nj\u00eb delegacion i atij niveli ishte nj\u00eb sinjal pozitiv p\u00ebr politik\u00ebn shqiptare, por ishte me r\u00ebnd\u00ebsi edhe nga pik\u00ebpamja ekonomike. Sepse edhe n\u00eb at\u00eb koh\u00eb mendonim q\u00eb me Gjermanin\u00eb mund t\u00eb kishin marr\u00ebdh\u00ebnie t\u00eb mira ekonomike. Gj\u00eb q\u00eb do ta leht\u00ebsonte zhvillimin e vendit ton\u00eb n\u00eb at\u00eb periudh\u00eb, q\u00eb ishte shum\u00eb e v\u00ebshtir\u00eb p\u00ebr ne. Vitet &#8217;80 kan\u00eb qene m\u00eb t\u00eb v\u00ebshtirat n\u00eb ekonomin\u00eb shqiptare.<\/p>\n<p>N\u00eb vitin &#8217;84 ishte dhe m\u00eb e keq. E prit\u00ebm mir\u00eb ardhjen e Shtrausit. K\u00ebtu duhet t\u00eb sqaroj nj\u00eb gj\u00eb. Shtrausi nga ana e tij mbajti q\u00ebndrim shum\u00eb korrekt, si nga ana politike ashtu edhe ekonomike me Shqip\u00ebrin\u00eb. Ne, natyrisht nisur edhe nga interesi jon\u00eb, i ngrit\u00ebm Shtrausit \u00e7\u00ebshtjen e reparacioneve t\u00eb luft\u00ebs, t\u00eb d\u00ebmshp\u00ebrblimeve. Ju e dini q\u00eb Shqip\u00ebria ka qen\u00eb totalisht e angazhuar n\u00eb luft\u00ebn kund\u00ebr fashizmit. Edhe un\u00eb q\u00eb po ju flas, q\u00eb 15-16 vje\u00e7 kam qen\u00eb n\u00eb LAN\u00c7, dhe n\u00eb at\u00eb koh\u00eb jan\u00eb vrar\u00eb njer\u00ebz dhe jan\u00eb shkat\u00ebrruar rrug\u00eb, ura fshatra dhe nuk kemi pasur asnj\u00eb reparacion nga ana e Gjermanis\u00eb.<\/p>\n<p>Lufta ka qen\u00eb kund\u00ebr fashizmit dhe ne k\u00ebrkuam d\u00ebmshp\u00ebrblime q\u00eb \u00ebsht\u00eb legjitime, por Gjermania edhe Shtrausi e kund\u00ebrshtoi, jo pse kund\u00ebrshtoi luft\u00ebn ton\u00eb, p\u00ebrkundrazi ai ishte shum\u00eb dakord me luft\u00ebn, por ai nisesh me faktin se me mbarimin e luft\u00ebs, zonat sovjetike duhet t&#8217;i plot\u00ebsonte Bashkimi Sovjetik. Ka qen\u00eb nj\u00eb marr\u00ebveshje mes tyre. Kjo b\u00ebri q\u00eb t\u00eb zgjasnin bisedimet me Shtrausin, sepse ne k\u00ebmb\u00ebngulnim me arsyetimet tona. M\u00eb n\u00eb fund Shtrausi i dha me duket 20 milion\u00eb marka falas qeveris\u00eb shqiptare dhe 20 milion\u00eb t\u00eb tjera si kredi n\u00eb fush\u00ebn e industris\u00eb, mjek\u00ebsis\u00eb.<\/p>\n<p><em>Zoti Alia, nga biseda me Shtrausin, a u fol edhe p\u00ebr vendosjen e marr\u00ebdh\u00ebnieve diplomatike mes dy vendeve? Cila pal\u00eb ishte iniciatore, Shqip\u00ebria apo Gjermania?<\/em><\/p>\n<p>N\u00eb at\u00eb koh\u00eb kur diskutuam ne e shtruam problemin e vendosjes s\u00eb marr\u00ebdh\u00ebnieve diplomatike, dhe ai ishte dakord me k\u00ebt\u00eb. Bisedimet me Shtrausin ndodh\u00ebn n\u00eb vitin 1984 dhe pasojat e saj kan\u00eb vazhduar m\u00eb tej. Ka pasur nj\u00eb grup p\u00ebrfaq\u00ebsuesish shqiptar\u00eb q\u00eb kan\u00eb shkuar n\u00eb Bon, n\u00eb Vjen\u00eb deri n\u00eb vitin 1987 kur u vendos\u00ebn marr\u00ebdh\u00ebniet diplomatike. N\u00eb k\u00ebt\u00eb vit erdhi n\u00eb vendin ton\u00eb Hans Ditrih Gensher, ish-ministri i jasht\u00ebm i Gjermanis\u00eb.<br \/>\nUn\u00eb e takova vet\u00eb personalisht. \u00c7\u00ebshtja kryesore e bisedimeve me t\u00eb ishte q\u00eb Shqip\u00ebria duhet t\u00eb futet n\u00eb organizmat nd\u00ebrkomb\u00ebtare. Ai k\u00ebshilloi q\u00eb ne t\u00eb futeshim ne KSBE, dhe un\u00eb menjeher\u00eb i thash\u00eb dakord. Fakt \u00ebsht\u00eb q\u00eb vitin tjet\u00ebr, kur u mblodh KSBE -ja, ne d\u00ebrguam ministrin e jasht\u00ebm Reis Malile dhe ne u pranuam si kandidat, sipas rregullit q\u00eb ishte, dhe pastaj jemi futur p\u00ebrfundimisht. Pra me Gensherin kemi b\u00ebr\u00eb hapin e par\u00eb p\u00ebr t\u00eb dal\u00eb nga izolimi. Ky \u00ebsht\u00eb nj\u00eb eveniment p\u00ebr ne, por edhe p\u00ebr mua personalisht n\u00eb takimin me Gensherin.<\/p>\n<p><em>Zoti Alia, pse e shnd\u00ebrruat socializmin, q\u00eb u p\u00ebrpoq\u00ebt t\u00eb nd\u00ebrtoni n\u00eb Shqip\u00ebri, n\u00eb nj\u00eb p\u00ebrndjekje t\u00eb eg\u00ebr me ekzekutime dhe me krijim t\u00eb armiqve imagjinar\u00eb, q\u00eb rezultoi deri n\u00eb vrasjen e shok\u00ebve tuaj t\u00eb luft\u00ebs?<\/em><\/p>\n<p>Ka shum\u00eb faktor\u00eb t\u00eb ndrysh\u00ebm. Un\u00eb mendoj se edhe faktori i jasht\u00ebm luan rol. Pasi n\u00eb fund t\u00eb fundit, n\u00eb vendin ton\u00eb hidheshin edhe diversant\u00eb. Ne jemi vend i vog\u00ebl, nj\u00eb band\u00eb diversant\u00ebsh q\u00eb vinte turbullonte fshatra t\u00eb t\u00ebr\u00eb. Por n\u00eb radh\u00eb t\u00eb par\u00eb, kjo e gjitha ka t\u00eb b\u00ebj\u00eb me ideologjin\u00eb, me konceptin ton\u00eb ideologjik. Luft\u00ebn e klasave ne e kishim, sepse derisa ne thonim q\u00eb jemi p\u00ebr rrug\u00ebn socialiste t\u00eb zhvillimit, p\u00ebrjashtonim borgjezin\u00eb, p\u00ebrjashtonim t\u00eb pasurit, agallar\u00ebt, pronar\u00ebt e m\u00ebdhenj, ndaj tyre b\u00ebhej luft\u00eb klase. Un\u00eb megjithat\u00eb nuk e justifikoj edhe pse b\u00ebhej nga rrethanat e vendit.<\/p>\n<p>\u00c7far\u00eb nuk justifikoj tjet\u00ebr? Ve\u00e7an\u00ebrisht teprimet q\u00eb kemi b\u00ebr\u00eb me k\u00ebt\u00eb luft\u00eb klasash, zgjatjen e saj. Sepse kjo mund t\u00eb ishte e till\u00eb n\u00eb fillimet tona, por m\u00eb pas mund t\u00eb mos ishte k\u00ebshtu, mund t\u00eb ishte ndryshe. Une nuk justifikoj luft\u00ebn e brendshme, q\u00eb kemi patur br\u00ebnda gjirit ton\u00eb. Mos harro disa grupe q\u00eb jan\u00eb d\u00ebnuar, pushkatuar apo internuar, p\u00ebr k\u00ebto mendoj se ishte e tep\u00ebrt. Nuk \u00ebsht\u00eb n\u00eb t\u00eb mir\u00eb edhe t\u00eb zhvillimit shoq\u00ebror. K\u00ebto kan\u00eb qen\u00eb dob\u00ebsi, gabime tona. Mohimi i institucioneve fetare, ishte e tepruar. Jan\u00eb b\u00ebr\u00eb gabime. Nj\u00eb nga masat pas &#8217;90 ishte rivendosja e institucioneve fetare. Kjo nuk ishte b\u00ebr\u00eb mir\u00eb dhe ne menj\u00ebher\u00eb i rikthyem hoxhallar\u00ebt, prift\u00ebrinjt\u00eb.<\/p>\n<p><em>A duhen hapur dosjet e komunizmit? A duhet zbardhur e kaluara komuniste dhe t\u00eb m\u00ebsohet e v\u00ebrteta?<\/em><\/p>\n<p>Un\u00eb p\u00ebr dosjet nuk mendoj kurr\u00eb se duhen mbajtur mbyllur. Dosjet duhen mbajtur hapur dhe q\u00eb e v\u00ebrteta t\u00eb dal\u00eb n\u00eb shesh, por jam i rezervuar n\u00eb qoft\u00eb se njer\u00ebzit nisen nga koncepti q\u00eb t\u00eb marrin hak. Kjo \u00ebsht\u00eb e gabuar, nuk na duhet gj\u00eb t\u00eb ringjallim hakmarrjen, grindjet, t\u00eb cilat nuk kan\u00eb m\u00eb vler\u00eb. Megjithat\u00eb un\u00eb jam plot\u00ebsisht dakord q\u00eb ato dosje t\u00eb hapen, t\u00eb njihet kush kan\u00eb qen\u00eb njer\u00ebzit q\u00eb kan\u00eb bashk\u00ebpunuar me organet e sigurimit.<\/p>\n<p><em>Ju zoti Alia, e keni nisur procesin e demokratizimit t\u00eb vendit me Sali Berish\u00ebn; at\u00ebher\u00eb nj\u00eb mjek, intelektual, sot Kryeminist\u00ebr, me Fatos Nanon, edhe ai ish-kryeminist\u00ebr, dikur nj\u00eb intelektual, kur ju ishit President. N\u00eb k\u00ebto 20 vite sa ka ndryshuar Shqip\u00ebria, kam parasysh k\u00ebtu kontributin e k\u00ebtyre dy lider\u00ebve, por edhe t\u00eb t\u00eb tjer\u00ebve si t\u00eb Ilir Met\u00ebs, Edi Ram\u00ebs, Pandeli Majkos etj.?<\/em><\/p>\n<p>P\u00ebr sa i p\u00ebrket k\u00ebtyre 20 vjet\u00ebve nuk ka dyshim q\u00eb situata ka ndryshuar. Ajo ka ndryshuar n\u00eb t\u00eb t\u00ebra aspektet, si politike, kulturore, ekonomike. Por un\u00eb mendoj se Shqip\u00ebria akoma vuan, vuan pik\u00ebrisht nga njollat e k\u00ebtyre 20 vjet\u00ebve, t\u00eb k\u00ebqiat e k\u00ebtyre 20 vjet\u00ebve. Lufta e klasave ekziston edhe sot. Grev\u00eb urie 200 vet\u00eb, mij\u00ebra t\u00eb tjer\u00eb n\u00ebp\u00ebr rrug\u00eb. Pra s&#8217;ka paqe, s&#8217;ka dialog.<\/p>\n<p>K\u00ebt\u00eb nuk e quaj normale n\u00eb nj\u00eb shoq\u00ebri demokratike 20 vje\u00e7are. N\u00eb k\u00ebto 20 vjet populli yn\u00eb ka pasur protesta, pak\u00ebnaq\u00ebsi dhe kjo sjellje, ky q\u00ebndrim, m\u00eb duket mjaft negativ p\u00ebr zhvillimin e vendit, imazhin dhe realitetin e Shqip\u00ebris\u00eb. Nga ana ekonomike Shqip\u00ebria ka r\u00ebn\u00eb shum\u00eb. Tek ne kriza do t\u00eb jet\u00eb m\u00eb keq. Nj\u00eb situat\u00eb tep\u00ebr e r\u00ebnd\u00eb, nuk e uroj nj\u00eb situat\u00eb t\u00eb till\u00eb.<\/p>\n","protected":false},"excerpt":{"rendered":"<p>Ramiz Alia, INTERVISTE &#8211; 01.07.2010 M\u00eb 2 korrik 1990 u hap\u00ebn nj\u00eb s\u00ebr\u00eb ambasadash t\u00eb huaja n\u00eb Tiran\u00eb e mij\u00ebra qytetar\u00eb v\u00ebrshuan n\u00eb to. Kjo ngjarje historike dha edhe sinjalin e r\u00ebnies s\u00eb regjimit komunist dhe t\u00eb ndryshimeve demokratike n\u00eb k\u00ebt\u00eb vend. Por si e p\u00ebrjetoi ish-Presidenti i fundit komunist i Shqip\u00ebris\u00eb, Ramiz Alia k\u00ebt\u00eb [&hellip;]<\/p>\n","protected":false},"author":1,"featured_media":0,"comment_status":"open","ping_status":"closed","sticky":false,"template":"","format":"standard","meta":{"footnotes":""},"categories":[4],"tags":[],"class_list":{"0":"post-3158","1":"post","2":"type-post","3":"status-publish","4":"format-standard","6":"category-intervista"},"yoast_head":"<!-- This site is optimized with the Yoast SEO plugin v27.4 - https:\/\/yoast.com\/product\/yoast-seo-wordpress\/ -->\n<title>&#039;Si u hap\u00ebn ambasadat...&#039; - FjALA e LIR\u00cb - Arkivi<\/title>\n<meta name=\"robots\" content=\"index, follow, max-snippet:-1, max-image-preview:large, max-video-preview:-1\" \/>\n<link rel=\"canonical\" href=\"https:\/\/fjala.info\/2009-2015\/si-u-hapen-ambasadat\/\" \/>\n<meta property=\"og:locale\" content=\"sq_AL\" \/>\n<meta property=\"og:type\" content=\"article\" \/>\n<meta property=\"og:title\" content=\"&#039;Si u hap\u00ebn ambasadat...&#039; - FjALA e LIR\u00cb - Arkivi\" \/>\n<meta property=\"og:description\" content=\"Ramiz Alia, INTERVISTE &#8211; 01.07.2010 M\u00eb 2 korrik 1990 u hap\u00ebn nj\u00eb s\u00ebr\u00eb ambasadash t\u00eb huaja n\u00eb Tiran\u00eb e mij\u00ebra qytetar\u00eb v\u00ebrshuan n\u00eb to. Kjo ngjarje historike dha edhe sinjalin e r\u00ebnies s\u00eb regjimit komunist dhe t\u00eb ndryshimeve demokratike n\u00eb k\u00ebt\u00eb vend. Por si e p\u00ebrjetoi ish-Presidenti i fundit komunist i Shqip\u00ebris\u00eb, Ramiz Alia k\u00ebt\u00eb [&hellip;]\" \/>\n<meta property=\"og:url\" content=\"https:\/\/fjala.info\/2009-2015\/si-u-hapen-ambasadat\/\" \/>\n<meta property=\"og:site_name\" content=\"FjALA e LIR\u00cb - Arkivi\" \/>\n<meta property=\"article:published_time\" content=\"2010-07-01T21:18:00+00:00\" \/>\n<meta property=\"og:image\" content=\"http:\/\/www.shkoder.net\/images\/fjala\/2010\/amb_gjermane_90.jpg\" \/>\n<meta name=\"author\" content=\"admin\" \/>\n<meta name=\"twitter:card\" content=\"summary_large_image\" \/>\n<meta name=\"twitter:label1\" content=\"Written by\" \/>\n\t<meta name=\"twitter:data1\" content=\"admin\" \/>\n\t<meta name=\"twitter:label2\" content=\"Est. reading time\" \/>\n\t<meta name=\"twitter:data2\" content=\"12 minutes\" \/>\n<script type=\"application\/ld+json\" class=\"yoast-schema-graph\">{\"@context\":\"https:\\\/\\\/schema.org\",\"@graph\":[{\"@type\":\"Article\",\"@id\":\"https:\\\/\\\/fjala.info\\\/2009-2015\\\/si-u-hapen-ambasadat\\\/#article\",\"isPartOf\":{\"@id\":\"https:\\\/\\\/fjala.info\\\/2009-2015\\\/si-u-hapen-ambasadat\\\/\"},\"author\":{\"name\":\"admin\",\"@id\":\"https:\\\/\\\/fjala.info\\\/2009-2015\\\/#\\\/schema\\\/person\\\/3aa1163ef05469c496fc94e77611ada2\"},\"headline\":\"&#8216;Si u hap\u00ebn ambasadat&#8230;&#8217;\",\"datePublished\":\"2010-07-01T21:18:00+00:00\",\"mainEntityOfPage\":{\"@id\":\"https:\\\/\\\/fjala.info\\\/2009-2015\\\/si-u-hapen-ambasadat\\\/\"},\"wordCount\":2308,\"commentCount\":0,\"publisher\":{\"@id\":\"https:\\\/\\\/fjala.info\\\/2009-2015\\\/#organization\"},\"image\":{\"@id\":\"https:\\\/\\\/fjala.info\\\/2009-2015\\\/si-u-hapen-ambasadat\\\/#primaryimage\"},\"thumbnailUrl\":\"http:\\\/\\\/www.shkoder.net\\\/images\\\/fjala\\\/2010\\\/amb_gjermane_90.jpg\",\"articleSection\":[\"Intervista\"],\"inLanguage\":\"sq-AL\",\"potentialAction\":[{\"@type\":\"CommentAction\",\"name\":\"Comment\",\"target\":[\"https:\\\/\\\/fjala.info\\\/2009-2015\\\/si-u-hapen-ambasadat\\\/#respond\"]}]},{\"@type\":\"WebPage\",\"@id\":\"https:\\\/\\\/fjala.info\\\/2009-2015\\\/si-u-hapen-ambasadat\\\/\",\"url\":\"https:\\\/\\\/fjala.info\\\/2009-2015\\\/si-u-hapen-ambasadat\\\/\",\"name\":\"'Si u hap\u00ebn ambasadat...' - FjALA e LIR\u00cb - Arkivi\",\"isPartOf\":{\"@id\":\"https:\\\/\\\/fjala.info\\\/2009-2015\\\/#website\"},\"primaryImageOfPage\":{\"@id\":\"https:\\\/\\\/fjala.info\\\/2009-2015\\\/si-u-hapen-ambasadat\\\/#primaryimage\"},\"image\":{\"@id\":\"https:\\\/\\\/fjala.info\\\/2009-2015\\\/si-u-hapen-ambasadat\\\/#primaryimage\"},\"thumbnailUrl\":\"http:\\\/\\\/www.shkoder.net\\\/images\\\/fjala\\\/2010\\\/amb_gjermane_90.jpg\",\"datePublished\":\"2010-07-01T21:18:00+00:00\",\"breadcrumb\":{\"@id\":\"https:\\\/\\\/fjala.info\\\/2009-2015\\\/si-u-hapen-ambasadat\\\/#breadcrumb\"},\"inLanguage\":\"sq-AL\",\"potentialAction\":[{\"@type\":\"ReadAction\",\"target\":[\"https:\\\/\\\/fjala.info\\\/2009-2015\\\/si-u-hapen-ambasadat\\\/\"]}]},{\"@type\":\"ImageObject\",\"inLanguage\":\"sq-AL\",\"@id\":\"https:\\\/\\\/fjala.info\\\/2009-2015\\\/si-u-hapen-ambasadat\\\/#primaryimage\",\"url\":\"http:\\\/\\\/www.shkoder.net\\\/images\\\/fjala\\\/2010\\\/amb_gjermane_90.jpg\",\"contentUrl\":\"http:\\\/\\\/www.shkoder.net\\\/images\\\/fjala\\\/2010\\\/amb_gjermane_90.jpg\"},{\"@type\":\"BreadcrumbList\",\"@id\":\"https:\\\/\\\/fjala.info\\\/2009-2015\\\/si-u-hapen-ambasadat\\\/#breadcrumb\",\"itemListElement\":[{\"@type\":\"ListItem\",\"position\":1,\"name\":\"Home\",\"item\":\"https:\\\/\\\/fjala.info\\\/2009-2015\\\/\"},{\"@type\":\"ListItem\",\"position\":2,\"name\":\"&#8216;Si u hap\u00ebn ambasadat&#8230;&#8217;\"}]},{\"@type\":\"WebSite\",\"@id\":\"https:\\\/\\\/fjala.info\\\/2009-2015\\\/#website\",\"url\":\"https:\\\/\\\/fjala.info\\\/2009-2015\\\/\",\"name\":\"FjALA e LIR\u00cb - Arkivi\",\"description\":\"Arkivi 2009-2015\",\"publisher\":{\"@id\":\"https:\\\/\\\/fjala.info\\\/2009-2015\\\/#organization\"},\"potentialAction\":[{\"@type\":\"SearchAction\",\"target\":{\"@type\":\"EntryPoint\",\"urlTemplate\":\"https:\\\/\\\/fjala.info\\\/2009-2015\\\/?s={search_term_string}\"},\"query-input\":{\"@type\":\"PropertyValueSpecification\",\"valueRequired\":true,\"valueName\":\"search_term_string\"}}],\"inLanguage\":\"sq-AL\"},{\"@type\":\"Organization\",\"@id\":\"https:\\\/\\\/fjala.info\\\/2009-2015\\\/#organization\",\"name\":\"FjALA e LIR\u00cb - Arkivi\",\"url\":\"https:\\\/\\\/fjala.info\\\/2009-2015\\\/\",\"logo\":{\"@type\":\"ImageObject\",\"inLanguage\":\"sq-AL\",\"@id\":\"https:\\\/\\\/fjala.info\\\/2009-2015\\\/#\\\/schema\\\/logo\\\/image\\\/\",\"url\":\"\",\"contentUrl\":\"\",\"caption\":\"FjALA e LIR\u00cb - Arkivi\"},\"image\":{\"@id\":\"https:\\\/\\\/fjala.info\\\/2009-2015\\\/#\\\/schema\\\/logo\\\/image\\\/\"}},{\"@type\":\"Person\",\"@id\":\"https:\\\/\\\/fjala.info\\\/2009-2015\\\/#\\\/schema\\\/person\\\/3aa1163ef05469c496fc94e77611ada2\",\"name\":\"admin\",\"image\":{\"@type\":\"ImageObject\",\"inLanguage\":\"sq-AL\",\"@id\":\"https:\\\/\\\/fjala.info\\\/2009-2015\\\/wp-content\\\/uploads\\\/2012\\\/02\\\/arben_cokaj-120x150.jpg\",\"url\":\"https:\\\/\\\/fjala.info\\\/2009-2015\\\/wp-content\\\/uploads\\\/2012\\\/02\\\/arben_cokaj-120x150.jpg\",\"contentUrl\":\"https:\\\/\\\/fjala.info\\\/2009-2015\\\/wp-content\\\/uploads\\\/2012\\\/02\\\/arben_cokaj-120x150.jpg\",\"caption\":\"admin\"},\"description\":\"Admin, Fjala e Lir\u00eb\",\"sameAs\":[\"https:\\\/\\\/fjala.info\\\/\"],\"url\":\"https:\\\/\\\/fjala.info\\\/2009-2015\\\/author\\\/admin\\\/\"}]}<\/script>\n<!-- \/ Yoast SEO plugin. -->","yoast_head_json":{"title":"'Si u hap\u00ebn ambasadat...' - FjALA e LIR\u00cb - Arkivi","robots":{"index":"index","follow":"follow","max-snippet":"max-snippet:-1","max-image-preview":"max-image-preview:large","max-video-preview":"max-video-preview:-1"},"canonical":"https:\/\/fjala.info\/2009-2015\/si-u-hapen-ambasadat\/","og_locale":"sq_AL","og_type":"article","og_title":"'Si u hap\u00ebn ambasadat...' - FjALA e LIR\u00cb - Arkivi","og_description":"Ramiz Alia, INTERVISTE &#8211; 01.07.2010 M\u00eb 2 korrik 1990 u hap\u00ebn nj\u00eb s\u00ebr\u00eb ambasadash t\u00eb huaja n\u00eb Tiran\u00eb e mij\u00ebra qytetar\u00eb v\u00ebrshuan n\u00eb to. Kjo ngjarje historike dha edhe sinjalin e r\u00ebnies s\u00eb regjimit komunist dhe t\u00eb ndryshimeve demokratike n\u00eb k\u00ebt\u00eb vend. Por si e p\u00ebrjetoi ish-Presidenti i fundit komunist i Shqip\u00ebris\u00eb, Ramiz Alia k\u00ebt\u00eb [&hellip;]","og_url":"https:\/\/fjala.info\/2009-2015\/si-u-hapen-ambasadat\/","og_site_name":"FjALA e LIR\u00cb - Arkivi","article_published_time":"2010-07-01T21:18:00+00:00","og_image":[{"url":"http:\/\/www.shkoder.net\/images\/fjala\/2010\/amb_gjermane_90.jpg","type":"","width":"","height":""}],"author":"admin","twitter_card":"summary_large_image","twitter_misc":{"Written by":"admin","Est. reading time":"12 minutes"},"schema":{"@context":"https:\/\/schema.org","@graph":[{"@type":"Article","@id":"https:\/\/fjala.info\/2009-2015\/si-u-hapen-ambasadat\/#article","isPartOf":{"@id":"https:\/\/fjala.info\/2009-2015\/si-u-hapen-ambasadat\/"},"author":{"name":"admin","@id":"https:\/\/fjala.info\/2009-2015\/#\/schema\/person\/3aa1163ef05469c496fc94e77611ada2"},"headline":"&#8216;Si u hap\u00ebn ambasadat&#8230;&#8217;","datePublished":"2010-07-01T21:18:00+00:00","mainEntityOfPage":{"@id":"https:\/\/fjala.info\/2009-2015\/si-u-hapen-ambasadat\/"},"wordCount":2308,"commentCount":0,"publisher":{"@id":"https:\/\/fjala.info\/2009-2015\/#organization"},"image":{"@id":"https:\/\/fjala.info\/2009-2015\/si-u-hapen-ambasadat\/#primaryimage"},"thumbnailUrl":"http:\/\/www.shkoder.net\/images\/fjala\/2010\/amb_gjermane_90.jpg","articleSection":["Intervista"],"inLanguage":"sq-AL","potentialAction":[{"@type":"CommentAction","name":"Comment","target":["https:\/\/fjala.info\/2009-2015\/si-u-hapen-ambasadat\/#respond"]}]},{"@type":"WebPage","@id":"https:\/\/fjala.info\/2009-2015\/si-u-hapen-ambasadat\/","url":"https:\/\/fjala.info\/2009-2015\/si-u-hapen-ambasadat\/","name":"'Si u hap\u00ebn ambasadat...' - FjALA e LIR\u00cb - Arkivi","isPartOf":{"@id":"https:\/\/fjala.info\/2009-2015\/#website"},"primaryImageOfPage":{"@id":"https:\/\/fjala.info\/2009-2015\/si-u-hapen-ambasadat\/#primaryimage"},"image":{"@id":"https:\/\/fjala.info\/2009-2015\/si-u-hapen-ambasadat\/#primaryimage"},"thumbnailUrl":"http:\/\/www.shkoder.net\/images\/fjala\/2010\/amb_gjermane_90.jpg","datePublished":"2010-07-01T21:18:00+00:00","breadcrumb":{"@id":"https:\/\/fjala.info\/2009-2015\/si-u-hapen-ambasadat\/#breadcrumb"},"inLanguage":"sq-AL","potentialAction":[{"@type":"ReadAction","target":["https:\/\/fjala.info\/2009-2015\/si-u-hapen-ambasadat\/"]}]},{"@type":"ImageObject","inLanguage":"sq-AL","@id":"https:\/\/fjala.info\/2009-2015\/si-u-hapen-ambasadat\/#primaryimage","url":"http:\/\/www.shkoder.net\/images\/fjala\/2010\/amb_gjermane_90.jpg","contentUrl":"http:\/\/www.shkoder.net\/images\/fjala\/2010\/amb_gjermane_90.jpg"},{"@type":"BreadcrumbList","@id":"https:\/\/fjala.info\/2009-2015\/si-u-hapen-ambasadat\/#breadcrumb","itemListElement":[{"@type":"ListItem","position":1,"name":"Home","item":"https:\/\/fjala.info\/2009-2015\/"},{"@type":"ListItem","position":2,"name":"&#8216;Si u hap\u00ebn ambasadat&#8230;&#8217;"}]},{"@type":"WebSite","@id":"https:\/\/fjala.info\/2009-2015\/#website","url":"https:\/\/fjala.info\/2009-2015\/","name":"FjALA e LIR\u00cb - Arkivi","description":"Arkivi 2009-2015","publisher":{"@id":"https:\/\/fjala.info\/2009-2015\/#organization"},"potentialAction":[{"@type":"SearchAction","target":{"@type":"EntryPoint","urlTemplate":"https:\/\/fjala.info\/2009-2015\/?s={search_term_string}"},"query-input":{"@type":"PropertyValueSpecification","valueRequired":true,"valueName":"search_term_string"}}],"inLanguage":"sq-AL"},{"@type":"Organization","@id":"https:\/\/fjala.info\/2009-2015\/#organization","name":"FjALA e LIR\u00cb - Arkivi","url":"https:\/\/fjala.info\/2009-2015\/","logo":{"@type":"ImageObject","inLanguage":"sq-AL","@id":"https:\/\/fjala.info\/2009-2015\/#\/schema\/logo\/image\/","url":"","contentUrl":"","caption":"FjALA e LIR\u00cb - Arkivi"},"image":{"@id":"https:\/\/fjala.info\/2009-2015\/#\/schema\/logo\/image\/"}},{"@type":"Person","@id":"https:\/\/fjala.info\/2009-2015\/#\/schema\/person\/3aa1163ef05469c496fc94e77611ada2","name":"admin","image":{"@type":"ImageObject","inLanguage":"sq-AL","@id":"https:\/\/fjala.info\/2009-2015\/wp-content\/uploads\/2012\/02\/arben_cokaj-120x150.jpg","url":"https:\/\/fjala.info\/2009-2015\/wp-content\/uploads\/2012\/02\/arben_cokaj-120x150.jpg","contentUrl":"https:\/\/fjala.info\/2009-2015\/wp-content\/uploads\/2012\/02\/arben_cokaj-120x150.jpg","caption":"admin"},"description":"Admin, Fjala e Lir\u00eb","sameAs":["https:\/\/fjala.info\/"],"url":"https:\/\/fjala.info\/2009-2015\/author\/admin\/"}]}},"_links":{"self":[{"href":"https:\/\/fjala.info\/2009-2015\/wp-json\/wp\/v2\/posts\/3158","targetHints":{"allow":["GET"]}}],"collection":[{"href":"https:\/\/fjala.info\/2009-2015\/wp-json\/wp\/v2\/posts"}],"about":[{"href":"https:\/\/fjala.info\/2009-2015\/wp-json\/wp\/v2\/types\/post"}],"author":[{"embeddable":true,"href":"https:\/\/fjala.info\/2009-2015\/wp-json\/wp\/v2\/users\/1"}],"replies":[{"embeddable":true,"href":"https:\/\/fjala.info\/2009-2015\/wp-json\/wp\/v2\/comments?post=3158"}],"version-history":[{"count":0,"href":"https:\/\/fjala.info\/2009-2015\/wp-json\/wp\/v2\/posts\/3158\/revisions"}],"wp:attachment":[{"href":"https:\/\/fjala.info\/2009-2015\/wp-json\/wp\/v2\/media?parent=3158"}],"wp:term":[{"taxonomy":"category","embeddable":true,"href":"https:\/\/fjala.info\/2009-2015\/wp-json\/wp\/v2\/categories?post=3158"},{"taxonomy":"post_tag","embeddable":true,"href":"https:\/\/fjala.info\/2009-2015\/wp-json\/wp\/v2\/tags?post=3158"}],"curies":[{"name":"wp","href":"https:\/\/api.w.org\/{rel}","templated":true}]}}