{"id":3157,"date":"2012-06-07T22:06:00","date_gmt":"2012-06-07T21:06:00","guid":{"rendered":"http:\/\/www.fjala.info\/?p=3157"},"modified":"2012-06-07T22:06:00","modified_gmt":"2012-06-07T21:06:00","slug":"myslym-pashaj-reagon-ndaj-hipokrizise-se-berishes-dhe-topallit-per-kushtetuesen","status":"publish","type":"post","link":"https:\/\/fjala.info\/2009-2015\/myslym-pashaj-reagon-ndaj-hipokrizise-se-berishes-dhe-topallit-per-kushtetuesen\/","title":{"rendered":"Myslym Pashaj reagon ndaj hipokrizis\u00eb s\u00eb Berish\u00ebs dhe Topallit p\u00ebr Kushtetuesen"},"content":{"rendered":"<p><img decoding=\"async\" class=\"alignright size-thumbnail wp-image-7236\" title=\"Myslym Pashaj\" src=\"http:\/\/www.fjala.info\/2012\/myslym_pashaj.jpg\" alt=\"\" width=\"200\" \/> <strong>TemA Online<\/strong>, <em>7 Qershor 2012<\/em><\/p>\n<p>Sekretari i P\u00ebrgjithsh\u00ebm i Aleanc\u00ebs Kuqezi, Myslym Pashaj, ka b\u00ebr\u00eb nj\u00eb reagim t\u00eb ashp\u00ebr ndaj kryeministrit Sali Berisha dhe kryeparlamentares Jozefina Topalli lidhur me hipokrizin\u00eb e tyre dhe q\u00ebndrimin me dy standarde ndaj vendimit t\u00eb Gjykat\u00ebs Kushtetuese p\u00ebr anulimin e marr\u00ebveshjes s\u00eb ndarjes s\u00eb kufijve detar\u00eb me Greqin\u00eb. Ish koloneli, q\u00eb u b\u00eb i njohur p\u00ebr betej\u00ebn personale kund\u00ebr qeveris\u00eb, rikujton n\u00eb reagimin e tij gjestet antikomb\u00ebtare t\u00eb Berish\u00ebs n\u00eb at\u00eb koh\u00eb. Pashaj thot\u00eb:<\/p>\n<p>\u201cMe z\u00eb t\u00eb lart\u00eb dhe poza groteske dy shtetar\u00eb t\u00eb ep\u00ebrm, Berisha dhe Topalli, iu p\u00ebrkushtuan me fjal\u00eb lavd\u00ebrimtare Gjykat\u00ebs Kushtetuese t\u00eb Shqip\u00ebris\u00eb me rastin e festimit t\u00eb nj\u00eb p\u00ebrvjetori. \u00cbsht\u00eb pjes\u00eb e mashtrimit dhe dyfytyr\u00ebsis\u00eb s\u00eb njohur t\u00eb k\u00ebtyre epror\u00ebve me ngjyrime t\u00eb theksuara autokratike q\u00eb s\u2019e kan\u00eb dashur kurr\u00eb q\u00eb Kushtetuesja t\u2019iu nd\u00ebrroj\u00eb kahje veprave t\u00eb tyre t\u00eb mbrapshta. Por iu duhet tash q\u00eb t\u00eb thon\u00eb di\u00e7ka se gjasme se Kushtuesja ka mbajtur drejt\u00ebsin\u00eb q\u00eb dihet se \u201c\u00ebsht\u00eb e kapur si askund n\u00eb bot\u00eb\u201d.<\/p>\n<p>Nuk mund t\u00eb harrohet kurr\u00eb, ajo q\u00eb ndodhi n\u00eb Gjykat\u00ebn Kushtetuese kur hodhi posht\u00eb marr\u00ebveshjen fam\u00ebkeqe t\u00eb ndarjes s\u00eb hap\u00ebsirave detare n\u00eb Jon midis Greqis\u00eb e Shqip\u00ebris\u00eb. Autor\u00ebt e inspirues dhe veprues dhan\u00eb k\u00ebto intervista pas vendimit:<\/p>\n<p>Berisha: \u201cAh po! Gjykata e hodhi posht\u00eb. Kjo \u00ebsht\u00eb pun\u00eb e saj\u2026 \u00eb\u00eb\u00eb\u201d.<\/p>\n<p>Fevziu \u201c9: 0 (n\u00ebnt\u00eb me zero)!\u201d<\/p>\n<p>Berisha \u201c\u00cb\u00eb\u00eb\u2026 mir\u00eb, po qeveria ime nuk ka humbur\u2026\u201d<\/p>\n<p>Pas k\u00ebsaj kuptohet se Berisha, ky cenues dhe prer\u00ebs i integritetit territorial t\u00eb Shqip\u00ebris\u00eb, n\u00eb at\u00eb \u00e7ast hodhi me t\u00eb shpejt\u00eb pelerin\u00ebn e mashtrimit duke u kredhur shpejt e shpejt n\u00eb skrofull\u00ebn e dhelpr\u00ebs dinake. Pas k\u00ebtyre fjal\u00ebve si mund ta donte ai Gjykat\u00ebn Kushtetuese?<\/p>\n<p>Skena teatrale absurd e Znj. Topalli.<\/p>\n<p>Gazetari: \u201cPo kjo marr\u00ebveshja detare, si \u00ebsht\u00eb puna!?\u201d<\/p>\n<p>Topalli : (l\u00ebviz dor\u00ebn e majt\u00eb duke sh\u00ebnjuar sikur t\u00eb hidhte nj\u00eb lopat\u00eb dheu\u2026) \u00cbh\u00eb\u2026 ai\u2026 ik andej\u2026. Ajo Gjykat\u00eb \u2026( gjestet ishin fyese\u2026)<\/p>\n<p>M\u00eb tej asnj\u00eb fjal\u00eb tjet\u00ebr. A \u00ebsht\u00eb vall\u00eb vler\u00ebsim i pun\u00ebs s\u00eb lart\u00eb t\u00eb Gjykat\u00ebs nga kryeparlamentarja?<\/p>\n<p>Ja dhe Ministri i Jasht\u00ebm i koh\u00ebs, Ilir Meta.<\/p>\n<p>Gazetari: \u201cGjykata e hodhi posht\u00eb marr\u00ebveshjen\u2026\u201d<\/p>\n<p>Meta: \u201cGjykata ka mendimin e saj dhe ne kemi ton\u00ebn. Kjo nuk do t\u00eb thot\u00eb se ne kemi gabuar!\u201d<\/p>\n<p>K\u00ebta shtetar\u00eb, fytyra t\u00eb tradhtis\u00eb s\u00eb pand\u00ebshkuar q\u00eb Gjykata i kapi me \u201cdet nd\u00ebr duar\u201d si kan\u00eb sy e faqe t\u00eb thon\u00eb vler\u00ebsime kur jan\u00eb kaq t\u00eb p\u00ebrlyer n\u00eb vepr\u00ebn e tyre antikomb\u00ebtare.\u201d<\/p>\n","protected":false},"excerpt":{"rendered":"<p>TemA Online, 7 Qershor 2012 Sekretari i P\u00ebrgjithsh\u00ebm i Aleanc\u00ebs Kuqezi, Myslym Pashaj, ka b\u00ebr\u00eb nj\u00eb reagim t\u00eb ashp\u00ebr ndaj kryeministrit Sali Berisha dhe kryeparlamentares Jozefina Topalli lidhur me hipokrizin\u00eb e tyre dhe q\u00ebndrimin me dy standarde ndaj vendimit t\u00eb Gjykat\u00ebs Kushtetuese p\u00ebr anulimin e marr\u00ebveshjes s\u00eb ndarjes s\u00eb kufijve detar\u00eb me Greqin\u00eb. Ish koloneli, [&hellip;]<\/p>\n","protected":false},"author":1,"featured_media":0,"comment_status":"open","ping_status":"closed","sticky":false,"template":"","format":"standard","meta":{"footnotes":""},"categories":[2],"tags":[],"class_list":{"0":"post-3157","1":"post","2":"type-post","3":"status-publish","4":"format-standard","6":"category-artikuj"},"yoast_head":"<!-- This site is optimized with the Yoast SEO plugin v27.4 - https:\/\/yoast.com\/product\/yoast-seo-wordpress\/ -->\n<title>Myslym Pashaj reagon ndaj hipokrizis\u00eb s\u00eb Berish\u00ebs dhe Topallit p\u00ebr Kushtetuesen - FjALA e LIR\u00cb - Arkivi<\/title>\n<meta name=\"robots\" content=\"index, follow, max-snippet:-1, max-image-preview:large, max-video-preview:-1\" \/>\n<link rel=\"canonical\" href=\"https:\/\/fjala.info\/2009-2015\/myslym-pashaj-reagon-ndaj-hipokrizise-se-berishes-dhe-topallit-per-kushtetuesen\/\" \/>\n<meta property=\"og:locale\" content=\"sq_AL\" \/>\n<meta property=\"og:type\" content=\"article\" \/>\n<meta property=\"og:title\" content=\"Myslym Pashaj reagon ndaj hipokrizis\u00eb s\u00eb Berish\u00ebs dhe Topallit p\u00ebr Kushtetuesen - FjALA e LIR\u00cb - Arkivi\" \/>\n<meta property=\"og:description\" content=\"TemA Online, 7 Qershor 2012 Sekretari i P\u00ebrgjithsh\u00ebm i Aleanc\u00ebs Kuqezi, Myslym Pashaj, ka b\u00ebr\u00eb nj\u00eb reagim t\u00eb ashp\u00ebr ndaj kryeministrit Sali Berisha dhe kryeparlamentares Jozefina Topalli lidhur me hipokrizin\u00eb e tyre dhe q\u00ebndrimin me dy standarde ndaj vendimit t\u00eb Gjykat\u00ebs Kushtetuese p\u00ebr anulimin e marr\u00ebveshjes s\u00eb ndarjes s\u00eb kufijve detar\u00eb me Greqin\u00eb. Ish koloneli, [&hellip;]\" \/>\n<meta property=\"og:url\" content=\"https:\/\/fjala.info\/2009-2015\/myslym-pashaj-reagon-ndaj-hipokrizise-se-berishes-dhe-topallit-per-kushtetuesen\/\" \/>\n<meta property=\"og:site_name\" content=\"FjALA e LIR\u00cb - Arkivi\" \/>\n<meta property=\"article:published_time\" content=\"2012-06-07T21:06:00+00:00\" \/>\n<meta property=\"og:image\" content=\"http:\/\/www.fjala.info\/2012\/myslym_pashaj.jpg\" \/>\n<meta name=\"author\" content=\"admin\" \/>\n<meta name=\"twitter:card\" content=\"summary_large_image\" \/>\n<meta name=\"twitter:label1\" content=\"Written by\" \/>\n\t<meta name=\"twitter:data1\" content=\"admin\" \/>\n\t<meta name=\"twitter:label2\" content=\"Est. reading time\" \/>\n\t<meta name=\"twitter:data2\" content=\"2 minutes\" \/>\n<script type=\"application\/ld+json\" class=\"yoast-schema-graph\">{\"@context\":\"https:\\\/\\\/schema.org\",\"@graph\":[{\"@type\":\"Article\",\"@id\":\"https:\\\/\\\/fjala.info\\\/2009-2015\\\/myslym-pashaj-reagon-ndaj-hipokrizise-se-berishes-dhe-topallit-per-kushtetuesen\\\/#article\",\"isPartOf\":{\"@id\":\"https:\\\/\\\/fjala.info\\\/2009-2015\\\/myslym-pashaj-reagon-ndaj-hipokrizise-se-berishes-dhe-topallit-per-kushtetuesen\\\/\"},\"author\":{\"name\":\"admin\",\"@id\":\"https:\\\/\\\/fjala.info\\\/2009-2015\\\/#\\\/schema\\\/person\\\/3aa1163ef05469c496fc94e77611ada2\"},\"headline\":\"Myslym Pashaj reagon ndaj hipokrizis\u00eb s\u00eb Berish\u00ebs dhe Topallit p\u00ebr Kushtetuesen\",\"datePublished\":\"2012-06-07T21:06:00+00:00\",\"mainEntityOfPage\":{\"@id\":\"https:\\\/\\\/fjala.info\\\/2009-2015\\\/myslym-pashaj-reagon-ndaj-hipokrizise-se-berishes-dhe-topallit-per-kushtetuesen\\\/\"},\"wordCount\":466,\"commentCount\":0,\"publisher\":{\"@id\":\"https:\\\/\\\/fjala.info\\\/2009-2015\\\/#organization\"},\"image\":{\"@id\":\"https:\\\/\\\/fjala.info\\\/2009-2015\\\/myslym-pashaj-reagon-ndaj-hipokrizise-se-berishes-dhe-topallit-per-kushtetuesen\\\/#primaryimage\"},\"thumbnailUrl\":\"http:\\\/\\\/www.fjala.info\\\/2012\\\/myslym_pashaj.jpg\",\"articleSection\":[\"Artikuj\"],\"inLanguage\":\"sq-AL\",\"potentialAction\":[{\"@type\":\"CommentAction\",\"name\":\"Comment\",\"target\":[\"https:\\\/\\\/fjala.info\\\/2009-2015\\\/myslym-pashaj-reagon-ndaj-hipokrizise-se-berishes-dhe-topallit-per-kushtetuesen\\\/#respond\"]}]},{\"@type\":\"WebPage\",\"@id\":\"https:\\\/\\\/fjala.info\\\/2009-2015\\\/myslym-pashaj-reagon-ndaj-hipokrizise-se-berishes-dhe-topallit-per-kushtetuesen\\\/\",\"url\":\"https:\\\/\\\/fjala.info\\\/2009-2015\\\/myslym-pashaj-reagon-ndaj-hipokrizise-se-berishes-dhe-topallit-per-kushtetuesen\\\/\",\"name\":\"Myslym Pashaj reagon ndaj hipokrizis\u00eb s\u00eb Berish\u00ebs dhe Topallit p\u00ebr Kushtetuesen - FjALA e LIR\u00cb - Arkivi\",\"isPartOf\":{\"@id\":\"https:\\\/\\\/fjala.info\\\/2009-2015\\\/#website\"},\"primaryImageOfPage\":{\"@id\":\"https:\\\/\\\/fjala.info\\\/2009-2015\\\/myslym-pashaj-reagon-ndaj-hipokrizise-se-berishes-dhe-topallit-per-kushtetuesen\\\/#primaryimage\"},\"image\":{\"@id\":\"https:\\\/\\\/fjala.info\\\/2009-2015\\\/myslym-pashaj-reagon-ndaj-hipokrizise-se-berishes-dhe-topallit-per-kushtetuesen\\\/#primaryimage\"},\"thumbnailUrl\":\"http:\\\/\\\/www.fjala.info\\\/2012\\\/myslym_pashaj.jpg\",\"datePublished\":\"2012-06-07T21:06:00+00:00\",\"breadcrumb\":{\"@id\":\"https:\\\/\\\/fjala.info\\\/2009-2015\\\/myslym-pashaj-reagon-ndaj-hipokrizise-se-berishes-dhe-topallit-per-kushtetuesen\\\/#breadcrumb\"},\"inLanguage\":\"sq-AL\",\"potentialAction\":[{\"@type\":\"ReadAction\",\"target\":[\"https:\\\/\\\/fjala.info\\\/2009-2015\\\/myslym-pashaj-reagon-ndaj-hipokrizise-se-berishes-dhe-topallit-per-kushtetuesen\\\/\"]}]},{\"@type\":\"ImageObject\",\"inLanguage\":\"sq-AL\",\"@id\":\"https:\\\/\\\/fjala.info\\\/2009-2015\\\/myslym-pashaj-reagon-ndaj-hipokrizise-se-berishes-dhe-topallit-per-kushtetuesen\\\/#primaryimage\",\"url\":\"http:\\\/\\\/www.fjala.info\\\/2012\\\/myslym_pashaj.jpg\",\"contentUrl\":\"http:\\\/\\\/www.fjala.info\\\/2012\\\/myslym_pashaj.jpg\"},{\"@type\":\"BreadcrumbList\",\"@id\":\"https:\\\/\\\/fjala.info\\\/2009-2015\\\/myslym-pashaj-reagon-ndaj-hipokrizise-se-berishes-dhe-topallit-per-kushtetuesen\\\/#breadcrumb\",\"itemListElement\":[{\"@type\":\"ListItem\",\"position\":1,\"name\":\"Home\",\"item\":\"https:\\\/\\\/fjala.info\\\/2009-2015\\\/\"},{\"@type\":\"ListItem\",\"position\":2,\"name\":\"Myslym Pashaj reagon ndaj hipokrizis\u00eb s\u00eb Berish\u00ebs dhe Topallit p\u00ebr Kushtetuesen\"}]},{\"@type\":\"WebSite\",\"@id\":\"https:\\\/\\\/fjala.info\\\/2009-2015\\\/#website\",\"url\":\"https:\\\/\\\/fjala.info\\\/2009-2015\\\/\",\"name\":\"FjALA e LIR\u00cb - Arkivi\",\"description\":\"Arkivi 2009-2015\",\"publisher\":{\"@id\":\"https:\\\/\\\/fjala.info\\\/2009-2015\\\/#organization\"},\"potentialAction\":[{\"@type\":\"SearchAction\",\"target\":{\"@type\":\"EntryPoint\",\"urlTemplate\":\"https:\\\/\\\/fjala.info\\\/2009-2015\\\/?s={search_term_string}\"},\"query-input\":{\"@type\":\"PropertyValueSpecification\",\"valueRequired\":true,\"valueName\":\"search_term_string\"}}],\"inLanguage\":\"sq-AL\"},{\"@type\":\"Organization\",\"@id\":\"https:\\\/\\\/fjala.info\\\/2009-2015\\\/#organization\",\"name\":\"FjALA e LIR\u00cb - Arkivi\",\"url\":\"https:\\\/\\\/fjala.info\\\/2009-2015\\\/\",\"logo\":{\"@type\":\"ImageObject\",\"inLanguage\":\"sq-AL\",\"@id\":\"https:\\\/\\\/fjala.info\\\/2009-2015\\\/#\\\/schema\\\/logo\\\/image\\\/\",\"url\":\"\",\"contentUrl\":\"\",\"caption\":\"FjALA e LIR\u00cb - Arkivi\"},\"image\":{\"@id\":\"https:\\\/\\\/fjala.info\\\/2009-2015\\\/#\\\/schema\\\/logo\\\/image\\\/\"}},{\"@type\":\"Person\",\"@id\":\"https:\\\/\\\/fjala.info\\\/2009-2015\\\/#\\\/schema\\\/person\\\/3aa1163ef05469c496fc94e77611ada2\",\"name\":\"admin\",\"image\":{\"@type\":\"ImageObject\",\"inLanguage\":\"sq-AL\",\"@id\":\"https:\\\/\\\/fjala.info\\\/2009-2015\\\/wp-content\\\/uploads\\\/2012\\\/02\\\/arben_cokaj-120x150.jpg\",\"url\":\"https:\\\/\\\/fjala.info\\\/2009-2015\\\/wp-content\\\/uploads\\\/2012\\\/02\\\/arben_cokaj-120x150.jpg\",\"contentUrl\":\"https:\\\/\\\/fjala.info\\\/2009-2015\\\/wp-content\\\/uploads\\\/2012\\\/02\\\/arben_cokaj-120x150.jpg\",\"caption\":\"admin\"},\"description\":\"Admin, Fjala e Lir\u00eb\",\"sameAs\":[\"https:\\\/\\\/fjala.info\\\/\"],\"url\":\"https:\\\/\\\/fjala.info\\\/2009-2015\\\/author\\\/admin\\\/\"}]}<\/script>\n<!-- \/ Yoast SEO plugin. -->","yoast_head_json":{"title":"Myslym Pashaj reagon ndaj hipokrizis\u00eb s\u00eb Berish\u00ebs dhe Topallit p\u00ebr Kushtetuesen - FjALA e LIR\u00cb - Arkivi","robots":{"index":"index","follow":"follow","max-snippet":"max-snippet:-1","max-image-preview":"max-image-preview:large","max-video-preview":"max-video-preview:-1"},"canonical":"https:\/\/fjala.info\/2009-2015\/myslym-pashaj-reagon-ndaj-hipokrizise-se-berishes-dhe-topallit-per-kushtetuesen\/","og_locale":"sq_AL","og_type":"article","og_title":"Myslym Pashaj reagon ndaj hipokrizis\u00eb s\u00eb Berish\u00ebs dhe Topallit p\u00ebr Kushtetuesen - FjALA e LIR\u00cb - Arkivi","og_description":"TemA Online, 7 Qershor 2012 Sekretari i P\u00ebrgjithsh\u00ebm i Aleanc\u00ebs Kuqezi, Myslym Pashaj, ka b\u00ebr\u00eb nj\u00eb reagim t\u00eb ashp\u00ebr ndaj kryeministrit Sali Berisha dhe kryeparlamentares Jozefina Topalli lidhur me hipokrizin\u00eb e tyre dhe q\u00ebndrimin me dy standarde ndaj vendimit t\u00eb Gjykat\u00ebs Kushtetuese p\u00ebr anulimin e marr\u00ebveshjes s\u00eb ndarjes s\u00eb kufijve detar\u00eb me Greqin\u00eb. Ish koloneli, [&hellip;]","og_url":"https:\/\/fjala.info\/2009-2015\/myslym-pashaj-reagon-ndaj-hipokrizise-se-berishes-dhe-topallit-per-kushtetuesen\/","og_site_name":"FjALA e LIR\u00cb - Arkivi","article_published_time":"2012-06-07T21:06:00+00:00","og_image":[{"url":"http:\/\/www.fjala.info\/2012\/myslym_pashaj.jpg","type":"","width":"","height":""}],"author":"admin","twitter_card":"summary_large_image","twitter_misc":{"Written by":"admin","Est. reading time":"2 minutes"},"schema":{"@context":"https:\/\/schema.org","@graph":[{"@type":"Article","@id":"https:\/\/fjala.info\/2009-2015\/myslym-pashaj-reagon-ndaj-hipokrizise-se-berishes-dhe-topallit-per-kushtetuesen\/#article","isPartOf":{"@id":"https:\/\/fjala.info\/2009-2015\/myslym-pashaj-reagon-ndaj-hipokrizise-se-berishes-dhe-topallit-per-kushtetuesen\/"},"author":{"name":"admin","@id":"https:\/\/fjala.info\/2009-2015\/#\/schema\/person\/3aa1163ef05469c496fc94e77611ada2"},"headline":"Myslym Pashaj reagon ndaj hipokrizis\u00eb s\u00eb Berish\u00ebs dhe Topallit p\u00ebr Kushtetuesen","datePublished":"2012-06-07T21:06:00+00:00","mainEntityOfPage":{"@id":"https:\/\/fjala.info\/2009-2015\/myslym-pashaj-reagon-ndaj-hipokrizise-se-berishes-dhe-topallit-per-kushtetuesen\/"},"wordCount":466,"commentCount":0,"publisher":{"@id":"https:\/\/fjala.info\/2009-2015\/#organization"},"image":{"@id":"https:\/\/fjala.info\/2009-2015\/myslym-pashaj-reagon-ndaj-hipokrizise-se-berishes-dhe-topallit-per-kushtetuesen\/#primaryimage"},"thumbnailUrl":"http:\/\/www.fjala.info\/2012\/myslym_pashaj.jpg","articleSection":["Artikuj"],"inLanguage":"sq-AL","potentialAction":[{"@type":"CommentAction","name":"Comment","target":["https:\/\/fjala.info\/2009-2015\/myslym-pashaj-reagon-ndaj-hipokrizise-se-berishes-dhe-topallit-per-kushtetuesen\/#respond"]}]},{"@type":"WebPage","@id":"https:\/\/fjala.info\/2009-2015\/myslym-pashaj-reagon-ndaj-hipokrizise-se-berishes-dhe-topallit-per-kushtetuesen\/","url":"https:\/\/fjala.info\/2009-2015\/myslym-pashaj-reagon-ndaj-hipokrizise-se-berishes-dhe-topallit-per-kushtetuesen\/","name":"Myslym Pashaj reagon ndaj hipokrizis\u00eb s\u00eb Berish\u00ebs dhe Topallit p\u00ebr Kushtetuesen - FjALA e LIR\u00cb - Arkivi","isPartOf":{"@id":"https:\/\/fjala.info\/2009-2015\/#website"},"primaryImageOfPage":{"@id":"https:\/\/fjala.info\/2009-2015\/myslym-pashaj-reagon-ndaj-hipokrizise-se-berishes-dhe-topallit-per-kushtetuesen\/#primaryimage"},"image":{"@id":"https:\/\/fjala.info\/2009-2015\/myslym-pashaj-reagon-ndaj-hipokrizise-se-berishes-dhe-topallit-per-kushtetuesen\/#primaryimage"},"thumbnailUrl":"http:\/\/www.fjala.info\/2012\/myslym_pashaj.jpg","datePublished":"2012-06-07T21:06:00+00:00","breadcrumb":{"@id":"https:\/\/fjala.info\/2009-2015\/myslym-pashaj-reagon-ndaj-hipokrizise-se-berishes-dhe-topallit-per-kushtetuesen\/#breadcrumb"},"inLanguage":"sq-AL","potentialAction":[{"@type":"ReadAction","target":["https:\/\/fjala.info\/2009-2015\/myslym-pashaj-reagon-ndaj-hipokrizise-se-berishes-dhe-topallit-per-kushtetuesen\/"]}]},{"@type":"ImageObject","inLanguage":"sq-AL","@id":"https:\/\/fjala.info\/2009-2015\/myslym-pashaj-reagon-ndaj-hipokrizise-se-berishes-dhe-topallit-per-kushtetuesen\/#primaryimage","url":"http:\/\/www.fjala.info\/2012\/myslym_pashaj.jpg","contentUrl":"http:\/\/www.fjala.info\/2012\/myslym_pashaj.jpg"},{"@type":"BreadcrumbList","@id":"https:\/\/fjala.info\/2009-2015\/myslym-pashaj-reagon-ndaj-hipokrizise-se-berishes-dhe-topallit-per-kushtetuesen\/#breadcrumb","itemListElement":[{"@type":"ListItem","position":1,"name":"Home","item":"https:\/\/fjala.info\/2009-2015\/"},{"@type":"ListItem","position":2,"name":"Myslym Pashaj reagon ndaj hipokrizis\u00eb s\u00eb Berish\u00ebs dhe Topallit p\u00ebr Kushtetuesen"}]},{"@type":"WebSite","@id":"https:\/\/fjala.info\/2009-2015\/#website","url":"https:\/\/fjala.info\/2009-2015\/","name":"FjALA e LIR\u00cb - Arkivi","description":"Arkivi 2009-2015","publisher":{"@id":"https:\/\/fjala.info\/2009-2015\/#organization"},"potentialAction":[{"@type":"SearchAction","target":{"@type":"EntryPoint","urlTemplate":"https:\/\/fjala.info\/2009-2015\/?s={search_term_string}"},"query-input":{"@type":"PropertyValueSpecification","valueRequired":true,"valueName":"search_term_string"}}],"inLanguage":"sq-AL"},{"@type":"Organization","@id":"https:\/\/fjala.info\/2009-2015\/#organization","name":"FjALA e LIR\u00cb - Arkivi","url":"https:\/\/fjala.info\/2009-2015\/","logo":{"@type":"ImageObject","inLanguage":"sq-AL","@id":"https:\/\/fjala.info\/2009-2015\/#\/schema\/logo\/image\/","url":"","contentUrl":"","caption":"FjALA e LIR\u00cb - Arkivi"},"image":{"@id":"https:\/\/fjala.info\/2009-2015\/#\/schema\/logo\/image\/"}},{"@type":"Person","@id":"https:\/\/fjala.info\/2009-2015\/#\/schema\/person\/3aa1163ef05469c496fc94e77611ada2","name":"admin","image":{"@type":"ImageObject","inLanguage":"sq-AL","@id":"https:\/\/fjala.info\/2009-2015\/wp-content\/uploads\/2012\/02\/arben_cokaj-120x150.jpg","url":"https:\/\/fjala.info\/2009-2015\/wp-content\/uploads\/2012\/02\/arben_cokaj-120x150.jpg","contentUrl":"https:\/\/fjala.info\/2009-2015\/wp-content\/uploads\/2012\/02\/arben_cokaj-120x150.jpg","caption":"admin"},"description":"Admin, Fjala e Lir\u00eb","sameAs":["https:\/\/fjala.info\/"],"url":"https:\/\/fjala.info\/2009-2015\/author\/admin\/"}]}},"_links":{"self":[{"href":"https:\/\/fjala.info\/2009-2015\/wp-json\/wp\/v2\/posts\/3157","targetHints":{"allow":["GET"]}}],"collection":[{"href":"https:\/\/fjala.info\/2009-2015\/wp-json\/wp\/v2\/posts"}],"about":[{"href":"https:\/\/fjala.info\/2009-2015\/wp-json\/wp\/v2\/types\/post"}],"author":[{"embeddable":true,"href":"https:\/\/fjala.info\/2009-2015\/wp-json\/wp\/v2\/users\/1"}],"replies":[{"embeddable":true,"href":"https:\/\/fjala.info\/2009-2015\/wp-json\/wp\/v2\/comments?post=3157"}],"version-history":[{"count":0,"href":"https:\/\/fjala.info\/2009-2015\/wp-json\/wp\/v2\/posts\/3157\/revisions"}],"wp:attachment":[{"href":"https:\/\/fjala.info\/2009-2015\/wp-json\/wp\/v2\/media?parent=3157"}],"wp:term":[{"taxonomy":"category","embeddable":true,"href":"https:\/\/fjala.info\/2009-2015\/wp-json\/wp\/v2\/categories?post=3157"},{"taxonomy":"post_tag","embeddable":true,"href":"https:\/\/fjala.info\/2009-2015\/wp-json\/wp\/v2\/tags?post=3157"}],"curies":[{"name":"wp","href":"https:\/\/api.w.org\/{rel}","templated":true}]}}