{"id":3151,"date":"2010-07-01T06:42:24","date_gmt":"2010-07-01T05:42:24","guid":{"rendered":"http:\/\/fjala.shkoder.net\/?p=3151"},"modified":"2010-07-01T06:42:24","modified_gmt":"2010-07-01T05:42:24","slug":"kriza-grupi-i-ps-se-nuk-japim-konsensus-per-asnje-ligj-ne-kuvend","status":"publish","type":"post","link":"https:\/\/fjala.info\/2009-2015\/kriza-grupi-i-ps-se-nuk-japim-konsensus-per-asnje-ligj-ne-kuvend\/","title":{"rendered":"Kriza, Grupi i PS-s\u00eb: Nuk japim konsensus p\u00ebr asnj\u00eb ligj n\u00eb Kuvend"},"content":{"rendered":"<p><strong>Shekulli Online<\/strong>, <em>30.06.2010<\/em><\/p>\n<p>TIRAN\u00cb- Grupi Parlamentar i Partis\u00eb Socialiste ka vendosur rishikimin e marr\u00ebdh\u00ebnieve me Kuvendin dhe rinisjen e protestave p\u00ebr kauz\u00ebn e transparenc\u00ebs, si e vetmja rrug\u00eb q\u00eb shpie n\u00eb zgjidhjen e kriz\u00ebs.<\/p>\n<p><img decoding=\"async\" style=\"margin-left: 10px; margin-right: 10px; border: 0px;\" src=\"http:\/\/www.shkoder.net\/images\/fjala\/2010\/grupi_parlamentar_ps.jpg\" border=\"0\" alt=\"Berluskoni dhe Berisha\" width=\"300\" align=\"left\" \/><\/p>\n<p>Vendimi \u00ebsht\u00eb marr\u00eb n\u00eb mbledhjen e sotme t\u00eb grupit, pas te cilit kreu i Grupit, Gramoz Ru\u00e7i ka njoftuar se &#8220;Q\u00eb nes\u00ebr grupi i PS p\u00ebrshkall\u00ebzon marr\u00ebdheniet me Kuvendin, duke mos votuar asnj\u00eb ligj, as me shumic\u00eb t\u00eb thjesht\u00eb e as me t\u00eb cil\u00ebsuar&#8221;.<\/p>\n<p><strong>Deklarata e Ru\u00e7it<\/strong><\/p>\n<p>Sapo mbaroi nj\u00eb mbledhje e Grupit Parlamentar, i cili diskutoi n\u00eb lidhje me situat\u00ebn aktuale politike n\u00eb vend. Arriti n\u00eb p\u00ebrfundimin se ajo n\u00eb vend q\u00eb t\u00eb p\u00ebrmir\u00ebsohet po p\u00ebrkeq\u00ebsohet nga dita n\u00eb dit\u00eb.<\/p>\n<p>S\u00eb dyti, diskutoi lidhur me problemin e transparenc\u00ebn s\u00eb zgjedhjeve t\u00eb 28 qershorit dhe t\u00eb kauz\u00ebs politike q\u00eb PS ka lidhur me transparenc\u00ebn p\u00ebr k\u00ebto zgjedhje. P\u00ebr t\u00eb cil\u00ebn Grupi Parlamentar arriti n\u00eb p\u00ebrfundimin q\u00eb mazhoranca, n\u00eb vend q\u00eb t\u00eb hedh nj\u00eb hap drejt p\u00ebrafrimit t\u00eb marr\u00ebdh\u00ebnieve pozit\u00eb-opozit\u00eb, po i largohet \u00e7do dit\u00eb e m\u00eb shum\u00eb.<\/p>\n<p>S\u00eb treti, Grupi Parlamentar diskutoi edhe nj\u00ebher\u00eb me shum\u00eb shqet\u00ebsim lidhur me hapat e fundit t\u00eb qeveris\u00eb, si\u00e7 jan\u00eb dy nd\u00ebr m\u00eb kryesoret: Ai i ndryshimit t\u00eb Rregullores s\u00eb Parlamentit, gj\u00eb q\u00eb b\u00ebn uzurpimin e organeve t\u00eb drejt\u00ebsis\u00eb dhe ve\u00e7an\u00ebrisht t\u00eb Gjykat\u00ebs Kushtetuese dhe Gjykat\u00ebs s\u00eb Lart\u00eb. Nj\u00ebher\u00ebsh dhe projektligji i fundit q\u00eb \u00ebsht\u00eb p\u00ebr t&#8217;u diskutuar n\u00eb seanc\u00ebn e nes\u00ebrme, lidhur me inspektimin e financave publike. Gj\u00eb q\u00eb \u00e7on n\u00eb nj\u00eb trysni, gj\u00eb q\u00eb \u00e7on n\u00eb nj\u00eb kontroll, gj\u00eb q\u00eb \u00e7on n\u00eb nj\u00eb paralizim financiar, administrativ n\u00ebn tutel\u00ebn e qeveris\u00eb t\u00eb gjykatave, t\u00eb KLD, t\u00eb SHISH, t\u00eb OJQ-ve, ve\u00e7an\u00ebrisht pushtetit vendor, e pse jo deri tek institucioni i Presidentit.<\/p>\n<p>Pra, nisur nga t\u00eb gjitha k\u00ebto Grupi Parlamentar i PS vendosi q\u00eb:<\/p>\n<p>1. Duke filluar q\u00eb nga dita e nes\u00ebrme Grupi Parlamentar Socialist p\u00ebrshkall\u00ebzon marr\u00ebdh\u00ebnien me parlamentin shqiptar, duke kusht\u00ebzuar mardh\u00ebniet ndaj k\u00ebtij parlamenti, duke mos votuar asnj\u00eb ligj, as me shumic\u00eb t\u00eb thjesht\u00eb e as me shumic\u00eb t\u00eb cil\u00ebsuar.<\/p>\n<p>2. Grupi Parlamentar do t\u00eb p\u00ebrgatis\u00eb gjat\u00eb dit\u00ebve n\u00eb vazhdim axhend\u00ebn e tij opozitare n\u00eb mardh\u00ebnie me parlamentin.<\/p>\n<p>3. Lidhur me hapat e m\u00ebtejshme Grupi Parlamentar Socialist n\u00eb sesionin e ardhsh\u00ebm, apo t\u00eb ri, parlamentar q\u00eb fillon n\u00eb shtator, do t\u00eb b\u00ebj\u00eb publike hapat e m\u00ebtejshme lidhur me marr\u00ebdh\u00ebniet dhe me q\u00ebndrimin ndaj parlamentit shqiptar.<\/p>\n<p>_________________<\/p>\n<p>Vetem nje dite me pare, n\u00ebnkryetari i Parlamentit dhe nj\u00ebkoh\u00ebsisht deputet i Partis\u00eb Socialiste, Namik Dokle, thekson se n\u00eb rast t\u00eb mosgjetjes s\u00eb nj\u00eb zgjidhjeje t\u00eb shpejt\u00eb t\u00eb kriz\u00ebs politike opozita do t\u00eb p\u00ebrdor\u00eb t\u00eb gjitha mjetet kushtetuese, pa l\u00ebn\u00eb jasht\u00eb aksionit politik edhe rifillimin e grev\u00ebs s\u00eb uris\u00eb. Hapat e m\u00ebtejshme q\u00eb PS do t\u00eb ndjek\u00eb n\u00eb dit\u00ebt n\u00eb vijim do t\u00eb jen\u00eb objekt shqyrtimi edhe n\u00eb forumet drejtuese t\u00eb k\u00ebsaj partie.<\/p>\n<p>P\u00ebr socialist\u00ebt, mazhoranca keqp\u00ebrdori shansin q\u00eb opozita i dha p\u00ebr t\u00eb reflektuar lidhur me zgjidhjen e kriz\u00ebs politike q\u00eb ka p\u00ebrfshir\u00eb vendin pas zgjedhjeve t\u00eb 28 qershorit. Sipas deputetit Namik Dolke, edhe pse mazhoranc\u00ebs iu dhan\u00eb t\u00eb gjitha shanset p\u00ebr t\u00eb reflektuar p\u00ebr zgjidhjen e kriz\u00ebs politike, ajo reflektoi shum\u00eb pak duke gjetur shp\u00ebtim tek rezolutat e ndryshme. \u00c7el\u00ebsi i zgjidhjes s\u00eb kriz\u00ebs, p\u00ebr deputetin socialist, \u00ebsht\u00eb vet\u00ebm transparenca e zgjedhjeve t\u00eb kaluara \u00e7ka \u00ebsht\u00eb edhe nj\u00eb k\u00ebrkes\u00eb e t\u00eb gjith\u00eb shqiptar\u00ebve. &#8220;Ne do t\u00eb luftojm\u00eb me t\u00eb gjitha mjetet kushtetuese dhe do t\u00eb luftojm\u00eb deri n\u00eb fund, n\u00eb parlament dhe jasht\u00eb tij, n\u00eb Strasburg dhe jasht\u00eb Strasburgut, n\u00eb grev\u00eb urie ose jo, n\u00eb Tiran\u00eb dhe jasht\u00eb Tirane, n\u00eb Bruksel dhe jasht\u00eb Brukselit&#8221;, &#8211; n\u00ebnvizoi an\u00ebtari i kryesis\u00eb s\u00eb Partis\u00eb Socialiste.<\/p>\n<p>Duke besuar tek k\u00ebrkesa e tyre p\u00ebr hapjen e kutive t\u00eb votimit si nj\u00eb e drejt\u00eb legjitime, socialist\u00ebt paralajm\u00ebruan p\u00ebrshkall\u00ebzimin e veprimeve t\u00eb tyre me nj\u00eb ashp\u00ebrsi edhe m\u00eb t\u00eb madhe. N\u00ebnkryetari i Parlamentit vler\u00ebsoi grev\u00ebn e opozit\u00ebs dhe theksoi se dosja me k\u00ebrkesat e saj nuk \u00ebsht\u00eb mbyllur. &#8220;Kjo dosje \u00ebsht\u00eb hapur shum\u00eb p\u00ebrpara grev\u00ebs s\u00eb uris\u00eb. N\u00eb grev\u00eb u shkrua nj\u00eb kapitull shum\u00eb i art\u00eb i luft\u00ebs s\u00eb opozit\u00ebs p\u00ebr nj\u00eb kauz\u00eb shum\u00eb t\u00eb drejt\u00eb&#8221;, tha n\u00eb fjal\u00ebn e tij an\u00ebtari i kryesis\u00eb s\u00eb PS. Nd\u00ebrkoh\u00eb, socialist\u00ebt do t\u00eb vazhdojn\u00eb t\u00eb k\u00ebrkojn\u00eb mb\u00ebshtetje edhe t\u00eb faktorit nd\u00ebrkomb\u00ebtar.<\/p>\n<p>N\u00ebnkryetari i Parlamentit, Namik Dokle, foli edhe p\u00ebr ndryshimin e Rregullores s\u00eb Kuvendit, duke e cil\u00ebsuar si nj\u00eb provokim t\u00eb hapur q\u00eb i b\u00ebhet opozit\u00ebs n\u00eb nj\u00eb koh\u00eb kur n\u00eb Parlament ishin dekretet e Presidentit t\u00eb Republik\u00ebs. &#8220;Nuk kemi k\u00ebrkuar q\u00eb t\u00eb votohet hapur p\u00ebr dekretet. Votimi i hapur \u00ebsht\u00eb nj\u00eb pu\u00e7 p\u00ebr sa i p\u00ebrket vot\u00ebs s\u00eb fsheht\u00eb n\u00eb Parlament. Dhe ky pu\u00e7 \u00ebsht\u00eb marr\u00eb n\u00eb nj\u00eb moment moralisht t\u00eb dyshimt\u00eb, &#8211; theksoi zoti Dokle. P\u00ebr socialist\u00ebt ndryshimi q\u00eb iu b\u00eb Rregullores s\u00eb Kuvendit \u00ebsht\u00eb nj\u00eb presion i hapur q\u00eb i b\u00ebhet institucioneve t\u00eb pavarura n\u00eb vend, duke p\u00ebrshir\u00eb gjykatat dhe t\u00ebr\u00eb sistemin e drejt\u00ebsis\u00eb n\u00eb Shqip\u00ebri. P\u00ebr t\u00eb marr\u00eb nj\u00eb vendim p\u00ebr q\u00ebndrimin q\u00eb Partia Socialiste do t\u00eb mbaj\u00eb p\u00ebr dekretet e Presidentit, por edhe p\u00ebr q\u00ebndrimin ndaj Parlamentit, pritet t\u00eb mbahet sot nj\u00eb mbledhje e grupit t\u00eb deputet\u00ebve.<\/p>\n<p>_____________________________<\/p>\n<p>Dy dite e pare apeloi per rishikim te marredhenieve me Berishen dhe Kuvendin edhe deputeti i PS-se, Blendi Klosi. &#8220;Duhet t\u00eb rishikojm\u00eb edhe nj\u00eb her\u00eb raportin me Sali Berish\u00ebn dhe Parlamentin. Do t\u00eb duhet t\u00eb mendojm\u00eb raportin me elektoratin q\u00eb na mb\u00ebshtet dhe q\u00eb na erdhi kaq shum\u00eb pas nesh. Mendoj se Partia Socialiste e ka vendin n\u00eb protest\u00eb karshi k\u00ebsaj qeverie n\u00eb detyr\u00ebn e fort\u00eb t\u00eb saj opozitare&#8221;, u shpreh deputeti Klosi.<\/p>\n","protected":false},"excerpt":{"rendered":"<p>Shekulli Online, 30.06.2010 TIRAN\u00cb- Grupi Parlamentar i Partis\u00eb Socialiste ka vendosur rishikimin e marr\u00ebdh\u00ebnieve me Kuvendin dhe rinisjen e protestave p\u00ebr kauz\u00ebn e transparenc\u00ebs, si e vetmja rrug\u00eb q\u00eb shpie n\u00eb zgjidhjen e kriz\u00ebs. Vendimi \u00ebsht\u00eb marr\u00eb n\u00eb mbledhjen e sotme t\u00eb grupit, pas te cilit kreu i Grupit, Gramoz Ru\u00e7i ka njoftuar se &#8220;Q\u00eb [&hellip;]<\/p>\n","protected":false},"author":1,"featured_media":0,"comment_status":"open","ping_status":"closed","sticky":false,"template":"","format":"standard","meta":{"footnotes":""},"categories":[2],"tags":[],"class_list":{"0":"post-3151","1":"post","2":"type-post","3":"status-publish","4":"format-standard","6":"category-artikuj"},"yoast_head":"<!-- This site is optimized with the Yoast SEO plugin v27.4 - https:\/\/yoast.com\/product\/yoast-seo-wordpress\/ -->\n<title>Kriza, Grupi i PS-s\u00eb: Nuk japim konsensus p\u00ebr asnj\u00eb ligj n\u00eb Kuvend - FjALA e LIR\u00cb - Arkivi<\/title>\n<meta name=\"robots\" content=\"index, follow, max-snippet:-1, max-image-preview:large, max-video-preview:-1\" \/>\n<link rel=\"canonical\" href=\"https:\/\/fjala.info\/2009-2015\/kriza-grupi-i-ps-se-nuk-japim-konsensus-per-asnje-ligj-ne-kuvend\/\" \/>\n<meta property=\"og:locale\" content=\"sq_AL\" \/>\n<meta property=\"og:type\" content=\"article\" \/>\n<meta property=\"og:title\" content=\"Kriza, Grupi i PS-s\u00eb: Nuk japim konsensus p\u00ebr asnj\u00eb ligj n\u00eb Kuvend - FjALA e LIR\u00cb - Arkivi\" \/>\n<meta property=\"og:description\" content=\"Shekulli Online, 30.06.2010 TIRAN\u00cb- Grupi Parlamentar i Partis\u00eb Socialiste ka vendosur rishikimin e marr\u00ebdh\u00ebnieve me Kuvendin dhe rinisjen e protestave p\u00ebr kauz\u00ebn e transparenc\u00ebs, si e vetmja rrug\u00eb q\u00eb shpie n\u00eb zgjidhjen e kriz\u00ebs. Vendimi \u00ebsht\u00eb marr\u00eb n\u00eb mbledhjen e sotme t\u00eb grupit, pas te cilit kreu i Grupit, Gramoz Ru\u00e7i ka njoftuar se &#8220;Q\u00eb [&hellip;]\" \/>\n<meta property=\"og:url\" content=\"https:\/\/fjala.info\/2009-2015\/kriza-grupi-i-ps-se-nuk-japim-konsensus-per-asnje-ligj-ne-kuvend\/\" \/>\n<meta property=\"og:site_name\" content=\"FjALA e LIR\u00cb - Arkivi\" \/>\n<meta property=\"article:published_time\" content=\"2010-07-01T05:42:24+00:00\" \/>\n<meta property=\"og:image\" content=\"http:\/\/www.shkoder.net\/images\/fjala\/2010\/grupi_parlamentar_ps.jpg\" \/>\n<meta name=\"author\" content=\"admin\" \/>\n<meta name=\"twitter:card\" content=\"summary_large_image\" \/>\n<meta name=\"twitter:label1\" content=\"Written by\" \/>\n\t<meta name=\"twitter:data1\" content=\"admin\" \/>\n\t<meta name=\"twitter:label2\" content=\"Est. reading time\" \/>\n\t<meta name=\"twitter:data2\" content=\"5 minutes\" \/>\n<script type=\"application\/ld+json\" class=\"yoast-schema-graph\">{\"@context\":\"https:\\\/\\\/schema.org\",\"@graph\":[{\"@type\":\"Article\",\"@id\":\"https:\\\/\\\/fjala.info\\\/2009-2015\\\/kriza-grupi-i-ps-se-nuk-japim-konsensus-per-asnje-ligj-ne-kuvend\\\/#article\",\"isPartOf\":{\"@id\":\"https:\\\/\\\/fjala.info\\\/2009-2015\\\/kriza-grupi-i-ps-se-nuk-japim-konsensus-per-asnje-ligj-ne-kuvend\\\/\"},\"author\":{\"name\":\"admin\",\"@id\":\"https:\\\/\\\/fjala.info\\\/2009-2015\\\/#\\\/schema\\\/person\\\/3aa1163ef05469c496fc94e77611ada2\"},\"headline\":\"Kriza, Grupi i PS-s\u00eb: Nuk japim konsensus p\u00ebr asnj\u00eb ligj n\u00eb Kuvend\",\"datePublished\":\"2010-07-01T05:42:24+00:00\",\"mainEntityOfPage\":{\"@id\":\"https:\\\/\\\/fjala.info\\\/2009-2015\\\/kriza-grupi-i-ps-se-nuk-japim-konsensus-per-asnje-ligj-ne-kuvend\\\/\"},\"wordCount\":1065,\"commentCount\":0,\"publisher\":{\"@id\":\"https:\\\/\\\/fjala.info\\\/2009-2015\\\/#organization\"},\"image\":{\"@id\":\"https:\\\/\\\/fjala.info\\\/2009-2015\\\/kriza-grupi-i-ps-se-nuk-japim-konsensus-per-asnje-ligj-ne-kuvend\\\/#primaryimage\"},\"thumbnailUrl\":\"http:\\\/\\\/www.shkoder.net\\\/images\\\/fjala\\\/2010\\\/grupi_parlamentar_ps.jpg\",\"articleSection\":[\"Artikuj\"],\"inLanguage\":\"sq-AL\",\"potentialAction\":[{\"@type\":\"CommentAction\",\"name\":\"Comment\",\"target\":[\"https:\\\/\\\/fjala.info\\\/2009-2015\\\/kriza-grupi-i-ps-se-nuk-japim-konsensus-per-asnje-ligj-ne-kuvend\\\/#respond\"]}]},{\"@type\":\"WebPage\",\"@id\":\"https:\\\/\\\/fjala.info\\\/2009-2015\\\/kriza-grupi-i-ps-se-nuk-japim-konsensus-per-asnje-ligj-ne-kuvend\\\/\",\"url\":\"https:\\\/\\\/fjala.info\\\/2009-2015\\\/kriza-grupi-i-ps-se-nuk-japim-konsensus-per-asnje-ligj-ne-kuvend\\\/\",\"name\":\"Kriza, Grupi i PS-s\u00eb: Nuk japim konsensus p\u00ebr asnj\u00eb ligj n\u00eb Kuvend - FjALA e LIR\u00cb - Arkivi\",\"isPartOf\":{\"@id\":\"https:\\\/\\\/fjala.info\\\/2009-2015\\\/#website\"},\"primaryImageOfPage\":{\"@id\":\"https:\\\/\\\/fjala.info\\\/2009-2015\\\/kriza-grupi-i-ps-se-nuk-japim-konsensus-per-asnje-ligj-ne-kuvend\\\/#primaryimage\"},\"image\":{\"@id\":\"https:\\\/\\\/fjala.info\\\/2009-2015\\\/kriza-grupi-i-ps-se-nuk-japim-konsensus-per-asnje-ligj-ne-kuvend\\\/#primaryimage\"},\"thumbnailUrl\":\"http:\\\/\\\/www.shkoder.net\\\/images\\\/fjala\\\/2010\\\/grupi_parlamentar_ps.jpg\",\"datePublished\":\"2010-07-01T05:42:24+00:00\",\"breadcrumb\":{\"@id\":\"https:\\\/\\\/fjala.info\\\/2009-2015\\\/kriza-grupi-i-ps-se-nuk-japim-konsensus-per-asnje-ligj-ne-kuvend\\\/#breadcrumb\"},\"inLanguage\":\"sq-AL\",\"potentialAction\":[{\"@type\":\"ReadAction\",\"target\":[\"https:\\\/\\\/fjala.info\\\/2009-2015\\\/kriza-grupi-i-ps-se-nuk-japim-konsensus-per-asnje-ligj-ne-kuvend\\\/\"]}]},{\"@type\":\"ImageObject\",\"inLanguage\":\"sq-AL\",\"@id\":\"https:\\\/\\\/fjala.info\\\/2009-2015\\\/kriza-grupi-i-ps-se-nuk-japim-konsensus-per-asnje-ligj-ne-kuvend\\\/#primaryimage\",\"url\":\"http:\\\/\\\/www.shkoder.net\\\/images\\\/fjala\\\/2010\\\/grupi_parlamentar_ps.jpg\",\"contentUrl\":\"http:\\\/\\\/www.shkoder.net\\\/images\\\/fjala\\\/2010\\\/grupi_parlamentar_ps.jpg\"},{\"@type\":\"BreadcrumbList\",\"@id\":\"https:\\\/\\\/fjala.info\\\/2009-2015\\\/kriza-grupi-i-ps-se-nuk-japim-konsensus-per-asnje-ligj-ne-kuvend\\\/#breadcrumb\",\"itemListElement\":[{\"@type\":\"ListItem\",\"position\":1,\"name\":\"Home\",\"item\":\"https:\\\/\\\/fjala.info\\\/2009-2015\\\/\"},{\"@type\":\"ListItem\",\"position\":2,\"name\":\"Kriza, Grupi i PS-s\u00eb: Nuk japim konsensus p\u00ebr asnj\u00eb ligj n\u00eb Kuvend\"}]},{\"@type\":\"WebSite\",\"@id\":\"https:\\\/\\\/fjala.info\\\/2009-2015\\\/#website\",\"url\":\"https:\\\/\\\/fjala.info\\\/2009-2015\\\/\",\"name\":\"FjALA e LIR\u00cb - Arkivi\",\"description\":\"Arkivi 2009-2015\",\"publisher\":{\"@id\":\"https:\\\/\\\/fjala.info\\\/2009-2015\\\/#organization\"},\"potentialAction\":[{\"@type\":\"SearchAction\",\"target\":{\"@type\":\"EntryPoint\",\"urlTemplate\":\"https:\\\/\\\/fjala.info\\\/2009-2015\\\/?s={search_term_string}\"},\"query-input\":{\"@type\":\"PropertyValueSpecification\",\"valueRequired\":true,\"valueName\":\"search_term_string\"}}],\"inLanguage\":\"sq-AL\"},{\"@type\":\"Organization\",\"@id\":\"https:\\\/\\\/fjala.info\\\/2009-2015\\\/#organization\",\"name\":\"FjALA e LIR\u00cb - Arkivi\",\"url\":\"https:\\\/\\\/fjala.info\\\/2009-2015\\\/\",\"logo\":{\"@type\":\"ImageObject\",\"inLanguage\":\"sq-AL\",\"@id\":\"https:\\\/\\\/fjala.info\\\/2009-2015\\\/#\\\/schema\\\/logo\\\/image\\\/\",\"url\":\"\",\"contentUrl\":\"\",\"caption\":\"FjALA e LIR\u00cb - Arkivi\"},\"image\":{\"@id\":\"https:\\\/\\\/fjala.info\\\/2009-2015\\\/#\\\/schema\\\/logo\\\/image\\\/\"}},{\"@type\":\"Person\",\"@id\":\"https:\\\/\\\/fjala.info\\\/2009-2015\\\/#\\\/schema\\\/person\\\/3aa1163ef05469c496fc94e77611ada2\",\"name\":\"admin\",\"image\":{\"@type\":\"ImageObject\",\"inLanguage\":\"sq-AL\",\"@id\":\"https:\\\/\\\/fjala.info\\\/2009-2015\\\/wp-content\\\/uploads\\\/2012\\\/02\\\/arben_cokaj-120x150.jpg\",\"url\":\"https:\\\/\\\/fjala.info\\\/2009-2015\\\/wp-content\\\/uploads\\\/2012\\\/02\\\/arben_cokaj-120x150.jpg\",\"contentUrl\":\"https:\\\/\\\/fjala.info\\\/2009-2015\\\/wp-content\\\/uploads\\\/2012\\\/02\\\/arben_cokaj-120x150.jpg\",\"caption\":\"admin\"},\"description\":\"Admin, Fjala e Lir\u00eb\",\"sameAs\":[\"https:\\\/\\\/fjala.info\\\/\"],\"url\":\"https:\\\/\\\/fjala.info\\\/2009-2015\\\/author\\\/admin\\\/\"}]}<\/script>\n<!-- \/ Yoast SEO plugin. -->","yoast_head_json":{"title":"Kriza, Grupi i PS-s\u00eb: Nuk japim konsensus p\u00ebr asnj\u00eb ligj n\u00eb Kuvend - FjALA e LIR\u00cb - Arkivi","robots":{"index":"index","follow":"follow","max-snippet":"max-snippet:-1","max-image-preview":"max-image-preview:large","max-video-preview":"max-video-preview:-1"},"canonical":"https:\/\/fjala.info\/2009-2015\/kriza-grupi-i-ps-se-nuk-japim-konsensus-per-asnje-ligj-ne-kuvend\/","og_locale":"sq_AL","og_type":"article","og_title":"Kriza, Grupi i PS-s\u00eb: Nuk japim konsensus p\u00ebr asnj\u00eb ligj n\u00eb Kuvend - FjALA e LIR\u00cb - Arkivi","og_description":"Shekulli Online, 30.06.2010 TIRAN\u00cb- Grupi Parlamentar i Partis\u00eb Socialiste ka vendosur rishikimin e marr\u00ebdh\u00ebnieve me Kuvendin dhe rinisjen e protestave p\u00ebr kauz\u00ebn e transparenc\u00ebs, si e vetmja rrug\u00eb q\u00eb shpie n\u00eb zgjidhjen e kriz\u00ebs. Vendimi \u00ebsht\u00eb marr\u00eb n\u00eb mbledhjen e sotme t\u00eb grupit, pas te cilit kreu i Grupit, Gramoz Ru\u00e7i ka njoftuar se &#8220;Q\u00eb [&hellip;]","og_url":"https:\/\/fjala.info\/2009-2015\/kriza-grupi-i-ps-se-nuk-japim-konsensus-per-asnje-ligj-ne-kuvend\/","og_site_name":"FjALA e LIR\u00cb - Arkivi","article_published_time":"2010-07-01T05:42:24+00:00","og_image":[{"url":"http:\/\/www.shkoder.net\/images\/fjala\/2010\/grupi_parlamentar_ps.jpg","type":"","width":"","height":""}],"author":"admin","twitter_card":"summary_large_image","twitter_misc":{"Written by":"admin","Est. reading time":"5 minutes"},"schema":{"@context":"https:\/\/schema.org","@graph":[{"@type":"Article","@id":"https:\/\/fjala.info\/2009-2015\/kriza-grupi-i-ps-se-nuk-japim-konsensus-per-asnje-ligj-ne-kuvend\/#article","isPartOf":{"@id":"https:\/\/fjala.info\/2009-2015\/kriza-grupi-i-ps-se-nuk-japim-konsensus-per-asnje-ligj-ne-kuvend\/"},"author":{"name":"admin","@id":"https:\/\/fjala.info\/2009-2015\/#\/schema\/person\/3aa1163ef05469c496fc94e77611ada2"},"headline":"Kriza, Grupi i PS-s\u00eb: Nuk japim konsensus p\u00ebr asnj\u00eb ligj n\u00eb Kuvend","datePublished":"2010-07-01T05:42:24+00:00","mainEntityOfPage":{"@id":"https:\/\/fjala.info\/2009-2015\/kriza-grupi-i-ps-se-nuk-japim-konsensus-per-asnje-ligj-ne-kuvend\/"},"wordCount":1065,"commentCount":0,"publisher":{"@id":"https:\/\/fjala.info\/2009-2015\/#organization"},"image":{"@id":"https:\/\/fjala.info\/2009-2015\/kriza-grupi-i-ps-se-nuk-japim-konsensus-per-asnje-ligj-ne-kuvend\/#primaryimage"},"thumbnailUrl":"http:\/\/www.shkoder.net\/images\/fjala\/2010\/grupi_parlamentar_ps.jpg","articleSection":["Artikuj"],"inLanguage":"sq-AL","potentialAction":[{"@type":"CommentAction","name":"Comment","target":["https:\/\/fjala.info\/2009-2015\/kriza-grupi-i-ps-se-nuk-japim-konsensus-per-asnje-ligj-ne-kuvend\/#respond"]}]},{"@type":"WebPage","@id":"https:\/\/fjala.info\/2009-2015\/kriza-grupi-i-ps-se-nuk-japim-konsensus-per-asnje-ligj-ne-kuvend\/","url":"https:\/\/fjala.info\/2009-2015\/kriza-grupi-i-ps-se-nuk-japim-konsensus-per-asnje-ligj-ne-kuvend\/","name":"Kriza, Grupi i PS-s\u00eb: Nuk japim konsensus p\u00ebr asnj\u00eb ligj n\u00eb Kuvend - FjALA e LIR\u00cb - Arkivi","isPartOf":{"@id":"https:\/\/fjala.info\/2009-2015\/#website"},"primaryImageOfPage":{"@id":"https:\/\/fjala.info\/2009-2015\/kriza-grupi-i-ps-se-nuk-japim-konsensus-per-asnje-ligj-ne-kuvend\/#primaryimage"},"image":{"@id":"https:\/\/fjala.info\/2009-2015\/kriza-grupi-i-ps-se-nuk-japim-konsensus-per-asnje-ligj-ne-kuvend\/#primaryimage"},"thumbnailUrl":"http:\/\/www.shkoder.net\/images\/fjala\/2010\/grupi_parlamentar_ps.jpg","datePublished":"2010-07-01T05:42:24+00:00","breadcrumb":{"@id":"https:\/\/fjala.info\/2009-2015\/kriza-grupi-i-ps-se-nuk-japim-konsensus-per-asnje-ligj-ne-kuvend\/#breadcrumb"},"inLanguage":"sq-AL","potentialAction":[{"@type":"ReadAction","target":["https:\/\/fjala.info\/2009-2015\/kriza-grupi-i-ps-se-nuk-japim-konsensus-per-asnje-ligj-ne-kuvend\/"]}]},{"@type":"ImageObject","inLanguage":"sq-AL","@id":"https:\/\/fjala.info\/2009-2015\/kriza-grupi-i-ps-se-nuk-japim-konsensus-per-asnje-ligj-ne-kuvend\/#primaryimage","url":"http:\/\/www.shkoder.net\/images\/fjala\/2010\/grupi_parlamentar_ps.jpg","contentUrl":"http:\/\/www.shkoder.net\/images\/fjala\/2010\/grupi_parlamentar_ps.jpg"},{"@type":"BreadcrumbList","@id":"https:\/\/fjala.info\/2009-2015\/kriza-grupi-i-ps-se-nuk-japim-konsensus-per-asnje-ligj-ne-kuvend\/#breadcrumb","itemListElement":[{"@type":"ListItem","position":1,"name":"Home","item":"https:\/\/fjala.info\/2009-2015\/"},{"@type":"ListItem","position":2,"name":"Kriza, Grupi i PS-s\u00eb: Nuk japim konsensus p\u00ebr asnj\u00eb ligj n\u00eb Kuvend"}]},{"@type":"WebSite","@id":"https:\/\/fjala.info\/2009-2015\/#website","url":"https:\/\/fjala.info\/2009-2015\/","name":"FjALA e LIR\u00cb - Arkivi","description":"Arkivi 2009-2015","publisher":{"@id":"https:\/\/fjala.info\/2009-2015\/#organization"},"potentialAction":[{"@type":"SearchAction","target":{"@type":"EntryPoint","urlTemplate":"https:\/\/fjala.info\/2009-2015\/?s={search_term_string}"},"query-input":{"@type":"PropertyValueSpecification","valueRequired":true,"valueName":"search_term_string"}}],"inLanguage":"sq-AL"},{"@type":"Organization","@id":"https:\/\/fjala.info\/2009-2015\/#organization","name":"FjALA e LIR\u00cb - Arkivi","url":"https:\/\/fjala.info\/2009-2015\/","logo":{"@type":"ImageObject","inLanguage":"sq-AL","@id":"https:\/\/fjala.info\/2009-2015\/#\/schema\/logo\/image\/","url":"","contentUrl":"","caption":"FjALA e LIR\u00cb - Arkivi"},"image":{"@id":"https:\/\/fjala.info\/2009-2015\/#\/schema\/logo\/image\/"}},{"@type":"Person","@id":"https:\/\/fjala.info\/2009-2015\/#\/schema\/person\/3aa1163ef05469c496fc94e77611ada2","name":"admin","image":{"@type":"ImageObject","inLanguage":"sq-AL","@id":"https:\/\/fjala.info\/2009-2015\/wp-content\/uploads\/2012\/02\/arben_cokaj-120x150.jpg","url":"https:\/\/fjala.info\/2009-2015\/wp-content\/uploads\/2012\/02\/arben_cokaj-120x150.jpg","contentUrl":"https:\/\/fjala.info\/2009-2015\/wp-content\/uploads\/2012\/02\/arben_cokaj-120x150.jpg","caption":"admin"},"description":"Admin, Fjala e Lir\u00eb","sameAs":["https:\/\/fjala.info\/"],"url":"https:\/\/fjala.info\/2009-2015\/author\/admin\/"}]}},"_links":{"self":[{"href":"https:\/\/fjala.info\/2009-2015\/wp-json\/wp\/v2\/posts\/3151","targetHints":{"allow":["GET"]}}],"collection":[{"href":"https:\/\/fjala.info\/2009-2015\/wp-json\/wp\/v2\/posts"}],"about":[{"href":"https:\/\/fjala.info\/2009-2015\/wp-json\/wp\/v2\/types\/post"}],"author":[{"embeddable":true,"href":"https:\/\/fjala.info\/2009-2015\/wp-json\/wp\/v2\/users\/1"}],"replies":[{"embeddable":true,"href":"https:\/\/fjala.info\/2009-2015\/wp-json\/wp\/v2\/comments?post=3151"}],"version-history":[{"count":0,"href":"https:\/\/fjala.info\/2009-2015\/wp-json\/wp\/v2\/posts\/3151\/revisions"}],"wp:attachment":[{"href":"https:\/\/fjala.info\/2009-2015\/wp-json\/wp\/v2\/media?parent=3151"}],"wp:term":[{"taxonomy":"category","embeddable":true,"href":"https:\/\/fjala.info\/2009-2015\/wp-json\/wp\/v2\/categories?post=3151"},{"taxonomy":"post_tag","embeddable":true,"href":"https:\/\/fjala.info\/2009-2015\/wp-json\/wp\/v2\/tags?post=3151"}],"curies":[{"name":"wp","href":"https:\/\/api.w.org\/{rel}","templated":true}]}}