{"id":3145,"date":"2010-06-30T21:37:32","date_gmt":"2010-06-30T20:37:32","guid":{"rendered":"http:\/\/fjala.shkoder.net\/?p=3145"},"modified":"2010-06-30T21:37:32","modified_gmt":"2010-06-30T20:37:32","slug":"italia-perse-kjo-fushate-per-miqesine","status":"publish","type":"post","link":"https:\/\/fjala.info\/2009-2015\/italia-perse-kjo-fushate-per-miqesine\/","title":{"rendered":"Italia, p\u00ebrse kjo &#8216;fushat\u00eb p\u00ebr miq\u00ebsin\u00eb&#8217;?"},"content":{"rendered":"<p><strong>Besnik Baka<\/strong>, <em>29.06.2010<\/em><\/p>\n<p><img decoding=\"async\" style=\"margin-left: 10px; margin-right: 10px; border: 0px;\" src=\"http:\/\/www.shkoder.net\/images\/fjala\/2010\/berluskoni_berisha.jpg\" border=\"0\" alt=\"Berluskoni dhe Berisha\" width=\"300\" align=\"left\" \/><\/p>\n<p>Prej m\u00eb se tre muajsh, Italia ka nisur nj\u00eb fushat\u00eb promovuese masive p\u00ebr t\u00eb bindur shqiptar\u00ebt mbi miq\u00ebsin\u00eb e sinqert\u00eb q\u00eb dy shtetet g\u00ebzojn\u00eb. 80 aktivitete t\u00eb ndryshme kulturore, politike, ekonomike e sportive p\u00ebrfshir\u00eb k\u00ebtu edhe vizita t\u00eb zyrtar\u00ebve m\u00eb t\u00eb lart\u00eb italian\u00eb n\u00ebn sigl\u00ebn &#8220;Dy popuj, nj\u00eb det, nj\u00eb miq\u00ebsi&#8221; p\u00ebrb\u00ebnin mekanizmat e k\u00ebsaj fushate, q\u00eb uzurpoi edhe mediat shqiptare. Por, p\u00ebrse nevojitet nj\u00eb fushat\u00eb e till\u00eb, me nj\u00eb buxhet kaq t\u00eb madh? N\u00ebse do ta shikonim n\u00eb lentet e komunikimit dhe marketingut duhet t\u00eb dalin n\u00eb pah disa \u00e7\u00ebshtje baz\u00eb.<\/p>\n<p>S\u00eb pari, cili \u00ebsht\u00eb q\u00ebllimi i fushat\u00ebs? Nj\u00eb fushat\u00eb promovuese b\u00ebhet p\u00ebr t\u00eb krijuar nj\u00eb opinion publik t\u00eb favorsh\u00ebm p\u00ebr nj\u00eb \u00e7\u00ebshtje t\u00eb caktuar, n\u00eb rastin aktual p\u00ebr Italin\u00eb si investitor i sigurt. S\u00eb dyti, kujt i drejtohet? Mendohet se i drejtohet shqiptar\u00ebve (sigurisht, edhe politikan\u00ebve vendas, t\u00eb cil\u00ebt jan\u00eb p\u00ebrgjegj\u00ebs p\u00ebr vendimet strategjike). Cili \u00ebsht\u00eb mesazhi? Mesazhi duket i qart\u00eb: &#8220;Italia e do Shqip\u00ebrin\u00eb sepse&#8230;&#8221;<\/p>\n<p>Aktualisht shqiptar\u00ebt nuk kan\u00eb ndonj\u00eb paragjykim negativ p\u00ebr Italin\u00eb, pa dashur t\u00eb hyjm\u00eb n\u00eb detaje historike. Si rrjedhoj\u00eb kjo fushat\u00eb synon t\u00eb gjeneroj\u00eb besim p\u00ebr t\u00eb ardhmen p\u00ebr at\u00eb \u00e7ka Italia si entitet do t\u00eb b\u00ebj\u00eb n\u00eb Shqip\u00ebri. N\u00eb t\u00eb nj\u00ebjt\u00ebn koh\u00eb kjo fushat\u00eb \u00ebsht\u00eb nj\u00eb m\u00ebnyr\u00eb ideale p\u00ebr t\u00eb ngopur goj\u00ebt e uritura me reklama pa fund, duke b\u00ebr\u00eb q\u00eb z\u00ebrat kritik\u00eb gjithmon\u00eb e m\u00eb pak po d\u00ebgjohen n\u00eb televizione e gazeta vendase.<\/p>\n<p>N\u00eb an\u00ebn tjet\u00ebr qeveria shqiptare, e varf\u00ebr e me autoritet t\u00eb rr\u00ebnuar, p\u00ebrpiqet t\u00eb nxis\u00eb investimet e huaja duke u mund\u00ebsuar &#8220;miqve&#8221; standarde t\u00eb ul\u00ebta mjedisore, kosto t\u00eb ul\u00ebt t\u00eb pun\u00ebs e fitime t\u00eb majme (kujtojm\u00eb k\u00ebtu fushat\u00ebn &#8220;Shqip\u00ebria &#8211; 1 Euro&#8221;). Kjo praktik\u00eb \u00ebsht\u00eb e njohur n\u00eb vendet e pazhvilluara. Studiues t\u00eb njohur si Chomsky dhe Herman analizojn\u00eb se si korporatat multinacionale &#8220;b\u00ebjn\u00eb ligjin&#8221; n\u00eb vendet e bot\u00ebs s\u00eb tret\u00eb.<\/p>\n<p>Duke u p\u00ebrpjekur t\u00eb p\u00ebrfaq\u00ebsohen si mbrojt\u00ebse t\u00eb drejtat t\u00eb njeriut, nevojave dhe aspiratave t\u00eb tyre e n\u00eb ve\u00e7anti t\u00eb grupeve vulnerab\u00ebl, kompani e qeveri, gjenerojn\u00eb fitime marramend\u00ebse n\u00eb kurriz t\u00eb popullit dhe mjedisit. Kjo b\u00ebhet edhe m\u00eb e rrezikshme kur politika dhe biznesi b\u00ebhen s\u00eb bashku p\u00ebr p\u00ebrfitime t\u00eb nd\u00ebrsjella.<\/p>\n<p>Jo rast\u00ebsisht, &#8220;miq\u00ebsia e fundit&#8221; nisi me projektin mjaft t\u00eb kund\u00ebrshtuar t\u00eb p\u00ebrpunimit t\u00eb plehrave n\u00eb Kashar, ku n\u00ebp\u00ebrmjet nd\u00ebrtimit t\u00eb nj\u00eb impianti p\u00ebrpunimi nga pala italiane me kosto 6 milion\u00eb euro do t\u00eb b\u00ebhej asgj\u00ebsimi i p\u00ebrbashk\u00ebt i plehrave italiane e shqiptare. M\u00eb tej u pasua nga projekti &#8220;Petrolifera&#8221; q\u00eb prej vitesh ka nisur aktivitetin n\u00eb brigjet e Vlor\u00ebs. &#8220;Mb\u00ebshtetja p\u00ebr popullin shqiptar&#8221; vazhdoi me projektet p\u00ebr nd\u00ebrtimin e impianteve energjetike t\u00eb er\u00ebs, ku mund t\u00eb ve\u00e7ohet ai i Karaburunit. Por shum\u00eb shpejt ky projekt u anulua, pa\u00e7ka se ishte me miq\u00ebsori me mjedisin e shpresojm\u00eb q\u00eb p\u00ebr k\u00ebt\u00eb mos t\u00eb gjobitemi s\u00ebrish nga ndonj\u00eb gjykat\u00eb nd\u00ebrkomb\u00ebtare.<\/p>\n<p>Nd\u00ebrkoh\u00eb kompania italiane ENEL hyri fuqish\u00ebm n\u00eb loj\u00eb, duke k\u00ebrkuar t\u00eb luaj\u00eb rolin dominues n\u00eb zhvillimin e sektorit energjetik n\u00eb vend. Por ndryshe nga sa trumbetohet mbi nxitjen e zhvillimit t\u00eb energjis\u00eb s\u00eb rinovueshme, s\u00eb shpejti n\u00eb Porto-Romano pritet t\u00eb nd\u00ebrtohet nj\u00eb central energjetik me djegie qymyri, me fuqi 1300-1600 megavat. Kjo tashm\u00eb \u00ebsht\u00eb vulosur nga Ministri Ruli dhe Fluvio Konti, menaxher i p\u00ebrgjithsh\u00ebm i ENEL, nd\u00ebrkoh\u00eb q\u00eb nj\u00eb mb\u00ebshtet\u00ebs i sigurt p\u00ebr k\u00ebt\u00eb vep\u00ebr \u00ebsht\u00eb edhe konfidustria shqiptare.<\/p>\n<p>Sipas nj\u00eb studimi t\u00eb nxjerr\u00eb nga organizata EDEN n\u00eb bashk\u00ebpunim me &#8220;Bank\u00ebatch Net\u00ebork&#8221;, pritet q\u00eb Shqip\u00ebria t\u00eb rris\u00eb me 2.5 her\u00eb shkarkimet e dioksidit t\u00eb karbonit nga niveli aktual. Plani i ENEL do t\u00eb thot\u00eb importimin drejt Italis\u00eb t\u00eb 85% t\u00eb energjis\u00eb s\u00eb prodhuar n\u00eb Shqip\u00ebri dhe eksportimin n\u00eb vendin ton\u00eb t\u00eb t\u00eb gjith\u00eb ndotjes mjedisore q\u00eb kjo vep\u00ebr energjetike l\u00eb pas. Mendohet se ky central do t\u00eb pengoj\u00eb zhvillimin e industris\u00eb s\u00eb energjis\u00eb s\u00eb rip\u00ebrt\u00ebrishme dhe industrin\u00eb e turizmit krahas d\u00ebmit t\u00eb pashmangsh\u00ebm mjedisor. Transferimi i industris\u00eb s\u00eb ENEL, e jo vet\u00ebm nuk \u00ebsht\u00eb i rast\u00ebsish\u00ebm, por i menduar gjat\u00eb e i gatuar prej koh\u00ebsh nga Berisha e Berluskoni.<\/p>\n<p>E nj\u00ebjta kompani ka shprehur hapur ambiciet e saj p\u00ebr t\u00eb nd\u00ebrtuar nj\u00eb impiant energjetik nuklear n\u00eb kushte t\u00eb ngjashme, sapo Shqip\u00ebria t\u00eb &#8220;b\u00ebj\u00eb gati letrat&#8221;. Projektet e tilla duken se kan\u00eb marr\u00eb mb\u00ebshtetjen e lidershipit shqiptar q\u00eb n\u00eb asnj\u00eb moment nuk ka treguar v\u00ebmendje e interes ndaj efekteve negative t\u00eb k\u00ebtyre projekteve mjaft t\u00eb diskutueshme. Gjith\u00e7ka b\u00ebhet me konsensusin e plot\u00eb t\u00eb qeveritar\u00ebve shqiptar\u00eb (p\u00ebr ironi vet\u00ebm pak jav\u00eb m\u00eb par\u00eb, dy ministrat respektiv\u00eb t\u00eb Mjedisit, Mediu dhe Prestigiacomo, treguan se si Roma do t\u00eb &#8220;mb\u00ebshtes\u00eb&#8221; Tiran\u00ebn n\u00eb projektet mjedisore).<\/p>\n<p>Kjo miq\u00ebsi &#8220;e sinqert\u00eb&#8221; e ka nj\u00eb arsye. Italia ka probleme energjetike ashtu si Shqip\u00ebria. Sipas rregullave t\u00eb reja t\u00eb BE-s\u00eb, Italia duhet q\u00eb 20 % t\u00eb energjis\u00eb elektrike ta prodhoj\u00eb n\u00ebp\u00ebrmjet burimeve t\u00eb rinovueshme si era, uji, apo dielli. N\u00eb rast t\u00eb kund\u00ebrt, Italia duhet ta importoj\u00eb energjin\u00eb, \u00e7ka aktualisht po b\u00ebn \u00e7do vit. Sipas ekspert\u00ebve italian\u00eb, n\u00eb vitin 2020, Italia do t\u00eb jet\u00eb e aft\u00eb t\u00eb prodhoj\u00eb vet\u00ebm gjysm\u00ebn e energjis\u00eb elektrike q\u00eb i nevojitet. Aktualisht, ajo \u00ebsht\u00eb importuesi m\u00eb i madh i energjis\u00eb elektrike n\u00eb Europ\u00eb. N\u00eb vitin 2007, importonte m\u00eb shum\u00eb se 15 % t\u00eb energjis\u00eb e si rrjedhoj\u00eb \u00e7mimi i energjis\u00eb \u00ebsht\u00eb nd\u00ebr m\u00eb t\u00eb lart\u00ebt n\u00eb BE.<\/p>\n<p>N\u00eb an\u00ebn tjet\u00ebr puna p\u00ebr kompanit\u00eb energjetike \u00ebsht\u00eb b\u00ebr\u00eb edhe m\u00eb e v\u00ebshtir\u00eb si pasoj\u00eb e kostos s\u00eb lart\u00eb mjedisore q\u00eb ato duhet t\u00eb p\u00ebrballojn\u00eb. K\u00ebshtu Shqip\u00ebria \u00ebsht\u00eb nj\u00eb mund\u00ebsi ideale shp\u00ebtimi. Manovrat me Shqip\u00ebrin\u00eb do t\u00eb \u00e7lirojn\u00eb Italin\u00eb nga var\u00ebsia q\u00eb ka nga energjia e importuar (nukleare) nga Franca, por n\u00ebp\u00ebrmjet fushatave sensibilizuese dhe favoreve politike do t\u00eb marr\u00eb energji t\u00eb lir\u00eb 100% t\u00eb past\u00ebr p\u00ebr veten e saj.<\/p>\n<p>Teksa fushat\u00ebs &#8220;Nj\u00eb det, nj\u00eb miq\u00ebsi&#8221; po i ka ardhur fundi, shum\u00eb shpejt pritet t\u00eb nis\u00eb faza e dyt\u00eb, ajo e v\u00ebnies n\u00eb jet\u00eb t\u00eb aferave mes dy vendeve, ku politika dhe biznesi jan\u00eb b\u00ebr\u00eb bashk\u00eb n\u00eb em\u00ebr t\u00eb nj\u00eb &#8220;miq\u00ebsie t\u00eb ve\u00e7ant\u00eb&#8221; q\u00eb q\u00ebndron n\u00eb p\u00ebrfitime dhe mjedis t\u00eb ndotur. Por p\u00ebr k\u00ebt\u00eb pak thuhet e reklamohet.<\/p>\n","protected":false},"excerpt":{"rendered":"<p>Besnik Baka, 29.06.2010 Prej m\u00eb se tre muajsh, Italia ka nisur nj\u00eb fushat\u00eb promovuese masive p\u00ebr t\u00eb bindur shqiptar\u00ebt mbi miq\u00ebsin\u00eb e sinqert\u00eb q\u00eb dy shtetet g\u00ebzojn\u00eb. 80 aktivitete t\u00eb ndryshme kulturore, politike, ekonomike e sportive p\u00ebrfshir\u00eb k\u00ebtu edhe vizita t\u00eb zyrtar\u00ebve m\u00eb t\u00eb lart\u00eb italian\u00eb n\u00ebn sigl\u00ebn &#8220;Dy popuj, nj\u00eb det, nj\u00eb miq\u00ebsi&#8221; p\u00ebrb\u00ebnin [&hellip;]<\/p>\n","protected":false},"author":1,"featured_media":0,"comment_status":"open","ping_status":"closed","sticky":false,"template":"","format":"standard","meta":{"footnotes":""},"categories":[2],"tags":[],"class_list":{"0":"post-3145","1":"post","2":"type-post","3":"status-publish","4":"format-standard","6":"category-artikuj"},"yoast_head":"<!-- This site is optimized with the Yoast SEO plugin v27.4 - https:\/\/yoast.com\/product\/yoast-seo-wordpress\/ -->\n<title>Italia, p\u00ebrse kjo &#039;fushat\u00eb p\u00ebr miq\u00ebsin\u00eb&#039;? - FjALA e LIR\u00cb - Arkivi<\/title>\n<meta name=\"robots\" content=\"index, follow, max-snippet:-1, max-image-preview:large, max-video-preview:-1\" \/>\n<link rel=\"canonical\" href=\"https:\/\/fjala.info\/2009-2015\/italia-perse-kjo-fushate-per-miqesine\/\" \/>\n<meta property=\"og:locale\" content=\"sq_AL\" \/>\n<meta property=\"og:type\" content=\"article\" \/>\n<meta property=\"og:title\" content=\"Italia, p\u00ebrse kjo &#039;fushat\u00eb p\u00ebr miq\u00ebsin\u00eb&#039;? - FjALA e LIR\u00cb - Arkivi\" \/>\n<meta property=\"og:description\" content=\"Besnik Baka, 29.06.2010 Prej m\u00eb se tre muajsh, Italia ka nisur nj\u00eb fushat\u00eb promovuese masive p\u00ebr t\u00eb bindur shqiptar\u00ebt mbi miq\u00ebsin\u00eb e sinqert\u00eb q\u00eb dy shtetet g\u00ebzojn\u00eb. 80 aktivitete t\u00eb ndryshme kulturore, politike, ekonomike e sportive p\u00ebrfshir\u00eb k\u00ebtu edhe vizita t\u00eb zyrtar\u00ebve m\u00eb t\u00eb lart\u00eb italian\u00eb n\u00ebn sigl\u00ebn &#8220;Dy popuj, nj\u00eb det, nj\u00eb miq\u00ebsi&#8221; p\u00ebrb\u00ebnin [&hellip;]\" \/>\n<meta property=\"og:url\" content=\"https:\/\/fjala.info\/2009-2015\/italia-perse-kjo-fushate-per-miqesine\/\" \/>\n<meta property=\"og:site_name\" content=\"FjALA e LIR\u00cb - Arkivi\" \/>\n<meta property=\"article:published_time\" content=\"2010-06-30T20:37:32+00:00\" \/>\n<meta property=\"og:image\" content=\"http:\/\/www.shkoder.net\/images\/fjala\/2010\/berluskoni_berisha.jpg\" \/>\n<meta name=\"author\" content=\"admin\" \/>\n<meta name=\"twitter:card\" content=\"summary_large_image\" \/>\n<meta name=\"twitter:label1\" content=\"Written by\" \/>\n\t<meta name=\"twitter:data1\" content=\"admin\" \/>\n\t<meta name=\"twitter:label2\" content=\"Est. reading time\" \/>\n\t<meta name=\"twitter:data2\" content=\"6 minutes\" \/>\n<script type=\"application\/ld+json\" class=\"yoast-schema-graph\">{\"@context\":\"https:\\\/\\\/schema.org\",\"@graph\":[{\"@type\":\"Article\",\"@id\":\"https:\\\/\\\/fjala.info\\\/2009-2015\\\/italia-perse-kjo-fushate-per-miqesine\\\/#article\",\"isPartOf\":{\"@id\":\"https:\\\/\\\/fjala.info\\\/2009-2015\\\/italia-perse-kjo-fushate-per-miqesine\\\/\"},\"author\":{\"name\":\"admin\",\"@id\":\"https:\\\/\\\/fjala.info\\\/2009-2015\\\/#\\\/schema\\\/person\\\/3aa1163ef05469c496fc94e77611ada2\"},\"headline\":\"Italia, p\u00ebrse kjo &#8216;fushat\u00eb p\u00ebr miq\u00ebsin\u00eb&#8217;?\",\"datePublished\":\"2010-06-30T20:37:32+00:00\",\"mainEntityOfPage\":{\"@id\":\"https:\\\/\\\/fjala.info\\\/2009-2015\\\/italia-perse-kjo-fushate-per-miqesine\\\/\"},\"wordCount\":1156,\"commentCount\":0,\"publisher\":{\"@id\":\"https:\\\/\\\/fjala.info\\\/2009-2015\\\/#organization\"},\"image\":{\"@id\":\"https:\\\/\\\/fjala.info\\\/2009-2015\\\/italia-perse-kjo-fushate-per-miqesine\\\/#primaryimage\"},\"thumbnailUrl\":\"http:\\\/\\\/www.shkoder.net\\\/images\\\/fjala\\\/2010\\\/berluskoni_berisha.jpg\",\"articleSection\":[\"Artikuj\"],\"inLanguage\":\"sq-AL\",\"potentialAction\":[{\"@type\":\"CommentAction\",\"name\":\"Comment\",\"target\":[\"https:\\\/\\\/fjala.info\\\/2009-2015\\\/italia-perse-kjo-fushate-per-miqesine\\\/#respond\"]}]},{\"@type\":\"WebPage\",\"@id\":\"https:\\\/\\\/fjala.info\\\/2009-2015\\\/italia-perse-kjo-fushate-per-miqesine\\\/\",\"url\":\"https:\\\/\\\/fjala.info\\\/2009-2015\\\/italia-perse-kjo-fushate-per-miqesine\\\/\",\"name\":\"Italia, p\u00ebrse kjo 'fushat\u00eb p\u00ebr miq\u00ebsin\u00eb'? - FjALA e LIR\u00cb - Arkivi\",\"isPartOf\":{\"@id\":\"https:\\\/\\\/fjala.info\\\/2009-2015\\\/#website\"},\"primaryImageOfPage\":{\"@id\":\"https:\\\/\\\/fjala.info\\\/2009-2015\\\/italia-perse-kjo-fushate-per-miqesine\\\/#primaryimage\"},\"image\":{\"@id\":\"https:\\\/\\\/fjala.info\\\/2009-2015\\\/italia-perse-kjo-fushate-per-miqesine\\\/#primaryimage\"},\"thumbnailUrl\":\"http:\\\/\\\/www.shkoder.net\\\/images\\\/fjala\\\/2010\\\/berluskoni_berisha.jpg\",\"datePublished\":\"2010-06-30T20:37:32+00:00\",\"breadcrumb\":{\"@id\":\"https:\\\/\\\/fjala.info\\\/2009-2015\\\/italia-perse-kjo-fushate-per-miqesine\\\/#breadcrumb\"},\"inLanguage\":\"sq-AL\",\"potentialAction\":[{\"@type\":\"ReadAction\",\"target\":[\"https:\\\/\\\/fjala.info\\\/2009-2015\\\/italia-perse-kjo-fushate-per-miqesine\\\/\"]}]},{\"@type\":\"ImageObject\",\"inLanguage\":\"sq-AL\",\"@id\":\"https:\\\/\\\/fjala.info\\\/2009-2015\\\/italia-perse-kjo-fushate-per-miqesine\\\/#primaryimage\",\"url\":\"http:\\\/\\\/www.shkoder.net\\\/images\\\/fjala\\\/2010\\\/berluskoni_berisha.jpg\",\"contentUrl\":\"http:\\\/\\\/www.shkoder.net\\\/images\\\/fjala\\\/2010\\\/berluskoni_berisha.jpg\"},{\"@type\":\"BreadcrumbList\",\"@id\":\"https:\\\/\\\/fjala.info\\\/2009-2015\\\/italia-perse-kjo-fushate-per-miqesine\\\/#breadcrumb\",\"itemListElement\":[{\"@type\":\"ListItem\",\"position\":1,\"name\":\"Home\",\"item\":\"https:\\\/\\\/fjala.info\\\/2009-2015\\\/\"},{\"@type\":\"ListItem\",\"position\":2,\"name\":\"Italia, p\u00ebrse kjo &#8216;fushat\u00eb p\u00ebr miq\u00ebsin\u00eb&#8217;?\"}]},{\"@type\":\"WebSite\",\"@id\":\"https:\\\/\\\/fjala.info\\\/2009-2015\\\/#website\",\"url\":\"https:\\\/\\\/fjala.info\\\/2009-2015\\\/\",\"name\":\"FjALA e LIR\u00cb - Arkivi\",\"description\":\"Arkivi 2009-2015\",\"publisher\":{\"@id\":\"https:\\\/\\\/fjala.info\\\/2009-2015\\\/#organization\"},\"potentialAction\":[{\"@type\":\"SearchAction\",\"target\":{\"@type\":\"EntryPoint\",\"urlTemplate\":\"https:\\\/\\\/fjala.info\\\/2009-2015\\\/?s={search_term_string}\"},\"query-input\":{\"@type\":\"PropertyValueSpecification\",\"valueRequired\":true,\"valueName\":\"search_term_string\"}}],\"inLanguage\":\"sq-AL\"},{\"@type\":\"Organization\",\"@id\":\"https:\\\/\\\/fjala.info\\\/2009-2015\\\/#organization\",\"name\":\"FjALA e LIR\u00cb - Arkivi\",\"url\":\"https:\\\/\\\/fjala.info\\\/2009-2015\\\/\",\"logo\":{\"@type\":\"ImageObject\",\"inLanguage\":\"sq-AL\",\"@id\":\"https:\\\/\\\/fjala.info\\\/2009-2015\\\/#\\\/schema\\\/logo\\\/image\\\/\",\"url\":\"\",\"contentUrl\":\"\",\"caption\":\"FjALA e LIR\u00cb - Arkivi\"},\"image\":{\"@id\":\"https:\\\/\\\/fjala.info\\\/2009-2015\\\/#\\\/schema\\\/logo\\\/image\\\/\"}},{\"@type\":\"Person\",\"@id\":\"https:\\\/\\\/fjala.info\\\/2009-2015\\\/#\\\/schema\\\/person\\\/3aa1163ef05469c496fc94e77611ada2\",\"name\":\"admin\",\"image\":{\"@type\":\"ImageObject\",\"inLanguage\":\"sq-AL\",\"@id\":\"https:\\\/\\\/fjala.info\\\/2009-2015\\\/wp-content\\\/uploads\\\/2012\\\/02\\\/arben_cokaj-120x150.jpg\",\"url\":\"https:\\\/\\\/fjala.info\\\/2009-2015\\\/wp-content\\\/uploads\\\/2012\\\/02\\\/arben_cokaj-120x150.jpg\",\"contentUrl\":\"https:\\\/\\\/fjala.info\\\/2009-2015\\\/wp-content\\\/uploads\\\/2012\\\/02\\\/arben_cokaj-120x150.jpg\",\"caption\":\"admin\"},\"description\":\"Admin, Fjala e Lir\u00eb\",\"sameAs\":[\"https:\\\/\\\/fjala.info\\\/\"],\"url\":\"https:\\\/\\\/fjala.info\\\/2009-2015\\\/author\\\/admin\\\/\"}]}<\/script>\n<!-- \/ Yoast SEO plugin. -->","yoast_head_json":{"title":"Italia, p\u00ebrse kjo 'fushat\u00eb p\u00ebr miq\u00ebsin\u00eb'? - FjALA e LIR\u00cb - Arkivi","robots":{"index":"index","follow":"follow","max-snippet":"max-snippet:-1","max-image-preview":"max-image-preview:large","max-video-preview":"max-video-preview:-1"},"canonical":"https:\/\/fjala.info\/2009-2015\/italia-perse-kjo-fushate-per-miqesine\/","og_locale":"sq_AL","og_type":"article","og_title":"Italia, p\u00ebrse kjo 'fushat\u00eb p\u00ebr miq\u00ebsin\u00eb'? - FjALA e LIR\u00cb - Arkivi","og_description":"Besnik Baka, 29.06.2010 Prej m\u00eb se tre muajsh, Italia ka nisur nj\u00eb fushat\u00eb promovuese masive p\u00ebr t\u00eb bindur shqiptar\u00ebt mbi miq\u00ebsin\u00eb e sinqert\u00eb q\u00eb dy shtetet g\u00ebzojn\u00eb. 80 aktivitete t\u00eb ndryshme kulturore, politike, ekonomike e sportive p\u00ebrfshir\u00eb k\u00ebtu edhe vizita t\u00eb zyrtar\u00ebve m\u00eb t\u00eb lart\u00eb italian\u00eb n\u00ebn sigl\u00ebn &#8220;Dy popuj, nj\u00eb det, nj\u00eb miq\u00ebsi&#8221; p\u00ebrb\u00ebnin [&hellip;]","og_url":"https:\/\/fjala.info\/2009-2015\/italia-perse-kjo-fushate-per-miqesine\/","og_site_name":"FjALA e LIR\u00cb - Arkivi","article_published_time":"2010-06-30T20:37:32+00:00","og_image":[{"url":"http:\/\/www.shkoder.net\/images\/fjala\/2010\/berluskoni_berisha.jpg","type":"","width":"","height":""}],"author":"admin","twitter_card":"summary_large_image","twitter_misc":{"Written by":"admin","Est. reading time":"6 minutes"},"schema":{"@context":"https:\/\/schema.org","@graph":[{"@type":"Article","@id":"https:\/\/fjala.info\/2009-2015\/italia-perse-kjo-fushate-per-miqesine\/#article","isPartOf":{"@id":"https:\/\/fjala.info\/2009-2015\/italia-perse-kjo-fushate-per-miqesine\/"},"author":{"name":"admin","@id":"https:\/\/fjala.info\/2009-2015\/#\/schema\/person\/3aa1163ef05469c496fc94e77611ada2"},"headline":"Italia, p\u00ebrse kjo &#8216;fushat\u00eb p\u00ebr miq\u00ebsin\u00eb&#8217;?","datePublished":"2010-06-30T20:37:32+00:00","mainEntityOfPage":{"@id":"https:\/\/fjala.info\/2009-2015\/italia-perse-kjo-fushate-per-miqesine\/"},"wordCount":1156,"commentCount":0,"publisher":{"@id":"https:\/\/fjala.info\/2009-2015\/#organization"},"image":{"@id":"https:\/\/fjala.info\/2009-2015\/italia-perse-kjo-fushate-per-miqesine\/#primaryimage"},"thumbnailUrl":"http:\/\/www.shkoder.net\/images\/fjala\/2010\/berluskoni_berisha.jpg","articleSection":["Artikuj"],"inLanguage":"sq-AL","potentialAction":[{"@type":"CommentAction","name":"Comment","target":["https:\/\/fjala.info\/2009-2015\/italia-perse-kjo-fushate-per-miqesine\/#respond"]}]},{"@type":"WebPage","@id":"https:\/\/fjala.info\/2009-2015\/italia-perse-kjo-fushate-per-miqesine\/","url":"https:\/\/fjala.info\/2009-2015\/italia-perse-kjo-fushate-per-miqesine\/","name":"Italia, p\u00ebrse kjo 'fushat\u00eb p\u00ebr miq\u00ebsin\u00eb'? - FjALA e LIR\u00cb - Arkivi","isPartOf":{"@id":"https:\/\/fjala.info\/2009-2015\/#website"},"primaryImageOfPage":{"@id":"https:\/\/fjala.info\/2009-2015\/italia-perse-kjo-fushate-per-miqesine\/#primaryimage"},"image":{"@id":"https:\/\/fjala.info\/2009-2015\/italia-perse-kjo-fushate-per-miqesine\/#primaryimage"},"thumbnailUrl":"http:\/\/www.shkoder.net\/images\/fjala\/2010\/berluskoni_berisha.jpg","datePublished":"2010-06-30T20:37:32+00:00","breadcrumb":{"@id":"https:\/\/fjala.info\/2009-2015\/italia-perse-kjo-fushate-per-miqesine\/#breadcrumb"},"inLanguage":"sq-AL","potentialAction":[{"@type":"ReadAction","target":["https:\/\/fjala.info\/2009-2015\/italia-perse-kjo-fushate-per-miqesine\/"]}]},{"@type":"ImageObject","inLanguage":"sq-AL","@id":"https:\/\/fjala.info\/2009-2015\/italia-perse-kjo-fushate-per-miqesine\/#primaryimage","url":"http:\/\/www.shkoder.net\/images\/fjala\/2010\/berluskoni_berisha.jpg","contentUrl":"http:\/\/www.shkoder.net\/images\/fjala\/2010\/berluskoni_berisha.jpg"},{"@type":"BreadcrumbList","@id":"https:\/\/fjala.info\/2009-2015\/italia-perse-kjo-fushate-per-miqesine\/#breadcrumb","itemListElement":[{"@type":"ListItem","position":1,"name":"Home","item":"https:\/\/fjala.info\/2009-2015\/"},{"@type":"ListItem","position":2,"name":"Italia, p\u00ebrse kjo &#8216;fushat\u00eb p\u00ebr miq\u00ebsin\u00eb&#8217;?"}]},{"@type":"WebSite","@id":"https:\/\/fjala.info\/2009-2015\/#website","url":"https:\/\/fjala.info\/2009-2015\/","name":"FjALA e LIR\u00cb - Arkivi","description":"Arkivi 2009-2015","publisher":{"@id":"https:\/\/fjala.info\/2009-2015\/#organization"},"potentialAction":[{"@type":"SearchAction","target":{"@type":"EntryPoint","urlTemplate":"https:\/\/fjala.info\/2009-2015\/?s={search_term_string}"},"query-input":{"@type":"PropertyValueSpecification","valueRequired":true,"valueName":"search_term_string"}}],"inLanguage":"sq-AL"},{"@type":"Organization","@id":"https:\/\/fjala.info\/2009-2015\/#organization","name":"FjALA e LIR\u00cb - Arkivi","url":"https:\/\/fjala.info\/2009-2015\/","logo":{"@type":"ImageObject","inLanguage":"sq-AL","@id":"https:\/\/fjala.info\/2009-2015\/#\/schema\/logo\/image\/","url":"","contentUrl":"","caption":"FjALA e LIR\u00cb - Arkivi"},"image":{"@id":"https:\/\/fjala.info\/2009-2015\/#\/schema\/logo\/image\/"}},{"@type":"Person","@id":"https:\/\/fjala.info\/2009-2015\/#\/schema\/person\/3aa1163ef05469c496fc94e77611ada2","name":"admin","image":{"@type":"ImageObject","inLanguage":"sq-AL","@id":"https:\/\/fjala.info\/2009-2015\/wp-content\/uploads\/2012\/02\/arben_cokaj-120x150.jpg","url":"https:\/\/fjala.info\/2009-2015\/wp-content\/uploads\/2012\/02\/arben_cokaj-120x150.jpg","contentUrl":"https:\/\/fjala.info\/2009-2015\/wp-content\/uploads\/2012\/02\/arben_cokaj-120x150.jpg","caption":"admin"},"description":"Admin, Fjala e Lir\u00eb","sameAs":["https:\/\/fjala.info\/"],"url":"https:\/\/fjala.info\/2009-2015\/author\/admin\/"}]}},"_links":{"self":[{"href":"https:\/\/fjala.info\/2009-2015\/wp-json\/wp\/v2\/posts\/3145","targetHints":{"allow":["GET"]}}],"collection":[{"href":"https:\/\/fjala.info\/2009-2015\/wp-json\/wp\/v2\/posts"}],"about":[{"href":"https:\/\/fjala.info\/2009-2015\/wp-json\/wp\/v2\/types\/post"}],"author":[{"embeddable":true,"href":"https:\/\/fjala.info\/2009-2015\/wp-json\/wp\/v2\/users\/1"}],"replies":[{"embeddable":true,"href":"https:\/\/fjala.info\/2009-2015\/wp-json\/wp\/v2\/comments?post=3145"}],"version-history":[{"count":0,"href":"https:\/\/fjala.info\/2009-2015\/wp-json\/wp\/v2\/posts\/3145\/revisions"}],"wp:attachment":[{"href":"https:\/\/fjala.info\/2009-2015\/wp-json\/wp\/v2\/media?parent=3145"}],"wp:term":[{"taxonomy":"category","embeddable":true,"href":"https:\/\/fjala.info\/2009-2015\/wp-json\/wp\/v2\/categories?post=3145"},{"taxonomy":"post_tag","embeddable":true,"href":"https:\/\/fjala.info\/2009-2015\/wp-json\/wp\/v2\/tags?post=3145"}],"curies":[{"name":"wp","href":"https:\/\/api.w.org\/{rel}","templated":true}]}}