{"id":3137,"date":"2010-06-30T10:34:25","date_gmt":"2010-06-30T09:34:25","guid":{"rendered":"http:\/\/fjala.shkoder.net\/?p=3137"},"modified":"2010-06-30T10:34:25","modified_gmt":"2010-06-30T09:34:25","slug":"shoqeria-shqiptare-eshte-dorezuar","status":"publish","type":"post","link":"https:\/\/fjala.info\/2009-2015\/shoqeria-shqiptare-eshte-dorezuar\/","title":{"rendered":"SHOQ\u00cbRIA SHQIPTARE \u00cbSHT\u00cb DOR\u00cbZUAR"},"content":{"rendered":"<p><img decoding=\"async\" style=\"margin-left: 10px; margin-right: 10px; border: 0px;\" src=\"http:\/\/www.shkoder.net\/images\/fjala\/mustafa_nano.jpg\" border=\"0\" alt=\"Mustafa Nano\" width=\"100\" align=\"left\" \/><\/p>\n<p><strong>Mustafa Nano<\/strong><\/p>\n<p><em>Zululand<\/em><br \/>\nShum\u00eb vet\u00eb e marrin me t\u00eb qeshur deklarat\u00ebn e p\u00ebrs\u00ebritur t\u00eb Berish\u00ebs, se \u201cai do t\u00eb jet\u00eb Kryeminist\u00ebr edhe 35 vjet t\u00eb tjera\u201d. Mir\u00ebpo \u00ebsht\u00eb nj\u00eb nga ato pak deklarata, me t\u00eb cilat Berisha as tallet, as g\u00ebnjen. Ndoshta gabon pak kur thot\u00eb 35 vjet (Berisha kontrollon e blen gjith\u00e7ka, por jo vdekjen; vdekja nuk \u00ebsht\u00eb as minist\u00ebr, as deputet, e as gazetar i zhganit t\u00eb vet), por me k\u00ebt\u00eb k\u00ebrkon t\u00eb thot\u00eb se \u201cai do t\u00eb jet\u00eb Kryeminist\u00ebr p\u00ebr aq koh\u00eb sa do t\u00eb marr\u00eb frym\u00eb mbi dh\u00e9\u201d.<\/p>\n<p>Duhet besuar pra, pasi nuk ka asgj\u00eb q\u00eb ta pengoj\u00eb; ve\u00e7 n\u00eb ndodht\u00eb, q\u00eb ajo gj\u00ebja q\u00eb \u201cnuk \u00ebsht\u00eb as minist\u00ebr, as deputet, e as gazetar i zhganit t\u00eb vet\u201d t\u2019i l\u00ebr\u00eb nj\u00eb takim t\u00eb papritur. Mir\u00ebpo, nuk \u00ebsht\u00eb shum\u00eb elegante t\u00eb pres\u00ebsh shp\u00ebtim prej saj; p\u00ebrve\u00e7 k\u00ebsaj, vdekja \u00ebsht\u00eb shum\u00eb trillane; \u00ebsht\u00eb aq trillane, sa mund t\u00eb na marr\u00eb fillimisht ne t\u00eb t\u00ebr\u00ebve, e pastaj t\u00eb marr\u00eb at\u00eb.<\/p>\n<p>Kur thash\u00eb pak m\u00eb sip\u00ebr se nuk ka asgj\u00eb q\u00eb ta pengoj\u00eb, pata parasysh pik\u00ebrisht k\u00ebt\u00eb situat\u00eb, n\u00eb t\u00eb cil\u00ebn shoq\u00ebria shqiptare \u00ebsht\u00eb totalisht e lodhur, e lig\u00ebshtuar, e dor\u00ebzuar. Po zbehen e po zhb\u00ebhen ato pak vatra t\u00eb rezistenc\u00ebs embrionale t\u00eb k\u00ebsaj shoq\u00ebrie ndaj praktikave t\u00eb sundimit autokratik t\u00eb vendit. Shoq\u00ebria civile, qendrat e dijes e t\u00eb krijimit dhe elitat intelektuale e kulturore, duket se ia kan\u00eb futur gjumit p\u00ebr shtat\u00eb pal\u00eb qejfe; nj\u00eb pjese syresh, n\u00eb fakt, ve\u00e7 te gjumi nuk u shkon mendja: t\u00eb japin p\u00ebrshtypjen se jetojn\u00eb me hallet e pushtetit dhe vuajn\u00eb prej k\u00ebtyre halleve m\u00eb shum\u00eb se sa vet\u00eb pushteti.<\/p>\n<p>Mass-media s\u2019ka qen\u00eb kurr\u00eb kaq servile ndaj Kryeministrit; edhe ato q\u00eb s\u2019jan\u00eb me Kryeministrin, jan\u00eb t\u00eb sqaqura e t\u00eb tredhura prej nj\u00eb droje e prej nj\u00eb neutraliteti t\u00eb k\u00ebrkuar si kriter me demek deontologjik. Nj\u00eb num\u00ebr gazetar\u00ebsh influent\u00eb t\u00eb vendit, bash n\u00eb k\u00ebt\u00eb moment, kan\u00eb zgjedhur t\u2019i sh\u00ebrbejn\u00eb Kryeministrit (e b\u00ebjn\u00eb k\u00ebt\u00eb po nj\u00ebsoj edhe kur heshtin, edhe kur sillen si kinse t\u00eb paansh\u00ebm, edhe kur b\u00ebmat prej sh\u00ebrb\u00ebtori i shpallin faqe bot\u00ebs).<\/p>\n<p>Institucionet e pavarura kushtetuese jan\u00eb ose t\u00eb n\u00ebp\u00ebrk\u00ebmbura, ose t\u00eb frik\u00ebsuara, ose t\u00eb korruptuara, e n\u00eb k\u00ebto rrethana, sa her\u00eb q\u00eb u duhet t\u00eb marrin nj\u00eb vendim, apo t\u00eb mbajn\u00eb nj\u00eb q\u00ebndrim, nuk din\u00eb t\u00eb b\u00ebjn\u00eb gj\u00eb tjet\u00ebr, ve\u00e7se t\u00eb orientohen nga busulla e interesave t\u00eb Kryeministrit. Opozita e Edi Ram\u00ebs, pas daljes me gisht n\u00eb goj\u00eb nga Krokodili, duket se \u00ebsht\u00eb keqas e trallisur.<\/p>\n<p>Nd\u00ebrsa \u00ebsht\u00eb duke vrar\u00eb mendjen, se si duhet ta vijoj\u00eb betej\u00ebn p\u00ebr hetimin e zgjedhjeve t\u00eb shkuara (nj\u00eb betej\u00eb q\u00eb, sipas meje, duhet vazhduar), \u00ebsht\u00eb duke humbur funksionet e nj\u00ebmendta opozitare, gj\u00eb q\u00eb duket te fakti, q\u00eb s\u00eb pari Kryeministri nuk duket se ndodhet hi\u00e7 n\u00ebn presion, e q\u00eb s\u00eb dyti opozita nuk po di t\u00eb kontrolloj\u00eb e t\u00eb denoncoj\u00eb si duhet aksionin qeveris\u00ebs e zullumet e Kryeministrit. P\u00ebrkundrazi, Kryeministri \u00ebsht\u00eb i eksituar si rrall\u00ebher\u00eb, dhe ne m\u00eb kot po presim q\u00eb t\u00eb ejakuloj\u00eb. Ngjan se \u00ebsht\u00eb opozita ajo q\u00eb ka ejakuluar. Tok me t\u00eb gjith\u00eb ne.<\/p>\n","protected":false},"excerpt":{"rendered":"<p>Mustafa Nano Zululand Shum\u00eb vet\u00eb e marrin me t\u00eb qeshur deklarat\u00ebn e p\u00ebrs\u00ebritur t\u00eb Berish\u00ebs, se \u201cai do t\u00eb jet\u00eb Kryeminist\u00ebr edhe 35 vjet t\u00eb tjera\u201d. Mir\u00ebpo \u00ebsht\u00eb nj\u00eb nga ato pak deklarata, me t\u00eb cilat Berisha as tallet, as g\u00ebnjen. Ndoshta gabon pak kur thot\u00eb 35 vjet (Berisha kontrollon e blen gjith\u00e7ka, por jo [&hellip;]<\/p>\n","protected":false},"author":1,"featured_media":0,"comment_status":"open","ping_status":"closed","sticky":false,"template":"","format":"standard","meta":{"footnotes":""},"categories":[2],"tags":[],"class_list":{"0":"post-3137","1":"post","2":"type-post","3":"status-publish","4":"format-standard","6":"category-artikuj"},"yoast_head":"<!-- This site is optimized with the Yoast SEO plugin v27.4 - https:\/\/yoast.com\/product\/yoast-seo-wordpress\/ -->\n<title>SHOQ\u00cbRIA SHQIPTARE \u00cbSHT\u00cb DOR\u00cbZUAR - FjALA e LIR\u00cb - Arkivi<\/title>\n<meta name=\"robots\" content=\"index, follow, max-snippet:-1, max-image-preview:large, max-video-preview:-1\" \/>\n<link rel=\"canonical\" href=\"https:\/\/fjala.info\/2009-2015\/shoqeria-shqiptare-eshte-dorezuar\/\" \/>\n<meta property=\"og:locale\" content=\"sq_AL\" \/>\n<meta property=\"og:type\" content=\"article\" \/>\n<meta property=\"og:title\" content=\"SHOQ\u00cbRIA SHQIPTARE \u00cbSHT\u00cb DOR\u00cbZUAR - FjALA e LIR\u00cb - Arkivi\" \/>\n<meta property=\"og:description\" content=\"Mustafa Nano Zululand Shum\u00eb vet\u00eb e marrin me t\u00eb qeshur deklarat\u00ebn e p\u00ebrs\u00ebritur t\u00eb Berish\u00ebs, se \u201cai do t\u00eb jet\u00eb Kryeminist\u00ebr edhe 35 vjet t\u00eb tjera\u201d. Mir\u00ebpo \u00ebsht\u00eb nj\u00eb nga ato pak deklarata, me t\u00eb cilat Berisha as tallet, as g\u00ebnjen. Ndoshta gabon pak kur thot\u00eb 35 vjet (Berisha kontrollon e blen gjith\u00e7ka, por jo [&hellip;]\" \/>\n<meta property=\"og:url\" content=\"https:\/\/fjala.info\/2009-2015\/shoqeria-shqiptare-eshte-dorezuar\/\" \/>\n<meta property=\"og:site_name\" content=\"FjALA e LIR\u00cb - Arkivi\" \/>\n<meta property=\"article:published_time\" content=\"2010-06-30T09:34:25+00:00\" \/>\n<meta property=\"og:image\" content=\"http:\/\/www.shkoder.net\/images\/fjala\/mustafa_nano.jpg\" \/>\n<meta name=\"author\" content=\"admin\" \/>\n<meta name=\"twitter:card\" content=\"summary_large_image\" \/>\n<meta name=\"twitter:label1\" content=\"Written by\" \/>\n\t<meta name=\"twitter:data1\" content=\"admin\" \/>\n\t<meta name=\"twitter:label2\" content=\"Est. reading time\" \/>\n\t<meta name=\"twitter:data2\" content=\"3 minutes\" \/>\n<script type=\"application\/ld+json\" class=\"yoast-schema-graph\">{\"@context\":\"https:\\\/\\\/schema.org\",\"@graph\":[{\"@type\":\"Article\",\"@id\":\"https:\\\/\\\/fjala.info\\\/2009-2015\\\/shoqeria-shqiptare-eshte-dorezuar\\\/#article\",\"isPartOf\":{\"@id\":\"https:\\\/\\\/fjala.info\\\/2009-2015\\\/shoqeria-shqiptare-eshte-dorezuar\\\/\"},\"author\":{\"name\":\"admin\",\"@id\":\"https:\\\/\\\/fjala.info\\\/2009-2015\\\/#\\\/schema\\\/person\\\/3aa1163ef05469c496fc94e77611ada2\"},\"headline\":\"SHOQ\u00cbRIA SHQIPTARE \u00cbSHT\u00cb DOR\u00cbZUAR\",\"datePublished\":\"2010-06-30T09:34:25+00:00\",\"mainEntityOfPage\":{\"@id\":\"https:\\\/\\\/fjala.info\\\/2009-2015\\\/shoqeria-shqiptare-eshte-dorezuar\\\/\"},\"wordCount\":579,\"commentCount\":0,\"publisher\":{\"@id\":\"https:\\\/\\\/fjala.info\\\/2009-2015\\\/#organization\"},\"image\":{\"@id\":\"https:\\\/\\\/fjala.info\\\/2009-2015\\\/shoqeria-shqiptare-eshte-dorezuar\\\/#primaryimage\"},\"thumbnailUrl\":\"http:\\\/\\\/www.shkoder.net\\\/images\\\/fjala\\\/mustafa_nano.jpg\",\"articleSection\":[\"Artikuj\"],\"inLanguage\":\"sq-AL\",\"potentialAction\":[{\"@type\":\"CommentAction\",\"name\":\"Comment\",\"target\":[\"https:\\\/\\\/fjala.info\\\/2009-2015\\\/shoqeria-shqiptare-eshte-dorezuar\\\/#respond\"]}]},{\"@type\":\"WebPage\",\"@id\":\"https:\\\/\\\/fjala.info\\\/2009-2015\\\/shoqeria-shqiptare-eshte-dorezuar\\\/\",\"url\":\"https:\\\/\\\/fjala.info\\\/2009-2015\\\/shoqeria-shqiptare-eshte-dorezuar\\\/\",\"name\":\"SHOQ\u00cbRIA SHQIPTARE \u00cbSHT\u00cb DOR\u00cbZUAR - FjALA e LIR\u00cb - Arkivi\",\"isPartOf\":{\"@id\":\"https:\\\/\\\/fjala.info\\\/2009-2015\\\/#website\"},\"primaryImageOfPage\":{\"@id\":\"https:\\\/\\\/fjala.info\\\/2009-2015\\\/shoqeria-shqiptare-eshte-dorezuar\\\/#primaryimage\"},\"image\":{\"@id\":\"https:\\\/\\\/fjala.info\\\/2009-2015\\\/shoqeria-shqiptare-eshte-dorezuar\\\/#primaryimage\"},\"thumbnailUrl\":\"http:\\\/\\\/www.shkoder.net\\\/images\\\/fjala\\\/mustafa_nano.jpg\",\"datePublished\":\"2010-06-30T09:34:25+00:00\",\"breadcrumb\":{\"@id\":\"https:\\\/\\\/fjala.info\\\/2009-2015\\\/shoqeria-shqiptare-eshte-dorezuar\\\/#breadcrumb\"},\"inLanguage\":\"sq-AL\",\"potentialAction\":[{\"@type\":\"ReadAction\",\"target\":[\"https:\\\/\\\/fjala.info\\\/2009-2015\\\/shoqeria-shqiptare-eshte-dorezuar\\\/\"]}]},{\"@type\":\"ImageObject\",\"inLanguage\":\"sq-AL\",\"@id\":\"https:\\\/\\\/fjala.info\\\/2009-2015\\\/shoqeria-shqiptare-eshte-dorezuar\\\/#primaryimage\",\"url\":\"http:\\\/\\\/www.shkoder.net\\\/images\\\/fjala\\\/mustafa_nano.jpg\",\"contentUrl\":\"http:\\\/\\\/www.shkoder.net\\\/images\\\/fjala\\\/mustafa_nano.jpg\"},{\"@type\":\"BreadcrumbList\",\"@id\":\"https:\\\/\\\/fjala.info\\\/2009-2015\\\/shoqeria-shqiptare-eshte-dorezuar\\\/#breadcrumb\",\"itemListElement\":[{\"@type\":\"ListItem\",\"position\":1,\"name\":\"Home\",\"item\":\"https:\\\/\\\/fjala.info\\\/2009-2015\\\/\"},{\"@type\":\"ListItem\",\"position\":2,\"name\":\"SHOQ\u00cbRIA SHQIPTARE \u00cbSHT\u00cb DOR\u00cbZUAR\"}]},{\"@type\":\"WebSite\",\"@id\":\"https:\\\/\\\/fjala.info\\\/2009-2015\\\/#website\",\"url\":\"https:\\\/\\\/fjala.info\\\/2009-2015\\\/\",\"name\":\"FjALA e LIR\u00cb - Arkivi\",\"description\":\"Arkivi 2009-2015\",\"publisher\":{\"@id\":\"https:\\\/\\\/fjala.info\\\/2009-2015\\\/#organization\"},\"potentialAction\":[{\"@type\":\"SearchAction\",\"target\":{\"@type\":\"EntryPoint\",\"urlTemplate\":\"https:\\\/\\\/fjala.info\\\/2009-2015\\\/?s={search_term_string}\"},\"query-input\":{\"@type\":\"PropertyValueSpecification\",\"valueRequired\":true,\"valueName\":\"search_term_string\"}}],\"inLanguage\":\"sq-AL\"},{\"@type\":\"Organization\",\"@id\":\"https:\\\/\\\/fjala.info\\\/2009-2015\\\/#organization\",\"name\":\"FjALA e LIR\u00cb - Arkivi\",\"url\":\"https:\\\/\\\/fjala.info\\\/2009-2015\\\/\",\"logo\":{\"@type\":\"ImageObject\",\"inLanguage\":\"sq-AL\",\"@id\":\"https:\\\/\\\/fjala.info\\\/2009-2015\\\/#\\\/schema\\\/logo\\\/image\\\/\",\"url\":\"\",\"contentUrl\":\"\",\"caption\":\"FjALA e LIR\u00cb - Arkivi\"},\"image\":{\"@id\":\"https:\\\/\\\/fjala.info\\\/2009-2015\\\/#\\\/schema\\\/logo\\\/image\\\/\"}},{\"@type\":\"Person\",\"@id\":\"https:\\\/\\\/fjala.info\\\/2009-2015\\\/#\\\/schema\\\/person\\\/3aa1163ef05469c496fc94e77611ada2\",\"name\":\"admin\",\"image\":{\"@type\":\"ImageObject\",\"inLanguage\":\"sq-AL\",\"@id\":\"https:\\\/\\\/fjala.info\\\/2009-2015\\\/wp-content\\\/uploads\\\/2012\\\/02\\\/arben_cokaj-120x150.jpg\",\"url\":\"https:\\\/\\\/fjala.info\\\/2009-2015\\\/wp-content\\\/uploads\\\/2012\\\/02\\\/arben_cokaj-120x150.jpg\",\"contentUrl\":\"https:\\\/\\\/fjala.info\\\/2009-2015\\\/wp-content\\\/uploads\\\/2012\\\/02\\\/arben_cokaj-120x150.jpg\",\"caption\":\"admin\"},\"description\":\"Admin, Fjala e Lir\u00eb\",\"sameAs\":[\"https:\\\/\\\/fjala.info\\\/\"],\"url\":\"https:\\\/\\\/fjala.info\\\/2009-2015\\\/author\\\/admin\\\/\"}]}<\/script>\n<!-- \/ Yoast SEO plugin. -->","yoast_head_json":{"title":"SHOQ\u00cbRIA SHQIPTARE \u00cbSHT\u00cb DOR\u00cbZUAR - FjALA e LIR\u00cb - Arkivi","robots":{"index":"index","follow":"follow","max-snippet":"max-snippet:-1","max-image-preview":"max-image-preview:large","max-video-preview":"max-video-preview:-1"},"canonical":"https:\/\/fjala.info\/2009-2015\/shoqeria-shqiptare-eshte-dorezuar\/","og_locale":"sq_AL","og_type":"article","og_title":"SHOQ\u00cbRIA SHQIPTARE \u00cbSHT\u00cb DOR\u00cbZUAR - FjALA e LIR\u00cb - Arkivi","og_description":"Mustafa Nano Zululand Shum\u00eb vet\u00eb e marrin me t\u00eb qeshur deklarat\u00ebn e p\u00ebrs\u00ebritur t\u00eb Berish\u00ebs, se \u201cai do t\u00eb jet\u00eb Kryeminist\u00ebr edhe 35 vjet t\u00eb tjera\u201d. Mir\u00ebpo \u00ebsht\u00eb nj\u00eb nga ato pak deklarata, me t\u00eb cilat Berisha as tallet, as g\u00ebnjen. Ndoshta gabon pak kur thot\u00eb 35 vjet (Berisha kontrollon e blen gjith\u00e7ka, por jo [&hellip;]","og_url":"https:\/\/fjala.info\/2009-2015\/shoqeria-shqiptare-eshte-dorezuar\/","og_site_name":"FjALA e LIR\u00cb - Arkivi","article_published_time":"2010-06-30T09:34:25+00:00","og_image":[{"url":"http:\/\/www.shkoder.net\/images\/fjala\/mustafa_nano.jpg","type":"","width":"","height":""}],"author":"admin","twitter_card":"summary_large_image","twitter_misc":{"Written by":"admin","Est. reading time":"3 minutes"},"schema":{"@context":"https:\/\/schema.org","@graph":[{"@type":"Article","@id":"https:\/\/fjala.info\/2009-2015\/shoqeria-shqiptare-eshte-dorezuar\/#article","isPartOf":{"@id":"https:\/\/fjala.info\/2009-2015\/shoqeria-shqiptare-eshte-dorezuar\/"},"author":{"name":"admin","@id":"https:\/\/fjala.info\/2009-2015\/#\/schema\/person\/3aa1163ef05469c496fc94e77611ada2"},"headline":"SHOQ\u00cbRIA SHQIPTARE \u00cbSHT\u00cb DOR\u00cbZUAR","datePublished":"2010-06-30T09:34:25+00:00","mainEntityOfPage":{"@id":"https:\/\/fjala.info\/2009-2015\/shoqeria-shqiptare-eshte-dorezuar\/"},"wordCount":579,"commentCount":0,"publisher":{"@id":"https:\/\/fjala.info\/2009-2015\/#organization"},"image":{"@id":"https:\/\/fjala.info\/2009-2015\/shoqeria-shqiptare-eshte-dorezuar\/#primaryimage"},"thumbnailUrl":"http:\/\/www.shkoder.net\/images\/fjala\/mustafa_nano.jpg","articleSection":["Artikuj"],"inLanguage":"sq-AL","potentialAction":[{"@type":"CommentAction","name":"Comment","target":["https:\/\/fjala.info\/2009-2015\/shoqeria-shqiptare-eshte-dorezuar\/#respond"]}]},{"@type":"WebPage","@id":"https:\/\/fjala.info\/2009-2015\/shoqeria-shqiptare-eshte-dorezuar\/","url":"https:\/\/fjala.info\/2009-2015\/shoqeria-shqiptare-eshte-dorezuar\/","name":"SHOQ\u00cbRIA SHQIPTARE \u00cbSHT\u00cb DOR\u00cbZUAR - FjALA e LIR\u00cb - Arkivi","isPartOf":{"@id":"https:\/\/fjala.info\/2009-2015\/#website"},"primaryImageOfPage":{"@id":"https:\/\/fjala.info\/2009-2015\/shoqeria-shqiptare-eshte-dorezuar\/#primaryimage"},"image":{"@id":"https:\/\/fjala.info\/2009-2015\/shoqeria-shqiptare-eshte-dorezuar\/#primaryimage"},"thumbnailUrl":"http:\/\/www.shkoder.net\/images\/fjala\/mustafa_nano.jpg","datePublished":"2010-06-30T09:34:25+00:00","breadcrumb":{"@id":"https:\/\/fjala.info\/2009-2015\/shoqeria-shqiptare-eshte-dorezuar\/#breadcrumb"},"inLanguage":"sq-AL","potentialAction":[{"@type":"ReadAction","target":["https:\/\/fjala.info\/2009-2015\/shoqeria-shqiptare-eshte-dorezuar\/"]}]},{"@type":"ImageObject","inLanguage":"sq-AL","@id":"https:\/\/fjala.info\/2009-2015\/shoqeria-shqiptare-eshte-dorezuar\/#primaryimage","url":"http:\/\/www.shkoder.net\/images\/fjala\/mustafa_nano.jpg","contentUrl":"http:\/\/www.shkoder.net\/images\/fjala\/mustafa_nano.jpg"},{"@type":"BreadcrumbList","@id":"https:\/\/fjala.info\/2009-2015\/shoqeria-shqiptare-eshte-dorezuar\/#breadcrumb","itemListElement":[{"@type":"ListItem","position":1,"name":"Home","item":"https:\/\/fjala.info\/2009-2015\/"},{"@type":"ListItem","position":2,"name":"SHOQ\u00cbRIA SHQIPTARE \u00cbSHT\u00cb DOR\u00cbZUAR"}]},{"@type":"WebSite","@id":"https:\/\/fjala.info\/2009-2015\/#website","url":"https:\/\/fjala.info\/2009-2015\/","name":"FjALA e LIR\u00cb - Arkivi","description":"Arkivi 2009-2015","publisher":{"@id":"https:\/\/fjala.info\/2009-2015\/#organization"},"potentialAction":[{"@type":"SearchAction","target":{"@type":"EntryPoint","urlTemplate":"https:\/\/fjala.info\/2009-2015\/?s={search_term_string}"},"query-input":{"@type":"PropertyValueSpecification","valueRequired":true,"valueName":"search_term_string"}}],"inLanguage":"sq-AL"},{"@type":"Organization","@id":"https:\/\/fjala.info\/2009-2015\/#organization","name":"FjALA e LIR\u00cb - Arkivi","url":"https:\/\/fjala.info\/2009-2015\/","logo":{"@type":"ImageObject","inLanguage":"sq-AL","@id":"https:\/\/fjala.info\/2009-2015\/#\/schema\/logo\/image\/","url":"","contentUrl":"","caption":"FjALA e LIR\u00cb - Arkivi"},"image":{"@id":"https:\/\/fjala.info\/2009-2015\/#\/schema\/logo\/image\/"}},{"@type":"Person","@id":"https:\/\/fjala.info\/2009-2015\/#\/schema\/person\/3aa1163ef05469c496fc94e77611ada2","name":"admin","image":{"@type":"ImageObject","inLanguage":"sq-AL","@id":"https:\/\/fjala.info\/2009-2015\/wp-content\/uploads\/2012\/02\/arben_cokaj-120x150.jpg","url":"https:\/\/fjala.info\/2009-2015\/wp-content\/uploads\/2012\/02\/arben_cokaj-120x150.jpg","contentUrl":"https:\/\/fjala.info\/2009-2015\/wp-content\/uploads\/2012\/02\/arben_cokaj-120x150.jpg","caption":"admin"},"description":"Admin, Fjala e Lir\u00eb","sameAs":["https:\/\/fjala.info\/"],"url":"https:\/\/fjala.info\/2009-2015\/author\/admin\/"}]}},"_links":{"self":[{"href":"https:\/\/fjala.info\/2009-2015\/wp-json\/wp\/v2\/posts\/3137","targetHints":{"allow":["GET"]}}],"collection":[{"href":"https:\/\/fjala.info\/2009-2015\/wp-json\/wp\/v2\/posts"}],"about":[{"href":"https:\/\/fjala.info\/2009-2015\/wp-json\/wp\/v2\/types\/post"}],"author":[{"embeddable":true,"href":"https:\/\/fjala.info\/2009-2015\/wp-json\/wp\/v2\/users\/1"}],"replies":[{"embeddable":true,"href":"https:\/\/fjala.info\/2009-2015\/wp-json\/wp\/v2\/comments?post=3137"}],"version-history":[{"count":0,"href":"https:\/\/fjala.info\/2009-2015\/wp-json\/wp\/v2\/posts\/3137\/revisions"}],"wp:attachment":[{"href":"https:\/\/fjala.info\/2009-2015\/wp-json\/wp\/v2\/media?parent=3137"}],"wp:term":[{"taxonomy":"category","embeddable":true,"href":"https:\/\/fjala.info\/2009-2015\/wp-json\/wp\/v2\/categories?post=3137"},{"taxonomy":"post_tag","embeddable":true,"href":"https:\/\/fjala.info\/2009-2015\/wp-json\/wp\/v2\/tags?post=3137"}],"curies":[{"name":"wp","href":"https:\/\/api.w.org\/{rel}","templated":true}]}}