{"id":3134,"date":"2010-06-29T16:48:10","date_gmt":"2010-06-29T15:48:10","guid":{"rendered":"http:\/\/fjala.shkoder.net\/?p=3134"},"modified":"2010-06-29T16:48:10","modified_gmt":"2010-06-29T15:48:10","slug":"demokracia-dhe-ushtrimi-ne-praktik","status":"publish","type":"post","link":"https:\/\/fjala.info\/2009-2015\/demokracia-dhe-ushtrimi-ne-praktik\/","title":{"rendered":"Demokracia dhe ushtrimi n\u00eb praktik"},"content":{"rendered":"<p><strong>Edita Ku\u00e7i &#8211; Ukaj<\/strong><\/p>\n<p>Demokracia \u00ebsht\u00eb nj\u00eb sistem vlerash t\u00eb p\u00ebrbashk\u00ebta, q\u00eb intenc\u00eb t\u00eb fundit kan\u00eb interesin (t\u00eb kuptuar k\u00ebtu nga prizmi i qytetarit)   pra nj\u00eb ushtrimin t\u00eb pushtetit  n\u00ebp\u00ebrmjet t\u00eb qytetarit, n\u00eb t\u00eb cilin pushtet, k\u00ebto vlera t\u00eb p\u00ebrbashk\u00ebta sintetizohen n\u00eb t\u00eb mir\u00eb t\u00eb p\u00ebrbashk\u00ebt, p\u00ebr nj\u00eb jet\u00eb m\u00eb t\u00eb mir\u00eb dhe p\u00ebr nj\u00eb shoq\u00ebri thelb\u00ebsisht demokratike, nj\u00eb liberalizim t\u00eb jet\u00ebs, e n\u00eb t\u00eb cil\u00ebn shoq\u00ebri dominon n\u00eb \u00e7do segment t\u00eb jet\u00ebs, liria t\u00eb menduarit, liria t\u00eb shprehurit, liria e besimit, k\u00ebto principe edhe fundamentale t\u00eb vlerave q\u00eb praktikon demokracia e avancuar e tipit per\u00ebndimor. S\u00eb k\u00ebndejmi shtrohet \u00e7\u00ebshtja dhe k\u00ebrkohet p\u00ebrgjigja pwr principet fundamentale, se \u00e7ka n\u00ebnkupton demokracia, nwse jo nj\u00eb p\u00ebrgjegj\u00ebsi t\u00eb nivelit t\u00eb lart\u00eb, nj\u00eb toleranc\u00eb t\u00eb shkall\u00ebs s\u00eb k\u00ebnaqshme dhe nj\u00eb kompromis n\u00eb \u00e7\u00ebshtje jetike. <\/p>\n<p>Pra, p\u00ebrgjith\u00ebsisht demokracia \u00ebsht\u00eb nj\u00eb model i qeverisjes, q\u00eb p\u00ebrfaq\u00ebson interesat jetike t\u00eb qytetarit, n\u00ebp\u00ebrmjet t\u00eb zgjedhurve t\u00eb vet\u00eb, n\u00eb m\u00ebnyr\u00eb t\u00eb drejtp\u00ebrdrejt\u00eb, pra nj\u00eb ushtrim t\u00eb pushtetit nga populli. S\u00eb k\u00ebndejmi, \u00ebsht\u00eb me r\u00ebnd\u00ebsi t\u00eb t\u00ebrheqim nj\u00eb paralele n\u00eb mes demokracis\u00eb t\u00eb praktikuar dhe retorik\u00ebs demokratike (pra kamuflimit n\u00eb em\u00ebr t\u00eb demokracis\u00eb, apo s\u00eb paku t\u00eb mendojm\u00eb p\u00ebr k\u00ebt\u00eb fenomen, si\u00e7 ndodh hap\u00ebsirave shqiptare kudo). N\u00eb princip, shum\u00eb vende t\u00eb dalura nga monizmi politik dhe monizmi besa edhe intelektual, sikund\u00ebr q\u00ebndron puna edhe me rajonin ton\u00eb, pjes\u00eb e s\u00eb cil\u00ebs n\u00eb nj\u00eb form\u00eb apo n\u00eb nj\u00eb jet\u00eb jemi edhe ne, flitet shum\u00eb p\u00ebr demokracin\u00eb, por jo thell\u00ebsisht. <\/p>\n<p>Zaten, shumica qw drejtojn\u00eb vendet shqiptare demokracin\u00eb e kan\u00eb vet\u00ebm mbuloj\u00eb p\u00ebr t\u00eb fshehur orientimet politike moniste t\u00eb sistemeve t\u00eb kaluara, madje n\u00eb k\u00ebt\u00eb kategori hyjn\u00eb edhe alamet \u201c intelektual\u00ebt\u201d, \u201c patriot\u00ebt\u201d e qelbur nga njwmendwsia politike. Ngase demokracia, m\u00eb shum\u00eb se retorik\u00eb( model ky komunist) \u00ebsht\u00eb praktik\u00eb, dhe pik\u00ebrisht kjo duhet t\u00eb jet\u00eb nj\u00eb m\u00ebnyr\u00eb p\u00ebr t\u00eb kuptuar demokracin\u00eb n\u00eb prizm\u00eb t\u00eb ushtrimit praktik, prandaj edhe duhet t\u00eb kalohet n\u00eb veprime praktike, t\u00eb operacionalizuara  n\u00eb jet\u00ebn e p\u00ebrditshme, e t\u00eb flaket fjalorin sterotip folklorik, t\u00eb mbushur p\u00ebrplot makropolitik\u00eb, duke e fuqizuar n\u00eb \u00e7do aspekt t\u00eb organizmit shoq\u00ebror, demokracin\u00eb praktike. <\/p>\n<p>Pra, p\u00ebr ata politikan q\u00eb e kan\u00eb goj\u00ebn p\u00ebrplot me retorik\u00eb demokratike (nd\u00ebrsa n\u00eb veprime dhe n\u00eb t\u00eb menduar shohim shenjat e restaurimit monsit), p\u00ebrfundimisht duhet t\u00eb kuptojn\u00eb k\u00ebt\u00eb fakt, dhe gj\u00ebrat duhet t\u2019i zhvendosin  n\u00eb praktik\u00eb, n\u00eb m\u00ebnyr\u00eb q\u00eb proceset jo vet\u00ebm politike t\u00eb shkojn\u00eb ndryshe, pra n\u00eb kahe pozitive. S\u00eb k\u00ebndejmi, duhet theksuar se vler\u00ebsimet p\u00ebr demokracin\u00eb n\u00eb ushtrimin praktik\u00eb, n\u00eb dimensionet shqiptare (mendoj\u00eb gjithnj\u00eb n\u00eb Kosov\u00eb), jan\u00eb shum\u00eb t\u00eb zbehta, sidomos me theksime, n\u00eb ato parime fundamentale, t\u00eb lartcekura. <\/p>\n<p>Mbase fushat q\u00eb p\u00ebrb\u00ebjn\u00eb p\u00ebrditshm\u00ebrin\u00eb e qytetarit, p\u00ebrditshm\u00ebri me t\u00eb cil\u00ebn fillon dit\u00ebn: radio, gazeta, deklaratat pompoze politike, me premtime megalomane, pastaj takimet e ndryshme shoq\u00ebrore, universitet, t\u00eb krijojn\u00eb nj\u00eb imazh shum\u00eb skeptik p\u00ebr demokracin\u00eb n\u00eb masa, shohim nj\u00eb jotoleranc\u00eb, joteleranc\u00eb kjo q\u00eb ka baz\u00ebn n\u00eb veprime t\u00eb shum\u00eb udh\u00ebheq\u00ebsve, q\u00eb kan\u00eb marr\u00eb barr\u00ebn p\u00ebr t\u2019i shpir\u00eb p\u00ebrpara proceset demokratike, barr\u00eb k\u00ebt\u00eb, p\u00ebr cil\u00ebn shum\u00eb pretendent nuk kan\u00eb kapacitet p\u00ebr ta p\u00ebrparuar. Ngase, duhet kuptuar se rezultatet demokratike duhet t\u00eb jet\u00ebsohen n\u00eb jet\u00ebn e p\u00ebrditshme, e jo n\u00ebp\u00ebr media, konferenca, mbase edhe institucione, aty ku n\u00eb nj\u00eb form\u00eb jan\u00eb t\u00eb \u201c detyruar\u2019 t\u00eb sillen si demokrat. Pra tipi i t\u00eb menduarit monist ekziston, ekziston edhe n\u00eb shum\u00eb sfera t\u00eb larta.<\/p>\n<p>N\u00eb k\u00ebt\u00eb kontest \u00ebsht\u00eb me r\u00ebnd\u00ebsi t\u00eb b\u00ebhet nj\u00eb analiz\u00eb e parimeve fundamentale t\u00eb demokracis\u00eb, dhe t\u00eb kontekstalizohen n\u00eb rrethanat aktuale shqiptare, pa kurrfar\u00eb paragjykimi,   duke flakur nj\u00ebher\u00eb e p\u00ebrgjith\u00ebmon\u00eb t\u00eb met\u00ebn, q\u00eb t\u00eb mos mendojm\u00eb, se ne jemi shoq\u00ebria m\u00eb demokratike, por t\u00eb p\u00ebrpiqemi t\u00eb instalojm\u00eb nj\u00eb demokraci per\u00ebndimore esencialisht, ngase n\u00eb realitetin e p\u00ebrdit\u00ebsh\u00ebm, gj\u00ebrat jo vet\u00ebm q\u00eb rrjedhin ndryshe, por edhe ka p\u00ebrplot diversitete n\u00eb t\u00eb gjitha nivelet shoq\u00ebrore t\u00eb ushtrimit t\u00eb pushtetit, n\u00eb Institucione, n\u00eb shkolla, n\u00eb media, n\u00eb art, n\u00eb universitet, n\u00eb rrug\u00eb.<\/p>\n<p>Ne mund t\u00eb flasim p\u00ebr ushtrim t\u00eb demokracis\u00eb at\u00ebher\u00eb kur ekziston lira e t\u00eb menduarit, kur t\u00eb ekziston lira e t\u00eb shprehurit ashtu si\u00e7 mendon \u00e7do qytetar, pa marr\u00eb parasysh se a do i p\u00eblqen k\u00ebtij apo atij, a do t\u2019i p\u00eblqej dikujt apo jo Dhe \u00e7ka \u00ebsht\u00eb m\u00eb tragjikja t\u00eb frikohet se a mund t\u00eb shnatazhohet a jo, a mund t\u00eb p\u00ebsoj\u00eb edhe m\u00eb keq?. N\u00eb disa segmente, sidomos t\u00eb pasluft\u00ebs, ekziston tendenca, q\u00eb disa gj\u00ebra t\u00eb \u201cshenjt\u00ebrohen\u201d, pa marr\u00eb parasysh veprimet ndoshta t\u00eb d\u00ebmshme, dhe populli t\u00eb p\u00ebrpij\u00eb medoemos k\u00ebt\u00eb fakt. E \u00e7ka mund t\u00eb themi n\u00eb k\u00ebt\u00eb kontest p\u00ebr demokracin\u00eb? Vler\u00ebsimet reale gjithnj\u00eb mbet\u00ebn t\u00eb zbehta. <\/p>\n<p>Prandaj t\u00eb gjitha ato forca qofshin politike, qofshin mediave, qofshin intelektuale, duhet t\u00eb k\u00ebndell\u00ebn, n\u00eb m\u00ebnyr\u00eb q\u00eb mos t\u00eb ikin nga realiteti, mos t\u00eb fshehin realitetin, por me energji t\u00eb sh\u00ebndosha dhe duke e vler\u00ebsuar pozitive, t\u00eb fillojn\u00eb debatin pa paragjykime, pa tema tabu, sepse p\u00ebrderisa t\u00eb ket\u00eb tema tabu edhe shum\u00eb procese n\u00eb Kosov\u00eb do t\u00eb mbet\u00ebn tabu, apo do t\u00eb mbet\u00ebn vet\u00ebm n\u00eb mendjet e dashamir\u00ebsve t\u00eb m\u00ebdhenj t\u00eb kombit, e t\u00eb cil\u00ebt jan\u00eb t\u00eb shumt\u00eb, porse jan\u00eb t\u00eb shtr\u00ebnguar, q\u00eb me dashje apo pa t\u00eb, t\u00eb jen\u00eb pjes\u00eb e nj\u00eb konteksti t\u00eb dhunuar intelektual, e besa edhe politik. <\/p>\n<p>Prandaj p\u00ebr hir\u00eb t\u00eb nj\u00eb t\u00eb ardhme v\u00ebrtet\u00eb demokratike, p\u00ebr hir t\u00eb avancimit t\u00eb proceseve demokratike, procese k\u00ebto q\u00eb do t\u2019i determinojn\u00eb t\u00eb gjitha komponentet e r\u00ebnd\u00ebsishme t\u00eb shtet\u00ebsis\u00eb s\u00eb Kosov\u00ebs, \u00ebsht\u00eb e domosdoshme q\u00eb t\u00eb mendohet dhe t\u00eb veprohet demokratikisht, nga t\u00eb gjith\u00eb ata q\u00eb kan\u00eb marr\u00eb k\u00ebt\u00eb proces n\u00eb vete, nd\u00ebrsa p\u00ebr ata, q\u00eb kan\u00eb marr\u00eb k\u00ebt\u00eb barr\u00eb, dhe q\u00eb n\u00eb princip, nuk mund t\u00eb avancojn\u00eb, madje as ta praktikojn\u00eb, ngase jan\u00eb formim tjet\u00ebr \u00ebsht\u00eb m\u00eb mir\u00eb q\u00eb t\u00eb t\u00ebrhoq\u00ebn, n\u00eb favor t\u00eb nj\u00eb progresi nacional, drejt\u00eb rrug\u00ebs s\u00eb integrimeve t\u00eb Kosov\u00ebs n\u00eb t\u00eb gjitha mekanizmat Per\u00ebndimor, rrug\u00eb kjo q\u00eb do t\u00eb shkurtohet, n\u00eb qoft\u00eb se do t\u00eb p\u00ebrshpejtohen proceset demokratike.<\/p>\n","protected":false},"excerpt":{"rendered":"<p>Edita Ku\u00e7i &#8211; Ukaj Demokracia \u00ebsht\u00eb nj\u00eb sistem vlerash t\u00eb p\u00ebrbashk\u00ebta, q\u00eb intenc\u00eb t\u00eb fundit kan\u00eb interesin (t\u00eb kuptuar k\u00ebtu nga prizmi i qytetarit) pra nj\u00eb ushtrimin t\u00eb pushtetit n\u00ebp\u00ebrmjet t\u00eb qytetarit, n\u00eb t\u00eb cilin pushtet, k\u00ebto vlera t\u00eb p\u00ebrbashk\u00ebta sintetizohen n\u00eb t\u00eb mir\u00eb t\u00eb p\u00ebrbashk\u00ebt, p\u00ebr nj\u00eb jet\u00eb m\u00eb t\u00eb mir\u00eb dhe p\u00ebr nj\u00eb [&hellip;]<\/p>\n","protected":false},"author":1,"featured_media":0,"comment_status":"open","ping_status":"closed","sticky":false,"template":"","format":"standard","meta":{"footnotes":""},"categories":[2],"tags":[],"class_list":{"0":"post-3134","1":"post","2":"type-post","3":"status-publish","4":"format-standard","6":"category-artikuj"},"yoast_head":"<!-- This site is optimized with the Yoast SEO plugin v27.4 - https:\/\/yoast.com\/product\/yoast-seo-wordpress\/ -->\n<title>Demokracia dhe ushtrimi n\u00eb praktik - FjALA e LIR\u00cb - Arkivi<\/title>\n<meta name=\"robots\" content=\"index, follow, max-snippet:-1, max-image-preview:large, max-video-preview:-1\" \/>\n<link rel=\"canonical\" href=\"https:\/\/fjala.info\/2009-2015\/demokracia-dhe-ushtrimi-ne-praktik\/\" \/>\n<meta property=\"og:locale\" content=\"sq_AL\" \/>\n<meta property=\"og:type\" content=\"article\" \/>\n<meta property=\"og:title\" content=\"Demokracia dhe ushtrimi n\u00eb praktik - FjALA e LIR\u00cb - Arkivi\" \/>\n<meta property=\"og:description\" content=\"Edita Ku\u00e7i &#8211; Ukaj Demokracia \u00ebsht\u00eb nj\u00eb sistem vlerash t\u00eb p\u00ebrbashk\u00ebta, q\u00eb intenc\u00eb t\u00eb fundit kan\u00eb interesin (t\u00eb kuptuar k\u00ebtu nga prizmi i qytetarit) pra nj\u00eb ushtrimin t\u00eb pushtetit n\u00ebp\u00ebrmjet t\u00eb qytetarit, n\u00eb t\u00eb cilin pushtet, k\u00ebto vlera t\u00eb p\u00ebrbashk\u00ebta sintetizohen n\u00eb t\u00eb mir\u00eb t\u00eb p\u00ebrbashk\u00ebt, p\u00ebr nj\u00eb jet\u00eb m\u00eb t\u00eb mir\u00eb dhe p\u00ebr nj\u00eb [&hellip;]\" \/>\n<meta property=\"og:url\" content=\"https:\/\/fjala.info\/2009-2015\/demokracia-dhe-ushtrimi-ne-praktik\/\" \/>\n<meta property=\"og:site_name\" content=\"FjALA e LIR\u00cb - Arkivi\" \/>\n<meta property=\"article:published_time\" content=\"2010-06-29T15:48:10+00:00\" \/>\n<meta name=\"author\" content=\"admin\" \/>\n<meta name=\"twitter:card\" content=\"summary_large_image\" \/>\n<meta name=\"twitter:label1\" content=\"Written by\" \/>\n\t<meta name=\"twitter:data1\" content=\"admin\" \/>\n\t<meta name=\"twitter:label2\" content=\"Est. reading time\" \/>\n\t<meta name=\"twitter:data2\" content=\"6 minutes\" \/>\n<script type=\"application\/ld+json\" class=\"yoast-schema-graph\">{\"@context\":\"https:\\\/\\\/schema.org\",\"@graph\":[{\"@type\":\"Article\",\"@id\":\"https:\\\/\\\/fjala.info\\\/2009-2015\\\/demokracia-dhe-ushtrimi-ne-praktik\\\/#article\",\"isPartOf\":{\"@id\":\"https:\\\/\\\/fjala.info\\\/2009-2015\\\/demokracia-dhe-ushtrimi-ne-praktik\\\/\"},\"author\":{\"name\":\"admin\",\"@id\":\"https:\\\/\\\/fjala.info\\\/2009-2015\\\/#\\\/schema\\\/person\\\/3aa1163ef05469c496fc94e77611ada2\"},\"headline\":\"Demokracia dhe ushtrimi n\u00eb praktik\",\"datePublished\":\"2010-06-29T15:48:10+00:00\",\"mainEntityOfPage\":{\"@id\":\"https:\\\/\\\/fjala.info\\\/2009-2015\\\/demokracia-dhe-ushtrimi-ne-praktik\\\/\"},\"wordCount\":1124,\"commentCount\":0,\"publisher\":{\"@id\":\"https:\\\/\\\/fjala.info\\\/2009-2015\\\/#organization\"},\"articleSection\":[\"Artikuj\"],\"inLanguage\":\"sq-AL\",\"potentialAction\":[{\"@type\":\"CommentAction\",\"name\":\"Comment\",\"target\":[\"https:\\\/\\\/fjala.info\\\/2009-2015\\\/demokracia-dhe-ushtrimi-ne-praktik\\\/#respond\"]}]},{\"@type\":\"WebPage\",\"@id\":\"https:\\\/\\\/fjala.info\\\/2009-2015\\\/demokracia-dhe-ushtrimi-ne-praktik\\\/\",\"url\":\"https:\\\/\\\/fjala.info\\\/2009-2015\\\/demokracia-dhe-ushtrimi-ne-praktik\\\/\",\"name\":\"Demokracia dhe ushtrimi n\u00eb praktik - FjALA e LIR\u00cb - Arkivi\",\"isPartOf\":{\"@id\":\"https:\\\/\\\/fjala.info\\\/2009-2015\\\/#website\"},\"datePublished\":\"2010-06-29T15:48:10+00:00\",\"breadcrumb\":{\"@id\":\"https:\\\/\\\/fjala.info\\\/2009-2015\\\/demokracia-dhe-ushtrimi-ne-praktik\\\/#breadcrumb\"},\"inLanguage\":\"sq-AL\",\"potentialAction\":[{\"@type\":\"ReadAction\",\"target\":[\"https:\\\/\\\/fjala.info\\\/2009-2015\\\/demokracia-dhe-ushtrimi-ne-praktik\\\/\"]}]},{\"@type\":\"BreadcrumbList\",\"@id\":\"https:\\\/\\\/fjala.info\\\/2009-2015\\\/demokracia-dhe-ushtrimi-ne-praktik\\\/#breadcrumb\",\"itemListElement\":[{\"@type\":\"ListItem\",\"position\":1,\"name\":\"Home\",\"item\":\"https:\\\/\\\/fjala.info\\\/2009-2015\\\/\"},{\"@type\":\"ListItem\",\"position\":2,\"name\":\"Demokracia dhe ushtrimi n\u00eb praktik\"}]},{\"@type\":\"WebSite\",\"@id\":\"https:\\\/\\\/fjala.info\\\/2009-2015\\\/#website\",\"url\":\"https:\\\/\\\/fjala.info\\\/2009-2015\\\/\",\"name\":\"FjALA e LIR\u00cb - Arkivi\",\"description\":\"Arkivi 2009-2015\",\"publisher\":{\"@id\":\"https:\\\/\\\/fjala.info\\\/2009-2015\\\/#organization\"},\"potentialAction\":[{\"@type\":\"SearchAction\",\"target\":{\"@type\":\"EntryPoint\",\"urlTemplate\":\"https:\\\/\\\/fjala.info\\\/2009-2015\\\/?s={search_term_string}\"},\"query-input\":{\"@type\":\"PropertyValueSpecification\",\"valueRequired\":true,\"valueName\":\"search_term_string\"}}],\"inLanguage\":\"sq-AL\"},{\"@type\":\"Organization\",\"@id\":\"https:\\\/\\\/fjala.info\\\/2009-2015\\\/#organization\",\"name\":\"FjALA e LIR\u00cb - Arkivi\",\"url\":\"https:\\\/\\\/fjala.info\\\/2009-2015\\\/\",\"logo\":{\"@type\":\"ImageObject\",\"inLanguage\":\"sq-AL\",\"@id\":\"https:\\\/\\\/fjala.info\\\/2009-2015\\\/#\\\/schema\\\/logo\\\/image\\\/\",\"url\":\"\",\"contentUrl\":\"\",\"caption\":\"FjALA e LIR\u00cb - Arkivi\"},\"image\":{\"@id\":\"https:\\\/\\\/fjala.info\\\/2009-2015\\\/#\\\/schema\\\/logo\\\/image\\\/\"}},{\"@type\":\"Person\",\"@id\":\"https:\\\/\\\/fjala.info\\\/2009-2015\\\/#\\\/schema\\\/person\\\/3aa1163ef05469c496fc94e77611ada2\",\"name\":\"admin\",\"image\":{\"@type\":\"ImageObject\",\"inLanguage\":\"sq-AL\",\"@id\":\"https:\\\/\\\/fjala.info\\\/2009-2015\\\/wp-content\\\/uploads\\\/2012\\\/02\\\/arben_cokaj-120x150.jpg\",\"url\":\"https:\\\/\\\/fjala.info\\\/2009-2015\\\/wp-content\\\/uploads\\\/2012\\\/02\\\/arben_cokaj-120x150.jpg\",\"contentUrl\":\"https:\\\/\\\/fjala.info\\\/2009-2015\\\/wp-content\\\/uploads\\\/2012\\\/02\\\/arben_cokaj-120x150.jpg\",\"caption\":\"admin\"},\"description\":\"Admin, Fjala e Lir\u00eb\",\"sameAs\":[\"https:\\\/\\\/fjala.info\\\/\"],\"url\":\"https:\\\/\\\/fjala.info\\\/2009-2015\\\/author\\\/admin\\\/\"}]}<\/script>\n<!-- \/ Yoast SEO plugin. -->","yoast_head_json":{"title":"Demokracia dhe ushtrimi n\u00eb praktik - FjALA e LIR\u00cb - Arkivi","robots":{"index":"index","follow":"follow","max-snippet":"max-snippet:-1","max-image-preview":"max-image-preview:large","max-video-preview":"max-video-preview:-1"},"canonical":"https:\/\/fjala.info\/2009-2015\/demokracia-dhe-ushtrimi-ne-praktik\/","og_locale":"sq_AL","og_type":"article","og_title":"Demokracia dhe ushtrimi n\u00eb praktik - FjALA e LIR\u00cb - Arkivi","og_description":"Edita Ku\u00e7i &#8211; Ukaj Demokracia \u00ebsht\u00eb nj\u00eb sistem vlerash t\u00eb p\u00ebrbashk\u00ebta, q\u00eb intenc\u00eb t\u00eb fundit kan\u00eb interesin (t\u00eb kuptuar k\u00ebtu nga prizmi i qytetarit) pra nj\u00eb ushtrimin t\u00eb pushtetit n\u00ebp\u00ebrmjet t\u00eb qytetarit, n\u00eb t\u00eb cilin pushtet, k\u00ebto vlera t\u00eb p\u00ebrbashk\u00ebta sintetizohen n\u00eb t\u00eb mir\u00eb t\u00eb p\u00ebrbashk\u00ebt, p\u00ebr nj\u00eb jet\u00eb m\u00eb t\u00eb mir\u00eb dhe p\u00ebr nj\u00eb [&hellip;]","og_url":"https:\/\/fjala.info\/2009-2015\/demokracia-dhe-ushtrimi-ne-praktik\/","og_site_name":"FjALA e LIR\u00cb - Arkivi","article_published_time":"2010-06-29T15:48:10+00:00","author":"admin","twitter_card":"summary_large_image","twitter_misc":{"Written by":"admin","Est. reading time":"6 minutes"},"schema":{"@context":"https:\/\/schema.org","@graph":[{"@type":"Article","@id":"https:\/\/fjala.info\/2009-2015\/demokracia-dhe-ushtrimi-ne-praktik\/#article","isPartOf":{"@id":"https:\/\/fjala.info\/2009-2015\/demokracia-dhe-ushtrimi-ne-praktik\/"},"author":{"name":"admin","@id":"https:\/\/fjala.info\/2009-2015\/#\/schema\/person\/3aa1163ef05469c496fc94e77611ada2"},"headline":"Demokracia dhe ushtrimi n\u00eb praktik","datePublished":"2010-06-29T15:48:10+00:00","mainEntityOfPage":{"@id":"https:\/\/fjala.info\/2009-2015\/demokracia-dhe-ushtrimi-ne-praktik\/"},"wordCount":1124,"commentCount":0,"publisher":{"@id":"https:\/\/fjala.info\/2009-2015\/#organization"},"articleSection":["Artikuj"],"inLanguage":"sq-AL","potentialAction":[{"@type":"CommentAction","name":"Comment","target":["https:\/\/fjala.info\/2009-2015\/demokracia-dhe-ushtrimi-ne-praktik\/#respond"]}]},{"@type":"WebPage","@id":"https:\/\/fjala.info\/2009-2015\/demokracia-dhe-ushtrimi-ne-praktik\/","url":"https:\/\/fjala.info\/2009-2015\/demokracia-dhe-ushtrimi-ne-praktik\/","name":"Demokracia dhe ushtrimi n\u00eb praktik - FjALA e LIR\u00cb - Arkivi","isPartOf":{"@id":"https:\/\/fjala.info\/2009-2015\/#website"},"datePublished":"2010-06-29T15:48:10+00:00","breadcrumb":{"@id":"https:\/\/fjala.info\/2009-2015\/demokracia-dhe-ushtrimi-ne-praktik\/#breadcrumb"},"inLanguage":"sq-AL","potentialAction":[{"@type":"ReadAction","target":["https:\/\/fjala.info\/2009-2015\/demokracia-dhe-ushtrimi-ne-praktik\/"]}]},{"@type":"BreadcrumbList","@id":"https:\/\/fjala.info\/2009-2015\/demokracia-dhe-ushtrimi-ne-praktik\/#breadcrumb","itemListElement":[{"@type":"ListItem","position":1,"name":"Home","item":"https:\/\/fjala.info\/2009-2015\/"},{"@type":"ListItem","position":2,"name":"Demokracia dhe ushtrimi n\u00eb praktik"}]},{"@type":"WebSite","@id":"https:\/\/fjala.info\/2009-2015\/#website","url":"https:\/\/fjala.info\/2009-2015\/","name":"FjALA e LIR\u00cb - Arkivi","description":"Arkivi 2009-2015","publisher":{"@id":"https:\/\/fjala.info\/2009-2015\/#organization"},"potentialAction":[{"@type":"SearchAction","target":{"@type":"EntryPoint","urlTemplate":"https:\/\/fjala.info\/2009-2015\/?s={search_term_string}"},"query-input":{"@type":"PropertyValueSpecification","valueRequired":true,"valueName":"search_term_string"}}],"inLanguage":"sq-AL"},{"@type":"Organization","@id":"https:\/\/fjala.info\/2009-2015\/#organization","name":"FjALA e LIR\u00cb - Arkivi","url":"https:\/\/fjala.info\/2009-2015\/","logo":{"@type":"ImageObject","inLanguage":"sq-AL","@id":"https:\/\/fjala.info\/2009-2015\/#\/schema\/logo\/image\/","url":"","contentUrl":"","caption":"FjALA e LIR\u00cb - Arkivi"},"image":{"@id":"https:\/\/fjala.info\/2009-2015\/#\/schema\/logo\/image\/"}},{"@type":"Person","@id":"https:\/\/fjala.info\/2009-2015\/#\/schema\/person\/3aa1163ef05469c496fc94e77611ada2","name":"admin","image":{"@type":"ImageObject","inLanguage":"sq-AL","@id":"https:\/\/fjala.info\/2009-2015\/wp-content\/uploads\/2012\/02\/arben_cokaj-120x150.jpg","url":"https:\/\/fjala.info\/2009-2015\/wp-content\/uploads\/2012\/02\/arben_cokaj-120x150.jpg","contentUrl":"https:\/\/fjala.info\/2009-2015\/wp-content\/uploads\/2012\/02\/arben_cokaj-120x150.jpg","caption":"admin"},"description":"Admin, Fjala e Lir\u00eb","sameAs":["https:\/\/fjala.info\/"],"url":"https:\/\/fjala.info\/2009-2015\/author\/admin\/"}]}},"_links":{"self":[{"href":"https:\/\/fjala.info\/2009-2015\/wp-json\/wp\/v2\/posts\/3134","targetHints":{"allow":["GET"]}}],"collection":[{"href":"https:\/\/fjala.info\/2009-2015\/wp-json\/wp\/v2\/posts"}],"about":[{"href":"https:\/\/fjala.info\/2009-2015\/wp-json\/wp\/v2\/types\/post"}],"author":[{"embeddable":true,"href":"https:\/\/fjala.info\/2009-2015\/wp-json\/wp\/v2\/users\/1"}],"replies":[{"embeddable":true,"href":"https:\/\/fjala.info\/2009-2015\/wp-json\/wp\/v2\/comments?post=3134"}],"version-history":[{"count":0,"href":"https:\/\/fjala.info\/2009-2015\/wp-json\/wp\/v2\/posts\/3134\/revisions"}],"wp:attachment":[{"href":"https:\/\/fjala.info\/2009-2015\/wp-json\/wp\/v2\/media?parent=3134"}],"wp:term":[{"taxonomy":"category","embeddable":true,"href":"https:\/\/fjala.info\/2009-2015\/wp-json\/wp\/v2\/categories?post=3134"},{"taxonomy":"post_tag","embeddable":true,"href":"https:\/\/fjala.info\/2009-2015\/wp-json\/wp\/v2\/tags?post=3134"}],"curies":[{"name":"wp","href":"https:\/\/api.w.org\/{rel}","templated":true}]}}