{"id":3132,"date":"2010-06-27T21:53:40","date_gmt":"2010-06-27T20:53:40","guid":{"rendered":"http:\/\/fjala.shkoder.net\/?p=3132"},"modified":"2010-06-27T21:53:40","modified_gmt":"2010-06-27T20:53:40","slug":"a-duhet-ta-braktise-gjermania-euron","status":"publish","type":"post","link":"https:\/\/fjala.info\/2009-2015\/a-duhet-ta-braktise-gjermania-euron\/","title":{"rendered":"A duhet ta braktis\u00eb Gjermania, euron?"},"content":{"rendered":"<p>Nga <strong>Xhorxh Soros<\/strong>, <em>27.06.2010<\/em><\/p>\n<p>Gjermania dikur ishte n\u00eb qend\u00ebr t\u00eb integrimit europian. Burr\u00ebshtetasit e saj deklaronin se Gjermania nuk kishte politik\u00eb vetjake t\u00eb jashtme, por vet\u00ebm politik\u00eb europiane.<\/p>\n<p>Pas r\u00ebnies s\u00eb Murit t\u00eb Berlinit, lider\u00ebt gjerman\u00eb e kishin t\u00eb qart\u00eb se ribashkimi i vendit t\u00eb tyre do t\u00eb mund t\u00eb ndodhte vet\u00ebm n\u00eb kontekstin e nj\u00eb Europe t\u00eb bashkuar dhe k\u00ebsisoj gjerman\u00ebt do t\u00eb kontribuonin pak m\u00eb shum\u00eb dhe do t\u00eb p\u00ebrfitonin m\u00eb pak prej saj, sesa t\u00eb tjer\u00ebt.<\/p>\n<p>Por, ato dit\u00eb tash kan\u00eb marr\u00eb fund. Euroja \u00ebsht\u00eb n\u00eb kriz\u00eb dhe Gjermania \u00ebsht\u00eb protagonistja kryesore. Gjerman\u00ebt nuk ndjehen m\u00eb edhe aq t\u00eb pasur, prandaj nuk duan t\u00eb vazhdojn\u00eb t\u00eb sh\u00ebrbejn\u00eb si xhep i thell\u00eb p\u00ebr pjes\u00ebn tjet\u00ebr t\u00eb Europ\u00ebs.<\/p>\n<p>Ky ndryshim n\u00eb sjellje \u00ebsht\u00eb i kuptuesh\u00ebm, por, megjithat\u00eb, e ka ngrir\u00eb procesin e integrimeve europiane.<\/p>\n<p>Shenjat e para t\u00eb k\u00ebtyre telasheve u shfaq\u00ebn pas kolapsit t\u00eb institucionit Lehman Brother, n\u00eb shtator t\u00eb 2008-\u00ebs, at\u00ebher\u00eb kur ministrat e financave t\u00eb Bashkimit Europian vendos\u00ebn, n\u00eb nj\u00eb takim emergjent n\u00eb Paris, t\u00eb ofrojn\u00eb nj\u00eb garanci virtuale, t\u00eb cil\u00ebn asnj\u00eb institucion i r\u00ebnd\u00ebsish\u00ebm financiar nuk do t\u00eb lejohej ta b\u00ebnte.<\/p>\n<p>Pasojat e zhvillimeve t\u00eb m\u00ebtejme u shfaq\u00ebn k\u00ebt\u00eb vit, kur Greqia u vu n\u00eb qend\u00ebr t\u00eb v\u00ebmendjes, pasi qeveria e saj e re pranoi se paraardh\u00ebsit kishin g\u00ebnjyer p\u00ebr sasin\u00eb e deficitit buxhetor t\u00eb vitit 2009.Autoritetet europiane ishin t\u00eb ngatht\u00eb n\u00eb reagimet e tyre, sepse an\u00ebtar\u00ebt e Eurozon\u00ebs mbanin q\u00ebndrime radikalisht t\u00eb kund\u00ebrta.<\/p>\n<p>Franca dhe vendet e tjera donin t\u00eb d\u00ebshmonin solidaritet, por Gjermania, e traumatizuar dy her\u00eb n\u00eb shekullin 20 nga krizat financiare, ishte alergjike ndaj presioneve t\u00eb inflacionit.Dhe, kur lider\u00ebt europian\u00eb m\u00eb n\u00eb fund reaguan, atyre iu \u00ebsht\u00eb dashur t\u00eb ofrojn\u00eb nj\u00eb pako edhe m\u00eb t\u00eb madhe shp\u00ebtimi, se ajo q\u00eb ishte e nevojshme, po ta miratonin m\u00eb her\u00ebt.<\/p>\n<p>Politikat e imponuara aktualisht n\u00eb Euro-zon\u00eb jan\u00eb n\u00eb kontradikt\u00eb t\u00eb drejtp\u00ebrdrejt\u00eb me m\u00ebsimet q\u00eb jan\u00eb nxjerr\u00eb nga periudha e Depresionit t\u00eb Madh t\u00eb viteve &#8217;30 dhe rrezikojn\u00eb ta shtyjn\u00eb Europ\u00ebn drejt nj\u00eb periudhe t\u00eb stagnimit t\u00eb st\u00ebrzgjatur ose edhe m\u00eb keq. Kjo do t\u00eb prodhoj\u00eb pak\u00ebnaq\u00ebsi dhe shp\u00ebrthim social.<\/p>\n<p>N\u00eb rastin m\u00eb t\u00eb keq, BE-ja do t\u00eb mund t\u00eb paralizohej apo shkat\u00ebrrohej nga rritja e ksenofobis\u00eb dhe ekstremizmit nacionalist. Dhe, n\u00ebse kjo ndodh, Gjermania do t\u00eb mbartte mbi vete p\u00ebrgjegj\u00ebsin\u00eb m\u00eb t\u00eb madhe. Prandaj, gjerman\u00ebt duhet ta marrin n\u00eb shqyrtim eksperimentin e menduar tashm\u00eb, at\u00eb t\u00eb t\u00ebrheqjes nga euroja. Marka e rivendosur gjermane do t\u00eb ngjitej lart, kurse euroja do t\u00eb kufizohej.<\/p>\n<p>Pjesa tjet\u00ebr e Europ\u00ebs do t\u00eb b\u00ebhej konkurruese dhe do t\u00eb mund t\u00eb dilte nga v\u00ebshtir\u00ebsit\u00eb, nd\u00ebrkoh\u00eb q\u00eb vet\u00eb Gjermania do t\u00eb zbulonte se sa e dhimbshme \u00ebsht\u00eb t\u00eb kesh nj\u00eb valut\u00eb t\u00eb mbivler\u00ebsuar.Natyrisht, e gjith\u00eb kjo \u00ebsht\u00eb hipotetike, sepse po ta braktiste Gjermania euron, pasojat politike &#8220;nes\u00ebr&#8221; as q\u00eb mund t\u00eb paramendohen&#8230; Por, eksperimenti mund t\u00eb jet\u00eb i dobish\u00ebm n\u00eb parandalimin e asaj q\u00eb &#8220;sot&#8221; s&#8217;mund t\u00eb paramendohet.<\/p>\n<p>*<em>Botuar n\u00eb &#8220;Financial Times&#8221;. P\u00ebrkthimi n\u00eb shqip nga sajti online i radios amerikane &#8220;Europa e Lir\u00eb&#8221;. Titulli n\u00eb origjinal: &#8220;Gjermania t\u00eb pasqyroj\u00eb t\u00eb paimagjinueshmen&#8221;<\/em><\/p>\n","protected":false},"excerpt":{"rendered":"<p>Nga Xhorxh Soros, 27.06.2010 Gjermania dikur ishte n\u00eb qend\u00ebr t\u00eb integrimit europian. Burr\u00ebshtetasit e saj deklaronin se Gjermania nuk kishte politik\u00eb vetjake t\u00eb jashtme, por vet\u00ebm politik\u00eb europiane. Pas r\u00ebnies s\u00eb Murit t\u00eb Berlinit, lider\u00ebt gjerman\u00eb e kishin t\u00eb qart\u00eb se ribashkimi i vendit t\u00eb tyre do t\u00eb mund t\u00eb ndodhte vet\u00ebm n\u00eb kontekstin e [&hellip;]<\/p>\n","protected":false},"author":1,"featured_media":0,"comment_status":"open","ping_status":"closed","sticky":false,"template":"","format":"standard","meta":{"footnotes":""},"categories":[2],"tags":[],"class_list":{"0":"post-3132","1":"post","2":"type-post","3":"status-publish","4":"format-standard","6":"category-artikuj"},"yoast_head":"<!-- This site is optimized with the Yoast SEO plugin v27.4 - https:\/\/yoast.com\/product\/yoast-seo-wordpress\/ -->\n<title>A duhet ta braktis\u00eb Gjermania, euron? - FjALA e LIR\u00cb - Arkivi<\/title>\n<meta name=\"robots\" content=\"index, follow, max-snippet:-1, max-image-preview:large, max-video-preview:-1\" \/>\n<link rel=\"canonical\" href=\"https:\/\/fjala.info\/2009-2015\/a-duhet-ta-braktise-gjermania-euron\/\" \/>\n<meta property=\"og:locale\" content=\"sq_AL\" \/>\n<meta property=\"og:type\" content=\"article\" \/>\n<meta property=\"og:title\" content=\"A duhet ta braktis\u00eb Gjermania, euron? - FjALA e LIR\u00cb - Arkivi\" \/>\n<meta property=\"og:description\" content=\"Nga Xhorxh Soros, 27.06.2010 Gjermania dikur ishte n\u00eb qend\u00ebr t\u00eb integrimit europian. Burr\u00ebshtetasit e saj deklaronin se Gjermania nuk kishte politik\u00eb vetjake t\u00eb jashtme, por vet\u00ebm politik\u00eb europiane. Pas r\u00ebnies s\u00eb Murit t\u00eb Berlinit, lider\u00ebt gjerman\u00eb e kishin t\u00eb qart\u00eb se ribashkimi i vendit t\u00eb tyre do t\u00eb mund t\u00eb ndodhte vet\u00ebm n\u00eb kontekstin e [&hellip;]\" \/>\n<meta property=\"og:url\" content=\"https:\/\/fjala.info\/2009-2015\/a-duhet-ta-braktise-gjermania-euron\/\" \/>\n<meta property=\"og:site_name\" content=\"FjALA e LIR\u00cb - Arkivi\" \/>\n<meta property=\"article:published_time\" content=\"2010-06-27T20:53:40+00:00\" \/>\n<meta name=\"author\" content=\"admin\" \/>\n<meta name=\"twitter:card\" content=\"summary_large_image\" \/>\n<meta name=\"twitter:label1\" content=\"Written by\" \/>\n\t<meta name=\"twitter:data1\" content=\"admin\" \/>\n\t<meta name=\"twitter:label2\" content=\"Est. reading time\" \/>\n\t<meta name=\"twitter:data2\" content=\"3 minutes\" \/>\n<script type=\"application\/ld+json\" class=\"yoast-schema-graph\">{\"@context\":\"https:\\\/\\\/schema.org\",\"@graph\":[{\"@type\":\"Article\",\"@id\":\"https:\\\/\\\/fjala.info\\\/2009-2015\\\/a-duhet-ta-braktise-gjermania-euron\\\/#article\",\"isPartOf\":{\"@id\":\"https:\\\/\\\/fjala.info\\\/2009-2015\\\/a-duhet-ta-braktise-gjermania-euron\\\/\"},\"author\":{\"name\":\"admin\",\"@id\":\"https:\\\/\\\/fjala.info\\\/2009-2015\\\/#\\\/schema\\\/person\\\/3aa1163ef05469c496fc94e77611ada2\"},\"headline\":\"A duhet ta braktis\u00eb Gjermania, euron?\",\"datePublished\":\"2010-06-27T20:53:40+00:00\",\"mainEntityOfPage\":{\"@id\":\"https:\\\/\\\/fjala.info\\\/2009-2015\\\/a-duhet-ta-braktise-gjermania-euron\\\/\"},\"wordCount\":575,\"commentCount\":0,\"publisher\":{\"@id\":\"https:\\\/\\\/fjala.info\\\/2009-2015\\\/#organization\"},\"articleSection\":[\"Artikuj\"],\"inLanguage\":\"sq-AL\",\"potentialAction\":[{\"@type\":\"CommentAction\",\"name\":\"Comment\",\"target\":[\"https:\\\/\\\/fjala.info\\\/2009-2015\\\/a-duhet-ta-braktise-gjermania-euron\\\/#respond\"]}]},{\"@type\":\"WebPage\",\"@id\":\"https:\\\/\\\/fjala.info\\\/2009-2015\\\/a-duhet-ta-braktise-gjermania-euron\\\/\",\"url\":\"https:\\\/\\\/fjala.info\\\/2009-2015\\\/a-duhet-ta-braktise-gjermania-euron\\\/\",\"name\":\"A duhet ta braktis\u00eb Gjermania, euron? - FjALA e LIR\u00cb - Arkivi\",\"isPartOf\":{\"@id\":\"https:\\\/\\\/fjala.info\\\/2009-2015\\\/#website\"},\"datePublished\":\"2010-06-27T20:53:40+00:00\",\"breadcrumb\":{\"@id\":\"https:\\\/\\\/fjala.info\\\/2009-2015\\\/a-duhet-ta-braktise-gjermania-euron\\\/#breadcrumb\"},\"inLanguage\":\"sq-AL\",\"potentialAction\":[{\"@type\":\"ReadAction\",\"target\":[\"https:\\\/\\\/fjala.info\\\/2009-2015\\\/a-duhet-ta-braktise-gjermania-euron\\\/\"]}]},{\"@type\":\"BreadcrumbList\",\"@id\":\"https:\\\/\\\/fjala.info\\\/2009-2015\\\/a-duhet-ta-braktise-gjermania-euron\\\/#breadcrumb\",\"itemListElement\":[{\"@type\":\"ListItem\",\"position\":1,\"name\":\"Home\",\"item\":\"https:\\\/\\\/fjala.info\\\/2009-2015\\\/\"},{\"@type\":\"ListItem\",\"position\":2,\"name\":\"A duhet ta braktis\u00eb Gjermania, euron?\"}]},{\"@type\":\"WebSite\",\"@id\":\"https:\\\/\\\/fjala.info\\\/2009-2015\\\/#website\",\"url\":\"https:\\\/\\\/fjala.info\\\/2009-2015\\\/\",\"name\":\"FjALA e LIR\u00cb - Arkivi\",\"description\":\"Arkivi 2009-2015\",\"publisher\":{\"@id\":\"https:\\\/\\\/fjala.info\\\/2009-2015\\\/#organization\"},\"potentialAction\":[{\"@type\":\"SearchAction\",\"target\":{\"@type\":\"EntryPoint\",\"urlTemplate\":\"https:\\\/\\\/fjala.info\\\/2009-2015\\\/?s={search_term_string}\"},\"query-input\":{\"@type\":\"PropertyValueSpecification\",\"valueRequired\":true,\"valueName\":\"search_term_string\"}}],\"inLanguage\":\"sq-AL\"},{\"@type\":\"Organization\",\"@id\":\"https:\\\/\\\/fjala.info\\\/2009-2015\\\/#organization\",\"name\":\"FjALA e LIR\u00cb - Arkivi\",\"url\":\"https:\\\/\\\/fjala.info\\\/2009-2015\\\/\",\"logo\":{\"@type\":\"ImageObject\",\"inLanguage\":\"sq-AL\",\"@id\":\"https:\\\/\\\/fjala.info\\\/2009-2015\\\/#\\\/schema\\\/logo\\\/image\\\/\",\"url\":\"\",\"contentUrl\":\"\",\"caption\":\"FjALA e LIR\u00cb - Arkivi\"},\"image\":{\"@id\":\"https:\\\/\\\/fjala.info\\\/2009-2015\\\/#\\\/schema\\\/logo\\\/image\\\/\"}},{\"@type\":\"Person\",\"@id\":\"https:\\\/\\\/fjala.info\\\/2009-2015\\\/#\\\/schema\\\/person\\\/3aa1163ef05469c496fc94e77611ada2\",\"name\":\"admin\",\"image\":{\"@type\":\"ImageObject\",\"inLanguage\":\"sq-AL\",\"@id\":\"https:\\\/\\\/fjala.info\\\/2009-2015\\\/wp-content\\\/uploads\\\/2012\\\/02\\\/arben_cokaj-120x150.jpg\",\"url\":\"https:\\\/\\\/fjala.info\\\/2009-2015\\\/wp-content\\\/uploads\\\/2012\\\/02\\\/arben_cokaj-120x150.jpg\",\"contentUrl\":\"https:\\\/\\\/fjala.info\\\/2009-2015\\\/wp-content\\\/uploads\\\/2012\\\/02\\\/arben_cokaj-120x150.jpg\",\"caption\":\"admin\"},\"description\":\"Admin, Fjala e Lir\u00eb\",\"sameAs\":[\"https:\\\/\\\/fjala.info\\\/\"],\"url\":\"https:\\\/\\\/fjala.info\\\/2009-2015\\\/author\\\/admin\\\/\"}]}<\/script>\n<!-- \/ Yoast SEO plugin. -->","yoast_head_json":{"title":"A duhet ta braktis\u00eb Gjermania, euron? - FjALA e LIR\u00cb - Arkivi","robots":{"index":"index","follow":"follow","max-snippet":"max-snippet:-1","max-image-preview":"max-image-preview:large","max-video-preview":"max-video-preview:-1"},"canonical":"https:\/\/fjala.info\/2009-2015\/a-duhet-ta-braktise-gjermania-euron\/","og_locale":"sq_AL","og_type":"article","og_title":"A duhet ta braktis\u00eb Gjermania, euron? - FjALA e LIR\u00cb - Arkivi","og_description":"Nga Xhorxh Soros, 27.06.2010 Gjermania dikur ishte n\u00eb qend\u00ebr t\u00eb integrimit europian. Burr\u00ebshtetasit e saj deklaronin se Gjermania nuk kishte politik\u00eb vetjake t\u00eb jashtme, por vet\u00ebm politik\u00eb europiane. Pas r\u00ebnies s\u00eb Murit t\u00eb Berlinit, lider\u00ebt gjerman\u00eb e kishin t\u00eb qart\u00eb se ribashkimi i vendit t\u00eb tyre do t\u00eb mund t\u00eb ndodhte vet\u00ebm n\u00eb kontekstin e [&hellip;]","og_url":"https:\/\/fjala.info\/2009-2015\/a-duhet-ta-braktise-gjermania-euron\/","og_site_name":"FjALA e LIR\u00cb - Arkivi","article_published_time":"2010-06-27T20:53:40+00:00","author":"admin","twitter_card":"summary_large_image","twitter_misc":{"Written by":"admin","Est. reading time":"3 minutes"},"schema":{"@context":"https:\/\/schema.org","@graph":[{"@type":"Article","@id":"https:\/\/fjala.info\/2009-2015\/a-duhet-ta-braktise-gjermania-euron\/#article","isPartOf":{"@id":"https:\/\/fjala.info\/2009-2015\/a-duhet-ta-braktise-gjermania-euron\/"},"author":{"name":"admin","@id":"https:\/\/fjala.info\/2009-2015\/#\/schema\/person\/3aa1163ef05469c496fc94e77611ada2"},"headline":"A duhet ta braktis\u00eb Gjermania, euron?","datePublished":"2010-06-27T20:53:40+00:00","mainEntityOfPage":{"@id":"https:\/\/fjala.info\/2009-2015\/a-duhet-ta-braktise-gjermania-euron\/"},"wordCount":575,"commentCount":0,"publisher":{"@id":"https:\/\/fjala.info\/2009-2015\/#organization"},"articleSection":["Artikuj"],"inLanguage":"sq-AL","potentialAction":[{"@type":"CommentAction","name":"Comment","target":["https:\/\/fjala.info\/2009-2015\/a-duhet-ta-braktise-gjermania-euron\/#respond"]}]},{"@type":"WebPage","@id":"https:\/\/fjala.info\/2009-2015\/a-duhet-ta-braktise-gjermania-euron\/","url":"https:\/\/fjala.info\/2009-2015\/a-duhet-ta-braktise-gjermania-euron\/","name":"A duhet ta braktis\u00eb Gjermania, euron? - FjALA e LIR\u00cb - Arkivi","isPartOf":{"@id":"https:\/\/fjala.info\/2009-2015\/#website"},"datePublished":"2010-06-27T20:53:40+00:00","breadcrumb":{"@id":"https:\/\/fjala.info\/2009-2015\/a-duhet-ta-braktise-gjermania-euron\/#breadcrumb"},"inLanguage":"sq-AL","potentialAction":[{"@type":"ReadAction","target":["https:\/\/fjala.info\/2009-2015\/a-duhet-ta-braktise-gjermania-euron\/"]}]},{"@type":"BreadcrumbList","@id":"https:\/\/fjala.info\/2009-2015\/a-duhet-ta-braktise-gjermania-euron\/#breadcrumb","itemListElement":[{"@type":"ListItem","position":1,"name":"Home","item":"https:\/\/fjala.info\/2009-2015\/"},{"@type":"ListItem","position":2,"name":"A duhet ta braktis\u00eb Gjermania, euron?"}]},{"@type":"WebSite","@id":"https:\/\/fjala.info\/2009-2015\/#website","url":"https:\/\/fjala.info\/2009-2015\/","name":"FjALA e LIR\u00cb - Arkivi","description":"Arkivi 2009-2015","publisher":{"@id":"https:\/\/fjala.info\/2009-2015\/#organization"},"potentialAction":[{"@type":"SearchAction","target":{"@type":"EntryPoint","urlTemplate":"https:\/\/fjala.info\/2009-2015\/?s={search_term_string}"},"query-input":{"@type":"PropertyValueSpecification","valueRequired":true,"valueName":"search_term_string"}}],"inLanguage":"sq-AL"},{"@type":"Organization","@id":"https:\/\/fjala.info\/2009-2015\/#organization","name":"FjALA e LIR\u00cb - Arkivi","url":"https:\/\/fjala.info\/2009-2015\/","logo":{"@type":"ImageObject","inLanguage":"sq-AL","@id":"https:\/\/fjala.info\/2009-2015\/#\/schema\/logo\/image\/","url":"","contentUrl":"","caption":"FjALA e LIR\u00cb - Arkivi"},"image":{"@id":"https:\/\/fjala.info\/2009-2015\/#\/schema\/logo\/image\/"}},{"@type":"Person","@id":"https:\/\/fjala.info\/2009-2015\/#\/schema\/person\/3aa1163ef05469c496fc94e77611ada2","name":"admin","image":{"@type":"ImageObject","inLanguage":"sq-AL","@id":"https:\/\/fjala.info\/2009-2015\/wp-content\/uploads\/2012\/02\/arben_cokaj-120x150.jpg","url":"https:\/\/fjala.info\/2009-2015\/wp-content\/uploads\/2012\/02\/arben_cokaj-120x150.jpg","contentUrl":"https:\/\/fjala.info\/2009-2015\/wp-content\/uploads\/2012\/02\/arben_cokaj-120x150.jpg","caption":"admin"},"description":"Admin, Fjala e Lir\u00eb","sameAs":["https:\/\/fjala.info\/"],"url":"https:\/\/fjala.info\/2009-2015\/author\/admin\/"}]}},"_links":{"self":[{"href":"https:\/\/fjala.info\/2009-2015\/wp-json\/wp\/v2\/posts\/3132","targetHints":{"allow":["GET"]}}],"collection":[{"href":"https:\/\/fjala.info\/2009-2015\/wp-json\/wp\/v2\/posts"}],"about":[{"href":"https:\/\/fjala.info\/2009-2015\/wp-json\/wp\/v2\/types\/post"}],"author":[{"embeddable":true,"href":"https:\/\/fjala.info\/2009-2015\/wp-json\/wp\/v2\/users\/1"}],"replies":[{"embeddable":true,"href":"https:\/\/fjala.info\/2009-2015\/wp-json\/wp\/v2\/comments?post=3132"}],"version-history":[{"count":0,"href":"https:\/\/fjala.info\/2009-2015\/wp-json\/wp\/v2\/posts\/3132\/revisions"}],"wp:attachment":[{"href":"https:\/\/fjala.info\/2009-2015\/wp-json\/wp\/v2\/media?parent=3132"}],"wp:term":[{"taxonomy":"category","embeddable":true,"href":"https:\/\/fjala.info\/2009-2015\/wp-json\/wp\/v2\/categories?post=3132"},{"taxonomy":"post_tag","embeddable":true,"href":"https:\/\/fjala.info\/2009-2015\/wp-json\/wp\/v2\/tags?post=3132"}],"curies":[{"name":"wp","href":"https:\/\/api.w.org\/{rel}","templated":true}]}}