{"id":3130,"date":"2010-06-27T21:50:23","date_gmt":"2010-06-27T20:50:23","guid":{"rendered":"http:\/\/fjala.shkoder.net\/?p=3130"},"modified":"2010-06-27T21:50:23","modified_gmt":"2010-06-27T20:50:23","slug":"pretenca-e-shtetit","status":"publish","type":"post","link":"https:\/\/fjala.info\/2009-2015\/pretenca-e-shtetit\/","title":{"rendered":"Pretenca e shtetit"},"content":{"rendered":"<p><img decoding=\"async\" style=\"margin-left: 10px; margin-right: 10px; border: 0px;\" src=\"http:\/\/www.shkoder.net\/images\/fjala\/skender_minxhozi.jpg\" border=\"0\" alt=\"Sk\u00ebnder Minxhozi\" width=\"100\" align=\"right\" \/><\/p>\n<p><strong>Sk\u00ebnder Minxhozi<\/strong><\/p>\n<p>Gjoba prej 400 mij\u00eb eurosh q\u00eb Gjykata e Shkall\u00ebs s\u00eb Par\u00eb vendosi s\u00eb fundi mbi emisionin \u201cFiks Fare\u201d, ka krijuar nj\u00eb sensibilizim t\u00eb ngjash\u00ebm t\u00eb opinionit publik, me at\u00eb t\u00eb shp\u00ebrthimit t\u00eb skandalit q\u00eb \u00e7oi n\u00eb shkarkimin e ish-ministrit Ylli Pango. Dimensioni i gjob\u00ebs, implikimet politike q\u00eb kjo ngjarje solli nj\u00eb vit e ca m\u00eb par\u00eb dhe padyshim problemi ther\u00ebs q\u00eb u krijua edhe k\u00ebsaj radhe me lirin\u00eb e shtypit, i dhan\u00eb nj\u00eb impakt t\u00eb pazakont\u00eb nj\u00eb vendimi gjyq\u00ebsor t\u00eb destinuar p\u00ebr t\u00eb ngjallur diskutime edhe n\u00eb t\u00eb ardhmen. N\u00eb qend\u00ebr t\u00eb goditjes ndodhet s\u00ebrish televizioni m\u00eb i madh n\u00eb Shqip\u00ebri. Dhe k\u00ebtu ia vlen natyrisht t\u00eb reflektohet.<\/p>\n<p>\u201cTop Media\u201d p\u00ebrb\u00ebn nj\u00eb rast krejt specifik diskriminimi n\u00eb historin\u00eb e shkurt\u00ebr t\u00eb medias elektronike n\u00eb vend. Ky grup u themelua n\u00eb periudh\u00ebn kur djegiet e redaksive nuk ishin m\u00eb n\u00eb mod\u00eb dhe kur mpirja e sh\u00ebmtuar e truve q\u00eb b\u00ebnte p\u00ebrdit\u00eb televizioni publik nuk qe m\u00eb i mundur. Megjithat\u00eb, n\u00eb nj\u00eb dekad\u00eb jete dhe lidershipi n\u00eb tregun e mediave elektronike, peripecit\u00eb q\u00eb kjo media ka kaluar sh\u00ebnojn\u00eb nj\u00eb dosje voluminoze m\u00eb vete, ku s\u2019mungojn\u00eb tatimor\u00ebt e zellsh\u00ebm, gjyqtar\u00ebt servil\u00eb dhe mbi t\u00eb gjitha anatemimet thuajse t\u00eb p\u00ebrditshme sistematike t\u00eb shtetit, i cili ka krijuar me koh\u00eb nj\u00eb \u201czinxhir sanitar\u201d rreth k\u00ebtij televizioni t\u00eb sh\u00ebnuar me rreth t\u00eb kuq n\u00eb fletoren e qeveris\u00eb.<\/p>\n<p>Nj\u00eb gjob\u00eb 400 mij\u00eb euro \u00ebsht\u00eb nj\u00eb lloj zjarri brenda zyrave t\u00eb nj\u00eb gazete a televizioni. Zjarr i madh madje, sepse ka t\u00eb b\u00ebj\u00eb jo vet\u00ebm me d\u00ebmin financiar, por edhe me mesazhin e nd\u00ebshkimit q\u00eb mbart mbi vete. Dikush mund t\u00eb thot\u00eb se ky d\u00ebnim jasht\u00eb \u00e7do proporcioni dhe logjike ka ardhur pas nj\u00eb ankimimi personal t\u00eb zotit Pango dhe nj\u00eb vendimi t\u00eb pavarur t\u00eb gjykat\u00ebsit Bendo. Kurrsesi s\u2019mund t\u00eb jet\u00eb k\u00ebshtu. Ky grusht prej 400 mij\u00eb eurosh ka brenda mbi t\u00eb gjitha nj\u00eb d\u00ebnim t\u00eb dh\u00ebn\u00eb \u201cp\u00ebr shkak t\u00eb detyr\u00ebs\u201d ndaj \u201cTop Medias\u201d.<\/p>\n<p>Nj\u00eb nd\u00ebshkim q\u00eb t\u00ebrthorazi mban parasysh dhe merr sh\u00ebnim t\u00eb gjith\u00eb at\u00eb sag\u00eb t\u00eb gjat\u00eb investigimesh, skandalesh dhe lajmesh t\u00eb sikletshme, q\u00eb emisioni m\u00eb popullor i mbr\u00ebmjes s\u00eb par\u00eb n\u00eb mediat elektronike shqiptare, \u201cFiks Fare\u201d, ka akumuluar n\u00eb vite ndaj k\u00ebsaj qeverisjeje dhe ndaj t\u00eb gjitha qeverisjeve t\u00eb shkuara. Suksesi i k\u00ebtij emisioni ka qen\u00eb dhe \u00ebsht\u00eb \u201cpretenca\u201d e k\u00ebtij emisioni dhe e t\u00eb gjith\u00eb televizionit ku prej vitesh, me urdh\u00ebr politik, nuk shkel asnj\u00eb eksponent i mazhoranc\u00ebs dhe ku, n\u00eb vend t\u00eb tyre, shkojn\u00eb me post\u00eb gjobat e shtetit.<\/p>\n<p>Kush thot\u00eb se vendimi i fundit i gjykat\u00ebs ndaj \u201cTop Medias\u201d nuk \u00ebsht\u00eb m\u00eb s\u00eb paku i sugjestionuar nga kjo klim\u00eb mbyt\u00ebse, thot\u00eb di\u00e7ka t\u00eb pav\u00ebrtet\u00eb. Ashtu si\u00e7 \u00ebsht\u00eb e sugjestionuar edhe prokuroria q\u00eb nuk d\u00ebnon prej vitesh krimin me petk zyrtar, apo edhe shkall\u00ebt m\u00eb t\u00eb larta t\u00eb gjyq\u00ebsorit, t\u00eb cilat votojn\u00eb vet\u00ebm n\u00eb nj\u00eb drejtim t\u00eb caktuar, sa her\u00eb q\u00eb n\u00eb horizont duket ndonj\u00eb dosje e sikletshme q\u00eb prek zyrtar\u00eb t\u00eb rangut t\u00eb lart\u00eb.<\/p>\n<p>Shteti, m\u00eb sakt\u00eb pjesa natyrore e tij, ndodhet sot i dominuar nga nj\u00eb frym\u00eb e past\u00ebr n\u00ebnshtrimi, q\u00eb ka \u00e7uar drejt\u00ebsin\u00eb, median publike, KQZ-n\u00eb dhe institucione t\u00eb tjera formalisht t\u00eb paanshme t\u00eb shtetit, n\u00eb standardet mjerane t\u00eb mesit t\u00eb viteve \u201890. Nuk \u00ebsht\u00eb e rastit q\u00eb vendimmarrje shum\u00eb t\u00eb diskutueshme, si kjo e gjob\u00ebs 400 mij\u00eb euro, merren nga personazhe q\u00eb datojn\u00eb pik\u00ebrisht nga kjo periudh\u00eb historike. Pra, nga ajo koh\u00eb kur shtetin e dominonte hapur inercia e komunizmit, e personifikuar n\u00eb figur\u00ebn e presidentit t\u00eb koh\u00ebs, q\u00eb ishte \u201cati\u201d i kombit.<\/p>\n<p>Fryn nj\u00eb er\u00eb e keqe n\u00eb median e sotme shqiptare. N\u00eb at\u00eb t\u00eb shkruar, por edhe n\u00eb at\u00eb elektronike. Gazeta q\u00eb mbyllen, ekrane q\u00eb shuhen ose q\u00eb nd\u00ebrrojn\u00eb ngjyr\u00eb, redaksi (dhe pronar\u00eb) t\u00eb dominuar m\u00eb shum\u00eb se kurr\u00eb nga ideja fikse se t\u00eb jesh me shtetin \u00ebsht\u00eb shum\u00eb m\u00eb e k\u00ebshillueshme (dhe e leverdisshme) sesa t\u00eb jesh kund\u00ebr tij. Q\u00eb nga rasti \u201cBaze\u201d e deri te gjoba e \u201cTop Medias\u201d, fryma represive e shtetit, m\u00eb e st\u00ebrholluar dhe dinake sesa n\u00eb koh\u00ebt kur gazetar\u00ebt hynin n\u00eb burg se kishin par\u00eb nj\u00eb karvan me tanke, po mbyt ngadal\u00eb at\u00eb segment t\u00eb natyrsh\u00ebm t\u00eb jet\u00ebs shoq\u00ebrore, q\u00eb nuk mendon si qeveria dhe q\u00eb ka guximin t\u2019i thot\u00eb t\u00eb v\u00ebrtetat e tij edhe jasht\u00eb versionit zyrtar. Po asfiksohet financiarisht \u00e7do media q\u00eb konsiderohet si e pad\u00ebshirueshme, n\u00eb nj\u00eb loj\u00eb t\u00eb pandershme tregu, e cila shitet n\u00eb m\u00ebnyr\u00ebn m\u00eb abuzive si konkurrenc\u00eb normale.<\/p>\n<p>Gjoba ndaj \u201cTop Medias\u201d vendoset n\u00eb k\u00ebt\u00eb kuad\u00ebr devijimi e mutacioni gjenetik drejt n\u00ebnshtrimit q\u00eb po p\u00ebson shtypi n\u00eb Shqip\u00ebri. Jo rast\u00ebsisht ky vendim absurd intereson direkt dy segmente t\u00eb shoq\u00ebris\u00eb shqiptare, mediat dhe sistemin e drejt\u00ebsis\u00eb. T\u00eb parat rregullisht t\u00eb cituara n\u00eb \u00e7do raport nd\u00ebrkomb\u00ebtar p\u00ebr diskriminimin dhe kanosjen q\u00eb p\u00ebsojn\u00eb nga pushteti, i dyti rregullisht i kritikuar si nj\u00ebri nd\u00ebr sektor\u00ebt m\u00eb t\u00eb gangrenizuar t\u00eb shoq\u00ebris\u00eb shqiptare.<\/p>\n<p>Mjafton t\u00eb kap\u00ebsh cilindo nga dokumentet e prodhuar nga organizma t\u00eb huaja p\u00ebr vendin ton\u00eb gjat\u00eb viteve t\u00eb fundit, p\u00ebr t\u2019u bindur p\u00ebr k\u00ebt\u00eb dualiz\u00ebm t\u00eb pal\u00ebvizsh\u00ebm q\u00eb do t\u00eb kusht\u00ebzoj\u00eb jasht\u00eb mase (si edhe rasti konkret), rrug\u00ebn e Shqip\u00ebris\u00eb drejt Europ\u00ebs. N\u00ebse nuk e ka kusht\u00ebtuar tashm\u00eb&#8230;<\/p>\n","protected":false},"excerpt":{"rendered":"<p>Sk\u00ebnder Minxhozi Gjoba prej 400 mij\u00eb eurosh q\u00eb Gjykata e Shkall\u00ebs s\u00eb Par\u00eb vendosi s\u00eb fundi mbi emisionin \u201cFiks Fare\u201d, ka krijuar nj\u00eb sensibilizim t\u00eb ngjash\u00ebm t\u00eb opinionit publik, me at\u00eb t\u00eb shp\u00ebrthimit t\u00eb skandalit q\u00eb \u00e7oi n\u00eb shkarkimin e ish-ministrit Ylli Pango. Dimensioni i gjob\u00ebs, implikimet politike q\u00eb kjo ngjarje solli nj\u00eb vit e [&hellip;]<\/p>\n","protected":false},"author":1,"featured_media":0,"comment_status":"open","ping_status":"closed","sticky":false,"template":"","format":"standard","meta":{"footnotes":""},"categories":[2],"tags":[],"class_list":{"0":"post-3130","1":"post","2":"type-post","3":"status-publish","4":"format-standard","6":"category-artikuj"},"yoast_head":"<!-- This site is optimized with the Yoast SEO plugin v27.4 - https:\/\/yoast.com\/product\/yoast-seo-wordpress\/ -->\n<title>Pretenca e shtetit - FjALA e LIR\u00cb - Arkivi<\/title>\n<meta name=\"robots\" content=\"index, follow, max-snippet:-1, max-image-preview:large, max-video-preview:-1\" \/>\n<link rel=\"canonical\" href=\"https:\/\/fjala.info\/2009-2015\/pretenca-e-shtetit\/\" \/>\n<meta property=\"og:locale\" content=\"sq_AL\" \/>\n<meta property=\"og:type\" content=\"article\" \/>\n<meta property=\"og:title\" content=\"Pretenca e shtetit - FjALA e LIR\u00cb - Arkivi\" \/>\n<meta property=\"og:description\" content=\"Sk\u00ebnder Minxhozi Gjoba prej 400 mij\u00eb eurosh q\u00eb Gjykata e Shkall\u00ebs s\u00eb Par\u00eb vendosi s\u00eb fundi mbi emisionin \u201cFiks Fare\u201d, ka krijuar nj\u00eb sensibilizim t\u00eb ngjash\u00ebm t\u00eb opinionit publik, me at\u00eb t\u00eb shp\u00ebrthimit t\u00eb skandalit q\u00eb \u00e7oi n\u00eb shkarkimin e ish-ministrit Ylli Pango. Dimensioni i gjob\u00ebs, implikimet politike q\u00eb kjo ngjarje solli nj\u00eb vit e [&hellip;]\" \/>\n<meta property=\"og:url\" content=\"https:\/\/fjala.info\/2009-2015\/pretenca-e-shtetit\/\" \/>\n<meta property=\"og:site_name\" content=\"FjALA e LIR\u00cb - Arkivi\" \/>\n<meta property=\"article:published_time\" content=\"2010-06-27T20:50:23+00:00\" \/>\n<meta property=\"og:image\" content=\"http:\/\/www.shkoder.net\/images\/fjala\/skender_minxhozi.jpg\" \/>\n<meta name=\"author\" content=\"admin\" \/>\n<meta name=\"twitter:card\" content=\"summary_large_image\" \/>\n<meta name=\"twitter:label1\" content=\"Written by\" \/>\n\t<meta name=\"twitter:data1\" content=\"admin\" \/>\n\t<meta name=\"twitter:label2\" content=\"Est. reading time\" \/>\n\t<meta name=\"twitter:data2\" content=\"5 minutes\" \/>\n<script type=\"application\/ld+json\" class=\"yoast-schema-graph\">{\"@context\":\"https:\\\/\\\/schema.org\",\"@graph\":[{\"@type\":\"Article\",\"@id\":\"https:\\\/\\\/fjala.info\\\/2009-2015\\\/pretenca-e-shtetit\\\/#article\",\"isPartOf\":{\"@id\":\"https:\\\/\\\/fjala.info\\\/2009-2015\\\/pretenca-e-shtetit\\\/\"},\"author\":{\"name\":\"admin\",\"@id\":\"https:\\\/\\\/fjala.info\\\/2009-2015\\\/#\\\/schema\\\/person\\\/3aa1163ef05469c496fc94e77611ada2\"},\"headline\":\"Pretenca e shtetit\",\"datePublished\":\"2010-06-27T20:50:23+00:00\",\"mainEntityOfPage\":{\"@id\":\"https:\\\/\\\/fjala.info\\\/2009-2015\\\/pretenca-e-shtetit\\\/\"},\"wordCount\":949,\"commentCount\":0,\"publisher\":{\"@id\":\"https:\\\/\\\/fjala.info\\\/2009-2015\\\/#organization\"},\"image\":{\"@id\":\"https:\\\/\\\/fjala.info\\\/2009-2015\\\/pretenca-e-shtetit\\\/#primaryimage\"},\"thumbnailUrl\":\"http:\\\/\\\/www.shkoder.net\\\/images\\\/fjala\\\/skender_minxhozi.jpg\",\"articleSection\":[\"Artikuj\"],\"inLanguage\":\"sq-AL\",\"potentialAction\":[{\"@type\":\"CommentAction\",\"name\":\"Comment\",\"target\":[\"https:\\\/\\\/fjala.info\\\/2009-2015\\\/pretenca-e-shtetit\\\/#respond\"]}]},{\"@type\":\"WebPage\",\"@id\":\"https:\\\/\\\/fjala.info\\\/2009-2015\\\/pretenca-e-shtetit\\\/\",\"url\":\"https:\\\/\\\/fjala.info\\\/2009-2015\\\/pretenca-e-shtetit\\\/\",\"name\":\"Pretenca e shtetit - FjALA e LIR\u00cb - Arkivi\",\"isPartOf\":{\"@id\":\"https:\\\/\\\/fjala.info\\\/2009-2015\\\/#website\"},\"primaryImageOfPage\":{\"@id\":\"https:\\\/\\\/fjala.info\\\/2009-2015\\\/pretenca-e-shtetit\\\/#primaryimage\"},\"image\":{\"@id\":\"https:\\\/\\\/fjala.info\\\/2009-2015\\\/pretenca-e-shtetit\\\/#primaryimage\"},\"thumbnailUrl\":\"http:\\\/\\\/www.shkoder.net\\\/images\\\/fjala\\\/skender_minxhozi.jpg\",\"datePublished\":\"2010-06-27T20:50:23+00:00\",\"breadcrumb\":{\"@id\":\"https:\\\/\\\/fjala.info\\\/2009-2015\\\/pretenca-e-shtetit\\\/#breadcrumb\"},\"inLanguage\":\"sq-AL\",\"potentialAction\":[{\"@type\":\"ReadAction\",\"target\":[\"https:\\\/\\\/fjala.info\\\/2009-2015\\\/pretenca-e-shtetit\\\/\"]}]},{\"@type\":\"ImageObject\",\"inLanguage\":\"sq-AL\",\"@id\":\"https:\\\/\\\/fjala.info\\\/2009-2015\\\/pretenca-e-shtetit\\\/#primaryimage\",\"url\":\"http:\\\/\\\/www.shkoder.net\\\/images\\\/fjala\\\/skender_minxhozi.jpg\",\"contentUrl\":\"http:\\\/\\\/www.shkoder.net\\\/images\\\/fjala\\\/skender_minxhozi.jpg\"},{\"@type\":\"BreadcrumbList\",\"@id\":\"https:\\\/\\\/fjala.info\\\/2009-2015\\\/pretenca-e-shtetit\\\/#breadcrumb\",\"itemListElement\":[{\"@type\":\"ListItem\",\"position\":1,\"name\":\"Home\",\"item\":\"https:\\\/\\\/fjala.info\\\/2009-2015\\\/\"},{\"@type\":\"ListItem\",\"position\":2,\"name\":\"Pretenca e shtetit\"}]},{\"@type\":\"WebSite\",\"@id\":\"https:\\\/\\\/fjala.info\\\/2009-2015\\\/#website\",\"url\":\"https:\\\/\\\/fjala.info\\\/2009-2015\\\/\",\"name\":\"FjALA e LIR\u00cb - Arkivi\",\"description\":\"Arkivi 2009-2015\",\"publisher\":{\"@id\":\"https:\\\/\\\/fjala.info\\\/2009-2015\\\/#organization\"},\"potentialAction\":[{\"@type\":\"SearchAction\",\"target\":{\"@type\":\"EntryPoint\",\"urlTemplate\":\"https:\\\/\\\/fjala.info\\\/2009-2015\\\/?s={search_term_string}\"},\"query-input\":{\"@type\":\"PropertyValueSpecification\",\"valueRequired\":true,\"valueName\":\"search_term_string\"}}],\"inLanguage\":\"sq-AL\"},{\"@type\":\"Organization\",\"@id\":\"https:\\\/\\\/fjala.info\\\/2009-2015\\\/#organization\",\"name\":\"FjALA e LIR\u00cb - Arkivi\",\"url\":\"https:\\\/\\\/fjala.info\\\/2009-2015\\\/\",\"logo\":{\"@type\":\"ImageObject\",\"inLanguage\":\"sq-AL\",\"@id\":\"https:\\\/\\\/fjala.info\\\/2009-2015\\\/#\\\/schema\\\/logo\\\/image\\\/\",\"url\":\"\",\"contentUrl\":\"\",\"caption\":\"FjALA e LIR\u00cb - Arkivi\"},\"image\":{\"@id\":\"https:\\\/\\\/fjala.info\\\/2009-2015\\\/#\\\/schema\\\/logo\\\/image\\\/\"}},{\"@type\":\"Person\",\"@id\":\"https:\\\/\\\/fjala.info\\\/2009-2015\\\/#\\\/schema\\\/person\\\/3aa1163ef05469c496fc94e77611ada2\",\"name\":\"admin\",\"image\":{\"@type\":\"ImageObject\",\"inLanguage\":\"sq-AL\",\"@id\":\"https:\\\/\\\/fjala.info\\\/2009-2015\\\/wp-content\\\/uploads\\\/2012\\\/02\\\/arben_cokaj-120x150.jpg\",\"url\":\"https:\\\/\\\/fjala.info\\\/2009-2015\\\/wp-content\\\/uploads\\\/2012\\\/02\\\/arben_cokaj-120x150.jpg\",\"contentUrl\":\"https:\\\/\\\/fjala.info\\\/2009-2015\\\/wp-content\\\/uploads\\\/2012\\\/02\\\/arben_cokaj-120x150.jpg\",\"caption\":\"admin\"},\"description\":\"Admin, Fjala e Lir\u00eb\",\"sameAs\":[\"https:\\\/\\\/fjala.info\\\/\"],\"url\":\"https:\\\/\\\/fjala.info\\\/2009-2015\\\/author\\\/admin\\\/\"}]}<\/script>\n<!-- \/ Yoast SEO plugin. -->","yoast_head_json":{"title":"Pretenca e shtetit - FjALA e LIR\u00cb - Arkivi","robots":{"index":"index","follow":"follow","max-snippet":"max-snippet:-1","max-image-preview":"max-image-preview:large","max-video-preview":"max-video-preview:-1"},"canonical":"https:\/\/fjala.info\/2009-2015\/pretenca-e-shtetit\/","og_locale":"sq_AL","og_type":"article","og_title":"Pretenca e shtetit - FjALA e LIR\u00cb - Arkivi","og_description":"Sk\u00ebnder Minxhozi Gjoba prej 400 mij\u00eb eurosh q\u00eb Gjykata e Shkall\u00ebs s\u00eb Par\u00eb vendosi s\u00eb fundi mbi emisionin \u201cFiks Fare\u201d, ka krijuar nj\u00eb sensibilizim t\u00eb ngjash\u00ebm t\u00eb opinionit publik, me at\u00eb t\u00eb shp\u00ebrthimit t\u00eb skandalit q\u00eb \u00e7oi n\u00eb shkarkimin e ish-ministrit Ylli Pango. Dimensioni i gjob\u00ebs, implikimet politike q\u00eb kjo ngjarje solli nj\u00eb vit e [&hellip;]","og_url":"https:\/\/fjala.info\/2009-2015\/pretenca-e-shtetit\/","og_site_name":"FjALA e LIR\u00cb - Arkivi","article_published_time":"2010-06-27T20:50:23+00:00","og_image":[{"url":"http:\/\/www.shkoder.net\/images\/fjala\/skender_minxhozi.jpg","type":"","width":"","height":""}],"author":"admin","twitter_card":"summary_large_image","twitter_misc":{"Written by":"admin","Est. reading time":"5 minutes"},"schema":{"@context":"https:\/\/schema.org","@graph":[{"@type":"Article","@id":"https:\/\/fjala.info\/2009-2015\/pretenca-e-shtetit\/#article","isPartOf":{"@id":"https:\/\/fjala.info\/2009-2015\/pretenca-e-shtetit\/"},"author":{"name":"admin","@id":"https:\/\/fjala.info\/2009-2015\/#\/schema\/person\/3aa1163ef05469c496fc94e77611ada2"},"headline":"Pretenca e shtetit","datePublished":"2010-06-27T20:50:23+00:00","mainEntityOfPage":{"@id":"https:\/\/fjala.info\/2009-2015\/pretenca-e-shtetit\/"},"wordCount":949,"commentCount":0,"publisher":{"@id":"https:\/\/fjala.info\/2009-2015\/#organization"},"image":{"@id":"https:\/\/fjala.info\/2009-2015\/pretenca-e-shtetit\/#primaryimage"},"thumbnailUrl":"http:\/\/www.shkoder.net\/images\/fjala\/skender_minxhozi.jpg","articleSection":["Artikuj"],"inLanguage":"sq-AL","potentialAction":[{"@type":"CommentAction","name":"Comment","target":["https:\/\/fjala.info\/2009-2015\/pretenca-e-shtetit\/#respond"]}]},{"@type":"WebPage","@id":"https:\/\/fjala.info\/2009-2015\/pretenca-e-shtetit\/","url":"https:\/\/fjala.info\/2009-2015\/pretenca-e-shtetit\/","name":"Pretenca e shtetit - FjALA e LIR\u00cb - Arkivi","isPartOf":{"@id":"https:\/\/fjala.info\/2009-2015\/#website"},"primaryImageOfPage":{"@id":"https:\/\/fjala.info\/2009-2015\/pretenca-e-shtetit\/#primaryimage"},"image":{"@id":"https:\/\/fjala.info\/2009-2015\/pretenca-e-shtetit\/#primaryimage"},"thumbnailUrl":"http:\/\/www.shkoder.net\/images\/fjala\/skender_minxhozi.jpg","datePublished":"2010-06-27T20:50:23+00:00","breadcrumb":{"@id":"https:\/\/fjala.info\/2009-2015\/pretenca-e-shtetit\/#breadcrumb"},"inLanguage":"sq-AL","potentialAction":[{"@type":"ReadAction","target":["https:\/\/fjala.info\/2009-2015\/pretenca-e-shtetit\/"]}]},{"@type":"ImageObject","inLanguage":"sq-AL","@id":"https:\/\/fjala.info\/2009-2015\/pretenca-e-shtetit\/#primaryimage","url":"http:\/\/www.shkoder.net\/images\/fjala\/skender_minxhozi.jpg","contentUrl":"http:\/\/www.shkoder.net\/images\/fjala\/skender_minxhozi.jpg"},{"@type":"BreadcrumbList","@id":"https:\/\/fjala.info\/2009-2015\/pretenca-e-shtetit\/#breadcrumb","itemListElement":[{"@type":"ListItem","position":1,"name":"Home","item":"https:\/\/fjala.info\/2009-2015\/"},{"@type":"ListItem","position":2,"name":"Pretenca e shtetit"}]},{"@type":"WebSite","@id":"https:\/\/fjala.info\/2009-2015\/#website","url":"https:\/\/fjala.info\/2009-2015\/","name":"FjALA e LIR\u00cb - Arkivi","description":"Arkivi 2009-2015","publisher":{"@id":"https:\/\/fjala.info\/2009-2015\/#organization"},"potentialAction":[{"@type":"SearchAction","target":{"@type":"EntryPoint","urlTemplate":"https:\/\/fjala.info\/2009-2015\/?s={search_term_string}"},"query-input":{"@type":"PropertyValueSpecification","valueRequired":true,"valueName":"search_term_string"}}],"inLanguage":"sq-AL"},{"@type":"Organization","@id":"https:\/\/fjala.info\/2009-2015\/#organization","name":"FjALA e LIR\u00cb - Arkivi","url":"https:\/\/fjala.info\/2009-2015\/","logo":{"@type":"ImageObject","inLanguage":"sq-AL","@id":"https:\/\/fjala.info\/2009-2015\/#\/schema\/logo\/image\/","url":"","contentUrl":"","caption":"FjALA e LIR\u00cb - Arkivi"},"image":{"@id":"https:\/\/fjala.info\/2009-2015\/#\/schema\/logo\/image\/"}},{"@type":"Person","@id":"https:\/\/fjala.info\/2009-2015\/#\/schema\/person\/3aa1163ef05469c496fc94e77611ada2","name":"admin","image":{"@type":"ImageObject","inLanguage":"sq-AL","@id":"https:\/\/fjala.info\/2009-2015\/wp-content\/uploads\/2012\/02\/arben_cokaj-120x150.jpg","url":"https:\/\/fjala.info\/2009-2015\/wp-content\/uploads\/2012\/02\/arben_cokaj-120x150.jpg","contentUrl":"https:\/\/fjala.info\/2009-2015\/wp-content\/uploads\/2012\/02\/arben_cokaj-120x150.jpg","caption":"admin"},"description":"Admin, Fjala e Lir\u00eb","sameAs":["https:\/\/fjala.info\/"],"url":"https:\/\/fjala.info\/2009-2015\/author\/admin\/"}]}},"_links":{"self":[{"href":"https:\/\/fjala.info\/2009-2015\/wp-json\/wp\/v2\/posts\/3130","targetHints":{"allow":["GET"]}}],"collection":[{"href":"https:\/\/fjala.info\/2009-2015\/wp-json\/wp\/v2\/posts"}],"about":[{"href":"https:\/\/fjala.info\/2009-2015\/wp-json\/wp\/v2\/types\/post"}],"author":[{"embeddable":true,"href":"https:\/\/fjala.info\/2009-2015\/wp-json\/wp\/v2\/users\/1"}],"replies":[{"embeddable":true,"href":"https:\/\/fjala.info\/2009-2015\/wp-json\/wp\/v2\/comments?post=3130"}],"version-history":[{"count":0,"href":"https:\/\/fjala.info\/2009-2015\/wp-json\/wp\/v2\/posts\/3130\/revisions"}],"wp:attachment":[{"href":"https:\/\/fjala.info\/2009-2015\/wp-json\/wp\/v2\/media?parent=3130"}],"wp:term":[{"taxonomy":"category","embeddable":true,"href":"https:\/\/fjala.info\/2009-2015\/wp-json\/wp\/v2\/categories?post=3130"},{"taxonomy":"post_tag","embeddable":true,"href":"https:\/\/fjala.info\/2009-2015\/wp-json\/wp\/v2\/tags?post=3130"}],"curies":[{"name":"wp","href":"https:\/\/api.w.org\/{rel}","templated":true}]}}