{"id":3119,"date":"2010-06-27T08:56:56","date_gmt":"2010-06-27T07:56:56","guid":{"rendered":"http:\/\/fjala.shkoder.net\/?p=3119"},"modified":"2010-06-27T08:56:56","modified_gmt":"2010-06-27T07:56:56","slug":"strasburgu-cfare-ndodhi","status":"publish","type":"post","link":"https:\/\/fjala.info\/2009-2015\/strasburgu-cfare-ndodhi\/","title":{"rendered":"Strasburgu, \u00e7far\u00eb ndodhi?"},"content":{"rendered":"<p><img decoding=\"async\" style=\"margin-left: 10px; margin-right: 10px; border: 0px;\" src=\"http:\/\/www.shkoder.net\/images\/fjala\/prec_zogaj.jpg\" border=\"0\" alt=\"Pre\u00e7 Zogaj\" width=\"150\" align=\"left\" \/><\/p>\n<p><strong>Pre\u00e7 Zogaj<\/strong>, <em>26.06.2010<\/em><\/p>\n<p>Kryetari i grupit parlamentar t\u00eb Partis\u00eb Popullore n\u00eb Parlamentin Europian, zotin Jozef Daul, u pyet n\u00eb Tiran\u00eb nga shtypi vendas pse d\u00ebshtuan bisedimet e tij me zotin Berisha dhe zotin Rama.<\/p>\n<p>Ai, sipas gazet\u00ebs &#8220;Shekulli&#8221; dha k\u00ebt\u00eb p\u00ebrgjigje: &#8220;Ne kemi b\u00ebr\u00eb nj\u00eb takim, ku secili u shpreh dhe n\u00eb vendos\u00ebm s\u00eb bashku p\u00ebr \u00e7\u00ebshtjet q\u00eb jan\u00eb t\u00eb r\u00ebnd\u00ebsishme p\u00ebr demokracin\u00eb; njohjen e qeveris\u00eb, njohjen dhe respektimin e kushtetut\u00ebs, si dhe q\u00eb opozita t\u00eb punoj\u00eb n\u00eb gjirin e parlamentit. Kjo \u00ebsht\u00eb respektuar. Ne donim t\u00eb shkonim m\u00eb larg dhe t\u00eb fillonim: Hapni kutit\u00eb, mbyllni kutit\u00eb. Ne nuk mund t\u00eb arrinim k\u00ebtu&#8230;&#8221;.<\/p>\n<p>Duke e marr\u00eb k\u00ebshtu si\u00e7 \u00ebsht\u00eb, p\u00ebrgjigja e m\u00ebsip\u00ebrme \u00ebsht\u00eb shqet\u00ebsuese n\u00eb shum\u00eb pik\u00ebpamje dhe sidomos p\u00ebr t\u00eb ardhmen e kriz\u00ebs politike shqiptare.<\/p>\n<p><img decoding=\"async\" style=\"margin-left: 10px; margin-right: 10px; border: 0px;\" src=\"http:\/\/www.shkoder.net\/images\/fjala\/2010\/jozef_daul.jpg\" border=\"0\" alt=\"Jozef Daul\" width=\"200\" align=\"right\" \/><\/p>\n<p>N\u00eb pjes\u00ebn e par\u00eb t\u00eb saj, kjo p\u00ebrgjigje i b\u00ebn jehon\u00eb t\u00eb plot\u00eb, madje konfirmon pa takt pik\u00ebpamjen e krahut qeveritar dhe euroskeptik\u00ebve n\u00eb gjirin e opozit\u00ebs se takimi i Strasburgut i dat\u00ebs 14 maj u thirr para s\u00eb gjithash p\u00ebr t\u00eb ndaluar protestat opozitare dhe grev\u00ebn e uris\u00eb, p\u00ebr t&#8217;ia hedhur Edi Ram\u00ebs, p\u00ebr ta marr\u00eb kalan\u00eb e protestave me diplomaci, p\u00ebr t\u00eb zbutur e kastruar nervin opozitar p\u00ebr kauz\u00ebn e transparenc\u00ebs s\u00eb zgjedhjeve t\u00eb 28 qershorit, p\u00ebr ta arkivuar k\u00ebt\u00eb kauz\u00eb n\u00eb pamund\u00ebsin\u00eb e realizimit t\u00eb saj etj., etj.<\/p>\n<p>T\u00eb gjith\u00eb k\u00ebto i kemi d\u00ebgjuar e lexuar me dhjet\u00ebra her\u00eb q\u00ebkurse u ngrit \u00e7adra e grevist\u00ebve, natyrisht t\u00eb th\u00ebna jo krejt k\u00ebshtu si\u00e7 i paraqes un\u00eb, por me fjal\u00eb me t\u00eb r\u00ebnda.<\/p>\n<p>Nuk kemi dashur ta besojm\u00eb dhe duhet t\u00eb kesh ndonj\u00eb d\u00ebrras\u00eb mang\u00ebt t\u00eb mendosh se dy politikan\u00eb q\u00eb flasin n\u00eb em\u00ebr t\u00eb Parlamentit Europian, si Daul dhje Shulz, t\u00eb organizojn\u00eb nj\u00eb dark\u00eb djall\u00ebzore p\u00ebr t\u00eb mashtruar shefin e opozit\u00ebs.<\/p>\n<p>Mos jemi gabuar? Si mij\u00ebra e mij\u00ebra shqiptar\u00eb, nuk e njoh statur\u00ebn politike t\u00eb zotit Daul. Zakonisht deputet\u00ebt dhe drejtuesit e Parlamentit Europian njihen m\u00eb pak se deputet\u00ebt dhe drejtuesit e parlamenteve nacionale. Ata, n\u00eb p\u00ebrgjith\u00ebsi, nuk vin\u00eb nga listat e para t\u00eb partive. Por p\u00ebrtej emrave q\u00eb p\u00ebrfaq\u00ebsojn\u00eb institucionet e ndryshme europiane, ne shohim dhe respektojm\u00eb Europ\u00ebn.<\/p>\n<p>Emrat mund t\u00eb mos na thon\u00eb asgj\u00eb, por Europa \u00ebsht\u00eb \u00ebndrra jon\u00eb. Prandaj, nuk mund t\u00eb them se kemi gabuar, kur kemi besuar n\u00eb nd\u00ebrmjet\u00ebsimin e saj. N\u00eb kontekstin q\u00eb paraqita m\u00eb lart, p\u00ebrgjigja e zotit Daul ting\u00ebllon si dekonspirimi i nj\u00eb plani q\u00eb u \u00ebsht\u00eb mbajtur i fsheht\u00eb Ram\u00ebs, opozit\u00ebs dhe protestuesve.<\/p>\n<p>(Askush nuk do t\u00eb shkonte n\u00eb Strasburg dhe protestat nuk do t\u00eb ndaleshin sikur opozita do t\u00eb ishte ftuar p\u00ebr t\u00eb &#8220;njohur qeverin\u00eb dhe kushtetut\u00ebn&#8221;, duke len\u00eb n\u00eb shesh mbi nj\u00ebqindmij\u00eb protestues).<\/p>\n<p>Ting\u00ebllon, por nuk \u00ebsht\u00eb dekonspirim p\u00ebr arsyen e thjesht\u00eb se nuk ka pasur e nuk mund t\u00eb ket\u00eb pasur nj\u00eb plan t\u00eb till\u00eb. Un\u00eb mendoj se zoti Daul, teksa i ka q\u00eblluar t\u00eb vij\u00eb n\u00eb Tiran\u00eb si i d\u00ebshtuari n\u00eb vendin e d\u00ebshtimit p\u00ebr sa i p\u00ebrket rolit q\u00eb mori si nd\u00ebrmjet\u00ebsues p\u00ebr zgjidhjen e kriz\u00ebs, thjesht ka dashur t\u00eb pohoj\u00eb di\u00e7ka pozitive nga p\u00ebrpjekjet e tij, po pa e llogaritur efektin e fjal\u00ebve.<\/p>\n<p>Po ta kishte njohur pak m\u00eb mir\u00eb Shqip\u00ebrin\u00eb, sigurisht do t&#8217;i kishte menduar m\u00eb mir\u00eb fjal\u00ebt, jo vet\u00ebm p\u00ebr t\u00eb mos l\u00ebnduar e ven\u00eb n\u00eb pozit\u00eb t\u00eb v\u00ebshtir\u00eb Edi Ram\u00ebn para mij\u00ebra e mij\u00ebra<br \/>\nprotestuesve q\u00eb e kan\u00eb ndjekur prej muajsh n\u00eb rrug\u00ebt dhe sheshet e Shqip\u00ebris\u00eb, por para s\u00eb gjithash p\u00ebr t\u00eb qen\u00eb edhe i sakt\u00eb dhe korrekt n\u00eb kumtimet e tij.<\/p>\n<p>N\u00eb Shqip\u00ebri e din\u00eb t\u00eb gjith\u00eb se opozita e ka njohur qeverin\u00eb q\u00ebkurse ka njohur rezultatin e zgjedhjeve. N\u00eb Strasburg nuk mund t\u00eb kishte t\u00eb reja n\u00eb k\u00ebt\u00eb pik\u00eb.<\/p>\n<p>E nj\u00ebjta gj\u00eb edhe p\u00ebr kushtetut\u00ebn. Kjo opozit\u00eb, q\u00eb ka edhe autor\u00ebsin\u00eb e miratimit t\u00eb kushtetut\u00ebs s\u00eb Shqip\u00ebris\u00eb, kur ka qen\u00eb n\u00eb pushtet, ka k\u00ebrkuar e k\u00ebrkon hetim n\u00eb baz\u00eb t\u00eb kushtetut\u00ebs. Jo k\u00ebrkesa, por refuzimi i hetimit \u00ebsht\u00eb antikushtetues.<\/p>\n<p>E reja q\u00eb solli Strasburgu ishte p\u00ebrfshirja aktive e deputet\u00ebve t\u00eb PS-s\u00eb n\u00eb komisionet parlamentare dhe gatishm\u00ebria e Ram\u00ebs p\u00ebr t\u00eb firmosur nj\u00eb marr\u00ebveshje t\u00eb ofruar nga nd\u00ebrkomb\u00ebtar\u00ebt.<\/p>\n<p>Jan\u00eb t\u00eb vetmet pika q\u00eb u &#8220;zbardhin faqen&#8221; dy nd\u00ebrmjet\u00ebsuesve t\u00eb parlamentit europian, pra edhe zotit Daul, p\u00ebr \u00e7far\u00eb opozita dhe shefi i saj do t\u00eb meritonin minimumi nj\u00eb fal\u00ebnderim. E djathta franceze, qoft\u00eb ajo fisnike e stamp\u00ebs Baladyr, qoft\u00eb ajo rurale e stamp\u00ebs Shirak, e ka n\u00eb tradit\u00eb mir\u00ebsjelljen dhe kortezin\u00eb.<\/p>\n<p>\u00c7far\u00eb do t\u00eb tregonte n\u00eb Tiran\u00eb eurodeputeti nga Alzasa po t\u00eb mos ishte treguar e hapur, \u00e7ilt\u00ebr dhe bashk\u00ebpunuese opozita shqiptare dhe lideri i saj? Asgj\u00eb. K\u00ebt\u00eb mund ta kuptojm\u00eb fare mir\u00eb, duke lexuar pjes\u00ebn e dyt\u00eb t\u00eb p\u00ebrgjigjes s\u00eb tij p\u00ebr d\u00ebshtimin e negociatave. Ai thot\u00eb &#8220;ne do t\u00eb donim t\u00eb shkonim m\u00eb larg dhe t\u00eb fillonim: hapni kutit\u00eb, mbyllni kutit\u00eb&#8221;.<\/p>\n<p>M\u00eb tej, ai thot\u00eb se nuk ka pasur nj\u00eb draft, por ka pasur &#8220;nj\u00eb dokument, q\u00eb \u00ebsht\u00eb diskutuar nga teknicien\u00ebt tan\u00eb, nga sekretar\u00ebt tan\u00eb t\u00eb p\u00ebrgjithsh\u00ebm&#8221;. N\u00eb nj\u00eb intervist\u00eb live edhe politikan\u00ebt me shum\u00eb p\u00ebrvoj\u00eb q\u00ebllon t\u00eb ken\u00eb nd\u00ebrprerje t\u00eb mendimit, kap\u00ebrcime logjike. Po t\u00eb shtojm\u00eb k\u00ebtu gabimet e p\u00ebrkthimit apo edhe dashjen e politikan\u00ebve n\u00eb rrethana t\u00eb caktuara p\u00ebr t&#8217;u fshehur prapa paqart\u00ebsis\u00eb, fjal\u00ebt e tyre n\u00eb k\u00ebt\u00eb rast duken si nj\u00eb e folur p\u00ebr\u00e7art.<\/p>\n<p>Nga intervista plot kap\u00ebrcime e zotit Daul botuar te gazeta &#8220;Shekulli&#8221; mund t\u00eb kuptojm\u00eb megjithat\u00eb k\u00ebto gj\u00ebra: E para, ai nuk d\u00ebshiron t\u00eb thot\u00eb gj\u00ebra q\u00eb nuk i p\u00eblqejn\u00eb mikprit\u00ebsit q\u00eb ka n\u00eb krah, prandaj i le shpjegimet p\u00ebrgjysm\u00eb, pik\u00ebrisht aty ku \u00ebsht\u00eb interesi kryesor i publikut shqiptar; pse nuk shkuat larg, pse nuk u pranua dokumenti i teknicien\u00ebve? E dyta, Rama ka d\u00ebgjuar n\u00eb lidhje me ato q\u00eb kan\u00eb dashur e pretenduar Daul e Shultz prej tij.<\/p>\n<p>Kurse Berisha nuk i ka d\u00ebgjuar, nuk u ka hapur rrug\u00eb. Po t\u00eb flasim me gjuh\u00ebn sportive q\u00eb \u00ebsht\u00eb n\u00eb mod\u00eb edhe n\u00eb politik\u00ebn e cek\u00ebt t\u00eb Tiran\u00ebs, Berisha ka mundur europian\u00ebt dhe jo opozit\u00ebn e tij n\u00eb Strasburg. Sado q\u00eb e treguar nga Daul, her\u00eb e tepruar e her\u00eb duke kafshuar buz\u00ebt, kjo duket se \u00ebsht\u00eb e v\u00ebrteta e thjesht\u00eb e negociatave nj\u00ebmujore Strasburg-Tiran\u00eb.<\/p>\n<p>S\u00eb treti, duke komplementuar pal\u00ebn q\u00eb nuk ka b\u00ebr\u00eb asnj\u00eb hap para p\u00ebr arritjen e marr\u00ebveshjes dhe duke e konsideruar d\u00ebshtimin pjes\u00eb t\u00eb dialektik\u00ebs s\u00eb demokracis\u00eb, zoti Daul sigurisht q\u00eb e p\u00ebrjashton veten nga roli i m\u00ebtejsh\u00ebm i nd\u00ebrmjet\u00ebsit p\u00ebr kriz\u00ebn shqiptare. Por, ajo q\u00eb \u00ebsht\u00eb e re dhe e r\u00ebnd\u00ebsishme n\u00eb ket\u00eb sjellje ka t\u00eb b\u00ebj\u00eb me raportin e ri q\u00eb krijon kryeministri me Europ\u00ebn.<\/p>\n<p>Berisha e ka dh\u00ebn\u00eb edhe m\u00eb par\u00eb dhe na jep p\u00ebrs\u00ebri shembullin e refuzimit t\u00eb p\u00ebrfaq\u00ebsuesve europian\u00eb pa u qortuar prej tyre, madje duke u lavd\u00ebruar nga ndonj\u00ebri prej tyre. Ky \u00ebsht\u00eb nj\u00eb raport q\u00eb do t\u00eb ket\u00eb ndikime t\u00eb forta n\u00eb ecurin\u00eb e l\u00ebvizjes opozitare p\u00ebr transparenc\u00ebn e zgjedhjeve.<\/p>\n<p>T\u00eb gjith\u00eb e din\u00eb se brenda opozit\u00ebs ekziston nj\u00eb korrent i fort\u00eb q\u00eb respekton parimet, frym\u00ebn dhe konstitucionin demokratik t\u00eb Europ\u00ebs, por nuk e sheh t\u00eb lidhur \u00e7\u00ebshtjen e transparenc\u00ebs me ndihm\u00ebn q\u00eb mund t\u00eb na japin europian\u00ebt.<\/p>\n<p>Ky korrent ka qen\u00eb q\u00eb n\u00eb fillim skeptik p\u00ebr Strasburgun, nuk ka dashur &#8220;t&#8217;i fus\u00eb uj\u00eb rakis\u00eb&#8221;, e ka par\u00eb hetimin e kutive si nj\u00eb sprov\u00eb t\u00eb demokracis\u00eb dhe qytetaris\u00eb shqiptare p\u00ebrball\u00eb qeveris\u00eb shqiptare dhe kaq.<\/p>\n<p>D\u00ebshtimi n\u00eb k\u00ebt\u00eb form\u00eb i bisedimeve u jep t\u00eb drejt\u00eb, shpresoj jo p\u00ebrgjithmon\u00eb, atyre q\u00eb mendojn\u00eb se n\u00eb Europ\u00ebn e sotme nuk ka kush turp\u00ebrohet kur ushtar\u00ebt apo politikan\u00ebt e saj sfidohen e posht\u00ebrohen n\u00eb cepat m\u00eb t\u00eb humbura t\u00eb kontinentit dhe bot\u00ebs. K\u00ebto q\u00eb po themi do t\u00eb p\u00ebrcaktojn\u00eb konfigurimin e ri t\u00eb l\u00ebvizjes opozitare n\u00eb faz\u00ebn e saj t\u00eb re.<\/p>\n<p>N\u00eb k\u00ebt\u00eb periudh\u00eb, meqen\u00ebse zoti Daul e dha shembullin i pari n\u00eb Tiran\u00eb, \u00ebsht\u00eb e nevojshme q\u00eb negociatat nj\u00ebmujore t\u00eb Strasburgut me Tiran\u00ebn t&#8217;i tregohen qart\u00eb publikut shqiptar. Zoti Shulz, homologu i zotit Daul dhe bashk\u00ebkryetari i takimit t\u00eb Strasburgut \u00ebsht\u00eb thirrur n\u00eb kauz\u00eb t\u00eb tregoj\u00eb t\u00eb v\u00ebrtet\u00ebn e tij.<\/p>\n<p>Personazhet e tjer\u00eb duhet t\u00eb tregojn\u00eb t\u00eb v\u00ebrtet\u00ebn e tyre. P\u00ebr momentin, t\u00eb mpir\u00eb nga ajo q\u00eb d\u00ebgjuam pardje, kemi marr\u00eb nj\u00eb mesazh q\u00eb s&#8217;duam ta besojm\u00eb: Shqip\u00ebria mund t&#8217;i num\u00ebroj\u00eb keq dhe shum\u00eb keq votat n\u00eb nj\u00eb t\u00eb tret\u00ebn e qendrave t\u00eb num\u00ebrimit, Shqip\u00ebria mund t\u00eb fus\u00eb vota me grushte n\u00eb em\u00ebr t\u00eb emigrant\u00ebve si n\u00eb Ruzhdije, Shqip\u00ebria mund t\u00eb shtoj\u00eb qindra mij\u00ebra vota me stilolaps, si\u00e7 \u00ebsht\u00eb v\u00ebrtetuar nga leximi i filmimeve n\u00eb qarkun e Shkodr\u00ebs e megjithat\u00eb, Shqip\u00ebria nuk mund t&#8217;i hap\u00eb kutit\u00eb. Por edhe po t\u00eb besohet, ky mesazh ogurzi nuk mund t\u00eb pranohet.<\/p>\n","protected":false},"excerpt":{"rendered":"<p>Pre\u00e7 Zogaj, 26.06.2010 Kryetari i grupit parlamentar t\u00eb Partis\u00eb Popullore n\u00eb Parlamentin Europian, zotin Jozef Daul, u pyet n\u00eb Tiran\u00eb nga shtypi vendas pse d\u00ebshtuan bisedimet e tij me zotin Berisha dhe zotin Rama. Ai, sipas gazet\u00ebs &#8220;Shekulli&#8221; dha k\u00ebt\u00eb p\u00ebrgjigje: &#8220;Ne kemi b\u00ebr\u00eb nj\u00eb takim, ku secili u shpreh dhe n\u00eb vendos\u00ebm s\u00eb bashku [&hellip;]<\/p>\n","protected":false},"author":1,"featured_media":0,"comment_status":"open","ping_status":"closed","sticky":false,"template":"","format":"standard","meta":{"footnotes":""},"categories":[2],"tags":[],"class_list":{"0":"post-3119","1":"post","2":"type-post","3":"status-publish","4":"format-standard","6":"category-artikuj"},"yoast_head":"<!-- This site is optimized with the Yoast SEO plugin v27.4 - https:\/\/yoast.com\/product\/yoast-seo-wordpress\/ -->\n<title>Strasburgu, \u00e7far\u00eb ndodhi? - FjALA e LIR\u00cb - Arkivi<\/title>\n<meta name=\"robots\" content=\"index, follow, max-snippet:-1, max-image-preview:large, max-video-preview:-1\" \/>\n<link rel=\"canonical\" href=\"https:\/\/fjala.info\/2009-2015\/strasburgu-cfare-ndodhi\/\" \/>\n<meta property=\"og:locale\" content=\"sq_AL\" \/>\n<meta property=\"og:type\" content=\"article\" \/>\n<meta property=\"og:title\" content=\"Strasburgu, \u00e7far\u00eb ndodhi? - FjALA e LIR\u00cb - Arkivi\" \/>\n<meta property=\"og:description\" content=\"Pre\u00e7 Zogaj, 26.06.2010 Kryetari i grupit parlamentar t\u00eb Partis\u00eb Popullore n\u00eb Parlamentin Europian, zotin Jozef Daul, u pyet n\u00eb Tiran\u00eb nga shtypi vendas pse d\u00ebshtuan bisedimet e tij me zotin Berisha dhe zotin Rama. Ai, sipas gazet\u00ebs &#8220;Shekulli&#8221; dha k\u00ebt\u00eb p\u00ebrgjigje: &#8220;Ne kemi b\u00ebr\u00eb nj\u00eb takim, ku secili u shpreh dhe n\u00eb vendos\u00ebm s\u00eb bashku [&hellip;]\" \/>\n<meta property=\"og:url\" content=\"https:\/\/fjala.info\/2009-2015\/strasburgu-cfare-ndodhi\/\" \/>\n<meta property=\"og:site_name\" content=\"FjALA e LIR\u00cb - Arkivi\" \/>\n<meta property=\"article:published_time\" content=\"2010-06-27T07:56:56+00:00\" \/>\n<meta property=\"og:image\" content=\"http:\/\/www.shkoder.net\/images\/fjala\/prec_zogaj.jpg\" \/>\n<meta name=\"author\" content=\"admin\" \/>\n<meta name=\"twitter:card\" content=\"summary_large_image\" \/>\n<meta name=\"twitter:label1\" content=\"Written by\" \/>\n\t<meta name=\"twitter:data1\" content=\"admin\" \/>\n\t<meta name=\"twitter:label2\" content=\"Est. reading time\" \/>\n\t<meta name=\"twitter:data2\" content=\"8 minutes\" \/>\n<script type=\"application\/ld+json\" class=\"yoast-schema-graph\">{\"@context\":\"https:\\\/\\\/schema.org\",\"@graph\":[{\"@type\":\"Article\",\"@id\":\"https:\\\/\\\/fjala.info\\\/2009-2015\\\/strasburgu-cfare-ndodhi\\\/#article\",\"isPartOf\":{\"@id\":\"https:\\\/\\\/fjala.info\\\/2009-2015\\\/strasburgu-cfare-ndodhi\\\/\"},\"author\":{\"name\":\"admin\",\"@id\":\"https:\\\/\\\/fjala.info\\\/2009-2015\\\/#\\\/schema\\\/person\\\/3aa1163ef05469c496fc94e77611ada2\"},\"headline\":\"Strasburgu, \u00e7far\u00eb ndodhi?\",\"datePublished\":\"2010-06-27T07:56:56+00:00\",\"mainEntityOfPage\":{\"@id\":\"https:\\\/\\\/fjala.info\\\/2009-2015\\\/strasburgu-cfare-ndodhi\\\/\"},\"wordCount\":1652,\"commentCount\":0,\"publisher\":{\"@id\":\"https:\\\/\\\/fjala.info\\\/2009-2015\\\/#organization\"},\"image\":{\"@id\":\"https:\\\/\\\/fjala.info\\\/2009-2015\\\/strasburgu-cfare-ndodhi\\\/#primaryimage\"},\"thumbnailUrl\":\"http:\\\/\\\/www.shkoder.net\\\/images\\\/fjala\\\/prec_zogaj.jpg\",\"articleSection\":[\"Artikuj\"],\"inLanguage\":\"sq-AL\",\"potentialAction\":[{\"@type\":\"CommentAction\",\"name\":\"Comment\",\"target\":[\"https:\\\/\\\/fjala.info\\\/2009-2015\\\/strasburgu-cfare-ndodhi\\\/#respond\"]}]},{\"@type\":\"WebPage\",\"@id\":\"https:\\\/\\\/fjala.info\\\/2009-2015\\\/strasburgu-cfare-ndodhi\\\/\",\"url\":\"https:\\\/\\\/fjala.info\\\/2009-2015\\\/strasburgu-cfare-ndodhi\\\/\",\"name\":\"Strasburgu, \u00e7far\u00eb ndodhi? - FjALA e LIR\u00cb - Arkivi\",\"isPartOf\":{\"@id\":\"https:\\\/\\\/fjala.info\\\/2009-2015\\\/#website\"},\"primaryImageOfPage\":{\"@id\":\"https:\\\/\\\/fjala.info\\\/2009-2015\\\/strasburgu-cfare-ndodhi\\\/#primaryimage\"},\"image\":{\"@id\":\"https:\\\/\\\/fjala.info\\\/2009-2015\\\/strasburgu-cfare-ndodhi\\\/#primaryimage\"},\"thumbnailUrl\":\"http:\\\/\\\/www.shkoder.net\\\/images\\\/fjala\\\/prec_zogaj.jpg\",\"datePublished\":\"2010-06-27T07:56:56+00:00\",\"breadcrumb\":{\"@id\":\"https:\\\/\\\/fjala.info\\\/2009-2015\\\/strasburgu-cfare-ndodhi\\\/#breadcrumb\"},\"inLanguage\":\"sq-AL\",\"potentialAction\":[{\"@type\":\"ReadAction\",\"target\":[\"https:\\\/\\\/fjala.info\\\/2009-2015\\\/strasburgu-cfare-ndodhi\\\/\"]}]},{\"@type\":\"ImageObject\",\"inLanguage\":\"sq-AL\",\"@id\":\"https:\\\/\\\/fjala.info\\\/2009-2015\\\/strasburgu-cfare-ndodhi\\\/#primaryimage\",\"url\":\"http:\\\/\\\/www.shkoder.net\\\/images\\\/fjala\\\/prec_zogaj.jpg\",\"contentUrl\":\"http:\\\/\\\/www.shkoder.net\\\/images\\\/fjala\\\/prec_zogaj.jpg\"},{\"@type\":\"BreadcrumbList\",\"@id\":\"https:\\\/\\\/fjala.info\\\/2009-2015\\\/strasburgu-cfare-ndodhi\\\/#breadcrumb\",\"itemListElement\":[{\"@type\":\"ListItem\",\"position\":1,\"name\":\"Home\",\"item\":\"https:\\\/\\\/fjala.info\\\/2009-2015\\\/\"},{\"@type\":\"ListItem\",\"position\":2,\"name\":\"Strasburgu, \u00e7far\u00eb ndodhi?\"}]},{\"@type\":\"WebSite\",\"@id\":\"https:\\\/\\\/fjala.info\\\/2009-2015\\\/#website\",\"url\":\"https:\\\/\\\/fjala.info\\\/2009-2015\\\/\",\"name\":\"FjALA e LIR\u00cb - Arkivi\",\"description\":\"Arkivi 2009-2015\",\"publisher\":{\"@id\":\"https:\\\/\\\/fjala.info\\\/2009-2015\\\/#organization\"},\"potentialAction\":[{\"@type\":\"SearchAction\",\"target\":{\"@type\":\"EntryPoint\",\"urlTemplate\":\"https:\\\/\\\/fjala.info\\\/2009-2015\\\/?s={search_term_string}\"},\"query-input\":{\"@type\":\"PropertyValueSpecification\",\"valueRequired\":true,\"valueName\":\"search_term_string\"}}],\"inLanguage\":\"sq-AL\"},{\"@type\":\"Organization\",\"@id\":\"https:\\\/\\\/fjala.info\\\/2009-2015\\\/#organization\",\"name\":\"FjALA e LIR\u00cb - Arkivi\",\"url\":\"https:\\\/\\\/fjala.info\\\/2009-2015\\\/\",\"logo\":{\"@type\":\"ImageObject\",\"inLanguage\":\"sq-AL\",\"@id\":\"https:\\\/\\\/fjala.info\\\/2009-2015\\\/#\\\/schema\\\/logo\\\/image\\\/\",\"url\":\"\",\"contentUrl\":\"\",\"caption\":\"FjALA e LIR\u00cb - Arkivi\"},\"image\":{\"@id\":\"https:\\\/\\\/fjala.info\\\/2009-2015\\\/#\\\/schema\\\/logo\\\/image\\\/\"}},{\"@type\":\"Person\",\"@id\":\"https:\\\/\\\/fjala.info\\\/2009-2015\\\/#\\\/schema\\\/person\\\/3aa1163ef05469c496fc94e77611ada2\",\"name\":\"admin\",\"image\":{\"@type\":\"ImageObject\",\"inLanguage\":\"sq-AL\",\"@id\":\"https:\\\/\\\/fjala.info\\\/2009-2015\\\/wp-content\\\/uploads\\\/2012\\\/02\\\/arben_cokaj-120x150.jpg\",\"url\":\"https:\\\/\\\/fjala.info\\\/2009-2015\\\/wp-content\\\/uploads\\\/2012\\\/02\\\/arben_cokaj-120x150.jpg\",\"contentUrl\":\"https:\\\/\\\/fjala.info\\\/2009-2015\\\/wp-content\\\/uploads\\\/2012\\\/02\\\/arben_cokaj-120x150.jpg\",\"caption\":\"admin\"},\"description\":\"Admin, Fjala e Lir\u00eb\",\"sameAs\":[\"https:\\\/\\\/fjala.info\\\/\"],\"url\":\"https:\\\/\\\/fjala.info\\\/2009-2015\\\/author\\\/admin\\\/\"}]}<\/script>\n<!-- \/ Yoast SEO plugin. -->","yoast_head_json":{"title":"Strasburgu, \u00e7far\u00eb ndodhi? - FjALA e LIR\u00cb - Arkivi","robots":{"index":"index","follow":"follow","max-snippet":"max-snippet:-1","max-image-preview":"max-image-preview:large","max-video-preview":"max-video-preview:-1"},"canonical":"https:\/\/fjala.info\/2009-2015\/strasburgu-cfare-ndodhi\/","og_locale":"sq_AL","og_type":"article","og_title":"Strasburgu, \u00e7far\u00eb ndodhi? - FjALA e LIR\u00cb - Arkivi","og_description":"Pre\u00e7 Zogaj, 26.06.2010 Kryetari i grupit parlamentar t\u00eb Partis\u00eb Popullore n\u00eb Parlamentin Europian, zotin Jozef Daul, u pyet n\u00eb Tiran\u00eb nga shtypi vendas pse d\u00ebshtuan bisedimet e tij me zotin Berisha dhe zotin Rama. Ai, sipas gazet\u00ebs &#8220;Shekulli&#8221; dha k\u00ebt\u00eb p\u00ebrgjigje: &#8220;Ne kemi b\u00ebr\u00eb nj\u00eb takim, ku secili u shpreh dhe n\u00eb vendos\u00ebm s\u00eb bashku [&hellip;]","og_url":"https:\/\/fjala.info\/2009-2015\/strasburgu-cfare-ndodhi\/","og_site_name":"FjALA e LIR\u00cb - Arkivi","article_published_time":"2010-06-27T07:56:56+00:00","og_image":[{"url":"http:\/\/www.shkoder.net\/images\/fjala\/prec_zogaj.jpg","type":"","width":"","height":""}],"author":"admin","twitter_card":"summary_large_image","twitter_misc":{"Written by":"admin","Est. reading time":"8 minutes"},"schema":{"@context":"https:\/\/schema.org","@graph":[{"@type":"Article","@id":"https:\/\/fjala.info\/2009-2015\/strasburgu-cfare-ndodhi\/#article","isPartOf":{"@id":"https:\/\/fjala.info\/2009-2015\/strasburgu-cfare-ndodhi\/"},"author":{"name":"admin","@id":"https:\/\/fjala.info\/2009-2015\/#\/schema\/person\/3aa1163ef05469c496fc94e77611ada2"},"headline":"Strasburgu, \u00e7far\u00eb ndodhi?","datePublished":"2010-06-27T07:56:56+00:00","mainEntityOfPage":{"@id":"https:\/\/fjala.info\/2009-2015\/strasburgu-cfare-ndodhi\/"},"wordCount":1652,"commentCount":0,"publisher":{"@id":"https:\/\/fjala.info\/2009-2015\/#organization"},"image":{"@id":"https:\/\/fjala.info\/2009-2015\/strasburgu-cfare-ndodhi\/#primaryimage"},"thumbnailUrl":"http:\/\/www.shkoder.net\/images\/fjala\/prec_zogaj.jpg","articleSection":["Artikuj"],"inLanguage":"sq-AL","potentialAction":[{"@type":"CommentAction","name":"Comment","target":["https:\/\/fjala.info\/2009-2015\/strasburgu-cfare-ndodhi\/#respond"]}]},{"@type":"WebPage","@id":"https:\/\/fjala.info\/2009-2015\/strasburgu-cfare-ndodhi\/","url":"https:\/\/fjala.info\/2009-2015\/strasburgu-cfare-ndodhi\/","name":"Strasburgu, \u00e7far\u00eb ndodhi? - FjALA e LIR\u00cb - Arkivi","isPartOf":{"@id":"https:\/\/fjala.info\/2009-2015\/#website"},"primaryImageOfPage":{"@id":"https:\/\/fjala.info\/2009-2015\/strasburgu-cfare-ndodhi\/#primaryimage"},"image":{"@id":"https:\/\/fjala.info\/2009-2015\/strasburgu-cfare-ndodhi\/#primaryimage"},"thumbnailUrl":"http:\/\/www.shkoder.net\/images\/fjala\/prec_zogaj.jpg","datePublished":"2010-06-27T07:56:56+00:00","breadcrumb":{"@id":"https:\/\/fjala.info\/2009-2015\/strasburgu-cfare-ndodhi\/#breadcrumb"},"inLanguage":"sq-AL","potentialAction":[{"@type":"ReadAction","target":["https:\/\/fjala.info\/2009-2015\/strasburgu-cfare-ndodhi\/"]}]},{"@type":"ImageObject","inLanguage":"sq-AL","@id":"https:\/\/fjala.info\/2009-2015\/strasburgu-cfare-ndodhi\/#primaryimage","url":"http:\/\/www.shkoder.net\/images\/fjala\/prec_zogaj.jpg","contentUrl":"http:\/\/www.shkoder.net\/images\/fjala\/prec_zogaj.jpg"},{"@type":"BreadcrumbList","@id":"https:\/\/fjala.info\/2009-2015\/strasburgu-cfare-ndodhi\/#breadcrumb","itemListElement":[{"@type":"ListItem","position":1,"name":"Home","item":"https:\/\/fjala.info\/2009-2015\/"},{"@type":"ListItem","position":2,"name":"Strasburgu, \u00e7far\u00eb ndodhi?"}]},{"@type":"WebSite","@id":"https:\/\/fjala.info\/2009-2015\/#website","url":"https:\/\/fjala.info\/2009-2015\/","name":"FjALA e LIR\u00cb - Arkivi","description":"Arkivi 2009-2015","publisher":{"@id":"https:\/\/fjala.info\/2009-2015\/#organization"},"potentialAction":[{"@type":"SearchAction","target":{"@type":"EntryPoint","urlTemplate":"https:\/\/fjala.info\/2009-2015\/?s={search_term_string}"},"query-input":{"@type":"PropertyValueSpecification","valueRequired":true,"valueName":"search_term_string"}}],"inLanguage":"sq-AL"},{"@type":"Organization","@id":"https:\/\/fjala.info\/2009-2015\/#organization","name":"FjALA e LIR\u00cb - Arkivi","url":"https:\/\/fjala.info\/2009-2015\/","logo":{"@type":"ImageObject","inLanguage":"sq-AL","@id":"https:\/\/fjala.info\/2009-2015\/#\/schema\/logo\/image\/","url":"","contentUrl":"","caption":"FjALA e LIR\u00cb - Arkivi"},"image":{"@id":"https:\/\/fjala.info\/2009-2015\/#\/schema\/logo\/image\/"}},{"@type":"Person","@id":"https:\/\/fjala.info\/2009-2015\/#\/schema\/person\/3aa1163ef05469c496fc94e77611ada2","name":"admin","image":{"@type":"ImageObject","inLanguage":"sq-AL","@id":"https:\/\/fjala.info\/2009-2015\/wp-content\/uploads\/2012\/02\/arben_cokaj-120x150.jpg","url":"https:\/\/fjala.info\/2009-2015\/wp-content\/uploads\/2012\/02\/arben_cokaj-120x150.jpg","contentUrl":"https:\/\/fjala.info\/2009-2015\/wp-content\/uploads\/2012\/02\/arben_cokaj-120x150.jpg","caption":"admin"},"description":"Admin, Fjala e Lir\u00eb","sameAs":["https:\/\/fjala.info\/"],"url":"https:\/\/fjala.info\/2009-2015\/author\/admin\/"}]}},"_links":{"self":[{"href":"https:\/\/fjala.info\/2009-2015\/wp-json\/wp\/v2\/posts\/3119","targetHints":{"allow":["GET"]}}],"collection":[{"href":"https:\/\/fjala.info\/2009-2015\/wp-json\/wp\/v2\/posts"}],"about":[{"href":"https:\/\/fjala.info\/2009-2015\/wp-json\/wp\/v2\/types\/post"}],"author":[{"embeddable":true,"href":"https:\/\/fjala.info\/2009-2015\/wp-json\/wp\/v2\/users\/1"}],"replies":[{"embeddable":true,"href":"https:\/\/fjala.info\/2009-2015\/wp-json\/wp\/v2\/comments?post=3119"}],"version-history":[{"count":0,"href":"https:\/\/fjala.info\/2009-2015\/wp-json\/wp\/v2\/posts\/3119\/revisions"}],"wp:attachment":[{"href":"https:\/\/fjala.info\/2009-2015\/wp-json\/wp\/v2\/media?parent=3119"}],"wp:term":[{"taxonomy":"category","embeddable":true,"href":"https:\/\/fjala.info\/2009-2015\/wp-json\/wp\/v2\/categories?post=3119"},{"taxonomy":"post_tag","embeddable":true,"href":"https:\/\/fjala.info\/2009-2015\/wp-json\/wp\/v2\/tags?post=3119"}],"curies":[{"name":"wp","href":"https:\/\/api.w.org\/{rel}","templated":true}]}}