{"id":3117,"date":"2010-06-27T08:41:05","date_gmt":"2010-06-27T07:41:05","guid":{"rendered":"http:\/\/fjala.shkoder.net\/?p=3117"},"modified":"2010-06-27T08:41:05","modified_gmt":"2010-06-27T07:41:05","slug":"pse-ra-ne-provim-kp-i-ldk-se","status":"publish","type":"post","link":"https:\/\/fjala.info\/2009-2015\/pse-ra-ne-provim-kp-i-ldk-se\/","title":{"rendered":"PSE RA N\u00cb PROVIM KP I LDK-S\u00cb?&#8230;"},"content":{"rendered":"<p><strong>REFORMAT N\u00cb LDK<\/strong> (<strong>6<\/strong>)<\/p>\n<p><img decoding=\"async\" style=\"margin-left: 10px; margin-right: 10px; border: 0px;\" src=\"http:\/\/www.shkoder.net\/images\/fjala\/dibrani.jpg\" border=\"0\" alt=\"Shefqet DIBRANI\" width=\"150\" align=\"left\" \/><\/p>\n<p>Shkruan: <strong>Shefqet DIBRANI<\/strong><\/p>\n<p>Dit\u00eb m\u00eb par\u00eb K\u00ebshilli i P\u00ebrgjithsh\u00ebm i Lidhjes Demokratike t\u00eb Kosov\u00ebs mbajti mbledhjen e radh\u00ebs n\u00eb t\u00eb cil\u00ebn merret vesh se u diskutua p\u00ebr nevoj\u00ebn dhe domosdoshm\u00ebrin\u00eb e reformave t\u00eb brendshme n\u00eb k\u00ebt\u00eb parti e cila asnj\u00ebher\u00eb deri m\u00eb tash nuk ka funksionuar si nj\u00eb parti e mir\u00ebfillt\u00eb demokratike q\u00eb do t\u00eb krahasohej me nivelin e ndonj\u00eb partie per\u00ebndimore.<\/p>\n<p>Gjithkund n\u00eb Evrop\u00ebn demokratike, n\u00eb sistemin partiak dikush duhet t\u00eb jap p\u00ebrgjegj\u00ebsi p\u00ebr d\u00ebshtimet politike, p\u00ebr organizimin e dob\u00ebt partiak, p\u00ebr mos funksionimin si duhet t\u00eb partis\u00eb, po sidomos p\u00ebrgjegj\u00ebsi jepet n\u00ebse partia humb n\u00eb zgjedhje.<\/p>\n<p>N\u00eb rastin e LDK-s\u00eb kjo gj\u00eb nuk ka ndodhur, t\u00eb pakt\u00ebn deri m\u00eb tashti pasi LDK-ja n\u00eb disa pal\u00eb zgjedhje q\u00eb jan\u00eb mbajtur viteve t\u00eb fundit, qoft\u00eb n\u00eb nivelin shtet\u00ebror apo t\u00eb nivelit lokal ka p\u00ebsuar r\u00ebnie ku kjo parti e ka humbur ndikimin e saj, dhe deri m\u00eb sot askush nuk ka dh\u00ebn\u00eb p\u00ebrgjegj\u00ebsi. E kjo ka ndodhur vet\u00ebm p\u00ebr shkakun e mang\u00ebsis\u00eb organizative, p\u00ebr shkak t\u00eb munges\u00ebs s\u00eb nj\u00eb varg hallkash q\u00eb partin\u00eb e b\u00ebj\u00eb t\u00eb funksionoj si duhet.<\/p>\n<p>Por k\u00ebsaj radhe n\u00eb KP t\u00eb LDK-s\u00eb \u00ebsht\u00eb diskutuar m\u00eb hapur p\u00ebr gjendjen n\u00eb parti, jan\u00eb pranuar nj\u00eb mori dob\u00ebsish dhe madje \u00ebsht\u00eb b\u00ebr\u00eb me gisht nga fajtor\u00ebt kryesor edhe pse merret vesh udh\u00ebheq\u00ebsit e mbledhjes nuk kishin interesim t\u00eb diskutonin p\u00ebr fajtor\u00ebt dhe as p\u00ebr reformat e mir\u00ebfillta.<\/p>\n<p>Fatbardh\u00ebsisht m\u00eb mir\u00eb se \u00e7do her\u00eb tjet\u00ebr u diskutua p\u00ebr gjendjen n\u00eb parti e cila duhet t\u00eb ndryshohet. M\u00ebsohet se diskutuesit i dhan\u00eb kahe, ashtu si\u00e7 duhej t\u00eb kishte kjo partia q\u00eb nga fillimet e saj, qysh prej viteve t\u00eb n\u00ebnt\u00ebdhjeta, po sidomos me t\u00eb p\u00ebrfunduar lufta, n\u00ebse jo KP i LDK-s\u00eb, at\u00ebher\u00eb dikush \u00ebsht\u00eb dashur t\u00eb diskutoj p\u00ebr dob\u00ebsit\u00eb, dikush \u00ebsht\u00eb dashur t\u00eb jap p\u00ebrgjegj\u00ebsi p\u00ebr d\u00ebshtimet e nj\u00eb pas nj\u00ebshme dhe p\u00ebr pasojat e m\u00ebdha q\u00eb ia b\u00ebri Kosov\u00ebs ky kaos partiak q\u00eb u reflektua edhe te kaosi shtet\u00ebror.<\/p>\n<p>Por nj\u00eb gj\u00eb q\u00eb bie n\u00eb sy \u00ebsht\u00eb e v\u00ebrteta se mediet e shkruara dhe ato elektronike, ve\u00e7mas televizioni publik nuk fol\u00ebn aq p\u00ebr k\u00ebt\u00eb mbledhje sa i pat\u00ebn fryr\u00eb zjarrit me pompozitet para se t\u00eb mbahej KP i LDK-s\u00eb. Ky veprim l\u00eb p\u00ebr t\u00eb dyshuar n\u00ebse me t\u00eb v\u00ebrtet\u00eb n\u00eb Kosov\u00eb ka nj\u00eb klim\u00eb p\u00ebr reforma t\u00eb p\u00ebrgjithshme, qofshin ato brenda partiake apo p\u00ebr aso reformash q\u00eb duhet t\u2019i b\u00ebjn\u00eb Organizatat joqeveritare, Klubet Politike, madje edhe redaksit\u00eb e shumta qofshin ato n\u00eb gazeta, n\u00eb radio apo televizione t\u00eb shumta.<\/p>\n<p>Si do qoft\u00eb kahet e bised\u00ebs kan\u00eb ngjallur shpres\u00ebn se n\u00eb Kosov\u00eb, diku n\u00eb nj\u00eb skaj t\u00eb saj ka gatishm\u00ebri p\u00ebr t\u2019u reformuar, ose s\u00eb paku nj\u00eb pjes\u00eb e njer\u00ebzve jan\u00eb m\u00eb t\u00eb vet\u00ebdijsh\u00ebm dhe m\u00eb p\u00ebrgjegj\u00ebs p\u00ebr gjendjen reale n\u00eb parti, pasojat e s\u00eb cil\u00ebs po reflektohen edhe n\u00eb gjendjen e p\u00ebrgjithshme kaq kaotike q\u00eb \u00ebsht\u00eb krijuar n\u00eb gjith\u00eb Kosov\u00ebn.<\/p>\n<p>Si do qoft\u00eb njer\u00ebzit e organizuar duhet t\u00eb jen\u00eb t\u00eb vet\u00ebdijsh\u00ebm se n\u00eb reformat e brendshme do t\u00eb insistojn\u00eb t\u00eb prijn\u00eb pik\u00ebrisht individ\u00ebt p\u00ebrgjegj\u00ebs, t\u00eb cil\u00ebt jan\u00eb fajtor p\u00ebr gjendjen n\u00eb parti dhe duke e par\u00eb rrezikun permanent t\u00eb lig\u00ebshtimit t\u00eb pozitave t\u00eb tyre, madje ata t\u00eb trishtuar do t\u00eb p\u00ebrpiqen q\u00eb t\u00eb jen\u00eb n\u00eb ball\u00eb t\u00eb reformave p\u00ebr t\u2019u transformuar a p\u00ebr t\u2019u shitur si reformator n\u00eb m\u00ebnyr\u00eb q\u00eb t\u00eb mbulojn\u00eb fajin e tyre q\u00eb kan\u00eb pasur gjat\u00eb gjith\u00eb k\u00ebtij dhjet\u00ebvje\u00e7ari.<\/p>\n<p>Merret vesh se nd\u00ebr z\u00ebrat prijatar\u00eb do t\u00eb shquhen Isa Mustafa dhe Fatmir Rexhepi t\u00eb cil\u00ebt n\u00eb vend se t\u00eb heshtin, p\u00ebrpiqen t\u00eb mbulojn\u00eb veprimet e tyre ndjellakeqe. Iniciativ\u00ebs s\u00eb Isa Mustaf\u00ebs p\u00ebr t\u00eb diskutuar p\u00ebr nevoj\u00ebn e koalicionit qeveris\u00ebs me PDK-n\u00eb, (thuaja vet\u00ebm PDK-ja \u00ebsht\u00eb fajtore p\u00ebr gjendjen e p\u00ebrgjithshme n\u00eb Kosov\u00eb), sikur nuk iu bashk\u00ebngjit askush duke e l\u00ebn\u00eb Isain t\u00eb vetmuar i cili nuk \u00ebsht\u00eb ndjer\u00eb mir\u00eb, dhe kjo shihej edhe nga deklarata e tij p\u00ebr televizionin e Kosov\u00ebs.<\/p>\n<p>Aq sa kan\u00eb b\u00ebr\u00eb mir\u00eb q\u00eb nuk iu kan\u00eb bashkangjitur k\u00ebtij z\u00ebri t\u00eb mekur, i cili duhet t\u00eb meket edhe m\u00eb shum\u00eb, nevoja p\u00ebr ta shqyrtuar pozicionin e tyre partiak \u00ebsht\u00eb e domosdoshme dhe bile krruciale qoft\u00eb p\u00ebr reformat partiake apo p\u00ebrgjith\u00ebsisht p\u00ebr Kosov\u00ebn. Por, si do t\u00eb b\u00ebhen reformat n\u00eb LDK n\u00ebse krijohet nj\u00eb kaos qeveris\u00ebs n\u00eb nivel shtet\u00ebror, k\u00ebt\u00eb e din\u00eb m\u00eb s\u00eb miri ata q\u00eb notojn\u00eb n\u00eb uj\u00ebra t\u00eb pista dhe nuk i d\u00ebshirojn\u00eb reformat as n\u00eb LDK, e as n\u00eb nivelin shtet\u00ebror, sepse kaosi shtet\u00ebror do t\u2019u nevojitej p\u00ebr t\u2019i sforcuar pozitat n\u00eb parti.<\/p>\n<p>Fundja e fundit KP t\u00eb LDK-s\u00eb nuk duhet t\u2019i intereson aq shum\u00eb gjendja n\u00eb qeveri, pasi qeverisja partiake \u00ebsht\u00eb edhe m\u00eb keq se sa qeverisja shtet\u00ebrore. LDK ka nevoj\u00eb p\u00ebr nj\u00eb qeverisje t\u00eb sh\u00ebndosh partiake n\u00eb rend t\u00eb par\u00eb, e pastaj qeverisja shtet\u00ebrore. LDK-ja duhet t\u00eb reformohet duke i krijuar mekanizmat partiak me t\u00eb gjitha komisionet e mbik\u00ebqyrjes dhe t\u00eb p\u00ebrgjegj\u00ebsis\u00eb, p\u00ebr ndryshe n\u00ebse vazhdohet avazi i vjet\u00ebr \u00ebsht\u00eb m\u00eb mir\u00eb t\u00eb mos mbahen as zgjedhjet partiake. N\u00eb LDK, duhet t\u00eb funksionoj zyra p\u00ebr ankesa dhe ide q\u00eb ndihmojn\u00eb programin partiak i cili mund t\u00eb reflektoj pozitivisht edhe p\u00ebr programe t\u00eb mir\u00ebfillta shtet\u00ebrore.<\/p>\n<p>LDK para se t\u2019i bashk\u00ebngjitet thirrjes s\u00eb Isa Mustaf\u00ebs p\u00ebr t\u00eb shikuar nevoj\u00ebn e koalicionit me PDK-n\u00eb, \u00ebsht\u00eb mir\u00eb t\u00eb konsolidohet brenda saj si nj\u00eb parti per\u00ebndimore e cila n\u00ebse arrin ndonj\u00ebher\u00eb t\u2019i fitoj zgjedhjet n\u00eb Kosov\u00eb, duhet t\u00eb jep shembullin e britanik\u00ebve ku kabineti qeveris\u00ebs duhet t\u00eb shpallet n\u00eb m\u00ebngjesin e hersh\u00ebm t\u00eb dit\u00ebs q\u00eb do t\u00eb zbardh pas shpalljeve t\u00eb atyre zgjedhjeve q\u00eb duhet t\u00eb ndodhin n\u00eb Kosov\u00eb.<\/p>\n<p>Jo vet\u00ebm LDK-ja, por t\u00eb gjitha partit\u00eb kosovare duhet ta ken\u00eb k\u00ebt\u00eb synim politik dhe duhet t\u2019i ken\u00eb resor\u00ebt e caktuar partiak t\u00eb cil\u00ebt duhet t\u00eb jen\u00eb n\u00eb gjendje q\u00eb ta formojn\u00eb kabinetin qeveritar brenda 24 or\u00ebve pas shpalljes s\u00eb rezultatit t\u00eb zgjedhjeve, e jo t\u00eb ndodh si n\u00eb rastin e Kosov\u00ebs, ve\u00e7mas brenda LDK-s\u00eb kur p\u00ebr poste t\u00eb caktuara duhet t\u00eb pritet jo me dit\u00eb, por me muaj t\u00eb t\u00ebr\u00eb. As LDK-s\u00eb dhe as partive q\u00eb synojn\u00eb t\u00eb marrin pushtetin nuk duhet t\u2019u ndodhin marifete t\u00eb tilla politike, ashtu si\u00e7 i ka ndodhur Kosov\u00ebs q\u00eb prej se ka p\u00ebrfunduar lufta, ku partit\u00eb politike jan\u00eb larg organizimit dhe nivelit t\u00eb d\u00ebshiruar.<\/p>\n<p>Por, pasi ne jemi tek LDK-ja dhe mbledhja e KP q\u00eb u mbajt dit\u00eb m\u00eb par\u00eb duhet t\u00eb p\u00ebrmendim paradoksin e asaj mbledhje ku KP i LDK-s\u00eb p\u00ebrs\u00ebri ka r\u00ebn\u00eb n\u00eb provim pasi ia ka besuar kryesis\u00eb qendrore e cila \u00ebsht\u00eb fajtore p\u00ebr gjendjen n\u00eb parti, q\u00eb t\u2019i formoj (ose t\u2019i propozoj), grupet p\u00ebr reforma brenda LDK-s\u00eb n\u00eb nj\u00ebr\u00ebn an\u00eb, kurse n\u00eb an\u00ebn tjet\u00ebr kryetari i partis\u00eb si me inat po vazhdon kursin e degradimit t\u00eb vlerave demokratike q\u00eb ekzistojn\u00eb n\u00eb partit\u00eb demokratike kudo n\u00eb Evrop\u00ebn Per\u00ebndimore.<\/p>\n<p>Ai, vet\u00ebm dy dit\u00eb pasi em\u00ebroi Teuta Sahatqin, ish kryetare e Organizat\u00ebs Joqeveritare \u201cORA\u201d q\u00eb p\u00ebrfaq\u00ebsonte mbetjen e Lidhjes Komuniste t\u00eb Jugosllavis\u00eb, organizat\u00eb kjo e cila p\u00ebrb\u00ebhej nga mbetja mortare e LKJ ku kishte mbledhur kryesisht bijt\u00eb dhe pasardh\u00ebsit e atyre Komunist\u00ebve me bindje projugosllave, dhe kjo ka ndodhur pa asnj\u00eb kusht duke iu kacavjerr\u00eb LDK-s\u00eb p\u00ebr t\u00eb marr \u201cKalan\u00eb nga Brenda\u201d, sindrom\u00eb nga i cili vuan LDK-ja q\u00eb moti.<\/p>\n<p>Em\u00ebrimi nga Kryetari i Partis\u00eb q\u00eb e ka postin e ngrim\u00eb, nj\u00eb K\u00ebshilltare n\u00eb Kabinetin e tij Qeveris\u00ebs \u00ebsht\u00eb si nj\u00eb p\u00ebrgjigje e drejtp\u00ebrdrejt z\u00ebrave q\u00eb jan\u00eb p\u00ebr reforma dhe nj\u00eb fyerje p\u00ebr Organizat\u00ebn e Gruas s\u00eb LDK-s\u00eb e cila q\u00eb prej nj\u00ebzet vjet\u00ebsh ka sfiduar t\u00eb gjitha format e dhun\u00ebs dhe posht\u00ebrimit edhe brenda vet partis\u00eb s\u00eb tyre.<\/p>\n<p>Por rasti n\u00eb fjal\u00eb shpjegon m\u00eb s\u00eb mir\u00eb nevoj\u00ebn p\u00ebr t\u00eb q\u00ebndruar besnik n\u00eb LDK, kurse postet dhe avancimet iu ndahen lajkatar\u00ebve dhe njer\u00ebzve pa asnj\u00eb merit\u00eb partiake. KP i LDK-s\u00eb e ka pasur p\u00ebr detyr\u00eb ta nd\u00ebrpres\u00eb k\u00ebt\u00eb praktik\u00eb e cila q\u00eb prej koh\u00ebsh zbatohet brenda LDK-s\u00eb, sa do q\u00eb edhe n\u00eb at\u00eb dit\u00eb \u00ebsht\u00eb diskutuar pik\u00ebrisht p\u00ebr k\u00ebt\u00eb gj\u00eb.<\/p>\n<p>Dy shembujt e fundit i zbehin shpresat p\u00ebr t\u00eb besuar se do t\u00eb ndodhin reformat e pritura brenda LDK-s\u00eb.<\/p>\n<p>E.Mail: shefqet.dibrani@bluewin.ch<\/p>\n<p><em>Zvic\u00ebr, 21 qershor 2010<\/em>.<\/p>\n<p>*<em>Botuar n\u00eb gazet\u00ebn \u201eEpoka e Re\u201c, m\u00eb 21.06.2010, Prishtin\u00eb.<\/em><\/p>\n<p>&#8211;<em>Autori, \u00ebsht\u00eb an\u00ebtar\u00eb i LDK-s\u00eb q\u00eb nga viti 1989, p\u00ebr vite t\u00eb t\u00ebra ishte an\u00ebtar i kryesis\u00eb s\u00eb Deg\u00ebs s\u00eb LDK-s\u00eb n\u00eb Zvic\u00ebr dhe i N\u00ebndeg\u00ebs n\u00eb Kantonin St. Gallen, ku ai jeton. Po ashtu autori i shkrimit ishte delegat n\u00eb dy Kuvendet e LDK \u2013s\u00eb n\u00eb Prishtin\u00eb t\u00eb mbajtura n\u00eb vitet 1994 dhe 1998, autor i dhjet\u00eb librave t\u00eb publikuar dhe analist politik n\u00eb koh\u00ebt m\u00eb t\u00eb v\u00ebshtira q\u00eb kalonte LDK-ja, duke u b\u00ebr\u00eb z\u00ebri m\u00eb autentik i saj.<\/em><\/p>\n","protected":false},"excerpt":{"rendered":"<p>REFORMAT N\u00cb LDK (6) Shkruan: Shefqet DIBRANI Dit\u00eb m\u00eb par\u00eb K\u00ebshilli i P\u00ebrgjithsh\u00ebm i Lidhjes Demokratike t\u00eb Kosov\u00ebs mbajti mbledhjen e radh\u00ebs n\u00eb t\u00eb cil\u00ebn merret vesh se u diskutua p\u00ebr nevoj\u00ebn dhe domosdoshm\u00ebrin\u00eb e reformave t\u00eb brendshme n\u00eb k\u00ebt\u00eb parti e cila asnj\u00ebher\u00eb deri m\u00eb tash nuk ka funksionuar si nj\u00eb parti e mir\u00ebfillt\u00eb [&hellip;]<\/p>\n","protected":false},"author":1,"featured_media":0,"comment_status":"open","ping_status":"closed","sticky":false,"template":"","format":"standard","meta":{"footnotes":""},"categories":[2],"tags":[],"class_list":{"0":"post-3117","1":"post","2":"type-post","3":"status-publish","4":"format-standard","6":"category-artikuj"},"yoast_head":"<!-- This site is optimized with the Yoast SEO plugin v27.4 - https:\/\/yoast.com\/product\/yoast-seo-wordpress\/ -->\n<title>PSE RA N\u00cb PROVIM KP I LDK-S\u00cb?... - FjALA e LIR\u00cb - Arkivi<\/title>\n<meta name=\"robots\" content=\"index, follow, max-snippet:-1, max-image-preview:large, max-video-preview:-1\" \/>\n<link rel=\"canonical\" href=\"https:\/\/fjala.info\/2009-2015\/pse-ra-ne-provim-kp-i-ldk-se\/\" \/>\n<meta property=\"og:locale\" content=\"sq_AL\" \/>\n<meta property=\"og:type\" content=\"article\" \/>\n<meta property=\"og:title\" content=\"PSE RA N\u00cb PROVIM KP I LDK-S\u00cb?... - FjALA e LIR\u00cb - Arkivi\" \/>\n<meta property=\"og:description\" content=\"REFORMAT N\u00cb LDK (6) Shkruan: Shefqet DIBRANI Dit\u00eb m\u00eb par\u00eb K\u00ebshilli i P\u00ebrgjithsh\u00ebm i Lidhjes Demokratike t\u00eb Kosov\u00ebs mbajti mbledhjen e radh\u00ebs n\u00eb t\u00eb cil\u00ebn merret vesh se u diskutua p\u00ebr nevoj\u00ebn dhe domosdoshm\u00ebrin\u00eb e reformave t\u00eb brendshme n\u00eb k\u00ebt\u00eb parti e cila asnj\u00ebher\u00eb deri m\u00eb tash nuk ka funksionuar si nj\u00eb parti e mir\u00ebfillt\u00eb [&hellip;]\" \/>\n<meta property=\"og:url\" content=\"https:\/\/fjala.info\/2009-2015\/pse-ra-ne-provim-kp-i-ldk-se\/\" \/>\n<meta property=\"og:site_name\" content=\"FjALA e LIR\u00cb - Arkivi\" \/>\n<meta property=\"article:published_time\" content=\"2010-06-27T07:41:05+00:00\" \/>\n<meta property=\"og:image\" content=\"http:\/\/www.shkoder.net\/images\/fjala\/dibrani.jpg\" \/>\n<meta name=\"author\" content=\"admin\" \/>\n<meta name=\"twitter:card\" content=\"summary_large_image\" \/>\n<meta name=\"twitter:label1\" content=\"Written by\" \/>\n\t<meta name=\"twitter:data1\" content=\"admin\" \/>\n\t<meta name=\"twitter:label2\" content=\"Est. reading time\" \/>\n\t<meta name=\"twitter:data2\" content=\"8 minutes\" \/>\n<script type=\"application\/ld+json\" class=\"yoast-schema-graph\">{\"@context\":\"https:\\\/\\\/schema.org\",\"@graph\":[{\"@type\":\"Article\",\"@id\":\"https:\\\/\\\/fjala.info\\\/2009-2015\\\/pse-ra-ne-provim-kp-i-ldk-se\\\/#article\",\"isPartOf\":{\"@id\":\"https:\\\/\\\/fjala.info\\\/2009-2015\\\/pse-ra-ne-provim-kp-i-ldk-se\\\/\"},\"author\":{\"name\":\"admin\",\"@id\":\"https:\\\/\\\/fjala.info\\\/2009-2015\\\/#\\\/schema\\\/person\\\/3aa1163ef05469c496fc94e77611ada2\"},\"headline\":\"PSE RA N\u00cb PROVIM KP I LDK-S\u00cb?&#8230;\",\"datePublished\":\"2010-06-27T07:41:05+00:00\",\"mainEntityOfPage\":{\"@id\":\"https:\\\/\\\/fjala.info\\\/2009-2015\\\/pse-ra-ne-provim-kp-i-ldk-se\\\/\"},\"wordCount\":1675,\"commentCount\":0,\"publisher\":{\"@id\":\"https:\\\/\\\/fjala.info\\\/2009-2015\\\/#organization\"},\"image\":{\"@id\":\"https:\\\/\\\/fjala.info\\\/2009-2015\\\/pse-ra-ne-provim-kp-i-ldk-se\\\/#primaryimage\"},\"thumbnailUrl\":\"http:\\\/\\\/www.shkoder.net\\\/images\\\/fjala\\\/dibrani.jpg\",\"articleSection\":[\"Artikuj\"],\"inLanguage\":\"sq-AL\",\"potentialAction\":[{\"@type\":\"CommentAction\",\"name\":\"Comment\",\"target\":[\"https:\\\/\\\/fjala.info\\\/2009-2015\\\/pse-ra-ne-provim-kp-i-ldk-se\\\/#respond\"]}]},{\"@type\":\"WebPage\",\"@id\":\"https:\\\/\\\/fjala.info\\\/2009-2015\\\/pse-ra-ne-provim-kp-i-ldk-se\\\/\",\"url\":\"https:\\\/\\\/fjala.info\\\/2009-2015\\\/pse-ra-ne-provim-kp-i-ldk-se\\\/\",\"name\":\"PSE RA N\u00cb PROVIM KP I LDK-S\u00cb?... - FjALA e LIR\u00cb - Arkivi\",\"isPartOf\":{\"@id\":\"https:\\\/\\\/fjala.info\\\/2009-2015\\\/#website\"},\"primaryImageOfPage\":{\"@id\":\"https:\\\/\\\/fjala.info\\\/2009-2015\\\/pse-ra-ne-provim-kp-i-ldk-se\\\/#primaryimage\"},\"image\":{\"@id\":\"https:\\\/\\\/fjala.info\\\/2009-2015\\\/pse-ra-ne-provim-kp-i-ldk-se\\\/#primaryimage\"},\"thumbnailUrl\":\"http:\\\/\\\/www.shkoder.net\\\/images\\\/fjala\\\/dibrani.jpg\",\"datePublished\":\"2010-06-27T07:41:05+00:00\",\"breadcrumb\":{\"@id\":\"https:\\\/\\\/fjala.info\\\/2009-2015\\\/pse-ra-ne-provim-kp-i-ldk-se\\\/#breadcrumb\"},\"inLanguage\":\"sq-AL\",\"potentialAction\":[{\"@type\":\"ReadAction\",\"target\":[\"https:\\\/\\\/fjala.info\\\/2009-2015\\\/pse-ra-ne-provim-kp-i-ldk-se\\\/\"]}]},{\"@type\":\"ImageObject\",\"inLanguage\":\"sq-AL\",\"@id\":\"https:\\\/\\\/fjala.info\\\/2009-2015\\\/pse-ra-ne-provim-kp-i-ldk-se\\\/#primaryimage\",\"url\":\"http:\\\/\\\/www.shkoder.net\\\/images\\\/fjala\\\/dibrani.jpg\",\"contentUrl\":\"http:\\\/\\\/www.shkoder.net\\\/images\\\/fjala\\\/dibrani.jpg\"},{\"@type\":\"BreadcrumbList\",\"@id\":\"https:\\\/\\\/fjala.info\\\/2009-2015\\\/pse-ra-ne-provim-kp-i-ldk-se\\\/#breadcrumb\",\"itemListElement\":[{\"@type\":\"ListItem\",\"position\":1,\"name\":\"Home\",\"item\":\"https:\\\/\\\/fjala.info\\\/2009-2015\\\/\"},{\"@type\":\"ListItem\",\"position\":2,\"name\":\"PSE RA N\u00cb PROVIM KP I LDK-S\u00cb?&#8230;\"}]},{\"@type\":\"WebSite\",\"@id\":\"https:\\\/\\\/fjala.info\\\/2009-2015\\\/#website\",\"url\":\"https:\\\/\\\/fjala.info\\\/2009-2015\\\/\",\"name\":\"FjALA e LIR\u00cb - Arkivi\",\"description\":\"Arkivi 2009-2015\",\"publisher\":{\"@id\":\"https:\\\/\\\/fjala.info\\\/2009-2015\\\/#organization\"},\"potentialAction\":[{\"@type\":\"SearchAction\",\"target\":{\"@type\":\"EntryPoint\",\"urlTemplate\":\"https:\\\/\\\/fjala.info\\\/2009-2015\\\/?s={search_term_string}\"},\"query-input\":{\"@type\":\"PropertyValueSpecification\",\"valueRequired\":true,\"valueName\":\"search_term_string\"}}],\"inLanguage\":\"sq-AL\"},{\"@type\":\"Organization\",\"@id\":\"https:\\\/\\\/fjala.info\\\/2009-2015\\\/#organization\",\"name\":\"FjALA e LIR\u00cb - Arkivi\",\"url\":\"https:\\\/\\\/fjala.info\\\/2009-2015\\\/\",\"logo\":{\"@type\":\"ImageObject\",\"inLanguage\":\"sq-AL\",\"@id\":\"https:\\\/\\\/fjala.info\\\/2009-2015\\\/#\\\/schema\\\/logo\\\/image\\\/\",\"url\":\"\",\"contentUrl\":\"\",\"caption\":\"FjALA e LIR\u00cb - Arkivi\"},\"image\":{\"@id\":\"https:\\\/\\\/fjala.info\\\/2009-2015\\\/#\\\/schema\\\/logo\\\/image\\\/\"}},{\"@type\":\"Person\",\"@id\":\"https:\\\/\\\/fjala.info\\\/2009-2015\\\/#\\\/schema\\\/person\\\/3aa1163ef05469c496fc94e77611ada2\",\"name\":\"admin\",\"image\":{\"@type\":\"ImageObject\",\"inLanguage\":\"sq-AL\",\"@id\":\"https:\\\/\\\/fjala.info\\\/2009-2015\\\/wp-content\\\/uploads\\\/2012\\\/02\\\/arben_cokaj-120x150.jpg\",\"url\":\"https:\\\/\\\/fjala.info\\\/2009-2015\\\/wp-content\\\/uploads\\\/2012\\\/02\\\/arben_cokaj-120x150.jpg\",\"contentUrl\":\"https:\\\/\\\/fjala.info\\\/2009-2015\\\/wp-content\\\/uploads\\\/2012\\\/02\\\/arben_cokaj-120x150.jpg\",\"caption\":\"admin\"},\"description\":\"Admin, Fjala e Lir\u00eb\",\"sameAs\":[\"https:\\\/\\\/fjala.info\\\/\"],\"url\":\"https:\\\/\\\/fjala.info\\\/2009-2015\\\/author\\\/admin\\\/\"}]}<\/script>\n<!-- \/ Yoast SEO plugin. -->","yoast_head_json":{"title":"PSE RA N\u00cb PROVIM KP I LDK-S\u00cb?... - FjALA e LIR\u00cb - Arkivi","robots":{"index":"index","follow":"follow","max-snippet":"max-snippet:-1","max-image-preview":"max-image-preview:large","max-video-preview":"max-video-preview:-1"},"canonical":"https:\/\/fjala.info\/2009-2015\/pse-ra-ne-provim-kp-i-ldk-se\/","og_locale":"sq_AL","og_type":"article","og_title":"PSE RA N\u00cb PROVIM KP I LDK-S\u00cb?... - FjALA e LIR\u00cb - Arkivi","og_description":"REFORMAT N\u00cb LDK (6) Shkruan: Shefqet DIBRANI Dit\u00eb m\u00eb par\u00eb K\u00ebshilli i P\u00ebrgjithsh\u00ebm i Lidhjes Demokratike t\u00eb Kosov\u00ebs mbajti mbledhjen e radh\u00ebs n\u00eb t\u00eb cil\u00ebn merret vesh se u diskutua p\u00ebr nevoj\u00ebn dhe domosdoshm\u00ebrin\u00eb e reformave t\u00eb brendshme n\u00eb k\u00ebt\u00eb parti e cila asnj\u00ebher\u00eb deri m\u00eb tash nuk ka funksionuar si nj\u00eb parti e mir\u00ebfillt\u00eb [&hellip;]","og_url":"https:\/\/fjala.info\/2009-2015\/pse-ra-ne-provim-kp-i-ldk-se\/","og_site_name":"FjALA e LIR\u00cb - Arkivi","article_published_time":"2010-06-27T07:41:05+00:00","og_image":[{"url":"http:\/\/www.shkoder.net\/images\/fjala\/dibrani.jpg","type":"","width":"","height":""}],"author":"admin","twitter_card":"summary_large_image","twitter_misc":{"Written by":"admin","Est. reading time":"8 minutes"},"schema":{"@context":"https:\/\/schema.org","@graph":[{"@type":"Article","@id":"https:\/\/fjala.info\/2009-2015\/pse-ra-ne-provim-kp-i-ldk-se\/#article","isPartOf":{"@id":"https:\/\/fjala.info\/2009-2015\/pse-ra-ne-provim-kp-i-ldk-se\/"},"author":{"name":"admin","@id":"https:\/\/fjala.info\/2009-2015\/#\/schema\/person\/3aa1163ef05469c496fc94e77611ada2"},"headline":"PSE RA N\u00cb PROVIM KP I LDK-S\u00cb?&#8230;","datePublished":"2010-06-27T07:41:05+00:00","mainEntityOfPage":{"@id":"https:\/\/fjala.info\/2009-2015\/pse-ra-ne-provim-kp-i-ldk-se\/"},"wordCount":1675,"commentCount":0,"publisher":{"@id":"https:\/\/fjala.info\/2009-2015\/#organization"},"image":{"@id":"https:\/\/fjala.info\/2009-2015\/pse-ra-ne-provim-kp-i-ldk-se\/#primaryimage"},"thumbnailUrl":"http:\/\/www.shkoder.net\/images\/fjala\/dibrani.jpg","articleSection":["Artikuj"],"inLanguage":"sq-AL","potentialAction":[{"@type":"CommentAction","name":"Comment","target":["https:\/\/fjala.info\/2009-2015\/pse-ra-ne-provim-kp-i-ldk-se\/#respond"]}]},{"@type":"WebPage","@id":"https:\/\/fjala.info\/2009-2015\/pse-ra-ne-provim-kp-i-ldk-se\/","url":"https:\/\/fjala.info\/2009-2015\/pse-ra-ne-provim-kp-i-ldk-se\/","name":"PSE RA N\u00cb PROVIM KP I LDK-S\u00cb?... - FjALA e LIR\u00cb - Arkivi","isPartOf":{"@id":"https:\/\/fjala.info\/2009-2015\/#website"},"primaryImageOfPage":{"@id":"https:\/\/fjala.info\/2009-2015\/pse-ra-ne-provim-kp-i-ldk-se\/#primaryimage"},"image":{"@id":"https:\/\/fjala.info\/2009-2015\/pse-ra-ne-provim-kp-i-ldk-se\/#primaryimage"},"thumbnailUrl":"http:\/\/www.shkoder.net\/images\/fjala\/dibrani.jpg","datePublished":"2010-06-27T07:41:05+00:00","breadcrumb":{"@id":"https:\/\/fjala.info\/2009-2015\/pse-ra-ne-provim-kp-i-ldk-se\/#breadcrumb"},"inLanguage":"sq-AL","potentialAction":[{"@type":"ReadAction","target":["https:\/\/fjala.info\/2009-2015\/pse-ra-ne-provim-kp-i-ldk-se\/"]}]},{"@type":"ImageObject","inLanguage":"sq-AL","@id":"https:\/\/fjala.info\/2009-2015\/pse-ra-ne-provim-kp-i-ldk-se\/#primaryimage","url":"http:\/\/www.shkoder.net\/images\/fjala\/dibrani.jpg","contentUrl":"http:\/\/www.shkoder.net\/images\/fjala\/dibrani.jpg"},{"@type":"BreadcrumbList","@id":"https:\/\/fjala.info\/2009-2015\/pse-ra-ne-provim-kp-i-ldk-se\/#breadcrumb","itemListElement":[{"@type":"ListItem","position":1,"name":"Home","item":"https:\/\/fjala.info\/2009-2015\/"},{"@type":"ListItem","position":2,"name":"PSE RA N\u00cb PROVIM KP I LDK-S\u00cb?&#8230;"}]},{"@type":"WebSite","@id":"https:\/\/fjala.info\/2009-2015\/#website","url":"https:\/\/fjala.info\/2009-2015\/","name":"FjALA e LIR\u00cb - Arkivi","description":"Arkivi 2009-2015","publisher":{"@id":"https:\/\/fjala.info\/2009-2015\/#organization"},"potentialAction":[{"@type":"SearchAction","target":{"@type":"EntryPoint","urlTemplate":"https:\/\/fjala.info\/2009-2015\/?s={search_term_string}"},"query-input":{"@type":"PropertyValueSpecification","valueRequired":true,"valueName":"search_term_string"}}],"inLanguage":"sq-AL"},{"@type":"Organization","@id":"https:\/\/fjala.info\/2009-2015\/#organization","name":"FjALA e LIR\u00cb - Arkivi","url":"https:\/\/fjala.info\/2009-2015\/","logo":{"@type":"ImageObject","inLanguage":"sq-AL","@id":"https:\/\/fjala.info\/2009-2015\/#\/schema\/logo\/image\/","url":"","contentUrl":"","caption":"FjALA e LIR\u00cb - Arkivi"},"image":{"@id":"https:\/\/fjala.info\/2009-2015\/#\/schema\/logo\/image\/"}},{"@type":"Person","@id":"https:\/\/fjala.info\/2009-2015\/#\/schema\/person\/3aa1163ef05469c496fc94e77611ada2","name":"admin","image":{"@type":"ImageObject","inLanguage":"sq-AL","@id":"https:\/\/fjala.info\/2009-2015\/wp-content\/uploads\/2012\/02\/arben_cokaj-120x150.jpg","url":"https:\/\/fjala.info\/2009-2015\/wp-content\/uploads\/2012\/02\/arben_cokaj-120x150.jpg","contentUrl":"https:\/\/fjala.info\/2009-2015\/wp-content\/uploads\/2012\/02\/arben_cokaj-120x150.jpg","caption":"admin"},"description":"Admin, Fjala e Lir\u00eb","sameAs":["https:\/\/fjala.info\/"],"url":"https:\/\/fjala.info\/2009-2015\/author\/admin\/"}]}},"_links":{"self":[{"href":"https:\/\/fjala.info\/2009-2015\/wp-json\/wp\/v2\/posts\/3117","targetHints":{"allow":["GET"]}}],"collection":[{"href":"https:\/\/fjala.info\/2009-2015\/wp-json\/wp\/v2\/posts"}],"about":[{"href":"https:\/\/fjala.info\/2009-2015\/wp-json\/wp\/v2\/types\/post"}],"author":[{"embeddable":true,"href":"https:\/\/fjala.info\/2009-2015\/wp-json\/wp\/v2\/users\/1"}],"replies":[{"embeddable":true,"href":"https:\/\/fjala.info\/2009-2015\/wp-json\/wp\/v2\/comments?post=3117"}],"version-history":[{"count":0,"href":"https:\/\/fjala.info\/2009-2015\/wp-json\/wp\/v2\/posts\/3117\/revisions"}],"wp:attachment":[{"href":"https:\/\/fjala.info\/2009-2015\/wp-json\/wp\/v2\/media?parent=3117"}],"wp:term":[{"taxonomy":"category","embeddable":true,"href":"https:\/\/fjala.info\/2009-2015\/wp-json\/wp\/v2\/categories?post=3117"},{"taxonomy":"post_tag","embeddable":true,"href":"https:\/\/fjala.info\/2009-2015\/wp-json\/wp\/v2\/tags?post=3117"}],"curies":[{"name":"wp","href":"https:\/\/api.w.org\/{rel}","templated":true}]}}