{"id":3110,"date":"2010-06-27T07:18:35","date_gmt":"2010-06-27T06:18:35","guid":{"rendered":"http:\/\/fjala.shkoder.net\/?p=3110"},"modified":"2010-06-27T07:18:35","modified_gmt":"2010-06-27T06:18:35","slug":"per-cfare-vlejne-dijet-e-zotesite","status":"publish","type":"post","link":"https:\/\/fjala.info\/2009-2015\/per-cfare-vlejne-dijet-e-zotesite\/","title":{"rendered":"P\u00cbR \u00c7FAR\u00cb VLEJN\u00cb DIJET E ZOT\u00cbSIT\u00cb?"},"content":{"rendered":"<p><img decoding=\"async\" style=\"margin-left: 10px; margin-right: 10px; border: 0px;\" src=\"http:\/\/www.shkoder.net\/images\/fjala\/mustafa_nano.jpg\" border=\"0\" alt=\"Mustafa Nano\" width=\"100\" align=\"left\" \/><\/p>\n<p><strong>Mustafa Nano<\/strong><\/p>\n<p><em>Zululand<\/em><br \/>\nKa ndonj\u00eb shqiptar, t\u00eb cilit nuk i \u00ebsht\u00eb dashur t\u00eb b\u00ebj\u00eb ndonj\u00eb nd\u00ebrhyrje te funksionar\u00eb e dinjitar\u00eb shtet\u00ebror\u00eb me q\u00ebllim q\u00eb t\u00eb mund\u00ebsoj\u00eb pun\u00ebsimin e nj\u00eb t\u00eb af\u00ebrmi? Nuk besoj, se ka. Edhe kur t\u00eb af\u00ebrmit tan\u00eb jan\u00eb t\u00eb dalluar apo t\u00eb dalluesh\u00ebm prej zot\u00ebsive t\u00eb tyre, ne prap\u00ebseprap\u00eb jemi t\u00eb prirur t\u2019u besojm\u00eb miqve. Pse? Sepse \u00ebsht\u00eb nj\u00eb sistem i t\u00ebr\u00eb, kulturor e ligjor, q\u00eb promovon njer\u00ebzit q\u00eb kan\u00eb mik, e q\u00eb shp\u00ebrfill njer\u00ebzit pa krah\u00eb.<\/p>\n<p>Prej k\u00ebtej ka dal\u00eb dhe shprehja \u201ct\u00eb fut\u00ebsh mik\u201d, t\u00eb cil\u00ebn p\u00ebrkthimi germ\u00eb p\u00ebr germ\u00eb n\u00eb \u00e7do gjuh\u00eb t\u00eb bot\u00ebs do ta nxirrte si shprehje idiote. Por praktikisht, ve\u00e7 idiote nuk \u00ebsht\u00eb. K\u00ebtejpari, \u201ct\u00eb fut\u00ebsh mik\u201d \u00ebsht\u00eb nj\u00ebsoj si t\u00eb th\u00ebrras\u00ebsh n\u00eb ndihm\u00eb providenc\u00ebn; madje, m\u00eb mir\u00eb e m\u00eb shum\u00eb sesa kaq: \u00ebsht\u00eb nj\u00ebsoj sikur providenca t\u00eb ta v\u00ebr\u00eb veshin, t\u00eb t\u00eb kthej\u00eb p\u00ebrgjigje, e t\u00eb t\u00eb ndodhet pran\u00eb.<\/p>\n<p>\u00cbsht\u00eb akoma k\u00ebshtu? N\u00eb fakt, \u00ebsht\u00eb duke ndodhur nj\u00eb ndryshim jo i vog\u00ebl. Miku mbetet q\u00eb \u00e7\u2019ke me t\u00eb, sidomos n\u00eb form\u00ebn e klientit partiak, por ka z\u00ebn\u00eb t\u00eb fitoj\u00eb terren gjithmon\u00eb e m\u00eb shum\u00eb nj\u00eb agjent tjet\u00ebr nd\u00ebrhyrjeje: leku. \u00cbsht\u00eb duke e nxjerr\u00eb jasht\u00eb loje mikun. N\u00eb dit\u00ebt e sotme mund t\u00eb trokas\u00ebsh me nj\u00ebr\u00ebn dor\u00eb n\u00eb der\u00ebn e mikut, por n\u00eb dor\u00ebn tjet\u00ebr duhet t\u00eb kesh se s\u2019b\u00ebn nj\u00eb zarf me lek\u00eb; p\u00ebrndryshe, mbetesh me gisht n\u00eb goj\u00eb.<\/p>\n<p>Miku pra, i par\u00eb si nj\u00eb instrument tradicional e gati natyror i mbijetes\u00ebs dhe i jetes\u00ebs n\u00eb trojet e Arbrit, po jep shpirt, dhe n\u00eb vend t\u00eb tij po shfaqet paraja. \u00cbsht\u00eb, p\u00ebrve\u00e7 t\u00eb tjerash, nj\u00eb nga m\u00ebnyrat se si na fanepset moderniteti. Alamet ndryshimi, apo jo? Hm, se mos vet\u00ebm ky ndryshim ka ndodhur! Ve\u00e7 ndryshime kan\u00eb ndodhur n\u00eb Shqip\u00ebrin\u00eb e 20 viteve t\u00eb fundit. Mir\u00ebpo, me ne ndodh ashtu si n\u00eb Sicilin\u00eb e romanit Leopardi (n\u00eb Sicilin\u00eb e gjysm\u00ebs s\u00eb dyt\u00eb t\u00eb shekullit XIX). Ka mbetur me nam nj\u00eb shprehje e protagonistit t\u00eb librit, atij fisnikut t\u00eb kapur n\u00eb befasi prej ndryshimeve shastis\u00ebse t\u00eb atyre moteve: \u00e7do gj\u00eb duhet t\u00eb ndryshoj\u00eb, me q\u00ebllim q\u00eb gjith\u00e7ka t\u00eb mbetet po nj\u00ebsoj.<\/p>\n<p>Duket sikur Don Fabrizio e ka pasur fjal\u00ebn p\u00ebr Shqip\u00ebrin\u00eb e k\u00ebtyre koh\u00ebve, ku \u00e7do gj\u00eb ndryshon, me q\u00ebllim q\u00eb gjith\u00e7ka t\u00eb mbetet e pandryshuar. N\u00eb t\u00eb gjitha drejtimet. E sidomos n\u00eb nj\u00ebrin sosh: Shqip\u00ebria, ashtu si 100, 50, 20 vjet m\u00eb par\u00eb, drejtohet nga t\u00eb pagdhendurit, t\u00eb cil\u00ebt, n\u00eb vend t\u00eb dijeve, kompetencave e zot\u00ebsive, kan\u00eb \u2013 ky po, q\u00eb \u00ebsht\u00eb curriculum vitae \u2013 miq, par\u00e1 dhe gatishm\u00ebrin\u00eb p\u00ebr t\u2019i sh\u00ebrbyer boss-it.<\/p>\n<p>N\u00eb k\u00ebt\u00eb mes duhet ta k\u00ebrkojm\u00eb t\u00eb keqen te fakti, q\u00eb vendi drejtohet n\u00eb m\u00ebnyr\u00eb mediokre? Sipas meje, kjo \u00ebsht\u00eb e keqja m\u00eb e vog\u00ebl. E keqja e madhe \u00ebsht\u00eb gjetk\u00eb. N\u00eb k\u00ebto rrethana do na shkoj\u00eb d\u00ebm mundi p\u00ebr t\u2019u mbushur mendjen f\u00ebmij\u00ebve tan\u00eb, se t\u00eb studiosh, t\u00eb marr\u00ebsh dije e t\u00eb b\u00ebhesh i zoti, jo vet\u00ebm ka nj\u00eb kuptim, por ka dhe dobi. Ka ndonj\u00eb budalla, q\u00eb e beson k\u00ebt\u00eb?<\/p>\n","protected":false},"excerpt":{"rendered":"<p>Mustafa Nano Zululand Ka ndonj\u00eb shqiptar, t\u00eb cilit nuk i \u00ebsht\u00eb dashur t\u00eb b\u00ebj\u00eb ndonj\u00eb nd\u00ebrhyrje te funksionar\u00eb e dinjitar\u00eb shtet\u00ebror\u00eb me q\u00ebllim q\u00eb t\u00eb mund\u00ebsoj\u00eb pun\u00ebsimin e nj\u00eb t\u00eb af\u00ebrmi? Nuk besoj, se ka. Edhe kur t\u00eb af\u00ebrmit tan\u00eb jan\u00eb t\u00eb dalluar apo t\u00eb dalluesh\u00ebm prej zot\u00ebsive t\u00eb tyre, ne prap\u00ebseprap\u00eb jemi t\u00eb prirur [&hellip;]<\/p>\n","protected":false},"author":1,"featured_media":0,"comment_status":"open","ping_status":"closed","sticky":false,"template":"","format":"standard","meta":{"footnotes":""},"categories":[2],"tags":[],"class_list":{"0":"post-3110","1":"post","2":"type-post","3":"status-publish","4":"format-standard","6":"category-artikuj"},"yoast_head":"<!-- This site is optimized with the Yoast SEO plugin v27.4 - https:\/\/yoast.com\/product\/yoast-seo-wordpress\/ -->\n<title>P\u00cbR \u00c7FAR\u00cb VLEJN\u00cb DIJET E ZOT\u00cbSIT\u00cb? - FjALA e LIR\u00cb - Arkivi<\/title>\n<meta name=\"robots\" content=\"index, follow, max-snippet:-1, max-image-preview:large, max-video-preview:-1\" \/>\n<link rel=\"canonical\" href=\"https:\/\/fjala.info\/2009-2015\/per-cfare-vlejne-dijet-e-zotesite\/\" \/>\n<meta property=\"og:locale\" content=\"sq_AL\" \/>\n<meta property=\"og:type\" content=\"article\" \/>\n<meta property=\"og:title\" content=\"P\u00cbR \u00c7FAR\u00cb VLEJN\u00cb DIJET E ZOT\u00cbSIT\u00cb? - FjALA e LIR\u00cb - Arkivi\" \/>\n<meta property=\"og:description\" content=\"Mustafa Nano Zululand Ka ndonj\u00eb shqiptar, t\u00eb cilit nuk i \u00ebsht\u00eb dashur t\u00eb b\u00ebj\u00eb ndonj\u00eb nd\u00ebrhyrje te funksionar\u00eb e dinjitar\u00eb shtet\u00ebror\u00eb me q\u00ebllim q\u00eb t\u00eb mund\u00ebsoj\u00eb pun\u00ebsimin e nj\u00eb t\u00eb af\u00ebrmi? Nuk besoj, se ka. Edhe kur t\u00eb af\u00ebrmit tan\u00eb jan\u00eb t\u00eb dalluar apo t\u00eb dalluesh\u00ebm prej zot\u00ebsive t\u00eb tyre, ne prap\u00ebseprap\u00eb jemi t\u00eb prirur [&hellip;]\" \/>\n<meta property=\"og:url\" content=\"https:\/\/fjala.info\/2009-2015\/per-cfare-vlejne-dijet-e-zotesite\/\" \/>\n<meta property=\"og:site_name\" content=\"FjALA e LIR\u00cb - Arkivi\" \/>\n<meta property=\"article:published_time\" content=\"2010-06-27T06:18:35+00:00\" \/>\n<meta property=\"og:image\" content=\"http:\/\/www.shkoder.net\/images\/fjala\/mustafa_nano.jpg\" \/>\n<meta name=\"author\" content=\"admin\" \/>\n<meta name=\"twitter:card\" content=\"summary_large_image\" \/>\n<meta name=\"twitter:label1\" content=\"Written by\" \/>\n\t<meta name=\"twitter:data1\" content=\"admin\" \/>\n\t<meta name=\"twitter:label2\" content=\"Est. reading time\" \/>\n\t<meta name=\"twitter:data2\" content=\"3 minutes\" \/>\n<script type=\"application\/ld+json\" class=\"yoast-schema-graph\">{\"@context\":\"https:\\\/\\\/schema.org\",\"@graph\":[{\"@type\":\"Article\",\"@id\":\"https:\\\/\\\/fjala.info\\\/2009-2015\\\/per-cfare-vlejne-dijet-e-zotesite\\\/#article\",\"isPartOf\":{\"@id\":\"https:\\\/\\\/fjala.info\\\/2009-2015\\\/per-cfare-vlejne-dijet-e-zotesite\\\/\"},\"author\":{\"name\":\"admin\",\"@id\":\"https:\\\/\\\/fjala.info\\\/2009-2015\\\/#\\\/schema\\\/person\\\/3aa1163ef05469c496fc94e77611ada2\"},\"headline\":\"P\u00cbR \u00c7FAR\u00cb VLEJN\u00cb DIJET E ZOT\u00cbSIT\u00cb?\",\"datePublished\":\"2010-06-27T06:18:35+00:00\",\"mainEntityOfPage\":{\"@id\":\"https:\\\/\\\/fjala.info\\\/2009-2015\\\/per-cfare-vlejne-dijet-e-zotesite\\\/\"},\"wordCount\":585,\"commentCount\":0,\"publisher\":{\"@id\":\"https:\\\/\\\/fjala.info\\\/2009-2015\\\/#organization\"},\"image\":{\"@id\":\"https:\\\/\\\/fjala.info\\\/2009-2015\\\/per-cfare-vlejne-dijet-e-zotesite\\\/#primaryimage\"},\"thumbnailUrl\":\"http:\\\/\\\/www.shkoder.net\\\/images\\\/fjala\\\/mustafa_nano.jpg\",\"articleSection\":[\"Artikuj\"],\"inLanguage\":\"sq-AL\",\"potentialAction\":[{\"@type\":\"CommentAction\",\"name\":\"Comment\",\"target\":[\"https:\\\/\\\/fjala.info\\\/2009-2015\\\/per-cfare-vlejne-dijet-e-zotesite\\\/#respond\"]}]},{\"@type\":\"WebPage\",\"@id\":\"https:\\\/\\\/fjala.info\\\/2009-2015\\\/per-cfare-vlejne-dijet-e-zotesite\\\/\",\"url\":\"https:\\\/\\\/fjala.info\\\/2009-2015\\\/per-cfare-vlejne-dijet-e-zotesite\\\/\",\"name\":\"P\u00cbR \u00c7FAR\u00cb VLEJN\u00cb DIJET E ZOT\u00cbSIT\u00cb? - FjALA e LIR\u00cb - Arkivi\",\"isPartOf\":{\"@id\":\"https:\\\/\\\/fjala.info\\\/2009-2015\\\/#website\"},\"primaryImageOfPage\":{\"@id\":\"https:\\\/\\\/fjala.info\\\/2009-2015\\\/per-cfare-vlejne-dijet-e-zotesite\\\/#primaryimage\"},\"image\":{\"@id\":\"https:\\\/\\\/fjala.info\\\/2009-2015\\\/per-cfare-vlejne-dijet-e-zotesite\\\/#primaryimage\"},\"thumbnailUrl\":\"http:\\\/\\\/www.shkoder.net\\\/images\\\/fjala\\\/mustafa_nano.jpg\",\"datePublished\":\"2010-06-27T06:18:35+00:00\",\"breadcrumb\":{\"@id\":\"https:\\\/\\\/fjala.info\\\/2009-2015\\\/per-cfare-vlejne-dijet-e-zotesite\\\/#breadcrumb\"},\"inLanguage\":\"sq-AL\",\"potentialAction\":[{\"@type\":\"ReadAction\",\"target\":[\"https:\\\/\\\/fjala.info\\\/2009-2015\\\/per-cfare-vlejne-dijet-e-zotesite\\\/\"]}]},{\"@type\":\"ImageObject\",\"inLanguage\":\"sq-AL\",\"@id\":\"https:\\\/\\\/fjala.info\\\/2009-2015\\\/per-cfare-vlejne-dijet-e-zotesite\\\/#primaryimage\",\"url\":\"http:\\\/\\\/www.shkoder.net\\\/images\\\/fjala\\\/mustafa_nano.jpg\",\"contentUrl\":\"http:\\\/\\\/www.shkoder.net\\\/images\\\/fjala\\\/mustafa_nano.jpg\"},{\"@type\":\"BreadcrumbList\",\"@id\":\"https:\\\/\\\/fjala.info\\\/2009-2015\\\/per-cfare-vlejne-dijet-e-zotesite\\\/#breadcrumb\",\"itemListElement\":[{\"@type\":\"ListItem\",\"position\":1,\"name\":\"Home\",\"item\":\"https:\\\/\\\/fjala.info\\\/2009-2015\\\/\"},{\"@type\":\"ListItem\",\"position\":2,\"name\":\"P\u00cbR \u00c7FAR\u00cb VLEJN\u00cb DIJET E ZOT\u00cbSIT\u00cb?\"}]},{\"@type\":\"WebSite\",\"@id\":\"https:\\\/\\\/fjala.info\\\/2009-2015\\\/#website\",\"url\":\"https:\\\/\\\/fjala.info\\\/2009-2015\\\/\",\"name\":\"FjALA e LIR\u00cb - Arkivi\",\"description\":\"Arkivi 2009-2015\",\"publisher\":{\"@id\":\"https:\\\/\\\/fjala.info\\\/2009-2015\\\/#organization\"},\"potentialAction\":[{\"@type\":\"SearchAction\",\"target\":{\"@type\":\"EntryPoint\",\"urlTemplate\":\"https:\\\/\\\/fjala.info\\\/2009-2015\\\/?s={search_term_string}\"},\"query-input\":{\"@type\":\"PropertyValueSpecification\",\"valueRequired\":true,\"valueName\":\"search_term_string\"}}],\"inLanguage\":\"sq-AL\"},{\"@type\":\"Organization\",\"@id\":\"https:\\\/\\\/fjala.info\\\/2009-2015\\\/#organization\",\"name\":\"FjALA e LIR\u00cb - Arkivi\",\"url\":\"https:\\\/\\\/fjala.info\\\/2009-2015\\\/\",\"logo\":{\"@type\":\"ImageObject\",\"inLanguage\":\"sq-AL\",\"@id\":\"https:\\\/\\\/fjala.info\\\/2009-2015\\\/#\\\/schema\\\/logo\\\/image\\\/\",\"url\":\"\",\"contentUrl\":\"\",\"caption\":\"FjALA e LIR\u00cb - Arkivi\"},\"image\":{\"@id\":\"https:\\\/\\\/fjala.info\\\/2009-2015\\\/#\\\/schema\\\/logo\\\/image\\\/\"}},{\"@type\":\"Person\",\"@id\":\"https:\\\/\\\/fjala.info\\\/2009-2015\\\/#\\\/schema\\\/person\\\/3aa1163ef05469c496fc94e77611ada2\",\"name\":\"admin\",\"image\":{\"@type\":\"ImageObject\",\"inLanguage\":\"sq-AL\",\"@id\":\"https:\\\/\\\/fjala.info\\\/2009-2015\\\/wp-content\\\/uploads\\\/2012\\\/02\\\/arben_cokaj-120x150.jpg\",\"url\":\"https:\\\/\\\/fjala.info\\\/2009-2015\\\/wp-content\\\/uploads\\\/2012\\\/02\\\/arben_cokaj-120x150.jpg\",\"contentUrl\":\"https:\\\/\\\/fjala.info\\\/2009-2015\\\/wp-content\\\/uploads\\\/2012\\\/02\\\/arben_cokaj-120x150.jpg\",\"caption\":\"admin\"},\"description\":\"Admin, Fjala e Lir\u00eb\",\"sameAs\":[\"https:\\\/\\\/fjala.info\\\/\"],\"url\":\"https:\\\/\\\/fjala.info\\\/2009-2015\\\/author\\\/admin\\\/\"}]}<\/script>\n<!-- \/ Yoast SEO plugin. -->","yoast_head_json":{"title":"P\u00cbR \u00c7FAR\u00cb VLEJN\u00cb DIJET E ZOT\u00cbSIT\u00cb? - FjALA e LIR\u00cb - Arkivi","robots":{"index":"index","follow":"follow","max-snippet":"max-snippet:-1","max-image-preview":"max-image-preview:large","max-video-preview":"max-video-preview:-1"},"canonical":"https:\/\/fjala.info\/2009-2015\/per-cfare-vlejne-dijet-e-zotesite\/","og_locale":"sq_AL","og_type":"article","og_title":"P\u00cbR \u00c7FAR\u00cb VLEJN\u00cb DIJET E ZOT\u00cbSIT\u00cb? - FjALA e LIR\u00cb - Arkivi","og_description":"Mustafa Nano Zululand Ka ndonj\u00eb shqiptar, t\u00eb cilit nuk i \u00ebsht\u00eb dashur t\u00eb b\u00ebj\u00eb ndonj\u00eb nd\u00ebrhyrje te funksionar\u00eb e dinjitar\u00eb shtet\u00ebror\u00eb me q\u00ebllim q\u00eb t\u00eb mund\u00ebsoj\u00eb pun\u00ebsimin e nj\u00eb t\u00eb af\u00ebrmi? Nuk besoj, se ka. Edhe kur t\u00eb af\u00ebrmit tan\u00eb jan\u00eb t\u00eb dalluar apo t\u00eb dalluesh\u00ebm prej zot\u00ebsive t\u00eb tyre, ne prap\u00ebseprap\u00eb jemi t\u00eb prirur [&hellip;]","og_url":"https:\/\/fjala.info\/2009-2015\/per-cfare-vlejne-dijet-e-zotesite\/","og_site_name":"FjALA e LIR\u00cb - Arkivi","article_published_time":"2010-06-27T06:18:35+00:00","og_image":[{"url":"http:\/\/www.shkoder.net\/images\/fjala\/mustafa_nano.jpg","type":"","width":"","height":""}],"author":"admin","twitter_card":"summary_large_image","twitter_misc":{"Written by":"admin","Est. reading time":"3 minutes"},"schema":{"@context":"https:\/\/schema.org","@graph":[{"@type":"Article","@id":"https:\/\/fjala.info\/2009-2015\/per-cfare-vlejne-dijet-e-zotesite\/#article","isPartOf":{"@id":"https:\/\/fjala.info\/2009-2015\/per-cfare-vlejne-dijet-e-zotesite\/"},"author":{"name":"admin","@id":"https:\/\/fjala.info\/2009-2015\/#\/schema\/person\/3aa1163ef05469c496fc94e77611ada2"},"headline":"P\u00cbR \u00c7FAR\u00cb VLEJN\u00cb DIJET E ZOT\u00cbSIT\u00cb?","datePublished":"2010-06-27T06:18:35+00:00","mainEntityOfPage":{"@id":"https:\/\/fjala.info\/2009-2015\/per-cfare-vlejne-dijet-e-zotesite\/"},"wordCount":585,"commentCount":0,"publisher":{"@id":"https:\/\/fjala.info\/2009-2015\/#organization"},"image":{"@id":"https:\/\/fjala.info\/2009-2015\/per-cfare-vlejne-dijet-e-zotesite\/#primaryimage"},"thumbnailUrl":"http:\/\/www.shkoder.net\/images\/fjala\/mustafa_nano.jpg","articleSection":["Artikuj"],"inLanguage":"sq-AL","potentialAction":[{"@type":"CommentAction","name":"Comment","target":["https:\/\/fjala.info\/2009-2015\/per-cfare-vlejne-dijet-e-zotesite\/#respond"]}]},{"@type":"WebPage","@id":"https:\/\/fjala.info\/2009-2015\/per-cfare-vlejne-dijet-e-zotesite\/","url":"https:\/\/fjala.info\/2009-2015\/per-cfare-vlejne-dijet-e-zotesite\/","name":"P\u00cbR \u00c7FAR\u00cb VLEJN\u00cb DIJET E ZOT\u00cbSIT\u00cb? - FjALA e LIR\u00cb - Arkivi","isPartOf":{"@id":"https:\/\/fjala.info\/2009-2015\/#website"},"primaryImageOfPage":{"@id":"https:\/\/fjala.info\/2009-2015\/per-cfare-vlejne-dijet-e-zotesite\/#primaryimage"},"image":{"@id":"https:\/\/fjala.info\/2009-2015\/per-cfare-vlejne-dijet-e-zotesite\/#primaryimage"},"thumbnailUrl":"http:\/\/www.shkoder.net\/images\/fjala\/mustafa_nano.jpg","datePublished":"2010-06-27T06:18:35+00:00","breadcrumb":{"@id":"https:\/\/fjala.info\/2009-2015\/per-cfare-vlejne-dijet-e-zotesite\/#breadcrumb"},"inLanguage":"sq-AL","potentialAction":[{"@type":"ReadAction","target":["https:\/\/fjala.info\/2009-2015\/per-cfare-vlejne-dijet-e-zotesite\/"]}]},{"@type":"ImageObject","inLanguage":"sq-AL","@id":"https:\/\/fjala.info\/2009-2015\/per-cfare-vlejne-dijet-e-zotesite\/#primaryimage","url":"http:\/\/www.shkoder.net\/images\/fjala\/mustafa_nano.jpg","contentUrl":"http:\/\/www.shkoder.net\/images\/fjala\/mustafa_nano.jpg"},{"@type":"BreadcrumbList","@id":"https:\/\/fjala.info\/2009-2015\/per-cfare-vlejne-dijet-e-zotesite\/#breadcrumb","itemListElement":[{"@type":"ListItem","position":1,"name":"Home","item":"https:\/\/fjala.info\/2009-2015\/"},{"@type":"ListItem","position":2,"name":"P\u00cbR \u00c7FAR\u00cb VLEJN\u00cb DIJET E ZOT\u00cbSIT\u00cb?"}]},{"@type":"WebSite","@id":"https:\/\/fjala.info\/2009-2015\/#website","url":"https:\/\/fjala.info\/2009-2015\/","name":"FjALA e LIR\u00cb - Arkivi","description":"Arkivi 2009-2015","publisher":{"@id":"https:\/\/fjala.info\/2009-2015\/#organization"},"potentialAction":[{"@type":"SearchAction","target":{"@type":"EntryPoint","urlTemplate":"https:\/\/fjala.info\/2009-2015\/?s={search_term_string}"},"query-input":{"@type":"PropertyValueSpecification","valueRequired":true,"valueName":"search_term_string"}}],"inLanguage":"sq-AL"},{"@type":"Organization","@id":"https:\/\/fjala.info\/2009-2015\/#organization","name":"FjALA e LIR\u00cb - Arkivi","url":"https:\/\/fjala.info\/2009-2015\/","logo":{"@type":"ImageObject","inLanguage":"sq-AL","@id":"https:\/\/fjala.info\/2009-2015\/#\/schema\/logo\/image\/","url":"","contentUrl":"","caption":"FjALA e LIR\u00cb - Arkivi"},"image":{"@id":"https:\/\/fjala.info\/2009-2015\/#\/schema\/logo\/image\/"}},{"@type":"Person","@id":"https:\/\/fjala.info\/2009-2015\/#\/schema\/person\/3aa1163ef05469c496fc94e77611ada2","name":"admin","image":{"@type":"ImageObject","inLanguage":"sq-AL","@id":"https:\/\/fjala.info\/2009-2015\/wp-content\/uploads\/2012\/02\/arben_cokaj-120x150.jpg","url":"https:\/\/fjala.info\/2009-2015\/wp-content\/uploads\/2012\/02\/arben_cokaj-120x150.jpg","contentUrl":"https:\/\/fjala.info\/2009-2015\/wp-content\/uploads\/2012\/02\/arben_cokaj-120x150.jpg","caption":"admin"},"description":"Admin, Fjala e Lir\u00eb","sameAs":["https:\/\/fjala.info\/"],"url":"https:\/\/fjala.info\/2009-2015\/author\/admin\/"}]}},"_links":{"self":[{"href":"https:\/\/fjala.info\/2009-2015\/wp-json\/wp\/v2\/posts\/3110","targetHints":{"allow":["GET"]}}],"collection":[{"href":"https:\/\/fjala.info\/2009-2015\/wp-json\/wp\/v2\/posts"}],"about":[{"href":"https:\/\/fjala.info\/2009-2015\/wp-json\/wp\/v2\/types\/post"}],"author":[{"embeddable":true,"href":"https:\/\/fjala.info\/2009-2015\/wp-json\/wp\/v2\/users\/1"}],"replies":[{"embeddable":true,"href":"https:\/\/fjala.info\/2009-2015\/wp-json\/wp\/v2\/comments?post=3110"}],"version-history":[{"count":0,"href":"https:\/\/fjala.info\/2009-2015\/wp-json\/wp\/v2\/posts\/3110\/revisions"}],"wp:attachment":[{"href":"https:\/\/fjala.info\/2009-2015\/wp-json\/wp\/v2\/media?parent=3110"}],"wp:term":[{"taxonomy":"category","embeddable":true,"href":"https:\/\/fjala.info\/2009-2015\/wp-json\/wp\/v2\/categories?post=3110"},{"taxonomy":"post_tag","embeddable":true,"href":"https:\/\/fjala.info\/2009-2015\/wp-json\/wp\/v2\/tags?post=3110"}],"curies":[{"name":"wp","href":"https:\/\/api.w.org\/{rel}","templated":true}]}}