{"id":3108,"date":"2010-06-27T07:15:09","date_gmt":"2010-06-27T06:15:09","guid":{"rendered":"http:\/\/fjala.shkoder.net\/?p=3108"},"modified":"2010-06-27T07:15:09","modified_gmt":"2010-06-27T06:15:09","slug":"perse-nuk-mund-ta-luftoje-korrupsionin-kryeministri","status":"publish","type":"post","link":"https:\/\/fjala.info\/2009-2015\/perse-nuk-mund-ta-luftoje-korrupsionin-kryeministri\/","title":{"rendered":"P\u00ebrse nuk mund ta luftoj\u00eb korrupsionin Kryeministri"},"content":{"rendered":"<p><strong>Maklen Misha<\/strong>, <em>26.06.2010<\/em><\/p>\n<p>Askush tjet\u00ebr n\u00eb Shqip\u00ebri, gjat\u00eb k\u00ebtyre 20 vjet\u00ebve t\u00eb fundit, nuk ka folur aq shum\u00eb kund\u00ebr korrupsionit sa Sali Berisha. Qoft\u00eb gjat\u00eb presidenc\u00ebs s\u00eb tij, qoft\u00eb gjat\u00eb viteve t\u00eb gjata n\u00eb opozit\u00eb, lufta kund\u00ebr korrupsionit ka qen\u00eb nj\u00eb nd\u00ebr kryefjal\u00ebt e retorik\u00ebs s\u00eb tij politike. N\u00eb vitin 2005, premtimi i nj\u00eb qeverie me \u201cduar t\u00eb pastra\u201d ishte padyshim nj\u00eb nga arsyet kryesore q\u00eb \u00e7uan n\u00eb fitoren e Partis\u00eb Demokratike dhe rikthimin e tij n\u00eb pushtet. T\u00eb nj\u00ebjt\u00ebn retorik\u00eb anti-korrupsion zoti Berisha e ka vazhduar edhe n\u00eb rolin e tij si Kryeminist\u00ebr. Por ndon\u00ebse zelli dhe furia me t\u00eb cil\u00ebt p\u00ebrbetohet se do ta luftoj\u00eb e \u00e7rr\u00ebnjos\u00eb korrupsionin nuk jan\u00eb zbehur asfare, Kryeministri e ka shum\u00eb t\u00eb v\u00ebshtir\u00eb, n\u00eb mos t\u00eb pamundur, t\u00eb tregoj\u00eb ndonj\u00eb rezultat konkret t\u00eb k\u00ebsaj lufte.<\/p>\n<p>Natyrisht, qeverit\u00eb shqiptare t\u00eb viteve t\u00eb tranzicionit jan\u00eb m\u00ebsuar t\u00eb bashk\u00ebjetojn\u00eb me iden\u00eb se nj\u00eb pjes\u00eb e madhe e popullit q\u00eb qeverisin i sheh ato si t\u00eb korruptuara. Dhe me \u00e7\u2019duket, as qeveria Berisha nuk mendon se kostoja e perceptimit si e korruptuar nga elektorati \u00ebsht\u00eb e atill\u00eb sa t\u00eb justifikoj\u00eb marrjen e nj\u00ebmendt\u00eb t\u00eb masave p\u00ebr t\u00eb parandaluar apo m\u00eb s\u00eb paku p\u00ebr ta reduktuar korrupsionin. Ajo q\u00eb ka ndryshuar \u00ebsht\u00eb fakti se koh\u00ebt e fundit \u00ebsht\u00eb shtuar ndjesh\u00ebm presioni nga nd\u00ebrkomb\u00ebtar\u00ebt p\u00ebr t\u00eb treguar arritje konkrete n\u00eb luft\u00ebn kund\u00ebr korrupsionit \u2013 kujtoni se ky \u00ebsht\u00eb nj\u00eb nd\u00ebr tri kriteret q\u00eb mbeten p\u00ebr t\u2019u plot\u00ebsuar p\u00ebr liberalizimin e regjimit t\u00eb vizave \u2013 prandaj zotit Berisha i duhet, t\u00eb pakt\u00ebn sa p\u00ebr sy e faqe, t\u00eb tregoj\u00eb se \u00ebsht\u00eb i p\u00ebrkushtuar seriozisht n\u00eb luft\u00ebn kund\u00ebr k\u00ebtij fenomeni. Por si mund ta b\u00ebj\u00eb ai k\u00ebt\u00eb?<\/p>\n<p>Si\u00e7 u p\u00ebrmend m\u00eb lart, metoda e preferuar e zotit Berisha p\u00ebr t\u2019 i treguar publikut shqiptar e nd\u00ebrkomb\u00ebtar se ia ka b\u00ebr\u00eb ben\u00eb korrupsionit, ka qen\u00eb p\u00ebrdorimi i nj\u00eb retorike abstrakte anti-korrupsion, e cila nuk \u00ebsht\u00eb shoq\u00ebruar kurr\u00eb me marrjen e masave konkrete p\u00ebr t\u00eb \u00e7uar p\u00ebrpara drejt\u00ebsis\u00eb zyrtar\u00ebt e p\u00ebrfolur p\u00ebr p\u00ebrfshirje n\u00eb afera korruptive. Por sot kjo metod\u00eb ka pak gjasa t\u2019ia mbush\u00eb mendjen ndokujt. N\u00eb fund t\u00eb fundit, pas pes\u00eb vjet\u00ebsh qeverisje, gjat\u00eb t\u00eb cilave nuk ke sh\u00ebnuar asnj\u00eb arritje reale n\u00eb luft\u00ebn kund\u00ebr korrupsionit, premtimet publike se \u201cqeveria ime zotohet se do t\u00eb luftoj\u00eb me vendosm\u00ebri korrupsionin\u201d, jan\u00eb po aq t\u00eb besueshme, sa\u00e7 do t\u00eb ishte e besueshme po t\u00eb premtoje se q\u00eb sot e tutje ke vendosur t\u00eb b\u00ebhesh i virgj\u00ebr.<\/p>\n<p>Nj\u00eb metod\u00eb tjet\u00ebr e p\u00ebrdorur nga zoti Berisha gjat\u00eb k\u00ebtyre viteve, e cila po ashtu ka pak gjasa t\u00eb funksionoj\u00eb k\u00ebt\u00eb her\u00eb, \u00ebsht\u00eb kalimi i ligjeve kund\u00ebr korrupsionit, si nj\u00eb m\u00ebnyr\u00eb p\u00ebr t\u00eb treguar k\u00ebsisoj se sa seriozisht e ka marr\u00eb qeveria k\u00ebt\u00eb luft\u00eb. Por, edhe n\u00ebse e l\u00ebm\u00eb m\u00ebnjan\u00eb faktin se p\u00ebr shkak t\u00eb kriz\u00ebs politike qeveria \u00ebsht\u00eb shum\u00eb e kufizuar n\u00eb nismat ligjore q\u00eb mund t\u00eb nd\u00ebrmarr\u00eb, situata nuk do t\u00eb ndryshonte aspak sikur zoti Berisha dhe mazhoranca t\u00eb miratonin brenda dit\u00ebs ligjet m\u00eb t\u00eb ashpra anti-korrupsion t\u00eb k\u00ebsaj bote. Dhe kjo p\u00ebr arsyen e thjesht\u00eb se n\u00eb Shqip\u00ebri problemi nuk q\u00ebndron te mungesa e ligjeve, por te moszbatimi i tyre. Sepse, p\u00ebr shembull, s\u2019ishte mungesa e ligjit ajo q\u00eb e b\u00ebri qeverin\u00eb Berisha t\u00eb refuzonte me shum\u00eb ngulm t\u00eb dor\u00ebzonte imunitetin e ministrave t\u00eb akuzuar p\u00ebr disa nga aferat m\u00eb t\u00eb bujshme korruptive.<\/p>\n<p>N\u00eb fakt, e vetmja m\u00ebnyr\u00eb q\u00eb i ka mbetur zotit Berisha p\u00ebr t\u00eb treguar n\u00eb nj\u00eb koh\u00eb kaq t\u00eb shkurt\u00ebr, se ka vullnetin p\u00ebr t\u00eb luftuar korrupsionin, \u00ebsht\u00eb nd\u00ebrmarrja e veprimeve konkrete, duke \u00e7uar p\u00ebrpara drejt\u00ebsis\u00eb nj\u00eb s\u00ebr\u00eb zyrtar\u00ebsh t\u00eb lart\u00eb fajtor\u00eb p\u00ebr k\u00ebt\u00eb krim. Ky po do t\u00eb ishte nj\u00eb rezultat konkret. Por a \u00ebsht\u00eb ai n\u00eb gjendje ta b\u00ebj\u00eb k\u00ebt\u00eb? K\u00eb do t\u00eb \u00e7oj\u00eb vall\u00eb Sali Berisha p\u00ebrpara drejt\u00ebsis\u00eb? Sepse n\u00ebse kemi parasysh situat\u00ebn tejet t\u00eb polarizuar politike, Kryeministri nuk mund t\u00eb prek\u00eb p\u00ebrfaq\u00ebsuesit e opozit\u00ebs, edhe sikur k\u00ebta t\u00eb jen\u00eb realisht t\u00eb korruptuar deri n\u00eb palc\u00eb. Kjo do t\u00eb interpretohej si nj\u00eb sulm politik ndaj kund\u00ebrshtarit. P\u00ebr t\u00eb mos folur pastaj p\u00ebr faktin se testi vendimtar q\u00eb duhet t\u00eb kaloj\u00eb nj\u00eb qeveri p\u00ebr t\u00eb na bindur p\u00ebr p\u00ebrkushtimin e saj ndaj luft\u00ebs kund\u00ebr korrupsionit, \u00ebsht\u00eb nxjerrja p\u00ebrpara drejt\u00ebsis\u00eb e t\u00eb vet\u00ebve.<\/p>\n<p>Por edhe kur vjen puna tek arrestimi i t\u00eb vet\u00ebve, situata p\u00ebr zotin Berisha \u00ebsht\u00eb mjaft m\u00eb e komplikuar se \u00e7\u2019mund t\u00eb duket n\u00eb pamje t\u00eb par\u00eb. P\u00ebr shembull, me t\u00eb deklaruar Bashkimi Europian se lufta kund\u00ebr korrupsionit ishte nj\u00eb nd\u00ebr kriteret q\u00eb i mbeten p\u00ebr t\u00eb plot\u00ebsuar Shqip\u00ebris\u00eb p\u00ebr t\u00eb fituar liberalizimin e vizave, policia u vu menj\u00ebher\u00eb n\u00eb l\u00ebvizje duke arrestuar ku nj\u00eb z\u00ebvend\u00ebsdrejtor hipoteke e ku ndonj\u00eb polic trafiku apo kancelar gjykate. Por a mjafton arrestimi i njer\u00ebzve t\u00eb till\u00eb anonim\u00eb, t\u00eb tipit \u201cnj\u00eb bie, qindra ngrihen\u201d p\u00ebr t\u00eb d\u00ebshmuar se qeveria po lufton korrupsionin? A jan\u00eb k\u00ebto kurbane t\u00eb luft\u00ebs anti-korrupsion t\u00eb qeveris\u00eb t\u00eb nj\u00eb rangu mjaftuesh\u00ebm t\u00eb lart\u00eb p\u00ebr t\u00eb rehabilituar reputacionin e saj, n\u00eb nj\u00eb koh\u00eb q\u00eb njer\u00ebzit e p\u00ebrfolur p\u00ebr aferat m\u00eb t\u00eb bujshme korruptive t\u00eb k\u00ebtyre 20 vjet\u00ebve t\u00eb fundit jan\u00eb ose pjes\u00ebtar\u00eb t\u00eb qeveris\u00eb ose pjes\u00ebtar\u00eb t\u00eb familjes s\u00eb Kryeministrit?<\/p>\n<p>Druaj se jo. Kryeministrit i nevojiten disa koka turku m\u00eb t\u00eb spikatura, q\u00eb q\u00ebndrojn\u00eb m\u00eb lart n\u00eb hierarkin\u00eb politike t\u00eb vendit dhe q\u00eb jan\u00eb m\u00eb t\u00eb af\u00ebrt me Kryeministrin \u2013 biologjikisht apo politikisht \u2013 sesa ai kancelari anonim, mjeku q\u00eb k\u00ebrkon ryshfete apo polici i trafikut q\u00eb t\u00eb k\u00ebrkon \u201ckafen\u00eb\u201d p\u00ebr mos t\u00eb t\u00eb gjobitur. Por fatkeq\u00ebsisht, kjo \u00ebsht\u00eb nj\u00eblloj sikur Sali Berisha t\u00eb \u00e7oj\u00eb p\u00ebrpara drejt\u00ebsis\u00eb Sali Berish\u00ebn, prandaj \u00ebsht\u00eb e kot\u00eb t\u00eb shpresojm\u00eb se Kryeministri do ta luftoj\u00eb ndonj\u00ebher\u00eb korrupsionin.<\/p>\n","protected":false},"excerpt":{"rendered":"<p>Maklen Misha, 26.06.2010 Askush tjet\u00ebr n\u00eb Shqip\u00ebri, gjat\u00eb k\u00ebtyre 20 vjet\u00ebve t\u00eb fundit, nuk ka folur aq shum\u00eb kund\u00ebr korrupsionit sa Sali Berisha. Qoft\u00eb gjat\u00eb presidenc\u00ebs s\u00eb tij, qoft\u00eb gjat\u00eb viteve t\u00eb gjata n\u00eb opozit\u00eb, lufta kund\u00ebr korrupsionit ka qen\u00eb nj\u00eb nd\u00ebr kryefjal\u00ebt e retorik\u00ebs s\u00eb tij politike. N\u00eb vitin 2005, premtimi i nj\u00eb qeverie [&hellip;]<\/p>\n","protected":false},"author":1,"featured_media":0,"comment_status":"open","ping_status":"closed","sticky":false,"template":"","format":"standard","meta":{"footnotes":""},"categories":[2],"tags":[],"class_list":{"0":"post-3108","1":"post","2":"type-post","3":"status-publish","4":"format-standard","6":"category-artikuj"},"yoast_head":"<!-- This site is optimized with the Yoast SEO plugin v27.4 - https:\/\/yoast.com\/product\/yoast-seo-wordpress\/ -->\n<title>P\u00ebrse nuk mund ta luftoj\u00eb korrupsionin Kryeministri - FjALA e LIR\u00cb - Arkivi<\/title>\n<meta name=\"robots\" content=\"index, follow, max-snippet:-1, max-image-preview:large, max-video-preview:-1\" \/>\n<link rel=\"canonical\" href=\"https:\/\/fjala.info\/2009-2015\/perse-nuk-mund-ta-luftoje-korrupsionin-kryeministri\/\" \/>\n<meta property=\"og:locale\" content=\"sq_AL\" \/>\n<meta property=\"og:type\" content=\"article\" \/>\n<meta property=\"og:title\" content=\"P\u00ebrse nuk mund ta luftoj\u00eb korrupsionin Kryeministri - FjALA e LIR\u00cb - Arkivi\" \/>\n<meta property=\"og:description\" content=\"Maklen Misha, 26.06.2010 Askush tjet\u00ebr n\u00eb Shqip\u00ebri, gjat\u00eb k\u00ebtyre 20 vjet\u00ebve t\u00eb fundit, nuk ka folur aq shum\u00eb kund\u00ebr korrupsionit sa Sali Berisha. Qoft\u00eb gjat\u00eb presidenc\u00ebs s\u00eb tij, qoft\u00eb gjat\u00eb viteve t\u00eb gjata n\u00eb opozit\u00eb, lufta kund\u00ebr korrupsionit ka qen\u00eb nj\u00eb nd\u00ebr kryefjal\u00ebt e retorik\u00ebs s\u00eb tij politike. N\u00eb vitin 2005, premtimi i nj\u00eb qeverie [&hellip;]\" \/>\n<meta property=\"og:url\" content=\"https:\/\/fjala.info\/2009-2015\/perse-nuk-mund-ta-luftoje-korrupsionin-kryeministri\/\" \/>\n<meta property=\"og:site_name\" content=\"FjALA e LIR\u00cb - Arkivi\" \/>\n<meta property=\"article:published_time\" content=\"2010-06-27T06:15:09+00:00\" \/>\n<meta name=\"author\" content=\"admin\" \/>\n<meta name=\"twitter:card\" content=\"summary_large_image\" \/>\n<meta name=\"twitter:label1\" content=\"Written by\" \/>\n\t<meta name=\"twitter:data1\" content=\"admin\" \/>\n\t<meta name=\"twitter:label2\" content=\"Est. reading time\" \/>\n\t<meta name=\"twitter:data2\" content=\"5 minutes\" \/>\n<script type=\"application\/ld+json\" class=\"yoast-schema-graph\">{\"@context\":\"https:\\\/\\\/schema.org\",\"@graph\":[{\"@type\":\"Article\",\"@id\":\"https:\\\/\\\/fjala.info\\\/2009-2015\\\/perse-nuk-mund-ta-luftoje-korrupsionin-kryeministri\\\/#article\",\"isPartOf\":{\"@id\":\"https:\\\/\\\/fjala.info\\\/2009-2015\\\/perse-nuk-mund-ta-luftoje-korrupsionin-kryeministri\\\/\"},\"author\":{\"name\":\"admin\",\"@id\":\"https:\\\/\\\/fjala.info\\\/2009-2015\\\/#\\\/schema\\\/person\\\/3aa1163ef05469c496fc94e77611ada2\"},\"headline\":\"P\u00ebrse nuk mund ta luftoj\u00eb korrupsionin Kryeministri\",\"datePublished\":\"2010-06-27T06:15:09+00:00\",\"mainEntityOfPage\":{\"@id\":\"https:\\\/\\\/fjala.info\\\/2009-2015\\\/perse-nuk-mund-ta-luftoje-korrupsionin-kryeministri\\\/\"},\"wordCount\":1086,\"commentCount\":0,\"publisher\":{\"@id\":\"https:\\\/\\\/fjala.info\\\/2009-2015\\\/#organization\"},\"articleSection\":[\"Artikuj\"],\"inLanguage\":\"sq-AL\",\"potentialAction\":[{\"@type\":\"CommentAction\",\"name\":\"Comment\",\"target\":[\"https:\\\/\\\/fjala.info\\\/2009-2015\\\/perse-nuk-mund-ta-luftoje-korrupsionin-kryeministri\\\/#respond\"]}]},{\"@type\":\"WebPage\",\"@id\":\"https:\\\/\\\/fjala.info\\\/2009-2015\\\/perse-nuk-mund-ta-luftoje-korrupsionin-kryeministri\\\/\",\"url\":\"https:\\\/\\\/fjala.info\\\/2009-2015\\\/perse-nuk-mund-ta-luftoje-korrupsionin-kryeministri\\\/\",\"name\":\"P\u00ebrse nuk mund ta luftoj\u00eb korrupsionin Kryeministri - FjALA e LIR\u00cb - Arkivi\",\"isPartOf\":{\"@id\":\"https:\\\/\\\/fjala.info\\\/2009-2015\\\/#website\"},\"datePublished\":\"2010-06-27T06:15:09+00:00\",\"breadcrumb\":{\"@id\":\"https:\\\/\\\/fjala.info\\\/2009-2015\\\/perse-nuk-mund-ta-luftoje-korrupsionin-kryeministri\\\/#breadcrumb\"},\"inLanguage\":\"sq-AL\",\"potentialAction\":[{\"@type\":\"ReadAction\",\"target\":[\"https:\\\/\\\/fjala.info\\\/2009-2015\\\/perse-nuk-mund-ta-luftoje-korrupsionin-kryeministri\\\/\"]}]},{\"@type\":\"BreadcrumbList\",\"@id\":\"https:\\\/\\\/fjala.info\\\/2009-2015\\\/perse-nuk-mund-ta-luftoje-korrupsionin-kryeministri\\\/#breadcrumb\",\"itemListElement\":[{\"@type\":\"ListItem\",\"position\":1,\"name\":\"Home\",\"item\":\"https:\\\/\\\/fjala.info\\\/2009-2015\\\/\"},{\"@type\":\"ListItem\",\"position\":2,\"name\":\"P\u00ebrse nuk mund ta luftoj\u00eb korrupsionin Kryeministri\"}]},{\"@type\":\"WebSite\",\"@id\":\"https:\\\/\\\/fjala.info\\\/2009-2015\\\/#website\",\"url\":\"https:\\\/\\\/fjala.info\\\/2009-2015\\\/\",\"name\":\"FjALA e LIR\u00cb - Arkivi\",\"description\":\"Arkivi 2009-2015\",\"publisher\":{\"@id\":\"https:\\\/\\\/fjala.info\\\/2009-2015\\\/#organization\"},\"potentialAction\":[{\"@type\":\"SearchAction\",\"target\":{\"@type\":\"EntryPoint\",\"urlTemplate\":\"https:\\\/\\\/fjala.info\\\/2009-2015\\\/?s={search_term_string}\"},\"query-input\":{\"@type\":\"PropertyValueSpecification\",\"valueRequired\":true,\"valueName\":\"search_term_string\"}}],\"inLanguage\":\"sq-AL\"},{\"@type\":\"Organization\",\"@id\":\"https:\\\/\\\/fjala.info\\\/2009-2015\\\/#organization\",\"name\":\"FjALA e LIR\u00cb - Arkivi\",\"url\":\"https:\\\/\\\/fjala.info\\\/2009-2015\\\/\",\"logo\":{\"@type\":\"ImageObject\",\"inLanguage\":\"sq-AL\",\"@id\":\"https:\\\/\\\/fjala.info\\\/2009-2015\\\/#\\\/schema\\\/logo\\\/image\\\/\",\"url\":\"\",\"contentUrl\":\"\",\"caption\":\"FjALA e LIR\u00cb - Arkivi\"},\"image\":{\"@id\":\"https:\\\/\\\/fjala.info\\\/2009-2015\\\/#\\\/schema\\\/logo\\\/image\\\/\"}},{\"@type\":\"Person\",\"@id\":\"https:\\\/\\\/fjala.info\\\/2009-2015\\\/#\\\/schema\\\/person\\\/3aa1163ef05469c496fc94e77611ada2\",\"name\":\"admin\",\"image\":{\"@type\":\"ImageObject\",\"inLanguage\":\"sq-AL\",\"@id\":\"https:\\\/\\\/fjala.info\\\/2009-2015\\\/wp-content\\\/uploads\\\/2012\\\/02\\\/arben_cokaj-120x150.jpg\",\"url\":\"https:\\\/\\\/fjala.info\\\/2009-2015\\\/wp-content\\\/uploads\\\/2012\\\/02\\\/arben_cokaj-120x150.jpg\",\"contentUrl\":\"https:\\\/\\\/fjala.info\\\/2009-2015\\\/wp-content\\\/uploads\\\/2012\\\/02\\\/arben_cokaj-120x150.jpg\",\"caption\":\"admin\"},\"description\":\"Admin, Fjala e Lir\u00eb\",\"sameAs\":[\"https:\\\/\\\/fjala.info\\\/\"],\"url\":\"https:\\\/\\\/fjala.info\\\/2009-2015\\\/author\\\/admin\\\/\"}]}<\/script>\n<!-- \/ Yoast SEO plugin. -->","yoast_head_json":{"title":"P\u00ebrse nuk mund ta luftoj\u00eb korrupsionin Kryeministri - FjALA e LIR\u00cb - Arkivi","robots":{"index":"index","follow":"follow","max-snippet":"max-snippet:-1","max-image-preview":"max-image-preview:large","max-video-preview":"max-video-preview:-1"},"canonical":"https:\/\/fjala.info\/2009-2015\/perse-nuk-mund-ta-luftoje-korrupsionin-kryeministri\/","og_locale":"sq_AL","og_type":"article","og_title":"P\u00ebrse nuk mund ta luftoj\u00eb korrupsionin Kryeministri - FjALA e LIR\u00cb - Arkivi","og_description":"Maklen Misha, 26.06.2010 Askush tjet\u00ebr n\u00eb Shqip\u00ebri, gjat\u00eb k\u00ebtyre 20 vjet\u00ebve t\u00eb fundit, nuk ka folur aq shum\u00eb kund\u00ebr korrupsionit sa Sali Berisha. Qoft\u00eb gjat\u00eb presidenc\u00ebs s\u00eb tij, qoft\u00eb gjat\u00eb viteve t\u00eb gjata n\u00eb opozit\u00eb, lufta kund\u00ebr korrupsionit ka qen\u00eb nj\u00eb nd\u00ebr kryefjal\u00ebt e retorik\u00ebs s\u00eb tij politike. N\u00eb vitin 2005, premtimi i nj\u00eb qeverie [&hellip;]","og_url":"https:\/\/fjala.info\/2009-2015\/perse-nuk-mund-ta-luftoje-korrupsionin-kryeministri\/","og_site_name":"FjALA e LIR\u00cb - Arkivi","article_published_time":"2010-06-27T06:15:09+00:00","author":"admin","twitter_card":"summary_large_image","twitter_misc":{"Written by":"admin","Est. reading time":"5 minutes"},"schema":{"@context":"https:\/\/schema.org","@graph":[{"@type":"Article","@id":"https:\/\/fjala.info\/2009-2015\/perse-nuk-mund-ta-luftoje-korrupsionin-kryeministri\/#article","isPartOf":{"@id":"https:\/\/fjala.info\/2009-2015\/perse-nuk-mund-ta-luftoje-korrupsionin-kryeministri\/"},"author":{"name":"admin","@id":"https:\/\/fjala.info\/2009-2015\/#\/schema\/person\/3aa1163ef05469c496fc94e77611ada2"},"headline":"P\u00ebrse nuk mund ta luftoj\u00eb korrupsionin Kryeministri","datePublished":"2010-06-27T06:15:09+00:00","mainEntityOfPage":{"@id":"https:\/\/fjala.info\/2009-2015\/perse-nuk-mund-ta-luftoje-korrupsionin-kryeministri\/"},"wordCount":1086,"commentCount":0,"publisher":{"@id":"https:\/\/fjala.info\/2009-2015\/#organization"},"articleSection":["Artikuj"],"inLanguage":"sq-AL","potentialAction":[{"@type":"CommentAction","name":"Comment","target":["https:\/\/fjala.info\/2009-2015\/perse-nuk-mund-ta-luftoje-korrupsionin-kryeministri\/#respond"]}]},{"@type":"WebPage","@id":"https:\/\/fjala.info\/2009-2015\/perse-nuk-mund-ta-luftoje-korrupsionin-kryeministri\/","url":"https:\/\/fjala.info\/2009-2015\/perse-nuk-mund-ta-luftoje-korrupsionin-kryeministri\/","name":"P\u00ebrse nuk mund ta luftoj\u00eb korrupsionin Kryeministri - FjALA e LIR\u00cb - Arkivi","isPartOf":{"@id":"https:\/\/fjala.info\/2009-2015\/#website"},"datePublished":"2010-06-27T06:15:09+00:00","breadcrumb":{"@id":"https:\/\/fjala.info\/2009-2015\/perse-nuk-mund-ta-luftoje-korrupsionin-kryeministri\/#breadcrumb"},"inLanguage":"sq-AL","potentialAction":[{"@type":"ReadAction","target":["https:\/\/fjala.info\/2009-2015\/perse-nuk-mund-ta-luftoje-korrupsionin-kryeministri\/"]}]},{"@type":"BreadcrumbList","@id":"https:\/\/fjala.info\/2009-2015\/perse-nuk-mund-ta-luftoje-korrupsionin-kryeministri\/#breadcrumb","itemListElement":[{"@type":"ListItem","position":1,"name":"Home","item":"https:\/\/fjala.info\/2009-2015\/"},{"@type":"ListItem","position":2,"name":"P\u00ebrse nuk mund ta luftoj\u00eb korrupsionin Kryeministri"}]},{"@type":"WebSite","@id":"https:\/\/fjala.info\/2009-2015\/#website","url":"https:\/\/fjala.info\/2009-2015\/","name":"FjALA e LIR\u00cb - Arkivi","description":"Arkivi 2009-2015","publisher":{"@id":"https:\/\/fjala.info\/2009-2015\/#organization"},"potentialAction":[{"@type":"SearchAction","target":{"@type":"EntryPoint","urlTemplate":"https:\/\/fjala.info\/2009-2015\/?s={search_term_string}"},"query-input":{"@type":"PropertyValueSpecification","valueRequired":true,"valueName":"search_term_string"}}],"inLanguage":"sq-AL"},{"@type":"Organization","@id":"https:\/\/fjala.info\/2009-2015\/#organization","name":"FjALA e LIR\u00cb - Arkivi","url":"https:\/\/fjala.info\/2009-2015\/","logo":{"@type":"ImageObject","inLanguage":"sq-AL","@id":"https:\/\/fjala.info\/2009-2015\/#\/schema\/logo\/image\/","url":"","contentUrl":"","caption":"FjALA e LIR\u00cb - Arkivi"},"image":{"@id":"https:\/\/fjala.info\/2009-2015\/#\/schema\/logo\/image\/"}},{"@type":"Person","@id":"https:\/\/fjala.info\/2009-2015\/#\/schema\/person\/3aa1163ef05469c496fc94e77611ada2","name":"admin","image":{"@type":"ImageObject","inLanguage":"sq-AL","@id":"https:\/\/fjala.info\/2009-2015\/wp-content\/uploads\/2012\/02\/arben_cokaj-120x150.jpg","url":"https:\/\/fjala.info\/2009-2015\/wp-content\/uploads\/2012\/02\/arben_cokaj-120x150.jpg","contentUrl":"https:\/\/fjala.info\/2009-2015\/wp-content\/uploads\/2012\/02\/arben_cokaj-120x150.jpg","caption":"admin"},"description":"Admin, Fjala e Lir\u00eb","sameAs":["https:\/\/fjala.info\/"],"url":"https:\/\/fjala.info\/2009-2015\/author\/admin\/"}]}},"_links":{"self":[{"href":"https:\/\/fjala.info\/2009-2015\/wp-json\/wp\/v2\/posts\/3108","targetHints":{"allow":["GET"]}}],"collection":[{"href":"https:\/\/fjala.info\/2009-2015\/wp-json\/wp\/v2\/posts"}],"about":[{"href":"https:\/\/fjala.info\/2009-2015\/wp-json\/wp\/v2\/types\/post"}],"author":[{"embeddable":true,"href":"https:\/\/fjala.info\/2009-2015\/wp-json\/wp\/v2\/users\/1"}],"replies":[{"embeddable":true,"href":"https:\/\/fjala.info\/2009-2015\/wp-json\/wp\/v2\/comments?post=3108"}],"version-history":[{"count":0,"href":"https:\/\/fjala.info\/2009-2015\/wp-json\/wp\/v2\/posts\/3108\/revisions"}],"wp:attachment":[{"href":"https:\/\/fjala.info\/2009-2015\/wp-json\/wp\/v2\/media?parent=3108"}],"wp:term":[{"taxonomy":"category","embeddable":true,"href":"https:\/\/fjala.info\/2009-2015\/wp-json\/wp\/v2\/categories?post=3108"},{"taxonomy":"post_tag","embeddable":true,"href":"https:\/\/fjala.info\/2009-2015\/wp-json\/wp\/v2\/tags?post=3108"}],"curies":[{"name":"wp","href":"https:\/\/api.w.org\/{rel}","templated":true}]}}