{"id":3106,"date":"2010-06-27T07:13:41","date_gmt":"2010-06-27T06:13:41","guid":{"rendered":"http:\/\/fjala.shkoder.net\/?p=3106"},"modified":"2010-06-27T07:13:41","modified_gmt":"2010-06-27T06:13:41","slug":"privatesia-si-bunker-dhe-gjykatesit-si-tirane","status":"publish","type":"post","link":"https:\/\/fjala.info\/2009-2015\/privatesia-si-bunker-dhe-gjykatesit-si-tirane\/","title":{"rendered":"PRIVAT\u00cbSIA SI BUNKER DHE GJYKAT\u00cbSIT SI TIRAN\u00cb?"},"content":{"rendered":"<p><img decoding=\"async\" style=\"margin-left: 10px; margin-right: 10px; border: 0px;\" src=\"http:\/\/www.shkoder.net\/images\/fjala\/andrea_stefani.jpg\" border=\"0\" alt=\"Andrea Stefani\" width=\"100\" align=\"left\" \/><\/p>\n<p><strong>Andrea Stefani<\/strong><\/p>\n<p>Privat\u00ebsia nuk mund t\u00eb p\u00ebrdoret si bunker p\u00ebr t\u00eb fshehur nga syt\u00eb e publikut abuzimet dhe korrupsionin e zyrtar\u00ebve t\u00eb lart\u00eb me pushtet. Ky ishte mesazhi kryesor q\u00eb doli nga nj\u00eb tryez\u00eb e rrumbullak\u00ebt e organizuar dje nga Unioni i Gazetar\u00ebve Shqiptar\u00eb (UGSH) lidhur me skandalin \u201cPango\u201d t\u00eb rindezur k\u00ebto dit\u00eb nga nj\u00eb vendim absurd i nj\u00eb trupe gjykat\u00ebsish q\u00eb gjobiti emisionin investigativ, \u201cFiks Fare\u201d, me 400 mij\u00eb euro.<\/p>\n<p>Por pjes\u00ebmarr\u00ebsit n\u00eb tryez\u00eb (gazetar\u00eb, jurist\u00eb dhe sociolog\u00eb), nuk mund t\u00eb mos trajtonin edhe dukurin\u00eb e pangjar\u00eb t\u00eb solidaritetit t\u00eb nj\u00eb grupi gjykat\u00ebsish me trup\u00ebn gjyq\u00ebsore q\u00eb dha kund\u00ebr \u201cFiks\u201d-it vendimin duksh\u00ebm hakmarr\u00ebs. P\u00ebr disa nga diskutant\u00ebt n\u00eb tryez\u00eb, nj\u00eb solidaritet i till\u00eb kolektivist i gjykat\u00ebsve kund\u00ebr medias \u00ebsht\u00eb shenj\u00eb alarmante e nj\u00eb aleance t\u00eb frikshme t\u00eb segmenteve t\u00eb pushtetit t\u00eb drejt\u00ebsis\u00eb me korrupsionin.<\/p>\n<p>* * *<\/p>\n<p>Ka pasur k\u00ebto dit\u00eb nj\u00eb fushat\u00eb t\u00eb t\u00ebrbuar p\u00ebr ta paraqitur investigimin e \u201cFiks Fare\u201d si dhun\u00eb ndaj privat\u00ebsis\u00eb s\u00eb nj\u00eb qytetari. Madje ka pasur edhe gazetar\u00eb q\u00eb i kan\u00eb r\u00ebn\u00eb k\u00ebsaj vuvuzele. Kjo dukuri e fundit l\u00eb vend p\u00ebr habi. Sepse edhe sikur t\u00eb ishte cenuar ndonj\u00eb privat\u00ebsi, gazetar\u00ebt zakonisht priren t\u00eb mbrojn\u00eb tejkalimin e mureve t\u00eb privat\u00ebsis\u00eb nga media kur \u00ebsht\u00eb fjala p\u00ebr t\u00eb mbrojtur nj\u00eb interes publik. T\u00eb pakt\u00ebn ky \u00ebsht\u00eb mentaliteti jo vet\u00ebm i gazetar\u00ebve, por edhe i gjykatave n\u00eb Europ\u00ebn ku duam t\u00eb integrohemi.<\/p>\n<p>E megjithat\u00eb, n\u00eb rastin e investigimit t\u00eb \u201cFiks Fare\u201d nuk b\u00ebhet fare fjal\u00eb p\u00ebr dhunim t\u00eb ndonj\u00eb privat\u00ebsie. Nga t\u00eb gjitha regjistrimet shihet qart\u00eb se si nj\u00eb minist\u00ebr, me koshienc\u00eb t\u00eb plot\u00eb, e zhvendos zhvillimin e ngjarjeve (m\u00eb sakt\u00eb aren\u00ebn e abuzimit me postin) nga zyra, ku me sa duket e kish t\u00eb v\u00ebshtir\u00eb ta finalizonte, n\u00eb vil\u00ebn e tij private, ku mjedisi p\u00ebr abuzimin q\u00eb plan\u00ebzon \u00ebsht\u00eb m\u00eb i p\u00ebrshtatsh\u00ebm. Dhe p\u00ebr mashtrim, vil\u00ebn e quan n\u00eb fillim \u201cinstitut\u201d. Vet\u00ebm kjo mjafton q\u00eb \u201cFiks\u201d-i t\u00eb dal\u00eb i lar\u00eb dhe t\u00eb thot\u00eb se ka regjistruar me kamera t\u00eb fshehta n\u00eb nj\u00eb \u201cinstitut\u201d dhe jo n\u00eb sht\u00ebpin\u00eb e ministrit.<\/p>\n<p>Por fakti \u00ebsht\u00eb se Pangoja mashtronte kur i tregonte vajz\u00ebs adres\u00ebn e \u201cinstitutit\u201d. N\u00eb fakt, atje ishte vila, sht\u00ebpia e tij, me plot ambiente t\u00eb m\u00ebdha e t\u00eb vogla. Pra \u201cFiks\u201d-i ka regjistruar brenda sht\u00ebpis\u00eb s\u00eb ministrit. A p\u00ebrb\u00ebn kjo nj\u00eb shkelje t\u00eb privat\u00ebsis\u00eb s\u00eb nj\u00eb qytetari sikund\u00ebr shqet\u00ebsohen jo vet\u00ebm beniamin\u00ebt e pushtetit, por edhe ca gazetar\u00eb po aq t\u00eb af\u00ebrt dhe sh\u00ebrbyes t\u00eb pushtetit? Aspak! Sepse nuk \u00ebsht\u00eb faji i gazetar\u00ebve q\u00eb nj\u00eb minist\u00ebr vendos q\u00eb pun\u00ebt e zyr\u00ebs (si p\u00ebr shembull procedurat e pun\u00ebsimit t\u00eb nj\u00eb vajze), t\u2019i b\u00ebj\u00eb n\u00eb sht\u00ebpi.<\/p>\n<p>Nuk \u00ebsht\u00eb faji i \u201cFiks\u201d-it q\u00eb Pango e shnd\u00ebrroi vil\u00ebn e tij n\u00eb nj\u00eb zgjatim t\u00eb ambienteve t\u00eb ministris\u00eb. Dhe kur nj\u00eb zyrtar i lart\u00eb p\u00ebrdor sht\u00ebpin\u00eb e tij p\u00ebr korrupsion dhe abuzim me postin, privat\u00ebsia e tij duhet t\u00eb jet\u00eb shqet\u00ebsimi i fundit edhe i qytetarit m\u00eb t\u00eb fundit dhe jo m\u00eb i gazetar\u00ebve, gjykatave q\u00eb alarmohen p\u00ebr k\u00ebrc\u00ebnimin q\u00eb i vjen interesit publik nga korrupsioni dhe abuzimi i zyrtar\u00ebve publik\u00eb. Asnj\u00eb media e lir\u00eb nuk do t\u00eb toleronte q\u00eb sht\u00ebpit\u00eb e zyrtar\u00ebve t\u00eb lart\u00eb t\u00eb shnd\u00ebrroheshin n\u00eb kulla ilegale, n\u00eb bunker\u00eb t\u00eb abuzimit zyrtar t\u00eb betonuara kund\u00ebr medias dhe publikut me privat\u00ebsi.<\/p>\n<p>Kjo e fundit \u00ebsht\u00eb e shenjt\u00eb p\u00ebr t\u00eb mbrojtur gj\u00ebra t\u00eb shenjta p\u00ebr familjen, intimitete sht\u00ebpiake, virtyte, madje edhe vese njer\u00ebzore q\u00eb nuk k\u00ebrc\u00ebnojn\u00eb interesin publik. Por liria private nuk mund t\u00eb jet\u00eb ombrell\u00eb p\u00ebr abuzimin publik. Kur \u00ebsht\u00eb fjala p\u00ebr ofiqar\u00eb, ekzigjenca \u00ebsht\u00eb edhe m\u00eb radikale. Sepse, n\u00ebse vesi i nj\u00eb qytetari \u00ebsht\u00eb \u00e7\u00ebshtje private, vesi i nj\u00eb zyrtari \u00ebsht\u00eb premis\u00eb abuzimi, korrupsioni, madje dhe krimi. Nd\u00ebrsa vesi i qytetarit \u00ebsht\u00eb n\u00eb shumic\u00ebn e rasteve e keqja e vet\u00eb qytetarit, vesi i zyrtarit \u00ebsht\u00eb mbi t\u00eb gjitha e keqja e publikut.<\/p>\n<p>Dhe sa p\u00ebr sakt\u00ebsim, n\u00ebse \u00ebsht\u00eb dikush q\u00eb ka shkelur privat\u00ebsin\u00eb e dikujt n\u00eb gjith\u00eb k\u00ebt\u00eb mesele, ai \u00ebsht\u00eb ministri Ylli Pango, q\u00eb guxoi t\u00eb zb\u00ebrthej\u00eb mb\u00ebrtheckat n\u00eb trupin e nj\u00eb vajze. Dhe a nuk \u00ebsht\u00eb trupi i njeriut, sikund\u00ebr tha edhe nj\u00eb nd\u00ebr pjes\u00ebmarr\u00ebsit n\u00eb tryez\u00eb, gj\u00ebja m\u00eb private, m\u00eb e paprekshme e \u00e7do njeriu? Prandaj publiku duhet t\u00eb jet\u00eb i informuar jo vet\u00ebm p\u00ebr virtytet, por edhe p\u00ebr veset e qeveritar\u00ebve t\u00eb vet. Ndryshe do jet\u00eb i d\u00ebnuar t\u00eb mashtrohet nga lloj-lloj sharlatan\u00ebsh \u201ct\u00eb virtytsh\u00ebm\u201d, q\u00eb i buz\u00ebqeshin nga ekranet dhe tribunat. Dhe investigime profesionale si ai i \u201cFiks Fare\u201d, ia hapin syt\u00eb publikut.<\/p>\n<p>Dhe q\u00eb kjo administrat\u00eb (p\u00ebrfshi dhe Presidentin e Republik\u00ebs), t\u00eb distancohet nga gjith\u00eb ky inkuizicion i turpsh\u00ebm antimedia, q\u00eb sapo ka nisur me nj\u00eb gjob\u00eb 400 milion\u00ebshe, q\u00eb t\u00eb tregoj\u00eb se \u00ebsht\u00eb me lirin\u00eb e medias dhe jo me ministrin e korruptuar dhe gjykat\u00ebsit (ndoshta po aq t\u00eb korruptuar) q\u00eb guxuan ta mbrojn\u00eb at\u00eb duke sfiduar hapur \u00e7do lloj morali, t\u00eb v\u00ebrtete dhe drejt\u00ebsie, duhet t\u00eb b\u00ebj\u00eb sa nuk \u00ebsht\u00eb von\u00eb nj\u00eb gjest. P\u00ebr shembull, t\u00eb k\u00ebrkojn\u00eb dekorimin e emisionit \u201cFiks Fare\u201d.<\/p>\n<p>* * *<\/p>\n<p>Disa fjal\u00eb edhe p\u00ebr gjykat\u00ebsit q\u00eb u solidarizuan me Agim Bendon e K\u00b0, duke akuzuar publikisht \u201cTop Channel\u201d-in se po sulmon gjykat\u00ebsit, duke i treguar edhe der\u00ebn e Gjykat\u00ebs s\u00eb Apelit. Kemi d\u00ebgjuar dhe shpresojm\u00eb se \u201cTop Channel\u201d nuk do t\u00eb p\u00ebrtoj\u00eb ta ndjek\u00eb skandalin \u201cPango\u201d s\u00eb bashku me skandalin \u201cBendo\u201d n\u00eb t\u00eb gjitha instancat gjyq\u00ebsore, madje deri edhe n\u00eb Strasburg.<\/p>\n<p>Por \u00e7\u00ebshtja q\u00eb na alarmon \u00ebsht\u00eb ajo e disa gjykat\u00ebsve q\u00eb bezdisen q\u00eb nj\u00eb vendim i koleg\u00ebve t\u00eb tyre kritikohet n\u00eb media, madje k\u00ebrkojn\u00eb ta paraqesin nj\u00eb zhvillim t\u00eb till\u00eb si nj\u00eb k\u00ebrc\u00ebnim p\u00ebr pavar\u00ebsin\u00eb e gjyq\u00ebsorit, si nj\u00eb presion mbi \u201cdrejt\u00ebsin\u00eb\u201d. K\u00ebta gjykat\u00ebs gabohen 1000 her\u00eb dhe ngat\u00ebrrojn\u00eb pist\u00ebn juridike me at\u00eb publike. As media dhe as publiku nuk kan\u00eb forc\u00eb apo t\u00eb drejt\u00eb t\u00eb shp\u00ebrfillin nj\u00eb vendim gjykate. Qoft\u00eb edhe i gabuar. Vet\u00ebm nj\u00eb gjykat\u00eb ka t\u00eb drejt\u00eb t\u00eb ndryshoj\u00eb vendimin e nj\u00eb gjykate, apo ta hedh\u00eb posht\u00eb at\u00eb.<\/p>\n<p>Por mediat dhe qytetar\u00ebt kan\u00eb t\u00eb gjith\u00eb lirin\u00eb dhe t\u00eb drejt\u00ebn t\u00eb kritikojn\u00eb me t\u00eb gjitha energjit\u00eb e tyre nj\u00eb vendim gjykate t\u00eb gabuar. Madje edhe t\u00eb protestojn\u00eb kund\u00ebr tij. Gjykatat si pushtet i tret\u00eb dhe gjyqtar\u00ebt si ofiqar\u00eb t\u00eb k\u00ebtij pushteti, nuk mund t\u2019i shp\u00ebtojn\u00eb dot kritik\u00ebs s\u00eb medias, shoq\u00ebris\u00eb civile dhe publikut. K\u00ebt\u00eb privilegj nuk e ka askush n\u00eb demokraci. Media \u00ebsht\u00eb \u201cqen roje\u201d jo vet\u00ebm mbi qeverit\u00eb, por edhe mbi gjykatat. Reagimi ndaj vendimeve t\u00eb tyre t\u00eb padrejta \u00ebsht\u00eb nj\u00eb nga mjetet dhe hap\u00ebsirat q\u00eb demokracia i ka lejuar qytetar\u00ebve p\u00ebr t\u00eb kufizuar edhe abuzimet e korrupsionin e pushtetit gjyq\u00ebsor.<\/p>\n<p>Ky i fundit, si t\u00eb gjith\u00eb pushtetet n\u00eb nj\u00eb demokraci liberale, nuk \u00ebsht\u00eb i pakufizuar. Madje reagimi mediatik dhe qytetar \u00ebsht\u00eb nj\u00eb nga mjetet q\u00eb nuk lejon q\u00eb korrupsioni t\u00eb p\u00ebrhapet si epidemi n\u00eb t\u00eb gjitha nivelet e gjyq\u00ebsorit. Pa nj\u00eb reagim kritik t\u00eb medias dhe publikut, korrupsioni n\u00eb gjykata do zhvillohej i pandalsh\u00ebm dhe shum\u00eb shpejt ato do t\u00eb shnd\u00ebrroheshin n\u00eb bllok dhe n\u00eb t\u00eb gjitha nivelet, nga mbrojt\u00ebse t\u00eb s\u00eb drejt\u00ebs dhe lirive t\u00eb qytetar\u00ebve kund\u00ebr abuzimeve dhe korrupsionit, n\u00eb trupa tiranike kund\u00ebr t\u00eb drejtave dhe lirive.<\/p>\n<p>Dhe nuk ka tirani m\u00eb t\u00eb tmerrshme se ajo q\u00eb bashkon n\u00eb nj\u00eb aleanc\u00eb korruptive, tiranin\u00eb e qeveritar\u00ebve (q\u00eb tashm\u00eb e kemi) me at\u00eb t\u00eb gjykat\u00ebsve (q\u00eb ende nuk e kemi?). Ajo q\u00eb shekuj m\u00eb par\u00eb i trembej Tuk\u00ebvili, tirania e gjykat\u00ebsve, nuk \u00ebsht\u00eb asgj\u00eb p\u00ebrpara nj\u00eb aliazhi t\u00eb till\u00eb tiranik. E keqja \u00ebsht\u00eb se peticioni i disa gjykat\u00ebsve n\u00eb mbrojtje t\u00eb nj\u00eb vendimi absurd kund\u00ebr medias, ngjason si nj\u00eb g\u00ebrshet i k\u00ebsaj tiranie q\u00eb ka nisur t\u00eb thuret.<\/p>\n<p>Po mos \u00ebsht\u00eb nj\u00eb koincidenc\u00eb, nj\u00eb aleanc\u00eb rast\u00ebsore, nj\u00eb solidaritet shok\u00ebsh e miqsh t\u00eb Bendos kund\u00ebr medias investigative? Nuk na duket ashtu. Mjafton t\u00eb shoh\u00ebsh testimet e opinionit publik t\u00eb b\u00ebra vitet e fundit nga organizma si IDRA. Qeveritar\u00ebt, politikan\u00ebt dhe gjykat\u00ebsit, jan\u00eb nd\u00ebr m\u00eb t\u00eb korruptuarit dhe nd\u00ebr m\u00eb t\u00eb paangazhuarit n\u00eb luft\u00ebn kund\u00ebr korrupsionit. N\u00eb t\u00eb kund\u00ebrt\u00ebn, media perceptohet, p\u00ebr vite me radh\u00eb nga publiku, si m\u00eb e angazhuara n\u00eb luft\u00ebn kund\u00ebr korrupsionit dhe si pushteti m\u00eb pak i korruptuar.<\/p>\n<p>T\u00eb gjitha k\u00ebto nuk mund t\u00eb mos t\u00eb b\u00ebjn\u00eb t\u00eb dyshosh fort se segmente t\u00eb korruptuara t\u00eb gjyq\u00ebsorit po organizohen n\u00eb nj\u00eb aleanc\u00eb t\u00eb fsheht\u00eb me korrupsionin qeveritar p\u00ebr t\u00eb goditur armikun e p\u00ebrbashk\u00ebt dhe kryesor q\u00eb i k\u00ebrc\u00ebnon sot, median e pavarur investigative. Dhe media duhet t\u00eb dij\u00eb t\u00eb organizohet e mbrohet nga kjo aleanc\u00eb korruptive q\u00eb kamuflohet me \u201cshenjt\u00ebrin\u00eb e privat\u00ebsis\u00eb\u201d dhe \u201cpavar\u00ebsin\u00eb e gjykatave\u201d.<\/p>\n","protected":false},"excerpt":{"rendered":"<p>Andrea Stefani Privat\u00ebsia nuk mund t\u00eb p\u00ebrdoret si bunker p\u00ebr t\u00eb fshehur nga syt\u00eb e publikut abuzimet dhe korrupsionin e zyrtar\u00ebve t\u00eb lart\u00eb me pushtet. Ky ishte mesazhi kryesor q\u00eb doli nga nj\u00eb tryez\u00eb e rrumbullak\u00ebt e organizuar dje nga Unioni i Gazetar\u00ebve Shqiptar\u00eb (UGSH) lidhur me skandalin \u201cPango\u201d t\u00eb rindezur k\u00ebto dit\u00eb nga nj\u00eb [&hellip;]<\/p>\n","protected":false},"author":1,"featured_media":0,"comment_status":"open","ping_status":"closed","sticky":false,"template":"","format":"standard","meta":{"footnotes":""},"categories":[2],"tags":[],"class_list":{"0":"post-3106","1":"post","2":"type-post","3":"status-publish","4":"format-standard","6":"category-artikuj"},"yoast_head":"<!-- This site is optimized with the Yoast SEO plugin v27.4 - https:\/\/yoast.com\/product\/yoast-seo-wordpress\/ -->\n<title>PRIVAT\u00cbSIA SI BUNKER DHE GJYKAT\u00cbSIT SI TIRAN\u00cb? - FjALA e LIR\u00cb - Arkivi<\/title>\n<meta name=\"robots\" content=\"index, follow, max-snippet:-1, max-image-preview:large, max-video-preview:-1\" \/>\n<link rel=\"canonical\" href=\"https:\/\/fjala.info\/2009-2015\/privatesia-si-bunker-dhe-gjykatesit-si-tirane\/\" \/>\n<meta property=\"og:locale\" content=\"sq_AL\" \/>\n<meta property=\"og:type\" content=\"article\" \/>\n<meta property=\"og:title\" content=\"PRIVAT\u00cbSIA SI BUNKER DHE GJYKAT\u00cbSIT SI TIRAN\u00cb? - FjALA e LIR\u00cb - Arkivi\" \/>\n<meta property=\"og:description\" content=\"Andrea Stefani Privat\u00ebsia nuk mund t\u00eb p\u00ebrdoret si bunker p\u00ebr t\u00eb fshehur nga syt\u00eb e publikut abuzimet dhe korrupsionin e zyrtar\u00ebve t\u00eb lart\u00eb me pushtet. Ky ishte mesazhi kryesor q\u00eb doli nga nj\u00eb tryez\u00eb e rrumbullak\u00ebt e organizuar dje nga Unioni i Gazetar\u00ebve Shqiptar\u00eb (UGSH) lidhur me skandalin \u201cPango\u201d t\u00eb rindezur k\u00ebto dit\u00eb nga nj\u00eb [&hellip;]\" \/>\n<meta property=\"og:url\" content=\"https:\/\/fjala.info\/2009-2015\/privatesia-si-bunker-dhe-gjykatesit-si-tirane\/\" \/>\n<meta property=\"og:site_name\" content=\"FjALA e LIR\u00cb - Arkivi\" \/>\n<meta property=\"article:published_time\" content=\"2010-06-27T06:13:41+00:00\" \/>\n<meta property=\"og:image\" content=\"http:\/\/www.shkoder.net\/images\/fjala\/andrea_stefani.jpg\" \/>\n<meta name=\"author\" content=\"admin\" \/>\n<meta name=\"twitter:card\" content=\"summary_large_image\" \/>\n<meta name=\"twitter:label1\" content=\"Written by\" \/>\n\t<meta name=\"twitter:data1\" content=\"admin\" \/>\n\t<meta name=\"twitter:label2\" content=\"Est. reading time\" \/>\n\t<meta name=\"twitter:data2\" content=\"8 minutes\" \/>\n<script type=\"application\/ld+json\" class=\"yoast-schema-graph\">{\"@context\":\"https:\\\/\\\/schema.org\",\"@graph\":[{\"@type\":\"Article\",\"@id\":\"https:\\\/\\\/fjala.info\\\/2009-2015\\\/privatesia-si-bunker-dhe-gjykatesit-si-tirane\\\/#article\",\"isPartOf\":{\"@id\":\"https:\\\/\\\/fjala.info\\\/2009-2015\\\/privatesia-si-bunker-dhe-gjykatesit-si-tirane\\\/\"},\"author\":{\"name\":\"admin\",\"@id\":\"https:\\\/\\\/fjala.info\\\/2009-2015\\\/#\\\/schema\\\/person\\\/3aa1163ef05469c496fc94e77611ada2\"},\"headline\":\"PRIVAT\u00cbSIA SI BUNKER DHE GJYKAT\u00cbSIT SI TIRAN\u00cb?\",\"datePublished\":\"2010-06-27T06:13:41+00:00\",\"mainEntityOfPage\":{\"@id\":\"https:\\\/\\\/fjala.info\\\/2009-2015\\\/privatesia-si-bunker-dhe-gjykatesit-si-tirane\\\/\"},\"wordCount\":1610,\"commentCount\":0,\"publisher\":{\"@id\":\"https:\\\/\\\/fjala.info\\\/2009-2015\\\/#organization\"},\"image\":{\"@id\":\"https:\\\/\\\/fjala.info\\\/2009-2015\\\/privatesia-si-bunker-dhe-gjykatesit-si-tirane\\\/#primaryimage\"},\"thumbnailUrl\":\"http:\\\/\\\/www.shkoder.net\\\/images\\\/fjala\\\/andrea_stefani.jpg\",\"articleSection\":[\"Artikuj\"],\"inLanguage\":\"sq-AL\",\"potentialAction\":[{\"@type\":\"CommentAction\",\"name\":\"Comment\",\"target\":[\"https:\\\/\\\/fjala.info\\\/2009-2015\\\/privatesia-si-bunker-dhe-gjykatesit-si-tirane\\\/#respond\"]}]},{\"@type\":\"WebPage\",\"@id\":\"https:\\\/\\\/fjala.info\\\/2009-2015\\\/privatesia-si-bunker-dhe-gjykatesit-si-tirane\\\/\",\"url\":\"https:\\\/\\\/fjala.info\\\/2009-2015\\\/privatesia-si-bunker-dhe-gjykatesit-si-tirane\\\/\",\"name\":\"PRIVAT\u00cbSIA SI BUNKER DHE GJYKAT\u00cbSIT SI TIRAN\u00cb? - FjALA e LIR\u00cb - Arkivi\",\"isPartOf\":{\"@id\":\"https:\\\/\\\/fjala.info\\\/2009-2015\\\/#website\"},\"primaryImageOfPage\":{\"@id\":\"https:\\\/\\\/fjala.info\\\/2009-2015\\\/privatesia-si-bunker-dhe-gjykatesit-si-tirane\\\/#primaryimage\"},\"image\":{\"@id\":\"https:\\\/\\\/fjala.info\\\/2009-2015\\\/privatesia-si-bunker-dhe-gjykatesit-si-tirane\\\/#primaryimage\"},\"thumbnailUrl\":\"http:\\\/\\\/www.shkoder.net\\\/images\\\/fjala\\\/andrea_stefani.jpg\",\"datePublished\":\"2010-06-27T06:13:41+00:00\",\"breadcrumb\":{\"@id\":\"https:\\\/\\\/fjala.info\\\/2009-2015\\\/privatesia-si-bunker-dhe-gjykatesit-si-tirane\\\/#breadcrumb\"},\"inLanguage\":\"sq-AL\",\"potentialAction\":[{\"@type\":\"ReadAction\",\"target\":[\"https:\\\/\\\/fjala.info\\\/2009-2015\\\/privatesia-si-bunker-dhe-gjykatesit-si-tirane\\\/\"]}]},{\"@type\":\"ImageObject\",\"inLanguage\":\"sq-AL\",\"@id\":\"https:\\\/\\\/fjala.info\\\/2009-2015\\\/privatesia-si-bunker-dhe-gjykatesit-si-tirane\\\/#primaryimage\",\"url\":\"http:\\\/\\\/www.shkoder.net\\\/images\\\/fjala\\\/andrea_stefani.jpg\",\"contentUrl\":\"http:\\\/\\\/www.shkoder.net\\\/images\\\/fjala\\\/andrea_stefani.jpg\"},{\"@type\":\"BreadcrumbList\",\"@id\":\"https:\\\/\\\/fjala.info\\\/2009-2015\\\/privatesia-si-bunker-dhe-gjykatesit-si-tirane\\\/#breadcrumb\",\"itemListElement\":[{\"@type\":\"ListItem\",\"position\":1,\"name\":\"Home\",\"item\":\"https:\\\/\\\/fjala.info\\\/2009-2015\\\/\"},{\"@type\":\"ListItem\",\"position\":2,\"name\":\"PRIVAT\u00cbSIA SI BUNKER DHE GJYKAT\u00cbSIT SI TIRAN\u00cb?\"}]},{\"@type\":\"WebSite\",\"@id\":\"https:\\\/\\\/fjala.info\\\/2009-2015\\\/#website\",\"url\":\"https:\\\/\\\/fjala.info\\\/2009-2015\\\/\",\"name\":\"FjALA e LIR\u00cb - Arkivi\",\"description\":\"Arkivi 2009-2015\",\"publisher\":{\"@id\":\"https:\\\/\\\/fjala.info\\\/2009-2015\\\/#organization\"},\"potentialAction\":[{\"@type\":\"SearchAction\",\"target\":{\"@type\":\"EntryPoint\",\"urlTemplate\":\"https:\\\/\\\/fjala.info\\\/2009-2015\\\/?s={search_term_string}\"},\"query-input\":{\"@type\":\"PropertyValueSpecification\",\"valueRequired\":true,\"valueName\":\"search_term_string\"}}],\"inLanguage\":\"sq-AL\"},{\"@type\":\"Organization\",\"@id\":\"https:\\\/\\\/fjala.info\\\/2009-2015\\\/#organization\",\"name\":\"FjALA e LIR\u00cb - Arkivi\",\"url\":\"https:\\\/\\\/fjala.info\\\/2009-2015\\\/\",\"logo\":{\"@type\":\"ImageObject\",\"inLanguage\":\"sq-AL\",\"@id\":\"https:\\\/\\\/fjala.info\\\/2009-2015\\\/#\\\/schema\\\/logo\\\/image\\\/\",\"url\":\"\",\"contentUrl\":\"\",\"caption\":\"FjALA e LIR\u00cb - Arkivi\"},\"image\":{\"@id\":\"https:\\\/\\\/fjala.info\\\/2009-2015\\\/#\\\/schema\\\/logo\\\/image\\\/\"}},{\"@type\":\"Person\",\"@id\":\"https:\\\/\\\/fjala.info\\\/2009-2015\\\/#\\\/schema\\\/person\\\/3aa1163ef05469c496fc94e77611ada2\",\"name\":\"admin\",\"image\":{\"@type\":\"ImageObject\",\"inLanguage\":\"sq-AL\",\"@id\":\"https:\\\/\\\/fjala.info\\\/2009-2015\\\/wp-content\\\/uploads\\\/2012\\\/02\\\/arben_cokaj-120x150.jpg\",\"url\":\"https:\\\/\\\/fjala.info\\\/2009-2015\\\/wp-content\\\/uploads\\\/2012\\\/02\\\/arben_cokaj-120x150.jpg\",\"contentUrl\":\"https:\\\/\\\/fjala.info\\\/2009-2015\\\/wp-content\\\/uploads\\\/2012\\\/02\\\/arben_cokaj-120x150.jpg\",\"caption\":\"admin\"},\"description\":\"Admin, Fjala e Lir\u00eb\",\"sameAs\":[\"https:\\\/\\\/fjala.info\\\/\"],\"url\":\"https:\\\/\\\/fjala.info\\\/2009-2015\\\/author\\\/admin\\\/\"}]}<\/script>\n<!-- \/ Yoast SEO plugin. -->","yoast_head_json":{"title":"PRIVAT\u00cbSIA SI BUNKER DHE GJYKAT\u00cbSIT SI TIRAN\u00cb? - FjALA e LIR\u00cb - Arkivi","robots":{"index":"index","follow":"follow","max-snippet":"max-snippet:-1","max-image-preview":"max-image-preview:large","max-video-preview":"max-video-preview:-1"},"canonical":"https:\/\/fjala.info\/2009-2015\/privatesia-si-bunker-dhe-gjykatesit-si-tirane\/","og_locale":"sq_AL","og_type":"article","og_title":"PRIVAT\u00cbSIA SI BUNKER DHE GJYKAT\u00cbSIT SI TIRAN\u00cb? - FjALA e LIR\u00cb - Arkivi","og_description":"Andrea Stefani Privat\u00ebsia nuk mund t\u00eb p\u00ebrdoret si bunker p\u00ebr t\u00eb fshehur nga syt\u00eb e publikut abuzimet dhe korrupsionin e zyrtar\u00ebve t\u00eb lart\u00eb me pushtet. Ky ishte mesazhi kryesor q\u00eb doli nga nj\u00eb tryez\u00eb e rrumbullak\u00ebt e organizuar dje nga Unioni i Gazetar\u00ebve Shqiptar\u00eb (UGSH) lidhur me skandalin \u201cPango\u201d t\u00eb rindezur k\u00ebto dit\u00eb nga nj\u00eb [&hellip;]","og_url":"https:\/\/fjala.info\/2009-2015\/privatesia-si-bunker-dhe-gjykatesit-si-tirane\/","og_site_name":"FjALA e LIR\u00cb - Arkivi","article_published_time":"2010-06-27T06:13:41+00:00","og_image":[{"url":"http:\/\/www.shkoder.net\/images\/fjala\/andrea_stefani.jpg","type":"","width":"","height":""}],"author":"admin","twitter_card":"summary_large_image","twitter_misc":{"Written by":"admin","Est. reading time":"8 minutes"},"schema":{"@context":"https:\/\/schema.org","@graph":[{"@type":"Article","@id":"https:\/\/fjala.info\/2009-2015\/privatesia-si-bunker-dhe-gjykatesit-si-tirane\/#article","isPartOf":{"@id":"https:\/\/fjala.info\/2009-2015\/privatesia-si-bunker-dhe-gjykatesit-si-tirane\/"},"author":{"name":"admin","@id":"https:\/\/fjala.info\/2009-2015\/#\/schema\/person\/3aa1163ef05469c496fc94e77611ada2"},"headline":"PRIVAT\u00cbSIA SI BUNKER DHE GJYKAT\u00cbSIT SI TIRAN\u00cb?","datePublished":"2010-06-27T06:13:41+00:00","mainEntityOfPage":{"@id":"https:\/\/fjala.info\/2009-2015\/privatesia-si-bunker-dhe-gjykatesit-si-tirane\/"},"wordCount":1610,"commentCount":0,"publisher":{"@id":"https:\/\/fjala.info\/2009-2015\/#organization"},"image":{"@id":"https:\/\/fjala.info\/2009-2015\/privatesia-si-bunker-dhe-gjykatesit-si-tirane\/#primaryimage"},"thumbnailUrl":"http:\/\/www.shkoder.net\/images\/fjala\/andrea_stefani.jpg","articleSection":["Artikuj"],"inLanguage":"sq-AL","potentialAction":[{"@type":"CommentAction","name":"Comment","target":["https:\/\/fjala.info\/2009-2015\/privatesia-si-bunker-dhe-gjykatesit-si-tirane\/#respond"]}]},{"@type":"WebPage","@id":"https:\/\/fjala.info\/2009-2015\/privatesia-si-bunker-dhe-gjykatesit-si-tirane\/","url":"https:\/\/fjala.info\/2009-2015\/privatesia-si-bunker-dhe-gjykatesit-si-tirane\/","name":"PRIVAT\u00cbSIA SI BUNKER DHE GJYKAT\u00cbSIT SI TIRAN\u00cb? - FjALA e LIR\u00cb - Arkivi","isPartOf":{"@id":"https:\/\/fjala.info\/2009-2015\/#website"},"primaryImageOfPage":{"@id":"https:\/\/fjala.info\/2009-2015\/privatesia-si-bunker-dhe-gjykatesit-si-tirane\/#primaryimage"},"image":{"@id":"https:\/\/fjala.info\/2009-2015\/privatesia-si-bunker-dhe-gjykatesit-si-tirane\/#primaryimage"},"thumbnailUrl":"http:\/\/www.shkoder.net\/images\/fjala\/andrea_stefani.jpg","datePublished":"2010-06-27T06:13:41+00:00","breadcrumb":{"@id":"https:\/\/fjala.info\/2009-2015\/privatesia-si-bunker-dhe-gjykatesit-si-tirane\/#breadcrumb"},"inLanguage":"sq-AL","potentialAction":[{"@type":"ReadAction","target":["https:\/\/fjala.info\/2009-2015\/privatesia-si-bunker-dhe-gjykatesit-si-tirane\/"]}]},{"@type":"ImageObject","inLanguage":"sq-AL","@id":"https:\/\/fjala.info\/2009-2015\/privatesia-si-bunker-dhe-gjykatesit-si-tirane\/#primaryimage","url":"http:\/\/www.shkoder.net\/images\/fjala\/andrea_stefani.jpg","contentUrl":"http:\/\/www.shkoder.net\/images\/fjala\/andrea_stefani.jpg"},{"@type":"BreadcrumbList","@id":"https:\/\/fjala.info\/2009-2015\/privatesia-si-bunker-dhe-gjykatesit-si-tirane\/#breadcrumb","itemListElement":[{"@type":"ListItem","position":1,"name":"Home","item":"https:\/\/fjala.info\/2009-2015\/"},{"@type":"ListItem","position":2,"name":"PRIVAT\u00cbSIA SI BUNKER DHE GJYKAT\u00cbSIT SI TIRAN\u00cb?"}]},{"@type":"WebSite","@id":"https:\/\/fjala.info\/2009-2015\/#website","url":"https:\/\/fjala.info\/2009-2015\/","name":"FjALA e LIR\u00cb - Arkivi","description":"Arkivi 2009-2015","publisher":{"@id":"https:\/\/fjala.info\/2009-2015\/#organization"},"potentialAction":[{"@type":"SearchAction","target":{"@type":"EntryPoint","urlTemplate":"https:\/\/fjala.info\/2009-2015\/?s={search_term_string}"},"query-input":{"@type":"PropertyValueSpecification","valueRequired":true,"valueName":"search_term_string"}}],"inLanguage":"sq-AL"},{"@type":"Organization","@id":"https:\/\/fjala.info\/2009-2015\/#organization","name":"FjALA e LIR\u00cb - Arkivi","url":"https:\/\/fjala.info\/2009-2015\/","logo":{"@type":"ImageObject","inLanguage":"sq-AL","@id":"https:\/\/fjala.info\/2009-2015\/#\/schema\/logo\/image\/","url":"","contentUrl":"","caption":"FjALA e LIR\u00cb - Arkivi"},"image":{"@id":"https:\/\/fjala.info\/2009-2015\/#\/schema\/logo\/image\/"}},{"@type":"Person","@id":"https:\/\/fjala.info\/2009-2015\/#\/schema\/person\/3aa1163ef05469c496fc94e77611ada2","name":"admin","image":{"@type":"ImageObject","inLanguage":"sq-AL","@id":"https:\/\/fjala.info\/2009-2015\/wp-content\/uploads\/2012\/02\/arben_cokaj-120x150.jpg","url":"https:\/\/fjala.info\/2009-2015\/wp-content\/uploads\/2012\/02\/arben_cokaj-120x150.jpg","contentUrl":"https:\/\/fjala.info\/2009-2015\/wp-content\/uploads\/2012\/02\/arben_cokaj-120x150.jpg","caption":"admin"},"description":"Admin, Fjala e Lir\u00eb","sameAs":["https:\/\/fjala.info\/"],"url":"https:\/\/fjala.info\/2009-2015\/author\/admin\/"}]}},"_links":{"self":[{"href":"https:\/\/fjala.info\/2009-2015\/wp-json\/wp\/v2\/posts\/3106","targetHints":{"allow":["GET"]}}],"collection":[{"href":"https:\/\/fjala.info\/2009-2015\/wp-json\/wp\/v2\/posts"}],"about":[{"href":"https:\/\/fjala.info\/2009-2015\/wp-json\/wp\/v2\/types\/post"}],"author":[{"embeddable":true,"href":"https:\/\/fjala.info\/2009-2015\/wp-json\/wp\/v2\/users\/1"}],"replies":[{"embeddable":true,"href":"https:\/\/fjala.info\/2009-2015\/wp-json\/wp\/v2\/comments?post=3106"}],"version-history":[{"count":0,"href":"https:\/\/fjala.info\/2009-2015\/wp-json\/wp\/v2\/posts\/3106\/revisions"}],"wp:attachment":[{"href":"https:\/\/fjala.info\/2009-2015\/wp-json\/wp\/v2\/media?parent=3106"}],"wp:term":[{"taxonomy":"category","embeddable":true,"href":"https:\/\/fjala.info\/2009-2015\/wp-json\/wp\/v2\/categories?post=3106"},{"taxonomy":"post_tag","embeddable":true,"href":"https:\/\/fjala.info\/2009-2015\/wp-json\/wp\/v2\/tags?post=3106"}],"curies":[{"name":"wp","href":"https:\/\/api.w.org\/{rel}","templated":true}]}}